{"id":9057,"date":"2026-03-18T12:07:25","date_gmt":"2026-03-18T11:07:25","guid":{"rendered":"https:\/\/www.interflora.es\/blog\/?p=9057"},"modified":"2026-03-18T12:07:26","modified_gmt":"2026-03-18T11:07:26","slug":"centros-de-mesa-diy-con-flores-de-primavera","status":"publish","type":"post","link":"https:\/\/www.interflora.es\/blog\/centros-de-mesa-diy-con-flores-de-primavera\/","title":{"rendered":"Centros de mesa DIY con flores de primavera"},"content":{"rendered":"\n<p>Los <strong>centros de mesa<\/strong> son una decoraci\u00f3n perfecta para una boda o para llenar de color, elegancia y personalidad los rincones de nuestro hogar. El dise\u00f1o floral se basa en una serie de principios para crear arreglos de flores y plantas llenos de armon\u00eda con el fin de expresar un sentimiento, una idea o una emoci\u00f3n. Aunque parezca dif\u00edcil, no hace falta ser especialmente habilidoso para dise\u00f1ar tu propio <strong>centro de mesa <\/strong>original y \u00fanico y disfrutar de las <strong>flores <\/strong>que nos regala la naturaleza. Sobre todo cuando llega la <strong>primavera<\/strong>.<\/p>\n\n\n\n<p>Si quieres preparar tus propios <strong>centros de mesa DIY con flores de primavera,<\/strong> basta con seguir unos consejos sencillos y \u00fatiles que te ayudar\u00e1n a dejar volar tu imaginaci\u00f3n. \u00a1Solo t\u00fa pones las reglas! As\u00ed que, si buscas una actividad creativa, e incluso terap\u00e9utica, para alegrar tu d\u00eda o el de tus seres queridos, desde Interflora te animamos a crear un <strong>centro de mesa DIY con tus flores primaverales favoritas<\/strong>. Sigue leyendo para descubrir cuatro ideas de estilo que te proponemos como punto de partida para elaborar tus arreglos.<\/p>\n\n\n\n<figure class=\"wp-block-image aligncenter size-full is-resized\"><img loading=\"lazy\" decoding=\"async\" width=\"667\" height=\"1000\" src=\"https:\/\/www.interflora.es\/blog\/wp-content\/uploads\/2026\/03\/primavera-70.jpg\" alt=\"\" class=\"wp-image-34998\" style=\"aspect-ratio:0.6670052189130911;width:375px;height:auto\" srcset=\"https:\/\/www.interflora.es\/blog\/wp-content\/uploads\/2026\/03\/primavera-70.jpg 667w, https:\/\/www.interflora.es\/blog\/wp-content\/uploads\/2026\/03\/primavera-70-200x300.jpg 200w\" sizes=\"auto, (max-width: 667px) 100vw, 667px\" \/><\/figure>\n\n\n\n<h2 class=\"wp-block-heading\">Centros de mesa DIY: materiales y consejos<\/h2>\n\n\n\n<p>Para empezar a <strong>crear tu centro de mesa <\/strong>con <a href=\"https:\/\/www.interflora.es\/flores\/primavera\">flores de primavera<\/a>, solo necesitas preparar cinco materiales y podr\u00e1s ponerte manos a la obra:<\/p>\n\n\n\n<ul class=\"wp-block-list\">\n<li>Tijeras para cortar flores<\/li>\n\n\n\n<li>Un jarr\u00f3n o base de tu gusto<\/li>\n\n\n\n<li>Flores<\/li>\n\n\n\n<li>Follaje y ramas<\/li>\n\n\n\n<li>Espuma para arreglos florales (opcional)<\/li>\n<\/ul>\n\n\n\n<p>Sencillo, \u00bfverdad? Antes de empezar, lee bien los siguientes consejos para tu <strong>crear tu centro de mesa DIY<\/strong> para decorar:<\/p>\n\n\n\n<ul class=\"wp-block-list\">\n<li>La forma del <strong>jarr\u00f3n <\/strong>o la <strong>cesta <\/strong>que elijas determinar\u00e1 el aspecto de la composici\u00f3n floral de tu <strong>centro de mesa<\/strong>: alto o bajo, estrecho o ancho, redondo o cuadrado, etc.<\/li>\n\n\n\n<li>Si quieres un <strong>centro de mesa ecol\u00f3gico<\/strong>, puedes utilizar ramilletes y hojas para establecer la base que sustentar\u00e1 el resto de las flores, en lugar de usar una espuma especial para <strong>arreglos florales<\/strong>.<\/li>\n\n\n\n<li>Juega y experimenta con la<strong> longitud del tallo<\/strong> de las flores para lograr diferentes siluetas y combinaciones de color.<\/li>\n\n\n\n<li>Al final del proceso, realiza peque\u00f1os <strong>retoques <\/strong>con las tijeras para dar armon\u00eda y equilibrio a la decoraci\u00f3n.<\/li>\n<\/ul>\n\n\n\n<p>Ahora que ya conoces los materiales y los trucos para crear un <strong>centro de mesa primaveral<\/strong>, te dejamos una serie de sugerencias para inspirarte. Tambi\u00e9n puedes basarte en los dise\u00f1os de nuestros <a href=\"https:\/\/www.interflora.es\/flores\/centros-cestas\">centros de flores<\/a> para crear el tuyo. Los centros son ideales como decoraci\u00f3n para bodas, celebraciones y otras ocasiones especiales. \u00a1Perfecciona tu t\u00e9cnica y triunfa con tus invitados!<\/p>\n\n\n\n<h2 class=\"wp-block-heading\">Centro de mesa r\u00fastico<\/h2>\n\n\n\n<p>Si quieres un <strong>centro de mesa de estilo campestre,<\/strong> deber\u00e1s conseguir maderas de diferentes tipos, cestas, cuerdas y telas de yute. Una cesta de mimbre o una maceta envuelta en tela de yute son perfectas. Puedes a\u00f1adir un cord\u00f3n de la misma tonalidad o de color blanco para aportar un toque de luz. En cuanto a las <strong>flores<\/strong>, escoge variedades de diversas tonalidades con el fin de crear un contraste de color armonioso con las tonalidades neutras y blancas de la base.<\/p>\n\n\n\n<figure class=\"wp-block-gallery has-nested-images columns-default is-cropped wp-block-gallery-1 is-layout-flex wp-block-gallery-is-layout-flex\">\n<figure class=\"wp-block-image size-large\"><img decoding=\"async\" data-id=\"9059\" src=\"https:\/\/www.interflora.es\/blog\/wp-content\/uploads\/2021\/04\/Interior-1.1-Centro-de-mesa-DIY.jpg\" alt=\"\" class=\"wp-image-9059\"\/><\/figure>\n\n\n\n<figure class=\"wp-block-image size-large\"><img decoding=\"async\" data-id=\"9060\" src=\"https:\/\/www.interflora.es\/blog\/wp-content\/uploads\/2021\/04\/Interior-1.2-Centro-de-mesa-DIY.jpg\" alt=\"\" class=\"wp-image-9060\"\/><\/figure>\n<\/figure>\n\n\n\n<h2 class=\"wp-block-heading\">Centro de mesa minimalista<\/h2>\n\n\n\n<p>Se dice que menos es m\u00e1s y, en muchas ocasiones, la simplicidad es lo m\u00e1s acertado para transformar el ambiente de una estancia. Un <strong>centro de mesa<\/strong> con un arreglo floral monocolor ser\u00e1 capaz de captar la misma atenci\u00f3n que uno m\u00e1s exuberante. Para tu <strong>centro de mesa de estilo minimalista,<\/strong> escoge un solo tipo de flor y juega con las texturas del follaje verde. Incluso puedes optar por ramas de \u00e1rboles con flores como el cerezo. Los tarros de cristal o jarrones de colores lisos combinar\u00e1n a la perfecci\u00f3n con las flores de tu elecci\u00f3n.<\/p>\n\n\n\n<p><\/p>\n\n\n\n<figure class=\"wp-block-gallery has-nested-images columns-default is-cropped wp-block-gallery-2 is-layout-flex wp-block-gallery-is-layout-flex\">\n<figure class=\"wp-block-image size-large\"><img decoding=\"async\" data-id=\"9061\" src=\"https:\/\/www.interflora.es\/blog\/wp-content\/uploads\/2021\/04\/Interior-1.3-Centro-de-mesa-DIY.jpg\" alt=\"\" class=\"wp-image-9061\"\/><\/figure>\n\n\n\n<figure class=\"wp-block-image size-large\"><img decoding=\"async\" data-id=\"9062\" src=\"https:\/\/www.interflora.es\/blog\/wp-content\/uploads\/2021\/04\/Interior-1.4-Centro-de-mesa-DIY.jpg\" alt=\"\" class=\"wp-image-9062\"\/><\/figure>\n<\/figure>\n\n\n\n<h2 class=\"wp-block-heading\">Centro de mesa vintage<\/h2>\n\n\n\n<p>El vintage es uno de los estilos m\u00e1s populares y nunca pasa de moda. Adem\u00e1s, es muy f\u00e1cil de lograr, lo m\u00e1s importante es elegir bien tu base: un jarr\u00f3n de hojalata o de cristal grabado o un recipiente antiguo ser\u00e1n perfectos. En este caso, te recomendamos que elijas <strong>flores silvestres<\/strong>, \u00a1ser\u00e1n una gran elecci\u00f3n para tu <strong>centro de mesa DIY vintage<\/strong>!<\/p>\n\n\n\n<p><\/p>\n\n\n\n<figure class=\"wp-block-gallery has-nested-images columns-default is-cropped wp-block-gallery-3 is-layout-flex wp-block-gallery-is-layout-flex\">\n<figure class=\"wp-block-image size-large\"><img decoding=\"async\" data-id=\"9064\" src=\"https:\/\/www.interflora.es\/blog\/wp-content\/uploads\/2021\/04\/Interior-1.5-Centro-de-mesa-DIY.jpg\" alt=\"\" class=\"wp-image-9064\"\/><\/figure>\n\n\n\n<figure class=\"wp-block-image size-large\"><img decoding=\"async\" data-id=\"9065\" src=\"https:\/\/www.interflora.es\/blog\/wp-content\/uploads\/2021\/04\/Interior-1.6-Centro-de-mesa-DIY.jpg\" alt=\"\" class=\"wp-image-9065\"\/><\/figure>\n<\/figure>\n\n\n\n<h2 class=\"wp-block-heading\">Centro de mesa ecol\u00f3gico<\/h2>\n\n\n\n<p>Estas propuestas est\u00e1n pensadas para aquellas personas que siguen las tres erres del reciclaje: reducir, reciclar y reutilizar. Los tarros de cristal, las latas de las conservas o incluso los utensilios que tenemos por casa como regaderas o tazas nos pueden servir como base para nuestros arreglos. Puedes decorar los frascos de cristal con lazos o pintar las latas para personalizar al m\u00e1ximo tu<strong> centro de mesa<\/strong>.<\/p>\n\n\n\n<p><\/p>\n\n\n\n<figure class=\"wp-block-gallery has-nested-images columns-default is-cropped wp-block-gallery-4 is-layout-flex wp-block-gallery-is-layout-flex\">\n<figure class=\"wp-block-image size-large\"><img decoding=\"async\" data-id=\"9068\" src=\"https:\/\/www.interflora.es\/blog\/wp-content\/uploads\/2021\/04\/Interior-1.8-Centro-de-mesa-DIY.jpg\" alt=\"\" class=\"wp-image-9068\"\/><\/figure>\n\n\n\n<figure class=\"wp-block-image size-large\"><img decoding=\"async\" data-id=\"9067\" src=\"https:\/\/www.interflora.es\/blog\/wp-content\/uploads\/2021\/04\/Interior-1.7-Centro-de-mesa-DIY.jpg\" alt=\"\" class=\"wp-image-9067\"\/><\/figure>\n<\/figure>\n\n\n\n<h2 class=\"wp-block-heading\">Compra un centro primaveral en Interflora<\/h2>\n\n\n\n<p>Si no tienes tiempo para crear tu propio centro, los <a href=\"https:\/\/www.interflora.es\/plantas\/presentacion-centros-cestas\">centros de plantas<\/a> y de flores elaborados por los floristas profesionales de Interflora destacan por el equilibrio perfecto de colores, formas y texturas. \u00bfSab\u00edas que nuestras <a href=\"https:\/\/www.interflora.es\/plantas\/temporada-primavera\">plantas de primavera<\/a> tambi\u00e9n son ideales como centro de mesa? En nuestro cat\u00e1logo encontrar\u00e1s una gran variedad de arreglos para dar el toque final a la decoraci\u00f3n de tu hogar. Elige tu <strong>centro <\/strong>favorito y rec\u00edbelo en menos de 24 horas.<\/p>\n\n\n\n<p><strong>Madeira<\/strong>: un centro de mesa sobre una cesta y con flores de tonos naranjas, ideal para crear ambientes acogedores.<\/p>\n\n\n\n<p><strong>Sicilia<\/strong>: centro de mesa con rosas y gerberas para dar m\u00e1s volumen y detalles de acabado con toda la delicadeza y armon\u00eda de la composici\u00f3n.&nbsp;&nbsp;<\/p>\n\n\n\n<p><strong>Everest<\/strong>: espectacular centro de mesa vertical con flores en tonos blancos, naranjas y morados, perfecta en eventos y ocasiones especiales.<\/p>\n\n\n\n<figure class=\"wp-block-gallery has-nested-images columns-default is-cropped wp-block-gallery-5 is-layout-flex wp-block-gallery-is-layout-flex\">\n<figure class=\"wp-block-image size-large\"><img decoding=\"async\" data-id=\"9071\" src=\"https:\/\/www.interflora.es\/blog\/wp-content\/uploads\/2021\/04\/Producto-1-Centro-de-mesa-DIY.jpg\" alt=\"\" class=\"wp-image-9071\"\/><figcaption class=\"wp-element-caption\"><a href=\"https:\/\/www.interflora.es\/p\/arreglo-en-cesta-de-flor-variada-f0114\" data-type=\"URL\" data-id=\"https:\/\/www.interflora.es\/p\/arreglo-en-cesta-de-flor-variada-f0114\" target=\"_blank\" rel=\"noreferrer noopener\">Madeira<\/a><\/figcaption><\/figure>\n\n\n\n<figure class=\"wp-block-image size-large\"><img decoding=\"async\" data-id=\"9093\" src=\"https:\/\/www.interflora.es\/blog\/wp-content\/uploads\/2021\/04\/Producto-2-Centro-de-mesa-DIY-1.jpg\" alt=\"\" class=\"wp-image-9093\"\/><figcaption class=\"wp-element-caption\"><a href=\"https:\/\/www.interflora.es\/p\/centro-de-gerberas-fucsia-f0125\" data-type=\"URL\" data-id=\"https:\/\/www.interflora.es\/p\/centro-de-gerberas-fucsia-f0125\" target=\"_blank\" rel=\"noreferrer noopener\">Sicilia<\/a><\/figcaption><\/figure>\n<\/figure>\n\n\n<div class=\"lp-produits-grid\"><div class=\"lp-produit\"><div class=\"lp-thumbnail-wrapper\"><img loading=\"lazy\" decoding=\"async\" width=\"300\" height=\"300\" src=\"https:\/\/www.interflora.es\/blog\/wp-content\/uploads\/2026\/02\/1764948103-bwd040-s-tulipanes-sin-fin-bundle-300x300.jpg\" class=\"attachment-medium size-medium wp-post-image\" alt=\"\" srcset=\"https:\/\/www.interflora.es\/blog\/wp-content\/uploads\/2026\/02\/1764948103-bwd040-s-tulipanes-sin-fin-bundle-300x300.jpg 300w, https:\/\/www.interflora.es\/blog\/wp-content\/uploads\/2026\/02\/1764948103-bwd040-s-tulipanes-sin-fin-bundle-1024x1024.jpg 1024w, https:\/\/www.interflora.es\/blog\/wp-content\/uploads\/2026\/02\/1764948103-bwd040-s-tulipanes-sin-fin-bundle-150x150.jpg 150w, https:\/\/www.interflora.es\/blog\/wp-content\/uploads\/2026\/02\/1764948103-bwd040-s-tulipanes-sin-fin-bundle-768x768.jpg 768w, https:\/\/www.interflora.es\/blog\/wp-content\/uploads\/2026\/02\/1764948103-bwd040-s-tulipanes-sin-fin-bundle.jpg 1344w\" sizes=\"auto, (max-width: 300px) 100vw, 300px\" \/><img decoding=\"async\" class=\"lp-badge\" src=\"https:\/\/prodblog.interflora.es\/blog\/wp-content\/uploads\/2025\/04\/220422_INTERFLORA_Main_Logo_rgb_Main_Color.png\" alt=\"Entrega r\u00e1pida\"><\/div><span>Tulipanes sin fin LEGO\u00ae<\/span><p>94.99 \u20ac<\/p><span class=\"obf-link lp-cta\" role=\"link\" tabindex=\"0\" data-b64=\"aHR0cHM6Ly93d3cuaW50ZXJmbG9yYS5lcy9wL3R1bGlwYW5lcy1zaW4tZmluLWxlZ28vMT91dG1fbWVkaXVtPW9yZ2FuaWMmdXRtX3NvdXJjZT1ibG9nX3Byb2R1Y3RzJnV0bV9jYW1wYWlnbj1CV0QwNDA=\" data-target=\"_blank\"><svg xmlns=\"http:\/\/www.w3.org\/2000\/svg\" width=\"16\" height=\"16\" fill=\"currentColor\" class=\"bi bi-bag\" viewBox=\"0 0 16 16\"><path d=\"M8 1a2 2 0 0 1 2 2v1h2.5A1.5 1.5 0 0 1 14 5.5v8A1.5 1.5 0 0 1 12.5 15h-9A1.5 1.5 0 0 1 2 13.5v-8A1.5 1.5 0 0 1 3.5 3H6V2a2 2 0 0 1 2-1zm1 3V3a1 1 0 0 0-2 0v1h2z\"\/><\/svg>Comprar<\/span><p class=\"rapido\">Entrega urgente<\/p><\/div><div class=\"lp-produit\"><div class=\"lp-thumbnail-wrapper\"><img loading=\"lazy\" decoding=\"async\" width=\"300\" height=\"300\" src=\"https:\/\/www.interflora.es\/blog\/wp-content\/uploads\/2025\/04\/1706255669-batticuore-hd-1-2-300x300.jpg\" class=\"attachment-medium size-medium wp-post-image\" alt=\"\" srcset=\"https:\/\/www.interflora.es\/blog\/wp-content\/uploads\/2025\/04\/1706255669-batticuore-hd-1-2-300x300.jpg 300w, https:\/\/www.interflora.es\/blog\/wp-content\/uploads\/2025\/04\/1706255669-batticuore-hd-1-2-1024x1024.jpg 1024w, https:\/\/www.interflora.es\/blog\/wp-content\/uploads\/2025\/04\/1706255669-batticuore-hd-1-2-150x150.jpg 150w, https:\/\/www.interflora.es\/blog\/wp-content\/uploads\/2025\/04\/1706255669-batticuore-hd-1-2-768x768.jpg 768w, https:\/\/www.interflora.es\/blog\/wp-content\/uploads\/2025\/04\/1706255669-batticuore-hd-1-2.jpg 1400w\" sizes=\"auto, (max-width: 300px) 100vw, 300px\" \/><img decoding=\"async\" class=\"lp-badge\" src=\"https:\/\/prodblog.interflora.es\/blog\/wp-content\/uploads\/2025\/04\/220422_INTERFLORA_Main_Logo_rgb_Main_Color.png\" alt=\"Entrega r\u00e1pida\"><\/div><span>Canci\u00f3n de Amor<\/span><p>44.99 \u20ac<\/p><span class=\"obf-link lp-cta\" role=\"link\" tabindex=\"0\" data-b64=\"aHR0cHM6Ly93d3cuaW50ZXJmbG9yYS5lcy9wL2NhbmNpb24tZGUtYW1vci8xP3V0bV9tZWRpdW09b3JnYW5pYyZ1dG1fc291cmNlPWJsb2dfcHJvZHVjdHMmdXRtX2NhbXBhaWduPUYwMjUy\" data-target=\"_blank\"><svg xmlns=\"http:\/\/www.w3.org\/2000\/svg\" width=\"16\" height=\"16\" fill=\"currentColor\" class=\"bi bi-bag\" viewBox=\"0 0 16 16\"><path d=\"M8 1a2 2 0 0 1 2 2v1h2.5A1.5 1.5 0 0 1 14 5.5v8A1.5 1.5 0 0 1 12.5 15h-9A1.5 1.5 0 0 1 2 13.5v-8A1.5 1.5 0 0 1 3.5 3H6V2a2 2 0 0 1 2-1zm1 3V3a1 1 0 0 0-2 0v1h2z\"\/><\/svg>Comprar<\/span><p class=\"rapido\">Selecci\u00f3n Interflora<\/p><\/div><div class=\"lp-produit\"><div class=\"lp-thumbnail-wrapper\"><img loading=\"lazy\" decoding=\"async\" width=\"300\" height=\"300\" src=\"https:\/\/www.interflora.es\/blog\/wp-content\/uploads\/2025\/04\/1730709394-fw015-tulip-blush-medium-zoomed-key-2-300x300.jpg\" class=\"attachment-medium size-medium wp-post-image\" alt=\"\" srcset=\"https:\/\/www.interflora.es\/blog\/wp-content\/uploads\/2025\/04\/1730709394-fw015-tulip-blush-medium-zoomed-key-2-300x300.jpg 300w, https:\/\/www.interflora.es\/blog\/wp-content\/uploads\/2025\/04\/1730709394-fw015-tulip-blush-medium-zoomed-key-2-1024x1024.jpg 1024w, https:\/\/www.interflora.es\/blog\/wp-content\/uploads\/2025\/04\/1730709394-fw015-tulip-blush-medium-zoomed-key-2-150x150.jpg 150w, https:\/\/www.interflora.es\/blog\/wp-content\/uploads\/2025\/04\/1730709394-fw015-tulip-blush-medium-zoomed-key-2-768x768.jpg 768w, https:\/\/www.interflora.es\/blog\/wp-content\/uploads\/2025\/04\/1730709394-fw015-tulip-blush-medium-zoomed-key-2.jpg 1200w\" sizes=\"auto, (max-width: 300px) 100vw, 300px\" \/><img decoding=\"async\" class=\"lp-badge\" src=\"https:\/\/prodblog.interflora.es\/blog\/wp-content\/uploads\/2025\/04\/220422_INTERFLORA_Main_Logo_rgb_Main_Color.png\" alt=\"Entrega r\u00e1pida\"><\/div><span>Ramo de Tulipanes Rojos<\/span><p>29.99 \u20ac<\/p><span class=\"obf-link lp-cta\" role=\"link\" tabindex=\"0\" data-b64=\"aHR0cHM6Ly93d3cuaW50ZXJmbG9yYS5lcy9wL3R1bGlwLWJsdXNoLzE\/dXRtX21lZGl1bT1vcmdhbmljJnV0bV9zb3VyY2U9YmxvZ19wcm9kdWN0cyZ1dG1fY2FtcGFpZ249RlcwMTU=\" data-target=\"_blank\"><svg xmlns=\"http:\/\/www.w3.org\/2000\/svg\" width=\"16\" height=\"16\" fill=\"currentColor\" class=\"bi bi-bag\" viewBox=\"0 0 16 16\"><path d=\"M8 1a2 2 0 0 1 2 2v1h2.5A1.5 1.5 0 0 1 14 5.5v8A1.5 1.5 0 0 1 12.5 15h-9A1.5 1.5 0 0 1 2 13.5v-8A1.5 1.5 0 0 1 3.5 3H6V2a2 2 0 0 1 2-1zm1 3V3a1 1 0 0 0-2 0v1h2z\"\/><\/svg>Comprar<\/span><p class=\"rapido\">Entrega urgente<\/p><\/div><div class=\"lp-produit\"><div class=\"lp-thumbnail-wrapper\"><img loading=\"lazy\" decoding=\"async\" width=\"300\" height=\"300\" src=\"https:\/\/www.interflora.es\/blog\/wp-content\/uploads\/2025\/04\/1734514274-pf001-orchidea-rosa-zoom-key-2-300x300.jpg\" class=\"attachment-medium size-medium wp-post-image\" alt=\"\" srcset=\"https:\/\/www.interflora.es\/blog\/wp-content\/uploads\/2025\/04\/1734514274-pf001-orchidea-rosa-zoom-key-2-300x300.jpg 300w, https:\/\/www.interflora.es\/blog\/wp-content\/uploads\/2025\/04\/1734514274-pf001-orchidea-rosa-zoom-key-2-1024x1024.jpg 1024w, https:\/\/www.interflora.es\/blog\/wp-content\/uploads\/2025\/04\/1734514274-pf001-orchidea-rosa-zoom-key-2-150x150.jpg 150w, https:\/\/www.interflora.es\/blog\/wp-content\/uploads\/2025\/04\/1734514274-pf001-orchidea-rosa-zoom-key-2-768x768.jpg 768w, https:\/\/www.interflora.es\/blog\/wp-content\/uploads\/2025\/04\/1734514274-pf001-orchidea-rosa-zoom-key-2-1536x1536.jpg 1536w, https:\/\/www.interflora.es\/blog\/wp-content\/uploads\/2025\/04\/1734514274-pf001-orchidea-rosa-zoom-key-2-2048x2048.jpg 2048w\" sizes=\"auto, (max-width: 300px) 100vw, 300px\" \/><img decoding=\"async\" class=\"lp-badge\" src=\"https:\/\/prodblog.interflora.es\/blog\/wp-content\/uploads\/2025\/04\/220422_INTERFLORA_Main_Logo_rgb_Main_Color.png\" alt=\"Entrega r\u00e1pida\"><\/div><span>Orqu\u00eddea Rosa<\/span><p>49.99 \u20ac<\/p><span class=\"obf-link lp-cta\" role=\"link\" tabindex=\"0\" data-b64=\"aHR0cHM6Ly93d3cuaW50ZXJmbG9yYS5lcy9wL3BsYW50YS1kZS1vcnF1aWRlYS8xP3V0bV9tZWRpdW09b3JnYW5pYyZ1dG1fc291cmNlPWJsb2dfcHJvZHVjdHMmdXRtX2NhbXBhaWduPVAwMTAw\" data-target=\"_blank\"><svg xmlns=\"http:\/\/www.w3.org\/2000\/svg\" width=\"16\" height=\"16\" fill=\"currentColor\" class=\"bi bi-bag\" viewBox=\"0 0 16 16\"><path d=\"M8 1a2 2 0 0 1 2 2v1h2.5A1.5 1.5 0 0 1 14 5.5v8A1.5 1.5 0 0 1 12.5 15h-9A1.5 1.5 0 0 1 2 13.5v-8A1.5 1.5 0 0 1 3.5 3H6V2a2 2 0 0 1 2-1zm1 3V3a1 1 0 0 0-2 0v1h2z\"\/><\/svg>Comprar<\/span><p class=\"rapido\">Env\u00edo r\u00e1pido<\/p><\/div><\/div>\n","protected":false},"excerpt":{"rendered":"<p>Los centros de mesa son una decoraci\u00f3n perfecta para una boda o para llenar de color, elegancia y personalidad los [&hellip;]<\/p>\n","protected":false},"author":13,"featured_media":34984,"comment_status":"open","ping_status":"open","sticky":false,"template":"","format":"standard","meta":{"_acf_changed":false,"_uag_custom_page_level_css":"","site-sidebar-layout":"default","site-content-layout":"","ast-site-content-layout":"default","site-content-style":"default","site-sidebar-style":"default","ast-global-header-display":"","ast-banner-title-visibility":"","ast-main-header-display":"","ast-hfb-above-header-display":"","ast-hfb-below-header-display":"","ast-hfb-mobile-header-display":"","site-post-title":"","ast-breadcrumbs-content":"","ast-featured-img":"","footer-sml-layout":"","theme-transparent-header-meta":"","adv-header-id-meta":"","stick-header-meta":"","header-above-stick-meta":"","header-main-stick-meta":"","header-below-stick-meta":"","astra-migrate-meta-layouts":"default","ast-page-background-enabled":"default","ast-page-background-meta":{"desktop":{"background-color":"var(--ast-global-color-5)","background-image":"","background-repeat":"repeat","background-position":"center center","background-size":"auto","background-attachment":"scroll","background-type":"","background-media":"","overlay-type":"","overlay-color":"","overlay-opacity":"","overlay-gradient":""},"tablet":{"background-color":"","background-image":"","background-repeat":"repeat","background-position":"center center","background-size":"auto","background-attachment":"scroll","background-type":"","background-media":"","overlay-type":"","overlay-color":"","overlay-opacity":"","overlay-gradient":""},"mobile":{"background-color":"","background-image":"","background-repeat":"repeat","background-position":"center center","background-size":"auto","background-attachment":"scroll","background-type":"","background-media":"","overlay-type":"","overlay-color":"","overlay-opacity":"","overlay-gradient":""}},"ast-content-background-meta":{"desktop":{"background-color":"var(--ast-global-color-4)","background-image":"","background-repeat":"repeat","background-position":"center center","background-size":"auto","background-attachment":"scroll","background-type":"","background-media":"","overlay-type":"","overlay-color":"","overlay-opacity":"","overlay-gradient":""},"tablet":{"background-color":"var(--ast-global-color-4)","background-image":"","background-repeat":"repeat","background-position":"center center","background-size":"auto","background-attachment":"scroll","background-type":"","background-media":"","overlay-type":"","overlay-color":"","overlay-opacity":"","overlay-gradient":""},"mobile":{"background-color":"var(--ast-global-color-4)","background-image":"","background-repeat":"repeat","background-position":"center center","background-size":"auto","background-attachment":"scroll","background-type":"","background-media":"","overlay-type":"","overlay-color":"","overlay-opacity":"","overlay-gradient":""}},"footnotes":""},"categories":[24,28,203],"tags":[112,104],"class_list":["post-9057","post","type-post","status-publish","format-standard","has-post-thumbnail","hentry","category-deco-y-arte-floral","category-flores-y-plantas","category-primavera","tag-centros-de-mesa","tag-diy"],"acf":[],"yoast_head":"<!-- This site is optimized with the Yoast SEO plugin v27.5 - https:\/\/yoast.com\/product\/yoast-seo-wordpress\/ -->\n<title>Centros de mesa DIY con flores de primavera | Interflora<\/title>\n<meta name=\"description\" content=\"Crea tu centro de mesa primaveral de la manera m\u00e1s f\u00e1cil con Interflora: consejos, materiales y propuestas de estilo para crear tu centro de mesa con flores\" \/>\n<meta name=\"robots\" content=\"index, follow, max-snippet:-1, max-image-preview:large, max-video-preview:-1\" \/>\n<link rel=\"canonical\" href=\"https:\/\/www.interflora.es\/blog\/centros-de-mesa-diy-con-flores-de-primavera\/\" \/>\n<script type=\"application\/ld+json\" class=\"yoast-schema-graph\">{\"@context\":\"https:\\\/\\\/schema.org\",\"@graph\":[{\"@type\":\"Article\",\"@id\":\"https:\\\/\\\/www.interflora.es\\\/blog\\\/centros-de-mesa-diy-con-flores-de-primavera\\\/#article\",\"isPartOf\":{\"@id\":\"https:\\\/\\\/www.interflora.es\\\/blog\\\/centros-de-mesa-diy-con-flores-de-primavera\\\/\"},\"author\":{\"name\":\"Interflora\",\"@id\":\"https:\\\/\\\/www.interflora.es\\\/blog\\\/#\\\/schema\\\/person\\\/e3ecff50262948e365b92682cdc2a9d1\"},\"headline\":\"Centros de mesa DIY con flores de primavera\",\"datePublished\":\"2026-03-18T11:07:25+00:00\",\"dateModified\":\"2026-03-18T11:07:26+00:00\",\"mainEntityOfPage\":{\"@id\":\"https:\\\/\\\/www.interflora.es\\\/blog\\\/centros-de-mesa-diy-con-flores-de-primavera\\\/\"},\"wordCount\":953,\"commentCount\":0,\"publisher\":{\"@id\":\"https:\\\/\\\/www.interflora.es\\\/blog\\\/#organization\"},\"image\":{\"@id\":\"https:\\\/\\\/www.interflora.es\\\/blog\\\/centros-de-mesa-diy-con-flores-de-primavera\\\/#primaryimage\"},\"thumbnailUrl\":\"https:\\\/\\\/www.interflora.es\\\/blog\\\/wp-content\\\/uploads\\\/2026\\\/03\\\/primavera-56.jpg\",\"keywords\":[\"centros de mesa\",\"DIY\"],\"articleSection\":[\"Deco &amp; Arte floral\",\"Flores y plantas\",\"Primavera\"],\"inLanguage\":\"es\",\"potentialAction\":[{\"@type\":\"CommentAction\",\"name\":\"Comment\",\"target\":[\"https:\\\/\\\/www.interflora.es\\\/blog\\\/centros-de-mesa-diy-con-flores-de-primavera\\\/#respond\"]}]},{\"@type\":\"WebPage\",\"@id\":\"https:\\\/\\\/www.interflora.es\\\/blog\\\/centros-de-mesa-diy-con-flores-de-primavera\\\/\",\"url\":\"https:\\\/\\\/www.interflora.es\\\/blog\\\/centros-de-mesa-diy-con-flores-de-primavera\\\/\",\"name\":\"Centros de mesa DIY con flores de primavera | Interflora\",\"isPartOf\":{\"@id\":\"https:\\\/\\\/www.interflora.es\\\/blog\\\/#website\"},\"primaryImageOfPage\":{\"@id\":\"https:\\\/\\\/www.interflora.es\\\/blog\\\/centros-de-mesa-diy-con-flores-de-primavera\\\/#primaryimage\"},\"image\":{\"@id\":\"https:\\\/\\\/www.interflora.es\\\/blog\\\/centros-de-mesa-diy-con-flores-de-primavera\\\/#primaryimage\"},\"thumbnailUrl\":\"https:\\\/\\\/www.interflora.es\\\/blog\\\/wp-content\\\/uploads\\\/2026\\\/03\\\/primavera-56.jpg\",\"datePublished\":\"2026-03-18T11:07:25+00:00\",\"dateModified\":\"2026-03-18T11:07:26+00:00\",\"description\":\"Crea tu centro de mesa primaveral de la manera m\u00e1s f\u00e1cil con Interflora: consejos, materiales y propuestas de estilo para crear tu centro de mesa con flores\",\"breadcrumb\":{\"@id\":\"https:\\\/\\\/www.interflora.es\\\/blog\\\/centros-de-mesa-diy-con-flores-de-primavera\\\/#breadcrumb\"},\"inLanguage\":\"es\",\"potentialAction\":[{\"@type\":\"ReadAction\",\"target\":[\"https:\\\/\\\/www.interflora.es\\\/blog\\\/centros-de-mesa-diy-con-flores-de-primavera\\\/\"]}]},{\"@type\":\"ImageObject\",\"inLanguage\":\"es\",\"@id\":\"https:\\\/\\\/www.interflora.es\\\/blog\\\/centros-de-mesa-diy-con-flores-de-primavera\\\/#primaryimage\",\"url\":\"https:\\\/\\\/www.interflora.es\\\/blog\\\/wp-content\\\/uploads\\\/2026\\\/03\\\/primavera-56.jpg\",\"contentUrl\":\"https:\\\/\\\/www.interflora.es\\\/blog\\\/wp-content\\\/uploads\\\/2026\\\/03\\\/primavera-56.jpg\",\"width\":1000,\"height\":667,\"caption\":\"Evoto\"},{\"@type\":\"BreadcrumbList\",\"@id\":\"https:\\\/\\\/www.interflora.es\\\/blog\\\/centros-de-mesa-diy-con-flores-de-primavera\\\/#breadcrumb\",\"itemListElement\":[{\"@type\":\"ListItem\",\"position\":1,\"name\":\"Home\",\"item\":\"https:\\\/\\\/www.interflora.es\\\/blog\\\/\"},{\"@type\":\"ListItem\",\"position\":2,\"name\":\"Centros de mesa DIY con flores de primavera\"}]},{\"@type\":\"WebSite\",\"@id\":\"https:\\\/\\\/www.interflora.es\\\/blog\\\/#website\",\"url\":\"https:\\\/\\\/www.interflora.es\\\/blog\\\/\",\"name\":\"El blog de Interflora : consejos, ideas e inspiraci\u00f3n para disfrutar de las flores y las plantas\",\"description\":\"\",\"publisher\":{\"@id\":\"https:\\\/\\\/www.interflora.es\\\/blog\\\/#organization\"},\"potentialAction\":[{\"@type\":\"SearchAction\",\"target\":{\"@type\":\"EntryPoint\",\"urlTemplate\":\"https:\\\/\\\/www.interflora.es\\\/blog\\\/?s={search_term_string}\"},\"query-input\":{\"@type\":\"PropertyValueSpecification\",\"valueRequired\":true,\"valueName\":\"search_term_string\"}}],\"inLanguage\":\"es\"},{\"@type\":\"Organization\",\"@id\":\"https:\\\/\\\/www.interflora.es\\\/blog\\\/#organization\",\"name\":\"El blog de Interflora : consejos, ideas e inspiraci\u00f3n para disfrutar de las flores y las plantas\",\"url\":\"https:\\\/\\\/www.interflora.es\\\/blog\\\/\",\"logo\":{\"@type\":\"ImageObject\",\"inLanguage\":\"es\",\"@id\":\"https:\\\/\\\/www.interflora.es\\\/blog\\\/#\\\/schema\\\/logo\\\/image\\\/\",\"url\":\"https:\\\/\\\/www.interflora.es\\\/blog\\\/wp-content\\\/uploads\\\/2025\\\/10\\\/cropped-220422_INTERFLORA_Logo_rgb_Half_Top_Circle_Main_Color.png\",\"contentUrl\":\"https:\\\/\\\/www.interflora.es\\\/blog\\\/wp-content\\\/uploads\\\/2025\\\/10\\\/cropped-220422_INTERFLORA_Logo_rgb_Half_Top_Circle_Main_Color.png\",\"width\":1418,\"height\":659,\"caption\":\"El blog de Interflora : consejos, ideas e inspiraci\u00f3n para disfrutar de las flores y las plantas\"},\"image\":{\"@id\":\"https:\\\/\\\/www.interflora.es\\\/blog\\\/#\\\/schema\\\/logo\\\/image\\\/\"}},{\"@type\":\"Person\",\"@id\":\"https:\\\/\\\/www.interflora.es\\\/blog\\\/#\\\/schema\\\/person\\\/e3ecff50262948e365b92682cdc2a9d1\",\"name\":\"Interflora\",\"image\":{\"@type\":\"ImageObject\",\"inLanguage\":\"es\",\"@id\":\"https:\\\/\\\/www.interflora.es\\\/blog\\\/wp-content\\\/litespeed\\\/avatar\\\/ef0a9e22ccabc545011ca74a630eaf3e.jpg?ver=1777555250\",\"url\":\"https:\\\/\\\/www.interflora.es\\\/blog\\\/wp-content\\\/litespeed\\\/avatar\\\/ef0a9e22ccabc545011ca74a630eaf3e.jpg?ver=1777555250\",\"contentUrl\":\"https:\\\/\\\/www.interflora.es\\\/blog\\\/wp-content\\\/litespeed\\\/avatar\\\/ef0a9e22ccabc545011ca74a630eaf3e.jpg?ver=1777555250\",\"caption\":\"Interflora\"}}]}<\/script>\n<!-- \/ Yoast SEO plugin. -->","yoast_head_json":{"title":"Centros de mesa DIY con flores de primavera | Interflora","description":"Crea tu centro de mesa primaveral de la manera m\u00e1s f\u00e1cil con Interflora: consejos, materiales y propuestas de estilo para crear tu centro de mesa con flores","robots":{"index":"index","follow":"follow","max-snippet":"max-snippet:-1","max-image-preview":"max-image-preview:large","max-video-preview":"max-video-preview:-1"},"canonical":"https:\/\/www.interflora.es\/blog\/centros-de-mesa-diy-con-flores-de-primavera\/","schema":{"@context":"https:\/\/schema.org","@graph":[{"@type":"Article","@id":"https:\/\/www.interflora.es\/blog\/centros-de-mesa-diy-con-flores-de-primavera\/#article","isPartOf":{"@id":"https:\/\/www.interflora.es\/blog\/centros-de-mesa-diy-con-flores-de-primavera\/"},"author":{"name":"Interflora","@id":"https:\/\/www.interflora.es\/blog\/#\/schema\/person\/e3ecff50262948e365b92682cdc2a9d1"},"headline":"Centros de mesa DIY con flores de primavera","datePublished":"2026-03-18T11:07:25+00:00","dateModified":"2026-03-18T11:07:26+00:00","mainEntityOfPage":{"@id":"https:\/\/www.interflora.es\/blog\/centros-de-mesa-diy-con-flores-de-primavera\/"},"wordCount":953,"commentCount":0,"publisher":{"@id":"https:\/\/www.interflora.es\/blog\/#organization"},"image":{"@id":"https:\/\/www.interflora.es\/blog\/centros-de-mesa-diy-con-flores-de-primavera\/#primaryimage"},"thumbnailUrl":"https:\/\/www.interflora.es\/blog\/wp-content\/uploads\/2026\/03\/primavera-56.jpg","keywords":["centros de mesa","DIY"],"articleSection":["Deco &amp; Arte floral","Flores y plantas","Primavera"],"inLanguage":"es","potentialAction":[{"@type":"CommentAction","name":"Comment","target":["https:\/\/www.interflora.es\/blog\/centros-de-mesa-diy-con-flores-de-primavera\/#respond"]}]},{"@type":"WebPage","@id":"https:\/\/www.interflora.es\/blog\/centros-de-mesa-diy-con-flores-de-primavera\/","url":"https:\/\/www.interflora.es\/blog\/centros-de-mesa-diy-con-flores-de-primavera\/","name":"Centros de mesa DIY con flores de primavera | Interflora","isPartOf":{"@id":"https:\/\/www.interflora.es\/blog\/#website"},"primaryImageOfPage":{"@id":"https:\/\/www.interflora.es\/blog\/centros-de-mesa-diy-con-flores-de-primavera\/#primaryimage"},"image":{"@id":"https:\/\/www.interflora.es\/blog\/centros-de-mesa-diy-con-flores-de-primavera\/#primaryimage"},"thumbnailUrl":"https:\/\/www.interflora.es\/blog\/wp-content\/uploads\/2026\/03\/primavera-56.jpg","datePublished":"2026-03-18T11:07:25+00:00","dateModified":"2026-03-18T11:07:26+00:00","description":"Crea tu centro de mesa primaveral de la manera m\u00e1s f\u00e1cil con Interflora: consejos, materiales y propuestas de estilo para crear tu centro de mesa con flores","breadcrumb":{"@id":"https:\/\/www.interflora.es\/blog\/centros-de-mesa-diy-con-flores-de-primavera\/#breadcrumb"},"inLanguage":"es","potentialAction":[{"@type":"ReadAction","target":["https:\/\/www.interflora.es\/blog\/centros-de-mesa-diy-con-flores-de-primavera\/"]}]},{"@type":"ImageObject","inLanguage":"es","@id":"https:\/\/www.interflora.es\/blog\/centros-de-mesa-diy-con-flores-de-primavera\/#primaryimage","url":"https:\/\/www.interflora.es\/blog\/wp-content\/uploads\/2026\/03\/primavera-56.jpg","contentUrl":"https:\/\/www.interflora.es\/blog\/wp-content\/uploads\/2026\/03\/primavera-56.jpg","width":1000,"height":667,"caption":"Evoto"},{"@type":"BreadcrumbList","@id":"https:\/\/www.interflora.es\/blog\/centros-de-mesa-diy-con-flores-de-primavera\/#breadcrumb","itemListElement":[{"@type":"ListItem","position":1,"name":"Home","item":"https:\/\/www.interflora.es\/blog\/"},{"@type":"ListItem","position":2,"name":"Centros de mesa DIY con flores de primavera"}]},{"@type":"WebSite","@id":"https:\/\/www.interflora.es\/blog\/#website","url":"https:\/\/www.interflora.es\/blog\/","name":"El blog de Interflora : consejos, ideas e inspiraci\u00f3n para disfrutar de las flores y las plantas","description":"","publisher":{"@id":"https:\/\/www.interflora.es\/blog\/#organization"},"potentialAction":[{"@type":"SearchAction","target":{"@type":"EntryPoint","urlTemplate":"https:\/\/www.interflora.es\/blog\/?s={search_term_string}"},"query-input":{"@type":"PropertyValueSpecification","valueRequired":true,"valueName":"search_term_string"}}],"inLanguage":"es"},{"@type":"Organization","@id":"https:\/\/www.interflora.es\/blog\/#organization","name":"El blog de Interflora : consejos, ideas e inspiraci\u00f3n para disfrutar de las flores y las plantas","url":"https:\/\/www.interflora.es\/blog\/","logo":{"@type":"ImageObject","inLanguage":"es","@id":"https:\/\/www.interflora.es\/blog\/#\/schema\/logo\/image\/","url":"https:\/\/www.interflora.es\/blog\/wp-content\/uploads\/2025\/10\/cropped-220422_INTERFLORA_Logo_rgb_Half_Top_Circle_Main_Color.png","contentUrl":"https:\/\/www.interflora.es\/blog\/wp-content\/uploads\/2025\/10\/cropped-220422_INTERFLORA_Logo_rgb_Half_Top_Circle_Main_Color.png","width":1418,"height":659,"caption":"El blog de Interflora : consejos, ideas e inspiraci\u00f3n para disfrutar de las flores y las plantas"},"image":{"@id":"https:\/\/www.interflora.es\/blog\/#\/schema\/logo\/image\/"}},{"@type":"Person","@id":"https:\/\/www.interflora.es\/blog\/#\/schema\/person\/e3ecff50262948e365b92682cdc2a9d1","name":"Interflora","image":{"@type":"ImageObject","inLanguage":"es","@id":"https:\/\/www.interflora.es\/blog\/wp-content\/litespeed\/avatar\/ef0a9e22ccabc545011ca74a630eaf3e.jpg?ver=1777555250","url":"https:\/\/www.interflora.es\/blog\/wp-content\/litespeed\/avatar\/ef0a9e22ccabc545011ca74a630eaf3e.jpg?ver=1777555250","contentUrl":"https:\/\/www.interflora.es\/blog\/wp-content\/litespeed\/avatar\/ef0a9e22ccabc545011ca74a630eaf3e.jpg?ver=1777555250","caption":"Interflora"}}]}},"uagb_featured_image_src":{"full":["https:\/\/www.interflora.es\/blog\/wp-content\/uploads\/2026\/03\/primavera-56.jpg",1000,667,false],"thumbnail":["https:\/\/www.interflora.es\/blog\/wp-content\/uploads\/2026\/03\/primavera-56-150x150.jpg",150,150,true],"medium":["https:\/\/www.interflora.es\/blog\/wp-content\/uploads\/2026\/03\/primavera-56-300x200.jpg",300,200,true],"medium_large":["https:\/\/www.interflora.es\/blog\/wp-content\/uploads\/2026\/03\/primavera-56-768x512.jpg",768,512,true],"large":["https:\/\/www.interflora.es\/blog\/wp-content\/uploads\/2026\/03\/primavera-56.jpg",1000,667,false],"1536x1536":["https:\/\/www.interflora.es\/blog\/wp-content\/uploads\/2026\/03\/primavera-56.jpg",1000,667,false],"2048x2048":["https:\/\/www.interflora.es\/blog\/wp-content\/uploads\/2026\/03\/primavera-56.jpg",1000,667,false]},"uagb_author_info":{"display_name":"Interflora","author_link":"https:\/\/www.interflora.es\/blog\/author\/interflora\/"},"uagb_comment_info":0,"uagb_excerpt":"Los centros de mesa son una decoraci\u00f3n perfecta para una boda o para llenar de color, elegancia y personalidad los [&hellip;]","_links":{"self":[{"href":"https:\/\/www.interflora.es\/blog\/wp-json\/wp\/v2\/posts\/9057","targetHints":{"allow":["GET"]}}],"collection":[{"href":"https:\/\/www.interflora.es\/blog\/wp-json\/wp\/v2\/posts"}],"about":[{"href":"https:\/\/www.interflora.es\/blog\/wp-json\/wp\/v2\/types\/post"}],"author":[{"embeddable":true,"href":"https:\/\/www.interflora.es\/blog\/wp-json\/wp\/v2\/users\/13"}],"replies":[{"embeddable":true,"href":"https:\/\/www.interflora.es\/blog\/wp-json\/wp\/v2\/comments?post=9057"}],"version-history":[{"count":2,"href":"https:\/\/www.interflora.es\/blog\/wp-json\/wp\/v2\/posts\/9057\/revisions"}],"predecessor-version":[{"id":35038,"href":"https:\/\/www.interflora.es\/blog\/wp-json\/wp\/v2\/posts\/9057\/revisions\/35038"}],"wp:featuredmedia":[{"embeddable":true,"href":"https:\/\/www.interflora.es\/blog\/wp-json\/wp\/v2\/media\/34984"}],"wp:attachment":[{"href":"https:\/\/www.interflora.es\/blog\/wp-json\/wp\/v2\/media?parent=9057"}],"wp:term":[{"taxonomy":"category","embeddable":true,"href":"https:\/\/www.interflora.es\/blog\/wp-json\/wp\/v2\/categories?post=9057"},{"taxonomy":"post_tag","embeddable":true,"href":"https:\/\/www.interflora.es\/blog\/wp-json\/wp\/v2\/tags?post=9057"}],"curies":[{"name":"wp","href":"https:\/\/api.w.org\/{rel}","templated":true}]}}