{"id":9019,"date":"2026-03-18T12:10:14","date_gmt":"2026-03-18T11:10:14","guid":{"rendered":"https:\/\/www.interflora.es\/blog\/?p=9019"},"modified":"2026-03-23T12:49:27","modified_gmt":"2026-03-23T11:49:27","slug":"12-flores-silvestres-para-disfrutar-de-la-primavera","status":"publish","type":"post","link":"https:\/\/www.interflora.es\/blog\/12-flores-silvestres-para-disfrutar-de-la-primavera\/","title":{"rendered":"Flores silvestres para dar la bienvenida a la primavera"},"content":{"rendered":"\n<p>A finales de marzo, cuando el fr\u00edo del invierno da paso a la <strong>primavera<\/strong>, una colorida estampa se repite en los campos de nuestro pa\u00eds. Las <strong>primeras flores de primavera<\/strong>, con sus tonalidades <strong>rojas, amarillas, azules, moradas y blancas<\/strong>, inundan los prados sobre un fondo <strong>verde<\/strong>. Basta con dar un paseo por nuestros <strong>parques<\/strong>, <strong>bosques <\/strong>o <strong>campos <\/strong>para deleitarse con la diversidad de <strong>colores<\/strong>, formas y aromas de las <strong>flores silvestres en primavera<\/strong>.<\/p>\n\n\n\n<p>En cada zona y en cada clima florecen unas especies de <strong>flores silvestres <\/strong>distintas. Si te encantan las <strong>flores de campo <\/strong>pero te cuesta diferenciarlas, hoy en Interflora te presentamos las flores silvestres m\u00e1s comunes que crecen en prados, montes y jardines. Adem\u00e1s, te damos algunas <strong>ideas de decoraci\u00f3n<\/strong> para disfrutar de la belleza de la <strong>primavera <\/strong>todo el a\u00f1o. \u00a1Ya es primavera y la <strong>naturaleza <\/strong>lo sabe!<\/p>\n\n\n\n<h2 class=\"wp-block-heading\">Flores silvestres que florecen en el campo en primavera<\/h2>\n\n\n\n<p>Las temperaturas en <strong>primavera<\/strong> son m\u00e1s agradables que las del invierno o el verano, por eso es una \u00e9poca ideal para organizar una escapada al campo. Si tienes afici\u00f3n por las <strong>plantas <\/strong>y las <strong>flores<\/strong>,<strong> <\/strong>aprovecha tus paseos para preparar un cuaderno de campo muy especial hecho a mano. Solo tienes que pegar una <strong>flor <\/strong>en cada p\u00e1gina y describir sus caracter\u00edsticas m\u00e1s comunes. Para que aprendas a diferenciar cada especie, hemos preparado una lista de las <strong>flores silvestres<\/strong> m\u00e1s comunes que florecen en nuestros campos:<\/p>\n\n\n<div class=\"lp-produits-grid\"><div class=\"lp-produit\"><div class=\"lp-thumbnail-wrapper\"><img loading=\"lazy\" decoding=\"async\" width=\"300\" height=\"300\" src=\"https:\/\/www.interflora.es\/blog\/wp-content\/uploads\/2025\/04\/1734514274-pf002-orchidea-bianca-zoom-key-2-300x300.jpg\" class=\"attachment-medium size-medium wp-post-image\" alt=\"\" srcset=\"https:\/\/www.interflora.es\/blog\/wp-content\/uploads\/2025\/04\/1734514274-pf002-orchidea-bianca-zoom-key-2-300x300.jpg 300w, https:\/\/www.interflora.es\/blog\/wp-content\/uploads\/2025\/04\/1734514274-pf002-orchidea-bianca-zoom-key-2-1024x1024.jpg 1024w, https:\/\/www.interflora.es\/blog\/wp-content\/uploads\/2025\/04\/1734514274-pf002-orchidea-bianca-zoom-key-2-150x150.jpg 150w, https:\/\/www.interflora.es\/blog\/wp-content\/uploads\/2025\/04\/1734514274-pf002-orchidea-bianca-zoom-key-2-768x768.jpg 768w, https:\/\/www.interflora.es\/blog\/wp-content\/uploads\/2025\/04\/1734514274-pf002-orchidea-bianca-zoom-key-2-1536x1536.jpg 1536w, https:\/\/www.interflora.es\/blog\/wp-content\/uploads\/2025\/04\/1734514274-pf002-orchidea-bianca-zoom-key-2.jpg 1800w\" sizes=\"auto, (max-width: 300px) 100vw, 300px\" \/><img decoding=\"async\" class=\"lp-badge\" src=\"https:\/\/prodblog.interflora.es\/blog\/wp-content\/uploads\/2025\/04\/220422_INTERFLORA_Main_Logo_rgb_Main_Color.png\" alt=\"Entrega r\u00e1pida\"><\/div><span>Orqu\u00eddea Blanca<\/span><p>49.99 \u20ac<\/p><span class=\"obf-link lp-cta\" role=\"link\" tabindex=\"0\" data-b64=\"aHR0cHM6Ly93d3cuaW50ZXJmbG9yYS5lcy9wL3BsYW50YS1kZS1waGFsYWVub3BzaXMtcHJlbWl1bS8xP3V0bV9tZWRpdW09b3JnYW5pYyZ1dG1fc291cmNlPWJsb2dfcHJvZHVjdHMmdXRtX2NhbXBhaWduPVAwMTAx\" data-target=\"_blank\"><svg xmlns=\"http:\/\/www.w3.org\/2000\/svg\" width=\"16\" height=\"16\" fill=\"currentColor\" class=\"bi bi-bag\" viewBox=\"0 0 16 16\"><path d=\"M8 1a2 2 0 0 1 2 2v1h2.5A1.5 1.5 0 0 1 14 5.5v8A1.5 1.5 0 0 1 12.5 15h-9A1.5 1.5 0 0 1 2 13.5v-8A1.5 1.5 0 0 1 3.5 3H6V2a2 2 0 0 1 2-1zm1 3V3a1 1 0 0 0-2 0v1h2z\"\/><\/svg>Comprar<\/span><p class=\"rapido\">Atenci\u00f3n al cliente siempre disponible<\/p><\/div><div class=\"lp-produit\"><div class=\"lp-thumbnail-wrapper\"><img loading=\"lazy\" decoding=\"async\" width=\"300\" height=\"300\" src=\"https:\/\/www.interflora.es\/blog\/wp-content\/uploads\/2025\/10\/1758638372-fwd041-s-1-300x300.jpg\" class=\"attachment-medium size-medium wp-post-image\" alt=\"\" srcset=\"https:\/\/www.interflora.es\/blog\/wp-content\/uploads\/2025\/10\/1758638372-fwd041-s-1-300x300.jpg 300w, https:\/\/www.interflora.es\/blog\/wp-content\/uploads\/2025\/10\/1758638372-fwd041-s-1-1024x1024.jpg 1024w, https:\/\/www.interflora.es\/blog\/wp-content\/uploads\/2025\/10\/1758638372-fwd041-s-1-150x150.jpg 150w, https:\/\/www.interflora.es\/blog\/wp-content\/uploads\/2025\/10\/1758638372-fwd041-s-1-768x768.jpg 768w, https:\/\/www.interflora.es\/blog\/wp-content\/uploads\/2025\/10\/1758638372-fwd041-s-1.jpg 1500w\" sizes=\"auto, (max-width: 300px) 100vw, 300px\" \/><img decoding=\"async\" class=\"lp-badge\" src=\"https:\/\/prodblog.interflora.es\/blog\/wp-content\/uploads\/2025\/04\/220422_INTERFLORA_Main_Logo_rgb_Main_Color.png\" alt=\"Entrega r\u00e1pida\"><\/div><span>Girasoles y Rosas<\/span><p>32.99 \u20ac<\/p><span class=\"obf-link lp-cta\" role=\"link\" tabindex=\"0\" data-b64=\"aHR0cHM6Ly93d3cuaW50ZXJmbG9yYS5lcy9wL3JhbW8tZGUtZ2lyYXNvbGVzLXktcm9zYXMtYW1hcmlsbGFzLzE\/dXRtX21lZGl1bT1vcmdhbmljJnV0bV9zb3VyY2U9YmxvZ19wcm9kdWN0cyZ1dG1fY2FtcGFpZ249RldEMDQx\" data-target=\"_blank\"><svg xmlns=\"http:\/\/www.w3.org\/2000\/svg\" width=\"16\" height=\"16\" fill=\"currentColor\" class=\"bi bi-bag\" viewBox=\"0 0 16 16\"><path d=\"M8 1a2 2 0 0 1 2 2v1h2.5A1.5 1.5 0 0 1 14 5.5v8A1.5 1.5 0 0 1 12.5 15h-9A1.5 1.5 0 0 1 2 13.5v-8A1.5 1.5 0 0 1 3.5 3H6V2a2 2 0 0 1 2-1zm1 3V3a1 1 0 0 0-2 0v1h2z\"\/><\/svg>Comprar<\/span><p class=\"rapido\">Flores y plantas frescas<\/p><\/div><div class=\"lp-produit\"><div class=\"lp-thumbnail-wrapper\"><img loading=\"lazy\" decoding=\"async\" width=\"300\" height=\"300\" src=\"https:\/\/www.interflora.es\/blog\/wp-content\/uploads\/2025\/04\/1735225266-fwd001-key-2-300x300.jpg\" class=\"attachment-medium size-medium wp-post-image\" alt=\"\" srcset=\"https:\/\/www.interflora.es\/blog\/wp-content\/uploads\/2025\/04\/1735225266-fwd001-key-2-300x300.jpg 300w, https:\/\/www.interflora.es\/blog\/wp-content\/uploads\/2025\/04\/1735225266-fwd001-key-2-1024x1024.jpg 1024w, https:\/\/www.interflora.es\/blog\/wp-content\/uploads\/2025\/04\/1735225266-fwd001-key-2-150x150.jpg 150w, https:\/\/www.interflora.es\/blog\/wp-content\/uploads\/2025\/04\/1735225266-fwd001-key-2-768x768.jpg 768w, https:\/\/www.interflora.es\/blog\/wp-content\/uploads\/2025\/04\/1735225266-fwd001-key-2-1536x1536.jpg 1536w, https:\/\/www.interflora.es\/blog\/wp-content\/uploads\/2025\/04\/1735225266-fwd001-key-2.jpg 2007w\" sizes=\"auto, (max-width: 300px) 100vw, 300px\" \/><img decoding=\"async\" class=\"lp-badge\" src=\"https:\/\/prodblog.interflora.es\/blog\/wp-content\/uploads\/2025\/04\/220422_INTERFLORA_Main_Logo_rgb_Main_Color.png\" alt=\"Entrega r\u00e1pida\"><\/div><span>Ramo de Tulipanes Rosas<\/span><p>29.99 \u20ac<\/p><span class=\"obf-link lp-cta\" role=\"link\" tabindex=\"0\" data-b64=\"aHR0cHM6Ly93d3cuaW50ZXJmbG9yYS5lcy9wL3JhbW8tZGUtdHVsaXBhbmVzLXJvc2FzLzE\/dXRtX21lZGl1bT1vcmdhbmljJnV0bV9zb3VyY2U9YmxvZ19wcm9kdWN0cyZ1dG1fY2FtcGFpZ249RldEMDAx\" data-target=\"_blank\"><svg xmlns=\"http:\/\/www.w3.org\/2000\/svg\" width=\"16\" height=\"16\" fill=\"currentColor\" class=\"bi bi-bag\" viewBox=\"0 0 16 16\"><path d=\"M8 1a2 2 0 0 1 2 2v1h2.5A1.5 1.5 0 0 1 14 5.5v8A1.5 1.5 0 0 1 12.5 15h-9A1.5 1.5 0 0 1 2 13.5v-8A1.5 1.5 0 0 1 3.5 3H6V2a2 2 0 0 1 2-1zm1 3V3a1 1 0 0 0-2 0v1h2z\"\/><\/svg>Comprar<\/span><p class=\"rapido\">Selecci\u00f3n Interflora<\/p><\/div><div class=\"lp-produit\"><div class=\"lp-thumbnail-wrapper\"><img loading=\"lazy\" decoding=\"async\" width=\"300\" height=\"300\" src=\"https:\/\/www.interflora.es\/blog\/wp-content\/uploads\/2025\/12\/1766488441-ff174-s-tulipanes-arcoiris-300x300.jpg\" class=\"attachment-medium size-medium wp-post-image\" alt=\"\" srcset=\"https:\/\/www.interflora.es\/blog\/wp-content\/uploads\/2025\/12\/1766488441-ff174-s-tulipanes-arcoiris-300x300.jpg 300w, https:\/\/www.interflora.es\/blog\/wp-content\/uploads\/2025\/12\/1766488441-ff174-s-tulipanes-arcoiris-1024x1024.jpg 1024w, https:\/\/www.interflora.es\/blog\/wp-content\/uploads\/2025\/12\/1766488441-ff174-s-tulipanes-arcoiris-150x150.jpg 150w, https:\/\/www.interflora.es\/blog\/wp-content\/uploads\/2025\/12\/1766488441-ff174-s-tulipanes-arcoiris-768x768.jpg 768w, https:\/\/www.interflora.es\/blog\/wp-content\/uploads\/2025\/12\/1766488441-ff174-s-tulipanes-arcoiris-1536x1536.jpg 1536w, https:\/\/www.interflora.es\/blog\/wp-content\/uploads\/2025\/12\/1766488441-ff174-s-tulipanes-arcoiris-2048x2048.jpg 2048w\" sizes=\"auto, (max-width: 300px) 100vw, 300px\" \/><img decoding=\"async\" class=\"lp-badge\" src=\"https:\/\/prodblog.interflora.es\/blog\/wp-content\/uploads\/2025\/04\/220422_INTERFLORA_Main_Logo_rgb_Main_Color.png\" alt=\"Entrega r\u00e1pida\"><\/div><span>Tulipanes Arcoiris<\/span><p>37.99 \u20ac<\/p><span class=\"obf-link lp-cta\" role=\"link\" tabindex=\"0\" data-b64=\"aHR0cHM6Ly93d3cuaW50ZXJmbG9yYS5lcy9wL3R1bGlwYW5lcy1tdWx0aWNvbG9yLzE\/dXRtX21lZGl1bT1vcmdhbmljJnV0bV9zb3VyY2U9YmxvZ19wcm9kdWN0cyZ1dG1fY2FtcGFpZ249RkYxNzQ=\" data-target=\"_blank\"><svg xmlns=\"http:\/\/www.w3.org\/2000\/svg\" width=\"16\" height=\"16\" fill=\"currentColor\" class=\"bi bi-bag\" viewBox=\"0 0 16 16\"><path d=\"M8 1a2 2 0 0 1 2 2v1h2.5A1.5 1.5 0 0 1 14 5.5v8A1.5 1.5 0 0 1 12.5 15h-9A1.5 1.5 0 0 1 2 13.5v-8A1.5 1.5 0 0 1 3.5 3H6V2a2 2 0 0 1 2-1zm1 3V3a1 1 0 0 0-2 0v1h2z\"\/><\/svg>Comprar<\/span><p class=\"rapido\">Env\u00edo r\u00e1pido<\/p><\/div><\/div>\n\n\n\n<h3 class=\"wp-block-heading\">1. Malvas<\/h3>\n\n\n\n<p>Esta planta silvestre es f\u00e1cilmente reconocible por su <strong>color morado<\/strong>. Con sus peque\u00f1as flores, quedar\u00e1 preciosa en un <strong>arreglo floral<\/strong> a base de florecillas de campo. Aprovecha su potencial decorativo y ll\u00e9vate unas cuantas a casa.&nbsp;<\/p>\n\n\n\n<h3 class=\"wp-block-heading\">2. Margaritas<\/h3>\n\n\n\n<p>La floraci\u00f3n de las primeras <strong>margaritas <\/strong>nos anuncia que la primavera ya est\u00e1 aqu\u00ed. Prados, jardines y praderas se cubren de peque\u00f1as flores de p\u00e9talos blancos y coraz\u00f3n amarillo.&nbsp;&nbsp;<\/p>\n\n\n\n<h3 class=\"wp-block-heading\">3. Jara blanca o estepa<\/h3>\n\n\n\n<p>Si vives en la zona del <strong>Mediterr\u00e1neo<\/strong>, seguro que has visto esta <strong>flor natural <\/strong>en tus paseos. Se trata de una planta silvestre muy llamativa con flores de color <strong>rosa <\/strong>casi p\u00farpura y p\u00e9talos medianos.<\/p>\n\n\n\n<h3 class=\"wp-block-heading\">4. Manzanilla<\/h3>\n\n\n\n<p>Esta flor es muy parecida a la margarita, pero mucho m\u00e1s peque\u00f1a. La <strong>manzanilla <\/strong>es una planta que florece de manera salvaje en el campo y en los bordes de los caminos.<\/p>\n\n\n\n<h3 class=\"wp-block-heading\">5. Azulejo<\/h3>\n\n\n\n<p>Se caracteriza por sus flores acampanadas de color <strong>azul intenso<\/strong>. Los tallos de esta planta son largos y pueden llegar a medir hasta un metro de altura.<\/p>\n\n\n\n<figure class=\"wp-block-gallery has-nested-images columns-default is-cropped wp-block-gallery-1 is-layout-flex wp-block-gallery-is-layout-flex\">\n<figure class=\"wp-block-image size-large\"><img decoding=\"async\" data-id=\"9024\" src=\"https:\/\/www.interflora.es\/blog\/wp-content\/uploads\/2021\/03\/Interior-3-flores-silvestres.jpg\" alt=\"\" class=\"wp-image-9024\"\/><figcaption class=\"wp-element-caption\"> Jara blanca o Estepa<\/figcaption><\/figure>\n\n\n\n<figure class=\"wp-block-image size-large\"><img decoding=\"async\" data-id=\"9023\" src=\"https:\/\/www.interflora.es\/blog\/wp-content\/uploads\/2021\/03\/Interior-2-Flores-silvestres.jpg\" alt=\"\" class=\"wp-image-9023\"\/><figcaption class=\"wp-element-caption\">Azulejo<\/figcaption><\/figure>\n<\/figure>\n\n\n\n<h3 class=\"wp-block-heading\">6. Chunqueta<\/h3>\n\n\n\n<p>Esta <strong>flor <\/strong>florece en primavera formando ramilletes junto a otras plantas de su especie. La reconocer\u00e1s por su color <strong>azul violeta<\/strong> y por su peque\u00f1o tama\u00f1o.<\/p>\n\n\n\n<h3 class=\"wp-block-heading\">7. Colza<\/h3>\n\n\n\n<p>Muy com\u00fan en nuestros campos, se trata de una planta alegre con unas llamativas <strong>flores amarillas<\/strong>. Aunque son peque\u00f1as, cuando florecencrean una estampa muy vistosa.<\/p>\n\n\n\n<h3 class=\"wp-block-heading\">8. Amapolas<\/h3>\n\n\n\n<p>\u00bfQui\u00e9n no conoce esta flor tan com\u00fan en forma de campana con su bonito color <strong>rojo<\/strong>? Los p\u00e9talos de las <strong>amapolas <\/strong>son extremadamente delicados pero dar\u00e1n ese toque de fuerza a tu composici\u00f3n silvestre.<\/p>\n\n\n\n<h3 class=\"wp-block-heading\">9. Diente de le\u00f3n<\/h3>\n\n\n\n<p>Su forma redondeada y su aspecto de nube la convierten en una <strong>flor <\/strong>muy especial. Te gustar\u00e1 soplarla y ver c\u00f3mo sus semillas vuelan al viento. \u00a1No te olvides de pedir un deseo!<\/p>\n\n\n\n<h3 class=\"wp-block-heading\">10. Lavanda<\/h3>\n\n\n\n<p>Los campos repletos de <strong>lavanda <\/strong>nos regalan instant\u00e1neas \u00fanicas. Su color <strong>morado <\/strong>y su fragancia la hacen irresistible. Se trata de una flor com\u00fan muy apreciada en aromaterapia y perfumer\u00eda.<\/p>\n\n\n\n<h3 class=\"wp-block-heading\">11. Romero<\/h3>\n\n\n\n<p>El <strong>romero <\/strong>es una de las hierbas arom\u00e1ticas que m\u00e1s gustan. Puedes elaborar ambientadores caseros y naturales para tu casa. \u00a1Tu hogar oler\u00e1 a campo!<\/p>\n\n\n\n<h3 class=\"wp-block-heading\">12. Tomillo<\/h3>\n\n\n\n<p>Si te gusta hacer excursiones, la fragancia del <strong>tomillo <\/strong>y sus bonitas flores de color <strong>morado <\/strong>te anuncian la llegada del buen tiempo. Al igual que el romero, se utiliza en cocina y tambi\u00e9n para aliviar problemas digestivos.<\/p>\n\n\n<div class=\"lp-produits-grid\"><div class=\"lp-produit\"><div class=\"lp-thumbnail-wrapper\"><img loading=\"lazy\" decoding=\"async\" width=\"300\" height=\"300\" src=\"https:\/\/www.interflora.es\/blog\/wp-content\/uploads\/2025\/04\/1735225266-fwd001-key-2-300x300.jpg\" class=\"attachment-medium size-medium wp-post-image\" alt=\"\" srcset=\"https:\/\/www.interflora.es\/blog\/wp-content\/uploads\/2025\/04\/1735225266-fwd001-key-2-300x300.jpg 300w, https:\/\/www.interflora.es\/blog\/wp-content\/uploads\/2025\/04\/1735225266-fwd001-key-2-1024x1024.jpg 1024w, https:\/\/www.interflora.es\/blog\/wp-content\/uploads\/2025\/04\/1735225266-fwd001-key-2-150x150.jpg 150w, https:\/\/www.interflora.es\/blog\/wp-content\/uploads\/2025\/04\/1735225266-fwd001-key-2-768x768.jpg 768w, https:\/\/www.interflora.es\/blog\/wp-content\/uploads\/2025\/04\/1735225266-fwd001-key-2-1536x1536.jpg 1536w, https:\/\/www.interflora.es\/blog\/wp-content\/uploads\/2025\/04\/1735225266-fwd001-key-2.jpg 2007w\" sizes=\"auto, (max-width: 300px) 100vw, 300px\" \/><img decoding=\"async\" class=\"lp-badge\" src=\"https:\/\/prodblog.interflora.es\/blog\/wp-content\/uploads\/2025\/04\/220422_INTERFLORA_Main_Logo_rgb_Main_Color.png\" alt=\"Entrega r\u00e1pida\"><\/div><span>Ramo de Tulipanes Rosas<\/span><p>29.99 \u20ac<\/p><span class=\"obf-link lp-cta\" role=\"link\" tabindex=\"0\" data-b64=\"aHR0cHM6Ly93d3cuaW50ZXJmbG9yYS5lcy9wL3JhbW8tZGUtdHVsaXBhbmVzLXJvc2FzLzE\/dXRtX21lZGl1bT1vcmdhbmljJnV0bV9zb3VyY2U9YmxvZ19wcm9kdWN0cyZ1dG1fY2FtcGFpZ249RldEMDAx\" data-target=\"_blank\"><svg xmlns=\"http:\/\/www.w3.org\/2000\/svg\" width=\"16\" height=\"16\" fill=\"currentColor\" class=\"bi bi-bag\" viewBox=\"0 0 16 16\"><path d=\"M8 1a2 2 0 0 1 2 2v1h2.5A1.5 1.5 0 0 1 14 5.5v8A1.5 1.5 0 0 1 12.5 15h-9A1.5 1.5 0 0 1 2 13.5v-8A1.5 1.5 0 0 1 3.5 3H6V2a2 2 0 0 1 2-1zm1 3V3a1 1 0 0 0-2 0v1h2z\"\/><\/svg>Comprar<\/span><p class=\"rapido\">Atenci\u00f3n al cliente siempre disponible<\/p><\/div><div class=\"lp-produit\"><div class=\"lp-thumbnail-wrapper\"><img loading=\"lazy\" decoding=\"async\" width=\"300\" height=\"300\" src=\"https:\/\/www.interflora.es\/blog\/wp-content\/uploads\/2025\/12\/1764943648-bf046-abbraccio-profumato-key-300x300.jpg\" class=\"attachment-medium size-medium wp-post-image\" alt=\"\" srcset=\"https:\/\/www.interflora.es\/blog\/wp-content\/uploads\/2025\/12\/1764943648-bf046-abbraccio-profumato-key-300x300.jpg 300w, https:\/\/www.interflora.es\/blog\/wp-content\/uploads\/2025\/12\/1764943648-bf046-abbraccio-profumato-key-1024x1024.jpg 1024w, https:\/\/www.interflora.es\/blog\/wp-content\/uploads\/2025\/12\/1764943648-bf046-abbraccio-profumato-key-150x150.jpg 150w, https:\/\/www.interflora.es\/blog\/wp-content\/uploads\/2025\/12\/1764943648-bf046-abbraccio-profumato-key-768x768.jpg 768w, https:\/\/www.interflora.es\/blog\/wp-content\/uploads\/2025\/12\/1764943648-bf046-abbraccio-profumato-key-1536x1536.jpg 1536w, https:\/\/www.interflora.es\/blog\/wp-content\/uploads\/2025\/12\/1764943648-bf046-abbraccio-profumato-key.jpg 1600w\" sizes=\"auto, (max-width: 300px) 100vw, 300px\" \/><img decoding=\"async\" class=\"lp-badge\" src=\"https:\/\/prodblog.interflora.es\/blog\/wp-content\/uploads\/2025\/04\/220422_INTERFLORA_Main_Logo_rgb_Main_Color.png\" alt=\"Entrega r\u00e1pida\"><\/div><span>Abrazo de perfumes<\/span><p>59.99 \u20ac<\/p><span class=\"obf-link lp-cta\" role=\"link\" tabindex=\"0\" data-b64=\"aHR0cHM6Ly93d3cuaW50ZXJmbG9yYS5lcy9wL2FicmF6by1kZS1wZXJmdW1lcy8xP3V0bV9tZWRpdW09b3JnYW5pYyZ1dG1fc291cmNlPWJsb2dfcHJvZHVjdHMmdXRtX2NhbXBhaWduPUJGMDQ2\" data-target=\"_blank\"><svg xmlns=\"http:\/\/www.w3.org\/2000\/svg\" width=\"16\" height=\"16\" fill=\"currentColor\" class=\"bi bi-bag\" viewBox=\"0 0 16 16\"><path d=\"M8 1a2 2 0 0 1 2 2v1h2.5A1.5 1.5 0 0 1 14 5.5v8A1.5 1.5 0 0 1 12.5 15h-9A1.5 1.5 0 0 1 2 13.5v-8A1.5 1.5 0 0 1 3.5 3H6V2a2 2 0 0 1 2-1zm1 3V3a1 1 0 0 0-2 0v1h2z\"\/><\/svg>Comprar<\/span><p class=\"rapido\">Entrega en el d\u00eda<\/p><\/div><div class=\"lp-produit\"><div class=\"lp-thumbnail-wrapper\"><img loading=\"lazy\" decoding=\"async\" width=\"300\" height=\"300\" src=\"https:\/\/www.interflora.es\/blog\/wp-content\/uploads\/2025\/12\/1764942470-ff178-s-acquerello-300x300.jpg\" class=\"attachment-medium size-medium wp-post-image\" alt=\"\" srcset=\"https:\/\/www.interflora.es\/blog\/wp-content\/uploads\/2025\/12\/1764942470-ff178-s-acquerello-300x300.jpg 300w, https:\/\/www.interflora.es\/blog\/wp-content\/uploads\/2025\/12\/1764942470-ff178-s-acquerello-1024x1024.jpg 1024w, https:\/\/www.interflora.es\/blog\/wp-content\/uploads\/2025\/12\/1764942470-ff178-s-acquerello-150x150.jpg 150w, https:\/\/www.interflora.es\/blog\/wp-content\/uploads\/2025\/12\/1764942470-ff178-s-acquerello-768x768.jpg 768w, https:\/\/www.interflora.es\/blog\/wp-content\/uploads\/2025\/12\/1764942470-ff178-s-acquerello.jpg 1200w\" sizes=\"auto, (max-width: 300px) 100vw, 300px\" \/><img decoding=\"async\" class=\"lp-badge\" src=\"https:\/\/prodblog.interflora.es\/blog\/wp-content\/uploads\/2025\/04\/220422_INTERFLORA_Main_Logo_rgb_Main_Color.png\" alt=\"Entrega r\u00e1pida\"><\/div><span>Acuarelas<\/span><p>44.99 \u20ac<\/p><span class=\"obf-link lp-cta\" role=\"link\" tabindex=\"0\" data-b64=\"aHR0cHM6Ly93d3cuaW50ZXJmbG9yYS5lcy9wL2FjdWFyZWxhcy8xP3V0bV9tZWRpdW09b3JnYW5pYyZ1dG1fc291cmNlPWJsb2dfcHJvZHVjdHMmdXRtX2NhbXBhaWduPUZGMTc4\" data-target=\"_blank\"><svg xmlns=\"http:\/\/www.w3.org\/2000\/svg\" width=\"16\" height=\"16\" fill=\"currentColor\" class=\"bi bi-bag\" viewBox=\"0 0 16 16\"><path d=\"M8 1a2 2 0 0 1 2 2v1h2.5A1.5 1.5 0 0 1 14 5.5v8A1.5 1.5 0 0 1 12.5 15h-9A1.5 1.5 0 0 1 2 13.5v-8A1.5 1.5 0 0 1 3.5 3H6V2a2 2 0 0 1 2-1zm1 3V3a1 1 0 0 0-2 0v1h2z\"\/><\/svg>Comprar<\/span><p class=\"rapido\">Env\u00edo r\u00e1pido<\/p><\/div><div class=\"lp-produit\"><div class=\"lp-thumbnail-wrapper\"><img loading=\"lazy\" decoding=\"async\" width=\"300\" height=\"300\" src=\"https:\/\/www.interflora.es\/blog\/wp-content\/uploads\/2025\/11\/1706255897-regina-hd-1-300x300.jpg\" class=\"attachment-medium size-medium wp-post-image\" alt=\"\" srcset=\"https:\/\/www.interflora.es\/blog\/wp-content\/uploads\/2025\/11\/1706255897-regina-hd-1-300x300.jpg 300w, https:\/\/www.interflora.es\/blog\/wp-content\/uploads\/2025\/11\/1706255897-regina-hd-1-1024x1024.jpg 1024w, https:\/\/www.interflora.es\/blog\/wp-content\/uploads\/2025\/11\/1706255897-regina-hd-1-150x150.jpg 150w, https:\/\/www.interflora.es\/blog\/wp-content\/uploads\/2025\/11\/1706255897-regina-hd-1-768x768.jpg 768w, https:\/\/www.interflora.es\/blog\/wp-content\/uploads\/2025\/11\/1706255897-regina-hd-1.jpg 1400w\" sizes=\"auto, (max-width: 300px) 100vw, 300px\" \/><img decoding=\"async\" class=\"lp-badge\" src=\"https:\/\/prodblog.interflora.es\/blog\/wp-content\/uploads\/2025\/04\/220422_INTERFLORA_Main_Logo_rgb_Main_Color.png\" alt=\"Entrega r\u00e1pida\"><\/div><span>Reina de corazones<\/span><p>29.99 \u20ac<\/p><span class=\"obf-link lp-cta\" role=\"link\" tabindex=\"0\" data-b64=\"aHR0cHM6Ly93d3cuaW50ZXJmbG9yYS5lcy9wL3JlaW5hLWRlLWNvcmF6b25lcy8xP3V0bV9tZWRpdW09b3JnYW5pYyZ1dG1fc291cmNlPWJsb2dfcHJvZHVjdHMmdXRtX2NhbXBhaWduPUZXRDA0MA==\" data-target=\"_blank\"><svg xmlns=\"http:\/\/www.w3.org\/2000\/svg\" width=\"16\" height=\"16\" fill=\"currentColor\" class=\"bi bi-bag\" viewBox=\"0 0 16 16\"><path d=\"M8 1a2 2 0 0 1 2 2v1h2.5A1.5 1.5 0 0 1 14 5.5v8A1.5 1.5 0 0 1 12.5 15h-9A1.5 1.5 0 0 1 2 13.5v-8A1.5 1.5 0 0 1 3.5 3H6V2a2 2 0 0 1 2-1zm1 3V3a1 1 0 0 0-2 0v1h2z\"\/><\/svg>Comprar<\/span><p class=\"rapido\">Entrega urgente<\/p><\/div><\/div>\n\n\n\n<h2 class=\"wp-block-heading\">Crea tu propia composici\u00f3n de flores silvestres<\/h2>\n\n\n\n<p>Ahora que los d\u00edas fr\u00edos del invierno han quedado atr\u00e1s, cuesta salir de paseo y no volver con algunas <strong>flores cortadas<\/strong> que te recuerden a la primavera. Aprovecha tus escapadas al campo para buscar flores de diferentes <strong>colores <\/strong>y atr\u00e9vete a crear tu propia composici\u00f3n como si fueras un florista profesional. Si todav\u00eda no has le\u00eddo nuestros <a href=\"https:\/\/www.interflora.es\/blog\/las-plantas-en-primavera-cuidados-basicos\/\">cuidados b\u00e1sicos de las flores de primavera<\/a>, puedes empezar por:<\/p>\n\n\n\n<ul class=\"wp-block-list\">\n<li>Cortar el tallo de las flores<\/li>\n\n\n\n<li>Procurar que las hojas no queden sumergidas en el agua<\/li>\n\n\n\n<li>Cambiar el agua peri\u00f3dicamente<\/li>\n<\/ul>\n\n\n\n<p>\u00bfSab\u00edas que las <strong>flores silvestres <\/strong>combinan a la perfecci\u00f3n con todos los ramos de nuestro cat\u00e1logo? Puedes personalizar tus ramos de especies campestres con nuestras <a href=\"https:\/\/www.interflora.es\/flores\/margaritas\">margaritas<\/a>, <a href=\"https:\/\/www.interflora.es\/flores\/lirios\">lirios <\/a>o <a href=\"https:\/\/www.interflora.es\/p\/ramo-de-siemprevivas-f0142\">siemprevivas<\/a>. Sus <strong>p\u00e9talos <\/strong>de tonalidades <strong>blancas<\/strong>, <strong>amarillas <\/strong>o <strong>moradas <\/strong>pegan con todas las variedades de <strong>flores silvestres.<\/strong> Divi\u00e9rtete creando tus propios ramos de <strong>flores naturales<\/strong>, \u00a1el resultado ser\u00e1 espectacular!<\/p>\n\n\n\n<h2 class=\"wp-block-heading\">Ideas para decorar con flores de primavera<\/h2>\n\n\n\n<div class=\"wp-block-columns is-layout-flex wp-container-core-columns-is-layout-28f84493 wp-block-columns-is-layout-flex\">\n<div class=\"wp-block-column is-layout-flow wp-block-column-is-layout-flow\">\n<figure class=\"wp-block-image size-medium is-resized is-style-rounded\"><img decoding=\"async\" src=\"https:\/\/www.interflora.es\/blog\/wp-content\/uploads\/2021\/03\/Interior-1-Flores-silvestres-300x300.jpg\" alt=\"\" class=\"wp-image-9020\" style=\"width:300px;height:300px\"\/><\/figure>\n<\/div>\n\n\n\n<div class=\"wp-block-column is-layout-flow wp-block-column-is-layout-flow\">\n<p>Los <strong>ramos de flores silvestres<\/strong> son una excelente idea para llevar un trozo de <strong>primavera <\/strong>a tu hogar. Si quieres que en tu casa siempre se respire un ambiente <strong>primaveral<\/strong>, puedes secar tus ramos y as\u00ed disfrutar de su aroma y su color todo el a\u00f1o. Las <strong>flores secas<\/strong> tambi\u00e9n te pueden servir para dise\u00f1ar coronas y guirnaldas decorativas, o incluso para crear tus propios centros de mesa.<\/p>\n\n\n\n<p>Otra idea genial para hacer un regalo especial o decorar tu hogar es crear cuadros con <strong>flores prensadas<\/strong>. \u00a1Es m\u00e1s sencillo de lo que parece! Solo tienes que guardar las hojas y <strong>flores de primavera <\/strong>que m\u00e1s te gusten en un libro y, una vez secas, colocarlas entre dos l\u00e1minas de metacrilato y pegar un marco met\u00e1lico o de madera. \u00a1Da rienda suelta a tu creatividad y disfruta de la magia de la primavera en invierno, oto\u00f1o y verano!<\/p>\n<\/div>\n<\/div>\n\n\n\n<h2 class=\"wp-block-heading\">Regala flores de primavera<\/h2>\n\n\n\n<p>En nuestro cat\u00e1logo online encontrar\u00e1s composiciones florales \u00fanicas y coloridas que recuerdan a la estaci\u00f3n m\u00e1s alegre del a\u00f1o. Nuestras<strong> flores de primavera<\/strong> son ideales para decorar tu hogar o regalar y contagiar felicidad. Si buscas un regalo para alguien especial, no puedes perderte nuestra selecci\u00f3n de <a href=\"https:\/\/www.interflora.es\/flores\/primavera\">ramos de primavera<\/a>. Nuestros floristas preparan todos los ramos en el d\u00eda y los entregan en mano en cualquier punto de Espa\u00f1a e incluso en el extranjero. \u00a1Disfruta de la <strong>primavera <\/strong>con la colecci\u00f3n de Interflora!<\/p>\n\n\n\n<figure class=\"wp-block-gallery has-nested-images columns-default is-cropped wp-block-gallery-2 is-layout-flex wp-block-gallery-is-layout-flex\">\n<figure class=\"wp-block-image size-large\"><img decoding=\"async\" data-id=\"9029\" src=\"https:\/\/www.interflora.es\/blog\/wp-content\/uploads\/2021\/03\/Interior-producto-2-Flores-silvestres.jpg\" alt=\"\" class=\"wp-image-9029\"\/><figcaption class=\"wp-element-caption\"><a data-type=\"URL\" data-id=\"https:\/\/www.interflora.es\/p\/ramo-variado-romantico-f0107\" href=\"https:\/\/www.interflora.es\/p\/ramo-variado-romantico-f0107\" target=\"_blank\" rel=\"noreferrer noopener\">Templanza<\/a><\/figcaption><\/figure>\n\n\n\n<figure class=\"wp-block-image size-large\"><img decoding=\"async\" data-id=\"9028\" src=\"https:\/\/www.interflora.es\/blog\/wp-content\/uploads\/2021\/03\/Interior-producto-1-flores-silvestres.jpg\" alt=\"\" class=\"wp-image-9028\"\/><figcaption class=\"wp-element-caption\"><a data-type=\"URL\" data-id=\"https:\/\/www.interflora.es\/p\/12-rosas-rosas-de-tallo-corto-r0108\" href=\"https:\/\/www.interflora.es\/p\/12-rosas-rosas-de-tallo-corto-r0108\" target=\"_blank\" rel=\"noreferrer noopener\">Gracias<\/a><\/figcaption><\/figure>\n<\/figure>\n","protected":false},"excerpt":{"rendered":"<p>A finales de marzo, cuando el fr\u00edo del invierno da paso a la primavera, una colorida estampa se repite en [&hellip;]<\/p>\n","protected":false},"author":13,"featured_media":34981,"comment_status":"open","ping_status":"open","sticky":false,"template":"","format":"standard","meta":{"_acf_changed":false,"_uag_custom_page_level_css":"","site-sidebar-layout":"default","site-content-layout":"","ast-site-content-layout":"default","site-content-style":"default","site-sidebar-style":"default","ast-global-header-display":"","ast-banner-title-visibility":"","ast-main-header-display":"","ast-hfb-above-header-display":"","ast-hfb-below-header-display":"","ast-hfb-mobile-header-display":"","site-post-title":"","ast-breadcrumbs-content":"","ast-featured-img":"","footer-sml-layout":"","theme-transparent-header-meta":"","adv-header-id-meta":"","stick-header-meta":"","header-above-stick-meta":"","header-main-stick-meta":"","header-below-stick-meta":"","astra-migrate-meta-layouts":"default","ast-page-background-enabled":"default","ast-page-background-meta":{"desktop":{"background-color":"var(--ast-global-color-5)","background-image":"","background-repeat":"repeat","background-position":"center center","background-size":"auto","background-attachment":"scroll","background-type":"","background-media":"","overlay-type":"","overlay-color":"","overlay-opacity":"","overlay-gradient":""},"tablet":{"background-color":"","background-image":"","background-repeat":"repeat","background-position":"center center","background-size":"auto","background-attachment":"scroll","background-type":"","background-media":"","overlay-type":"","overlay-color":"","overlay-opacity":"","overlay-gradient":""},"mobile":{"background-color":"","background-image":"","background-repeat":"repeat","background-position":"center center","background-size":"auto","background-attachment":"scroll","background-type":"","background-media":"","overlay-type":"","overlay-color":"","overlay-opacity":"","overlay-gradient":""}},"ast-content-background-meta":{"desktop":{"background-color":"var(--ast-global-color-4)","background-image":"","background-repeat":"repeat","background-position":"center center","background-size":"auto","background-attachment":"scroll","background-type":"","background-media":"","overlay-type":"","overlay-color":"","overlay-opacity":"","overlay-gradient":""},"tablet":{"background-color":"var(--ast-global-color-4)","background-image":"","background-repeat":"repeat","background-position":"center center","background-size":"auto","background-attachment":"scroll","background-type":"","background-media":"","overlay-type":"","overlay-color":"","overlay-opacity":"","overlay-gradient":""},"mobile":{"background-color":"var(--ast-global-color-4)","background-image":"","background-repeat":"repeat","background-position":"center center","background-size":"auto","background-attachment":"scroll","background-type":"","background-media":"","overlay-type":"","overlay-color":"","overlay-opacity":"","overlay-gradient":""}},"footnotes":""},"categories":[28,203],"tags":[],"class_list":["post-9019","post","type-post","status-publish","format-standard","has-post-thumbnail","hentry","category-flores-y-plantas","category-primavera"],"acf":[],"yoast_head":"<!-- This site is optimized with the Yoast SEO plugin v27.5 - https:\/\/yoast.com\/product\/yoast-seo-wordpress\/ -->\n<title>Flores silvestres para dar la bienvenida a la primavera | Interflora<\/title>\n<meta name=\"description\" content=\"El campo se llena de flores silvestres con la llegada de la primavera. Descubre con Interflora flores del campo y \u00a1disfruta de la primavera!\" \/>\n<meta name=\"robots\" content=\"index, follow, max-snippet:-1, max-image-preview:large, max-video-preview:-1\" \/>\n<link rel=\"canonical\" href=\"https:\/\/www.interflora.es\/blog\/12-flores-silvestres-para-disfrutar-de-la-primavera\/\" \/>\n<script type=\"application\/ld+json\" class=\"yoast-schema-graph\">{\"@context\":\"https:\\\/\\\/schema.org\",\"@graph\":[{\"@type\":\"Article\",\"@id\":\"https:\\\/\\\/www.interflora.es\\\/blog\\\/12-flores-silvestres-para-disfrutar-de-la-primavera\\\/#article\",\"isPartOf\":{\"@id\":\"https:\\\/\\\/www.interflora.es\\\/blog\\\/12-flores-silvestres-para-disfrutar-de-la-primavera\\\/\"},\"author\":{\"name\":\"Interflora\",\"@id\":\"https:\\\/\\\/www.interflora.es\\\/blog\\\/#\\\/schema\\\/person\\\/e3ecff50262948e365b92682cdc2a9d1\"},\"headline\":\"Flores silvestres para dar la bienvenida a la primavera\",\"datePublished\":\"2026-03-18T11:10:14+00:00\",\"dateModified\":\"2026-03-23T11:49:27+00:00\",\"mainEntityOfPage\":{\"@id\":\"https:\\\/\\\/www.interflora.es\\\/blog\\\/12-flores-silvestres-para-disfrutar-de-la-primavera\\\/\"},\"wordCount\":1122,\"commentCount\":0,\"publisher\":{\"@id\":\"https:\\\/\\\/www.interflora.es\\\/blog\\\/#organization\"},\"image\":{\"@id\":\"https:\\\/\\\/www.interflora.es\\\/blog\\\/12-flores-silvestres-para-disfrutar-de-la-primavera\\\/#primaryimage\"},\"thumbnailUrl\":\"https:\\\/\\\/www.interflora.es\\\/blog\\\/wp-content\\\/uploads\\\/2026\\\/03\\\/primavera-53.jpg\",\"articleSection\":[\"Flores y plantas\",\"Primavera\"],\"inLanguage\":\"es\",\"potentialAction\":[{\"@type\":\"CommentAction\",\"name\":\"Comment\",\"target\":[\"https:\\\/\\\/www.interflora.es\\\/blog\\\/12-flores-silvestres-para-disfrutar-de-la-primavera\\\/#respond\"]}]},{\"@type\":\"WebPage\",\"@id\":\"https:\\\/\\\/www.interflora.es\\\/blog\\\/12-flores-silvestres-para-disfrutar-de-la-primavera\\\/\",\"url\":\"https:\\\/\\\/www.interflora.es\\\/blog\\\/12-flores-silvestres-para-disfrutar-de-la-primavera\\\/\",\"name\":\"Flores silvestres para dar la bienvenida a la primavera | Interflora\",\"isPartOf\":{\"@id\":\"https:\\\/\\\/www.interflora.es\\\/blog\\\/#website\"},\"primaryImageOfPage\":{\"@id\":\"https:\\\/\\\/www.interflora.es\\\/blog\\\/12-flores-silvestres-para-disfrutar-de-la-primavera\\\/#primaryimage\"},\"image\":{\"@id\":\"https:\\\/\\\/www.interflora.es\\\/blog\\\/12-flores-silvestres-para-disfrutar-de-la-primavera\\\/#primaryimage\"},\"thumbnailUrl\":\"https:\\\/\\\/www.interflora.es\\\/blog\\\/wp-content\\\/uploads\\\/2026\\\/03\\\/primavera-53.jpg\",\"datePublished\":\"2026-03-18T11:10:14+00:00\",\"dateModified\":\"2026-03-23T11:49:27+00:00\",\"description\":\"El campo se llena de flores silvestres con la llegada de la primavera. Descubre con Interflora flores del campo y \u00a1disfruta de la primavera!\",\"breadcrumb\":{\"@id\":\"https:\\\/\\\/www.interflora.es\\\/blog\\\/12-flores-silvestres-para-disfrutar-de-la-primavera\\\/#breadcrumb\"},\"inLanguage\":\"es\",\"potentialAction\":[{\"@type\":\"ReadAction\",\"target\":[\"https:\\\/\\\/www.interflora.es\\\/blog\\\/12-flores-silvestres-para-disfrutar-de-la-primavera\\\/\"]}]},{\"@type\":\"ImageObject\",\"inLanguage\":\"es\",\"@id\":\"https:\\\/\\\/www.interflora.es\\\/blog\\\/12-flores-silvestres-para-disfrutar-de-la-primavera\\\/#primaryimage\",\"url\":\"https:\\\/\\\/www.interflora.es\\\/blog\\\/wp-content\\\/uploads\\\/2026\\\/03\\\/primavera-53.jpg\",\"contentUrl\":\"https:\\\/\\\/www.interflora.es\\\/blog\\\/wp-content\\\/uploads\\\/2026\\\/03\\\/primavera-53.jpg\",\"width\":1000,\"height\":667,\"caption\":\"Evoto\"},{\"@type\":\"BreadcrumbList\",\"@id\":\"https:\\\/\\\/www.interflora.es\\\/blog\\\/12-flores-silvestres-para-disfrutar-de-la-primavera\\\/#breadcrumb\",\"itemListElement\":[{\"@type\":\"ListItem\",\"position\":1,\"name\":\"Home\",\"item\":\"https:\\\/\\\/www.interflora.es\\\/blog\\\/\"},{\"@type\":\"ListItem\",\"position\":2,\"name\":\"Flores silvestres para dar la bienvenida a la primavera\"}]},{\"@type\":\"WebSite\",\"@id\":\"https:\\\/\\\/www.interflora.es\\\/blog\\\/#website\",\"url\":\"https:\\\/\\\/www.interflora.es\\\/blog\\\/\",\"name\":\"El blog de Interflora : consejos, ideas e inspiraci\u00f3n para disfrutar de las flores y las plantas\",\"description\":\"\",\"publisher\":{\"@id\":\"https:\\\/\\\/www.interflora.es\\\/blog\\\/#organization\"},\"potentialAction\":[{\"@type\":\"SearchAction\",\"target\":{\"@type\":\"EntryPoint\",\"urlTemplate\":\"https:\\\/\\\/www.interflora.es\\\/blog\\\/?s={search_term_string}\"},\"query-input\":{\"@type\":\"PropertyValueSpecification\",\"valueRequired\":true,\"valueName\":\"search_term_string\"}}],\"inLanguage\":\"es\"},{\"@type\":\"Organization\",\"@id\":\"https:\\\/\\\/www.interflora.es\\\/blog\\\/#organization\",\"name\":\"El blog de Interflora : consejos, ideas e inspiraci\u00f3n para disfrutar de las flores y las plantas\",\"url\":\"https:\\\/\\\/www.interflora.es\\\/blog\\\/\",\"logo\":{\"@type\":\"ImageObject\",\"inLanguage\":\"es\",\"@id\":\"https:\\\/\\\/www.interflora.es\\\/blog\\\/#\\\/schema\\\/logo\\\/image\\\/\",\"url\":\"https:\\\/\\\/www.interflora.es\\\/blog\\\/wp-content\\\/uploads\\\/2025\\\/10\\\/cropped-220422_INTERFLORA_Logo_rgb_Half_Top_Circle_Main_Color.png\",\"contentUrl\":\"https:\\\/\\\/www.interflora.es\\\/blog\\\/wp-content\\\/uploads\\\/2025\\\/10\\\/cropped-220422_INTERFLORA_Logo_rgb_Half_Top_Circle_Main_Color.png\",\"width\":1418,\"height\":659,\"caption\":\"El blog de Interflora : consejos, ideas e inspiraci\u00f3n para disfrutar de las flores y las plantas\"},\"image\":{\"@id\":\"https:\\\/\\\/www.interflora.es\\\/blog\\\/#\\\/schema\\\/logo\\\/image\\\/\"}},{\"@type\":\"Person\",\"@id\":\"https:\\\/\\\/www.interflora.es\\\/blog\\\/#\\\/schema\\\/person\\\/e3ecff50262948e365b92682cdc2a9d1\",\"name\":\"Interflora\",\"image\":{\"@type\":\"ImageObject\",\"inLanguage\":\"es\",\"@id\":\"https:\\\/\\\/www.interflora.es\\\/blog\\\/wp-content\\\/litespeed\\\/avatar\\\/ef0a9e22ccabc545011ca74a630eaf3e.jpg?ver=1777555250\",\"url\":\"https:\\\/\\\/www.interflora.es\\\/blog\\\/wp-content\\\/litespeed\\\/avatar\\\/ef0a9e22ccabc545011ca74a630eaf3e.jpg?ver=1777555250\",\"contentUrl\":\"https:\\\/\\\/www.interflora.es\\\/blog\\\/wp-content\\\/litespeed\\\/avatar\\\/ef0a9e22ccabc545011ca74a630eaf3e.jpg?ver=1777555250\",\"caption\":\"Interflora\"}}]}<\/script>\n<!-- \/ Yoast SEO plugin. -->","yoast_head_json":{"title":"Flores silvestres para dar la bienvenida a la primavera | Interflora","description":"El campo se llena de flores silvestres con la llegada de la primavera. Descubre con Interflora flores del campo y \u00a1disfruta de la primavera!","robots":{"index":"index","follow":"follow","max-snippet":"max-snippet:-1","max-image-preview":"max-image-preview:large","max-video-preview":"max-video-preview:-1"},"canonical":"https:\/\/www.interflora.es\/blog\/12-flores-silvestres-para-disfrutar-de-la-primavera\/","schema":{"@context":"https:\/\/schema.org","@graph":[{"@type":"Article","@id":"https:\/\/www.interflora.es\/blog\/12-flores-silvestres-para-disfrutar-de-la-primavera\/#article","isPartOf":{"@id":"https:\/\/www.interflora.es\/blog\/12-flores-silvestres-para-disfrutar-de-la-primavera\/"},"author":{"name":"Interflora","@id":"https:\/\/www.interflora.es\/blog\/#\/schema\/person\/e3ecff50262948e365b92682cdc2a9d1"},"headline":"Flores silvestres para dar la bienvenida a la primavera","datePublished":"2026-03-18T11:10:14+00:00","dateModified":"2026-03-23T11:49:27+00:00","mainEntityOfPage":{"@id":"https:\/\/www.interflora.es\/blog\/12-flores-silvestres-para-disfrutar-de-la-primavera\/"},"wordCount":1122,"commentCount":0,"publisher":{"@id":"https:\/\/www.interflora.es\/blog\/#organization"},"image":{"@id":"https:\/\/www.interflora.es\/blog\/12-flores-silvestres-para-disfrutar-de-la-primavera\/#primaryimage"},"thumbnailUrl":"https:\/\/www.interflora.es\/blog\/wp-content\/uploads\/2026\/03\/primavera-53.jpg","articleSection":["Flores y plantas","Primavera"],"inLanguage":"es","potentialAction":[{"@type":"CommentAction","name":"Comment","target":["https:\/\/www.interflora.es\/blog\/12-flores-silvestres-para-disfrutar-de-la-primavera\/#respond"]}]},{"@type":"WebPage","@id":"https:\/\/www.interflora.es\/blog\/12-flores-silvestres-para-disfrutar-de-la-primavera\/","url":"https:\/\/www.interflora.es\/blog\/12-flores-silvestres-para-disfrutar-de-la-primavera\/","name":"Flores silvestres para dar la bienvenida a la primavera | Interflora","isPartOf":{"@id":"https:\/\/www.interflora.es\/blog\/#website"},"primaryImageOfPage":{"@id":"https:\/\/www.interflora.es\/blog\/12-flores-silvestres-para-disfrutar-de-la-primavera\/#primaryimage"},"image":{"@id":"https:\/\/www.interflora.es\/blog\/12-flores-silvestres-para-disfrutar-de-la-primavera\/#primaryimage"},"thumbnailUrl":"https:\/\/www.interflora.es\/blog\/wp-content\/uploads\/2026\/03\/primavera-53.jpg","datePublished":"2026-03-18T11:10:14+00:00","dateModified":"2026-03-23T11:49:27+00:00","description":"El campo se llena de flores silvestres con la llegada de la primavera. Descubre con Interflora flores del campo y \u00a1disfruta de la primavera!","breadcrumb":{"@id":"https:\/\/www.interflora.es\/blog\/12-flores-silvestres-para-disfrutar-de-la-primavera\/#breadcrumb"},"inLanguage":"es","potentialAction":[{"@type":"ReadAction","target":["https:\/\/www.interflora.es\/blog\/12-flores-silvestres-para-disfrutar-de-la-primavera\/"]}]},{"@type":"ImageObject","inLanguage":"es","@id":"https:\/\/www.interflora.es\/blog\/12-flores-silvestres-para-disfrutar-de-la-primavera\/#primaryimage","url":"https:\/\/www.interflora.es\/blog\/wp-content\/uploads\/2026\/03\/primavera-53.jpg","contentUrl":"https:\/\/www.interflora.es\/blog\/wp-content\/uploads\/2026\/03\/primavera-53.jpg","width":1000,"height":667,"caption":"Evoto"},{"@type":"BreadcrumbList","@id":"https:\/\/www.interflora.es\/blog\/12-flores-silvestres-para-disfrutar-de-la-primavera\/#breadcrumb","itemListElement":[{"@type":"ListItem","position":1,"name":"Home","item":"https:\/\/www.interflora.es\/blog\/"},{"@type":"ListItem","position":2,"name":"Flores silvestres para dar la bienvenida a la primavera"}]},{"@type":"WebSite","@id":"https:\/\/www.interflora.es\/blog\/#website","url":"https:\/\/www.interflora.es\/blog\/","name":"El blog de Interflora : consejos, ideas e inspiraci\u00f3n para disfrutar de las flores y las plantas","description":"","publisher":{"@id":"https:\/\/www.interflora.es\/blog\/#organization"},"potentialAction":[{"@type":"SearchAction","target":{"@type":"EntryPoint","urlTemplate":"https:\/\/www.interflora.es\/blog\/?s={search_term_string}"},"query-input":{"@type":"PropertyValueSpecification","valueRequired":true,"valueName":"search_term_string"}}],"inLanguage":"es"},{"@type":"Organization","@id":"https:\/\/www.interflora.es\/blog\/#organization","name":"El blog de Interflora : consejos, ideas e inspiraci\u00f3n para disfrutar de las flores y las plantas","url":"https:\/\/www.interflora.es\/blog\/","logo":{"@type":"ImageObject","inLanguage":"es","@id":"https:\/\/www.interflora.es\/blog\/#\/schema\/logo\/image\/","url":"https:\/\/www.interflora.es\/blog\/wp-content\/uploads\/2025\/10\/cropped-220422_INTERFLORA_Logo_rgb_Half_Top_Circle_Main_Color.png","contentUrl":"https:\/\/www.interflora.es\/blog\/wp-content\/uploads\/2025\/10\/cropped-220422_INTERFLORA_Logo_rgb_Half_Top_Circle_Main_Color.png","width":1418,"height":659,"caption":"El blog de Interflora : consejos, ideas e inspiraci\u00f3n para disfrutar de las flores y las plantas"},"image":{"@id":"https:\/\/www.interflora.es\/blog\/#\/schema\/logo\/image\/"}},{"@type":"Person","@id":"https:\/\/www.interflora.es\/blog\/#\/schema\/person\/e3ecff50262948e365b92682cdc2a9d1","name":"Interflora","image":{"@type":"ImageObject","inLanguage":"es","@id":"https:\/\/www.interflora.es\/blog\/wp-content\/litespeed\/avatar\/ef0a9e22ccabc545011ca74a630eaf3e.jpg?ver=1777555250","url":"https:\/\/www.interflora.es\/blog\/wp-content\/litespeed\/avatar\/ef0a9e22ccabc545011ca74a630eaf3e.jpg?ver=1777555250","contentUrl":"https:\/\/www.interflora.es\/blog\/wp-content\/litespeed\/avatar\/ef0a9e22ccabc545011ca74a630eaf3e.jpg?ver=1777555250","caption":"Interflora"}}]}},"uagb_featured_image_src":{"full":["https:\/\/www.interflora.es\/blog\/wp-content\/uploads\/2026\/03\/primavera-53.jpg",1000,667,false],"thumbnail":["https:\/\/www.interflora.es\/blog\/wp-content\/uploads\/2026\/03\/primavera-53-150x150.jpg",150,150,true],"medium":["https:\/\/www.interflora.es\/blog\/wp-content\/uploads\/2026\/03\/primavera-53-300x200.jpg",300,200,true],"medium_large":["https:\/\/www.interflora.es\/blog\/wp-content\/uploads\/2026\/03\/primavera-53-768x512.jpg",768,512,true],"large":["https:\/\/www.interflora.es\/blog\/wp-content\/uploads\/2026\/03\/primavera-53.jpg",1000,667,false],"1536x1536":["https:\/\/www.interflora.es\/blog\/wp-content\/uploads\/2026\/03\/primavera-53.jpg",1000,667,false],"2048x2048":["https:\/\/www.interflora.es\/blog\/wp-content\/uploads\/2026\/03\/primavera-53.jpg",1000,667,false]},"uagb_author_info":{"display_name":"Interflora","author_link":"https:\/\/www.interflora.es\/blog\/author\/interflora\/"},"uagb_comment_info":2,"uagb_excerpt":"A finales de marzo, cuando el fr\u00edo del invierno da paso a la primavera, una colorida estampa se repite en [&hellip;]","_links":{"self":[{"href":"https:\/\/www.interflora.es\/blog\/wp-json\/wp\/v2\/posts\/9019","targetHints":{"allow":["GET"]}}],"collection":[{"href":"https:\/\/www.interflora.es\/blog\/wp-json\/wp\/v2\/posts"}],"about":[{"href":"https:\/\/www.interflora.es\/blog\/wp-json\/wp\/v2\/types\/post"}],"author":[{"embeddable":true,"href":"https:\/\/www.interflora.es\/blog\/wp-json\/wp\/v2\/users\/13"}],"replies":[{"embeddable":true,"href":"https:\/\/www.interflora.es\/blog\/wp-json\/wp\/v2\/comments?post=9019"}],"version-history":[{"count":4,"href":"https:\/\/www.interflora.es\/blog\/wp-json\/wp\/v2\/posts\/9019\/revisions"}],"predecessor-version":[{"id":35210,"href":"https:\/\/www.interflora.es\/blog\/wp-json\/wp\/v2\/posts\/9019\/revisions\/35210"}],"wp:featuredmedia":[{"embeddable":true,"href":"https:\/\/www.interflora.es\/blog\/wp-json\/wp\/v2\/media\/34981"}],"wp:attachment":[{"href":"https:\/\/www.interflora.es\/blog\/wp-json\/wp\/v2\/media?parent=9019"}],"wp:term":[{"taxonomy":"category","embeddable":true,"href":"https:\/\/www.interflora.es\/blog\/wp-json\/wp\/v2\/categories?post=9019"},{"taxonomy":"post_tag","embeddable":true,"href":"https:\/\/www.interflora.es\/blog\/wp-json\/wp\/v2\/tags?post=9019"}],"curies":[{"name":"wp","href":"https:\/\/api.w.org\/{rel}","templated":true}]}}