{"id":8187,"date":"2019-01-23T13:47:31","date_gmt":"2019-01-23T12:47:31","guid":{"rendered":"https:\/\/www.interflora.es\/blog\/?p=8187"},"modified":"2026-01-14T09:48:39","modified_gmt":"2026-01-14T08:48:39","slug":"grandes-historias-amor","status":"publish","type":"post","link":"https:\/\/www.interflora.es\/blog\/grandes-historias-amor\/","title":{"rendered":"Grandes historias de amor para recordar en San Valent\u00edn"},"content":{"rendered":"\n<p>A lo largo de la historia ha habido&nbsp;<strong>grandes historias de amor<\/strong>&nbsp;que se han ido contando generaci\u00f3n tras generaci\u00f3n y que se han quedado en nuestra memoria. Amores muy reales de princesas y pr\u00edncipes, historias de amor llevadas al cine, leyendas rom\u00e1nticas de cuento\u2026 Y es que existen infinitas historias de amor, tantas como parejas. En&nbsp;<a rel=\"noreferrer noopener\" href=\"https:\/\/www.interflora.es\/flores-san-valentin\" target=\"_blank\">Interflora nos anticipamos a San Valent\u00edn<\/a>&nbsp;y compartimos algunas de esas grandes historias de amor contigo. El amor verdadero acaba triunfando y a casi todos nos gusta escuchar estas&nbsp;<strong>rom\u00e1nticas historias<\/strong>. Insp\u00edrate con estos amores y&nbsp;<strong>celebra el 14 de febrero<\/strong>&nbsp;con mucho romanticismo. Recuerda que s\u00f3lo necesitas un&nbsp;<a rel=\"noreferrer noopener\" href=\"https:\/\/www.interflora.es\/p\/6-rosas-rojas-de-tallo-largo-r0104\" target=\"_blank\">ramo de rosas rojas<\/a>&nbsp;para decir<strong>&nbsp;\u201cTe quiero\u201d<\/strong>&nbsp;el pr\u00f3ximo D\u00eda de San Valent\u00edn.<br><\/p>\n\n\n<div class=\"lp-produits-grid\"><div class=\"lp-produit\"><div class=\"lp-thumbnail-wrapper\"><img loading=\"lazy\" decoding=\"async\" width=\"300\" height=\"300\" src=\"https:\/\/www.interflora.es\/blog\/wp-content\/uploads\/2025\/12\/1766488441-ff174-s-tulipanes-arcoiris-300x300.jpg\" class=\"attachment-medium size-medium wp-post-image\" alt=\"\" srcset=\"https:\/\/www.interflora.es\/blog\/wp-content\/uploads\/2025\/12\/1766488441-ff174-s-tulipanes-arcoiris-300x300.jpg 300w, https:\/\/www.interflora.es\/blog\/wp-content\/uploads\/2025\/12\/1766488441-ff174-s-tulipanes-arcoiris-1024x1024.jpg 1024w, https:\/\/www.interflora.es\/blog\/wp-content\/uploads\/2025\/12\/1766488441-ff174-s-tulipanes-arcoiris-150x150.jpg 150w, https:\/\/www.interflora.es\/blog\/wp-content\/uploads\/2025\/12\/1766488441-ff174-s-tulipanes-arcoiris-768x768.jpg 768w, https:\/\/www.interflora.es\/blog\/wp-content\/uploads\/2025\/12\/1766488441-ff174-s-tulipanes-arcoiris-1536x1536.jpg 1536w, https:\/\/www.interflora.es\/blog\/wp-content\/uploads\/2025\/12\/1766488441-ff174-s-tulipanes-arcoiris-2048x2048.jpg 2048w\" sizes=\"auto, (max-width: 300px) 100vw, 300px\" \/><img decoding=\"async\" class=\"lp-badge\" src=\"https:\/\/prodblog.interflora.es\/blog\/wp-content\/uploads\/2025\/04\/220422_INTERFLORA_Main_Logo_rgb_Main_Color.png\" alt=\"Entrega r\u00e1pida\"><\/div><span>Tulipanes Arcoiris<\/span><p>37.99 \u20ac<\/p><span class=\"obf-link lp-cta\" role=\"link\" tabindex=\"0\" data-b64=\"aHR0cHM6Ly93d3cuaW50ZXJmbG9yYS5lcy9wL3R1bGlwYW5lcy1tdWx0aWNvbG9yLzE\/dXRtX21lZGl1bT1vcmdhbmljJnV0bV9zb3VyY2U9YmxvZ19wcm9kdWN0cyZ1dG1fY2FtcGFpZ249RkYxNzQ=\" data-target=\"_blank\"><svg xmlns=\"http:\/\/www.w3.org\/2000\/svg\" width=\"16\" height=\"16\" fill=\"currentColor\" class=\"bi bi-bag\" viewBox=\"0 0 16 16\"><path d=\"M8 1a2 2 0 0 1 2 2v1h2.5A1.5 1.5 0 0 1 14 5.5v8A1.5 1.5 0 0 1 12.5 15h-9A1.5 1.5 0 0 1 2 13.5v-8A1.5 1.5 0 0 1 3.5 3H6V2a2 2 0 0 1 2-1zm1 3V3a1 1 0 0 0-2 0v1h2z\"\/><\/svg>Comprar<\/span><p class=\"rapido\">Entrega en el d\u00eda<\/p><\/div><div class=\"lp-produit\"><div class=\"lp-thumbnail-wrapper\"><img loading=\"lazy\" decoding=\"async\" width=\"300\" height=\"300\" src=\"https:\/\/www.interflora.es\/blog\/wp-content\/uploads\/2025\/07\/1750407506-ff153-model-300x300.jpg\" class=\"attachment-medium size-medium wp-post-image\" alt=\"\" srcset=\"https:\/\/www.interflora.es\/blog\/wp-content\/uploads\/2025\/07\/1750407506-ff153-model-300x300.jpg 300w, https:\/\/www.interflora.es\/blog\/wp-content\/uploads\/2025\/07\/1750407506-ff153-model-1024x1024.jpg 1024w, https:\/\/www.interflora.es\/blog\/wp-content\/uploads\/2025\/07\/1750407506-ff153-model-150x150.jpg 150w, https:\/\/www.interflora.es\/blog\/wp-content\/uploads\/2025\/07\/1750407506-ff153-model-768x768.jpg 768w, https:\/\/www.interflora.es\/blog\/wp-content\/uploads\/2025\/07\/1750407506-ff153-model-1536x1536.jpg 1536w, https:\/\/www.interflora.es\/blog\/wp-content\/uploads\/2025\/07\/1750407506-ff153-model-2048x2048.jpg 2048w\" sizes=\"auto, (max-width: 300px) 100vw, 300px\" \/><img decoding=\"async\" class=\"lp-badge\" src=\"https:\/\/prodblog.interflora.es\/blog\/wp-content\/uploads\/2025\/04\/220422_INTERFLORA_Main_Logo_rgb_Main_Color.png\" alt=\"Entrega r\u00e1pida\"><\/div><span>Amor de verdad<\/span><p>69.99 \u20ac<\/p><span class=\"obf-link lp-cta\" role=\"link\" tabindex=\"0\" data-b64=\"aHR0cHM6Ly93d3cuaW50ZXJmbG9yYS5lcy9wL3JhbW8tZGUtZmxvcmVzLWFtb3ItZGUtdmVyZGFkLzE\/dXRtX21lZGl1bT1vcmdhbmljJnV0bV9zb3VyY2U9YmxvZ19wcm9kdWN0cyZ1dG1fY2FtcGFpZ249RkYxNTM=\" data-target=\"_blank\"><svg xmlns=\"http:\/\/www.w3.org\/2000\/svg\" width=\"16\" height=\"16\" fill=\"currentColor\" class=\"bi bi-bag\" viewBox=\"0 0 16 16\"><path d=\"M8 1a2 2 0 0 1 2 2v1h2.5A1.5 1.5 0 0 1 14 5.5v8A1.5 1.5 0 0 1 12.5 15h-9A1.5 1.5 0 0 1 2 13.5v-8A1.5 1.5 0 0 1 3.5 3H6V2a2 2 0 0 1 2-1zm1 3V3a1 1 0 0 0-2 0v1h2z\"\/><\/svg>Comprar<\/span><p class=\"rapido\">Entrega urgente<\/p><\/div><div class=\"lp-produit\"><div class=\"lp-thumbnail-wrapper\"><img loading=\"lazy\" decoding=\"async\" width=\"300\" height=\"300\" src=\"https:\/\/www.interflora.es\/blog\/wp-content\/uploads\/2025\/07\/1750411785-ff155-model-hand-300x300.jpg\" class=\"attachment-medium size-medium wp-post-image\" alt=\"\" srcset=\"https:\/\/www.interflora.es\/blog\/wp-content\/uploads\/2025\/07\/1750411785-ff155-model-hand-300x300.jpg 300w, https:\/\/www.interflora.es\/blog\/wp-content\/uploads\/2025\/07\/1750411785-ff155-model-hand-1024x1024.jpg 1024w, https:\/\/www.interflora.es\/blog\/wp-content\/uploads\/2025\/07\/1750411785-ff155-model-hand-150x150.jpg 150w, https:\/\/www.interflora.es\/blog\/wp-content\/uploads\/2025\/07\/1750411785-ff155-model-hand-768x768.jpg 768w, https:\/\/www.interflora.es\/blog\/wp-content\/uploads\/2025\/07\/1750411785-ff155-model-hand-1536x1536.jpg 1536w, https:\/\/www.interflora.es\/blog\/wp-content\/uploads\/2025\/07\/1750411785-ff155-model-hand-2048x2048.jpg 2048w\" sizes=\"auto, (max-width: 300px) 100vw, 300px\" \/><img decoding=\"async\" class=\"lp-badge\" src=\"https:\/\/prodblog.interflora.es\/blog\/wp-content\/uploads\/2025\/04\/220422_INTERFLORA_Main_Logo_rgb_Main_Color.png\" alt=\"Entrega r\u00e1pida\"><\/div><span>Besito<\/span><p>29.99 \u20ac<\/p><span class=\"obf-link lp-cta\" role=\"link\" tabindex=\"0\" data-b64=\"aHR0cHM6Ly93d3cuaW50ZXJmbG9yYS5lcy9wL3JhbW8tZGUtZmxvcmVzLWJlc2l0by8xP3V0bV9tZWRpdW09b3JnYW5pYyZ1dG1fc291cmNlPWJsb2dfcHJvZHVjdHMmdXRtX2NhbXBhaWduPUZGMTU1\" data-target=\"_blank\"><svg xmlns=\"http:\/\/www.w3.org\/2000\/svg\" width=\"16\" height=\"16\" fill=\"currentColor\" class=\"bi bi-bag\" viewBox=\"0 0 16 16\"><path d=\"M8 1a2 2 0 0 1 2 2v1h2.5A1.5 1.5 0 0 1 14 5.5v8A1.5 1.5 0 0 1 12.5 15h-9A1.5 1.5 0 0 1 2 13.5v-8A1.5 1.5 0 0 1 3.5 3H6V2a2 2 0 0 1 2-1zm1 3V3a1 1 0 0 0-2 0v1h2z\"\/><\/svg>Comprar<\/span><p class=\"rapido\">Selecci\u00f3n Interflora<\/p><\/div><div class=\"lp-produit\"><div class=\"lp-thumbnail-wrapper\"><img loading=\"lazy\" decoding=\"async\" width=\"300\" height=\"300\" src=\"https:\/\/www.interflora.es\/blog\/wp-content\/uploads\/2025\/04\/1706254067-treroserosse-hd-1-300x300.jpg\" class=\"attachment-medium size-medium wp-post-image\" alt=\"\" srcset=\"https:\/\/www.interflora.es\/blog\/wp-content\/uploads\/2025\/04\/1706254067-treroserosse-hd-1-300x300.jpg 300w, https:\/\/www.interflora.es\/blog\/wp-content\/uploads\/2025\/04\/1706254067-treroserosse-hd-1-1024x1024.jpg 1024w, https:\/\/www.interflora.es\/blog\/wp-content\/uploads\/2025\/04\/1706254067-treroserosse-hd-1-150x150.jpg 150w, https:\/\/www.interflora.es\/blog\/wp-content\/uploads\/2025\/04\/1706254067-treroserosse-hd-1-768x768.jpg 768w, https:\/\/www.interflora.es\/blog\/wp-content\/uploads\/2025\/04\/1706254067-treroserosse-hd-1.jpg 1400w\" sizes=\"auto, (max-width: 300px) 100vw, 300px\" \/><img decoding=\"async\" class=\"lp-badge\" src=\"https:\/\/prodblog.interflora.es\/blog\/wp-content\/uploads\/2025\/04\/220422_INTERFLORA_Main_Logo_rgb_Main_Color.png\" alt=\"Entrega r\u00e1pida\"><\/div><span>Tercia<\/span><p>27.99 \u20ac<\/p><span class=\"obf-link lp-cta\" role=\"link\" tabindex=\"0\" data-b64=\"aHR0cHM6Ly93d3cuaW50ZXJmbG9yYS5lcy9wLzMtcm9zYXMtcm9qYXMtZGUtdGFsbG8tbGFyZ28vMT91dG1fbWVkaXVtPW9yZ2FuaWMmdXRtX3NvdXJjZT1ibG9nX3Byb2R1Y3RzJnV0bV9jYW1wYWlnbj1SMDEwMQ==\" data-target=\"_blank\"><svg xmlns=\"http:\/\/www.w3.org\/2000\/svg\" width=\"16\" height=\"16\" fill=\"currentColor\" class=\"bi bi-bag\" viewBox=\"0 0 16 16\"><path d=\"M8 1a2 2 0 0 1 2 2v1h2.5A1.5 1.5 0 0 1 14 5.5v8A1.5 1.5 0 0 1 12.5 15h-9A1.5 1.5 0 0 1 2 13.5v-8A1.5 1.5 0 0 1 3.5 3H6V2a2 2 0 0 1 2-1zm1 3V3a1 1 0 0 0-2 0v1h2z\"\/><\/svg>Comprar<\/span><p class=\"rapido\">Entrega en el d\u00eda<\/p><\/div><\/div>\n\n\n\n<h2 class=\"wp-block-heading\">Amores de pel\u00edcula o historias rom\u00e1nticas de la literatura<\/h2>\n\n\n\n<p>\u00bfQu\u00e9 te parece si el pr\u00f3ximo&nbsp;<strong>D\u00eda de los Enamorados<\/strong>&nbsp;uno de vuestros&nbsp;<strong>planes en pareja<\/strong>&nbsp;es ver juntos una&nbsp;<em>peli<\/em>&nbsp;rom\u00e1ntica? Te damos algunas ideas con grandes historias de amor de la gran pantalla. A la lista sumamos historias de amor de la literatura y alguna de la realeza. Pero para historia de amor \u00fanica, la vuestra.<\/p>\n\n\n\n<div class=\"wp-block-media-text is-stacked-on-mobile is-image-fill-element\" style=\"grid-template-columns:40% auto\"><figure class=\"wp-block-media-text__media\"><img loading=\"lazy\" decoding=\"async\" width=\"1000\" height=\"1000\" src=\"https:\/\/www.interflora.es\/blog\/wp-content\/uploads\/2025\/01\/happy-couple-1.jpg\" alt=\"\" class=\"wp-image-33455 size-full\" style=\"object-position:50% 50%\" srcset=\"https:\/\/www.interflora.es\/blog\/wp-content\/uploads\/2025\/01\/happy-couple-1.jpg 1000w, https:\/\/www.interflora.es\/blog\/wp-content\/uploads\/2025\/01\/happy-couple-1-300x300.jpg 300w, https:\/\/www.interflora.es\/blog\/wp-content\/uploads\/2025\/01\/happy-couple-1-150x150.jpg 150w, https:\/\/www.interflora.es\/blog\/wp-content\/uploads\/2025\/01\/happy-couple-1-768x768.jpg 768w\" sizes=\"auto, (max-width: 1000px) 100vw, 1000px\" \/><\/figure><div class=\"wp-block-media-text__content\">\n<h3 class=\"wp-block-heading\">\u201cLos Puentes de Madison\u201d, la historia de amor con may\u00fasculas<\/h3>\n\n\n\n<p>Una\u00a0<strong>maravillosa y rom\u00e1ntica historia de amor<\/strong>\u00a0de tan solo tres d\u00edas. As\u00ed es\u00a0<em>Los Puentes de Madison<\/em>. Francesca, interpretada por Meryl Streep, una mujer casada, con hijos y Robert, un Clint Eastwood fot\u00f3grafo de\u00a0<em>National Geographic<\/em>\u00a0aventurero y que vive el d\u00eda a d\u00eda. Lo que sucedi\u00f3 entre ellos es\u00a0<strong>amor y punto<\/strong>. Una historia que no se puede explicar, s\u00f3lo debes verla y disfrutarla. Una conexi\u00f3n tan brutal que confirma que el amor no tiene edad y que puede ser maravilloso en cualquier momento, dure lo que dure. S\u00f3lo importa sentirlo, como esta frase: \u201cNo quiero necesitarte, porque no puedo tenerte\u201d.<\/p>\n<\/div><\/div>\n\n\n\n<div class=\"wp-block-media-text has-media-on-the-right is-stacked-on-mobile is-image-fill-element\" style=\"grid-template-columns:auto 40%\"><div class=\"wp-block-media-text__content\">\n<h3 class=\"wp-block-heading\">\u201cTitanic\u201d, si t\u00fa saltas, yo salto, \u00bfrecuerdas?<\/h3>\n\n\n\n<p>Otro cl\u00e1sico para disfrutar en pareja por San Valent\u00edn es&nbsp;<em>Titanic<\/em>, dirigida por James Cameron en 1997. El hundimiento del barco sirvi\u00f3 para contextualizar una&nbsp;<strong>historia de amor eterna<\/strong>. Leonardo DiCaprio interpreta a Jack, un humilde artista. Kate Winslet es Rose, una chica de familia adinerada que se casar\u00e1 por conveniencia. El Titanic fue el escenario de esta historia de amor y pasi\u00f3n, salpicada por los celos del prometido de Rose e interrumpida por un iceberg. Una pel\u00edcula con escenas para recordar por las almas m\u00e1s rom\u00e1nticas y para escuchar sin parar el m\u00edtico \u201cSi t\u00fa saltas, yo salto, \u00bfrecuerdas?\u201d. No te cansar\u00e1s de verla.<\/p>\n<\/div><figure class=\"wp-block-media-text__media\"><img loading=\"lazy\" decoding=\"async\" width=\"1000\" height=\"1000\" src=\"https:\/\/www.interflora.es\/blog\/wp-content\/uploads\/2025\/01\/femme-bouquet-fleurs.jpg\" alt=\"\" class=\"wp-image-33454 size-full\" style=\"object-position:50% 50%\" srcset=\"https:\/\/www.interflora.es\/blog\/wp-content\/uploads\/2025\/01\/femme-bouquet-fleurs.jpg 1000w, https:\/\/www.interflora.es\/blog\/wp-content\/uploads\/2025\/01\/femme-bouquet-fleurs-300x300.jpg 300w, https:\/\/www.interflora.es\/blog\/wp-content\/uploads\/2025\/01\/femme-bouquet-fleurs-150x150.jpg 150w, https:\/\/www.interflora.es\/blog\/wp-content\/uploads\/2025\/01\/femme-bouquet-fleurs-768x768.jpg 768w\" sizes=\"auto, (max-width: 1000px) 100vw, 1000px\" \/><\/figure><\/div>\n\n\n\n<div class=\"wp-block-media-text is-stacked-on-mobile\" style=\"grid-template-columns:40% auto\"><figure class=\"wp-block-media-text__media\"><img loading=\"lazy\" decoding=\"async\" width=\"1000\" height=\"1000\" src=\"https:\/\/www.interflora.es\/blog\/wp-content\/uploads\/2019\/01\/couple-valentines-day-Copie-1.jpg\" alt=\"\" class=\"wp-image-33702 size-full\" srcset=\"https:\/\/www.interflora.es\/blog\/wp-content\/uploads\/2019\/01\/couple-valentines-day-Copie-1.jpg 1000w, https:\/\/www.interflora.es\/blog\/wp-content\/uploads\/2019\/01\/couple-valentines-day-Copie-1-300x300.jpg 300w, https:\/\/www.interflora.es\/blog\/wp-content\/uploads\/2019\/01\/couple-valentines-day-Copie-1-150x150.jpg 150w, https:\/\/www.interflora.es\/blog\/wp-content\/uploads\/2019\/01\/couple-valentines-day-Copie-1-768x768.jpg 768w\" sizes=\"auto, (max-width: 1000px) 100vw, 1000px\" \/><\/figure><div class=\"wp-block-media-text__content\">\n<div class=\"wp-block-group is-nowrap is-layout-flex wp-container-core-group-is-layout-6c531013 wp-block-group-is-layout-flex\">\n<h3 class=\"wp-block-heading\">Grace y Rainiero, o cuando el amor no entiende de clase social<\/h3>\n<\/div>\n\n\n\n<p>Hace unos cuantos a\u00f1os no era muy com\u00fan que los pr\u00edncipes se casaran con personas que no pertenec\u00edan a ninguna casa real. Por eso, la relaci\u00f3n de Rainiero de M\u00f3naco con Grace Kelly caus\u00f3 tanto revuelo, en su momento. La actriz tuvo que renunciar a su carrera de \u00e9xito en el cine para convertirse en la Princesa Gracia Patricia de Grimaldi. Y fue un festival de cine, el de Cannes, quien uni\u00f3 a la pareja. Como en un cuento, el pr\u00edncipe, prendado por su belleza la invit\u00f3 a visitar su palacio, pero la actriz tuvo que volver al trabajo. Despu\u00e9s de un tiempo de amor a distancia, el pr\u00edncipe la sigui\u00f3 hasta Filadelfia, proponi\u00e9ndole matrimonio. Rainiero y Grace se casaron el 19 de abril de 1956 en la Catedral Monegasca de San Nicol\u00e1s.<\/p>\n<\/div><\/div>\n\n\n\n<div class=\"wp-block-media-text has-media-on-the-right is-stacked-on-mobile\" style=\"grid-template-columns:auto 40%\"><div class=\"wp-block-media-text__content\">\n<h3 class=\"wp-block-heading\">El amor hecho drama en \u201cRomeo y Julieta\u201d de Shakespeare<\/h3>\n\n\n\n<p>En una selecci\u00f3n de grandes historias de amor no pod\u00eda faltar la gran obra dram\u00e1tica de Shakespeare. Una corta historia de amor entre j\u00f3venes, un amor imposible, en la que Shakespeare combina la tragedia con la comedia. Un romance que est\u00e1 destinado al desastre. Dos familias rivales de Verona, los Montesco y los Capuleto, y Romeo y Julieta, dos enamorados pertenecientes a familias enfrentadas. Pero ellos se aman, \u00bfpodr\u00e1 el amor con todo? Una historia de libertad, deseo, despertar y por supuesto, de amor.<\/p>\n<\/div><figure class=\"wp-block-media-text__media\"><img loading=\"lazy\" decoding=\"async\" width=\"1000\" height=\"1000\" src=\"https:\/\/www.interflora.es\/blog\/wp-content\/uploads\/2019\/01\/couple-valentines-Copie.jpg\" alt=\"\" class=\"wp-image-33701 size-full\" srcset=\"https:\/\/www.interflora.es\/blog\/wp-content\/uploads\/2019\/01\/couple-valentines-Copie.jpg 1000w, https:\/\/www.interflora.es\/blog\/wp-content\/uploads\/2019\/01\/couple-valentines-Copie-300x300.jpg 300w, https:\/\/www.interflora.es\/blog\/wp-content\/uploads\/2019\/01\/couple-valentines-Copie-150x150.jpg 150w, https:\/\/www.interflora.es\/blog\/wp-content\/uploads\/2019\/01\/couple-valentines-Copie-768x768.jpg 768w\" sizes=\"auto, (max-width: 1000px) 100vw, 1000px\" \/><\/figure><\/div>\n\n\n\n<div class=\"wp-block-media-text is-stacked-on-mobile\" style=\"grid-template-columns:40% auto\"><figure class=\"wp-block-media-text__media\"><img loading=\"lazy\" decoding=\"async\" width=\"1000\" height=\"1000\" src=\"https:\/\/www.interflora.es\/blog\/wp-content\/uploads\/2019\/01\/femme-roses-rouges-Copie.jpg\" alt=\"\" class=\"wp-image-33703 size-full\" srcset=\"https:\/\/www.interflora.es\/blog\/wp-content\/uploads\/2019\/01\/femme-roses-rouges-Copie.jpg 1000w, https:\/\/www.interflora.es\/blog\/wp-content\/uploads\/2019\/01\/femme-roses-rouges-Copie-300x300.jpg 300w, https:\/\/www.interflora.es\/blog\/wp-content\/uploads\/2019\/01\/femme-roses-rouges-Copie-150x150.jpg 150w, https:\/\/www.interflora.es\/blog\/wp-content\/uploads\/2019\/01\/femme-roses-rouges-Copie-768x768.jpg 768w\" sizes=\"auto, (max-width: 1000px) 100vw, 1000px\" \/><\/figure><div class=\"wp-block-media-text__content\">\n<h3 class=\"wp-block-heading\">\u201cLa princesa prometida\u201d o c\u00f3mo contar grandes historias de amor<\/h3>\n\n\n\n<p>Vuelve a ver esta&nbsp;<strong>pel\u00edcula de culto<\/strong>&nbsp;para muchos. San Valent\u00edn puede ser un buen d\u00eda para disfrutar de&nbsp;<em>La princesa prometida<\/em>&nbsp;en pareja. Rob Reiner dirigi\u00f3 la historia de amor m\u00e1s rom\u00e1ntica vivida entre Buttercup y Westley, tambi\u00e9n conocido como el pirata Roberts. Un amor aventurero como pocos que te enganchar\u00e1 de principio a fin. Disfruta despacio de este arte de contar historias y vuelve a escuchar \u201ccomo desees\u201d una vez tras otra.<\/p>\n<\/div><\/div>\n\n\n\n<div class=\"wp-block-media-text alignwide has-media-on-the-right is-stacked-on-mobile\" style=\"grid-template-columns:auto 40%\"><div class=\"wp-block-media-text__content\">\n<h2 class=\"wp-block-heading\">Flores directas al coraz\u00f3n para celebrar tu historia de amor<\/h2>\n\n\n\n<p>El cine, la realeza y las novelas dan para mucho. Grandes o peque\u00f1as historias de amor. Todas merecen su celebraci\u00f3n: amores tard\u00edos, los primeros amores, segundas oportunidades, volver a amar cuando parec\u00eda imposible\u2026<\/p>\n\n\n\n<p>Cada historia tiene su flor, y cada pareja tiene sus favoritas. Elige las tuyas este San Valent\u00edn y reg\u00e1laselas a tu pareja junto a una&nbsp;<strong>dedicatoria muy rom\u00e1ntica.<\/strong>&nbsp;Env\u00eda un ramo de flores con un mensaje que vaya directo al coraz\u00f3n. Elige en&nbsp;<a href=\"https:\/\/www.interflora.es\/\">Interflora<\/a>&nbsp;<strong>tres rosas rojas<\/strong>&nbsp;o la&nbsp;<strong>selecci\u00f3n de flores para regalar por San Valent\u00edn&nbsp;<\/strong>y sella vuestra historia de amor.<\/p>\n\n\n\n<p><\/p>\n<\/div><figure class=\"wp-block-media-text__media\"><img loading=\"lazy\" decoding=\"async\" width=\"1000\" height=\"1000\" src=\"https:\/\/www.interflora.es\/blog\/wp-content\/uploads\/2025\/01\/sexta-2.jpg\" alt=\"\" class=\"wp-image-33646 size-full\" srcset=\"https:\/\/www.interflora.es\/blog\/wp-content\/uploads\/2025\/01\/sexta-2.jpg 1000w, https:\/\/www.interflora.es\/blog\/wp-content\/uploads\/2025\/01\/sexta-2-300x300.jpg 300w, https:\/\/www.interflora.es\/blog\/wp-content\/uploads\/2025\/01\/sexta-2-150x150.jpg 150w, https:\/\/www.interflora.es\/blog\/wp-content\/uploads\/2025\/01\/sexta-2-768x768.jpg 768w\" sizes=\"auto, (max-width: 1000px) 100vw, 1000px\" \/><\/figure><\/div>\n\n\n\n<div style=\"height:5px\" aria-hidden=\"true\" class=\"wp-block-spacer\"><\/div>\n\n\n<div class=\"lp-produits-grid\"><div class=\"lp-produit\"><div class=\"lp-thumbnail-wrapper\"><img loading=\"lazy\" decoding=\"async\" width=\"300\" height=\"300\" src=\"https:\/\/www.interflora.es\/blog\/wp-content\/uploads\/2025\/12\/1766488441-ff174-s-tulipanes-arcoiris-300x300.jpg\" class=\"attachment-medium size-medium wp-post-image\" alt=\"\" srcset=\"https:\/\/www.interflora.es\/blog\/wp-content\/uploads\/2025\/12\/1766488441-ff174-s-tulipanes-arcoiris-300x300.jpg 300w, https:\/\/www.interflora.es\/blog\/wp-content\/uploads\/2025\/12\/1766488441-ff174-s-tulipanes-arcoiris-1024x1024.jpg 1024w, https:\/\/www.interflora.es\/blog\/wp-content\/uploads\/2025\/12\/1766488441-ff174-s-tulipanes-arcoiris-150x150.jpg 150w, https:\/\/www.interflora.es\/blog\/wp-content\/uploads\/2025\/12\/1766488441-ff174-s-tulipanes-arcoiris-768x768.jpg 768w, https:\/\/www.interflora.es\/blog\/wp-content\/uploads\/2025\/12\/1766488441-ff174-s-tulipanes-arcoiris-1536x1536.jpg 1536w, https:\/\/www.interflora.es\/blog\/wp-content\/uploads\/2025\/12\/1766488441-ff174-s-tulipanes-arcoiris-2048x2048.jpg 2048w\" sizes=\"auto, (max-width: 300px) 100vw, 300px\" \/><img decoding=\"async\" class=\"lp-badge\" src=\"https:\/\/prodblog.interflora.es\/blog\/wp-content\/uploads\/2025\/04\/220422_INTERFLORA_Main_Logo_rgb_Main_Color.png\" alt=\"Entrega r\u00e1pida\"><\/div><span>Tulipanes Arcoiris<\/span><p>37.99 \u20ac<\/p><span class=\"obf-link lp-cta\" role=\"link\" tabindex=\"0\" data-b64=\"aHR0cHM6Ly93d3cuaW50ZXJmbG9yYS5lcy9wL3R1bGlwYW5lcy1tdWx0aWNvbG9yLzE\/dXRtX21lZGl1bT1vcmdhbmljJnV0bV9zb3VyY2U9YmxvZ19wcm9kdWN0cyZ1dG1fY2FtcGFpZ249RkYxNzQ=\" data-target=\"_blank\"><svg xmlns=\"http:\/\/www.w3.org\/2000\/svg\" width=\"16\" height=\"16\" fill=\"currentColor\" class=\"bi bi-bag\" viewBox=\"0 0 16 16\"><path d=\"M8 1a2 2 0 0 1 2 2v1h2.5A1.5 1.5 0 0 1 14 5.5v8A1.5 1.5 0 0 1 12.5 15h-9A1.5 1.5 0 0 1 2 13.5v-8A1.5 1.5 0 0 1 3.5 3H6V2a2 2 0 0 1 2-1zm1 3V3a1 1 0 0 0-2 0v1h2z\"\/><\/svg>Comprar<\/span><p class=\"rapido\">Entrega en el d\u00eda<\/p><\/div><div class=\"lp-produit\"><div class=\"lp-thumbnail-wrapper\"><img loading=\"lazy\" decoding=\"async\" width=\"300\" height=\"300\" src=\"https:\/\/www.interflora.es\/blog\/wp-content\/uploads\/2025\/07\/1750407506-ff153-model-300x300.jpg\" class=\"attachment-medium size-medium wp-post-image\" alt=\"\" srcset=\"https:\/\/www.interflora.es\/blog\/wp-content\/uploads\/2025\/07\/1750407506-ff153-model-300x300.jpg 300w, https:\/\/www.interflora.es\/blog\/wp-content\/uploads\/2025\/07\/1750407506-ff153-model-1024x1024.jpg 1024w, https:\/\/www.interflora.es\/blog\/wp-content\/uploads\/2025\/07\/1750407506-ff153-model-150x150.jpg 150w, https:\/\/www.interflora.es\/blog\/wp-content\/uploads\/2025\/07\/1750407506-ff153-model-768x768.jpg 768w, https:\/\/www.interflora.es\/blog\/wp-content\/uploads\/2025\/07\/1750407506-ff153-model-1536x1536.jpg 1536w, https:\/\/www.interflora.es\/blog\/wp-content\/uploads\/2025\/07\/1750407506-ff153-model-2048x2048.jpg 2048w\" sizes=\"auto, (max-width: 300px) 100vw, 300px\" \/><img decoding=\"async\" class=\"lp-badge\" src=\"https:\/\/prodblog.interflora.es\/blog\/wp-content\/uploads\/2025\/04\/220422_INTERFLORA_Main_Logo_rgb_Main_Color.png\" alt=\"Entrega r\u00e1pida\"><\/div><span>Amor de verdad<\/span><p>69.99 \u20ac<\/p><span class=\"obf-link lp-cta\" role=\"link\" tabindex=\"0\" data-b64=\"aHR0cHM6Ly93d3cuaW50ZXJmbG9yYS5lcy9wL3JhbW8tZGUtZmxvcmVzLWFtb3ItZGUtdmVyZGFkLzE\/dXRtX21lZGl1bT1vcmdhbmljJnV0bV9zb3VyY2U9YmxvZ19wcm9kdWN0cyZ1dG1fY2FtcGFpZ249RkYxNTM=\" data-target=\"_blank\"><svg xmlns=\"http:\/\/www.w3.org\/2000\/svg\" width=\"16\" height=\"16\" fill=\"currentColor\" class=\"bi bi-bag\" viewBox=\"0 0 16 16\"><path d=\"M8 1a2 2 0 0 1 2 2v1h2.5A1.5 1.5 0 0 1 14 5.5v8A1.5 1.5 0 0 1 12.5 15h-9A1.5 1.5 0 0 1 2 13.5v-8A1.5 1.5 0 0 1 3.5 3H6V2a2 2 0 0 1 2-1zm1 3V3a1 1 0 0 0-2 0v1h2z\"\/><\/svg>Comprar<\/span><p class=\"rapido\">Entrega en el d\u00eda<\/p><\/div><div class=\"lp-produit\"><div class=\"lp-thumbnail-wrapper\"><img loading=\"lazy\" decoding=\"async\" width=\"300\" height=\"300\" src=\"https:\/\/www.interflora.es\/blog\/wp-content\/uploads\/2025\/07\/1750411785-ff155-model-hand-300x300.jpg\" class=\"attachment-medium size-medium wp-post-image\" alt=\"\" srcset=\"https:\/\/www.interflora.es\/blog\/wp-content\/uploads\/2025\/07\/1750411785-ff155-model-hand-300x300.jpg 300w, https:\/\/www.interflora.es\/blog\/wp-content\/uploads\/2025\/07\/1750411785-ff155-model-hand-1024x1024.jpg 1024w, https:\/\/www.interflora.es\/blog\/wp-content\/uploads\/2025\/07\/1750411785-ff155-model-hand-150x150.jpg 150w, https:\/\/www.interflora.es\/blog\/wp-content\/uploads\/2025\/07\/1750411785-ff155-model-hand-768x768.jpg 768w, https:\/\/www.interflora.es\/blog\/wp-content\/uploads\/2025\/07\/1750411785-ff155-model-hand-1536x1536.jpg 1536w, https:\/\/www.interflora.es\/blog\/wp-content\/uploads\/2025\/07\/1750411785-ff155-model-hand-2048x2048.jpg 2048w\" sizes=\"auto, (max-width: 300px) 100vw, 300px\" \/><img decoding=\"async\" class=\"lp-badge\" src=\"https:\/\/prodblog.interflora.es\/blog\/wp-content\/uploads\/2025\/04\/220422_INTERFLORA_Main_Logo_rgb_Main_Color.png\" alt=\"Entrega r\u00e1pida\"><\/div><span>Besito<\/span><p>29.99 \u20ac<\/p><span class=\"obf-link lp-cta\" role=\"link\" tabindex=\"0\" data-b64=\"aHR0cHM6Ly93d3cuaW50ZXJmbG9yYS5lcy9wL3JhbW8tZGUtZmxvcmVzLWJlc2l0by8xP3V0bV9tZWRpdW09b3JnYW5pYyZ1dG1fc291cmNlPWJsb2dfcHJvZHVjdHMmdXRtX2NhbXBhaWduPUZGMTU1\" data-target=\"_blank\"><svg xmlns=\"http:\/\/www.w3.org\/2000\/svg\" width=\"16\" height=\"16\" fill=\"currentColor\" class=\"bi bi-bag\" viewBox=\"0 0 16 16\"><path d=\"M8 1a2 2 0 0 1 2 2v1h2.5A1.5 1.5 0 0 1 14 5.5v8A1.5 1.5 0 0 1 12.5 15h-9A1.5 1.5 0 0 1 2 13.5v-8A1.5 1.5 0 0 1 3.5 3H6V2a2 2 0 0 1 2-1zm1 3V3a1 1 0 0 0-2 0v1h2z\"\/><\/svg>Comprar<\/span><p class=\"rapido\">Flores y plantas elegidas con mimo<\/p><\/div><div class=\"lp-produit\"><div class=\"lp-thumbnail-wrapper\"><img loading=\"lazy\" decoding=\"async\" width=\"300\" height=\"300\" src=\"https:\/\/www.interflora.es\/blog\/wp-content\/uploads\/2025\/04\/1706254067-treroserosse-hd-1-300x300.jpg\" class=\"attachment-medium size-medium wp-post-image\" alt=\"\" srcset=\"https:\/\/www.interflora.es\/blog\/wp-content\/uploads\/2025\/04\/1706254067-treroserosse-hd-1-300x300.jpg 300w, https:\/\/www.interflora.es\/blog\/wp-content\/uploads\/2025\/04\/1706254067-treroserosse-hd-1-1024x1024.jpg 1024w, https:\/\/www.interflora.es\/blog\/wp-content\/uploads\/2025\/04\/1706254067-treroserosse-hd-1-150x150.jpg 150w, https:\/\/www.interflora.es\/blog\/wp-content\/uploads\/2025\/04\/1706254067-treroserosse-hd-1-768x768.jpg 768w, https:\/\/www.interflora.es\/blog\/wp-content\/uploads\/2025\/04\/1706254067-treroserosse-hd-1.jpg 1400w\" sizes=\"auto, (max-width: 300px) 100vw, 300px\" \/><img decoding=\"async\" class=\"lp-badge\" src=\"https:\/\/prodblog.interflora.es\/blog\/wp-content\/uploads\/2025\/04\/220422_INTERFLORA_Main_Logo_rgb_Main_Color.png\" alt=\"Entrega r\u00e1pida\"><\/div><span>Tercia<\/span><p>27.99 \u20ac<\/p><span class=\"obf-link lp-cta\" role=\"link\" tabindex=\"0\" data-b64=\"aHR0cHM6Ly93d3cuaW50ZXJmbG9yYS5lcy9wLzMtcm9zYXMtcm9qYXMtZGUtdGFsbG8tbGFyZ28vMT91dG1fbWVkaXVtPW9yZ2FuaWMmdXRtX3NvdXJjZT1ibG9nX3Byb2R1Y3RzJnV0bV9jYW1wYWlnbj1SMDEwMQ==\" data-target=\"_blank\"><svg xmlns=\"http:\/\/www.w3.org\/2000\/svg\" width=\"16\" height=\"16\" fill=\"currentColor\" class=\"bi bi-bag\" viewBox=\"0 0 16 16\"><path d=\"M8 1a2 2 0 0 1 2 2v1h2.5A1.5 1.5 0 0 1 14 5.5v8A1.5 1.5 0 0 1 12.5 15h-9A1.5 1.5 0 0 1 2 13.5v-8A1.5 1.5 0 0 1 3.5 3H6V2a2 2 0 0 1 2-1zm1 3V3a1 1 0 0 0-2 0v1h2z\"\/><\/svg>Comprar<\/span><p class=\"rapido\">Flores y plantas elegidas con mimo<\/p><\/div><\/div>\n\n\n\n<div style=\"height:5px\" aria-hidden=\"true\" class=\"wp-block-spacer\"><\/div>\n\n\n\n<div class=\"wp-block-buttons is-content-justification-center is-layout-flex wp-container-core-buttons-is-layout-a89b3969 wp-block-buttons-is-layout-flex\">\n<div class=\"wp-block-button\"><a class=\"wp-block-button__link has-text-align-center wp-element-button\" href=\"https:\/\/www.interflora.es\/c\/rosas?utm_source=blog&amp;utm_medium=organic&amp;utm_campaign=post-cta\">Enviar rosas a domicilio<\/a><\/div>\n<\/div>\n\n\n\n<p><\/p>\n","protected":false},"excerpt":{"rendered":"<p>A lo largo de la historia ha habido grandes historias de amor que se han ido contando generaci\u00f3n tras generaci\u00f3n y que se han quedado en nuestra memoria. Amores muy reales de princesas y pr\u00edncipes, historias de amor llevadas al cine, leyendas rom\u00e1nticas de cuento\u2026 <\/p>\n","protected":false},"author":13,"featured_media":8189,"comment_status":"open","ping_status":"open","sticky":false,"template":"","format":"standard","meta":{"_acf_changed":false,"_uag_custom_page_level_css":"","site-sidebar-layout":"default","site-content-layout":"","ast-site-content-layout":"default","site-content-style":"default","site-sidebar-style":"default","ast-global-header-display":"","ast-banner-title-visibility":"","ast-main-header-display":"","ast-hfb-above-header-display":"","ast-hfb-below-header-display":"","ast-hfb-mobile-header-display":"","site-post-title":"","ast-breadcrumbs-content":"","ast-featured-img":"","footer-sml-layout":"","theme-transparent-header-meta":"","adv-header-id-meta":"","stick-header-meta":"","header-above-stick-meta":"","header-main-stick-meta":"","header-below-stick-meta":"","astra-migrate-meta-layouts":"set","ast-page-background-enabled":"default","ast-page-background-meta":{"desktop":{"background-color":"var(--ast-global-color-5)","background-image":"","background-repeat":"repeat","background-position":"center center","background-size":"auto","background-attachment":"scroll","background-type":"","background-media":"","overlay-type":"","overlay-color":"","overlay-opacity":"","overlay-gradient":""},"tablet":{"background-color":"","background-image":"","background-repeat":"repeat","background-position":"center center","background-size":"auto","background-attachment":"scroll","background-type":"","background-media":"","overlay-type":"","overlay-color":"","overlay-opacity":"","overlay-gradient":""},"mobile":{"background-color":"","background-image":"","background-repeat":"repeat","background-position":"center center","background-size":"auto","background-attachment":"scroll","background-type":"","background-media":"","overlay-type":"","overlay-color":"","overlay-opacity":"","overlay-gradient":""}},"ast-content-background-meta":{"desktop":{"background-color":"var(--ast-global-color-4)","background-image":"","background-repeat":"repeat","background-position":"center center","background-size":"auto","background-attachment":"scroll","background-type":"","background-media":"","overlay-type":"","overlay-color":"","overlay-opacity":"","overlay-gradient":""},"tablet":{"background-color":"var(--ast-global-color-4)","background-image":"","background-repeat":"repeat","background-position":"center center","background-size":"auto","background-attachment":"scroll","background-type":"","background-media":"","overlay-type":"","overlay-color":"","overlay-opacity":"","overlay-gradient":""},"mobile":{"background-color":"var(--ast-global-color-4)","background-image":"","background-repeat":"repeat","background-position":"center center","background-size":"auto","background-attachment":"scroll","background-type":"","background-media":"","overlay-type":"","overlay-color":"","overlay-opacity":"","overlay-gradient":""}},"footnotes":""},"categories":[23,82],"tags":[83],"class_list":["post-8187","post","type-post","status-publish","format-standard","has-post-thumbnail","hentry","category-ocasiones-especiales","category-san-valentin","tag-san-valentin"],"acf":[],"yoast_head":"<!-- This site is optimized with the Yoast SEO plugin v27.5 - https:\/\/yoast.com\/product\/yoast-seo-wordpress\/ -->\n<title>Grandes historias de amor para recordar en San Valent\u00edn | Interflora<\/title>\n<meta name=\"description\" content=\"A lo largo de la historia ha habido grandes historias de amor que se han ido contando generaci\u00f3n tras generaci\u00f3n y que se han quedado en nuestra memoria.\" \/>\n<meta name=\"robots\" content=\"index, follow, max-snippet:-1, max-image-preview:large, max-video-preview:-1\" \/>\n<link rel=\"canonical\" href=\"https:\/\/www.interflora.es\/blog\/grandes-historias-amor\/\" \/>\n<script type=\"application\/ld+json\" class=\"yoast-schema-graph\">{\"@context\":\"https:\\\/\\\/schema.org\",\"@graph\":[{\"@type\":\"Article\",\"@id\":\"https:\\\/\\\/www.interflora.es\\\/blog\\\/grandes-historias-amor\\\/#article\",\"isPartOf\":{\"@id\":\"https:\\\/\\\/www.interflora.es\\\/blog\\\/grandes-historias-amor\\\/\"},\"author\":{\"name\":\"Interflora\",\"@id\":\"https:\\\/\\\/www.interflora.es\\\/blog\\\/#\\\/schema\\\/person\\\/e3ecff50262948e365b92682cdc2a9d1\"},\"headline\":\"Grandes historias de amor para recordar en San Valent\u00edn\",\"datePublished\":\"2019-01-23T12:47:31+00:00\",\"dateModified\":\"2026-01-14T08:48:39+00:00\",\"mainEntityOfPage\":{\"@id\":\"https:\\\/\\\/www.interflora.es\\\/blog\\\/grandes-historias-amor\\\/\"},\"wordCount\":958,\"commentCount\":0,\"publisher\":{\"@id\":\"https:\\\/\\\/www.interflora.es\\\/blog\\\/#organization\"},\"image\":{\"@id\":\"https:\\\/\\\/www.interflora.es\\\/blog\\\/grandes-historias-amor\\\/#primaryimage\"},\"thumbnailUrl\":\"https:\\\/\\\/www.interflora.es\\\/blog\\\/wp-content\\\/uploads\\\/2020\\\/07\\\/amores-pelicula-pareja-cine-scaled-1.jpg\",\"keywords\":[\"San Valent\u00edn\"],\"articleSection\":[\"Ocasiones especiales\",\"San Valent\u00edn\"],\"inLanguage\":\"es\",\"potentialAction\":[{\"@type\":\"CommentAction\",\"name\":\"Comment\",\"target\":[\"https:\\\/\\\/www.interflora.es\\\/blog\\\/grandes-historias-amor\\\/#respond\"]}]},{\"@type\":\"WebPage\",\"@id\":\"https:\\\/\\\/www.interflora.es\\\/blog\\\/grandes-historias-amor\\\/\",\"url\":\"https:\\\/\\\/www.interflora.es\\\/blog\\\/grandes-historias-amor\\\/\",\"name\":\"Grandes historias de amor para recordar en San Valent\u00edn | Interflora\",\"isPartOf\":{\"@id\":\"https:\\\/\\\/www.interflora.es\\\/blog\\\/#website\"},\"primaryImageOfPage\":{\"@id\":\"https:\\\/\\\/www.interflora.es\\\/blog\\\/grandes-historias-amor\\\/#primaryimage\"},\"image\":{\"@id\":\"https:\\\/\\\/www.interflora.es\\\/blog\\\/grandes-historias-amor\\\/#primaryimage\"},\"thumbnailUrl\":\"https:\\\/\\\/www.interflora.es\\\/blog\\\/wp-content\\\/uploads\\\/2020\\\/07\\\/amores-pelicula-pareja-cine-scaled-1.jpg\",\"datePublished\":\"2019-01-23T12:47:31+00:00\",\"dateModified\":\"2026-01-14T08:48:39+00:00\",\"description\":\"A lo largo de la historia ha habido grandes historias de amor que se han ido contando generaci\u00f3n tras generaci\u00f3n y que se han quedado en nuestra memoria.\",\"breadcrumb\":{\"@id\":\"https:\\\/\\\/www.interflora.es\\\/blog\\\/grandes-historias-amor\\\/#breadcrumb\"},\"inLanguage\":\"es\",\"potentialAction\":[{\"@type\":\"ReadAction\",\"target\":[\"https:\\\/\\\/www.interflora.es\\\/blog\\\/grandes-historias-amor\\\/\"]}]},{\"@type\":\"ImageObject\",\"inLanguage\":\"es\",\"@id\":\"https:\\\/\\\/www.interflora.es\\\/blog\\\/grandes-historias-amor\\\/#primaryimage\",\"url\":\"https:\\\/\\\/www.interflora.es\\\/blog\\\/wp-content\\\/uploads\\\/2020\\\/07\\\/amores-pelicula-pareja-cine-scaled-1.jpg\",\"contentUrl\":\"https:\\\/\\\/www.interflora.es\\\/blog\\\/wp-content\\\/uploads\\\/2020\\\/07\\\/amores-pelicula-pareja-cine-scaled-1.jpg\",\"width\":967,\"height\":2560},{\"@type\":\"BreadcrumbList\",\"@id\":\"https:\\\/\\\/www.interflora.es\\\/blog\\\/grandes-historias-amor\\\/#breadcrumb\",\"itemListElement\":[{\"@type\":\"ListItem\",\"position\":1,\"name\":\"Home\",\"item\":\"https:\\\/\\\/www.interflora.es\\\/blog\\\/\"},{\"@type\":\"ListItem\",\"position\":2,\"name\":\"Grandes historias de amor para recordar en San Valent\u00edn\"}]},{\"@type\":\"WebSite\",\"@id\":\"https:\\\/\\\/www.interflora.es\\\/blog\\\/#website\",\"url\":\"https:\\\/\\\/www.interflora.es\\\/blog\\\/\",\"name\":\"El blog de Interflora : consejos, ideas e inspiraci\u00f3n para disfrutar de las flores y las plantas\",\"description\":\"\",\"publisher\":{\"@id\":\"https:\\\/\\\/www.interflora.es\\\/blog\\\/#organization\"},\"potentialAction\":[{\"@type\":\"SearchAction\",\"target\":{\"@type\":\"EntryPoint\",\"urlTemplate\":\"https:\\\/\\\/www.interflora.es\\\/blog\\\/?s={search_term_string}\"},\"query-input\":{\"@type\":\"PropertyValueSpecification\",\"valueRequired\":true,\"valueName\":\"search_term_string\"}}],\"inLanguage\":\"es\"},{\"@type\":\"Organization\",\"@id\":\"https:\\\/\\\/www.interflora.es\\\/blog\\\/#organization\",\"name\":\"El blog de Interflora : consejos, ideas e inspiraci\u00f3n para disfrutar de las flores y las plantas\",\"url\":\"https:\\\/\\\/www.interflora.es\\\/blog\\\/\",\"logo\":{\"@type\":\"ImageObject\",\"inLanguage\":\"es\",\"@id\":\"https:\\\/\\\/www.interflora.es\\\/blog\\\/#\\\/schema\\\/logo\\\/image\\\/\",\"url\":\"https:\\\/\\\/www.interflora.es\\\/blog\\\/wp-content\\\/uploads\\\/2025\\\/10\\\/cropped-220422_INTERFLORA_Logo_rgb_Half_Top_Circle_Main_Color.png\",\"contentUrl\":\"https:\\\/\\\/www.interflora.es\\\/blog\\\/wp-content\\\/uploads\\\/2025\\\/10\\\/cropped-220422_INTERFLORA_Logo_rgb_Half_Top_Circle_Main_Color.png\",\"width\":1418,\"height\":659,\"caption\":\"El blog de Interflora : consejos, ideas e inspiraci\u00f3n para disfrutar de las flores y las plantas\"},\"image\":{\"@id\":\"https:\\\/\\\/www.interflora.es\\\/blog\\\/#\\\/schema\\\/logo\\\/image\\\/\"}},{\"@type\":\"Person\",\"@id\":\"https:\\\/\\\/www.interflora.es\\\/blog\\\/#\\\/schema\\\/person\\\/e3ecff50262948e365b92682cdc2a9d1\",\"name\":\"Interflora\",\"image\":{\"@type\":\"ImageObject\",\"inLanguage\":\"es\",\"@id\":\"https:\\\/\\\/www.interflora.es\\\/blog\\\/wp-content\\\/litespeed\\\/avatar\\\/ef0a9e22ccabc545011ca74a630eaf3e.jpg?ver=1777555250\",\"url\":\"https:\\\/\\\/www.interflora.es\\\/blog\\\/wp-content\\\/litespeed\\\/avatar\\\/ef0a9e22ccabc545011ca74a630eaf3e.jpg?ver=1777555250\",\"contentUrl\":\"https:\\\/\\\/www.interflora.es\\\/blog\\\/wp-content\\\/litespeed\\\/avatar\\\/ef0a9e22ccabc545011ca74a630eaf3e.jpg?ver=1777555250\",\"caption\":\"Interflora\"}}]}<\/script>\n<!-- \/ Yoast SEO plugin. -->","yoast_head_json":{"title":"Grandes historias de amor para recordar en San Valent\u00edn | Interflora","description":"A lo largo de la historia ha habido grandes historias de amor que se han ido contando generaci\u00f3n tras generaci\u00f3n y que se han quedado en nuestra memoria.","robots":{"index":"index","follow":"follow","max-snippet":"max-snippet:-1","max-image-preview":"max-image-preview:large","max-video-preview":"max-video-preview:-1"},"canonical":"https:\/\/www.interflora.es\/blog\/grandes-historias-amor\/","schema":{"@context":"https:\/\/schema.org","@graph":[{"@type":"Article","@id":"https:\/\/www.interflora.es\/blog\/grandes-historias-amor\/#article","isPartOf":{"@id":"https:\/\/www.interflora.es\/blog\/grandes-historias-amor\/"},"author":{"name":"Interflora","@id":"https:\/\/www.interflora.es\/blog\/#\/schema\/person\/e3ecff50262948e365b92682cdc2a9d1"},"headline":"Grandes historias de amor para recordar en San Valent\u00edn","datePublished":"2019-01-23T12:47:31+00:00","dateModified":"2026-01-14T08:48:39+00:00","mainEntityOfPage":{"@id":"https:\/\/www.interflora.es\/blog\/grandes-historias-amor\/"},"wordCount":958,"commentCount":0,"publisher":{"@id":"https:\/\/www.interflora.es\/blog\/#organization"},"image":{"@id":"https:\/\/www.interflora.es\/blog\/grandes-historias-amor\/#primaryimage"},"thumbnailUrl":"https:\/\/www.interflora.es\/blog\/wp-content\/uploads\/2020\/07\/amores-pelicula-pareja-cine-scaled-1.jpg","keywords":["San Valent\u00edn"],"articleSection":["Ocasiones especiales","San Valent\u00edn"],"inLanguage":"es","potentialAction":[{"@type":"CommentAction","name":"Comment","target":["https:\/\/www.interflora.es\/blog\/grandes-historias-amor\/#respond"]}]},{"@type":"WebPage","@id":"https:\/\/www.interflora.es\/blog\/grandes-historias-amor\/","url":"https:\/\/www.interflora.es\/blog\/grandes-historias-amor\/","name":"Grandes historias de amor para recordar en San Valent\u00edn | Interflora","isPartOf":{"@id":"https:\/\/www.interflora.es\/blog\/#website"},"primaryImageOfPage":{"@id":"https:\/\/www.interflora.es\/blog\/grandes-historias-amor\/#primaryimage"},"image":{"@id":"https:\/\/www.interflora.es\/blog\/grandes-historias-amor\/#primaryimage"},"thumbnailUrl":"https:\/\/www.interflora.es\/blog\/wp-content\/uploads\/2020\/07\/amores-pelicula-pareja-cine-scaled-1.jpg","datePublished":"2019-01-23T12:47:31+00:00","dateModified":"2026-01-14T08:48:39+00:00","description":"A lo largo de la historia ha habido grandes historias de amor que se han ido contando generaci\u00f3n tras generaci\u00f3n y que se han quedado en nuestra memoria.","breadcrumb":{"@id":"https:\/\/www.interflora.es\/blog\/grandes-historias-amor\/#breadcrumb"},"inLanguage":"es","potentialAction":[{"@type":"ReadAction","target":["https:\/\/www.interflora.es\/blog\/grandes-historias-amor\/"]}]},{"@type":"ImageObject","inLanguage":"es","@id":"https:\/\/www.interflora.es\/blog\/grandes-historias-amor\/#primaryimage","url":"https:\/\/www.interflora.es\/blog\/wp-content\/uploads\/2020\/07\/amores-pelicula-pareja-cine-scaled-1.jpg","contentUrl":"https:\/\/www.interflora.es\/blog\/wp-content\/uploads\/2020\/07\/amores-pelicula-pareja-cine-scaled-1.jpg","width":967,"height":2560},{"@type":"BreadcrumbList","@id":"https:\/\/www.interflora.es\/blog\/grandes-historias-amor\/#breadcrumb","itemListElement":[{"@type":"ListItem","position":1,"name":"Home","item":"https:\/\/www.interflora.es\/blog\/"},{"@type":"ListItem","position":2,"name":"Grandes historias de amor para recordar en San Valent\u00edn"}]},{"@type":"WebSite","@id":"https:\/\/www.interflora.es\/blog\/#website","url":"https:\/\/www.interflora.es\/blog\/","name":"El blog de Interflora : consejos, ideas e inspiraci\u00f3n para disfrutar de las flores y las plantas","description":"","publisher":{"@id":"https:\/\/www.interflora.es\/blog\/#organization"},"potentialAction":[{"@type":"SearchAction","target":{"@type":"EntryPoint","urlTemplate":"https:\/\/www.interflora.es\/blog\/?s={search_term_string}"},"query-input":{"@type":"PropertyValueSpecification","valueRequired":true,"valueName":"search_term_string"}}],"inLanguage":"es"},{"@type":"Organization","@id":"https:\/\/www.interflora.es\/blog\/#organization","name":"El blog de Interflora : consejos, ideas e inspiraci\u00f3n para disfrutar de las flores y las plantas","url":"https:\/\/www.interflora.es\/blog\/","logo":{"@type":"ImageObject","inLanguage":"es","@id":"https:\/\/www.interflora.es\/blog\/#\/schema\/logo\/image\/","url":"https:\/\/www.interflora.es\/blog\/wp-content\/uploads\/2025\/10\/cropped-220422_INTERFLORA_Logo_rgb_Half_Top_Circle_Main_Color.png","contentUrl":"https:\/\/www.interflora.es\/blog\/wp-content\/uploads\/2025\/10\/cropped-220422_INTERFLORA_Logo_rgb_Half_Top_Circle_Main_Color.png","width":1418,"height":659,"caption":"El blog de Interflora : consejos, ideas e inspiraci\u00f3n para disfrutar de las flores y las plantas"},"image":{"@id":"https:\/\/www.interflora.es\/blog\/#\/schema\/logo\/image\/"}},{"@type":"Person","@id":"https:\/\/www.interflora.es\/blog\/#\/schema\/person\/e3ecff50262948e365b92682cdc2a9d1","name":"Interflora","image":{"@type":"ImageObject","inLanguage":"es","@id":"https:\/\/www.interflora.es\/blog\/wp-content\/litespeed\/avatar\/ef0a9e22ccabc545011ca74a630eaf3e.jpg?ver=1777555250","url":"https:\/\/www.interflora.es\/blog\/wp-content\/litespeed\/avatar\/ef0a9e22ccabc545011ca74a630eaf3e.jpg?ver=1777555250","contentUrl":"https:\/\/www.interflora.es\/blog\/wp-content\/litespeed\/avatar\/ef0a9e22ccabc545011ca74a630eaf3e.jpg?ver=1777555250","caption":"Interflora"}}]}},"uagb_featured_image_src":{"full":["https:\/\/www.interflora.es\/blog\/wp-content\/uploads\/2020\/07\/amores-pelicula-pareja-cine-scaled-1.jpg",967,2560,false],"thumbnail":["https:\/\/www.interflora.es\/blog\/wp-content\/uploads\/2020\/07\/amores-pelicula-pareja-cine-scaled-1-150x150.jpg",150,150,true],"medium":["https:\/\/www.interflora.es\/blog\/wp-content\/uploads\/2020\/07\/amores-pelicula-pareja-cine-scaled-1-113x300.jpg",113,300,true],"medium_large":["https:\/\/www.interflora.es\/blog\/wp-content\/uploads\/2020\/07\/amores-pelicula-pareja-cine-scaled-1-768x2033.jpg",768,2033,true],"large":["https:\/\/www.interflora.es\/blog\/wp-content\/uploads\/2020\/07\/amores-pelicula-pareja-cine-scaled-1-387x1024.jpg",387,1024,true],"1536x1536":["https:\/\/www.interflora.es\/blog\/wp-content\/uploads\/2020\/07\/amores-pelicula-pareja-cine-scaled-1-580x1536.jpg",580,1536,true],"2048x2048":["https:\/\/www.interflora.es\/blog\/wp-content\/uploads\/2020\/07\/amores-pelicula-pareja-cine-scaled-1-774x2048.jpg",774,2048,true]},"uagb_author_info":{"display_name":"Interflora","author_link":"https:\/\/www.interflora.es\/blog\/author\/interflora\/"},"uagb_comment_info":0,"uagb_excerpt":"A lo largo de la historia ha habido grandes historias de amor que se han ido contando generaci\u00f3n tras generaci\u00f3n y que se han quedado en nuestra memoria. Amores muy reales de princesas y pr\u00edncipes, historias de amor llevadas al cine, leyendas rom\u00e1nticas de cuento\u2026","_links":{"self":[{"href":"https:\/\/www.interflora.es\/blog\/wp-json\/wp\/v2\/posts\/8187","targetHints":{"allow":["GET"]}}],"collection":[{"href":"https:\/\/www.interflora.es\/blog\/wp-json\/wp\/v2\/posts"}],"about":[{"href":"https:\/\/www.interflora.es\/blog\/wp-json\/wp\/v2\/types\/post"}],"author":[{"embeddable":true,"href":"https:\/\/www.interflora.es\/blog\/wp-json\/wp\/v2\/users\/13"}],"replies":[{"embeddable":true,"href":"https:\/\/www.interflora.es\/blog\/wp-json\/wp\/v2\/comments?post=8187"}],"version-history":[{"count":5,"href":"https:\/\/www.interflora.es\/blog\/wp-json\/wp\/v2\/posts\/8187\/revisions"}],"predecessor-version":[{"id":33707,"href":"https:\/\/www.interflora.es\/blog\/wp-json\/wp\/v2\/posts\/8187\/revisions\/33707"}],"wp:featuredmedia":[{"embeddable":true,"href":"https:\/\/www.interflora.es\/blog\/wp-json\/wp\/v2\/media\/8189"}],"wp:attachment":[{"href":"https:\/\/www.interflora.es\/blog\/wp-json\/wp\/v2\/media?parent=8187"}],"wp:term":[{"taxonomy":"category","embeddable":true,"href":"https:\/\/www.interflora.es\/blog\/wp-json\/wp\/v2\/categories?post=8187"},{"taxonomy":"post_tag","embeddable":true,"href":"https:\/\/www.interflora.es\/blog\/wp-json\/wp\/v2\/tags?post=8187"}],"curies":[{"name":"wp","href":"https:\/\/api.w.org\/{rel}","templated":true}]}}