{"id":8109,"date":"2026-02-15T16:54:00","date_gmt":"2026-02-15T15:54:00","guid":{"rendered":"https:\/\/www.interflora.es\/blog\/?p=8109"},"modified":"2026-02-17T10:39:48","modified_gmt":"2026-02-17T09:39:48","slug":"planes-dia-de-la-mujer","status":"publish","type":"post","link":"https:\/\/www.interflora.es\/blog\/planes-dia-de-la-mujer\/","title":{"rendered":"Planes para celebrar el D\u00eda Internacional de la Mujer"},"content":{"rendered":"\n<p>El pr\u00f3ximo\u00a0domingo <strong>8 de marzo<\/strong> de 2026\u00a0se conmemora el\u00a0<strong>D\u00eda Internacional de la Mujer<\/strong>\u00a0y puede ser la excusa perfecta para darse cuenta del largo camino que ha recorrido la mujer en la lucha por sus derechos y poder celebrarlo. Tambi\u00e9n es una gran ocasi\u00f3n para comprobar que todav\u00eda queda un largo trecho por delante para conseguir una igualdad real. Desde\u00a0<a href=\"https:\/\/www.interflora.es\/?utm_source=blog&amp;utm_medium=organic&amp;utm_campaign=diadelamujer\" target=\"_blank\" rel=\"noreferrer noopener\">Interflora<\/a>\u00a0te proponemos\u00a0<strong>una serie de planes para que lo celebres<\/strong>\u00a0como m\u00e1s te guste:\u00a0<strong>regalando flores a las mujeres que te inspiran<\/strong>, participando en alguna manifestaci\u00f3n con motivo del 8 de marzo, leyendo alg\u00fan libro o viendo alguna pel\u00edcula que te haga reflexionar,\u2026\u00a0<strong>Elige tu plan perfecto para vivir este D\u00eda de la Mujer<\/strong>\u00a0y rod\u00e9ate de tus flores favoritas, esas que te hacen sentir realmente bien.<\/p>\n\n\n\n<div style=\"height:5px\" aria-hidden=\"true\" class=\"wp-block-spacer\"><\/div>\n\n\n<div class=\"lp-produits-grid\"><div class=\"lp-produit\"><div class=\"lp-thumbnail-wrapper\"><img loading=\"lazy\" decoding=\"async\" width=\"300\" height=\"300\" src=\"https:\/\/www.interflora.es\/blog\/wp-content\/uploads\/2025\/07\/1750405257-ff152-deco-300x300.jpg\" class=\"attachment-medium size-medium wp-post-image\" alt=\"\" srcset=\"https:\/\/www.interflora.es\/blog\/wp-content\/uploads\/2025\/07\/1750405257-ff152-deco-300x300.jpg 300w, https:\/\/www.interflora.es\/blog\/wp-content\/uploads\/2025\/07\/1750405257-ff152-deco-1024x1024.jpg 1024w, https:\/\/www.interflora.es\/blog\/wp-content\/uploads\/2025\/07\/1750405257-ff152-deco-150x150.jpg 150w, https:\/\/www.interflora.es\/blog\/wp-content\/uploads\/2025\/07\/1750405257-ff152-deco-768x768.jpg 768w, https:\/\/www.interflora.es\/blog\/wp-content\/uploads\/2025\/07\/1750405257-ff152-deco-1536x1536.jpg 1536w, https:\/\/www.interflora.es\/blog\/wp-content\/uploads\/2025\/07\/1750405257-ff152-deco-2048x2048.jpg 2048w\" sizes=\"auto, (max-width: 300px) 100vw, 300px\" \/><img decoding=\"async\" class=\"lp-badge\" src=\"https:\/\/prodblog.interflora.es\/blog\/wp-content\/uploads\/2025\/04\/220422_INTERFLORA_Main_Logo_rgb_Main_Color.png\" alt=\"Entrega r\u00e1pida\"><\/div><span>Sentimientos<\/span><p>34.99 \u20ac<\/p><span class=\"obf-link lp-cta\" role=\"link\" tabindex=\"0\" data-b64=\"aHR0cHM6Ly93d3cuaW50ZXJmbG9yYS5lcy9wL3JhbW8tZGUtZmxvcmVzLXNlbnRpbWllbnRvcy8xP3V0bV9tZWRpdW09b3JnYW5pYyZ1dG1fc291cmNlPWJsb2dfcHJvZHVjdHMmdXRtX2NhbXBhaWduPUZGMTUy\" data-target=\"_blank\"><svg xmlns=\"http:\/\/www.w3.org\/2000\/svg\" width=\"16\" height=\"16\" fill=\"currentColor\" class=\"bi bi-bag\" viewBox=\"0 0 16 16\"><path d=\"M8 1a2 2 0 0 1 2 2v1h2.5A1.5 1.5 0 0 1 14 5.5v8A1.5 1.5 0 0 1 12.5 15h-9A1.5 1.5 0 0 1 2 13.5v-8A1.5 1.5 0 0 1 3.5 3H6V2a2 2 0 0 1 2-1zm1 3V3a1 1 0 0 0-2 0v1h2z\"\/><\/svg>Comprar<\/span><p class=\"rapido\">Atenci\u00f3n al cliente siempre disponible<\/p><\/div><div class=\"lp-produit\"><div class=\"lp-thumbnail-wrapper\"><img loading=\"lazy\" decoding=\"async\" width=\"300\" height=\"300\" src=\"https:\/\/www.interflora.es\/blog\/wp-content\/uploads\/2025\/07\/1750411785-ff155-model-hand-300x300.jpg\" class=\"attachment-medium size-medium wp-post-image\" alt=\"\" srcset=\"https:\/\/www.interflora.es\/blog\/wp-content\/uploads\/2025\/07\/1750411785-ff155-model-hand-300x300.jpg 300w, https:\/\/www.interflora.es\/blog\/wp-content\/uploads\/2025\/07\/1750411785-ff155-model-hand-1024x1024.jpg 1024w, https:\/\/www.interflora.es\/blog\/wp-content\/uploads\/2025\/07\/1750411785-ff155-model-hand-150x150.jpg 150w, https:\/\/www.interflora.es\/blog\/wp-content\/uploads\/2025\/07\/1750411785-ff155-model-hand-768x768.jpg 768w, https:\/\/www.interflora.es\/blog\/wp-content\/uploads\/2025\/07\/1750411785-ff155-model-hand-1536x1536.jpg 1536w, https:\/\/www.interflora.es\/blog\/wp-content\/uploads\/2025\/07\/1750411785-ff155-model-hand-2048x2048.jpg 2048w\" sizes=\"auto, (max-width: 300px) 100vw, 300px\" \/><img decoding=\"async\" class=\"lp-badge\" src=\"https:\/\/prodblog.interflora.es\/blog\/wp-content\/uploads\/2025\/04\/220422_INTERFLORA_Main_Logo_rgb_Main_Color.png\" alt=\"Entrega r\u00e1pida\"><\/div><span>Besito<\/span><p>29.99 \u20ac<\/p><span class=\"obf-link lp-cta\" role=\"link\" tabindex=\"0\" data-b64=\"aHR0cHM6Ly93d3cuaW50ZXJmbG9yYS5lcy9wL3JhbW8tZGUtZmxvcmVzLWJlc2l0by8xP3V0bV9tZWRpdW09b3JnYW5pYyZ1dG1fc291cmNlPWJsb2dfcHJvZHVjdHMmdXRtX2NhbXBhaWduPUZGMTU1\" data-target=\"_blank\"><svg xmlns=\"http:\/\/www.w3.org\/2000\/svg\" width=\"16\" height=\"16\" fill=\"currentColor\" class=\"bi bi-bag\" viewBox=\"0 0 16 16\"><path d=\"M8 1a2 2 0 0 1 2 2v1h2.5A1.5 1.5 0 0 1 14 5.5v8A1.5 1.5 0 0 1 12.5 15h-9A1.5 1.5 0 0 1 2 13.5v-8A1.5 1.5 0 0 1 3.5 3H6V2a2 2 0 0 1 2-1zm1 3V3a1 1 0 0 0-2 0v1h2z\"\/><\/svg>Comprar<\/span><p class=\"rapido\">Selecci\u00f3n Interflora<\/p><\/div><div class=\"lp-produit\"><div class=\"lp-thumbnail-wrapper\"><img loading=\"lazy\" decoding=\"async\" width=\"300\" height=\"300\" src=\"https:\/\/www.interflora.es\/blog\/wp-content\/uploads\/2025\/11\/Capture-decran-2026-02-04-121916-300x300.png\" class=\"attachment-medium size-medium wp-post-image\" alt=\"\" srcset=\"https:\/\/www.interflora.es\/blog\/wp-content\/uploads\/2025\/11\/Capture-decran-2026-02-04-121916-300x300.png 300w, https:\/\/www.interflora.es\/blog\/wp-content\/uploads\/2025\/11\/Capture-decran-2026-02-04-121916-150x150.png 150w, https:\/\/www.interflora.es\/blog\/wp-content\/uploads\/2025\/11\/Capture-decran-2026-02-04-121916.png 647w\" sizes=\"auto, (max-width: 300px) 100vw, 300px\" \/><img decoding=\"async\" class=\"lp-badge\" src=\"https:\/\/prodblog.interflora.es\/blog\/wp-content\/uploads\/2025\/04\/220422_INTERFLORA_Main_Logo_rgb_Main_Color.png\" alt=\"Entrega r\u00e1pida\"><\/div><span>Peque\u00f1o Sol<\/span><p>27.99 \u20ac<\/p><span class=\"obf-link lp-cta\" role=\"link\" tabindex=\"0\" data-b64=\"aHR0cHM6Ly93d3cuaW50ZXJmbG9yYS5lcy9wL3JhbW8tZGUtZmxvcmVzLWFtYXJpbGxhcy12YXJpYWRhcy8xP3V0bV9tZWRpdW09b3JnYW5pYyZ1dG1fc291cmNlPWJsb2dfcHJvZHVjdHMmdXRtX2NhbXBhaWduPUZGMTQ4\" data-target=\"_blank\"><svg xmlns=\"http:\/\/www.w3.org\/2000\/svg\" width=\"16\" height=\"16\" fill=\"currentColor\" class=\"bi bi-bag\" viewBox=\"0 0 16 16\"><path d=\"M8 1a2 2 0 0 1 2 2v1h2.5A1.5 1.5 0 0 1 14 5.5v8A1.5 1.5 0 0 1 12.5 15h-9A1.5 1.5 0 0 1 2 13.5v-8A1.5 1.5 0 0 1 3.5 3H6V2a2 2 0 0 1 2-1zm1 3V3a1 1 0 0 0-2 0v1h2z\"\/><\/svg>Comprar<\/span><p class=\"rapido\">Selecci\u00f3n Interflora<\/p><\/div><div class=\"lp-produit\"><div class=\"lp-thumbnail-wrapper\"><img loading=\"lazy\" decoding=\"async\" width=\"300\" height=\"300\" src=\"https:\/\/www.interflora.es\/blog\/wp-content\/uploads\/2025\/04\/1688372120-f0137-es-1-300x300.jpg\" class=\"attachment-medium size-medium wp-post-image\" alt=\"\" srcset=\"https:\/\/www.interflora.es\/blog\/wp-content\/uploads\/2025\/04\/1688372120-f0137-es-1-300x300.jpg 300w, https:\/\/www.interflora.es\/blog\/wp-content\/uploads\/2025\/04\/1688372120-f0137-es-1-1024x1024.jpg 1024w, https:\/\/www.interflora.es\/blog\/wp-content\/uploads\/2025\/04\/1688372120-f0137-es-1-150x150.jpg 150w, https:\/\/www.interflora.es\/blog\/wp-content\/uploads\/2025\/04\/1688372120-f0137-es-1-768x768.jpg 768w, https:\/\/www.interflora.es\/blog\/wp-content\/uploads\/2025\/04\/1688372120-f0137-es-1-1536x1536.jpg 1536w, https:\/\/www.interflora.es\/blog\/wp-content\/uploads\/2025\/04\/1688372120-f0137-es-1-2048x2048.jpg 2048w\" sizes=\"auto, (max-width: 300px) 100vw, 300px\" \/><img decoding=\"async\" class=\"lp-badge\" src=\"https:\/\/prodblog.interflora.es\/blog\/wp-content\/uploads\/2025\/04\/220422_INTERFLORA_Main_Logo_rgb_Main_Color.png\" alt=\"Entrega r\u00e1pida\"><\/div><span>Ramo Sorpresa del Florista<\/span><p>34.99 \u20ac<\/p><span class=\"obf-link lp-cta\" role=\"link\" tabindex=\"0\" data-b64=\"aHR0cHM6Ly93d3cuaW50ZXJmbG9yYS5lcy9wL3JhbW8tZGVsLWZsb3Jpc3RhLzE\/dXRtX21lZGl1bT1vcmdhbmljJnV0bV9zb3VyY2U9YmxvZ19wcm9kdWN0cyZ1dG1fY2FtcGFpZ249RjAxMzc=\" data-target=\"_blank\"><svg xmlns=\"http:\/\/www.w3.org\/2000\/svg\" width=\"16\" height=\"16\" fill=\"currentColor\" class=\"bi bi-bag\" viewBox=\"0 0 16 16\"><path d=\"M8 1a2 2 0 0 1 2 2v1h2.5A1.5 1.5 0 0 1 14 5.5v8A1.5 1.5 0 0 1 12.5 15h-9A1.5 1.5 0 0 1 2 13.5v-8A1.5 1.5 0 0 1 3.5 3H6V2a2 2 0 0 1 2-1zm1 3V3a1 1 0 0 0-2 0v1h2z\"\/><\/svg>Comprar<\/span><p class=\"rapido\">Flores y plantas elegidas con mimo<\/p><\/div><\/div>\n\n\n\n<div style=\"height:5px\" aria-hidden=\"true\" class=\"wp-block-spacer\"><\/div>\n\n\n\n<div class=\"wp-block-buttons is-content-justification-center is-layout-flex wp-container-core-buttons-is-layout-a89b3969 wp-block-buttons-is-layout-flex\">\n<div class=\"wp-block-button\"><a class=\"wp-block-button__link wp-element-button\" href=\"https:\/\/www.interflora.es\/c\/fiestas\/flores-para-el-dia-de-la-mujer\">Flores para el D\u00eda de la Mujer<\/a><\/div>\n<\/div>\n\n\n\n<div style=\"height:5px\" aria-hidden=\"true\" class=\"wp-block-spacer\"><\/div>\n\n\n\n<div class=\"wp-block-media-text alignwide is-stacked-on-mobile is-vertically-aligned-top is-image-fill-element\" style=\"grid-template-columns:35% auto\"><figure class=\"wp-block-media-text__media\"><img loading=\"lazy\" decoding=\"async\" width=\"533\" height=\"800\" src=\"https:\/\/www.interflora.es\/blog\/wp-content\/uploads\/2026\/02\/annesophiebenoit-interflora-sw-70.jpg\" alt=\"\" class=\"wp-image-34433 size-full\" style=\"object-position:54% 26%\" srcset=\"https:\/\/www.interflora.es\/blog\/wp-content\/uploads\/2026\/02\/annesophiebenoit-interflora-sw-70.jpg 533w, https:\/\/www.interflora.es\/blog\/wp-content\/uploads\/2026\/02\/annesophiebenoit-interflora-sw-70-200x300.jpg 200w\" sizes=\"auto, (max-width: 533px) 100vw, 533px\" \/><\/figure><div class=\"wp-block-media-text__content\">\n<h2 class=\"wp-block-heading\">El 8 de marzo, apoya a las mujeres de tu vida y regala flores<\/h2>\n\n\n\n<p>Unas palabras de reconocimiento por su esfuerzo, un&nbsp;<strong>detalle en forma de flores<\/strong>&nbsp;para agradecer su entrega, un regalo dulce que la haga sentir especial o una conversaci\u00f3n que la ayude a ser comprendida. Existen mil y una maneras de apoyar a esas mujeres \u00fanicas que forman parte de tu vida: tu hija, tu pareja, tu abuela, tu hermana, tu madre, tu compa\u00f1era, tu jefa, tu amiga\u2026 El pr\u00f3ximo&nbsp;<strong>D\u00eda de la Mujer<\/strong>&nbsp;ded\u00edcales unos minutos de tu tiempo y valora su esfuerzo, su entrega y su dedicaci\u00f3n. En Interflora te ayudamos a&nbsp;<a href=\"https:\/\/www.interflora.es\/flores-para-el-dia-de-la-mujer?utm_source=blog&amp;utm_medium=organic&amp;utm_campaign=diadelamujer\" target=\"_blank\" rel=\"noreferrer noopener\">elegir esas flores que la har\u00e1n sentir especial el 8 de marzo<\/a>: margaritas, rosas, liliums, orqu\u00eddeas o gerberas. Elige sus flores favoritas, su color preferido y sorpr\u00e9ndela envi\u00e1ndole tu detalle floral a su casa o a su lugar de trabajo. Tambi\u00e9n te proponemos&nbsp;<a aria-label=\" (opens in a new tab)\" href=\"https:\/\/www.interflora.es\/blog\/frases-para-dia-de-la-mujer\/\" target=\"_blank\" rel=\"noreferrer noopener\"><strong>algunas dedicatorias y frases que acompa\u00f1ar\u00e1n ese regalo en forma de flores<\/strong><\/a>&nbsp;y que lo convertir\u00e1n en un detalle \u00fanico.<\/p>\n<\/div><\/div>\n\n\n\n<div class=\"wp-block-media-text alignwide has-media-on-the-right is-stacked-on-mobile is-image-fill-element\" style=\"grid-template-columns:auto 30%\"><div class=\"wp-block-media-text__content\">\n<h2 class=\"wp-block-heading\">Ideas para vivir un D\u00eda de la Mujer reivindicativo<\/h2>\n\n\n\n<p><strong>Salir a las calles<\/strong>&nbsp;de tu pueblo o ciudad es&nbsp;<strong>otro de los planes para vivir este D\u00eda de la Mujer<\/strong>. La idea es festejar&nbsp;<strong>este s\u00e1bado 8 de marzo de una manera reivindicativa<\/strong>, porque todav\u00eda queda mucho por conseguir. Puedes secundar las manifestaciones convocadas, seguir la convocatoria de entidades que promueven una&nbsp;<strong>huelga para el 8 de marzo<\/strong>&nbsp;o participar en&nbsp;<strong>coloquios o charlas sobre la igualdad de g\u00e9nero<\/strong>. Se trata de elegir planes activos para reivindicar el papel de la mujer en la sociedad y para concienciar a todas las personas de lo importante que es. Porque as\u00ed naci\u00f3 este d\u00eda, el&nbsp;<a aria-label=\" (opens in a new tab)\" href=\"https:\/\/www.interflora.es\/blog\/origen-dia-internacional-de-la-mujer\/\" target=\"_blank\" rel=\"noreferrer noopener\"><strong>origen del D\u00eda Internacional de la Mujer<\/strong><\/a>&nbsp;tiene que ver con una huelga de mujeres para luchar por sus derechos laborales. Y si de reivindicar se trata, elige este d\u00eda para&nbsp;<strong>gritar que se acabe la violencia contra las mujeres<\/strong>, que se eduque en igualdad a ni\u00f1os y a ni\u00f1as y que tengamos a&nbsp;<strong>mujeres empoderadas<\/strong>&nbsp;que sean capaces de reconocer su valor y valent\u00eda. Un d\u00eda para decirles que no est\u00e1n solas y que su lucha es&nbsp;<strong>la lucha de todos y todas<\/strong>&nbsp;por una igualdad verdadera.<\/p>\n<\/div><figure class=\"wp-block-media-text__media\"><img loading=\"lazy\" decoding=\"async\" width=\"640\" height=\"800\" src=\"https:\/\/www.interflora.es\/blog\/wp-content\/uploads\/2026\/02\/womens-day-15.png\" alt=\"\" class=\"wp-image-34415 size-full\" style=\"object-position:61% 41%\" srcset=\"https:\/\/www.interflora.es\/blog\/wp-content\/uploads\/2026\/02\/womens-day-15.png 640w, https:\/\/www.interflora.es\/blog\/wp-content\/uploads\/2026\/02\/womens-day-15-240x300.png 240w\" sizes=\"auto, (max-width: 640px) 100vw, 640px\" \/><\/figure><\/div>\n\n\n\n<div class=\"wp-block-media-text alignwide is-stacked-on-mobile is-image-fill-element\" style=\"grid-template-columns:35% auto\"><figure class=\"wp-block-media-text__media\"><img loading=\"lazy\" decoding=\"async\" width=\"450\" height=\"800\" src=\"https:\/\/www.interflora.es\/blog\/wp-content\/uploads\/2026\/02\/womens-day-30.png\" alt=\"\" class=\"wp-image-34430 size-full\" style=\"object-position:60% 42%\" srcset=\"https:\/\/www.interflora.es\/blog\/wp-content\/uploads\/2026\/02\/womens-day-30.png 450w, https:\/\/www.interflora.es\/blog\/wp-content\/uploads\/2026\/02\/womens-day-30-169x300.png 169w\" sizes=\"auto, (max-width: 450px) 100vw, 450px\" \/><\/figure><div class=\"wp-block-media-text__content\">\n<h2 class=\"wp-block-heading\">Un D\u00eda de la Mujer para reflexionar y hacer planes con amigas<\/h2>\n\n\n\n<p>El&nbsp;<strong>8 de marzo<\/strong>&nbsp;es un d\u00eda para brindar por los logros conseguidos pero tambi\u00e9n para recordar que todav\u00eda falta mucho por hacer y por tanto, para seguir concienciando. Por eso, es necesario seguir&nbsp;<strong>celebrando ese D\u00eda de la Mujer.<\/strong>&nbsp;\u00bfQu\u00e9 te parece si quedas con tus amigas, las de siempre, y os vais&nbsp;<strong>al cine<\/strong>? O quiz\u00e1 la sesi\u00f3n de cine puede ser en casa. Puedes elegir un film cuya tem\u00e1tica vaya acorde con el D\u00eda Internacional de la Mujer, como&nbsp;<strong><em>Pers\u00e9polis, La sonrisa de Mona Lisa o Thelma y Louise.<\/em><\/strong><\/p>\n\n\n\n<p>Otro buen plan puede ser quedar con tus amigas del alma para disfrutar de un&nbsp;<strong>Club de Lectura<\/strong>. Os pod\u00e9is acercar a la biograf\u00eda de alguna de las mujeres que han luchado durante a\u00f1os por la igualdad de derechos de las mujeres. O quiz\u00e1 prefir\u00e1is alguna autora feminista como&nbsp;<strong>Virginia Wolf<\/strong>. Despu\u00e9s pod\u00e9is establecer un coloquio y ver vuestros diferentes puntos de vista. El 8 de marzo es la ocasi\u00f3n perfecta para reflexionar sobre la&nbsp;<strong>igualdad de g\u00e9nero<\/strong>&nbsp;y las reivindicaciones feministas actuales. Otro&nbsp;<strong>plan de amigas<\/strong>&nbsp;puede ser&nbsp;<strong>irse de concierto.<\/strong>&nbsp;Investiga y busca, porque seguro que en tu localidad organizan alg\u00fan&nbsp;<strong>concierto para celebrar este D\u00eda de la Mujer.<\/strong><\/p>\n<\/div><\/div>\n\n\n\n<div class=\"wp-block-media-text alignwide has-media-on-the-right is-stacked-on-mobile is-image-fill-element\" style=\"grid-template-columns:auto 34%\"><div class=\"wp-block-media-text__content\">\n<h2 class=\"wp-block-heading\">Planes en familia para celebrar el D\u00eda de la Mujer<\/h2>\n\n\n\n<p>Otra manera diferente de&nbsp;<strong>celebrar el D\u00eda de la Mujer es haciendo planes en familia<\/strong>. Puedes aprovechar para hacer esa&nbsp;<strong>excursi\u00f3n<\/strong>&nbsp;que ten\u00e9is pendiente a ese lugar tan especial o quiz\u00e1, si vuestros horarios lo permiten,&nbsp;<strong>ir a comer juntos a ese restaurante<\/strong>&nbsp;que os gusta tanto. Este 8 de marzo es jueves, \u00bfqu\u00e9 te parece si pas\u00e1is la tarde juntos dando un paseo de lo m\u00e1s tranquilo?<\/p>\n\n\n\n<p>Tambi\u00e9n puede ser una idea genial pasar un rato&nbsp;<strong>haciendo manualidades<\/strong>, o disfrutar juntos mientras elabor\u00e1is unas&nbsp;<strong>ricas galletas de mantequilla<\/strong>. Otra propuesta que puede ser muy \u00fatil e interesante para&nbsp;<strong>celebrar el D\u00eda de la Mujer<\/strong>&nbsp;es leer con tus hijos alg\u00fan cuento o libro y poder cuestionar con ellos el tratamiento que se le da a algunas de las protagonistas de esas historias. Se trata de&nbsp;<strong>darle la vuelta a algunos de esos relatos de siempre<\/strong>, para que los peques tengan otra visi\u00f3n de las protagonistas de los cuentos cl\u00e1sicos y podamos romper con algunos estereotipos que se han forjado generaci\u00f3n tras generaci\u00f3n. Elige celebrar el D\u00eda de la Mujer disfrutando de planes en familia.<\/p>\n<\/div><figure class=\"wp-block-media-text__media\"><img loading=\"lazy\" decoding=\"async\" width=\"450\" height=\"800\" src=\"https:\/\/www.interflora.es\/blog\/wp-content\/uploads\/2026\/02\/womens-day-25.png\" alt=\"\" class=\"wp-image-34425 size-full\" style=\"object-position:50% 50%\" srcset=\"https:\/\/www.interflora.es\/blog\/wp-content\/uploads\/2026\/02\/womens-day-25.png 450w, https:\/\/www.interflora.es\/blog\/wp-content\/uploads\/2026\/02\/womens-day-25-169x300.png 169w\" sizes=\"auto, (max-width: 450px) 100vw, 450px\" \/><\/figure><\/div>\n\n\n\n<div class=\"wp-block-media-text alignwide is-stacked-on-mobile is-image-fill-element\" style=\"grid-template-columns:35% auto\"><figure class=\"wp-block-media-text__media\"><img loading=\"lazy\" decoding=\"async\" width=\"450\" height=\"800\" src=\"https:\/\/www.interflora.es\/blog\/wp-content\/uploads\/2026\/02\/womens-day-26.png\" alt=\"\" class=\"wp-image-34426 size-full\" style=\"object-position:50% 50%\" srcset=\"https:\/\/www.interflora.es\/blog\/wp-content\/uploads\/2026\/02\/womens-day-26.png 450w, https:\/\/www.interflora.es\/blog\/wp-content\/uploads\/2026\/02\/womens-day-26-169x300.png 169w\" sizes=\"auto, (max-width: 450px) 100vw, 450px\" \/><\/figure><div class=\"wp-block-media-text__content\">\n<h2 class=\"wp-block-heading\">Qui\u00e9rete mucho todos los d\u00edas y el 8 de marzo date un capricho<\/h2>\n\n\n\n<p>Ese capricho que no se va de tu cabeza, \u00e9se que te quita el sue\u00f1o, \u00e9se que te hace un poquito m\u00e1s feliz. Pues hoy, 8 de marzo, es el d\u00eda para permitirte ese capricho. Si te encanta la&nbsp;<strong>fotograf\u00eda<\/strong>, ya es hora de que te hagas con esa c\u00e1mara maravillosa que tienes en tu lista de deseos. Busca tu&nbsp;<strong>momento relax en casa<\/strong>&nbsp;y prepara tu ba\u00f1era con sales, mucha espuma, aromas y buena m\u00fasica de fondo. Ese momento es solo tuyo. O si lo prefieres tambi\u00e9n puedes vivir esos&nbsp;<strong>instantes de calma en un spa<\/strong>&nbsp;o disfrutando de un&nbsp;<strong>masaje relajante<\/strong>. Ded\u00edcate tiempo a ti, unos minutos s\u00f3lo tuyos, para saber d\u00f3nde est\u00e1s y ad\u00f3nde quieres llegar, para valorarte por c\u00f3mo eres, para sentirte valiosa y \u00fanica. Y sobre todo, este&nbsp;<strong>D\u00eda de la Mujer<\/strong>, y&nbsp;<strong>todos los que han de venir, qui\u00e9rete mucho y rod\u00e9ate de flores<\/strong>. \u00a1Sin duda ser\u00e1 el mejor plan para celebrar el D\u00eda Internacional de la Mujer!<\/p>\n<\/div><\/div>\n\n\n\n<div style=\"height:5px\" aria-hidden=\"true\" class=\"wp-block-spacer\"><\/div>\n\n\n<div class=\"lp-produits-grid\"><div class=\"lp-produit\"><div class=\"lp-thumbnail-wrapper\"><img loading=\"lazy\" decoding=\"async\" width=\"300\" height=\"300\" src=\"https:\/\/www.interflora.es\/blog\/wp-content\/uploads\/2025\/07\/1750405257-ff152-deco-300x300.jpg\" class=\"attachment-medium size-medium wp-post-image\" alt=\"\" srcset=\"https:\/\/www.interflora.es\/blog\/wp-content\/uploads\/2025\/07\/1750405257-ff152-deco-300x300.jpg 300w, https:\/\/www.interflora.es\/blog\/wp-content\/uploads\/2025\/07\/1750405257-ff152-deco-1024x1024.jpg 1024w, https:\/\/www.interflora.es\/blog\/wp-content\/uploads\/2025\/07\/1750405257-ff152-deco-150x150.jpg 150w, https:\/\/www.interflora.es\/blog\/wp-content\/uploads\/2025\/07\/1750405257-ff152-deco-768x768.jpg 768w, https:\/\/www.interflora.es\/blog\/wp-content\/uploads\/2025\/07\/1750405257-ff152-deco-1536x1536.jpg 1536w, https:\/\/www.interflora.es\/blog\/wp-content\/uploads\/2025\/07\/1750405257-ff152-deco-2048x2048.jpg 2048w\" sizes=\"auto, (max-width: 300px) 100vw, 300px\" \/><img decoding=\"async\" class=\"lp-badge\" src=\"https:\/\/prodblog.interflora.es\/blog\/wp-content\/uploads\/2025\/04\/220422_INTERFLORA_Main_Logo_rgb_Main_Color.png\" alt=\"Entrega r\u00e1pida\"><\/div><span>Sentimientos<\/span><p>34.99 \u20ac<\/p><span class=\"obf-link lp-cta\" role=\"link\" tabindex=\"0\" data-b64=\"aHR0cHM6Ly93d3cuaW50ZXJmbG9yYS5lcy9wL3JhbW8tZGUtZmxvcmVzLXNlbnRpbWllbnRvcy8xP3V0bV9tZWRpdW09b3JnYW5pYyZ1dG1fc291cmNlPWJsb2dfcHJvZHVjdHMmdXRtX2NhbXBhaWduPUZGMTUy\" data-target=\"_blank\"><svg xmlns=\"http:\/\/www.w3.org\/2000\/svg\" width=\"16\" height=\"16\" fill=\"currentColor\" class=\"bi bi-bag\" viewBox=\"0 0 16 16\"><path d=\"M8 1a2 2 0 0 1 2 2v1h2.5A1.5 1.5 0 0 1 14 5.5v8A1.5 1.5 0 0 1 12.5 15h-9A1.5 1.5 0 0 1 2 13.5v-8A1.5 1.5 0 0 1 3.5 3H6V2a2 2 0 0 1 2-1zm1 3V3a1 1 0 0 0-2 0v1h2z\"\/><\/svg>Comprar<\/span><p class=\"rapido\">Entrega en el d\u00eda<\/p><\/div><div class=\"lp-produit\"><div class=\"lp-thumbnail-wrapper\"><img loading=\"lazy\" decoding=\"async\" width=\"300\" height=\"300\" src=\"https:\/\/www.interflora.es\/blog\/wp-content\/uploads\/2025\/07\/1750411785-ff155-model-hand-300x300.jpg\" class=\"attachment-medium size-medium wp-post-image\" alt=\"\" srcset=\"https:\/\/www.interflora.es\/blog\/wp-content\/uploads\/2025\/07\/1750411785-ff155-model-hand-300x300.jpg 300w, https:\/\/www.interflora.es\/blog\/wp-content\/uploads\/2025\/07\/1750411785-ff155-model-hand-1024x1024.jpg 1024w, https:\/\/www.interflora.es\/blog\/wp-content\/uploads\/2025\/07\/1750411785-ff155-model-hand-150x150.jpg 150w, https:\/\/www.interflora.es\/blog\/wp-content\/uploads\/2025\/07\/1750411785-ff155-model-hand-768x768.jpg 768w, https:\/\/www.interflora.es\/blog\/wp-content\/uploads\/2025\/07\/1750411785-ff155-model-hand-1536x1536.jpg 1536w, https:\/\/www.interflora.es\/blog\/wp-content\/uploads\/2025\/07\/1750411785-ff155-model-hand-2048x2048.jpg 2048w\" sizes=\"auto, (max-width: 300px) 100vw, 300px\" \/><img decoding=\"async\" class=\"lp-badge\" src=\"https:\/\/prodblog.interflora.es\/blog\/wp-content\/uploads\/2025\/04\/220422_INTERFLORA_Main_Logo_rgb_Main_Color.png\" alt=\"Entrega r\u00e1pida\"><\/div><span>Besito<\/span><p>29.99 \u20ac<\/p><span class=\"obf-link lp-cta\" role=\"link\" tabindex=\"0\" data-b64=\"aHR0cHM6Ly93d3cuaW50ZXJmbG9yYS5lcy9wL3JhbW8tZGUtZmxvcmVzLWJlc2l0by8xP3V0bV9tZWRpdW09b3JnYW5pYyZ1dG1fc291cmNlPWJsb2dfcHJvZHVjdHMmdXRtX2NhbXBhaWduPUZGMTU1\" data-target=\"_blank\"><svg xmlns=\"http:\/\/www.w3.org\/2000\/svg\" width=\"16\" height=\"16\" fill=\"currentColor\" class=\"bi bi-bag\" viewBox=\"0 0 16 16\"><path d=\"M8 1a2 2 0 0 1 2 2v1h2.5A1.5 1.5 0 0 1 14 5.5v8A1.5 1.5 0 0 1 12.5 15h-9A1.5 1.5 0 0 1 2 13.5v-8A1.5 1.5 0 0 1 3.5 3H6V2a2 2 0 0 1 2-1zm1 3V3a1 1 0 0 0-2 0v1h2z\"\/><\/svg>Comprar<\/span><p class=\"rapido\">Flores y plantas frescas<\/p><\/div><div class=\"lp-produit\"><div class=\"lp-thumbnail-wrapper\"><img loading=\"lazy\" decoding=\"async\" width=\"300\" height=\"300\" src=\"https:\/\/www.interflora.es\/blog\/wp-content\/uploads\/2025\/11\/Capture-decran-2026-02-04-121916-300x300.png\" class=\"attachment-medium size-medium wp-post-image\" alt=\"\" srcset=\"https:\/\/www.interflora.es\/blog\/wp-content\/uploads\/2025\/11\/Capture-decran-2026-02-04-121916-300x300.png 300w, https:\/\/www.interflora.es\/blog\/wp-content\/uploads\/2025\/11\/Capture-decran-2026-02-04-121916-150x150.png 150w, https:\/\/www.interflora.es\/blog\/wp-content\/uploads\/2025\/11\/Capture-decran-2026-02-04-121916.png 647w\" sizes=\"auto, (max-width: 300px) 100vw, 300px\" \/><img decoding=\"async\" class=\"lp-badge\" src=\"https:\/\/prodblog.interflora.es\/blog\/wp-content\/uploads\/2025\/04\/220422_INTERFLORA_Main_Logo_rgb_Main_Color.png\" alt=\"Entrega r\u00e1pida\"><\/div><span>Peque\u00f1o Sol<\/span><p>27.99 \u20ac<\/p><span class=\"obf-link lp-cta\" role=\"link\" tabindex=\"0\" data-b64=\"aHR0cHM6Ly93d3cuaW50ZXJmbG9yYS5lcy9wL3JhbW8tZGUtZmxvcmVzLWFtYXJpbGxhcy12YXJpYWRhcy8xP3V0bV9tZWRpdW09b3JnYW5pYyZ1dG1fc291cmNlPWJsb2dfcHJvZHVjdHMmdXRtX2NhbXBhaWduPUZGMTQ4\" data-target=\"_blank\"><svg xmlns=\"http:\/\/www.w3.org\/2000\/svg\" width=\"16\" height=\"16\" fill=\"currentColor\" class=\"bi bi-bag\" viewBox=\"0 0 16 16\"><path d=\"M8 1a2 2 0 0 1 2 2v1h2.5A1.5 1.5 0 0 1 14 5.5v8A1.5 1.5 0 0 1 12.5 15h-9A1.5 1.5 0 0 1 2 13.5v-8A1.5 1.5 0 0 1 3.5 3H6V2a2 2 0 0 1 2-1zm1 3V3a1 1 0 0 0-2 0v1h2z\"\/><\/svg>Comprar<\/span><p class=\"rapido\">Entrega en el d\u00eda<\/p><\/div><div class=\"lp-produit\"><div class=\"lp-thumbnail-wrapper\"><img loading=\"lazy\" decoding=\"async\" width=\"300\" height=\"300\" src=\"https:\/\/www.interflora.es\/blog\/wp-content\/uploads\/2025\/04\/1688372120-f0137-es-1-300x300.jpg\" class=\"attachment-medium size-medium wp-post-image\" alt=\"\" srcset=\"https:\/\/www.interflora.es\/blog\/wp-content\/uploads\/2025\/04\/1688372120-f0137-es-1-300x300.jpg 300w, https:\/\/www.interflora.es\/blog\/wp-content\/uploads\/2025\/04\/1688372120-f0137-es-1-1024x1024.jpg 1024w, https:\/\/www.interflora.es\/blog\/wp-content\/uploads\/2025\/04\/1688372120-f0137-es-1-150x150.jpg 150w, https:\/\/www.interflora.es\/blog\/wp-content\/uploads\/2025\/04\/1688372120-f0137-es-1-768x768.jpg 768w, https:\/\/www.interflora.es\/blog\/wp-content\/uploads\/2025\/04\/1688372120-f0137-es-1-1536x1536.jpg 1536w, https:\/\/www.interflora.es\/blog\/wp-content\/uploads\/2025\/04\/1688372120-f0137-es-1-2048x2048.jpg 2048w\" sizes=\"auto, (max-width: 300px) 100vw, 300px\" \/><img decoding=\"async\" class=\"lp-badge\" src=\"https:\/\/prodblog.interflora.es\/blog\/wp-content\/uploads\/2025\/04\/220422_INTERFLORA_Main_Logo_rgb_Main_Color.png\" alt=\"Entrega r\u00e1pida\"><\/div><span>Ramo Sorpresa del Florista<\/span><p>34.99 \u20ac<\/p><span class=\"obf-link lp-cta\" role=\"link\" tabindex=\"0\" data-b64=\"aHR0cHM6Ly93d3cuaW50ZXJmbG9yYS5lcy9wL3JhbW8tZGVsLWZsb3Jpc3RhLzE\/dXRtX21lZGl1bT1vcmdhbmljJnV0bV9zb3VyY2U9YmxvZ19wcm9kdWN0cyZ1dG1fY2FtcGFpZ249RjAxMzc=\" data-target=\"_blank\"><svg xmlns=\"http:\/\/www.w3.org\/2000\/svg\" width=\"16\" height=\"16\" fill=\"currentColor\" class=\"bi bi-bag\" viewBox=\"0 0 16 16\"><path d=\"M8 1a2 2 0 0 1 2 2v1h2.5A1.5 1.5 0 0 1 14 5.5v8A1.5 1.5 0 0 1 12.5 15h-9A1.5 1.5 0 0 1 2 13.5v-8A1.5 1.5 0 0 1 3.5 3H6V2a2 2 0 0 1 2-1zm1 3V3a1 1 0 0 0-2 0v1h2z\"\/><\/svg>Comprar<\/span><p class=\"rapido\">Atenci\u00f3n al cliente siempre disponible<\/p><\/div><\/div>\n\n\n\n<div style=\"height:5px\" aria-hidden=\"true\" class=\"wp-block-spacer\"><\/div>\n\n\n\n<div class=\"wp-block-buttons is-content-justification-center is-layout-flex wp-container-core-buttons-is-layout-a89b3969 wp-block-buttons-is-layout-flex\">\n<div class=\"wp-block-button\"><a class=\"wp-block-button__link wp-element-button\" href=\"https:\/\/www.interflora.es\/c\/fiestas\/flores-para-el-dia-de-la-mujer\">Flores para el D\u00eda de la Mujer<\/a><\/div>\n<\/div>\n","protected":false},"excerpt":{"rendered":"<p>El pr\u00f3ximo 8 de marzo se conmemora el D\u00eda Internacional de la Mujer y puede ser la excusa perfecta para darse cuenta del largo camino que ha recorrido la mujer en la lucha por sus derechos y poder celebrarlo.<\/p>\n","protected":false},"author":13,"featured_media":34440,"comment_status":"open","ping_status":"open","sticky":false,"template":"","format":"standard","meta":{"_acf_changed":false,"_uag_custom_page_level_css":"","site-sidebar-layout":"default","site-content-layout":"","ast-site-content-layout":"default","site-content-style":"default","site-sidebar-style":"default","ast-global-header-display":"","ast-banner-title-visibility":"","ast-main-header-display":"","ast-hfb-above-header-display":"","ast-hfb-below-header-display":"","ast-hfb-mobile-header-display":"","site-post-title":"","ast-breadcrumbs-content":"","ast-featured-img":"","footer-sml-layout":"","theme-transparent-header-meta":"","adv-header-id-meta":"","stick-header-meta":"","header-above-stick-meta":"","header-main-stick-meta":"","header-below-stick-meta":"","astra-migrate-meta-layouts":"set","ast-page-background-enabled":"default","ast-page-background-meta":{"desktop":{"background-color":"var(--ast-global-color-5)","background-image":"","background-repeat":"repeat","background-position":"center center","background-size":"auto","background-attachment":"scroll","background-type":"","background-media":"","overlay-type":"","overlay-color":"","overlay-opacity":"","overlay-gradient":""},"tablet":{"background-color":"","background-image":"","background-repeat":"repeat","background-position":"center center","background-size":"auto","background-attachment":"scroll","background-type":"","background-media":"","overlay-type":"","overlay-color":"","overlay-opacity":"","overlay-gradient":""},"mobile":{"background-color":"","background-image":"","background-repeat":"repeat","background-position":"center center","background-size":"auto","background-attachment":"scroll","background-type":"","background-media":"","overlay-type":"","overlay-color":"","overlay-opacity":"","overlay-gradient":""}},"ast-content-background-meta":{"desktop":{"background-color":"var(--ast-global-color-4)","background-image":"","background-repeat":"repeat","background-position":"center center","background-size":"auto","background-attachment":"scroll","background-type":"","background-media":"","overlay-type":"","overlay-color":"","overlay-opacity":"","overlay-gradient":""},"tablet":{"background-color":"var(--ast-global-color-4)","background-image":"","background-repeat":"repeat","background-position":"center center","background-size":"auto","background-attachment":"scroll","background-type":"","background-media":"","overlay-type":"","overlay-color":"","overlay-opacity":"","overlay-gradient":""},"mobile":{"background-color":"var(--ast-global-color-4)","background-image":"","background-repeat":"repeat","background-position":"center center","background-size":"auto","background-attachment":"scroll","background-type":"","background-media":"","overlay-type":"","overlay-color":"","overlay-opacity":"","overlay-gradient":""}},"footnotes":""},"categories":[84,23],"tags":[85],"class_list":["post-8109","post","type-post","status-publish","format-standard","has-post-thumbnail","hentry","category-dia-de-la-mujer","category-ocasiones-especiales","tag-dia-de-la-mujer"],"acf":[],"yoast_head":"<!-- This site is optimized with the Yoast SEO plugin v27.5 - https:\/\/yoast.com\/product\/yoast-seo-wordpress\/ -->\n<title>Planes para celebrar el D\u00eda Internacional de la Mujer | Interflora<\/title>\n<meta name=\"description\" content=\"El pr\u00f3ximo 8 de marzo es el D\u00eda Internacional de la Mujer y puede ser la excusa perfecta para darse cuenta del largo camino que ha recorrido la mujer\" \/>\n<meta name=\"robots\" content=\"index, follow, max-snippet:-1, max-image-preview:large, max-video-preview:-1\" \/>\n<link rel=\"canonical\" href=\"https:\/\/www.interflora.es\/blog\/planes-dia-de-la-mujer\/\" \/>\n<script type=\"application\/ld+json\" class=\"yoast-schema-graph\">{\"@context\":\"https:\\\/\\\/schema.org\",\"@graph\":[{\"@type\":\"Article\",\"@id\":\"https:\\\/\\\/www.interflora.es\\\/blog\\\/planes-dia-de-la-mujer\\\/#article\",\"isPartOf\":{\"@id\":\"https:\\\/\\\/www.interflora.es\\\/blog\\\/planes-dia-de-la-mujer\\\/\"},\"author\":{\"name\":\"Interflora\",\"@id\":\"https:\\\/\\\/www.interflora.es\\\/blog\\\/#\\\/schema\\\/person\\\/e3ecff50262948e365b92682cdc2a9d1\"},\"headline\":\"Planes para celebrar el D\u00eda Internacional de la Mujer\",\"datePublished\":\"2026-02-15T15:54:00+00:00\",\"dateModified\":\"2026-02-17T09:39:48+00:00\",\"mainEntityOfPage\":{\"@id\":\"https:\\\/\\\/www.interflora.es\\\/blog\\\/planes-dia-de-la-mujer\\\/\"},\"wordCount\":1258,\"commentCount\":0,\"publisher\":{\"@id\":\"https:\\\/\\\/www.interflora.es\\\/blog\\\/#organization\"},\"image\":{\"@id\":\"https:\\\/\\\/www.interflora.es\\\/blog\\\/planes-dia-de-la-mujer\\\/#primaryimage\"},\"thumbnailUrl\":\"https:\\\/\\\/www.interflora.es\\\/blog\\\/wp-content\\\/uploads\\\/2026\\\/02\\\/annesophiebenoit-interflora-sw-77.jpg\",\"keywords\":[\"D\u00eda de la Mujer\"],\"articleSection\":[\"D\u00eda de la Mujer\",\"Ocasiones especiales\"],\"inLanguage\":\"es\",\"potentialAction\":[{\"@type\":\"CommentAction\",\"name\":\"Comment\",\"target\":[\"https:\\\/\\\/www.interflora.es\\\/blog\\\/planes-dia-de-la-mujer\\\/#respond\"]}]},{\"@type\":\"WebPage\",\"@id\":\"https:\\\/\\\/www.interflora.es\\\/blog\\\/planes-dia-de-la-mujer\\\/\",\"url\":\"https:\\\/\\\/www.interflora.es\\\/blog\\\/planes-dia-de-la-mujer\\\/\",\"name\":\"Planes para celebrar el D\u00eda Internacional de la Mujer | Interflora\",\"isPartOf\":{\"@id\":\"https:\\\/\\\/www.interflora.es\\\/blog\\\/#website\"},\"primaryImageOfPage\":{\"@id\":\"https:\\\/\\\/www.interflora.es\\\/blog\\\/planes-dia-de-la-mujer\\\/#primaryimage\"},\"image\":{\"@id\":\"https:\\\/\\\/www.interflora.es\\\/blog\\\/planes-dia-de-la-mujer\\\/#primaryimage\"},\"thumbnailUrl\":\"https:\\\/\\\/www.interflora.es\\\/blog\\\/wp-content\\\/uploads\\\/2026\\\/02\\\/annesophiebenoit-interflora-sw-77.jpg\",\"datePublished\":\"2026-02-15T15:54:00+00:00\",\"dateModified\":\"2026-02-17T09:39:48+00:00\",\"description\":\"El pr\u00f3ximo 8 de marzo es el D\u00eda Internacional de la Mujer y puede ser la excusa perfecta para darse cuenta del largo camino que ha recorrido la mujer\",\"breadcrumb\":{\"@id\":\"https:\\\/\\\/www.interflora.es\\\/blog\\\/planes-dia-de-la-mujer\\\/#breadcrumb\"},\"inLanguage\":\"es\",\"potentialAction\":[{\"@type\":\"ReadAction\",\"target\":[\"https:\\\/\\\/www.interflora.es\\\/blog\\\/planes-dia-de-la-mujer\\\/\"]}]},{\"@type\":\"ImageObject\",\"inLanguage\":\"es\",\"@id\":\"https:\\\/\\\/www.interflora.es\\\/blog\\\/planes-dia-de-la-mujer\\\/#primaryimage\",\"url\":\"https:\\\/\\\/www.interflora.es\\\/blog\\\/wp-content\\\/uploads\\\/2026\\\/02\\\/annesophiebenoit-interflora-sw-77.jpg\",\"contentUrl\":\"https:\\\/\\\/www.interflora.es\\\/blog\\\/wp-content\\\/uploads\\\/2026\\\/02\\\/annesophiebenoit-interflora-sw-77.jpg\",\"width\":533,\"height\":800,\"caption\":\"Evoto\"},{\"@type\":\"BreadcrumbList\",\"@id\":\"https:\\\/\\\/www.interflora.es\\\/blog\\\/planes-dia-de-la-mujer\\\/#breadcrumb\",\"itemListElement\":[{\"@type\":\"ListItem\",\"position\":1,\"name\":\"Home\",\"item\":\"https:\\\/\\\/www.interflora.es\\\/blog\\\/\"},{\"@type\":\"ListItem\",\"position\":2,\"name\":\"Planes para celebrar el D\u00eda Internacional de la Mujer\"}]},{\"@type\":\"WebSite\",\"@id\":\"https:\\\/\\\/www.interflora.es\\\/blog\\\/#website\",\"url\":\"https:\\\/\\\/www.interflora.es\\\/blog\\\/\",\"name\":\"El blog de Interflora : consejos, ideas e inspiraci\u00f3n para disfrutar de las flores y las plantas\",\"description\":\"\",\"publisher\":{\"@id\":\"https:\\\/\\\/www.interflora.es\\\/blog\\\/#organization\"},\"potentialAction\":[{\"@type\":\"SearchAction\",\"target\":{\"@type\":\"EntryPoint\",\"urlTemplate\":\"https:\\\/\\\/www.interflora.es\\\/blog\\\/?s={search_term_string}\"},\"query-input\":{\"@type\":\"PropertyValueSpecification\",\"valueRequired\":true,\"valueName\":\"search_term_string\"}}],\"inLanguage\":\"es\"},{\"@type\":\"Organization\",\"@id\":\"https:\\\/\\\/www.interflora.es\\\/blog\\\/#organization\",\"name\":\"El blog de Interflora : consejos, ideas e inspiraci\u00f3n para disfrutar de las flores y las plantas\",\"url\":\"https:\\\/\\\/www.interflora.es\\\/blog\\\/\",\"logo\":{\"@type\":\"ImageObject\",\"inLanguage\":\"es\",\"@id\":\"https:\\\/\\\/www.interflora.es\\\/blog\\\/#\\\/schema\\\/logo\\\/image\\\/\",\"url\":\"https:\\\/\\\/www.interflora.es\\\/blog\\\/wp-content\\\/uploads\\\/2025\\\/10\\\/cropped-220422_INTERFLORA_Logo_rgb_Half_Top_Circle_Main_Color.png\",\"contentUrl\":\"https:\\\/\\\/www.interflora.es\\\/blog\\\/wp-content\\\/uploads\\\/2025\\\/10\\\/cropped-220422_INTERFLORA_Logo_rgb_Half_Top_Circle_Main_Color.png\",\"width\":1418,\"height\":659,\"caption\":\"El blog de Interflora : consejos, ideas e inspiraci\u00f3n para disfrutar de las flores y las plantas\"},\"image\":{\"@id\":\"https:\\\/\\\/www.interflora.es\\\/blog\\\/#\\\/schema\\\/logo\\\/image\\\/\"}},{\"@type\":\"Person\",\"@id\":\"https:\\\/\\\/www.interflora.es\\\/blog\\\/#\\\/schema\\\/person\\\/e3ecff50262948e365b92682cdc2a9d1\",\"name\":\"Interflora\",\"image\":{\"@type\":\"ImageObject\",\"inLanguage\":\"es\",\"@id\":\"https:\\\/\\\/www.interflora.es\\\/blog\\\/wp-content\\\/litespeed\\\/avatar\\\/ef0a9e22ccabc545011ca74a630eaf3e.jpg?ver=1776950439\",\"url\":\"https:\\\/\\\/www.interflora.es\\\/blog\\\/wp-content\\\/litespeed\\\/avatar\\\/ef0a9e22ccabc545011ca74a630eaf3e.jpg?ver=1776950439\",\"contentUrl\":\"https:\\\/\\\/www.interflora.es\\\/blog\\\/wp-content\\\/litespeed\\\/avatar\\\/ef0a9e22ccabc545011ca74a630eaf3e.jpg?ver=1776950439\",\"caption\":\"Interflora\"}}]}<\/script>\n<!-- \/ Yoast SEO plugin. -->","yoast_head_json":{"title":"Planes para celebrar el D\u00eda Internacional de la Mujer | Interflora","description":"El pr\u00f3ximo 8 de marzo es el D\u00eda Internacional de la Mujer y puede ser la excusa perfecta para darse cuenta del largo camino que ha recorrido la mujer","robots":{"index":"index","follow":"follow","max-snippet":"max-snippet:-1","max-image-preview":"max-image-preview:large","max-video-preview":"max-video-preview:-1"},"canonical":"https:\/\/www.interflora.es\/blog\/planes-dia-de-la-mujer\/","schema":{"@context":"https:\/\/schema.org","@graph":[{"@type":"Article","@id":"https:\/\/www.interflora.es\/blog\/planes-dia-de-la-mujer\/#article","isPartOf":{"@id":"https:\/\/www.interflora.es\/blog\/planes-dia-de-la-mujer\/"},"author":{"name":"Interflora","@id":"https:\/\/www.interflora.es\/blog\/#\/schema\/person\/e3ecff50262948e365b92682cdc2a9d1"},"headline":"Planes para celebrar el D\u00eda Internacional de la Mujer","datePublished":"2026-02-15T15:54:00+00:00","dateModified":"2026-02-17T09:39:48+00:00","mainEntityOfPage":{"@id":"https:\/\/www.interflora.es\/blog\/planes-dia-de-la-mujer\/"},"wordCount":1258,"commentCount":0,"publisher":{"@id":"https:\/\/www.interflora.es\/blog\/#organization"},"image":{"@id":"https:\/\/www.interflora.es\/blog\/planes-dia-de-la-mujer\/#primaryimage"},"thumbnailUrl":"https:\/\/www.interflora.es\/blog\/wp-content\/uploads\/2026\/02\/annesophiebenoit-interflora-sw-77.jpg","keywords":["D\u00eda de la Mujer"],"articleSection":["D\u00eda de la Mujer","Ocasiones especiales"],"inLanguage":"es","potentialAction":[{"@type":"CommentAction","name":"Comment","target":["https:\/\/www.interflora.es\/blog\/planes-dia-de-la-mujer\/#respond"]}]},{"@type":"WebPage","@id":"https:\/\/www.interflora.es\/blog\/planes-dia-de-la-mujer\/","url":"https:\/\/www.interflora.es\/blog\/planes-dia-de-la-mujer\/","name":"Planes para celebrar el D\u00eda Internacional de la Mujer | Interflora","isPartOf":{"@id":"https:\/\/www.interflora.es\/blog\/#website"},"primaryImageOfPage":{"@id":"https:\/\/www.interflora.es\/blog\/planes-dia-de-la-mujer\/#primaryimage"},"image":{"@id":"https:\/\/www.interflora.es\/blog\/planes-dia-de-la-mujer\/#primaryimage"},"thumbnailUrl":"https:\/\/www.interflora.es\/blog\/wp-content\/uploads\/2026\/02\/annesophiebenoit-interflora-sw-77.jpg","datePublished":"2026-02-15T15:54:00+00:00","dateModified":"2026-02-17T09:39:48+00:00","description":"El pr\u00f3ximo 8 de marzo es el D\u00eda Internacional de la Mujer y puede ser la excusa perfecta para darse cuenta del largo camino que ha recorrido la mujer","breadcrumb":{"@id":"https:\/\/www.interflora.es\/blog\/planes-dia-de-la-mujer\/#breadcrumb"},"inLanguage":"es","potentialAction":[{"@type":"ReadAction","target":["https:\/\/www.interflora.es\/blog\/planes-dia-de-la-mujer\/"]}]},{"@type":"ImageObject","inLanguage":"es","@id":"https:\/\/www.interflora.es\/blog\/planes-dia-de-la-mujer\/#primaryimage","url":"https:\/\/www.interflora.es\/blog\/wp-content\/uploads\/2026\/02\/annesophiebenoit-interflora-sw-77.jpg","contentUrl":"https:\/\/www.interflora.es\/blog\/wp-content\/uploads\/2026\/02\/annesophiebenoit-interflora-sw-77.jpg","width":533,"height":800,"caption":"Evoto"},{"@type":"BreadcrumbList","@id":"https:\/\/www.interflora.es\/blog\/planes-dia-de-la-mujer\/#breadcrumb","itemListElement":[{"@type":"ListItem","position":1,"name":"Home","item":"https:\/\/www.interflora.es\/blog\/"},{"@type":"ListItem","position":2,"name":"Planes para celebrar el D\u00eda Internacional de la Mujer"}]},{"@type":"WebSite","@id":"https:\/\/www.interflora.es\/blog\/#website","url":"https:\/\/www.interflora.es\/blog\/","name":"El blog de Interflora : consejos, ideas e inspiraci\u00f3n para disfrutar de las flores y las plantas","description":"","publisher":{"@id":"https:\/\/www.interflora.es\/blog\/#organization"},"potentialAction":[{"@type":"SearchAction","target":{"@type":"EntryPoint","urlTemplate":"https:\/\/www.interflora.es\/blog\/?s={search_term_string}"},"query-input":{"@type":"PropertyValueSpecification","valueRequired":true,"valueName":"search_term_string"}}],"inLanguage":"es"},{"@type":"Organization","@id":"https:\/\/www.interflora.es\/blog\/#organization","name":"El blog de Interflora : consejos, ideas e inspiraci\u00f3n para disfrutar de las flores y las plantas","url":"https:\/\/www.interflora.es\/blog\/","logo":{"@type":"ImageObject","inLanguage":"es","@id":"https:\/\/www.interflora.es\/blog\/#\/schema\/logo\/image\/","url":"https:\/\/www.interflora.es\/blog\/wp-content\/uploads\/2025\/10\/cropped-220422_INTERFLORA_Logo_rgb_Half_Top_Circle_Main_Color.png","contentUrl":"https:\/\/www.interflora.es\/blog\/wp-content\/uploads\/2025\/10\/cropped-220422_INTERFLORA_Logo_rgb_Half_Top_Circle_Main_Color.png","width":1418,"height":659,"caption":"El blog de Interflora : consejos, ideas e inspiraci\u00f3n para disfrutar de las flores y las plantas"},"image":{"@id":"https:\/\/www.interflora.es\/blog\/#\/schema\/logo\/image\/"}},{"@type":"Person","@id":"https:\/\/www.interflora.es\/blog\/#\/schema\/person\/e3ecff50262948e365b92682cdc2a9d1","name":"Interflora","image":{"@type":"ImageObject","inLanguage":"es","@id":"https:\/\/www.interflora.es\/blog\/wp-content\/litespeed\/avatar\/ef0a9e22ccabc545011ca74a630eaf3e.jpg?ver=1776950439","url":"https:\/\/www.interflora.es\/blog\/wp-content\/litespeed\/avatar\/ef0a9e22ccabc545011ca74a630eaf3e.jpg?ver=1776950439","contentUrl":"https:\/\/www.interflora.es\/blog\/wp-content\/litespeed\/avatar\/ef0a9e22ccabc545011ca74a630eaf3e.jpg?ver=1776950439","caption":"Interflora"}}]}},"uagb_featured_image_src":{"full":["https:\/\/www.interflora.es\/blog\/wp-content\/uploads\/2026\/02\/annesophiebenoit-interflora-sw-77.jpg",533,800,false],"thumbnail":["https:\/\/www.interflora.es\/blog\/wp-content\/uploads\/2026\/02\/annesophiebenoit-interflora-sw-77-150x150.jpg",150,150,true],"medium":["https:\/\/www.interflora.es\/blog\/wp-content\/uploads\/2026\/02\/annesophiebenoit-interflora-sw-77-200x300.jpg",200,300,true],"medium_large":["https:\/\/www.interflora.es\/blog\/wp-content\/uploads\/2026\/02\/annesophiebenoit-interflora-sw-77.jpg",533,800,false],"large":["https:\/\/www.interflora.es\/blog\/wp-content\/uploads\/2026\/02\/annesophiebenoit-interflora-sw-77.jpg",533,800,false],"1536x1536":["https:\/\/www.interflora.es\/blog\/wp-content\/uploads\/2026\/02\/annesophiebenoit-interflora-sw-77.jpg",533,800,false],"2048x2048":["https:\/\/www.interflora.es\/blog\/wp-content\/uploads\/2026\/02\/annesophiebenoit-interflora-sw-77.jpg",533,800,false]},"uagb_author_info":{"display_name":"Interflora","author_link":"https:\/\/www.interflora.es\/blog\/author\/interflora\/"},"uagb_comment_info":1,"uagb_excerpt":"El pr\u00f3ximo 8 de marzo se conmemora el D\u00eda Internacional de la Mujer y puede ser la excusa perfecta para darse cuenta del largo camino que ha recorrido la mujer en la lucha por sus derechos y poder celebrarlo.","_links":{"self":[{"href":"https:\/\/www.interflora.es\/blog\/wp-json\/wp\/v2\/posts\/8109","targetHints":{"allow":["GET"]}}],"collection":[{"href":"https:\/\/www.interflora.es\/blog\/wp-json\/wp\/v2\/posts"}],"about":[{"href":"https:\/\/www.interflora.es\/blog\/wp-json\/wp\/v2\/types\/post"}],"author":[{"embeddable":true,"href":"https:\/\/www.interflora.es\/blog\/wp-json\/wp\/v2\/users\/13"}],"replies":[{"embeddable":true,"href":"https:\/\/www.interflora.es\/blog\/wp-json\/wp\/v2\/comments?post=8109"}],"version-history":[{"count":1,"href":"https:\/\/www.interflora.es\/blog\/wp-json\/wp\/v2\/posts\/8109\/revisions"}],"predecessor-version":[{"id":34526,"href":"https:\/\/www.interflora.es\/blog\/wp-json\/wp\/v2\/posts\/8109\/revisions\/34526"}],"wp:featuredmedia":[{"embeddable":true,"href":"https:\/\/www.interflora.es\/blog\/wp-json\/wp\/v2\/media\/34440"}],"wp:attachment":[{"href":"https:\/\/www.interflora.es\/blog\/wp-json\/wp\/v2\/media?parent=8109"}],"wp:term":[{"taxonomy":"category","embeddable":true,"href":"https:\/\/www.interflora.es\/blog\/wp-json\/wp\/v2\/categories?post=8109"},{"taxonomy":"post_tag","embeddable":true,"href":"https:\/\/www.interflora.es\/blog\/wp-json\/wp\/v2\/tags?post=8109"}],"curies":[{"name":"wp","href":"https:\/\/api.w.org\/{rel}","templated":true}]}}