{"id":8076,"date":"2019-01-24T11:04:07","date_gmt":"2019-01-24T10:04:07","guid":{"rendered":"https:\/\/www.interflora.es\/blog\/?p=8076"},"modified":"2019-01-24T11:04:07","modified_gmt":"2019-01-24T10:04:07","slug":"clavel-guia-basica","status":"publish","type":"post","link":"https:\/\/www.interflora.es\/blog\/clavel-guia-basica\/","title":{"rendered":"El clavel: significado y cuidados de la flor de los dioses"},"content":{"rendered":"\n<p>Muy presente en Espa\u00f1a, donde se la ha declarado<strong> flor nacional<\/strong> por su abundancia y su belleza, el clavel resplandece con el buen tiempo y es el protagonista de todos los eventos florales de la primavera. Adem\u00e1s, el clavel es una <strong>flor muy resistente<\/strong> y requiere <strong>pocos cuidados<\/strong>, por lo que la ver\u00e1s mucho como adorno floral en casas, fiestas y jardines.\u00a0Descubre el <strong>significado y los cuidados del clavel,<\/strong> la flor de enero.<\/p>\n\n\n\n<figure class=\"wp-block-image aligncenter size-large is-resized\"><img loading=\"lazy\" decoding=\"async\" width=\"1024\" height=\"633\" src=\"https:\/\/www.interflora.es\/blog\/wp-content\/uploads\/clavel-1-1024x633.jpg\" alt=\"Clavel rojo\" class=\"wp-image-14840\" style=\"aspect-ratio:16\/9;object-fit:cover;width:600px\" srcset=\"https:\/\/www.interflora.es\/blog\/wp-content\/uploads\/clavel-1-1024x633.jpg 1024w, https:\/\/www.interflora.es\/blog\/wp-content\/uploads\/clavel-1-300x185.jpg 300w, https:\/\/www.interflora.es\/blog\/wp-content\/uploads\/clavel-1-768x475.jpg 768w, https:\/\/www.interflora.es\/blog\/wp-content\/uploads\/clavel-1-1536x950.jpg 1536w, https:\/\/www.interflora.es\/blog\/wp-content\/uploads\/clavel-1-2048x1266.jpg 2048w\" sizes=\"auto, (max-width: 1024px) 100vw, 1024px\" \/><\/figure>\n\n\n\n<div style=\"height:30px\" aria-hidden=\"true\" class=\"wp-block-spacer\"><\/div>\n\n\n\n<h2 class=\"wp-block-heading alignwide\"><strong>Origen de la flor de los dioses<\/strong><\/h2>\n\n\n\n<p>Los claveles son las flores m\u00e1s utilizadas en Espa\u00f1a, tanto en fiestas populares como religiosas. Las chulapas madrile\u00f1as lo lucen bajo sus pa\u00f1uelos en <strong>San Isidro<\/strong> y en Sevilla,<strong> <\/strong>la<strong> flor del clavel <\/strong>es la protagonista de la Feria de Abril, ya sea en el pelo de las sevillanas o en la decoraci\u00f3n floral.\u00a0<\/p>\n\n\n\n<p>El clavel es una flor de origen muy mediterr\u00e1neo y su nombre cient\u00edfico es Dianthus caryophyllus<em>.<\/em> Etimol\u00f3gicamente el t\u00e9rmino Dianthus viene de dos palabras griegas: Deos que significa Dios y anthos que significa flor. As\u00ed se dice que los claveles son las flores de Dios.<\/p>\n\n\n\n<p>En la antigua Grecia, el clavel era usado para decoraci\u00f3n y como ofrenda a los dioses por su belleza, sobre todo al dios Zeus. Los romanos tambi\u00e9n utilizaban la flor del clavel para adornar casas, fiestas y, por supuesto, para venerar a sus dioses.<\/p>\n\n\n<div class=\"lp-produits-grid\"><div class=\"lp-produit\"><div class=\"lp-thumbnail-wrapper\"><img loading=\"lazy\" decoding=\"async\" width=\"300\" height=\"300\" src=\"https:\/\/www.interflora.es\/blog\/wp-content\/uploads\/2025\/11\/Capture-decran-2026-02-04-121916-300x300.png\" class=\"attachment-medium size-medium wp-post-image\" alt=\"\" srcset=\"https:\/\/www.interflora.es\/blog\/wp-content\/uploads\/2025\/11\/Capture-decran-2026-02-04-121916-300x300.png 300w, https:\/\/www.interflora.es\/blog\/wp-content\/uploads\/2025\/11\/Capture-decran-2026-02-04-121916-150x150.png 150w, https:\/\/www.interflora.es\/blog\/wp-content\/uploads\/2025\/11\/Capture-decran-2026-02-04-121916.png 647w\" sizes=\"auto, (max-width: 300px) 100vw, 300px\" \/><img decoding=\"async\" class=\"lp-badge\" src=\"https:\/\/prodblog.interflora.es\/blog\/wp-content\/uploads\/2025\/04\/220422_INTERFLORA_Main_Logo_rgb_Main_Color.png\" alt=\"Entrega r\u00e1pida\"><\/div><span>Peque\u00f1o Sol<\/span><p>27.99 \u20ac<\/p><span class=\"obf-link lp-cta\" role=\"link\" tabindex=\"0\" data-b64=\"aHR0cHM6Ly93d3cuaW50ZXJmbG9yYS5lcy9wL3JhbW8tZGUtZmxvcmVzLWFtYXJpbGxhcy12YXJpYWRhcy8xP3V0bV9tZWRpdW09b3JnYW5pYyZ1dG1fc291cmNlPWJsb2dfcHJvZHVjdHMmdXRtX2NhbXBhaWduPUZGMTQ4\" data-target=\"_blank\"><svg xmlns=\"http:\/\/www.w3.org\/2000\/svg\" width=\"16\" height=\"16\" fill=\"currentColor\" class=\"bi bi-bag\" viewBox=\"0 0 16 16\"><path d=\"M8 1a2 2 0 0 1 2 2v1h2.5A1.5 1.5 0 0 1 14 5.5v8A1.5 1.5 0 0 1 12.5 15h-9A1.5 1.5 0 0 1 2 13.5v-8A1.5 1.5 0 0 1 3.5 3H6V2a2 2 0 0 1 2-1zm1 3V3a1 1 0 0 0-2 0v1h2z\"\/><\/svg>Comprar<\/span><p class=\"rapido\">Entrega en el d\u00eda<\/p><\/div><div class=\"lp-produit\"><div class=\"lp-thumbnail-wrapper\"><img loading=\"lazy\" decoding=\"async\" width=\"300\" height=\"300\" src=\"https:\/\/www.interflora.es\/blog\/wp-content\/uploads\/2025\/04\/1674815076-monstera_pg0055_deco-2-300x300.jpg\" class=\"attachment-medium size-medium wp-post-image\" alt=\"\" srcset=\"https:\/\/www.interflora.es\/blog\/wp-content\/uploads\/2025\/04\/1674815076-monstera_pg0055_deco-2-300x300.jpg 300w, https:\/\/www.interflora.es\/blog\/wp-content\/uploads\/2025\/04\/1674815076-monstera_pg0055_deco-2-1024x1024.jpg 1024w, https:\/\/www.interflora.es\/blog\/wp-content\/uploads\/2025\/04\/1674815076-monstera_pg0055_deco-2-150x150.jpg 150w, https:\/\/www.interflora.es\/blog\/wp-content\/uploads\/2025\/04\/1674815076-monstera_pg0055_deco-2-768x768.jpg 768w, https:\/\/www.interflora.es\/blog\/wp-content\/uploads\/2025\/04\/1674815076-monstera_pg0055_deco-2.jpg 1500w\" sizes=\"auto, (max-width: 300px) 100vw, 300px\" \/><img decoding=\"async\" class=\"lp-badge\" src=\"https:\/\/prodblog.interflora.es\/blog\/wp-content\/uploads\/2025\/04\/220422_INTERFLORA_Main_Logo_rgb_Main_Color.png\" alt=\"Entrega r\u00e1pida\"><\/div><span>Monstera Deliciosa &#8211; Costilla de Ad\u00e1n<\/span><p>29.99 \u20ac<\/p><span class=\"obf-link lp-cta\" role=\"link\" tabindex=\"0\" data-b64=\"aHR0cHM6Ly93d3cuaW50ZXJmbG9yYS5lcy9wL21vbnN0ZXJhLzE\/dXRtX21lZGl1bT1vcmdhbmljJnV0bV9zb3VyY2U9YmxvZ19wcm9kdWN0cyZ1dG1fY2FtcGFpZ249UEcwMDU1\" data-target=\"_blank\"><svg xmlns=\"http:\/\/www.w3.org\/2000\/svg\" width=\"16\" height=\"16\" fill=\"currentColor\" class=\"bi bi-bag\" viewBox=\"0 0 16 16\"><path d=\"M8 1a2 2 0 0 1 2 2v1h2.5A1.5 1.5 0 0 1 14 5.5v8A1.5 1.5 0 0 1 12.5 15h-9A1.5 1.5 0 0 1 2 13.5v-8A1.5 1.5 0 0 1 3.5 3H6V2a2 2 0 0 1 2-1zm1 3V3a1 1 0 0 0-2 0v1h2z\"\/><\/svg>Comprar<\/span><p class=\"rapido\">Flores y plantas elegidas con mimo<\/p><\/div><div class=\"lp-produit\"><div class=\"lp-thumbnail-wrapper\"><img loading=\"lazy\" decoding=\"async\" width=\"300\" height=\"300\" src=\"https:\/\/www.interflora.es\/blog\/wp-content\/uploads\/2025\/04\/1734353451-f0270-m-key-2-300x300.jpg\" class=\"attachment-medium size-medium wp-post-image\" alt=\"\" srcset=\"https:\/\/www.interflora.es\/blog\/wp-content\/uploads\/2025\/04\/1734353451-f0270-m-key-2-300x300.jpg 300w, https:\/\/www.interflora.es\/blog\/wp-content\/uploads\/2025\/04\/1734353451-f0270-m-key-2-1024x1024.jpg 1024w, https:\/\/www.interflora.es\/blog\/wp-content\/uploads\/2025\/04\/1734353451-f0270-m-key-2-150x150.jpg 150w, https:\/\/www.interflora.es\/blog\/wp-content\/uploads\/2025\/04\/1734353451-f0270-m-key-2-768x768.jpg 768w, https:\/\/www.interflora.es\/blog\/wp-content\/uploads\/2025\/04\/1734353451-f0270-m-key-2.jpg 1200w\" sizes=\"auto, (max-width: 300px) 100vw, 300px\" \/><img decoding=\"async\" class=\"lp-badge\" src=\"https:\/\/prodblog.interflora.es\/blog\/wp-content\/uploads\/2025\/04\/220422_INTERFLORA_Main_Logo_rgb_Main_Color.png\" alt=\"Entrega r\u00e1pida\"><\/div><span>Conexi\u00f3n floral<\/span><p>49.99 \u20ac<\/p><span class=\"obf-link lp-cta\" role=\"link\" tabindex=\"0\" data-b64=\"aHR0cHM6Ly93d3cuaW50ZXJmbG9yYS5lcy9wL3F1ZXJpZGEtbWFtYS8xP3V0bV9tZWRpdW09b3JnYW5pYyZ1dG1fc291cmNlPWJsb2dfcHJvZHVjdHMmdXRtX2NhbXBhaWduPUYwMjcw\" data-target=\"_blank\"><svg xmlns=\"http:\/\/www.w3.org\/2000\/svg\" width=\"16\" height=\"16\" fill=\"currentColor\" class=\"bi bi-bag\" viewBox=\"0 0 16 16\"><path d=\"M8 1a2 2 0 0 1 2 2v1h2.5A1.5 1.5 0 0 1 14 5.5v8A1.5 1.5 0 0 1 12.5 15h-9A1.5 1.5 0 0 1 2 13.5v-8A1.5 1.5 0 0 1 3.5 3H6V2a2 2 0 0 1 2-1zm1 3V3a1 1 0 0 0-2 0v1h2z\"\/><\/svg>Comprar<\/span><p class=\"rapido\">Flores y plantas elegidas con mimo<\/p><\/div><div class=\"lp-produit\"><div class=\"lp-thumbnail-wrapper\"><img loading=\"lazy\" decoding=\"async\" width=\"300\" height=\"300\" src=\"https:\/\/www.interflora.es\/blog\/wp-content\/uploads\/2025\/04\/1738656685-fwd009-m-key-zoomed-2-300x300.jpg\" class=\"attachment-medium size-medium wp-post-image\" alt=\"\" srcset=\"https:\/\/www.interflora.es\/blog\/wp-content\/uploads\/2025\/04\/1738656685-fwd009-m-key-zoomed-2-300x300.jpg 300w, https:\/\/www.interflora.es\/blog\/wp-content\/uploads\/2025\/04\/1738656685-fwd009-m-key-zoomed-2-1024x1024.jpg 1024w, https:\/\/www.interflora.es\/blog\/wp-content\/uploads\/2025\/04\/1738656685-fwd009-m-key-zoomed-2-150x150.jpg 150w, https:\/\/www.interflora.es\/blog\/wp-content\/uploads\/2025\/04\/1738656685-fwd009-m-key-zoomed-2-768x768.jpg 768w, https:\/\/www.interflora.es\/blog\/wp-content\/uploads\/2025\/04\/1738656685-fwd009-m-key-zoomed-2-1536x1536.jpg 1536w, https:\/\/www.interflora.es\/blog\/wp-content\/uploads\/2025\/04\/1738656685-fwd009-m-key-zoomed-2.jpg 1991w\" sizes=\"auto, (max-width: 300px) 100vw, 300px\" \/><img decoding=\"async\" class=\"lp-badge\" src=\"https:\/\/prodblog.interflora.es\/blog\/wp-content\/uploads\/2025\/04\/220422_INTERFLORA_Main_Logo_rgb_Main_Color.png\" alt=\"Entrega r\u00e1pida\"><\/div><span>Floral Kiss<\/span><p>29.99 \u20ac<\/p><span class=\"obf-link lp-cta\" role=\"link\" tabindex=\"0\" data-b64=\"aHR0cHM6Ly93d3cuaW50ZXJmbG9yYS5lcy9wL2Zsb3JhbC1raXNzLzE\/dXRtX21lZGl1bT1vcmdhbmljJnV0bV9zb3VyY2U9YmxvZ19wcm9kdWN0cyZ1dG1fY2FtcGFpZ249RldEMDA5\" data-target=\"_blank\"><svg xmlns=\"http:\/\/www.w3.org\/2000\/svg\" width=\"16\" height=\"16\" fill=\"currentColor\" class=\"bi bi-bag\" viewBox=\"0 0 16 16\"><path d=\"M8 1a2 2 0 0 1 2 2v1h2.5A1.5 1.5 0 0 1 14 5.5v8A1.5 1.5 0 0 1 12.5 15h-9A1.5 1.5 0 0 1 2 13.5v-8A1.5 1.5 0 0 1 3.5 3H6V2a2 2 0 0 1 2-1zm1 3V3a1 1 0 0 0-2 0v1h2z\"\/><\/svg>Comprar<\/span><p class=\"rapido\">Flores y plantas elegidas con mimo<\/p><\/div><\/div>\n\n\n\n<div style=\"height:30px\" aria-hidden=\"true\" class=\"wp-block-spacer\"><\/div>\n\n\n\n<p>La tradici\u00f3n cristiana cuenta que los claveles provienen de las l\u00e1grimas derramadas por la madre de Jesucristo en la cruz y en su versi\u00f3n blanca, est\u00e1n muy relacionados con la Virgen y la maternidad. Por eso, el clavel blanco tambi\u00e9n es considerado la flor de la madre, siendo la m\u00e1s regalada el<a href=\"https:\/\/www.interflora.es\/flores-dia-de-la-madre\"> D\u00eda de la Madre <\/a>a partir de la primera mitad del siglo XX.<\/p>\n\n\n\n<div class=\"wp-block-media-text alignwide has-media-on-the-right is-stacked-on-mobile is-image-fill\"><div class=\"wp-block-media-text__content\">\n<h2 class=\"wp-block-heading\"><strong>\u00bfQu\u00e9 significado tiene el clavel?<\/strong><\/h2>\n\n\n\n<p>Existen alrededor de unos <strong>300 tipos de claveles,<\/strong> siendo las m\u00e1s conocidas <strong>el clavel com\u00fan, <\/strong><strong>el clavel de la India<\/strong><strong>,<\/strong> <strong>el clavel del poeta<\/strong> y <strong>el clavel chino<\/strong><strong>.<\/strong><\/p>\n\n\n\n<p>Su forma y su olor son muy caracter\u00edsticos y los reconocer\u00e1s por sus p\u00e9talos de bordes dentados y sus hojas triangulares.<\/p>\n\n\n\n<p><strong>El clavel significa amor<\/strong>, pero <a href=\"https:\/\/www.interflora.es\/blog\/los-colores-de-los-claveles-y-su-significado\/\">seg\u00fan su color<\/a>, pueden tener significados un poco diferentes:\u00a0<\/p>\n\n\n\n<ul class=\"wp-block-list\">\n<li><strong>El clavel rosa:<\/strong> se relaciona con el amor incondicional que siente una madre por sus hijos.<\/li>\n\n\n\n<li><strong>El clavel rojo:<\/strong> del clavel habla del amor en forma de admiraci\u00f3n y aprecio, tambi\u00e9n de pasi\u00f3n y orgullo.<\/li>\n\n\n\n<li><strong>El clavel amarillo: <\/strong>Si los claveles se ti\u00f1en de<strong> amarillo<\/strong> comunican decepci\u00f3n o rechazo, e incluso ofensa o desprecio.<\/li>\n\n\n\n<li><strong>El clavel blanco:<\/strong> si deseas declarar tu amor puro y sincero, hazlo con <strong>claveles blancos, <\/strong>que son tambi\u00e9n ideales para regalar a una madre.<\/li>\n\n\n\n<li><strong>Clavel violeta: <\/strong>el significado del clavel morado es capricho o antojo.<\/li>\n<\/ul>\n<\/div><figure class=\"wp-block-media-text__media\" style=\"background-image:url(https:\/\/www.interflora.es\/blog\/wp-content\/uploads\/2020\/07\/Cuidados_basicos-1024x912.jpg);background-position:50% 50%\"><img loading=\"lazy\" decoding=\"async\" width=\"1024\" height=\"912\" src=\"https:\/\/www.interflora.es\/blog\/wp-content\/uploads\/2020\/07\/Cuidados_basicos-1024x912.jpg\" alt=\"\" class=\"wp-image-8078 size-full\" srcset=\"https:\/\/www.interflora.es\/blog\/wp-content\/uploads\/2020\/07\/Cuidados_basicos-1024x912.jpg 1024w, https:\/\/www.interflora.es\/blog\/wp-content\/uploads\/2020\/07\/Cuidados_basicos-300x267.jpg 300w, https:\/\/www.interflora.es\/blog\/wp-content\/uploads\/2020\/07\/Cuidados_basicos-768x684.jpg 768w, https:\/\/www.interflora.es\/blog\/wp-content\/uploads\/2020\/07\/Cuidados_basicos.jpg 1100w\" sizes=\"auto, (max-width: 1024px) 100vw, 1024px\" \/><\/figure><\/div>\n\n\n\n<div style=\"height:30px\" aria-hidden=\"true\" class=\"wp-block-spacer\"><\/div>\n\n\n\n<h2 class=\"wp-block-heading alignwide\"><strong>Cuidados b\u00e1sicos del clavel y ventajas de su cultivo<\/strong><\/h2>\n\n\n\n<p>La llegada del verano inundar\u00e1 de claveles de muchos tipos los balcones y terrazas de muchas casas. Los <strong>claveles <\/strong>son plantas de exterior que se adaptan bien a cualquier clima, por lo que no es raro verlos en exteriores y jardines. Su<strong> florecimiento<\/strong> anuncia que el buen tiempo ha llegado, aunque su cultivo se realiza durante todo el a\u00f1o.&nbsp;<\/p>\n\n\n\n<p>El <strong><a href=\"https:\/\/www.interflora.es\/blog\/el-clavel-silvestre\/\">clavel silvestre<\/a><\/strong> crece de forma natural en la cuenca del Mediterr\u00e1neo, pero hay distintas variedades de planta de clavel que se pueden cultivar en casa.\u00a0<\/p>\n\n\n\n<p>El clavel es una flor muy resistente y sus cuidados y cultivo son muy sencillos. Si sigues estos cuidados b\u00e1sicos la disfrutar\u00e1s por m\u00e1s tiempo:<\/p>\n\n\n\n<figure class=\"wp-block-image aligncenter size-full is-resized\"><img decoding=\"async\" src=\"https:\/\/www.interflora.es\/blog\/wp-content\/uploads\/2019\/06\/claveles.jpg\" alt=\"Claveles\" class=\"wp-image-9943\" style=\"aspect-ratio:16\/9;object-fit:cover;width:600px\"\/><\/figure>\n\n\n\n<div style=\"height:30px\" aria-hidden=\"true\" class=\"wp-block-spacer\"><\/div>\n\n\n\n<h3 class=\"wp-block-heading\"><strong>Suelo y sustrato<\/strong><\/h3>\n\n\n\n<p>La <strong>planta del clavel<\/strong> prefiere un <strong>suelo rico<\/strong> en sustancias org\u00e1nicas, ligeramente calc\u00e1reo y compuesto de una parte de arena para que est\u00e9 bien drenado, evitando el encharcamiento. Si se cultiva en <strong>macetas<\/strong>, es bueno poner una capa gruesa de guijarros o grava en la parte inferior. El pH debe estar comprendido entre 6,5 y 7,5.<\/p>\n\n\n\n<h3 class=\"wp-block-heading\"><strong>Abono o fertilizante<\/strong><\/h3>\n\n\n\n<p>Fertiliza tus plantas de claveles <strong>cada 20 d\u00edas en la primavera<\/strong>, momento de floraci\u00f3n, con un abono espec\u00edfico para plantas de flores, diluido en el agua de riegos.&nbsp; Fuera del <strong>periodo de floraci\u00f3n <\/strong>puedes abonar tu planta de clavel cada 3 o 4 meses, con fertilizante granular de liberaci\u00f3n lenta. Sin embargo, ten cuidado de no abusar del fertilizante, ya que podr\u00eda ser fatal para tu planta.&nbsp;<\/p>\n\n\n\n<h3 class=\"wp-block-heading\"><strong>Luz y temperatura<\/strong><\/h3>\n\n\n\n<p>El clavel necesita <strong>mucha luz solar<\/strong> y un<strong> ambiente c\u00e1lido <\/strong>sin sobrepasar los 24 \u00baC.<\/p>\n\n\n\n<p>Por su r\u00e1pida adaptaci\u00f3n, el clavel es capaz de soportar temperaturas muy bajas sin helarse. La temperatura ideal para cultivar plantas de claveles en el jard\u00edn est\u00e1 entre los 10 \u00b0C y 24 \u00b0C. Temperaturas inferiores a 8\u00baC y superiores a 25\u00baC alteran la velocidad de crecimiento de la flor y la duraci\u00f3n de la vida de la flor cortada.<\/p>\n\n\n\n<p>En <strong>interior<\/strong>, col\u00f3calo cerca de una ventana con <strong>luz solar directa<\/strong>.<\/p>\n\n\n\n<h3 class=\"wp-block-heading\"><strong>Frecuencia de riego y humedad<\/strong><\/h3>\n\n\n\n<p>Las plantas de los claveles necesitan <strong>riegos frecuentes y cortos<\/strong>. En verano se debe regar con mayor cantidad de agua. Mant\u00e9n el sustrato h\u00famedo en todo momento, pero no lo&nbsp; encharques para evitar enfermedades. Una humedad \u00f3ptima para el clavel est\u00e1 entre 60-70 %.&nbsp;<\/p>\n\n\n\n<p>Decantarse por el <strong>cultivo de los claveles<\/strong> cuenta con muchas ventajas. Se trata de flores que, gracias a sus caracter\u00edsticas, requieren de <strong>poco cuidado<\/strong>. Adem\u00e1s, son muy <strong>duraderas y resistentes<\/strong>. Otra de sus ventajas es la versatilidad. Las combinaciones de claveles en ramos de flores son infinitas. Su forma, colorido, su largo tallo y sus hojas encajan a la perfecci\u00f3n con multitud de arreglos florales para regalar en ocasiones especiales, para decirle a alguien lo mucho que cuenta para ti o para dar un toque de color a tu rinc\u00f3n favorito.<\/p>\n\n\n<div class=\"lp-produits-grid\"><div class=\"lp-produit\"><div class=\"lp-thumbnail-wrapper\"><img loading=\"lazy\" decoding=\"async\" width=\"300\" height=\"300\" src=\"https:\/\/www.interflora.es\/blog\/wp-content\/uploads\/2025\/11\/Capture-decran-2026-02-04-121916-300x300.png\" class=\"attachment-medium size-medium wp-post-image\" alt=\"\" srcset=\"https:\/\/www.interflora.es\/blog\/wp-content\/uploads\/2025\/11\/Capture-decran-2026-02-04-121916-300x300.png 300w, https:\/\/www.interflora.es\/blog\/wp-content\/uploads\/2025\/11\/Capture-decran-2026-02-04-121916-150x150.png 150w, https:\/\/www.interflora.es\/blog\/wp-content\/uploads\/2025\/11\/Capture-decran-2026-02-04-121916.png 647w\" sizes=\"auto, (max-width: 300px) 100vw, 300px\" \/><img decoding=\"async\" class=\"lp-badge\" src=\"https:\/\/prodblog.interflora.es\/blog\/wp-content\/uploads\/2025\/04\/220422_INTERFLORA_Main_Logo_rgb_Main_Color.png\" alt=\"Entrega r\u00e1pida\"><\/div><span>Peque\u00f1o Sol<\/span><p>27.99 \u20ac<\/p><span class=\"obf-link lp-cta\" role=\"link\" tabindex=\"0\" data-b64=\"aHR0cHM6Ly93d3cuaW50ZXJmbG9yYS5lcy9wL3JhbW8tZGUtZmxvcmVzLWFtYXJpbGxhcy12YXJpYWRhcy8xP3V0bV9tZWRpdW09b3JnYW5pYyZ1dG1fc291cmNlPWJsb2dfcHJvZHVjdHMmdXRtX2NhbXBhaWduPUZGMTQ4\" data-target=\"_blank\"><svg xmlns=\"http:\/\/www.w3.org\/2000\/svg\" width=\"16\" height=\"16\" fill=\"currentColor\" class=\"bi bi-bag\" viewBox=\"0 0 16 16\"><path d=\"M8 1a2 2 0 0 1 2 2v1h2.5A1.5 1.5 0 0 1 14 5.5v8A1.5 1.5 0 0 1 12.5 15h-9A1.5 1.5 0 0 1 2 13.5v-8A1.5 1.5 0 0 1 3.5 3H6V2a2 2 0 0 1 2-1zm1 3V3a1 1 0 0 0-2 0v1h2z\"\/><\/svg>Comprar<\/span><p class=\"rapido\">Entrega urgente<\/p><\/div><div class=\"lp-produit\"><div class=\"lp-thumbnail-wrapper\"><img loading=\"lazy\" decoding=\"async\" width=\"300\" height=\"300\" src=\"https:\/\/www.interflora.es\/blog\/wp-content\/uploads\/2025\/04\/1674815076-monstera_pg0055_deco-2-300x300.jpg\" class=\"attachment-medium size-medium wp-post-image\" alt=\"\" srcset=\"https:\/\/www.interflora.es\/blog\/wp-content\/uploads\/2025\/04\/1674815076-monstera_pg0055_deco-2-300x300.jpg 300w, https:\/\/www.interflora.es\/blog\/wp-content\/uploads\/2025\/04\/1674815076-monstera_pg0055_deco-2-1024x1024.jpg 1024w, https:\/\/www.interflora.es\/blog\/wp-content\/uploads\/2025\/04\/1674815076-monstera_pg0055_deco-2-150x150.jpg 150w, https:\/\/www.interflora.es\/blog\/wp-content\/uploads\/2025\/04\/1674815076-monstera_pg0055_deco-2-768x768.jpg 768w, https:\/\/www.interflora.es\/blog\/wp-content\/uploads\/2025\/04\/1674815076-monstera_pg0055_deco-2.jpg 1500w\" sizes=\"auto, (max-width: 300px) 100vw, 300px\" \/><img decoding=\"async\" class=\"lp-badge\" src=\"https:\/\/prodblog.interflora.es\/blog\/wp-content\/uploads\/2025\/04\/220422_INTERFLORA_Main_Logo_rgb_Main_Color.png\" alt=\"Entrega r\u00e1pida\"><\/div><span>Monstera Deliciosa &#8211; Costilla de Ad\u00e1n<\/span><p>29.99 \u20ac<\/p><span class=\"obf-link lp-cta\" role=\"link\" tabindex=\"0\" data-b64=\"aHR0cHM6Ly93d3cuaW50ZXJmbG9yYS5lcy9wL21vbnN0ZXJhLzE\/dXRtX21lZGl1bT1vcmdhbmljJnV0bV9zb3VyY2U9YmxvZ19wcm9kdWN0cyZ1dG1fY2FtcGFpZ249UEcwMDU1\" data-target=\"_blank\"><svg xmlns=\"http:\/\/www.w3.org\/2000\/svg\" width=\"16\" height=\"16\" fill=\"currentColor\" class=\"bi bi-bag\" viewBox=\"0 0 16 16\"><path d=\"M8 1a2 2 0 0 1 2 2v1h2.5A1.5 1.5 0 0 1 14 5.5v8A1.5 1.5 0 0 1 12.5 15h-9A1.5 1.5 0 0 1 2 13.5v-8A1.5 1.5 0 0 1 3.5 3H6V2a2 2 0 0 1 2-1zm1 3V3a1 1 0 0 0-2 0v1h2z\"\/><\/svg>Comprar<\/span><p class=\"rapido\">Entrega urgente<\/p><\/div><div class=\"lp-produit\"><div class=\"lp-thumbnail-wrapper\"><img loading=\"lazy\" decoding=\"async\" width=\"300\" height=\"300\" src=\"https:\/\/www.interflora.es\/blog\/wp-content\/uploads\/2025\/04\/1734353451-f0270-m-key-2-300x300.jpg\" class=\"attachment-medium size-medium wp-post-image\" alt=\"\" srcset=\"https:\/\/www.interflora.es\/blog\/wp-content\/uploads\/2025\/04\/1734353451-f0270-m-key-2-300x300.jpg 300w, https:\/\/www.interflora.es\/blog\/wp-content\/uploads\/2025\/04\/1734353451-f0270-m-key-2-1024x1024.jpg 1024w, https:\/\/www.interflora.es\/blog\/wp-content\/uploads\/2025\/04\/1734353451-f0270-m-key-2-150x150.jpg 150w, https:\/\/www.interflora.es\/blog\/wp-content\/uploads\/2025\/04\/1734353451-f0270-m-key-2-768x768.jpg 768w, https:\/\/www.interflora.es\/blog\/wp-content\/uploads\/2025\/04\/1734353451-f0270-m-key-2.jpg 1200w\" sizes=\"auto, (max-width: 300px) 100vw, 300px\" \/><img decoding=\"async\" class=\"lp-badge\" src=\"https:\/\/prodblog.interflora.es\/blog\/wp-content\/uploads\/2025\/04\/220422_INTERFLORA_Main_Logo_rgb_Main_Color.png\" alt=\"Entrega r\u00e1pida\"><\/div><span>Conexi\u00f3n floral<\/span><p>49.99 \u20ac<\/p><span class=\"obf-link lp-cta\" role=\"link\" tabindex=\"0\" data-b64=\"aHR0cHM6Ly93d3cuaW50ZXJmbG9yYS5lcy9wL3F1ZXJpZGEtbWFtYS8xP3V0bV9tZWRpdW09b3JnYW5pYyZ1dG1fc291cmNlPWJsb2dfcHJvZHVjdHMmdXRtX2NhbXBhaWduPUYwMjcw\" data-target=\"_blank\"><svg xmlns=\"http:\/\/www.w3.org\/2000\/svg\" width=\"16\" height=\"16\" fill=\"currentColor\" class=\"bi bi-bag\" viewBox=\"0 0 16 16\"><path d=\"M8 1a2 2 0 0 1 2 2v1h2.5A1.5 1.5 0 0 1 14 5.5v8A1.5 1.5 0 0 1 12.5 15h-9A1.5 1.5 0 0 1 2 13.5v-8A1.5 1.5 0 0 1 3.5 3H6V2a2 2 0 0 1 2-1zm1 3V3a1 1 0 0 0-2 0v1h2z\"\/><\/svg>Comprar<\/span><p class=\"rapido\">Flores y plantas frescas<\/p><\/div><div class=\"lp-produit\"><div class=\"lp-thumbnail-wrapper\"><img loading=\"lazy\" decoding=\"async\" width=\"300\" height=\"300\" src=\"https:\/\/www.interflora.es\/blog\/wp-content\/uploads\/2025\/04\/1738656685-fwd009-m-key-zoomed-2-300x300.jpg\" class=\"attachment-medium size-medium wp-post-image\" alt=\"\" srcset=\"https:\/\/www.interflora.es\/blog\/wp-content\/uploads\/2025\/04\/1738656685-fwd009-m-key-zoomed-2-300x300.jpg 300w, https:\/\/www.interflora.es\/blog\/wp-content\/uploads\/2025\/04\/1738656685-fwd009-m-key-zoomed-2-1024x1024.jpg 1024w, https:\/\/www.interflora.es\/blog\/wp-content\/uploads\/2025\/04\/1738656685-fwd009-m-key-zoomed-2-150x150.jpg 150w, https:\/\/www.interflora.es\/blog\/wp-content\/uploads\/2025\/04\/1738656685-fwd009-m-key-zoomed-2-768x768.jpg 768w, https:\/\/www.interflora.es\/blog\/wp-content\/uploads\/2025\/04\/1738656685-fwd009-m-key-zoomed-2-1536x1536.jpg 1536w, https:\/\/www.interflora.es\/blog\/wp-content\/uploads\/2025\/04\/1738656685-fwd009-m-key-zoomed-2.jpg 1991w\" sizes=\"auto, (max-width: 300px) 100vw, 300px\" \/><img decoding=\"async\" class=\"lp-badge\" src=\"https:\/\/prodblog.interflora.es\/blog\/wp-content\/uploads\/2025\/04\/220422_INTERFLORA_Main_Logo_rgb_Main_Color.png\" alt=\"Entrega r\u00e1pida\"><\/div><span>Floral Kiss<\/span><p>29.99 \u20ac<\/p><span class=\"obf-link lp-cta\" role=\"link\" tabindex=\"0\" data-b64=\"aHR0cHM6Ly93d3cuaW50ZXJmbG9yYS5lcy9wL2Zsb3JhbC1raXNzLzE\/dXRtX21lZGl1bT1vcmdhbmljJnV0bV9zb3VyY2U9YmxvZ19wcm9kdWN0cyZ1dG1fY2FtcGFpZ249RldEMDA5\" data-target=\"_blank\"><svg xmlns=\"http:\/\/www.w3.org\/2000\/svg\" width=\"16\" height=\"16\" fill=\"currentColor\" class=\"bi bi-bag\" viewBox=\"0 0 16 16\"><path d=\"M8 1a2 2 0 0 1 2 2v1h2.5A1.5 1.5 0 0 1 14 5.5v8A1.5 1.5 0 0 1 12.5 15h-9A1.5 1.5 0 0 1 2 13.5v-8A1.5 1.5 0 0 1 3.5 3H6V2a2 2 0 0 1 2-1zm1 3V3a1 1 0 0 0-2 0v1h2z\"\/><\/svg>Comprar<\/span><p class=\"rapido\">Selecci\u00f3n Interflora<\/p><\/div><\/div>\n\n\n\n<div style=\"height:30px\" aria-hidden=\"true\" class=\"wp-block-spacer\"><\/div>\n\n\n\n<h2 class=\"wp-block-heading alignwide\"><strong>Regala ramos de claveles para cualquier ocasi\u00f3n<\/strong><\/h2>\n\n\n\n<p>Ofrece <strong>claveles a tu madre<\/strong> y sorpr\u00e9ndela en el<strong> <\/strong>D\u00eda de la Madre o para su cumplea\u00f1os. Puedes tambi\u00e9n regalar claveles para un nacimiento o para acompa\u00f1ar en el sentimiento a tus seres queridos en un funeral. <br>Elogia la belleza de una sevillana y reg\u00e1lale claveles para la Feria de Abril. No dudes en comprar claveles y ofrec\u00e9rselos a un chulapo o una chulapa para San Isidro. \u00a1Regala amor a esa persona especial con un <a href=\"https:\/\/www.interflora.es\/c\/flores\/claveles\">ramo de claveles<\/a> rojos!<\/p>\n","protected":false},"excerpt":{"rendered":"<p>Para empezar el a\u00f1o de mil colores, en Interflora hemos elegido el clavel como flor de enero. Se trata de una flor que resplandece con el buen tiempo, pero no est\u00e1 dem\u00e1s, conocerla ahora en profundidad y estar preparados de cara a la primavera, cuando la disfrutaremos en todo su esplendor. <\/p>\n","protected":false},"author":8,"featured_media":8078,"comment_status":"open","ping_status":"open","sticky":false,"template":"","format":"standard","meta":{"_acf_changed":false,"_uag_custom_page_level_css":"","site-sidebar-layout":"default","site-content-layout":"","ast-site-content-layout":"default","site-content-style":"default","site-sidebar-style":"default","ast-global-header-display":"","ast-banner-title-visibility":"","ast-main-header-display":"","ast-hfb-above-header-display":"","ast-hfb-below-header-display":"","ast-hfb-mobile-header-display":"","site-post-title":"","ast-breadcrumbs-content":"","ast-featured-img":"","footer-sml-layout":"","theme-transparent-header-meta":"","adv-header-id-meta":"","stick-header-meta":"","header-above-stick-meta":"","header-main-stick-meta":"","header-below-stick-meta":"","astra-migrate-meta-layouts":"set","ast-page-background-enabled":"default","ast-page-background-meta":{"desktop":{"background-color":"var(--ast-global-color-5)","background-image":"","background-repeat":"repeat","background-position":"center center","background-size":"auto","background-attachment":"scroll","background-type":"","background-media":"","overlay-type":"","overlay-color":"","overlay-opacity":"","overlay-gradient":""},"tablet":{"background-color":"","background-image":"","background-repeat":"repeat","background-position":"center center","background-size":"auto","background-attachment":"scroll","background-type":"","background-media":"","overlay-type":"","overlay-color":"","overlay-opacity":"","overlay-gradient":""},"mobile":{"background-color":"","background-image":"","background-repeat":"repeat","background-position":"center center","background-size":"auto","background-attachment":"scroll","background-type":"","background-media":"","overlay-type":"","overlay-color":"","overlay-opacity":"","overlay-gradient":""}},"ast-content-background-meta":{"desktop":{"background-color":"var(--ast-global-color-4)","background-image":"","background-repeat":"repeat","background-position":"center center","background-size":"auto","background-attachment":"scroll","background-type":"","background-media":"","overlay-type":"","overlay-color":"","overlay-opacity":"","overlay-gradient":""},"tablet":{"background-color":"var(--ast-global-color-4)","background-image":"","background-repeat":"repeat","background-position":"center center","background-size":"auto","background-attachment":"scroll","background-type":"","background-media":"","overlay-type":"","overlay-color":"","overlay-opacity":"","overlay-gradient":""},"mobile":{"background-color":"var(--ast-global-color-4)","background-image":"","background-repeat":"repeat","background-position":"center center","background-size":"auto","background-attachment":"scroll","background-type":"","background-media":"","overlay-type":"","overlay-color":"","overlay-opacity":"","overlay-gradient":""}},"footnotes":""},"categories":[27,28,29,31],"tags":[92],"class_list":["post-8076","post","type-post","status-publish","format-standard","has-post-thumbnail","hentry","category-flores","category-flores-y-plantas","category-interflora-academy","category-significado","tag-claveles"],"acf":[],"yoast_head":"<!-- This site is optimized with the Yoast SEO plugin v27.5 - https:\/\/yoast.com\/product\/yoast-seo-wordpress\/ -->\n<title>Clavel, gu\u00eda b\u00e1sica para descubrir la flor de los dioses | Interflora<\/title>\n<meta name=\"description\" content=\"Blanco, rosa o rojo pasi\u00f3n. El clavel es la flor s\u00edmbolo nacional de Espa\u00f1a, muy presente en nuestras fiestas, jardines y hogares. Regala claveles con Interflora para cualquier momento.\" \/>\n<meta name=\"robots\" content=\"index, follow, max-snippet:-1, max-image-preview:large, max-video-preview:-1\" \/>\n<link rel=\"canonical\" href=\"https:\/\/www.interflora.es\/blog\/clavel-guia-basica\/\" \/>\n<script type=\"application\/ld+json\" class=\"yoast-schema-graph\">{\"@context\":\"https:\\\/\\\/schema.org\",\"@graph\":[{\"@type\":\"Article\",\"@id\":\"https:\\\/\\\/www.interflora.es\\\/blog\\\/clavel-guia-basica\\\/#article\",\"isPartOf\":{\"@id\":\"https:\\\/\\\/www.interflora.es\\\/blog\\\/clavel-guia-basica\\\/\"},\"author\":{\"name\":\"celia\",\"@id\":\"https:\\\/\\\/www.interflora.es\\\/blog\\\/#\\\/schema\\\/person\\\/1f30f7794421f1232dc4b6bdd75ae829\"},\"headline\":\"El clavel: significado y cuidados de la flor de los dioses\",\"datePublished\":\"2019-01-24T10:04:07+00:00\",\"mainEntityOfPage\":{\"@id\":\"https:\\\/\\\/www.interflora.es\\\/blog\\\/clavel-guia-basica\\\/\"},\"wordCount\":1092,\"commentCount\":0,\"publisher\":{\"@id\":\"https:\\\/\\\/www.interflora.es\\\/blog\\\/#organization\"},\"image\":{\"@id\":\"https:\\\/\\\/www.interflora.es\\\/blog\\\/clavel-guia-basica\\\/#primaryimage\"},\"thumbnailUrl\":\"https:\\\/\\\/www.interflora.es\\\/blog\\\/wp-content\\\/uploads\\\/2020\\\/07\\\/Cuidados_basicos.jpg\",\"keywords\":[\"claveles\"],\"articleSection\":[\"Flores\",\"Flores y plantas\",\"Interflora Academy\",\"Significado\"],\"inLanguage\":\"es\",\"potentialAction\":[{\"@type\":\"CommentAction\",\"name\":\"Comment\",\"target\":[\"https:\\\/\\\/www.interflora.es\\\/blog\\\/clavel-guia-basica\\\/#respond\"]}]},{\"@type\":\"WebPage\",\"@id\":\"https:\\\/\\\/www.interflora.es\\\/blog\\\/clavel-guia-basica\\\/\",\"url\":\"https:\\\/\\\/www.interflora.es\\\/blog\\\/clavel-guia-basica\\\/\",\"name\":\"Clavel, gu\u00eda b\u00e1sica para descubrir la flor de los dioses | Interflora\",\"isPartOf\":{\"@id\":\"https:\\\/\\\/www.interflora.es\\\/blog\\\/#website\"},\"primaryImageOfPage\":{\"@id\":\"https:\\\/\\\/www.interflora.es\\\/blog\\\/clavel-guia-basica\\\/#primaryimage\"},\"image\":{\"@id\":\"https:\\\/\\\/www.interflora.es\\\/blog\\\/clavel-guia-basica\\\/#primaryimage\"},\"thumbnailUrl\":\"https:\\\/\\\/www.interflora.es\\\/blog\\\/wp-content\\\/uploads\\\/2020\\\/07\\\/Cuidados_basicos.jpg\",\"datePublished\":\"2019-01-24T10:04:07+00:00\",\"description\":\"Blanco, rosa o rojo pasi\u00f3n. El clavel es la flor s\u00edmbolo nacional de Espa\u00f1a, muy presente en nuestras fiestas, jardines y hogares. Regala claveles con Interflora para cualquier momento.\",\"breadcrumb\":{\"@id\":\"https:\\\/\\\/www.interflora.es\\\/blog\\\/clavel-guia-basica\\\/#breadcrumb\"},\"inLanguage\":\"es\",\"potentialAction\":[{\"@type\":\"ReadAction\",\"target\":[\"https:\\\/\\\/www.interflora.es\\\/blog\\\/clavel-guia-basica\\\/\"]}]},{\"@type\":\"ImageObject\",\"inLanguage\":\"es\",\"@id\":\"https:\\\/\\\/www.interflora.es\\\/blog\\\/clavel-guia-basica\\\/#primaryimage\",\"url\":\"https:\\\/\\\/www.interflora.es\\\/blog\\\/wp-content\\\/uploads\\\/2020\\\/07\\\/Cuidados_basicos.jpg\",\"contentUrl\":\"https:\\\/\\\/www.interflora.es\\\/blog\\\/wp-content\\\/uploads\\\/2020\\\/07\\\/Cuidados_basicos.jpg\",\"width\":1100,\"height\":980},{\"@type\":\"BreadcrumbList\",\"@id\":\"https:\\\/\\\/www.interflora.es\\\/blog\\\/clavel-guia-basica\\\/#breadcrumb\",\"itemListElement\":[{\"@type\":\"ListItem\",\"position\":1,\"name\":\"Home\",\"item\":\"https:\\\/\\\/www.interflora.es\\\/blog\\\/\"},{\"@type\":\"ListItem\",\"position\":2,\"name\":\"El clavel: significado y cuidados de la flor de los dioses\"}]},{\"@type\":\"WebSite\",\"@id\":\"https:\\\/\\\/www.interflora.es\\\/blog\\\/#website\",\"url\":\"https:\\\/\\\/www.interflora.es\\\/blog\\\/\",\"name\":\"El blog de Interflora : consejos, ideas e inspiraci\u00f3n para disfrutar de las flores y las plantas\",\"description\":\"\",\"publisher\":{\"@id\":\"https:\\\/\\\/www.interflora.es\\\/blog\\\/#organization\"},\"potentialAction\":[{\"@type\":\"SearchAction\",\"target\":{\"@type\":\"EntryPoint\",\"urlTemplate\":\"https:\\\/\\\/www.interflora.es\\\/blog\\\/?s={search_term_string}\"},\"query-input\":{\"@type\":\"PropertyValueSpecification\",\"valueRequired\":true,\"valueName\":\"search_term_string\"}}],\"inLanguage\":\"es\"},{\"@type\":\"Organization\",\"@id\":\"https:\\\/\\\/www.interflora.es\\\/blog\\\/#organization\",\"name\":\"El blog de Interflora : consejos, ideas e inspiraci\u00f3n para disfrutar de las flores y las plantas\",\"url\":\"https:\\\/\\\/www.interflora.es\\\/blog\\\/\",\"logo\":{\"@type\":\"ImageObject\",\"inLanguage\":\"es\",\"@id\":\"https:\\\/\\\/www.interflora.es\\\/blog\\\/#\\\/schema\\\/logo\\\/image\\\/\",\"url\":\"https:\\\/\\\/www.interflora.es\\\/blog\\\/wp-content\\\/uploads\\\/2025\\\/10\\\/cropped-220422_INTERFLORA_Logo_rgb_Half_Top_Circle_Main_Color.png\",\"contentUrl\":\"https:\\\/\\\/www.interflora.es\\\/blog\\\/wp-content\\\/uploads\\\/2025\\\/10\\\/cropped-220422_INTERFLORA_Logo_rgb_Half_Top_Circle_Main_Color.png\",\"width\":1418,\"height\":659,\"caption\":\"El blog de Interflora : consejos, ideas e inspiraci\u00f3n para disfrutar de las flores y las plantas\"},\"image\":{\"@id\":\"https:\\\/\\\/www.interflora.es\\\/blog\\\/#\\\/schema\\\/logo\\\/image\\\/\"}},{\"@type\":\"Person\",\"@id\":\"https:\\\/\\\/www.interflora.es\\\/blog\\\/#\\\/schema\\\/person\\\/1f30f7794421f1232dc4b6bdd75ae829\",\"name\":\"celia\",\"image\":{\"@type\":\"ImageObject\",\"inLanguage\":\"es\",\"@id\":\"https:\\\/\\\/www.interflora.es\\\/blog\\\/wp-content\\\/litespeed\\\/avatar\\\/f906d3ce098bd9b4e84d1b71d27d54af.jpg?ver=1777298586\",\"url\":\"https:\\\/\\\/www.interflora.es\\\/blog\\\/wp-content\\\/litespeed\\\/avatar\\\/f906d3ce098bd9b4e84d1b71d27d54af.jpg?ver=1777298586\",\"contentUrl\":\"https:\\\/\\\/www.interflora.es\\\/blog\\\/wp-content\\\/litespeed\\\/avatar\\\/f906d3ce098bd9b4e84d1b71d27d54af.jpg?ver=1777298586\",\"caption\":\"celia\"}}]}<\/script>\n<!-- \/ Yoast SEO plugin. -->","yoast_head_json":{"title":"Clavel, gu\u00eda b\u00e1sica para descubrir la flor de los dioses | Interflora","description":"Blanco, rosa o rojo pasi\u00f3n. El clavel es la flor s\u00edmbolo nacional de Espa\u00f1a, muy presente en nuestras fiestas, jardines y hogares. Regala claveles con Interflora para cualquier momento.","robots":{"index":"index","follow":"follow","max-snippet":"max-snippet:-1","max-image-preview":"max-image-preview:large","max-video-preview":"max-video-preview:-1"},"canonical":"https:\/\/www.interflora.es\/blog\/clavel-guia-basica\/","schema":{"@context":"https:\/\/schema.org","@graph":[{"@type":"Article","@id":"https:\/\/www.interflora.es\/blog\/clavel-guia-basica\/#article","isPartOf":{"@id":"https:\/\/www.interflora.es\/blog\/clavel-guia-basica\/"},"author":{"name":"celia","@id":"https:\/\/www.interflora.es\/blog\/#\/schema\/person\/1f30f7794421f1232dc4b6bdd75ae829"},"headline":"El clavel: significado y cuidados de la flor de los dioses","datePublished":"2019-01-24T10:04:07+00:00","mainEntityOfPage":{"@id":"https:\/\/www.interflora.es\/blog\/clavel-guia-basica\/"},"wordCount":1092,"commentCount":0,"publisher":{"@id":"https:\/\/www.interflora.es\/blog\/#organization"},"image":{"@id":"https:\/\/www.interflora.es\/blog\/clavel-guia-basica\/#primaryimage"},"thumbnailUrl":"https:\/\/www.interflora.es\/blog\/wp-content\/uploads\/2020\/07\/Cuidados_basicos.jpg","keywords":["claveles"],"articleSection":["Flores","Flores y plantas","Interflora Academy","Significado"],"inLanguage":"es","potentialAction":[{"@type":"CommentAction","name":"Comment","target":["https:\/\/www.interflora.es\/blog\/clavel-guia-basica\/#respond"]}]},{"@type":"WebPage","@id":"https:\/\/www.interflora.es\/blog\/clavel-guia-basica\/","url":"https:\/\/www.interflora.es\/blog\/clavel-guia-basica\/","name":"Clavel, gu\u00eda b\u00e1sica para descubrir la flor de los dioses | Interflora","isPartOf":{"@id":"https:\/\/www.interflora.es\/blog\/#website"},"primaryImageOfPage":{"@id":"https:\/\/www.interflora.es\/blog\/clavel-guia-basica\/#primaryimage"},"image":{"@id":"https:\/\/www.interflora.es\/blog\/clavel-guia-basica\/#primaryimage"},"thumbnailUrl":"https:\/\/www.interflora.es\/blog\/wp-content\/uploads\/2020\/07\/Cuidados_basicos.jpg","datePublished":"2019-01-24T10:04:07+00:00","description":"Blanco, rosa o rojo pasi\u00f3n. El clavel es la flor s\u00edmbolo nacional de Espa\u00f1a, muy presente en nuestras fiestas, jardines y hogares. Regala claveles con Interflora para cualquier momento.","breadcrumb":{"@id":"https:\/\/www.interflora.es\/blog\/clavel-guia-basica\/#breadcrumb"},"inLanguage":"es","potentialAction":[{"@type":"ReadAction","target":["https:\/\/www.interflora.es\/blog\/clavel-guia-basica\/"]}]},{"@type":"ImageObject","inLanguage":"es","@id":"https:\/\/www.interflora.es\/blog\/clavel-guia-basica\/#primaryimage","url":"https:\/\/www.interflora.es\/blog\/wp-content\/uploads\/2020\/07\/Cuidados_basicos.jpg","contentUrl":"https:\/\/www.interflora.es\/blog\/wp-content\/uploads\/2020\/07\/Cuidados_basicos.jpg","width":1100,"height":980},{"@type":"BreadcrumbList","@id":"https:\/\/www.interflora.es\/blog\/clavel-guia-basica\/#breadcrumb","itemListElement":[{"@type":"ListItem","position":1,"name":"Home","item":"https:\/\/www.interflora.es\/blog\/"},{"@type":"ListItem","position":2,"name":"El clavel: significado y cuidados de la flor de los dioses"}]},{"@type":"WebSite","@id":"https:\/\/www.interflora.es\/blog\/#website","url":"https:\/\/www.interflora.es\/blog\/","name":"El blog de Interflora : consejos, ideas e inspiraci\u00f3n para disfrutar de las flores y las plantas","description":"","publisher":{"@id":"https:\/\/www.interflora.es\/blog\/#organization"},"potentialAction":[{"@type":"SearchAction","target":{"@type":"EntryPoint","urlTemplate":"https:\/\/www.interflora.es\/blog\/?s={search_term_string}"},"query-input":{"@type":"PropertyValueSpecification","valueRequired":true,"valueName":"search_term_string"}}],"inLanguage":"es"},{"@type":"Organization","@id":"https:\/\/www.interflora.es\/blog\/#organization","name":"El blog de Interflora : consejos, ideas e inspiraci\u00f3n para disfrutar de las flores y las plantas","url":"https:\/\/www.interflora.es\/blog\/","logo":{"@type":"ImageObject","inLanguage":"es","@id":"https:\/\/www.interflora.es\/blog\/#\/schema\/logo\/image\/","url":"https:\/\/www.interflora.es\/blog\/wp-content\/uploads\/2025\/10\/cropped-220422_INTERFLORA_Logo_rgb_Half_Top_Circle_Main_Color.png","contentUrl":"https:\/\/www.interflora.es\/blog\/wp-content\/uploads\/2025\/10\/cropped-220422_INTERFLORA_Logo_rgb_Half_Top_Circle_Main_Color.png","width":1418,"height":659,"caption":"El blog de Interflora : consejos, ideas e inspiraci\u00f3n para disfrutar de las flores y las plantas"},"image":{"@id":"https:\/\/www.interflora.es\/blog\/#\/schema\/logo\/image\/"}},{"@type":"Person","@id":"https:\/\/www.interflora.es\/blog\/#\/schema\/person\/1f30f7794421f1232dc4b6bdd75ae829","name":"celia","image":{"@type":"ImageObject","inLanguage":"es","@id":"https:\/\/www.interflora.es\/blog\/wp-content\/litespeed\/avatar\/f906d3ce098bd9b4e84d1b71d27d54af.jpg?ver=1777298586","url":"https:\/\/www.interflora.es\/blog\/wp-content\/litespeed\/avatar\/f906d3ce098bd9b4e84d1b71d27d54af.jpg?ver=1777298586","contentUrl":"https:\/\/www.interflora.es\/blog\/wp-content\/litespeed\/avatar\/f906d3ce098bd9b4e84d1b71d27d54af.jpg?ver=1777298586","caption":"celia"}}]}},"uagb_featured_image_src":{"full":["https:\/\/www.interflora.es\/blog\/wp-content\/uploads\/2020\/07\/Cuidados_basicos.jpg",1100,980,false],"thumbnail":["https:\/\/www.interflora.es\/blog\/wp-content\/uploads\/2020\/07\/Cuidados_basicos-150x150.jpg",150,150,true],"medium":["https:\/\/www.interflora.es\/blog\/wp-content\/uploads\/2020\/07\/Cuidados_basicos-300x267.jpg",300,267,true],"medium_large":["https:\/\/www.interflora.es\/blog\/wp-content\/uploads\/2020\/07\/Cuidados_basicos-768x684.jpg",768,684,true],"large":["https:\/\/www.interflora.es\/blog\/wp-content\/uploads\/2020\/07\/Cuidados_basicos-1024x912.jpg",1024,912,true],"1536x1536":["https:\/\/www.interflora.es\/blog\/wp-content\/uploads\/2020\/07\/Cuidados_basicos.jpg",1100,980,false],"2048x2048":["https:\/\/www.interflora.es\/blog\/wp-content\/uploads\/2020\/07\/Cuidados_basicos.jpg",1100,980,false]},"uagb_author_info":{"display_name":"celia","author_link":"https:\/\/www.interflora.es\/blog\/author\/celia\/"},"uagb_comment_info":0,"uagb_excerpt":"Para empezar el a\u00f1o de mil colores, en Interflora hemos elegido el clavel como flor de enero. Se trata de una flor que resplandece con el buen tiempo, pero no est\u00e1 dem\u00e1s, conocerla ahora en profundidad y estar preparados de cara a la primavera, cuando la disfrutaremos en todo su esplendor.","_links":{"self":[{"href":"https:\/\/www.interflora.es\/blog\/wp-json\/wp\/v2\/posts\/8076","targetHints":{"allow":["GET"]}}],"collection":[{"href":"https:\/\/www.interflora.es\/blog\/wp-json\/wp\/v2\/posts"}],"about":[{"href":"https:\/\/www.interflora.es\/blog\/wp-json\/wp\/v2\/types\/post"}],"author":[{"embeddable":true,"href":"https:\/\/www.interflora.es\/blog\/wp-json\/wp\/v2\/users\/8"}],"replies":[{"embeddable":true,"href":"https:\/\/www.interflora.es\/blog\/wp-json\/wp\/v2\/comments?post=8076"}],"version-history":[{"count":0,"href":"https:\/\/www.interflora.es\/blog\/wp-json\/wp\/v2\/posts\/8076\/revisions"}],"wp:featuredmedia":[{"embeddable":true,"href":"https:\/\/www.interflora.es\/blog\/wp-json\/wp\/v2\/media\/8078"}],"wp:attachment":[{"href":"https:\/\/www.interflora.es\/blog\/wp-json\/wp\/v2\/media?parent=8076"}],"wp:term":[{"taxonomy":"category","embeddable":true,"href":"https:\/\/www.interflora.es\/blog\/wp-json\/wp\/v2\/categories?post=8076"},{"taxonomy":"post_tag","embeddable":true,"href":"https:\/\/www.interflora.es\/blog\/wp-json\/wp\/v2\/tags?post=8076"}],"curies":[{"name":"wp","href":"https:\/\/api.w.org\/{rel}","templated":true}]}}