{"id":7981,"date":"2022-06-29T11:08:03","date_gmt":"2022-06-29T09:08:03","guid":{"rendered":"https:\/\/www.interflora.es\/blog\/?p=7981"},"modified":"2022-06-29T11:08:03","modified_gmt":"2022-06-29T09:08:03","slug":"curiosidades-sobre-la-flor-de-la-margarita","status":"publish","type":"post","link":"https:\/\/www.interflora.es\/blog\/curiosidades-sobre-la-flor-de-la-margarita\/","title":{"rendered":"Curiosidades sobre la flor de la margarita"},"content":{"rendered":"\n<p>Las <strong>margaritas<\/strong>, con sus p\u00e9talos de color blanco que rodean un centro amarillo, nos recuerdan a la primavera, c\u00e1lida y luminosa. La forma de la flor de la margarita y su&nbsp; combinaci\u00f3n de colores desprenden una alegr\u00eda y una paz incre\u00edbles, y anuncian el despertar de la naturaleza, con su floraci\u00f3n primaveral. Las margaritas son adem\u00e1s una de las plantas m\u00e1s f\u00e1ciles de cuidar y llenan de luz cualquier espacio de nuestra casa, ya sea interior o en jard\u00edn. Existen muchas creencias y costumbres relacionadas con la flor margarita. En Interflora te contamos algunas <strong>curiosidades de las margaritas<\/strong> que te sorprender\u00e1n.<\/p>\n\n\n\n<figure class=\"wp-block-image aligncenter size-large is-resized\"><img decoding=\"async\" src=\"https:\/\/www.interflora.es\/blog\/wp-content\/uploads\/2020\/10\/Margarita-1600x1000-1-1024x640.jpg\" alt=\"Margaritas blancas\" class=\"wp-image-8596\" style=\"aspect-ratio:16\/9;object-fit:cover;width:600px\" width=\"600\"\/><\/figure>\n\n\n\n<div style=\"height:30px\" aria-hidden=\"true\" class=\"wp-block-spacer\"><\/div>\n\n\n\n<h2 class=\"wp-block-heading alignwide\">8 curiosidades interesantes sobre la margarita<\/h2>\n\n\n\n<h3 class=\"wp-block-heading\">1 &#8211; Origen de la flor margarita<\/h3>\n\n\n\n<p>Las margaritas son plantas herb\u00e1ceas, de hojas perennes y de origen europeo, que forman parte de la familia de las flores aster\u00e1ceas, al igual que los girasoles. Son especies que crecen en h\u00e1bitats muy similares y tienen necesidades muy parecidas, lo que hace que sus cuidados sean pr\u00e1cticamente iguales. La gran diferencia entre las dos plantas es que las flores de la margarita no producen pipas. Su nombre cient\u00edfico es <strong>Bellis perennis.<\/strong><\/p>\n\n\n\n<h3 class=\"wp-block-heading\">2 &#8211; Etimolog\u00eda de margarita <\/h3>\n\n\n\n<p>El castellano tom\u00f3 la palabra del lat\u00edn \u201cmargarita\u201d, que a su vez proviene del griego \u201cmargarites\u201d, que significa \u201cperla\u201d. Los romanos llamaban a la flor de la margarita \u201csolis oculus\u201d, es decir, \u201cojos de sol\u201d. El nombre de esta planta se tradujo al ingl\u00e9s arcaico como \u201cDaes eage\u201d (\u201cojo del d\u00eda\u201d), que evolucion\u00f3 hasta el nombre actual: \u201cdaisy\u201d. La designaci\u00f3n inglesa hace referencia a la forma en la que las margaritas cierran sus p\u00e9talos por la noche y los abren al d\u00eda siguiente.<\/p>\n\n\n\n<h3 class=\"wp-block-heading\">3 &#8211; <strong>La flor de la margarita favorece la polinizaci\u00f3n<\/strong><\/h3>\n\n\n\n<p>Las margaritas, a diferencia de las orqu\u00eddeas, son plantas que no necesitan \u201cenga\u00f1ar\u201d a las abejas para que las polinicen. Solo con su maravilloso y llamativo disco floral, las bellis perennis son capaces de atraerlas con gran facilidad.<\/p>\n\n\n<div class=\"lp-produits-grid\"><div class=\"lp-produit\"><div class=\"lp-thumbnail-wrapper\"><img loading=\"lazy\" decoding=\"async\" width=\"300\" height=\"300\" src=\"https:\/\/www.interflora.es\/blog\/wp-content\/uploads\/2025\/11\/Capture-decran-2026-02-04-121916-300x300.png\" class=\"attachment-medium size-medium wp-post-image\" alt=\"\" srcset=\"https:\/\/www.interflora.es\/blog\/wp-content\/uploads\/2025\/11\/Capture-decran-2026-02-04-121916-300x300.png 300w, https:\/\/www.interflora.es\/blog\/wp-content\/uploads\/2025\/11\/Capture-decran-2026-02-04-121916-150x150.png 150w, https:\/\/www.interflora.es\/blog\/wp-content\/uploads\/2025\/11\/Capture-decran-2026-02-04-121916.png 647w\" sizes=\"auto, (max-width: 300px) 100vw, 300px\" \/><img decoding=\"async\" class=\"lp-badge\" src=\"https:\/\/prodblog.interflora.es\/blog\/wp-content\/uploads\/2025\/04\/220422_INTERFLORA_Main_Logo_rgb_Main_Color.png\" alt=\"Entrega r\u00e1pida\"><\/div><span>Peque\u00f1o Sol<\/span><p>27.99 \u20ac<\/p><span class=\"obf-link lp-cta\" role=\"link\" tabindex=\"0\" data-b64=\"aHR0cHM6Ly93d3cuaW50ZXJmbG9yYS5lcy9wL3JhbW8tZGUtZmxvcmVzLWFtYXJpbGxhcy12YXJpYWRhcy8xP3V0bV9tZWRpdW09b3JnYW5pYyZ1dG1fc291cmNlPWJsb2dfcHJvZHVjdHMmdXRtX2NhbXBhaWduPUZGMTQ4\" data-target=\"_blank\"><svg xmlns=\"http:\/\/www.w3.org\/2000\/svg\" width=\"16\" height=\"16\" fill=\"currentColor\" class=\"bi bi-bag\" viewBox=\"0 0 16 16\"><path d=\"M8 1a2 2 0 0 1 2 2v1h2.5A1.5 1.5 0 0 1 14 5.5v8A1.5 1.5 0 0 1 12.5 15h-9A1.5 1.5 0 0 1 2 13.5v-8A1.5 1.5 0 0 1 3.5 3H6V2a2 2 0 0 1 2-1zm1 3V3a1 1 0 0 0-2 0v1h2z\"\/><\/svg>Comprar<\/span><p class=\"rapido\">Selecci\u00f3n Interflora<\/p><\/div><div class=\"lp-produit\"><div class=\"lp-thumbnail-wrapper\"><img loading=\"lazy\" decoding=\"async\" width=\"300\" height=\"300\" src=\"https:\/\/www.interflora.es\/blog\/wp-content\/uploads\/2025\/04\/1674815076-monstera_pg0055_deco-2-300x300.jpg\" class=\"attachment-medium size-medium wp-post-image\" alt=\"\" srcset=\"https:\/\/www.interflora.es\/blog\/wp-content\/uploads\/2025\/04\/1674815076-monstera_pg0055_deco-2-300x300.jpg 300w, https:\/\/www.interflora.es\/blog\/wp-content\/uploads\/2025\/04\/1674815076-monstera_pg0055_deco-2-1024x1024.jpg 1024w, https:\/\/www.interflora.es\/blog\/wp-content\/uploads\/2025\/04\/1674815076-monstera_pg0055_deco-2-150x150.jpg 150w, https:\/\/www.interflora.es\/blog\/wp-content\/uploads\/2025\/04\/1674815076-monstera_pg0055_deco-2-768x768.jpg 768w, https:\/\/www.interflora.es\/blog\/wp-content\/uploads\/2025\/04\/1674815076-monstera_pg0055_deco-2.jpg 1500w\" sizes=\"auto, (max-width: 300px) 100vw, 300px\" \/><img decoding=\"async\" class=\"lp-badge\" src=\"https:\/\/prodblog.interflora.es\/blog\/wp-content\/uploads\/2025\/04\/220422_INTERFLORA_Main_Logo_rgb_Main_Color.png\" alt=\"Entrega r\u00e1pida\"><\/div><span>Monstera Deliciosa &#8211; Costilla de Ad\u00e1n<\/span><p>29.99 \u20ac<\/p><span class=\"obf-link lp-cta\" role=\"link\" tabindex=\"0\" data-b64=\"aHR0cHM6Ly93d3cuaW50ZXJmbG9yYS5lcy9wL21vbnN0ZXJhLzE\/dXRtX21lZGl1bT1vcmdhbmljJnV0bV9zb3VyY2U9YmxvZ19wcm9kdWN0cyZ1dG1fY2FtcGFpZ249UEcwMDU1\" data-target=\"_blank\"><svg xmlns=\"http:\/\/www.w3.org\/2000\/svg\" width=\"16\" height=\"16\" fill=\"currentColor\" class=\"bi bi-bag\" viewBox=\"0 0 16 16\"><path d=\"M8 1a2 2 0 0 1 2 2v1h2.5A1.5 1.5 0 0 1 14 5.5v8A1.5 1.5 0 0 1 12.5 15h-9A1.5 1.5 0 0 1 2 13.5v-8A1.5 1.5 0 0 1 3.5 3H6V2a2 2 0 0 1 2-1zm1 3V3a1 1 0 0 0-2 0v1h2z\"\/><\/svg>Comprar<\/span><p class=\"rapido\">Entrega en el d\u00eda<\/p><\/div><div class=\"lp-produit\"><div class=\"lp-thumbnail-wrapper\"><img loading=\"lazy\" decoding=\"async\" width=\"300\" height=\"300\" src=\"https:\/\/www.interflora.es\/blog\/wp-content\/uploads\/2025\/04\/1734353451-f0270-m-key-2-300x300.jpg\" class=\"attachment-medium size-medium wp-post-image\" alt=\"\" srcset=\"https:\/\/www.interflora.es\/blog\/wp-content\/uploads\/2025\/04\/1734353451-f0270-m-key-2-300x300.jpg 300w, https:\/\/www.interflora.es\/blog\/wp-content\/uploads\/2025\/04\/1734353451-f0270-m-key-2-1024x1024.jpg 1024w, https:\/\/www.interflora.es\/blog\/wp-content\/uploads\/2025\/04\/1734353451-f0270-m-key-2-150x150.jpg 150w, https:\/\/www.interflora.es\/blog\/wp-content\/uploads\/2025\/04\/1734353451-f0270-m-key-2-768x768.jpg 768w, https:\/\/www.interflora.es\/blog\/wp-content\/uploads\/2025\/04\/1734353451-f0270-m-key-2.jpg 1200w\" sizes=\"auto, (max-width: 300px) 100vw, 300px\" \/><img decoding=\"async\" class=\"lp-badge\" src=\"https:\/\/prodblog.interflora.es\/blog\/wp-content\/uploads\/2025\/04\/220422_INTERFLORA_Main_Logo_rgb_Main_Color.png\" alt=\"Entrega r\u00e1pida\"><\/div><span>Conexi\u00f3n floral<\/span><p>49.99 \u20ac<\/p><span class=\"obf-link lp-cta\" role=\"link\" tabindex=\"0\" data-b64=\"aHR0cHM6Ly93d3cuaW50ZXJmbG9yYS5lcy9wL3F1ZXJpZGEtbWFtYS8xP3V0bV9tZWRpdW09b3JnYW5pYyZ1dG1fc291cmNlPWJsb2dfcHJvZHVjdHMmdXRtX2NhbXBhaWduPUYwMjcw\" data-target=\"_blank\"><svg xmlns=\"http:\/\/www.w3.org\/2000\/svg\" width=\"16\" height=\"16\" fill=\"currentColor\" class=\"bi bi-bag\" viewBox=\"0 0 16 16\"><path d=\"M8 1a2 2 0 0 1 2 2v1h2.5A1.5 1.5 0 0 1 14 5.5v8A1.5 1.5 0 0 1 12.5 15h-9A1.5 1.5 0 0 1 2 13.5v-8A1.5 1.5 0 0 1 3.5 3H6V2a2 2 0 0 1 2-1zm1 3V3a1 1 0 0 0-2 0v1h2z\"\/><\/svg>Comprar<\/span><p class=\"rapido\">Atenci\u00f3n al cliente siempre disponible<\/p><\/div><div class=\"lp-produit\"><div class=\"lp-thumbnail-wrapper\"><img loading=\"lazy\" decoding=\"async\" width=\"300\" height=\"300\" src=\"https:\/\/www.interflora.es\/blog\/wp-content\/uploads\/2025\/04\/1738656685-fwd009-m-key-zoomed-2-300x300.jpg\" class=\"attachment-medium size-medium wp-post-image\" alt=\"\" srcset=\"https:\/\/www.interflora.es\/blog\/wp-content\/uploads\/2025\/04\/1738656685-fwd009-m-key-zoomed-2-300x300.jpg 300w, https:\/\/www.interflora.es\/blog\/wp-content\/uploads\/2025\/04\/1738656685-fwd009-m-key-zoomed-2-1024x1024.jpg 1024w, https:\/\/www.interflora.es\/blog\/wp-content\/uploads\/2025\/04\/1738656685-fwd009-m-key-zoomed-2-150x150.jpg 150w, https:\/\/www.interflora.es\/blog\/wp-content\/uploads\/2025\/04\/1738656685-fwd009-m-key-zoomed-2-768x768.jpg 768w, https:\/\/www.interflora.es\/blog\/wp-content\/uploads\/2025\/04\/1738656685-fwd009-m-key-zoomed-2-1536x1536.jpg 1536w, https:\/\/www.interflora.es\/blog\/wp-content\/uploads\/2025\/04\/1738656685-fwd009-m-key-zoomed-2.jpg 1991w\" sizes=\"auto, (max-width: 300px) 100vw, 300px\" \/><img decoding=\"async\" class=\"lp-badge\" src=\"https:\/\/prodblog.interflora.es\/blog\/wp-content\/uploads\/2025\/04\/220422_INTERFLORA_Main_Logo_rgb_Main_Color.png\" alt=\"Entrega r\u00e1pida\"><\/div><span>Floral Kiss<\/span><p>29.99 \u20ac<\/p><span class=\"obf-link lp-cta\" role=\"link\" tabindex=\"0\" data-b64=\"aHR0cHM6Ly93d3cuaW50ZXJmbG9yYS5lcy9wL2Zsb3JhbC1raXNzLzE\/dXRtX21lZGl1bT1vcmdhbmljJnV0bV9zb3VyY2U9YmxvZ19wcm9kdWN0cyZ1dG1fY2FtcGFpZ249RldEMDA5\" data-target=\"_blank\"><svg xmlns=\"http:\/\/www.w3.org\/2000\/svg\" width=\"16\" height=\"16\" fill=\"currentColor\" class=\"bi bi-bag\" viewBox=\"0 0 16 16\"><path d=\"M8 1a2 2 0 0 1 2 2v1h2.5A1.5 1.5 0 0 1 14 5.5v8A1.5 1.5 0 0 1 12.5 15h-9A1.5 1.5 0 0 1 2 13.5v-8A1.5 1.5 0 0 1 3.5 3H6V2a2 2 0 0 1 2-1zm1 3V3a1 1 0 0 0-2 0v1h2z\"\/><\/svg>Comprar<\/span><p class=\"rapido\">Atenci\u00f3n al cliente siempre disponible<\/p><\/div><\/div>\n\n\n\n<div style=\"height:30px\" aria-hidden=\"true\" class=\"wp-block-spacer\"><\/div>\n\n\n\n<h3 class=\"wp-block-heading\">4 &#8211; Significado de la margarita seg\u00fan su color&nbsp;<\/h3>\n\n\n\n<p>El <a href=\"https:\/\/www.interflora.es\/blog\/la-margarita-la-flor-de-la-amistad\/\">significado de la flor de la margarita<\/a> puede variar seg\u00fan su tonalidad. El color que m\u00e1s abunda en la margarita es el <strong>blanco<\/strong>, reflejo de <strong>la pureza y la esperanza,<\/strong> mientras que <strong>el amarillo y el naranja<\/strong> son una muestra de<strong> lealtad hacia la persona a la que se las regalamos<\/strong>. En<strong> rojo o rosa, las margaritas <\/strong>son sin\u00f3nimo de <strong>amor.<\/strong><\/p>\n\n\n\n<h3 class=\"wp-block-heading\">5 \u2013 La margarita, una flor resistente&nbsp;<\/h3>\n\n\n\n<p>La margarita es una flor muy resistente. Sus caracter\u00edsticas y propiedades permiten a las plantas de las margaritas sobrevivir en cualquier entorno. Puedes disfrutar de las bellis perennis como plantas de interior o en tu terraza o jard\u00edn. Adem\u00e1s, estas plantas requieren unos cuidados simples: mucho sol, riego frecuente y temperatura c\u00e1lida, aunque sus hojas perennes hacen que sean muy resistentes al calor en verano y al fr\u00edo en invierno.<\/p>\n\n\n\n<h3 class=\"wp-block-heading\">6 \u2013 El juego de deshojar las flores de las margaritas&nbsp;<\/h3>\n\n\n\n<p>\u00bfQui\u00e9n no ha jugado alguna vez a \u201c\u00bfme quiere?, \u00bfno me quiere?\u201d con margaritas? Se trata del juego preferido de los enamorados en primavera, y consiste en deshojar los p\u00e9talos de la flor de la margarita uno a uno, alternando las palabras \u201cme quiere\u201d y \u201cno me quiere\u201d cada vez que arrancamos uno de ellos. Se dice que, lo que se diga en el \u00faltimo p\u00e9talo, indicar\u00e1 la respuesta a tu pregunta.<\/p>\n\n\n\n<figure class=\"wp-block-image aligncenter size-full is-resized\"><img decoding=\"async\" src=\"https:\/\/www.interflora.es\/blog\/wp-content\/uploads\/margarita-flor-de-la-amistad.jpg\" alt=\"\" class=\"wp-image-16854\" style=\"aspect-ratio:16\/9;object-fit:cover;width:600px\" width=\"600\" srcset=\"https:\/\/www.interflora.es\/blog\/wp-content\/uploads\/margarita-flor-de-la-amistad.jpg 600w, https:\/\/www.interflora.es\/blog\/wp-content\/uploads\/margarita-flor-de-la-amistad-300x200.jpg 300w\" sizes=\"(max-width: 600px) 100vw, 600px\" \/><\/figure>\n\n\n\n<div style=\"height:30px\" aria-hidden=\"true\" class=\"wp-block-spacer\"><\/div>\n\n\n\n<h3 class=\"wp-block-heading\">7 \u2013 Margaritas, muy presentes en la \u00e9poca medieval<\/h3>\n\n\n\n<p>Seg\u00fan leyendas venidas de la Edad Media, si a una doncella le entraba curiosidad por saber cu\u00e1ndo se casar\u00eda, deb\u00eda arrancar un pu\u00f1ado de margaritas con los ojos cerrados. El n\u00famero de capullos abiertos recogidos le indicar\u00edan los a\u00f1os que le faltaban para casarse. Tambi\u00e9n, las mujeres de la \u00e9poca sol\u00edan llevar coronas de margaritas en su cabello mientras los audaces caballeros peleaban por ellas. La costumbre establec\u00eda que, antes del comienzo de los torneos, la doncella regalaba una de sus margaritas a su amado, coloc\u00e1ndosela debajo de la armadura y cerca del coraz\u00f3n, como se\u00f1al de amor y buena suerte.<\/p>\n\n\n\n<h3 class=\"wp-block-heading\">8 \u2013 Tipos de margaritas<\/h3>\n\n\n\n<p>Actualmente, son conocidas m\u00e1s de 20.000 especies y <a href=\"https:\/\/www.interflora.es\/blog\/colores-de-la-margarita\/\">colores diferentes de margarita<\/a>s. Esta flor, junto a la orqu\u00eddea, es posiblemente una de las plantas con mayor n\u00famero de especies que existen en nuestro planeta.<\/p>\n\n\n\n<figure class=\"wp-block-gallery alignwide has-nested-images columns-4 is-cropped wp-block-gallery-1 is-layout-flex wp-block-gallery-is-layout-flex\">\n<figure class=\"wp-block-image size-full\"><img loading=\"lazy\" decoding=\"async\" width=\"500\" height=\"500\" data-id=\"16671\" src=\"https:\/\/www.interflora.es\/blog\/wp-content\/uploads\/margaritas-azules.jpg\" alt=\"Margaritas azules\" class=\"wp-image-16671\" style=\"aspect-ratio:16\/9;object-fit:cover\" srcset=\"https:\/\/www.interflora.es\/blog\/wp-content\/uploads\/margaritas-azules.jpg 500w, https:\/\/www.interflora.es\/blog\/wp-content\/uploads\/margaritas-azules-300x300.jpg 300w, https:\/\/www.interflora.es\/blog\/wp-content\/uploads\/margaritas-azules-150x150.jpg 150w\" sizes=\"auto, (max-width: 500px) 100vw, 500px\" \/><\/figure>\n\n\n\n<figure class=\"wp-block-image size-full\"><img loading=\"lazy\" decoding=\"async\" width=\"500\" height=\"500\" data-id=\"16668\" src=\"https:\/\/www.interflora.es\/blog\/wp-content\/uploads\/margaritas-amarillas.jpg\" alt=\"Margaritas amarillas\" class=\"wp-image-16668\" srcset=\"https:\/\/www.interflora.es\/blog\/wp-content\/uploads\/margaritas-amarillas.jpg 500w, https:\/\/www.interflora.es\/blog\/wp-content\/uploads\/margaritas-amarillas-300x300.jpg 300w, https:\/\/www.interflora.es\/blog\/wp-content\/uploads\/margaritas-amarillas-150x150.jpg 150w\" sizes=\"auto, (max-width: 500px) 100vw, 500px\" \/><\/figure>\n\n\n\n<figure class=\"wp-block-image size-full\"><img loading=\"lazy\" decoding=\"async\" width=\"1100\" height=\"1100\" data-id=\"16602\" src=\"https:\/\/www.interflora.es\/blog\/wp-content\/uploads\/Margaritas-2.jpg\" alt=\"Margaritas blancas\" class=\"wp-image-16602\" srcset=\"https:\/\/www.interflora.es\/blog\/wp-content\/uploads\/Margaritas-2.jpg 1100w, https:\/\/www.interflora.es\/blog\/wp-content\/uploads\/Margaritas-2-300x300.jpg 300w, https:\/\/www.interflora.es\/blog\/wp-content\/uploads\/Margaritas-2-1024x1024.jpg 1024w, https:\/\/www.interflora.es\/blog\/wp-content\/uploads\/Margaritas-2-150x150.jpg 150w, https:\/\/www.interflora.es\/blog\/wp-content\/uploads\/Margaritas-2-768x768.jpg 768w\" sizes=\"auto, (max-width: 1100px) 100vw, 1100px\" \/><\/figure>\n\n\n\n<figure class=\"wp-block-image size-full\"><img loading=\"lazy\" decoding=\"async\" width=\"2560\" height=\"1706\" data-id=\"16485\" src=\"https:\/\/www.interflora.es\/blog\/wp-content\/uploads\/margaritas-colores-pequena-scaled.jpg\" alt=\"Margarita rosas\" class=\"wp-image-16485\" srcset=\"https:\/\/www.interflora.es\/blog\/wp-content\/uploads\/margaritas-colores-pequena-scaled.jpg 2560w, https:\/\/www.interflora.es\/blog\/wp-content\/uploads\/margaritas-colores-pequena-300x200.jpg 300w, https:\/\/www.interflora.es\/blog\/wp-content\/uploads\/margaritas-colores-pequena-1024x683.jpg 1024w, https:\/\/www.interflora.es\/blog\/wp-content\/uploads\/margaritas-colores-pequena-768x512.jpg 768w, https:\/\/www.interflora.es\/blog\/wp-content\/uploads\/margaritas-colores-pequena-1536x1024.jpg 1536w, https:\/\/www.interflora.es\/blog\/wp-content\/uploads\/margaritas-colores-pequena-2048x1365.jpg 2048w\" sizes=\"auto, (max-width: 2560px) 100vw, 2560px\" \/><\/figure>\n<\/figure>\n\n\n\n<div style=\"height:30px\" aria-hidden=\"true\" class=\"wp-block-spacer\"><\/div>\n\n\n\n<h2 class=\"wp-block-heading alignwide\"><strong><strong>&nbsp;La flor margarita y sus aplicaciones<\/strong><\/strong><\/h2>\n\n\n\n<ul class=\"wp-block-list\">\n<li><strong>Los p\u00e9talos<\/strong> <strong>de esta flor son comestibles<\/strong> y se suelen utilizar en ensaladas o infusiones. La flor de la margarita fresca tiene un sabor dulce con un toque amargo, que se suaviza al ser cocinada. Los p\u00e9talos tambi\u00e9n pueden emplearse para decorar tartas y pasteles.<\/li>\n\n\n\n<li>Por lo general,<strong> las lesiones cut\u00e1neas pueden ser tratadas <\/strong>con <strong>productos a base de flor de margarita<\/strong>, ya que tiene propiedades antiinflamatorias y cicatrizantes. Por ejemplo, se puede usar contra el acn\u00e9, las ampollas o las quemaduras.<\/li>\n\n\n\n<li><strong>Gran n\u00famero de cosm\u00e9ticos<\/strong> contienen <strong>ingredientes extra\u00eddos de las flores de la margarita.<\/strong><\/li>\n\n\n\n<li>Para los <strong>dolores de garganta<\/strong> o <strong>problemas intestinales<\/strong>, se recomienda <strong>tomar t\u00e9 de margarita<\/strong>. Tambi\u00e9n se puede utilizar para limpiar el h\u00edgado y los ri\u00f1ones.<\/li>\n<\/ul>\n\n\n\n<figure class=\"wp-block-image aligncenter size-large is-resized\"><img decoding=\"async\" src=\"https:\/\/www.interflora.es\/blog\/wp-content\/uploads\/mujer-con-margaritas-1024x683.jpg\" alt=\"Ramo de margaritas blancas\" class=\"wp-image-16254\" style=\"aspect-ratio:16\/9;object-fit:cover;width:600px\" width=\"600\" srcset=\"https:\/\/www.interflora.es\/blog\/wp-content\/uploads\/mujer-con-margaritas-1024x683.jpg 1024w, https:\/\/www.interflora.es\/blog\/wp-content\/uploads\/mujer-con-margaritas-300x200.jpg 300w, https:\/\/www.interflora.es\/blog\/wp-content\/uploads\/mujer-con-margaritas-768x512.jpg 768w, https:\/\/www.interflora.es\/blog\/wp-content\/uploads\/mujer-con-margaritas.jpg 1500w\" sizes=\"(max-width: 1024px) 100vw, 1024px\" \/><\/figure>\n\n\n\n<div style=\"height:30px\" aria-hidden=\"true\" class=\"wp-block-spacer\"><\/div>\n\n\n\n<p>\u00a1Ya lo sabes! Regala un poquito de primavera con la belleza discreta de las margaritas,&nbsp;para transmitir a los que m\u00e1s quieres energ\u00eda y alegr\u00eda en cualquier ocasi\u00f3n. <br>Adem\u00e1s, es tambi\u00e9n la flor de la amistad, perfecta para regalar un <a href=\"https:\/\/www.interflora.es\/c\/flores\/margaritas\">ramo de margaritas<\/a> para tus amigas y amigos cuando quieras expresarles lo mucho que aprecias su amistad. <\/p>\n","protected":false},"excerpt":{"rendered":"<p>Las margaritas, con sus p\u00e9talos de color blanco que rodean un centro amarillo, nos recuerdan a la primavera, c\u00e1lida y [&hellip;]<\/p>\n","protected":false},"author":8,"featured_media":16352,"comment_status":"open","ping_status":"open","sticky":false,"template":"","format":"standard","meta":{"_acf_changed":false,"_uag_custom_page_level_css":"","site-sidebar-layout":"default","site-content-layout":"","ast-site-content-layout":"default","site-content-style":"default","site-sidebar-style":"default","ast-global-header-display":"","ast-banner-title-visibility":"","ast-main-header-display":"","ast-hfb-above-header-display":"","ast-hfb-below-header-display":"","ast-hfb-mobile-header-display":"","site-post-title":"","ast-breadcrumbs-content":"","ast-featured-img":"","footer-sml-layout":"","theme-transparent-header-meta":"","adv-header-id-meta":"","stick-header-meta":"","header-above-stick-meta":"","header-main-stick-meta":"","header-below-stick-meta":"","astra-migrate-meta-layouts":"set","ast-page-background-enabled":"default","ast-page-background-meta":{"desktop":{"background-color":"var(--ast-global-color-5)","background-image":"","background-repeat":"repeat","background-position":"center center","background-size":"auto","background-attachment":"scroll","background-type":"","background-media":"","overlay-type":"","overlay-color":"","overlay-opacity":"","overlay-gradient":""},"tablet":{"background-color":"","background-image":"","background-repeat":"repeat","background-position":"center center","background-size":"auto","background-attachment":"scroll","background-type":"","background-media":"","overlay-type":"","overlay-color":"","overlay-opacity":"","overlay-gradient":""},"mobile":{"background-color":"","background-image":"","background-repeat":"repeat","background-position":"center center","background-size":"auto","background-attachment":"scroll","background-type":"","background-media":"","overlay-type":"","overlay-color":"","overlay-opacity":"","overlay-gradient":""}},"ast-content-background-meta":{"desktop":{"background-color":"var(--ast-global-color-4)","background-image":"","background-repeat":"repeat","background-position":"center center","background-size":"auto","background-attachment":"scroll","background-type":"","background-media":"","overlay-type":"","overlay-color":"","overlay-opacity":"","overlay-gradient":""},"tablet":{"background-color":"var(--ast-global-color-4)","background-image":"","background-repeat":"repeat","background-position":"center center","background-size":"auto","background-attachment":"scroll","background-type":"","background-media":"","overlay-type":"","overlay-color":"","overlay-opacity":"","overlay-gradient":""},"mobile":{"background-color":"var(--ast-global-color-4)","background-image":"","background-repeat":"repeat","background-position":"center center","background-size":"auto","background-attachment":"scroll","background-type":"","background-media":"","overlay-type":"","overlay-color":"","overlay-opacity":"","overlay-gradient":""}},"footnotes":""},"categories":[28],"tags":[],"class_list":["post-7981","post","type-post","status-publish","format-standard","has-post-thumbnail","hentry","category-flores-y-plantas"],"acf":[],"yoast_head":"<!-- This site is optimized with the Yoast SEO plugin v27.5 - https:\/\/yoast.com\/product\/yoast-seo-wordpress\/ -->\n<title>Curiosidades sobre la margarita | Interflora<\/title>\n<meta name=\"description\" content=\"Las margaritas, con sus p\u00e9talos de color blanco que rodean un centro amarillo, nos recuerdan a la primavera c\u00e1lida y luminosa. Una flor que evoca la alegr\u00eda y la amistad\" \/>\n<meta name=\"robots\" content=\"index, follow, max-snippet:-1, max-image-preview:large, max-video-preview:-1\" \/>\n<link rel=\"canonical\" href=\"https:\/\/www.interflora.es\/blog\/curiosidades-sobre-la-flor-de-la-margarita\/\" \/>\n<script type=\"application\/ld+json\" class=\"yoast-schema-graph\">{\"@context\":\"https:\\\/\\\/schema.org\",\"@graph\":[{\"@type\":\"Article\",\"@id\":\"https:\\\/\\\/www.interflora.es\\\/blog\\\/curiosidades-sobre-la-flor-de-la-margarita\\\/#article\",\"isPartOf\":{\"@id\":\"https:\\\/\\\/www.interflora.es\\\/blog\\\/curiosidades-sobre-la-flor-de-la-margarita\\\/\"},\"author\":{\"name\":\"celia\",\"@id\":\"https:\\\/\\\/www.interflora.es\\\/blog\\\/#\\\/schema\\\/person\\\/1f30f7794421f1232dc4b6bdd75ae829\"},\"headline\":\"Curiosidades sobre la flor de la margarita\",\"datePublished\":\"2022-06-29T09:08:03+00:00\",\"mainEntityOfPage\":{\"@id\":\"https:\\\/\\\/www.interflora.es\\\/blog\\\/curiosidades-sobre-la-flor-de-la-margarita\\\/\"},\"wordCount\":960,\"commentCount\":0,\"publisher\":{\"@id\":\"https:\\\/\\\/www.interflora.es\\\/blog\\\/#organization\"},\"image\":{\"@id\":\"https:\\\/\\\/www.interflora.es\\\/blog\\\/curiosidades-sobre-la-flor-de-la-margarita\\\/#primaryimage\"},\"thumbnailUrl\":\"https:\\\/\\\/www.interflora.es\\\/blog\\\/wp-content\\\/uploads\\\/margaritas-de-primavera.jpg\",\"articleSection\":[\"Flores y plantas\"],\"inLanguage\":\"es\",\"potentialAction\":[{\"@type\":\"CommentAction\",\"name\":\"Comment\",\"target\":[\"https:\\\/\\\/www.interflora.es\\\/blog\\\/curiosidades-sobre-la-flor-de-la-margarita\\\/#respond\"]}]},{\"@type\":\"WebPage\",\"@id\":\"https:\\\/\\\/www.interflora.es\\\/blog\\\/curiosidades-sobre-la-flor-de-la-margarita\\\/\",\"url\":\"https:\\\/\\\/www.interflora.es\\\/blog\\\/curiosidades-sobre-la-flor-de-la-margarita\\\/\",\"name\":\"Curiosidades sobre la margarita | Interflora\",\"isPartOf\":{\"@id\":\"https:\\\/\\\/www.interflora.es\\\/blog\\\/#website\"},\"primaryImageOfPage\":{\"@id\":\"https:\\\/\\\/www.interflora.es\\\/blog\\\/curiosidades-sobre-la-flor-de-la-margarita\\\/#primaryimage\"},\"image\":{\"@id\":\"https:\\\/\\\/www.interflora.es\\\/blog\\\/curiosidades-sobre-la-flor-de-la-margarita\\\/#primaryimage\"},\"thumbnailUrl\":\"https:\\\/\\\/www.interflora.es\\\/blog\\\/wp-content\\\/uploads\\\/margaritas-de-primavera.jpg\",\"datePublished\":\"2022-06-29T09:08:03+00:00\",\"description\":\"Las margaritas, con sus p\u00e9talos de color blanco que rodean un centro amarillo, nos recuerdan a la primavera c\u00e1lida y luminosa. Una flor que evoca la alegr\u00eda y la amistad\",\"breadcrumb\":{\"@id\":\"https:\\\/\\\/www.interflora.es\\\/blog\\\/curiosidades-sobre-la-flor-de-la-margarita\\\/#breadcrumb\"},\"inLanguage\":\"es\",\"potentialAction\":[{\"@type\":\"ReadAction\",\"target\":[\"https:\\\/\\\/www.interflora.es\\\/blog\\\/curiosidades-sobre-la-flor-de-la-margarita\\\/\"]}]},{\"@type\":\"ImageObject\",\"inLanguage\":\"es\",\"@id\":\"https:\\\/\\\/www.interflora.es\\\/blog\\\/curiosidades-sobre-la-flor-de-la-margarita\\\/#primaryimage\",\"url\":\"https:\\\/\\\/www.interflora.es\\\/blog\\\/wp-content\\\/uploads\\\/margaritas-de-primavera.jpg\",\"contentUrl\":\"https:\\\/\\\/www.interflora.es\\\/blog\\\/wp-content\\\/uploads\\\/margaritas-de-primavera.jpg\",\"width\":500,\"height\":500},{\"@type\":\"BreadcrumbList\",\"@id\":\"https:\\\/\\\/www.interflora.es\\\/blog\\\/curiosidades-sobre-la-flor-de-la-margarita\\\/#breadcrumb\",\"itemListElement\":[{\"@type\":\"ListItem\",\"position\":1,\"name\":\"Home\",\"item\":\"https:\\\/\\\/www.interflora.es\\\/blog\\\/\"},{\"@type\":\"ListItem\",\"position\":2,\"name\":\"Curiosidades sobre la flor de la margarita\"}]},{\"@type\":\"WebSite\",\"@id\":\"https:\\\/\\\/www.interflora.es\\\/blog\\\/#website\",\"url\":\"https:\\\/\\\/www.interflora.es\\\/blog\\\/\",\"name\":\"El blog de Interflora : consejos, ideas e inspiraci\u00f3n para disfrutar de las flores y las plantas\",\"description\":\"\",\"publisher\":{\"@id\":\"https:\\\/\\\/www.interflora.es\\\/blog\\\/#organization\"},\"potentialAction\":[{\"@type\":\"SearchAction\",\"target\":{\"@type\":\"EntryPoint\",\"urlTemplate\":\"https:\\\/\\\/www.interflora.es\\\/blog\\\/?s={search_term_string}\"},\"query-input\":{\"@type\":\"PropertyValueSpecification\",\"valueRequired\":true,\"valueName\":\"search_term_string\"}}],\"inLanguage\":\"es\"},{\"@type\":\"Organization\",\"@id\":\"https:\\\/\\\/www.interflora.es\\\/blog\\\/#organization\",\"name\":\"El blog de Interflora : consejos, ideas e inspiraci\u00f3n para disfrutar de las flores y las plantas\",\"url\":\"https:\\\/\\\/www.interflora.es\\\/blog\\\/\",\"logo\":{\"@type\":\"ImageObject\",\"inLanguage\":\"es\",\"@id\":\"https:\\\/\\\/www.interflora.es\\\/blog\\\/#\\\/schema\\\/logo\\\/image\\\/\",\"url\":\"https:\\\/\\\/www.interflora.es\\\/blog\\\/wp-content\\\/uploads\\\/2025\\\/10\\\/cropped-220422_INTERFLORA_Logo_rgb_Half_Top_Circle_Main_Color.png\",\"contentUrl\":\"https:\\\/\\\/www.interflora.es\\\/blog\\\/wp-content\\\/uploads\\\/2025\\\/10\\\/cropped-220422_INTERFLORA_Logo_rgb_Half_Top_Circle_Main_Color.png\",\"width\":1418,\"height\":659,\"caption\":\"El blog de Interflora : consejos, ideas e inspiraci\u00f3n para disfrutar de las flores y las plantas\"},\"image\":{\"@id\":\"https:\\\/\\\/www.interflora.es\\\/blog\\\/#\\\/schema\\\/logo\\\/image\\\/\"}},{\"@type\":\"Person\",\"@id\":\"https:\\\/\\\/www.interflora.es\\\/blog\\\/#\\\/schema\\\/person\\\/1f30f7794421f1232dc4b6bdd75ae829\",\"name\":\"celia\",\"image\":{\"@type\":\"ImageObject\",\"inLanguage\":\"es\",\"@id\":\"https:\\\/\\\/www.interflora.es\\\/blog\\\/wp-content\\\/litespeed\\\/avatar\\\/f906d3ce098bd9b4e84d1b71d27d54af.jpg?ver=1777298586\",\"url\":\"https:\\\/\\\/www.interflora.es\\\/blog\\\/wp-content\\\/litespeed\\\/avatar\\\/f906d3ce098bd9b4e84d1b71d27d54af.jpg?ver=1777298586\",\"contentUrl\":\"https:\\\/\\\/www.interflora.es\\\/blog\\\/wp-content\\\/litespeed\\\/avatar\\\/f906d3ce098bd9b4e84d1b71d27d54af.jpg?ver=1777298586\",\"caption\":\"celia\"}}]}<\/script>\n<!-- \/ Yoast SEO plugin. -->","yoast_head_json":{"title":"Curiosidades sobre la margarita | Interflora","description":"Las margaritas, con sus p\u00e9talos de color blanco que rodean un centro amarillo, nos recuerdan a la primavera c\u00e1lida y luminosa. Una flor que evoca la alegr\u00eda y la amistad","robots":{"index":"index","follow":"follow","max-snippet":"max-snippet:-1","max-image-preview":"max-image-preview:large","max-video-preview":"max-video-preview:-1"},"canonical":"https:\/\/www.interflora.es\/blog\/curiosidades-sobre-la-flor-de-la-margarita\/","schema":{"@context":"https:\/\/schema.org","@graph":[{"@type":"Article","@id":"https:\/\/www.interflora.es\/blog\/curiosidades-sobre-la-flor-de-la-margarita\/#article","isPartOf":{"@id":"https:\/\/www.interflora.es\/blog\/curiosidades-sobre-la-flor-de-la-margarita\/"},"author":{"name":"celia","@id":"https:\/\/www.interflora.es\/blog\/#\/schema\/person\/1f30f7794421f1232dc4b6bdd75ae829"},"headline":"Curiosidades sobre la flor de la margarita","datePublished":"2022-06-29T09:08:03+00:00","mainEntityOfPage":{"@id":"https:\/\/www.interflora.es\/blog\/curiosidades-sobre-la-flor-de-la-margarita\/"},"wordCount":960,"commentCount":0,"publisher":{"@id":"https:\/\/www.interflora.es\/blog\/#organization"},"image":{"@id":"https:\/\/www.interflora.es\/blog\/curiosidades-sobre-la-flor-de-la-margarita\/#primaryimage"},"thumbnailUrl":"https:\/\/www.interflora.es\/blog\/wp-content\/uploads\/margaritas-de-primavera.jpg","articleSection":["Flores y plantas"],"inLanguage":"es","potentialAction":[{"@type":"CommentAction","name":"Comment","target":["https:\/\/www.interflora.es\/blog\/curiosidades-sobre-la-flor-de-la-margarita\/#respond"]}]},{"@type":"WebPage","@id":"https:\/\/www.interflora.es\/blog\/curiosidades-sobre-la-flor-de-la-margarita\/","url":"https:\/\/www.interflora.es\/blog\/curiosidades-sobre-la-flor-de-la-margarita\/","name":"Curiosidades sobre la margarita | Interflora","isPartOf":{"@id":"https:\/\/www.interflora.es\/blog\/#website"},"primaryImageOfPage":{"@id":"https:\/\/www.interflora.es\/blog\/curiosidades-sobre-la-flor-de-la-margarita\/#primaryimage"},"image":{"@id":"https:\/\/www.interflora.es\/blog\/curiosidades-sobre-la-flor-de-la-margarita\/#primaryimage"},"thumbnailUrl":"https:\/\/www.interflora.es\/blog\/wp-content\/uploads\/margaritas-de-primavera.jpg","datePublished":"2022-06-29T09:08:03+00:00","description":"Las margaritas, con sus p\u00e9talos de color blanco que rodean un centro amarillo, nos recuerdan a la primavera c\u00e1lida y luminosa. Una flor que evoca la alegr\u00eda y la amistad","breadcrumb":{"@id":"https:\/\/www.interflora.es\/blog\/curiosidades-sobre-la-flor-de-la-margarita\/#breadcrumb"},"inLanguage":"es","potentialAction":[{"@type":"ReadAction","target":["https:\/\/www.interflora.es\/blog\/curiosidades-sobre-la-flor-de-la-margarita\/"]}]},{"@type":"ImageObject","inLanguage":"es","@id":"https:\/\/www.interflora.es\/blog\/curiosidades-sobre-la-flor-de-la-margarita\/#primaryimage","url":"https:\/\/www.interflora.es\/blog\/wp-content\/uploads\/margaritas-de-primavera.jpg","contentUrl":"https:\/\/www.interflora.es\/blog\/wp-content\/uploads\/margaritas-de-primavera.jpg","width":500,"height":500},{"@type":"BreadcrumbList","@id":"https:\/\/www.interflora.es\/blog\/curiosidades-sobre-la-flor-de-la-margarita\/#breadcrumb","itemListElement":[{"@type":"ListItem","position":1,"name":"Home","item":"https:\/\/www.interflora.es\/blog\/"},{"@type":"ListItem","position":2,"name":"Curiosidades sobre la flor de la margarita"}]},{"@type":"WebSite","@id":"https:\/\/www.interflora.es\/blog\/#website","url":"https:\/\/www.interflora.es\/blog\/","name":"El blog de Interflora : consejos, ideas e inspiraci\u00f3n para disfrutar de las flores y las plantas","description":"","publisher":{"@id":"https:\/\/www.interflora.es\/blog\/#organization"},"potentialAction":[{"@type":"SearchAction","target":{"@type":"EntryPoint","urlTemplate":"https:\/\/www.interflora.es\/blog\/?s={search_term_string}"},"query-input":{"@type":"PropertyValueSpecification","valueRequired":true,"valueName":"search_term_string"}}],"inLanguage":"es"},{"@type":"Organization","@id":"https:\/\/www.interflora.es\/blog\/#organization","name":"El blog de Interflora : consejos, ideas e inspiraci\u00f3n para disfrutar de las flores y las plantas","url":"https:\/\/www.interflora.es\/blog\/","logo":{"@type":"ImageObject","inLanguage":"es","@id":"https:\/\/www.interflora.es\/blog\/#\/schema\/logo\/image\/","url":"https:\/\/www.interflora.es\/blog\/wp-content\/uploads\/2025\/10\/cropped-220422_INTERFLORA_Logo_rgb_Half_Top_Circle_Main_Color.png","contentUrl":"https:\/\/www.interflora.es\/blog\/wp-content\/uploads\/2025\/10\/cropped-220422_INTERFLORA_Logo_rgb_Half_Top_Circle_Main_Color.png","width":1418,"height":659,"caption":"El blog de Interflora : consejos, ideas e inspiraci\u00f3n para disfrutar de las flores y las plantas"},"image":{"@id":"https:\/\/www.interflora.es\/blog\/#\/schema\/logo\/image\/"}},{"@type":"Person","@id":"https:\/\/www.interflora.es\/blog\/#\/schema\/person\/1f30f7794421f1232dc4b6bdd75ae829","name":"celia","image":{"@type":"ImageObject","inLanguage":"es","@id":"https:\/\/www.interflora.es\/blog\/wp-content\/litespeed\/avatar\/f906d3ce098bd9b4e84d1b71d27d54af.jpg?ver=1777298586","url":"https:\/\/www.interflora.es\/blog\/wp-content\/litespeed\/avatar\/f906d3ce098bd9b4e84d1b71d27d54af.jpg?ver=1777298586","contentUrl":"https:\/\/www.interflora.es\/blog\/wp-content\/litespeed\/avatar\/f906d3ce098bd9b4e84d1b71d27d54af.jpg?ver=1777298586","caption":"celia"}}]}},"uagb_featured_image_src":{"full":["https:\/\/www.interflora.es\/blog\/wp-content\/uploads\/margaritas-de-primavera.jpg",500,500,false],"thumbnail":["https:\/\/www.interflora.es\/blog\/wp-content\/uploads\/margaritas-de-primavera-150x150.jpg",150,150,true],"medium":["https:\/\/www.interflora.es\/blog\/wp-content\/uploads\/margaritas-de-primavera-300x300.jpg",300,300,true],"medium_large":["https:\/\/www.interflora.es\/blog\/wp-content\/uploads\/margaritas-de-primavera.jpg",500,500,false],"large":["https:\/\/www.interflora.es\/blog\/wp-content\/uploads\/margaritas-de-primavera.jpg",500,500,false],"1536x1536":["https:\/\/www.interflora.es\/blog\/wp-content\/uploads\/margaritas-de-primavera.jpg",500,500,false],"2048x2048":["https:\/\/www.interflora.es\/blog\/wp-content\/uploads\/margaritas-de-primavera.jpg",500,500,false]},"uagb_author_info":{"display_name":"celia","author_link":"https:\/\/www.interflora.es\/blog\/author\/celia\/"},"uagb_comment_info":1,"uagb_excerpt":"Las margaritas, con sus p\u00e9talos de color blanco que rodean un centro amarillo, nos recuerdan a la primavera, c\u00e1lida y [&hellip;]","_links":{"self":[{"href":"https:\/\/www.interflora.es\/blog\/wp-json\/wp\/v2\/posts\/7981","targetHints":{"allow":["GET"]}}],"collection":[{"href":"https:\/\/www.interflora.es\/blog\/wp-json\/wp\/v2\/posts"}],"about":[{"href":"https:\/\/www.interflora.es\/blog\/wp-json\/wp\/v2\/types\/post"}],"author":[{"embeddable":true,"href":"https:\/\/www.interflora.es\/blog\/wp-json\/wp\/v2\/users\/8"}],"replies":[{"embeddable":true,"href":"https:\/\/www.interflora.es\/blog\/wp-json\/wp\/v2\/comments?post=7981"}],"version-history":[{"count":0,"href":"https:\/\/www.interflora.es\/blog\/wp-json\/wp\/v2\/posts\/7981\/revisions"}],"wp:featuredmedia":[{"embeddable":true,"href":"https:\/\/www.interflora.es\/blog\/wp-json\/wp\/v2\/media\/16352"}],"wp:attachment":[{"href":"https:\/\/www.interflora.es\/blog\/wp-json\/wp\/v2\/media?parent=7981"}],"wp:term":[{"taxonomy":"category","embeddable":true,"href":"https:\/\/www.interflora.es\/blog\/wp-json\/wp\/v2\/categories?post=7981"},{"taxonomy":"post_tag","embeddable":true,"href":"https:\/\/www.interflora.es\/blog\/wp-json\/wp\/v2\/tags?post=7981"}],"curies":[{"name":"wp","href":"https:\/\/api.w.org\/{rel}","templated":true}]}}