{"id":6956,"date":"2026-03-18T11:27:57","date_gmt":"2026-03-18T10:27:57","guid":{"rendered":"https:\/\/www.interflora.es\/blog\/?p=6956"},"modified":"2026-03-23T12:40:46","modified_gmt":"2026-03-23T11:40:46","slug":"trucos-para-conservar-tu-ramo-de-flores-frescas","status":"publish","type":"post","link":"https:\/\/www.interflora.es\/blog\/trucos-para-conservar-tu-ramo-de-flores-frescas\/","title":{"rendered":"Trucos y consejos para conservar tus flores frescas m\u00e1s tiempo"},"content":{"rendered":"\n<div style=\"height:5px\" aria-hidden=\"true\" class=\"wp-block-spacer\"><\/div>\n\n\n\n<p>Poder contemplar un ramo de rosas u otras flores frescas y naturales en casa es un precioso regalo. Pero lo ideal ser\u00eda poder <strong>conservar las flores <\/strong>y alargar su frescura durante mucho m\u00e1s tiempo, prolongando as\u00ed esos instantes de absoluta belleza. En Interflora te damos algunos trucos para mantener el atractivo de cada flor por m\u00e1s tiempo. Unos consejos b\u00e1sicos con los que conseguir\u00e1s ampliar la lozan\u00eda de tus flores frescas. \u00bfQuieres saber c\u00f3mo hacer que las flores duren m\u00e1s en el florero? Pues en este art\u00edculo te vamos a hablar de:<\/p>\n\n\n\n<ul class=\"wp-block-list\">\n<li>Consejos para conservar tus flores nada m\u00e1s llegar a casa<\/li>\n\n\n\n<li>Cuidados b\u00e1sicos para alargar la vida de tus flores frescas<\/li>\n\n\n\n<li>Los trucos de la abuela para conservar flores frescas<\/li>\n\n\n\n<li>Una idea muy a la moda: las flores secas<\/li>\n<\/ul>\n\n\n\n<p>\u00bfQuieres conservar tus ramos de flores m\u00e1s tiempo? \u00a1Pues sigue leyendo!<\/p>\n\n\n<div class=\"lp-produits-grid\"><div class=\"lp-produit\"><div class=\"lp-thumbnail-wrapper\"><img loading=\"lazy\" decoding=\"async\" width=\"300\" height=\"300\" src=\"https:\/\/www.interflora.es\/blog\/wp-content\/uploads\/2025\/04\/1745420903-ff020-m-tulipani-zoom-key-300x300.jpg\" class=\"attachment-medium size-medium wp-post-image\" alt=\"\" srcset=\"https:\/\/www.interflora.es\/blog\/wp-content\/uploads\/2025\/04\/1745420903-ff020-m-tulipani-zoom-key-300x300.jpg 300w, https:\/\/www.interflora.es\/blog\/wp-content\/uploads\/2025\/04\/1745420903-ff020-m-tulipani-zoom-key-1024x1024.jpg 1024w, https:\/\/www.interflora.es\/blog\/wp-content\/uploads\/2025\/04\/1745420903-ff020-m-tulipani-zoom-key-150x150.jpg 150w, https:\/\/www.interflora.es\/blog\/wp-content\/uploads\/2025\/04\/1745420903-ff020-m-tulipani-zoom-key-768x768.jpg 768w, https:\/\/www.interflora.es\/blog\/wp-content\/uploads\/2025\/04\/1745420903-ff020-m-tulipani-zoom-key-1536x1536.jpg 1536w, https:\/\/www.interflora.es\/blog\/wp-content\/uploads\/2025\/04\/1745420903-ff020-m-tulipani-zoom-key-2048x2048.jpg 2048w\" sizes=\"auto, (max-width: 300px) 100vw, 300px\" \/><img decoding=\"async\" class=\"lp-badge\" src=\"https:\/\/prodblog.interflora.es\/blog\/wp-content\/uploads\/2025\/04\/220422_INTERFLORA_Main_Logo_rgb_Main_Color.png\" alt=\"Entrega r\u00e1pida\"><\/div><span>Tulipanes multicolor<\/span><p>29.99 \u20ac<\/p><span class=\"obf-link lp-cta\" role=\"link\" tabindex=\"0\" data-b64=\"aHR0cHM6Ly93d3cuaW50ZXJmbG9yYS5lcy9wL3JhbW8tbXVsdGljb2xvci1kZS10dWxpcGFuZXMvMT91dG1fbWVkaXVtPW9yZ2FuaWMmdXRtX3NvdXJjZT1ibG9nX3Byb2R1Y3RzJnV0bV9jYW1wYWlnbj1GRjAyMA==\" data-target=\"_blank\"><svg xmlns=\"http:\/\/www.w3.org\/2000\/svg\" width=\"16\" height=\"16\" fill=\"currentColor\" class=\"bi bi-bag\" viewBox=\"0 0 16 16\"><path d=\"M8 1a2 2 0 0 1 2 2v1h2.5A1.5 1.5 0 0 1 14 5.5v8A1.5 1.5 0 0 1 12.5 15h-9A1.5 1.5 0 0 1 2 13.5v-8A1.5 1.5 0 0 1 3.5 3H6V2a2 2 0 0 1 2-1zm1 3V3a1 1 0 0 0-2 0v1h2z\"\/><\/svg>Comprar<\/span><p class=\"rapido\">Entrega en el d\u00eda<\/p><\/div><div class=\"lp-produit\"><div class=\"lp-thumbnail-wrapper\"><img loading=\"lazy\" decoding=\"async\" width=\"300\" height=\"300\" src=\"https:\/\/www.interflora.es\/blog\/wp-content\/uploads\/2026\/01\/1764949082-bwd036-rituali-d-amore-key-300x300.jpg\" class=\"attachment-medium size-medium wp-post-image\" alt=\"\" srcset=\"https:\/\/www.interflora.es\/blog\/wp-content\/uploads\/2026\/01\/1764949082-bwd036-rituali-d-amore-key-300x300.jpg 300w, https:\/\/www.interflora.es\/blog\/wp-content\/uploads\/2026\/01\/1764949082-bwd036-rituali-d-amore-key-1024x1024.jpg 1024w, https:\/\/www.interflora.es\/blog\/wp-content\/uploads\/2026\/01\/1764949082-bwd036-rituali-d-amore-key-150x150.jpg 150w, https:\/\/www.interflora.es\/blog\/wp-content\/uploads\/2026\/01\/1764949082-bwd036-rituali-d-amore-key-768x768.jpg 768w, https:\/\/www.interflora.es\/blog\/wp-content\/uploads\/2026\/01\/1764949082-bwd036-rituali-d-amore-key.jpg 1380w\" sizes=\"auto, (max-width: 300px) 100vw, 300px\" \/><img decoding=\"async\" class=\"lp-badge\" src=\"https:\/\/prodblog.interflora.es\/blog\/wp-content\/uploads\/2025\/04\/220422_INTERFLORA_Main_Logo_rgb_Main_Color.png\" alt=\"Entrega r\u00e1pida\"><\/div><span>Belleza roja con RITUALS<\/span><p>47.99 \u20ac<\/p><span class=\"obf-link lp-cta\" role=\"link\" tabindex=\"0\" data-b64=\"aHR0cHM6Ly93d3cuaW50ZXJmbG9yYS5lcy9wL2JlbGxlemEtcm9qYS1jb24tcml0dWFscy8xP3V0bV9tZWRpdW09b3JnYW5pYyZ1dG1fc291cmNlPWJsb2dfcHJvZHVjdHMmdXRtX2NhbXBhaWduPUJXRDAzNg==\" data-target=\"_blank\"><svg xmlns=\"http:\/\/www.w3.org\/2000\/svg\" width=\"16\" height=\"16\" fill=\"currentColor\" class=\"bi bi-bag\" viewBox=\"0 0 16 16\"><path d=\"M8 1a2 2 0 0 1 2 2v1h2.5A1.5 1.5 0 0 1 14 5.5v8A1.5 1.5 0 0 1 12.5 15h-9A1.5 1.5 0 0 1 2 13.5v-8A1.5 1.5 0 0 1 3.5 3H6V2a2 2 0 0 1 2-1zm1 3V3a1 1 0 0 0-2 0v1h2z\"\/><\/svg>Comprar<\/span><p class=\"rapido\">Entrega urgente<\/p><\/div><div class=\"lp-produit\"><div class=\"lp-thumbnail-wrapper\"><img loading=\"lazy\" decoding=\"async\" width=\"300\" height=\"300\" src=\"https:\/\/www.interflora.es\/blog\/wp-content\/uploads\/2025\/10\/1758638372-fwd041-s-1-300x300.jpg\" class=\"attachment-medium size-medium wp-post-image\" alt=\"\" srcset=\"https:\/\/www.interflora.es\/blog\/wp-content\/uploads\/2025\/10\/1758638372-fwd041-s-1-300x300.jpg 300w, https:\/\/www.interflora.es\/blog\/wp-content\/uploads\/2025\/10\/1758638372-fwd041-s-1-1024x1024.jpg 1024w, https:\/\/www.interflora.es\/blog\/wp-content\/uploads\/2025\/10\/1758638372-fwd041-s-1-150x150.jpg 150w, https:\/\/www.interflora.es\/blog\/wp-content\/uploads\/2025\/10\/1758638372-fwd041-s-1-768x768.jpg 768w, https:\/\/www.interflora.es\/blog\/wp-content\/uploads\/2025\/10\/1758638372-fwd041-s-1.jpg 1500w\" sizes=\"auto, (max-width: 300px) 100vw, 300px\" \/><img decoding=\"async\" class=\"lp-badge\" src=\"https:\/\/prodblog.interflora.es\/blog\/wp-content\/uploads\/2025\/04\/220422_INTERFLORA_Main_Logo_rgb_Main_Color.png\" alt=\"Entrega r\u00e1pida\"><\/div><span>Girasoles y Rosas<\/span><p>32.99 \u20ac<\/p><span class=\"obf-link lp-cta\" role=\"link\" tabindex=\"0\" data-b64=\"aHR0cHM6Ly93d3cuaW50ZXJmbG9yYS5lcy9wL3JhbW8tZGUtZ2lyYXNvbGVzLXktcm9zYXMtYW1hcmlsbGFzLzE\/dXRtX21lZGl1bT1vcmdhbmljJnV0bV9zb3VyY2U9YmxvZ19wcm9kdWN0cyZ1dG1fY2FtcGFpZ249RldEMDQx\" data-target=\"_blank\"><svg xmlns=\"http:\/\/www.w3.org\/2000\/svg\" width=\"16\" height=\"16\" fill=\"currentColor\" class=\"bi bi-bag\" viewBox=\"0 0 16 16\"><path d=\"M8 1a2 2 0 0 1 2 2v1h2.5A1.5 1.5 0 0 1 14 5.5v8A1.5 1.5 0 0 1 12.5 15h-9A1.5 1.5 0 0 1 2 13.5v-8A1.5 1.5 0 0 1 3.5 3H6V2a2 2 0 0 1 2-1zm1 3V3a1 1 0 0 0-2 0v1h2z\"\/><\/svg>Comprar<\/span><p class=\"rapido\">Entrega urgente<\/p><\/div><div class=\"lp-produit\"><div class=\"lp-thumbnail-wrapper\"><img loading=\"lazy\" decoding=\"async\" width=\"300\" height=\"300\" src=\"https:\/\/www.interflora.es\/blog\/wp-content\/uploads\/2025\/10\/1755077395-bwd006-diversification_roses_teddy-300x300.jpg\" class=\"attachment-medium size-medium wp-post-image\" alt=\"\" srcset=\"https:\/\/www.interflora.es\/blog\/wp-content\/uploads\/2025\/10\/1755077395-bwd006-diversification_roses_teddy-300x300.jpg 300w, https:\/\/www.interflora.es\/blog\/wp-content\/uploads\/2025\/10\/1755077395-bwd006-diversification_roses_teddy-150x150.jpg 150w, https:\/\/www.interflora.es\/blog\/wp-content\/uploads\/2025\/10\/1755077395-bwd006-diversification_roses_teddy-768x768.jpg 768w, https:\/\/www.interflora.es\/blog\/wp-content\/uploads\/2025\/10\/1755077395-bwd006-diversification_roses_teddy.jpg 800w\" sizes=\"auto, (max-width: 300px) 100vw, 300px\" \/><img decoding=\"async\" class=\"lp-badge\" src=\"https:\/\/prodblog.interflora.es\/blog\/wp-content\/uploads\/2025\/04\/220422_INTERFLORA_Main_Logo_rgb_Main_Color.png\" alt=\"Entrega r\u00e1pida\"><\/div><span>Te Quiero Dulce<\/span><p>37.99 \u20ac<\/p><span class=\"obf-link lp-cta\" role=\"link\" tabindex=\"0\" data-b64=\"aHR0cHM6Ly93d3cuaW50ZXJmbG9yYS5lcy9wL2Ftb3ItZHVsY2Utcm9zYXMtb3NpdG8tZ2FsbGV0YXMvMT91dG1fbWVkaXVtPW9yZ2FuaWMmdXRtX3NvdXJjZT1ibG9nX3Byb2R1Y3RzJnV0bV9jYW1wYWlnbj1CV0QwMDY=\" data-target=\"_blank\"><svg xmlns=\"http:\/\/www.w3.org\/2000\/svg\" width=\"16\" height=\"16\" fill=\"currentColor\" class=\"bi bi-bag\" viewBox=\"0 0 16 16\"><path d=\"M8 1a2 2 0 0 1 2 2v1h2.5A1.5 1.5 0 0 1 14 5.5v8A1.5 1.5 0 0 1 12.5 15h-9A1.5 1.5 0 0 1 2 13.5v-8A1.5 1.5 0 0 1 3.5 3H6V2a2 2 0 0 1 2-1zm1 3V3a1 1 0 0 0-2 0v1h2z\"\/><\/svg>Comprar<\/span><p class=\"rapido\">Atenci\u00f3n al cliente siempre disponible<\/p><\/div><\/div>\n\n\n\n<h2 class=\"wp-block-heading\">\u00bfC\u00f3mo cuidar las flores que cortas t\u00fa mismo\/a?<\/h2>\n\n\n\n<div class=\"wp-block-group alignwide is-layout-flow wp-block-group-is-layout-flow\">\n<div class=\"wp-block-media-text alignwide has-media-on-the-right is-stacked-on-mobile\" style=\"grid-template-columns:auto 35%\"><div class=\"wp-block-media-text__content\">\n<p>Si tienes un jard\u00edn y vas a cortar rosas u otras flores para decorar tu interior, aqu\u00ed te decimos c\u00f3mo hacer que las flores duren m\u00e1s en el florero:<\/p>\n\n\n\n<ul class=\"wp-block-list\">\n<li>Corta tus flores por la ma\u00f1ana cuando no haga calor<\/li>\n\n\n\n<li>&nbsp;El agua es un punto esencial: hidrata bien tus flores, corta los tallos 2 cm para que absorban mejor el agua y roc\u00eda las flores y las hojas con un nebulizador<\/li>\n\n\n\n<li>Cambia el agua del jarr\u00f3n todos los d\u00edas o cada dos d\u00edas<\/li>\n\n\n\n<li>Evita el sol directo y &nbsp;la temperatura demasiado alta.<\/li>\n\n\n\n<li>A\u00f1ade una soluci\u00f3n nutritiva o utiliza algunos trucos de la abuela de los que hablaremos a continuaci\u00f3n.<\/li>\n<\/ul>\n<\/div><figure class=\"wp-block-media-text__media\"><img decoding=\"async\" src=\"https:\/\/www.interflora.es\/blog\/wp-content\/uploads\/2022\/09\/cortar-flores.jpg\" alt=\"cortar flores\" class=\"wp-image-10490 size-full\"\/><\/figure><\/div>\n<\/div>\n\n\n\n<h2 class=\"wp-block-heading\">Consejos para conservar tus flores nada m\u00e1s llegar a casa<\/h2>\n\n\n\n<div class=\"wp-block-media-text is-stacked-on-mobile is-image-fill-element\" style=\"grid-template-columns:35% auto\"><figure class=\"wp-block-media-text__media\"><img loading=\"lazy\" decoding=\"async\" width=\"667\" height=\"1000\" src=\"https:\/\/www.interflora.es\/blog\/wp-content\/uploads\/2026\/03\/primavera-30.jpg\" alt=\"\" class=\"wp-image-34958 size-full\" style=\"object-position:50% 50%\" srcset=\"https:\/\/www.interflora.es\/blog\/wp-content\/uploads\/2026\/03\/primavera-30.jpg 667w, https:\/\/www.interflora.es\/blog\/wp-content\/uploads\/2026\/03\/primavera-30-200x300.jpg 200w\" sizes=\"auto, (max-width: 667px) 100vw, 667px\" \/><\/figure><div class=\"wp-block-media-text__content\">\n<p>Alguien te ha hecho un precioso regalo: acaba de llegarte un ramo de flores precioso a casa, y te encantar\u00eda vivir ese momento eternamente e inmortalizar esa emoci\u00f3n para siempre en tu coraz\u00f3n.<\/p>\n\n\n\n<p>Para conservar la frescura de tu ramo de flores a domicilio el mayor tiempo posible, debes centrar toda tu atenci\u00f3n en prodigarle unos cuantos mimos desde su llegada.<\/p>\n\n\n\n<p>Toma nota y aplica estos cinco cuidados inmediatos a tus flores frescas:<\/p>\n<\/div><\/div>\n\n\n\n<div class=\"wp-block-media-text is-stacked-on-mobile is-image-fill-element\" style=\"grid-template-columns:35% auto\"><figure class=\"wp-block-media-text__media\"><img loading=\"lazy\" decoding=\"async\" width=\"667\" height=\"1000\" src=\"https:\/\/www.interflora.es\/blog\/wp-content\/uploads\/2026\/03\/primavera-31.jpg\" alt=\"\" class=\"wp-image-34959 size-full\" style=\"object-position:50% 50%\" srcset=\"https:\/\/www.interflora.es\/blog\/wp-content\/uploads\/2026\/03\/primavera-31.jpg 667w, https:\/\/www.interflora.es\/blog\/wp-content\/uploads\/2026\/03\/primavera-31-200x300.jpg 200w\" sizes=\"auto, (max-width: 667px) 100vw, 667px\" \/><\/figure><div class=\"wp-block-media-text__content\">\n<ol class=\"wp-block-list\">\n<li><strong>Retira el pl\u00e1stico<\/strong> o papel que envuelve tu ramo de flores frescas.<\/li>\n\n\n\n<li><strong>Corta el tallo<\/strong> de cada flor en diagonal. Con 1 o 2 cent\u00edmetros ser\u00e1 suficiente, as\u00ed las flores tendr\u00e1n mayor capacidad para absorber agua.<\/li>\n\n\n\n<li><strong>Elige un jarr\u00f3n <\/strong>de cristal y \u00e9chale agua tibia.<\/li>\n\n\n\n<li><strong>Procura que las hojas <\/strong>no queden sumergidas en el agua. De este modo, mantendr\u00e1s a raya las bacterias y tu ramo estar\u00e1 frondoso m\u00e1s d\u00edas.<\/li>\n\n\n\n<li><strong>Elige un lugar<\/strong> donde los rayos del sol no entren directamente, bien iluminado y fresco.<\/li>\n<\/ol>\n<\/div><\/div>\n\n\n\n<h2 class=\"wp-block-heading\">Cuidados b\u00e1sicos para alargar la vida de tus flores frescas<\/h2>\n\n\n\n<p>Despu\u00e9s de los primeros cuidados r\u00e1pidos, toca esmerarse un poco para conseguir que ese ramo de flores tan maravilloso conserve su belleza y lozan\u00eda durante d\u00edas. Toma nota de estos trucos b\u00e1sicos para el <a href=\"https:\/\/www.interflora.es\/blog\/cuidado-ramo-de-flores-frescas\/\">cuidado de tu ramo de flores<\/a> y ve aplic\u00e1ndolos. Podr\u00e1s comprobar c\u00f3mo la belleza de tu ramo se alarga durante semanas:<\/p>\n\n\n\n<figure class=\"wp-block-image aligncenter size-full is-resized\"><img loading=\"lazy\" decoding=\"async\" width=\"667\" height=\"1000\" src=\"https:\/\/www.interflora.es\/blog\/wp-content\/uploads\/2026\/03\/primavera-10.jpg\" alt=\"\" class=\"wp-image-34938\" style=\"aspect-ratio:3\/2;object-fit:cover;width:500px\" srcset=\"https:\/\/www.interflora.es\/blog\/wp-content\/uploads\/2026\/03\/primavera-10.jpg 667w, https:\/\/www.interflora.es\/blog\/wp-content\/uploads\/2026\/03\/primavera-10-200x300.jpg 200w\" sizes=\"auto, (max-width: 667px) 100vw, 667px\" \/><\/figure>\n\n\n\n<ul class=\"wp-block-list\">\n<li>En general, es recomendable utilizar <strong>agua tibia<\/strong> para la mayor\u00eda de las flores cortadas. En el caso de las rosas o flores de bulbo, la mejor opci\u00f3n es el agua fr\u00eda.<\/li>\n\n\n\n<li>Con sales minerales alargar\u00e1s su frescura. Disuelve dos aspirinas en agua tibia. Cuando la mezcla est\u00e9 totalmente fr\u00eda, a\u00f1\u00e1dela al jarr\u00f3n de tus flores frescas.<\/li>\n\n\n\n<li>Para evitar que las bacterias proliferen y resten belleza a tu ramo, puedes incorporar <strong>dos cucharaditas de vinagre blanco<\/strong> por litro de agua.<\/li>\n\n\n\n<li><strong>El az\u00facar<\/strong> tambi\u00e9n sirve como alimento para las flores. Disuelve dos cucharadas al cambiar el agua de tus flores y ver\u00e1s c\u00f3mo lucen vigorosas.<\/li>\n\n\n\n<li>Si es una \u00e9poca de <strong>mucho calor<\/strong>, puedes vaporizar los p\u00e9talos con un poco de agua fresca. Hazlo a unos 10 cent\u00edmetros de las flores.<\/li>\n\n\n\n<li>Procura que las flores <strong>no queden muy apretadas entre ellas.<\/strong> Para que tus flores duren m\u00e1s en el florero, intenta que tengan espacio para que circule el aire. Dependiendo del tama\u00f1o de los jarrones que elijas, quiz\u00e1 lo adecuado sea repartir el ramo de flores en dos jarrones.<\/li>\n\n\n\n<li>En la mayor\u00eda de las ocasiones, tus flores vienen acompa\u00f1adas de <strong>alimento para flores <\/strong>en un sobrecito, para dar vida a tus flores y alargar su belleza. \u00a1Util\u00edzalo!<\/li>\n\n\n\n<li>El <strong>cambio de agua <\/strong>es un cuidado vital para prolongar la vida de tu ramo. Hazlo, como m\u00e1ximo cada tres d\u00edas. Si es a diario, tu ramo de flores te lo agradecer\u00e1.<\/li>\n\n\n\n<li>Intenta que <strong>no haya corrientes de aire. <\/strong>Evita que tu ramo de flores est\u00e9 pr\u00f3ximo a aparatos de calefacci\u00f3n o aire acondicionado.<\/li>\n<\/ul>\n\n\n\n<h2 class=\"wp-block-heading\">Los trucos de la abuela para conservar flores frescas<\/h2>\n\n\n\n<div class=\"wp-block-media-text is-stacked-on-mobile is-resized\"><figure class=\"wp-block-media-text__media\"><img decoding=\"async\" src=\"https:\/\/www.interflora.es\/blog\/wp-content\/uploads\/2022\/06\/vinagre-para-flores-1024x683.jpg\" alt=\"vinagre para flores\" class=\"wp-image-10492 size-full\"\/><\/figure><div class=\"wp-block-media-text__content\">\n<p>Seguro que has o\u00eddo hablar de los \u201ctrucos de la abuela\u201d para conservar los ramos de flores frescas. Estos consejos forman parte de la sabidur\u00eda popular, pero es muy dif\u00edcil saber cu\u00e1les funcionan realmente. Estos peque\u00f1os \u00abtrucos\u00bb son utilizados a veces por&nbsp; floristas aficionados y profesionales pero, \u00bfen qu\u00e9 consejo de la abuela deber\u00edas basarte para conservar tus flores cortadas m\u00e1s tiempo? Aqu\u00ed te damos algunos ejemplos de trucos que parece funcionar:<\/p>\n<\/div><\/div>\n\n\n\n<ul class=\"wp-block-list\">\n<li>Ya hemos hablado del m\u00e1s conocido: <strong>el az\u00facar. <\/strong>\u00bfSab\u00edas que a\u00f1adiendo unas <strong>cucharadas de az\u00facar a tu jarr\u00f3n de flores<\/strong>, puedes aumentar considerablemente su vida \u00fatil? Proporciona a las plantas los nutrientes que dejan de recibir una vez que abandonan el suelo. En resumen: el az\u00facar funciona, pero no es f\u00e1cil de dosificar.<\/li>\n<\/ul>\n\n\n\n<ul class=\"wp-block-list\">\n<li>Otro cl\u00e1sico que ya hemos citado es tambi\u00e9n el m\u00e1s limpio: <strong>el vinagre. <\/strong>Algunos estudios afirman que el vinagre inhibe el crecimiento de las bacterias. Mezcla un poco de az\u00facar y vinagre con el agua del jarr\u00f3n antes de a\u00f1adir las flores, y obtendr\u00e1s un c\u00f3ctel eficaz que prolongar\u00e1 la vida de tus flores cortadas.<\/li>\n<\/ul>\n\n\n\n<ul class=\"wp-block-list\">\n<li>El m\u00e1s qu\u00edmico: <strong>la soda.<\/strong> El az\u00facar de un refresco de soda parece nutrir los tallos, mientras que la acidez de la bebida industrial baja el pH del agua. Esto significa que las flores est\u00e1n mejor nutridas. Sin embargo, evita los refrescos oscuros tipo cola, que obviamente volver\u00e1n marr\u00f3n el agua de tu jarr\u00f3n.&nbsp;<\/li>\n<\/ul>\n\n\n\n<ul class=\"wp-block-list\">\n<li>Lo m\u00e1s ex\u00f3tico: <strong>el vodka.<\/strong> El principal culpable de que tus flores se marchiten es una sustancia qu\u00edmica conocida como etileno. La misma que hace que los pl\u00e1tanos se vuelvan marrones o que los aguacates se ablanden. El vodka parece tener la asombrosa propiedad de ralentizar la producci\u00f3n natural de etileno, incluso en las flores cortadas.<\/li>\n<\/ul>\n\n\n\n<ul class=\"wp-block-list\">\n<li>El uso de <strong>una moneda<\/strong>, aunque se menciona a menudo, parece hacer m\u00e1s da\u00f1o que bien a tus flores.<\/li>\n<\/ul>\n\n\n\n<h2 class=\"wp-block-heading\">Una idea muy a la moda: las flores secas<\/h2>\n\n\n\n<p>Una vez que tus flores naturales empiezan a marchitarse, un jarr\u00f3n lleno de agua no conseguir\u00e1 conservar tu flor cortada mucho m\u00e1s tiempo. Llegado este momento, puedes optar por una idea especialmente de moda en la decoraci\u00f3n floral y de interiores: los ramos secos.<\/p>\n\n\n\n<div class=\"wp-block-media-text has-media-on-the-right is-stacked-on-mobile is-image-fill-element is-resized\"><div class=\"wp-block-media-text__content\">\n<p>\u00bfSabes <a href=\"https:\/\/www.interflora.es\/blog\/ramos-flores-naturales-trucos-para-secar\/\">c\u00f3mo secar flores<\/a>? Pues muy f\u00e1cil: pon tu ramo de flores durante unas semanas en un lugar oscuro y seco, colgadas por el tallo y separando los ejemplares de flor m\u00e1s grandes. Tus flores adquirir\u00e1n un hermoso aspecto final. Para darles un toque&nbsp; moderno, puedes barnizarlas ligeramente con un spray. &nbsp;Con este m\u00e9todo de secado, podr\u00e1s conservar tus flores cortadas durante un par de a\u00f1os. Al cabo de este tiempo las flores tienden a desarmarse o quebrarse. Tendr\u00e1s que repetir el proceso y secar nuevas flores, experimentando con otras variedades a medida que cambien las estaciones.<\/p>\n<\/div><figure class=\"wp-block-media-text__media\"><img decoding=\"async\" src=\"https:\/\/www.interflora.es\/blog\/wp-content\/uploads\/2022\/06\/flores-secas-1024x576.jpg\" alt=\"flores secas\" class=\"wp-image-10495 size-full\" style=\"object-position:32% 47%\"\/><\/figure><\/div>\n\n\n\n<p>Y recuerda que, ante una ocasi\u00f3n especial, el mejor regalo es recibir un <strong><a href=\"https:\/\/www.interflora.es\/c\/flores\/primavera\" type=\"link\" id=\"https:\/\/www.interflora.es\/c\/flores\/primavera\">ramo de flores frescas<\/a><\/strong> en casa. Con estos consejos, trucos y tips, las flores frescas aportar\u00e1n durante semanas colorido y alegr\u00eda a cualquier espacio.&nbsp;<\/p>\n\n\n<div class=\"lp-produits-grid\"><div class=\"lp-produit\"><div class=\"lp-thumbnail-wrapper\"><img loading=\"lazy\" decoding=\"async\" width=\"300\" height=\"300\" src=\"https:\/\/www.interflora.es\/blog\/wp-content\/uploads\/2025\/04\/1734514274-pf001-orchidea-rosa-zoom-key-2-300x300.jpg\" class=\"attachment-medium size-medium wp-post-image\" alt=\"\" srcset=\"https:\/\/www.interflora.es\/blog\/wp-content\/uploads\/2025\/04\/1734514274-pf001-orchidea-rosa-zoom-key-2-300x300.jpg 300w, https:\/\/www.interflora.es\/blog\/wp-content\/uploads\/2025\/04\/1734514274-pf001-orchidea-rosa-zoom-key-2-1024x1024.jpg 1024w, https:\/\/www.interflora.es\/blog\/wp-content\/uploads\/2025\/04\/1734514274-pf001-orchidea-rosa-zoom-key-2-150x150.jpg 150w, https:\/\/www.interflora.es\/blog\/wp-content\/uploads\/2025\/04\/1734514274-pf001-orchidea-rosa-zoom-key-2-768x768.jpg 768w, https:\/\/www.interflora.es\/blog\/wp-content\/uploads\/2025\/04\/1734514274-pf001-orchidea-rosa-zoom-key-2-1536x1536.jpg 1536w, https:\/\/www.interflora.es\/blog\/wp-content\/uploads\/2025\/04\/1734514274-pf001-orchidea-rosa-zoom-key-2-2048x2048.jpg 2048w\" sizes=\"auto, (max-width: 300px) 100vw, 300px\" \/><img decoding=\"async\" class=\"lp-badge\" src=\"https:\/\/prodblog.interflora.es\/blog\/wp-content\/uploads\/2025\/04\/220422_INTERFLORA_Main_Logo_rgb_Main_Color.png\" alt=\"Entrega r\u00e1pida\"><\/div><span>Orqu\u00eddea Rosa<\/span><p>49.99 \u20ac<\/p><span class=\"obf-link lp-cta\" role=\"link\" tabindex=\"0\" data-b64=\"aHR0cHM6Ly93d3cuaW50ZXJmbG9yYS5lcy9wL3BsYW50YS1kZS1vcnF1aWRlYS8xP3V0bV9tZWRpdW09b3JnYW5pYyZ1dG1fc291cmNlPWJsb2dfcHJvZHVjdHMmdXRtX2NhbXBhaWduPVAwMTAw\" data-target=\"_blank\"><svg xmlns=\"http:\/\/www.w3.org\/2000\/svg\" width=\"16\" height=\"16\" fill=\"currentColor\" class=\"bi bi-bag\" viewBox=\"0 0 16 16\"><path d=\"M8 1a2 2 0 0 1 2 2v1h2.5A1.5 1.5 0 0 1 14 5.5v8A1.5 1.5 0 0 1 12.5 15h-9A1.5 1.5 0 0 1 2 13.5v-8A1.5 1.5 0 0 1 3.5 3H6V2a2 2 0 0 1 2-1zm1 3V3a1 1 0 0 0-2 0v1h2z\"\/><\/svg>Comprar<\/span><p class=\"rapido\">Env\u00edo r\u00e1pido<\/p><\/div><div class=\"lp-produit\"><div class=\"lp-thumbnail-wrapper\"><img loading=\"lazy\" decoding=\"async\" width=\"300\" height=\"300\" src=\"https:\/\/www.interflora.es\/blog\/wp-content\/uploads\/2025\/04\/1745420903-ff020-m-tulipani-zoom-key-300x300.jpg\" class=\"attachment-medium size-medium wp-post-image\" alt=\"\" srcset=\"https:\/\/www.interflora.es\/blog\/wp-content\/uploads\/2025\/04\/1745420903-ff020-m-tulipani-zoom-key-300x300.jpg 300w, https:\/\/www.interflora.es\/blog\/wp-content\/uploads\/2025\/04\/1745420903-ff020-m-tulipani-zoom-key-1024x1024.jpg 1024w, https:\/\/www.interflora.es\/blog\/wp-content\/uploads\/2025\/04\/1745420903-ff020-m-tulipani-zoom-key-150x150.jpg 150w, https:\/\/www.interflora.es\/blog\/wp-content\/uploads\/2025\/04\/1745420903-ff020-m-tulipani-zoom-key-768x768.jpg 768w, https:\/\/www.interflora.es\/blog\/wp-content\/uploads\/2025\/04\/1745420903-ff020-m-tulipani-zoom-key-1536x1536.jpg 1536w, https:\/\/www.interflora.es\/blog\/wp-content\/uploads\/2025\/04\/1745420903-ff020-m-tulipani-zoom-key-2048x2048.jpg 2048w\" sizes=\"auto, (max-width: 300px) 100vw, 300px\" \/><img decoding=\"async\" class=\"lp-badge\" src=\"https:\/\/prodblog.interflora.es\/blog\/wp-content\/uploads\/2025\/04\/220422_INTERFLORA_Main_Logo_rgb_Main_Color.png\" alt=\"Entrega r\u00e1pida\"><\/div><span>Tulipanes multicolor<\/span><p>29.99 \u20ac<\/p><span class=\"obf-link lp-cta\" role=\"link\" tabindex=\"0\" data-b64=\"aHR0cHM6Ly93d3cuaW50ZXJmbG9yYS5lcy9wL3JhbW8tbXVsdGljb2xvci1kZS10dWxpcGFuZXMvMT91dG1fbWVkaXVtPW9yZ2FuaWMmdXRtX3NvdXJjZT1ibG9nX3Byb2R1Y3RzJnV0bV9jYW1wYWlnbj1GRjAyMA==\" data-target=\"_blank\"><svg xmlns=\"http:\/\/www.w3.org\/2000\/svg\" width=\"16\" height=\"16\" fill=\"currentColor\" class=\"bi bi-bag\" viewBox=\"0 0 16 16\"><path d=\"M8 1a2 2 0 0 1 2 2v1h2.5A1.5 1.5 0 0 1 14 5.5v8A1.5 1.5 0 0 1 12.5 15h-9A1.5 1.5 0 0 1 2 13.5v-8A1.5 1.5 0 0 1 3.5 3H6V2a2 2 0 0 1 2-1zm1 3V3a1 1 0 0 0-2 0v1h2z\"\/><\/svg>Comprar<\/span><p class=\"rapido\">Flores y plantas elegidas con mimo<\/p><\/div><div class=\"lp-produit\"><div class=\"lp-thumbnail-wrapper\"><img loading=\"lazy\" decoding=\"async\" width=\"300\" height=\"300\" src=\"https:\/\/www.interflora.es\/blog\/wp-content\/uploads\/2025\/10\/1758548105-fwd039-ranunculos-y-anemonas-s-300x300.jpg\" class=\"attachment-medium size-medium wp-post-image\" alt=\"\" srcset=\"https:\/\/www.interflora.es\/blog\/wp-content\/uploads\/2025\/10\/1758548105-fwd039-ranunculos-y-anemonas-s-300x300.jpg 300w, https:\/\/www.interflora.es\/blog\/wp-content\/uploads\/2025\/10\/1758548105-fwd039-ranunculos-y-anemonas-s-1024x1024.jpg 1024w, https:\/\/www.interflora.es\/blog\/wp-content\/uploads\/2025\/10\/1758548105-fwd039-ranunculos-y-anemonas-s-150x150.jpg 150w, https:\/\/www.interflora.es\/blog\/wp-content\/uploads\/2025\/10\/1758548105-fwd039-ranunculos-y-anemonas-s-768x768.jpg 768w, https:\/\/www.interflora.es\/blog\/wp-content\/uploads\/2025\/10\/1758548105-fwd039-ranunculos-y-anemonas-s.jpg 1500w\" sizes=\"auto, (max-width: 300px) 100vw, 300px\" \/><img decoding=\"async\" class=\"lp-badge\" src=\"https:\/\/prodblog.interflora.es\/blog\/wp-content\/uploads\/2025\/04\/220422_INTERFLORA_Main_Logo_rgb_Main_Color.png\" alt=\"Entrega r\u00e1pida\"><\/div><span>Ranunculos y Anemonas Multicolor<\/span><p>34.99 \u20ac<\/p><span class=\"obf-link lp-cta\" role=\"link\" tabindex=\"0\" data-b64=\"aHR0cHM6Ly93d3cuaW50ZXJmbG9yYS5lcy9wL3JhbnVuY3Vsb3MteS1hbmVtb25hcy1tdWx0aWNvbG9yLzE\/dXRtX21lZGl1bT1vcmdhbmljJnV0bV9zb3VyY2U9YmxvZ19wcm9kdWN0cyZ1dG1fY2FtcGFpZ249RldEMDM5\" data-target=\"_blank\"><svg xmlns=\"http:\/\/www.w3.org\/2000\/svg\" width=\"16\" height=\"16\" fill=\"currentColor\" class=\"bi bi-bag\" viewBox=\"0 0 16 16\"><path d=\"M8 1a2 2 0 0 1 2 2v1h2.5A1.5 1.5 0 0 1 14 5.5v8A1.5 1.5 0 0 1 12.5 15h-9A1.5 1.5 0 0 1 2 13.5v-8A1.5 1.5 0 0 1 3.5 3H6V2a2 2 0 0 1 2-1zm1 3V3a1 1 0 0 0-2 0v1h2z\"\/><\/svg>Comprar<\/span><p class=\"rapido\">Flores y plantas frescas<\/p><\/div><div class=\"lp-produit\"><div class=\"lp-thumbnail-wrapper\"><img loading=\"lazy\" decoding=\"async\" width=\"300\" height=\"300\" src=\"https:\/\/www.interflora.es\/blog\/wp-content\/uploads\/2025\/04\/1740060389-ff034-sp-2-300x300.jpg\" class=\"attachment-medium size-medium wp-post-image\" alt=\"\" srcset=\"https:\/\/www.interflora.es\/blog\/wp-content\/uploads\/2025\/04\/1740060389-ff034-sp-2-300x300.jpg 300w, https:\/\/www.interflora.es\/blog\/wp-content\/uploads\/2025\/04\/1740060389-ff034-sp-2-1024x1024.jpg 1024w, https:\/\/www.interflora.es\/blog\/wp-content\/uploads\/2025\/04\/1740060389-ff034-sp-2-150x150.jpg 150w, https:\/\/www.interflora.es\/blog\/wp-content\/uploads\/2025\/04\/1740060389-ff034-sp-2-768x768.jpg 768w, https:\/\/www.interflora.es\/blog\/wp-content\/uploads\/2025\/04\/1740060389-ff034-sp-2-1536x1536.jpg 1536w, https:\/\/www.interflora.es\/blog\/wp-content\/uploads\/2025\/04\/1740060389-ff034-sp-2-2048x2048.jpg 2048w\" sizes=\"auto, (max-width: 300px) 100vw, 300px\" \/><img decoding=\"async\" class=\"lp-badge\" src=\"https:\/\/prodblog.interflora.es\/blog\/wp-content\/uploads\/2025\/04\/220422_INTERFLORA_Main_Logo_rgb_Main_Color.png\" alt=\"Entrega r\u00e1pida\"><\/div><span>Sonrisa de Color<\/span><p>49.99 \u20ac<\/p><span class=\"obf-link lp-cta\" role=\"link\" tabindex=\"0\" data-b64=\"aHR0cHM6Ly93d3cuaW50ZXJmbG9yYS5lcy9wL3JhbW8tY3JlYXRpdm8tZGVsLWZsb3Jpc3RhLWNvbi10dWxpcGFuZXMtbXVsdGljb2xvci8xP3V0bV9tZWRpdW09b3JnYW5pYyZ1dG1fc291cmNlPWJsb2dfcHJvZHVjdHMmdXRtX2NhbXBhaWduPUYwMjYw\" data-target=\"_blank\"><svg xmlns=\"http:\/\/www.w3.org\/2000\/svg\" width=\"16\" height=\"16\" fill=\"currentColor\" class=\"bi bi-bag\" viewBox=\"0 0 16 16\"><path d=\"M8 1a2 2 0 0 1 2 2v1h2.5A1.5 1.5 0 0 1 14 5.5v8A1.5 1.5 0 0 1 12.5 15h-9A1.5 1.5 0 0 1 2 13.5v-8A1.5 1.5 0 0 1 3.5 3H6V2a2 2 0 0 1 2-1zm1 3V3a1 1 0 0 0-2 0v1h2z\"\/><\/svg>Comprar<\/span><p class=\"rapido\">Flores y plantas elegidas con mimo<\/p><\/div><\/div>\n","protected":false},"excerpt":{"rendered":"<p>Poder contemplar un ramo de rosas u otras flores frescas y naturales en casa es un precioso regalo. Pero lo [&hellip;]<\/p>\n","protected":false},"author":13,"featured_media":34969,"comment_status":"open","ping_status":"open","sticky":false,"template":"","format":"standard","meta":{"_acf_changed":false,"_uag_custom_page_level_css":"","site-sidebar-layout":"default","site-content-layout":"","ast-site-content-layout":"default","site-content-style":"default","site-sidebar-style":"default","ast-global-header-display":"","ast-banner-title-visibility":"","ast-main-header-display":"","ast-hfb-above-header-display":"","ast-hfb-below-header-display":"","ast-hfb-mobile-header-display":"","site-post-title":"","ast-breadcrumbs-content":"","ast-featured-img":"","footer-sml-layout":"","theme-transparent-header-meta":"","adv-header-id-meta":"","stick-header-meta":"","header-above-stick-meta":"","header-main-stick-meta":"","header-below-stick-meta":"","astra-migrate-meta-layouts":"set","ast-page-background-enabled":"default","ast-page-background-meta":{"desktop":{"background-color":"var(--ast-global-color-5)","background-image":"","background-repeat":"repeat","background-position":"center center","background-size":"auto","background-attachment":"scroll","background-type":"","background-media":"","overlay-type":"","overlay-color":"","overlay-opacity":"","overlay-gradient":""},"tablet":{"background-color":"","background-image":"","background-repeat":"repeat","background-position":"center center","background-size":"auto","background-attachment":"scroll","background-type":"","background-media":"","overlay-type":"","overlay-color":"","overlay-opacity":"","overlay-gradient":""},"mobile":{"background-color":"","background-image":"","background-repeat":"repeat","background-position":"center center","background-size":"auto","background-attachment":"scroll","background-type":"","background-media":"","overlay-type":"","overlay-color":"","overlay-opacity":"","overlay-gradient":""}},"ast-content-background-meta":{"desktop":{"background-color":"var(--ast-global-color-4)","background-image":"","background-repeat":"repeat","background-position":"center center","background-size":"auto","background-attachment":"scroll","background-type":"","background-media":"","overlay-type":"","overlay-color":"","overlay-opacity":"","overlay-gradient":""},"tablet":{"background-color":"var(--ast-global-color-4)","background-image":"","background-repeat":"repeat","background-position":"center center","background-size":"auto","background-attachment":"scroll","background-type":"","background-media":"","overlay-type":"","overlay-color":"","overlay-opacity":"","overlay-gradient":""},"mobile":{"background-color":"var(--ast-global-color-4)","background-image":"","background-repeat":"repeat","background-position":"center center","background-size":"auto","background-attachment":"scroll","background-type":"","background-media":"","overlay-type":"","overlay-color":"","overlay-opacity":"","overlay-gradient":""}},"footnotes":""},"categories":[17],"tags":[],"class_list":["post-6956","post","type-post","status-publish","format-standard","has-post-thumbnail","hentry","category-cuidados"],"acf":[],"yoast_head":"<!-- This site is optimized with the Yoast SEO plugin v27.5 - https:\/\/yoast.com\/product\/yoast-seo-wordpress\/ -->\n<title>Consejos para conservar tu ramo de flores frescas | Interflora<\/title>\n<meta name=\"description\" content=\"Interflora te da unos consejos r\u00e1pidos para conservar tu ramo de flores frescas. Aplica trucos caseros, alarga la vida de tus flores y regala ramos de flores con Interflora.\" \/>\n<meta name=\"robots\" content=\"index, follow, max-snippet:-1, max-image-preview:large, max-video-preview:-1\" \/>\n<link rel=\"canonical\" href=\"https:\/\/www.interflora.es\/blog\/trucos-para-conservar-tu-ramo-de-flores-frescas\/\" \/>\n<script type=\"application\/ld+json\" class=\"yoast-schema-graph\">{\"@context\":\"https:\\\/\\\/schema.org\",\"@graph\":[{\"@type\":\"Article\",\"@id\":\"https:\\\/\\\/www.interflora.es\\\/blog\\\/trucos-para-conservar-tu-ramo-de-flores-frescas\\\/#article\",\"isPartOf\":{\"@id\":\"https:\\\/\\\/www.interflora.es\\\/blog\\\/trucos-para-conservar-tu-ramo-de-flores-frescas\\\/\"},\"author\":{\"name\":\"Interflora\",\"@id\":\"https:\\\/\\\/www.interflora.es\\\/blog\\\/#\\\/schema\\\/person\\\/e3ecff50262948e365b92682cdc2a9d1\"},\"headline\":\"Trucos y consejos para conservar tus flores frescas m\u00e1s tiempo\",\"datePublished\":\"2026-03-18T10:27:57+00:00\",\"dateModified\":\"2026-03-23T11:40:46+00:00\",\"mainEntityOfPage\":{\"@id\":\"https:\\\/\\\/www.interflora.es\\\/blog\\\/trucos-para-conservar-tu-ramo-de-flores-frescas\\\/\"},\"wordCount\":1400,\"commentCount\":0,\"publisher\":{\"@id\":\"https:\\\/\\\/www.interflora.es\\\/blog\\\/#organization\"},\"image\":{\"@id\":\"https:\\\/\\\/www.interflora.es\\\/blog\\\/trucos-para-conservar-tu-ramo-de-flores-frescas\\\/#primaryimage\"},\"thumbnailUrl\":\"https:\\\/\\\/www.interflora.es\\\/blog\\\/wp-content\\\/uploads\\\/2026\\\/03\\\/primavera-41.jpg\",\"articleSection\":[\"Cuidados de plantas y flores\"],\"inLanguage\":\"es\",\"potentialAction\":[{\"@type\":\"CommentAction\",\"name\":\"Comment\",\"target\":[\"https:\\\/\\\/www.interflora.es\\\/blog\\\/trucos-para-conservar-tu-ramo-de-flores-frescas\\\/#respond\"]}]},{\"@type\":\"WebPage\",\"@id\":\"https:\\\/\\\/www.interflora.es\\\/blog\\\/trucos-para-conservar-tu-ramo-de-flores-frescas\\\/\",\"url\":\"https:\\\/\\\/www.interflora.es\\\/blog\\\/trucos-para-conservar-tu-ramo-de-flores-frescas\\\/\",\"name\":\"Consejos para conservar tu ramo de flores frescas | Interflora\",\"isPartOf\":{\"@id\":\"https:\\\/\\\/www.interflora.es\\\/blog\\\/#website\"},\"primaryImageOfPage\":{\"@id\":\"https:\\\/\\\/www.interflora.es\\\/blog\\\/trucos-para-conservar-tu-ramo-de-flores-frescas\\\/#primaryimage\"},\"image\":{\"@id\":\"https:\\\/\\\/www.interflora.es\\\/blog\\\/trucos-para-conservar-tu-ramo-de-flores-frescas\\\/#primaryimage\"},\"thumbnailUrl\":\"https:\\\/\\\/www.interflora.es\\\/blog\\\/wp-content\\\/uploads\\\/2026\\\/03\\\/primavera-41.jpg\",\"datePublished\":\"2026-03-18T10:27:57+00:00\",\"dateModified\":\"2026-03-23T11:40:46+00:00\",\"description\":\"Interflora te da unos consejos r\u00e1pidos para conservar tu ramo de flores frescas. Aplica trucos caseros, alarga la vida de tus flores y regala ramos de flores con Interflora.\",\"breadcrumb\":{\"@id\":\"https:\\\/\\\/www.interflora.es\\\/blog\\\/trucos-para-conservar-tu-ramo-de-flores-frescas\\\/#breadcrumb\"},\"inLanguage\":\"es\",\"potentialAction\":[{\"@type\":\"ReadAction\",\"target\":[\"https:\\\/\\\/www.interflora.es\\\/blog\\\/trucos-para-conservar-tu-ramo-de-flores-frescas\\\/\"]}]},{\"@type\":\"ImageObject\",\"inLanguage\":\"es\",\"@id\":\"https:\\\/\\\/www.interflora.es\\\/blog\\\/trucos-para-conservar-tu-ramo-de-flores-frescas\\\/#primaryimage\",\"url\":\"https:\\\/\\\/www.interflora.es\\\/blog\\\/wp-content\\\/uploads\\\/2026\\\/03\\\/primavera-41.jpg\",\"contentUrl\":\"https:\\\/\\\/www.interflora.es\\\/blog\\\/wp-content\\\/uploads\\\/2026\\\/03\\\/primavera-41.jpg\",\"width\":667,\"height\":1000,\"caption\":\"Evoto\"},{\"@type\":\"BreadcrumbList\",\"@id\":\"https:\\\/\\\/www.interflora.es\\\/blog\\\/trucos-para-conservar-tu-ramo-de-flores-frescas\\\/#breadcrumb\",\"itemListElement\":[{\"@type\":\"ListItem\",\"position\":1,\"name\":\"Home\",\"item\":\"https:\\\/\\\/www.interflora.es\\\/blog\\\/\"},{\"@type\":\"ListItem\",\"position\":2,\"name\":\"Trucos y consejos para conservar tus flores frescas m\u00e1s tiempo\"}]},{\"@type\":\"WebSite\",\"@id\":\"https:\\\/\\\/www.interflora.es\\\/blog\\\/#website\",\"url\":\"https:\\\/\\\/www.interflora.es\\\/blog\\\/\",\"name\":\"El blog de Interflora : consejos, ideas e inspiraci\u00f3n para disfrutar de las flores y las plantas\",\"description\":\"\",\"publisher\":{\"@id\":\"https:\\\/\\\/www.interflora.es\\\/blog\\\/#organization\"},\"potentialAction\":[{\"@type\":\"SearchAction\",\"target\":{\"@type\":\"EntryPoint\",\"urlTemplate\":\"https:\\\/\\\/www.interflora.es\\\/blog\\\/?s={search_term_string}\"},\"query-input\":{\"@type\":\"PropertyValueSpecification\",\"valueRequired\":true,\"valueName\":\"search_term_string\"}}],\"inLanguage\":\"es\"},{\"@type\":\"Organization\",\"@id\":\"https:\\\/\\\/www.interflora.es\\\/blog\\\/#organization\",\"name\":\"El blog de Interflora : consejos, ideas e inspiraci\u00f3n para disfrutar de las flores y las plantas\",\"url\":\"https:\\\/\\\/www.interflora.es\\\/blog\\\/\",\"logo\":{\"@type\":\"ImageObject\",\"inLanguage\":\"es\",\"@id\":\"https:\\\/\\\/www.interflora.es\\\/blog\\\/#\\\/schema\\\/logo\\\/image\\\/\",\"url\":\"https:\\\/\\\/www.interflora.es\\\/blog\\\/wp-content\\\/uploads\\\/2025\\\/10\\\/cropped-220422_INTERFLORA_Logo_rgb_Half_Top_Circle_Main_Color.png\",\"contentUrl\":\"https:\\\/\\\/www.interflora.es\\\/blog\\\/wp-content\\\/uploads\\\/2025\\\/10\\\/cropped-220422_INTERFLORA_Logo_rgb_Half_Top_Circle_Main_Color.png\",\"width\":1418,\"height\":659,\"caption\":\"El blog de Interflora : consejos, ideas e inspiraci\u00f3n para disfrutar de las flores y las plantas\"},\"image\":{\"@id\":\"https:\\\/\\\/www.interflora.es\\\/blog\\\/#\\\/schema\\\/logo\\\/image\\\/\"}},{\"@type\":\"Person\",\"@id\":\"https:\\\/\\\/www.interflora.es\\\/blog\\\/#\\\/schema\\\/person\\\/e3ecff50262948e365b92682cdc2a9d1\",\"name\":\"Interflora\",\"image\":{\"@type\":\"ImageObject\",\"inLanguage\":\"es\",\"@id\":\"https:\\\/\\\/www.interflora.es\\\/blog\\\/wp-content\\\/litespeed\\\/avatar\\\/ef0a9e22ccabc545011ca74a630eaf3e.jpg?ver=1777555250\",\"url\":\"https:\\\/\\\/www.interflora.es\\\/blog\\\/wp-content\\\/litespeed\\\/avatar\\\/ef0a9e22ccabc545011ca74a630eaf3e.jpg?ver=1777555250\",\"contentUrl\":\"https:\\\/\\\/www.interflora.es\\\/blog\\\/wp-content\\\/litespeed\\\/avatar\\\/ef0a9e22ccabc545011ca74a630eaf3e.jpg?ver=1777555250\",\"caption\":\"Interflora\"}}]}<\/script>\n<!-- \/ Yoast SEO plugin. -->","yoast_head_json":{"title":"Consejos para conservar tu ramo de flores frescas | Interflora","description":"Interflora te da unos consejos r\u00e1pidos para conservar tu ramo de flores frescas. Aplica trucos caseros, alarga la vida de tus flores y regala ramos de flores con Interflora.","robots":{"index":"index","follow":"follow","max-snippet":"max-snippet:-1","max-image-preview":"max-image-preview:large","max-video-preview":"max-video-preview:-1"},"canonical":"https:\/\/www.interflora.es\/blog\/trucos-para-conservar-tu-ramo-de-flores-frescas\/","schema":{"@context":"https:\/\/schema.org","@graph":[{"@type":"Article","@id":"https:\/\/www.interflora.es\/blog\/trucos-para-conservar-tu-ramo-de-flores-frescas\/#article","isPartOf":{"@id":"https:\/\/www.interflora.es\/blog\/trucos-para-conservar-tu-ramo-de-flores-frescas\/"},"author":{"name":"Interflora","@id":"https:\/\/www.interflora.es\/blog\/#\/schema\/person\/e3ecff50262948e365b92682cdc2a9d1"},"headline":"Trucos y consejos para conservar tus flores frescas m\u00e1s tiempo","datePublished":"2026-03-18T10:27:57+00:00","dateModified":"2026-03-23T11:40:46+00:00","mainEntityOfPage":{"@id":"https:\/\/www.interflora.es\/blog\/trucos-para-conservar-tu-ramo-de-flores-frescas\/"},"wordCount":1400,"commentCount":0,"publisher":{"@id":"https:\/\/www.interflora.es\/blog\/#organization"},"image":{"@id":"https:\/\/www.interflora.es\/blog\/trucos-para-conservar-tu-ramo-de-flores-frescas\/#primaryimage"},"thumbnailUrl":"https:\/\/www.interflora.es\/blog\/wp-content\/uploads\/2026\/03\/primavera-41.jpg","articleSection":["Cuidados de plantas y flores"],"inLanguage":"es","potentialAction":[{"@type":"CommentAction","name":"Comment","target":["https:\/\/www.interflora.es\/blog\/trucos-para-conservar-tu-ramo-de-flores-frescas\/#respond"]}]},{"@type":"WebPage","@id":"https:\/\/www.interflora.es\/blog\/trucos-para-conservar-tu-ramo-de-flores-frescas\/","url":"https:\/\/www.interflora.es\/blog\/trucos-para-conservar-tu-ramo-de-flores-frescas\/","name":"Consejos para conservar tu ramo de flores frescas | Interflora","isPartOf":{"@id":"https:\/\/www.interflora.es\/blog\/#website"},"primaryImageOfPage":{"@id":"https:\/\/www.interflora.es\/blog\/trucos-para-conservar-tu-ramo-de-flores-frescas\/#primaryimage"},"image":{"@id":"https:\/\/www.interflora.es\/blog\/trucos-para-conservar-tu-ramo-de-flores-frescas\/#primaryimage"},"thumbnailUrl":"https:\/\/www.interflora.es\/blog\/wp-content\/uploads\/2026\/03\/primavera-41.jpg","datePublished":"2026-03-18T10:27:57+00:00","dateModified":"2026-03-23T11:40:46+00:00","description":"Interflora te da unos consejos r\u00e1pidos para conservar tu ramo de flores frescas. Aplica trucos caseros, alarga la vida de tus flores y regala ramos de flores con Interflora.","breadcrumb":{"@id":"https:\/\/www.interflora.es\/blog\/trucos-para-conservar-tu-ramo-de-flores-frescas\/#breadcrumb"},"inLanguage":"es","potentialAction":[{"@type":"ReadAction","target":["https:\/\/www.interflora.es\/blog\/trucos-para-conservar-tu-ramo-de-flores-frescas\/"]}]},{"@type":"ImageObject","inLanguage":"es","@id":"https:\/\/www.interflora.es\/blog\/trucos-para-conservar-tu-ramo-de-flores-frescas\/#primaryimage","url":"https:\/\/www.interflora.es\/blog\/wp-content\/uploads\/2026\/03\/primavera-41.jpg","contentUrl":"https:\/\/www.interflora.es\/blog\/wp-content\/uploads\/2026\/03\/primavera-41.jpg","width":667,"height":1000,"caption":"Evoto"},{"@type":"BreadcrumbList","@id":"https:\/\/www.interflora.es\/blog\/trucos-para-conservar-tu-ramo-de-flores-frescas\/#breadcrumb","itemListElement":[{"@type":"ListItem","position":1,"name":"Home","item":"https:\/\/www.interflora.es\/blog\/"},{"@type":"ListItem","position":2,"name":"Trucos y consejos para conservar tus flores frescas m\u00e1s tiempo"}]},{"@type":"WebSite","@id":"https:\/\/www.interflora.es\/blog\/#website","url":"https:\/\/www.interflora.es\/blog\/","name":"El blog de Interflora : consejos, ideas e inspiraci\u00f3n para disfrutar de las flores y las plantas","description":"","publisher":{"@id":"https:\/\/www.interflora.es\/blog\/#organization"},"potentialAction":[{"@type":"SearchAction","target":{"@type":"EntryPoint","urlTemplate":"https:\/\/www.interflora.es\/blog\/?s={search_term_string}"},"query-input":{"@type":"PropertyValueSpecification","valueRequired":true,"valueName":"search_term_string"}}],"inLanguage":"es"},{"@type":"Organization","@id":"https:\/\/www.interflora.es\/blog\/#organization","name":"El blog de Interflora : consejos, ideas e inspiraci\u00f3n para disfrutar de las flores y las plantas","url":"https:\/\/www.interflora.es\/blog\/","logo":{"@type":"ImageObject","inLanguage":"es","@id":"https:\/\/www.interflora.es\/blog\/#\/schema\/logo\/image\/","url":"https:\/\/www.interflora.es\/blog\/wp-content\/uploads\/2025\/10\/cropped-220422_INTERFLORA_Logo_rgb_Half_Top_Circle_Main_Color.png","contentUrl":"https:\/\/www.interflora.es\/blog\/wp-content\/uploads\/2025\/10\/cropped-220422_INTERFLORA_Logo_rgb_Half_Top_Circle_Main_Color.png","width":1418,"height":659,"caption":"El blog de Interflora : consejos, ideas e inspiraci\u00f3n para disfrutar de las flores y las plantas"},"image":{"@id":"https:\/\/www.interflora.es\/blog\/#\/schema\/logo\/image\/"}},{"@type":"Person","@id":"https:\/\/www.interflora.es\/blog\/#\/schema\/person\/e3ecff50262948e365b92682cdc2a9d1","name":"Interflora","image":{"@type":"ImageObject","inLanguage":"es","@id":"https:\/\/www.interflora.es\/blog\/wp-content\/litespeed\/avatar\/ef0a9e22ccabc545011ca74a630eaf3e.jpg?ver=1777555250","url":"https:\/\/www.interflora.es\/blog\/wp-content\/litespeed\/avatar\/ef0a9e22ccabc545011ca74a630eaf3e.jpg?ver=1777555250","contentUrl":"https:\/\/www.interflora.es\/blog\/wp-content\/litespeed\/avatar\/ef0a9e22ccabc545011ca74a630eaf3e.jpg?ver=1777555250","caption":"Interflora"}}]}},"uagb_featured_image_src":{"full":["https:\/\/www.interflora.es\/blog\/wp-content\/uploads\/2026\/03\/primavera-41.jpg",667,1000,false],"thumbnail":["https:\/\/www.interflora.es\/blog\/wp-content\/uploads\/2026\/03\/primavera-41-150x150.jpg",150,150,true],"medium":["https:\/\/www.interflora.es\/blog\/wp-content\/uploads\/2026\/03\/primavera-41-200x300.jpg",200,300,true],"medium_large":["https:\/\/www.interflora.es\/blog\/wp-content\/uploads\/2026\/03\/primavera-41.jpg",667,1000,false],"large":["https:\/\/www.interflora.es\/blog\/wp-content\/uploads\/2026\/03\/primavera-41.jpg",667,1000,false],"1536x1536":["https:\/\/www.interflora.es\/blog\/wp-content\/uploads\/2026\/03\/primavera-41.jpg",667,1000,false],"2048x2048":["https:\/\/www.interflora.es\/blog\/wp-content\/uploads\/2026\/03\/primavera-41.jpg",667,1000,false]},"uagb_author_info":{"display_name":"Interflora","author_link":"https:\/\/www.interflora.es\/blog\/author\/interflora\/"},"uagb_comment_info":186,"uagb_excerpt":"Poder contemplar un ramo de rosas u otras flores frescas y naturales en casa es un precioso regalo. Pero lo [&hellip;]","_links":{"self":[{"href":"https:\/\/www.interflora.es\/blog\/wp-json\/wp\/v2\/posts\/6956","targetHints":{"allow":["GET"]}}],"collection":[{"href":"https:\/\/www.interflora.es\/blog\/wp-json\/wp\/v2\/posts"}],"about":[{"href":"https:\/\/www.interflora.es\/blog\/wp-json\/wp\/v2\/types\/post"}],"author":[{"embeddable":true,"href":"https:\/\/www.interflora.es\/blog\/wp-json\/wp\/v2\/users\/13"}],"replies":[{"embeddable":true,"href":"https:\/\/www.interflora.es\/blog\/wp-json\/wp\/v2\/comments?post=6956"}],"version-history":[{"count":3,"href":"https:\/\/www.interflora.es\/blog\/wp-json\/wp\/v2\/posts\/6956\/revisions"}],"predecessor-version":[{"id":35196,"href":"https:\/\/www.interflora.es\/blog\/wp-json\/wp\/v2\/posts\/6956\/revisions\/35196"}],"wp:featuredmedia":[{"embeddable":true,"href":"https:\/\/www.interflora.es\/blog\/wp-json\/wp\/v2\/media\/34969"}],"wp:attachment":[{"href":"https:\/\/www.interflora.es\/blog\/wp-json\/wp\/v2\/media?parent=6956"}],"wp:term":[{"taxonomy":"category","embeddable":true,"href":"https:\/\/www.interflora.es\/blog\/wp-json\/wp\/v2\/categories?post=6956"},{"taxonomy":"post_tag","embeddable":true,"href":"https:\/\/www.interflora.es\/blog\/wp-json\/wp\/v2\/tags?post=6956"}],"curies":[{"name":"wp","href":"https:\/\/api.w.org\/{rel}","templated":true}]}}