{"id":6127,"date":"2017-05-12T18:20:08","date_gmt":"2017-05-12T18:20:08","guid":{"rendered":"http:\/\/blog.interflora.es\/?p=6127"},"modified":"2017-05-12T18:20:08","modified_gmt":"2017-05-12T18:20:08","slug":"fiestas-san-isidro","status":"publish","type":"post","link":"https:\/\/www.interflora.es\/blog\/fiestas-san-isidro\/","title":{"rendered":"Fiestas de San Isidro, \u00a1Madrid se llena de flores!"},"content":{"rendered":"<h2><b>Fiestas de San Isidro:<\/b><b> historia, tradiciones y flores en Madrid<\/b><\/h2>\n<p><span style=\"font-weight: 400;\">A mediados de mayo,<\/span><span style=\"font-weight: 400;\"> cuando los rayos del sol primaveral calientan ya en la capital de Espa\u00f1a, Madrid celebra por todo lo alto sus<\/span><span style=\"font-weight: 400;\"> fiestas <\/span><span style=\"font-weight: 400;\">m\u00e1s<\/span><span style=\"font-weight: 400;\"> populares y alegres. Coincidiendo con el <\/span><b>15 de mayo, d\u00eda de San Isidro Labrador<\/b><span style=\"font-weight: 400;\">, patr\u00f3n de Madrid, <\/span><span style=\"font-weight: 400;\">los madrile\u00f1os y madrile\u00f1as salen a pasear o a bailar el chotis en las numerosas verbenas que se celebran en cada barrio, ataviados con sus trajes de chulapos y sus adornos de flores. El 14, 15 y 16 de mayo disfruta de un fin de semana lleno de m\u00fasica, eventos culturales y art\u00edsticos muy variados y adorna tu solapa con un <\/span><b>clavel de San Isidro.<\/b><\/p>\n<h2><strong>Breve historia de las Fiestas de San Isidro<\/strong><\/h2>\n<p><span style=\"font-weight: 400;\">Estas<\/span><span style=\"font-weight: 400;\"> fiestas se llevan celebrando al menos desde el siglo XVIII, ya que existen cuadros de <\/span><b>Goya<\/b> <span style=\"font-weight: 400;\">que plasman la tremenda popularidad de este d\u00eda<\/span><span style=\"font-weight: 400;\">, como el famoso \u201c<\/span><b>La Pradera de San Isidro\u201d. <\/b><span style=\"font-weight: 400;\">En la novela de Benito P\u00e9rez Gald\u00f3s, <\/span><b>\u201cMayo y los Isidros\u201d<\/b><span style=\"font-weight: 400;\">, <\/span><span style=\"font-weight: 400;\">el escritor <\/span><span style=\"font-weight: 400;\">cuenta como era t\u00edpico viajar a Madrid cada a\u00f1o en estas fechas. Costumbre que se sigue manteniendo hoy en d\u00eda, puesto que estas fiestas se llenan de curiosos y extranjeros que vienen a disfrutar de esta festividad tan popular y con tanto encanto.<\/span><\/p>\n<p><span style=\"font-weight: 400;\">Las Fiestas de San Isidro tienen su origen en los milagros atribuidos al humilde labrador Isidro, nacido en el madrile\u00f1o barrio de Lavapi\u00e9s. Este buen hombre era capaz, seg\u00fan la leyenda, de hacer brotar agua con solo golpear su vara en una roca. De ah\u00ed viene la tradici\u00f3n de \u00abbeber el agua del santo\u00bb a los pies de la Ermita de San Isidro en este se\u00f1alado d\u00eda. Agua a la que adem\u00e1s se atribuyen propiedades curativas.<\/span><\/p>\n<p><span style=\"font-weight: 400;\">En todo caso, la leyenda ha dado lugar a una alegre fiesta en la que los madrile\u00f1os disfrutan de la limonada, los barquillos y las rosquillas del santo. Una bella manera de reivindicar unas tradiciones muy propias, en una ciudad cosmopolita e internacional como Madrid.\u00a0<\/span><\/p>\n<h2><strong style=\"font-size: inherit;\">Tradiciones de San Isidro<\/strong><\/h2>\n<p><span style=\"font-weight: 400;\">El <\/span><b>d\u00eda de San Isidro<\/b><span style=\"font-weight: 400;\"> es una celebraci\u00f3n para disfrutar de pasacalles con gigantes y cabezudos, acudir a conciertos o zarzuelas, mercadillos y fuegos artificiales y c\u00f3mo no, a la t\u00edpica romer\u00eda del santo en la <\/span><b>Pradera de San Isidro, <\/b><span style=\"font-weight: 400;\">en Carabanchel. <\/span><span style=\"font-weight: 400;\">Los puestos de comida presentes en la Pradera y en las calles aleda\u00f1as ofrecen los productos t\u00edpicos de la fiesta,<\/span><span style=\"font-weight: 400;\"> como rosquillas de muchos tipos y nombres, <\/span><span style=\"font-weight: 400;\">almendras<\/span><span style=\"font-weight: 400;\"> garrapi\u00f1adas, manzanas de caramelo, escabeches, encurtidos y muchos otros tipos de comidas y bebidas. <\/span><b><br \/>\n<\/b><span style=\"font-weight: 400;\">Los espect\u00e1culos, las verbenas y el traje t\u00edpico de Madrid forman parte de los elementos caracter\u00edsticos de la capital, que han dado lugar al \u201ccasticismo madrile\u00f1o\u201d.\u00a0<\/span><\/p>\n<p><span style=\"font-weight: 400;\">El chotis es el baile t\u00edpico de este evento y se baila al aire libre en los cientos de verbenas que se celebran en las plazas de la capital. <\/span><span style=\"font-weight: 400;\">Madrile\u00f1os y madrile\u00f1as visten para estos d\u00edas sus trajes de chulapos y chulapas, con chalecos y camisas blancas para hombres y vestidos de colores y vuelo en el bajo para mujeres. Los ramos de flores, adem\u00e1s, llenan la capilla de San Isidro para honorar a un patr\u00f3n muy querido en Madrid.<\/span><\/p>\n<h2><b>\u00bfCu\u00e1l es la flor de San Isidro?<\/b><\/h2>\n<p><span style=\"font-weight: 400;\">Como en cualquier fiesta de primavera en Espa\u00f1a, las flores no pueden faltar en San Isidro. Las <\/span><a href=\"https:\/\/www.interflora.es\/rosas\"><b>rosas<\/b><\/a><span style=\"font-weight: 400;\">, <\/span><span style=\"font-weight: 400;\">amapolas y margaritas adornan las casas y calles de un Madrid de fiesta. Pero de entre ellas, la que se lleva el protagonismo es sin duda <\/span><a href=\"https:\/\/www.interflora.es\/flores\/claveles\"><b>el clavel rojo<\/b><\/a><b>.<\/b><span style=\"font-weight: 400;\">\u00a0 <\/span><span style=\"font-weight: 400;\">Visibles en la solapa del chulapo y bajo el pa\u00f1uelo que lleva en el pelo la chulapa, los claveles rojos son muy representativos de Espa\u00f1a y forman parte de la mayor parte de las fiestas populares.\u00a0<\/span><\/p>\n<h3><b>\u00bfPor qu\u00e9 claveles en San Isidro?\u00a0\u00a0<\/b><\/h3>\n<p><span style=\"font-weight: 400;\">El clavel florece en primavera, es muy abundante en Espa\u00f1a y es una flor robusta y duradera. La cultura popular establece que en San Isidro las mujeres viudas llevaban en su cabeza dos claveles rojos y uno blanco, las casadas dos rojos y las solteras dos blancos. Las mujeres comprometidas luc\u00edan uno rojo y uno blanco. Hoy en d\u00eda las combinaciones no tienen mayor importancia pero lo que si es cierto es que las flores artificiales no pueden reemplazar a las naturales. Los claveles naturales siguen luciendo en San Isidro, representando el orgullo de un pueblo que reivindica sus tradiciones.\u00a0<\/span><b><\/b><\/p>\n<p><span style=\"font-weight: 400;\">En estas fechas tiene tambi\u00e9n lugar el <\/span><b>Concurso Popular Rosa de Madrid<\/b><span style=\"font-weight: 400;\">, donde se vota la rosa favorita entre m\u00e1s de 70 tipos diferentes de todas partes del mundo.<\/span><\/p>\n<p><span style=\"font-weight: 400;\"><img loading=\"lazy\" decoding=\"async\" class=\"wp-image-13953 aligncenter\" src=\"https:\/\/www.interflora.es\/blog\/wp-content\/uploads\/san-isidro-goya-300x135.jpg\" alt=\"La pradera de San Isidro\" width=\"918\" height=\"413\" \/>\u00a0<\/span><\/p>\n<p><span style=\"font-size: inherit;\">Pintura: La pradera de San Isidro. A\u00f1o 1788. Francisco de Goya.<\/span><\/p>\n<h2><b>Flores para San Isidro con Interflora<\/b><\/h2>\n<p><span style=\"font-weight: 400;\">Si quieres regalar flores o plantas en San Isidro o disfrutar de los mejores claveles o rosas, Interflora tiene toda una oferta de bellos ramos que podr\u00e1s enviar a domicilio o donde t\u00fa quieras en menos de 24h. Nuestra <\/span><a href=\"https:\/\/www.interflora.es\/enviar-flores-madrid\"><span style=\"font-weight: 400;\">red de florister\u00edas en Madrid<\/span><\/a><span style=\"font-weight: 400;\"> est\u00e1 a tu disposici\u00f3n para que tus ramos y regalos de San Isidro transmitan toda la alegr\u00eda de una fiesta sin igual.<\/span><\/p>\n<p><span style=\"font-weight: 400;\">Madrid siempre es un destino tur\u00edstico, gastron\u00f3mico y cultural perfecto, pero si hay una fecha ideal <\/span><span style=\"font-weight: 400;\">para visitar la villa <\/span><span style=\"font-weight: 400;\">es durante las Fiestas de San Isidro. <\/span><span style=\"font-weight: 400;\">Descubrir\u00e1s todo el car\u00e1cter de una ciudad acogedora y abierta, que conserva en sus tradiciones, sus gentes y sus flores la esencia de su cultura.<\/span><\/p>\n<p><span style=\"font-weight: 400;\">Si has estado en estas fiestas no dudes en compartir con nosotros tus impresiones en los comentarios de nuestro blog o en nuestro Facebook Interflora.\u00a0<\/span><\/p>\n<p><span style=\"font-weight: 400;\">M\u00e1s informaci\u00f3n en la web oficial <\/span><a href=\"https:\/\/www.esmadrid.com\/fiestas-san-isidro\"><span style=\"font-weight: 400;\">esmadrid.com<\/span><\/a><\/p>\n","protected":false},"excerpt":{"rendered":"<p>Fiestas de San Isidro: historia, tradiciones y flores en Madrid A mediados de mayo, cuando los rayos del sol primaveral [&hellip;]<\/p>\n","protected":false},"author":8,"featured_media":6140,"comment_status":"open","ping_status":"open","sticky":false,"template":"","format":"standard","meta":{"_acf_changed":false,"_uag_custom_page_level_css":"","site-sidebar-layout":"default","site-content-layout":"","ast-site-content-layout":"default","site-content-style":"default","site-sidebar-style":"default","ast-global-header-display":"","ast-banner-title-visibility":"","ast-main-header-display":"","ast-hfb-above-header-display":"","ast-hfb-below-header-display":"","ast-hfb-mobile-header-display":"","site-post-title":"","ast-breadcrumbs-content":"","ast-featured-img":"","footer-sml-layout":"","theme-transparent-header-meta":"","adv-header-id-meta":"","stick-header-meta":"","header-above-stick-meta":"","header-main-stick-meta":"","header-below-stick-meta":"","astra-migrate-meta-layouts":"default","ast-page-background-enabled":"default","ast-page-background-meta":{"desktop":{"background-color":"var(--ast-global-color-5)","background-image":"","background-repeat":"repeat","background-position":"center center","background-size":"auto","background-attachment":"scroll","background-type":"","background-media":"","overlay-type":"","overlay-color":"","overlay-opacity":"","overlay-gradient":""},"tablet":{"background-color":"","background-image":"","background-repeat":"repeat","background-position":"center center","background-size":"auto","background-attachment":"scroll","background-type":"","background-media":"","overlay-type":"","overlay-color":"","overlay-opacity":"","overlay-gradient":""},"mobile":{"background-color":"","background-image":"","background-repeat":"repeat","background-position":"center center","background-size":"auto","background-attachment":"scroll","background-type":"","background-media":"","overlay-type":"","overlay-color":"","overlay-opacity":"","overlay-gradient":""}},"ast-content-background-meta":{"desktop":{"background-color":"var(--ast-global-color-4)","background-image":"","background-repeat":"repeat","background-position":"center center","background-size":"auto","background-attachment":"scroll","background-type":"","background-media":"","overlay-type":"","overlay-color":"","overlay-opacity":"","overlay-gradient":""},"tablet":{"background-color":"var(--ast-global-color-4)","background-image":"","background-repeat":"repeat","background-position":"center center","background-size":"auto","background-attachment":"scroll","background-type":"","background-media":"","overlay-type":"","overlay-color":"","overlay-opacity":"","overlay-gradient":""},"mobile":{"background-color":"var(--ast-global-color-4)","background-image":"","background-repeat":"repeat","background-position":"center center","background-size":"auto","background-attachment":"scroll","background-type":"","background-media":"","overlay-type":"","overlay-color":"","overlay-opacity":"","overlay-gradient":""}},"footnotes":""},"categories":[33,23],"tags":[32],"class_list":["post-6127","post","type-post","status-publish","format-standard","has-post-thumbnail","hentry","category-curiosidades","category-ocasiones-especiales","tag-significado-de-las-flores"],"acf":[],"yoast_head":"<!-- This site is optimized with the Yoast SEO plugin v27.5 - https:\/\/yoast.com\/product\/yoast-seo-wordpress\/ -->\n<title>Fiestas de San Isidro : regala flores para San Isidro | Interflora<\/title>\n<meta name=\"description\" content=\"Celebra las Fiestas de San Isidro 2022. El 14, 15 y 16 de mayo, Madrid se llena de flores y colores para honrar a su patr\u00f3n. Regala las flores m\u00e1s bellas con Interflora. Entrega a domicilio o donde t\u00fa quieras en menos de 24h.\" \/>\n<meta name=\"robots\" content=\"index, follow, max-snippet:-1, max-image-preview:large, max-video-preview:-1\" \/>\n<link rel=\"canonical\" href=\"https:\/\/www.interflora.es\/blog\/fiestas-san-isidro\/\" \/>\n<script type=\"application\/ld+json\" class=\"yoast-schema-graph\">{\"@context\":\"https:\\\/\\\/schema.org\",\"@graph\":[{\"@type\":\"Article\",\"@id\":\"https:\\\/\\\/www.interflora.es\\\/blog\\\/fiestas-san-isidro\\\/#article\",\"isPartOf\":{\"@id\":\"https:\\\/\\\/www.interflora.es\\\/blog\\\/fiestas-san-isidro\\\/\"},\"author\":{\"name\":\"celia\",\"@id\":\"https:\\\/\\\/www.interflora.es\\\/blog\\\/#\\\/schema\\\/person\\\/1f30f7794421f1232dc4b6bdd75ae829\"},\"headline\":\"Fiestas de San Isidro, \u00a1Madrid se llena de flores!\",\"datePublished\":\"2017-05-12T18:20:08+00:00\",\"mainEntityOfPage\":{\"@id\":\"https:\\\/\\\/www.interflora.es\\\/blog\\\/fiestas-san-isidro\\\/\"},\"wordCount\":986,\"commentCount\":0,\"publisher\":{\"@id\":\"https:\\\/\\\/www.interflora.es\\\/blog\\\/#organization\"},\"image\":{\"@id\":\"https:\\\/\\\/www.interflora.es\\\/blog\\\/fiestas-san-isidro\\\/#primaryimage\"},\"thumbnailUrl\":\"https:\\\/\\\/www.interflora.es\\\/blog\\\/wp-content\\\/uploads\\\/2017\\\/05\\\/san-isidro-1.jpg\",\"keywords\":[\"significado de las flores\"],\"articleSection\":[\"Curiosidades\",\"Ocasiones especiales\"],\"inLanguage\":\"es\",\"potentialAction\":[{\"@type\":\"CommentAction\",\"name\":\"Comment\",\"target\":[\"https:\\\/\\\/www.interflora.es\\\/blog\\\/fiestas-san-isidro\\\/#respond\"]}]},{\"@type\":\"WebPage\",\"@id\":\"https:\\\/\\\/www.interflora.es\\\/blog\\\/fiestas-san-isidro\\\/\",\"url\":\"https:\\\/\\\/www.interflora.es\\\/blog\\\/fiestas-san-isidro\\\/\",\"name\":\"Fiestas de San Isidro : regala flores para San Isidro | Interflora\",\"isPartOf\":{\"@id\":\"https:\\\/\\\/www.interflora.es\\\/blog\\\/#website\"},\"primaryImageOfPage\":{\"@id\":\"https:\\\/\\\/www.interflora.es\\\/blog\\\/fiestas-san-isidro\\\/#primaryimage\"},\"image\":{\"@id\":\"https:\\\/\\\/www.interflora.es\\\/blog\\\/fiestas-san-isidro\\\/#primaryimage\"},\"thumbnailUrl\":\"https:\\\/\\\/www.interflora.es\\\/blog\\\/wp-content\\\/uploads\\\/2017\\\/05\\\/san-isidro-1.jpg\",\"datePublished\":\"2017-05-12T18:20:08+00:00\",\"description\":\"Celebra las Fiestas de San Isidro 2022. El 14, 15 y 16 de mayo, Madrid se llena de flores y colores para honrar a su patr\u00f3n. Regala las flores m\u00e1s bellas con Interflora. Entrega a domicilio o donde t\u00fa quieras en menos de 24h.\",\"breadcrumb\":{\"@id\":\"https:\\\/\\\/www.interflora.es\\\/blog\\\/fiestas-san-isidro\\\/#breadcrumb\"},\"inLanguage\":\"es\",\"potentialAction\":[{\"@type\":\"ReadAction\",\"target\":[\"https:\\\/\\\/www.interflora.es\\\/blog\\\/fiestas-san-isidro\\\/\"]}]},{\"@type\":\"ImageObject\",\"inLanguage\":\"es\",\"@id\":\"https:\\\/\\\/www.interflora.es\\\/blog\\\/fiestas-san-isidro\\\/#primaryimage\",\"url\":\"https:\\\/\\\/www.interflora.es\\\/blog\\\/wp-content\\\/uploads\\\/2017\\\/05\\\/san-isidro-1.jpg\",\"contentUrl\":\"https:\\\/\\\/www.interflora.es\\\/blog\\\/wp-content\\\/uploads\\\/2017\\\/05\\\/san-isidro-1.jpg\",\"width\":1000,\"height\":1471},{\"@type\":\"BreadcrumbList\",\"@id\":\"https:\\\/\\\/www.interflora.es\\\/blog\\\/fiestas-san-isidro\\\/#breadcrumb\",\"itemListElement\":[{\"@type\":\"ListItem\",\"position\":1,\"name\":\"Home\",\"item\":\"https:\\\/\\\/www.interflora.es\\\/blog\\\/\"},{\"@type\":\"ListItem\",\"position\":2,\"name\":\"Fiestas de San Isidro, \u00a1Madrid se llena de flores!\"}]},{\"@type\":\"WebSite\",\"@id\":\"https:\\\/\\\/www.interflora.es\\\/blog\\\/#website\",\"url\":\"https:\\\/\\\/www.interflora.es\\\/blog\\\/\",\"name\":\"El blog de Interflora : consejos, ideas e inspiraci\u00f3n para disfrutar de las flores y las plantas\",\"description\":\"\",\"publisher\":{\"@id\":\"https:\\\/\\\/www.interflora.es\\\/blog\\\/#organization\"},\"potentialAction\":[{\"@type\":\"SearchAction\",\"target\":{\"@type\":\"EntryPoint\",\"urlTemplate\":\"https:\\\/\\\/www.interflora.es\\\/blog\\\/?s={search_term_string}\"},\"query-input\":{\"@type\":\"PropertyValueSpecification\",\"valueRequired\":true,\"valueName\":\"search_term_string\"}}],\"inLanguage\":\"es\"},{\"@type\":\"Organization\",\"@id\":\"https:\\\/\\\/www.interflora.es\\\/blog\\\/#organization\",\"name\":\"El blog de Interflora : consejos, ideas e inspiraci\u00f3n para disfrutar de las flores y las plantas\",\"url\":\"https:\\\/\\\/www.interflora.es\\\/blog\\\/\",\"logo\":{\"@type\":\"ImageObject\",\"inLanguage\":\"es\",\"@id\":\"https:\\\/\\\/www.interflora.es\\\/blog\\\/#\\\/schema\\\/logo\\\/image\\\/\",\"url\":\"https:\\\/\\\/www.interflora.es\\\/blog\\\/wp-content\\\/uploads\\\/2025\\\/10\\\/cropped-220422_INTERFLORA_Logo_rgb_Half_Top_Circle_Main_Color.png\",\"contentUrl\":\"https:\\\/\\\/www.interflora.es\\\/blog\\\/wp-content\\\/uploads\\\/2025\\\/10\\\/cropped-220422_INTERFLORA_Logo_rgb_Half_Top_Circle_Main_Color.png\",\"width\":1418,\"height\":659,\"caption\":\"El blog de Interflora : consejos, ideas e inspiraci\u00f3n para disfrutar de las flores y las plantas\"},\"image\":{\"@id\":\"https:\\\/\\\/www.interflora.es\\\/blog\\\/#\\\/schema\\\/logo\\\/image\\\/\"}},{\"@type\":\"Person\",\"@id\":\"https:\\\/\\\/www.interflora.es\\\/blog\\\/#\\\/schema\\\/person\\\/1f30f7794421f1232dc4b6bdd75ae829\",\"name\":\"celia\",\"image\":{\"@type\":\"ImageObject\",\"inLanguage\":\"es\",\"@id\":\"https:\\\/\\\/www.interflora.es\\\/blog\\\/wp-content\\\/litespeed\\\/avatar\\\/f906d3ce098bd9b4e84d1b71d27d54af.jpg?ver=1777298586\",\"url\":\"https:\\\/\\\/www.interflora.es\\\/blog\\\/wp-content\\\/litespeed\\\/avatar\\\/f906d3ce098bd9b4e84d1b71d27d54af.jpg?ver=1777298586\",\"contentUrl\":\"https:\\\/\\\/www.interflora.es\\\/blog\\\/wp-content\\\/litespeed\\\/avatar\\\/f906d3ce098bd9b4e84d1b71d27d54af.jpg?ver=1777298586\",\"caption\":\"celia\"}}]}<\/script>\n<!-- \/ Yoast SEO plugin. -->","yoast_head_json":{"title":"Fiestas de San Isidro : regala flores para San Isidro | Interflora","description":"Celebra las Fiestas de San Isidro 2022. El 14, 15 y 16 de mayo, Madrid se llena de flores y colores para honrar a su patr\u00f3n. Regala las flores m\u00e1s bellas con Interflora. Entrega a domicilio o donde t\u00fa quieras en menos de 24h.","robots":{"index":"index","follow":"follow","max-snippet":"max-snippet:-1","max-image-preview":"max-image-preview:large","max-video-preview":"max-video-preview:-1"},"canonical":"https:\/\/www.interflora.es\/blog\/fiestas-san-isidro\/","schema":{"@context":"https:\/\/schema.org","@graph":[{"@type":"Article","@id":"https:\/\/www.interflora.es\/blog\/fiestas-san-isidro\/#article","isPartOf":{"@id":"https:\/\/www.interflora.es\/blog\/fiestas-san-isidro\/"},"author":{"name":"celia","@id":"https:\/\/www.interflora.es\/blog\/#\/schema\/person\/1f30f7794421f1232dc4b6bdd75ae829"},"headline":"Fiestas de San Isidro, \u00a1Madrid se llena de flores!","datePublished":"2017-05-12T18:20:08+00:00","mainEntityOfPage":{"@id":"https:\/\/www.interflora.es\/blog\/fiestas-san-isidro\/"},"wordCount":986,"commentCount":0,"publisher":{"@id":"https:\/\/www.interflora.es\/blog\/#organization"},"image":{"@id":"https:\/\/www.interflora.es\/blog\/fiestas-san-isidro\/#primaryimage"},"thumbnailUrl":"https:\/\/www.interflora.es\/blog\/wp-content\/uploads\/2017\/05\/san-isidro-1.jpg","keywords":["significado de las flores"],"articleSection":["Curiosidades","Ocasiones especiales"],"inLanguage":"es","potentialAction":[{"@type":"CommentAction","name":"Comment","target":["https:\/\/www.interflora.es\/blog\/fiestas-san-isidro\/#respond"]}]},{"@type":"WebPage","@id":"https:\/\/www.interflora.es\/blog\/fiestas-san-isidro\/","url":"https:\/\/www.interflora.es\/blog\/fiestas-san-isidro\/","name":"Fiestas de San Isidro : regala flores para San Isidro | Interflora","isPartOf":{"@id":"https:\/\/www.interflora.es\/blog\/#website"},"primaryImageOfPage":{"@id":"https:\/\/www.interflora.es\/blog\/fiestas-san-isidro\/#primaryimage"},"image":{"@id":"https:\/\/www.interflora.es\/blog\/fiestas-san-isidro\/#primaryimage"},"thumbnailUrl":"https:\/\/www.interflora.es\/blog\/wp-content\/uploads\/2017\/05\/san-isidro-1.jpg","datePublished":"2017-05-12T18:20:08+00:00","description":"Celebra las Fiestas de San Isidro 2022. El 14, 15 y 16 de mayo, Madrid se llena de flores y colores para honrar a su patr\u00f3n. Regala las flores m\u00e1s bellas con Interflora. Entrega a domicilio o donde t\u00fa quieras en menos de 24h.","breadcrumb":{"@id":"https:\/\/www.interflora.es\/blog\/fiestas-san-isidro\/#breadcrumb"},"inLanguage":"es","potentialAction":[{"@type":"ReadAction","target":["https:\/\/www.interflora.es\/blog\/fiestas-san-isidro\/"]}]},{"@type":"ImageObject","inLanguage":"es","@id":"https:\/\/www.interflora.es\/blog\/fiestas-san-isidro\/#primaryimage","url":"https:\/\/www.interflora.es\/blog\/wp-content\/uploads\/2017\/05\/san-isidro-1.jpg","contentUrl":"https:\/\/www.interflora.es\/blog\/wp-content\/uploads\/2017\/05\/san-isidro-1.jpg","width":1000,"height":1471},{"@type":"BreadcrumbList","@id":"https:\/\/www.interflora.es\/blog\/fiestas-san-isidro\/#breadcrumb","itemListElement":[{"@type":"ListItem","position":1,"name":"Home","item":"https:\/\/www.interflora.es\/blog\/"},{"@type":"ListItem","position":2,"name":"Fiestas de San Isidro, \u00a1Madrid se llena de flores!"}]},{"@type":"WebSite","@id":"https:\/\/www.interflora.es\/blog\/#website","url":"https:\/\/www.interflora.es\/blog\/","name":"El blog de Interflora : consejos, ideas e inspiraci\u00f3n para disfrutar de las flores y las plantas","description":"","publisher":{"@id":"https:\/\/www.interflora.es\/blog\/#organization"},"potentialAction":[{"@type":"SearchAction","target":{"@type":"EntryPoint","urlTemplate":"https:\/\/www.interflora.es\/blog\/?s={search_term_string}"},"query-input":{"@type":"PropertyValueSpecification","valueRequired":true,"valueName":"search_term_string"}}],"inLanguage":"es"},{"@type":"Organization","@id":"https:\/\/www.interflora.es\/blog\/#organization","name":"El blog de Interflora : consejos, ideas e inspiraci\u00f3n para disfrutar de las flores y las plantas","url":"https:\/\/www.interflora.es\/blog\/","logo":{"@type":"ImageObject","inLanguage":"es","@id":"https:\/\/www.interflora.es\/blog\/#\/schema\/logo\/image\/","url":"https:\/\/www.interflora.es\/blog\/wp-content\/uploads\/2025\/10\/cropped-220422_INTERFLORA_Logo_rgb_Half_Top_Circle_Main_Color.png","contentUrl":"https:\/\/www.interflora.es\/blog\/wp-content\/uploads\/2025\/10\/cropped-220422_INTERFLORA_Logo_rgb_Half_Top_Circle_Main_Color.png","width":1418,"height":659,"caption":"El blog de Interflora : consejos, ideas e inspiraci\u00f3n para disfrutar de las flores y las plantas"},"image":{"@id":"https:\/\/www.interflora.es\/blog\/#\/schema\/logo\/image\/"}},{"@type":"Person","@id":"https:\/\/www.interflora.es\/blog\/#\/schema\/person\/1f30f7794421f1232dc4b6bdd75ae829","name":"celia","image":{"@type":"ImageObject","inLanguage":"es","@id":"https:\/\/www.interflora.es\/blog\/wp-content\/litespeed\/avatar\/f906d3ce098bd9b4e84d1b71d27d54af.jpg?ver=1777298586","url":"https:\/\/www.interflora.es\/blog\/wp-content\/litespeed\/avatar\/f906d3ce098bd9b4e84d1b71d27d54af.jpg?ver=1777298586","contentUrl":"https:\/\/www.interflora.es\/blog\/wp-content\/litespeed\/avatar\/f906d3ce098bd9b4e84d1b71d27d54af.jpg?ver=1777298586","caption":"celia"}}]}},"uagb_featured_image_src":{"full":["https:\/\/www.interflora.es\/blog\/wp-content\/uploads\/2017\/05\/san-isidro-1.jpg",1000,1471,false],"thumbnail":["https:\/\/www.interflora.es\/blog\/wp-content\/uploads\/2017\/05\/san-isidro-1-150x150.jpg",150,150,true],"medium":["https:\/\/www.interflora.es\/blog\/wp-content\/uploads\/2017\/05\/san-isidro-1-204x300.jpg",204,300,true],"medium_large":["https:\/\/www.interflora.es\/blog\/wp-content\/uploads\/2017\/05\/san-isidro-1-768x1130.jpg",768,1130,true],"large":["https:\/\/www.interflora.es\/blog\/wp-content\/uploads\/2017\/05\/san-isidro-1-696x1024.jpg",696,1024,true],"1536x1536":["https:\/\/www.interflora.es\/blog\/wp-content\/uploads\/2017\/05\/san-isidro-1.jpg",1000,1471,false],"2048x2048":["https:\/\/www.interflora.es\/blog\/wp-content\/uploads\/2017\/05\/san-isidro-1.jpg",1000,1471,false]},"uagb_author_info":{"display_name":"celia","author_link":"https:\/\/www.interflora.es\/blog\/author\/celia\/"},"uagb_comment_info":0,"uagb_excerpt":"Fiestas de San Isidro: historia, tradiciones y flores en Madrid A mediados de mayo, cuando los rayos del sol primaveral [&hellip;]","_links":{"self":[{"href":"https:\/\/www.interflora.es\/blog\/wp-json\/wp\/v2\/posts\/6127","targetHints":{"allow":["GET"]}}],"collection":[{"href":"https:\/\/www.interflora.es\/blog\/wp-json\/wp\/v2\/posts"}],"about":[{"href":"https:\/\/www.interflora.es\/blog\/wp-json\/wp\/v2\/types\/post"}],"author":[{"embeddable":true,"href":"https:\/\/www.interflora.es\/blog\/wp-json\/wp\/v2\/users\/8"}],"replies":[{"embeddable":true,"href":"https:\/\/www.interflora.es\/blog\/wp-json\/wp\/v2\/comments?post=6127"}],"version-history":[{"count":0,"href":"https:\/\/www.interflora.es\/blog\/wp-json\/wp\/v2\/posts\/6127\/revisions"}],"wp:featuredmedia":[{"embeddable":true,"href":"https:\/\/www.interflora.es\/blog\/wp-json\/wp\/v2\/media\/6140"}],"wp:attachment":[{"href":"https:\/\/www.interflora.es\/blog\/wp-json\/wp\/v2\/media?parent=6127"}],"wp:term":[{"taxonomy":"category","embeddable":true,"href":"https:\/\/www.interflora.es\/blog\/wp-json\/wp\/v2\/categories?post=6127"},{"taxonomy":"post_tag","embeddable":true,"href":"https:\/\/www.interflora.es\/blog\/wp-json\/wp\/v2\/tags?post=6127"}],"curies":[{"name":"wp","href":"https:\/\/api.w.org\/{rel}","templated":true}]}}