{"id":5755,"date":"2026-03-18T11:47:45","date_gmt":"2026-03-18T10:47:45","guid":{"rendered":"http:\/\/blog.interflora.es\/?p=5755"},"modified":"2026-03-18T11:47:46","modified_gmt":"2026-03-18T10:47:46","slug":"tulipanes-de-holanda","status":"publish","type":"post","link":"https:\/\/www.interflora.es\/blog\/tulipanes-de-holanda\/","title":{"rendered":"Tulipanes de Holanda"},"content":{"rendered":"\n<p>Hay flores emblem\u00e1ticas que, con su sola presencia, evocan un pa\u00eds. <strong>Los tulipanes de Holanda,<\/strong> junto a sus molinos y sus bicicletas, han contribuido a crear esos paisajes de primavera tan propios de la parte occidental de los Pa\u00edses Bajos, m\u00e1s conocida como Holanda. Los tulipanes de Holanda visten de mil colores los campos y jardines de toda la regi\u00f3n. Tambi\u00e9n decoran uno de los parques m\u00e1s bellos del mundo, <strong>el Keukenhof<\/strong>, no muy lejos de Amsterdam. Este parque cuenta con m\u00e1s de siete millones de bulbos cuya temporada de floraci\u00f3n, entre abril y mayo, lo convierten cada a\u00f1o en una explosi\u00f3n de colores digna de visitar. En este art\u00edculo te llevamos de ruta por Holanda y te invitamos a descubrir la historia y los <a href=\"https:\/\/www.interflora.es\/blog\/como-cuidar-un-ramo-de-tulipanes\/\">cuidados de los tulipanes<\/a>, una de las flores multicolores m\u00e1s vendidas de todo el mundo.<\/p>\n\n\n\n<figure class=\"wp-block-image aligncenter size-large is-resized\"><img loading=\"lazy\" decoding=\"async\" width=\"1024\" height=\"664\" src=\"https:\/\/www.interflora.es\/blog\/wp-content\/uploads\/tulipanes-molinos-holanda-1024x664.jpg\" alt=\"Molinos de viento y tulipanes de Holanda\" class=\"wp-image-15952\" style=\"width:768px;height:498px\" srcset=\"https:\/\/www.interflora.es\/blog\/wp-content\/uploads\/tulipanes-molinos-holanda-1024x664.jpg 1024w, https:\/\/www.interflora.es\/blog\/wp-content\/uploads\/tulipanes-molinos-holanda-300x195.jpg 300w, https:\/\/www.interflora.es\/blog\/wp-content\/uploads\/tulipanes-molinos-holanda-768x498.jpg 768w, https:\/\/www.interflora.es\/blog\/wp-content\/uploads\/tulipanes-molinos-holanda-1536x996.jpg 1536w, https:\/\/www.interflora.es\/blog\/wp-content\/uploads\/tulipanes-molinos-holanda-2048x1328.jpg 2048w\" sizes=\"auto, (max-width: 1024px) 100vw, 1024px\" \/><\/figure>\n\n\n\n<div style=\"height:30px\" aria-hidden=\"true\" class=\"wp-block-spacer\"><\/div>\n\n\n\n<h2 class=\"wp-block-heading alignwide\"><strong>El origen de la flor del tulip\u00e1n<\/strong><\/h2>\n\n\n\n<p>Aunque la historia de la <strong>flor del tulip\u00e1n<\/strong> est\u00e1 muy ligada a Holanda, pocas personas saben que su <strong>origen <\/strong>se remonta a la antigua Persia y al Imperio otomano. Los tulipanes se descubrieron en los <strong>montes de Mongolia <\/strong>y se extendieron durante el imperio de Gengis Kan hasta la pen\u00ednsula de Anatolia. Los <strong>turcos <\/strong>empezaron a utilizarlos en sus jardines, fascinados por la belleza y el r\u00e1pido crecimiento de estas flores. De hecho, \u201ctulip\u00e1n\u201d en persa significa <strong><em>turbante<\/em><\/strong>, por la similitud entre la flor y el tocado oriental, y es un s\u00edmbolo sagrado tanto en Ir\u00e1n como en Turqu\u00eda.<\/p>\n\n\n\n<div style=\"height:5px\" aria-hidden=\"true\" class=\"wp-block-spacer\"><\/div>\n\n\n<div class=\"lp-produits-grid\"><div class=\"lp-produit\"><div class=\"lp-thumbnail-wrapper\"><img loading=\"lazy\" decoding=\"async\" width=\"300\" height=\"300\" src=\"https:\/\/www.interflora.es\/blog\/wp-content\/uploads\/2025\/04\/1735227545-fwd007-m-key-2-300x300.jpg\" class=\"attachment-medium size-medium wp-post-image\" alt=\"\" srcset=\"https:\/\/www.interflora.es\/blog\/wp-content\/uploads\/2025\/04\/1735227545-fwd007-m-key-2-300x300.jpg 300w, https:\/\/www.interflora.es\/blog\/wp-content\/uploads\/2025\/04\/1735227545-fwd007-m-key-2-1024x1024.jpg 1024w, https:\/\/www.interflora.es\/blog\/wp-content\/uploads\/2025\/04\/1735227545-fwd007-m-key-2-150x150.jpg 150w, https:\/\/www.interflora.es\/blog\/wp-content\/uploads\/2025\/04\/1735227545-fwd007-m-key-2-768x768.jpg 768w, https:\/\/www.interflora.es\/blog\/wp-content\/uploads\/2025\/04\/1735227545-fwd007-m-key-2-1536x1536.jpg 1536w, https:\/\/www.interflora.es\/blog\/wp-content\/uploads\/2025\/04\/1735227545-fwd007-m-key-2-2048x2048.jpg 2048w\" sizes=\"auto, (max-width: 300px) 100vw, 300px\" \/><img decoding=\"async\" class=\"lp-badge\" src=\"https:\/\/prodblog.interflora.es\/blog\/wp-content\/uploads\/2025\/04\/220422_INTERFLORA_Main_Logo_rgb_Main_Color.png\" alt=\"Entrega r\u00e1pida\"><\/div><span>Ramo de Tulipanes Amarillos<\/span><p>29.99 \u20ac<\/p><span class=\"obf-link lp-cta\" role=\"link\" tabindex=\"0\" data-b64=\"aHR0cHM6Ly93d3cuaW50ZXJmbG9yYS5lcy9wL3JhbW8tZGUtdHVsaXBhbmVzLWFtYXJpbGxvcy8xP3V0bV9tZWRpdW09b3JnYW5pYyZ1dG1fc291cmNlPWJsb2dfcHJvZHVjdHMmdXRtX2NhbXBhaWduPUZXRDAwNw==\" data-target=\"_blank\"><svg xmlns=\"http:\/\/www.w3.org\/2000\/svg\" width=\"16\" height=\"16\" fill=\"currentColor\" class=\"bi bi-bag\" viewBox=\"0 0 16 16\"><path d=\"M8 1a2 2 0 0 1 2 2v1h2.5A1.5 1.5 0 0 1 14 5.5v8A1.5 1.5 0 0 1 12.5 15h-9A1.5 1.5 0 0 1 2 13.5v-8A1.5 1.5 0 0 1 3.5 3H6V2a2 2 0 0 1 2-1zm1 3V3a1 1 0 0 0-2 0v1h2z\"\/><\/svg>Comprar<\/span><p class=\"rapido\">Env\u00edo r\u00e1pido<\/p><\/div><div class=\"lp-produit\"><div class=\"lp-thumbnail-wrapper\"><img loading=\"lazy\" decoding=\"async\" width=\"300\" height=\"300\" src=\"https:\/\/www.interflora.es\/blog\/wp-content\/uploads\/2025\/12\/1766488441-ff174-s-tulipanes-arcoiris-300x300.jpg\" class=\"attachment-medium size-medium wp-post-image\" alt=\"\" srcset=\"https:\/\/www.interflora.es\/blog\/wp-content\/uploads\/2025\/12\/1766488441-ff174-s-tulipanes-arcoiris-300x300.jpg 300w, https:\/\/www.interflora.es\/blog\/wp-content\/uploads\/2025\/12\/1766488441-ff174-s-tulipanes-arcoiris-1024x1024.jpg 1024w, https:\/\/www.interflora.es\/blog\/wp-content\/uploads\/2025\/12\/1766488441-ff174-s-tulipanes-arcoiris-150x150.jpg 150w, https:\/\/www.interflora.es\/blog\/wp-content\/uploads\/2025\/12\/1766488441-ff174-s-tulipanes-arcoiris-768x768.jpg 768w, https:\/\/www.interflora.es\/blog\/wp-content\/uploads\/2025\/12\/1766488441-ff174-s-tulipanes-arcoiris-1536x1536.jpg 1536w, https:\/\/www.interflora.es\/blog\/wp-content\/uploads\/2025\/12\/1766488441-ff174-s-tulipanes-arcoiris-2048x2048.jpg 2048w\" sizes=\"auto, (max-width: 300px) 100vw, 300px\" \/><img decoding=\"async\" class=\"lp-badge\" src=\"https:\/\/prodblog.interflora.es\/blog\/wp-content\/uploads\/2025\/04\/220422_INTERFLORA_Main_Logo_rgb_Main_Color.png\" alt=\"Entrega r\u00e1pida\"><\/div><span>Tulipanes Arcoiris<\/span><p>37.99 \u20ac<\/p><span class=\"obf-link lp-cta\" role=\"link\" tabindex=\"0\" data-b64=\"aHR0cHM6Ly93d3cuaW50ZXJmbG9yYS5lcy9wL3R1bGlwYW5lcy1tdWx0aWNvbG9yLzE\/dXRtX21lZGl1bT1vcmdhbmljJnV0bV9zb3VyY2U9YmxvZ19wcm9kdWN0cyZ1dG1fY2FtcGFpZ249RkYxNzQ=\" data-target=\"_blank\"><svg xmlns=\"http:\/\/www.w3.org\/2000\/svg\" width=\"16\" height=\"16\" fill=\"currentColor\" class=\"bi bi-bag\" viewBox=\"0 0 16 16\"><path d=\"M8 1a2 2 0 0 1 2 2v1h2.5A1.5 1.5 0 0 1 14 5.5v8A1.5 1.5 0 0 1 12.5 15h-9A1.5 1.5 0 0 1 2 13.5v-8A1.5 1.5 0 0 1 3.5 3H6V2a2 2 0 0 1 2-1zm1 3V3a1 1 0 0 0-2 0v1h2z\"\/><\/svg>Comprar<\/span><p class=\"rapido\">Entrega urgente<\/p><\/div><div class=\"lp-produit\"><div class=\"lp-thumbnail-wrapper\"><img loading=\"lazy\" decoding=\"async\" width=\"300\" height=\"300\" src=\"https:\/\/www.interflora.es\/blog\/wp-content\/uploads\/2025\/12\/1766488524-ff122-s-tulipanes-de-amor-zoom-key-300x300.jpg\" class=\"attachment-medium size-medium wp-post-image\" alt=\"\" srcset=\"https:\/\/www.interflora.es\/blog\/wp-content\/uploads\/2025\/12\/1766488524-ff122-s-tulipanes-de-amor-zoom-key-300x300.jpg 300w, https:\/\/www.interflora.es\/blog\/wp-content\/uploads\/2025\/12\/1766488524-ff122-s-tulipanes-de-amor-zoom-key-1024x1024.jpg 1024w, https:\/\/www.interflora.es\/blog\/wp-content\/uploads\/2025\/12\/1766488524-ff122-s-tulipanes-de-amor-zoom-key-150x150.jpg 150w, https:\/\/www.interflora.es\/blog\/wp-content\/uploads\/2025\/12\/1766488524-ff122-s-tulipanes-de-amor-zoom-key-768x768.jpg 768w, https:\/\/www.interflora.es\/blog\/wp-content\/uploads\/2025\/12\/1766488524-ff122-s-tulipanes-de-amor-zoom-key-1536x1536.jpg 1536w, https:\/\/www.interflora.es\/blog\/wp-content\/uploads\/2025\/12\/1766488524-ff122-s-tulipanes-de-amor-zoom-key-2048x2048.jpg 2048w\" sizes=\"auto, (max-width: 300px) 100vw, 300px\" \/><img decoding=\"async\" class=\"lp-badge\" src=\"https:\/\/prodblog.interflora.es\/blog\/wp-content\/uploads\/2025\/04\/220422_INTERFLORA_Main_Logo_rgb_Main_Color.png\" alt=\"Entrega r\u00e1pida\"><\/div><span>Tulipanes de Amor<\/span><p>39.99 \u20ac<\/p><span class=\"obf-link lp-cta\" role=\"link\" tabindex=\"0\" data-b64=\"aHR0cHM6Ly93d3cuaW50ZXJmbG9yYS5lcy9wL3R1bGlwYW5lcy1yb2pvcy1yb3Nhcy8xP3V0bV9tZWRpdW09b3JnYW5pYyZ1dG1fc291cmNlPWJsb2dfcHJvZHVjdHMmdXRtX2NhbXBhaWduPUZGMTIy\" data-target=\"_blank\"><svg xmlns=\"http:\/\/www.w3.org\/2000\/svg\" width=\"16\" height=\"16\" fill=\"currentColor\" class=\"bi bi-bag\" viewBox=\"0 0 16 16\"><path d=\"M8 1a2 2 0 0 1 2 2v1h2.5A1.5 1.5 0 0 1 14 5.5v8A1.5 1.5 0 0 1 12.5 15h-9A1.5 1.5 0 0 1 2 13.5v-8A1.5 1.5 0 0 1 3.5 3H6V2a2 2 0 0 1 2-1zm1 3V3a1 1 0 0 0-2 0v1h2z\"\/><\/svg>Comprar<\/span><p class=\"rapido\">Entrega urgente<\/p><\/div><div class=\"lp-produit\"><div class=\"lp-thumbnail-wrapper\"><img loading=\"lazy\" decoding=\"async\" width=\"300\" height=\"300\" src=\"https:\/\/www.interflora.es\/blog\/wp-content\/uploads\/2025\/11\/1706255897-regina-hd-1-300x300.jpg\" class=\"attachment-medium size-medium wp-post-image\" alt=\"\" srcset=\"https:\/\/www.interflora.es\/blog\/wp-content\/uploads\/2025\/11\/1706255897-regina-hd-1-300x300.jpg 300w, https:\/\/www.interflora.es\/blog\/wp-content\/uploads\/2025\/11\/1706255897-regina-hd-1-1024x1024.jpg 1024w, https:\/\/www.interflora.es\/blog\/wp-content\/uploads\/2025\/11\/1706255897-regina-hd-1-150x150.jpg 150w, https:\/\/www.interflora.es\/blog\/wp-content\/uploads\/2025\/11\/1706255897-regina-hd-1-768x768.jpg 768w, https:\/\/www.interflora.es\/blog\/wp-content\/uploads\/2025\/11\/1706255897-regina-hd-1.jpg 1400w\" sizes=\"auto, (max-width: 300px) 100vw, 300px\" \/><img decoding=\"async\" class=\"lp-badge\" src=\"https:\/\/prodblog.interflora.es\/blog\/wp-content\/uploads\/2025\/04\/220422_INTERFLORA_Main_Logo_rgb_Main_Color.png\" alt=\"Entrega r\u00e1pida\"><\/div><span>Reina de corazones<\/span><p>29.99 \u20ac<\/p><span class=\"obf-link lp-cta\" role=\"link\" tabindex=\"0\" data-b64=\"aHR0cHM6Ly93d3cuaW50ZXJmbG9yYS5lcy9wL3JlaW5hLWRlLWNvcmF6b25lcy8xP3V0bV9tZWRpdW09b3JnYW5pYyZ1dG1fc291cmNlPWJsb2dfcHJvZHVjdHMmdXRtX2NhbXBhaWduPUZXRDA0MA==\" data-target=\"_blank\"><svg xmlns=\"http:\/\/www.w3.org\/2000\/svg\" width=\"16\" height=\"16\" fill=\"currentColor\" class=\"bi bi-bag\" viewBox=\"0 0 16 16\"><path d=\"M8 1a2 2 0 0 1 2 2v1h2.5A1.5 1.5 0 0 1 14 5.5v8A1.5 1.5 0 0 1 12.5 15h-9A1.5 1.5 0 0 1 2 13.5v-8A1.5 1.5 0 0 1 3.5 3H6V2a2 2 0 0 1 2-1zm1 3V3a1 1 0 0 0-2 0v1h2z\"\/><\/svg>Comprar<\/span><p class=\"rapido\">Entrega urgente<\/p><\/div><\/div>\n\n\n\n<div style=\"height:5px\" aria-hidden=\"true\" class=\"wp-block-spacer\"><\/div>\n\n\n\n<h3 class=\"wp-block-heading alignwide\"><strong>\u00bfC\u00f3mo llegaron los tulipanes a Holanda?&nbsp;<\/strong><\/h3>\n\n\n\n<p>Llama la atenci\u00f3n que, a pesar de sus or\u00edgenes orientales, hoy en d\u00eda los tulipanes m\u00e1s famosos sean los <strong>tulipanes de Holanda<\/strong>, donde cubren sus campos y cuentan incluso con su propia fiesta nacional: el 18 de enero. Esta flor es todo un s\u00edmbolo de los Pa\u00edses Bajos y este pa\u00eds es su mayor exportador. Pero, \u00bfc\u00f3mo llegaron los tulipanes a Holanda?<\/p>\n\n\n\n<p>La historia nos cuenta que el <strong>embajador de Austria <\/strong>descubri\u00f3 los tulipanes durante su estancia en <strong>Turqu\u00eda <\/strong>en el siglo XVI. Asombrado por su belleza, colorido y exotismo, consigui\u00f3 llevar semillas de tulipanes a su regreso a <strong>Viena<\/strong>, por aquel entonces frontera entre Oriente y Occidente. All\u00ed se encontraba <strong>Charles de l\u2019\u00c9cluse <\/strong>(Carolus Clusius), uno de los bot\u00e1nicos m\u00e1s influyentes del Renacimiento, que trabajaba para la corte de Maximiliano II como m\u00e9dico y jardinero. Despu\u00e9s de dejar Viena, L\u2019\u00c9cluse se traslad\u00f3 a <strong>Leiden<\/strong> como profesor e introdujo esta flor en los<strong> Pa\u00edses Bajos<\/strong>, pues el suelo arenoso de la regi\u00f3n y la cercan\u00eda del mar eran muy propicios para el crecimiento de los tulipanes.<\/p>\n\n\n\n<p>Los <strong>bulbos de tulipanes<\/strong> enseguida suscitaron un gran inter\u00e9s y entusiasmo y L\u2019\u00c9cluse empez\u00f3 a cultivar variedades ex\u00f3ticas, aunque solo las compart\u00eda con su c\u00edrculo m\u00e1s \u00edntimo, como el pintor Pedro Pablo Rubens. Ante la fascinaci\u00f3n de los comerciantes por esta planta, L\u2019\u00c9cluse decidi\u00f3 fijar un precio desorbitado por sus bulbos y, por este motivo, una noche alguien entr\u00f3 en su jard\u00edn y se los rob\u00f3. A pesar de carecer de olor y propiedades medicinales,<strong> el tulip\u00e1n <\/strong>era una flor muy apreciada por su belleza y sol\u00eda utilizarse como ornamento.<\/p>\n\n\n\n<h3 class=\"wp-block-heading alignwide\"><strong>La crisis de los tulipanes en Holanda o <\/strong><strong><em>tulipoman\u00eda<\/em><\/strong><\/h3>\n\n\n\n<p>El uso de los tulipanes se populariz\u00f3 en la segunda mitad del siglo XVI, cuando Holanda empez\u00f3 a comercializar estas flores de forma muy lucrativa. Tal fue la especulaci\u00f3n, que el alza de los precios de los <strong>bulbos de tulip\u00e1n<\/strong> provoc\u00f3 una de las mayores crisis econ\u00f3micas del pa\u00eds hacia el a\u00f1o 1637.&nbsp;<\/p>\n\n\n\n<p>Durante esta crisis, conocida como \u201c<strong>tulipoman\u00eda<\/strong>\u201d, un \u00fanico bulbo de tulip\u00e1n pod\u00eda rondar los 1000 florines, cuando los ingresos medios anuales eran de unos 150 florines. De hecho, se pod\u00eda comprar una casa en el canal de \u00c1msterdam por el precio de un bulbo.<\/p>\n\n\n\n<p>Pensando que nunca se devaluar\u00edan, los holandeses m\u00e1s acaudalados decidieron invertir grandes sumas de dinero en estos bulbos hasta que la epidemia de la peste bub\u00f3nica agrav\u00f3 la situaci\u00f3n. Algunos inversores consiguieron vender antes del estallido de la burbuja (la primera registrada de la historia), pero otros se arruinaron y se encontraron con cientos de tulipanes sin vender.<\/p>\n\n\n\n<p>Por suerte, hoy en d\u00eda los <strong>tulipanes<\/strong> se han convertido en uno de los pilares de la econom\u00eda holandesa y se pueden comprar <strong>tulipanes de Holanda<\/strong> en la mayor parte de pa\u00edses del mundo. En Pa\u00edses Bajos se encuentra el mercado de flores m\u00e1s grande del mundo, el Royal FloraHolland, donde se subastan 27 millones de flores cada d\u00eda.<\/p>\n\n\n\n<h2 class=\"wp-block-heading alignwide\"><strong>\u00bfC\u00f3mo cultivar y cuidar tulipanes de Holanda?<\/strong><\/h2>\n\n\n\n<p>El tulip\u00e1n bot\u00e1nico (o tulipa) es una de las plantas <strong>m\u00e1s vistosas y con mayor variedad<\/strong> que podr\u00e1s encontrar en el mercado. Existen unas 150 especies silvestres de tulipanes holandeses, aunque los h\u00edbridos y variedades cultivadas son innumerables.&nbsp;<\/p>\n\n\n\n<h3 class=\"wp-block-heading alignwide\"><strong>Los bulbos de los tulipanes de Holanda<\/strong><\/h3>\n\n\n\n<div class=\"wp-block-media-text alignwide is-stacked-on-mobile\"><figure class=\"wp-block-media-text__media\"><img decoding=\"async\" src=\"https:\/\/www.interflora.es\/blog\/wp-content\/uploads\/2022\/10\/shutterstock_1913084221-scaled-1-1024x683.jpg\" alt=\"bulbos de tulipanes\" class=\"wp-image-11883 size-full\"\/><\/figure><div class=\"wp-block-media-text__content\">\n<p>Los <a href=\"https:\/\/www.interflora.es\/blog\/tulipanes-caracteristicas-cuidados-y-significado\/\">tulipanes<\/a> crecen a partir de un bulbo. Estos<strong> bulbos<\/strong> <strong>son f\u00e1ciles de encontrar en los comercios<\/strong> a precios muy asequibles<\/p>\n\n\n\n<p>Puedes plantarlos en macetas, en el jard\u00edn o en <strong>el campo desde septiembre a enero<\/strong>. Los meses centrales del oto\u00f1o son los m\u00e1s habituales, ya que, si se siembran antes de que la tierra se ponga fr\u00eda y dura, se podr\u00e1 lograr un buen crecimiento y una gran floraci\u00f3n. Los bulbos de los tulipanes de Holanda se pueden sembrar con un <strong>sustrato universal<\/strong>, y hay que enterrarlos en la tierra <strong>a 8 cm de profundidad, dejando <\/strong>una distancia de 15 a 20 cm entre uno. Si los plantas en maceta, puedes juntarlos bastante para que se apoyen entre ellos al crecer.<\/p>\n<\/div><\/div>\n\n\n\n<div style=\"height:30px\" aria-hidden=\"true\" class=\"wp-block-spacer\"><\/div>\n\n\n\n<h3 class=\"wp-block-heading alignwide\"><strong>C\u00f3mo plantar los bulbos de los tulipanes de Holanda<\/strong><\/h3>\n\n\n\n<p>Los <strong>bulbos de los tulipanes de Holanda<\/strong> se deben plantar en un suelo ligero y con un sustrato con buen drenaje, ya que no soportan los excesos de humedad. Ponlos en la tierra del jard\u00edn con la parte semiesf\u00e9rica del bulbo hacia abajo, para que broten las ra\u00edces.&nbsp; Los tallos y las flores nacer\u00e1n de la parte puntiaguda de los bulbos. Despu\u00e9s, c\u00fabrelos con tierra o sustrato<strong> <\/strong>hasta la altura adecuada, dejando la tierra suelta y aireada.<strong>&nbsp;<\/strong><\/p>\n\n\n\n<p>En cuanto a su ubicaci\u00f3n, lo mejor es <strong>sembrarlos en un lugar soleado<\/strong>, ya que los tulipanes de Holanda necesitan mucha luz, pero sin estar directamente expuestos a los rayos de sol. Despu\u00e9s, <strong>riegalos suavemente sin encharcarlos <\/strong>y no los vuelvas a regar hasta que veas que la tierra est\u00e1 muy seca. Para regar los tulipanes de Holanda tienes que saber que necesitan bastante agua, pero evitando la humedad permanente o la sequ\u00eda total.<\/p>\n\n\n\n<div style=\"height:5px\" aria-hidden=\"true\" class=\"wp-block-spacer\"><\/div>\n\n\n<div class=\"lp-produits-grid\"><div class=\"lp-produit\"><div class=\"lp-thumbnail-wrapper\"><img loading=\"lazy\" decoding=\"async\" width=\"300\" height=\"300\" src=\"https:\/\/www.interflora.es\/blog\/wp-content\/uploads\/2025\/04\/1740060389-ff034-sp-2-300x300.jpg\" class=\"attachment-medium size-medium wp-post-image\" alt=\"\" srcset=\"https:\/\/www.interflora.es\/blog\/wp-content\/uploads\/2025\/04\/1740060389-ff034-sp-2-300x300.jpg 300w, https:\/\/www.interflora.es\/blog\/wp-content\/uploads\/2025\/04\/1740060389-ff034-sp-2-1024x1024.jpg 1024w, https:\/\/www.interflora.es\/blog\/wp-content\/uploads\/2025\/04\/1740060389-ff034-sp-2-150x150.jpg 150w, https:\/\/www.interflora.es\/blog\/wp-content\/uploads\/2025\/04\/1740060389-ff034-sp-2-768x768.jpg 768w, https:\/\/www.interflora.es\/blog\/wp-content\/uploads\/2025\/04\/1740060389-ff034-sp-2-1536x1536.jpg 1536w, https:\/\/www.interflora.es\/blog\/wp-content\/uploads\/2025\/04\/1740060389-ff034-sp-2-2048x2048.jpg 2048w\" sizes=\"auto, (max-width: 300px) 100vw, 300px\" \/><img decoding=\"async\" class=\"lp-badge\" src=\"https:\/\/prodblog.interflora.es\/blog\/wp-content\/uploads\/2025\/04\/220422_INTERFLORA_Main_Logo_rgb_Main_Color.png\" alt=\"Entrega r\u00e1pida\"><\/div><span>Sonrisa de Color<\/span><p>49.99 \u20ac<\/p><span class=\"obf-link lp-cta\" role=\"link\" tabindex=\"0\" data-b64=\"aHR0cHM6Ly93d3cuaW50ZXJmbG9yYS5lcy9wL3JhbW8tY3JlYXRpdm8tZGVsLWZsb3Jpc3RhLWNvbi10dWxpcGFuZXMtbXVsdGljb2xvci8xP3V0bV9tZWRpdW09b3JnYW5pYyZ1dG1fc291cmNlPWJsb2dfcHJvZHVjdHMmdXRtX2NhbXBhaWduPUYwMjYw\" data-target=\"_blank\"><svg xmlns=\"http:\/\/www.w3.org\/2000\/svg\" width=\"16\" height=\"16\" fill=\"currentColor\" class=\"bi bi-bag\" viewBox=\"0 0 16 16\"><path d=\"M8 1a2 2 0 0 1 2 2v1h2.5A1.5 1.5 0 0 1 14 5.5v8A1.5 1.5 0 0 1 12.5 15h-9A1.5 1.5 0 0 1 2 13.5v-8A1.5 1.5 0 0 1 3.5 3H6V2a2 2 0 0 1 2-1zm1 3V3a1 1 0 0 0-2 0v1h2z\"\/><\/svg>Comprar<\/span><p class=\"rapido\">Flores y plantas elegidas con mimo<\/p><\/div><div class=\"lp-produit\"><div class=\"lp-thumbnail-wrapper\"><img loading=\"lazy\" decoding=\"async\" width=\"300\" height=\"300\" src=\"https:\/\/www.interflora.es\/blog\/wp-content\/uploads\/2025\/04\/1736407687-bf013-hd-1-2-300x300.jpg\" class=\"attachment-medium size-medium wp-post-image\" alt=\"\" srcset=\"https:\/\/www.interflora.es\/blog\/wp-content\/uploads\/2025\/04\/1736407687-bf013-hd-1-2-300x300.jpg 300w, https:\/\/www.interflora.es\/blog\/wp-content\/uploads\/2025\/04\/1736407687-bf013-hd-1-2-1024x1024.jpg 1024w, https:\/\/www.interflora.es\/blog\/wp-content\/uploads\/2025\/04\/1736407687-bf013-hd-1-2-150x150.jpg 150w, https:\/\/www.interflora.es\/blog\/wp-content\/uploads\/2025\/04\/1736407687-bf013-hd-1-2-768x768.jpg 768w, https:\/\/www.interflora.es\/blog\/wp-content\/uploads\/2025\/04\/1736407687-bf013-hd-1-2-1536x1536.jpg 1536w, https:\/\/www.interflora.es\/blog\/wp-content\/uploads\/2025\/04\/1736407687-bf013-hd-1-2-2048x2048.jpg 2048w\" sizes=\"auto, (max-width: 300px) 100vw, 300px\" \/><img decoding=\"async\" class=\"lp-badge\" src=\"https:\/\/prodblog.interflora.es\/blog\/wp-content\/uploads\/2025\/04\/220422_INTERFLORA_Main_Logo_rgb_Main_Color.png\" alt=\"Entrega r\u00e1pida\"><\/div><span>Pack: Tulipanes + Chocolate<\/span><p>47.99 \u20ac<\/p><span class=\"obf-link lp-cta\" role=\"link\" tabindex=\"0\" data-b64=\"aHR0cHM6Ly93d3cuaW50ZXJmbG9yYS5lcy9wL3JhbW8tbXVsdGljb2xvci1kZS10dWxpcGFuZXMtY2hvY29sYXRlLzE\/dXRtX21lZGl1bT1vcmdhbmljJnV0bV9zb3VyY2U9YmxvZ19wcm9kdWN0cyZ1dG1fY2FtcGFpZ249RjAyMTI=\" data-target=\"_blank\"><svg xmlns=\"http:\/\/www.w3.org\/2000\/svg\" width=\"16\" height=\"16\" fill=\"currentColor\" class=\"bi bi-bag\" viewBox=\"0 0 16 16\"><path d=\"M8 1a2 2 0 0 1 2 2v1h2.5A1.5 1.5 0 0 1 14 5.5v8A1.5 1.5 0 0 1 12.5 15h-9A1.5 1.5 0 0 1 2 13.5v-8A1.5 1.5 0 0 1 3.5 3H6V2a2 2 0 0 1 2-1zm1 3V3a1 1 0 0 0-2 0v1h2z\"\/><\/svg>Comprar<\/span><p class=\"rapido\">Entrega urgente<\/p><\/div><div class=\"lp-produit\"><div class=\"lp-thumbnail-wrapper\"><img loading=\"lazy\" decoding=\"async\" width=\"300\" height=\"300\" src=\"https:\/\/www.interflora.es\/blog\/wp-content\/uploads\/2025\/04\/1736321050-fw002-m-key-2-300x300.jpg\" class=\"attachment-medium size-medium wp-post-image\" alt=\"\" srcset=\"https:\/\/www.interflora.es\/blog\/wp-content\/uploads\/2025\/04\/1736321050-fw002-m-key-2-300x300.jpg 300w, https:\/\/www.interflora.es\/blog\/wp-content\/uploads\/2025\/04\/1736321050-fw002-m-key-2-1024x1024.jpg 1024w, https:\/\/www.interflora.es\/blog\/wp-content\/uploads\/2025\/04\/1736321050-fw002-m-key-2-150x150.jpg 150w, https:\/\/www.interflora.es\/blog\/wp-content\/uploads\/2025\/04\/1736321050-fw002-m-key-2-768x768.jpg 768w, https:\/\/www.interflora.es\/blog\/wp-content\/uploads\/2025\/04\/1736321050-fw002-m-key-2.jpg 1200w\" sizes=\"auto, (max-width: 300px) 100vw, 300px\" \/><img decoding=\"async\" class=\"lp-badge\" src=\"https:\/\/prodblog.interflora.es\/blog\/wp-content\/uploads\/2025\/04\/220422_INTERFLORA_Main_Logo_rgb_Main_Color.png\" alt=\"Entrega r\u00e1pida\"><\/div><span>Ramo de Tulipanes Blancos<\/span><p>29.99 \u20ac<\/p><span class=\"obf-link lp-cta\" role=\"link\" tabindex=\"0\" data-b64=\"aHR0cHM6Ly93d3cuaW50ZXJmbG9yYS5lcy9wL3JhbW8tZGUtdHVsaXBhbmVzLWJsYW5jb3MvMT91dG1fbWVkaXVtPW9yZ2FuaWMmdXRtX3NvdXJjZT1ibG9nX3Byb2R1Y3RzJnV0bV9jYW1wYWlnbj1GVzAyMg==\" data-target=\"_blank\"><svg xmlns=\"http:\/\/www.w3.org\/2000\/svg\" width=\"16\" height=\"16\" fill=\"currentColor\" class=\"bi bi-bag\" viewBox=\"0 0 16 16\"><path d=\"M8 1a2 2 0 0 1 2 2v1h2.5A1.5 1.5 0 0 1 14 5.5v8A1.5 1.5 0 0 1 12.5 15h-9A1.5 1.5 0 0 1 2 13.5v-8A1.5 1.5 0 0 1 3.5 3H6V2a2 2 0 0 1 2-1zm1 3V3a1 1 0 0 0-2 0v1h2z\"\/><\/svg>Comprar<\/span><p class=\"rapido\">Selecci\u00f3n Interflora<\/p><\/div><div class=\"lp-produit\"><div class=\"lp-thumbnail-wrapper\"><img loading=\"lazy\" decoding=\"async\" width=\"300\" height=\"300\" src=\"https:\/\/www.interflora.es\/blog\/wp-content\/uploads\/2025\/04\/1734597165-ff020-m-tulipani-zoom-key-1-300x300.jpg\" class=\"attachment-medium size-medium wp-post-image\" alt=\"\" srcset=\"https:\/\/www.interflora.es\/blog\/wp-content\/uploads\/2025\/04\/1734597165-ff020-m-tulipani-zoom-key-1-300x300.jpg 300w, https:\/\/www.interflora.es\/blog\/wp-content\/uploads\/2025\/04\/1734597165-ff020-m-tulipani-zoom-key-1-1024x1024.jpg 1024w, https:\/\/www.interflora.es\/blog\/wp-content\/uploads\/2025\/04\/1734597165-ff020-m-tulipani-zoom-key-1-150x150.jpg 150w, https:\/\/www.interflora.es\/blog\/wp-content\/uploads\/2025\/04\/1734597165-ff020-m-tulipani-zoom-key-1-768x768.jpg 768w, https:\/\/www.interflora.es\/blog\/wp-content\/uploads\/2025\/04\/1734597165-ff020-m-tulipani-zoom-key-1-1536x1536.jpg 1536w, https:\/\/www.interflora.es\/blog\/wp-content\/uploads\/2025\/04\/1734597165-ff020-m-tulipani-zoom-key-1-2048x2048.jpg 2048w\" sizes=\"auto, (max-width: 300px) 100vw, 300px\" \/><img decoding=\"async\" class=\"lp-badge\" src=\"https:\/\/prodblog.interflora.es\/blog\/wp-content\/uploads\/2025\/04\/220422_INTERFLORA_Main_Logo_rgb_Main_Color.png\" alt=\"Entrega r\u00e1pida\"><\/div><span>Tulipanes multicolor<\/span><p>37.99 \u20ac<\/p><span class=\"obf-link lp-cta\" role=\"link\" tabindex=\"0\" data-b64=\"aHR0cHM6Ly93d3cuaW50ZXJmbG9yYS5lcy9wL3JhbW8tbXVsdGljb2xvci1kZS10dWxpcGFuZXMtb2xkLzE\/dXRtX21lZGl1bT1vcmdhbmljJnV0bV9zb3VyY2U9YmxvZ19wcm9kdWN0cyZ1dG1fY2FtcGFpZ249RjAyMDk=\" data-target=\"_blank\"><svg xmlns=\"http:\/\/www.w3.org\/2000\/svg\" width=\"16\" height=\"16\" fill=\"currentColor\" class=\"bi bi-bag\" viewBox=\"0 0 16 16\"><path d=\"M8 1a2 2 0 0 1 2 2v1h2.5A1.5 1.5 0 0 1 14 5.5v8A1.5 1.5 0 0 1 12.5 15h-9A1.5 1.5 0 0 1 2 13.5v-8A1.5 1.5 0 0 1 3.5 3H6V2a2 2 0 0 1 2-1zm1 3V3a1 1 0 0 0-2 0v1h2z\"\/><\/svg>Comprar<\/span><p class=\"rapido\">Selecci\u00f3n Interflora<\/p><\/div><\/div>\n\n\n\n<div style=\"height:5px\" aria-hidden=\"true\" class=\"wp-block-spacer\"><\/div>\n\n\n\n<h3 class=\"wp-block-heading alignwide\"><strong>\u00bfCu\u00e1ndo empiezan a florecer los tulipanes en Holanda?<\/strong><\/h3>\n\n\n\n<p>La <strong>floraci\u00f3n de los bulbos se produce en primavera<\/strong>, desde finales de marzo hasta mediados de mayo, y da lugar a unas flores que no tienen fragancia, pero poseen los colores m\u00e1s hermosos y variados de la naturaleza. Si has plantado bastantes <strong>bulbos en tu jard\u00edn<\/strong>, ver\u00e1s que su temporada de floraci\u00f3n es todo un espect\u00e1culo de colores. Esta floraci\u00f3n de primavera se ha convertido en un atractivo tur\u00edstico en los campos de los Pa\u00edses Bajos. Sobre todo en Lisse, muy cerca de Amsterdam, donde se encuentra el parque <strong>Keukenhof<\/strong>. En sus 32 hect\u00e1reas, este parque cuenta con m\u00e1s de siete millones de bulbos y 800 variedades distintas de tulipanes. \u00bfImaginas el espect\u00e1culo que representa su floraci\u00f3n a partir de finales de marzo? No en vano, Keukenhof est\u00e1 considerado como uno de los espect\u00e1culos florales m\u00e1s grandes del mundo. \u00a1Ap\u00fantatelo porque es digno de visitar!<\/p>\n\n\n\n<figure class=\"wp-block-image aligncenter size-full\"><img loading=\"lazy\" decoding=\"async\" width=\"800\" height=\"533\" src=\"https:\/\/www.interflora.es\/blog\/wp-content\/uploads\/floracion-tulipanes-de-holanda.jpg\" alt=\"floraci\u00f3n de las tulipanes\" class=\"wp-image-16279\" srcset=\"https:\/\/www.interflora.es\/blog\/wp-content\/uploads\/floracion-tulipanes-de-holanda.jpg 800w, https:\/\/www.interflora.es\/blog\/wp-content\/uploads\/floracion-tulipanes-de-holanda-300x200.jpg 300w, https:\/\/www.interflora.es\/blog\/wp-content\/uploads\/floracion-tulipanes-de-holanda-768x512.jpg 768w\" sizes=\"auto, (max-width: 800px) 100vw, 800px\" \/><\/figure>\n\n\n\n<div style=\"height:30px\" aria-hidden=\"true\" class=\"wp-block-spacer\"><\/div>\n\n\n\n<h2 class=\"wp-block-heading alignwide\"><strong>Ramos de tulipanes de Holanda, un regalo para cualquier ocasi\u00f3n<\/strong><\/h2>\n\n\n\n<p>El significado de los tulipanes de Holanda var\u00eda en funci\u00f3n del color de sus p\u00e9talos, por lo que es un estupendo regalo para muchas ocasiones. Si quieres <a href=\"https:\/\/www.interflora.es\/c\/flores\/tulipanes\">comprar tulipanes<\/a> para hacer un bonito regalo a tu pareja, te recomendamos los <strong>tulipanes rojos<\/strong>, que simbolizan el amor verdadero. \u00a1Una idea estupenda para San Valent\u00edn que difiere de la cl\u00e1sica rosa roja! Para un amigo\/a, el <strong>color violeta<\/strong> es el m\u00e1s id\u00f3neo, ya que es sin\u00f3nimo de lealtad. Adem\u00e1s, son estupendos para regalar el d\u00eda de la mujer, por este color es el s\u00edmbolo de la lucha feminista. Los <strong>tulipanes blancos<\/strong> son un modo de pedir disculpas y <strong>los amarillos<\/strong> transmiten un mensaje de energ\u00eda y de esperanza. Sin embargo, si quieres sorprender y transmitir alegr\u00eda, <strong>mezcla los colores<\/strong> en un ramo de tulipanes multicolor.<\/p>\n\n\n\n<figure class=\"wp-block-image aligncenter size-full\"><img loading=\"lazy\" decoding=\"async\" width=\"800\" height=\"533\" src=\"https:\/\/www.interflora.es\/blog\/wp-content\/uploads\/ramo-de-tulipanes-de-holanda.jpg\" alt=\"Ramos de tulipanes de Holanda\" class=\"wp-image-16280\" srcset=\"https:\/\/www.interflora.es\/blog\/wp-content\/uploads\/ramo-de-tulipanes-de-holanda.jpg 800w, https:\/\/www.interflora.es\/blog\/wp-content\/uploads\/ramo-de-tulipanes-de-holanda-300x200.jpg 300w, https:\/\/www.interflora.es\/blog\/wp-content\/uploads\/ramo-de-tulipanes-de-holanda-768x512.jpg 768w\" sizes=\"auto, (max-width: 800px) 100vw, 800px\" \/><\/figure>\n\n\n\n<div style=\"height:30px\" aria-hidden=\"true\" class=\"wp-block-spacer\"><\/div>\n\n\n\n<p>Para cuidar tu ramo de tulipanes de Holanda, ponlo en un jarr\u00f3n alto con agua muy fresca, ya que, una vez cortadas, son las \u00fanicas <a href=\"https:\/\/www.interflora.es\/c\/flores\/primavera\">flores de primavera<\/a> que seguir\u00e1n creciendo en tu florero.&nbsp;<\/p>\n\n\n\n<div style=\"height:5px\" aria-hidden=\"true\" class=\"wp-block-spacer\"><\/div>\n\n\n<div class=\"lp-produits-grid\"><div class=\"lp-produit\"><div class=\"lp-thumbnail-wrapper\"><img loading=\"lazy\" decoding=\"async\" width=\"300\" height=\"300\" src=\"https:\/\/www.interflora.es\/blog\/wp-content\/uploads\/2025\/12\/1766488524-ff122-s-tulipanes-de-amor-zoom-key-300x300.jpg\" class=\"attachment-medium size-medium wp-post-image\" alt=\"\" srcset=\"https:\/\/www.interflora.es\/blog\/wp-content\/uploads\/2025\/12\/1766488524-ff122-s-tulipanes-de-amor-zoom-key-300x300.jpg 300w, https:\/\/www.interflora.es\/blog\/wp-content\/uploads\/2025\/12\/1766488524-ff122-s-tulipanes-de-amor-zoom-key-1024x1024.jpg 1024w, https:\/\/www.interflora.es\/blog\/wp-content\/uploads\/2025\/12\/1766488524-ff122-s-tulipanes-de-amor-zoom-key-150x150.jpg 150w, https:\/\/www.interflora.es\/blog\/wp-content\/uploads\/2025\/12\/1766488524-ff122-s-tulipanes-de-amor-zoom-key-768x768.jpg 768w, https:\/\/www.interflora.es\/blog\/wp-content\/uploads\/2025\/12\/1766488524-ff122-s-tulipanes-de-amor-zoom-key-1536x1536.jpg 1536w, https:\/\/www.interflora.es\/blog\/wp-content\/uploads\/2025\/12\/1766488524-ff122-s-tulipanes-de-amor-zoom-key-2048x2048.jpg 2048w\" sizes=\"auto, (max-width: 300px) 100vw, 300px\" \/><img decoding=\"async\" class=\"lp-badge\" src=\"https:\/\/prodblog.interflora.es\/blog\/wp-content\/uploads\/2025\/04\/220422_INTERFLORA_Main_Logo_rgb_Main_Color.png\" alt=\"Entrega r\u00e1pida\"><\/div><span>Tulipanes de Amor<\/span><p>39.99 \u20ac<\/p><span class=\"obf-link lp-cta\" role=\"link\" tabindex=\"0\" data-b64=\"aHR0cHM6Ly93d3cuaW50ZXJmbG9yYS5lcy9wL3R1bGlwYW5lcy1yb2pvcy1yb3Nhcy8xP3V0bV9tZWRpdW09b3JnYW5pYyZ1dG1fc291cmNlPWJsb2dfcHJvZHVjdHMmdXRtX2NhbXBhaWduPUZGMTIy\" data-target=\"_blank\"><svg xmlns=\"http:\/\/www.w3.org\/2000\/svg\" width=\"16\" height=\"16\" fill=\"currentColor\" class=\"bi bi-bag\" viewBox=\"0 0 16 16\"><path d=\"M8 1a2 2 0 0 1 2 2v1h2.5A1.5 1.5 0 0 1 14 5.5v8A1.5 1.5 0 0 1 12.5 15h-9A1.5 1.5 0 0 1 2 13.5v-8A1.5 1.5 0 0 1 3.5 3H6V2a2 2 0 0 1 2-1zm1 3V3a1 1 0 0 0-2 0v1h2z\"\/><\/svg>Comprar<\/span><p class=\"rapido\">Flores y plantas frescas<\/p><\/div><div class=\"lp-produit\"><div class=\"lp-thumbnail-wrapper\"><img loading=\"lazy\" decoding=\"async\" width=\"300\" height=\"300\" src=\"https:\/\/www.interflora.es\/blog\/wp-content\/uploads\/2025\/04\/1736407687-bf013-hd-1-2-300x300.jpg\" class=\"attachment-medium size-medium wp-post-image\" alt=\"\" srcset=\"https:\/\/www.interflora.es\/blog\/wp-content\/uploads\/2025\/04\/1736407687-bf013-hd-1-2-300x300.jpg 300w, https:\/\/www.interflora.es\/blog\/wp-content\/uploads\/2025\/04\/1736407687-bf013-hd-1-2-1024x1024.jpg 1024w, https:\/\/www.interflora.es\/blog\/wp-content\/uploads\/2025\/04\/1736407687-bf013-hd-1-2-150x150.jpg 150w, https:\/\/www.interflora.es\/blog\/wp-content\/uploads\/2025\/04\/1736407687-bf013-hd-1-2-768x768.jpg 768w, https:\/\/www.interflora.es\/blog\/wp-content\/uploads\/2025\/04\/1736407687-bf013-hd-1-2-1536x1536.jpg 1536w, https:\/\/www.interflora.es\/blog\/wp-content\/uploads\/2025\/04\/1736407687-bf013-hd-1-2-2048x2048.jpg 2048w\" sizes=\"auto, (max-width: 300px) 100vw, 300px\" \/><img decoding=\"async\" class=\"lp-badge\" src=\"https:\/\/prodblog.interflora.es\/blog\/wp-content\/uploads\/2025\/04\/220422_INTERFLORA_Main_Logo_rgb_Main_Color.png\" alt=\"Entrega r\u00e1pida\"><\/div><span>Pack: Tulipanes + Chocolate<\/span><p>47.99 \u20ac<\/p><span class=\"obf-link lp-cta\" role=\"link\" tabindex=\"0\" data-b64=\"aHR0cHM6Ly93d3cuaW50ZXJmbG9yYS5lcy9wL3JhbW8tbXVsdGljb2xvci1kZS10dWxpcGFuZXMtY2hvY29sYXRlLzE\/dXRtX21lZGl1bT1vcmdhbmljJnV0bV9zb3VyY2U9YmxvZ19wcm9kdWN0cyZ1dG1fY2FtcGFpZ249RjAyMTI=\" data-target=\"_blank\"><svg xmlns=\"http:\/\/www.w3.org\/2000\/svg\" width=\"16\" height=\"16\" fill=\"currentColor\" class=\"bi bi-bag\" viewBox=\"0 0 16 16\"><path d=\"M8 1a2 2 0 0 1 2 2v1h2.5A1.5 1.5 0 0 1 14 5.5v8A1.5 1.5 0 0 1 12.5 15h-9A1.5 1.5 0 0 1 2 13.5v-8A1.5 1.5 0 0 1 3.5 3H6V2a2 2 0 0 1 2-1zm1 3V3a1 1 0 0 0-2 0v1h2z\"\/><\/svg>Comprar<\/span><p class=\"rapido\">Env\u00edo r\u00e1pido<\/p><\/div><div class=\"lp-produit\"><div class=\"lp-thumbnail-wrapper\"><img loading=\"lazy\" decoding=\"async\" width=\"300\" height=\"300\" src=\"https:\/\/www.interflora.es\/blog\/wp-content\/uploads\/2025\/04\/1735227545-fwd007-m-key-2-300x300.jpg\" class=\"attachment-medium size-medium wp-post-image\" alt=\"\" srcset=\"https:\/\/www.interflora.es\/blog\/wp-content\/uploads\/2025\/04\/1735227545-fwd007-m-key-2-300x300.jpg 300w, https:\/\/www.interflora.es\/blog\/wp-content\/uploads\/2025\/04\/1735227545-fwd007-m-key-2-1024x1024.jpg 1024w, https:\/\/www.interflora.es\/blog\/wp-content\/uploads\/2025\/04\/1735227545-fwd007-m-key-2-150x150.jpg 150w, https:\/\/www.interflora.es\/blog\/wp-content\/uploads\/2025\/04\/1735227545-fwd007-m-key-2-768x768.jpg 768w, https:\/\/www.interflora.es\/blog\/wp-content\/uploads\/2025\/04\/1735227545-fwd007-m-key-2-1536x1536.jpg 1536w, https:\/\/www.interflora.es\/blog\/wp-content\/uploads\/2025\/04\/1735227545-fwd007-m-key-2-2048x2048.jpg 2048w\" sizes=\"auto, (max-width: 300px) 100vw, 300px\" \/><img decoding=\"async\" class=\"lp-badge\" src=\"https:\/\/prodblog.interflora.es\/blog\/wp-content\/uploads\/2025\/04\/220422_INTERFLORA_Main_Logo_rgb_Main_Color.png\" alt=\"Entrega r\u00e1pida\"><\/div><span>Ramo de Tulipanes Amarillos<\/span><p>29.99 \u20ac<\/p><span class=\"obf-link lp-cta\" role=\"link\" tabindex=\"0\" data-b64=\"aHR0cHM6Ly93d3cuaW50ZXJmbG9yYS5lcy9wL3JhbW8tZGUtdHVsaXBhbmVzLWFtYXJpbGxvcy8xP3V0bV9tZWRpdW09b3JnYW5pYyZ1dG1fc291cmNlPWJsb2dfcHJvZHVjdHMmdXRtX2NhbXBhaWduPUZXRDAwNw==\" data-target=\"_blank\"><svg xmlns=\"http:\/\/www.w3.org\/2000\/svg\" width=\"16\" height=\"16\" fill=\"currentColor\" class=\"bi bi-bag\" viewBox=\"0 0 16 16\"><path d=\"M8 1a2 2 0 0 1 2 2v1h2.5A1.5 1.5 0 0 1 14 5.5v8A1.5 1.5 0 0 1 12.5 15h-9A1.5 1.5 0 0 1 2 13.5v-8A1.5 1.5 0 0 1 3.5 3H6V2a2 2 0 0 1 2-1zm1 3V3a1 1 0 0 0-2 0v1h2z\"\/><\/svg>Comprar<\/span><p class=\"rapido\">Flores y plantas frescas<\/p><\/div><div class=\"lp-produit\"><div class=\"lp-thumbnail-wrapper\"><img loading=\"lazy\" decoding=\"async\" width=\"300\" height=\"300\" src=\"https:\/\/www.interflora.es\/blog\/wp-content\/uploads\/2025\/04\/1734597165-ff020-m-tulipani-zoom-key-1-300x300.jpg\" class=\"attachment-medium size-medium wp-post-image\" alt=\"\" srcset=\"https:\/\/www.interflora.es\/blog\/wp-content\/uploads\/2025\/04\/1734597165-ff020-m-tulipani-zoom-key-1-300x300.jpg 300w, https:\/\/www.interflora.es\/blog\/wp-content\/uploads\/2025\/04\/1734597165-ff020-m-tulipani-zoom-key-1-1024x1024.jpg 1024w, https:\/\/www.interflora.es\/blog\/wp-content\/uploads\/2025\/04\/1734597165-ff020-m-tulipani-zoom-key-1-150x150.jpg 150w, https:\/\/www.interflora.es\/blog\/wp-content\/uploads\/2025\/04\/1734597165-ff020-m-tulipani-zoom-key-1-768x768.jpg 768w, https:\/\/www.interflora.es\/blog\/wp-content\/uploads\/2025\/04\/1734597165-ff020-m-tulipani-zoom-key-1-1536x1536.jpg 1536w, https:\/\/www.interflora.es\/blog\/wp-content\/uploads\/2025\/04\/1734597165-ff020-m-tulipani-zoom-key-1-2048x2048.jpg 2048w\" sizes=\"auto, (max-width: 300px) 100vw, 300px\" \/><img decoding=\"async\" class=\"lp-badge\" src=\"https:\/\/prodblog.interflora.es\/blog\/wp-content\/uploads\/2025\/04\/220422_INTERFLORA_Main_Logo_rgb_Main_Color.png\" alt=\"Entrega r\u00e1pida\"><\/div><span>Tulipanes multicolor<\/span><p>37.99 \u20ac<\/p><span class=\"obf-link lp-cta\" role=\"link\" tabindex=\"0\" data-b64=\"aHR0cHM6Ly93d3cuaW50ZXJmbG9yYS5lcy9wL3JhbW8tbXVsdGljb2xvci1kZS10dWxpcGFuZXMtb2xkLzE\/dXRtX21lZGl1bT1vcmdhbmljJnV0bV9zb3VyY2U9YmxvZ19wcm9kdWN0cyZ1dG1fY2FtcGFpZ249RjAyMDk=\" data-target=\"_blank\"><svg xmlns=\"http:\/\/www.w3.org\/2000\/svg\" width=\"16\" height=\"16\" fill=\"currentColor\" class=\"bi bi-bag\" viewBox=\"0 0 16 16\"><path d=\"M8 1a2 2 0 0 1 2 2v1h2.5A1.5 1.5 0 0 1 14 5.5v8A1.5 1.5 0 0 1 12.5 15h-9A1.5 1.5 0 0 1 2 13.5v-8A1.5 1.5 0 0 1 3.5 3H6V2a2 2 0 0 1 2-1zm1 3V3a1 1 0 0 0-2 0v1h2z\"\/><\/svg>Comprar<\/span><p class=\"rapido\">Env\u00edo r\u00e1pido<\/p><\/div><\/div>\n","protected":false},"excerpt":{"rendered":"<p>Hay flores emblem\u00e1ticas que, con su sola presencia, evocan un pa\u00eds. Los tulipanes de Holanda, junto a sus molinos y [&hellip;]<\/p>\n","protected":false},"author":13,"featured_media":19637,"comment_status":"open","ping_status":"open","sticky":false,"template":"","format":"standard","meta":{"_acf_changed":false,"_uag_custom_page_level_css":"","site-sidebar-layout":"default","site-content-layout":"","ast-site-content-layout":"default","site-content-style":"default","site-sidebar-style":"default","ast-global-header-display":"","ast-banner-title-visibility":"","ast-main-header-display":"","ast-hfb-above-header-display":"","ast-hfb-below-header-display":"","ast-hfb-mobile-header-display":"","site-post-title":"","ast-breadcrumbs-content":"","ast-featured-img":"","footer-sml-layout":"","theme-transparent-header-meta":"","adv-header-id-meta":"","stick-header-meta":"","header-above-stick-meta":"","header-main-stick-meta":"","header-below-stick-meta":"","astra-migrate-meta-layouts":"set","ast-page-background-enabled":"default","ast-page-background-meta":{"desktop":{"background-color":"var(--ast-global-color-5)","background-image":"","background-repeat":"repeat","background-position":"center center","background-size":"auto","background-attachment":"scroll","background-type":"","background-media":"","overlay-type":"","overlay-color":"","overlay-opacity":"","overlay-gradient":""},"tablet":{"background-color":"","background-image":"","background-repeat":"repeat","background-position":"center center","background-size":"auto","background-attachment":"scroll","background-type":"","background-media":"","overlay-type":"","overlay-color":"","overlay-opacity":"","overlay-gradient":""},"mobile":{"background-color":"","background-image":"","background-repeat":"repeat","background-position":"center center","background-size":"auto","background-attachment":"scroll","background-type":"","background-media":"","overlay-type":"","overlay-color":"","overlay-opacity":"","overlay-gradient":""}},"ast-content-background-meta":{"desktop":{"background-color":"var(--ast-global-color-4)","background-image":"","background-repeat":"repeat","background-position":"center center","background-size":"auto","background-attachment":"scroll","background-type":"","background-media":"","overlay-type":"","overlay-color":"","overlay-opacity":"","overlay-gradient":""},"tablet":{"background-color":"var(--ast-global-color-4)","background-image":"","background-repeat":"repeat","background-position":"center center","background-size":"auto","background-attachment":"scroll","background-type":"","background-media":"","overlay-type":"","overlay-color":"","overlay-opacity":"","overlay-gradient":""},"mobile":{"background-color":"var(--ast-global-color-4)","background-image":"","background-repeat":"repeat","background-position":"center center","background-size":"auto","background-attachment":"scroll","background-type":"","background-media":"","overlay-type":"","overlay-color":"","overlay-opacity":"","overlay-gradient":""}},"footnotes":""},"categories":[28,29,186,203,134],"tags":[133],"class_list":["post-5755","post","type-post","status-publish","format-standard","has-post-thumbnail","hentry","category-flores-y-plantas","category-interflora-academy","category-invierno","category-primavera","category-tulipanes","tag-tulipanes"],"acf":[],"yoast_head":"<!-- This site is optimized with the Yoast SEO plugin v27.5 - https:\/\/yoast.com\/product\/yoast-seo-wordpress\/ -->\n<title>Tulipanes de Holanda \ud83c\udf37 origen, floraci\u00f3n y cuidados | Interflora<\/title>\n<meta name=\"description\" content=\"Los tulipanes de Holanda son el s\u00edmbolo de los Pa\u00edses Bajos por su belleza. Descubre estos bulbos, su floraci\u00f3n y cuidados con Interflora.\" \/>\n<meta name=\"robots\" content=\"index, follow, max-snippet:-1, max-image-preview:large, max-video-preview:-1\" \/>\n<link rel=\"canonical\" href=\"https:\/\/www.interflora.es\/blog\/tulipanes-de-holanda\/\" \/>\n<script type=\"application\/ld+json\" class=\"yoast-schema-graph\">{\"@context\":\"https:\\\/\\\/schema.org\",\"@graph\":[{\"@type\":\"Article\",\"@id\":\"https:\\\/\\\/www.interflora.es\\\/blog\\\/tulipanes-de-holanda\\\/#article\",\"isPartOf\":{\"@id\":\"https:\\\/\\\/www.interflora.es\\\/blog\\\/tulipanes-de-holanda\\\/\"},\"author\":{\"name\":\"Interflora\",\"@id\":\"https:\\\/\\\/www.interflora.es\\\/blog\\\/#\\\/schema\\\/person\\\/e3ecff50262948e365b92682cdc2a9d1\"},\"headline\":\"Tulipanes de Holanda\",\"datePublished\":\"2026-03-18T10:47:45+00:00\",\"dateModified\":\"2026-03-18T10:47:46+00:00\",\"mainEntityOfPage\":{\"@id\":\"https:\\\/\\\/www.interflora.es\\\/blog\\\/tulipanes-de-holanda\\\/\"},\"wordCount\":1551,\"commentCount\":0,\"publisher\":{\"@id\":\"https:\\\/\\\/www.interflora.es\\\/blog\\\/#organization\"},\"image\":{\"@id\":\"https:\\\/\\\/www.interflora.es\\\/blog\\\/tulipanes-de-holanda\\\/#primaryimage\"},\"thumbnailUrl\":\"https:\\\/\\\/www.interflora.es\\\/blog\\\/wp-content\\\/uploads\\\/2024\\\/01\\\/tulipanes-molinos-holanda-1-scaled-1.jpg\",\"keywords\":[\"tulipanes\"],\"articleSection\":[\"Flores y plantas\",\"Interflora Academy\",\"Invierno\",\"Primavera\",\"Tulipanes\"],\"inLanguage\":\"es\",\"potentialAction\":[{\"@type\":\"CommentAction\",\"name\":\"Comment\",\"target\":[\"https:\\\/\\\/www.interflora.es\\\/blog\\\/tulipanes-de-holanda\\\/#respond\"]}]},{\"@type\":\"WebPage\",\"@id\":\"https:\\\/\\\/www.interflora.es\\\/blog\\\/tulipanes-de-holanda\\\/\",\"url\":\"https:\\\/\\\/www.interflora.es\\\/blog\\\/tulipanes-de-holanda\\\/\",\"name\":\"Tulipanes de Holanda \ud83c\udf37 origen, floraci\u00f3n y cuidados | Interflora\",\"isPartOf\":{\"@id\":\"https:\\\/\\\/www.interflora.es\\\/blog\\\/#website\"},\"primaryImageOfPage\":{\"@id\":\"https:\\\/\\\/www.interflora.es\\\/blog\\\/tulipanes-de-holanda\\\/#primaryimage\"},\"image\":{\"@id\":\"https:\\\/\\\/www.interflora.es\\\/blog\\\/tulipanes-de-holanda\\\/#primaryimage\"},\"thumbnailUrl\":\"https:\\\/\\\/www.interflora.es\\\/blog\\\/wp-content\\\/uploads\\\/2024\\\/01\\\/tulipanes-molinos-holanda-1-scaled-1.jpg\",\"datePublished\":\"2026-03-18T10:47:45+00:00\",\"dateModified\":\"2026-03-18T10:47:46+00:00\",\"description\":\"Los tulipanes de Holanda son el s\u00edmbolo de los Pa\u00edses Bajos por su belleza. Descubre estos bulbos, su floraci\u00f3n y cuidados con Interflora.\",\"breadcrumb\":{\"@id\":\"https:\\\/\\\/www.interflora.es\\\/blog\\\/tulipanes-de-holanda\\\/#breadcrumb\"},\"inLanguage\":\"es\",\"potentialAction\":[{\"@type\":\"ReadAction\",\"target\":[\"https:\\\/\\\/www.interflora.es\\\/blog\\\/tulipanes-de-holanda\\\/\"]}]},{\"@type\":\"ImageObject\",\"inLanguage\":\"es\",\"@id\":\"https:\\\/\\\/www.interflora.es\\\/blog\\\/tulipanes-de-holanda\\\/#primaryimage\",\"url\":\"https:\\\/\\\/www.interflora.es\\\/blog\\\/wp-content\\\/uploads\\\/2024\\\/01\\\/tulipanes-molinos-holanda-1-scaled-1.jpg\",\"contentUrl\":\"https:\\\/\\\/www.interflora.es\\\/blog\\\/wp-content\\\/uploads\\\/2024\\\/01\\\/tulipanes-molinos-holanda-1-scaled-1.jpg\",\"width\":2560,\"height\":1660},{\"@type\":\"BreadcrumbList\",\"@id\":\"https:\\\/\\\/www.interflora.es\\\/blog\\\/tulipanes-de-holanda\\\/#breadcrumb\",\"itemListElement\":[{\"@type\":\"ListItem\",\"position\":1,\"name\":\"Home\",\"item\":\"https:\\\/\\\/www.interflora.es\\\/blog\\\/\"},{\"@type\":\"ListItem\",\"position\":2,\"name\":\"Tulipanes de Holanda\"}]},{\"@type\":\"WebSite\",\"@id\":\"https:\\\/\\\/www.interflora.es\\\/blog\\\/#website\",\"url\":\"https:\\\/\\\/www.interflora.es\\\/blog\\\/\",\"name\":\"El blog de Interflora : consejos, ideas e inspiraci\u00f3n para disfrutar de las flores y las plantas\",\"description\":\"\",\"publisher\":{\"@id\":\"https:\\\/\\\/www.interflora.es\\\/blog\\\/#organization\"},\"potentialAction\":[{\"@type\":\"SearchAction\",\"target\":{\"@type\":\"EntryPoint\",\"urlTemplate\":\"https:\\\/\\\/www.interflora.es\\\/blog\\\/?s={search_term_string}\"},\"query-input\":{\"@type\":\"PropertyValueSpecification\",\"valueRequired\":true,\"valueName\":\"search_term_string\"}}],\"inLanguage\":\"es\"},{\"@type\":\"Organization\",\"@id\":\"https:\\\/\\\/www.interflora.es\\\/blog\\\/#organization\",\"name\":\"El blog de Interflora : consejos, ideas e inspiraci\u00f3n para disfrutar de las flores y las plantas\",\"url\":\"https:\\\/\\\/www.interflora.es\\\/blog\\\/\",\"logo\":{\"@type\":\"ImageObject\",\"inLanguage\":\"es\",\"@id\":\"https:\\\/\\\/www.interflora.es\\\/blog\\\/#\\\/schema\\\/logo\\\/image\\\/\",\"url\":\"https:\\\/\\\/www.interflora.es\\\/blog\\\/wp-content\\\/uploads\\\/2025\\\/10\\\/cropped-220422_INTERFLORA_Logo_rgb_Half_Top_Circle_Main_Color.png\",\"contentUrl\":\"https:\\\/\\\/www.interflora.es\\\/blog\\\/wp-content\\\/uploads\\\/2025\\\/10\\\/cropped-220422_INTERFLORA_Logo_rgb_Half_Top_Circle_Main_Color.png\",\"width\":1418,\"height\":659,\"caption\":\"El blog de Interflora : consejos, ideas e inspiraci\u00f3n para disfrutar de las flores y las plantas\"},\"image\":{\"@id\":\"https:\\\/\\\/www.interflora.es\\\/blog\\\/#\\\/schema\\\/logo\\\/image\\\/\"}},{\"@type\":\"Person\",\"@id\":\"https:\\\/\\\/www.interflora.es\\\/blog\\\/#\\\/schema\\\/person\\\/e3ecff50262948e365b92682cdc2a9d1\",\"name\":\"Interflora\",\"image\":{\"@type\":\"ImageObject\",\"inLanguage\":\"es\",\"@id\":\"https:\\\/\\\/www.interflora.es\\\/blog\\\/wp-content\\\/litespeed\\\/avatar\\\/ef0a9e22ccabc545011ca74a630eaf3e.jpg?ver=1777555250\",\"url\":\"https:\\\/\\\/www.interflora.es\\\/blog\\\/wp-content\\\/litespeed\\\/avatar\\\/ef0a9e22ccabc545011ca74a630eaf3e.jpg?ver=1777555250\",\"contentUrl\":\"https:\\\/\\\/www.interflora.es\\\/blog\\\/wp-content\\\/litespeed\\\/avatar\\\/ef0a9e22ccabc545011ca74a630eaf3e.jpg?ver=1777555250\",\"caption\":\"Interflora\"}}]}<\/script>\n<!-- \/ Yoast SEO plugin. -->","yoast_head_json":{"title":"Tulipanes de Holanda \ud83c\udf37 origen, floraci\u00f3n y cuidados | Interflora","description":"Los tulipanes de Holanda son el s\u00edmbolo de los Pa\u00edses Bajos por su belleza. Descubre estos bulbos, su floraci\u00f3n y cuidados con Interflora.","robots":{"index":"index","follow":"follow","max-snippet":"max-snippet:-1","max-image-preview":"max-image-preview:large","max-video-preview":"max-video-preview:-1"},"canonical":"https:\/\/www.interflora.es\/blog\/tulipanes-de-holanda\/","schema":{"@context":"https:\/\/schema.org","@graph":[{"@type":"Article","@id":"https:\/\/www.interflora.es\/blog\/tulipanes-de-holanda\/#article","isPartOf":{"@id":"https:\/\/www.interflora.es\/blog\/tulipanes-de-holanda\/"},"author":{"name":"Interflora","@id":"https:\/\/www.interflora.es\/blog\/#\/schema\/person\/e3ecff50262948e365b92682cdc2a9d1"},"headline":"Tulipanes de Holanda","datePublished":"2026-03-18T10:47:45+00:00","dateModified":"2026-03-18T10:47:46+00:00","mainEntityOfPage":{"@id":"https:\/\/www.interflora.es\/blog\/tulipanes-de-holanda\/"},"wordCount":1551,"commentCount":0,"publisher":{"@id":"https:\/\/www.interflora.es\/blog\/#organization"},"image":{"@id":"https:\/\/www.interflora.es\/blog\/tulipanes-de-holanda\/#primaryimage"},"thumbnailUrl":"https:\/\/www.interflora.es\/blog\/wp-content\/uploads\/2024\/01\/tulipanes-molinos-holanda-1-scaled-1.jpg","keywords":["tulipanes"],"articleSection":["Flores y plantas","Interflora Academy","Invierno","Primavera","Tulipanes"],"inLanguage":"es","potentialAction":[{"@type":"CommentAction","name":"Comment","target":["https:\/\/www.interflora.es\/blog\/tulipanes-de-holanda\/#respond"]}]},{"@type":"WebPage","@id":"https:\/\/www.interflora.es\/blog\/tulipanes-de-holanda\/","url":"https:\/\/www.interflora.es\/blog\/tulipanes-de-holanda\/","name":"Tulipanes de Holanda \ud83c\udf37 origen, floraci\u00f3n y cuidados | Interflora","isPartOf":{"@id":"https:\/\/www.interflora.es\/blog\/#website"},"primaryImageOfPage":{"@id":"https:\/\/www.interflora.es\/blog\/tulipanes-de-holanda\/#primaryimage"},"image":{"@id":"https:\/\/www.interflora.es\/blog\/tulipanes-de-holanda\/#primaryimage"},"thumbnailUrl":"https:\/\/www.interflora.es\/blog\/wp-content\/uploads\/2024\/01\/tulipanes-molinos-holanda-1-scaled-1.jpg","datePublished":"2026-03-18T10:47:45+00:00","dateModified":"2026-03-18T10:47:46+00:00","description":"Los tulipanes de Holanda son el s\u00edmbolo de los Pa\u00edses Bajos por su belleza. Descubre estos bulbos, su floraci\u00f3n y cuidados con Interflora.","breadcrumb":{"@id":"https:\/\/www.interflora.es\/blog\/tulipanes-de-holanda\/#breadcrumb"},"inLanguage":"es","potentialAction":[{"@type":"ReadAction","target":["https:\/\/www.interflora.es\/blog\/tulipanes-de-holanda\/"]}]},{"@type":"ImageObject","inLanguage":"es","@id":"https:\/\/www.interflora.es\/blog\/tulipanes-de-holanda\/#primaryimage","url":"https:\/\/www.interflora.es\/blog\/wp-content\/uploads\/2024\/01\/tulipanes-molinos-holanda-1-scaled-1.jpg","contentUrl":"https:\/\/www.interflora.es\/blog\/wp-content\/uploads\/2024\/01\/tulipanes-molinos-holanda-1-scaled-1.jpg","width":2560,"height":1660},{"@type":"BreadcrumbList","@id":"https:\/\/www.interflora.es\/blog\/tulipanes-de-holanda\/#breadcrumb","itemListElement":[{"@type":"ListItem","position":1,"name":"Home","item":"https:\/\/www.interflora.es\/blog\/"},{"@type":"ListItem","position":2,"name":"Tulipanes de Holanda"}]},{"@type":"WebSite","@id":"https:\/\/www.interflora.es\/blog\/#website","url":"https:\/\/www.interflora.es\/blog\/","name":"El blog de Interflora : consejos, ideas e inspiraci\u00f3n para disfrutar de las flores y las plantas","description":"","publisher":{"@id":"https:\/\/www.interflora.es\/blog\/#organization"},"potentialAction":[{"@type":"SearchAction","target":{"@type":"EntryPoint","urlTemplate":"https:\/\/www.interflora.es\/blog\/?s={search_term_string}"},"query-input":{"@type":"PropertyValueSpecification","valueRequired":true,"valueName":"search_term_string"}}],"inLanguage":"es"},{"@type":"Organization","@id":"https:\/\/www.interflora.es\/blog\/#organization","name":"El blog de Interflora : consejos, ideas e inspiraci\u00f3n para disfrutar de las flores y las plantas","url":"https:\/\/www.interflora.es\/blog\/","logo":{"@type":"ImageObject","inLanguage":"es","@id":"https:\/\/www.interflora.es\/blog\/#\/schema\/logo\/image\/","url":"https:\/\/www.interflora.es\/blog\/wp-content\/uploads\/2025\/10\/cropped-220422_INTERFLORA_Logo_rgb_Half_Top_Circle_Main_Color.png","contentUrl":"https:\/\/www.interflora.es\/blog\/wp-content\/uploads\/2025\/10\/cropped-220422_INTERFLORA_Logo_rgb_Half_Top_Circle_Main_Color.png","width":1418,"height":659,"caption":"El blog de Interflora : consejos, ideas e inspiraci\u00f3n para disfrutar de las flores y las plantas"},"image":{"@id":"https:\/\/www.interflora.es\/blog\/#\/schema\/logo\/image\/"}},{"@type":"Person","@id":"https:\/\/www.interflora.es\/blog\/#\/schema\/person\/e3ecff50262948e365b92682cdc2a9d1","name":"Interflora","image":{"@type":"ImageObject","inLanguage":"es","@id":"https:\/\/www.interflora.es\/blog\/wp-content\/litespeed\/avatar\/ef0a9e22ccabc545011ca74a630eaf3e.jpg?ver=1777555250","url":"https:\/\/www.interflora.es\/blog\/wp-content\/litespeed\/avatar\/ef0a9e22ccabc545011ca74a630eaf3e.jpg?ver=1777555250","contentUrl":"https:\/\/www.interflora.es\/blog\/wp-content\/litespeed\/avatar\/ef0a9e22ccabc545011ca74a630eaf3e.jpg?ver=1777555250","caption":"Interflora"}}]}},"uagb_featured_image_src":{"full":["https:\/\/www.interflora.es\/blog\/wp-content\/uploads\/2024\/01\/tulipanes-molinos-holanda-1-scaled-1.jpg",2560,1660,false],"thumbnail":["https:\/\/www.interflora.es\/blog\/wp-content\/uploads\/2024\/01\/tulipanes-molinos-holanda-1-scaled-1-150x150.jpg",150,150,true],"medium":["https:\/\/www.interflora.es\/blog\/wp-content\/uploads\/2024\/01\/tulipanes-molinos-holanda-1-scaled-1-300x195.jpg",300,195,true],"medium_large":["https:\/\/www.interflora.es\/blog\/wp-content\/uploads\/2024\/01\/tulipanes-molinos-holanda-1-scaled-1-768x498.jpg",768,498,true],"large":["https:\/\/www.interflora.es\/blog\/wp-content\/uploads\/2024\/01\/tulipanes-molinos-holanda-1-scaled-1-1024x664.jpg",1024,664,true],"1536x1536":["https:\/\/www.interflora.es\/blog\/wp-content\/uploads\/2024\/01\/tulipanes-molinos-holanda-1-scaled-1-1536x996.jpg",1536,996,true],"2048x2048":["https:\/\/www.interflora.es\/blog\/wp-content\/uploads\/2024\/01\/tulipanes-molinos-holanda-1-scaled-1-2048x1328.jpg",2048,1328,true]},"uagb_author_info":{"display_name":"Interflora","author_link":"https:\/\/www.interflora.es\/blog\/author\/interflora\/"},"uagb_comment_info":6,"uagb_excerpt":"Hay flores emblem\u00e1ticas que, con su sola presencia, evocan un pa\u00eds. Los tulipanes de Holanda, junto a sus molinos y [&hellip;]","_links":{"self":[{"href":"https:\/\/www.interflora.es\/blog\/wp-json\/wp\/v2\/posts\/5755","targetHints":{"allow":["GET"]}}],"collection":[{"href":"https:\/\/www.interflora.es\/blog\/wp-json\/wp\/v2\/posts"}],"about":[{"href":"https:\/\/www.interflora.es\/blog\/wp-json\/wp\/v2\/types\/post"}],"author":[{"embeddable":true,"href":"https:\/\/www.interflora.es\/blog\/wp-json\/wp\/v2\/users\/13"}],"replies":[{"embeddable":true,"href":"https:\/\/www.interflora.es\/blog\/wp-json\/wp\/v2\/comments?post=5755"}],"version-history":[{"count":3,"href":"https:\/\/www.interflora.es\/blog\/wp-json\/wp\/v2\/posts\/5755\/revisions"}],"predecessor-version":[{"id":33628,"href":"https:\/\/www.interflora.es\/blog\/wp-json\/wp\/v2\/posts\/5755\/revisions\/33628"}],"wp:featuredmedia":[{"embeddable":true,"href":"https:\/\/www.interflora.es\/blog\/wp-json\/wp\/v2\/media\/19637"}],"wp:attachment":[{"href":"https:\/\/www.interflora.es\/blog\/wp-json\/wp\/v2\/media?parent=5755"}],"wp:term":[{"taxonomy":"category","embeddable":true,"href":"https:\/\/www.interflora.es\/blog\/wp-json\/wp\/v2\/categories?post=5755"},{"taxonomy":"post_tag","embeddable":true,"href":"https:\/\/www.interflora.es\/blog\/wp-json\/wp\/v2\/tags?post=5755"}],"curies":[{"name":"wp","href":"https:\/\/api.w.org\/{rel}","templated":true}]}}