{"id":35949,"date":"2026-04-21T14:25:42","date_gmt":"2026-04-21T12:25:42","guid":{"rendered":"https:\/\/www.interflora.es\/blog\/?p=35949"},"modified":"2026-04-21T14:33:07","modified_gmt":"2026-04-21T12:33:07","slug":"diy-regalo-dia-de-la-madre-manualidades","status":"publish","type":"post","link":"https:\/\/www.interflora.es\/blog\/diy-regalo-dia-de-la-madre-manualidades\/","title":{"rendered":"Ideas de regalos para el D\u00eda de la Madre hechas con manualidades"},"content":{"rendered":"\n<p>Llega el D\u00eda de la Madre y este a\u00f1o te gustar\u00eda sorprender a la tuya con un regalo original. Algo \u00fanico, personalizado y lleno de amor que sepa transmitir todo eso que sientes por tu mam\u00e1 y que no siempre es f\u00e1cil de decir. \u00a1Pues est\u00e1s de suerte! Para que puedas cambiar de la t\u00edpica caja de bombones, en Interflora te vamos a dar un mont\u00f3n de <strong>ideas DIY para que tu regalo del D\u00eda de la Madre sea inolvidable<\/strong>. Una oportunidad perfecta para hacer feliz a tu madre al mismo tiempo que desarrollas tu creatividad e incluso la de tus hijos\/as. Toma nota, \u00a1y manos a la obra!<\/p>\n\n\n\n<figure class=\"wp-block-image alignwide size-large\"><img loading=\"lazy\" decoding=\"async\" width=\"1024\" height=\"635\" src=\"https:\/\/www.interflora.es\/blog\/wp-content\/uploads\/2026\/04\/manualidades-dia-madre-1024x635.jpg\" alt=\"Regalos D\u00eda de la Madre de manualidades\" class=\"wp-image-35967\" srcset=\"https:\/\/www.interflora.es\/blog\/wp-content\/uploads\/2026\/04\/manualidades-dia-madre-1024x635.jpg 1024w, https:\/\/www.interflora.es\/blog\/wp-content\/uploads\/2026\/04\/manualidades-dia-madre-300x186.jpg 300w, https:\/\/www.interflora.es\/blog\/wp-content\/uploads\/2026\/04\/manualidades-dia-madre-768x476.jpg 768w, https:\/\/www.interflora.es\/blog\/wp-content\/uploads\/2026\/04\/manualidades-dia-madre-1536x952.jpg 1536w, https:\/\/www.interflora.es\/blog\/wp-content\/uploads\/2026\/04\/manualidades-dia-madre.jpg 1900w\" sizes=\"auto, (max-width: 1024px) 100vw, 1024px\" \/><\/figure>\n\n\n\n<h2 class=\"wp-block-heading has-text-align-center\">Ideas de regalos para el D\u00eda de la Madre que puedes hacer <br>con los m\u00e1s peque\u00f1os<\/h2>\n\n\n\n<p>El primer D\u00eda de la Madre es un momento muy especial para las mam\u00e1s, as\u00ed como los que se celebran cuando los ni\u00f1os\/as son a\u00fan peque\u00f1os\/as. \u00bfSabes por qu\u00e9? Pues porque siempre es un placer descubrir los regalos hechos con amor por los m\u00e1s peque\u00f1os\/as, ya sea en la escuela o con la complicidad del pap\u00e1 o de la t\u00eda\u2026 Pero para que mam\u00e1 deje de hacer colecciones de collares de macarrones, este a\u00f1o te vamos a proponer manualidades que ser\u00e1n una verdadera sorpresa. Apunta estas ideas de regalos para el D\u00eda de la Madre f\u00e1ciles de hacer. Detalles llenos de significado que adem\u00e1s son la ocasi\u00f3n ideal para realizar una actividad manual con los ni\u00f1os\/as.<\/p>\n\n\n<div class=\"lp-produits-grid\"><div class=\"lp-produit\"><div class=\"lp-thumbnail-wrapper\"><img loading=\"lazy\" decoding=\"async\" width=\"300\" height=\"300\" src=\"https:\/\/www.interflora.es\/blog\/wp-content\/uploads\/2026\/04\/1773760332-xf067-s-sempre-con-te-hand-300x300.jpg\" class=\"attachment-medium size-medium wp-post-image\" alt=\"\" srcset=\"https:\/\/www.interflora.es\/blog\/wp-content\/uploads\/2026\/04\/1773760332-xf067-s-sempre-con-te-hand-300x300.jpg 300w, https:\/\/www.interflora.es\/blog\/wp-content\/uploads\/2026\/04\/1773760332-xf067-s-sempre-con-te-hand-1024x1024.jpg 1024w, https:\/\/www.interflora.es\/blog\/wp-content\/uploads\/2026\/04\/1773760332-xf067-s-sempre-con-te-hand-150x150.jpg 150w, https:\/\/www.interflora.es\/blog\/wp-content\/uploads\/2026\/04\/1773760332-xf067-s-sempre-con-te-hand-768x768.jpg 768w, https:\/\/www.interflora.es\/blog\/wp-content\/uploads\/2026\/04\/1773760332-xf067-s-sempre-con-te-hand-1536x1536.jpg 1536w, https:\/\/www.interflora.es\/blog\/wp-content\/uploads\/2026\/04\/1773760332-xf067-s-sempre-con-te-hand-2048x2048.jpg 2048w\" sizes=\"auto, (max-width: 300px) 100vw, 300px\" \/><img decoding=\"async\" class=\"lp-badge\" src=\"https:\/\/prodblog.interflora.es\/blog\/wp-content\/uploads\/2025\/04\/220422_INTERFLORA_Main_Logo_rgb_Main_Color.png\" alt=\"Entrega r\u00e1pida\"><\/div><span>Siempre juntas<\/span><p>49.99 \u20ac<\/p><span class=\"obf-link lp-cta\" role=\"link\" tabindex=\"0\" data-b64=\"aHR0cHM6Ly93d3cuaW50ZXJmbG9yYS5lcy9wL3NpZW1wcmUtY29udGlnby8xP3V0bV9tZWRpdW09b3JnYW5pYyZ1dG1fc291cmNlPWJsb2dfcHJvZHVjdHMmdXRtX2NhbXBhaWduPVhGMDY3\" data-target=\"_blank\"><svg xmlns=\"http:\/\/www.w3.org\/2000\/svg\" width=\"16\" height=\"16\" fill=\"currentColor\" class=\"bi bi-bag\" viewBox=\"0 0 16 16\"><path d=\"M8 1a2 2 0 0 1 2 2v1h2.5A1.5 1.5 0 0 1 14 5.5v8A1.5 1.5 0 0 1 12.5 15h-9A1.5 1.5 0 0 1 2 13.5v-8A1.5 1.5 0 0 1 3.5 3H6V2a2 2 0 0 1 2-1zm1 3V3a1 1 0 0 0-2 0v1h2z\"\/><\/svg>Comprar<\/span><p class=\"rapido\">Entrega urgente<\/p><\/div><div class=\"lp-produit\"><div class=\"lp-thumbnail-wrapper\"><img loading=\"lazy\" decoding=\"async\" width=\"300\" height=\"300\" src=\"https:\/\/www.interflora.es\/blog\/wp-content\/uploads\/2026\/04\/1776694903-bwd078-hd-1-1-300x300.jpg\" class=\"attachment-medium size-medium wp-post-image\" alt=\"\" srcset=\"https:\/\/www.interflora.es\/blog\/wp-content\/uploads\/2026\/04\/1776694903-bwd078-hd-1-1-300x300.jpg 300w, https:\/\/www.interflora.es\/blog\/wp-content\/uploads\/2026\/04\/1776694903-bwd078-hd-1-1-1024x1024.jpg 1024w, https:\/\/www.interflora.es\/blog\/wp-content\/uploads\/2026\/04\/1776694903-bwd078-hd-1-1-150x150.jpg 150w, https:\/\/www.interflora.es\/blog\/wp-content\/uploads\/2026\/04\/1776694903-bwd078-hd-1-1-768x768.jpg 768w, https:\/\/www.interflora.es\/blog\/wp-content\/uploads\/2026\/04\/1776694903-bwd078-hd-1-1-1536x1536.jpg 1536w, https:\/\/www.interflora.es\/blog\/wp-content\/uploads\/2026\/04\/1776694903-bwd078-hd-1-1-2048x2048.jpg 2048w\" sizes=\"auto, (max-width: 300px) 100vw, 300px\" \/><img decoding=\"async\" class=\"lp-badge\" src=\"https:\/\/prodblog.interflora.es\/blog\/wp-content\/uploads\/2025\/04\/220422_INTERFLORA_Main_Logo_rgb_Main_Color.png\" alt=\"Entrega r\u00e1pida\"><\/div><span>Gesto de amor con RITUALS<\/span><p>54.99 \u20ac<\/p><span class=\"obf-link lp-cta\" role=\"link\" tabindex=\"0\" data-b64=\"aHR0cHM6Ly93d3cuaW50ZXJmbG9yYS5lcy9wL2dlc3RvLWRlLWFtb3ItY29uLXJpdHVhbHMvMT91dG1fbWVkaXVtPW9yZ2FuaWMmdXRtX3NvdXJjZT1ibG9nX3Byb2R1Y3RzJnV0bV9jYW1wYWlnbj1CV0QwNzg=\" data-target=\"_blank\"><svg xmlns=\"http:\/\/www.w3.org\/2000\/svg\" width=\"16\" height=\"16\" fill=\"currentColor\" class=\"bi bi-bag\" viewBox=\"0 0 16 16\"><path d=\"M8 1a2 2 0 0 1 2 2v1h2.5A1.5 1.5 0 0 1 14 5.5v8A1.5 1.5 0 0 1 12.5 15h-9A1.5 1.5 0 0 1 2 13.5v-8A1.5 1.5 0 0 1 3.5 3H6V2a2 2 0 0 1 2-1zm1 3V3a1 1 0 0 0-2 0v1h2z\"\/><\/svg>Comprar<\/span><p class=\"rapido\">Entrega en el d\u00eda<\/p><\/div><div class=\"lp-produit\"><div class=\"lp-thumbnail-wrapper\"><img loading=\"lazy\" decoding=\"async\" width=\"300\" height=\"300\" src=\"https:\/\/www.interflora.es\/blog\/wp-content\/uploads\/2026\/03\/1764243761-ff021-s-musa-300x300.jpg\" class=\"attachment-medium size-medium wp-post-image\" alt=\"\" srcset=\"https:\/\/www.interflora.es\/blog\/wp-content\/uploads\/2026\/03\/1764243761-ff021-s-musa-300x300.jpg 300w, https:\/\/www.interflora.es\/blog\/wp-content\/uploads\/2026\/03\/1764243761-ff021-s-musa-150x150.jpg 150w, https:\/\/www.interflora.es\/blog\/wp-content\/uploads\/2026\/03\/1764243761-ff021-s-musa-768x768.jpg 768w, https:\/\/www.interflora.es\/blog\/wp-content\/uploads\/2026\/03\/1764243761-ff021-s-musa.jpg 1000w\" sizes=\"auto, (max-width: 300px) 100vw, 300px\" \/><img decoding=\"async\" class=\"lp-badge\" src=\"https:\/\/prodblog.interflora.es\/blog\/wp-content\/uploads\/2025\/04\/220422_INTERFLORA_Main_Logo_rgb_Main_Color.png\" alt=\"Entrega r\u00e1pida\"><\/div><span>Musa<\/span><p>34.99 \u20ac<\/p><span class=\"obf-link lp-cta\" role=\"link\" tabindex=\"0\" data-b64=\"aHR0cHM6Ly93d3cuaW50ZXJmbG9yYS5lcy9wL3JhbW8tZGUtcm9zYXMteS1mbG9yZXMtbWl4dGFzLWNvbi12ZXJkZS1kZWNvcmF0aXZvLzE\/dXRtX21lZGl1bT1vcmdhbmljJnV0bV9zb3VyY2U9YmxvZ19wcm9kdWN0cyZ1dG1fY2FtcGFpZ249RkYwMjE=\" data-target=\"_blank\"><svg xmlns=\"http:\/\/www.w3.org\/2000\/svg\" width=\"16\" height=\"16\" fill=\"currentColor\" class=\"bi bi-bag\" viewBox=\"0 0 16 16\"><path d=\"M8 1a2 2 0 0 1 2 2v1h2.5A1.5 1.5 0 0 1 14 5.5v8A1.5 1.5 0 0 1 12.5 15h-9A1.5 1.5 0 0 1 2 13.5v-8A1.5 1.5 0 0 1 3.5 3H6V2a2 2 0 0 1 2-1zm1 3V3a1 1 0 0 0-2 0v1h2z\"\/><\/svg>Comprar<\/span><p class=\"rapido\">Entrega urgente<\/p><\/div><div class=\"lp-produit\"><div class=\"lp-thumbnail-wrapper\"><img loading=\"lazy\" decoding=\"async\" width=\"300\" height=\"300\" src=\"https:\/\/www.interflora.es\/blog\/wp-content\/uploads\/2026\/01\/1773301478-bwd078-latidos-key-300x300.jpg\" class=\"attachment-medium size-medium wp-post-image\" alt=\"\" srcset=\"https:\/\/www.interflora.es\/blog\/wp-content\/uploads\/2026\/01\/1773301478-bwd078-latidos-key-300x300.jpg 300w, https:\/\/www.interflora.es\/blog\/wp-content\/uploads\/2026\/01\/1773301478-bwd078-latidos-key-1024x1024.jpg 1024w, https:\/\/www.interflora.es\/blog\/wp-content\/uploads\/2026\/01\/1773301478-bwd078-latidos-key-150x150.jpg 150w, https:\/\/www.interflora.es\/blog\/wp-content\/uploads\/2026\/01\/1773301478-bwd078-latidos-key-768x768.jpg 768w, https:\/\/www.interflora.es\/blog\/wp-content\/uploads\/2026\/01\/1773301478-bwd078-latidos-key-1536x1536.jpg 1536w, https:\/\/www.interflora.es\/blog\/wp-content\/uploads\/2026\/01\/1773301478-bwd078-latidos-key.jpg 2048w\" sizes=\"auto, (max-width: 300px) 100vw, 300px\" \/><img decoding=\"async\" class=\"lp-badge\" src=\"https:\/\/prodblog.interflora.es\/blog\/wp-content\/uploads\/2025\/04\/220422_INTERFLORA_Main_Logo_rgb_Main_Color.png\" alt=\"Entrega r\u00e1pida\"><\/div><span>Latidos<\/span><p>37.99 \u20ac<\/p><span class=\"obf-link lp-cta\" role=\"link\" tabindex=\"0\" data-b64=\"aHR0cHM6Ly93d3cuaW50ZXJmbG9yYS5lcy9wL2xhdGlkb3MvMT91dG1fbWVkaXVtPW9yZ2FuaWMmdXRtX3NvdXJjZT1ibG9nX3Byb2R1Y3RzJnV0bV9jYW1wYWlnbj1CV0QwNzM=\" data-target=\"_blank\"><svg xmlns=\"http:\/\/www.w3.org\/2000\/svg\" width=\"16\" height=\"16\" fill=\"currentColor\" class=\"bi bi-bag\" viewBox=\"0 0 16 16\"><path d=\"M8 1a2 2 0 0 1 2 2v1h2.5A1.5 1.5 0 0 1 14 5.5v8A1.5 1.5 0 0 1 12.5 15h-9A1.5 1.5 0 0 1 2 13.5v-8A1.5 1.5 0 0 1 3.5 3H6V2a2 2 0 0 1 2-1zm1 3V3a1 1 0 0 0-2 0v1h2z\"\/><\/svg>Comprar<\/span><p class=\"rapido\">Entrega urgente<\/p><\/div><\/div>\n\n\n\n<div class=\"wp-block-columns is-layout-flex wp-container-core-columns-is-layout-28f84493 wp-block-columns-is-layout-flex\">\n<div class=\"wp-block-column has-border-color is-layout-flow wp-container-core-column-is-layout-d0228d13 wp-block-column-is-layout-flow\" style=\"border-color:#b80832;padding-top:var(--wp--preset--spacing--40);padding-right:var(--wp--preset--spacing--40);padding-bottom:var(--wp--preset--spacing--40);padding-left:var(--wp--preset--spacing--40)\">\n<h3 class=\"wp-block-heading has-text-align-center\">Una joya de arcilla polim\u00e9rica<\/h3>\n\n\n\n<p>Todos sabemos que a los ni\u00f1os les encanta jugar con la plastilina\u2026Un material con una textura y un olor regresivos que seguro que te traen buenos recuerdos\u2026 Sin embargo, las creaciones con plastilina no suelen durar mucho. \u00bfY si la reemplazas por arcilla polim\u00e9rica? As\u00ed, tras un breve paso por el horno (con la ayuda de un adulto), o incluso despu\u00e9s de secarse al aire libre (en el caso de algunas arcillas), el dise\u00f1o se endurecer\u00e1. Una manera perfecta de crear objetos o peque\u00f1os regalos para el D\u00eda de la Madre que las mam\u00e1s podr\u00e1n manipular y conservar sin que se deterioren.&nbsp; Adem\u00e1s, este material es perfecto para crear todo tipo de joyas de manualidades, \u00a1con un dise\u00f1o exclusivo! Los ni\u00f1os\/as podr\u00e1n hacerlas completamente solos de principio a fin: un colgante en forma de coraz\u00f3n con la huella de su dedo, cuentas grandes y peque\u00f1as que luego podr\u00e1n ensartar para formar una bonita pulsera o un collar\u2026 \u00a1hay miles de posibilidades!<\/p>\n<\/div>\n<\/div>\n\n\n\n<figure class=\"wp-block-gallery has-nested-images columns-default is-cropped wp-block-gallery-1 is-layout-flex wp-block-gallery-is-layout-flex\">\n<figure class=\"wp-block-image size-large\" style=\"margin-top:var(--wp--preset--spacing--40);margin-bottom:var(--wp--preset--spacing--40)\"><img loading=\"lazy\" decoding=\"async\" width=\"1024\" height=\"701\" data-id=\"35988\" src=\"https:\/\/www.interflora.es\/blog\/wp-content\/uploads\/2026\/04\/regalo-madre-plastilina-2-1024x701.jpg\" alt=\"Figura con pasta de sal\" class=\"wp-image-35988\" srcset=\"https:\/\/www.interflora.es\/blog\/wp-content\/uploads\/2026\/04\/regalo-madre-plastilina-2-1024x701.jpg 1024w, https:\/\/www.interflora.es\/blog\/wp-content\/uploads\/2026\/04\/regalo-madre-plastilina-2-300x205.jpg 300w, https:\/\/www.interflora.es\/blog\/wp-content\/uploads\/2026\/04\/regalo-madre-plastilina-2-768x525.jpg 768w, https:\/\/www.interflora.es\/blog\/wp-content\/uploads\/2026\/04\/regalo-madre-plastilina-2-1536x1051.jpg 1536w, https:\/\/www.interflora.es\/blog\/wp-content\/uploads\/2026\/04\/regalo-madre-plastilina-2.jpg 1900w\" sizes=\"auto, (max-width: 1024px) 100vw, 1024px\" \/><\/figure>\n\n\n\n<figure class=\"wp-block-image size-large\" style=\"margin-top:var(--wp--preset--spacing--40);margin-bottom:var(--wp--preset--spacing--40)\"><img loading=\"lazy\" decoding=\"async\" width=\"1024\" height=\"1024\" data-id=\"35989\" src=\"https:\/\/www.interflora.es\/blog\/wp-content\/uploads\/2026\/04\/regalo-madre-plastilina-3-1024x1024.jpg\" alt=\"Objetos de plastilina\" class=\"wp-image-35989\" srcset=\"https:\/\/www.interflora.es\/blog\/wp-content\/uploads\/2026\/04\/regalo-madre-plastilina-3-1024x1024.jpg 1024w, https:\/\/www.interflora.es\/blog\/wp-content\/uploads\/2026\/04\/regalo-madre-plastilina-3-300x300.jpg 300w, https:\/\/www.interflora.es\/blog\/wp-content\/uploads\/2026\/04\/regalo-madre-plastilina-3-150x150.jpg 150w, https:\/\/www.interflora.es\/blog\/wp-content\/uploads\/2026\/04\/regalo-madre-plastilina-3-768x768.jpg 768w, https:\/\/www.interflora.es\/blog\/wp-content\/uploads\/2026\/04\/regalo-madre-plastilina-3-1536x1536.jpg 1536w, https:\/\/www.interflora.es\/blog\/wp-content\/uploads\/2026\/04\/regalo-madre-plastilina-3.jpg 1900w\" sizes=\"auto, (max-width: 1024px) 100vw, 1024px\" \/><\/figure>\n<\/figure>\n\n\n\n<div class=\"wp-block-columns is-layout-flex wp-container-core-columns-is-layout-28f84493 wp-block-columns-is-layout-flex\">\n<div class=\"wp-block-column has-border-color is-layout-flow wp-container-core-column-is-layout-d0228d13 wp-block-column-is-layout-flow\" style=\"border-color:#b80832;padding-top:var(--wp--preset--spacing--40);padding-right:var(--wp--preset--spacing--40);padding-bottom:var(--wp--preset--spacing--40);padding-left:var(--wp--preset--spacing--40)\">\n<h3 class=\"wp-block-heading has-text-align-center\">Un objeto decorativo con pasta o masa de sal<\/h3>\n\n\n\n<p>Otro tipo de pasta perfecta para las manualidades de los m\u00e1s peque\u00f1os\/as, que adem\u00e1s permite crear f\u00e1cilmente regalos preciosos para el D\u00eda de la Madre, es la pasta o masa de sal. Muy f\u00e1cil de hacer, puedes incluso fabricarla con los ni\u00f1os antes de usarla para dar vida a peque\u00f1os objetos. Adem\u00e1s, te permite crear un regalo DIY para el D\u00eda de la Madre de \u00faltimo minuto, ya que seguro que en casa tienes todos los ingredientes necesarios para hacer la pasta.&nbsp; <br>Deja que los ni\u00f1os expresen su creatividad y que elaboren un bonito plato para joyas o un vac\u00eda bolsillos, el animal preferido de su mam\u00e1, un amuleto de la buena suerte\u2026 o cualquier otro objeto f\u00e1cil de hacer. Tras el horneado, deja que lo decoren como m\u00e1s les guste, con pintura, purpurina o con un rotulador especial.<\/p>\n<\/div>\n<\/div>\n\n\n\n<h2 class=\"wp-block-heading\" style=\"margin-top:var(--wp--preset--spacing--40);margin-bottom:var(--wp--preset--spacing--40)\">Ideas de regalos DIY para el D\u00eda de la Madre para hacer con los m\u00e1s mayores<\/h2>\n\n\n\n<p>Los regalos DIY para el D\u00eda de la Madre no est\u00e1n reservados solo a los ni\u00f1os. Las mam\u00e1s tambi\u00e9n se emocionan cuando sus hijos mayores emplean un poco de su tiempo en crearles un regalo personalizado. Adem\u00e1s, es la mejor manera de hacer feliz a una mam\u00e1 con un presupuesto reducido. Hay montones de ideas de regalos DIY para mam\u00e1 si se es lo suficientemente h\u00e1bil como para manejar tijeras, pegamento, agujas o pinceles. Solo hace falta encontrar tutoriales relacionados con las manualidades en internet, comprar un kit DIY con todo lo necesario, o tomar nota de una de nuestras ideas de regalos m\u00e1s originales para el D\u00eda de la Madre hechos con manualidades.<\/p>\n\n\n\n<div class=\"wp-block-columns is-layout-flex wp-container-core-columns-is-layout-9e3b3ef2 wp-block-columns-is-layout-flex\" style=\"margin-top:var(--wp--preset--spacing--40);margin-bottom:var(--wp--preset--spacing--40);padding-top:0;padding-bottom:0\">\n<div class=\"wp-block-column has-border-color is-layout-flow wp-container-core-column-is-layout-ebf37e8f wp-block-column-is-layout-flow\" style=\"border-color:#b80832;padding-top:var(--wp--preset--spacing--20);padding-right:var(--wp--preset--spacing--50);padding-bottom:var(--wp--preset--spacing--20);padding-left:var(--wp--preset--spacing--50);flex-basis:609px\">\n<h3 class=\"wp-block-heading has-text-align-center\" style=\"margin-top:var(--wp--preset--spacing--40);margin-right:0;margin-bottom:var(--wp--preset--spacing--40);margin-left:0\">Personalizar un objeto para <br>el D\u00eda de la Madre<\/h3>\n\n\n\n<p>No es necesario fabricar un regalo de principio a fin para a\u00f1adir tu toque creativo. Basta con transformar un objeto que ya tengas a mano, o que hayas encontrado en un mercadillo o en una plataforma de segunda mano, y darle otra vida. La idea es hacer que ese objeto sea \u00fanico y que se adapte, por lo menos un poco, a los gustos de tu querida mam\u00e1. Aqu\u00ed te damos algunas ideas de manualidades:<\/p>\n\n\n\n<ul class=\"wp-block-list\">\n<li style=\"margin-top:var(--wp--preset--spacing--30);margin-bottom:var(--wp--preset--spacing--30)\">Pinta dibujos originales y creativos o escribe una frase inspiradora en una taza.&nbsp;<\/li>\n\n\n\n<li style=\"margin-top:var(--wp--preset--spacing--30);margin-bottom:var(--wp--preset--spacing--30)\">Personaliza un marco de madera con <em>collages<\/em> de papel u otros detalles creativos para convertirlo en un verdadero objeto decorativo para tu mam\u00e1. Tambi\u00e9n puedes a\u00f1adir una foto bonita para que el regalo sea a\u00fan m\u00e1s especial.<\/li>\n\n\n\n<li style=\"margin-top:var(--wp--preset--spacing--30);margin-bottom:var(--wp--preset--spacing--30)\">Fabrica una funda para maceta en macram\u00e9, que encajar\u00e1 perfectamente en una decoraci\u00f3n de estilo bohemio.<\/li>\n<\/ul>\n<\/div>\n\n\n\n<div class=\"wp-block-column is-layout-flow wp-block-column-is-layout-flow\">\n<figure class=\"wp-block-gallery has-nested-images columns-default is-cropped wp-block-gallery-2 is-layout-flex wp-block-gallery-is-layout-flex\">\n<figure class=\"wp-block-image size-large\"><img loading=\"lazy\" decoding=\"async\" width=\"1024\" height=\"996\" data-id=\"36014\" src=\"https:\/\/www.interflora.es\/blog\/wp-content\/uploads\/2026\/04\/taza-mama-manualidades2-1-1024x996.jpg\" alt=\"Taza D\u00eda de la Madre\" class=\"wp-image-36014\" srcset=\"https:\/\/www.interflora.es\/blog\/wp-content\/uploads\/2026\/04\/taza-mama-manualidades2-1-1024x996.jpg 1024w, https:\/\/www.interflora.es\/blog\/wp-content\/uploads\/2026\/04\/taza-mama-manualidades2-1-300x292.jpg 300w, https:\/\/www.interflora.es\/blog\/wp-content\/uploads\/2026\/04\/taza-mama-manualidades2-1-768x747.jpg 768w, https:\/\/www.interflora.es\/blog\/wp-content\/uploads\/2026\/04\/taza-mama-manualidades2-1-1536x1494.jpg 1536w, https:\/\/www.interflora.es\/blog\/wp-content\/uploads\/2026\/04\/taza-mama-manualidades2-1-2048x1992.jpg 2048w\" sizes=\"auto, (max-width: 1024px) 100vw, 1024px\" \/><\/figure>\n\n\n\n<figure class=\"wp-block-image size-large\"><img loading=\"lazy\" decoding=\"async\" width=\"951\" height=\"1024\" data-id=\"36016\" src=\"https:\/\/www.interflora.es\/blog\/wp-content\/uploads\/2026\/04\/regalo-personalizado-madre-1-951x1024.jpeg\" alt=\"Regalo personalizado D\u00eda de la Madre\" class=\"wp-image-36016\" srcset=\"https:\/\/www.interflora.es\/blog\/wp-content\/uploads\/2026\/04\/regalo-personalizado-madre-1-951x1024.jpeg 951w, https:\/\/www.interflora.es\/blog\/wp-content\/uploads\/2026\/04\/regalo-personalizado-madre-1-278x300.jpeg 278w, https:\/\/www.interflora.es\/blog\/wp-content\/uploads\/2026\/04\/regalo-personalizado-madre-1-768x827.jpeg 768w, https:\/\/www.interflora.es\/blog\/wp-content\/uploads\/2026\/04\/regalo-personalizado-madre-1-1426x1536.jpeg 1426w, https:\/\/www.interflora.es\/blog\/wp-content\/uploads\/2026\/04\/regalo-personalizado-madre-1-1901x2048.jpeg 1901w\" sizes=\"auto, (max-width: 951px) 100vw, 951px\" \/><\/figure>\n<\/figure>\n\n\n\n<figure class=\"wp-block-image size-large\"><img loading=\"lazy\" decoding=\"async\" width=\"936\" height=\"1024\" src=\"https:\/\/www.interflora.es\/blog\/wp-content\/uploads\/2026\/04\/taza-mama-manualidades-3-936x1024.jpg\" alt=\"Regalo D\u00eda de la Madre hecho a mano\" class=\"wp-image-36018\" srcset=\"https:\/\/www.interflora.es\/blog\/wp-content\/uploads\/2026\/04\/taza-mama-manualidades-3-936x1024.jpg 936w, https:\/\/www.interflora.es\/blog\/wp-content\/uploads\/2026\/04\/taza-mama-manualidades-3-274x300.jpg 274w, https:\/\/www.interflora.es\/blog\/wp-content\/uploads\/2026\/04\/taza-mama-manualidades-3-768x840.jpg 768w, https:\/\/www.interflora.es\/blog\/wp-content\/uploads\/2026\/04\/taza-mama-manualidades-3-1404x1536.jpg 1404w, https:\/\/www.interflora.es\/blog\/wp-content\/uploads\/2026\/04\/taza-mama-manualidades-3-1872x2048.jpg 1872w\" sizes=\"auto, (max-width: 936px) 100vw, 936px\" \/><\/figure>\n<\/div>\n<\/div>\n\n\n<div class=\"lp-produits-grid\"><div class=\"lp-produit\"><div class=\"lp-thumbnail-wrapper\"><img loading=\"lazy\" decoding=\"async\" width=\"300\" height=\"300\" src=\"https:\/\/www.interflora.es\/blog\/wp-content\/uploads\/2026\/04\/1776694903-bwd078-hd-1-1-300x300.jpg\" class=\"attachment-medium size-medium wp-post-image\" alt=\"\" srcset=\"https:\/\/www.interflora.es\/blog\/wp-content\/uploads\/2026\/04\/1776694903-bwd078-hd-1-1-300x300.jpg 300w, https:\/\/www.interflora.es\/blog\/wp-content\/uploads\/2026\/04\/1776694903-bwd078-hd-1-1-1024x1024.jpg 1024w, https:\/\/www.interflora.es\/blog\/wp-content\/uploads\/2026\/04\/1776694903-bwd078-hd-1-1-150x150.jpg 150w, https:\/\/www.interflora.es\/blog\/wp-content\/uploads\/2026\/04\/1776694903-bwd078-hd-1-1-768x768.jpg 768w, https:\/\/www.interflora.es\/blog\/wp-content\/uploads\/2026\/04\/1776694903-bwd078-hd-1-1-1536x1536.jpg 1536w, https:\/\/www.interflora.es\/blog\/wp-content\/uploads\/2026\/04\/1776694903-bwd078-hd-1-1-2048x2048.jpg 2048w\" sizes=\"auto, (max-width: 300px) 100vw, 300px\" \/><img decoding=\"async\" class=\"lp-badge\" src=\"https:\/\/prodblog.interflora.es\/blog\/wp-content\/uploads\/2025\/04\/220422_INTERFLORA_Main_Logo_rgb_Main_Color.png\" alt=\"Entrega r\u00e1pida\"><\/div><span>Gesto de amor con RITUALS<\/span><p>54.99 \u20ac<\/p><span class=\"obf-link lp-cta\" role=\"link\" tabindex=\"0\" data-b64=\"aHR0cHM6Ly93d3cuaW50ZXJmbG9yYS5lcy9wL2dlc3RvLWRlLWFtb3ItY29uLXJpdHVhbHMvMT91dG1fbWVkaXVtPW9yZ2FuaWMmdXRtX3NvdXJjZT1ibG9nX3Byb2R1Y3RzJnV0bV9jYW1wYWlnbj1CV0QwNzg=\" data-target=\"_blank\"><svg xmlns=\"http:\/\/www.w3.org\/2000\/svg\" width=\"16\" height=\"16\" fill=\"currentColor\" class=\"bi bi-bag\" viewBox=\"0 0 16 16\"><path d=\"M8 1a2 2 0 0 1 2 2v1h2.5A1.5 1.5 0 0 1 14 5.5v8A1.5 1.5 0 0 1 12.5 15h-9A1.5 1.5 0 0 1 2 13.5v-8A1.5 1.5 0 0 1 3.5 3H6V2a2 2 0 0 1 2-1zm1 3V3a1 1 0 0 0-2 0v1h2z\"\/><\/svg>Comprar<\/span><p class=\"rapido\">Atenci\u00f3n al cliente siempre disponible<\/p><\/div><div class=\"lp-produit\"><div class=\"lp-thumbnail-wrapper\"><img loading=\"lazy\" decoding=\"async\" width=\"300\" height=\"300\" src=\"https:\/\/www.interflora.es\/blog\/wp-content\/uploads\/2026\/04\/1773761959-bf063-s-indimenticabile-300x300.jpg\" class=\"attachment-medium size-medium wp-post-image\" alt=\"\" srcset=\"https:\/\/www.interflora.es\/blog\/wp-content\/uploads\/2026\/04\/1773761959-bf063-s-indimenticabile-300x300.jpg 300w, https:\/\/www.interflora.es\/blog\/wp-content\/uploads\/2026\/04\/1773761959-bf063-s-indimenticabile-1024x1024.jpg 1024w, https:\/\/www.interflora.es\/blog\/wp-content\/uploads\/2026\/04\/1773761959-bf063-s-indimenticabile-150x150.jpg 150w, https:\/\/www.interflora.es\/blog\/wp-content\/uploads\/2026\/04\/1773761959-bf063-s-indimenticabile-768x768.jpg 768w, https:\/\/www.interflora.es\/blog\/wp-content\/uploads\/2026\/04\/1773761959-bf063-s-indimenticabile-1536x1536.jpg 1536w, https:\/\/www.interflora.es\/blog\/wp-content\/uploads\/2026\/04\/1773761959-bf063-s-indimenticabile.jpg 1900w\" sizes=\"auto, (max-width: 300px) 100vw, 300px\" \/><img decoding=\"async\" class=\"lp-badge\" src=\"https:\/\/prodblog.interflora.es\/blog\/wp-content\/uploads\/2025\/04\/220422_INTERFLORA_Main_Logo_rgb_Main_Color.png\" alt=\"Entrega r\u00e1pida\"><\/div><span>Inolvidable<\/span><p>52.99 \u20ac<\/p><span class=\"obf-link lp-cta\" role=\"link\" tabindex=\"0\" data-b64=\"aHR0cHM6Ly93d3cuaW50ZXJmbG9yYS5lcy9wL2lub2x2aWRhYmxlLzE\/dXRtX21lZGl1bT1vcmdhbmljJnV0bV9zb3VyY2U9YmxvZ19wcm9kdWN0cyZ1dG1fY2FtcGFpZ249QkYwNjM=\" data-target=\"_blank\"><svg xmlns=\"http:\/\/www.w3.org\/2000\/svg\" width=\"16\" height=\"16\" fill=\"currentColor\" class=\"bi bi-bag\" viewBox=\"0 0 16 16\"><path d=\"M8 1a2 2 0 0 1 2 2v1h2.5A1.5 1.5 0 0 1 14 5.5v8A1.5 1.5 0 0 1 12.5 15h-9A1.5 1.5 0 0 1 2 13.5v-8A1.5 1.5 0 0 1 3.5 3H6V2a2 2 0 0 1 2-1zm1 3V3a1 1 0 0 0-2 0v1h2z\"\/><\/svg>Comprar<\/span><p class=\"rapido\">Env\u00edo r\u00e1pido<\/p><\/div><div class=\"lp-produit\"><div class=\"lp-thumbnail-wrapper\"><img loading=\"lazy\" decoding=\"async\" width=\"300\" height=\"300\" src=\"https:\/\/www.interflora.es\/blog\/wp-content\/uploads\/2026\/04\/1773760953-bf061-sei-il-mio-fiore-key-300x300.jpg\" class=\"attachment-medium size-medium wp-post-image\" alt=\"\" srcset=\"https:\/\/www.interflora.es\/blog\/wp-content\/uploads\/2026\/04\/1773760953-bf061-sei-il-mio-fiore-key-300x300.jpg 300w, https:\/\/www.interflora.es\/blog\/wp-content\/uploads\/2026\/04\/1773760953-bf061-sei-il-mio-fiore-key-1024x1024.jpg 1024w, https:\/\/www.interflora.es\/blog\/wp-content\/uploads\/2026\/04\/1773760953-bf061-sei-il-mio-fiore-key-150x150.jpg 150w, https:\/\/www.interflora.es\/blog\/wp-content\/uploads\/2026\/04\/1773760953-bf061-sei-il-mio-fiore-key-768x768.jpg 768w, https:\/\/www.interflora.es\/blog\/wp-content\/uploads\/2026\/04\/1773760953-bf061-sei-il-mio-fiore-key-1536x1536.jpg 1536w, https:\/\/www.interflora.es\/blog\/wp-content\/uploads\/2026\/04\/1773760953-bf061-sei-il-mio-fiore-key.jpg 1900w\" sizes=\"auto, (max-width: 300px) 100vw, 300px\" \/><img decoding=\"async\" class=\"lp-badge\" src=\"https:\/\/prodblog.interflora.es\/blog\/wp-content\/uploads\/2025\/04\/220422_INTERFLORA_Main_Logo_rgb_Main_Color.png\" alt=\"Entrega r\u00e1pida\"><\/div><span>Eres mi flor<\/span><p>37.99 \u20ac<\/p><span class=\"obf-link lp-cta\" role=\"link\" tabindex=\"0\" data-b64=\"aHR0cHM6Ly93d3cuaW50ZXJmbG9yYS5lcy9wL2VyZXMtbWktZmxvci8xP3V0bV9tZWRpdW09b3JnYW5pYyZ1dG1fc291cmNlPWJsb2dfcHJvZHVjdHMmdXRtX2NhbXBhaWduPUJGMDYx\" data-target=\"_blank\"><svg xmlns=\"http:\/\/www.w3.org\/2000\/svg\" width=\"16\" height=\"16\" fill=\"currentColor\" class=\"bi bi-bag\" viewBox=\"0 0 16 16\"><path d=\"M8 1a2 2 0 0 1 2 2v1h2.5A1.5 1.5 0 0 1 14 5.5v8A1.5 1.5 0 0 1 12.5 15h-9A1.5 1.5 0 0 1 2 13.5v-8A1.5 1.5 0 0 1 3.5 3H6V2a2 2 0 0 1 2-1zm1 3V3a1 1 0 0 0-2 0v1h2z\"\/><\/svg>Comprar<\/span><p class=\"rapido\">Atenci\u00f3n al cliente siempre disponible<\/p><\/div><div class=\"lp-produit\"><div class=\"lp-thumbnail-wrapper\"><img loading=\"lazy\" decoding=\"async\" width=\"300\" height=\"300\" src=\"https:\/\/www.interflora.es\/blog\/wp-content\/uploads\/2026\/04\/1774609625-bwd079-siempre-a-tu-lado-mama-key-300x300.jpg\" class=\"attachment-medium size-medium wp-post-image\" alt=\"\" srcset=\"https:\/\/www.interflora.es\/blog\/wp-content\/uploads\/2026\/04\/1774609625-bwd079-siempre-a-tu-lado-mama-key-300x300.jpg 300w, https:\/\/www.interflora.es\/blog\/wp-content\/uploads\/2026\/04\/1774609625-bwd079-siempre-a-tu-lado-mama-key-1024x1024.jpg 1024w, https:\/\/www.interflora.es\/blog\/wp-content\/uploads\/2026\/04\/1774609625-bwd079-siempre-a-tu-lado-mama-key-150x150.jpg 150w, https:\/\/www.interflora.es\/blog\/wp-content\/uploads\/2026\/04\/1774609625-bwd079-siempre-a-tu-lado-mama-key-768x768.jpg 768w, https:\/\/www.interflora.es\/blog\/wp-content\/uploads\/2026\/04\/1774609625-bwd079-siempre-a-tu-lado-mama-key-1536x1536.jpg 1536w, https:\/\/www.interflora.es\/blog\/wp-content\/uploads\/2026\/04\/1774609625-bwd079-siempre-a-tu-lado-mama-key-2048x2048.jpg 2048w\" sizes=\"auto, (max-width: 300px) 100vw, 300px\" \/><img decoding=\"async\" class=\"lp-badge\" src=\"https:\/\/prodblog.interflora.es\/blog\/wp-content\/uploads\/2025\/04\/220422_INTERFLORA_Main_Logo_rgb_Main_Color.png\" alt=\"Entrega r\u00e1pida\"><\/div><span>Siempre a tu lado, mam\u00e1<\/span><p>54.99 \u20ac<\/p><span class=\"obf-link lp-cta\" role=\"link\" tabindex=\"0\" data-b64=\"aHR0cHM6Ly93d3cuaW50ZXJmbG9yYS5lcy9wL3NpZW1wcmUtYS10dS1sYWRvLW1hbWEvMT91dG1fbWVkaXVtPW9yZ2FuaWMmdXRtX3NvdXJjZT1ibG9nX3Byb2R1Y3RzJnV0bV9jYW1wYWlnbj1CV0QwNzk=\" data-target=\"_blank\"><svg xmlns=\"http:\/\/www.w3.org\/2000\/svg\" width=\"16\" height=\"16\" fill=\"currentColor\" class=\"bi bi-bag\" viewBox=\"0 0 16 16\"><path d=\"M8 1a2 2 0 0 1 2 2v1h2.5A1.5 1.5 0 0 1 14 5.5v8A1.5 1.5 0 0 1 12.5 15h-9A1.5 1.5 0 0 1 2 13.5v-8A1.5 1.5 0 0 1 3.5 3H6V2a2 2 0 0 1 2-1zm1 3V3a1 1 0 0 0-2 0v1h2z\"\/><\/svg>Comprar<\/span><p class=\"rapido\">Flores y plantas frescas<\/p><\/div><\/div>\n\n\n\n<div class=\"wp-block-columns is-layout-flex wp-container-core-columns-is-layout-28f84493 wp-block-columns-is-layout-flex\">\n<div class=\"wp-block-column is-layout-flow wp-block-column-is-layout-flow\" style=\"flex-basis:609px\">\n<figure class=\"wp-block-gallery has-nested-images columns-default is-cropped wp-block-gallery-3 is-layout-flex wp-block-gallery-is-layout-flex\">\n<figure class=\"wp-block-image size-large\"><img loading=\"lazy\" decoding=\"async\" width=\"1024\" height=\"708\" data-id=\"36041\" src=\"https:\/\/www.interflora.es\/blog\/wp-content\/uploads\/2026\/04\/flores-papel-manualidades-4-1024x708.jpeg\" alt=\"Flores de papel crep\u00e9 Dia de la Madre\" class=\"wp-image-36041\" srcset=\"https:\/\/www.interflora.es\/blog\/wp-content\/uploads\/2026\/04\/flores-papel-manualidades-4-1024x708.jpeg 1024w, https:\/\/www.interflora.es\/blog\/wp-content\/uploads\/2026\/04\/flores-papel-manualidades-4-300x208.jpeg 300w, https:\/\/www.interflora.es\/blog\/wp-content\/uploads\/2026\/04\/flores-papel-manualidades-4-768x531.jpeg 768w, https:\/\/www.interflora.es\/blog\/wp-content\/uploads\/2026\/04\/flores-papel-manualidades-4-1536x1062.jpeg 1536w, https:\/\/www.interflora.es\/blog\/wp-content\/uploads\/2026\/04\/flores-papel-manualidades-4-2048x1417.jpeg 2048w\" sizes=\"auto, (max-width: 1024px) 100vw, 1024px\" \/><\/figure>\n\n\n\n<figure class=\"wp-block-image size-large\"><img loading=\"lazy\" decoding=\"async\" width=\"1024\" height=\"685\" data-id=\"36040\" src=\"https:\/\/www.interflora.es\/blog\/wp-content\/uploads\/2026\/04\/flores-papel-manualidades-3-1-1024x685.jpeg\" alt=\"Flores de papel crep\u00e9 para mam\u00e1\" class=\"wp-image-36040\" srcset=\"https:\/\/www.interflora.es\/blog\/wp-content\/uploads\/2026\/04\/flores-papel-manualidades-3-1-1024x685.jpeg 1024w, https:\/\/www.interflora.es\/blog\/wp-content\/uploads\/2026\/04\/flores-papel-manualidades-3-1-300x201.jpeg 300w, https:\/\/www.interflora.es\/blog\/wp-content\/uploads\/2026\/04\/flores-papel-manualidades-3-1-768x514.jpeg 768w, https:\/\/www.interflora.es\/blog\/wp-content\/uploads\/2026\/04\/flores-papel-manualidades-3-1-1536x1028.jpeg 1536w, https:\/\/www.interflora.es\/blog\/wp-content\/uploads\/2026\/04\/flores-papel-manualidades-3-1-2048x1370.jpeg 2048w\" sizes=\"auto, (max-width: 1024px) 100vw, 1024px\" \/><\/figure>\n<\/figure>\n\n\n\n<figure class=\"wp-block-image size-large\"><img loading=\"lazy\" decoding=\"async\" width=\"1024\" height=\"736\" src=\"https:\/\/www.interflora.es\/blog\/wp-content\/uploads\/2026\/04\/flores-papel-manualidades-2-2-1024x736.jpeg\" alt=\"Flores de manualidades D\u00eda de la Madre\" class=\"wp-image-36043\" srcset=\"https:\/\/www.interflora.es\/blog\/wp-content\/uploads\/2026\/04\/flores-papel-manualidades-2-2-1024x736.jpeg 1024w, https:\/\/www.interflora.es\/blog\/wp-content\/uploads\/2026\/04\/flores-papel-manualidades-2-2-300x216.jpeg 300w, https:\/\/www.interflora.es\/blog\/wp-content\/uploads\/2026\/04\/flores-papel-manualidades-2-2-768x552.jpeg 768w, https:\/\/www.interflora.es\/blog\/wp-content\/uploads\/2026\/04\/flores-papel-manualidades-2-2-1536x1104.jpeg 1536w, https:\/\/www.interflora.es\/blog\/wp-content\/uploads\/2026\/04\/flores-papel-manualidades-2-2-2048x1472.jpeg 2048w\" sizes=\"auto, (max-width: 1024px) 100vw, 1024px\" \/><\/figure>\n<\/div>\n\n\n\n<div class=\"wp-block-column has-border-color is-layout-flow wp-container-core-column-is-layout-ebf37e8f wp-block-column-is-layout-flow\" style=\"border-color:#b80832;padding-top:var(--wp--preset--spacing--20);padding-right:var(--wp--preset--spacing--50);padding-bottom:var(--wp--preset--spacing--20);padding-left:var(--wp--preset--spacing--50)\">\n<h3 class=\"wp-block-heading has-text-align-center\">Un ramo de flores de papel crep\u00e9<\/h3>\n\n\n\n<p>Seguro que a tu madre, como a la mayor\u00eda de las madres, le encantan las flores, \u00bfverdad? Pues una idea estupenda para este d\u00eda es sustituir el habitual <a href=\"https:\/\/www.interflora.es\/c\/fiestas\/flores-dia-de-la-madre\">ramo de flores del D\u00eda de la Madre<\/a> por un ramo de flores de papel crep\u00e9 o de origami, que tu madre podr\u00e1 conservar todo el tiempo que quiera. Es f\u00e1cil de hacer y necesita pocos materiales. Una idea de regalo DIY para el D\u00eda de la Madre al alcance de casi todos, siempre que seas cuidadoso y tengas un poco de paciencia. Y para que tu sorpresa sea a\u00fan m\u00e1s inolvidable, acompa\u00f1a tus regalos de manualidades con una bonita tarjeta casera del D\u00eda de la Madre. Una manera estupenda de decir a la mejor de las madres cu\u00e1nto la quieres en este d\u00eda, en su cumplea\u00f1os\u2026 \u00a1y cada d\u00eda del a\u00f1o!<\/p>\n<\/div>\n<\/div>\n\n\n<div class=\"lp-produits-grid\"><div class=\"lp-produit\"><div class=\"lp-thumbnail-wrapper\"><img loading=\"lazy\" decoding=\"async\" width=\"300\" height=\"300\" src=\"https:\/\/www.interflora.es\/blog\/wp-content\/uploads\/2026\/03\/1764243761-ff021-s-musa-300x300.jpg\" class=\"attachment-medium size-medium wp-post-image\" alt=\"\" srcset=\"https:\/\/www.interflora.es\/blog\/wp-content\/uploads\/2026\/03\/1764243761-ff021-s-musa-300x300.jpg 300w, https:\/\/www.interflora.es\/blog\/wp-content\/uploads\/2026\/03\/1764243761-ff021-s-musa-150x150.jpg 150w, https:\/\/www.interflora.es\/blog\/wp-content\/uploads\/2026\/03\/1764243761-ff021-s-musa-768x768.jpg 768w, https:\/\/www.interflora.es\/blog\/wp-content\/uploads\/2026\/03\/1764243761-ff021-s-musa.jpg 1000w\" sizes=\"auto, (max-width: 300px) 100vw, 300px\" \/><img decoding=\"async\" class=\"lp-badge\" src=\"https:\/\/prodblog.interflora.es\/blog\/wp-content\/uploads\/2025\/04\/220422_INTERFLORA_Main_Logo_rgb_Main_Color.png\" alt=\"Entrega r\u00e1pida\"><\/div><span>Musa<\/span><p>34.99 \u20ac<\/p><span class=\"obf-link lp-cta\" role=\"link\" tabindex=\"0\" data-b64=\"aHR0cHM6Ly93d3cuaW50ZXJmbG9yYS5lcy9wL3JhbW8tZGUtcm9zYXMteS1mbG9yZXMtbWl4dGFzLWNvbi12ZXJkZS1kZWNvcmF0aXZvLzE\/dXRtX21lZGl1bT1vcmdhbmljJnV0bV9zb3VyY2U9YmxvZ19wcm9kdWN0cyZ1dG1fY2FtcGFpZ249RkYwMjE=\" data-target=\"_blank\"><svg xmlns=\"http:\/\/www.w3.org\/2000\/svg\" width=\"16\" height=\"16\" fill=\"currentColor\" class=\"bi bi-bag\" viewBox=\"0 0 16 16\"><path d=\"M8 1a2 2 0 0 1 2 2v1h2.5A1.5 1.5 0 0 1 14 5.5v8A1.5 1.5 0 0 1 12.5 15h-9A1.5 1.5 0 0 1 2 13.5v-8A1.5 1.5 0 0 1 3.5 3H6V2a2 2 0 0 1 2-1zm1 3V3a1 1 0 0 0-2 0v1h2z\"\/><\/svg>Comprar<\/span><p class=\"rapido\">Flores y plantas frescas<\/p><\/div><div class=\"lp-produit\"><div class=\"lp-thumbnail-wrapper\"><img loading=\"lazy\" decoding=\"async\" width=\"300\" height=\"300\" src=\"https:\/\/www.interflora.es\/blog\/wp-content\/uploads\/2026\/01\/1773301478-bwd078-latidos-key-300x300.jpg\" class=\"attachment-medium size-medium wp-post-image\" alt=\"\" srcset=\"https:\/\/www.interflora.es\/blog\/wp-content\/uploads\/2026\/01\/1773301478-bwd078-latidos-key-300x300.jpg 300w, https:\/\/www.interflora.es\/blog\/wp-content\/uploads\/2026\/01\/1773301478-bwd078-latidos-key-1024x1024.jpg 1024w, https:\/\/www.interflora.es\/blog\/wp-content\/uploads\/2026\/01\/1773301478-bwd078-latidos-key-150x150.jpg 150w, https:\/\/www.interflora.es\/blog\/wp-content\/uploads\/2026\/01\/1773301478-bwd078-latidos-key-768x768.jpg 768w, https:\/\/www.interflora.es\/blog\/wp-content\/uploads\/2026\/01\/1773301478-bwd078-latidos-key-1536x1536.jpg 1536w, https:\/\/www.interflora.es\/blog\/wp-content\/uploads\/2026\/01\/1773301478-bwd078-latidos-key.jpg 2048w\" sizes=\"auto, (max-width: 300px) 100vw, 300px\" \/><img decoding=\"async\" class=\"lp-badge\" src=\"https:\/\/prodblog.interflora.es\/blog\/wp-content\/uploads\/2025\/04\/220422_INTERFLORA_Main_Logo_rgb_Main_Color.png\" alt=\"Entrega r\u00e1pida\"><\/div><span>Latidos<\/span><p>37.99 \u20ac<\/p><span class=\"obf-link lp-cta\" role=\"link\" tabindex=\"0\" data-b64=\"aHR0cHM6Ly93d3cuaW50ZXJmbG9yYS5lcy9wL2xhdGlkb3MvMT91dG1fbWVkaXVtPW9yZ2FuaWMmdXRtX3NvdXJjZT1ibG9nX3Byb2R1Y3RzJnV0bV9jYW1wYWlnbj1CV0QwNzM=\" data-target=\"_blank\"><svg xmlns=\"http:\/\/www.w3.org\/2000\/svg\" width=\"16\" height=\"16\" fill=\"currentColor\" class=\"bi bi-bag\" viewBox=\"0 0 16 16\"><path d=\"M8 1a2 2 0 0 1 2 2v1h2.5A1.5 1.5 0 0 1 14 5.5v8A1.5 1.5 0 0 1 12.5 15h-9A1.5 1.5 0 0 1 2 13.5v-8A1.5 1.5 0 0 1 3.5 3H6V2a2 2 0 0 1 2-1zm1 3V3a1 1 0 0 0-2 0v1h2z\"\/><\/svg>Comprar<\/span><p class=\"rapido\">Flores y plantas elegidas con mimo<\/p><\/div><div class=\"lp-produit\"><div class=\"lp-thumbnail-wrapper\"><img loading=\"lazy\" decoding=\"async\" width=\"300\" height=\"300\" src=\"https:\/\/www.interflora.es\/blog\/wp-content\/uploads\/2026\/03\/1774019794-ff027-s-complicidad-300x300.jpg\" class=\"attachment-medium size-medium wp-post-image\" alt=\"\" srcset=\"https:\/\/www.interflora.es\/blog\/wp-content\/uploads\/2026\/03\/1774019794-ff027-s-complicidad-300x300.jpg 300w, https:\/\/www.interflora.es\/blog\/wp-content\/uploads\/2026\/03\/1774019794-ff027-s-complicidad-1024x1024.jpg 1024w, https:\/\/www.interflora.es\/blog\/wp-content\/uploads\/2026\/03\/1774019794-ff027-s-complicidad-150x150.jpg 150w, https:\/\/www.interflora.es\/blog\/wp-content\/uploads\/2026\/03\/1774019794-ff027-s-complicidad-768x768.jpg 768w, https:\/\/www.interflora.es\/blog\/wp-content\/uploads\/2026\/03\/1774019794-ff027-s-complicidad.jpg 1500w\" sizes=\"auto, (max-width: 300px) 100vw, 300px\" \/><img decoding=\"async\" class=\"lp-badge\" src=\"https:\/\/prodblog.interflora.es\/blog\/wp-content\/uploads\/2025\/04\/220422_INTERFLORA_Main_Logo_rgb_Main_Color.png\" alt=\"Entrega r\u00e1pida\"><\/div><span>Complicidad<\/span><p>39.99 \u20ac<\/p><span class=\"obf-link lp-cta\" role=\"link\" tabindex=\"0\" data-b64=\"aHR0cHM6Ly93d3cuaW50ZXJmbG9yYS5lcy9wL2FycmVnbG8tZGUtcm9zYXMteS1saWxpdW0vMT91dG1fbWVkaXVtPW9yZ2FuaWMmdXRtX3NvdXJjZT1ibG9nX3Byb2R1Y3RzJnV0bV9jYW1wYWlnbj1GRjAyNw==\" data-target=\"_blank\"><svg xmlns=\"http:\/\/www.w3.org\/2000\/svg\" width=\"16\" height=\"16\" fill=\"currentColor\" class=\"bi bi-bag\" viewBox=\"0 0 16 16\"><path d=\"M8 1a2 2 0 0 1 2 2v1h2.5A1.5 1.5 0 0 1 14 5.5v8A1.5 1.5 0 0 1 12.5 15h-9A1.5 1.5 0 0 1 2 13.5v-8A1.5 1.5 0 0 1 3.5 3H6V2a2 2 0 0 1 2-1zm1 3V3a1 1 0 0 0-2 0v1h2z\"\/><\/svg>Comprar<\/span><p class=\"rapido\">Flores y plantas elegidas con mimo<\/p><\/div><div class=\"lp-produit\"><div class=\"lp-thumbnail-wrapper\"><img loading=\"lazy\" decoding=\"async\" width=\"300\" height=\"300\" src=\"https:\/\/www.interflora.es\/blog\/wp-content\/uploads\/2026\/03\/1773757970-ff037-s-melodia-bouquet-300x300.jpg\" class=\"attachment-medium size-medium wp-post-image\" alt=\"\" srcset=\"https:\/\/www.interflora.es\/blog\/wp-content\/uploads\/2026\/03\/1773757970-ff037-s-melodia-bouquet-300x300.jpg 300w, https:\/\/www.interflora.es\/blog\/wp-content\/uploads\/2026\/03\/1773757970-ff037-s-melodia-bouquet-1024x1024.jpg 1024w, https:\/\/www.interflora.es\/blog\/wp-content\/uploads\/2026\/03\/1773757970-ff037-s-melodia-bouquet-150x150.jpg 150w, https:\/\/www.interflora.es\/blog\/wp-content\/uploads\/2026\/03\/1773757970-ff037-s-melodia-bouquet-768x768.jpg 768w, https:\/\/www.interflora.es\/blog\/wp-content\/uploads\/2026\/03\/1773757970-ff037-s-melodia-bouquet-1536x1536.jpg 1536w, https:\/\/www.interflora.es\/blog\/wp-content\/uploads\/2026\/03\/1773757970-ff037-s-melodia-bouquet-2048x2048.jpg 2048w\" sizes=\"auto, (max-width: 300px) 100vw, 300px\" \/><img decoding=\"async\" class=\"lp-badge\" src=\"https:\/\/prodblog.interflora.es\/blog\/wp-content\/uploads\/2025\/04\/220422_INTERFLORA_Main_Logo_rgb_Main_Color.png\" alt=\"Entrega r\u00e1pida\"><\/div><span>Melod\u00eda<\/span><p>44.99 \u20ac<\/p><span class=\"obf-link lp-cta\" role=\"link\" tabindex=\"0\" data-b64=\"aHR0cHM6Ly93d3cuaW50ZXJmbG9yYS5lcy9wL21lbG9kaWEvMT91dG1fbWVkaXVtPW9yZ2FuaWMmdXRtX3NvdXJjZT1ibG9nX3Byb2R1Y3RzJnV0bV9jYW1wYWlnbj1GRjAzNw==\" data-target=\"_blank\"><svg xmlns=\"http:\/\/www.w3.org\/2000\/svg\" width=\"16\" height=\"16\" fill=\"currentColor\" class=\"bi bi-bag\" viewBox=\"0 0 16 16\"><path d=\"M8 1a2 2 0 0 1 2 2v1h2.5A1.5 1.5 0 0 1 14 5.5v8A1.5 1.5 0 0 1 12.5 15h-9A1.5 1.5 0 0 1 2 13.5v-8A1.5 1.5 0 0 1 3.5 3H6V2a2 2 0 0 1 2-1zm1 3V3a1 1 0 0 0-2 0v1h2z\"\/><\/svg>Comprar<\/span><p class=\"rapido\">Env\u00edo r\u00e1pido<\/p><\/div><\/div>\n","protected":false},"excerpt":{"rendered":"<p>Llega el D\u00eda de la Madre y este a\u00f1o te gustar\u00eda sorprender a la tuya con un regalo original. Algo [&hellip;]<\/p>\n","protected":false},"author":13,"featured_media":35966,"comment_status":"open","ping_status":"open","sticky":false,"template":"","format":"standard","meta":{"_acf_changed":false,"_uag_custom_page_level_css":"","site-sidebar-layout":"default","site-content-layout":"","ast-site-content-layout":"default","site-content-style":"default","site-sidebar-style":"default","ast-global-header-display":"","ast-banner-title-visibility":"","ast-main-header-display":"","ast-hfb-above-header-display":"","ast-hfb-below-header-display":"","ast-hfb-mobile-header-display":"","site-post-title":"","ast-breadcrumbs-content":"","ast-featured-img":"","footer-sml-layout":"","theme-transparent-header-meta":"","adv-header-id-meta":"","stick-header-meta":"","header-above-stick-meta":"","header-main-stick-meta":"","header-below-stick-meta":"","astra-migrate-meta-layouts":"default","ast-page-background-enabled":"default","ast-page-background-meta":{"desktop":{"background-color":"var(--ast-global-color-5)","background-image":"","background-repeat":"repeat","background-position":"center center","background-size":"auto","background-attachment":"scroll","background-type":"","background-media":"","overlay-type":"","overlay-color":"","overlay-opacity":"","overlay-gradient":""},"tablet":{"background-color":"","background-image":"","background-repeat":"repeat","background-position":"center center","background-size":"auto","background-attachment":"scroll","background-type":"","background-media":"","overlay-type":"","overlay-color":"","overlay-opacity":"","overlay-gradient":""},"mobile":{"background-color":"","background-image":"","background-repeat":"repeat","background-position":"center center","background-size":"auto","background-attachment":"scroll","background-type":"","background-media":"","overlay-type":"","overlay-color":"","overlay-opacity":"","overlay-gradient":""}},"ast-content-background-meta":{"desktop":{"background-color":"var(--ast-global-color-4)","background-image":"","background-repeat":"repeat","background-position":"center center","background-size":"auto","background-attachment":"scroll","background-type":"","background-media":"","overlay-type":"","overlay-color":"","overlay-opacity":"","overlay-gradient":""},"tablet":{"background-color":"var(--ast-global-color-4)","background-image":"","background-repeat":"repeat","background-position":"center center","background-size":"auto","background-attachment":"scroll","background-type":"","background-media":"","overlay-type":"","overlay-color":"","overlay-opacity":"","overlay-gradient":""},"mobile":{"background-color":"var(--ast-global-color-4)","background-image":"","background-repeat":"repeat","background-position":"center center","background-size":"auto","background-attachment":"scroll","background-type":"","background-media":"","overlay-type":"","overlay-color":"","overlay-opacity":"","overlay-gradient":""}},"footnotes":""},"categories":[142,87,23],"tags":[143,207],"class_list":["post-35949","post","type-post","status-publish","format-standard","has-post-thumbnail","hentry","category-dia-de-la-madre","category-ideas-de-regalos","category-ocasiones-especiales","tag-dia-de-la-madre","tag-regalos"],"acf":[],"yoast_head":"<!-- This site is optimized with the Yoast SEO plugin v27.5 - https:\/\/yoast.com\/product\/yoast-seo-wordpress\/ -->\n<title>DIY regalo d\u00eda de la madre: detalles hechos con amor |Interflora<\/title>\n<meta name=\"description\" content=\"\u00bfBuscas ideas para hacer un bonito regalo del D\u00eda de la Madre con tus propias manos? \u00a1Pues Interflora tiene un mont\u00f3n! Entrega de ramos de flores en 24h.\" \/>\n<meta name=\"robots\" content=\"index, follow, max-snippet:-1, max-image-preview:large, max-video-preview:-1\" \/>\n<link rel=\"canonical\" href=\"https:\/\/www.interflora.es\/blog\/diy-regalo-dia-de-la-madre-manualidades\/\" \/>\n<script type=\"application\/ld+json\" class=\"yoast-schema-graph\">{\"@context\":\"https:\\\/\\\/schema.org\",\"@graph\":[{\"@type\":\"Article\",\"@id\":\"https:\\\/\\\/www.interflora.es\\\/blog\\\/diy-regalo-dia-de-la-madre-manualidades\\\/#article\",\"isPartOf\":{\"@id\":\"https:\\\/\\\/www.interflora.es\\\/blog\\\/diy-regalo-dia-de-la-madre-manualidades\\\/\"},\"author\":{\"name\":\"Interflora\",\"@id\":\"https:\\\/\\\/www.interflora.es\\\/blog\\\/#\\\/schema\\\/person\\\/e3ecff50262948e365b92682cdc2a9d1\"},\"headline\":\"Ideas de regalos para el D\u00eda de la Madre hechas con manualidades\",\"datePublished\":\"2026-04-21T12:25:42+00:00\",\"dateModified\":\"2026-04-21T12:33:07+00:00\",\"mainEntityOfPage\":{\"@id\":\"https:\\\/\\\/www.interflora.es\\\/blog\\\/diy-regalo-dia-de-la-madre-manualidades\\\/\"},\"wordCount\":1115,\"commentCount\":0,\"publisher\":{\"@id\":\"https:\\\/\\\/www.interflora.es\\\/blog\\\/#organization\"},\"image\":{\"@id\":\"https:\\\/\\\/www.interflora.es\\\/blog\\\/diy-regalo-dia-de-la-madre-manualidades\\\/#primaryimage\"},\"thumbnailUrl\":\"https:\\\/\\\/www.interflora.es\\\/blog\\\/wp-content\\\/uploads\\\/2026\\\/04\\\/dia-madre-bd.jpeg\",\"keywords\":[\"D\u00eda de la Madre\",\"regalos\"],\"articleSection\":[\"D\u00eda de la Madre\",\"Ideas de regalos\",\"Ocasiones especiales\"],\"inLanguage\":\"es\",\"potentialAction\":[{\"@type\":\"CommentAction\",\"name\":\"Comment\",\"target\":[\"https:\\\/\\\/www.interflora.es\\\/blog\\\/diy-regalo-dia-de-la-madre-manualidades\\\/#respond\"]}]},{\"@type\":\"WebPage\",\"@id\":\"https:\\\/\\\/www.interflora.es\\\/blog\\\/diy-regalo-dia-de-la-madre-manualidades\\\/\",\"url\":\"https:\\\/\\\/www.interflora.es\\\/blog\\\/diy-regalo-dia-de-la-madre-manualidades\\\/\",\"name\":\"DIY regalo d\u00eda de la madre: detalles hechos con amor |Interflora\",\"isPartOf\":{\"@id\":\"https:\\\/\\\/www.interflora.es\\\/blog\\\/#website\"},\"primaryImageOfPage\":{\"@id\":\"https:\\\/\\\/www.interflora.es\\\/blog\\\/diy-regalo-dia-de-la-madre-manualidades\\\/#primaryimage\"},\"image\":{\"@id\":\"https:\\\/\\\/www.interflora.es\\\/blog\\\/diy-regalo-dia-de-la-madre-manualidades\\\/#primaryimage\"},\"thumbnailUrl\":\"https:\\\/\\\/www.interflora.es\\\/blog\\\/wp-content\\\/uploads\\\/2026\\\/04\\\/dia-madre-bd.jpeg\",\"datePublished\":\"2026-04-21T12:25:42+00:00\",\"dateModified\":\"2026-04-21T12:33:07+00:00\",\"description\":\"\u00bfBuscas ideas para hacer un bonito regalo del D\u00eda de la Madre con tus propias manos? \u00a1Pues Interflora tiene un mont\u00f3n! Entrega de ramos de flores en 24h.\",\"breadcrumb\":{\"@id\":\"https:\\\/\\\/www.interflora.es\\\/blog\\\/diy-regalo-dia-de-la-madre-manualidades\\\/#breadcrumb\"},\"inLanguage\":\"es\",\"potentialAction\":[{\"@type\":\"ReadAction\",\"target\":[\"https:\\\/\\\/www.interflora.es\\\/blog\\\/diy-regalo-dia-de-la-madre-manualidades\\\/\"]}]},{\"@type\":\"ImageObject\",\"inLanguage\":\"es\",\"@id\":\"https:\\\/\\\/www.interflora.es\\\/blog\\\/diy-regalo-dia-de-la-madre-manualidades\\\/#primaryimage\",\"url\":\"https:\\\/\\\/www.interflora.es\\\/blog\\\/wp-content\\\/uploads\\\/2026\\\/04\\\/dia-madre-bd.jpeg\",\"contentUrl\":\"https:\\\/\\\/www.interflora.es\\\/blog\\\/wp-content\\\/uploads\\\/2026\\\/04\\\/dia-madre-bd.jpeg\",\"width\":2481,\"height\":1106,\"caption\":\"A small child drew congratulations for Mother's Day. Funny children's drawing for a holiday. Congratulations.\"},{\"@type\":\"BreadcrumbList\",\"@id\":\"https:\\\/\\\/www.interflora.es\\\/blog\\\/diy-regalo-dia-de-la-madre-manualidades\\\/#breadcrumb\",\"itemListElement\":[{\"@type\":\"ListItem\",\"position\":1,\"name\":\"Home\",\"item\":\"https:\\\/\\\/www.interflora.es\\\/blog\\\/\"},{\"@type\":\"ListItem\",\"position\":2,\"name\":\"Ideas de regalos para el D\u00eda de la Madre hechas con manualidades\"}]},{\"@type\":\"WebSite\",\"@id\":\"https:\\\/\\\/www.interflora.es\\\/blog\\\/#website\",\"url\":\"https:\\\/\\\/www.interflora.es\\\/blog\\\/\",\"name\":\"El blog de Interflora : consejos, ideas e inspiraci\u00f3n para disfrutar de las flores y las plantas\",\"description\":\"\",\"publisher\":{\"@id\":\"https:\\\/\\\/www.interflora.es\\\/blog\\\/#organization\"},\"potentialAction\":[{\"@type\":\"SearchAction\",\"target\":{\"@type\":\"EntryPoint\",\"urlTemplate\":\"https:\\\/\\\/www.interflora.es\\\/blog\\\/?s={search_term_string}\"},\"query-input\":{\"@type\":\"PropertyValueSpecification\",\"valueRequired\":true,\"valueName\":\"search_term_string\"}}],\"inLanguage\":\"es\"},{\"@type\":\"Organization\",\"@id\":\"https:\\\/\\\/www.interflora.es\\\/blog\\\/#organization\",\"name\":\"El blog de Interflora : consejos, ideas e inspiraci\u00f3n para disfrutar de las flores y las plantas\",\"url\":\"https:\\\/\\\/www.interflora.es\\\/blog\\\/\",\"logo\":{\"@type\":\"ImageObject\",\"inLanguage\":\"es\",\"@id\":\"https:\\\/\\\/www.interflora.es\\\/blog\\\/#\\\/schema\\\/logo\\\/image\\\/\",\"url\":\"https:\\\/\\\/www.interflora.es\\\/blog\\\/wp-content\\\/uploads\\\/2025\\\/10\\\/cropped-220422_INTERFLORA_Logo_rgb_Half_Top_Circle_Main_Color.png\",\"contentUrl\":\"https:\\\/\\\/www.interflora.es\\\/blog\\\/wp-content\\\/uploads\\\/2025\\\/10\\\/cropped-220422_INTERFLORA_Logo_rgb_Half_Top_Circle_Main_Color.png\",\"width\":1418,\"height\":659,\"caption\":\"El blog de Interflora : consejos, ideas e inspiraci\u00f3n para disfrutar de las flores y las plantas\"},\"image\":{\"@id\":\"https:\\\/\\\/www.interflora.es\\\/blog\\\/#\\\/schema\\\/logo\\\/image\\\/\"}},{\"@type\":\"Person\",\"@id\":\"https:\\\/\\\/www.interflora.es\\\/blog\\\/#\\\/schema\\\/person\\\/e3ecff50262948e365b92682cdc2a9d1\",\"name\":\"Interflora\",\"image\":{\"@type\":\"ImageObject\",\"inLanguage\":\"es\",\"@id\":\"https:\\\/\\\/www.interflora.es\\\/blog\\\/wp-content\\\/litespeed\\\/avatar\\\/ef0a9e22ccabc545011ca74a630eaf3e.jpg?ver=1776950439\",\"url\":\"https:\\\/\\\/www.interflora.es\\\/blog\\\/wp-content\\\/litespeed\\\/avatar\\\/ef0a9e22ccabc545011ca74a630eaf3e.jpg?ver=1776950439\",\"contentUrl\":\"https:\\\/\\\/www.interflora.es\\\/blog\\\/wp-content\\\/litespeed\\\/avatar\\\/ef0a9e22ccabc545011ca74a630eaf3e.jpg?ver=1776950439\",\"caption\":\"Interflora\"}}]}<\/script>\n<!-- \/ Yoast SEO plugin. -->","yoast_head_json":{"title":"DIY regalo d\u00eda de la madre: detalles hechos con amor |Interflora","description":"\u00bfBuscas ideas para hacer un bonito regalo del D\u00eda de la Madre con tus propias manos? \u00a1Pues Interflora tiene un mont\u00f3n! Entrega de ramos de flores en 24h.","robots":{"index":"index","follow":"follow","max-snippet":"max-snippet:-1","max-image-preview":"max-image-preview:large","max-video-preview":"max-video-preview:-1"},"canonical":"https:\/\/www.interflora.es\/blog\/diy-regalo-dia-de-la-madre-manualidades\/","schema":{"@context":"https:\/\/schema.org","@graph":[{"@type":"Article","@id":"https:\/\/www.interflora.es\/blog\/diy-regalo-dia-de-la-madre-manualidades\/#article","isPartOf":{"@id":"https:\/\/www.interflora.es\/blog\/diy-regalo-dia-de-la-madre-manualidades\/"},"author":{"name":"Interflora","@id":"https:\/\/www.interflora.es\/blog\/#\/schema\/person\/e3ecff50262948e365b92682cdc2a9d1"},"headline":"Ideas de regalos para el D\u00eda de la Madre hechas con manualidades","datePublished":"2026-04-21T12:25:42+00:00","dateModified":"2026-04-21T12:33:07+00:00","mainEntityOfPage":{"@id":"https:\/\/www.interflora.es\/blog\/diy-regalo-dia-de-la-madre-manualidades\/"},"wordCount":1115,"commentCount":0,"publisher":{"@id":"https:\/\/www.interflora.es\/blog\/#organization"},"image":{"@id":"https:\/\/www.interflora.es\/blog\/diy-regalo-dia-de-la-madre-manualidades\/#primaryimage"},"thumbnailUrl":"https:\/\/www.interflora.es\/blog\/wp-content\/uploads\/2026\/04\/dia-madre-bd.jpeg","keywords":["D\u00eda de la Madre","regalos"],"articleSection":["D\u00eda de la Madre","Ideas de regalos","Ocasiones especiales"],"inLanguage":"es","potentialAction":[{"@type":"CommentAction","name":"Comment","target":["https:\/\/www.interflora.es\/blog\/diy-regalo-dia-de-la-madre-manualidades\/#respond"]}]},{"@type":"WebPage","@id":"https:\/\/www.interflora.es\/blog\/diy-regalo-dia-de-la-madre-manualidades\/","url":"https:\/\/www.interflora.es\/blog\/diy-regalo-dia-de-la-madre-manualidades\/","name":"DIY regalo d\u00eda de la madre: detalles hechos con amor |Interflora","isPartOf":{"@id":"https:\/\/www.interflora.es\/blog\/#website"},"primaryImageOfPage":{"@id":"https:\/\/www.interflora.es\/blog\/diy-regalo-dia-de-la-madre-manualidades\/#primaryimage"},"image":{"@id":"https:\/\/www.interflora.es\/blog\/diy-regalo-dia-de-la-madre-manualidades\/#primaryimage"},"thumbnailUrl":"https:\/\/www.interflora.es\/blog\/wp-content\/uploads\/2026\/04\/dia-madre-bd.jpeg","datePublished":"2026-04-21T12:25:42+00:00","dateModified":"2026-04-21T12:33:07+00:00","description":"\u00bfBuscas ideas para hacer un bonito regalo del D\u00eda de la Madre con tus propias manos? \u00a1Pues Interflora tiene un mont\u00f3n! Entrega de ramos de flores en 24h.","breadcrumb":{"@id":"https:\/\/www.interflora.es\/blog\/diy-regalo-dia-de-la-madre-manualidades\/#breadcrumb"},"inLanguage":"es","potentialAction":[{"@type":"ReadAction","target":["https:\/\/www.interflora.es\/blog\/diy-regalo-dia-de-la-madre-manualidades\/"]}]},{"@type":"ImageObject","inLanguage":"es","@id":"https:\/\/www.interflora.es\/blog\/diy-regalo-dia-de-la-madre-manualidades\/#primaryimage","url":"https:\/\/www.interflora.es\/blog\/wp-content\/uploads\/2026\/04\/dia-madre-bd.jpeg","contentUrl":"https:\/\/www.interflora.es\/blog\/wp-content\/uploads\/2026\/04\/dia-madre-bd.jpeg","width":2481,"height":1106,"caption":"A small child drew congratulations for Mother's Day. Funny children's drawing for a holiday. Congratulations."},{"@type":"BreadcrumbList","@id":"https:\/\/www.interflora.es\/blog\/diy-regalo-dia-de-la-madre-manualidades\/#breadcrumb","itemListElement":[{"@type":"ListItem","position":1,"name":"Home","item":"https:\/\/www.interflora.es\/blog\/"},{"@type":"ListItem","position":2,"name":"Ideas de regalos para el D\u00eda de la Madre hechas con manualidades"}]},{"@type":"WebSite","@id":"https:\/\/www.interflora.es\/blog\/#website","url":"https:\/\/www.interflora.es\/blog\/","name":"El blog de Interflora : consejos, ideas e inspiraci\u00f3n para disfrutar de las flores y las plantas","description":"","publisher":{"@id":"https:\/\/www.interflora.es\/blog\/#organization"},"potentialAction":[{"@type":"SearchAction","target":{"@type":"EntryPoint","urlTemplate":"https:\/\/www.interflora.es\/blog\/?s={search_term_string}"},"query-input":{"@type":"PropertyValueSpecification","valueRequired":true,"valueName":"search_term_string"}}],"inLanguage":"es"},{"@type":"Organization","@id":"https:\/\/www.interflora.es\/blog\/#organization","name":"El blog de Interflora : consejos, ideas e inspiraci\u00f3n para disfrutar de las flores y las plantas","url":"https:\/\/www.interflora.es\/blog\/","logo":{"@type":"ImageObject","inLanguage":"es","@id":"https:\/\/www.interflora.es\/blog\/#\/schema\/logo\/image\/","url":"https:\/\/www.interflora.es\/blog\/wp-content\/uploads\/2025\/10\/cropped-220422_INTERFLORA_Logo_rgb_Half_Top_Circle_Main_Color.png","contentUrl":"https:\/\/www.interflora.es\/blog\/wp-content\/uploads\/2025\/10\/cropped-220422_INTERFLORA_Logo_rgb_Half_Top_Circle_Main_Color.png","width":1418,"height":659,"caption":"El blog de Interflora : consejos, ideas e inspiraci\u00f3n para disfrutar de las flores y las plantas"},"image":{"@id":"https:\/\/www.interflora.es\/blog\/#\/schema\/logo\/image\/"}},{"@type":"Person","@id":"https:\/\/www.interflora.es\/blog\/#\/schema\/person\/e3ecff50262948e365b92682cdc2a9d1","name":"Interflora","image":{"@type":"ImageObject","inLanguage":"es","@id":"https:\/\/www.interflora.es\/blog\/wp-content\/litespeed\/avatar\/ef0a9e22ccabc545011ca74a630eaf3e.jpg?ver=1776950439","url":"https:\/\/www.interflora.es\/blog\/wp-content\/litespeed\/avatar\/ef0a9e22ccabc545011ca74a630eaf3e.jpg?ver=1776950439","contentUrl":"https:\/\/www.interflora.es\/blog\/wp-content\/litespeed\/avatar\/ef0a9e22ccabc545011ca74a630eaf3e.jpg?ver=1776950439","caption":"Interflora"}}]}},"uagb_featured_image_src":{"full":["https:\/\/www.interflora.es\/blog\/wp-content\/uploads\/2026\/04\/dia-madre-bd.jpeg",2481,1106,false],"thumbnail":["https:\/\/www.interflora.es\/blog\/wp-content\/uploads\/2026\/04\/dia-madre-bd-150x150.jpeg",150,150,true],"medium":["https:\/\/www.interflora.es\/blog\/wp-content\/uploads\/2026\/04\/dia-madre-bd-300x134.jpeg",300,134,true],"medium_large":["https:\/\/www.interflora.es\/blog\/wp-content\/uploads\/2026\/04\/dia-madre-bd-768x342.jpeg",768,342,true],"large":["https:\/\/www.interflora.es\/blog\/wp-content\/uploads\/2026\/04\/dia-madre-bd-1024x456.jpeg",1024,456,true],"1536x1536":["https:\/\/www.interflora.es\/blog\/wp-content\/uploads\/2026\/04\/dia-madre-bd-1536x685.jpeg",1536,685,true],"2048x2048":["https:\/\/www.interflora.es\/blog\/wp-content\/uploads\/2026\/04\/dia-madre-bd-2048x913.jpeg",2048,913,true]},"uagb_author_info":{"display_name":"Interflora","author_link":"https:\/\/www.interflora.es\/blog\/author\/interflora\/"},"uagb_comment_info":0,"uagb_excerpt":"Llega el D\u00eda de la Madre y este a\u00f1o te gustar\u00eda sorprender a la tuya con un regalo original. Algo [&hellip;]","_links":{"self":[{"href":"https:\/\/www.interflora.es\/blog\/wp-json\/wp\/v2\/posts\/35949","targetHints":{"allow":["GET"]}}],"collection":[{"href":"https:\/\/www.interflora.es\/blog\/wp-json\/wp\/v2\/posts"}],"about":[{"href":"https:\/\/www.interflora.es\/blog\/wp-json\/wp\/v2\/types\/post"}],"author":[{"embeddable":true,"href":"https:\/\/www.interflora.es\/blog\/wp-json\/wp\/v2\/users\/13"}],"replies":[{"embeddable":true,"href":"https:\/\/www.interflora.es\/blog\/wp-json\/wp\/v2\/comments?post=35949"}],"version-history":[{"count":64,"href":"https:\/\/www.interflora.es\/blog\/wp-json\/wp\/v2\/posts\/35949\/revisions"}],"predecessor-version":[{"id":36289,"href":"https:\/\/www.interflora.es\/blog\/wp-json\/wp\/v2\/posts\/35949\/revisions\/36289"}],"wp:featuredmedia":[{"embeddable":true,"href":"https:\/\/www.interflora.es\/blog\/wp-json\/wp\/v2\/media\/35966"}],"wp:attachment":[{"href":"https:\/\/www.interflora.es\/blog\/wp-json\/wp\/v2\/media?parent=35949"}],"wp:term":[{"taxonomy":"category","embeddable":true,"href":"https:\/\/www.interflora.es\/blog\/wp-json\/wp\/v2\/categories?post=35949"},{"taxonomy":"post_tag","embeddable":true,"href":"https:\/\/www.interflora.es\/blog\/wp-json\/wp\/v2\/tags?post=35949"}],"curies":[{"name":"wp","href":"https:\/\/api.w.org\/{rel}","templated":true}]}}