{"id":35558,"date":"2026-04-08T09:29:49","date_gmt":"2026-04-08T07:29:49","guid":{"rendered":"https:\/\/www.interflora.es\/blog\/?p=35558"},"modified":"2026-04-08T09:29:50","modified_gmt":"2026-04-08T07:29:50","slug":"emoji-flores-significado-whatsapp","status":"publish","type":"post","link":"https:\/\/www.interflora.es\/blog\/emoji-flores-significado-whatsapp\/","title":{"rendered":"\u00bfCu\u00e1l es el significado de los emojis de flores en WhatsApp?"},"content":{"rendered":"\n<p>Los emojis son esas alegres y peque\u00f1as im\u00e1genes de formas variadas que acompa\u00f1an cada d\u00eda nuestros mensajes de WhatsApp. Un hermoso detalle de color que para muchos ya se ha vuelto imprescindible, ya que refleja perfectamente nuestros sentimientos, ideas y estados de \u00e1nimo sin necesidad de palabras. Entre los m\u00e1s usados est\u00e1n los emojis de flores\u200b, toda una mir\u00edada de dibujitos que nos ayudan a expresar lo que sentimos. Sin embargo, los emojis en forma de flor tienen significados diferentes que debes conocer si quieres usarlos correctamente. En Interflora sabemos que las flores hablan por s\u00ed solas, aunque sean digitales, y aqu\u00ed te vamos a explicar <strong>cu\u00e1l es el significado de los emojis flores que mandas por WhatsApp.<\/strong> \ud83c\udf38\u200b\ud83c\udf39\u200b\ud83c\udf3a\u200b\ud83c\udf3b\u200b\ud83c\udf3c\u200b\ud83c\udf37<br><\/p>\n\n\n\n<h2 class=\"wp-block-heading\" style=\"margin-top:var(--wp--preset--spacing--40);margin-bottom:var(--wp--preset--spacing--40)\">\u00bfQu\u00e9 es un emoji y para qu\u00e9 sirve?<\/h2>\n\n\n\n<div class=\"wp-block-columns is-layout-flex wp-container-core-columns-is-layout-0806ab5c wp-block-columns-is-layout-flex\" style=\"margin-top:var(--wp--preset--spacing--30);margin-bottom:var(--wp--preset--spacing--30)\">\n<div class=\"wp-block-column is-layout-flow wp-container-core-column-is-layout-8a368f38 wp-block-column-is-layout-flow\">\n<p>Los emojis son peque\u00f1os iconos en forma de coraz\u00f3n, de tr\u00e9bol, de flor, de sol, de estrellas y de miles de otras cosas que acompa\u00f1an nuestros mensajes digitales, sobre todo los de WhatsApp. <\/p>\n\n\n\n<p>Estos s\u00edmbolos sencillos ya se han convertido en una forma universal de expresi\u00f3n, una manera r\u00e1pida y perfecta para compartir sentimientos, estados de \u00e1nimo, necesidades, gustos, preocupaciones\u2026 \u00a1todo es posible en el mundo de los emojis! Tal es su popularidad que hasta la Real Academia de la Lengua Espa\u00f1ola (RAE) los ha aceptado en su diccionario. \ud83e\uddd1\u200d\ud83c\udf93\u200b\ud83e\uddfe <\/p>\n\n\n\n<p>\u200bEnviar un emoji en una conversaci\u00f3n de WhatsApp ayuda a matizar lo que decimos, a enfatizar ciertas cosas, a comunicar de manera menos fr\u00eda e incluso a hacer re\u00edr a nuestro interlocutor. En un mundo donde gran parte de nuestras interacciones son digitales, estos peque\u00f1os iconos ayudan a recuperar algo esencial para los seres humanos: la emoci\u00f3n.<\/p>\n<\/div>\n\n\n\n<div class=\"wp-block-column is-layout-flow wp-block-column-is-layout-flow\">\n<figure class=\"wp-block-image size-large\"><img loading=\"lazy\" decoding=\"async\" width=\"827\" height=\"1024\" src=\"https:\/\/www.interflora.es\/blog\/wp-content\/uploads\/2026\/04\/flor-emoji-siginificado-2-827x1024.jpg\" alt=\"Significado emojis flores\" class=\"wp-image-35602\" srcset=\"https:\/\/www.interflora.es\/blog\/wp-content\/uploads\/2026\/04\/flor-emoji-siginificado-2-827x1024.jpg 827w, https:\/\/www.interflora.es\/blog\/wp-content\/uploads\/2026\/04\/flor-emoji-siginificado-2-242x300.jpg 242w, https:\/\/www.interflora.es\/blog\/wp-content\/uploads\/2026\/04\/flor-emoji-siginificado-2-768x950.jpg 768w, https:\/\/www.interflora.es\/blog\/wp-content\/uploads\/2026\/04\/flor-emoji-siginificado-2-1241x1536.jpg 1241w, https:\/\/www.interflora.es\/blog\/wp-content\/uploads\/2026\/04\/flor-emoji-siginificado-2-1655x2048.jpg 1655w, https:\/\/www.interflora.es\/blog\/wp-content\/uploads\/2026\/04\/flor-emoji-siginificado-2.jpg 1776w\" sizes=\"auto, (max-width: 827px) 100vw, 827px\" \/><\/figure>\n<\/div>\n<\/div>\n\n\n<div class=\"lp-produits-grid\"><div class=\"lp-produit\"><div class=\"lp-thumbnail-wrapper\"><img loading=\"lazy\" decoding=\"async\" width=\"300\" height=\"300\" src=\"https:\/\/www.interflora.es\/blog\/wp-content\/uploads\/2025\/11\/Capture-decran-2026-02-04-121916-300x300.png\" class=\"attachment-medium size-medium wp-post-image\" alt=\"\" srcset=\"https:\/\/www.interflora.es\/blog\/wp-content\/uploads\/2025\/11\/Capture-decran-2026-02-04-121916-300x300.png 300w, https:\/\/www.interflora.es\/blog\/wp-content\/uploads\/2025\/11\/Capture-decran-2026-02-04-121916-150x150.png 150w, https:\/\/www.interflora.es\/blog\/wp-content\/uploads\/2025\/11\/Capture-decran-2026-02-04-121916.png 647w\" sizes=\"auto, (max-width: 300px) 100vw, 300px\" \/><img decoding=\"async\" class=\"lp-badge\" src=\"https:\/\/prodblog.interflora.es\/blog\/wp-content\/uploads\/2025\/04\/220422_INTERFLORA_Main_Logo_rgb_Main_Color.png\" alt=\"Entrega r\u00e1pida\"><\/div><span>Peque\u00f1o Sol<\/span><p>27.99 \u20ac<\/p><span class=\"obf-link lp-cta\" role=\"link\" tabindex=\"0\" data-b64=\"aHR0cHM6Ly93d3cuaW50ZXJmbG9yYS5lcy9wL3JhbW8tZGUtZmxvcmVzLWFtYXJpbGxhcy12YXJpYWRhcy8xP3V0bV9tZWRpdW09b3JnYW5pYyZ1dG1fc291cmNlPWJsb2dfcHJvZHVjdHMmdXRtX2NhbXBhaWduPUZGMTQ4\" data-target=\"_blank\"><svg xmlns=\"http:\/\/www.w3.org\/2000\/svg\" width=\"16\" height=\"16\" fill=\"currentColor\" class=\"bi bi-bag\" viewBox=\"0 0 16 16\"><path d=\"M8 1a2 2 0 0 1 2 2v1h2.5A1.5 1.5 0 0 1 14 5.5v8A1.5 1.5 0 0 1 12.5 15h-9A1.5 1.5 0 0 1 2 13.5v-8A1.5 1.5 0 0 1 3.5 3H6V2a2 2 0 0 1 2-1zm1 3V3a1 1 0 0 0-2 0v1h2z\"\/><\/svg>Comprar<\/span><p class=\"rapido\">Atenci\u00f3n al cliente siempre disponible<\/p><\/div><div class=\"lp-produit\"><div class=\"lp-thumbnail-wrapper\"><img loading=\"lazy\" decoding=\"async\" width=\"300\" height=\"300\" src=\"https:\/\/www.interflora.es\/blog\/wp-content\/uploads\/2025\/04\/1705044947-deco_tempus-r-1-300x300.jpg\" class=\"attachment-medium size-medium wp-post-image\" alt=\"\" srcset=\"https:\/\/www.interflora.es\/blog\/wp-content\/uploads\/2025\/04\/1705044947-deco_tempus-r-1-300x300.jpg 300w, https:\/\/www.interflora.es\/blog\/wp-content\/uploads\/2025\/04\/1705044947-deco_tempus-r-1-1024x1024.jpg 1024w, https:\/\/www.interflora.es\/blog\/wp-content\/uploads\/2025\/04\/1705044947-deco_tempus-r-1-150x150.jpg 150w, https:\/\/www.interflora.es\/blog\/wp-content\/uploads\/2025\/04\/1705044947-deco_tempus-r-1-768x768.jpg 768w, https:\/\/www.interflora.es\/blog\/wp-content\/uploads\/2025\/04\/1705044947-deco_tempus-r-1.jpg 1400w\" sizes=\"auto, (max-width: 300px) 100vw, 300px\" \/><img decoding=\"async\" class=\"lp-badge\" src=\"https:\/\/prodblog.interflora.es\/blog\/wp-content\/uploads\/2025\/04\/220422_INTERFLORA_Main_Logo_rgb_Main_Color.png\" alt=\"Entrega r\u00e1pida\"><\/div><span>Musa<\/span><p>34.99 \u20ac<\/p><span class=\"obf-link lp-cta\" role=\"link\" tabindex=\"0\" data-b64=\"aHR0cHM6Ly93d3cuaW50ZXJmbG9yYS5lcy9wL3JhbW8tZGUtcm9zYXMteS1mbG9yZXMtbWl4dGFzLWNvbi12ZXJkZS1kZWNvcmF0aXZvLzE\/dXRtX21lZGl1bT1vcmdhbmljJnV0bV9zb3VyY2U9YmxvZ19wcm9kdWN0cyZ1dG1fY2FtcGFpZ249RjAxOTc=\" data-target=\"_blank\"><svg xmlns=\"http:\/\/www.w3.org\/2000\/svg\" width=\"16\" height=\"16\" fill=\"currentColor\" class=\"bi bi-bag\" viewBox=\"0 0 16 16\"><path d=\"M8 1a2 2 0 0 1 2 2v1h2.5A1.5 1.5 0 0 1 14 5.5v8A1.5 1.5 0 0 1 12.5 15h-9A1.5 1.5 0 0 1 2 13.5v-8A1.5 1.5 0 0 1 3.5 3H6V2a2 2 0 0 1 2-1zm1 3V3a1 1 0 0 0-2 0v1h2z\"\/><\/svg>Comprar<\/span><p class=\"rapido\">Flores y plantas elegidas con mimo<\/p><\/div><div class=\"lp-produit\"><div class=\"lp-thumbnail-wrapper\"><img loading=\"lazy\" decoding=\"async\" width=\"300\" height=\"300\" src=\"https:\/\/www.interflora.es\/blog\/wp-content\/uploads\/2025\/07\/1750405257-ff152-deco-300x300.jpg\" class=\"attachment-medium size-medium wp-post-image\" alt=\"\" srcset=\"https:\/\/www.interflora.es\/blog\/wp-content\/uploads\/2025\/07\/1750405257-ff152-deco-300x300.jpg 300w, https:\/\/www.interflora.es\/blog\/wp-content\/uploads\/2025\/07\/1750405257-ff152-deco-1024x1024.jpg 1024w, https:\/\/www.interflora.es\/blog\/wp-content\/uploads\/2025\/07\/1750405257-ff152-deco-150x150.jpg 150w, https:\/\/www.interflora.es\/blog\/wp-content\/uploads\/2025\/07\/1750405257-ff152-deco-768x768.jpg 768w, https:\/\/www.interflora.es\/blog\/wp-content\/uploads\/2025\/07\/1750405257-ff152-deco-1536x1536.jpg 1536w, https:\/\/www.interflora.es\/blog\/wp-content\/uploads\/2025\/07\/1750405257-ff152-deco-2048x2048.jpg 2048w\" sizes=\"auto, (max-width: 300px) 100vw, 300px\" \/><img decoding=\"async\" class=\"lp-badge\" src=\"https:\/\/prodblog.interflora.es\/blog\/wp-content\/uploads\/2025\/04\/220422_INTERFLORA_Main_Logo_rgb_Main_Color.png\" alt=\"Entrega r\u00e1pida\"><\/div><span>Sentimientos<\/span><p>34.99 \u20ac<\/p><span class=\"obf-link lp-cta\" role=\"link\" tabindex=\"0\" data-b64=\"aHR0cHM6Ly93d3cuaW50ZXJmbG9yYS5lcy9wL3JhbW8tZGUtZmxvcmVzLXNlbnRpbWllbnRvcy8xP3V0bV9tZWRpdW09b3JnYW5pYyZ1dG1fc291cmNlPWJsb2dfcHJvZHVjdHMmdXRtX2NhbXBhaWduPUZGMTUy\" data-target=\"_blank\"><svg xmlns=\"http:\/\/www.w3.org\/2000\/svg\" width=\"16\" height=\"16\" fill=\"currentColor\" class=\"bi bi-bag\" viewBox=\"0 0 16 16\"><path d=\"M8 1a2 2 0 0 1 2 2v1h2.5A1.5 1.5 0 0 1 14 5.5v8A1.5 1.5 0 0 1 12.5 15h-9A1.5 1.5 0 0 1 2 13.5v-8A1.5 1.5 0 0 1 3.5 3H6V2a2 2 0 0 1 2-1zm1 3V3a1 1 0 0 0-2 0v1h2z\"\/><\/svg>Comprar<\/span><p class=\"rapido\">Entrega urgente<\/p><\/div><div class=\"lp-produit\"><div class=\"lp-thumbnail-wrapper\"><img loading=\"lazy\" decoding=\"async\" width=\"300\" height=\"300\" src=\"https:\/\/www.interflora.es\/blog\/wp-content\/uploads\/2025\/04\/1688372120-f0137-es-1-300x300.jpg\" class=\"attachment-medium size-medium wp-post-image\" alt=\"\" srcset=\"https:\/\/www.interflora.es\/blog\/wp-content\/uploads\/2025\/04\/1688372120-f0137-es-1-300x300.jpg 300w, https:\/\/www.interflora.es\/blog\/wp-content\/uploads\/2025\/04\/1688372120-f0137-es-1-1024x1024.jpg 1024w, https:\/\/www.interflora.es\/blog\/wp-content\/uploads\/2025\/04\/1688372120-f0137-es-1-150x150.jpg 150w, https:\/\/www.interflora.es\/blog\/wp-content\/uploads\/2025\/04\/1688372120-f0137-es-1-768x768.jpg 768w, https:\/\/www.interflora.es\/blog\/wp-content\/uploads\/2025\/04\/1688372120-f0137-es-1-1536x1536.jpg 1536w, https:\/\/www.interflora.es\/blog\/wp-content\/uploads\/2025\/04\/1688372120-f0137-es-1-2048x2048.jpg 2048w\" sizes=\"auto, (max-width: 300px) 100vw, 300px\" \/><img decoding=\"async\" class=\"lp-badge\" src=\"https:\/\/prodblog.interflora.es\/blog\/wp-content\/uploads\/2025\/04\/220422_INTERFLORA_Main_Logo_rgb_Main_Color.png\" alt=\"Entrega r\u00e1pida\"><\/div><span>Ramo Sorpresa del Florista<\/span><p>34.99 \u20ac<\/p><span class=\"obf-link lp-cta\" role=\"link\" tabindex=\"0\" data-b64=\"aHR0cHM6Ly93d3cuaW50ZXJmbG9yYS5lcy9wL3JhbW8tZGVsLWZsb3Jpc3RhLzE\/dXRtX21lZGl1bT1vcmdhbmljJnV0bV9zb3VyY2U9YmxvZ19wcm9kdWN0cyZ1dG1fY2FtcGFpZ249RjAxMzc=\" data-target=\"_blank\"><svg xmlns=\"http:\/\/www.w3.org\/2000\/svg\" width=\"16\" height=\"16\" fill=\"currentColor\" class=\"bi bi-bag\" viewBox=\"0 0 16 16\"><path d=\"M8 1a2 2 0 0 1 2 2v1h2.5A1.5 1.5 0 0 1 14 5.5v8A1.5 1.5 0 0 1 12.5 15h-9A1.5 1.5 0 0 1 2 13.5v-8A1.5 1.5 0 0 1 3.5 3H6V2a2 2 0 0 1 2-1zm1 3V3a1 1 0 0 0-2 0v1h2z\"\/><\/svg>Comprar<\/span><p class=\"rapido\">Selecci\u00f3n Interflora<\/p><\/div><\/div>\n\n\n\n<div class=\"wp-block-columns is-layout-flex wp-container-core-columns-is-layout-28f84493 wp-block-columns-is-layout-flex\">\n<div class=\"wp-block-column has-border-color is-layout-flow wp-container-core-column-is-layout-80ae7269 wp-block-column-is-layout-flow\" style=\"border-color:#f4bb44;padding-top:0;padding-right:var(--wp--preset--spacing--60);padding-bottom:0;padding-left:var(--wp--preset--spacing--60);box-shadow:var(--wp--preset--shadow--natural)\">\n<figure class=\"wp-block-image alignwide size-large\" style=\"margin-top:var(--wp--preset--spacing--30);margin-right:0;margin-bottom:var(--wp--preset--spacing--30);margin-left:0\"><img loading=\"lazy\" decoding=\"async\" width=\"1024\" height=\"346\" src=\"https:\/\/www.interflora.es\/blog\/wp-content\/uploads\/2026\/04\/emojis-whatsApp-2-1024x346.jpg\" alt=\"Emojis qu\u00e9 quieren decir\" class=\"wp-image-35662\" srcset=\"https:\/\/www.interflora.es\/blog\/wp-content\/uploads\/2026\/04\/emojis-whatsApp-2-1024x346.jpg 1024w, https:\/\/www.interflora.es\/blog\/wp-content\/uploads\/2026\/04\/emojis-whatsApp-2-300x101.jpg 300w, https:\/\/www.interflora.es\/blog\/wp-content\/uploads\/2026\/04\/emojis-whatsApp-2-768x260.jpg 768w, https:\/\/www.interflora.es\/blog\/wp-content\/uploads\/2026\/04\/emojis-whatsApp-2-1536x520.jpg 1536w, https:\/\/www.interflora.es\/blog\/wp-content\/uploads\/2026\/04\/emojis-whatsApp-2.jpg 1774w\" sizes=\"auto, (max-width: 1024px) 100vw, 1024px\" \/><\/figure>\n\n\n\n<h2 class=\"wp-block-heading has-text-align-left\" style=\"margin-top:0;margin-bottom:0;padding-top:var(--wp--preset--spacing--30);padding-bottom:var(--wp--preset--spacing--30)\">Los emojis de Whatsapp: el idioma de los peque\u00f1os s\u00edmbolos<\/h2>\n\n\n\n<p class=\"has-text-align-left\">Los emojis tienen un idioma propio, que evoluciona y se enriquece con el paso del tiempo y del uso generalizado de las redes y las nuevas tecnolog\u00edas para comunicar. Si hace unos a\u00f1os <strong>los emoticonos<\/strong> nos permit\u00edan expresar sentimientos y estados de \u00e1nimo con diferentes caritas, <strong>los emojis<\/strong> nos abren un mundo mucho m\u00e1s amplio de posibilidades, ya que nos permiten hacer alusi\u00f3n a nuestra vida cotidiana con una simple imagen. Sin embargo, la gran variedad de iconos disponibles en Whatsapp hacen que a veces dudemos de su pertinencia para ilustrar lo que queremos decir.&nbsp;<br><br><\/p>\n<\/div>\n<\/div>\n\n\n\n<h2 class=\"wp-block-heading\" style=\"margin-top:var(--wp--preset--spacing--40);margin-bottom:var(--wp--preset--spacing--40)\">El significado de los emojis de flores en WhatsApp<\/h2>\n\n\n\n<p>Hacer una lista de lo que significa cada emoji es casi misi\u00f3n imposible. Adem\u00e1s, son una forma de comunicaci\u00f3n en constante evoluci\u00f3n que se adapta a las diferentes generaciones. En cambio, como amantes incondicionales de las flores que somos, vamos a intentar explicarte los significados de los emojis flores de Whatsapp. Eso s\u00ed, ten en cuenta que el sentido de un <strong>emoji en forma de flor <\/strong>depende mucho de las palabras que lo acompa\u00f1an.&nbsp;<\/p>\n\n\n\n<figure class=\"wp-block-image alignwide size-large\"><img loading=\"lazy\" decoding=\"async\" width=\"1024\" height=\"683\" src=\"https:\/\/www.interflora.es\/blog\/wp-content\/uploads\/2026\/04\/emojis-flores-2-1024x683.jpg\" alt=\"Enviar emojis flores\" class=\"wp-image-35627\" srcset=\"https:\/\/www.interflora.es\/blog\/wp-content\/uploads\/2026\/04\/emojis-flores-2-1024x683.jpg 1024w, https:\/\/www.interflora.es\/blog\/wp-content\/uploads\/2026\/04\/emojis-flores-2-300x200.jpg 300w, https:\/\/www.interflora.es\/blog\/wp-content\/uploads\/2026\/04\/emojis-flores-2-768x512.jpg 768w, https:\/\/www.interflora.es\/blog\/wp-content\/uploads\/2026\/04\/emojis-flores-2-1536x1024.jpg 1536w, https:\/\/www.interflora.es\/blog\/wp-content\/uploads\/2026\/04\/emojis-flores-2.jpg 1900w\" sizes=\"auto, (max-width: 1024px) 100vw, 1024px\" \/><\/figure>\n\n\n\n<h3 class=\"wp-block-heading\" style=\"margin-top:var(--wp--preset--spacing--40);margin-bottom:var(--wp--preset--spacing--40)\">\u00bfQu\u00e9 significa un emoji de ramo de flores? \ud83d\udc90<\/h3>\n\n\n\n<p>Un emoji de flor puede usarse para comunicar cosas muy distintas. El m\u00e1s com\u00fan es <strong>el emoji ramo de flores<\/strong>, que <strong>puede ser utilizado como un regalo floral virtual.<\/strong> Aunque en realidad este peque\u00f1o s\u00edmbolo no puede competir en belleza y en emoci\u00f3n con <a href=\"https:\/\/www.interflora.es\/c\/flores\/ramos-de-flores\">un verdadero ramo de flores<\/a>, es una buena manera de desear suerte, un feliz cumplea\u00f1os, un excelente D\u00eda de la Madre\u2026o de dar simplemente las gracias por un ramo de flores de verdad. En realidad, lo puedes usar cada vez que quieras transmitir algo para lo que usar\u00edas un ramo de flores real:<\/p>\n\n\n\n<ul class=\"wp-block-list\">\n<li><em>\u00a1Feliz cumplea\u00f1os cari\u00f1o! Un abrazo y un ramo de flores, aunque solo sea virtual. <\/em>\ud83d\udc90\u2764\ufe0f<\/li>\n\n\n\n<li><em>Este <\/em><em>\ud83d\udc90 <\/em><em>anuncia unas flores de verdad. \u00a1Abre la puerta en unos minutos que llega Interflora!<\/em><em> <\/em>\ud83d\ude06 \ud83d\ude18<\/li>\n\n\n\n<li><em>Te mereces un <\/em><em>\ud83d\udc90 <\/em><em>por ser la mejor madre del mundo. \u00a1Feliz D\u00eda de la Madre!<\/em><\/li>\n<\/ul>\n\n\n\n<div class=\"wp-block-columns is-layout-flex wp-container-core-columns-is-layout-28f84493 wp-block-columns-is-layout-flex\">\n<div class=\"wp-block-column is-layout-flow wp-block-column-is-layout-flow\">\n<figure class=\"wp-block-image alignwide size-large\" style=\"margin-top:var(--wp--preset--spacing--30);margin-bottom:var(--wp--preset--spacing--30)\"><img loading=\"lazy\" decoding=\"async\" width=\"1024\" height=\"744\" src=\"https:\/\/www.interflora.es\/blog\/wp-content\/uploads\/2026\/04\/flores-emoji-1024x744.jpg\" alt=\"Ramo de flores emoji\" class=\"wp-image-35623\" srcset=\"https:\/\/www.interflora.es\/blog\/wp-content\/uploads\/2026\/04\/flores-emoji-1024x744.jpg 1024w, https:\/\/www.interflora.es\/blog\/wp-content\/uploads\/2026\/04\/flores-emoji-300x218.jpg 300w, https:\/\/www.interflora.es\/blog\/wp-content\/uploads\/2026\/04\/flores-emoji-768x558.jpg 768w, https:\/\/www.interflora.es\/blog\/wp-content\/uploads\/2026\/04\/flores-emoji-1536x1116.jpg 1536w, https:\/\/www.interflora.es\/blog\/wp-content\/uploads\/2026\/04\/flores-emoji.jpg 1900w\" sizes=\"auto, (max-width: 1024px) 100vw, 1024px\" \/><\/figure>\n<\/div>\n<\/div>\n\n\n<div class=\"lp-produits-grid\"><div class=\"lp-produit\"><div class=\"lp-thumbnail-wrapper\"><img loading=\"lazy\" decoding=\"async\" width=\"300\" height=\"300\" src=\"https:\/\/www.interflora.es\/blog\/wp-content\/uploads\/2025\/07\/1750405257-ff152-deco-300x300.jpg\" class=\"attachment-medium size-medium wp-post-image\" alt=\"\" srcset=\"https:\/\/www.interflora.es\/blog\/wp-content\/uploads\/2025\/07\/1750405257-ff152-deco-300x300.jpg 300w, https:\/\/www.interflora.es\/blog\/wp-content\/uploads\/2025\/07\/1750405257-ff152-deco-1024x1024.jpg 1024w, https:\/\/www.interflora.es\/blog\/wp-content\/uploads\/2025\/07\/1750405257-ff152-deco-150x150.jpg 150w, https:\/\/www.interflora.es\/blog\/wp-content\/uploads\/2025\/07\/1750405257-ff152-deco-768x768.jpg 768w, https:\/\/www.interflora.es\/blog\/wp-content\/uploads\/2025\/07\/1750405257-ff152-deco-1536x1536.jpg 1536w, https:\/\/www.interflora.es\/blog\/wp-content\/uploads\/2025\/07\/1750405257-ff152-deco-2048x2048.jpg 2048w\" sizes=\"auto, (max-width: 300px) 100vw, 300px\" \/><img decoding=\"async\" class=\"lp-badge\" src=\"https:\/\/prodblog.interflora.es\/blog\/wp-content\/uploads\/2025\/04\/220422_INTERFLORA_Main_Logo_rgb_Main_Color.png\" alt=\"Entrega r\u00e1pida\"><\/div><span>Sentimientos<\/span><p>34.99 \u20ac<\/p><span class=\"obf-link lp-cta\" role=\"link\" tabindex=\"0\" data-b64=\"aHR0cHM6Ly93d3cuaW50ZXJmbG9yYS5lcy9wL3JhbW8tZGUtZmxvcmVzLXNlbnRpbWllbnRvcy8xP3V0bV9tZWRpdW09b3JnYW5pYyZ1dG1fc291cmNlPWJsb2dfcHJvZHVjdHMmdXRtX2NhbXBhaWduPUZGMTUy\" data-target=\"_blank\"><svg xmlns=\"http:\/\/www.w3.org\/2000\/svg\" width=\"16\" height=\"16\" fill=\"currentColor\" class=\"bi bi-bag\" viewBox=\"0 0 16 16\"><path d=\"M8 1a2 2 0 0 1 2 2v1h2.5A1.5 1.5 0 0 1 14 5.5v8A1.5 1.5 0 0 1 12.5 15h-9A1.5 1.5 0 0 1 2 13.5v-8A1.5 1.5 0 0 1 3.5 3H6V2a2 2 0 0 1 2-1zm1 3V3a1 1 0 0 0-2 0v1h2z\"\/><\/svg>Comprar<\/span><p class=\"rapido\">Flores y plantas frescas<\/p><\/div><div class=\"lp-produit\"><div class=\"lp-thumbnail-wrapper\"><img loading=\"lazy\" decoding=\"async\" width=\"300\" height=\"300\" src=\"https:\/\/www.interflora.es\/blog\/wp-content\/uploads\/2025\/04\/1705044912-deco_new_montmartre_it-r-1-300x300.jpg\" class=\"attachment-medium size-medium wp-post-image\" alt=\"\" srcset=\"https:\/\/www.interflora.es\/blog\/wp-content\/uploads\/2025\/04\/1705044912-deco_new_montmartre_it-r-1-300x300.jpg 300w, https:\/\/www.interflora.es\/blog\/wp-content\/uploads\/2025\/04\/1705044912-deco_new_montmartre_it-r-1-1024x1024.jpg 1024w, https:\/\/www.interflora.es\/blog\/wp-content\/uploads\/2025\/04\/1705044912-deco_new_montmartre_it-r-1-150x150.jpg 150w, https:\/\/www.interflora.es\/blog\/wp-content\/uploads\/2025\/04\/1705044912-deco_new_montmartre_it-r-1-768x768.jpg 768w, https:\/\/www.interflora.es\/blog\/wp-content\/uploads\/2025\/04\/1705044912-deco_new_montmartre_it-r-1.jpg 1400w\" sizes=\"auto, (max-width: 300px) 100vw, 300px\" \/><img decoding=\"async\" class=\"lp-badge\" src=\"https:\/\/prodblog.interflora.es\/blog\/wp-content\/uploads\/2025\/04\/220422_INTERFLORA_Main_Logo_rgb_Main_Color.png\" alt=\"Entrega r\u00e1pida\"><\/div><span>Minueto<\/span><p>29.99 \u20ac<\/p><span class=\"obf-link lp-cta\" role=\"link\" tabindex=\"0\" data-b64=\"aHR0cHM6Ly93d3cuaW50ZXJmbG9yYS5lcy9wL3JhbW8tY2xhdmVsZXMtZmxvcmVzLW1peHRhcy1jcmVtYS12aW9sZXRhLzE\/dXRtX21lZGl1bT1vcmdhbmljJnV0bV9zb3VyY2U9YmxvZ19wcm9kdWN0cyZ1dG1fY2FtcGFpZ249RjAyMDA=\" data-target=\"_blank\"><svg xmlns=\"http:\/\/www.w3.org\/2000\/svg\" width=\"16\" height=\"16\" fill=\"currentColor\" class=\"bi bi-bag\" viewBox=\"0 0 16 16\"><path d=\"M8 1a2 2 0 0 1 2 2v1h2.5A1.5 1.5 0 0 1 14 5.5v8A1.5 1.5 0 0 1 12.5 15h-9A1.5 1.5 0 0 1 2 13.5v-8A1.5 1.5 0 0 1 3.5 3H6V2a2 2 0 0 1 2-1zm1 3V3a1 1 0 0 0-2 0v1h2z\"\/><\/svg>Comprar<\/span><p class=\"rapido\">Atenci\u00f3n al cliente siempre disponible<\/p><\/div><div class=\"lp-produit\"><div class=\"lp-thumbnail-wrapper\"><img loading=\"lazy\" decoding=\"async\" width=\"300\" height=\"300\" src=\"https:\/\/www.interflora.es\/blog\/wp-content\/uploads\/2025\/07\/1750411785-ff155-model-hand-300x300.jpg\" class=\"attachment-medium size-medium wp-post-image\" alt=\"\" srcset=\"https:\/\/www.interflora.es\/blog\/wp-content\/uploads\/2025\/07\/1750411785-ff155-model-hand-300x300.jpg 300w, https:\/\/www.interflora.es\/blog\/wp-content\/uploads\/2025\/07\/1750411785-ff155-model-hand-1024x1024.jpg 1024w, https:\/\/www.interflora.es\/blog\/wp-content\/uploads\/2025\/07\/1750411785-ff155-model-hand-150x150.jpg 150w, https:\/\/www.interflora.es\/blog\/wp-content\/uploads\/2025\/07\/1750411785-ff155-model-hand-768x768.jpg 768w, https:\/\/www.interflora.es\/blog\/wp-content\/uploads\/2025\/07\/1750411785-ff155-model-hand-1536x1536.jpg 1536w, https:\/\/www.interflora.es\/blog\/wp-content\/uploads\/2025\/07\/1750411785-ff155-model-hand-2048x2048.jpg 2048w\" sizes=\"auto, (max-width: 300px) 100vw, 300px\" \/><img decoding=\"async\" class=\"lp-badge\" src=\"https:\/\/prodblog.interflora.es\/blog\/wp-content\/uploads\/2025\/04\/220422_INTERFLORA_Main_Logo_rgb_Main_Color.png\" alt=\"Entrega r\u00e1pida\"><\/div><span>Besito<\/span><p>29.99 \u20ac<\/p><span class=\"obf-link lp-cta\" role=\"link\" tabindex=\"0\" data-b64=\"aHR0cHM6Ly93d3cuaW50ZXJmbG9yYS5lcy9wL3JhbW8tZGUtZmxvcmVzLWJlc2l0by8xP3V0bV9tZWRpdW09b3JnYW5pYyZ1dG1fc291cmNlPWJsb2dfcHJvZHVjdHMmdXRtX2NhbXBhaWduPUZGMTU1\" data-target=\"_blank\"><svg xmlns=\"http:\/\/www.w3.org\/2000\/svg\" width=\"16\" height=\"16\" fill=\"currentColor\" class=\"bi bi-bag\" viewBox=\"0 0 16 16\"><path d=\"M8 1a2 2 0 0 1 2 2v1h2.5A1.5 1.5 0 0 1 14 5.5v8A1.5 1.5 0 0 1 12.5 15h-9A1.5 1.5 0 0 1 2 13.5v-8A1.5 1.5 0 0 1 3.5 3H6V2a2 2 0 0 1 2-1zm1 3V3a1 1 0 0 0-2 0v1h2z\"\/><\/svg>Comprar<\/span><p class=\"rapido\">Entrega en el d\u00eda<\/p><\/div><div class=\"lp-produit\"><div class=\"lp-thumbnail-wrapper\"><img loading=\"lazy\" decoding=\"async\" width=\"300\" height=\"300\" src=\"https:\/\/www.interflora.es\/blog\/wp-content\/uploads\/2025\/11\/Capture-decran-2026-02-04-121916-300x300.png\" class=\"attachment-medium size-medium wp-post-image\" alt=\"\" srcset=\"https:\/\/www.interflora.es\/blog\/wp-content\/uploads\/2025\/11\/Capture-decran-2026-02-04-121916-300x300.png 300w, https:\/\/www.interflora.es\/blog\/wp-content\/uploads\/2025\/11\/Capture-decran-2026-02-04-121916-150x150.png 150w, https:\/\/www.interflora.es\/blog\/wp-content\/uploads\/2025\/11\/Capture-decran-2026-02-04-121916.png 647w\" sizes=\"auto, (max-width: 300px) 100vw, 300px\" \/><img decoding=\"async\" class=\"lp-badge\" src=\"https:\/\/prodblog.interflora.es\/blog\/wp-content\/uploads\/2025\/04\/220422_INTERFLORA_Main_Logo_rgb_Main_Color.png\" alt=\"Entrega r\u00e1pida\"><\/div><span>Peque\u00f1o Sol<\/span><p>27.99 \u20ac<\/p><span class=\"obf-link lp-cta\" role=\"link\" tabindex=\"0\" data-b64=\"aHR0cHM6Ly93d3cuaW50ZXJmbG9yYS5lcy9wL3JhbW8tZGUtZmxvcmVzLWFtYXJpbGxhcy12YXJpYWRhcy8xP3V0bV9tZWRpdW09b3JnYW5pYyZ1dG1fc291cmNlPWJsb2dfcHJvZHVjdHMmdXRtX2NhbXBhaWduPUZGMTQ4\" data-target=\"_blank\"><svg xmlns=\"http:\/\/www.w3.org\/2000\/svg\" width=\"16\" height=\"16\" fill=\"currentColor\" class=\"bi bi-bag\" viewBox=\"0 0 16 16\"><path d=\"M8 1a2 2 0 0 1 2 2v1h2.5A1.5 1.5 0 0 1 14 5.5v8A1.5 1.5 0 0 1 12.5 15h-9A1.5 1.5 0 0 1 2 13.5v-8A1.5 1.5 0 0 1 3.5 3H6V2a2 2 0 0 1 2-1zm1 3V3a1 1 0 0 0-2 0v1h2z\"\/><\/svg>Comprar<\/span><p class=\"rapido\">Flores y plantas frescas<\/p><\/div><\/div>\n\n\n\n<h2 class=\"wp-block-heading\" style=\"margin-top:var(--wp--preset--spacing--50);margin-bottom:var(--wp--preset--spacing--50)\">Qu\u00e9 quieren decir los emojiflores \ud83c\udf38\u200b\ud83c\udf39\u200b\ud83c\udf3a\u200b\ud83c\udf3b\u200b\ud83c\udf3c\u200b\ud83c\udf37<\/h2>\n\n\n\n<p>No busques esta palabra en la RAE, puede que nos la acabemos de inventar \ud83e\udd23\u200b. Pero es que nos parece perfecta para designar a esos dibujitos en forma de flor que pueblan nuestros mensajes de WhatsApp. Aqu\u00ed tienes los m\u00e1s comunes con algunos de sus significados, que pueden variar como hemos dicho seg\u00fan las palabras que los acompa\u00f1an y el contexto en el que se env\u00edan:<br><\/p>\n\n\n\n<div class=\"wp-block-columns is-layout-flex wp-container-core-columns-is-layout-28f84493 wp-block-columns-is-layout-flex\">\n<div class=\"wp-block-column is-layout-flow wp-block-column-is-layout-flow\">\n<ul class=\"wp-block-list\">\n<li style=\"margin-top:var(--wp--preset--spacing--30);margin-bottom:var(--wp--preset--spacing--30)\">\ud83c\udf38<strong> El emoji flor de cerezo: <\/strong>al igual que la flor verdadera, este emoji<strong> <\/strong>simboliza <strong>la primavera<\/strong>. Los p\u00e9talos rosados de este icono tambi\u00e9n son s\u00edmbolo de <strong>ternura y de suavidad<\/strong>, <strong>de optimismo y cari\u00f1o.<\/strong>&nbsp;<\/li>\n\n\n\n<li style=\"margin-top:var(--wp--preset--spacing--20);margin-bottom:var(--wp--preset--spacing--20)\">\ud83c\udf3c<strong> El emoji margarita: <\/strong>representa<strong> la alegr\u00eda y la felicidad<\/strong> y suele usarse para transmitir <strong>energ\u00eda positiva<\/strong>. <a href=\"https:\/\/www.interflora.es\/c\/flores\/margaritas\">Las margaritas<\/a> tambi\u00e9n simbolizan <strong>la primavera, la belleza y la ternura<\/strong> de una forma fresca y alegre.<\/li>\n\n\n\n<li style=\"margin-top:var(--wp--preset--spacing--20);margin-bottom:var(--wp--preset--spacing--20)\">\ud83c\udf39\u200b<strong>El emoji rosa:<\/strong> los p\u00e9talos delicados de <a href=\"https:\/\/www.interflora.es\/c\/rosas\">las rosas<\/a> son s\u00edmbolo de amor. Por eso este emoji en forma de flor acompa\u00f1a casi siempre los mensajes m\u00e1s rom\u00e1nticos. Es el preferido para desear un feliz San Valent\u00edn o para declarar un amor eterno de manera digital.&nbsp;<\/li>\n<\/ul>\n<\/div>\n\n\n\n<div class=\"wp-block-column is-layout-flow wp-block-column-is-layout-flow\">\n<ul class=\"wp-block-list\">\n<li style=\"margin-top:var(--wp--preset--spacing--30);margin-bottom:var(--wp--preset--spacing--30)\">\ud83c\udf3a <strong>El emoji hibisco<\/strong>: al igual que los p\u00e9talos voluminosos y llamativos del hibisco, este emoji es <strong>s\u00edmbolo de belleza<\/strong>, de <strong>naturaleza <\/strong>y de <strong>exotismo<\/strong>. Una flor digital que tambi\u00e9n puede representar <strong>la sensualidad.<\/strong><\/li>\n\n\n\n<li style=\"margin-top:var(--wp--preset--spacing--20);margin-bottom:var(--wp--preset--spacing--20)\">\ud83c\udf3b\u200b<strong>El emoji girasol:<\/strong> simboliza <strong>el verano, el sol y el calor<\/strong>. Un <a href=\"https:\/\/www.interflora.es\/c\/flores\/girasoles\">girasol<\/a> es <strong>alegre y hace sonre\u00edr,<\/strong> y es ideal para transmitir <strong>energ\u00eda<\/strong> y para <strong>desear buenos d\u00edas<\/strong> a alguien. \u00a1Una forma estupenda de comenzar la jornada!<\/li>\n\n\n\n<li style=\"margin-top:var(--wp--preset--spacing--20);margin-bottom:var(--wp--preset--spacing--20)\"><strong>\ud83c\udf37El emoji tulip\u00e1n<\/strong>: como <a href=\"https:\/\/www.interflora.es\/c\/flores\/tulipanes\">los verdaderos tulipanes<\/a>, este emoji representa la primavera, pero tambi\u00e9n la naturaleza y el amor en su sentido m\u00e1s amplio. Este emojiflor es ideal para el D\u00eda de la Madre, para un cumplea\u00f1os o para demostrar cari\u00f1o en cualquier ocasi\u00f3n.&nbsp;<\/li>\n<\/ul>\n<\/div>\n<\/div>\n\n\n\n<div class=\"wp-block-columns is-layout-flex wp-container-core-columns-is-layout-28f84493 wp-block-columns-is-layout-flex\">\n<div class=\"wp-block-column has-border-color is-layout-flow wp-container-core-column-is-layout-80ae7269 wp-block-column-is-layout-flow\" style=\"border-color:#f4bb44;padding-top:0;padding-right:var(--wp--preset--spacing--60);padding-bottom:0;padding-left:var(--wp--preset--spacing--60);box-shadow:var(--wp--preset--shadow--natural)\">\n<h2 class=\"wp-block-heading\" style=\"margin-top:var(--wp--preset--spacing--30);margin-bottom:var(--wp--preset--spacing--30)\">El emoji flor marchita \ud83e\udd40<\/h2>\n\n\n\n<p style=\"margin-top:var(--wp--preset--spacing--30);margin-bottom:var(--wp--preset--spacing--30)\">Cada uno de los emoji que hemos citado hasta ahora transmiten sentimientos bonitos y positivos, y son ideales para acompa\u00f1ar mensajes de amor y de cari\u00f1o, unas palabras de \u00e1nimo y mucha energ\u00eda. En cambio, entre los emojis de flores de WhatsApp hay uno con un significado\u200b un poco menos positivo: <strong>el de la flor marchita.<\/strong> \ud83e\udd40 Un emoji de apariencia mustia y abatida que encarna sentimientos de tristeza y de p\u00e9rdida. Este emoji de p\u00e9talos caducos se usa a menudo en mensajes de condolencias o de p\u00e9same, y simboliza una ruptura amorosa o un sentimiento dif\u00edcil de llevar. Una imagen evocadora que puede ayudarte a expresar lo que sientes cuando las palabras no bastan.&nbsp;<br><\/p>\n<\/div>\n<\/div>\n\n\n\n<div class=\"wp-block-columns is-layout-flex wp-container-core-columns-is-layout-7abde1fe wp-block-columns-is-layout-flex\" style=\"padding-top:var(--wp--preset--spacing--40);padding-bottom:var(--wp--preset--spacing--40)\">\n<div class=\"wp-block-column is-layout-flow wp-block-column-is-layout-flow\" style=\"padding-top:var(--wp--preset--spacing--30);padding-bottom:var(--wp--preset--spacing--30)\">\n<p>Ahora que ya sabes cu\u00e1l es el significado de los emojis de WhatsApp, recuerda que el secreto de su magia no est\u00e1 tanto en la propia imagen como en la forma en la que la usas. <\/p>\n\n\n\n<p>Utiliza estas flores digitales como lo har\u00edas con las naturales, dej\u00e1ndolas hablar por s\u00ed mismas de forma fluida y pertinente, sin recargar demasiado tus mensajes y adapt\u00e1ndolos a la persona a la que se los env\u00edas\u2026al fin y al cabo, no se regalan rosas rojas a cualquiera \u00bfno? \ud83d\udc96\u200b\ud83d\udc96\u200b\ud83d\udc96\u200b\ud83d\udc90\u200b<\/p>\n<\/div>\n\n\n\n<div class=\"wp-block-column is-layout-flow wp-block-column-is-layout-flow\">\n<figure class=\"wp-block-image size-large\"><img loading=\"lazy\" decoding=\"async\" width=\"1024\" height=\"683\" src=\"https:\/\/www.interflora.es\/blog\/wp-content\/uploads\/2026\/04\/ramo-flores-a-domicilio-1024x683.jpg\" alt=\"Flores a domicilio\" class=\"wp-image-35650\" srcset=\"https:\/\/www.interflora.es\/blog\/wp-content\/uploads\/2026\/04\/ramo-flores-a-domicilio-1024x683.jpg 1024w, https:\/\/www.interflora.es\/blog\/wp-content\/uploads\/2026\/04\/ramo-flores-a-domicilio-300x200.jpg 300w, https:\/\/www.interflora.es\/blog\/wp-content\/uploads\/2026\/04\/ramo-flores-a-domicilio-768x512.jpg 768w, https:\/\/www.interflora.es\/blog\/wp-content\/uploads\/2026\/04\/ramo-flores-a-domicilio-1536x1024.jpg 1536w, https:\/\/www.interflora.es\/blog\/wp-content\/uploads\/2026\/04\/ramo-flores-a-domicilio.jpg 1900w\" sizes=\"auto, (max-width: 1024px) 100vw, 1024px\" \/><\/figure>\n<\/div>\n<\/div>\n","protected":false},"excerpt":{"rendered":"<p>Los emojis son esas alegres y peque\u00f1as im\u00e1genes de formas variadas que acompa\u00f1an cada d\u00eda nuestros mensajes de WhatsApp. Un [&hellip;]<\/p>\n","protected":false},"author":13,"featured_media":35596,"comment_status":"open","ping_status":"open","sticky":false,"template":"","format":"standard","meta":{"_acf_changed":false,"_uag_custom_page_level_css":"","site-sidebar-layout":"default","site-content-layout":"","ast-site-content-layout":"default","site-content-style":"default","site-sidebar-style":"default","ast-global-header-display":"","ast-banner-title-visibility":"","ast-main-header-display":"","ast-hfb-above-header-display":"","ast-hfb-below-header-display":"","ast-hfb-mobile-header-display":"","site-post-title":"","ast-breadcrumbs-content":"","ast-featured-img":"","footer-sml-layout":"","theme-transparent-header-meta":"","adv-header-id-meta":"","stick-header-meta":"","header-above-stick-meta":"","header-main-stick-meta":"","header-below-stick-meta":"","astra-migrate-meta-layouts":"default","ast-page-background-enabled":"default","ast-page-background-meta":{"desktop":{"background-color":"var(--ast-global-color-5)","background-image":"","background-repeat":"repeat","background-position":"center center","background-size":"auto","background-attachment":"scroll","background-type":"","background-media":"","overlay-type":"","overlay-color":"","overlay-opacity":"","overlay-gradient":""},"tablet":{"background-color":"","background-image":"","background-repeat":"repeat","background-position":"center center","background-size":"auto","background-attachment":"scroll","background-type":"","background-media":"","overlay-type":"","overlay-color":"","overlay-opacity":"","overlay-gradient":""},"mobile":{"background-color":"","background-image":"","background-repeat":"repeat","background-position":"center center","background-size":"auto","background-attachment":"scroll","background-type":"","background-media":"","overlay-type":"","overlay-color":"","overlay-opacity":"","overlay-gradient":""}},"ast-content-background-meta":{"desktop":{"background-color":"var(--ast-global-color-4)","background-image":"","background-repeat":"repeat","background-position":"center center","background-size":"auto","background-attachment":"scroll","background-type":"","background-media":"","overlay-type":"","overlay-color":"","overlay-opacity":"","overlay-gradient":""},"tablet":{"background-color":"var(--ast-global-color-4)","background-image":"","background-repeat":"repeat","background-position":"center center","background-size":"auto","background-attachment":"scroll","background-type":"","background-media":"","overlay-type":"","overlay-color":"","overlay-opacity":"","overlay-gradient":""},"mobile":{"background-color":"var(--ast-global-color-4)","background-image":"","background-repeat":"repeat","background-position":"center center","background-size":"auto","background-attachment":"scroll","background-type":"","background-media":"","overlay-type":"","overlay-color":"","overlay-opacity":"","overlay-gradient":""}},"footnotes":""},"categories":[33,28],"tags":[131],"class_list":["post-35558","post","type-post","status-publish","format-standard","has-post-thumbnail","hentry","category-curiosidades","category-flores-y-plantas","tag-mensajes"],"acf":[],"yoast_head":"<!-- This site is optimized with the Yoast SEO plugin v27.5 - https:\/\/yoast.com\/product\/yoast-seo-wordpress\/ -->\n<title>\u00bfCu\u00e1l es el significado de los emojis de flores en WhatsApp? - El blog de Interflora : consejos, ideas e inspiraci\u00f3n para disfrutar de las flores y las plantas<\/title>\n<meta name=\"description\" content=\"Los emojis flores se usan en WhatsApp para transmitir sentimientos. \u00bfQuieres saber su significado? \u00a1Pues Interflora te lo cuenta! Entrega de flores en 24h\" \/>\n<meta name=\"robots\" content=\"index, follow, max-snippet:-1, max-image-preview:large, max-video-preview:-1\" \/>\n<link rel=\"canonical\" href=\"https:\/\/www.interflora.es\/blog\/emoji-flores-significado-whatsapp\/\" \/>\n<script type=\"application\/ld+json\" class=\"yoast-schema-graph\">{\"@context\":\"https:\\\/\\\/schema.org\",\"@graph\":[{\"@type\":\"Article\",\"@id\":\"https:\\\/\\\/www.interflora.es\\\/blog\\\/emoji-flores-significado-whatsapp\\\/#article\",\"isPartOf\":{\"@id\":\"https:\\\/\\\/www.interflora.es\\\/blog\\\/emoji-flores-significado-whatsapp\\\/\"},\"author\":{\"name\":\"Interflora\",\"@id\":\"https:\\\/\\\/www.interflora.es\\\/blog\\\/#\\\/schema\\\/person\\\/e3ecff50262948e365b92682cdc2a9d1\"},\"headline\":\"\u00bfCu\u00e1l es el significado de los emojis de flores en WhatsApp?\",\"datePublished\":\"2026-04-08T07:29:49+00:00\",\"dateModified\":\"2026-04-08T07:29:50+00:00\",\"mainEntityOfPage\":{\"@id\":\"https:\\\/\\\/www.interflora.es\\\/blog\\\/emoji-flores-significado-whatsapp\\\/\"},\"wordCount\":1229,\"commentCount\":0,\"publisher\":{\"@id\":\"https:\\\/\\\/www.interflora.es\\\/blog\\\/#organization\"},\"image\":{\"@id\":\"https:\\\/\\\/www.interflora.es\\\/blog\\\/emoji-flores-significado-whatsapp\\\/#primaryimage\"},\"thumbnailUrl\":\"https:\\\/\\\/www.interflora.es\\\/blog\\\/wp-content\\\/uploads\\\/2026\\\/04\\\/emojis-whatsApp.jpg\",\"keywords\":[\"mensajes\"],\"articleSection\":[\"Curiosidades\",\"Flores y plantas\"],\"inLanguage\":\"es\",\"potentialAction\":[{\"@type\":\"CommentAction\",\"name\":\"Comment\",\"target\":[\"https:\\\/\\\/www.interflora.es\\\/blog\\\/emoji-flores-significado-whatsapp\\\/#respond\"]}]},{\"@type\":\"WebPage\",\"@id\":\"https:\\\/\\\/www.interflora.es\\\/blog\\\/emoji-flores-significado-whatsapp\\\/\",\"url\":\"https:\\\/\\\/www.interflora.es\\\/blog\\\/emoji-flores-significado-whatsapp\\\/\",\"name\":\"\u00bfCu\u00e1l es el significado de los emojis de flores en WhatsApp? - El blog de Interflora : consejos, ideas e inspiraci\u00f3n para disfrutar de las flores y las plantas\",\"isPartOf\":{\"@id\":\"https:\\\/\\\/www.interflora.es\\\/blog\\\/#website\"},\"primaryImageOfPage\":{\"@id\":\"https:\\\/\\\/www.interflora.es\\\/blog\\\/emoji-flores-significado-whatsapp\\\/#primaryimage\"},\"image\":{\"@id\":\"https:\\\/\\\/www.interflora.es\\\/blog\\\/emoji-flores-significado-whatsapp\\\/#primaryimage\"},\"thumbnailUrl\":\"https:\\\/\\\/www.interflora.es\\\/blog\\\/wp-content\\\/uploads\\\/2026\\\/04\\\/emojis-whatsApp.jpg\",\"datePublished\":\"2026-04-08T07:29:49+00:00\",\"dateModified\":\"2026-04-08T07:29:50+00:00\",\"description\":\"Los emojis flores se usan en WhatsApp para transmitir sentimientos. \u00bfQuieres saber su significado? \u00a1Pues Interflora te lo cuenta! Entrega de flores en 24h\",\"breadcrumb\":{\"@id\":\"https:\\\/\\\/www.interflora.es\\\/blog\\\/emoji-flores-significado-whatsapp\\\/#breadcrumb\"},\"inLanguage\":\"es\",\"potentialAction\":[{\"@type\":\"ReadAction\",\"target\":[\"https:\\\/\\\/www.interflora.es\\\/blog\\\/emoji-flores-significado-whatsapp\\\/\"]}]},{\"@type\":\"ImageObject\",\"inLanguage\":\"es\",\"@id\":\"https:\\\/\\\/www.interflora.es\\\/blog\\\/emoji-flores-significado-whatsapp\\\/#primaryimage\",\"url\":\"https:\\\/\\\/www.interflora.es\\\/blog\\\/wp-content\\\/uploads\\\/2026\\\/04\\\/emojis-whatsApp.jpg\",\"contentUrl\":\"https:\\\/\\\/www.interflora.es\\\/blog\\\/wp-content\\\/uploads\\\/2026\\\/04\\\/emojis-whatsApp.jpg\",\"width\":1900,\"height\":1012},{\"@type\":\"BreadcrumbList\",\"@id\":\"https:\\\/\\\/www.interflora.es\\\/blog\\\/emoji-flores-significado-whatsapp\\\/#breadcrumb\",\"itemListElement\":[{\"@type\":\"ListItem\",\"position\":1,\"name\":\"Home\",\"item\":\"https:\\\/\\\/www.interflora.es\\\/blog\\\/\"},{\"@type\":\"ListItem\",\"position\":2,\"name\":\"\u00bfCu\u00e1l es el significado de los emojis de flores en WhatsApp?\"}]},{\"@type\":\"WebSite\",\"@id\":\"https:\\\/\\\/www.interflora.es\\\/blog\\\/#website\",\"url\":\"https:\\\/\\\/www.interflora.es\\\/blog\\\/\",\"name\":\"El blog de Interflora : consejos, ideas e inspiraci\u00f3n para disfrutar de las flores y las plantas\",\"description\":\"\",\"publisher\":{\"@id\":\"https:\\\/\\\/www.interflora.es\\\/blog\\\/#organization\"},\"potentialAction\":[{\"@type\":\"SearchAction\",\"target\":{\"@type\":\"EntryPoint\",\"urlTemplate\":\"https:\\\/\\\/www.interflora.es\\\/blog\\\/?s={search_term_string}\"},\"query-input\":{\"@type\":\"PropertyValueSpecification\",\"valueRequired\":true,\"valueName\":\"search_term_string\"}}],\"inLanguage\":\"es\"},{\"@type\":\"Organization\",\"@id\":\"https:\\\/\\\/www.interflora.es\\\/blog\\\/#organization\",\"name\":\"El blog de Interflora : consejos, ideas e inspiraci\u00f3n para disfrutar de las flores y las plantas\",\"url\":\"https:\\\/\\\/www.interflora.es\\\/blog\\\/\",\"logo\":{\"@type\":\"ImageObject\",\"inLanguage\":\"es\",\"@id\":\"https:\\\/\\\/www.interflora.es\\\/blog\\\/#\\\/schema\\\/logo\\\/image\\\/\",\"url\":\"https:\\\/\\\/www.interflora.es\\\/blog\\\/wp-content\\\/uploads\\\/2025\\\/10\\\/cropped-220422_INTERFLORA_Logo_rgb_Half_Top_Circle_Main_Color.png\",\"contentUrl\":\"https:\\\/\\\/www.interflora.es\\\/blog\\\/wp-content\\\/uploads\\\/2025\\\/10\\\/cropped-220422_INTERFLORA_Logo_rgb_Half_Top_Circle_Main_Color.png\",\"width\":1418,\"height\":659,\"caption\":\"El blog de Interflora : consejos, ideas e inspiraci\u00f3n para disfrutar de las flores y las plantas\"},\"image\":{\"@id\":\"https:\\\/\\\/www.interflora.es\\\/blog\\\/#\\\/schema\\\/logo\\\/image\\\/\"}},{\"@type\":\"Person\",\"@id\":\"https:\\\/\\\/www.interflora.es\\\/blog\\\/#\\\/schema\\\/person\\\/e3ecff50262948e365b92682cdc2a9d1\",\"name\":\"Interflora\",\"image\":{\"@type\":\"ImageObject\",\"inLanguage\":\"es\",\"@id\":\"https:\\\/\\\/www.interflora.es\\\/blog\\\/wp-content\\\/litespeed\\\/avatar\\\/ef0a9e22ccabc545011ca74a630eaf3e.jpg?ver=1777555250\",\"url\":\"https:\\\/\\\/www.interflora.es\\\/blog\\\/wp-content\\\/litespeed\\\/avatar\\\/ef0a9e22ccabc545011ca74a630eaf3e.jpg?ver=1777555250\",\"contentUrl\":\"https:\\\/\\\/www.interflora.es\\\/blog\\\/wp-content\\\/litespeed\\\/avatar\\\/ef0a9e22ccabc545011ca74a630eaf3e.jpg?ver=1777555250\",\"caption\":\"Interflora\"}}]}<\/script>\n<!-- \/ Yoast SEO plugin. -->","yoast_head_json":{"title":"\u00bfCu\u00e1l es el significado de los emojis de flores en WhatsApp? - El blog de Interflora : consejos, ideas e inspiraci\u00f3n para disfrutar de las flores y las plantas","description":"Los emojis flores se usan en WhatsApp para transmitir sentimientos. \u00bfQuieres saber su significado? \u00a1Pues Interflora te lo cuenta! Entrega de flores en 24h","robots":{"index":"index","follow":"follow","max-snippet":"max-snippet:-1","max-image-preview":"max-image-preview:large","max-video-preview":"max-video-preview:-1"},"canonical":"https:\/\/www.interflora.es\/blog\/emoji-flores-significado-whatsapp\/","schema":{"@context":"https:\/\/schema.org","@graph":[{"@type":"Article","@id":"https:\/\/www.interflora.es\/blog\/emoji-flores-significado-whatsapp\/#article","isPartOf":{"@id":"https:\/\/www.interflora.es\/blog\/emoji-flores-significado-whatsapp\/"},"author":{"name":"Interflora","@id":"https:\/\/www.interflora.es\/blog\/#\/schema\/person\/e3ecff50262948e365b92682cdc2a9d1"},"headline":"\u00bfCu\u00e1l es el significado de los emojis de flores en WhatsApp?","datePublished":"2026-04-08T07:29:49+00:00","dateModified":"2026-04-08T07:29:50+00:00","mainEntityOfPage":{"@id":"https:\/\/www.interflora.es\/blog\/emoji-flores-significado-whatsapp\/"},"wordCount":1229,"commentCount":0,"publisher":{"@id":"https:\/\/www.interflora.es\/blog\/#organization"},"image":{"@id":"https:\/\/www.interflora.es\/blog\/emoji-flores-significado-whatsapp\/#primaryimage"},"thumbnailUrl":"https:\/\/www.interflora.es\/blog\/wp-content\/uploads\/2026\/04\/emojis-whatsApp.jpg","keywords":["mensajes"],"articleSection":["Curiosidades","Flores y plantas"],"inLanguage":"es","potentialAction":[{"@type":"CommentAction","name":"Comment","target":["https:\/\/www.interflora.es\/blog\/emoji-flores-significado-whatsapp\/#respond"]}]},{"@type":"WebPage","@id":"https:\/\/www.interflora.es\/blog\/emoji-flores-significado-whatsapp\/","url":"https:\/\/www.interflora.es\/blog\/emoji-flores-significado-whatsapp\/","name":"\u00bfCu\u00e1l es el significado de los emojis de flores en WhatsApp? - El blog de Interflora : consejos, ideas e inspiraci\u00f3n para disfrutar de las flores y las plantas","isPartOf":{"@id":"https:\/\/www.interflora.es\/blog\/#website"},"primaryImageOfPage":{"@id":"https:\/\/www.interflora.es\/blog\/emoji-flores-significado-whatsapp\/#primaryimage"},"image":{"@id":"https:\/\/www.interflora.es\/blog\/emoji-flores-significado-whatsapp\/#primaryimage"},"thumbnailUrl":"https:\/\/www.interflora.es\/blog\/wp-content\/uploads\/2026\/04\/emojis-whatsApp.jpg","datePublished":"2026-04-08T07:29:49+00:00","dateModified":"2026-04-08T07:29:50+00:00","description":"Los emojis flores se usan en WhatsApp para transmitir sentimientos. \u00bfQuieres saber su significado? \u00a1Pues Interflora te lo cuenta! Entrega de flores en 24h","breadcrumb":{"@id":"https:\/\/www.interflora.es\/blog\/emoji-flores-significado-whatsapp\/#breadcrumb"},"inLanguage":"es","potentialAction":[{"@type":"ReadAction","target":["https:\/\/www.interflora.es\/blog\/emoji-flores-significado-whatsapp\/"]}]},{"@type":"ImageObject","inLanguage":"es","@id":"https:\/\/www.interflora.es\/blog\/emoji-flores-significado-whatsapp\/#primaryimage","url":"https:\/\/www.interflora.es\/blog\/wp-content\/uploads\/2026\/04\/emojis-whatsApp.jpg","contentUrl":"https:\/\/www.interflora.es\/blog\/wp-content\/uploads\/2026\/04\/emojis-whatsApp.jpg","width":1900,"height":1012},{"@type":"BreadcrumbList","@id":"https:\/\/www.interflora.es\/blog\/emoji-flores-significado-whatsapp\/#breadcrumb","itemListElement":[{"@type":"ListItem","position":1,"name":"Home","item":"https:\/\/www.interflora.es\/blog\/"},{"@type":"ListItem","position":2,"name":"\u00bfCu\u00e1l es el significado de los emojis de flores en WhatsApp?"}]},{"@type":"WebSite","@id":"https:\/\/www.interflora.es\/blog\/#website","url":"https:\/\/www.interflora.es\/blog\/","name":"El blog de Interflora : consejos, ideas e inspiraci\u00f3n para disfrutar de las flores y las plantas","description":"","publisher":{"@id":"https:\/\/www.interflora.es\/blog\/#organization"},"potentialAction":[{"@type":"SearchAction","target":{"@type":"EntryPoint","urlTemplate":"https:\/\/www.interflora.es\/blog\/?s={search_term_string}"},"query-input":{"@type":"PropertyValueSpecification","valueRequired":true,"valueName":"search_term_string"}}],"inLanguage":"es"},{"@type":"Organization","@id":"https:\/\/www.interflora.es\/blog\/#organization","name":"El blog de Interflora : consejos, ideas e inspiraci\u00f3n para disfrutar de las flores y las plantas","url":"https:\/\/www.interflora.es\/blog\/","logo":{"@type":"ImageObject","inLanguage":"es","@id":"https:\/\/www.interflora.es\/blog\/#\/schema\/logo\/image\/","url":"https:\/\/www.interflora.es\/blog\/wp-content\/uploads\/2025\/10\/cropped-220422_INTERFLORA_Logo_rgb_Half_Top_Circle_Main_Color.png","contentUrl":"https:\/\/www.interflora.es\/blog\/wp-content\/uploads\/2025\/10\/cropped-220422_INTERFLORA_Logo_rgb_Half_Top_Circle_Main_Color.png","width":1418,"height":659,"caption":"El blog de Interflora : consejos, ideas e inspiraci\u00f3n para disfrutar de las flores y las plantas"},"image":{"@id":"https:\/\/www.interflora.es\/blog\/#\/schema\/logo\/image\/"}},{"@type":"Person","@id":"https:\/\/www.interflora.es\/blog\/#\/schema\/person\/e3ecff50262948e365b92682cdc2a9d1","name":"Interflora","image":{"@type":"ImageObject","inLanguage":"es","@id":"https:\/\/www.interflora.es\/blog\/wp-content\/litespeed\/avatar\/ef0a9e22ccabc545011ca74a630eaf3e.jpg?ver=1777555250","url":"https:\/\/www.interflora.es\/blog\/wp-content\/litespeed\/avatar\/ef0a9e22ccabc545011ca74a630eaf3e.jpg?ver=1777555250","contentUrl":"https:\/\/www.interflora.es\/blog\/wp-content\/litespeed\/avatar\/ef0a9e22ccabc545011ca74a630eaf3e.jpg?ver=1777555250","caption":"Interflora"}}]}},"uagb_featured_image_src":{"full":["https:\/\/www.interflora.es\/blog\/wp-content\/uploads\/2026\/04\/emojis-whatsApp.jpg",1900,1012,false],"thumbnail":["https:\/\/www.interflora.es\/blog\/wp-content\/uploads\/2026\/04\/emojis-whatsApp-150x150.jpg",150,150,true],"medium":["https:\/\/www.interflora.es\/blog\/wp-content\/uploads\/2026\/04\/emojis-whatsApp-300x160.jpg",300,160,true],"medium_large":["https:\/\/www.interflora.es\/blog\/wp-content\/uploads\/2026\/04\/emojis-whatsApp-768x409.jpg",768,409,true],"large":["https:\/\/www.interflora.es\/blog\/wp-content\/uploads\/2026\/04\/emojis-whatsApp-1024x545.jpg",1024,545,true],"1536x1536":["https:\/\/www.interflora.es\/blog\/wp-content\/uploads\/2026\/04\/emojis-whatsApp-1536x818.jpg",1536,818,true],"2048x2048":["https:\/\/www.interflora.es\/blog\/wp-content\/uploads\/2026\/04\/emojis-whatsApp.jpg",1900,1012,false]},"uagb_author_info":{"display_name":"Interflora","author_link":"https:\/\/www.interflora.es\/blog\/author\/interflora\/"},"uagb_comment_info":0,"uagb_excerpt":"Los emojis son esas alegres y peque\u00f1as im\u00e1genes de formas variadas que acompa\u00f1an cada d\u00eda nuestros mensajes de WhatsApp. Un [&hellip;]","_links":{"self":[{"href":"https:\/\/www.interflora.es\/blog\/wp-json\/wp\/v2\/posts\/35558","targetHints":{"allow":["GET"]}}],"collection":[{"href":"https:\/\/www.interflora.es\/blog\/wp-json\/wp\/v2\/posts"}],"about":[{"href":"https:\/\/www.interflora.es\/blog\/wp-json\/wp\/v2\/types\/post"}],"author":[{"embeddable":true,"href":"https:\/\/www.interflora.es\/blog\/wp-json\/wp\/v2\/users\/13"}],"replies":[{"embeddable":true,"href":"https:\/\/www.interflora.es\/blog\/wp-json\/wp\/v2\/comments?post=35558"}],"version-history":[{"count":79,"href":"https:\/\/www.interflora.es\/blog\/wp-json\/wp\/v2\/posts\/35558\/revisions"}],"predecessor-version":[{"id":35677,"href":"https:\/\/www.interflora.es\/blog\/wp-json\/wp\/v2\/posts\/35558\/revisions\/35677"}],"wp:featuredmedia":[{"embeddable":true,"href":"https:\/\/www.interflora.es\/blog\/wp-json\/wp\/v2\/media\/35596"}],"wp:attachment":[{"href":"https:\/\/www.interflora.es\/blog\/wp-json\/wp\/v2\/media?parent=35558"}],"wp:term":[{"taxonomy":"category","embeddable":true,"href":"https:\/\/www.interflora.es\/blog\/wp-json\/wp\/v2\/categories?post=35558"},{"taxonomy":"post_tag","embeddable":true,"href":"https:\/\/www.interflora.es\/blog\/wp-json\/wp\/v2\/tags?post=35558"}],"curies":[{"name":"wp","href":"https:\/\/api.w.org\/{rel}","templated":true}]}}