{"id":32852,"date":"2025-12-04T16:26:23","date_gmt":"2025-12-04T15:26:23","guid":{"rendered":"https:\/\/www.interflora.es\/blog\/?p=32852"},"modified":"2025-12-04T16:26:24","modified_gmt":"2025-12-04T15:26:24","slug":"3-consejos-para-sorprender-con-decoracion-de-mesa-navidena","status":"publish","type":"post","link":"https:\/\/www.interflora.es\/blog\/3-consejos-para-sorprender-con-decoracion-de-mesa-navidena\/","title":{"rendered":"Decoraci\u00f3n de mesa navide\u00f1a: 3 consejos para sorprender estas fiestas"},"content":{"rendered":"\n<p class=\"has-text-align-center\">La <strong>decoraci\u00f3n de mesa navide\u00f1a<\/strong> es clave para crear un ambiente c\u00e1lido y memorable durante las fiestas. Con unos pocos elementos bien seleccionados \u2014flores, velas y detalles naturales\u2014 puedes transformar cualquier comida o cena en una experiencia especial. Aqu\u00ed te dejamos tres ideas para que tu mesa luzca espectacular.<\/p>\n\n\n\n<h2 class=\"wp-block-heading has-text-align-center\">1. Arreglos florales grandes y llenos de estilo<\/h2>\n\n\n\n<p class=\"has-text-align-center\">Un gran centro de mesa con flores de Navidad, como <strong><a href=\"https:\/\/www.interflora.es\/c\/flores\/ramos-de-amarilis\">amarilis<\/a><\/strong>, es una forma impactante de marcar el tono festivo. Puedes combinarlo con peque\u00f1os jarrones que incluyan flores de tallo corto y adornos navide\u00f1os en tonos coordinados.<\/p>\n\n\n\n<figure class=\"wp-block-image aligncenter size-large is-resized\"><img loading=\"lazy\" decoding=\"async\" width=\"1024\" height=\"737\" src=\"https:\/\/www.interflora.es\/blog\/wp-content\/uploads\/2025\/12\/mesa-navidad-2025-1024x737.png\" alt=\"\" class=\"wp-image-32865\" style=\"aspect-ratio:1.389415852742299;width:798px;height:auto\" srcset=\"https:\/\/www.interflora.es\/blog\/wp-content\/uploads\/2025\/12\/mesa-navidad-2025-1024x737.png 1024w, https:\/\/www.interflora.es\/blog\/wp-content\/uploads\/2025\/12\/mesa-navidad-2025-300x216.png 300w, https:\/\/www.interflora.es\/blog\/wp-content\/uploads\/2025\/12\/mesa-navidad-2025-768x553.png 768w, https:\/\/www.interflora.es\/blog\/wp-content\/uploads\/2025\/12\/mesa-navidad-2025.png 1500w\" sizes=\"auto, (max-width: 1024px) 100vw, 1024px\" \/><\/figure>\n\n\n\n<p class=\"has-text-align-center\">Atr\u00e9vete a mezclar formas, materiales y texturas para aportar dinamismo. Flores como <strong>nerine<\/strong> o <strong>an\u00e9monas<\/strong> funcionan de maravilla en cenas especiales.<br>Si prefieres un estilo m\u00e1s tradicional, prueba con un arreglo que combine <strong>amarilis, musgo y una vela cil\u00edndrica<\/strong> a juego.<\/p>\n\n\n\n<h2 class=\"wp-block-heading has-text-align-center\">2. Deja que las flores aporten los detalles<\/h2>\n\n\n\n<div class=\"wp-block-media-text has-media-on-the-right is-stacked-on-mobile is-image-fill-element\" style=\"grid-template-columns:auto 31%\"><div class=\"wp-block-media-text__content\">\n<p>Una mesa equilibrada empieza por una base sencilla. Opta por un mantel y servilletas de lino en tonos neutros o naturales, y deja que las flores aporten personalidad al conjunto.<\/p>\n\n\n\n<p>Coloca <strong>peque\u00f1as ramitas o flores<\/strong> directamente sobre cada servilleta: pino, rosa de Navidad, ar\u00e1ndanos, una peque\u00f1a orqu\u00eddea\u2026<br>Son detalles sencillos, pero capaces de elevar la <strong><a href=\"https:\/\/www.interflora.es\/c\/fiestas\/decoracion-navidad\">decoraci\u00f3n de mesa navide\u00f1a<\/a><\/strong> y hacerla mucho m\u00e1s especial.<\/p>\n<\/div><figure class=\"wp-block-media-text__media\"><img loading=\"lazy\" decoding=\"async\" width=\"788\" height=\"1024\" src=\"https:\/\/www.interflora.es\/blog\/wp-content\/uploads\/2025\/12\/servilletas-navidad-788x1024.png\" alt=\"\" class=\"wp-image-32861 size-full\" style=\"object-position:41% 59%\" srcset=\"https:\/\/www.interflora.es\/blog\/wp-content\/uploads\/2025\/12\/servilletas-navidad-788x1024.png 788w, https:\/\/www.interflora.es\/blog\/wp-content\/uploads\/2025\/12\/servilletas-navidad-231x300.png 231w, https:\/\/www.interflora.es\/blog\/wp-content\/uploads\/2025\/12\/servilletas-navidad-768x998.png 768w, https:\/\/www.interflora.es\/blog\/wp-content\/uploads\/2025\/12\/servilletas-navidad-1182x1536.png 1182w, https:\/\/www.interflora.es\/blog\/wp-content\/uploads\/2025\/12\/servilletas-navidad.png 1500w\" sizes=\"auto, (max-width: 788px) 100vw, 788px\" \/><\/figure><\/div>\n\n\n\n<div style=\"height:5px\" aria-hidden=\"true\" class=\"wp-block-spacer\"><\/div>\n\n\n<div class=\"lp-produits-grid\"><div class=\"lp-produit\"><div class=\"lp-thumbnail-wrapper\"><img loading=\"lazy\" decoding=\"async\" width=\"300\" height=\"300\" src=\"https:\/\/www.interflora.es\/blog\/wp-content\/uploads\/2025\/11\/1758204213-luci-dinverno-hd-1-300x300.jpg\" class=\"attachment-medium size-medium wp-post-image\" alt=\"\" srcset=\"https:\/\/www.interflora.es\/blog\/wp-content\/uploads\/2025\/11\/1758204213-luci-dinverno-hd-1-300x300.jpg 300w, https:\/\/www.interflora.es\/blog\/wp-content\/uploads\/2025\/11\/1758204213-luci-dinverno-hd-1-1024x1024.jpg 1024w, https:\/\/www.interflora.es\/blog\/wp-content\/uploads\/2025\/11\/1758204213-luci-dinverno-hd-1-150x150.jpg 150w, https:\/\/www.interflora.es\/blog\/wp-content\/uploads\/2025\/11\/1758204213-luci-dinverno-hd-1-768x768.jpg 768w, https:\/\/www.interflora.es\/blog\/wp-content\/uploads\/2025\/11\/1758204213-luci-dinverno-hd-1-1536x1536.jpg 1536w, https:\/\/www.interflora.es\/blog\/wp-content\/uploads\/2025\/11\/1758204213-luci-dinverno-hd-1-2048x2048.jpg 2048w\" sizes=\"auto, (max-width: 300px) 100vw, 300px\" \/><img decoding=\"async\" class=\"lp-badge\" src=\"https:\/\/prodblog.interflora.es\/blog\/wp-content\/uploads\/2025\/04\/220422_INTERFLORA_Main_Logo_rgb_Main_Color.png\" alt=\"Entrega r\u00e1pida\"><\/div><span>Luces de Invierno<\/span><p>49.99 \u20ac<\/p><span class=\"obf-link lp-cta\" role=\"link\" tabindex=\"0\" data-b64=\"aHR0cHM6Ly93d3cuaW50ZXJmbG9yYS5lcy9wL2x1Y2VzLWRlLWludmllcm5vLzE\/dXRtX21lZGl1bT1vcmdhbmljJnV0bV9zb3VyY2U9YmxvZ19wcm9kdWN0cyZ1dG1fY2FtcGFpZ249WEYwNTA=\" data-target=\"_blank\"><svg xmlns=\"http:\/\/www.w3.org\/2000\/svg\" width=\"16\" height=\"16\" fill=\"currentColor\" class=\"bi bi-bag\" viewBox=\"0 0 16 16\"><path d=\"M8 1a2 2 0 0 1 2 2v1h2.5A1.5 1.5 0 0 1 14 5.5v8A1.5 1.5 0 0 1 12.5 15h-9A1.5 1.5 0 0 1 2 13.5v-8A1.5 1.5 0 0 1 3.5 3H6V2a2 2 0 0 1 2-1zm1 3V3a1 1 0 0 0-2 0v1h2z\"\/><\/svg>Comprar<\/span><p class=\"rapido\">Env\u00edo r\u00e1pido<\/p><\/div><div class=\"lp-produit\"><div class=\"lp-thumbnail-wrapper\"><img loading=\"lazy\" decoding=\"async\" width=\"300\" height=\"300\" src=\"https:\/\/www.interflora.es\/blog\/wp-content\/uploads\/2025\/11\/1758206330-segreto-dinverno-hd-1-300x300.jpg\" class=\"attachment-medium size-medium wp-post-image\" alt=\"\" srcset=\"https:\/\/www.interflora.es\/blog\/wp-content\/uploads\/2025\/11\/1758206330-segreto-dinverno-hd-1-300x300.jpg 300w, https:\/\/www.interflora.es\/blog\/wp-content\/uploads\/2025\/11\/1758206330-segreto-dinverno-hd-1-1024x1024.jpg 1024w, https:\/\/www.interflora.es\/blog\/wp-content\/uploads\/2025\/11\/1758206330-segreto-dinverno-hd-1-150x150.jpg 150w, https:\/\/www.interflora.es\/blog\/wp-content\/uploads\/2025\/11\/1758206330-segreto-dinverno-hd-1-768x768.jpg 768w, https:\/\/www.interflora.es\/blog\/wp-content\/uploads\/2025\/11\/1758206330-segreto-dinverno-hd-1-1536x1536.jpg 1536w, https:\/\/www.interflora.es\/blog\/wp-content\/uploads\/2025\/11\/1758206330-segreto-dinverno-hd-1-2048x2048.jpg 2048w\" sizes=\"auto, (max-width: 300px) 100vw, 300px\" \/><img decoding=\"async\" class=\"lp-badge\" src=\"https:\/\/prodblog.interflora.es\/blog\/wp-content\/uploads\/2025\/04\/220422_INTERFLORA_Main_Logo_rgb_Main_Color.png\" alt=\"Entrega r\u00e1pida\"><\/div><span>Secreto de Invierno<\/span><p>47.99 \u20ac<\/p><span class=\"obf-link lp-cta\" role=\"link\" tabindex=\"0\" data-b64=\"aHR0cHM6Ly93d3cuaW50ZXJmbG9yYS5lcy9wL3NlY3JldG8tZGUtaW52aWVybm8vMT91dG1fbWVkaXVtPW9yZ2FuaWMmdXRtX3NvdXJjZT1ibG9nX3Byb2R1Y3RzJnV0bV9jYW1wYWlnbj1YRjA1Mw==\" data-target=\"_blank\"><svg xmlns=\"http:\/\/www.w3.org\/2000\/svg\" width=\"16\" height=\"16\" fill=\"currentColor\" class=\"bi bi-bag\" viewBox=\"0 0 16 16\"><path d=\"M8 1a2 2 0 0 1 2 2v1h2.5A1.5 1.5 0 0 1 14 5.5v8A1.5 1.5 0 0 1 12.5 15h-9A1.5 1.5 0 0 1 2 13.5v-8A1.5 1.5 0 0 1 3.5 3H6V2a2 2 0 0 1 2-1zm1 3V3a1 1 0 0 0-2 0v1h2z\"\/><\/svg>Comprar<\/span><p class=\"rapido\">Selecci\u00f3n Interflora<\/p><\/div><div class=\"lp-produit\"><div class=\"lp-thumbnail-wrapper\"><img loading=\"lazy\" decoding=\"async\" width=\"300\" height=\"300\" src=\"https:\/\/www.interflora.es\/blog\/wp-content\/uploads\/2025\/11\/1728988218-ff093-es-300x300.jpg\" class=\"attachment-medium size-medium wp-post-image\" alt=\"\" srcset=\"https:\/\/www.interflora.es\/blog\/wp-content\/uploads\/2025\/11\/1728988218-ff093-es-300x300.jpg 300w, https:\/\/www.interflora.es\/blog\/wp-content\/uploads\/2025\/11\/1728988218-ff093-es-1024x1024.jpg 1024w, https:\/\/www.interflora.es\/blog\/wp-content\/uploads\/2025\/11\/1728988218-ff093-es-150x150.jpg 150w, https:\/\/www.interflora.es\/blog\/wp-content\/uploads\/2025\/11\/1728988218-ff093-es-768x768.jpg 768w, https:\/\/www.interflora.es\/blog\/wp-content\/uploads\/2025\/11\/1728988218-ff093-es-1536x1536.jpg 1536w, https:\/\/www.interflora.es\/blog\/wp-content\/uploads\/2025\/11\/1728988218-ff093-es-2048x2048.jpg 2048w\" sizes=\"auto, (max-width: 300px) 100vw, 300px\" \/><img decoding=\"async\" class=\"lp-badge\" src=\"https:\/\/prodblog.interflora.es\/blog\/wp-content\/uploads\/2025\/04\/220422_INTERFLORA_Main_Logo_rgb_Main_Color.png\" alt=\"Entrega r\u00e1pida\"><\/div><span>Ramo creativo de Navidad<\/span><p>39.99 \u20ac<\/p><span class=\"obf-link lp-cta\" role=\"link\" tabindex=\"0\" data-b64=\"aHR0cHM6Ly93d3cuaW50ZXJmbG9yYS5lcy9wL3JhbW8tbmF2aWRlbm8tZGVsLWZsb3Jpc3RhLzE\/dXRtX21lZGl1bT1vcmdhbmljJnV0bV9zb3VyY2U9YmxvZ19wcm9kdWN0cyZ1dG1fY2FtcGFpZ249TjAwMjU=\" data-target=\"_blank\"><svg xmlns=\"http:\/\/www.w3.org\/2000\/svg\" width=\"16\" height=\"16\" fill=\"currentColor\" class=\"bi bi-bag\" viewBox=\"0 0 16 16\"><path d=\"M8 1a2 2 0 0 1 2 2v1h2.5A1.5 1.5 0 0 1 14 5.5v8A1.5 1.5 0 0 1 12.5 15h-9A1.5 1.5 0 0 1 2 13.5v-8A1.5 1.5 0 0 1 3.5 3H6V2a2 2 0 0 1 2-1zm1 3V3a1 1 0 0 0-2 0v1h2z\"\/><\/svg>Comprar<\/span><p class=\"rapido\">Env\u00edo r\u00e1pido<\/p><\/div><div class=\"lp-produit\"><div class=\"lp-thumbnail-wrapper\"><img loading=\"lazy\" decoding=\"async\" width=\"300\" height=\"300\" src=\"https:\/\/www.interflora.es\/blog\/wp-content\/uploads\/2025\/04\/1688371137-ramo-del-florista-rojo-f0159-1-300x300.jpg\" class=\"attachment-medium size-medium wp-post-image\" alt=\"\" srcset=\"https:\/\/www.interflora.es\/blog\/wp-content\/uploads\/2025\/04\/1688371137-ramo-del-florista-rojo-f0159-1-300x300.jpg 300w, https:\/\/www.interflora.es\/blog\/wp-content\/uploads\/2025\/04\/1688371137-ramo-del-florista-rojo-f0159-1-1024x1024.jpg 1024w, https:\/\/www.interflora.es\/blog\/wp-content\/uploads\/2025\/04\/1688371137-ramo-del-florista-rojo-f0159-1-150x150.jpg 150w, https:\/\/www.interflora.es\/blog\/wp-content\/uploads\/2025\/04\/1688371137-ramo-del-florista-rojo-f0159-1-768x768.jpg 768w, https:\/\/www.interflora.es\/blog\/wp-content\/uploads\/2025\/04\/1688371137-ramo-del-florista-rojo-f0159-1.jpg 1500w\" sizes=\"auto, (max-width: 300px) 100vw, 300px\" \/><img decoding=\"async\" class=\"lp-badge\" src=\"https:\/\/prodblog.interflora.es\/blog\/wp-content\/uploads\/2025\/04\/220422_INTERFLORA_Main_Logo_rgb_Main_Color.png\" alt=\"Entrega r\u00e1pida\"><\/div><span>Ramo del Florista rojo<\/span><p>37.99 \u20ac<\/p><span class=\"obf-link lp-cta\" role=\"link\" tabindex=\"0\" data-b64=\"aHR0cHM6Ly93d3cuaW50ZXJmbG9yYS5lcy9wL3JhbW8tZGVsLWZsb3Jpc3RhLXJvam8vMT91dG1fbWVkaXVtPW9yZ2FuaWMmdXRtX3NvdXJjZT1ibG9nX3Byb2R1Y3RzJnV0bV9jYW1wYWlnbj1GMDE1OQ==\" data-target=\"_blank\"><svg xmlns=\"http:\/\/www.w3.org\/2000\/svg\" width=\"16\" height=\"16\" fill=\"currentColor\" class=\"bi bi-bag\" viewBox=\"0 0 16 16\"><path d=\"M8 1a2 2 0 0 1 2 2v1h2.5A1.5 1.5 0 0 1 14 5.5v8A1.5 1.5 0 0 1 12.5 15h-9A1.5 1.5 0 0 1 2 13.5v-8A1.5 1.5 0 0 1 3.5 3H6V2a2 2 0 0 1 2-1zm1 3V3a1 1 0 0 0-2 0v1h2z\"\/><\/svg>Comprar<\/span><p class=\"rapido\">Entrega urgente<\/p><\/div><\/div>\n\n\n\n<div style=\"height:5px\" aria-hidden=\"true\" class=\"wp-block-spacer\"><\/div>\n\n\n\n<h2 class=\"wp-block-heading has-text-align-center\">3. Crea ambiente con la luz de velas<\/h2>\n\n\n\n<div class=\"wp-block-media-text is-stacked-on-mobile is-image-fill-element\"><figure class=\"wp-block-media-text__media\"><img loading=\"lazy\" decoding=\"async\" width=\"1024\" height=\"737\" src=\"https:\/\/www.interflora.es\/blog\/wp-content\/uploads\/2025\/12\/copas-de-vino-1024x737.png\" alt=\"\" class=\"wp-image-32864 size-full\" style=\"object-position:50% 50%\" srcset=\"https:\/\/www.interflora.es\/blog\/wp-content\/uploads\/2025\/12\/copas-de-vino-1024x737.png 1024w, https:\/\/www.interflora.es\/blog\/wp-content\/uploads\/2025\/12\/copas-de-vino-300x216.png 300w, https:\/\/www.interflora.es\/blog\/wp-content\/uploads\/2025\/12\/copas-de-vino-768x553.png 768w, https:\/\/www.interflora.es\/blog\/wp-content\/uploads\/2025\/12\/copas-de-vino.png 1500w\" sizes=\"auto, (max-width: 1024px) 100vw, 1024px\" \/><\/figure><div class=\"wp-block-media-text__content\">\n<p>Nada transmite esp\u00edritu navide\u00f1o como la luz c\u00e1lida de las velas. Col\u00f3calas entre las flores para crear un efecto envolvente. Mezcla alturas y grosores: velas largas y finas combinadas con velas cil\u00edndricas m\u00e1s bajitas aportan ritmo visual.<\/p>\n\n\n\n<p>Los portavelas en distintos estilos y materiales tambi\u00e9n suman encanto. Solo recuerda encenderlas cuando est\u00e9s presente y apagarlas siempre antes de dejar la mesa.<\/p>\n\n\n\n<p>Con flores, velas y un toque de creatividad, tu decoraci\u00f3n de mesa navide\u00f1a brillar\u00e1 como nunca. Un entorno cuidado transforma cualquier celebraci\u00f3n en un momento \u00fanico para compartir.<\/p>\n\n\n\n<div class=\"wp-block-buttons is-content-justification-center is-layout-flex wp-container-core-buttons-is-layout-a89b3969 wp-block-buttons-is-layout-flex\">\n<div class=\"wp-block-button\"><a class=\"wp-block-button__link wp-element-button\" href=\"https:\/\/www.interflora.es\/c\/fiestas\/navidad?utm_source=blog&amp;utm_campaign=post-cta\" target=\"_blank\" rel=\"noreferrer noopener\">Flores de Navidad<\/a><\/div>\n<\/div>\n<\/div><\/div>\n\n\n\n<p><\/p>\n","protected":false},"excerpt":{"rendered":"<p>La decoraci\u00f3n de mesa navide\u00f1a es clave para crear un ambiente c\u00e1lido y memorable durante las fiestas. Con unos pocos [&hellip;]<\/p>\n","protected":false},"author":13,"featured_media":32862,"comment_status":"open","ping_status":"open","sticky":false,"template":"","format":"standard","meta":{"_acf_changed":false,"_uag_custom_page_level_css":"","site-sidebar-layout":"default","site-content-layout":"","ast-site-content-layout":"default","site-content-style":"default","site-sidebar-style":"default","ast-global-header-display":"","ast-banner-title-visibility":"","ast-main-header-display":"","ast-hfb-above-header-display":"","ast-hfb-below-header-display":"","ast-hfb-mobile-header-display":"","site-post-title":"","ast-breadcrumbs-content":"","ast-featured-img":"","footer-sml-layout":"","theme-transparent-header-meta":"","adv-header-id-meta":"","stick-header-meta":"","header-above-stick-meta":"","header-main-stick-meta":"","header-below-stick-meta":"","astra-migrate-meta-layouts":"default","ast-page-background-enabled":"default","ast-page-background-meta":{"desktop":{"background-color":"var(--ast-global-color-5)","background-image":"","background-repeat":"repeat","background-position":"center center","background-size":"auto","background-attachment":"scroll","background-type":"","background-media":"","overlay-type":"","overlay-color":"","overlay-opacity":"","overlay-gradient":""},"tablet":{"background-color":"","background-image":"","background-repeat":"repeat","background-position":"center center","background-size":"auto","background-attachment":"scroll","background-type":"","background-media":"","overlay-type":"","overlay-color":"","overlay-opacity":"","overlay-gradient":""},"mobile":{"background-color":"","background-image":"","background-repeat":"repeat","background-position":"center center","background-size":"auto","background-attachment":"scroll","background-type":"","background-media":"","overlay-type":"","overlay-color":"","overlay-opacity":"","overlay-gradient":""}},"ast-content-background-meta":{"desktop":{"background-color":"var(--ast-global-color-4)","background-image":"","background-repeat":"repeat","background-position":"center center","background-size":"auto","background-attachment":"scroll","background-type":"","background-media":"","overlay-type":"","overlay-color":"","overlay-opacity":"","overlay-gradient":""},"tablet":{"background-color":"var(--ast-global-color-4)","background-image":"","background-repeat":"repeat","background-position":"center center","background-size":"auto","background-attachment":"scroll","background-type":"","background-media":"","overlay-type":"","overlay-color":"","overlay-opacity":"","overlay-gradient":""},"mobile":{"background-color":"var(--ast-global-color-4)","background-image":"","background-repeat":"repeat","background-position":"center center","background-size":"auto","background-attachment":"scroll","background-type":"","background-media":"","overlay-type":"","overlay-color":"","overlay-opacity":"","overlay-gradient":""}},"footnotes":""},"categories":[122,70,23],"tags":[71],"class_list":["post-32852","post","type-post","status-publish","format-standard","has-post-thumbnail","hentry","category-decoracion-navidena","category-navidad","category-ocasiones-especiales","tag-navidad"],"acf":[],"yoast_head":"<!-- This site is optimized with the Yoast SEO plugin v27.5 - https:\/\/yoast.com\/product\/yoast-seo-wordpress\/ -->\n<title>Nuestros consejos para decorar tu mesa de Navidad | Interflora<\/title>\n<meta name=\"description\" content=\"Captura la magia de la Navidad con flores y luz de velas. Descubre tres consejos sencillos para una mesa festiva que impresionar\u00e1 a tus invitados.\" \/>\n<meta name=\"robots\" content=\"index, follow, max-snippet:-1, max-image-preview:large, max-video-preview:-1\" \/>\n<link rel=\"canonical\" href=\"https:\/\/www.interflora.es\/blog\/3-consejos-para-sorprender-con-decoracion-de-mesa-navidena\/\" \/>\n<script type=\"application\/ld+json\" class=\"yoast-schema-graph\">{\"@context\":\"https:\\\/\\\/schema.org\",\"@graph\":[{\"@type\":\"Article\",\"@id\":\"https:\\\/\\\/www.interflora.es\\\/blog\\\/3-consejos-para-sorprender-con-decoracion-de-mesa-navidena\\\/#article\",\"isPartOf\":{\"@id\":\"https:\\\/\\\/www.interflora.es\\\/blog\\\/3-consejos-para-sorprender-con-decoracion-de-mesa-navidena\\\/\"},\"author\":{\"name\":\"Interflora\",\"@id\":\"https:\\\/\\\/www.interflora.es\\\/blog\\\/#\\\/schema\\\/person\\\/e3ecff50262948e365b92682cdc2a9d1\"},\"headline\":\"Decoraci\u00f3n de mesa navide\u00f1a: 3 consejos para sorprender estas fiestas\",\"datePublished\":\"2025-12-04T15:26:23+00:00\",\"dateModified\":\"2025-12-04T15:26:24+00:00\",\"mainEntityOfPage\":{\"@id\":\"https:\\\/\\\/www.interflora.es\\\/blog\\\/3-consejos-para-sorprender-con-decoracion-de-mesa-navidena\\\/\"},\"wordCount\":349,\"commentCount\":0,\"publisher\":{\"@id\":\"https:\\\/\\\/www.interflora.es\\\/blog\\\/#organization\"},\"image\":{\"@id\":\"https:\\\/\\\/www.interflora.es\\\/blog\\\/3-consejos-para-sorprender-con-decoracion-de-mesa-navidena\\\/#primaryimage\"},\"thumbnailUrl\":\"https:\\\/\\\/www.interflora.es\\\/blog\\\/wp-content\\\/uploads\\\/2025\\\/12\\\/centro-mesa-navidad.png\",\"keywords\":[\"navidad\"],\"articleSection\":[\"Decoraci\u00f3n navide\u00f1a\",\"Navidad\",\"Ocasiones especiales\"],\"inLanguage\":\"es\",\"potentialAction\":[{\"@type\":\"CommentAction\",\"name\":\"Comment\",\"target\":[\"https:\\\/\\\/www.interflora.es\\\/blog\\\/3-consejos-para-sorprender-con-decoracion-de-mesa-navidena\\\/#respond\"]}]},{\"@type\":\"WebPage\",\"@id\":\"https:\\\/\\\/www.interflora.es\\\/blog\\\/3-consejos-para-sorprender-con-decoracion-de-mesa-navidena\\\/\",\"url\":\"https:\\\/\\\/www.interflora.es\\\/blog\\\/3-consejos-para-sorprender-con-decoracion-de-mesa-navidena\\\/\",\"name\":\"Nuestros consejos para decorar tu mesa de Navidad | Interflora\",\"isPartOf\":{\"@id\":\"https:\\\/\\\/www.interflora.es\\\/blog\\\/#website\"},\"primaryImageOfPage\":{\"@id\":\"https:\\\/\\\/www.interflora.es\\\/blog\\\/3-consejos-para-sorprender-con-decoracion-de-mesa-navidena\\\/#primaryimage\"},\"image\":{\"@id\":\"https:\\\/\\\/www.interflora.es\\\/blog\\\/3-consejos-para-sorprender-con-decoracion-de-mesa-navidena\\\/#primaryimage\"},\"thumbnailUrl\":\"https:\\\/\\\/www.interflora.es\\\/blog\\\/wp-content\\\/uploads\\\/2025\\\/12\\\/centro-mesa-navidad.png\",\"datePublished\":\"2025-12-04T15:26:23+00:00\",\"dateModified\":\"2025-12-04T15:26:24+00:00\",\"description\":\"Captura la magia de la Navidad con flores y luz de velas. Descubre tres consejos sencillos para una mesa festiva que impresionar\u00e1 a tus invitados.\",\"breadcrumb\":{\"@id\":\"https:\\\/\\\/www.interflora.es\\\/blog\\\/3-consejos-para-sorprender-con-decoracion-de-mesa-navidena\\\/#breadcrumb\"},\"inLanguage\":\"es\",\"potentialAction\":[{\"@type\":\"ReadAction\",\"target\":[\"https:\\\/\\\/www.interflora.es\\\/blog\\\/3-consejos-para-sorprender-con-decoracion-de-mesa-navidena\\\/\"]}]},{\"@type\":\"ImageObject\",\"inLanguage\":\"es\",\"@id\":\"https:\\\/\\\/www.interflora.es\\\/blog\\\/3-consejos-para-sorprender-con-decoracion-de-mesa-navidena\\\/#primaryimage\",\"url\":\"https:\\\/\\\/www.interflora.es\\\/blog\\\/wp-content\\\/uploads\\\/2025\\\/12\\\/centro-mesa-navidad.png\",\"contentUrl\":\"https:\\\/\\\/www.interflora.es\\\/blog\\\/wp-content\\\/uploads\\\/2025\\\/12\\\/centro-mesa-navidad.png\",\"width\":1500,\"height\":1080},{\"@type\":\"BreadcrumbList\",\"@id\":\"https:\\\/\\\/www.interflora.es\\\/blog\\\/3-consejos-para-sorprender-con-decoracion-de-mesa-navidena\\\/#breadcrumb\",\"itemListElement\":[{\"@type\":\"ListItem\",\"position\":1,\"name\":\"Home\",\"item\":\"https:\\\/\\\/www.interflora.es\\\/blog\\\/\"},{\"@type\":\"ListItem\",\"position\":2,\"name\":\"Decoraci\u00f3n de mesa navide\u00f1a: 3 consejos para sorprender estas fiestas\"}]},{\"@type\":\"WebSite\",\"@id\":\"https:\\\/\\\/www.interflora.es\\\/blog\\\/#website\",\"url\":\"https:\\\/\\\/www.interflora.es\\\/blog\\\/\",\"name\":\"El blog de Interflora : consejos, ideas e inspiraci\u00f3n para disfrutar de las flores y las plantas\",\"description\":\"\",\"publisher\":{\"@id\":\"https:\\\/\\\/www.interflora.es\\\/blog\\\/#organization\"},\"potentialAction\":[{\"@type\":\"SearchAction\",\"target\":{\"@type\":\"EntryPoint\",\"urlTemplate\":\"https:\\\/\\\/www.interflora.es\\\/blog\\\/?s={search_term_string}\"},\"query-input\":{\"@type\":\"PropertyValueSpecification\",\"valueRequired\":true,\"valueName\":\"search_term_string\"}}],\"inLanguage\":\"es\"},{\"@type\":\"Organization\",\"@id\":\"https:\\\/\\\/www.interflora.es\\\/blog\\\/#organization\",\"name\":\"El blog de Interflora : consejos, ideas e inspiraci\u00f3n para disfrutar de las flores y las plantas\",\"url\":\"https:\\\/\\\/www.interflora.es\\\/blog\\\/\",\"logo\":{\"@type\":\"ImageObject\",\"inLanguage\":\"es\",\"@id\":\"https:\\\/\\\/www.interflora.es\\\/blog\\\/#\\\/schema\\\/logo\\\/image\\\/\",\"url\":\"https:\\\/\\\/www.interflora.es\\\/blog\\\/wp-content\\\/uploads\\\/2025\\\/10\\\/cropped-220422_INTERFLORA_Logo_rgb_Half_Top_Circle_Main_Color.png\",\"contentUrl\":\"https:\\\/\\\/www.interflora.es\\\/blog\\\/wp-content\\\/uploads\\\/2025\\\/10\\\/cropped-220422_INTERFLORA_Logo_rgb_Half_Top_Circle_Main_Color.png\",\"width\":1418,\"height\":659,\"caption\":\"El blog de Interflora : consejos, ideas e inspiraci\u00f3n para disfrutar de las flores y las plantas\"},\"image\":{\"@id\":\"https:\\\/\\\/www.interflora.es\\\/blog\\\/#\\\/schema\\\/logo\\\/image\\\/\"}},{\"@type\":\"Person\",\"@id\":\"https:\\\/\\\/www.interflora.es\\\/blog\\\/#\\\/schema\\\/person\\\/e3ecff50262948e365b92682cdc2a9d1\",\"name\":\"Interflora\",\"image\":{\"@type\":\"ImageObject\",\"inLanguage\":\"es\",\"@id\":\"https:\\\/\\\/www.interflora.es\\\/blog\\\/wp-content\\\/litespeed\\\/avatar\\\/ef0a9e22ccabc545011ca74a630eaf3e.jpg?ver=1776950439\",\"url\":\"https:\\\/\\\/www.interflora.es\\\/blog\\\/wp-content\\\/litespeed\\\/avatar\\\/ef0a9e22ccabc545011ca74a630eaf3e.jpg?ver=1776950439\",\"contentUrl\":\"https:\\\/\\\/www.interflora.es\\\/blog\\\/wp-content\\\/litespeed\\\/avatar\\\/ef0a9e22ccabc545011ca74a630eaf3e.jpg?ver=1776950439\",\"caption\":\"Interflora\"}}]}<\/script>\n<!-- \/ Yoast SEO plugin. -->","yoast_head_json":{"title":"Nuestros consejos para decorar tu mesa de Navidad | Interflora","description":"Captura la magia de la Navidad con flores y luz de velas. Descubre tres consejos sencillos para una mesa festiva que impresionar\u00e1 a tus invitados.","robots":{"index":"index","follow":"follow","max-snippet":"max-snippet:-1","max-image-preview":"max-image-preview:large","max-video-preview":"max-video-preview:-1"},"canonical":"https:\/\/www.interflora.es\/blog\/3-consejos-para-sorprender-con-decoracion-de-mesa-navidena\/","schema":{"@context":"https:\/\/schema.org","@graph":[{"@type":"Article","@id":"https:\/\/www.interflora.es\/blog\/3-consejos-para-sorprender-con-decoracion-de-mesa-navidena\/#article","isPartOf":{"@id":"https:\/\/www.interflora.es\/blog\/3-consejos-para-sorprender-con-decoracion-de-mesa-navidena\/"},"author":{"name":"Interflora","@id":"https:\/\/www.interflora.es\/blog\/#\/schema\/person\/e3ecff50262948e365b92682cdc2a9d1"},"headline":"Decoraci\u00f3n de mesa navide\u00f1a: 3 consejos para sorprender estas fiestas","datePublished":"2025-12-04T15:26:23+00:00","dateModified":"2025-12-04T15:26:24+00:00","mainEntityOfPage":{"@id":"https:\/\/www.interflora.es\/blog\/3-consejos-para-sorprender-con-decoracion-de-mesa-navidena\/"},"wordCount":349,"commentCount":0,"publisher":{"@id":"https:\/\/www.interflora.es\/blog\/#organization"},"image":{"@id":"https:\/\/www.interflora.es\/blog\/3-consejos-para-sorprender-con-decoracion-de-mesa-navidena\/#primaryimage"},"thumbnailUrl":"https:\/\/www.interflora.es\/blog\/wp-content\/uploads\/2025\/12\/centro-mesa-navidad.png","keywords":["navidad"],"articleSection":["Decoraci\u00f3n navide\u00f1a","Navidad","Ocasiones especiales"],"inLanguage":"es","potentialAction":[{"@type":"CommentAction","name":"Comment","target":["https:\/\/www.interflora.es\/blog\/3-consejos-para-sorprender-con-decoracion-de-mesa-navidena\/#respond"]}]},{"@type":"WebPage","@id":"https:\/\/www.interflora.es\/blog\/3-consejos-para-sorprender-con-decoracion-de-mesa-navidena\/","url":"https:\/\/www.interflora.es\/blog\/3-consejos-para-sorprender-con-decoracion-de-mesa-navidena\/","name":"Nuestros consejos para decorar tu mesa de Navidad | Interflora","isPartOf":{"@id":"https:\/\/www.interflora.es\/blog\/#website"},"primaryImageOfPage":{"@id":"https:\/\/www.interflora.es\/blog\/3-consejos-para-sorprender-con-decoracion-de-mesa-navidena\/#primaryimage"},"image":{"@id":"https:\/\/www.interflora.es\/blog\/3-consejos-para-sorprender-con-decoracion-de-mesa-navidena\/#primaryimage"},"thumbnailUrl":"https:\/\/www.interflora.es\/blog\/wp-content\/uploads\/2025\/12\/centro-mesa-navidad.png","datePublished":"2025-12-04T15:26:23+00:00","dateModified":"2025-12-04T15:26:24+00:00","description":"Captura la magia de la Navidad con flores y luz de velas. Descubre tres consejos sencillos para una mesa festiva que impresionar\u00e1 a tus invitados.","breadcrumb":{"@id":"https:\/\/www.interflora.es\/blog\/3-consejos-para-sorprender-con-decoracion-de-mesa-navidena\/#breadcrumb"},"inLanguage":"es","potentialAction":[{"@type":"ReadAction","target":["https:\/\/www.interflora.es\/blog\/3-consejos-para-sorprender-con-decoracion-de-mesa-navidena\/"]}]},{"@type":"ImageObject","inLanguage":"es","@id":"https:\/\/www.interflora.es\/blog\/3-consejos-para-sorprender-con-decoracion-de-mesa-navidena\/#primaryimage","url":"https:\/\/www.interflora.es\/blog\/wp-content\/uploads\/2025\/12\/centro-mesa-navidad.png","contentUrl":"https:\/\/www.interflora.es\/blog\/wp-content\/uploads\/2025\/12\/centro-mesa-navidad.png","width":1500,"height":1080},{"@type":"BreadcrumbList","@id":"https:\/\/www.interflora.es\/blog\/3-consejos-para-sorprender-con-decoracion-de-mesa-navidena\/#breadcrumb","itemListElement":[{"@type":"ListItem","position":1,"name":"Home","item":"https:\/\/www.interflora.es\/blog\/"},{"@type":"ListItem","position":2,"name":"Decoraci\u00f3n de mesa navide\u00f1a: 3 consejos para sorprender estas fiestas"}]},{"@type":"WebSite","@id":"https:\/\/www.interflora.es\/blog\/#website","url":"https:\/\/www.interflora.es\/blog\/","name":"El blog de Interflora : consejos, ideas e inspiraci\u00f3n para disfrutar de las flores y las plantas","description":"","publisher":{"@id":"https:\/\/www.interflora.es\/blog\/#organization"},"potentialAction":[{"@type":"SearchAction","target":{"@type":"EntryPoint","urlTemplate":"https:\/\/www.interflora.es\/blog\/?s={search_term_string}"},"query-input":{"@type":"PropertyValueSpecification","valueRequired":true,"valueName":"search_term_string"}}],"inLanguage":"es"},{"@type":"Organization","@id":"https:\/\/www.interflora.es\/blog\/#organization","name":"El blog de Interflora : consejos, ideas e inspiraci\u00f3n para disfrutar de las flores y las plantas","url":"https:\/\/www.interflora.es\/blog\/","logo":{"@type":"ImageObject","inLanguage":"es","@id":"https:\/\/www.interflora.es\/blog\/#\/schema\/logo\/image\/","url":"https:\/\/www.interflora.es\/blog\/wp-content\/uploads\/2025\/10\/cropped-220422_INTERFLORA_Logo_rgb_Half_Top_Circle_Main_Color.png","contentUrl":"https:\/\/www.interflora.es\/blog\/wp-content\/uploads\/2025\/10\/cropped-220422_INTERFLORA_Logo_rgb_Half_Top_Circle_Main_Color.png","width":1418,"height":659,"caption":"El blog de Interflora : consejos, ideas e inspiraci\u00f3n para disfrutar de las flores y las plantas"},"image":{"@id":"https:\/\/www.interflora.es\/blog\/#\/schema\/logo\/image\/"}},{"@type":"Person","@id":"https:\/\/www.interflora.es\/blog\/#\/schema\/person\/e3ecff50262948e365b92682cdc2a9d1","name":"Interflora","image":{"@type":"ImageObject","inLanguage":"es","@id":"https:\/\/www.interflora.es\/blog\/wp-content\/litespeed\/avatar\/ef0a9e22ccabc545011ca74a630eaf3e.jpg?ver=1776950439","url":"https:\/\/www.interflora.es\/blog\/wp-content\/litespeed\/avatar\/ef0a9e22ccabc545011ca74a630eaf3e.jpg?ver=1776950439","contentUrl":"https:\/\/www.interflora.es\/blog\/wp-content\/litespeed\/avatar\/ef0a9e22ccabc545011ca74a630eaf3e.jpg?ver=1776950439","caption":"Interflora"}}]}},"uagb_featured_image_src":{"full":["https:\/\/www.interflora.es\/blog\/wp-content\/uploads\/2025\/12\/centro-mesa-navidad.png",1500,1080,false],"thumbnail":["https:\/\/www.interflora.es\/blog\/wp-content\/uploads\/2025\/12\/centro-mesa-navidad-150x150.png",150,150,true],"medium":["https:\/\/www.interflora.es\/blog\/wp-content\/uploads\/2025\/12\/centro-mesa-navidad-300x216.png",300,216,true],"medium_large":["https:\/\/www.interflora.es\/blog\/wp-content\/uploads\/2025\/12\/centro-mesa-navidad-768x553.png",768,553,true],"large":["https:\/\/www.interflora.es\/blog\/wp-content\/uploads\/2025\/12\/centro-mesa-navidad-1024x737.png",1024,737,true],"1536x1536":["https:\/\/www.interflora.es\/blog\/wp-content\/uploads\/2025\/12\/centro-mesa-navidad.png",1500,1080,false],"2048x2048":["https:\/\/www.interflora.es\/blog\/wp-content\/uploads\/2025\/12\/centro-mesa-navidad.png",1500,1080,false]},"uagb_author_info":{"display_name":"Interflora","author_link":"https:\/\/www.interflora.es\/blog\/author\/interflora\/"},"uagb_comment_info":0,"uagb_excerpt":"La decoraci\u00f3n de mesa navide\u00f1a es clave para crear un ambiente c\u00e1lido y memorable durante las fiestas. Con unos pocos [&hellip;]","_links":{"self":[{"href":"https:\/\/www.interflora.es\/blog\/wp-json\/wp\/v2\/posts\/32852","targetHints":{"allow":["GET"]}}],"collection":[{"href":"https:\/\/www.interflora.es\/blog\/wp-json\/wp\/v2\/posts"}],"about":[{"href":"https:\/\/www.interflora.es\/blog\/wp-json\/wp\/v2\/types\/post"}],"author":[{"embeddable":true,"href":"https:\/\/www.interflora.es\/blog\/wp-json\/wp\/v2\/users\/13"}],"replies":[{"embeddable":true,"href":"https:\/\/www.interflora.es\/blog\/wp-json\/wp\/v2\/comments?post=32852"}],"version-history":[{"count":6,"href":"https:\/\/www.interflora.es\/blog\/wp-json\/wp\/v2\/posts\/32852\/revisions"}],"predecessor-version":[{"id":32892,"href":"https:\/\/www.interflora.es\/blog\/wp-json\/wp\/v2\/posts\/32852\/revisions\/32892"}],"wp:featuredmedia":[{"embeddable":true,"href":"https:\/\/www.interflora.es\/blog\/wp-json\/wp\/v2\/media\/32862"}],"wp:attachment":[{"href":"https:\/\/www.interflora.es\/blog\/wp-json\/wp\/v2\/media?parent=32852"}],"wp:term":[{"taxonomy":"category","embeddable":true,"href":"https:\/\/www.interflora.es\/blog\/wp-json\/wp\/v2\/categories?post=32852"},{"taxonomy":"post_tag","embeddable":true,"href":"https:\/\/www.interflora.es\/blog\/wp-json\/wp\/v2\/tags?post=32852"}],"curies":[{"name":"wp","href":"https:\/\/api.w.org\/{rel}","templated":true}]}}