{"id":31835,"date":"2025-11-03T14:19:14","date_gmt":"2025-11-03T13:19:14","guid":{"rendered":"https:\/\/www.interflora.es\/blog\/?p=31835"},"modified":"2025-11-03T14:19:15","modified_gmt":"2025-11-03T13:19:15","slug":"todo-lo-que-necesitas-saber-sobre-la-dalia","status":"publish","type":"post","link":"https:\/\/www.interflora.es\/blog\/todo-lo-que-necesitas-saber-sobre-la-dalia\/","title":{"rendered":"Todo lo que necesitas saber sobre la dalia: significado y cuidados"},"content":{"rendered":"\n<p>La <strong>dalia <\/strong>es una de las flores m\u00e1s llamativas en los meses de verano por su espectacular floraci\u00f3n. En este art\u00edculo te contamos todo lo que necesitas saber sobre su significado, sus caracter\u00edsticas y sus cuidados. An\u00edmate a <strong>cultivar dalias en casa<\/strong> y decora tu jard\u00edn con la belleza natural de estas plantas.<\/p>\n\n\n\n\n\n<div style=\"height:30px\" aria-hidden=\"true\" class=\"wp-block-spacer\"><\/div>\n\n\n\n<h2 class=\"wp-block-heading\">Origen, caracter\u00edsticas y significado de las dalias<\/h2>\n\n\n\n<p>La <strong>dalia <\/strong>es una especie originaria de los bosques templados del sur y centro de <strong>M\u00e9xico<\/strong>. Antes de la llegada de los europeos, los pueblos mexicas (aztecas) ya cultivaban dalias y las utilizaban por sus propiedades ornamentales, terap\u00e9uticas y alimenticias. \u00a1Sus tub\u00e9rculos son comestibles! Esta planta est\u00e1 tan ligada a la cultura, la historia y la tradici\u00f3n de este pa\u00eds, que fue declarada Flor Nacional en 1963.&nbsp;<\/p>\n\n\n\n<p>En el siglo XVIII, las <strong>dalias <\/strong>llegaron a Europa gracias a bot\u00e1nicos espa\u00f1oles y r\u00e1pidamente se popularizaron en jardines de todo el continente. La fascinaci\u00f3n por las dalias lleg\u00f3 a ser tal que, en Gran Breta\u00f1a, hasta se fund\u00f3 la Sociedad Nacional de la Dalia en 1881. No es para menos, la<strong> belleza de las dalias<\/strong> las ha convertido en flores muy apreciadas para la decoraci\u00f3n ornamental y ha suscitado mucho inter\u00e9s a lo largo de la historia.<\/p>\n\n\n\n<figure class=\"wp-block-image aligncenter size-large\"><img loading=\"lazy\" decoding=\"async\" width=\"1024\" height=\"546\" src=\"https:\/\/www.interflora.es\/blog\/wp-content\/uploads\/Ramo-dalias-1024x546.jpg\" alt=\"dalias oto\u00f1o\" class=\"wp-image-14880\" srcset=\"https:\/\/www.interflora.es\/blog\/wp-content\/uploads\/Ramo-dalias-1024x546.jpg 1024w, https:\/\/www.interflora.es\/blog\/wp-content\/uploads\/Ramo-dalias-300x160.jpg 300w, https:\/\/www.interflora.es\/blog\/wp-content\/uploads\/Ramo-dalias-768x410.jpg 768w, https:\/\/www.interflora.es\/blog\/wp-content\/uploads\/Ramo-dalias-1536x820.jpg 1536w, https:\/\/www.interflora.es\/blog\/wp-content\/uploads\/Ramo-dalias-2048x1093.jpg 2048w\" sizes=\"auto, (max-width: 1024px) 100vw, 1024px\" \/><\/figure>\n\n\n\n<div style=\"height:30px\" aria-hidden=\"true\" class=\"wp-block-spacer\"><\/div>\n\n\n\n<h3 class=\"wp-block-heading\">Caracter\u00edsticas de la flor de la dalia<\/h3>\n\n\n\n<p>La <strong>dalia<\/strong>, del g\u00e9nero <em>Dahlia<\/em>, es una planta perteneciente a la familia de las aster\u00e1ceas, lo que explica su parecido con los girasoles y las margaritas. En el mundo existen m\u00e1s de 20.000 variedades de dalias cultivadas, aunque solo alrededor de unas 40 especies silvestres.<\/p>\n\n\n\n<p>La <strong>flor de la dalia <\/strong>puede ser simple o doble, con p\u00e9talos anchos o finos, y presenta una gran diversidad de colores, siendo los m\u00e1s conocidos el naranja, el rojo, el rosa y el p\u00farpura. La floraci\u00f3n se produce en los meses c\u00e1lidos, entre el verano y el <a href=\"https:\/\/www.interflora.es\/c\/flores\/otono\">oto\u00f1o<\/a>, y el di\u00e1metro de las flores var\u00eda de unos pocos cent\u00edmetros hasta m\u00e1s de 30 cm en los ejemplares de mayor tama\u00f1o.<\/p>\n\n\n\n<figure class=\"wp-block-image aligncenter size-large\"><img loading=\"lazy\" decoding=\"async\" width=\"1024\" height=\"683\" src=\"https:\/\/www.interflora.es\/blog\/wp-content\/uploads\/dalia-mexico-2-1024x683.jpg\" alt=\"dalias rosas\" class=\"wp-image-24756\" srcset=\"https:\/\/www.interflora.es\/blog\/wp-content\/uploads\/dalia-mexico-2-1024x683.jpg 1024w, https:\/\/www.interflora.es\/blog\/wp-content\/uploads\/dalia-mexico-2-300x200.jpg 300w, https:\/\/www.interflora.es\/blog\/wp-content\/uploads\/dalia-mexico-2-768x513.jpg 768w, https:\/\/www.interflora.es\/blog\/wp-content\/uploads\/dalia-mexico-2-1536x1025.jpg 1536w, https:\/\/www.interflora.es\/blog\/wp-content\/uploads\/dalia-mexico-2.jpg 1900w\" sizes=\"auto, (max-width: 1024px) 100vw, 1024px\" \/><\/figure>\n\n\n\n<div style=\"height:30px\" aria-hidden=\"true\" class=\"wp-block-spacer\"><\/div>\n\n\n\n<h3 class=\"wp-block-heading\">Significado y simbolismo de las dalias<\/h3>\n\n\n\n<p>Las flores de las <strong>dalias <\/strong>no solo destacan por su belleza y variedad de tonalidades, sino tambi\u00e9n por el profundo <strong>simbolismo <\/strong>que encierran. Aunque la dalia presenta un significado diferente seg\u00fan la cultura y el color, esta flor en general se asocia con la gratitud y la elegancia, la dignidad, la fuerza interior y la perseverancia, el cambio y los nuevos comienzos, as\u00ed como el amor eterno y el compromiso.&nbsp;<\/p>\n\n\n\n<p>Asimismo, cada <strong>color <\/strong>esconde ciertos matices: las <strong>dalias rojas<\/strong> expresan amor y pasi\u00f3n sincera; las <strong>blancas<\/strong>, pureza y honestidad; las <strong>rosas<\/strong>, ternura, dulzura y afecto; las <strong>amarillas<\/strong>, optimismo y energ\u00eda; y las <strong>moradas<\/strong>, nobleza, respeto y sofisticaci\u00f3n.&nbsp;<\/p>\n\n\n\n<figure class=\"wp-block-image aligncenter size-large\"><img loading=\"lazy\" decoding=\"async\" width=\"1024\" height=\"1024\" src=\"https:\/\/www.interflora.es\/blog\/wp-content\/uploads\/2025\/10\/dalias-de-colores-1024x1024.jpg\" alt=\"ramos de dalias de colores\" class=\"wp-image-31841\" srcset=\"https:\/\/www.interflora.es\/blog\/wp-content\/uploads\/2025\/10\/dalias-de-colores-1024x1024.jpg 1024w, https:\/\/www.interflora.es\/blog\/wp-content\/uploads\/2025\/10\/dalias-de-colores-300x300.jpg 300w, https:\/\/www.interflora.es\/blog\/wp-content\/uploads\/2025\/10\/dalias-de-colores-150x150.jpg 150w, https:\/\/www.interflora.es\/blog\/wp-content\/uploads\/2025\/10\/dalias-de-colores-768x768.jpg 768w, https:\/\/www.interflora.es\/blog\/wp-content\/uploads\/2025\/10\/dalias-de-colores-1536x1536.jpg 1536w, https:\/\/www.interflora.es\/blog\/wp-content\/uploads\/2025\/10\/dalias-de-colores-2048x2048.jpg 2048w\" sizes=\"auto, (max-width: 1024px) 100vw, 1024px\" \/><\/figure>\n\n\n\n<p>En conjunto, las <strong>dalias <\/strong>simbolizan la belleza que surge de la diversidad y la resiliencia frente al cambio, son un s\u00edmbolo de vida, amor y renovaci\u00f3n. Por eso, <strong>regalar un ramo de dalias <\/strong>es un gesto cargado de admiraci\u00f3n y buenos deseos.<\/p>\n\n\n\n<h2 class=\"wp-block-heading\">Consejos de cuidado para tus dalias<\/h2>\n\n\n\n<p>Las <strong>dalias <\/strong>son plantas de exterior, pero son aptas tambi\u00e9n para un cultivo en interior. Estas plantas tropicales resultan relativamente f\u00e1ciles de cuidar, pero debemos garantizarles unas condiciones similares a su h\u00e1bitat que propicien su desarrollo. Sigue estos <strong>consejos de cuidado<\/strong> para conseguir unas dalias sanas con una floraci\u00f3n espectacular:<\/p>\n\n\n\n<h3 class=\"wp-block-heading\">Riego<\/h3>\n\n\n\n<p>La dalia necesita un<strong> riego moderado regular<\/strong>, procurando mantener la humedad del sustrato sin encharcar. En verano se recomienda regar de dos a tres veces por semana.<\/p>\n\n\n\n<h3 class=\"wp-block-heading\">Luz&nbsp;<\/h3>\n\n\n\n<p>Las dalias deben recibir mucha<strong> luz solar directa<\/strong> (al menos seis horas diarias) para estimular su floraci\u00f3n. Dentro de casa, coloca tus macetas junto a una ventana.<\/p>\n\n\n\n<h3 class=\"wp-block-heading\">Temperatura y ubicaci\u00f3n&nbsp;<\/h3>\n\n\n\n<p>Estas plantas prefieren <strong>temperaturas templadas<\/strong> de entre 15 \u00b0C y 25 \u00b0C. No toleran las heladas, por lo que en invierno se deben proteger o guardar los tub\u00e9rculos.<\/p>\n\n\n\n<figure class=\"wp-block-image aligncenter size-large\"><img loading=\"lazy\" decoding=\"async\" width=\"983\" height=\"1024\" src=\"https:\/\/www.interflora.es\/blog\/wp-content\/uploads\/dalias-983x1024.jpg\" alt=\"flor de la dalia\" class=\"wp-image-29522\" srcset=\"https:\/\/www.interflora.es\/blog\/wp-content\/uploads\/dalias-983x1024.jpg 983w, https:\/\/www.interflora.es\/blog\/wp-content\/uploads\/dalias-288x300.jpg 288w, https:\/\/www.interflora.es\/blog\/wp-content\/uploads\/dalias-768x800.jpg 768w, https:\/\/www.interflora.es\/blog\/wp-content\/uploads\/dalias-1475x1536.jpg 1475w, https:\/\/www.interflora.es\/blog\/wp-content\/uploads\/dalias.jpg 1867w\" sizes=\"auto, (max-width: 983px) 100vw, 983px\" \/><\/figure>\n\n\n\n<h3 class=\"wp-block-heading\">Fertilizante y sustrato<\/h3>\n\n\n\n<p>Utiliza un <strong>sustrato rico en materia org\u00e1nica, suelto y con un buen drenaje<\/strong>. El abonado de las dalias es muy importante, aplica <strong>fertilizante <\/strong>cada 15 d\u00edas durante la floraci\u00f3n.<\/p>\n\n\n\n<h3 class=\"wp-block-heading\">Poda y propagaci\u00f3n<\/h3>\n\n\n\n<p>Retira las <strong>flores marchitas<\/strong> y las <strong>hojas secas<\/strong> para estimular la floraci\u00f3n. La dalia se propaga por divisi\u00f3n de tub\u00e9rculos o esquejes, el uso de semillas es menos com\u00fan.<\/p>\n\n\n\n<h3 class=\"wp-block-heading\">\u00bfQu\u00e9 enfermedades afectan a las dalias?<\/h3>\n\n\n\n<p>Las dalias son plantas <strong>muy resistentes <\/strong>a las plagas, pero s\u00ed que pueden verse afectadas por diversas enfermedades f\u00fangicas, bacterianas y virales, sobre todo cuando se produce un exceso de humedad o una mala ventilaci\u00f3n.<\/p>\n\n\n\n\n\n<p><\/p>\n","protected":false},"excerpt":{"rendered":"<p>La dalia es una de las flores m\u00e1s llamativas en los meses de verano por su espectacular floraci\u00f3n. En este [&hellip;]<\/p>\n","protected":false},"author":13,"featured_media":31839,"comment_status":"open","ping_status":"open","sticky":false,"template":"","format":"standard","meta":{"_acf_changed":false,"_uag_custom_page_level_css":"","site-sidebar-layout":"default","site-content-layout":"","ast-site-content-layout":"default","site-content-style":"default","site-sidebar-style":"default","ast-global-header-display":"","ast-banner-title-visibility":"","ast-main-header-display":"","ast-hfb-above-header-display":"","ast-hfb-below-header-display":"","ast-hfb-mobile-header-display":"","site-post-title":"","ast-breadcrumbs-content":"","ast-featured-img":"","footer-sml-layout":"","theme-transparent-header-meta":"","adv-header-id-meta":"","stick-header-meta":"","header-above-stick-meta":"","header-main-stick-meta":"","header-below-stick-meta":"","astra-migrate-meta-layouts":"default","ast-page-background-enabled":"default","ast-page-background-meta":{"desktop":{"background-color":"var(--ast-global-color-5)","background-image":"","background-repeat":"repeat","background-position":"center center","background-size":"auto","background-attachment":"scroll","background-type":"","background-media":"","overlay-type":"","overlay-color":"","overlay-opacity":"","overlay-gradient":""},"tablet":{"background-color":"","background-image":"","background-repeat":"repeat","background-position":"center center","background-size":"auto","background-attachment":"scroll","background-type":"","background-media":"","overlay-type":"","overlay-color":"","overlay-opacity":"","overlay-gradient":""},"mobile":{"background-color":"","background-image":"","background-repeat":"repeat","background-position":"center center","background-size":"auto","background-attachment":"scroll","background-type":"","background-media":"","overlay-type":"","overlay-color":"","overlay-opacity":"","overlay-gradient":""}},"ast-content-background-meta":{"desktop":{"background-color":"var(--ast-global-color-4)","background-image":"","background-repeat":"repeat","background-position":"center center","background-size":"auto","background-attachment":"scroll","background-type":"","background-media":"","overlay-type":"","overlay-color":"","overlay-opacity":"","overlay-gradient":""},"tablet":{"background-color":"var(--ast-global-color-4)","background-image":"","background-repeat":"repeat","background-position":"center center","background-size":"auto","background-attachment":"scroll","background-type":"","background-media":"","overlay-type":"","overlay-color":"","overlay-opacity":"","overlay-gradient":""},"mobile":{"background-color":"var(--ast-global-color-4)","background-image":"","background-repeat":"repeat","background-position":"center center","background-size":"auto","background-attachment":"scroll","background-type":"","background-media":"","overlay-type":"","overlay-color":"","overlay-opacity":"","overlay-gradient":""}},"footnotes":""},"categories":[28,29],"tags":[185],"class_list":["post-31835","post","type-post","status-publish","format-standard","has-post-thumbnail","hentry","category-flores-y-plantas","category-interflora-academy","tag-dalia"],"acf":[],"yoast_head":"<!-- This site is optimized with the Yoast SEO plugin v27.5 - https:\/\/yoast.com\/product\/yoast-seo-wordpress\/ -->\n<title>Todo sobre las dalias: las plantas de mil colores | Interflora<\/title>\n<meta name=\"description\" content=\"Secretos y consejos de cuidado de la dalia, una planta con flor espectacular. Aprende a cultivar dalias y llena tu jard\u00edn de color.\" \/>\n<meta name=\"robots\" content=\"index, follow, max-snippet:-1, max-image-preview:large, max-video-preview:-1\" \/>\n<link rel=\"canonical\" href=\"https:\/\/www.interflora.es\/blog\/todo-lo-que-necesitas-saber-sobre-la-dalia\/\" \/>\n<script type=\"application\/ld+json\" class=\"yoast-schema-graph\">{\"@context\":\"https:\\\/\\\/schema.org\",\"@graph\":[{\"@type\":\"Article\",\"@id\":\"https:\\\/\\\/www.interflora.es\\\/blog\\\/todo-lo-que-necesitas-saber-sobre-la-dalia\\\/#article\",\"isPartOf\":{\"@id\":\"https:\\\/\\\/www.interflora.es\\\/blog\\\/todo-lo-que-necesitas-saber-sobre-la-dalia\\\/\"},\"author\":{\"name\":\"Interflora\",\"@id\":\"https:\\\/\\\/www.interflora.es\\\/blog\\\/#\\\/schema\\\/person\\\/e3ecff50262948e365b92682cdc2a9d1\"},\"headline\":\"Todo lo que necesitas saber sobre la dalia: significado y cuidados\",\"datePublished\":\"2025-11-03T13:19:14+00:00\",\"dateModified\":\"2025-11-03T13:19:15+00:00\",\"mainEntityOfPage\":{\"@id\":\"https:\\\/\\\/www.interflora.es\\\/blog\\\/todo-lo-que-necesitas-saber-sobre-la-dalia\\\/\"},\"wordCount\":798,\"commentCount\":0,\"publisher\":{\"@id\":\"https:\\\/\\\/www.interflora.es\\\/blog\\\/#organization\"},\"image\":{\"@id\":\"https:\\\/\\\/www.interflora.es\\\/blog\\\/todo-lo-que-necesitas-saber-sobre-la-dalia\\\/#primaryimage\"},\"thumbnailUrl\":\"https:\\\/\\\/www.interflora.es\\\/blog\\\/wp-content\\\/uploads\\\/2025\\\/10\\\/dalias-scaled.jpg\",\"keywords\":[\"DALIA\"],\"articleSection\":[\"Flores y plantas\",\"Interflora Academy\"],\"inLanguage\":\"es\",\"potentialAction\":[{\"@type\":\"CommentAction\",\"name\":\"Comment\",\"target\":[\"https:\\\/\\\/www.interflora.es\\\/blog\\\/todo-lo-que-necesitas-saber-sobre-la-dalia\\\/#respond\"]}]},{\"@type\":\"WebPage\",\"@id\":\"https:\\\/\\\/www.interflora.es\\\/blog\\\/todo-lo-que-necesitas-saber-sobre-la-dalia\\\/\",\"url\":\"https:\\\/\\\/www.interflora.es\\\/blog\\\/todo-lo-que-necesitas-saber-sobre-la-dalia\\\/\",\"name\":\"Todo sobre las dalias: las plantas de mil colores | Interflora\",\"isPartOf\":{\"@id\":\"https:\\\/\\\/www.interflora.es\\\/blog\\\/#website\"},\"primaryImageOfPage\":{\"@id\":\"https:\\\/\\\/www.interflora.es\\\/blog\\\/todo-lo-que-necesitas-saber-sobre-la-dalia\\\/#primaryimage\"},\"image\":{\"@id\":\"https:\\\/\\\/www.interflora.es\\\/blog\\\/todo-lo-que-necesitas-saber-sobre-la-dalia\\\/#primaryimage\"},\"thumbnailUrl\":\"https:\\\/\\\/www.interflora.es\\\/blog\\\/wp-content\\\/uploads\\\/2025\\\/10\\\/dalias-scaled.jpg\",\"datePublished\":\"2025-11-03T13:19:14+00:00\",\"dateModified\":\"2025-11-03T13:19:15+00:00\",\"description\":\"Secretos y consejos de cuidado de la dalia, una planta con flor espectacular. Aprende a cultivar dalias y llena tu jard\u00edn de color.\",\"breadcrumb\":{\"@id\":\"https:\\\/\\\/www.interflora.es\\\/blog\\\/todo-lo-que-necesitas-saber-sobre-la-dalia\\\/#breadcrumb\"},\"inLanguage\":\"es\",\"potentialAction\":[{\"@type\":\"ReadAction\",\"target\":[\"https:\\\/\\\/www.interflora.es\\\/blog\\\/todo-lo-que-necesitas-saber-sobre-la-dalia\\\/\"]}]},{\"@type\":\"ImageObject\",\"inLanguage\":\"es\",\"@id\":\"https:\\\/\\\/www.interflora.es\\\/blog\\\/todo-lo-que-necesitas-saber-sobre-la-dalia\\\/#primaryimage\",\"url\":\"https:\\\/\\\/www.interflora.es\\\/blog\\\/wp-content\\\/uploads\\\/2025\\\/10\\\/dalias-scaled.jpg\",\"contentUrl\":\"https:\\\/\\\/www.interflora.es\\\/blog\\\/wp-content\\\/uploads\\\/2025\\\/10\\\/dalias-scaled.jpg\",\"width\":2560,\"height\":2560},{\"@type\":\"BreadcrumbList\",\"@id\":\"https:\\\/\\\/www.interflora.es\\\/blog\\\/todo-lo-que-necesitas-saber-sobre-la-dalia\\\/#breadcrumb\",\"itemListElement\":[{\"@type\":\"ListItem\",\"position\":1,\"name\":\"Home\",\"item\":\"https:\\\/\\\/www.interflora.es\\\/blog\\\/\"},{\"@type\":\"ListItem\",\"position\":2,\"name\":\"Todo lo que necesitas saber sobre la dalia: significado y cuidados\"}]},{\"@type\":\"WebSite\",\"@id\":\"https:\\\/\\\/www.interflora.es\\\/blog\\\/#website\",\"url\":\"https:\\\/\\\/www.interflora.es\\\/blog\\\/\",\"name\":\"El blog de Interflora : consejos, ideas e inspiraci\u00f3n para disfrutar de las flores y las plantas\",\"description\":\"\",\"publisher\":{\"@id\":\"https:\\\/\\\/www.interflora.es\\\/blog\\\/#organization\"},\"potentialAction\":[{\"@type\":\"SearchAction\",\"target\":{\"@type\":\"EntryPoint\",\"urlTemplate\":\"https:\\\/\\\/www.interflora.es\\\/blog\\\/?s={search_term_string}\"},\"query-input\":{\"@type\":\"PropertyValueSpecification\",\"valueRequired\":true,\"valueName\":\"search_term_string\"}}],\"inLanguage\":\"es\"},{\"@type\":\"Organization\",\"@id\":\"https:\\\/\\\/www.interflora.es\\\/blog\\\/#organization\",\"name\":\"El blog de Interflora : consejos, ideas e inspiraci\u00f3n para disfrutar de las flores y las plantas\",\"url\":\"https:\\\/\\\/www.interflora.es\\\/blog\\\/\",\"logo\":{\"@type\":\"ImageObject\",\"inLanguage\":\"es\",\"@id\":\"https:\\\/\\\/www.interflora.es\\\/blog\\\/#\\\/schema\\\/logo\\\/image\\\/\",\"url\":\"https:\\\/\\\/www.interflora.es\\\/blog\\\/wp-content\\\/uploads\\\/2025\\\/10\\\/cropped-220422_INTERFLORA_Logo_rgb_Half_Top_Circle_Main_Color.png\",\"contentUrl\":\"https:\\\/\\\/www.interflora.es\\\/blog\\\/wp-content\\\/uploads\\\/2025\\\/10\\\/cropped-220422_INTERFLORA_Logo_rgb_Half_Top_Circle_Main_Color.png\",\"width\":1418,\"height\":659,\"caption\":\"El blog de Interflora : consejos, ideas e inspiraci\u00f3n para disfrutar de las flores y las plantas\"},\"image\":{\"@id\":\"https:\\\/\\\/www.interflora.es\\\/blog\\\/#\\\/schema\\\/logo\\\/image\\\/\"}},{\"@type\":\"Person\",\"@id\":\"https:\\\/\\\/www.interflora.es\\\/blog\\\/#\\\/schema\\\/person\\\/e3ecff50262948e365b92682cdc2a9d1\",\"name\":\"Interflora\",\"image\":{\"@type\":\"ImageObject\",\"inLanguage\":\"es\",\"@id\":\"https:\\\/\\\/www.interflora.es\\\/blog\\\/wp-content\\\/litespeed\\\/avatar\\\/ef0a9e22ccabc545011ca74a630eaf3e.jpg?ver=1777555250\",\"url\":\"https:\\\/\\\/www.interflora.es\\\/blog\\\/wp-content\\\/litespeed\\\/avatar\\\/ef0a9e22ccabc545011ca74a630eaf3e.jpg?ver=1777555250\",\"contentUrl\":\"https:\\\/\\\/www.interflora.es\\\/blog\\\/wp-content\\\/litespeed\\\/avatar\\\/ef0a9e22ccabc545011ca74a630eaf3e.jpg?ver=1777555250\",\"caption\":\"Interflora\"}}]}<\/script>\n<!-- \/ Yoast SEO plugin. -->","yoast_head_json":{"title":"Todo sobre las dalias: las plantas de mil colores | Interflora","description":"Secretos y consejos de cuidado de la dalia, una planta con flor espectacular. Aprende a cultivar dalias y llena tu jard\u00edn de color.","robots":{"index":"index","follow":"follow","max-snippet":"max-snippet:-1","max-image-preview":"max-image-preview:large","max-video-preview":"max-video-preview:-1"},"canonical":"https:\/\/www.interflora.es\/blog\/todo-lo-que-necesitas-saber-sobre-la-dalia\/","schema":{"@context":"https:\/\/schema.org","@graph":[{"@type":"Article","@id":"https:\/\/www.interflora.es\/blog\/todo-lo-que-necesitas-saber-sobre-la-dalia\/#article","isPartOf":{"@id":"https:\/\/www.interflora.es\/blog\/todo-lo-que-necesitas-saber-sobre-la-dalia\/"},"author":{"name":"Interflora","@id":"https:\/\/www.interflora.es\/blog\/#\/schema\/person\/e3ecff50262948e365b92682cdc2a9d1"},"headline":"Todo lo que necesitas saber sobre la dalia: significado y cuidados","datePublished":"2025-11-03T13:19:14+00:00","dateModified":"2025-11-03T13:19:15+00:00","mainEntityOfPage":{"@id":"https:\/\/www.interflora.es\/blog\/todo-lo-que-necesitas-saber-sobre-la-dalia\/"},"wordCount":798,"commentCount":0,"publisher":{"@id":"https:\/\/www.interflora.es\/blog\/#organization"},"image":{"@id":"https:\/\/www.interflora.es\/blog\/todo-lo-que-necesitas-saber-sobre-la-dalia\/#primaryimage"},"thumbnailUrl":"https:\/\/www.interflora.es\/blog\/wp-content\/uploads\/2025\/10\/dalias-scaled.jpg","keywords":["DALIA"],"articleSection":["Flores y plantas","Interflora Academy"],"inLanguage":"es","potentialAction":[{"@type":"CommentAction","name":"Comment","target":["https:\/\/www.interflora.es\/blog\/todo-lo-que-necesitas-saber-sobre-la-dalia\/#respond"]}]},{"@type":"WebPage","@id":"https:\/\/www.interflora.es\/blog\/todo-lo-que-necesitas-saber-sobre-la-dalia\/","url":"https:\/\/www.interflora.es\/blog\/todo-lo-que-necesitas-saber-sobre-la-dalia\/","name":"Todo sobre las dalias: las plantas de mil colores | Interflora","isPartOf":{"@id":"https:\/\/www.interflora.es\/blog\/#website"},"primaryImageOfPage":{"@id":"https:\/\/www.interflora.es\/blog\/todo-lo-que-necesitas-saber-sobre-la-dalia\/#primaryimage"},"image":{"@id":"https:\/\/www.interflora.es\/blog\/todo-lo-que-necesitas-saber-sobre-la-dalia\/#primaryimage"},"thumbnailUrl":"https:\/\/www.interflora.es\/blog\/wp-content\/uploads\/2025\/10\/dalias-scaled.jpg","datePublished":"2025-11-03T13:19:14+00:00","dateModified":"2025-11-03T13:19:15+00:00","description":"Secretos y consejos de cuidado de la dalia, una planta con flor espectacular. Aprende a cultivar dalias y llena tu jard\u00edn de color.","breadcrumb":{"@id":"https:\/\/www.interflora.es\/blog\/todo-lo-que-necesitas-saber-sobre-la-dalia\/#breadcrumb"},"inLanguage":"es","potentialAction":[{"@type":"ReadAction","target":["https:\/\/www.interflora.es\/blog\/todo-lo-que-necesitas-saber-sobre-la-dalia\/"]}]},{"@type":"ImageObject","inLanguage":"es","@id":"https:\/\/www.interflora.es\/blog\/todo-lo-que-necesitas-saber-sobre-la-dalia\/#primaryimage","url":"https:\/\/www.interflora.es\/blog\/wp-content\/uploads\/2025\/10\/dalias-scaled.jpg","contentUrl":"https:\/\/www.interflora.es\/blog\/wp-content\/uploads\/2025\/10\/dalias-scaled.jpg","width":2560,"height":2560},{"@type":"BreadcrumbList","@id":"https:\/\/www.interflora.es\/blog\/todo-lo-que-necesitas-saber-sobre-la-dalia\/#breadcrumb","itemListElement":[{"@type":"ListItem","position":1,"name":"Home","item":"https:\/\/www.interflora.es\/blog\/"},{"@type":"ListItem","position":2,"name":"Todo lo que necesitas saber sobre la dalia: significado y cuidados"}]},{"@type":"WebSite","@id":"https:\/\/www.interflora.es\/blog\/#website","url":"https:\/\/www.interflora.es\/blog\/","name":"El blog de Interflora : consejos, ideas e inspiraci\u00f3n para disfrutar de las flores y las plantas","description":"","publisher":{"@id":"https:\/\/www.interflora.es\/blog\/#organization"},"potentialAction":[{"@type":"SearchAction","target":{"@type":"EntryPoint","urlTemplate":"https:\/\/www.interflora.es\/blog\/?s={search_term_string}"},"query-input":{"@type":"PropertyValueSpecification","valueRequired":true,"valueName":"search_term_string"}}],"inLanguage":"es"},{"@type":"Organization","@id":"https:\/\/www.interflora.es\/blog\/#organization","name":"El blog de Interflora : consejos, ideas e inspiraci\u00f3n para disfrutar de las flores y las plantas","url":"https:\/\/www.interflora.es\/blog\/","logo":{"@type":"ImageObject","inLanguage":"es","@id":"https:\/\/www.interflora.es\/blog\/#\/schema\/logo\/image\/","url":"https:\/\/www.interflora.es\/blog\/wp-content\/uploads\/2025\/10\/cropped-220422_INTERFLORA_Logo_rgb_Half_Top_Circle_Main_Color.png","contentUrl":"https:\/\/www.interflora.es\/blog\/wp-content\/uploads\/2025\/10\/cropped-220422_INTERFLORA_Logo_rgb_Half_Top_Circle_Main_Color.png","width":1418,"height":659,"caption":"El blog de Interflora : consejos, ideas e inspiraci\u00f3n para disfrutar de las flores y las plantas"},"image":{"@id":"https:\/\/www.interflora.es\/blog\/#\/schema\/logo\/image\/"}},{"@type":"Person","@id":"https:\/\/www.interflora.es\/blog\/#\/schema\/person\/e3ecff50262948e365b92682cdc2a9d1","name":"Interflora","image":{"@type":"ImageObject","inLanguage":"es","@id":"https:\/\/www.interflora.es\/blog\/wp-content\/litespeed\/avatar\/ef0a9e22ccabc545011ca74a630eaf3e.jpg?ver=1777555250","url":"https:\/\/www.interflora.es\/blog\/wp-content\/litespeed\/avatar\/ef0a9e22ccabc545011ca74a630eaf3e.jpg?ver=1777555250","contentUrl":"https:\/\/www.interflora.es\/blog\/wp-content\/litespeed\/avatar\/ef0a9e22ccabc545011ca74a630eaf3e.jpg?ver=1777555250","caption":"Interflora"}}]}},"uagb_featured_image_src":{"full":["https:\/\/www.interflora.es\/blog\/wp-content\/uploads\/2025\/10\/dalias-scaled.jpg",2560,2560,false],"thumbnail":["https:\/\/www.interflora.es\/blog\/wp-content\/uploads\/2025\/10\/dalias-150x150.jpg",150,150,true],"medium":["https:\/\/www.interflora.es\/blog\/wp-content\/uploads\/2025\/10\/dalias-300x300.jpg",300,300,true],"medium_large":["https:\/\/www.interflora.es\/blog\/wp-content\/uploads\/2025\/10\/dalias-768x768.jpg",768,768,true],"large":["https:\/\/www.interflora.es\/blog\/wp-content\/uploads\/2025\/10\/dalias-1024x1024.jpg",1024,1024,true],"1536x1536":["https:\/\/www.interflora.es\/blog\/wp-content\/uploads\/2025\/10\/dalias-1536x1536.jpg",1536,1536,true],"2048x2048":["https:\/\/www.interflora.es\/blog\/wp-content\/uploads\/2025\/10\/dalias-2048x2048.jpg",2048,2048,true]},"uagb_author_info":{"display_name":"Interflora","author_link":"https:\/\/www.interflora.es\/blog\/author\/interflora\/"},"uagb_comment_info":32,"uagb_excerpt":"La dalia es una de las flores m\u00e1s llamativas en los meses de verano por su espectacular floraci\u00f3n. En este [&hellip;]","_links":{"self":[{"href":"https:\/\/www.interflora.es\/blog\/wp-json\/wp\/v2\/posts\/31835","targetHints":{"allow":["GET"]}}],"collection":[{"href":"https:\/\/www.interflora.es\/blog\/wp-json\/wp\/v2\/posts"}],"about":[{"href":"https:\/\/www.interflora.es\/blog\/wp-json\/wp\/v2\/types\/post"}],"author":[{"embeddable":true,"href":"https:\/\/www.interflora.es\/blog\/wp-json\/wp\/v2\/users\/13"}],"replies":[{"embeddable":true,"href":"https:\/\/www.interflora.es\/blog\/wp-json\/wp\/v2\/comments?post=31835"}],"version-history":[{"count":7,"href":"https:\/\/www.interflora.es\/blog\/wp-json\/wp\/v2\/posts\/31835\/revisions"}],"predecessor-version":[{"id":31852,"href":"https:\/\/www.interflora.es\/blog\/wp-json\/wp\/v2\/posts\/31835\/revisions\/31852"}],"wp:featuredmedia":[{"embeddable":true,"href":"https:\/\/www.interflora.es\/blog\/wp-json\/wp\/v2\/media\/31839"}],"wp:attachment":[{"href":"https:\/\/www.interflora.es\/blog\/wp-json\/wp\/v2\/media?parent=31835"}],"wp:term":[{"taxonomy":"category","embeddable":true,"href":"https:\/\/www.interflora.es\/blog\/wp-json\/wp\/v2\/categories?post=31835"},{"taxonomy":"post_tag","embeddable":true,"href":"https:\/\/www.interflora.es\/blog\/wp-json\/wp\/v2\/tags?post=31835"}],"curies":[{"name":"wp","href":"https:\/\/api.w.org\/{rel}","templated":true}]}}