{"id":31636,"date":"2025-10-06T11:21:30","date_gmt":"2025-10-06T09:21:30","guid":{"rendered":"https:\/\/www.interflora.es\/blog\/?p=31636"},"modified":"2025-10-06T11:21:31","modified_gmt":"2025-10-06T09:21:31","slug":"regalar-flores-moradas-el-9-de-noviembre","status":"publish","type":"post","link":"https:\/\/www.interflora.es\/blog\/regalar-flores-moradas-el-9-de-noviembre\/","title":{"rendered":"Regalar flores moradas el 9 de noviembre: \u00bfpor qu\u00e9 este detalle es tan especial?"},"content":{"rendered":"\n<p>Como ya sabr\u00e1s sin duda, las redes sociales crean tendencias que se hacen virales en muy poco tiempo, dando lugar a verdaderos fen\u00f3menos de masas m\u00e1s o menos positivos. Sin embargo, <strong>esta viralidad no siempre impone pr\u00e1cticas dudosas.<\/strong> Tambi\u00e9n crea rituales que no sabemos si se convertir\u00e1n en tradiciones, pero que, para aquellos que los siguen, son una manera de expresar un sentimiento de manera elegante y delicada. Este es el caso de la costumbre de <strong>regalar un ramo de flores moradas el 9 de noviembre,<\/strong> que se ha hecho muy popular en las redes desde hace alg\u00fan tiempo. Si quieres saber de d\u00f3nde viene este ritual <strong>y por qu\u00e9 se regalan flores moradas el 9 de noviembre<\/strong>, en Interflora te lo contamos todo.<\/p>\n\n\n\t\t\t\t<div class=\"wp-block-uagb-table-of-contents uagb-toc__align-left uagb-toc__columns-1  uagb-block-be804e69      \"\n\t\t\t\t\tdata-scroll= \"1\"\n\t\t\t\t\tdata-offset= \"30\"\n\t\t\t\t\tstyle=\"\"\n\t\t\t\t>\n\t\t\t\t<div class=\"uagb-toc__wrap\">\n\t\t\t\t\t\t<div class=\"uagb-toc__title\">\n\t\t\t\t\t\t\tTabla de contenidos\t\t\t\t\t\t<\/div>\n\t\t\t\t\t\t\t\t\t\t\t\t\t\t\t\t\t\t\t\t\t\t<div class=\"uagb-toc__list-wrap \">\n\t\t\t\t\t\t<ol class=\"uagb-toc__list\"><li class=\"uagb-toc__list\"><a href=\"#regalar-flores-moradas-el-9-de-noviembre-tradici\u00f3n-o-moda\" class=\"uagb-toc-link__trigger\">Regalar flores moradas el 9 de noviembre, \u00bftradici\u00f3n o moda?<\/a><ul class=\"uagb-toc__list\"><li class=\"uagb-toc__list\"><a href=\"#por-qu\u00e9-regalar-flores-moradas-el-9-de-noviembre-est\u00e1-de-moda-ahora\" class=\"uagb-toc-link__trigger\">\u00bfPor qu\u00e9 regalar flores moradas el 9 de noviembre est\u00e1 de moda ahora?<\/a><\/li><\/ul><\/li><li class=\"uagb-toc__list\"><a href=\"#qu\u00e9-significa-regalar-flores-moradas\" class=\"uagb-toc-link__trigger\">\u00bfQu\u00e9 significa regalar flores moradas?<\/a><li class=\"uagb-toc__list\"><a href=\"#flores-moradas-para-el-9-de-noviembre-elige-las-que-m\u00e1s-te-gusten\" class=\"uagb-toc-link__trigger\">Flores moradas para el 9 de noviembre: elige las que m\u00e1s te gusten<\/a><ul class=\"uagb-toc__list\"><li class=\"uagb-toc__list\"><a href=\"#los-lirios-morados\" class=\"uagb-toc-link__trigger\">Los lirios morados<\/a><li class=\"uagb-toc__list\"><li class=\"uagb-toc__list\"><a href=\"#las-violetas\" class=\"uagb-toc-link__trigger\">Las violetas<\/a><li class=\"uagb-toc__list\"><li class=\"uagb-toc__list\"><a href=\"#la-lavanda\" class=\"uagb-toc-link__trigger\">La lavanda<\/a><li class=\"uagb-toc__list\"><li class=\"uagb-toc__list\"><a href=\"#las-lilas\" class=\"uagb-toc-link__trigger\">Las lilas<\/a><li class=\"uagb-toc__list\"><li class=\"uagb-toc__list\"><a href=\"#las-orqu\u00eddeas-moradas\" class=\"uagb-toc-link__trigger\">Las orqu\u00eddeas moradas<\/a><\/ul><\/ul><\/ol>\t\t\t\t\t<\/div>\n\t\t\t\t\t\t\t\t\t<\/div>\n\t\t\t\t<\/div>\n\t\t\t\n\n\n<figure class=\"wp-block-image alignwide size-large\" style=\"margin-top:var(--wp--preset--spacing--30);margin-bottom:var(--wp--preset--spacing--30)\"><img loading=\"lazy\" decoding=\"async\" width=\"1024\" height=\"683\" src=\"https:\/\/www.interflora.es\/blog\/wp-content\/uploads\/2025\/10\/regalar-flores-moradas-1024x683.jpg\" alt=\"Regalar flores moradas el 9 de noviembre\" class=\"wp-image-31640\" srcset=\"https:\/\/www.interflora.es\/blog\/wp-content\/uploads\/2025\/10\/regalar-flores-moradas-1024x683.jpg 1024w, https:\/\/www.interflora.es\/blog\/wp-content\/uploads\/2025\/10\/regalar-flores-moradas-300x200.jpg 300w, https:\/\/www.interflora.es\/blog\/wp-content\/uploads\/2025\/10\/regalar-flores-moradas-768x512.jpg 768w, https:\/\/www.interflora.es\/blog\/wp-content\/uploads\/2025\/10\/regalar-flores-moradas-1536x1024.jpg 1536w, https:\/\/www.interflora.es\/blog\/wp-content\/uploads\/2025\/10\/regalar-flores-moradas.jpg 1900w\" sizes=\"auto, (max-width: 1024px) 100vw, 1024px\" \/><\/figure>\n\n\n\n<h2 class=\"wp-block-heading\" style=\"margin-top:var(--wp--preset--spacing--20);margin-bottom:var(--wp--preset--spacing--20)\">Regalar flores moradas el 9 de noviembre, \u00bftradici\u00f3n o moda?<\/h2>\n\n\n\n<p>Todo empez\u00f3 en 1974. Si, ya sabemos que en aquella \u00e9poca las redes sociales eran pura ciencia ficci\u00f3n, pero <strong>la costumbre de <\/strong><a href=\"https:\/\/www.interflora.es\/c\/flores\/color-violetas\"><strong>regalar flores moradas<\/strong><\/a><strong> el 9 de noviembre<\/strong>, aunque <strong>no es una tradici\u00f3n<\/strong> ancestral, tiene sus ra\u00edces en una preciosa canci\u00f3n de la cantante espa\u00f1ola Cecilia llamada el <em>Ramito de violetas<\/em>, escrita y popularizada justamente en los a\u00f1os 70.&nbsp;<br>Esta canci\u00f3n, llena de poes\u00eda, narra con delicadeza la historia de una mujer melanc\u00f3lica y sensible que recibe un ramito de violetas cada 9 de noviembre. Un detalle elegante y misterioso que le ha devuelto la alegr\u00eda, pero que no sabe de qui\u00e9n proviene. Pero la belleza de la canci\u00f3n no solo est\u00e1 en el detalle de regalar flores moradas, sino en que el misterioso enamorado no es otro que\u2026 \u00a1no te lo vamos a desvelar! Escucha la canci\u00f3n y ver\u00e1s. Si ya la conoces, seguro que ser\u00e1 un gran placer volver a disfrutarla. \ud83d\udc90\u200b\ud83d\udc9c\u200b<\/p>\n\n\n\n<div class=\"wp-block-columns is-layout-flex wp-container-core-columns-is-layout-28f84493 wp-block-columns-is-layout-flex\">\n<div class=\"wp-block-column is-layout-flow wp-block-column-is-layout-flow\">\n<h3 class=\"wp-block-heading has-text-align-left\">\u00bfPor qu\u00e9 regalar flores moradas el 9 de noviembre est\u00e1 de moda ahora?<\/h3>\n\n\n\n<p>Aunque no te hayamos dicho qui\u00e9n enviaba el ramo de violetas, lo cierto es que esta canci\u00f3n ya incitaba a tener <strong>un bonito gesto de cari\u00f1o y amor el 9 de noviembre<\/strong>. <\/p>\n\n\n\n<p>Pero, \u00bfpor qu\u00e9 se ha puesto de moda este detalle ahora? Pues el caso es que esta canci\u00f3n se ha vuelto a popularizar, sobre todo en M\u00e9xico, gracias al cantante Zalo Reyes y a su versi\u00f3n del <em>Ramito de Violetas<\/em>. Una nueva versi\u00f3n que ha inspirado una tendencia viral en redes sociales como TikTok o Instagram, donde se han multiplicado los v\u00eddeos con la etiqueta <em>#9denoviembre<\/em>, que ponen de actualidad un detalle lleno de simbolog\u00eda que poco a poco se est\u00e1 convirtiendo en una bella costumbre, \u00a1dec\u00edrselo con flores siempre es una buena idea!<br><\/p>\n<\/div>\n\n\n\n<div class=\"wp-block-column is-layout-flow wp-block-column-is-layout-flow\">\n<figure class=\"wp-block-image size-large\" style=\"margin-top:var(--wp--preset--spacing--20);margin-bottom:var(--wp--preset--spacing--20)\"><img loading=\"lazy\" decoding=\"async\" width=\"1024\" height=\"1024\" src=\"https:\/\/www.interflora.es\/blog\/wp-content\/uploads\/2025\/10\/ramo-flores-moradas-1024x1024.jpg\" alt=\"Ramo de flores moradas\" class=\"wp-image-31649\" srcset=\"https:\/\/www.interflora.es\/blog\/wp-content\/uploads\/2025\/10\/ramo-flores-moradas-1024x1024.jpg 1024w, https:\/\/www.interflora.es\/blog\/wp-content\/uploads\/2025\/10\/ramo-flores-moradas-300x300.jpg 300w, https:\/\/www.interflora.es\/blog\/wp-content\/uploads\/2025\/10\/ramo-flores-moradas-150x150.jpg 150w, https:\/\/www.interflora.es\/blog\/wp-content\/uploads\/2025\/10\/ramo-flores-moradas-768x768.jpg 768w, https:\/\/www.interflora.es\/blog\/wp-content\/uploads\/2025\/10\/ramo-flores-moradas-1536x1536.jpg 1536w, https:\/\/www.interflora.es\/blog\/wp-content\/uploads\/2025\/10\/ramo-flores-moradas.jpg 1900w\" sizes=\"auto, (max-width: 1024px) 100vw, 1024px\" \/><\/figure>\n<\/div>\n<\/div>\n\n\n\n<p>As\u00ed, en muchos pa\u00edses de habla hispana, <strong>regalar un ramo de flores moradas el 9 de noviembre es ahora una forma de expresar amor, cari\u00f1o y consideraci\u00f3n<\/strong> por alguien muy especial, que puede ser un amigo\/a, un familiar\u2026o incluso tu pareja.<br>Una ocasi\u00f3n especial al estilo de San Valent\u00edn, pero con un aire m\u00e1s alternativo y po\u00e9tico. Una buena excusa para expresar lo que sentimos, para tomarnos el tiempo de cuidar a los que queremos y de decirles lo importantes que son para nosotros, aunque no se lo digamos cada d\u00eda. Un poco como el amante secreto de la canci\u00f3n. \ud83d\ude09<\/p>\n\n\n\n<div style=\"height:5px\" aria-hidden=\"true\" class=\"wp-block-spacer\"><\/div>\n\n\n\n\n\n<div style=\"height:5px\" aria-hidden=\"true\" class=\"wp-block-spacer\"><\/div>\n\n\n\n<h2 class=\"wp-block-heading\">\u00bfQu\u00e9 significa regalar flores moradas?<\/h2>\n\n\n\n<p>Las flores moradas se han asociado durante mucho tiempo con la <strong>nobleza y la elegancia<\/strong>, aunque tambi\u00e9n son el regalo perfecto para ocasiones tan se\u00f1aladas como el D\u00eda Internacional de los derechos de la Mujer. En la psicolog\u00eda del color, el morado se vincula con la <strong>creatividad, la espiritualidad, el misterio, lo femenino y la profundidad emocional. <\/strong>Pero \u00bfqu\u00e9 significa regalar flores moradas? Aqu\u00ed tienes varios significados:<\/p>\n\n\n\n<div class=\"wp-block-columns is-layout-flex wp-container-core-columns-is-layout-28f84493 wp-block-columns-is-layout-flex\">\n<div class=\"wp-block-column is-layout-flow wp-block-column-is-layout-flow\">\n<ul class=\"wp-block-list\">\n<li><strong>Misterio y conexi\u00f3n espiritual:<\/strong> el morado se asocia con lo enigm\u00e1tico y lo profundo, con un extra\u00f1o que te regala flores cada 9 de noviembre\u2026 \ud83d\ude0a\u200b Tambi\u00e9n refleja una fuerte conexi\u00f3n emocional.<\/li>\n\n\n\n<li><strong>Admiraci\u00f3n, respeto y orgullo:<\/strong> regalar flores moradas puede expresar reconocimiento. Son ideales para regalar a una persona especial a la que aprecias sinceramente y de la que est\u00e1s muy orgulloso\/a.<\/li>\n\n\n\n<li><strong>Un amor distinto al convencional:<\/strong> mientras que las rosas y otras flores rojas simbolizan pasi\u00f3n, las flores moradas transmiten un afecto m\u00e1s sutil y po\u00e9tico. Un amor tamizado y discreto, dif\u00edcil de declarar abiertamente.<\/li>\n<\/ul>\n<\/div>\n\n\n\n<div class=\"wp-block-column is-layout-flow wp-block-column-is-layout-flow\">\n<figure class=\"wp-block-image size-large\" style=\"margin-top:var(--wp--preset--spacing--30);margin-bottom:var(--wp--preset--spacing--30)\"><img loading=\"lazy\" decoding=\"async\" width=\"1024\" height=\"822\" src=\"https:\/\/www.interflora.es\/blog\/wp-content\/uploads\/2025\/10\/flores-violeta-1024x822.jpg\" alt=\"Significado flores moradas\" class=\"wp-image-31668\" srcset=\"https:\/\/www.interflora.es\/blog\/wp-content\/uploads\/2025\/10\/flores-violeta-1024x822.jpg 1024w, https:\/\/www.interflora.es\/blog\/wp-content\/uploads\/2025\/10\/flores-violeta-300x241.jpg 300w, https:\/\/www.interflora.es\/blog\/wp-content\/uploads\/2025\/10\/flores-violeta-768x616.jpg 768w, https:\/\/www.interflora.es\/blog\/wp-content\/uploads\/2025\/10\/flores-violeta-1536x1233.jpg 1536w, https:\/\/www.interflora.es\/blog\/wp-content\/uploads\/2025\/10\/flores-violeta.jpg 1900w\" sizes=\"auto, (max-width: 1024px) 100vw, 1024px\" \/><\/figure>\n<\/div>\n<\/div>\n\n\n\n<div style=\"height:5px\" aria-hidden=\"true\" class=\"wp-block-spacer\"><\/div>\n\n\n\n\n\n<div style=\"height:5px\" aria-hidden=\"true\" class=\"wp-block-spacer\"><\/div>\n\n\n\n<h2 class=\"wp-block-heading\">Flores moradas para el 9 de noviembre: elige las que m\u00e1s te gusten<\/h2>\n\n\n\n<p>Cecilia eligi\u00f3 un ramito de violetas para su canci\u00f3n, pero hay muchas flores de color morado o violeta que son perfectas para tener un bonito detalle este d\u00eda.<\/p>\n\n\n\n<div class=\"wp-block-columns is-layout-flex wp-container-core-columns-is-layout-28f84493 wp-block-columns-is-layout-flex\">\n<div class=\"wp-block-column is-layout-flow wp-block-column-is-layout-flow\">\n<figure class=\"wp-block-image size-large\"><img loading=\"lazy\" decoding=\"async\" width=\"1024\" height=\"686\" src=\"https:\/\/www.interflora.es\/blog\/wp-content\/uploads\/2025\/10\/lirios-morados-1-1024x686.jpg\" alt=\"Lirio morado\" class=\"wp-image-31681\" srcset=\"https:\/\/www.interflora.es\/blog\/wp-content\/uploads\/2025\/10\/lirios-morados-1-1024x686.jpg 1024w, https:\/\/www.interflora.es\/blog\/wp-content\/uploads\/2025\/10\/lirios-morados-1-300x201.jpg 300w, https:\/\/www.interflora.es\/blog\/wp-content\/uploads\/2025\/10\/lirios-morados-1-768x514.jpg 768w, https:\/\/www.interflora.es\/blog\/wp-content\/uploads\/2025\/10\/lirios-morados-1-1536x1028.jpg 1536w, https:\/\/www.interflora.es\/blog\/wp-content\/uploads\/2025\/10\/lirios-morados-1.jpg 1900w\" sizes=\"auto, (max-width: 1024px) 100vw, 1024px\" \/><\/figure>\n\n\n\n<h3 class=\"wp-block-heading\">Los lirios morados<\/h3>\n\n\n\n<p>Los lirios morados simbolizan el amor pasional, el romanticismo y el deseo.&nbsp;Ilustran igualmente el honor y la lealtad, la elegancia, el lujo, la grandeza y el \u00e9xito. Tambi\u00e9n simbolizan admiraci\u00f3n y celebran un amor que se fortalece y se consolida con los a\u00f1os.<\/p>\n<\/div>\n\n\n\n<div class=\"wp-block-column is-layout-flow wp-block-column-is-layout-flow\">\n<figure class=\"wp-block-image size-large\"><img loading=\"lazy\" decoding=\"async\" width=\"1024\" height=\"686\" src=\"https:\/\/www.interflora.es\/blog\/wp-content\/uploads\/2025\/10\/violetas-1024x686.jpg\" alt=\"Violetas\" class=\"wp-image-31684\" srcset=\"https:\/\/www.interflora.es\/blog\/wp-content\/uploads\/2025\/10\/violetas-1024x686.jpg 1024w, https:\/\/www.interflora.es\/blog\/wp-content\/uploads\/2025\/10\/violetas-300x201.jpg 300w, https:\/\/www.interflora.es\/blog\/wp-content\/uploads\/2025\/10\/violetas-768x514.jpg 768w, https:\/\/www.interflora.es\/blog\/wp-content\/uploads\/2025\/10\/violetas-1536x1028.jpg 1536w, https:\/\/www.interflora.es\/blog\/wp-content\/uploads\/2025\/10\/violetas.jpg 1900w\" sizes=\"auto, (max-width: 1024px) 100vw, 1024px\" \/><\/figure>\n\n\n\n<h3 class=\"wp-block-heading\">Las violetas<\/h3>\n\n\n\n<p>Las violetas son flores arom\u00e1ticas y discretas que simbolizan fidelidad y afecto eterno, amor, romanticismo y deseo.&nbsp;Adem\u00e1s, en el lenguaje de las flores, las violetas pueden representar la lealtad y la devoci\u00f3n eterna.<\/p>\n<\/div>\n<\/div>\n\n\n\n<div class=\"wp-block-columns is-layout-flex wp-container-core-columns-is-layout-28f84493 wp-block-columns-is-layout-flex\">\n<div class=\"wp-block-column is-layout-flow wp-block-column-is-layout-flow\">\n<figure class=\"wp-block-image size-large\" style=\"margin-top:var(--wp--preset--spacing--40);margin-bottom:var(--wp--preset--spacing--40)\"><img loading=\"lazy\" decoding=\"async\" width=\"1024\" height=\"686\" src=\"https:\/\/www.interflora.es\/blog\/wp-content\/uploads\/2025\/10\/lavanda-1-1024x686.jpg\" alt=\"Lavanda\" class=\"wp-image-31688\" srcset=\"https:\/\/www.interflora.es\/blog\/wp-content\/uploads\/2025\/10\/lavanda-1-1024x686.jpg 1024w, https:\/\/www.interflora.es\/blog\/wp-content\/uploads\/2025\/10\/lavanda-1-300x201.jpg 300w, https:\/\/www.interflora.es\/blog\/wp-content\/uploads\/2025\/10\/lavanda-1-768x514.jpg 768w, https:\/\/www.interflora.es\/blog\/wp-content\/uploads\/2025\/10\/lavanda-1-1536x1028.jpg 1536w, https:\/\/www.interflora.es\/blog\/wp-content\/uploads\/2025\/10\/lavanda-1.jpg 1900w\" sizes=\"auto, (max-width: 1024px) 100vw, 1024px\" \/><\/figure>\n\n\n\n<h3 class=\"wp-block-heading\">La lavanda<\/h3>\n\n\n\n<p>La lavanda simboliza la frescura, la pureza, el equilibrio y la serenidad. Si decides regalar lavanda a un ser querido estar\u00e1s envi\u00e1ndole un mensaje claro de calma y tranquilidad, de armon\u00eda y sinceridad, de devoci\u00f3n y de lealtad.<\/p>\n<\/div>\n\n\n\n<div class=\"wp-block-column is-layout-flow wp-block-column-is-layout-flow\">\n<figure class=\"wp-block-image size-large\" style=\"margin-top:var(--wp--preset--spacing--40);margin-bottom:var(--wp--preset--spacing--40)\"><img loading=\"lazy\" decoding=\"async\" width=\"1024\" height=\"686\" src=\"https:\/\/www.interflora.es\/blog\/wp-content\/uploads\/2025\/10\/lilas-1024x686.jpg\" alt=\"Lilas\" class=\"wp-image-31690\" srcset=\"https:\/\/www.interflora.es\/blog\/wp-content\/uploads\/2025\/10\/lilas-1024x686.jpg 1024w, https:\/\/www.interflora.es\/blog\/wp-content\/uploads\/2025\/10\/lilas-300x201.jpg 300w, https:\/\/www.interflora.es\/blog\/wp-content\/uploads\/2025\/10\/lilas-768x514.jpg 768w, https:\/\/www.interflora.es\/blog\/wp-content\/uploads\/2025\/10\/lilas-1536x1028.jpg 1536w, https:\/\/www.interflora.es\/blog\/wp-content\/uploads\/2025\/10\/lilas.jpg 1900w\" sizes=\"auto, (max-width: 1024px) 100vw, 1024px\" \/><\/figure>\n\n\n\n<h3 class=\"wp-block-heading\">Las lilas<\/h3>\n\n\n\n<p>Est\u00e1n asociadas a la pureza, a la inocencia, a los recuerdos de la infancia y a la magia de los descubrimientos. Simbolizan tambi\u00e9n un amor lleno de momentos especiales, as\u00ed como un amor longevo o por alguien del pasado.<\/p>\n<\/div>\n<\/div>\n\n\n\n<div class=\"wp-block-columns is-layout-flex wp-container-core-columns-is-layout-28f84493 wp-block-columns-is-layout-flex\">\n<div class=\"wp-block-column is-layout-flow wp-block-column-is-layout-flow\">\n<figure class=\"wp-block-image size-large\" style=\"margin-top:var(--wp--preset--spacing--50);margin-bottom:var(--wp--preset--spacing--50)\"><img loading=\"lazy\" decoding=\"async\" width=\"1024\" height=\"885\" src=\"https:\/\/www.interflora.es\/blog\/wp-content\/uploads\/2025\/10\/orquidea-morada-2-1024x885.jpg\" alt=\"Orqu\u00eddea morada\" class=\"wp-image-31701\" srcset=\"https:\/\/www.interflora.es\/blog\/wp-content\/uploads\/2025\/10\/orquidea-morada-2-1024x885.jpg 1024w, https:\/\/www.interflora.es\/blog\/wp-content\/uploads\/2025\/10\/orquidea-morada-2-300x259.jpg 300w, https:\/\/www.interflora.es\/blog\/wp-content\/uploads\/2025\/10\/orquidea-morada-2-768x664.jpg 768w, https:\/\/www.interflora.es\/blog\/wp-content\/uploads\/2025\/10\/orquidea-morada-2-1536x1327.jpg 1536w, https:\/\/www.interflora.es\/blog\/wp-content\/uploads\/2025\/10\/orquidea-morada-2.jpg 1900w\" sizes=\"auto, (max-width: 1024px) 100vw, 1024px\" \/><\/figure>\n<\/div>\n\n\n\n<div class=\"wp-block-column is-layout-flow wp-block-column-is-layout-flow\" style=\"padding-top:var(--wp--preset--spacing--60);padding-bottom:var(--wp--preset--spacing--60)\">\n<h3 class=\"wp-block-heading\">Las orqu\u00eddeas moradas<\/h3>\n\n\n\n<p>La elegancia y delicadeza de estas flores es inigualable. En color morado, una orqu\u00eddea es s\u00edmbolo de respeto y de aprecio, de serenidad y de equilibrio, as\u00ed como de conexi\u00f3n espiritual y de profundidad.<\/p>\n\n\n\n<p>Ahora que ya sabes por qu\u00e9 se regalan flores moradas el 9 de noviembre no dudes en elegir las que m\u00e1s te gusten en nuestra web. Nosotros haremos su entrega a domicilio o donde nos indiques cada 9 de noviembre, con o sin tarjeta, como tu prefieras\u2026 \ud83e\udd70\u200b\ud83d\udc9c\u200b<\/p>\n<\/div>\n<\/div>\n","protected":false},"excerpt":{"rendered":"<p>La costumbre de regalar un ramo de flores moradas el 9 de noviembre se ha hecho muy popular en las redes desde hace alg\u00fan tiempo. Si quieres saber de d\u00f3nde viene este ritual y por qu\u00e9 se regalan flores moradas el 9 de noviembre, en Interflora te lo contamos todo.<\/p>\n","protected":false},"author":13,"featured_media":31638,"comment_status":"open","ping_status":"open","sticky":false,"template":"","format":"standard","meta":{"_acf_changed":false,"_uag_custom_page_level_css":"","site-sidebar-layout":"default","site-content-layout":"","ast-site-content-layout":"default","site-content-style":"default","site-sidebar-style":"default","ast-global-header-display":"","ast-banner-title-visibility":"","ast-main-header-display":"","ast-hfb-above-header-display":"","ast-hfb-below-header-display":"","ast-hfb-mobile-header-display":"","site-post-title":"","ast-breadcrumbs-content":"","ast-featured-img":"","footer-sml-layout":"","theme-transparent-header-meta":"","adv-header-id-meta":"","stick-header-meta":"","header-above-stick-meta":"","header-main-stick-meta":"","header-below-stick-meta":"","astra-migrate-meta-layouts":"default","ast-page-background-enabled":"default","ast-page-background-meta":{"desktop":{"background-color":"var(--ast-global-color-5)","background-image":"","background-repeat":"repeat","background-position":"center center","background-size":"auto","background-attachment":"scroll","background-type":"","background-media":"","overlay-type":"","overlay-color":"","overlay-opacity":"","overlay-gradient":""},"tablet":{"background-color":"","background-image":"","background-repeat":"repeat","background-position":"center center","background-size":"auto","background-attachment":"scroll","background-type":"","background-media":"","overlay-type":"","overlay-color":"","overlay-opacity":"","overlay-gradient":""},"mobile":{"background-color":"","background-image":"","background-repeat":"repeat","background-position":"center center","background-size":"auto","background-attachment":"scroll","background-type":"","background-media":"","overlay-type":"","overlay-color":"","overlay-opacity":"","overlay-gradient":""}},"ast-content-background-meta":{"desktop":{"background-color":"var(--ast-global-color-4)","background-image":"","background-repeat":"repeat","background-position":"center center","background-size":"auto","background-attachment":"scroll","background-type":"","background-media":"","overlay-type":"","overlay-color":"","overlay-opacity":"","overlay-gradient":""},"tablet":{"background-color":"var(--ast-global-color-4)","background-image":"","background-repeat":"repeat","background-position":"center center","background-size":"auto","background-attachment":"scroll","background-type":"","background-media":"","overlay-type":"","overlay-color":"","overlay-opacity":"","overlay-gradient":""},"mobile":{"background-color":"var(--ast-global-color-4)","background-image":"","background-repeat":"repeat","background-position":"center center","background-size":"auto","background-attachment":"scroll","background-type":"","background-media":"","overlay-type":"","overlay-color":"","overlay-opacity":"","overlay-gradient":""}},"footnotes":""},"categories":[33],"tags":[],"class_list":["post-31636","post","type-post","status-publish","format-standard","has-post-thumbnail","hentry","category-curiosidades"],"acf":[],"yoast_head":"<!-- This site is optimized with the Yoast SEO plugin v27.5 - https:\/\/yoast.com\/product\/yoast-seo-wordpress\/ -->\n<title>\u00bfPor qu\u00e9 se regalan flores moradas el 9 de noviembre?|Interflora<\/title>\n<meta name=\"description\" content=\"\u00bfSabes de donde viene la costumbre de regalar flores moradas el 9 de noviembre? \u00a1Pues Interflora te lo cuenta! Entrega a domicilio en menos de 24 horas.\" \/>\n<meta name=\"robots\" content=\"index, follow, max-snippet:-1, max-image-preview:large, max-video-preview:-1\" \/>\n<link rel=\"canonical\" href=\"https:\/\/www.interflora.es\/blog\/regalar-flores-moradas-el-9-de-noviembre\/\" \/>\n<script type=\"application\/ld+json\" class=\"yoast-schema-graph\">{\"@context\":\"https:\\\/\\\/schema.org\",\"@graph\":[{\"@type\":\"Article\",\"@id\":\"https:\\\/\\\/www.interflora.es\\\/blog\\\/regalar-flores-moradas-el-9-de-noviembre\\\/#article\",\"isPartOf\":{\"@id\":\"https:\\\/\\\/www.interflora.es\\\/blog\\\/regalar-flores-moradas-el-9-de-noviembre\\\/\"},\"author\":{\"name\":\"Interflora\",\"@id\":\"https:\\\/\\\/www.interflora.es\\\/blog\\\/#\\\/schema\\\/person\\\/e3ecff50262948e365b92682cdc2a9d1\"},\"headline\":\"Regalar flores moradas el 9 de noviembre: \u00bfpor qu\u00e9 este detalle es tan especial?\",\"datePublished\":\"2025-10-06T09:21:30+00:00\",\"dateModified\":\"2025-10-06T09:21:31+00:00\",\"mainEntityOfPage\":{\"@id\":\"https:\\\/\\\/www.interflora.es\\\/blog\\\/regalar-flores-moradas-el-9-de-noviembre\\\/\"},\"wordCount\":1065,\"commentCount\":0,\"publisher\":{\"@id\":\"https:\\\/\\\/www.interflora.es\\\/blog\\\/#organization\"},\"image\":{\"@id\":\"https:\\\/\\\/www.interflora.es\\\/blog\\\/regalar-flores-moradas-el-9-de-noviembre\\\/#primaryimage\"},\"thumbnailUrl\":\"https:\\\/\\\/www.interflora.es\\\/blog\\\/wp-content\\\/uploads\\\/2025\\\/10\\\/ramo-violetas.png\",\"articleSection\":[\"Curiosidades\"],\"inLanguage\":\"es\",\"potentialAction\":[{\"@type\":\"CommentAction\",\"name\":\"Comment\",\"target\":[\"https:\\\/\\\/www.interflora.es\\\/blog\\\/regalar-flores-moradas-el-9-de-noviembre\\\/#respond\"]}]},{\"@type\":\"WebPage\",\"@id\":\"https:\\\/\\\/www.interflora.es\\\/blog\\\/regalar-flores-moradas-el-9-de-noviembre\\\/\",\"url\":\"https:\\\/\\\/www.interflora.es\\\/blog\\\/regalar-flores-moradas-el-9-de-noviembre\\\/\",\"name\":\"\u00bfPor qu\u00e9 se regalan flores moradas el 9 de noviembre?|Interflora\",\"isPartOf\":{\"@id\":\"https:\\\/\\\/www.interflora.es\\\/blog\\\/#website\"},\"primaryImageOfPage\":{\"@id\":\"https:\\\/\\\/www.interflora.es\\\/blog\\\/regalar-flores-moradas-el-9-de-noviembre\\\/#primaryimage\"},\"image\":{\"@id\":\"https:\\\/\\\/www.interflora.es\\\/blog\\\/regalar-flores-moradas-el-9-de-noviembre\\\/#primaryimage\"},\"thumbnailUrl\":\"https:\\\/\\\/www.interflora.es\\\/blog\\\/wp-content\\\/uploads\\\/2025\\\/10\\\/ramo-violetas.png\",\"datePublished\":\"2025-10-06T09:21:30+00:00\",\"dateModified\":\"2025-10-06T09:21:31+00:00\",\"description\":\"\u00bfSabes de donde viene la costumbre de regalar flores moradas el 9 de noviembre? \u00a1Pues Interflora te lo cuenta! Entrega a domicilio en menos de 24 horas.\",\"breadcrumb\":{\"@id\":\"https:\\\/\\\/www.interflora.es\\\/blog\\\/regalar-flores-moradas-el-9-de-noviembre\\\/#breadcrumb\"},\"inLanguage\":\"es\",\"potentialAction\":[{\"@type\":\"ReadAction\",\"target\":[\"https:\\\/\\\/www.interflora.es\\\/blog\\\/regalar-flores-moradas-el-9-de-noviembre\\\/\"]}]},{\"@type\":\"ImageObject\",\"inLanguage\":\"es\",\"@id\":\"https:\\\/\\\/www.interflora.es\\\/blog\\\/regalar-flores-moradas-el-9-de-noviembre\\\/#primaryimage\",\"url\":\"https:\\\/\\\/www.interflora.es\\\/blog\\\/wp-content\\\/uploads\\\/2025\\\/10\\\/ramo-violetas.png\",\"contentUrl\":\"https:\\\/\\\/www.interflora.es\\\/blog\\\/wp-content\\\/uploads\\\/2025\\\/10\\\/ramo-violetas.png\",\"width\":1900,\"height\":1065},{\"@type\":\"BreadcrumbList\",\"@id\":\"https:\\\/\\\/www.interflora.es\\\/blog\\\/regalar-flores-moradas-el-9-de-noviembre\\\/#breadcrumb\",\"itemListElement\":[{\"@type\":\"ListItem\",\"position\":1,\"name\":\"Home\",\"item\":\"https:\\\/\\\/www.interflora.es\\\/blog\\\/\"},{\"@type\":\"ListItem\",\"position\":2,\"name\":\"Regalar flores moradas el 9 de noviembre: \u00bfpor qu\u00e9 este detalle es tan especial?\"}]},{\"@type\":\"WebSite\",\"@id\":\"https:\\\/\\\/www.interflora.es\\\/blog\\\/#website\",\"url\":\"https:\\\/\\\/www.interflora.es\\\/blog\\\/\",\"name\":\"El blog de Interflora : consejos, ideas e inspiraci\u00f3n para disfrutar de las flores y las plantas\",\"description\":\"\",\"publisher\":{\"@id\":\"https:\\\/\\\/www.interflora.es\\\/blog\\\/#organization\"},\"potentialAction\":[{\"@type\":\"SearchAction\",\"target\":{\"@type\":\"EntryPoint\",\"urlTemplate\":\"https:\\\/\\\/www.interflora.es\\\/blog\\\/?s={search_term_string}\"},\"query-input\":{\"@type\":\"PropertyValueSpecification\",\"valueRequired\":true,\"valueName\":\"search_term_string\"}}],\"inLanguage\":\"es\"},{\"@type\":\"Organization\",\"@id\":\"https:\\\/\\\/www.interflora.es\\\/blog\\\/#organization\",\"name\":\"El blog de Interflora : consejos, ideas e inspiraci\u00f3n para disfrutar de las flores y las plantas\",\"url\":\"https:\\\/\\\/www.interflora.es\\\/blog\\\/\",\"logo\":{\"@type\":\"ImageObject\",\"inLanguage\":\"es\",\"@id\":\"https:\\\/\\\/www.interflora.es\\\/blog\\\/#\\\/schema\\\/logo\\\/image\\\/\",\"url\":\"https:\\\/\\\/www.interflora.es\\\/blog\\\/wp-content\\\/uploads\\\/2025\\\/10\\\/cropped-220422_INTERFLORA_Logo_rgb_Half_Top_Circle_Main_Color.png\",\"contentUrl\":\"https:\\\/\\\/www.interflora.es\\\/blog\\\/wp-content\\\/uploads\\\/2025\\\/10\\\/cropped-220422_INTERFLORA_Logo_rgb_Half_Top_Circle_Main_Color.png\",\"width\":1418,\"height\":659,\"caption\":\"El blog de Interflora : consejos, ideas e inspiraci\u00f3n para disfrutar de las flores y las plantas\"},\"image\":{\"@id\":\"https:\\\/\\\/www.interflora.es\\\/blog\\\/#\\\/schema\\\/logo\\\/image\\\/\"}},{\"@type\":\"Person\",\"@id\":\"https:\\\/\\\/www.interflora.es\\\/blog\\\/#\\\/schema\\\/person\\\/e3ecff50262948e365b92682cdc2a9d1\",\"name\":\"Interflora\",\"image\":{\"@type\":\"ImageObject\",\"inLanguage\":\"es\",\"@id\":\"https:\\\/\\\/www.interflora.es\\\/blog\\\/wp-content\\\/litespeed\\\/avatar\\\/ef0a9e22ccabc545011ca74a630eaf3e.jpg?ver=1777555250\",\"url\":\"https:\\\/\\\/www.interflora.es\\\/blog\\\/wp-content\\\/litespeed\\\/avatar\\\/ef0a9e22ccabc545011ca74a630eaf3e.jpg?ver=1777555250\",\"contentUrl\":\"https:\\\/\\\/www.interflora.es\\\/blog\\\/wp-content\\\/litespeed\\\/avatar\\\/ef0a9e22ccabc545011ca74a630eaf3e.jpg?ver=1777555250\",\"caption\":\"Interflora\"}}]}<\/script>\n<!-- \/ Yoast SEO plugin. -->","yoast_head_json":{"title":"\u00bfPor qu\u00e9 se regalan flores moradas el 9 de noviembre?|Interflora","description":"\u00bfSabes de donde viene la costumbre de regalar flores moradas el 9 de noviembre? \u00a1Pues Interflora te lo cuenta! Entrega a domicilio en menos de 24 horas.","robots":{"index":"index","follow":"follow","max-snippet":"max-snippet:-1","max-image-preview":"max-image-preview:large","max-video-preview":"max-video-preview:-1"},"canonical":"https:\/\/www.interflora.es\/blog\/regalar-flores-moradas-el-9-de-noviembre\/","schema":{"@context":"https:\/\/schema.org","@graph":[{"@type":"Article","@id":"https:\/\/www.interflora.es\/blog\/regalar-flores-moradas-el-9-de-noviembre\/#article","isPartOf":{"@id":"https:\/\/www.interflora.es\/blog\/regalar-flores-moradas-el-9-de-noviembre\/"},"author":{"name":"Interflora","@id":"https:\/\/www.interflora.es\/blog\/#\/schema\/person\/e3ecff50262948e365b92682cdc2a9d1"},"headline":"Regalar flores moradas el 9 de noviembre: \u00bfpor qu\u00e9 este detalle es tan especial?","datePublished":"2025-10-06T09:21:30+00:00","dateModified":"2025-10-06T09:21:31+00:00","mainEntityOfPage":{"@id":"https:\/\/www.interflora.es\/blog\/regalar-flores-moradas-el-9-de-noviembre\/"},"wordCount":1065,"commentCount":0,"publisher":{"@id":"https:\/\/www.interflora.es\/blog\/#organization"},"image":{"@id":"https:\/\/www.interflora.es\/blog\/regalar-flores-moradas-el-9-de-noviembre\/#primaryimage"},"thumbnailUrl":"https:\/\/www.interflora.es\/blog\/wp-content\/uploads\/2025\/10\/ramo-violetas.png","articleSection":["Curiosidades"],"inLanguage":"es","potentialAction":[{"@type":"CommentAction","name":"Comment","target":["https:\/\/www.interflora.es\/blog\/regalar-flores-moradas-el-9-de-noviembre\/#respond"]}]},{"@type":"WebPage","@id":"https:\/\/www.interflora.es\/blog\/regalar-flores-moradas-el-9-de-noviembre\/","url":"https:\/\/www.interflora.es\/blog\/regalar-flores-moradas-el-9-de-noviembre\/","name":"\u00bfPor qu\u00e9 se regalan flores moradas el 9 de noviembre?|Interflora","isPartOf":{"@id":"https:\/\/www.interflora.es\/blog\/#website"},"primaryImageOfPage":{"@id":"https:\/\/www.interflora.es\/blog\/regalar-flores-moradas-el-9-de-noviembre\/#primaryimage"},"image":{"@id":"https:\/\/www.interflora.es\/blog\/regalar-flores-moradas-el-9-de-noviembre\/#primaryimage"},"thumbnailUrl":"https:\/\/www.interflora.es\/blog\/wp-content\/uploads\/2025\/10\/ramo-violetas.png","datePublished":"2025-10-06T09:21:30+00:00","dateModified":"2025-10-06T09:21:31+00:00","description":"\u00bfSabes de donde viene la costumbre de regalar flores moradas el 9 de noviembre? \u00a1Pues Interflora te lo cuenta! Entrega a domicilio en menos de 24 horas.","breadcrumb":{"@id":"https:\/\/www.interflora.es\/blog\/regalar-flores-moradas-el-9-de-noviembre\/#breadcrumb"},"inLanguage":"es","potentialAction":[{"@type":"ReadAction","target":["https:\/\/www.interflora.es\/blog\/regalar-flores-moradas-el-9-de-noviembre\/"]}]},{"@type":"ImageObject","inLanguage":"es","@id":"https:\/\/www.interflora.es\/blog\/regalar-flores-moradas-el-9-de-noviembre\/#primaryimage","url":"https:\/\/www.interflora.es\/blog\/wp-content\/uploads\/2025\/10\/ramo-violetas.png","contentUrl":"https:\/\/www.interflora.es\/blog\/wp-content\/uploads\/2025\/10\/ramo-violetas.png","width":1900,"height":1065},{"@type":"BreadcrumbList","@id":"https:\/\/www.interflora.es\/blog\/regalar-flores-moradas-el-9-de-noviembre\/#breadcrumb","itemListElement":[{"@type":"ListItem","position":1,"name":"Home","item":"https:\/\/www.interflora.es\/blog\/"},{"@type":"ListItem","position":2,"name":"Regalar flores moradas el 9 de noviembre: \u00bfpor qu\u00e9 este detalle es tan especial?"}]},{"@type":"WebSite","@id":"https:\/\/www.interflora.es\/blog\/#website","url":"https:\/\/www.interflora.es\/blog\/","name":"El blog de Interflora : consejos, ideas e inspiraci\u00f3n para disfrutar de las flores y las plantas","description":"","publisher":{"@id":"https:\/\/www.interflora.es\/blog\/#organization"},"potentialAction":[{"@type":"SearchAction","target":{"@type":"EntryPoint","urlTemplate":"https:\/\/www.interflora.es\/blog\/?s={search_term_string}"},"query-input":{"@type":"PropertyValueSpecification","valueRequired":true,"valueName":"search_term_string"}}],"inLanguage":"es"},{"@type":"Organization","@id":"https:\/\/www.interflora.es\/blog\/#organization","name":"El blog de Interflora : consejos, ideas e inspiraci\u00f3n para disfrutar de las flores y las plantas","url":"https:\/\/www.interflora.es\/blog\/","logo":{"@type":"ImageObject","inLanguage":"es","@id":"https:\/\/www.interflora.es\/blog\/#\/schema\/logo\/image\/","url":"https:\/\/www.interflora.es\/blog\/wp-content\/uploads\/2025\/10\/cropped-220422_INTERFLORA_Logo_rgb_Half_Top_Circle_Main_Color.png","contentUrl":"https:\/\/www.interflora.es\/blog\/wp-content\/uploads\/2025\/10\/cropped-220422_INTERFLORA_Logo_rgb_Half_Top_Circle_Main_Color.png","width":1418,"height":659,"caption":"El blog de Interflora : consejos, ideas e inspiraci\u00f3n para disfrutar de las flores y las plantas"},"image":{"@id":"https:\/\/www.interflora.es\/blog\/#\/schema\/logo\/image\/"}},{"@type":"Person","@id":"https:\/\/www.interflora.es\/blog\/#\/schema\/person\/e3ecff50262948e365b92682cdc2a9d1","name":"Interflora","image":{"@type":"ImageObject","inLanguage":"es","@id":"https:\/\/www.interflora.es\/blog\/wp-content\/litespeed\/avatar\/ef0a9e22ccabc545011ca74a630eaf3e.jpg?ver=1777555250","url":"https:\/\/www.interflora.es\/blog\/wp-content\/litespeed\/avatar\/ef0a9e22ccabc545011ca74a630eaf3e.jpg?ver=1777555250","contentUrl":"https:\/\/www.interflora.es\/blog\/wp-content\/litespeed\/avatar\/ef0a9e22ccabc545011ca74a630eaf3e.jpg?ver=1777555250","caption":"Interflora"}}]}},"uagb_featured_image_src":{"full":["https:\/\/www.interflora.es\/blog\/wp-content\/uploads\/2025\/10\/ramo-violetas.png",1900,1065,false],"thumbnail":["https:\/\/www.interflora.es\/blog\/wp-content\/uploads\/2025\/10\/ramo-violetas-150x150.png",150,150,true],"medium":["https:\/\/www.interflora.es\/blog\/wp-content\/uploads\/2025\/10\/ramo-violetas-300x168.png",300,168,true],"medium_large":["https:\/\/www.interflora.es\/blog\/wp-content\/uploads\/2025\/10\/ramo-violetas-768x430.png",768,430,true],"large":["https:\/\/www.interflora.es\/blog\/wp-content\/uploads\/2025\/10\/ramo-violetas-1024x574.png",1024,574,true],"1536x1536":["https:\/\/www.interflora.es\/blog\/wp-content\/uploads\/2025\/10\/ramo-violetas-1536x861.png",1536,861,true],"2048x2048":["https:\/\/www.interflora.es\/blog\/wp-content\/uploads\/2025\/10\/ramo-violetas.png",1900,1065,false]},"uagb_author_info":{"display_name":"Interflora","author_link":"https:\/\/www.interflora.es\/blog\/author\/interflora\/"},"uagb_comment_info":2,"uagb_excerpt":"La costumbre de regalar un ramo de flores moradas el 9 de noviembre se ha hecho muy popular en las redes desde hace alg\u00fan tiempo. Si quieres saber de d\u00f3nde viene este ritual y por qu\u00e9 se regalan flores moradas el 9 de noviembre, en Interflora te lo contamos todo.","_links":{"self":[{"href":"https:\/\/www.interflora.es\/blog\/wp-json\/wp\/v2\/posts\/31636","targetHints":{"allow":["GET"]}}],"collection":[{"href":"https:\/\/www.interflora.es\/blog\/wp-json\/wp\/v2\/posts"}],"about":[{"href":"https:\/\/www.interflora.es\/blog\/wp-json\/wp\/v2\/types\/post"}],"author":[{"embeddable":true,"href":"https:\/\/www.interflora.es\/blog\/wp-json\/wp\/v2\/users\/13"}],"replies":[{"embeddable":true,"href":"https:\/\/www.interflora.es\/blog\/wp-json\/wp\/v2\/comments?post=31636"}],"version-history":[{"count":61,"href":"https:\/\/www.interflora.es\/blog\/wp-json\/wp\/v2\/posts\/31636\/revisions"}],"predecessor-version":[{"id":31714,"href":"https:\/\/www.interflora.es\/blog\/wp-json\/wp\/v2\/posts\/31636\/revisions\/31714"}],"wp:featuredmedia":[{"embeddable":true,"href":"https:\/\/www.interflora.es\/blog\/wp-json\/wp\/v2\/media\/31638"}],"wp:attachment":[{"href":"https:\/\/www.interflora.es\/blog\/wp-json\/wp\/v2\/media?parent=31636"}],"wp:term":[{"taxonomy":"category","embeddable":true,"href":"https:\/\/www.interflora.es\/blog\/wp-json\/wp\/v2\/categories?post=31636"},{"taxonomy":"post_tag","embeddable":true,"href":"https:\/\/www.interflora.es\/blog\/wp-json\/wp\/v2\/tags?post=31636"}],"curies":[{"name":"wp","href":"https:\/\/api.w.org\/{rel}","templated":true}]}}