{"id":31184,"date":"2025-09-04T09:05:18","date_gmt":"2025-09-04T07:05:18","guid":{"rendered":"https:\/\/www.interflora.es\/blog\/?p=31184"},"modified":"2025-09-15T10:06:34","modified_gmt":"2025-09-15T08:06:34","slug":"los-cementerios-mas-bonitos-de-espana","status":"publish","type":"post","link":"https:\/\/www.interflora.es\/blog\/los-cementerios-mas-bonitos-de-espana\/","title":{"rendered":"Los cementerios y las tumbas m\u00e1s bonitos que se pueden visitar en Espa\u00f1a"},"content":{"rendered":"\n<p>Espa\u00f1a alberga algunos de los <strong>cementerios m\u00e1s bonitos de Europa<\/strong>, en los que podemos encontrar las tumbas de personajes ilustres, as\u00ed como esculturas y monumentos funerarios&nbsp; que invitan a la reflexi\u00f3n y a la contemplaci\u00f3n. En este art\u00edculo te contamos cu\u00e1les son los <strong>seis cementerios m\u00e1s espectaculares de Espa\u00f1a<\/strong>, as\u00ed como las tumbas m\u00e1s visitadas de cada uno de ellos.<\/p>\n\n\n\n<h2 class=\"wp-block-heading\">\u00bfPor qu\u00e9 visitar un cementerio?<\/h2>\n\n\n\n<p><strong>Visitar un cementerio<\/strong> puede parecer inusual para algunas personas, pero es otra manera de conectar con la historia de un lugar, sea o no la ciudad en la que vivimos. Los <strong>cementerios <\/strong>no solo son lugares de descanso, en muchos casos, est\u00e1n rodeados de belleza natural y arquitectura art\u00edstica que los convierten en aut\u00e9nticos museos al aire libre. Los <strong>cementerios <\/strong>nos ofrecen otra manera de hacer turismo y de conocer las costumbres y creencias en torno a la muerte que practican otras culturas. <strong>Visitar un cementerio<\/strong> puede ser tanto un acto de respeto para <a href=\"https:\/\/www.interflora.es\/c\/funerarios\">llevar flores<\/a> como una experiencia enriquecedora desde lo emocional, cultural y espiritual.<\/p>\n\n\n\n<figure class=\"wp-block-image aligncenter size-large\"><img loading=\"lazy\" decoding=\"async\" width=\"1024\" height=\"606\" src=\"https:\/\/www.interflora.es\/blog\/wp-content\/uploads\/2025\/08\/Montjuic-4-1024x606.jpg\" alt=\"\" class=\"wp-image-31204\" srcset=\"https:\/\/www.interflora.es\/blog\/wp-content\/uploads\/2025\/08\/Montjuic-4-1024x606.jpg 1024w, https:\/\/www.interflora.es\/blog\/wp-content\/uploads\/2025\/08\/Montjuic-4-300x178.jpg 300w, https:\/\/www.interflora.es\/blog\/wp-content\/uploads\/2025\/08\/Montjuic-4-768x455.jpg 768w, https:\/\/www.interflora.es\/blog\/wp-content\/uploads\/2025\/08\/Montjuic-4-1536x909.jpg 1536w, https:\/\/www.interflora.es\/blog\/wp-content\/uploads\/2025\/08\/Montjuic-4-2048x1212.jpg 2048w\" sizes=\"auto, (max-width: 1024px) 100vw, 1024px\" \/><figcaption class=\"wp-element-caption\">Cementerio de Montju\u00efc (Barcelona)<\/figcaption><\/figure>\n\n\n\n<h2 class=\"wp-block-heading\">\u00bfCu\u00e1les son los seis cementerios m\u00e1s espectaculares de Espa\u00f1a?<\/h2>\n\n\n\n<p>En Espa\u00f1a existen m\u00e1s de veinte <strong>cementerios hist\u00f3ricos<\/strong> recogidos en la Ruta Europea de Cementerios, ya sea por su ubicaci\u00f3n, por el arte funerario o por albergar las tumbas de personajes conocidos. Recorrerlos nos ayuda a comprender mejor la historia del pa\u00eds y sus tradiciones. Esta es nuestra selecci\u00f3n de los seis cementerios m\u00e1s espectaculares:<\/p>\n\n\n\n<h3 class=\"wp-block-heading\">Cementerio de la Almudena (Madrid)<\/h3>\n\n\n\n<figure class=\"wp-block-gallery has-nested-images columns-default is-cropped wp-block-gallery-1 is-layout-flex wp-block-gallery-is-layout-flex\">\n<figure class=\"wp-block-image size-large\"><img loading=\"lazy\" decoding=\"async\" width=\"1024\" height=\"682\" data-id=\"31187\" src=\"https:\/\/www.interflora.es\/blog\/wp-content\/uploads\/2025\/08\/Cementerio-Almudena-1-1024x682.jpg\" alt=\"Cementerio de la Almudena\" class=\"wp-image-31187\" srcset=\"https:\/\/www.interflora.es\/blog\/wp-content\/uploads\/2025\/08\/Cementerio-Almudena-1-1024x682.jpg 1024w, https:\/\/www.interflora.es\/blog\/wp-content\/uploads\/2025\/08\/Cementerio-Almudena-1-300x200.jpg 300w, https:\/\/www.interflora.es\/blog\/wp-content\/uploads\/2025\/08\/Cementerio-Almudena-1-768x511.jpg 768w, https:\/\/www.interflora.es\/blog\/wp-content\/uploads\/2025\/08\/Cementerio-Almudena-1-1536x1023.jpg 1536w, https:\/\/www.interflora.es\/blog\/wp-content\/uploads\/2025\/08\/Cementerio-Almudena-1-2048x1364.jpg 2048w\" sizes=\"auto, (max-width: 1024px) 100vw, 1024px\" \/><\/figure>\n\n\n\n<figure class=\"wp-block-image size-large\"><img loading=\"lazy\" decoding=\"async\" width=\"1024\" height=\"683\" data-id=\"31188\" src=\"https:\/\/www.interflora.es\/blog\/wp-content\/uploads\/2025\/08\/Cementerio-Almudena-2-1024x683.jpg\" alt=\"Vista a\u00e9rea cementerio de la Almudena Madrid\" class=\"wp-image-31188\" srcset=\"https:\/\/www.interflora.es\/blog\/wp-content\/uploads\/2025\/08\/Cementerio-Almudena-2-1024x683.jpg 1024w, https:\/\/www.interflora.es\/blog\/wp-content\/uploads\/2025\/08\/Cementerio-Almudena-2-300x200.jpg 300w, https:\/\/www.interflora.es\/blog\/wp-content\/uploads\/2025\/08\/Cementerio-Almudena-2-768x512.jpg 768w, https:\/\/www.interflora.es\/blog\/wp-content\/uploads\/2025\/08\/Cementerio-Almudena-2-1536x1025.jpg 1536w, https:\/\/www.interflora.es\/blog\/wp-content\/uploads\/2025\/08\/Cementerio-Almudena-2-2048x1366.jpg 2048w\" sizes=\"auto, (max-width: 1024px) 100vw, 1024px\" \/><\/figure>\n<\/figure>\n\n\n\n<p>El<strong> Cementerio de La Almudena<\/strong>, inaugurado en 1884, es uno de los cementerios m\u00e1s grandes de Europa, con m\u00e1s de 120 hect\u00e1reas. A lo largo de los a\u00f1os, se ha convertido en el lugar de descanso de numerosas personalidades de la historia, la pol\u00edtica, la cultura y el arte, desde artistas como <strong>Lola y Antonio Flores<\/strong> hasta escritores como P\u00edo Baroja o Benito P\u00e9rez Gald\u00f3s, pasando por cient\u00edficos como Santiago Ram\u00f3n y Cajal o pol\u00edticos como Tierno Galv\u00e1n. Este cementerio refleja una gran diversidad de estilos arquitect\u00f3nicos y escult\u00f3ricos, desde el neocl\u00e1sico hasta el modernista, lo que lo convierte en un verdadero museo al aire libre.<\/p>\n\n\n\n<figure class=\"wp-block-image aligncenter size-full\"><img loading=\"lazy\" decoding=\"async\" width=\"960\" height=\"720\" src=\"https:\/\/www.interflora.es\/blog\/wp-content\/uploads\/2025\/08\/Tumba-Lola-Flores.jpg\" alt=\"Tumba de Lola y Antonio Flores\" class=\"wp-image-31189\" srcset=\"https:\/\/www.interflora.es\/blog\/wp-content\/uploads\/2025\/08\/Tumba-Lola-Flores.jpg 960w, https:\/\/www.interflora.es\/blog\/wp-content\/uploads\/2025\/08\/Tumba-Lola-Flores-300x225.jpg 300w, https:\/\/www.interflora.es\/blog\/wp-content\/uploads\/2025\/08\/Tumba-Lola-Flores-768x576.jpg 768w\" sizes=\"auto, (max-width: 960px) 100vw, 960px\" \/><figcaption class=\"wp-element-caption\">Fuente:&nbsp;<a href=\"https:\/\/commons.wikimedia.org\/wiki\/File:Sepultura_Antonio_Flores_-_Lola_Flores_-_Madrid.jpg\" target=\"_blank\" rel=\"noreferrer noopener\">https:\/\/commons.wikimedia.org\/wiki\/File:Sepultura_Antonio_Flores_-_Lola_Flores_-_Madrid.jpg<\/a><\/figcaption><\/figure>\n\n\n\n<h3 class=\"wp-block-heading\">Cementerio de San Isidro (Madrid)<\/h3>\n\n\n\n<figure class=\"wp-block-gallery has-nested-images columns-default is-cropped wp-block-gallery-2 is-layout-flex wp-block-gallery-is-layout-flex\">\n<figure class=\"wp-block-image size-large\"><img loading=\"lazy\" decoding=\"async\" width=\"1024\" height=\"684\" data-id=\"31192\" src=\"https:\/\/www.interflora.es\/blog\/wp-content\/uploads\/2025\/08\/San-Isidro-1-1024x684.jpg\" alt=\"Madrid desde el Cementerio de San Isidro\" class=\"wp-image-31192\" srcset=\"https:\/\/www.interflora.es\/blog\/wp-content\/uploads\/2025\/08\/San-Isidro-1-1024x684.jpg 1024w, https:\/\/www.interflora.es\/blog\/wp-content\/uploads\/2025\/08\/San-Isidro-1-300x200.jpg 300w, https:\/\/www.interflora.es\/blog\/wp-content\/uploads\/2025\/08\/San-Isidro-1-768x513.jpg 768w, https:\/\/www.interflora.es\/blog\/wp-content\/uploads\/2025\/08\/San-Isidro-1-1536x1025.jpg 1536w, https:\/\/www.interflora.es\/blog\/wp-content\/uploads\/2025\/08\/San-Isidro-1-2048x1367.jpg 2048w\" sizes=\"auto, (max-width: 1024px) 100vw, 1024px\" \/><\/figure>\n\n\n\n<figure class=\"wp-block-image size-large\"><img loading=\"lazy\" decoding=\"async\" width=\"1024\" height=\"684\" data-id=\"31191\" src=\"https:\/\/www.interflora.es\/blog\/wp-content\/uploads\/2025\/08\/San-Isidro-2-1024x684.jpg\" alt=\"Cementerio de San Isidro\" class=\"wp-image-31191\" srcset=\"https:\/\/www.interflora.es\/blog\/wp-content\/uploads\/2025\/08\/San-Isidro-2-1024x684.jpg 1024w, https:\/\/www.interflora.es\/blog\/wp-content\/uploads\/2025\/08\/San-Isidro-2-300x200.jpg 300w, https:\/\/www.interflora.es\/blog\/wp-content\/uploads\/2025\/08\/San-Isidro-2-768x513.jpg 768w, https:\/\/www.interflora.es\/blog\/wp-content\/uploads\/2025\/08\/San-Isidro-2-1536x1025.jpg 1536w, https:\/\/www.interflora.es\/blog\/wp-content\/uploads\/2025\/08\/San-Isidro-2-2048x1367.jpg 2048w\" sizes=\"auto, (max-width: 1024px) 100vw, 1024px\" \/><\/figure>\n<\/figure>\n\n\n\n<p>El <strong>Cementerio de San Isidro<\/strong>, situado en el coraz\u00f3n de Madrid, es uno de los espacios funerarios m\u00e1s antiguos y emblem\u00e1ticos de la ciudad. Fundado a principios del siglo XIX, es una muestra de la riqueza cultural y social de Madrid a lo largo de los siglos. Entre sus tumbas descansan miembros de la nobleza e importantes personalidades de la vida pol\u00edtica, literaria y art\u00edstica de la capital como el fil\u00f3sofo Jos\u00e9 Ortega y Gasset, Leandro Fern\u00e1ndez de Morat\u00edn o Donoso Cort\u00e9s.<\/p>\n\n\n\n<h3 class=\"wp-block-heading\">Cementerio de Montju\u00efc (Barcelona)<\/h3>\n\n\n\n<figure class=\"wp-block-gallery has-nested-images columns-default is-cropped wp-block-gallery-3 is-layout-flex wp-block-gallery-is-layout-flex\">\n<figure class=\"wp-block-image size-large\"><img loading=\"lazy\" decoding=\"async\" width=\"1024\" height=\"677\" data-id=\"31195\" src=\"https:\/\/www.interflora.es\/blog\/wp-content\/uploads\/2025\/08\/Montjuic-3-1024x677.jpg\" alt=\"Cementerio de Montjuic\" class=\"wp-image-31195\" srcset=\"https:\/\/www.interflora.es\/blog\/wp-content\/uploads\/2025\/08\/Montjuic-3-1024x677.jpg 1024w, https:\/\/www.interflora.es\/blog\/wp-content\/uploads\/2025\/08\/Montjuic-3-300x198.jpg 300w, https:\/\/www.interflora.es\/blog\/wp-content\/uploads\/2025\/08\/Montjuic-3-768x508.jpg 768w, https:\/\/www.interflora.es\/blog\/wp-content\/uploads\/2025\/08\/Montjuic-3-1536x1016.jpg 1536w, https:\/\/www.interflora.es\/blog\/wp-content\/uploads\/2025\/08\/Montjuic-3-2048x1355.jpg 2048w\" sizes=\"auto, (max-width: 1024px) 100vw, 1024px\" \/><\/figure>\n\n\n\n<figure class=\"wp-block-image size-large\"><img loading=\"lazy\" decoding=\"async\" width=\"1024\" height=\"683\" data-id=\"31194\" src=\"https:\/\/www.interflora.es\/blog\/wp-content\/uploads\/2025\/08\/Montjuic-2-1024x683.jpg\" alt=\"Nichos Montjuic Barcelona\" class=\"wp-image-31194\" srcset=\"https:\/\/www.interflora.es\/blog\/wp-content\/uploads\/2025\/08\/Montjuic-2-1024x683.jpg 1024w, https:\/\/www.interflora.es\/blog\/wp-content\/uploads\/2025\/08\/Montjuic-2-300x200.jpg 300w, https:\/\/www.interflora.es\/blog\/wp-content\/uploads\/2025\/08\/Montjuic-2-768x512.jpg 768w, https:\/\/www.interflora.es\/blog\/wp-content\/uploads\/2025\/08\/Montjuic-2-1536x1024.jpg 1536w, https:\/\/www.interflora.es\/blog\/wp-content\/uploads\/2025\/08\/Montjuic-2-2048x1366.jpg 2048w\" sizes=\"auto, (max-width: 1024px) 100vw, 1024px\" \/><\/figure>\n<\/figure>\n\n\n\n<p>El <strong>Cementerio de Montju\u00efc<\/strong>, situado en la emblem\u00e1tica colina que domina Barcelona con unas espectaculares vistas del Mediterr\u00e1neo, fue fundado en 1883. Este cementerio es un aut\u00e9ntico laberinto de avenidas, escaleras y terrazas que se adaptan al relieve de la colina, donde se elevan panteones y mausoleos de gran valor art\u00edstico. Desde el neocl\u00e1sico hasta el modernismo catal\u00e1n, cada obra refleja la diversidad cultural y social de Barcelona a lo largo de m\u00e1s de un siglo. Entre otros, aqu\u00ed descansan artistas como Ramon Casas y Joan Mir\u00f3, el m\u00fasico Isaac Alb\u00e9niz o el expresidente de la Generalitat, Llu\u00eds Companys.<\/p>\n\n\n\n<h3 class=\"wp-block-heading\">Cementerio de Poblenou (Barcelona)<\/h3>\n\n\n\n<figure class=\"wp-block-gallery has-nested-images columns-default is-cropped wp-block-gallery-4 is-layout-flex wp-block-gallery-is-layout-flex\">\n<figure class=\"wp-block-image size-large\"><img loading=\"lazy\" decoding=\"async\" width=\"1024\" height=\"745\" data-id=\"31196\" src=\"https:\/\/www.interflora.es\/blog\/wp-content\/uploads\/2025\/08\/Poblenou-1-1024x745.jpg\" alt=\"cementerio de Poblenou\" class=\"wp-image-31196\" srcset=\"https:\/\/www.interflora.es\/blog\/wp-content\/uploads\/2025\/08\/Poblenou-1-1024x745.jpg 1024w, https:\/\/www.interflora.es\/blog\/wp-content\/uploads\/2025\/08\/Poblenou-1-300x218.jpg 300w, https:\/\/www.interflora.es\/blog\/wp-content\/uploads\/2025\/08\/Poblenou-1-768x559.jpg 768w, https:\/\/www.interflora.es\/blog\/wp-content\/uploads\/2025\/08\/Poblenou-1-1536x1118.jpg 1536w, https:\/\/www.interflora.es\/blog\/wp-content\/uploads\/2025\/08\/Poblenou-1-2048x1490.jpg 2048w\" sizes=\"auto, (max-width: 1024px) 100vw, 1024px\" \/><\/figure>\n\n\n\n<figure class=\"wp-block-image size-large\"><img loading=\"lazy\" decoding=\"async\" width=\"684\" height=\"1024\" data-id=\"31198\" src=\"https:\/\/www.interflora.es\/blog\/wp-content\/uploads\/2025\/08\/Poblenou-2-684x1024.jpg\" alt=\"Arte en Poblenou\" class=\"wp-image-31198\" srcset=\"https:\/\/www.interflora.es\/blog\/wp-content\/uploads\/2025\/08\/Poblenou-2-684x1024.jpg 684w, https:\/\/www.interflora.es\/blog\/wp-content\/uploads\/2025\/08\/Poblenou-2-200x300.jpg 200w, https:\/\/www.interflora.es\/blog\/wp-content\/uploads\/2025\/08\/Poblenou-2-768x1150.jpg 768w, https:\/\/www.interflora.es\/blog\/wp-content\/uploads\/2025\/08\/Poblenou-2-1026x1536.jpg 1026w, https:\/\/www.interflora.es\/blog\/wp-content\/uploads\/2025\/08\/Poblenou-2-1368x2048.jpg 1368w, https:\/\/www.interflora.es\/blog\/wp-content\/uploads\/2025\/08\/Poblenou-2-scaled.jpg 1709w\" sizes=\"auto, (max-width: 684px) 100vw, 684px\" \/><\/figure>\n<\/figure>\n\n\n\n<p>El <strong>Cementerio de Poblenou<\/strong>, inaugurado en 1775, es uno de los espacios funerarios m\u00e1s antiguos y emblem\u00e1ticos de Barcelona. Cada monumento funerario refleja la historia y la posici\u00f3n social de las familias que descansan all\u00ed, ofreciendo un recorrido visual por la evoluci\u00f3n de la ciudad y su sociedad. Entre sus tumbas descansan importantes figuras de la cultura, la pol\u00edtica y el comercio, as\u00ed como ciudadanos an\u00f3nimos cuya memoria forma parte del tejido hist\u00f3rico barcelon\u00e9s.<\/p>\n\n\n\n<h3 class=\"wp-block-heading\">Cementerio Ingl\u00e9s (M\u00e1laga)<\/h3>\n\n\n\n<figure class=\"wp-block-gallery has-nested-images columns-default is-cropped wp-block-gallery-5 is-layout-flex wp-block-gallery-is-layout-flex\">\n<figure class=\"wp-block-image size-large\"><img loading=\"lazy\" decoding=\"async\" width=\"1024\" height=\"683\" data-id=\"31200\" src=\"https:\/\/www.interflora.es\/blog\/wp-content\/uploads\/2025\/08\/Cementerio-Ingles-1-1024x683.jpg\" alt=\"Cementerio ingl\u00e9s M\u00e1laga\" class=\"wp-image-31200\" srcset=\"https:\/\/www.interflora.es\/blog\/wp-content\/uploads\/2025\/08\/Cementerio-Ingles-1-1024x683.jpg 1024w, https:\/\/www.interflora.es\/blog\/wp-content\/uploads\/2025\/08\/Cementerio-Ingles-1-300x200.jpg 300w, https:\/\/www.interflora.es\/blog\/wp-content\/uploads\/2025\/08\/Cementerio-Ingles-1-768x512.jpg 768w, https:\/\/www.interflora.es\/blog\/wp-content\/uploads\/2025\/08\/Cementerio-Ingles-1-1536x1024.jpg 1536w, https:\/\/www.interflora.es\/blog\/wp-content\/uploads\/2025\/08\/Cementerio-Ingles-1-2048x1366.jpg 2048w\" sizes=\"auto, (max-width: 1024px) 100vw, 1024px\" \/><\/figure>\n\n\n\n<figure class=\"wp-block-image size-large\"><img loading=\"lazy\" decoding=\"async\" width=\"1024\" height=\"683\" data-id=\"31199\" src=\"https:\/\/www.interflora.es\/blog\/wp-content\/uploads\/2025\/08\/Cementerio-Ingles-2-1024x683.jpg\" alt=\"Cementerio ingl\u00e9s\" class=\"wp-image-31199\" srcset=\"https:\/\/www.interflora.es\/blog\/wp-content\/uploads\/2025\/08\/Cementerio-Ingles-2-1024x683.jpg 1024w, https:\/\/www.interflora.es\/blog\/wp-content\/uploads\/2025\/08\/Cementerio-Ingles-2-300x200.jpg 300w, https:\/\/www.interflora.es\/blog\/wp-content\/uploads\/2025\/08\/Cementerio-Ingles-2-768x512.jpg 768w, https:\/\/www.interflora.es\/blog\/wp-content\/uploads\/2025\/08\/Cementerio-Ingles-2-1536x1024.jpg 1536w, https:\/\/www.interflora.es\/blog\/wp-content\/uploads\/2025\/08\/Cementerio-Ingles-2-2048x1366.jpg 2048w\" sizes=\"auto, (max-width: 1024px) 100vw, 1024px\" \/><\/figure>\n<\/figure>\n\n\n\n<p>El<strong> Cementerio Ingl\u00e9s de M\u00e1laga<\/strong>, inaugurado en 1831, es uno de los cementerios m\u00e1s antiguos de Espa\u00f1a destinados a la comunidad protestante. Fue creado para proporcionar un lugar de descanso a los ciudadanos extranjeros, principalmente brit\u00e1nicos, que resid\u00edan en la ciudad y no pod\u00edan ser enterrados en cementerios cat\u00f3licos por motivos religiosos. Situado cerca del centro hist\u00f3rico, este cementerio destaca por su arquitectura y ornamentaci\u00f3n. En \u00e9l podemos contemplar esculturas, epitafios y monumentos que narran historias de comerciantes, diplom\u00e1ticos y marineros que pasaron por M\u00e1laga.<\/p>\n\n\n\n<h3 class=\"wp-block-heading\">Cementerio de Ciriego (Santander)<\/h3>\n\n\n\n<figure class=\"wp-block-gallery has-nested-images columns-default is-cropped wp-block-gallery-6 is-layout-flex wp-block-gallery-is-layout-flex\">\n<figure class=\"wp-block-image size-large\"><img loading=\"lazy\" decoding=\"async\" width=\"1024\" height=\"576\" data-id=\"31201\" src=\"https:\/\/www.interflora.es\/blog\/wp-content\/uploads\/2025\/08\/Ciriego-1-1024x576.jpg\" alt=\"Cementerio de Ciriego\" class=\"wp-image-31201\" srcset=\"https:\/\/www.interflora.es\/blog\/wp-content\/uploads\/2025\/08\/Ciriego-1-1024x576.jpg 1024w, https:\/\/www.interflora.es\/blog\/wp-content\/uploads\/2025\/08\/Ciriego-1-300x169.jpg 300w, https:\/\/www.interflora.es\/blog\/wp-content\/uploads\/2025\/08\/Ciriego-1-768x432.jpg 768w, https:\/\/www.interflora.es\/blog\/wp-content\/uploads\/2025\/08\/Ciriego-1-1536x864.jpg 1536w, https:\/\/www.interflora.es\/blog\/wp-content\/uploads\/2025\/08\/Ciriego-1-2048x1152.jpg 2048w\" sizes=\"auto, (max-width: 1024px) 100vw, 1024px\" \/><\/figure>\n\n\n\n<figure class=\"wp-block-image size-large\"><img loading=\"lazy\" decoding=\"async\" width=\"1024\" height=\"704\" data-id=\"31186\" src=\"https:\/\/www.interflora.es\/blog\/wp-content\/uploads\/2025\/08\/Escultura-cementerio-1024x704.jpg\" alt=\"escultura en Ciriego Santander\" class=\"wp-image-31186\" srcset=\"https:\/\/www.interflora.es\/blog\/wp-content\/uploads\/2025\/08\/Escultura-cementerio-1024x704.jpg 1024w, https:\/\/www.interflora.es\/blog\/wp-content\/uploads\/2025\/08\/Escultura-cementerio-300x206.jpg 300w, https:\/\/www.interflora.es\/blog\/wp-content\/uploads\/2025\/08\/Escultura-cementerio-768x528.jpg 768w, https:\/\/www.interflora.es\/blog\/wp-content\/uploads\/2025\/08\/Escultura-cementerio-1536x1056.jpg 1536w, https:\/\/www.interflora.es\/blog\/wp-content\/uploads\/2025\/08\/Escultura-cementerio-2048x1408.jpg 2048w\" sizes=\"auto, (max-width: 1024px) 100vw, 1024px\" \/><\/figure>\n<\/figure>\n\n\n\n<p>El <strong>Cementerio de Ciriego<\/strong>, situado en Santander, es uno de los cementerios m\u00e1s bonitos de Espa\u00f1a. Inaugurado a finales del siglo XIX, este cementerio c\u00e1ntabro destaca por su arquitectura funeraria y su dise\u00f1o paisaj\u00edstico. Sus avenidas serpentean entre mausoleos y panteones y ofrecen unas espectaculares vistas de la bah\u00eda. Ciriego es un lugar donde el paisaje y la memoria se entrelazan.<\/p>\n","protected":false},"excerpt":{"rendered":"<p>Espa\u00f1a alberga algunos de los cementerios m\u00e1s bonitos de Europa, en los que podemos encontrar las tumbas de personajes ilustres, [&hellip;]<\/p>\n","protected":false},"author":13,"featured_media":30436,"comment_status":"open","ping_status":"open","sticky":false,"template":"","format":"standard","meta":{"_acf_changed":false,"_uag_custom_page_level_css":"","site-sidebar-layout":"default","site-content-layout":"","ast-site-content-layout":"default","site-content-style":"default","site-sidebar-style":"default","ast-global-header-display":"","ast-banner-title-visibility":"","ast-main-header-display":"","ast-hfb-above-header-display":"","ast-hfb-below-header-display":"","ast-hfb-mobile-header-display":"","site-post-title":"","ast-breadcrumbs-content":"","ast-featured-img":"","footer-sml-layout":"","theme-transparent-header-meta":"","adv-header-id-meta":"","stick-header-meta":"","header-above-stick-meta":"","header-main-stick-meta":"","header-below-stick-meta":"","astra-migrate-meta-layouts":"default","ast-page-background-enabled":"default","ast-page-background-meta":{"desktop":{"background-color":"var(--ast-global-color-5)","background-image":"","background-repeat":"repeat","background-position":"center center","background-size":"auto","background-attachment":"scroll","background-type":"","background-media":"","overlay-type":"","overlay-color":"","overlay-opacity":"","overlay-gradient":""},"tablet":{"background-color":"","background-image":"","background-repeat":"repeat","background-position":"center center","background-size":"auto","background-attachment":"scroll","background-type":"","background-media":"","overlay-type":"","overlay-color":"","overlay-opacity":"","overlay-gradient":""},"mobile":{"background-color":"","background-image":"","background-repeat":"repeat","background-position":"center center","background-size":"auto","background-attachment":"scroll","background-type":"","background-media":"","overlay-type":"","overlay-color":"","overlay-opacity":"","overlay-gradient":""}},"ast-content-background-meta":{"desktop":{"background-color":"var(--ast-global-color-4)","background-image":"","background-repeat":"repeat","background-position":"center center","background-size":"auto","background-attachment":"scroll","background-type":"","background-media":"","overlay-type":"","overlay-color":"","overlay-opacity":"","overlay-gradient":""},"tablet":{"background-color":"var(--ast-global-color-4)","background-image":"","background-repeat":"repeat","background-position":"center center","background-size":"auto","background-attachment":"scroll","background-type":"","background-media":"","overlay-type":"","overlay-color":"","overlay-opacity":"","overlay-gradient":""},"mobile":{"background-color":"var(--ast-global-color-4)","background-image":"","background-repeat":"repeat","background-position":"center center","background-size":"auto","background-attachment":"scroll","background-type":"","background-media":"","overlay-type":"","overlay-color":"","overlay-opacity":"","overlay-gradient":""}},"footnotes":""},"categories":[33,28,81],"tags":[180],"class_list":["post-31184","post","type-post","status-publish","format-standard","has-post-thumbnail","hentry","category-curiosidades","category-flores-y-plantas","category-luto","tag-cementerio"],"acf":[],"yoast_head":"<!-- This site is optimized with the Yoast SEO plugin v27.5 - https:\/\/yoast.com\/product\/yoast-seo-wordpress\/ -->\n<title>Los cementerios m\u00e1s bonitos de Espa\u00f1a | Interflora<\/title>\n<meta name=\"description\" content=\"Visitar un cementerio es una manera de conocer la cultura y las costumbres locales. Descubre cu\u00e1les son los cementerios m\u00e1s bonitos de Espa\u00f1a y las tumbas m\u00e1s famosas.\" \/>\n<meta name=\"robots\" content=\"index, follow, max-snippet:-1, max-image-preview:large, max-video-preview:-1\" \/>\n<link rel=\"canonical\" href=\"https:\/\/www.interflora.es\/blog\/los-cementerios-mas-bonitos-de-espana\/\" \/>\n<script type=\"application\/ld+json\" class=\"yoast-schema-graph\">{\"@context\":\"https:\\\/\\\/schema.org\",\"@graph\":[{\"@type\":\"Article\",\"@id\":\"https:\\\/\\\/www.interflora.es\\\/blog\\\/los-cementerios-mas-bonitos-de-espana\\\/#article\",\"isPartOf\":{\"@id\":\"https:\\\/\\\/www.interflora.es\\\/blog\\\/los-cementerios-mas-bonitos-de-espana\\\/\"},\"author\":{\"name\":\"Interflora\",\"@id\":\"https:\\\/\\\/www.interflora.es\\\/blog\\\/#\\\/schema\\\/person\\\/e3ecff50262948e365b92682cdc2a9d1\"},\"headline\":\"Los cementerios y las tumbas m\u00e1s bonitos que se pueden visitar en Espa\u00f1a\",\"datePublished\":\"2025-09-04T07:05:18+00:00\",\"dateModified\":\"2025-09-15T08:06:34+00:00\",\"mainEntityOfPage\":{\"@id\":\"https:\\\/\\\/www.interflora.es\\\/blog\\\/los-cementerios-mas-bonitos-de-espana\\\/\"},\"wordCount\":886,\"commentCount\":0,\"publisher\":{\"@id\":\"https:\\\/\\\/www.interflora.es\\\/blog\\\/#organization\"},\"image\":{\"@id\":\"https:\\\/\\\/www.interflora.es\\\/blog\\\/los-cementerios-mas-bonitos-de-espana\\\/#primaryimage\"},\"thumbnailUrl\":\"https:\\\/\\\/www.interflora.es\\\/blog\\\/wp-content\\\/uploads\\\/2022\\\/11\\\/cementerio-con-flores.jpeg\",\"keywords\":[\"cementerio\"],\"articleSection\":[\"Curiosidades\",\"Flores y plantas\",\"Luto\"],\"inLanguage\":\"es\",\"potentialAction\":[{\"@type\":\"CommentAction\",\"name\":\"Comment\",\"target\":[\"https:\\\/\\\/www.interflora.es\\\/blog\\\/los-cementerios-mas-bonitos-de-espana\\\/#respond\"]}]},{\"@type\":\"WebPage\",\"@id\":\"https:\\\/\\\/www.interflora.es\\\/blog\\\/los-cementerios-mas-bonitos-de-espana\\\/\",\"url\":\"https:\\\/\\\/www.interflora.es\\\/blog\\\/los-cementerios-mas-bonitos-de-espana\\\/\",\"name\":\"Los cementerios m\u00e1s bonitos de Espa\u00f1a | Interflora\",\"isPartOf\":{\"@id\":\"https:\\\/\\\/www.interflora.es\\\/blog\\\/#website\"},\"primaryImageOfPage\":{\"@id\":\"https:\\\/\\\/www.interflora.es\\\/blog\\\/los-cementerios-mas-bonitos-de-espana\\\/#primaryimage\"},\"image\":{\"@id\":\"https:\\\/\\\/www.interflora.es\\\/blog\\\/los-cementerios-mas-bonitos-de-espana\\\/#primaryimage\"},\"thumbnailUrl\":\"https:\\\/\\\/www.interflora.es\\\/blog\\\/wp-content\\\/uploads\\\/2022\\\/11\\\/cementerio-con-flores.jpeg\",\"datePublished\":\"2025-09-04T07:05:18+00:00\",\"dateModified\":\"2025-09-15T08:06:34+00:00\",\"description\":\"Visitar un cementerio es una manera de conocer la cultura y las costumbres locales. Descubre cu\u00e1les son los cementerios m\u00e1s bonitos de Espa\u00f1a y las tumbas m\u00e1s famosas.\",\"breadcrumb\":{\"@id\":\"https:\\\/\\\/www.interflora.es\\\/blog\\\/los-cementerios-mas-bonitos-de-espana\\\/#breadcrumb\"},\"inLanguage\":\"es\",\"potentialAction\":[{\"@type\":\"ReadAction\",\"target\":[\"https:\\\/\\\/www.interflora.es\\\/blog\\\/los-cementerios-mas-bonitos-de-espana\\\/\"]}]},{\"@type\":\"ImageObject\",\"inLanguage\":\"es\",\"@id\":\"https:\\\/\\\/www.interflora.es\\\/blog\\\/los-cementerios-mas-bonitos-de-espana\\\/#primaryimage\",\"url\":\"https:\\\/\\\/www.interflora.es\\\/blog\\\/wp-content\\\/uploads\\\/2022\\\/11\\\/cementerio-con-flores.jpeg\",\"contentUrl\":\"https:\\\/\\\/www.interflora.es\\\/blog\\\/wp-content\\\/uploads\\\/2022\\\/11\\\/cementerio-con-flores.jpeg\",\"width\":657,\"height\":658},{\"@type\":\"BreadcrumbList\",\"@id\":\"https:\\\/\\\/www.interflora.es\\\/blog\\\/los-cementerios-mas-bonitos-de-espana\\\/#breadcrumb\",\"itemListElement\":[{\"@type\":\"ListItem\",\"position\":1,\"name\":\"Home\",\"item\":\"https:\\\/\\\/www.interflora.es\\\/blog\\\/\"},{\"@type\":\"ListItem\",\"position\":2,\"name\":\"Los cementerios y las tumbas m\u00e1s bonitos que se pueden visitar en Espa\u00f1a\"}]},{\"@type\":\"WebSite\",\"@id\":\"https:\\\/\\\/www.interflora.es\\\/blog\\\/#website\",\"url\":\"https:\\\/\\\/www.interflora.es\\\/blog\\\/\",\"name\":\"El blog de Interflora : consejos, ideas e inspiraci\u00f3n para disfrutar de las flores y las plantas\",\"description\":\"\",\"publisher\":{\"@id\":\"https:\\\/\\\/www.interflora.es\\\/blog\\\/#organization\"},\"potentialAction\":[{\"@type\":\"SearchAction\",\"target\":{\"@type\":\"EntryPoint\",\"urlTemplate\":\"https:\\\/\\\/www.interflora.es\\\/blog\\\/?s={search_term_string}\"},\"query-input\":{\"@type\":\"PropertyValueSpecification\",\"valueRequired\":true,\"valueName\":\"search_term_string\"}}],\"inLanguage\":\"es\"},{\"@type\":\"Organization\",\"@id\":\"https:\\\/\\\/www.interflora.es\\\/blog\\\/#organization\",\"name\":\"El blog de Interflora : consejos, ideas e inspiraci\u00f3n para disfrutar de las flores y las plantas\",\"url\":\"https:\\\/\\\/www.interflora.es\\\/blog\\\/\",\"logo\":{\"@type\":\"ImageObject\",\"inLanguage\":\"es\",\"@id\":\"https:\\\/\\\/www.interflora.es\\\/blog\\\/#\\\/schema\\\/logo\\\/image\\\/\",\"url\":\"https:\\\/\\\/www.interflora.es\\\/blog\\\/wp-content\\\/uploads\\\/2025\\\/10\\\/cropped-220422_INTERFLORA_Logo_rgb_Half_Top_Circle_Main_Color.png\",\"contentUrl\":\"https:\\\/\\\/www.interflora.es\\\/blog\\\/wp-content\\\/uploads\\\/2025\\\/10\\\/cropped-220422_INTERFLORA_Logo_rgb_Half_Top_Circle_Main_Color.png\",\"width\":1418,\"height\":659,\"caption\":\"El blog de Interflora : consejos, ideas e inspiraci\u00f3n para disfrutar de las flores y las plantas\"},\"image\":{\"@id\":\"https:\\\/\\\/www.interflora.es\\\/blog\\\/#\\\/schema\\\/logo\\\/image\\\/\"}},{\"@type\":\"Person\",\"@id\":\"https:\\\/\\\/www.interflora.es\\\/blog\\\/#\\\/schema\\\/person\\\/e3ecff50262948e365b92682cdc2a9d1\",\"name\":\"Interflora\",\"image\":{\"@type\":\"ImageObject\",\"inLanguage\":\"es\",\"@id\":\"https:\\\/\\\/www.interflora.es\\\/blog\\\/wp-content\\\/litespeed\\\/avatar\\\/ef0a9e22ccabc545011ca74a630eaf3e.jpg?ver=1777555250\",\"url\":\"https:\\\/\\\/www.interflora.es\\\/blog\\\/wp-content\\\/litespeed\\\/avatar\\\/ef0a9e22ccabc545011ca74a630eaf3e.jpg?ver=1777555250\",\"contentUrl\":\"https:\\\/\\\/www.interflora.es\\\/blog\\\/wp-content\\\/litespeed\\\/avatar\\\/ef0a9e22ccabc545011ca74a630eaf3e.jpg?ver=1777555250\",\"caption\":\"Interflora\"}}]}<\/script>\n<!-- \/ Yoast SEO plugin. -->","yoast_head_json":{"title":"Los cementerios m\u00e1s bonitos de Espa\u00f1a | Interflora","description":"Visitar un cementerio es una manera de conocer la cultura y las costumbres locales. Descubre cu\u00e1les son los cementerios m\u00e1s bonitos de Espa\u00f1a y las tumbas m\u00e1s famosas.","robots":{"index":"index","follow":"follow","max-snippet":"max-snippet:-1","max-image-preview":"max-image-preview:large","max-video-preview":"max-video-preview:-1"},"canonical":"https:\/\/www.interflora.es\/blog\/los-cementerios-mas-bonitos-de-espana\/","schema":{"@context":"https:\/\/schema.org","@graph":[{"@type":"Article","@id":"https:\/\/www.interflora.es\/blog\/los-cementerios-mas-bonitos-de-espana\/#article","isPartOf":{"@id":"https:\/\/www.interflora.es\/blog\/los-cementerios-mas-bonitos-de-espana\/"},"author":{"name":"Interflora","@id":"https:\/\/www.interflora.es\/blog\/#\/schema\/person\/e3ecff50262948e365b92682cdc2a9d1"},"headline":"Los cementerios y las tumbas m\u00e1s bonitos que se pueden visitar en Espa\u00f1a","datePublished":"2025-09-04T07:05:18+00:00","dateModified":"2025-09-15T08:06:34+00:00","mainEntityOfPage":{"@id":"https:\/\/www.interflora.es\/blog\/los-cementerios-mas-bonitos-de-espana\/"},"wordCount":886,"commentCount":0,"publisher":{"@id":"https:\/\/www.interflora.es\/blog\/#organization"},"image":{"@id":"https:\/\/www.interflora.es\/blog\/los-cementerios-mas-bonitos-de-espana\/#primaryimage"},"thumbnailUrl":"https:\/\/www.interflora.es\/blog\/wp-content\/uploads\/2022\/11\/cementerio-con-flores.jpeg","keywords":["cementerio"],"articleSection":["Curiosidades","Flores y plantas","Luto"],"inLanguage":"es","potentialAction":[{"@type":"CommentAction","name":"Comment","target":["https:\/\/www.interflora.es\/blog\/los-cementerios-mas-bonitos-de-espana\/#respond"]}]},{"@type":"WebPage","@id":"https:\/\/www.interflora.es\/blog\/los-cementerios-mas-bonitos-de-espana\/","url":"https:\/\/www.interflora.es\/blog\/los-cementerios-mas-bonitos-de-espana\/","name":"Los cementerios m\u00e1s bonitos de Espa\u00f1a | Interflora","isPartOf":{"@id":"https:\/\/www.interflora.es\/blog\/#website"},"primaryImageOfPage":{"@id":"https:\/\/www.interflora.es\/blog\/los-cementerios-mas-bonitos-de-espana\/#primaryimage"},"image":{"@id":"https:\/\/www.interflora.es\/blog\/los-cementerios-mas-bonitos-de-espana\/#primaryimage"},"thumbnailUrl":"https:\/\/www.interflora.es\/blog\/wp-content\/uploads\/2022\/11\/cementerio-con-flores.jpeg","datePublished":"2025-09-04T07:05:18+00:00","dateModified":"2025-09-15T08:06:34+00:00","description":"Visitar un cementerio es una manera de conocer la cultura y las costumbres locales. Descubre cu\u00e1les son los cementerios m\u00e1s bonitos de Espa\u00f1a y las tumbas m\u00e1s famosas.","breadcrumb":{"@id":"https:\/\/www.interflora.es\/blog\/los-cementerios-mas-bonitos-de-espana\/#breadcrumb"},"inLanguage":"es","potentialAction":[{"@type":"ReadAction","target":["https:\/\/www.interflora.es\/blog\/los-cementerios-mas-bonitos-de-espana\/"]}]},{"@type":"ImageObject","inLanguage":"es","@id":"https:\/\/www.interflora.es\/blog\/los-cementerios-mas-bonitos-de-espana\/#primaryimage","url":"https:\/\/www.interflora.es\/blog\/wp-content\/uploads\/2022\/11\/cementerio-con-flores.jpeg","contentUrl":"https:\/\/www.interflora.es\/blog\/wp-content\/uploads\/2022\/11\/cementerio-con-flores.jpeg","width":657,"height":658},{"@type":"BreadcrumbList","@id":"https:\/\/www.interflora.es\/blog\/los-cementerios-mas-bonitos-de-espana\/#breadcrumb","itemListElement":[{"@type":"ListItem","position":1,"name":"Home","item":"https:\/\/www.interflora.es\/blog\/"},{"@type":"ListItem","position":2,"name":"Los cementerios y las tumbas m\u00e1s bonitos que se pueden visitar en Espa\u00f1a"}]},{"@type":"WebSite","@id":"https:\/\/www.interflora.es\/blog\/#website","url":"https:\/\/www.interflora.es\/blog\/","name":"El blog de Interflora : consejos, ideas e inspiraci\u00f3n para disfrutar de las flores y las plantas","description":"","publisher":{"@id":"https:\/\/www.interflora.es\/blog\/#organization"},"potentialAction":[{"@type":"SearchAction","target":{"@type":"EntryPoint","urlTemplate":"https:\/\/www.interflora.es\/blog\/?s={search_term_string}"},"query-input":{"@type":"PropertyValueSpecification","valueRequired":true,"valueName":"search_term_string"}}],"inLanguage":"es"},{"@type":"Organization","@id":"https:\/\/www.interflora.es\/blog\/#organization","name":"El blog de Interflora : consejos, ideas e inspiraci\u00f3n para disfrutar de las flores y las plantas","url":"https:\/\/www.interflora.es\/blog\/","logo":{"@type":"ImageObject","inLanguage":"es","@id":"https:\/\/www.interflora.es\/blog\/#\/schema\/logo\/image\/","url":"https:\/\/www.interflora.es\/blog\/wp-content\/uploads\/2025\/10\/cropped-220422_INTERFLORA_Logo_rgb_Half_Top_Circle_Main_Color.png","contentUrl":"https:\/\/www.interflora.es\/blog\/wp-content\/uploads\/2025\/10\/cropped-220422_INTERFLORA_Logo_rgb_Half_Top_Circle_Main_Color.png","width":1418,"height":659,"caption":"El blog de Interflora : consejos, ideas e inspiraci\u00f3n para disfrutar de las flores y las plantas"},"image":{"@id":"https:\/\/www.interflora.es\/blog\/#\/schema\/logo\/image\/"}},{"@type":"Person","@id":"https:\/\/www.interflora.es\/blog\/#\/schema\/person\/e3ecff50262948e365b92682cdc2a9d1","name":"Interflora","image":{"@type":"ImageObject","inLanguage":"es","@id":"https:\/\/www.interflora.es\/blog\/wp-content\/litespeed\/avatar\/ef0a9e22ccabc545011ca74a630eaf3e.jpg?ver=1777555250","url":"https:\/\/www.interflora.es\/blog\/wp-content\/litespeed\/avatar\/ef0a9e22ccabc545011ca74a630eaf3e.jpg?ver=1777555250","contentUrl":"https:\/\/www.interflora.es\/blog\/wp-content\/litespeed\/avatar\/ef0a9e22ccabc545011ca74a630eaf3e.jpg?ver=1777555250","caption":"Interflora"}}]}},"uagb_featured_image_src":{"full":["https:\/\/www.interflora.es\/blog\/wp-content\/uploads\/2022\/11\/cementerio-con-flores.jpeg",657,658,false],"thumbnail":["https:\/\/www.interflora.es\/blog\/wp-content\/uploads\/2022\/11\/cementerio-con-flores-150x150.jpeg",150,150,true],"medium":["https:\/\/www.interflora.es\/blog\/wp-content\/uploads\/2022\/11\/cementerio-con-flores-300x300.jpeg",300,300,true],"medium_large":["https:\/\/www.interflora.es\/blog\/wp-content\/uploads\/2022\/11\/cementerio-con-flores.jpeg",657,658,false],"large":["https:\/\/www.interflora.es\/blog\/wp-content\/uploads\/2022\/11\/cementerio-con-flores.jpeg",657,658,false],"1536x1536":["https:\/\/www.interflora.es\/blog\/wp-content\/uploads\/2022\/11\/cementerio-con-flores.jpeg",657,658,false],"2048x2048":["https:\/\/www.interflora.es\/blog\/wp-content\/uploads\/2022\/11\/cementerio-con-flores.jpeg",657,658,false]},"uagb_author_info":{"display_name":"Interflora","author_link":"https:\/\/www.interflora.es\/blog\/author\/interflora\/"},"uagb_comment_info":2,"uagb_excerpt":"Espa\u00f1a alberga algunos de los cementerios m\u00e1s bonitos de Europa, en los que podemos encontrar las tumbas de personajes ilustres, [&hellip;]","_links":{"self":[{"href":"https:\/\/www.interflora.es\/blog\/wp-json\/wp\/v2\/posts\/31184","targetHints":{"allow":["GET"]}}],"collection":[{"href":"https:\/\/www.interflora.es\/blog\/wp-json\/wp\/v2\/posts"}],"about":[{"href":"https:\/\/www.interflora.es\/blog\/wp-json\/wp\/v2\/types\/post"}],"author":[{"embeddable":true,"href":"https:\/\/www.interflora.es\/blog\/wp-json\/wp\/v2\/users\/13"}],"replies":[{"embeddable":true,"href":"https:\/\/www.interflora.es\/blog\/wp-json\/wp\/v2\/comments?post=31184"}],"version-history":[{"count":5,"href":"https:\/\/www.interflora.es\/blog\/wp-json\/wp\/v2\/posts\/31184\/revisions"}],"predecessor-version":[{"id":31206,"href":"https:\/\/www.interflora.es\/blog\/wp-json\/wp\/v2\/posts\/31184\/revisions\/31206"}],"wp:featuredmedia":[{"embeddable":true,"href":"https:\/\/www.interflora.es\/blog\/wp-json\/wp\/v2\/media\/30436"}],"wp:attachment":[{"href":"https:\/\/www.interflora.es\/blog\/wp-json\/wp\/v2\/media?parent=31184"}],"wp:term":[{"taxonomy":"category","embeddable":true,"href":"https:\/\/www.interflora.es\/blog\/wp-json\/wp\/v2\/categories?post=31184"},{"taxonomy":"post_tag","embeddable":true,"href":"https:\/\/www.interflora.es\/blog\/wp-json\/wp\/v2\/tags?post=31184"}],"curies":[{"name":"wp","href":"https:\/\/api.w.org\/{rel}","templated":true}]}}