{"id":30616,"date":"2025-09-16T09:22:30","date_gmt":"2025-09-16T07:22:30","guid":{"rendered":"https:\/\/www.interflora.es\/blog\/?p=30616"},"modified":"2025-09-16T09:22:31","modified_gmt":"2025-09-16T07:22:31","slug":"flores-secas-decoracion","status":"publish","type":"post","link":"https:\/\/www.interflora.es\/blog\/flores-secas-decoracion\/","title":{"rendered":"Flores secas: decoraci\u00f3n original y duradera que nunca pasa de moda"},"content":{"rendered":"\t\t\t\t<div class=\"wp-block-uagb-table-of-contents uagb-toc__align-left uagb-toc__columns-1  uagb-block-5e55dfb2      \"\n\t\t\t\t\tdata-scroll= \"1\"\n\t\t\t\t\tdata-offset= \"30\"\n\t\t\t\t\tstyle=\"\"\n\t\t\t\t>\n\t\t\t\t<div class=\"uagb-toc__wrap\">\n\t\t\t\t\t\t<div class=\"uagb-toc__title\">\n\t\t\t\t\t\t\tTabla de contenidos\t\t\t\t\t\t<\/div>\n\t\t\t\t\t\t\t\t\t\t\t\t\t\t\t\t\t\t\t\t\t\t<div class=\"uagb-toc__list-wrap \">\n\t\t\t\t\t\t<ol class=\"uagb-toc__list\"><li class=\"uagb-toc__list\"><a href=\"#qu\u00e9-son-las-flores-secas\" class=\"uagb-toc-link__trigger\">\u00bfQu\u00e9 son las flores secas?<\/a><li class=\"uagb-toc__list\"><a href=\"#ideas-de-decoraci\u00f3n-con-flores-secas\" class=\"uagb-toc-link__trigger\">Ideas de decoraci\u00f3n con flores secas<\/a><\/ol>\t\t\t\t\t<\/div>\n\t\t\t\t\t\t\t\t\t<\/div>\n\t\t\t\t<\/div>\n\t\t\t\n\n\n<p><strong>Las flores secas<\/strong> son una decoraci\u00f3n <strong>elegante y original<\/strong> que cada vez tiene m\u00e1s seguidores. Un detalle natural para tu hogar que <strong>no requiere cuidados<\/strong> y que <strong>dura mucho tiempo.<\/strong> Adem\u00e1s, las flores secas <strong>son muy vers\u00e1tiles<\/strong>, y se adaptan a todo tipo de decoraci\u00f3n, ya sea en ramos, coronas, cestas o incluso centros de flores secas que sublimar\u00e1n tus momentos m\u00e1s especiales. Si est\u00e1s buscando ideas de decoraci\u00f3n con flores secas, en Interflora te vamos a ayudar a adornar todos tus rincones con un detalle natural que no pasar\u00e1 desapercibido.&nbsp;<br><\/p>\n\n\n\n<figure class=\"wp-block-image alignwide size-large\"><img loading=\"lazy\" decoding=\"async\" width=\"1024\" height=\"682\" src=\"https:\/\/www.interflora.es\/blog\/wp-content\/uploads\/2025\/08\/flower-878822_1280-1024x682.jpg\" alt=\"Flores secas: decoraci\u00f3n original\" class=\"wp-image-30627\" srcset=\"https:\/\/www.interflora.es\/blog\/wp-content\/uploads\/2025\/08\/flower-878822_1280-1024x682.jpg 1024w, https:\/\/www.interflora.es\/blog\/wp-content\/uploads\/2025\/08\/flower-878822_1280-300x200.jpg 300w, https:\/\/www.interflora.es\/blog\/wp-content\/uploads\/2025\/08\/flower-878822_1280-768x512.jpg 768w, https:\/\/www.interflora.es\/blog\/wp-content\/uploads\/2025\/08\/flower-878822_1280.jpg 1280w\" sizes=\"auto, (max-width: 1024px) 100vw, 1024px\" \/><\/figure>\n\n\n\n<h2 class=\"wp-block-heading\">\u00bfQu\u00e9 son las flores secas?<\/h2>\n\n\n\n<p>Seguro que ya las has visto en muchos lugares, ya que su belleza no pasa desapercibida. Sin embargo, antes de hablar de decoraci\u00f3n, es importante que sepas qu\u00e9 son exactamente las flores secas. Este tipo de flores no son m\u00e1s que <strong>flores naturales que se han sometido a un proceso de deshidrataci\u00f3n<\/strong>&nbsp;para eliminar toda el agua que llevan dentro. Esto hace que duren m\u00e1s tiempo en perfecto estado, conservando su forma y colores sin necesidad de cuidados.<\/p>\n\n\n\n<div class=\"wp-block-columns is-layout-flex wp-container-core-columns-is-layout-28f84493 wp-block-columns-is-layout-flex\">\n<div class=\"wp-block-column is-layout-flow wp-block-column-is-layout-flow\">\n<figure class=\"wp-block-image size-large\"><img loading=\"lazy\" decoding=\"async\" width=\"1024\" height=\"682\" src=\"https:\/\/www.interflora.es\/blog\/wp-content\/uploads\/2025\/08\/centro-flores-secas-4-1024x682.jpg\" alt=\"Flores secas\" class=\"wp-image-30666\" srcset=\"https:\/\/www.interflora.es\/blog\/wp-content\/uploads\/2025\/08\/centro-flores-secas-4-1024x682.jpg 1024w, https:\/\/www.interflora.es\/blog\/wp-content\/uploads\/2025\/08\/centro-flores-secas-4-300x200.jpg 300w, https:\/\/www.interflora.es\/blog\/wp-content\/uploads\/2025\/08\/centro-flores-secas-4-768x512.jpg 768w, https:\/\/www.interflora.es\/blog\/wp-content\/uploads\/2025\/08\/centro-flores-secas-4-1536x1023.jpg 1536w, https:\/\/www.interflora.es\/blog\/wp-content\/uploads\/2025\/08\/centro-flores-secas-4.jpg 1900w\" sizes=\"auto, (max-width: 1024px) 100vw, 1024px\" \/><\/figure>\n<\/div>\n\n\n\n<div class=\"wp-block-column is-layout-flow wp-block-column-is-layout-flow\">\n<figure class=\"wp-block-image size-large\"><img loading=\"lazy\" decoding=\"async\" width=\"1024\" height=\"681\" src=\"https:\/\/www.interflora.es\/blog\/wp-content\/uploads\/2025\/08\/dried-flower-2758235_1280-1024x681.jpg\" alt=\"Flores preservadas\" class=\"wp-image-30625\" srcset=\"https:\/\/www.interflora.es\/blog\/wp-content\/uploads\/2025\/08\/dried-flower-2758235_1280-1024x681.jpg 1024w, https:\/\/www.interflora.es\/blog\/wp-content\/uploads\/2025\/08\/dried-flower-2758235_1280-300x199.jpg 300w, https:\/\/www.interflora.es\/blog\/wp-content\/uploads\/2025\/08\/dried-flower-2758235_1280-768x511.jpg 768w, https:\/\/www.interflora.es\/blog\/wp-content\/uploads\/2025\/08\/dried-flower-2758235_1280.jpg 1280w\" sizes=\"auto, (max-width: 1024px) 100vw, 1024px\" \/><\/figure>\n<\/div>\n<\/div>\n\n\n\n<h3 class=\"wp-block-heading\">\u00bfCu\u00e1l es la diferencia entre las flores secas y las preservadas?<\/h3>\n\n\n\n<p>No hace falta que te expliquemos qu\u00e9 son <strong>las flores naturales y frescas<\/strong>, \u00a1<a href=\"https:\/\/www.interflora.es\">nuestra web est\u00e1 llena de ellas<\/a>! Sin embargo, las flores naturales son ef\u00edmeras y acaban por marchitarse. Todo lo contrario de <strong>las flores secas<\/strong>, que son flores frescas que se han dejado secar.&nbsp;<\/p>\n\n\n\n<p>En cuanto a las <strong>flores preservadas<\/strong>, son flores frescas que se han cortado en su mejor momento para aplicarles un tratamiento de rehidrataci\u00f3n con glicerina y otros compuestos vegetales, que las conserva en un estado muy cercano al de la flor fresca. Por eso su precio puede ser un poco m\u00e1s elevado que el de las flores secas.<\/p>\n\n\n\n<div class=\"wp-block-columns is-layout-flex wp-container-core-columns-is-layout-28f84493 wp-block-columns-is-layout-flex\">\n<div class=\"wp-block-column has-border-color is-layout-flow wp-block-column-is-layout-flow\" style=\"border-color:#9c9a30;padding-top:var(--wp--preset--spacing--30);padding-right:var(--wp--preset--spacing--30);padding-bottom:var(--wp--preset--spacing--30);padding-left:var(--wp--preset--spacing--30)\">\n<h3 class=\"wp-block-heading has-text-align-center\">\u00bfPuedo secar cualquier tipo de flor?<\/h3>\n\n\n\n<p>Casi todas las flores se pueden conservar sec\u00e1ndolas o prens\u00e1ndolas, pero algunas quedan mucho mejor que otras, dependiendo del tipo de flor o del m\u00e9todo<br>Las flores con p\u00e9talos suaves y lisos, como las rosas, tienden a secarse mejor que las flores con p\u00e9talos m\u00e1s gruesos o \u00e1speros. La lavanda, la paniculata y el eucalipto est\u00e1n entre los m\u00e1s populares. En cambio, las flores con p\u00e9talos muy finos o delicados pueden romperse f\u00e1cilmente durante el proceso de secado.&nbsp;&nbsp;Las flores con alto contenido de agua pueden ser m\u00e1s dif\u00edciles de secar y pueden perder su forma o color m\u00e1s f\u00e1cilmente.&nbsp;<\/p>\n<\/div>\n\n\n\n<div class=\"wp-block-column has-border-color is-layout-flow wp-block-column-is-layout-flow\" style=\"border-color:#9c9a30;padding-top:var(--wp--preset--spacing--30);padding-right:var(--wp--preset--spacing--30);padding-bottom:var(--wp--preset--spacing--30);padding-left:var(--wp--preset--spacing--30)\">\n<h3 class=\"wp-block-heading has-text-align-center\">\u00bfCu\u00e1nto dura la decoraci\u00f3n con flores secas y c\u00f3mo se conserva?<\/h3>\n\n\n\n<p>Las flores secas pueden durar&nbsp;desde varios meses hasta varios a\u00f1os. Todo depende de c\u00f3mo las conserves y del tipo de flor.&nbsp;Para mantenerlas en buen estado, es importante protegerlas de la luz solar directa, de la humedad y del polvo. Tambi\u00e9n hay que manipularlas con cuidado para evitar que se rompan o que pierdan sus p\u00e9talos.&nbsp;Qu\u00edtalas el polvo de vez en cuando con un trapito, una brocha o un pincel, \u00a1y ya est\u00e1!<\/p>\n<\/div>\n<\/div>\n\n\n\n<div style=\"height:5px\" aria-hidden=\"true\" class=\"wp-block-spacer\"><\/div>\n\n\n\n\n\n<div style=\"height:5px\" aria-hidden=\"true\" class=\"wp-block-spacer\"><\/div>\n\n\n\n<h2 class=\"wp-block-heading\" style=\"margin-top:var(--wp--preset--spacing--40);margin-bottom:var(--wp--preset--spacing--40)\">Ideas de decoraci\u00f3n con flores secas<\/h2>\n\n\n\n<p>Un ramo de flores y ramas secas aporta un toque rom\u00e1ntico y acogedor a cualquier ambiente. Hay montones de ideas de decoraci\u00f3n con flores secas, ya que este tipo de flores tienen la ventaja de ser muy vers\u00e1tiles y de adaptarse a todo tipo de ambientes, ya sean r\u00fasticos, bohemios o elegantes. Aqu\u00ed tienes algunas de las composiciones con flores secas m\u00e1s utilizadas para decoraci\u00f3n:<\/p>\n\n\n\n<div class=\"wp-block-columns is-layout-flex wp-container-core-columns-is-layout-28f84493 wp-block-columns-is-layout-flex\">\n<div class=\"wp-block-column is-layout-flow wp-block-column-is-layout-flow\">\n<figure class=\"wp-block-image size-large\" style=\"margin-top:var(--wp--preset--spacing--30);margin-bottom:var(--wp--preset--spacing--30)\"><img loading=\"lazy\" decoding=\"async\" width=\"1024\" height=\"683\" src=\"https:\/\/www.interflora.es\/blog\/wp-content\/uploads\/2025\/08\/decoracion-ramo-flores-secas-2-1024x683.jpg\" alt=\"Ramo de flores secas\" class=\"wp-image-30656\" srcset=\"https:\/\/www.interflora.es\/blog\/wp-content\/uploads\/2025\/08\/decoracion-ramo-flores-secas-2-1024x683.jpg 1024w, https:\/\/www.interflora.es\/blog\/wp-content\/uploads\/2025\/08\/decoracion-ramo-flores-secas-2-300x200.jpg 300w, https:\/\/www.interflora.es\/blog\/wp-content\/uploads\/2025\/08\/decoracion-ramo-flores-secas-2-768x512.jpg 768w, https:\/\/www.interflora.es\/blog\/wp-content\/uploads\/2025\/08\/decoracion-ramo-flores-secas-2-1536x1024.jpg 1536w, https:\/\/www.interflora.es\/blog\/wp-content\/uploads\/2025\/08\/decoracion-ramo-flores-secas-2.jpg 1900w\" sizes=\"auto, (max-width: 1024px) 100vw, 1024px\" \/><\/figure>\n<\/div>\n\n\n\n<div class=\"wp-block-column is-layout-flow wp-block-column-is-layout-flow\">\n<figure class=\"wp-block-image size-large\" style=\"margin-top:var(--wp--preset--spacing--30);margin-bottom:var(--wp--preset--spacing--30)\"><img loading=\"lazy\" decoding=\"async\" width=\"1024\" height=\"682\" src=\"https:\/\/www.interflora.es\/blog\/wp-content\/uploads\/2025\/08\/popurri-flores-secas-2-1024x682.jpg\" alt=\"Popurr\u00ed de flores secas\" class=\"wp-image-30658\" srcset=\"https:\/\/www.interflora.es\/blog\/wp-content\/uploads\/2025\/08\/popurri-flores-secas-2-1024x682.jpg 1024w, https:\/\/www.interflora.es\/blog\/wp-content\/uploads\/2025\/08\/popurri-flores-secas-2-300x200.jpg 300w, https:\/\/www.interflora.es\/blog\/wp-content\/uploads\/2025\/08\/popurri-flores-secas-2-768x512.jpg 768w, https:\/\/www.interflora.es\/blog\/wp-content\/uploads\/2025\/08\/popurri-flores-secas-2-1536x1023.jpg 1536w, https:\/\/www.interflora.es\/blog\/wp-content\/uploads\/2025\/08\/popurri-flores-secas-2.jpg 1900w\" sizes=\"auto, (max-width: 1024px) 100vw, 1024px\" \/><\/figure>\n<\/div>\n<\/div>\n\n\n\n<div class=\"wp-block-columns is-layout-flex wp-container-core-columns-is-layout-28f84493 wp-block-columns-is-layout-flex\">\n<div class=\"wp-block-column has-border-color is-layout-flow wp-block-column-is-layout-flow\" style=\"border-color:#9c9a30;padding-top:var(--wp--preset--spacing--30);padding-right:var(--wp--preset--spacing--30);padding-bottom:var(--wp--preset--spacing--30);padding-left:var(--wp--preset--spacing--30)\">\n<h3 class=\"wp-block-heading has-text-align-center\">Ramos de flores secas y otros arreglos florales<\/h3>\n\n\n\n<p>Los ramos de flores secas son una idea estupenda para aquellos que quieren a\u00f1adir un toque fresco y natural a su hogar sin tener que preocuparse de cuidar su ramo de flores. Son adem\u00e1s una idea de decoraci\u00f3n duradera y ecol\u00f3gica, que se adapta a todos los interiores y estilos. Puedes jugar con el tipo de flores, con sus colores y formas, as\u00ed como con el recipiente donde las colocas: un jarr\u00f3n, una botella decorada, una cesta. Decorar una entrada con un ramo de espigas secas colocadas con delicadeza sobre una cesta de mimbre es un toque r\u00fastico y sencillo que no pasar\u00e1 desapercibido.<\/p>\n<\/div>\n\n\n\n<div class=\"wp-block-column has-border-color is-layout-flow wp-block-column-is-layout-flow\" style=\"border-color:#9c9a30;padding-top:var(--wp--preset--spacing--30);padding-right:var(--wp--preset--spacing--30);padding-bottom:var(--wp--preset--spacing--30);padding-left:var(--wp--preset--spacing--30)\">\n<h3 class=\"wp-block-heading has-text-align-center\">Sombreros, cuadros, marcap\u00e1ginas y popurr\u00eds de flores secas<\/h3>\n\n\n\n<p>Las ideas de decoraci\u00f3n con flores secas son tan abundantes que podr\u00edamos hablarte de ellas durante horas. Una idea muy original es decorar bonitos sombreros de paja con ramilletes de flores secas y colgarlos en los rincones m\u00e1s especiales de tu hogar. Los cuadros, as\u00ed como los marcap\u00e1ginas o las postales, son ideas de decoraci\u00f3n con flores secas que puedes fabricar t\u00fa mismo\/a. Colocar bonitos recipientes con estas flores a modo de popurr\u00ed es una idea estupenda para dar un toque de color muy natural a tus muebles y estanter\u00edas.<\/p>\n<\/div>\n<\/div>\n\n\n\n<p><\/p>\n\n\n\n<div class=\"wp-block-columns is-layout-flex wp-container-core-columns-is-layout-28f84493 wp-block-columns-is-layout-flex\">\n<div class=\"wp-block-column is-layout-flow wp-block-column-is-layout-flow\">\n<figure class=\"wp-block-image size-large\" style=\"margin-top:var(--wp--preset--spacing--30);margin-bottom:var(--wp--preset--spacing--30)\"><img loading=\"lazy\" decoding=\"async\" width=\"1024\" height=\"682\" src=\"https:\/\/www.interflora.es\/blog\/wp-content\/uploads\/2025\/08\/flores-secas-decoracion-4-1024x682.jpg\" alt=\"Centro de flores secas\" class=\"wp-image-30665\" srcset=\"https:\/\/www.interflora.es\/blog\/wp-content\/uploads\/2025\/08\/flores-secas-decoracion-4-1024x682.jpg 1024w, https:\/\/www.interflora.es\/blog\/wp-content\/uploads\/2025\/08\/flores-secas-decoracion-4-300x200.jpg 300w, https:\/\/www.interflora.es\/blog\/wp-content\/uploads\/2025\/08\/flores-secas-decoracion-4-768x512.jpg 768w, https:\/\/www.interflora.es\/blog\/wp-content\/uploads\/2025\/08\/flores-secas-decoracion-4-1536x1023.jpg 1536w, https:\/\/www.interflora.es\/blog\/wp-content\/uploads\/2025\/08\/flores-secas-decoracion-4.jpg 1900w\" sizes=\"auto, (max-width: 1024px) 100vw, 1024px\" \/><\/figure>\n<\/div>\n\n\n\n<div class=\"wp-block-column is-layout-flow wp-block-column-is-layout-flow\">\n<figure class=\"wp-block-image size-large\" style=\"margin-top:var(--wp--preset--spacing--30);margin-bottom:var(--wp--preset--spacing--30)\"><img loading=\"lazy\" decoding=\"async\" width=\"1024\" height=\"678\" src=\"https:\/\/www.interflora.es\/blog\/wp-content\/uploads\/2025\/08\/corona-flores-secas-2-1024x678.jpg\" alt=\"Corona de flores secas\" class=\"wp-image-30670\" srcset=\"https:\/\/www.interflora.es\/blog\/wp-content\/uploads\/2025\/08\/corona-flores-secas-2-1024x678.jpg 1024w, https:\/\/www.interflora.es\/blog\/wp-content\/uploads\/2025\/08\/corona-flores-secas-2-300x199.jpg 300w, https:\/\/www.interflora.es\/blog\/wp-content\/uploads\/2025\/08\/corona-flores-secas-2-768x509.jpg 768w, https:\/\/www.interflora.es\/blog\/wp-content\/uploads\/2025\/08\/corona-flores-secas-2-1536x1017.jpg 1536w, https:\/\/www.interflora.es\/blog\/wp-content\/uploads\/2025\/08\/corona-flores-secas-2-2048x1356.jpg 2048w\" sizes=\"auto, (max-width: 1024px) 100vw, 1024px\" \/><\/figure>\n<\/div>\n<\/div>\n\n\n\n<div class=\"wp-block-columns is-layout-flex wp-container-core-columns-is-layout-28f84493 wp-block-columns-is-layout-flex\">\n<div class=\"wp-block-column has-border-color is-layout-flow wp-block-column-is-layout-flow\" style=\"border-color:#9c9a30;padding-top:var(--wp--preset--spacing--30);padding-right:var(--wp--preset--spacing--30);padding-bottom:var(--wp--preset--spacing--30);padding-left:var(--wp--preset--spacing--30)\">\n<h3 class=\"wp-block-heading has-text-align-center\">Centros de flores secas<\/h3>\n\n\n\n<p>Los centros de mesa con flores y ramas secas son ideales para decorar una comida o cena en familia o con amigos, as\u00ed como para dar un toque de luz y color a cualquier rinc\u00f3n, desde un recibidor hasta la mesa de una terraza o jard\u00edn. Al igual que los ramos, puedes elegir entre muchos tipos de centros de mesa de flores secas, que se adaptan tanto a tus eventos como al estilo decorativo. Los puedes usar tambi\u00e9n para decorar las mesas de una boda y para alegrar cualquier celebraci\u00f3n, recicl\u00e1ndolos despu\u00e9s para decorar tu hogar. \u00a1Un acto ecol\u00f3gico, econ\u00f3mico y elegante!<\/p>\n<\/div>\n\n\n\n<div class=\"wp-block-column has-border-color is-layout-flow wp-block-column-is-layout-flow\" style=\"border-color:#9c9a30;padding-top:var(--wp--preset--spacing--30);padding-right:var(--wp--preset--spacing--30);padding-bottom:var(--wp--preset--spacing--30);padding-left:var(--wp--preset--spacing--30)\">\n<h3 class=\"wp-block-heading has-text-align-center\">Coronas y guirnaldas de flores secas<\/h3>\n\n\n\n<p>Son una opci\u00f3n estupenda para decorar puertas, paredes o ventanas con elegancia y naturalidad. Son ideales para ciertos momentos del a\u00f1o, como la Navidad, pero tambi\u00e9n para decorar eventos especiales como bodas u otras celebraciones. Puedes utilizar cualquier tipo de flores y crear t\u00fa mismo\/a tus coronas, adaptando la creaci\u00f3n a tus necesidades decorativas.<\/p>\n<\/div>\n<\/div>\n\n\n\n<p style=\"margin-top:var(--wp--preset--spacing--30);margin-bottom:var(--wp--preset--spacing--30)\">Ahora que ya tienes muchas ideas de decoraci\u00f3n con flores secas, <a href=\"https:\/\/www.interflora.es\/c\/flores\/flores-secas\">no dudes en consultar nuestra web<\/a>. Tenemos centros de mesa de flores secas y preciosos ramos que compiten en belleza con nuestras flores frescas m\u00e1s impresionantes, todos con entrega r\u00e1pida a domicilio. \u00a1Seguro que lo m\u00e1s dif\u00edcil ser\u00e1 elegir cu\u00e1l quieres comprar!<\/p>\n","protected":false},"excerpt":{"rendered":"<p>Las flores secas son una decoraci\u00f3n elegante y original que cada vez tiene m\u00e1s seguidores. Un detalle natural para tu [&hellip;]<\/p>\n","protected":false},"author":13,"featured_media":31149,"comment_status":"open","ping_status":"open","sticky":false,"template":"","format":"standard","meta":{"_acf_changed":false,"_uag_custom_page_level_css":"","site-sidebar-layout":"default","site-content-layout":"","ast-site-content-layout":"default","site-content-style":"default","site-sidebar-style":"default","ast-global-header-display":"","ast-banner-title-visibility":"","ast-main-header-display":"","ast-hfb-above-header-display":"","ast-hfb-below-header-display":"","ast-hfb-mobile-header-display":"","site-post-title":"","ast-breadcrumbs-content":"","ast-featured-img":"","footer-sml-layout":"","theme-transparent-header-meta":"","adv-header-id-meta":"","stick-header-meta":"","header-above-stick-meta":"","header-main-stick-meta":"","header-below-stick-meta":"","astra-migrate-meta-layouts":"default","ast-page-background-enabled":"default","ast-page-background-meta":{"desktop":{"background-color":"var(--ast-global-color-5)","background-image":"","background-repeat":"repeat","background-position":"center center","background-size":"auto","background-attachment":"scroll","background-type":"","background-media":"","overlay-type":"","overlay-color":"","overlay-opacity":"","overlay-gradient":""},"tablet":{"background-color":"","background-image":"","background-repeat":"repeat","background-position":"center center","background-size":"auto","background-attachment":"scroll","background-type":"","background-media":"","overlay-type":"","overlay-color":"","overlay-opacity":"","overlay-gradient":""},"mobile":{"background-color":"","background-image":"","background-repeat":"repeat","background-position":"center center","background-size":"auto","background-attachment":"scroll","background-type":"","background-media":"","overlay-type":"","overlay-color":"","overlay-opacity":"","overlay-gradient":""}},"ast-content-background-meta":{"desktop":{"background-color":"var(--ast-global-color-4)","background-image":"","background-repeat":"repeat","background-position":"center center","background-size":"auto","background-attachment":"scroll","background-type":"","background-media":"","overlay-type":"","overlay-color":"","overlay-opacity":"","overlay-gradient":""},"tablet":{"background-color":"var(--ast-global-color-4)","background-image":"","background-repeat":"repeat","background-position":"center center","background-size":"auto","background-attachment":"scroll","background-type":"","background-media":"","overlay-type":"","overlay-color":"","overlay-opacity":"","overlay-gradient":""},"mobile":{"background-color":"var(--ast-global-color-4)","background-image":"","background-repeat":"repeat","background-position":"center center","background-size":"auto","background-attachment":"scroll","background-type":"","background-media":"","overlay-type":"","overlay-color":"","overlay-opacity":"","overlay-gradient":""}},"footnotes":""},"categories":[28],"tags":[61],"class_list":["post-30616","post","type-post","status-publish","format-standard","has-post-thumbnail","hentry","category-flores-y-plantas","tag-flores-secas"],"acf":[],"yoast_head":"<!-- This site is optimized with the Yoast SEO plugin v27.5 - https:\/\/yoast.com\/product\/yoast-seo-wordpress\/ -->\n<title>Flores secas: decoraci\u00f3n original para cualquier rinc\u00f3n | Interflora<\/title>\n<meta name=\"description\" content=\"La decoraci\u00f3n con flores secas es una tendencia que no pasa de moda. Interflora tiene ramos y centros de flores secas para ti. Entrega en 24h.\" \/>\n<meta name=\"robots\" content=\"index, follow, max-snippet:-1, max-image-preview:large, max-video-preview:-1\" \/>\n<link rel=\"canonical\" href=\"https:\/\/www.interflora.es\/blog\/flores-secas-decoracion\/\" \/>\n<script type=\"application\/ld+json\" class=\"yoast-schema-graph\">{\"@context\":\"https:\\\/\\\/schema.org\",\"@graph\":[{\"@type\":\"Article\",\"@id\":\"https:\\\/\\\/www.interflora.es\\\/blog\\\/flores-secas-decoracion\\\/#article\",\"isPartOf\":{\"@id\":\"https:\\\/\\\/www.interflora.es\\\/blog\\\/flores-secas-decoracion\\\/\"},\"author\":{\"name\":\"Interflora\",\"@id\":\"https:\\\/\\\/www.interflora.es\\\/blog\\\/#\\\/schema\\\/person\\\/e3ecff50262948e365b92682cdc2a9d1\"},\"headline\":\"Flores secas: decoraci\u00f3n original y duradera que nunca pasa de moda\",\"datePublished\":\"2025-09-16T07:22:30+00:00\",\"dateModified\":\"2025-09-16T07:22:31+00:00\",\"mainEntityOfPage\":{\"@id\":\"https:\\\/\\\/www.interflora.es\\\/blog\\\/flores-secas-decoracion\\\/\"},\"wordCount\":1081,\"commentCount\":0,\"publisher\":{\"@id\":\"https:\\\/\\\/www.interflora.es\\\/blog\\\/#organization\"},\"image\":{\"@id\":\"https:\\\/\\\/www.interflora.es\\\/blog\\\/flores-secas-decoracion\\\/#primaryimage\"},\"thumbnailUrl\":\"https:\\\/\\\/www.interflora.es\\\/blog\\\/wp-content\\\/uploads\\\/2025\\\/08\\\/flores-secas-portada.jpg\",\"keywords\":[\"flores secas\"],\"articleSection\":[\"Flores y plantas\"],\"inLanguage\":\"es\",\"potentialAction\":[{\"@type\":\"CommentAction\",\"name\":\"Comment\",\"target\":[\"https:\\\/\\\/www.interflora.es\\\/blog\\\/flores-secas-decoracion\\\/#respond\"]}]},{\"@type\":\"WebPage\",\"@id\":\"https:\\\/\\\/www.interflora.es\\\/blog\\\/flores-secas-decoracion\\\/\",\"url\":\"https:\\\/\\\/www.interflora.es\\\/blog\\\/flores-secas-decoracion\\\/\",\"name\":\"Flores secas: decoraci\u00f3n original para cualquier rinc\u00f3n | Interflora\",\"isPartOf\":{\"@id\":\"https:\\\/\\\/www.interflora.es\\\/blog\\\/#website\"},\"primaryImageOfPage\":{\"@id\":\"https:\\\/\\\/www.interflora.es\\\/blog\\\/flores-secas-decoracion\\\/#primaryimage\"},\"image\":{\"@id\":\"https:\\\/\\\/www.interflora.es\\\/blog\\\/flores-secas-decoracion\\\/#primaryimage\"},\"thumbnailUrl\":\"https:\\\/\\\/www.interflora.es\\\/blog\\\/wp-content\\\/uploads\\\/2025\\\/08\\\/flores-secas-portada.jpg\",\"datePublished\":\"2025-09-16T07:22:30+00:00\",\"dateModified\":\"2025-09-16T07:22:31+00:00\",\"description\":\"La decoraci\u00f3n con flores secas es una tendencia que no pasa de moda. Interflora tiene ramos y centros de flores secas para ti. Entrega en 24h.\",\"breadcrumb\":{\"@id\":\"https:\\\/\\\/www.interflora.es\\\/blog\\\/flores-secas-decoracion\\\/#breadcrumb\"},\"inLanguage\":\"es\",\"potentialAction\":[{\"@type\":\"ReadAction\",\"target\":[\"https:\\\/\\\/www.interflora.es\\\/blog\\\/flores-secas-decoracion\\\/\"]}]},{\"@type\":\"ImageObject\",\"inLanguage\":\"es\",\"@id\":\"https:\\\/\\\/www.interflora.es\\\/blog\\\/flores-secas-decoracion\\\/#primaryimage\",\"url\":\"https:\\\/\\\/www.interflora.es\\\/blog\\\/wp-content\\\/uploads\\\/2025\\\/08\\\/flores-secas-portada.jpg\",\"contentUrl\":\"https:\\\/\\\/www.interflora.es\\\/blog\\\/wp-content\\\/uploads\\\/2025\\\/08\\\/flores-secas-portada.jpg\",\"width\":851,\"height\":851},{\"@type\":\"BreadcrumbList\",\"@id\":\"https:\\\/\\\/www.interflora.es\\\/blog\\\/flores-secas-decoracion\\\/#breadcrumb\",\"itemListElement\":[{\"@type\":\"ListItem\",\"position\":1,\"name\":\"Home\",\"item\":\"https:\\\/\\\/www.interflora.es\\\/blog\\\/\"},{\"@type\":\"ListItem\",\"position\":2,\"name\":\"Flores secas: decoraci\u00f3n original y duradera que nunca pasa de moda\"}]},{\"@type\":\"WebSite\",\"@id\":\"https:\\\/\\\/www.interflora.es\\\/blog\\\/#website\",\"url\":\"https:\\\/\\\/www.interflora.es\\\/blog\\\/\",\"name\":\"El blog de Interflora : consejos, ideas e inspiraci\u00f3n para disfrutar de las flores y las plantas\",\"description\":\"\",\"publisher\":{\"@id\":\"https:\\\/\\\/www.interflora.es\\\/blog\\\/#organization\"},\"potentialAction\":[{\"@type\":\"SearchAction\",\"target\":{\"@type\":\"EntryPoint\",\"urlTemplate\":\"https:\\\/\\\/www.interflora.es\\\/blog\\\/?s={search_term_string}\"},\"query-input\":{\"@type\":\"PropertyValueSpecification\",\"valueRequired\":true,\"valueName\":\"search_term_string\"}}],\"inLanguage\":\"es\"},{\"@type\":\"Organization\",\"@id\":\"https:\\\/\\\/www.interflora.es\\\/blog\\\/#organization\",\"name\":\"El blog de Interflora : consejos, ideas e inspiraci\u00f3n para disfrutar de las flores y las plantas\",\"url\":\"https:\\\/\\\/www.interflora.es\\\/blog\\\/\",\"logo\":{\"@type\":\"ImageObject\",\"inLanguage\":\"es\",\"@id\":\"https:\\\/\\\/www.interflora.es\\\/blog\\\/#\\\/schema\\\/logo\\\/image\\\/\",\"url\":\"https:\\\/\\\/www.interflora.es\\\/blog\\\/wp-content\\\/uploads\\\/2025\\\/10\\\/cropped-220422_INTERFLORA_Logo_rgb_Half_Top_Circle_Main_Color.png\",\"contentUrl\":\"https:\\\/\\\/www.interflora.es\\\/blog\\\/wp-content\\\/uploads\\\/2025\\\/10\\\/cropped-220422_INTERFLORA_Logo_rgb_Half_Top_Circle_Main_Color.png\",\"width\":1418,\"height\":659,\"caption\":\"El blog de Interflora : consejos, ideas e inspiraci\u00f3n para disfrutar de las flores y las plantas\"},\"image\":{\"@id\":\"https:\\\/\\\/www.interflora.es\\\/blog\\\/#\\\/schema\\\/logo\\\/image\\\/\"}},{\"@type\":\"Person\",\"@id\":\"https:\\\/\\\/www.interflora.es\\\/blog\\\/#\\\/schema\\\/person\\\/e3ecff50262948e365b92682cdc2a9d1\",\"name\":\"Interflora\",\"image\":{\"@type\":\"ImageObject\",\"inLanguage\":\"es\",\"@id\":\"https:\\\/\\\/www.interflora.es\\\/blog\\\/wp-content\\\/litespeed\\\/avatar\\\/ef0a9e22ccabc545011ca74a630eaf3e.jpg?ver=1777555250\",\"url\":\"https:\\\/\\\/www.interflora.es\\\/blog\\\/wp-content\\\/litespeed\\\/avatar\\\/ef0a9e22ccabc545011ca74a630eaf3e.jpg?ver=1777555250\",\"contentUrl\":\"https:\\\/\\\/www.interflora.es\\\/blog\\\/wp-content\\\/litespeed\\\/avatar\\\/ef0a9e22ccabc545011ca74a630eaf3e.jpg?ver=1777555250\",\"caption\":\"Interflora\"}}]}<\/script>\n<!-- \/ Yoast SEO plugin. -->","yoast_head_json":{"title":"Flores secas: decoraci\u00f3n original para cualquier rinc\u00f3n | Interflora","description":"La decoraci\u00f3n con flores secas es una tendencia que no pasa de moda. Interflora tiene ramos y centros de flores secas para ti. Entrega en 24h.","robots":{"index":"index","follow":"follow","max-snippet":"max-snippet:-1","max-image-preview":"max-image-preview:large","max-video-preview":"max-video-preview:-1"},"canonical":"https:\/\/www.interflora.es\/blog\/flores-secas-decoracion\/","schema":{"@context":"https:\/\/schema.org","@graph":[{"@type":"Article","@id":"https:\/\/www.interflora.es\/blog\/flores-secas-decoracion\/#article","isPartOf":{"@id":"https:\/\/www.interflora.es\/blog\/flores-secas-decoracion\/"},"author":{"name":"Interflora","@id":"https:\/\/www.interflora.es\/blog\/#\/schema\/person\/e3ecff50262948e365b92682cdc2a9d1"},"headline":"Flores secas: decoraci\u00f3n original y duradera que nunca pasa de moda","datePublished":"2025-09-16T07:22:30+00:00","dateModified":"2025-09-16T07:22:31+00:00","mainEntityOfPage":{"@id":"https:\/\/www.interflora.es\/blog\/flores-secas-decoracion\/"},"wordCount":1081,"commentCount":0,"publisher":{"@id":"https:\/\/www.interflora.es\/blog\/#organization"},"image":{"@id":"https:\/\/www.interflora.es\/blog\/flores-secas-decoracion\/#primaryimage"},"thumbnailUrl":"https:\/\/www.interflora.es\/blog\/wp-content\/uploads\/2025\/08\/flores-secas-portada.jpg","keywords":["flores secas"],"articleSection":["Flores y plantas"],"inLanguage":"es","potentialAction":[{"@type":"CommentAction","name":"Comment","target":["https:\/\/www.interflora.es\/blog\/flores-secas-decoracion\/#respond"]}]},{"@type":"WebPage","@id":"https:\/\/www.interflora.es\/blog\/flores-secas-decoracion\/","url":"https:\/\/www.interflora.es\/blog\/flores-secas-decoracion\/","name":"Flores secas: decoraci\u00f3n original para cualquier rinc\u00f3n | Interflora","isPartOf":{"@id":"https:\/\/www.interflora.es\/blog\/#website"},"primaryImageOfPage":{"@id":"https:\/\/www.interflora.es\/blog\/flores-secas-decoracion\/#primaryimage"},"image":{"@id":"https:\/\/www.interflora.es\/blog\/flores-secas-decoracion\/#primaryimage"},"thumbnailUrl":"https:\/\/www.interflora.es\/blog\/wp-content\/uploads\/2025\/08\/flores-secas-portada.jpg","datePublished":"2025-09-16T07:22:30+00:00","dateModified":"2025-09-16T07:22:31+00:00","description":"La decoraci\u00f3n con flores secas es una tendencia que no pasa de moda. Interflora tiene ramos y centros de flores secas para ti. Entrega en 24h.","breadcrumb":{"@id":"https:\/\/www.interflora.es\/blog\/flores-secas-decoracion\/#breadcrumb"},"inLanguage":"es","potentialAction":[{"@type":"ReadAction","target":["https:\/\/www.interflora.es\/blog\/flores-secas-decoracion\/"]}]},{"@type":"ImageObject","inLanguage":"es","@id":"https:\/\/www.interflora.es\/blog\/flores-secas-decoracion\/#primaryimage","url":"https:\/\/www.interflora.es\/blog\/wp-content\/uploads\/2025\/08\/flores-secas-portada.jpg","contentUrl":"https:\/\/www.interflora.es\/blog\/wp-content\/uploads\/2025\/08\/flores-secas-portada.jpg","width":851,"height":851},{"@type":"BreadcrumbList","@id":"https:\/\/www.interflora.es\/blog\/flores-secas-decoracion\/#breadcrumb","itemListElement":[{"@type":"ListItem","position":1,"name":"Home","item":"https:\/\/www.interflora.es\/blog\/"},{"@type":"ListItem","position":2,"name":"Flores secas: decoraci\u00f3n original y duradera que nunca pasa de moda"}]},{"@type":"WebSite","@id":"https:\/\/www.interflora.es\/blog\/#website","url":"https:\/\/www.interflora.es\/blog\/","name":"El blog de Interflora : consejos, ideas e inspiraci\u00f3n para disfrutar de las flores y las plantas","description":"","publisher":{"@id":"https:\/\/www.interflora.es\/blog\/#organization"},"potentialAction":[{"@type":"SearchAction","target":{"@type":"EntryPoint","urlTemplate":"https:\/\/www.interflora.es\/blog\/?s={search_term_string}"},"query-input":{"@type":"PropertyValueSpecification","valueRequired":true,"valueName":"search_term_string"}}],"inLanguage":"es"},{"@type":"Organization","@id":"https:\/\/www.interflora.es\/blog\/#organization","name":"El blog de Interflora : consejos, ideas e inspiraci\u00f3n para disfrutar de las flores y las plantas","url":"https:\/\/www.interflora.es\/blog\/","logo":{"@type":"ImageObject","inLanguage":"es","@id":"https:\/\/www.interflora.es\/blog\/#\/schema\/logo\/image\/","url":"https:\/\/www.interflora.es\/blog\/wp-content\/uploads\/2025\/10\/cropped-220422_INTERFLORA_Logo_rgb_Half_Top_Circle_Main_Color.png","contentUrl":"https:\/\/www.interflora.es\/blog\/wp-content\/uploads\/2025\/10\/cropped-220422_INTERFLORA_Logo_rgb_Half_Top_Circle_Main_Color.png","width":1418,"height":659,"caption":"El blog de Interflora : consejos, ideas e inspiraci\u00f3n para disfrutar de las flores y las plantas"},"image":{"@id":"https:\/\/www.interflora.es\/blog\/#\/schema\/logo\/image\/"}},{"@type":"Person","@id":"https:\/\/www.interflora.es\/blog\/#\/schema\/person\/e3ecff50262948e365b92682cdc2a9d1","name":"Interflora","image":{"@type":"ImageObject","inLanguage":"es","@id":"https:\/\/www.interflora.es\/blog\/wp-content\/litespeed\/avatar\/ef0a9e22ccabc545011ca74a630eaf3e.jpg?ver=1777555250","url":"https:\/\/www.interflora.es\/blog\/wp-content\/litespeed\/avatar\/ef0a9e22ccabc545011ca74a630eaf3e.jpg?ver=1777555250","contentUrl":"https:\/\/www.interflora.es\/blog\/wp-content\/litespeed\/avatar\/ef0a9e22ccabc545011ca74a630eaf3e.jpg?ver=1777555250","caption":"Interflora"}}]}},"uagb_featured_image_src":{"full":["https:\/\/www.interflora.es\/blog\/wp-content\/uploads\/2025\/08\/flores-secas-portada.jpg",851,851,false],"thumbnail":["https:\/\/www.interflora.es\/blog\/wp-content\/uploads\/2025\/08\/flores-secas-portada-150x150.jpg",150,150,true],"medium":["https:\/\/www.interflora.es\/blog\/wp-content\/uploads\/2025\/08\/flores-secas-portada-300x300.jpg",300,300,true],"medium_large":["https:\/\/www.interflora.es\/blog\/wp-content\/uploads\/2025\/08\/flores-secas-portada-768x768.jpg",768,768,true],"large":["https:\/\/www.interflora.es\/blog\/wp-content\/uploads\/2025\/08\/flores-secas-portada.jpg",851,851,false],"1536x1536":["https:\/\/www.interflora.es\/blog\/wp-content\/uploads\/2025\/08\/flores-secas-portada.jpg",851,851,false],"2048x2048":["https:\/\/www.interflora.es\/blog\/wp-content\/uploads\/2025\/08\/flores-secas-portada.jpg",851,851,false]},"uagb_author_info":{"display_name":"Interflora","author_link":"https:\/\/www.interflora.es\/blog\/author\/interflora\/"},"uagb_comment_info":2,"uagb_excerpt":"Las flores secas son una decoraci\u00f3n elegante y original que cada vez tiene m\u00e1s seguidores. Un detalle natural para tu [&hellip;]","_links":{"self":[{"href":"https:\/\/www.interflora.es\/blog\/wp-json\/wp\/v2\/posts\/30616","targetHints":{"allow":["GET"]}}],"collection":[{"href":"https:\/\/www.interflora.es\/blog\/wp-json\/wp\/v2\/posts"}],"about":[{"href":"https:\/\/www.interflora.es\/blog\/wp-json\/wp\/v2\/types\/post"}],"author":[{"embeddable":true,"href":"https:\/\/www.interflora.es\/blog\/wp-json\/wp\/v2\/users\/13"}],"replies":[{"embeddable":true,"href":"https:\/\/www.interflora.es\/blog\/wp-json\/wp\/v2\/comments?post=30616"}],"version-history":[{"count":44,"href":"https:\/\/www.interflora.es\/blog\/wp-json\/wp\/v2\/posts\/30616\/revisions"}],"predecessor-version":[{"id":31458,"href":"https:\/\/www.interflora.es\/blog\/wp-json\/wp\/v2\/posts\/30616\/revisions\/31458"}],"wp:featuredmedia":[{"embeddable":true,"href":"https:\/\/www.interflora.es\/blog\/wp-json\/wp\/v2\/media\/31149"}],"wp:attachment":[{"href":"https:\/\/www.interflora.es\/blog\/wp-json\/wp\/v2\/media?parent=30616"}],"wp:term":[{"taxonomy":"category","embeddable":true,"href":"https:\/\/www.interflora.es\/blog\/wp-json\/wp\/v2\/categories?post=30616"},{"taxonomy":"post_tag","embeddable":true,"href":"https:\/\/www.interflora.es\/blog\/wp-json\/wp\/v2\/tags?post=30616"}],"curies":[{"name":"wp","href":"https:\/\/api.w.org\/{rel}","templated":true}]}}