{"id":30509,"date":"2025-07-31T15:31:22","date_gmt":"2025-07-31T13:31:22","guid":{"rendered":"https:\/\/www.interflora.es\/blog\/?p=30509"},"modified":"2025-10-24T15:27:39","modified_gmt":"2025-10-24T13:27:39","slug":"todo-sobre-el-lirio-azul","status":"publish","type":"post","link":"https:\/\/www.interflora.es\/blog\/todo-sobre-el-lirio-azul\/","title":{"rendered":"Todo lo que necesitas saber sobre el lirio azul o Iris latifolia"},"content":{"rendered":"\n<p>Aunque las <strong>flores azules <\/strong>no son tan comunes, existen especies incre\u00edbles en la naturaleza. Descubre todos los secretos del <strong>lirio azul o <\/strong><strong><em>Iris latifolia<\/em><\/strong>, una de las reinas de la monta\u00f1a.<\/p>\n\n\n\t\t\t\t<div class=\"wp-block-uagb-table-of-contents uagb-toc__align-left uagb-toc__columns-1  uagb-block-0136419e      \"\n\t\t\t\t\tdata-scroll= \"1\"\n\t\t\t\t\tdata-offset= \"30\"\n\t\t\t\t\tstyle=\"\"\n\t\t\t\t>\n\t\t\t\t<div class=\"uagb-toc__wrap\">\n\t\t\t\t\t\t<div class=\"uagb-toc__title\">\n\t\t\t\t\t\t\tTabla de contenidos\t\t\t\t\t\t<\/div>\n\t\t\t\t\t\t\t\t\t\t\t\t\t\t\t\t\t\t\t\t\t\t<div class=\"uagb-toc__list-wrap \">\n\t\t\t\t\t\t<ol class=\"uagb-toc__list\"><li class=\"uagb-toc__list\"><a href=\"#origen-y-caracter\u00edsticas-del-lirio-azul\" class=\"uagb-toc-link__trigger\">Origen y caracter\u00edsticas del lirio azul<\/a><li class=\"uagb-toc__list\"><a href=\"#significado-del-lirio-azul\" class=\"uagb-toc-link__trigger\">Significado del lirio azul<\/a><ul class=\"uagb-toc__list\"><li class=\"uagb-toc__list\"><a href=\"#cu\u00e1ndo-regalar-lirios-azules\" class=\"uagb-toc-link__trigger\">\u00bfCu\u00e1ndo regalar lirios azules?<\/a><\/li><\/ul><\/li><li class=\"uagb-toc__list\"><a href=\"#es-posible-cultivar-lirios-azules-en-casa\" class=\"uagb-toc-link__trigger\">\u00bfEs posible cultivar lirios azules en casa?<\/a><ul class=\"uagb-toc__list\"><li class=\"uagb-toc__list\"><a href=\"#consejos-de-cuidado-del-lirio-azul\" class=\"uagb-toc-link__trigger\">Consejos de cuidado del lirio azul<\/a><\/ul><\/ul><\/ol>\t\t\t\t\t<\/div>\n\t\t\t\t\t\t\t\t\t<\/div>\n\t\t\t\t<\/div>\n\t\t\t\n\n\n<p><\/p>\n\n\n\n<h2 class=\"wp-block-heading\">Origen y caracter\u00edsticas del lirio azul<\/h2>\n\n\n\n<p>El <strong>lirio azul<\/strong>, conocido cient\u00edficamente como<strong><em> Iris latifolia<\/em><\/strong>, es una planta end\u00e9mica de la flora del norte de la pen\u00ednsula ib\u00e9rica, desde Galicia hasta los Pirineos. Estas plantas de gran belleza crecen de manera silvestre en las zonas h\u00famedas de alta monta\u00f1a y destacan por el vistoso color azul de su maravillosa flor.<\/p>\n\n\n\n<p>Los <em>Iris latifolia<\/em> pertenecen a la familia de las irid\u00e1ceas. Estas plantas perennes brotan a partir de <strong>bulbos<\/strong>, a diferencia de muchas otras especies de lirios que tienen <strong>rizoma <\/strong>(un tallo horizontal y subterr\u00e1neo). Sus hojas son verdes, largas y planas, y pueden alcanzar una altura de entre 30 y 70 cm. Su floraci\u00f3n, de color azul p\u00farpura, se produce entre finales de primavera y principios de verano.&nbsp;<\/p>\n\n\n\n<figure class=\"wp-block-image aligncenter size-large\"><img loading=\"lazy\" decoding=\"async\" width=\"1024\" height=\"681\" src=\"https:\/\/www.interflora.es\/blog\/wp-content\/uploads\/2025\/07\/lirio-azul-4-1024x681.jpg\" alt=\"lirio azul silvestre\" class=\"wp-image-30512\" srcset=\"https:\/\/www.interflora.es\/blog\/wp-content\/uploads\/2025\/07\/lirio-azul-4-1024x681.jpg 1024w, https:\/\/www.interflora.es\/blog\/wp-content\/uploads\/2025\/07\/lirio-azul-4-300x199.jpg 300w, https:\/\/www.interflora.es\/blog\/wp-content\/uploads\/2025\/07\/lirio-azul-4-768x511.jpg 768w, https:\/\/www.interflora.es\/blog\/wp-content\/uploads\/2025\/07\/lirio-azul-4-1536x1021.jpg 1536w, https:\/\/www.interflora.es\/blog\/wp-content\/uploads\/2025\/07\/lirio-azul-4-2048x1362.jpg 2048w\" sizes=\"auto, (max-width: 1024px) 100vw, 1024px\" \/><\/figure>\n\n\n\n<h2 class=\"wp-block-heading\">Significado del lirio azul<\/h2>\n\n\n\n<p>En el lenguaje de las flores, el <a href=\"https:\/\/www.interflora.es\/c\/flores\/lirios\" target=\"_blank\" rel=\"noreferrer noopener\">lirio<\/a><strong> <\/strong>es una flor muy elegante que suele asociarse con la pureza, la esperanza, la calma y la espiritualidad. Los<strong> lirios de color azul <\/strong>representan la tranquilidad y la armon\u00eda espiritual. En un contexto amoroso, el<strong> lirio azul <\/strong>simboliza la confianza, el respeto y la fidelidad en la pareja.<\/p>\n\n\n\n<h3 class=\"wp-block-heading\">\u00bfCu\u00e1ndo regalar lirios azules?<\/h3>\n\n\n\n<p>Los <strong>lirios azules <\/strong>son un excelente regalo si quieres enviar un mensaje de paz, de apoyo emocional o de confianza. Por ejemplo, esta flor se suele regalar en las reconciliaciones de pareja, los aniversarios y los cumplea\u00f1os. El <a href=\"https:\/\/www.interflora.es\/c\/flores\/ramos-de-flores-azules-133\">color azul de las flores<\/a> tambi\u00e9n representa los logros acad\u00e9micos y permite reconocer el esfuerzo y la sabidur\u00eda, elige un <strong>ramo de lirio azul <\/strong>para una graduaci\u00f3n o una lectura de tesis.<\/p>\n\n\n\n\n\n<p><\/p>\n\n\n\n<h2 class=\"wp-block-heading\">\u00bfEs posible cultivar lirios azules en casa?<\/h2>\n\n\n\n<p>Los <strong>lirios azules<\/strong> crecen de manera silvestre en nuestras regiones monta\u00f1osas, pero eso no impide su cultivo en casa. Son una excelente opci\u00f3n para decorar y llenar de color cualquier rinc\u00f3n de tu jard\u00edn o tu terraza. Si vives en una zona templada, an\u00edmate a decorar con estas bonitas plantas, requieren muy pocos cuidados.<\/p>\n\n\n\n<h3 class=\"wp-block-heading\">Consejos de cuidado del lirio azul<\/h3>\n\n\n\n<p>Tanto si vas a cultivar tus plantas en maceta como directamente en el suelo de tu jard\u00edn, sigue estos consejos de cuidado para conseguir unos<strong> lirios azules<\/strong> espectaculares. \u00a1Ser\u00e1s la envidia del vecindario!<\/p>\n\n\n\n<figure class=\"wp-block-image aligncenter size-large\"><img loading=\"lazy\" decoding=\"async\" width=\"1024\" height=\"768\" src=\"https:\/\/www.interflora.es\/blog\/wp-content\/uploads\/2025\/07\/lirio-azul-2-1024x768.jpg\" alt=\"iris latifolia azul\" class=\"wp-image-30513\" srcset=\"https:\/\/www.interflora.es\/blog\/wp-content\/uploads\/2025\/07\/lirio-azul-2-1024x768.jpg 1024w, https:\/\/www.interflora.es\/blog\/wp-content\/uploads\/2025\/07\/lirio-azul-2-300x225.jpg 300w, https:\/\/www.interflora.es\/blog\/wp-content\/uploads\/2025\/07\/lirio-azul-2-768x576.jpg 768w, https:\/\/www.interflora.es\/blog\/wp-content\/uploads\/2025\/07\/lirio-azul-2-1536x1152.jpg 1536w, https:\/\/www.interflora.es\/blog\/wp-content\/uploads\/2025\/07\/lirio-azul-2-2048x1536.jpg 2048w\" sizes=\"auto, (max-width: 1024px) 100vw, 1024px\" \/><\/figure>\n\n\n\n<p><\/p>\n\n\n\n<h4 class=\"wp-block-heading\">Luz y ubicaci\u00f3n<\/h4>\n\n\n\n<p>Los<strong> lirios azules<\/strong> necesitan una ubicaci\u00f3n en <strong>pleno sol<\/strong> donde reciban entre cuatro o seis horas de luz directa al d\u00eda como m\u00ednimo. La zona debe estar bien aireada para que no proliferen los hongos.<\/p>\n\n\n\n<h4 class=\"wp-block-heading\">Temperatura<\/h4>\n\n\n\n<p>Los <em>Iris latifolia <\/em>son <strong>resistentes al fr\u00edo<\/strong> y a las temperaturas bajo cero, ya que crecen en la monta\u00f1a. Si vives en una zona donde suele helar en invierno, recomendamos proteger los bulbos con mantillo.<\/p>\n\n\n\n<h4 class=\"wp-block-heading\">Riego<\/h4>\n\n\n\n<p>La <strong>frecuencia de riego <\/strong>debe ser <strong>moderada<\/strong>. Entre primavera y principios de verano, durante la temporada de crecimiento, conviene mantener el sustrato h\u00famedo pero sin encharcar. Con una tierra muy h\u00fameda o arcillosa, el bulbo se podr\u00eda pudrir.<\/p>\n\n\n\n<figure class=\"wp-block-image aligncenter size-large\"><img loading=\"lazy\" decoding=\"async\" width=\"1024\" height=\"768\" src=\"https:\/\/www.interflora.es\/blog\/wp-content\/uploads\/2025\/07\/lirio-azul-3-1024x768.jpg\" alt=\"flor de iris latifolia\" class=\"wp-image-30514\" srcset=\"https:\/\/www.interflora.es\/blog\/wp-content\/uploads\/2025\/07\/lirio-azul-3-1024x768.jpg 1024w, https:\/\/www.interflora.es\/blog\/wp-content\/uploads\/2025\/07\/lirio-azul-3-300x225.jpg 300w, https:\/\/www.interflora.es\/blog\/wp-content\/uploads\/2025\/07\/lirio-azul-3-768x576.jpg 768w, https:\/\/www.interflora.es\/blog\/wp-content\/uploads\/2025\/07\/lirio-azul-3-1536x1152.jpg 1536w, https:\/\/www.interflora.es\/blog\/wp-content\/uploads\/2025\/07\/lirio-azul-3-2048x1536.jpg 2048w\" sizes=\"auto, (max-width: 1024px) 100vw, 1024px\" \/><\/figure>\n\n\n\n<p><\/p>\n\n\n\n<h4 class=\"wp-block-heading\">Sustrato y fertilizante<\/h4>\n\n\n\n<p>Utiliza un sustrato con un <strong>buen drenaje<\/strong>, que no est\u00e9 compacto y con abundante materia org\u00e1nica. El pH debe ser de \u00e1cido a neutro (entre 6 y 7). Al inicio de la primavera, puedes fertilizar la planta con compost o abono org\u00e1nico.<\/p>\n\n\n\n<h4 class=\"wp-block-heading\">Poda y multiplicaci\u00f3n<\/h4>\n\n\n\n<p>No es necesario podar, pero, para evitar enfermedades, te recomendamos<strong> retirar las flores marchitas<\/strong>. A final de verano, cuando la planta haya terminado el ciclo, puedes multiplicarla por<strong> divisi\u00f3n de bulbos<\/strong>. Una vez seca, tambi\u00e9n puedes extraer los bulbos y guardarlos o replantarlos.<\/p>\n\n\n\n<h4 class=\"wp-block-heading\">Plagas y enfermedades<\/h4>\n\n\n\n<p>Las <strong>plagas <\/strong>m\u00e1s comunes que afectan a estas plantas son caracoles, babosas y pulgones. Asimismo, un <strong>exceso de riego <\/strong>y un<strong> sustrato mal aireado<\/strong> pueden provocar que se pudra el bulbo o salgan hongos.<\/p>\n\n\n","protected":false},"excerpt":{"rendered":"<p>Aunque las flores azules no son tan comunes, existen especies incre\u00edbles en la naturaleza. Descubre todos los secretos del lirio [&hellip;]<\/p>\n","protected":false},"author":13,"featured_media":30511,"comment_status":"open","ping_status":"open","sticky":false,"template":"","format":"standard","meta":{"_acf_changed":false,"_uag_custom_page_level_css":"","site-sidebar-layout":"default","site-content-layout":"","ast-site-content-layout":"default","site-content-style":"default","site-sidebar-style":"default","ast-global-header-display":"","ast-banner-title-visibility":"","ast-main-header-display":"","ast-hfb-above-header-display":"","ast-hfb-below-header-display":"","ast-hfb-mobile-header-display":"","site-post-title":"","ast-breadcrumbs-content":"","ast-featured-img":"","footer-sml-layout":"","theme-transparent-header-meta":"","adv-header-id-meta":"","stick-header-meta":"","header-above-stick-meta":"","header-main-stick-meta":"","header-below-stick-meta":"","astra-migrate-meta-layouts":"default","ast-page-background-enabled":"default","ast-page-background-meta":{"desktop":{"background-color":"var(--ast-global-color-5)","background-image":"","background-repeat":"repeat","background-position":"center center","background-size":"auto","background-attachment":"scroll","background-type":"","background-media":"","overlay-type":"","overlay-color":"","overlay-opacity":"","overlay-gradient":""},"tablet":{"background-color":"","background-image":"","background-repeat":"repeat","background-position":"center center","background-size":"auto","background-attachment":"scroll","background-type":"","background-media":"","overlay-type":"","overlay-color":"","overlay-opacity":"","overlay-gradient":""},"mobile":{"background-color":"","background-image":"","background-repeat":"repeat","background-position":"center center","background-size":"auto","background-attachment":"scroll","background-type":"","background-media":"","overlay-type":"","overlay-color":"","overlay-opacity":"","overlay-gradient":""}},"ast-content-background-meta":{"desktop":{"background-color":"var(--ast-global-color-4)","background-image":"","background-repeat":"repeat","background-position":"center center","background-size":"auto","background-attachment":"scroll","background-type":"","background-media":"","overlay-type":"","overlay-color":"","overlay-opacity":"","overlay-gradient":""},"tablet":{"background-color":"var(--ast-global-color-4)","background-image":"","background-repeat":"repeat","background-position":"center center","background-size":"auto","background-attachment":"scroll","background-type":"","background-media":"","overlay-type":"","overlay-color":"","overlay-opacity":"","overlay-gradient":""},"mobile":{"background-color":"var(--ast-global-color-4)","background-image":"","background-repeat":"repeat","background-position":"center center","background-size":"auto","background-attachment":"scroll","background-type":"","background-media":"","overlay-type":"","overlay-color":"","overlay-opacity":"","overlay-gradient":""}},"footnotes":""},"categories":[17,27],"tags":[],"class_list":["post-30509","post","type-post","status-publish","format-standard","has-post-thumbnail","hentry","category-cuidados","category-flores"],"acf":[],"yoast_head":"<!-- This site is optimized with the Yoast SEO plugin v27.5 - https:\/\/yoast.com\/product\/yoast-seo-wordpress\/ -->\n<title>Todo lo que necesitas saber sobre el lirio azul | Interflora<\/title>\n<meta name=\"description\" content=\"El lirio azul o Iris latifolia es una planta de gran belleza. Descubre todos los secretos de esta flor incre\u00edble que crece en nuestras monta\u00f1as.\" \/>\n<meta name=\"robots\" content=\"index, follow, max-snippet:-1, max-image-preview:large, max-video-preview:-1\" \/>\n<link rel=\"canonical\" href=\"https:\/\/www.interflora.es\/blog\/todo-sobre-el-lirio-azul\/\" \/>\n<script type=\"application\/ld+json\" class=\"yoast-schema-graph\">{\"@context\":\"https:\\\/\\\/schema.org\",\"@graph\":[{\"@type\":\"Article\",\"@id\":\"https:\\\/\\\/www.interflora.es\\\/blog\\\/todo-sobre-el-lirio-azul\\\/#article\",\"isPartOf\":{\"@id\":\"https:\\\/\\\/www.interflora.es\\\/blog\\\/todo-sobre-el-lirio-azul\\\/\"},\"author\":{\"name\":\"Interflora\",\"@id\":\"https:\\\/\\\/www.interflora.es\\\/blog\\\/#\\\/schema\\\/person\\\/e3ecff50262948e365b92682cdc2a9d1\"},\"headline\":\"Todo lo que necesitas saber sobre el lirio azul o Iris latifolia\",\"datePublished\":\"2025-07-31T13:31:22+00:00\",\"dateModified\":\"2025-10-24T13:27:39+00:00\",\"mainEntityOfPage\":{\"@id\":\"https:\\\/\\\/www.interflora.es\\\/blog\\\/todo-sobre-el-lirio-azul\\\/\"},\"wordCount\":684,\"commentCount\":0,\"publisher\":{\"@id\":\"https:\\\/\\\/www.interflora.es\\\/blog\\\/#organization\"},\"image\":{\"@id\":\"https:\\\/\\\/www.interflora.es\\\/blog\\\/todo-sobre-el-lirio-azul\\\/#primaryimage\"},\"thumbnailUrl\":\"https:\\\/\\\/www.interflora.es\\\/blog\\\/wp-content\\\/uploads\\\/2025\\\/07\\\/lirio-azul-1-scaled.jpg\",\"articleSection\":[\"Cuidados de plantas y flores\",\"Flores\"],\"inLanguage\":\"es\",\"potentialAction\":[{\"@type\":\"CommentAction\",\"name\":\"Comment\",\"target\":[\"https:\\\/\\\/www.interflora.es\\\/blog\\\/todo-sobre-el-lirio-azul\\\/#respond\"]}]},{\"@type\":\"WebPage\",\"@id\":\"https:\\\/\\\/www.interflora.es\\\/blog\\\/todo-sobre-el-lirio-azul\\\/\",\"url\":\"https:\\\/\\\/www.interflora.es\\\/blog\\\/todo-sobre-el-lirio-azul\\\/\",\"name\":\"Todo lo que necesitas saber sobre el lirio azul | Interflora\",\"isPartOf\":{\"@id\":\"https:\\\/\\\/www.interflora.es\\\/blog\\\/#website\"},\"primaryImageOfPage\":{\"@id\":\"https:\\\/\\\/www.interflora.es\\\/blog\\\/todo-sobre-el-lirio-azul\\\/#primaryimage\"},\"image\":{\"@id\":\"https:\\\/\\\/www.interflora.es\\\/blog\\\/todo-sobre-el-lirio-azul\\\/#primaryimage\"},\"thumbnailUrl\":\"https:\\\/\\\/www.interflora.es\\\/blog\\\/wp-content\\\/uploads\\\/2025\\\/07\\\/lirio-azul-1-scaled.jpg\",\"datePublished\":\"2025-07-31T13:31:22+00:00\",\"dateModified\":\"2025-10-24T13:27:39+00:00\",\"description\":\"El lirio azul o Iris latifolia es una planta de gran belleza. Descubre todos los secretos de esta flor incre\u00edble que crece en nuestras monta\u00f1as.\",\"breadcrumb\":{\"@id\":\"https:\\\/\\\/www.interflora.es\\\/blog\\\/todo-sobre-el-lirio-azul\\\/#breadcrumb\"},\"inLanguage\":\"es\",\"potentialAction\":[{\"@type\":\"ReadAction\",\"target\":[\"https:\\\/\\\/www.interflora.es\\\/blog\\\/todo-sobre-el-lirio-azul\\\/\"]}]},{\"@type\":\"ImageObject\",\"inLanguage\":\"es\",\"@id\":\"https:\\\/\\\/www.interflora.es\\\/blog\\\/todo-sobre-el-lirio-azul\\\/#primaryimage\",\"url\":\"https:\\\/\\\/www.interflora.es\\\/blog\\\/wp-content\\\/uploads\\\/2025\\\/07\\\/lirio-azul-1-scaled.jpg\",\"contentUrl\":\"https:\\\/\\\/www.interflora.es\\\/blog\\\/wp-content\\\/uploads\\\/2025\\\/07\\\/lirio-azul-1-scaled.jpg\",\"width\":2560,\"height\":2560,\"caption\":\"lirio azul silvestre\"},{\"@type\":\"BreadcrumbList\",\"@id\":\"https:\\\/\\\/www.interflora.es\\\/blog\\\/todo-sobre-el-lirio-azul\\\/#breadcrumb\",\"itemListElement\":[{\"@type\":\"ListItem\",\"position\":1,\"name\":\"Home\",\"item\":\"https:\\\/\\\/www.interflora.es\\\/blog\\\/\"},{\"@type\":\"ListItem\",\"position\":2,\"name\":\"Todo lo que necesitas saber sobre el lirio azul o Iris latifolia\"}]},{\"@type\":\"WebSite\",\"@id\":\"https:\\\/\\\/www.interflora.es\\\/blog\\\/#website\",\"url\":\"https:\\\/\\\/www.interflora.es\\\/blog\\\/\",\"name\":\"El blog de Interflora : consejos, ideas e inspiraci\u00f3n para disfrutar de las flores y las plantas\",\"description\":\"\",\"publisher\":{\"@id\":\"https:\\\/\\\/www.interflora.es\\\/blog\\\/#organization\"},\"potentialAction\":[{\"@type\":\"SearchAction\",\"target\":{\"@type\":\"EntryPoint\",\"urlTemplate\":\"https:\\\/\\\/www.interflora.es\\\/blog\\\/?s={search_term_string}\"},\"query-input\":{\"@type\":\"PropertyValueSpecification\",\"valueRequired\":true,\"valueName\":\"search_term_string\"}}],\"inLanguage\":\"es\"},{\"@type\":\"Organization\",\"@id\":\"https:\\\/\\\/www.interflora.es\\\/blog\\\/#organization\",\"name\":\"El blog de Interflora : consejos, ideas e inspiraci\u00f3n para disfrutar de las flores y las plantas\",\"url\":\"https:\\\/\\\/www.interflora.es\\\/blog\\\/\",\"logo\":{\"@type\":\"ImageObject\",\"inLanguage\":\"es\",\"@id\":\"https:\\\/\\\/www.interflora.es\\\/blog\\\/#\\\/schema\\\/logo\\\/image\\\/\",\"url\":\"https:\\\/\\\/www.interflora.es\\\/blog\\\/wp-content\\\/uploads\\\/2025\\\/10\\\/cropped-220422_INTERFLORA_Logo_rgb_Half_Top_Circle_Main_Color.png\",\"contentUrl\":\"https:\\\/\\\/www.interflora.es\\\/blog\\\/wp-content\\\/uploads\\\/2025\\\/10\\\/cropped-220422_INTERFLORA_Logo_rgb_Half_Top_Circle_Main_Color.png\",\"width\":1418,\"height\":659,\"caption\":\"El blog de Interflora : consejos, ideas e inspiraci\u00f3n para disfrutar de las flores y las plantas\"},\"image\":{\"@id\":\"https:\\\/\\\/www.interflora.es\\\/blog\\\/#\\\/schema\\\/logo\\\/image\\\/\"}},{\"@type\":\"Person\",\"@id\":\"https:\\\/\\\/www.interflora.es\\\/blog\\\/#\\\/schema\\\/person\\\/e3ecff50262948e365b92682cdc2a9d1\",\"name\":\"Interflora\",\"image\":{\"@type\":\"ImageObject\",\"inLanguage\":\"es\",\"@id\":\"https:\\\/\\\/www.interflora.es\\\/blog\\\/wp-content\\\/litespeed\\\/avatar\\\/ef0a9e22ccabc545011ca74a630eaf3e.jpg?ver=1777555250\",\"url\":\"https:\\\/\\\/www.interflora.es\\\/blog\\\/wp-content\\\/litespeed\\\/avatar\\\/ef0a9e22ccabc545011ca74a630eaf3e.jpg?ver=1777555250\",\"contentUrl\":\"https:\\\/\\\/www.interflora.es\\\/blog\\\/wp-content\\\/litespeed\\\/avatar\\\/ef0a9e22ccabc545011ca74a630eaf3e.jpg?ver=1777555250\",\"caption\":\"Interflora\"}}]}<\/script>\n<!-- \/ Yoast SEO plugin. -->","yoast_head_json":{"title":"Todo lo que necesitas saber sobre el lirio azul | Interflora","description":"El lirio azul o Iris latifolia es una planta de gran belleza. Descubre todos los secretos de esta flor incre\u00edble que crece en nuestras monta\u00f1as.","robots":{"index":"index","follow":"follow","max-snippet":"max-snippet:-1","max-image-preview":"max-image-preview:large","max-video-preview":"max-video-preview:-1"},"canonical":"https:\/\/www.interflora.es\/blog\/todo-sobre-el-lirio-azul\/","schema":{"@context":"https:\/\/schema.org","@graph":[{"@type":"Article","@id":"https:\/\/www.interflora.es\/blog\/todo-sobre-el-lirio-azul\/#article","isPartOf":{"@id":"https:\/\/www.interflora.es\/blog\/todo-sobre-el-lirio-azul\/"},"author":{"name":"Interflora","@id":"https:\/\/www.interflora.es\/blog\/#\/schema\/person\/e3ecff50262948e365b92682cdc2a9d1"},"headline":"Todo lo que necesitas saber sobre el lirio azul o Iris latifolia","datePublished":"2025-07-31T13:31:22+00:00","dateModified":"2025-10-24T13:27:39+00:00","mainEntityOfPage":{"@id":"https:\/\/www.interflora.es\/blog\/todo-sobre-el-lirio-azul\/"},"wordCount":684,"commentCount":0,"publisher":{"@id":"https:\/\/www.interflora.es\/blog\/#organization"},"image":{"@id":"https:\/\/www.interflora.es\/blog\/todo-sobre-el-lirio-azul\/#primaryimage"},"thumbnailUrl":"https:\/\/www.interflora.es\/blog\/wp-content\/uploads\/2025\/07\/lirio-azul-1-scaled.jpg","articleSection":["Cuidados de plantas y flores","Flores"],"inLanguage":"es","potentialAction":[{"@type":"CommentAction","name":"Comment","target":["https:\/\/www.interflora.es\/blog\/todo-sobre-el-lirio-azul\/#respond"]}]},{"@type":"WebPage","@id":"https:\/\/www.interflora.es\/blog\/todo-sobre-el-lirio-azul\/","url":"https:\/\/www.interflora.es\/blog\/todo-sobre-el-lirio-azul\/","name":"Todo lo que necesitas saber sobre el lirio azul | Interflora","isPartOf":{"@id":"https:\/\/www.interflora.es\/blog\/#website"},"primaryImageOfPage":{"@id":"https:\/\/www.interflora.es\/blog\/todo-sobre-el-lirio-azul\/#primaryimage"},"image":{"@id":"https:\/\/www.interflora.es\/blog\/todo-sobre-el-lirio-azul\/#primaryimage"},"thumbnailUrl":"https:\/\/www.interflora.es\/blog\/wp-content\/uploads\/2025\/07\/lirio-azul-1-scaled.jpg","datePublished":"2025-07-31T13:31:22+00:00","dateModified":"2025-10-24T13:27:39+00:00","description":"El lirio azul o Iris latifolia es una planta de gran belleza. Descubre todos los secretos de esta flor incre\u00edble que crece en nuestras monta\u00f1as.","breadcrumb":{"@id":"https:\/\/www.interflora.es\/blog\/todo-sobre-el-lirio-azul\/#breadcrumb"},"inLanguage":"es","potentialAction":[{"@type":"ReadAction","target":["https:\/\/www.interflora.es\/blog\/todo-sobre-el-lirio-azul\/"]}]},{"@type":"ImageObject","inLanguage":"es","@id":"https:\/\/www.interflora.es\/blog\/todo-sobre-el-lirio-azul\/#primaryimage","url":"https:\/\/www.interflora.es\/blog\/wp-content\/uploads\/2025\/07\/lirio-azul-1-scaled.jpg","contentUrl":"https:\/\/www.interflora.es\/blog\/wp-content\/uploads\/2025\/07\/lirio-azul-1-scaled.jpg","width":2560,"height":2560,"caption":"lirio azul silvestre"},{"@type":"BreadcrumbList","@id":"https:\/\/www.interflora.es\/blog\/todo-sobre-el-lirio-azul\/#breadcrumb","itemListElement":[{"@type":"ListItem","position":1,"name":"Home","item":"https:\/\/www.interflora.es\/blog\/"},{"@type":"ListItem","position":2,"name":"Todo lo que necesitas saber sobre el lirio azul o Iris latifolia"}]},{"@type":"WebSite","@id":"https:\/\/www.interflora.es\/blog\/#website","url":"https:\/\/www.interflora.es\/blog\/","name":"El blog de Interflora : consejos, ideas e inspiraci\u00f3n para disfrutar de las flores y las plantas","description":"","publisher":{"@id":"https:\/\/www.interflora.es\/blog\/#organization"},"potentialAction":[{"@type":"SearchAction","target":{"@type":"EntryPoint","urlTemplate":"https:\/\/www.interflora.es\/blog\/?s={search_term_string}"},"query-input":{"@type":"PropertyValueSpecification","valueRequired":true,"valueName":"search_term_string"}}],"inLanguage":"es"},{"@type":"Organization","@id":"https:\/\/www.interflora.es\/blog\/#organization","name":"El blog de Interflora : consejos, ideas e inspiraci\u00f3n para disfrutar de las flores y las plantas","url":"https:\/\/www.interflora.es\/blog\/","logo":{"@type":"ImageObject","inLanguage":"es","@id":"https:\/\/www.interflora.es\/blog\/#\/schema\/logo\/image\/","url":"https:\/\/www.interflora.es\/blog\/wp-content\/uploads\/2025\/10\/cropped-220422_INTERFLORA_Logo_rgb_Half_Top_Circle_Main_Color.png","contentUrl":"https:\/\/www.interflora.es\/blog\/wp-content\/uploads\/2025\/10\/cropped-220422_INTERFLORA_Logo_rgb_Half_Top_Circle_Main_Color.png","width":1418,"height":659,"caption":"El blog de Interflora : consejos, ideas e inspiraci\u00f3n para disfrutar de las flores y las plantas"},"image":{"@id":"https:\/\/www.interflora.es\/blog\/#\/schema\/logo\/image\/"}},{"@type":"Person","@id":"https:\/\/www.interflora.es\/blog\/#\/schema\/person\/e3ecff50262948e365b92682cdc2a9d1","name":"Interflora","image":{"@type":"ImageObject","inLanguage":"es","@id":"https:\/\/www.interflora.es\/blog\/wp-content\/litespeed\/avatar\/ef0a9e22ccabc545011ca74a630eaf3e.jpg?ver=1777555250","url":"https:\/\/www.interflora.es\/blog\/wp-content\/litespeed\/avatar\/ef0a9e22ccabc545011ca74a630eaf3e.jpg?ver=1777555250","contentUrl":"https:\/\/www.interflora.es\/blog\/wp-content\/litespeed\/avatar\/ef0a9e22ccabc545011ca74a630eaf3e.jpg?ver=1777555250","caption":"Interflora"}}]}},"uagb_featured_image_src":{"full":["https:\/\/www.interflora.es\/blog\/wp-content\/uploads\/2025\/07\/lirio-azul-1-scaled.jpg",2560,2560,false],"thumbnail":["https:\/\/www.interflora.es\/blog\/wp-content\/uploads\/2025\/07\/lirio-azul-1-150x150.jpg",150,150,true],"medium":["https:\/\/www.interflora.es\/blog\/wp-content\/uploads\/2025\/07\/lirio-azul-1-300x300.jpg",300,300,true],"medium_large":["https:\/\/www.interflora.es\/blog\/wp-content\/uploads\/2025\/07\/lirio-azul-1-768x768.jpg",768,768,true],"large":["https:\/\/www.interflora.es\/blog\/wp-content\/uploads\/2025\/07\/lirio-azul-1-1024x1024.jpg",1024,1024,true],"1536x1536":["https:\/\/www.interflora.es\/blog\/wp-content\/uploads\/2025\/07\/lirio-azul-1-1536x1536.jpg",1536,1536,true],"2048x2048":["https:\/\/www.interflora.es\/blog\/wp-content\/uploads\/2025\/07\/lirio-azul-1-2048x2048.jpg",2048,2048,true]},"uagb_author_info":{"display_name":"Interflora","author_link":"https:\/\/www.interflora.es\/blog\/author\/interflora\/"},"uagb_comment_info":1,"uagb_excerpt":"Aunque las flores azules no son tan comunes, existen especies incre\u00edbles en la naturaleza. Descubre todos los secretos del lirio [&hellip;]","_links":{"self":[{"href":"https:\/\/www.interflora.es\/blog\/wp-json\/wp\/v2\/posts\/30509","targetHints":{"allow":["GET"]}}],"collection":[{"href":"https:\/\/www.interflora.es\/blog\/wp-json\/wp\/v2\/posts"}],"about":[{"href":"https:\/\/www.interflora.es\/blog\/wp-json\/wp\/v2\/types\/post"}],"author":[{"embeddable":true,"href":"https:\/\/www.interflora.es\/blog\/wp-json\/wp\/v2\/users\/13"}],"replies":[{"embeddable":true,"href":"https:\/\/www.interflora.es\/blog\/wp-json\/wp\/v2\/comments?post=30509"}],"version-history":[{"count":4,"href":"https:\/\/www.interflora.es\/blog\/wp-json\/wp\/v2\/posts\/30509\/revisions"}],"predecessor-version":[{"id":31863,"href":"https:\/\/www.interflora.es\/blog\/wp-json\/wp\/v2\/posts\/30509\/revisions\/31863"}],"wp:featuredmedia":[{"embeddable":true,"href":"https:\/\/www.interflora.es\/blog\/wp-json\/wp\/v2\/media\/30511"}],"wp:attachment":[{"href":"https:\/\/www.interflora.es\/blog\/wp-json\/wp\/v2\/media?parent=30509"}],"wp:term":[{"taxonomy":"category","embeddable":true,"href":"https:\/\/www.interflora.es\/blog\/wp-json\/wp\/v2\/categories?post=30509"},{"taxonomy":"post_tag","embeddable":true,"href":"https:\/\/www.interflora.es\/blog\/wp-json\/wp\/v2\/tags?post=30509"}],"curies":[{"name":"wp","href":"https:\/\/api.w.org\/{rel}","templated":true}]}}