{"id":30093,"date":"2025-07-10T10:32:36","date_gmt":"2025-07-10T08:32:36","guid":{"rendered":"https:\/\/www.interflora.es\/blog\/?p=30093"},"modified":"2025-07-10T10:32:37","modified_gmt":"2025-07-10T08:32:37","slug":"plantas-mas-efectivas-para-repeler-mosquitos","status":"publish","type":"post","link":"https:\/\/www.interflora.es\/blog\/plantas-mas-efectivas-para-repeler-mosquitos\/","title":{"rendered":"Las plantas m\u00e1s efectivas para repeler a los mosquitos"},"content":{"rendered":"\n<p>Lleg\u00f3 el verano y con \u00e9l, el calor, las vacaciones, las cenas al aire libre\u2026 \u00a1y los molestos <strong>mosquitos<\/strong>! En este art\u00edculo te ense\u00f1amos algunas de las <strong>plantas m\u00e1s efectivas<\/strong> para repeler a los mosquitos. \u00a1Un<strong> remedio natural<\/strong> que funciona de verdad!<\/p>\n\n\n\t\t\t\t<div class=\"wp-block-uagb-table-of-contents uagb-toc__align-left uagb-toc__columns-1  uagb-block-cd05ae49      \"\n\t\t\t\t\tdata-scroll= \"1\"\n\t\t\t\t\tdata-offset= \"30\"\n\t\t\t\t\tstyle=\"\"\n\t\t\t\t>\n\t\t\t\t<div class=\"uagb-toc__wrap\">\n\t\t\t\t\t\t<div class=\"uagb-toc__title\">\n\t\t\t\t\t\t\tTabla de contenidos\t\t\t\t\t\t<\/div>\n\t\t\t\t\t\t\t\t\t\t\t\t\t\t\t\t\t\t\t\t\t\t<div class=\"uagb-toc__list-wrap \">\n\t\t\t\t\t\t<ol class=\"uagb-toc__list\"><li class=\"uagb-toc__list\"><a href=\"#por-qu\u00e9-aparecen-mosquitos-en-verano\" class=\"uagb-toc-link__trigger\">\u00bfPor qu\u00e9 aparecen mosquitos en verano?<\/a><li class=\"uagb-toc__list\"><a href=\"#existe-un-repelente-natural-contra-los-mosquitos\" class=\"uagb-toc-link__trigger\">\u00bfExiste un repelente natural contra los mosquitos?<\/a><ul class=\"uagb-toc__list\"><li class=\"uagb-toc__list\"><a href=\"#ventajas-de-las-plantas-antimosquitos\" class=\"uagb-toc-link__trigger\">Ventajas de las plantas antimosquitos<\/a><li class=\"uagb-toc__list\"><li class=\"uagb-toc__list\"><a href=\"#d\u00f3nde-colocar-una-planta-para-ahuyentar-a-los-mosquitos\" class=\"uagb-toc-link__trigger\">\u00bfD\u00f3nde colocar una planta para ahuyentar a los mosquitos?<\/a><\/li><\/ul><\/li><li class=\"uagb-toc__list\"><a href=\"#diez-plantas-infalibles-para-repeler-a-los-mosquitos\" class=\"uagb-toc-link__trigger\">Diez plantas infalibles para repeler a los mosquitos<\/a><li class=\"uagb-toc__list\"><a href=\"#aliviar-las-picaduras-con-plantas-antimosquitos\" class=\"uagb-toc-link__trigger\">Aliviar las picaduras con plantas antimosquitos\u00a0<\/a><\/ul><\/ol>\t\t\t\t\t<\/div>\n\t\t\t\t\t\t\t\t\t<\/div>\n\t\t\t\t<\/div>\n\t\t\t\n\n\n<p><\/p>\n\n\n\n<h2 class=\"wp-block-heading\">\u00bfPor qu\u00e9 aparecen mosquitos en verano?<\/h2>\n\n\n\n<p>El <strong>verano <\/strong>es una estaci\u00f3n para disfrutar al aire libre. La \u00fanica pega es que la llegada del calor supone la aparici\u00f3n de ciertos <strong>insectos<\/strong>, como los mosquitos, las moscas, las abejas o las avispas. \u00bfPero sabes a qu\u00e9 es debido? La proliferaci\u00f3n de todos estos bichitos en verano tiene una explicaci\u00f3n, y es que las temperaturas y la humedad altas favorecen su reproducci\u00f3n. Aunque las<strong> picaduras de mosquito<\/strong> son inofensivas para la mayor\u00eda de las personas, existen repelentes naturales que nos pueden ayudar a mantenerlos a raya.<\/p>\n\n\n\n<figure class=\"wp-block-image aligncenter size-large\"><img loading=\"lazy\" decoding=\"async\" width=\"1024\" height=\"765\" src=\"https:\/\/www.interflora.es\/blog\/wp-content\/uploads\/2019\/07\/Header-1024x765.jpg\" alt=\"Jard\u00edn con plantas verano\" class=\"wp-image-7258\" srcset=\"https:\/\/www.interflora.es\/blog\/wp-content\/uploads\/2019\/07\/Header-1024x765.jpg 1024w, https:\/\/www.interflora.es\/blog\/wp-content\/uploads\/2019\/07\/Header-300x224.jpg 300w, https:\/\/www.interflora.es\/blog\/wp-content\/uploads\/2019\/07\/Header-768x574.jpg 768w, https:\/\/www.interflora.es\/blog\/wp-content\/uploads\/2019\/07\/Header-1536x1147.jpg 1536w, https:\/\/www.interflora.es\/blog\/wp-content\/uploads\/2019\/07\/Header.jpg 1600w\" sizes=\"auto, (max-width: 1024px) 100vw, 1024px\" \/><\/figure>\n\n\n\n<h2 class=\"wp-block-heading\">\u00bfExiste un repelente natural contra los mosquitos?<\/h2>\n\n\n\n<p>Si buscas un repelente natural para evitar las inc\u00f3modas picaduras de mosquito, tenemos la soluci\u00f3n: \u00a1las <strong>plantas<\/strong>! Algunas especies liberan compuestos arom\u00e1ticos que ahuyentan a los mosquitos, como el citronelol, el geraniol, el eucaliptol o el alcanfor. Seguro que algunos de estos nombres te suenan, ya que se utilizan en los <strong>repelentes <\/strong>comerciales y en los aceites esenciales. Estos compuestos interfieren con el potente olfato de los mosquitos y les impiden localizar a sus \u201cv\u00edctimas\u201d, ya que se gu\u00edan por el di\u00f3xido de carbono y los aromas que emitimos.<\/p>\n\n\n\n<div style=\"height:8px\" aria-hidden=\"true\" class=\"wp-block-spacer\"><\/div>\n\n\n<div class=\"lp-produits-grid\"><div class=\"lp-produit\"><div class=\"lp-thumbnail-wrapper\"><img loading=\"lazy\" decoding=\"async\" width=\"300\" height=\"300\" src=\"https:\/\/www.interflora.es\/blog\/wp-content\/uploads\/2025\/05\/1744615844-pwd001-vase-300x300.jpg\" class=\"attachment-medium size-medium wp-post-image\" alt=\"\" srcset=\"https:\/\/www.interflora.es\/blog\/wp-content\/uploads\/2025\/05\/1744615844-pwd001-vase-300x300.jpg 300w, https:\/\/www.interflora.es\/blog\/wp-content\/uploads\/2025\/05\/1744615844-pwd001-vase-1024x1024.jpg 1024w, https:\/\/www.interflora.es\/blog\/wp-content\/uploads\/2025\/05\/1744615844-pwd001-vase-150x150.jpg 150w, https:\/\/www.interflora.es\/blog\/wp-content\/uploads\/2025\/05\/1744615844-pwd001-vase-768x768.jpg 768w, https:\/\/www.interflora.es\/blog\/wp-content\/uploads\/2025\/05\/1744615844-pwd001-vase-1536x1536.jpg 1536w, https:\/\/www.interflora.es\/blog\/wp-content\/uploads\/2025\/05\/1744615844-pwd001-vase-2048x2048.jpg 2048w\" sizes=\"auto, (max-width: 300px) 100vw, 300px\" \/><img decoding=\"async\" class=\"lp-badge\" src=\"https:\/\/prodblog.interflora.es\/blog\/wp-content\/uploads\/2025\/04\/220422_INTERFLORA_Main_Logo_rgb_Main_Color.png\" alt=\"Entrega r\u00e1pida\"><\/div><span>Anthurium Rosa<\/span><p>22.99 \u20ac<\/p><span class=\"obf-link lp-cta\" role=\"link\" tabindex=\"0\" data-b64=\"aHR0cHM6Ly93d3cuaW50ZXJmbG9yYS5lcy9wL2FudGh1cml1bS1yb3NhLzE\/dXRtX21lZGl1bT1vcmdhbmljJnV0bV9zb3VyY2U9YmxvZ19wcm9kdWN0cyZ1dG1fY2FtcGFpZ249UFdEMDAx\" data-target=\"_blank\"><svg xmlns=\"http:\/\/www.w3.org\/2000\/svg\" width=\"16\" height=\"16\" fill=\"currentColor\" class=\"bi bi-bag\" viewBox=\"0 0 16 16\"><path d=\"M8 1a2 2 0 0 1 2 2v1h2.5A1.5 1.5 0 0 1 14 5.5v8A1.5 1.5 0 0 1 12.5 15h-9A1.5 1.5 0 0 1 2 13.5v-8A1.5 1.5 0 0 1 3.5 3H6V2a2 2 0 0 1 2-1zm1 3V3a1 1 0 0 0-2 0v1h2z\"\/><\/svg>Comprar<\/span><p class=\"rapido\">Atenci\u00f3n al cliente siempre disponible<\/p><\/div><div class=\"lp-produit\"><div class=\"lp-thumbnail-wrapper\"><img loading=\"lazy\" decoding=\"async\" width=\"300\" height=\"300\" src=\"https:\/\/www.interflora.es\/blog\/wp-content\/uploads\/2025\/04\/1675079083-sanseviera2-2-300x300.jpg\" class=\"attachment-medium size-medium wp-post-image\" alt=\"\" srcset=\"https:\/\/www.interflora.es\/blog\/wp-content\/uploads\/2025\/04\/1675079083-sanseviera2-2-300x300.jpg 300w, https:\/\/www.interflora.es\/blog\/wp-content\/uploads\/2025\/04\/1675079083-sanseviera2-2-1024x1024.jpg 1024w, https:\/\/www.interflora.es\/blog\/wp-content\/uploads\/2025\/04\/1675079083-sanseviera2-2-150x150.jpg 150w, https:\/\/www.interflora.es\/blog\/wp-content\/uploads\/2025\/04\/1675079083-sanseviera2-2-768x768.jpg 768w, https:\/\/www.interflora.es\/blog\/wp-content\/uploads\/2025\/04\/1675079083-sanseviera2-2.jpg 1500w\" sizes=\"auto, (max-width: 300px) 100vw, 300px\" \/><img decoding=\"async\" class=\"lp-badge\" src=\"https:\/\/prodblog.interflora.es\/blog\/wp-content\/uploads\/2025\/04\/220422_INTERFLORA_Main_Logo_rgb_Main_Color.png\" alt=\"Entrega r\u00e1pida\"><\/div><span>Sansevieria Grande<\/span><p>19.99 \u20ac<\/p><span class=\"obf-link lp-cta\" role=\"link\" tabindex=\"0\" data-b64=\"aHR0cHM6Ly93d3cuaW50ZXJmbG9yYS5lcy9wL3NhbnNldmllcmEtdHJpZmFzY2lhdGEtbGF1cmVudGkvMT91dG1fbWVkaXVtPW9yZ2FuaWMmdXRtX3NvdXJjZT1ibG9nX3Byb2R1Y3RzJnV0bV9jYW1wYWlnbj1QRzAwMjM=\" data-target=\"_blank\"><svg xmlns=\"http:\/\/www.w3.org\/2000\/svg\" width=\"16\" height=\"16\" fill=\"currentColor\" class=\"bi bi-bag\" viewBox=\"0 0 16 16\"><path d=\"M8 1a2 2 0 0 1 2 2v1h2.5A1.5 1.5 0 0 1 14 5.5v8A1.5 1.5 0 0 1 12.5 15h-9A1.5 1.5 0 0 1 2 13.5v-8A1.5 1.5 0 0 1 3.5 3H6V2a2 2 0 0 1 2-1zm1 3V3a1 1 0 0 0-2 0v1h2z\"\/><\/svg>Comprar<\/span><p class=\"rapido\">Entrega urgente<\/p><\/div><div class=\"lp-produit\"><div class=\"lp-thumbnail-wrapper\"><img loading=\"lazy\" decoding=\"async\" width=\"300\" height=\"300\" src=\"https:\/\/www.interflora.es\/blog\/wp-content\/uploads\/2025\/04\/1706020377-p0123-es-2-300x300.jpg\" class=\"attachment-medium size-medium wp-post-image\" alt=\"\" srcset=\"https:\/\/www.interflora.es\/blog\/wp-content\/uploads\/2025\/04\/1706020377-p0123-es-2-300x300.jpg 300w, https:\/\/www.interflora.es\/blog\/wp-content\/uploads\/2025\/04\/1706020377-p0123-es-2-1024x1024.jpg 1024w, https:\/\/www.interflora.es\/blog\/wp-content\/uploads\/2025\/04\/1706020377-p0123-es-2-150x150.jpg 150w, https:\/\/www.interflora.es\/blog\/wp-content\/uploads\/2025\/04\/1706020377-p0123-es-2-768x768.jpg 768w, https:\/\/www.interflora.es\/blog\/wp-content\/uploads\/2025\/04\/1706020377-p0123-es-2.jpg 1500w\" sizes=\"auto, (max-width: 300px) 100vw, 300px\" \/><img decoding=\"async\" class=\"lp-badge\" src=\"https:\/\/prodblog.interflora.es\/blog\/wp-content\/uploads\/2025\/04\/220422_INTERFLORA_Main_Logo_rgb_Main_Color.png\" alt=\"Entrega r\u00e1pida\"><\/div><span>Planta de temporada del Florista<\/span><p>44.99 \u20ac<\/p><span class=\"obf-link lp-cta\" role=\"link\" tabindex=\"0\" data-b64=\"aHR0cHM6Ly93d3cuaW50ZXJmbG9yYS5lcy9wL3BsYW50YS1kZS10ZW1wb3JhZGEtZGVsLWZsb3Jpc3RhLzE\/dXRtX21lZGl1bT1vcmdhbmljJnV0bV9zb3VyY2U9YmxvZ19wcm9kdWN0cyZ1dG1fY2FtcGFpZ249UDAxMjM=\" data-target=\"_blank\"><svg xmlns=\"http:\/\/www.w3.org\/2000\/svg\" width=\"16\" height=\"16\" fill=\"currentColor\" class=\"bi bi-bag\" viewBox=\"0 0 16 16\"><path d=\"M8 1a2 2 0 0 1 2 2v1h2.5A1.5 1.5 0 0 1 14 5.5v8A1.5 1.5 0 0 1 12.5 15h-9A1.5 1.5 0 0 1 2 13.5v-8A1.5 1.5 0 0 1 3.5 3H6V2a2 2 0 0 1 2-1zm1 3V3a1 1 0 0 0-2 0v1h2z\"\/><\/svg>Comprar<\/span><p class=\"rapido\">Selecci\u00f3n Interflora<\/p><\/div><div class=\"lp-produit\"><div class=\"lp-thumbnail-wrapper\"><img loading=\"lazy\" decoding=\"async\" width=\"300\" height=\"300\" src=\"https:\/\/www.interflora.es\/blog\/wp-content\/uploads\/2025\/04\/1674812604-spathiphyllum-pg0030_1-2-300x300.jpg\" class=\"attachment-medium size-medium wp-post-image\" alt=\"\" srcset=\"https:\/\/www.interflora.es\/blog\/wp-content\/uploads\/2025\/04\/1674812604-spathiphyllum-pg0030_1-2-300x300.jpg 300w, https:\/\/www.interflora.es\/blog\/wp-content\/uploads\/2025\/04\/1674812604-spathiphyllum-pg0030_1-2-1024x1024.jpg 1024w, https:\/\/www.interflora.es\/blog\/wp-content\/uploads\/2025\/04\/1674812604-spathiphyllum-pg0030_1-2-150x150.jpg 150w, https:\/\/www.interflora.es\/blog\/wp-content\/uploads\/2025\/04\/1674812604-spathiphyllum-pg0030_1-2-768x768.jpg 768w, https:\/\/www.interflora.es\/blog\/wp-content\/uploads\/2025\/04\/1674812604-spathiphyllum-pg0030_1-2.jpg 1500w\" sizes=\"auto, (max-width: 300px) 100vw, 300px\" \/><img decoding=\"async\" class=\"lp-badge\" src=\"https:\/\/prodblog.interflora.es\/blog\/wp-content\/uploads\/2025\/04\/220422_INTERFLORA_Main_Logo_rgb_Main_Color.png\" alt=\"Entrega r\u00e1pida\"><\/div><span>Spathiphyllum<\/span><p>24.99 \u20ac<\/p><span class=\"obf-link lp-cta\" role=\"link\" tabindex=\"0\" data-b64=\"aHR0cHM6Ly93d3cuaW50ZXJmbG9yYS5lcy9wL3NwYXRoaXBoeWxsdW0vMT91dG1fbWVkaXVtPW9yZ2FuaWMmdXRtX3NvdXJjZT1ibG9nX3Byb2R1Y3RzJnV0bV9jYW1wYWlnbj1QRzAwMzA=\" data-target=\"_blank\"><svg xmlns=\"http:\/\/www.w3.org\/2000\/svg\" width=\"16\" height=\"16\" fill=\"currentColor\" class=\"bi bi-bag\" viewBox=\"0 0 16 16\"><path d=\"M8 1a2 2 0 0 1 2 2v1h2.5A1.5 1.5 0 0 1 14 5.5v8A1.5 1.5 0 0 1 12.5 15h-9A1.5 1.5 0 0 1 2 13.5v-8A1.5 1.5 0 0 1 3.5 3H6V2a2 2 0 0 1 2-1zm1 3V3a1 1 0 0 0-2 0v1h2z\"\/><\/svg>Comprar<\/span><p class=\"rapido\">Selecci\u00f3n Interflora<\/p><\/div><\/div>\n\n\n\n<div style=\"height:8px\" aria-hidden=\"true\" class=\"wp-block-spacer\"><\/div>\n\n\n\n<h3 class=\"wp-block-heading\">Ventajas de las plantas antimosquitos<\/h3>\n\n\n\n<p>Las <strong>plantas antimosquitos <\/strong>presentan innumerables ventajas, ya que son un m\u00e9todo natural, seguro y ecol\u00f3gico para repeler a estos insectos sin necesidad de recurrir a productos qu\u00edmicos. Adem\u00e1s de actuar como repelente y cuidar a toda la familia, estas plantas sirven para decorar y perfumar tu hogar, tu jard\u00edn o tu balc\u00f3n. Algunas de estas <strong>plantas arom\u00e1ticas <\/strong>hasta pueden usarse para cocinar, y suelen ser f\u00e1ciles de cuidar.<\/p>\n\n\n\n<h3 class=\"wp-block-heading\">\u00bfD\u00f3nde colocar una planta para ahuyentar a los mosquitos?<\/h3>\n\n\n\n<p>Existen<strong> plantas antimosquitos<\/strong> tanto de interior como de exterior para que puedas protegerte de los mosquitos en todo momento. Lo ideal es colocar las macetas en lugares estrat\u00e9gicos como repisas de ventanas, balcones, patios y jardines. Por ejemplo, colocar una planta como centro de mesa ahuyentar\u00e1 a los mosquitos mientras disfrut\u00e1is de una agradable cena en el jard\u00edn. Agrupar diferentes plantas te ayudar\u00e1 a potenciar su aroma y sus propiedades.<\/p>\n\n\n\n<h2 class=\"wp-block-heading\">Diez plantas infalibles para repeler a los mosquitos<\/h2>\n\n\n\n<p>Los compuestos que ahuyentan a los mosquitos no est\u00e1n presentes en todas las <a href=\"https:\/\/www.interflora.es\/c\/plantas\">plantas<\/a>. Los encontrar\u00e1s principalmente en las <strong>plantas arom\u00e1ticas<\/strong>. Mientras para los humanos resulta agradable, su olor permite desorientar y repeler a los mosquitos.&nbsp;<\/p>\n\n\n\n<div class=\"wp-block-media-text has-media-on-the-right is-stacked-on-mobile is-image-fill-element\" style=\"grid-template-columns:auto 30%\"><div class=\"wp-block-media-text__content\">\n<h4 class=\"wp-block-heading\">Menta<\/h4>\n\n\n\n<p>El aceite de las hojas de <strong>menta<\/strong> desprende un aroma que ahuyenta a los mosquitos. Esta planta es ideal para exterior, en una maceta en semisombra.<\/p>\n<\/div><figure class=\"wp-block-media-text__media\"><img loading=\"lazy\" decoding=\"async\" width=\"1000\" height=\"620\" src=\"https:\/\/www.interflora.es\/blog\/wp-content\/uploads\/2023\/10\/Menta.jpg\" alt=\"menta\" class=\"wp-image-17487 size-full\" style=\"object-position:50% 50%\" srcset=\"https:\/\/www.interflora.es\/blog\/wp-content\/uploads\/2023\/10\/Menta.jpg 1000w, https:\/\/www.interflora.es\/blog\/wp-content\/uploads\/2023\/10\/Menta-300x186.jpg 300w, https:\/\/www.interflora.es\/blog\/wp-content\/uploads\/2023\/10\/Menta-768x476.jpg 768w\" sizes=\"auto, (max-width: 1000px) 100vw, 1000px\" \/><\/figure><\/div>\n\n\n\n<div class=\"wp-block-media-text is-stacked-on-mobile is-image-fill-element\" style=\"grid-template-columns:30% auto\"><figure class=\"wp-block-media-text__media\"><img loading=\"lazy\" decoding=\"async\" width=\"910\" height=\"1024\" src=\"https:\/\/www.interflora.es\/blog\/wp-content\/uploads\/2024\/01\/flor-geminis-lavanda-3-910x1024.jpg\" alt=\"lavanda\" class=\"wp-image-20268 size-full\" style=\"object-position:55% 44%\" srcset=\"https:\/\/www.interflora.es\/blog\/wp-content\/uploads\/2024\/01\/flor-geminis-lavanda-3-910x1024.jpg 910w, https:\/\/www.interflora.es\/blog\/wp-content\/uploads\/2024\/01\/flor-geminis-lavanda-3-267x300.jpg 267w, https:\/\/www.interflora.es\/blog\/wp-content\/uploads\/2024\/01\/flor-geminis-lavanda-3-768x864.jpg 768w, https:\/\/www.interflora.es\/blog\/wp-content\/uploads\/2024\/01\/flor-geminis-lavanda-3-1365x1536.jpg 1365w, https:\/\/www.interflora.es\/blog\/wp-content\/uploads\/2024\/01\/flor-geminis-lavanda-3.jpg 1787w\" sizes=\"auto, (max-width: 910px) 100vw, 910px\" \/><\/figure><div class=\"wp-block-media-text__content\">\n<h4 class=\"wp-block-heading\">Lavanda<\/h4>\n\n\n\n<p>La <strong>lavanda<\/strong> es una planta muy decorativa. A pesar de su olor agradable, es muy eficaz contra los mosquitos. Puede estar en interior o exterior, siempre que reciba mucha luz.<\/p>\n<\/div><\/div>\n\n\n\n<div class=\"wp-block-media-text has-media-on-the-right is-stacked-on-mobile is-image-fill-element\" style=\"grid-template-columns:auto 30%\"><div class=\"wp-block-media-text__content\">\n<h4 class=\"wp-block-heading\">Citronela<\/h4>\n\n\n\n<p>La <strong>citronela<\/strong> es una de las plantas antimosquitos m\u00e1s populares. Su inconfundible aroma a lim\u00f3n los mantendr\u00e1 alejados. Adem\u00e1s, es una planta de exterior que resulta f\u00e1cil de cuidar.<\/p>\n<\/div><figure class=\"wp-block-media-text__media\"><img loading=\"lazy\" decoding=\"async\" width=\"1024\" height=\"768\" src=\"https:\/\/www.interflora.es\/blog\/wp-content\/uploads\/2023\/10\/citronela-scaled-1-1024x768.jpg\" alt=\"citronela\" class=\"wp-image-17481 size-full\" style=\"object-position:59% 0%\" srcset=\"https:\/\/www.interflora.es\/blog\/wp-content\/uploads\/2023\/10\/citronela-scaled-1-1024x768.jpg 1024w, https:\/\/www.interflora.es\/blog\/wp-content\/uploads\/2023\/10\/citronela-scaled-1-300x225.jpg 300w, https:\/\/www.interflora.es\/blog\/wp-content\/uploads\/2023\/10\/citronela-scaled-1-768x576.jpg 768w, https:\/\/www.interflora.es\/blog\/wp-content\/uploads\/2023\/10\/citronela-scaled-1-1536x1152.jpg 1536w, https:\/\/www.interflora.es\/blog\/wp-content\/uploads\/2023\/10\/citronela-scaled-1-2048x1536.jpg 2048w\" sizes=\"auto, (max-width: 1024px) 100vw, 1024px\" \/><\/figure><\/div>\n\n\n\n<div class=\"wp-block-media-text is-stacked-on-mobile is-image-fill-element\" style=\"grid-template-columns:30% auto\"><figure class=\"wp-block-media-text__media\"><img loading=\"lazy\" decoding=\"async\" width=\"1024\" height=\"684\" src=\"https:\/\/www.interflora.es\/blog\/wp-content\/uploads\/2025\/07\/albahaca-1024x684.jpg\" alt=\"albahaca\" class=\"wp-image-30096 size-full\" style=\"object-position:50% 50%\" srcset=\"https:\/\/www.interflora.es\/blog\/wp-content\/uploads\/2025\/07\/albahaca-1024x684.jpg 1024w, https:\/\/www.interflora.es\/blog\/wp-content\/uploads\/2025\/07\/albahaca-300x200.jpg 300w, https:\/\/www.interflora.es\/blog\/wp-content\/uploads\/2025\/07\/albahaca-768x513.jpg 768w, https:\/\/www.interflora.es\/blog\/wp-content\/uploads\/2025\/07\/albahaca-1536x1025.jpg 1536w, https:\/\/www.interflora.es\/blog\/wp-content\/uploads\/2025\/07\/albahaca-2048x1367.jpg 2048w\" sizes=\"auto, (max-width: 1024px) 100vw, 1024px\" \/><\/figure><div class=\"wp-block-media-text__content\">\n<h4 class=\"wp-block-heading\">Albahaca<\/h4>\n\n\n\n<p>La <strong>albahaca<\/strong> es un eficaz repelente contra los mosquitos, en especial la <strong>albahaca lim\u00f3n<\/strong> (de hoja peque\u00f1a). Por supuesto, puedes aprovecharla para dar sabor a tus platos.<\/p>\n<\/div><\/div>\n\n\n\n<div class=\"wp-block-media-text has-media-on-the-right is-stacked-on-mobile is-image-fill-element\" style=\"grid-template-columns:auto 30%\"><div class=\"wp-block-media-text__content\">\n<h4 class=\"wp-block-heading\">Romero<\/h4>\n\n\n\n<p>El <strong>romero<\/strong> es otra planta de uso culinario que tambi\u00e9n mantiene alejados a los mosquitos. Es muy resistente y no requiere grandes cuidados, solo suficiente sol.&nbsp;<\/p>\n<\/div><figure class=\"wp-block-media-text__media\"><img loading=\"lazy\" decoding=\"async\" width=\"1000\" height=\"667\" src=\"https:\/\/www.interflora.es\/blog\/wp-content\/uploads\/2025\/07\/romero.jpg\" alt=\"romero\" class=\"wp-image-30097 size-full\" style=\"object-position:91% 82%\" srcset=\"https:\/\/www.interflora.es\/blog\/wp-content\/uploads\/2025\/07\/romero.jpg 1000w, https:\/\/www.interflora.es\/blog\/wp-content\/uploads\/2025\/07\/romero-300x200.jpg 300w, https:\/\/www.interflora.es\/blog\/wp-content\/uploads\/2025\/07\/romero-768x512.jpg 768w\" sizes=\"auto, (max-width: 1000px) 100vw, 1000px\" \/><\/figure><\/div>\n\n\n\n<div style=\"height:8px\" aria-hidden=\"true\" class=\"wp-block-spacer\"><\/div>\n\n\n<div class=\"lp-produits-grid\"><div class=\"lp-produit\"><div class=\"lp-thumbnail-wrapper\"><img loading=\"lazy\" decoding=\"async\" width=\"300\" height=\"300\" src=\"https:\/\/www.interflora.es\/blog\/wp-content\/uploads\/2025\/04\/1744009600-stephanotis-300x300.jpg\" class=\"attachment-medium size-medium wp-post-image\" alt=\"\" srcset=\"https:\/\/www.interflora.es\/blog\/wp-content\/uploads\/2025\/04\/1744009600-stephanotis-300x300.jpg 300w, https:\/\/www.interflora.es\/blog\/wp-content\/uploads\/2025\/04\/1744009600-stephanotis-1024x1024.jpg 1024w, https:\/\/www.interflora.es\/blog\/wp-content\/uploads\/2025\/04\/1744009600-stephanotis-150x150.jpg 150w, https:\/\/www.interflora.es\/blog\/wp-content\/uploads\/2025\/04\/1744009600-stephanotis-768x768.jpg 768w, https:\/\/www.interflora.es\/blog\/wp-content\/uploads\/2025\/04\/1744009600-stephanotis-1536x1536.jpg 1536w, https:\/\/www.interflora.es\/blog\/wp-content\/uploads\/2025\/04\/1744009600-stephanotis-2048x2048.jpg 2048w\" sizes=\"auto, (max-width: 300px) 100vw, 300px\" \/><img decoding=\"async\" class=\"lp-badge\" src=\"https:\/\/prodblog.interflora.es\/blog\/wp-content\/uploads\/2025\/04\/220422_INTERFLORA_Main_Logo_rgb_Main_Color.png\" alt=\"Entrega r\u00e1pida\"><\/div><span>Stephanotis<\/span><p>22.99 \u20ac<\/p><span class=\"obf-link lp-cta\" role=\"link\" tabindex=\"0\" data-b64=\"aHR0cHM6Ly93d3cuaW50ZXJmbG9yYS5lcy9wL3N0ZXBoYW5vdGlzLWZsb3JpYnVuZGEvMT91dG1fbWVkaXVtPW9yZ2FuaWMmdXRtX3NvdXJjZT1ibG9nX3Byb2R1Y3RzJnV0bV9jYW1wYWlnbj1QV0QwMDg=\" data-target=\"_blank\"><svg xmlns=\"http:\/\/www.w3.org\/2000\/svg\" width=\"16\" height=\"16\" fill=\"currentColor\" class=\"bi bi-bag\" viewBox=\"0 0 16 16\"><path d=\"M8 1a2 2 0 0 1 2 2v1h2.5A1.5 1.5 0 0 1 14 5.5v8A1.5 1.5 0 0 1 12.5 15h-9A1.5 1.5 0 0 1 2 13.5v-8A1.5 1.5 0 0 1 3.5 3H6V2a2 2 0 0 1 2-1zm1 3V3a1 1 0 0 0-2 0v1h2z\"\/><\/svg>Comprar<\/span><p class=\"rapido\">Entrega en el d\u00eda<\/p><\/div><div class=\"lp-produit\"><div class=\"lp-thumbnail-wrapper\"><img loading=\"lazy\" decoding=\"async\" width=\"300\" height=\"300\" src=\"https:\/\/www.interflora.es\/blog\/wp-content\/uploads\/2025\/04\/1744010926-tillandsia-1-300x300.jpg\" class=\"attachment-medium size-medium wp-post-image\" alt=\"\" srcset=\"https:\/\/www.interflora.es\/blog\/wp-content\/uploads\/2025\/04\/1744010926-tillandsia-1-300x300.jpg 300w, https:\/\/www.interflora.es\/blog\/wp-content\/uploads\/2025\/04\/1744010926-tillandsia-1-150x150.jpg 150w, https:\/\/www.interflora.es\/blog\/wp-content\/uploads\/2025\/04\/1744010926-tillandsia-1-768x768.jpg 768w, https:\/\/www.interflora.es\/blog\/wp-content\/uploads\/2025\/04\/1744010926-tillandsia-1.jpg 1024w\" sizes=\"auto, (max-width: 300px) 100vw, 300px\" \/><img decoding=\"async\" class=\"lp-badge\" src=\"https:\/\/prodblog.interflora.es\/blog\/wp-content\/uploads\/2025\/04\/220422_INTERFLORA_Main_Logo_rgb_Main_Color.png\" alt=\"Entrega r\u00e1pida\"><\/div><span>Tillandsia<\/span><p>14.99 \u20ac<\/p><span class=\"obf-link lp-cta\" role=\"link\" tabindex=\"0\" data-b64=\"aHR0cHM6Ly93d3cuaW50ZXJmbG9yYS5lcy9wL3RpbGxhbmRzaWEvMT91dG1fbWVkaXVtPW9yZ2FuaWMmdXRtX3NvdXJjZT1ibG9nX3Byb2R1Y3RzJnV0bV9jYW1wYWlnbj1QV0QwMDk=\" data-target=\"_blank\"><svg xmlns=\"http:\/\/www.w3.org\/2000\/svg\" width=\"16\" height=\"16\" fill=\"currentColor\" class=\"bi bi-bag\" viewBox=\"0 0 16 16\"><path d=\"M8 1a2 2 0 0 1 2 2v1h2.5A1.5 1.5 0 0 1 14 5.5v8A1.5 1.5 0 0 1 12.5 15h-9A1.5 1.5 0 0 1 2 13.5v-8A1.5 1.5 0 0 1 3.5 3H6V2a2 2 0 0 1 2-1zm1 3V3a1 1 0 0 0-2 0v1h2z\"\/><\/svg>Comprar<\/span><p class=\"rapido\">Selecci\u00f3n Interflora<\/p><\/div><div class=\"lp-produit\"><div class=\"lp-thumbnail-wrapper\"><img loading=\"lazy\" decoding=\"async\" width=\"300\" height=\"300\" src=\"https:\/\/www.interflora.es\/blog\/wp-content\/uploads\/2025\/04\/1734514274-pf002-orchidea-bianca-zoom-key-2-300x300.jpg\" class=\"attachment-medium size-medium wp-post-image\" alt=\"\" srcset=\"https:\/\/www.interflora.es\/blog\/wp-content\/uploads\/2025\/04\/1734514274-pf002-orchidea-bianca-zoom-key-2-300x300.jpg 300w, https:\/\/www.interflora.es\/blog\/wp-content\/uploads\/2025\/04\/1734514274-pf002-orchidea-bianca-zoom-key-2-1024x1024.jpg 1024w, https:\/\/www.interflora.es\/blog\/wp-content\/uploads\/2025\/04\/1734514274-pf002-orchidea-bianca-zoom-key-2-150x150.jpg 150w, https:\/\/www.interflora.es\/blog\/wp-content\/uploads\/2025\/04\/1734514274-pf002-orchidea-bianca-zoom-key-2-768x768.jpg 768w, https:\/\/www.interflora.es\/blog\/wp-content\/uploads\/2025\/04\/1734514274-pf002-orchidea-bianca-zoom-key-2-1536x1536.jpg 1536w, https:\/\/www.interflora.es\/blog\/wp-content\/uploads\/2025\/04\/1734514274-pf002-orchidea-bianca-zoom-key-2.jpg 1800w\" sizes=\"auto, (max-width: 300px) 100vw, 300px\" \/><img decoding=\"async\" class=\"lp-badge\" src=\"https:\/\/prodblog.interflora.es\/blog\/wp-content\/uploads\/2025\/04\/220422_INTERFLORA_Main_Logo_rgb_Main_Color.png\" alt=\"Entrega r\u00e1pida\"><\/div><span>Orqu\u00eddea Blanca<\/span><p>49.99 \u20ac<\/p><span class=\"obf-link lp-cta\" role=\"link\" tabindex=\"0\" data-b64=\"aHR0cHM6Ly93d3cuaW50ZXJmbG9yYS5lcy9wL3BsYW50YS1kZS1waGFsYWVub3BzaXMtcHJlbWl1bS8xP3V0bV9tZWRpdW09b3JnYW5pYyZ1dG1fc291cmNlPWJsb2dfcHJvZHVjdHMmdXRtX2NhbXBhaWduPVAwMTAx\" data-target=\"_blank\"><svg xmlns=\"http:\/\/www.w3.org\/2000\/svg\" width=\"16\" height=\"16\" fill=\"currentColor\" class=\"bi bi-bag\" viewBox=\"0 0 16 16\"><path d=\"M8 1a2 2 0 0 1 2 2v1h2.5A1.5 1.5 0 0 1 14 5.5v8A1.5 1.5 0 0 1 12.5 15h-9A1.5 1.5 0 0 1 2 13.5v-8A1.5 1.5 0 0 1 3.5 3H6V2a2 2 0 0 1 2-1zm1 3V3a1 1 0 0 0-2 0v1h2z\"\/><\/svg>Comprar<\/span><p class=\"rapido\">Selecci\u00f3n Interflora<\/p><\/div><div class=\"lp-produit\"><div class=\"lp-thumbnail-wrapper\"><img loading=\"lazy\" decoding=\"async\" width=\"300\" height=\"300\" src=\"https:\/\/www.interflora.es\/blog\/wp-content\/uploads\/2025\/04\/1675079083-sanseviera2-2-300x300.jpg\" class=\"attachment-medium size-medium wp-post-image\" alt=\"\" srcset=\"https:\/\/www.interflora.es\/blog\/wp-content\/uploads\/2025\/04\/1675079083-sanseviera2-2-300x300.jpg 300w, https:\/\/www.interflora.es\/blog\/wp-content\/uploads\/2025\/04\/1675079083-sanseviera2-2-1024x1024.jpg 1024w, https:\/\/www.interflora.es\/blog\/wp-content\/uploads\/2025\/04\/1675079083-sanseviera2-2-150x150.jpg 150w, https:\/\/www.interflora.es\/blog\/wp-content\/uploads\/2025\/04\/1675079083-sanseviera2-2-768x768.jpg 768w, https:\/\/www.interflora.es\/blog\/wp-content\/uploads\/2025\/04\/1675079083-sanseviera2-2.jpg 1500w\" sizes=\"auto, (max-width: 300px) 100vw, 300px\" \/><img decoding=\"async\" class=\"lp-badge\" src=\"https:\/\/prodblog.interflora.es\/blog\/wp-content\/uploads\/2025\/04\/220422_INTERFLORA_Main_Logo_rgb_Main_Color.png\" alt=\"Entrega r\u00e1pida\"><\/div><span>Sansevieria Grande<\/span><p>19.99 \u20ac<\/p><span class=\"obf-link lp-cta\" role=\"link\" tabindex=\"0\" data-b64=\"aHR0cHM6Ly93d3cuaW50ZXJmbG9yYS5lcy9wL3NhbnNldmllcmEtdHJpZmFzY2lhdGEtbGF1cmVudGkvMT91dG1fbWVkaXVtPW9yZ2FuaWMmdXRtX3NvdXJjZT1ibG9nX3Byb2R1Y3RzJnV0bV9jYW1wYWlnbj1QRzAwMjM=\" data-target=\"_blank\"><svg xmlns=\"http:\/\/www.w3.org\/2000\/svg\" width=\"16\" height=\"16\" fill=\"currentColor\" class=\"bi bi-bag\" viewBox=\"0 0 16 16\"><path d=\"M8 1a2 2 0 0 1 2 2v1h2.5A1.5 1.5 0 0 1 14 5.5v8A1.5 1.5 0 0 1 12.5 15h-9A1.5 1.5 0 0 1 2 13.5v-8A1.5 1.5 0 0 1 3.5 3H6V2a2 2 0 0 1 2-1zm1 3V3a1 1 0 0 0-2 0v1h2z\"\/><\/svg>Comprar<\/span><p class=\"rapido\">Env\u00edo r\u00e1pido<\/p><\/div><\/div>\n\n\n\n<div style=\"height:8px\" aria-hidden=\"true\" class=\"wp-block-spacer\"><\/div>\n\n\n\n<div class=\"wp-block-media-text is-stacked-on-mobile is-image-fill-element\" style=\"grid-template-columns:30% auto\"><figure class=\"wp-block-media-text__media\"><img loading=\"lazy\" decoding=\"async\" width=\"1024\" height=\"683\" src=\"https:\/\/www.interflora.es\/blog\/wp-content\/uploads\/2025\/07\/geranio-limon-1024x683.jpg\" alt=\"geranio lim\u00f3n\" class=\"wp-image-30247 size-full\" style=\"object-position:50% 50%\" srcset=\"https:\/\/www.interflora.es\/blog\/wp-content\/uploads\/2025\/07\/geranio-limon-1024x683.jpg 1024w, https:\/\/www.interflora.es\/blog\/wp-content\/uploads\/2025\/07\/geranio-limon-300x200.jpg 300w, https:\/\/www.interflora.es\/blog\/wp-content\/uploads\/2025\/07\/geranio-limon-768x512.jpg 768w, https:\/\/www.interflora.es\/blog\/wp-content\/uploads\/2025\/07\/geranio-limon-1536x1024.jpg 1536w, https:\/\/www.interflora.es\/blog\/wp-content\/uploads\/2025\/07\/geranio-limon-2048x1366.jpg 2048w\" sizes=\"auto, (max-width: 1024px) 100vw, 1024px\" \/><\/figure><div class=\"wp-block-media-text__content\">\n<h4 class=\"wp-block-heading\">Geranio lim\u00f3n<\/h4>\n\n\n\n<p>El <strong>geranio lim\u00f3n<\/strong> es un arbusto que desprende un fuerte aroma c\u00edtrico. A esta planta de exterior le gusta recibir sol directo y es muy decorativa por sus bonitas flores de colores.<\/p>\n<\/div><\/div>\n\n\n\n<div class=\"wp-block-media-text has-media-on-the-right is-stacked-on-mobile is-image-fill-element\" style=\"grid-template-columns:auto 30%\"><div class=\"wp-block-media-text__content\">\n<h4 class=\"wp-block-heading\">Salvia<\/h4>\n\n\n\n<p>La <strong>salvia<\/strong> es un excelente insecticida tanto en interior como en exterior. Es una planta con m\u00faltiples propiedades y muy f\u00e1cil de cuidar, ya que solo necesita luz y poca agua.&nbsp;<\/p>\n<\/div><figure class=\"wp-block-media-text__media\"><img loading=\"lazy\" decoding=\"async\" width=\"500\" height=\"500\" src=\"https:\/\/www.interflora.es\/blog\/wp-content\/uploads\/salvia-flores.jpg\" alt=\"salvia\" class=\"wp-image-17332 size-full\" style=\"object-position:58% 47%\" srcset=\"https:\/\/www.interflora.es\/blog\/wp-content\/uploads\/salvia-flores.jpg 500w, https:\/\/www.interflora.es\/blog\/wp-content\/uploads\/salvia-flores-300x300.jpg 300w, https:\/\/www.interflora.es\/blog\/wp-content\/uploads\/salvia-flores-150x150.jpg 150w\" sizes=\"auto, (max-width: 500px) 100vw, 500px\" \/><\/figure><\/div>\n\n\n\n<div class=\"wp-block-media-text is-stacked-on-mobile is-image-fill-element\" style=\"grid-template-columns:30% auto\"><figure class=\"wp-block-media-text__media\"><img loading=\"lazy\" decoding=\"async\" width=\"500\" height=\"500\" src=\"https:\/\/www.interflora.es\/blog\/wp-content\/uploads\/calendula-naranja.jpg\" alt=\"cal\u00e9ndula\" class=\"wp-image-16426 size-full\" style=\"object-position:50% 50%\" srcset=\"https:\/\/www.interflora.es\/blog\/wp-content\/uploads\/calendula-naranja.jpg 500w, https:\/\/www.interflora.es\/blog\/wp-content\/uploads\/calendula-naranja-300x300.jpg 300w, https:\/\/www.interflora.es\/blog\/wp-content\/uploads\/calendula-naranja-150x150.jpg 150w\" sizes=\"auto, (max-width: 500px) 100vw, 500px\" \/><\/figure><div class=\"wp-block-media-text__content\">\n<h4 class=\"wp-block-heading\">Cal\u00e9ndula<\/h4>\n\n\n\n<p>El aroma de las flores anaranjadas de la <strong>cal\u00e9ndula<\/strong> permite ahuyentar a los mosquitos. Est\u00e1s plantas necesitan un riego frecuente y bastante sol.<\/p>\n<\/div><\/div>\n\n\n\n<div class=\"wp-block-media-text has-media-on-the-right is-stacked-on-mobile is-image-fill-element\" style=\"grid-template-columns:auto 30%\"><div class=\"wp-block-media-text__content\">\n<h4 class=\"wp-block-heading\">Tomillo limonero<\/h4>\n\n\n\n<p>El <strong>tomillo limonero<\/strong> es otra planta antimosquitos que tambi\u00e9n sirve para cocinar. Si frotas las hojas en las palmas de las manos, potenciar\u00e1s su olor y eficacia.<\/p>\n<\/div><figure class=\"wp-block-media-text__media\"><img loading=\"lazy\" decoding=\"async\" width=\"1024\" height=\"729\" src=\"https:\/\/www.interflora.es\/blog\/wp-content\/uploads\/2025\/07\/tomillo-limonero-1024x729.jpg\" alt=\"\" class=\"wp-image-30248 size-full\" style=\"object-position:50% 50%\" srcset=\"https:\/\/www.interflora.es\/blog\/wp-content\/uploads\/2025\/07\/tomillo-limonero-1024x729.jpg 1024w, https:\/\/www.interflora.es\/blog\/wp-content\/uploads\/2025\/07\/tomillo-limonero-300x214.jpg 300w, https:\/\/www.interflora.es\/blog\/wp-content\/uploads\/2025\/07\/tomillo-limonero-768x547.jpg 768w, https:\/\/www.interflora.es\/blog\/wp-content\/uploads\/2025\/07\/tomillo-limonero-1536x1094.jpg 1536w, https:\/\/www.interflora.es\/blog\/wp-content\/uploads\/2025\/07\/tomillo-limonero-2048x1458.jpg 2048w\" sizes=\"auto, (max-width: 1024px) 100vw, 1024px\" \/><\/figure><\/div>\n\n\n\n<div class=\"wp-block-media-text is-stacked-on-mobile is-image-fill-element\" style=\"grid-template-columns:30% auto\"><figure class=\"wp-block-media-text__media\"><img loading=\"lazy\" decoding=\"async\" width=\"1024\" height=\"447\" src=\"https:\/\/www.interflora.es\/blog\/wp-content\/uploads\/2025\/07\/jazmin-1024x447.jpg\" alt=\"jazm\u00edn\" class=\"wp-image-29911 size-full\" style=\"object-position:0% 47%\" srcset=\"https:\/\/www.interflora.es\/blog\/wp-content\/uploads\/2025\/07\/jazmin-1024x447.jpg 1024w, https:\/\/www.interflora.es\/blog\/wp-content\/uploads\/2025\/07\/jazmin-300x131.jpg 300w, https:\/\/www.interflora.es\/blog\/wp-content\/uploads\/2025\/07\/jazmin-768x335.jpg 768w, https:\/\/www.interflora.es\/blog\/wp-content\/uploads\/2025\/07\/jazmin-1536x671.jpg 1536w, https:\/\/www.interflora.es\/blog\/wp-content\/uploads\/2025\/07\/jazmin.jpg 1900w\" sizes=\"auto, (max-width: 1024px) 100vw, 1024px\" \/><\/figure><div class=\"wp-block-media-text__content\">\n<h4 class=\"wp-block-heading\">Jazm\u00edn<\/h4>\n\n\n\n<p>El <strong>jazm\u00edn<\/strong> es un gran aliado contra los mosquitos, ya que su aroma dulce permite espantar a estos y otros insectos. Puedes colocarlo tanto dentro como fuera de casa.<\/p>\n<\/div><\/div>\n\n\n\n<p><\/p>\n\n\n\n<h2 class=\"wp-block-heading\">Aliviar las picaduras con plantas antimosquitos&nbsp;<\/h2>\n\n\n\n<p>Tener cerca estas <strong>plantas<\/strong> te ayudar\u00e1 a mantener alejados a los mosquitos. No obstante, si ya te han picado, algunas de ellas tambi\u00e9n son un excelente remedio para aliviar los s\u00edntomas.<\/p>\n\n\n\n<p>Por ejemplo, puedes fabricar tu propio aceite de <strong>cal\u00e9ndula<\/strong> o de <strong>lavanda<\/strong> y aplicarlo directamente sobre la piel para reducir la inflamaci\u00f3n y el picor. Frotar hojas de <strong>menta<\/strong> o de <strong>tomillo<\/strong> por la picadura tambi\u00e9n te ayudar\u00e1 a reducir la picaz\u00f3n.<\/p>\n\n\n\n<p><br>\u00a1Aprovecha todos los <strong>beneficios de las plantas antimosquitos <\/strong>y no dejes que estos molestos insectos voladores te impidan disfrutar del verano!<\/p>\n\n\n\n<div style=\"height:5px\" aria-hidden=\"true\" class=\"wp-block-spacer\"><\/div>\n\n\n<div class=\"lp-produits-grid\"><div class=\"lp-produit\"><div class=\"lp-thumbnail-wrapper\"><img loading=\"lazy\" decoding=\"async\" width=\"300\" height=\"300\" src=\"https:\/\/www.interflora.es\/blog\/wp-content\/uploads\/2025\/04\/1674812604-spathiphyllum-pg0030_1-2-300x300.jpg\" class=\"attachment-medium size-medium wp-post-image\" alt=\"\" srcset=\"https:\/\/www.interflora.es\/blog\/wp-content\/uploads\/2025\/04\/1674812604-spathiphyllum-pg0030_1-2-300x300.jpg 300w, https:\/\/www.interflora.es\/blog\/wp-content\/uploads\/2025\/04\/1674812604-spathiphyllum-pg0030_1-2-1024x1024.jpg 1024w, https:\/\/www.interflora.es\/blog\/wp-content\/uploads\/2025\/04\/1674812604-spathiphyllum-pg0030_1-2-150x150.jpg 150w, https:\/\/www.interflora.es\/blog\/wp-content\/uploads\/2025\/04\/1674812604-spathiphyllum-pg0030_1-2-768x768.jpg 768w, https:\/\/www.interflora.es\/blog\/wp-content\/uploads\/2025\/04\/1674812604-spathiphyllum-pg0030_1-2.jpg 1500w\" sizes=\"auto, (max-width: 300px) 100vw, 300px\" \/><img decoding=\"async\" class=\"lp-badge\" src=\"https:\/\/prodblog.interflora.es\/blog\/wp-content\/uploads\/2025\/04\/220422_INTERFLORA_Main_Logo_rgb_Main_Color.png\" alt=\"Entrega r\u00e1pida\"><\/div><span>Spathiphyllum<\/span><p>24.99 \u20ac<\/p><span class=\"obf-link lp-cta\" role=\"link\" tabindex=\"0\" data-b64=\"aHR0cHM6Ly93d3cuaW50ZXJmbG9yYS5lcy9wL3NwYXRoaXBoeWxsdW0vMT91dG1fbWVkaXVtPW9yZ2FuaWMmdXRtX3NvdXJjZT1ibG9nX3Byb2R1Y3RzJnV0bV9jYW1wYWlnbj1QRzAwMzA=\" data-target=\"_blank\"><svg xmlns=\"http:\/\/www.w3.org\/2000\/svg\" width=\"16\" height=\"16\" fill=\"currentColor\" class=\"bi bi-bag\" viewBox=\"0 0 16 16\"><path d=\"M8 1a2 2 0 0 1 2 2v1h2.5A1.5 1.5 0 0 1 14 5.5v8A1.5 1.5 0 0 1 12.5 15h-9A1.5 1.5 0 0 1 2 13.5v-8A1.5 1.5 0 0 1 3.5 3H6V2a2 2 0 0 1 2-1zm1 3V3a1 1 0 0 0-2 0v1h2z\"\/><\/svg>Comprar<\/span><p class=\"rapido\">Atenci\u00f3n al cliente siempre disponible<\/p><\/div><div class=\"lp-produit\"><div class=\"lp-thumbnail-wrapper\"><img loading=\"lazy\" decoding=\"async\" width=\"300\" height=\"300\" src=\"https:\/\/www.interflora.es\/blog\/wp-content\/uploads\/2025\/04\/1744009600-stephanotis-300x300.jpg\" class=\"attachment-medium size-medium wp-post-image\" alt=\"\" srcset=\"https:\/\/www.interflora.es\/blog\/wp-content\/uploads\/2025\/04\/1744009600-stephanotis-300x300.jpg 300w, https:\/\/www.interflora.es\/blog\/wp-content\/uploads\/2025\/04\/1744009600-stephanotis-1024x1024.jpg 1024w, https:\/\/www.interflora.es\/blog\/wp-content\/uploads\/2025\/04\/1744009600-stephanotis-150x150.jpg 150w, https:\/\/www.interflora.es\/blog\/wp-content\/uploads\/2025\/04\/1744009600-stephanotis-768x768.jpg 768w, https:\/\/www.interflora.es\/blog\/wp-content\/uploads\/2025\/04\/1744009600-stephanotis-1536x1536.jpg 1536w, https:\/\/www.interflora.es\/blog\/wp-content\/uploads\/2025\/04\/1744009600-stephanotis-2048x2048.jpg 2048w\" sizes=\"auto, (max-width: 300px) 100vw, 300px\" \/><img decoding=\"async\" class=\"lp-badge\" src=\"https:\/\/prodblog.interflora.es\/blog\/wp-content\/uploads\/2025\/04\/220422_INTERFLORA_Main_Logo_rgb_Main_Color.png\" alt=\"Entrega r\u00e1pida\"><\/div><span>Stephanotis<\/span><p>22.99 \u20ac<\/p><span class=\"obf-link lp-cta\" role=\"link\" tabindex=\"0\" data-b64=\"aHR0cHM6Ly93d3cuaW50ZXJmbG9yYS5lcy9wL3N0ZXBoYW5vdGlzLWZsb3JpYnVuZGEvMT91dG1fbWVkaXVtPW9yZ2FuaWMmdXRtX3NvdXJjZT1ibG9nX3Byb2R1Y3RzJnV0bV9jYW1wYWlnbj1QV0QwMDg=\" data-target=\"_blank\"><svg xmlns=\"http:\/\/www.w3.org\/2000\/svg\" width=\"16\" height=\"16\" fill=\"currentColor\" class=\"bi bi-bag\" viewBox=\"0 0 16 16\"><path d=\"M8 1a2 2 0 0 1 2 2v1h2.5A1.5 1.5 0 0 1 14 5.5v8A1.5 1.5 0 0 1 12.5 15h-9A1.5 1.5 0 0 1 2 13.5v-8A1.5 1.5 0 0 1 3.5 3H6V2a2 2 0 0 1 2-1zm1 3V3a1 1 0 0 0-2 0v1h2z\"\/><\/svg>Comprar<\/span><p class=\"rapido\">Entrega en el d\u00eda<\/p><\/div><div class=\"lp-produit\"><div class=\"lp-thumbnail-wrapper\"><img loading=\"lazy\" decoding=\"async\" width=\"300\" height=\"300\" src=\"https:\/\/www.interflora.es\/blog\/wp-content\/uploads\/2025\/05\/1744615844-pwd001-vase-300x300.jpg\" class=\"attachment-medium size-medium wp-post-image\" alt=\"\" srcset=\"https:\/\/www.interflora.es\/blog\/wp-content\/uploads\/2025\/05\/1744615844-pwd001-vase-300x300.jpg 300w, https:\/\/www.interflora.es\/blog\/wp-content\/uploads\/2025\/05\/1744615844-pwd001-vase-1024x1024.jpg 1024w, https:\/\/www.interflora.es\/blog\/wp-content\/uploads\/2025\/05\/1744615844-pwd001-vase-150x150.jpg 150w, https:\/\/www.interflora.es\/blog\/wp-content\/uploads\/2025\/05\/1744615844-pwd001-vase-768x768.jpg 768w, https:\/\/www.interflora.es\/blog\/wp-content\/uploads\/2025\/05\/1744615844-pwd001-vase-1536x1536.jpg 1536w, https:\/\/www.interflora.es\/blog\/wp-content\/uploads\/2025\/05\/1744615844-pwd001-vase-2048x2048.jpg 2048w\" sizes=\"auto, (max-width: 300px) 100vw, 300px\" \/><img decoding=\"async\" class=\"lp-badge\" src=\"https:\/\/prodblog.interflora.es\/blog\/wp-content\/uploads\/2025\/04\/220422_INTERFLORA_Main_Logo_rgb_Main_Color.png\" alt=\"Entrega r\u00e1pida\"><\/div><span>Anthurium Rosa<\/span><p>22.99 \u20ac<\/p><span class=\"obf-link lp-cta\" role=\"link\" tabindex=\"0\" data-b64=\"aHR0cHM6Ly93d3cuaW50ZXJmbG9yYS5lcy9wL2FudGh1cml1bS1yb3NhLzE\/dXRtX21lZGl1bT1vcmdhbmljJnV0bV9zb3VyY2U9YmxvZ19wcm9kdWN0cyZ1dG1fY2FtcGFpZ249UFdEMDAx\" data-target=\"_blank\"><svg xmlns=\"http:\/\/www.w3.org\/2000\/svg\" width=\"16\" height=\"16\" fill=\"currentColor\" class=\"bi bi-bag\" viewBox=\"0 0 16 16\"><path d=\"M8 1a2 2 0 0 1 2 2v1h2.5A1.5 1.5 0 0 1 14 5.5v8A1.5 1.5 0 0 1 12.5 15h-9A1.5 1.5 0 0 1 2 13.5v-8A1.5 1.5 0 0 1 3.5 3H6V2a2 2 0 0 1 2-1zm1 3V3a1 1 0 0 0-2 0v1h2z\"\/><\/svg>Comprar<\/span><p class=\"rapido\">Entrega en el d\u00eda<\/p><\/div><div class=\"lp-produit\"><div class=\"lp-thumbnail-wrapper\"><img loading=\"lazy\" decoding=\"async\" width=\"300\" height=\"300\" src=\"https:\/\/www.interflora.es\/blog\/wp-content\/uploads\/2025\/04\/1744615948-pwd007-key-300x300.jpg\" class=\"attachment-medium size-medium wp-post-image\" alt=\"\" srcset=\"https:\/\/www.interflora.es\/blog\/wp-content\/uploads\/2025\/04\/1744615948-pwd007-key-300x300.jpg 300w, https:\/\/www.interflora.es\/blog\/wp-content\/uploads\/2025\/04\/1744615948-pwd007-key-150x150.jpg 150w, https:\/\/www.interflora.es\/blog\/wp-content\/uploads\/2025\/04\/1744615948-pwd007-key-768x768.jpg 768w, https:\/\/www.interflora.es\/blog\/wp-content\/uploads\/2025\/04\/1744615948-pwd007-key.jpg 1024w\" sizes=\"auto, (max-width: 300px) 100vw, 300px\" \/><img decoding=\"async\" class=\"lp-badge\" src=\"https:\/\/prodblog.interflora.es\/blog\/wp-content\/uploads\/2025\/04\/220422_INTERFLORA_Main_Logo_rgb_Main_Color.png\" alt=\"Entrega r\u00e1pida\"><\/div><span>Kit de 4 Kalanchoes Rosa<\/span><p>19.99 \u20ac<\/p><span class=\"obf-link lp-cta\" role=\"link\" tabindex=\"0\" data-b64=\"aHR0cHM6Ly93d3cuaW50ZXJmbG9yYS5lcy9wL2tpdC1kZS00LWthbGFuY2hvZXMtcm9zYS8xP3V0bV9tZWRpdW09b3JnYW5pYyZ1dG1fc291cmNlPWJsb2dfcHJvZHVjdHMmdXRtX2NhbXBhaWduPVBXRDAwNw==\" data-target=\"_blank\"><svg xmlns=\"http:\/\/www.w3.org\/2000\/svg\" width=\"16\" height=\"16\" fill=\"currentColor\" class=\"bi bi-bag\" viewBox=\"0 0 16 16\"><path d=\"M8 1a2 2 0 0 1 2 2v1h2.5A1.5 1.5 0 0 1 14 5.5v8A1.5 1.5 0 0 1 12.5 15h-9A1.5 1.5 0 0 1 2 13.5v-8A1.5 1.5 0 0 1 3.5 3H6V2a2 2 0 0 1 2-1zm1 3V3a1 1 0 0 0-2 0v1h2z\"\/><\/svg>Comprar<\/span><p class=\"rapido\">Atenci\u00f3n al cliente siempre disponible<\/p><\/div><div class=\"lp-produit\"><div class=\"lp-thumbnail-wrapper\"><img loading=\"lazy\" decoding=\"async\" width=\"300\" height=\"300\" src=\"https:\/\/www.interflora.es\/blog\/wp-content\/uploads\/2025\/04\/1734514274-pf002-orchidea-bianca-zoom-key-2-300x300.jpg\" class=\"attachment-medium size-medium wp-post-image\" alt=\"\" srcset=\"https:\/\/www.interflora.es\/blog\/wp-content\/uploads\/2025\/04\/1734514274-pf002-orchidea-bianca-zoom-key-2-300x300.jpg 300w, https:\/\/www.interflora.es\/blog\/wp-content\/uploads\/2025\/04\/1734514274-pf002-orchidea-bianca-zoom-key-2-1024x1024.jpg 1024w, https:\/\/www.interflora.es\/blog\/wp-content\/uploads\/2025\/04\/1734514274-pf002-orchidea-bianca-zoom-key-2-150x150.jpg 150w, https:\/\/www.interflora.es\/blog\/wp-content\/uploads\/2025\/04\/1734514274-pf002-orchidea-bianca-zoom-key-2-768x768.jpg 768w, https:\/\/www.interflora.es\/blog\/wp-content\/uploads\/2025\/04\/1734514274-pf002-orchidea-bianca-zoom-key-2-1536x1536.jpg 1536w, https:\/\/www.interflora.es\/blog\/wp-content\/uploads\/2025\/04\/1734514274-pf002-orchidea-bianca-zoom-key-2.jpg 1800w\" sizes=\"auto, (max-width: 300px) 100vw, 300px\" \/><img decoding=\"async\" class=\"lp-badge\" src=\"https:\/\/prodblog.interflora.es\/blog\/wp-content\/uploads\/2025\/04\/220422_INTERFLORA_Main_Logo_rgb_Main_Color.png\" alt=\"Entrega r\u00e1pida\"><\/div><span>Orqu\u00eddea Blanca<\/span><p>49.99 \u20ac<\/p><span class=\"obf-link lp-cta\" role=\"link\" tabindex=\"0\" data-b64=\"aHR0cHM6Ly93d3cuaW50ZXJmbG9yYS5lcy9wL3BsYW50YS1kZS1waGFsYWVub3BzaXMtcHJlbWl1bS8xP3V0bV9tZWRpdW09b3JnYW5pYyZ1dG1fc291cmNlPWJsb2dfcHJvZHVjdHMmdXRtX2NhbXBhaWduPVAwMTAx\" data-target=\"_blank\"><svg xmlns=\"http:\/\/www.w3.org\/2000\/svg\" width=\"16\" height=\"16\" fill=\"currentColor\" class=\"bi bi-bag\" viewBox=\"0 0 16 16\"><path d=\"M8 1a2 2 0 0 1 2 2v1h2.5A1.5 1.5 0 0 1 14 5.5v8A1.5 1.5 0 0 1 12.5 15h-9A1.5 1.5 0 0 1 2 13.5v-8A1.5 1.5 0 0 1 3.5 3H6V2a2 2 0 0 1 2-1zm1 3V3a1 1 0 0 0-2 0v1h2z\"\/><\/svg>Comprar<\/span><p class=\"rapido\">Env\u00edo r\u00e1pido<\/p><\/div><div class=\"lp-produit\"><div class=\"lp-thumbnail-wrapper\"><img loading=\"lazy\" decoding=\"async\" width=\"300\" height=\"300\" src=\"https:\/\/www.interflora.es\/blog\/wp-content\/uploads\/2025\/04\/1706020377-p0123-es-2-300x300.jpg\" class=\"attachment-medium size-medium wp-post-image\" alt=\"\" srcset=\"https:\/\/www.interflora.es\/blog\/wp-content\/uploads\/2025\/04\/1706020377-p0123-es-2-300x300.jpg 300w, https:\/\/www.interflora.es\/blog\/wp-content\/uploads\/2025\/04\/1706020377-p0123-es-2-1024x1024.jpg 1024w, https:\/\/www.interflora.es\/blog\/wp-content\/uploads\/2025\/04\/1706020377-p0123-es-2-150x150.jpg 150w, https:\/\/www.interflora.es\/blog\/wp-content\/uploads\/2025\/04\/1706020377-p0123-es-2-768x768.jpg 768w, https:\/\/www.interflora.es\/blog\/wp-content\/uploads\/2025\/04\/1706020377-p0123-es-2.jpg 1500w\" sizes=\"auto, (max-width: 300px) 100vw, 300px\" \/><img decoding=\"async\" class=\"lp-badge\" src=\"https:\/\/prodblog.interflora.es\/blog\/wp-content\/uploads\/2025\/04\/220422_INTERFLORA_Main_Logo_rgb_Main_Color.png\" alt=\"Entrega r\u00e1pida\"><\/div><span>Planta de temporada del Florista<\/span><p>44.99 \u20ac<\/p><span class=\"obf-link lp-cta\" role=\"link\" tabindex=\"0\" data-b64=\"aHR0cHM6Ly93d3cuaW50ZXJmbG9yYS5lcy9wL3BsYW50YS1kZS10ZW1wb3JhZGEtZGVsLWZsb3Jpc3RhLzE\/dXRtX21lZGl1bT1vcmdhbmljJnV0bV9zb3VyY2U9YmxvZ19wcm9kdWN0cyZ1dG1fY2FtcGFpZ249UDAxMjM=\" data-target=\"_blank\"><svg xmlns=\"http:\/\/www.w3.org\/2000\/svg\" width=\"16\" height=\"16\" fill=\"currentColor\" class=\"bi bi-bag\" viewBox=\"0 0 16 16\"><path d=\"M8 1a2 2 0 0 1 2 2v1h2.5A1.5 1.5 0 0 1 14 5.5v8A1.5 1.5 0 0 1 12.5 15h-9A1.5 1.5 0 0 1 2 13.5v-8A1.5 1.5 0 0 1 3.5 3H6V2a2 2 0 0 1 2-1zm1 3V3a1 1 0 0 0-2 0v1h2z\"\/><\/svg>Comprar<\/span><p class=\"rapido\">Atenci\u00f3n al cliente siempre disponible<\/p><\/div><div class=\"lp-produit\"><div class=\"lp-thumbnail-wrapper\"><img loading=\"lazy\" decoding=\"async\" width=\"300\" height=\"300\" src=\"https:\/\/www.interflora.es\/blog\/wp-content\/uploads\/2025\/04\/1675079083-sanseviera2-2-300x300.jpg\" class=\"attachment-medium size-medium wp-post-image\" alt=\"\" srcset=\"https:\/\/www.interflora.es\/blog\/wp-content\/uploads\/2025\/04\/1675079083-sanseviera2-2-300x300.jpg 300w, https:\/\/www.interflora.es\/blog\/wp-content\/uploads\/2025\/04\/1675079083-sanseviera2-2-1024x1024.jpg 1024w, https:\/\/www.interflora.es\/blog\/wp-content\/uploads\/2025\/04\/1675079083-sanseviera2-2-150x150.jpg 150w, https:\/\/www.interflora.es\/blog\/wp-content\/uploads\/2025\/04\/1675079083-sanseviera2-2-768x768.jpg 768w, https:\/\/www.interflora.es\/blog\/wp-content\/uploads\/2025\/04\/1675079083-sanseviera2-2.jpg 1500w\" sizes=\"auto, (max-width: 300px) 100vw, 300px\" \/><img decoding=\"async\" class=\"lp-badge\" src=\"https:\/\/prodblog.interflora.es\/blog\/wp-content\/uploads\/2025\/04\/220422_INTERFLORA_Main_Logo_rgb_Main_Color.png\" alt=\"Entrega r\u00e1pida\"><\/div><span>Sansevieria Grande<\/span><p>19.99 \u20ac<\/p><span class=\"obf-link lp-cta\" role=\"link\" tabindex=\"0\" data-b64=\"aHR0cHM6Ly93d3cuaW50ZXJmbG9yYS5lcy9wL3NhbnNldmllcmEtdHJpZmFzY2lhdGEtbGF1cmVudGkvMT91dG1fbWVkaXVtPW9yZ2FuaWMmdXRtX3NvdXJjZT1ibG9nX3Byb2R1Y3RzJnV0bV9jYW1wYWlnbj1QRzAwMjM=\" data-target=\"_blank\"><svg xmlns=\"http:\/\/www.w3.org\/2000\/svg\" width=\"16\" height=\"16\" fill=\"currentColor\" class=\"bi bi-bag\" viewBox=\"0 0 16 16\"><path d=\"M8 1a2 2 0 0 1 2 2v1h2.5A1.5 1.5 0 0 1 14 5.5v8A1.5 1.5 0 0 1 12.5 15h-9A1.5 1.5 0 0 1 2 13.5v-8A1.5 1.5 0 0 1 3.5 3H6V2a2 2 0 0 1 2-1zm1 3V3a1 1 0 0 0-2 0v1h2z\"\/><\/svg>Comprar<\/span><p class=\"rapido\">Entrega urgente<\/p><\/div><div class=\"lp-produit\"><div class=\"lp-thumbnail-wrapper\"><img loading=\"lazy\" decoding=\"async\" width=\"300\" height=\"300\" src=\"https:\/\/www.interflora.es\/blog\/wp-content\/uploads\/2025\/04\/1744010926-tillandsia-1-300x300.jpg\" class=\"attachment-medium size-medium wp-post-image\" alt=\"\" srcset=\"https:\/\/www.interflora.es\/blog\/wp-content\/uploads\/2025\/04\/1744010926-tillandsia-1-300x300.jpg 300w, https:\/\/www.interflora.es\/blog\/wp-content\/uploads\/2025\/04\/1744010926-tillandsia-1-150x150.jpg 150w, https:\/\/www.interflora.es\/blog\/wp-content\/uploads\/2025\/04\/1744010926-tillandsia-1-768x768.jpg 768w, https:\/\/www.interflora.es\/blog\/wp-content\/uploads\/2025\/04\/1744010926-tillandsia-1.jpg 1024w\" sizes=\"auto, (max-width: 300px) 100vw, 300px\" \/><img decoding=\"async\" class=\"lp-badge\" src=\"https:\/\/prodblog.interflora.es\/blog\/wp-content\/uploads\/2025\/04\/220422_INTERFLORA_Main_Logo_rgb_Main_Color.png\" alt=\"Entrega r\u00e1pida\"><\/div><span>Tillandsia<\/span><p>14.99 \u20ac<\/p><span class=\"obf-link lp-cta\" role=\"link\" tabindex=\"0\" data-b64=\"aHR0cHM6Ly93d3cuaW50ZXJmbG9yYS5lcy9wL3RpbGxhbmRzaWEvMT91dG1fbWVkaXVtPW9yZ2FuaWMmdXRtX3NvdXJjZT1ibG9nX3Byb2R1Y3RzJnV0bV9jYW1wYWlnbj1QV0QwMDk=\" data-target=\"_blank\"><svg xmlns=\"http:\/\/www.w3.org\/2000\/svg\" width=\"16\" height=\"16\" fill=\"currentColor\" class=\"bi bi-bag\" viewBox=\"0 0 16 16\"><path d=\"M8 1a2 2 0 0 1 2 2v1h2.5A1.5 1.5 0 0 1 14 5.5v8A1.5 1.5 0 0 1 12.5 15h-9A1.5 1.5 0 0 1 2 13.5v-8A1.5 1.5 0 0 1 3.5 3H6V2a2 2 0 0 1 2-1zm1 3V3a1 1 0 0 0-2 0v1h2z\"\/><\/svg>Comprar<\/span><p class=\"rapido\">Entrega urgente<\/p><\/div><\/div>\n\n\n\n<p><\/p>\n","protected":false},"excerpt":{"rendered":"<p>Lleg\u00f3 el verano y con \u00e9l, el calor, las vacaciones, las cenas al aire libre\u2026 \u00a1y los molestos mosquitos! En este art\u00edculo te ense\u00f1amos algunas de las plantas m\u00e1s efectivas para repeler a los mosquitos. \u00a1Un remedio natural que funciona de verdad!<\/p>\n","protected":false},"author":8,"featured_media":30101,"comment_status":"open","ping_status":"open","sticky":false,"template":"","format":"standard","meta":{"_acf_changed":false,"_uag_custom_page_level_css":"","site-sidebar-layout":"default","site-content-layout":"","ast-site-content-layout":"default","site-content-style":"default","site-sidebar-style":"default","ast-global-header-display":"","ast-banner-title-visibility":"","ast-main-header-display":"","ast-hfb-above-header-display":"","ast-hfb-below-header-display":"","ast-hfb-mobile-header-display":"","site-post-title":"","ast-breadcrumbs-content":"","ast-featured-img":"","footer-sml-layout":"","theme-transparent-header-meta":"","adv-header-id-meta":"","stick-header-meta":"","header-above-stick-meta":"","header-main-stick-meta":"","header-below-stick-meta":"","astra-migrate-meta-layouts":"default","ast-page-background-enabled":"default","ast-page-background-meta":{"desktop":{"background-color":"var(--ast-global-color-5)","background-image":"","background-repeat":"repeat","background-position":"center center","background-size":"auto","background-attachment":"scroll","background-type":"","background-media":"","overlay-type":"","overlay-color":"","overlay-opacity":"","overlay-gradient":""},"tablet":{"background-color":"","background-image":"","background-repeat":"repeat","background-position":"center center","background-size":"auto","background-attachment":"scroll","background-type":"","background-media":"","overlay-type":"","overlay-color":"","overlay-opacity":"","overlay-gradient":""},"mobile":{"background-color":"","background-image":"","background-repeat":"repeat","background-position":"center center","background-size":"auto","background-attachment":"scroll","background-type":"","background-media":"","overlay-type":"","overlay-color":"","overlay-opacity":"","overlay-gradient":""}},"ast-content-background-meta":{"desktop":{"background-color":"var(--ast-global-color-4)","background-image":"","background-repeat":"repeat","background-position":"center center","background-size":"auto","background-attachment":"scroll","background-type":"","background-media":"","overlay-type":"","overlay-color":"","overlay-opacity":"","overlay-gradient":""},"tablet":{"background-color":"var(--ast-global-color-4)","background-image":"","background-repeat":"repeat","background-position":"center center","background-size":"auto","background-attachment":"scroll","background-type":"","background-media":"","overlay-type":"","overlay-color":"","overlay-opacity":"","overlay-gradient":""},"mobile":{"background-color":"var(--ast-global-color-4)","background-image":"","background-repeat":"repeat","background-position":"center center","background-size":"auto","background-attachment":"scroll","background-type":"","background-media":"","overlay-type":"","overlay-color":"","overlay-opacity":"","overlay-gradient":""}},"footnotes":""},"categories":[17,20],"tags":[66],"class_list":["post-30093","post","type-post","status-publish","format-standard","has-post-thumbnail","hentry","category-cuidados","category-plantas","tag-plantas"],"acf":[],"yoast_head":"<!-- This site is optimized with the Yoast SEO plugin v27.5 - https:\/\/yoast.com\/product\/yoast-seo-wordpress\/ -->\n<title>Plantas que ahuyentan a los mosquitos | Interflora<\/title>\n<meta name=\"description\" content=\"\u00bfSab\u00edas que algunas plantas son capaces de repeler a los mosquitos? Compra una planta antimosquitos y desp\u00eddete de las molestas picaduras de estos insectos para siempre.\" \/>\n<meta name=\"robots\" content=\"index, follow, max-snippet:-1, max-image-preview:large, max-video-preview:-1\" \/>\n<link rel=\"canonical\" href=\"https:\/\/www.interflora.es\/blog\/plantas-mas-efectivas-para-repeler-mosquitos\/\" \/>\n<script type=\"application\/ld+json\" class=\"yoast-schema-graph\">{\"@context\":\"https:\\\/\\\/schema.org\",\"@graph\":[{\"@type\":\"Article\",\"@id\":\"https:\\\/\\\/www.interflora.es\\\/blog\\\/plantas-mas-efectivas-para-repeler-mosquitos\\\/#article\",\"isPartOf\":{\"@id\":\"https:\\\/\\\/www.interflora.es\\\/blog\\\/plantas-mas-efectivas-para-repeler-mosquitos\\\/\"},\"author\":{\"name\":\"celia\",\"@id\":\"https:\\\/\\\/www.interflora.es\\\/blog\\\/#\\\/schema\\\/person\\\/1f30f7794421f1232dc4b6bdd75ae829\"},\"headline\":\"Las plantas m\u00e1s efectivas para repeler a los mosquitos\",\"datePublished\":\"2025-07-10T08:32:36+00:00\",\"dateModified\":\"2025-07-10T08:32:37+00:00\",\"mainEntityOfPage\":{\"@id\":\"https:\\\/\\\/www.interflora.es\\\/blog\\\/plantas-mas-efectivas-para-repeler-mosquitos\\\/\"},\"wordCount\":910,\"commentCount\":0,\"publisher\":{\"@id\":\"https:\\\/\\\/www.interflora.es\\\/blog\\\/#organization\"},\"image\":{\"@id\":\"https:\\\/\\\/www.interflora.es\\\/blog\\\/plantas-mas-efectivas-para-repeler-mosquitos\\\/#primaryimage\"},\"thumbnailUrl\":\"https:\\\/\\\/www.interflora.es\\\/blog\\\/wp-content\\\/uploads\\\/2025\\\/07\\\/mix-plantas.jpg\",\"keywords\":[\"plantas\"],\"articleSection\":[\"Cuidados de plantas y flores\",\"Plantas\"],\"inLanguage\":\"es\",\"potentialAction\":[{\"@type\":\"CommentAction\",\"name\":\"Comment\",\"target\":[\"https:\\\/\\\/www.interflora.es\\\/blog\\\/plantas-mas-efectivas-para-repeler-mosquitos\\\/#respond\"]}]},{\"@type\":\"WebPage\",\"@id\":\"https:\\\/\\\/www.interflora.es\\\/blog\\\/plantas-mas-efectivas-para-repeler-mosquitos\\\/\",\"url\":\"https:\\\/\\\/www.interflora.es\\\/blog\\\/plantas-mas-efectivas-para-repeler-mosquitos\\\/\",\"name\":\"Plantas que ahuyentan a los mosquitos | Interflora\",\"isPartOf\":{\"@id\":\"https:\\\/\\\/www.interflora.es\\\/blog\\\/#website\"},\"primaryImageOfPage\":{\"@id\":\"https:\\\/\\\/www.interflora.es\\\/blog\\\/plantas-mas-efectivas-para-repeler-mosquitos\\\/#primaryimage\"},\"image\":{\"@id\":\"https:\\\/\\\/www.interflora.es\\\/blog\\\/plantas-mas-efectivas-para-repeler-mosquitos\\\/#primaryimage\"},\"thumbnailUrl\":\"https:\\\/\\\/www.interflora.es\\\/blog\\\/wp-content\\\/uploads\\\/2025\\\/07\\\/mix-plantas.jpg\",\"datePublished\":\"2025-07-10T08:32:36+00:00\",\"dateModified\":\"2025-07-10T08:32:37+00:00\",\"description\":\"\u00bfSab\u00edas que algunas plantas son capaces de repeler a los mosquitos? Compra una planta antimosquitos y desp\u00eddete de las molestas picaduras de estos insectos para siempre.\",\"breadcrumb\":{\"@id\":\"https:\\\/\\\/www.interflora.es\\\/blog\\\/plantas-mas-efectivas-para-repeler-mosquitos\\\/#breadcrumb\"},\"inLanguage\":\"es\",\"potentialAction\":[{\"@type\":\"ReadAction\",\"target\":[\"https:\\\/\\\/www.interflora.es\\\/blog\\\/plantas-mas-efectivas-para-repeler-mosquitos\\\/\"]}]},{\"@type\":\"ImageObject\",\"inLanguage\":\"es\",\"@id\":\"https:\\\/\\\/www.interflora.es\\\/blog\\\/plantas-mas-efectivas-para-repeler-mosquitos\\\/#primaryimage\",\"url\":\"https:\\\/\\\/www.interflora.es\\\/blog\\\/wp-content\\\/uploads\\\/2025\\\/07\\\/mix-plantas.jpg\",\"contentUrl\":\"https:\\\/\\\/www.interflora.es\\\/blog\\\/wp-content\\\/uploads\\\/2025\\\/07\\\/mix-plantas.jpg\",\"width\":2500,\"height\":1668,\"caption\":\"mix plantas\"},{\"@type\":\"BreadcrumbList\",\"@id\":\"https:\\\/\\\/www.interflora.es\\\/blog\\\/plantas-mas-efectivas-para-repeler-mosquitos\\\/#breadcrumb\",\"itemListElement\":[{\"@type\":\"ListItem\",\"position\":1,\"name\":\"Home\",\"item\":\"https:\\\/\\\/www.interflora.es\\\/blog\\\/\"},{\"@type\":\"ListItem\",\"position\":2,\"name\":\"Las plantas m\u00e1s efectivas para repeler a los mosquitos\"}]},{\"@type\":\"WebSite\",\"@id\":\"https:\\\/\\\/www.interflora.es\\\/blog\\\/#website\",\"url\":\"https:\\\/\\\/www.interflora.es\\\/blog\\\/\",\"name\":\"El blog de Interflora : consejos, ideas e inspiraci\u00f3n para disfrutar de las flores y las plantas\",\"description\":\"\",\"publisher\":{\"@id\":\"https:\\\/\\\/www.interflora.es\\\/blog\\\/#organization\"},\"potentialAction\":[{\"@type\":\"SearchAction\",\"target\":{\"@type\":\"EntryPoint\",\"urlTemplate\":\"https:\\\/\\\/www.interflora.es\\\/blog\\\/?s={search_term_string}\"},\"query-input\":{\"@type\":\"PropertyValueSpecification\",\"valueRequired\":true,\"valueName\":\"search_term_string\"}}],\"inLanguage\":\"es\"},{\"@type\":\"Organization\",\"@id\":\"https:\\\/\\\/www.interflora.es\\\/blog\\\/#organization\",\"name\":\"El blog de Interflora : consejos, ideas e inspiraci\u00f3n para disfrutar de las flores y las plantas\",\"url\":\"https:\\\/\\\/www.interflora.es\\\/blog\\\/\",\"logo\":{\"@type\":\"ImageObject\",\"inLanguage\":\"es\",\"@id\":\"https:\\\/\\\/www.interflora.es\\\/blog\\\/#\\\/schema\\\/logo\\\/image\\\/\",\"url\":\"https:\\\/\\\/www.interflora.es\\\/blog\\\/wp-content\\\/uploads\\\/2025\\\/10\\\/cropped-220422_INTERFLORA_Logo_rgb_Half_Top_Circle_Main_Color.png\",\"contentUrl\":\"https:\\\/\\\/www.interflora.es\\\/blog\\\/wp-content\\\/uploads\\\/2025\\\/10\\\/cropped-220422_INTERFLORA_Logo_rgb_Half_Top_Circle_Main_Color.png\",\"width\":1418,\"height\":659,\"caption\":\"El blog de Interflora : consejos, ideas e inspiraci\u00f3n para disfrutar de las flores y las plantas\"},\"image\":{\"@id\":\"https:\\\/\\\/www.interflora.es\\\/blog\\\/#\\\/schema\\\/logo\\\/image\\\/\"}},{\"@type\":\"Person\",\"@id\":\"https:\\\/\\\/www.interflora.es\\\/blog\\\/#\\\/schema\\\/person\\\/1f30f7794421f1232dc4b6bdd75ae829\",\"name\":\"celia\",\"image\":{\"@type\":\"ImageObject\",\"inLanguage\":\"es\",\"@id\":\"https:\\\/\\\/www.interflora.es\\\/blog\\\/wp-content\\\/litespeed\\\/avatar\\\/f906d3ce098bd9b4e84d1b71d27d54af.jpg?ver=1777298586\",\"url\":\"https:\\\/\\\/www.interflora.es\\\/blog\\\/wp-content\\\/litespeed\\\/avatar\\\/f906d3ce098bd9b4e84d1b71d27d54af.jpg?ver=1777298586\",\"contentUrl\":\"https:\\\/\\\/www.interflora.es\\\/blog\\\/wp-content\\\/litespeed\\\/avatar\\\/f906d3ce098bd9b4e84d1b71d27d54af.jpg?ver=1777298586\",\"caption\":\"celia\"}}]}<\/script>\n<!-- \/ Yoast SEO plugin. -->","yoast_head_json":{"title":"Plantas que ahuyentan a los mosquitos | Interflora","description":"\u00bfSab\u00edas que algunas plantas son capaces de repeler a los mosquitos? Compra una planta antimosquitos y desp\u00eddete de las molestas picaduras de estos insectos para siempre.","robots":{"index":"index","follow":"follow","max-snippet":"max-snippet:-1","max-image-preview":"max-image-preview:large","max-video-preview":"max-video-preview:-1"},"canonical":"https:\/\/www.interflora.es\/blog\/plantas-mas-efectivas-para-repeler-mosquitos\/","schema":{"@context":"https:\/\/schema.org","@graph":[{"@type":"Article","@id":"https:\/\/www.interflora.es\/blog\/plantas-mas-efectivas-para-repeler-mosquitos\/#article","isPartOf":{"@id":"https:\/\/www.interflora.es\/blog\/plantas-mas-efectivas-para-repeler-mosquitos\/"},"author":{"name":"celia","@id":"https:\/\/www.interflora.es\/blog\/#\/schema\/person\/1f30f7794421f1232dc4b6bdd75ae829"},"headline":"Las plantas m\u00e1s efectivas para repeler a los mosquitos","datePublished":"2025-07-10T08:32:36+00:00","dateModified":"2025-07-10T08:32:37+00:00","mainEntityOfPage":{"@id":"https:\/\/www.interflora.es\/blog\/plantas-mas-efectivas-para-repeler-mosquitos\/"},"wordCount":910,"commentCount":0,"publisher":{"@id":"https:\/\/www.interflora.es\/blog\/#organization"},"image":{"@id":"https:\/\/www.interflora.es\/blog\/plantas-mas-efectivas-para-repeler-mosquitos\/#primaryimage"},"thumbnailUrl":"https:\/\/www.interflora.es\/blog\/wp-content\/uploads\/2025\/07\/mix-plantas.jpg","keywords":["plantas"],"articleSection":["Cuidados de plantas y flores","Plantas"],"inLanguage":"es","potentialAction":[{"@type":"CommentAction","name":"Comment","target":["https:\/\/www.interflora.es\/blog\/plantas-mas-efectivas-para-repeler-mosquitos\/#respond"]}]},{"@type":"WebPage","@id":"https:\/\/www.interflora.es\/blog\/plantas-mas-efectivas-para-repeler-mosquitos\/","url":"https:\/\/www.interflora.es\/blog\/plantas-mas-efectivas-para-repeler-mosquitos\/","name":"Plantas que ahuyentan a los mosquitos | Interflora","isPartOf":{"@id":"https:\/\/www.interflora.es\/blog\/#website"},"primaryImageOfPage":{"@id":"https:\/\/www.interflora.es\/blog\/plantas-mas-efectivas-para-repeler-mosquitos\/#primaryimage"},"image":{"@id":"https:\/\/www.interflora.es\/blog\/plantas-mas-efectivas-para-repeler-mosquitos\/#primaryimage"},"thumbnailUrl":"https:\/\/www.interflora.es\/blog\/wp-content\/uploads\/2025\/07\/mix-plantas.jpg","datePublished":"2025-07-10T08:32:36+00:00","dateModified":"2025-07-10T08:32:37+00:00","description":"\u00bfSab\u00edas que algunas plantas son capaces de repeler a los mosquitos? Compra una planta antimosquitos y desp\u00eddete de las molestas picaduras de estos insectos para siempre.","breadcrumb":{"@id":"https:\/\/www.interflora.es\/blog\/plantas-mas-efectivas-para-repeler-mosquitos\/#breadcrumb"},"inLanguage":"es","potentialAction":[{"@type":"ReadAction","target":["https:\/\/www.interflora.es\/blog\/plantas-mas-efectivas-para-repeler-mosquitos\/"]}]},{"@type":"ImageObject","inLanguage":"es","@id":"https:\/\/www.interflora.es\/blog\/plantas-mas-efectivas-para-repeler-mosquitos\/#primaryimage","url":"https:\/\/www.interflora.es\/blog\/wp-content\/uploads\/2025\/07\/mix-plantas.jpg","contentUrl":"https:\/\/www.interflora.es\/blog\/wp-content\/uploads\/2025\/07\/mix-plantas.jpg","width":2500,"height":1668,"caption":"mix plantas"},{"@type":"BreadcrumbList","@id":"https:\/\/www.interflora.es\/blog\/plantas-mas-efectivas-para-repeler-mosquitos\/#breadcrumb","itemListElement":[{"@type":"ListItem","position":1,"name":"Home","item":"https:\/\/www.interflora.es\/blog\/"},{"@type":"ListItem","position":2,"name":"Las plantas m\u00e1s efectivas para repeler a los mosquitos"}]},{"@type":"WebSite","@id":"https:\/\/www.interflora.es\/blog\/#website","url":"https:\/\/www.interflora.es\/blog\/","name":"El blog de Interflora : consejos, ideas e inspiraci\u00f3n para disfrutar de las flores y las plantas","description":"","publisher":{"@id":"https:\/\/www.interflora.es\/blog\/#organization"},"potentialAction":[{"@type":"SearchAction","target":{"@type":"EntryPoint","urlTemplate":"https:\/\/www.interflora.es\/blog\/?s={search_term_string}"},"query-input":{"@type":"PropertyValueSpecification","valueRequired":true,"valueName":"search_term_string"}}],"inLanguage":"es"},{"@type":"Organization","@id":"https:\/\/www.interflora.es\/blog\/#organization","name":"El blog de Interflora : consejos, ideas e inspiraci\u00f3n para disfrutar de las flores y las plantas","url":"https:\/\/www.interflora.es\/blog\/","logo":{"@type":"ImageObject","inLanguage":"es","@id":"https:\/\/www.interflora.es\/blog\/#\/schema\/logo\/image\/","url":"https:\/\/www.interflora.es\/blog\/wp-content\/uploads\/2025\/10\/cropped-220422_INTERFLORA_Logo_rgb_Half_Top_Circle_Main_Color.png","contentUrl":"https:\/\/www.interflora.es\/blog\/wp-content\/uploads\/2025\/10\/cropped-220422_INTERFLORA_Logo_rgb_Half_Top_Circle_Main_Color.png","width":1418,"height":659,"caption":"El blog de Interflora : consejos, ideas e inspiraci\u00f3n para disfrutar de las flores y las plantas"},"image":{"@id":"https:\/\/www.interflora.es\/blog\/#\/schema\/logo\/image\/"}},{"@type":"Person","@id":"https:\/\/www.interflora.es\/blog\/#\/schema\/person\/1f30f7794421f1232dc4b6bdd75ae829","name":"celia","image":{"@type":"ImageObject","inLanguage":"es","@id":"https:\/\/www.interflora.es\/blog\/wp-content\/litespeed\/avatar\/f906d3ce098bd9b4e84d1b71d27d54af.jpg?ver=1777298586","url":"https:\/\/www.interflora.es\/blog\/wp-content\/litespeed\/avatar\/f906d3ce098bd9b4e84d1b71d27d54af.jpg?ver=1777298586","contentUrl":"https:\/\/www.interflora.es\/blog\/wp-content\/litespeed\/avatar\/f906d3ce098bd9b4e84d1b71d27d54af.jpg?ver=1777298586","caption":"celia"}}]}},"uagb_featured_image_src":{"full":["https:\/\/www.interflora.es\/blog\/wp-content\/uploads\/2025\/07\/mix-plantas.jpg",2500,1668,false],"thumbnail":["https:\/\/www.interflora.es\/blog\/wp-content\/uploads\/2025\/07\/mix-plantas-150x150.jpg",150,150,true],"medium":["https:\/\/www.interflora.es\/blog\/wp-content\/uploads\/2025\/07\/mix-plantas-300x200.jpg",300,200,true],"medium_large":["https:\/\/www.interflora.es\/blog\/wp-content\/uploads\/2025\/07\/mix-plantas-768x512.jpg",768,512,true],"large":["https:\/\/www.interflora.es\/blog\/wp-content\/uploads\/2025\/07\/mix-plantas-1024x683.jpg",1024,683,true],"1536x1536":["https:\/\/www.interflora.es\/blog\/wp-content\/uploads\/2025\/07\/mix-plantas-1536x1025.jpg",1536,1025,true],"2048x2048":["https:\/\/www.interflora.es\/blog\/wp-content\/uploads\/2025\/07\/mix-plantas-2048x1366.jpg",2048,1366,true]},"uagb_author_info":{"display_name":"celia","author_link":"https:\/\/www.interflora.es\/blog\/author\/celia\/"},"uagb_comment_info":3,"uagb_excerpt":"Lleg\u00f3 el verano y con \u00e9l, el calor, las vacaciones, las cenas al aire libre\u2026 \u00a1y los molestos mosquitos! En este art\u00edculo te ense\u00f1amos algunas de las plantas m\u00e1s efectivas para repeler a los mosquitos. \u00a1Un remedio natural que funciona de verdad!","_links":{"self":[{"href":"https:\/\/www.interflora.es\/blog\/wp-json\/wp\/v2\/posts\/30093","targetHints":{"allow":["GET"]}}],"collection":[{"href":"https:\/\/www.interflora.es\/blog\/wp-json\/wp\/v2\/posts"}],"about":[{"href":"https:\/\/www.interflora.es\/blog\/wp-json\/wp\/v2\/types\/post"}],"author":[{"embeddable":true,"href":"https:\/\/www.interflora.es\/blog\/wp-json\/wp\/v2\/users\/8"}],"replies":[{"embeddable":true,"href":"https:\/\/www.interflora.es\/blog\/wp-json\/wp\/v2\/comments?post=30093"}],"version-history":[{"count":7,"href":"https:\/\/www.interflora.es\/blog\/wp-json\/wp\/v2\/posts\/30093\/revisions"}],"predecessor-version":[{"id":30308,"href":"https:\/\/www.interflora.es\/blog\/wp-json\/wp\/v2\/posts\/30093\/revisions\/30308"}],"wp:featuredmedia":[{"embeddable":true,"href":"https:\/\/www.interflora.es\/blog\/wp-json\/wp\/v2\/media\/30101"}],"wp:attachment":[{"href":"https:\/\/www.interflora.es\/blog\/wp-json\/wp\/v2\/media?parent=30093"}],"wp:term":[{"taxonomy":"category","embeddable":true,"href":"https:\/\/www.interflora.es\/blog\/wp-json\/wp\/v2\/categories?post=30093"},{"taxonomy":"post_tag","embeddable":true,"href":"https:\/\/www.interflora.es\/blog\/wp-json\/wp\/v2\/tags?post=30093"}],"curies":[{"name":"wp","href":"https:\/\/api.w.org\/{rel}","templated":true}]}}