{"id":30082,"date":"2025-09-03T12:45:46","date_gmt":"2025-09-03T10:45:46","guid":{"rendered":"https:\/\/www.interflora.es\/blog\/?p=30082"},"modified":"2025-09-15T10:06:34","modified_gmt":"2025-09-15T08:06:34","slug":"los-secretos-del-aloe-vera","status":"publish","type":"post","link":"https:\/\/www.interflora.es\/blog\/los-secretos-del-aloe-vera\/","title":{"rendered":"Todos los secretos del aloe vera: una planta decorativa con propiedades medicinales"},"content":{"rendered":"\n<p>En este art\u00edculo te contamos todo lo que necesitas saber sobre el<strong> aloe vera<\/strong>, una planta resistente y f\u00e1cil de cuidar, que es ideal para cultivar en tu hogar. Descubre todas las caracter\u00edsticas y beneficios de estas plantas milenarias tan apreciadas por sus propiedades medicinales, terap\u00e9uticas y cosm\u00e9ticas.<\/p>\n\n\n\n<h2 class=\"wp-block-heading\">Origen y caracter\u00edsticas el aloe vera<\/h2>\n\n\n\n<p>El<strong> aloe vera<\/strong>, tambi\u00e9n conocido como <strong>s\u00e1bila<\/strong>, es una planta suculenta perteneciente a la familia de las <em>Asphodelaceae<\/em>. En el mundo se han registrado unas 500 especies de aloe (la m\u00e1s com\u00fan es el <em>Aloe Barbadensis Miller<\/em>) y se cultiva en climas c\u00e1lidos desde hace miles de a\u00f1os.<\/p>\n\n\n\n<div class=\"wp-block-media-text has-media-on-the-right is-stacked-on-mobile is-image-fill-element\" style=\"grid-template-columns:auto 30%\"><div class=\"wp-block-media-text__content\">\n<p>El <strong>origen <\/strong>de estas <a href=\"https:\/\/www.interflora.es\/c\/plantas\">plantas<\/a> es incierto, aunque lo m\u00e1s probable es que procedan del norte de \u00c1frica o de la de la pen\u00ednsula ar\u00e1biga. Como el <strong>aloe vera <\/strong>es capaz de crecer y reproducirse r\u00e1pidamente, se considera una especie invasora en muchas regiones.<\/p>\n\n\n\n<p>En cuanto a sus <strong>caracter\u00edsticas<\/strong>, las plantas de aloe vera son f\u00e1cilmente reconocibles por sus hojas carnosas y alargadas de color verde. Cada hoja puede alcanzar hasta los 90 cent\u00edmetros de altura y est\u00e1 dentada en los bordes. Su <strong>floraci\u00f3n <\/strong>es muy original, en forma de espiga con flores tubulares de color rojo o naranja.<\/p>\n\n\n\n<p>Lo que hace \u00fanica a esta planta es el <strong>gel transparente <\/strong>que almacena en el interior de las hojas, que contiene m\u00e1s de 200 principios activos diferentes, como vitaminas, minerales o amino\u00e1cidos esenciales.<\/p>\n<\/div><figure class=\"wp-block-media-text__media\"><img loading=\"lazy\" decoding=\"async\" width=\"505\" height=\"505\" src=\"https:\/\/www.interflora.es\/blog\/wp-content\/uploads\/2025\/07\/aloe-vera-1.jpg\" alt=\"hojas de aloe\" class=\"wp-image-30085 size-full\" style=\"object-position:63% 71%\" srcset=\"https:\/\/www.interflora.es\/blog\/wp-content\/uploads\/2025\/07\/aloe-vera-1.jpg 505w, https:\/\/www.interflora.es\/blog\/wp-content\/uploads\/2025\/07\/aloe-vera-1-300x300.jpg 300w, https:\/\/www.interflora.es\/blog\/wp-content\/uploads\/2025\/07\/aloe-vera-1-150x150.jpg 150w\" sizes=\"auto, (max-width: 505px) 100vw, 505px\" \/><\/figure><\/div>\n\n\n\n<p>A pesar de que solemos confundirlos, los <strong>cactus <\/strong>y los <strong>aloes <\/strong>no son de la misma familia. Ambas especies se consideran <strong>plantas suculentas<\/strong>, ya que almacenan agua en sus hojas para sobrevivir, pero el aloe pertenece a la familia de las lili\u00e1ceas o asfodel\u00e1ceas, y los cactus, de las cact\u00e1ceas.<\/p>\n\n\n\n<h3 class=\"wp-block-heading\">\u00bfPara qu\u00e9 se utilizan las plantas de aloe vera?<\/h3>\n\n\n\n<p>Para los amantes de la jardiner\u00eda, la principal funci\u00f3n del <strong>aloe vera <\/strong>es decorativa, pero estas plantas son pr\u00e1cticamente milagrosas: sus beneficios y propiedades son m\u00faltiples. El aloe se utiliza desde hace siglos, entre otras cosas, para <strong>curar heridas y quemaduras<\/strong>. En la actualidad podemos encontrar cientos de<strong> productos con aloe <\/strong>para cuidar la piel, el cabello o nuestra salud digestiva, aunque tambi\u00e9n es posible aplicar el gel directamente desde la hoja. Por este motivo, <strong>cultivar aloe vera en nuestro hogar<\/strong> es una idea excelente.<\/p>\n\n\n\n<figure class=\"wp-block-image aligncenter size-large\"><img loading=\"lazy\" decoding=\"async\" width=\"1024\" height=\"754\" src=\"https:\/\/www.interflora.es\/blog\/wp-content\/uploads\/2025\/07\/aloe-vera-4-1024x754.jpg\" alt=\"gel de aloe vera\" class=\"wp-image-30084\" srcset=\"https:\/\/www.interflora.es\/blog\/wp-content\/uploads\/2025\/07\/aloe-vera-4-1024x754.jpg 1024w, https:\/\/www.interflora.es\/blog\/wp-content\/uploads\/2025\/07\/aloe-vera-4-300x221.jpg 300w, https:\/\/www.interflora.es\/blog\/wp-content\/uploads\/2025\/07\/aloe-vera-4-768x565.jpg 768w, https:\/\/www.interflora.es\/blog\/wp-content\/uploads\/2025\/07\/aloe-vera-4-1536x1130.jpg 1536w, https:\/\/www.interflora.es\/blog\/wp-content\/uploads\/2025\/07\/aloe-vera-4-2048x1507.jpg 2048w\" sizes=\"auto, (max-width: 1024px) 100vw, 1024px\" \/><\/figure>\n\n\n\n<h2 class=\"wp-block-heading\">Consejos de cuidado para cultivar aloe vera<\/h2>\n\n\n\n<p>Debido a su resistencia y a su f\u00e1cil cuidado, <strong>cultivar aloe vera<\/strong> en tu hogar es totalmente posible, tanto en una maceta dentro de casa, como en el jard\u00edn o en tu balc\u00f3n. Adem\u00e1s de decorar, podr\u00e1s crear remedios caseros y aprovechar sus numerosas propiedades. Descubre todos nuestros <strong>consejos de cuidado<\/strong> y consigue unas plantas de aloe espectaculares:<\/p>\n\n\n\n<h3 class=\"wp-block-heading\">Luz y ubicaci\u00f3n<\/h3>\n\n\n\n<p>Los <strong>aloes <\/strong>crecen en climas \u00e1ridos, por lo que necesitan una exposici\u00f3n moderada a la <strong>luz solar<\/strong>. Si vives en una zona c\u00e1lida, pl\u00e1ntalos directamente al sol en tu jard\u00edn. Dentro de casa, puedes <strong>cultivar aloe en maceta<\/strong> y colocarlo junto a una ventana. Si est\u00e1 orientada al sur, mucho mejor.&nbsp;<\/p>\n\n\n\n<h3 class=\"wp-block-heading\">Temperatura<\/h3>\n\n\n\n<p>Las<strong> plantas de aloe <\/strong>toleran muy bien el sol y el calor, pero no el fr\u00edo. Su rango de temperatura ideal es de 18\u202f\u00b0C a 30\u202f\u00b0C. Si vives en una zona fr\u00eda, es mejor plantar tus aloes en maceta y resguardarlos del fr\u00edo en invierno dentro de casa. Si no tienes esa opci\u00f3n, puedes<strong> cubrir la planta<\/strong> para protegerla de las heladas.<\/p>\n\n\n\n<h3 class=\"wp-block-heading\">Riego<\/h3>\n\n\n\n<p>El <strong>aloe <\/strong>sufre mucho el exceso de humedad, por lo que el riego debe ser moderado y poco frecuente. En verano, puedes regar cada dos o tres semanas. En invierno, con una vez al mes ser\u00e1 suficiente. Procura <strong>no mojar las hojas<\/strong>, riega \u00fanicamente la tierra, y d\u00e9jala <strong>secar bien <\/strong>antes de volver a regar.<\/p>\n\n\n\n<figure class=\"wp-block-image aligncenter size-large is-resized\"><img loading=\"lazy\" decoding=\"async\" width=\"1024\" height=\"683\" src=\"https:\/\/www.interflora.es\/blog\/wp-content\/uploads\/2025\/07\/cultivar-aloe-1024x683.jpg\" alt=\"cultivar aloe vera\" class=\"wp-image-30235\" style=\"width:1024px;height:auto\" srcset=\"https:\/\/www.interflora.es\/blog\/wp-content\/uploads\/2025\/07\/cultivar-aloe-1024x683.jpg 1024w, https:\/\/www.interflora.es\/blog\/wp-content\/uploads\/2025\/07\/cultivar-aloe-300x200.jpg 300w, https:\/\/www.interflora.es\/blog\/wp-content\/uploads\/2025\/07\/cultivar-aloe-768x512.jpg 768w, https:\/\/www.interflora.es\/blog\/wp-content\/uploads\/2025\/07\/cultivar-aloe-1536x1024.jpg 1536w, https:\/\/www.interflora.es\/blog\/wp-content\/uploads\/2025\/07\/cultivar-aloe-2048x1366.jpg 2048w\" sizes=\"auto, (max-width: 1024px) 100vw, 1024px\" \/><\/figure>\n\n\n\n<h3 class=\"wp-block-heading\">Sustrato y fertilizante<\/h3>\n\n\n\n<p>Adem\u00e1s de vigilar el riego, para que tus aloes no sufran por el exceso de agua, es importante que el sustrato sea suelto y con un <strong>buen drenaje<\/strong>. Busca un sustrato arenoso especial para cactus y suculentas. Si plantas en <strong>maceta<\/strong>, recuerda hacer agujeros en el fondo para que se filtre el agua. Puedes fertilizar en primavera, pero no es imprescindible.<\/p>\n\n\n\n<h3 class=\"wp-block-heading\">Poda y reproducci\u00f3n<\/h3>\n\n\n\n<p>El <strong>aloe <\/strong>no necesita podar, basta con retirar las hojas que se le vayan secando. Es muy habitual que la planta madre produzca <strong>hijuelos<\/strong>. Si los separas cuando alcancen una altura de unos 10 cent\u00edmetros y vuelves a plantarlos, conseguir\u00e1s nuevas plantas de aloe vera para decorar o regalar.<\/p>\n\n\n\n<h3 class=\"wp-block-heading\">Plagas y enfermedades<\/h3>\n\n\n\n<p>En general, si moderas el riego y no dejas que se acumule agua en la base de la maceta, tus aloes crecer\u00e1n sanos y felices. No obstante, te recomendamos inspeccionar las hojas en busca de posibles <strong>plagas y enfermedades<\/strong>, como cochinilla, \u00e1caros, pulgones o caracoles. La falta de sol y la mala ventilaci\u00f3n tambi\u00e9n pueden provocar moho y manchas en las hojas.<\/p>\n\n\n\n<p>Como ves, el<strong> aloe vera<\/strong> es una planta bastante resistente que no requiere grandes cuidados. \u00bfTe animas a <strong>cultivar tu propio aloe<\/strong> en casa?&nbsp;<\/p>\n\n\n\n<p> <\/p>\n","protected":false},"excerpt":{"rendered":"<p>En este art\u00edculo te contamos todo lo que necesitas saber sobre el aloe vera, una planta resistente y f\u00e1cil de cuidar, que es ideal para cultivar en tu hogar. Descubre todas las caracter\u00edsticas y beneficios de estas plantas milenarias tan apreciadas por sus propiedades medicinales, terap\u00e9uticas y cosm\u00e9ticas.<\/p>\n","protected":false},"author":13,"featured_media":28643,"comment_status":"open","ping_status":"open","sticky":false,"template":"","format":"standard","meta":{"_acf_changed":false,"_uag_custom_page_level_css":"","site-sidebar-layout":"default","site-content-layout":"","ast-site-content-layout":"default","site-content-style":"default","site-sidebar-style":"default","ast-global-header-display":"","ast-banner-title-visibility":"","ast-main-header-display":"","ast-hfb-above-header-display":"","ast-hfb-below-header-display":"","ast-hfb-mobile-header-display":"","site-post-title":"","ast-breadcrumbs-content":"","ast-featured-img":"","footer-sml-layout":"","theme-transparent-header-meta":"","adv-header-id-meta":"","stick-header-meta":"","header-above-stick-meta":"","header-main-stick-meta":"","header-below-stick-meta":"","astra-migrate-meta-layouts":"default","ast-page-background-enabled":"default","ast-page-background-meta":{"desktop":{"background-color":"var(--ast-global-color-5)","background-image":"","background-repeat":"repeat","background-position":"center center","background-size":"auto","background-attachment":"scroll","background-type":"","background-media":"","overlay-type":"","overlay-color":"","overlay-opacity":"","overlay-gradient":""},"tablet":{"background-color":"","background-image":"","background-repeat":"repeat","background-position":"center center","background-size":"auto","background-attachment":"scroll","background-type":"","background-media":"","overlay-type":"","overlay-color":"","overlay-opacity":"","overlay-gradient":""},"mobile":{"background-color":"","background-image":"","background-repeat":"repeat","background-position":"center center","background-size":"auto","background-attachment":"scroll","background-type":"","background-media":"","overlay-type":"","overlay-color":"","overlay-opacity":"","overlay-gradient":""}},"ast-content-background-meta":{"desktop":{"background-color":"var(--ast-global-color-4)","background-image":"","background-repeat":"repeat","background-position":"center center","background-size":"auto","background-attachment":"scroll","background-type":"","background-media":"","overlay-type":"","overlay-color":"","overlay-opacity":"","overlay-gradient":""},"tablet":{"background-color":"var(--ast-global-color-4)","background-image":"","background-repeat":"repeat","background-position":"center center","background-size":"auto","background-attachment":"scroll","background-type":"","background-media":"","overlay-type":"","overlay-color":"","overlay-opacity":"","overlay-gradient":""},"mobile":{"background-color":"var(--ast-global-color-4)","background-image":"","background-repeat":"repeat","background-position":"center center","background-size":"auto","background-attachment":"scroll","background-type":"","background-media":"","overlay-type":"","overlay-color":"","overlay-opacity":"","overlay-gradient":""}},"footnotes":""},"categories":[17,20],"tags":[66],"class_list":["post-30082","post","type-post","status-publish","format-standard","has-post-thumbnail","hentry","category-cuidados","category-plantas","tag-plantas"],"acf":[],"yoast_head":"<!-- This site is optimized with the Yoast SEO plugin v27.5 - https:\/\/yoast.com\/product\/yoast-seo-wordpress\/ -->\n<title>Todos los secretos sobre el aloe vera | Interflora<\/title>\n<meta name=\"description\" content=\"Te contamos todo sobre el origen, las caracter\u00edsticas y los consejos de cuidado del aloe vera, una planta silvestre con reconocidas propiedades medicinales.\" \/>\n<meta name=\"robots\" content=\"index, follow, max-snippet:-1, max-image-preview:large, max-video-preview:-1\" \/>\n<link rel=\"canonical\" href=\"https:\/\/www.interflora.es\/blog\/los-secretos-del-aloe-vera\/\" \/>\n<script type=\"application\/ld+json\" class=\"yoast-schema-graph\">{\"@context\":\"https:\\\/\\\/schema.org\",\"@graph\":[{\"@type\":\"Article\",\"@id\":\"https:\\\/\\\/www.interflora.es\\\/blog\\\/los-secretos-del-aloe-vera\\\/#article\",\"isPartOf\":{\"@id\":\"https:\\\/\\\/www.interflora.es\\\/blog\\\/los-secretos-del-aloe-vera\\\/\"},\"author\":{\"name\":\"Interflora\",\"@id\":\"https:\\\/\\\/www.interflora.es\\\/blog\\\/#\\\/schema\\\/person\\\/e3ecff50262948e365b92682cdc2a9d1\"},\"headline\":\"Todos los secretos del aloe vera: una planta decorativa con propiedades medicinales\",\"datePublished\":\"2025-09-03T10:45:46+00:00\",\"dateModified\":\"2025-09-15T08:06:34+00:00\",\"mainEntityOfPage\":{\"@id\":\"https:\\\/\\\/www.interflora.es\\\/blog\\\/los-secretos-del-aloe-vera\\\/\"},\"wordCount\":883,\"commentCount\":0,\"publisher\":{\"@id\":\"https:\\\/\\\/www.interflora.es\\\/blog\\\/#organization\"},\"image\":{\"@id\":\"https:\\\/\\\/www.interflora.es\\\/blog\\\/los-secretos-del-aloe-vera\\\/#primaryimage\"},\"thumbnailUrl\":\"https:\\\/\\\/www.interflora.es\\\/blog\\\/wp-content\\\/uploads\\\/2025\\\/04\\\/1708619376-aloevera-1500_1_2.jpg\",\"keywords\":[\"plantas\"],\"articleSection\":[\"Cuidados de plantas y flores\",\"Plantas\"],\"inLanguage\":\"es\",\"potentialAction\":[{\"@type\":\"CommentAction\",\"name\":\"Comment\",\"target\":[\"https:\\\/\\\/www.interflora.es\\\/blog\\\/los-secretos-del-aloe-vera\\\/#respond\"]}]},{\"@type\":\"WebPage\",\"@id\":\"https:\\\/\\\/www.interflora.es\\\/blog\\\/los-secretos-del-aloe-vera\\\/\",\"url\":\"https:\\\/\\\/www.interflora.es\\\/blog\\\/los-secretos-del-aloe-vera\\\/\",\"name\":\"Todos los secretos sobre el aloe vera | Interflora\",\"isPartOf\":{\"@id\":\"https:\\\/\\\/www.interflora.es\\\/blog\\\/#website\"},\"primaryImageOfPage\":{\"@id\":\"https:\\\/\\\/www.interflora.es\\\/blog\\\/los-secretos-del-aloe-vera\\\/#primaryimage\"},\"image\":{\"@id\":\"https:\\\/\\\/www.interflora.es\\\/blog\\\/los-secretos-del-aloe-vera\\\/#primaryimage\"},\"thumbnailUrl\":\"https:\\\/\\\/www.interflora.es\\\/blog\\\/wp-content\\\/uploads\\\/2025\\\/04\\\/1708619376-aloevera-1500_1_2.jpg\",\"datePublished\":\"2025-09-03T10:45:46+00:00\",\"dateModified\":\"2025-09-15T08:06:34+00:00\",\"description\":\"Te contamos todo sobre el origen, las caracter\u00edsticas y los consejos de cuidado del aloe vera, una planta silvestre con reconocidas propiedades medicinales.\",\"breadcrumb\":{\"@id\":\"https:\\\/\\\/www.interflora.es\\\/blog\\\/los-secretos-del-aloe-vera\\\/#breadcrumb\"},\"inLanguage\":\"es\",\"potentialAction\":[{\"@type\":\"ReadAction\",\"target\":[\"https:\\\/\\\/www.interflora.es\\\/blog\\\/los-secretos-del-aloe-vera\\\/\"]}]},{\"@type\":\"ImageObject\",\"inLanguage\":\"es\",\"@id\":\"https:\\\/\\\/www.interflora.es\\\/blog\\\/los-secretos-del-aloe-vera\\\/#primaryimage\",\"url\":\"https:\\\/\\\/www.interflora.es\\\/blog\\\/wp-content\\\/uploads\\\/2025\\\/04\\\/1708619376-aloevera-1500_1_2.jpg\",\"contentUrl\":\"https:\\\/\\\/www.interflora.es\\\/blog\\\/wp-content\\\/uploads\\\/2025\\\/04\\\/1708619376-aloevera-1500_1_2.jpg\",\"width\":1500,\"height\":1500},{\"@type\":\"BreadcrumbList\",\"@id\":\"https:\\\/\\\/www.interflora.es\\\/blog\\\/los-secretos-del-aloe-vera\\\/#breadcrumb\",\"itemListElement\":[{\"@type\":\"ListItem\",\"position\":1,\"name\":\"Home\",\"item\":\"https:\\\/\\\/www.interflora.es\\\/blog\\\/\"},{\"@type\":\"ListItem\",\"position\":2,\"name\":\"Todos los secretos del aloe vera: una planta decorativa con propiedades medicinales\"}]},{\"@type\":\"WebSite\",\"@id\":\"https:\\\/\\\/www.interflora.es\\\/blog\\\/#website\",\"url\":\"https:\\\/\\\/www.interflora.es\\\/blog\\\/\",\"name\":\"El blog de Interflora : consejos, ideas e inspiraci\u00f3n para disfrutar de las flores y las plantas\",\"description\":\"\",\"publisher\":{\"@id\":\"https:\\\/\\\/www.interflora.es\\\/blog\\\/#organization\"},\"potentialAction\":[{\"@type\":\"SearchAction\",\"target\":{\"@type\":\"EntryPoint\",\"urlTemplate\":\"https:\\\/\\\/www.interflora.es\\\/blog\\\/?s={search_term_string}\"},\"query-input\":{\"@type\":\"PropertyValueSpecification\",\"valueRequired\":true,\"valueName\":\"search_term_string\"}}],\"inLanguage\":\"es\"},{\"@type\":\"Organization\",\"@id\":\"https:\\\/\\\/www.interflora.es\\\/blog\\\/#organization\",\"name\":\"El blog de Interflora : consejos, ideas e inspiraci\u00f3n para disfrutar de las flores y las plantas\",\"url\":\"https:\\\/\\\/www.interflora.es\\\/blog\\\/\",\"logo\":{\"@type\":\"ImageObject\",\"inLanguage\":\"es\",\"@id\":\"https:\\\/\\\/www.interflora.es\\\/blog\\\/#\\\/schema\\\/logo\\\/image\\\/\",\"url\":\"https:\\\/\\\/www.interflora.es\\\/blog\\\/wp-content\\\/uploads\\\/2025\\\/10\\\/cropped-220422_INTERFLORA_Logo_rgb_Half_Top_Circle_Main_Color.png\",\"contentUrl\":\"https:\\\/\\\/www.interflora.es\\\/blog\\\/wp-content\\\/uploads\\\/2025\\\/10\\\/cropped-220422_INTERFLORA_Logo_rgb_Half_Top_Circle_Main_Color.png\",\"width\":1418,\"height\":659,\"caption\":\"El blog de Interflora : consejos, ideas e inspiraci\u00f3n para disfrutar de las flores y las plantas\"},\"image\":{\"@id\":\"https:\\\/\\\/www.interflora.es\\\/blog\\\/#\\\/schema\\\/logo\\\/image\\\/\"}},{\"@type\":\"Person\",\"@id\":\"https:\\\/\\\/www.interflora.es\\\/blog\\\/#\\\/schema\\\/person\\\/e3ecff50262948e365b92682cdc2a9d1\",\"name\":\"Interflora\",\"image\":{\"@type\":\"ImageObject\",\"inLanguage\":\"es\",\"@id\":\"https:\\\/\\\/www.interflora.es\\\/blog\\\/wp-content\\\/litespeed\\\/avatar\\\/ef0a9e22ccabc545011ca74a630eaf3e.jpg?ver=1776950439\",\"url\":\"https:\\\/\\\/www.interflora.es\\\/blog\\\/wp-content\\\/litespeed\\\/avatar\\\/ef0a9e22ccabc545011ca74a630eaf3e.jpg?ver=1776950439\",\"contentUrl\":\"https:\\\/\\\/www.interflora.es\\\/blog\\\/wp-content\\\/litespeed\\\/avatar\\\/ef0a9e22ccabc545011ca74a630eaf3e.jpg?ver=1776950439\",\"caption\":\"Interflora\"}}]}<\/script>\n<!-- \/ Yoast SEO plugin. -->","yoast_head_json":{"title":"Todos los secretos sobre el aloe vera | Interflora","description":"Te contamos todo sobre el origen, las caracter\u00edsticas y los consejos de cuidado del aloe vera, una planta silvestre con reconocidas propiedades medicinales.","robots":{"index":"index","follow":"follow","max-snippet":"max-snippet:-1","max-image-preview":"max-image-preview:large","max-video-preview":"max-video-preview:-1"},"canonical":"https:\/\/www.interflora.es\/blog\/los-secretos-del-aloe-vera\/","schema":{"@context":"https:\/\/schema.org","@graph":[{"@type":"Article","@id":"https:\/\/www.interflora.es\/blog\/los-secretos-del-aloe-vera\/#article","isPartOf":{"@id":"https:\/\/www.interflora.es\/blog\/los-secretos-del-aloe-vera\/"},"author":{"name":"Interflora","@id":"https:\/\/www.interflora.es\/blog\/#\/schema\/person\/e3ecff50262948e365b92682cdc2a9d1"},"headline":"Todos los secretos del aloe vera: una planta decorativa con propiedades medicinales","datePublished":"2025-09-03T10:45:46+00:00","dateModified":"2025-09-15T08:06:34+00:00","mainEntityOfPage":{"@id":"https:\/\/www.interflora.es\/blog\/los-secretos-del-aloe-vera\/"},"wordCount":883,"commentCount":0,"publisher":{"@id":"https:\/\/www.interflora.es\/blog\/#organization"},"image":{"@id":"https:\/\/www.interflora.es\/blog\/los-secretos-del-aloe-vera\/#primaryimage"},"thumbnailUrl":"https:\/\/www.interflora.es\/blog\/wp-content\/uploads\/2025\/04\/1708619376-aloevera-1500_1_2.jpg","keywords":["plantas"],"articleSection":["Cuidados de plantas y flores","Plantas"],"inLanguage":"es","potentialAction":[{"@type":"CommentAction","name":"Comment","target":["https:\/\/www.interflora.es\/blog\/los-secretos-del-aloe-vera\/#respond"]}]},{"@type":"WebPage","@id":"https:\/\/www.interflora.es\/blog\/los-secretos-del-aloe-vera\/","url":"https:\/\/www.interflora.es\/blog\/los-secretos-del-aloe-vera\/","name":"Todos los secretos sobre el aloe vera | Interflora","isPartOf":{"@id":"https:\/\/www.interflora.es\/blog\/#website"},"primaryImageOfPage":{"@id":"https:\/\/www.interflora.es\/blog\/los-secretos-del-aloe-vera\/#primaryimage"},"image":{"@id":"https:\/\/www.interflora.es\/blog\/los-secretos-del-aloe-vera\/#primaryimage"},"thumbnailUrl":"https:\/\/www.interflora.es\/blog\/wp-content\/uploads\/2025\/04\/1708619376-aloevera-1500_1_2.jpg","datePublished":"2025-09-03T10:45:46+00:00","dateModified":"2025-09-15T08:06:34+00:00","description":"Te contamos todo sobre el origen, las caracter\u00edsticas y los consejos de cuidado del aloe vera, una planta silvestre con reconocidas propiedades medicinales.","breadcrumb":{"@id":"https:\/\/www.interflora.es\/blog\/los-secretos-del-aloe-vera\/#breadcrumb"},"inLanguage":"es","potentialAction":[{"@type":"ReadAction","target":["https:\/\/www.interflora.es\/blog\/los-secretos-del-aloe-vera\/"]}]},{"@type":"ImageObject","inLanguage":"es","@id":"https:\/\/www.interflora.es\/blog\/los-secretos-del-aloe-vera\/#primaryimage","url":"https:\/\/www.interflora.es\/blog\/wp-content\/uploads\/2025\/04\/1708619376-aloevera-1500_1_2.jpg","contentUrl":"https:\/\/www.interflora.es\/blog\/wp-content\/uploads\/2025\/04\/1708619376-aloevera-1500_1_2.jpg","width":1500,"height":1500},{"@type":"BreadcrumbList","@id":"https:\/\/www.interflora.es\/blog\/los-secretos-del-aloe-vera\/#breadcrumb","itemListElement":[{"@type":"ListItem","position":1,"name":"Home","item":"https:\/\/www.interflora.es\/blog\/"},{"@type":"ListItem","position":2,"name":"Todos los secretos del aloe vera: una planta decorativa con propiedades medicinales"}]},{"@type":"WebSite","@id":"https:\/\/www.interflora.es\/blog\/#website","url":"https:\/\/www.interflora.es\/blog\/","name":"El blog de Interflora : consejos, ideas e inspiraci\u00f3n para disfrutar de las flores y las plantas","description":"","publisher":{"@id":"https:\/\/www.interflora.es\/blog\/#organization"},"potentialAction":[{"@type":"SearchAction","target":{"@type":"EntryPoint","urlTemplate":"https:\/\/www.interflora.es\/blog\/?s={search_term_string}"},"query-input":{"@type":"PropertyValueSpecification","valueRequired":true,"valueName":"search_term_string"}}],"inLanguage":"es"},{"@type":"Organization","@id":"https:\/\/www.interflora.es\/blog\/#organization","name":"El blog de Interflora : consejos, ideas e inspiraci\u00f3n para disfrutar de las flores y las plantas","url":"https:\/\/www.interflora.es\/blog\/","logo":{"@type":"ImageObject","inLanguage":"es","@id":"https:\/\/www.interflora.es\/blog\/#\/schema\/logo\/image\/","url":"https:\/\/www.interflora.es\/blog\/wp-content\/uploads\/2025\/10\/cropped-220422_INTERFLORA_Logo_rgb_Half_Top_Circle_Main_Color.png","contentUrl":"https:\/\/www.interflora.es\/blog\/wp-content\/uploads\/2025\/10\/cropped-220422_INTERFLORA_Logo_rgb_Half_Top_Circle_Main_Color.png","width":1418,"height":659,"caption":"El blog de Interflora : consejos, ideas e inspiraci\u00f3n para disfrutar de las flores y las plantas"},"image":{"@id":"https:\/\/www.interflora.es\/blog\/#\/schema\/logo\/image\/"}},{"@type":"Person","@id":"https:\/\/www.interflora.es\/blog\/#\/schema\/person\/e3ecff50262948e365b92682cdc2a9d1","name":"Interflora","image":{"@type":"ImageObject","inLanguage":"es","@id":"https:\/\/www.interflora.es\/blog\/wp-content\/litespeed\/avatar\/ef0a9e22ccabc545011ca74a630eaf3e.jpg?ver=1776950439","url":"https:\/\/www.interflora.es\/blog\/wp-content\/litespeed\/avatar\/ef0a9e22ccabc545011ca74a630eaf3e.jpg?ver=1776950439","contentUrl":"https:\/\/www.interflora.es\/blog\/wp-content\/litespeed\/avatar\/ef0a9e22ccabc545011ca74a630eaf3e.jpg?ver=1776950439","caption":"Interflora"}}]}},"uagb_featured_image_src":{"full":["https:\/\/www.interflora.es\/blog\/wp-content\/uploads\/2025\/04\/1708619376-aloevera-1500_1_2.jpg",1500,1500,false],"thumbnail":["https:\/\/www.interflora.es\/blog\/wp-content\/uploads\/2025\/04\/1708619376-aloevera-1500_1_2-150x150.jpg",150,150,true],"medium":["https:\/\/www.interflora.es\/blog\/wp-content\/uploads\/2025\/04\/1708619376-aloevera-1500_1_2-300x300.jpg",300,300,true],"medium_large":["https:\/\/www.interflora.es\/blog\/wp-content\/uploads\/2025\/04\/1708619376-aloevera-1500_1_2-768x768.jpg",768,768,true],"large":["https:\/\/www.interflora.es\/blog\/wp-content\/uploads\/2025\/04\/1708619376-aloevera-1500_1_2-1024x1024.jpg",1024,1024,true],"1536x1536":["https:\/\/www.interflora.es\/blog\/wp-content\/uploads\/2025\/04\/1708619376-aloevera-1500_1_2.jpg",1500,1500,false],"2048x2048":["https:\/\/www.interflora.es\/blog\/wp-content\/uploads\/2025\/04\/1708619376-aloevera-1500_1_2.jpg",1500,1500,false]},"uagb_author_info":{"display_name":"Interflora","author_link":"https:\/\/www.interflora.es\/blog\/author\/interflora\/"},"uagb_comment_info":0,"uagb_excerpt":"En este art\u00edculo te contamos todo lo que necesitas saber sobre el aloe vera, una planta resistente y f\u00e1cil de cuidar, que es ideal para cultivar en tu hogar. Descubre todas las caracter\u00edsticas y beneficios de estas plantas milenarias tan apreciadas por sus propiedades medicinales, terap\u00e9uticas y cosm\u00e9ticas.","_links":{"self":[{"href":"https:\/\/www.interflora.es\/blog\/wp-json\/wp\/v2\/posts\/30082","targetHints":{"allow":["GET"]}}],"collection":[{"href":"https:\/\/www.interflora.es\/blog\/wp-json\/wp\/v2\/posts"}],"about":[{"href":"https:\/\/www.interflora.es\/blog\/wp-json\/wp\/v2\/types\/post"}],"author":[{"embeddable":true,"href":"https:\/\/www.interflora.es\/blog\/wp-json\/wp\/v2\/users\/13"}],"replies":[{"embeddable":true,"href":"https:\/\/www.interflora.es\/blog\/wp-json\/wp\/v2\/comments?post=30082"}],"version-history":[{"count":6,"href":"https:\/\/www.interflora.es\/blog\/wp-json\/wp\/v2\/posts\/30082\/revisions"}],"predecessor-version":[{"id":31249,"href":"https:\/\/www.interflora.es\/blog\/wp-json\/wp\/v2\/posts\/30082\/revisions\/31249"}],"wp:featuredmedia":[{"embeddable":true,"href":"https:\/\/www.interflora.es\/blog\/wp-json\/wp\/v2\/media\/28643"}],"wp:attachment":[{"href":"https:\/\/www.interflora.es\/blog\/wp-json\/wp\/v2\/media?parent=30082"}],"wp:term":[{"taxonomy":"category","embeddable":true,"href":"https:\/\/www.interflora.es\/blog\/wp-json\/wp\/v2\/categories?post=30082"},{"taxonomy":"post_tag","embeddable":true,"href":"https:\/\/www.interflora.es\/blog\/wp-json\/wp\/v2\/tags?post=30082"}],"curies":[{"name":"wp","href":"https:\/\/api.w.org\/{rel}","templated":true}]}}