{"id":27675,"date":"2026-03-19T11:54:50","date_gmt":"2026-03-19T10:54:50","guid":{"rendered":"https:\/\/www.interflora.es\/blog\/?p=27675"},"modified":"2026-04-03T15:48:01","modified_gmt":"2026-04-03T13:48:01","slug":"dedicatories-de-sant-jordi-originals","status":"publish","type":"post","link":"https:\/\/www.interflora.es\/blog\/dedicatories-de-sant-jordi-originals\/","title":{"rendered":"20 frases boniques i originals per a felicitar Sant Jordi 2026"},"content":{"rendered":"\n<p><strong>El Dia de Sant Jordi<\/strong> s&#8217;acosta i des d&#8217;Interflora ens sumem a la tradici\u00f3 de <strong>regalar llibres i roses per celebrar en gran aquesta data<\/strong> tan assenyalada del calendari. Aquest 23 d&#8217;abril, selecciona les lectures que regalar\u00e0s als teus estimats i les roses m\u00e9s espectaculars que donar\u00e0s a les persones importants a la teva vida.<\/p>\n\n\n<div class=\"lp-produits-grid\"><div class=\"lp-produit\"><div class=\"lp-thumbnail-wrapper\"><img loading=\"lazy\" decoding=\"async\" width=\"300\" height=\"300\" src=\"https:\/\/www.interflora.es\/blog\/wp-content\/uploads\/2025\/04\/1709032355-12redroses-hd-1-300x300.jpg\" class=\"attachment-medium size-medium wp-post-image\" alt=\"\" srcset=\"https:\/\/www.interflora.es\/blog\/wp-content\/uploads\/2025\/04\/1709032355-12redroses-hd-1-300x300.jpg 300w, https:\/\/www.interflora.es\/blog\/wp-content\/uploads\/2025\/04\/1709032355-12redroses-hd-1-1024x1024.jpg 1024w, https:\/\/www.interflora.es\/blog\/wp-content\/uploads\/2025\/04\/1709032355-12redroses-hd-1-150x150.jpg 150w, https:\/\/www.interflora.es\/blog\/wp-content\/uploads\/2025\/04\/1709032355-12redroses-hd-1-768x768.jpg 768w, https:\/\/www.interflora.es\/blog\/wp-content\/uploads\/2025\/04\/1709032355-12redroses-hd-1-1536x1536.jpg 1536w, https:\/\/www.interflora.es\/blog\/wp-content\/uploads\/2025\/04\/1709032355-12redroses-hd-1.jpg 1999w\" sizes=\"auto, (max-width: 300px) 100vw, 300px\" \/><img decoding=\"async\" class=\"lp-badge\" src=\"https:\/\/prodblog.interflora.es\/blog\/wp-content\/uploads\/2025\/04\/220422_INTERFLORA_Main_Logo_rgb_Main_Color.png\" alt=\"Entrega r\u00e1pida\"><\/div><span>Amor<\/span><p>64.99 \u20ac<\/p><span class=\"obf-link lp-cta\" role=\"link\" tabindex=\"0\" data-b64=\"aHR0cHM6Ly93d3cuaW50ZXJmbG9yYS5lcy9wLzEyLXJvc2FzLXJvamFzLWRlLXRhbGxvLWxhcmdvLzE\/dXRtX21lZGl1bT1vcmdhbmljJnV0bV9zb3VyY2U9YmxvZ19wcm9kdWN0cyZ1dG1fY2FtcGFpZ249UjAxMDM=\" data-target=\"_blank\"><svg xmlns=\"http:\/\/www.w3.org\/2000\/svg\" width=\"16\" height=\"16\" fill=\"currentColor\" class=\"bi bi-bag\" viewBox=\"0 0 16 16\"><path d=\"M8 1a2 2 0 0 1 2 2v1h2.5A1.5 1.5 0 0 1 14 5.5v8A1.5 1.5 0 0 1 12.5 15h-9A1.5 1.5 0 0 1 2 13.5v-8A1.5 1.5 0 0 1 3.5 3H6V2a2 2 0 0 1 2-1zm1 3V3a1 1 0 0 0-2 0v1h2z\"\/><\/svg>Comprar<\/span><p class=\"rapido\">Entrega en el d\u00eda<\/p><\/div><div class=\"lp-produit\"><div class=\"lp-thumbnail-wrapper\"><img loading=\"lazy\" decoding=\"async\" width=\"300\" height=\"300\" src=\"https:\/\/www.interflora.es\/blog\/wp-content\/uploads\/2025\/04\/1706255669-batticuore-hd-1-2-300x300.jpg\" class=\"attachment-medium size-medium wp-post-image\" alt=\"\" srcset=\"https:\/\/www.interflora.es\/blog\/wp-content\/uploads\/2025\/04\/1706255669-batticuore-hd-1-2-300x300.jpg 300w, https:\/\/www.interflora.es\/blog\/wp-content\/uploads\/2025\/04\/1706255669-batticuore-hd-1-2-1024x1024.jpg 1024w, https:\/\/www.interflora.es\/blog\/wp-content\/uploads\/2025\/04\/1706255669-batticuore-hd-1-2-150x150.jpg 150w, https:\/\/www.interflora.es\/blog\/wp-content\/uploads\/2025\/04\/1706255669-batticuore-hd-1-2-768x768.jpg 768w, https:\/\/www.interflora.es\/blog\/wp-content\/uploads\/2025\/04\/1706255669-batticuore-hd-1-2.jpg 1400w\" sizes=\"auto, (max-width: 300px) 100vw, 300px\" \/><img decoding=\"async\" class=\"lp-badge\" src=\"https:\/\/prodblog.interflora.es\/blog\/wp-content\/uploads\/2025\/04\/220422_INTERFLORA_Main_Logo_rgb_Main_Color.png\" alt=\"Entrega r\u00e1pida\"><\/div><span>Canci\u00f3n de Amor<\/span><p>44.99 \u20ac<\/p><span class=\"obf-link lp-cta\" role=\"link\" tabindex=\"0\" data-b64=\"aHR0cHM6Ly93d3cuaW50ZXJmbG9yYS5lcy9wL2NhbmNpb24tZGUtYW1vci8xP3V0bV9tZWRpdW09b3JnYW5pYyZ1dG1fc291cmNlPWJsb2dfcHJvZHVjdHMmdXRtX2NhbXBhaWduPUYwMjUy\" data-target=\"_blank\"><svg xmlns=\"http:\/\/www.w3.org\/2000\/svg\" width=\"16\" height=\"16\" fill=\"currentColor\" class=\"bi bi-bag\" viewBox=\"0 0 16 16\"><path d=\"M8 1a2 2 0 0 1 2 2v1h2.5A1.5 1.5 0 0 1 14 5.5v8A1.5 1.5 0 0 1 12.5 15h-9A1.5 1.5 0 0 1 2 13.5v-8A1.5 1.5 0 0 1 3.5 3H6V2a2 2 0 0 1 2-1zm1 3V3a1 1 0 0 0-2 0v1h2z\"\/><\/svg>Comprar<\/span><p class=\"rapido\">Flores y plantas elegidas con mimo<\/p><\/div><div class=\"lp-produit\"><div class=\"lp-thumbnail-wrapper\"><img loading=\"lazy\" decoding=\"async\" width=\"300\" height=\"300\" src=\"https:\/\/www.interflora.es\/blog\/wp-content\/uploads\/2025\/04\/1736440424-rf034-s-reino-de-rosas-300x300.jpg\" class=\"attachment-medium size-medium wp-post-image\" alt=\"\" srcset=\"https:\/\/www.interflora.es\/blog\/wp-content\/uploads\/2025\/04\/1736440424-rf034-s-reino-de-rosas-300x300.jpg 300w, https:\/\/www.interflora.es\/blog\/wp-content\/uploads\/2025\/04\/1736440424-rf034-s-reino-de-rosas-1024x1024.jpg 1024w, https:\/\/www.interflora.es\/blog\/wp-content\/uploads\/2025\/04\/1736440424-rf034-s-reino-de-rosas-150x150.jpg 150w, https:\/\/www.interflora.es\/blog\/wp-content\/uploads\/2025\/04\/1736440424-rf034-s-reino-de-rosas-768x768.jpg 768w, https:\/\/www.interflora.es\/blog\/wp-content\/uploads\/2025\/04\/1736440424-rf034-s-reino-de-rosas-1536x1536.jpg 1536w, https:\/\/www.interflora.es\/blog\/wp-content\/uploads\/2025\/04\/1736440424-rf034-s-reino-de-rosas-2048x2048.jpg 2048w\" sizes=\"auto, (max-width: 300px) 100vw, 300px\" \/><img decoding=\"async\" class=\"lp-badge\" src=\"https:\/\/prodblog.interflora.es\/blog\/wp-content\/uploads\/2025\/04\/220422_INTERFLORA_Main_Logo_rgb_Main_Color.png\" alt=\"Entrega r\u00e1pida\"><\/div><span>Reino de Rosas<\/span><p>129 \u20ac<\/p><span class=\"obf-link lp-cta\" role=\"link\" tabindex=\"0\" data-b64=\"aHR0cHM6Ly93d3cuaW50ZXJmbG9yYS5lcy9wL3JlaW5vLWRlLXJvc2FzLzE\/dXRtX21lZGl1bT1vcmdhbmljJnV0bV9zb3VyY2U9YmxvZ19wcm9kdWN0cyZ1dG1fY2FtcGFpZ249UkYwMzQ=\" data-target=\"_blank\"><svg xmlns=\"http:\/\/www.w3.org\/2000\/svg\" width=\"16\" height=\"16\" fill=\"currentColor\" class=\"bi bi-bag\" viewBox=\"0 0 16 16\"><path d=\"M8 1a2 2 0 0 1 2 2v1h2.5A1.5 1.5 0 0 1 14 5.5v8A1.5 1.5 0 0 1 12.5 15h-9A1.5 1.5 0 0 1 2 13.5v-8A1.5 1.5 0 0 1 3.5 3H6V2a2 2 0 0 1 2-1zm1 3V3a1 1 0 0 0-2 0v1h2z\"\/><\/svg>Comprar<\/span><p class=\"rapido\">Entrega urgente<\/p><\/div><div class=\"lp-produit\"><div class=\"lp-thumbnail-wrapper\"><img loading=\"lazy\" decoding=\"async\" width=\"300\" height=\"300\" src=\"https:\/\/www.interflora.es\/blog\/wp-content\/uploads\/2025\/10\/1753178062-rf043-model-3-300x300.jpg\" class=\"attachment-medium size-medium wp-post-image\" alt=\"\" srcset=\"https:\/\/www.interflora.es\/blog\/wp-content\/uploads\/2025\/10\/1753178062-rf043-model-3-300x300.jpg 300w, https:\/\/www.interflora.es\/blog\/wp-content\/uploads\/2025\/10\/1753178062-rf043-model-3-1024x1024.jpg 1024w, https:\/\/www.interflora.es\/blog\/wp-content\/uploads\/2025\/10\/1753178062-rf043-model-3-150x150.jpg 150w, https:\/\/www.interflora.es\/blog\/wp-content\/uploads\/2025\/10\/1753178062-rf043-model-3-768x768.jpg 768w, https:\/\/www.interflora.es\/blog\/wp-content\/uploads\/2025\/10\/1753178062-rf043-model-3-1536x1536.jpg 1536w, https:\/\/www.interflora.es\/blog\/wp-content\/uploads\/2025\/10\/1753178062-rf043-model-3-2048x2048.jpg 2048w\" sizes=\"auto, (max-width: 300px) 100vw, 300px\" \/><img decoding=\"async\" class=\"lp-badge\" src=\"https:\/\/prodblog.interflora.es\/blog\/wp-content\/uploads\/2025\/04\/220422_INTERFLORA_Main_Logo_rgb_Main_Color.png\" alt=\"Entrega r\u00e1pida\"><\/div><span>Dos Corazones<\/span><p>49.99 \u20ac<\/p><span class=\"obf-link lp-cta\" role=\"link\" tabindex=\"0\" data-b64=\"aHR0cHM6Ly93d3cuaW50ZXJmbG9yYS5lcy9wL2Rvcy1jb3Jhem9uZXMvMT91dG1fbWVkaXVtPW9yZ2FuaWMmdXRtX3NvdXJjZT1ibG9nX3Byb2R1Y3RzJnV0bV9jYW1wYWlnbj1SRjA0Mw==\" data-target=\"_blank\"><svg xmlns=\"http:\/\/www.w3.org\/2000\/svg\" width=\"16\" height=\"16\" fill=\"currentColor\" class=\"bi bi-bag\" viewBox=\"0 0 16 16\"><path d=\"M8 1a2 2 0 0 1 2 2v1h2.5A1.5 1.5 0 0 1 14 5.5v8A1.5 1.5 0 0 1 12.5 15h-9A1.5 1.5 0 0 1 2 13.5v-8A1.5 1.5 0 0 1 3.5 3H6V2a2 2 0 0 1 2-1zm1 3V3a1 1 0 0 0-2 0v1h2z\"\/><\/svg>Comprar<\/span><p class=\"rapido\">Flores y plantas elegidas con mimo<\/p><\/div><\/div>\n\n\n\n<div class=\"wp-block-buttons is-content-justification-center is-layout-flex wp-container-core-buttons-is-layout-a89b3969 wp-block-buttons-is-layout-flex\">\n<div class=\"wp-block-button\"><a class=\"wp-block-button__link has-text-align-center wp-element-button\" href=\"https:\/\/www.interflora.es\/c\/fiestas\/roses-sant-jordi?utm_source=blog&amp;utm_medium=organic&amp;utm_campaign=post-cta\" target=\"_blank\" rel=\"noreferrer noopener\">Roses per Sant Jordi<\/a><\/div>\n<\/div>\n\n\n\n<p>Per\u00f2 per aconseguir aquella originalitat que desitges, res millor que acompanyar les roses i els llibres de regal amb una dedicat\u00f2ria molt especial. <strong>Vols algunes idees de dedicat\u00f2ries per Sant Jordi originals?<\/strong> Doncs, pren nota! Aqu\u00ed et donem algunes idees de frases molt especials amb qu\u00e8 podr\u00e0s acompanyar el regal del teu llibre i\/o de la teva rosa vermella. Sorpr\u00e8n amb frases de Sant Jordi en catal\u00e0, amb cites liter\u00e0ries dels teus escriptors preferits o amb frases d&#8217;amor o d&#8217;amistat que podr\u00e0s adaptar per als qui m\u00e9s estimes. Regala roses i llibres per celebrar el Dia de Sant Jordi i el Dia del Llibre, la uni\u00f3 de la tradici\u00f3, la cultura i els millors sentiments.&nbsp;<\/p>\n\n\n\n<h2 class=\"wp-block-heading alignwide\">Felicita Sant Jordi amb dedicat\u00f2ries originals juntament amb roses i llibres&nbsp;<\/h2>\n\n\n\n<p>El 23 d&#8217;abril, Dia del Llibre, \u00e9s un dia per gaudir i celebrar la cultura arreu d&#8217;Espanya. A Catalunya, a m\u00e9s a m\u00e9s, se celebra l&#8217;amor i l&#8217;afecte amb Sant Jordi, un sant molt especial que omple els carrers de cultura i de colors vermells. Per qu\u00e8? Doncs perqu\u00e8 la tradici\u00f3 d&#8217;aquest dia \u00e9s regalar un llibre als homes i una rosa a les dones.&nbsp;Per sort, les tradicions tamb\u00e9 evolucionen, avui en dia no hi ha problemas amb el g\u00e8nere, es poden oferir flors i <a href=\"https:\/\/www.interflora.es\/blog\/libros-para-regalar-el-dia-san-jordi\/\" target=\"_blank\" rel=\"noreferrer noopener\">llibres per Sant Jordi<\/a> sense tenir en compte el sexe. L&#8217;essencial \u00e9s el detall de felicitar amb un petit regal en aquesta data tan especial.&nbsp;&nbsp;<\/p>\n\n\n\n<p><strong>Regala roses i llibres a les persones m\u00e9s importants a la teva vida<\/strong> i acompanya aquests obsequis amb dedicat\u00f2ries originals per Sant Jordi que els facin sentir com s\u00f3n d&#8217;especials per a tu.&nbsp;<\/p>\n\n\n\n<div style=\"height:5px\" aria-hidden=\"true\" class=\"wp-block-spacer\"><\/div>\n\n\n\n<figure class=\"wp-block-gallery has-nested-images columns-default is-cropped wp-block-gallery-1 is-layout-flex wp-block-gallery-is-layout-flex\">\n<figure class=\"wp-block-image size-large\"><img loading=\"lazy\" decoding=\"async\" width=\"819\" height=\"1024\" data-id=\"35199\" src=\"https:\/\/www.interflora.es\/blog\/wp-content\/uploads\/2026\/03\/frases-sant-jordi-Ets-la-meva-pagina-preferida-de-cada-dia-INTERFLORA-819x1024.jpeg\" alt=\"frases sant jordi\" class=\"wp-image-35199\" srcset=\"https:\/\/www.interflora.es\/blog\/wp-content\/uploads\/2026\/03\/frases-sant-jordi-Ets-la-meva-pagina-preferida-de-cada-dia-INTERFLORA-819x1024.jpeg 819w, https:\/\/www.interflora.es\/blog\/wp-content\/uploads\/2026\/03\/frases-sant-jordi-Ets-la-meva-pagina-preferida-de-cada-dia-INTERFLORA-240x300.jpeg 240w, https:\/\/www.interflora.es\/blog\/wp-content\/uploads\/2026\/03\/frases-sant-jordi-Ets-la-meva-pagina-preferida-de-cada-dia-INTERFLORA-768x960.jpeg 768w, https:\/\/www.interflora.es\/blog\/wp-content\/uploads\/2026\/03\/frases-sant-jordi-Ets-la-meva-pagina-preferida-de-cada-dia-INTERFLORA.jpeg 1080w\" sizes=\"auto, (max-width: 819px) 100vw, 819px\" \/><\/figure>\n\n\n\n<figure class=\"wp-block-image size-large\"><img loading=\"lazy\" decoding=\"async\" width=\"819\" height=\"1024\" data-id=\"35198\" src=\"https:\/\/www.interflora.es\/blog\/wp-content\/uploads\/2026\/03\/frases-sant-jordi-Entre-llibres-i-roses-la-millor-historia-es-la-nostra-INTERFLORA-819x1024.jpeg\" alt=\"frases sant jordi\" class=\"wp-image-35198\" srcset=\"https:\/\/www.interflora.es\/blog\/wp-content\/uploads\/2026\/03\/frases-sant-jordi-Entre-llibres-i-roses-la-millor-historia-es-la-nostra-INTERFLORA-819x1024.jpeg 819w, https:\/\/www.interflora.es\/blog\/wp-content\/uploads\/2026\/03\/frases-sant-jordi-Entre-llibres-i-roses-la-millor-historia-es-la-nostra-INTERFLORA-240x300.jpeg 240w, https:\/\/www.interflora.es\/blog\/wp-content\/uploads\/2026\/03\/frases-sant-jordi-Entre-llibres-i-roses-la-millor-historia-es-la-nostra-INTERFLORA-768x960.jpeg 768w, https:\/\/www.interflora.es\/blog\/wp-content\/uploads\/2026\/03\/frases-sant-jordi-Entre-llibres-i-roses-la-millor-historia-es-la-nostra-INTERFLORA.jpeg 1080w\" sizes=\"auto, (max-width: 819px) 100vw, 819px\" \/><\/figure>\n<\/figure>\n\n\n\n<div style=\"height:5px\" aria-hidden=\"true\" class=\"wp-block-spacer\"><\/div>\n\n\n\n<h2 class=\"wp-block-heading alignwide\">Dedicat\u00f2ries de Sant Jordi per acompanyar llibres&nbsp;<\/h2>\n\n\n\n<p>Una bona idea per a les dedicat\u00f2ries que acompanyen els llibres que vas a regalar per Sant Jordi s\u00f3n les que fan refer\u00e8ncia a la llegenda d&#8217;aquest sant i la seva lluita amb el drac, a la literatura i a les bones lectures. Aqu\u00ed et donem algunes idees de cites c\u00e8lebres i frases de Sant Jordi que t&#8217;ajudaran a escriure dedicat\u00f2ries originals per als llibres o les felicitacions de Sant Jordi als teus estimats:&nbsp;<\/p>\n\n\n\n<div class=\"wp-block-columns is-layout-flex wp-container-core-columns-is-layout-28f84493 wp-block-columns-is-layout-flex\">\n<div class=\"wp-block-column is-layout-flow wp-block-column-is-layout-flow\">\n<ul class=\"wp-block-list\">\n<li><em>\u00abNo hi ha cap llibre amb tantes p\u00e0gines per crear la nostra hist\u00f2ria<\/em>\u00ab.<\/li>\n\n\n\n<li><em>\u00abEn algun lloc d&#8217;un llibre hi ha una frase que ens espera per donar un sentit a l&#8217;exist\u00e8ncia\u00bb.<\/em> Miguel de Cervantes&nbsp;<\/li>\n\n\n\n<li><em>\u00abUn llibre obert \u00e9s un cervell que parla; tancat, un amic que espera; oblidat, una \u00e0nima que perdona; destru\u00eft, un cor que plora\u00bb. <\/em>Proverbi hind\u00fa.&nbsp;<\/li>\n\n\n\n<li><em>\u00abEl regal d&#8217;un llibre, a m\u00e9s d&#8217;un obsequi, \u00e9s un delicat compliment\u00bb. <\/em>An\u00f2nim.&nbsp;<\/li>\n\n\n\n<li><em>\u00abSi tens un jard\u00ed i una biblioteca, tens tot el que necessites\u00bb. <\/em>Cicer\u00f3&nbsp;<\/li>\n\n\n\n<li>\u00abCom Sant Jordi i el drac, la nostra relaci\u00f3 \u00e9s de llegenda.&nbsp;<br>Bona diada de Sant Jordi!\u00bb<\/li>\n\n\n\n<li>\u00abEts el drac amb qui viure una hist\u00f2ria d&#8217;amor a Sant Jordi i tota la vida\u00bb.<\/li>\n\n\n\n<li>\u00abMataria m\u00e9s d&#8217;un centenar de dracs per veure&#8217;t somriure a Sant Jordi\u00bb.<\/li>\n\n\n\n<li>\u00abI la princesa va comen\u00e7ar a llegir aquest llibre amb les mateixes ganes de sempre, mentre Sant Jordi regalava una rosa al drac per celebrar aquest dia inoblidable. Aix\u00ed \u00e9s la nostra hist\u00f2ria, \u00fanica i diferent!\u00bb<\/li>\n<\/ul>\n<\/div>\n\n\n\n<div class=\"wp-block-column is-layout-flow wp-block-column-is-layout-flow\">\n<figure class=\"wp-block-image size-large\"><img loading=\"lazy\" decoding=\"async\" width=\"819\" height=\"1024\" src=\"https:\/\/www.interflora.es\/blog\/wp-content\/uploads\/2026\/03\/frases-sant-jordi-Si-la-nostra-historia-fos-un-llibre-no-voldria-que-s-acabes-mai-INTERFLORA-819x1024.jpeg\" alt=\"frases sant jordi\" class=\"wp-image-35201\" srcset=\"https:\/\/www.interflora.es\/blog\/wp-content\/uploads\/2026\/03\/frases-sant-jordi-Si-la-nostra-historia-fos-un-llibre-no-voldria-que-s-acabes-mai-INTERFLORA-819x1024.jpeg 819w, https:\/\/www.interflora.es\/blog\/wp-content\/uploads\/2026\/03\/frases-sant-jordi-Si-la-nostra-historia-fos-un-llibre-no-voldria-que-s-acabes-mai-INTERFLORA-240x300.jpeg 240w, https:\/\/www.interflora.es\/blog\/wp-content\/uploads\/2026\/03\/frases-sant-jordi-Si-la-nostra-historia-fos-un-llibre-no-voldria-que-s-acabes-mai-INTERFLORA-768x960.jpeg 768w, https:\/\/www.interflora.es\/blog\/wp-content\/uploads\/2026\/03\/frases-sant-jordi-Si-la-nostra-historia-fos-un-llibre-no-voldria-que-s-acabes-mai-INTERFLORA.jpeg 1080w\" sizes=\"auto, (max-width: 819px) 100vw, 819px\" \/><\/figure>\n<\/div>\n<\/div>\n\n\n\n<h3 class=\"wp-block-heading alignwide\" style=\"margin-top:var(--wp--preset--spacing--40);margin-bottom:var(--wp--preset--spacing--40);padding-top:0;padding-bottom:0\">Missatges d&#8217;amor per a les roses de Sant Jordi&nbsp;<\/h3>\n\n\n\n<p>El dia de Sant Jordi \u00e9s perfecte per expressar l&#8217;amor que sents pels que t&#8217;envolten i tamb\u00e9 l&#8217;amor rom\u00e0ntic. Tot i que \u00e9s una tradici\u00f3 nascuda a Catalunya, cada vegada m\u00e9s persones s&#8217;animen a regalar unes precioses <a href=\"https:\/\/www.interflora.es\/c\/fiestas\/roses-sant-jordi?utm_source=blog&amp;utm_medium=organic&amp;utm_campaign=SantJordi\" type=\"link\" id=\"https:\/\/www.interflora.es\/c\/fiestas\/roses-sant-jordi?utm_source=blog&amp;utm_medium=organic&amp;utm_campaign=SantJordi\" target=\"_blank\" rel=\"noreferrer noopener\">roses el dia de Sant Jordi<\/a> per a expressar-li a aquella persona el que significa en la seva vida . Per expressar el teu amor el 23 d&#8217;abril, acompanya les teves roses amb una targeta que porti una d&#8217;aquestes dedicat\u00f2ries. L\u00ednies sinceres i originals, escrites amb el cor i que es donen juntament amb una rosa vermella de Sant Jordi:&nbsp;&nbsp;<\/p>\n\n\n\n<div class=\"wp-block-columns is-layout-flex wp-container-core-columns-is-layout-28f84493 wp-block-columns-is-layout-flex\">\n<div class=\"wp-block-column is-layout-flow wp-block-column-is-layout-flow\">\n<figure class=\"wp-block-image aligncenter size-large is-resized\"><img loading=\"lazy\" decoding=\"async\" width=\"819\" height=\"1024\" src=\"https:\/\/www.interflora.es\/blog\/wp-content\/uploads\/2026\/03\/frases-sant-jordi-Cada-dia-amb-tu-es-una-historia-que-val-la-pena-explicar-INTERFLORA-819x1024.jpeg\" alt=\"frases sant jordi\" class=\"wp-image-35202\" style=\"aspect-ratio:0.7998129689060807;width:465px;height:auto\" srcset=\"https:\/\/www.interflora.es\/blog\/wp-content\/uploads\/2026\/03\/frases-sant-jordi-Cada-dia-amb-tu-es-una-historia-que-val-la-pena-explicar-INTERFLORA-819x1024.jpeg 819w, https:\/\/www.interflora.es\/blog\/wp-content\/uploads\/2026\/03\/frases-sant-jordi-Cada-dia-amb-tu-es-una-historia-que-val-la-pena-explicar-INTERFLORA-240x300.jpeg 240w, https:\/\/www.interflora.es\/blog\/wp-content\/uploads\/2026\/03\/frases-sant-jordi-Cada-dia-amb-tu-es-una-historia-que-val-la-pena-explicar-INTERFLORA-768x960.jpeg 768w, https:\/\/www.interflora.es\/blog\/wp-content\/uploads\/2026\/03\/frases-sant-jordi-Cada-dia-amb-tu-es-una-historia-que-val-la-pena-explicar-INTERFLORA.jpeg 1080w\" sizes=\"auto, (max-width: 819px) 100vw, 819px\" \/><\/figure>\n<\/div>\n\n\n\n<div class=\"wp-block-column is-layout-flow wp-block-column-is-layout-flow\">\n<p><\/p>\n\n\n\n<ul class=\"wp-block-list\">\n<li>\u00abLa hist\u00f2ria m\u00e9s important de la meva vida l&#8217;escric cada dia amb tu. Bona diada Sant Jordi\u00bb&nbsp;<\/li>\n\n\n\n<li>\u00abNi jo s\u00f3c la teva princesa ni tu el meu pr\u00edncep, per\u00f2 tots dos farem hist\u00f2ria\u00bb&nbsp;<\/li>\n\n\n\n<li>\u00abDeixa&#8217;m entrar al teu cor per un segon i et deixar\u00e9 una empremta de per vida\u00bb.&nbsp;<\/li>\n\n\n\n<li>\u00abMentre t&#8217;escric, et penso. Mentre et penso, et somio. Mentre et somio, t&#8217;espero. I mentre t&#8217;espero: t&#8217;estimo. Bona diada de Sant Jordi\u00bb&nbsp;<\/li>\n\n\n\n<li>\u00abEspero que aquestes flors puguin interpretar millor el meu sentiment que les meves paraules\u00bb\u00a0<\/li>\n<\/ul>\n<\/div>\n<\/div>\n\n\n\n<p style=\"margin-top:var(--wp--preset--spacing--50);margin-bottom:var(--wp--preset--spacing--50)\">D&#8217;acord, ja ho hem ent\u00e8s. Ets incapa\u00e7 de decidir-te entre un llibre o una rosa per Sant Jordi. B\u00e9, no passa res! Regala les dues coses! El teu llibre, juntament amb una o diverses dedicat\u00f2ries per Sant Jordi, quedar\u00e0 meravell\u00f3s si el combines amb roses vermelles per donar a la m\u00e0, perqu\u00e8 el teu detall, aquest dia tan assenyalat, sigui simplement perfecte.&nbsp;<\/p>\n\n\n\n<h2 class=\"wp-block-heading alignwide\">Sorpreses amb flors a domicili i dedicat\u00f2ries d&#8217;amistat per Sant Jordi&nbsp;<\/h2>\n\n\n\n<p>Tot i aix\u00f2, aquesta festa tan especial no es limita a la fam\u00edlia o a la persona que estimis. <a href=\"https:\/\/www.interflora.es\/blog\/como-celebrar-sant-jordi\/\" target=\"_blank\" rel=\"noreferrer noopener\">Hi ha moltes maneres de celebrar Sant Jordi<\/a>. Aquest any, <strong>sorpr\u00e8n els teus amics regalant-los un ram de flors personalitzat i\/o un llibre especial.&nbsp;<\/strong> Tria el nombre de flors que vols enviar, els colors preferits i envia rams a domicili amb l&#8217;\u00faltim llibre de la seva saga preferida. Inclou, si vols, una dedicat\u00f2ria de l&#8217;autor o autora del llibre. Aquest detall els fascinar\u00e0.&nbsp;&nbsp;<\/p>\n\n\n\n<p>Tria entre les nostres \u00abflors per Sant Jordi\u00bb les que m\u00e9s t&#8217;agradin. I no oblidis escriure la teva felicitaci\u00f3 per Sant Jordi!, aquelles dedicat\u00f2ries originals que sabran apreciar sincerament. Celebra aquest dia gaudint d&#8217;algun pla amb la teva gent, entre llibres i roses arreu de Catalunya. Decanta\u2019t per un missatge de Sant Jordi original per felicitar els teus amics el proper 23 d&#8217;abril, \u00e9s la millor manera de commemorar una bonica amistat!:&nbsp;&nbsp;<\/p>\n\n\n\n<div class=\"wp-block-columns is-layout-flex wp-container-core-columns-is-layout-28f84493 wp-block-columns-is-layout-flex\">\n<div class=\"wp-block-column is-layout-flow wp-block-column-is-layout-flow\">\n<p><\/p>\n\n\n\n<ul class=\"wp-block-list\">\n<li>\u00abPer tu, amic\/ga, que vas canviar l&#8217;argument de la meva vida. Bona diada de Sant Jordi!\u00bb&nbsp;<\/li>\n\n\n\n<li>\u00abUn bon llibre \u00e9s com un bon amic, que t&#8217;ajuda a veure la vida des d&#8217;altres punts de vista\u00bb&nbsp;<\/li>\n\n\n\n<li>\u00abMoltes persones entraran i sortiran de la teva vida, per\u00f2 nom\u00e9s els veritables amics deixaran empremta al teu cor\u00bb&nbsp;<\/li>\n\n\n\n<li>\u00abEls llibres s\u00f3n com els amics, no cal tenir-ne molts, nom\u00e9s els millors. Feli\u00e7 Dia del Llibre i de Sant Jordi\u00bb&nbsp;<\/li>\n\n\n\n<li>\u00abUn veritable amic \u00e9s aquell que t&#8217;agafa de la m\u00e0 i et toca el cor\u2026 com un llibre i unes roses boniques\u00bb\u00a0<\/li>\n<\/ul>\n<\/div>\n\n\n\n<div class=\"wp-block-column is-layout-flow wp-block-column-is-layout-flow\">\n<figure class=\"wp-block-image aligncenter size-large is-resized\"><img loading=\"lazy\" decoding=\"async\" width=\"819\" height=\"1024\" src=\"https:\/\/www.interflora.es\/blog\/wp-content\/uploads\/2026\/03\/frases-sant-jordi-Per-Sant-Jordi-et-regalo-una-rosa-pero-el-millor-regal-es-compartir-la-vida-amb-tu-INTERFLORA-819x1024.jpeg\" alt=\"frases sant jordi\" class=\"wp-image-35200\" style=\"aspect-ratio:0.7998129689060807;width:439px;height:auto\" srcset=\"https:\/\/www.interflora.es\/blog\/wp-content\/uploads\/2026\/03\/frases-sant-jordi-Per-Sant-Jordi-et-regalo-una-rosa-pero-el-millor-regal-es-compartir-la-vida-amb-tu-INTERFLORA-819x1024.jpeg 819w, https:\/\/www.interflora.es\/blog\/wp-content\/uploads\/2026\/03\/frases-sant-jordi-Per-Sant-Jordi-et-regalo-una-rosa-pero-el-millor-regal-es-compartir-la-vida-amb-tu-INTERFLORA-240x300.jpeg 240w, https:\/\/www.interflora.es\/blog\/wp-content\/uploads\/2026\/03\/frases-sant-jordi-Per-Sant-Jordi-et-regalo-una-rosa-pero-el-millor-regal-es-compartir-la-vida-amb-tu-INTERFLORA-768x960.jpeg 768w, https:\/\/www.interflora.es\/blog\/wp-content\/uploads\/2026\/03\/frases-sant-jordi-Per-Sant-Jordi-et-regalo-una-rosa-pero-el-millor-regal-es-compartir-la-vida-amb-tu-INTERFLORA.jpeg 1080w\" sizes=\"auto, (max-width: 819px) 100vw, 819px\" \/><\/figure>\n<\/div>\n<\/div>\n\n\n\n<div style=\"height:5px\" aria-hidden=\"true\" class=\"wp-block-spacer\"><\/div>\n\n\n<div class=\"lp-produits-grid\"><div class=\"lp-produit\"><div class=\"lp-thumbnail-wrapper\"><img loading=\"lazy\" decoding=\"async\" width=\"300\" height=\"300\" src=\"https:\/\/www.interflora.es\/blog\/wp-content\/uploads\/2025\/04\/1706254067-treroserosse-hd-1-300x300.jpg\" class=\"attachment-medium size-medium wp-post-image\" alt=\"\" srcset=\"https:\/\/www.interflora.es\/blog\/wp-content\/uploads\/2025\/04\/1706254067-treroserosse-hd-1-300x300.jpg 300w, https:\/\/www.interflora.es\/blog\/wp-content\/uploads\/2025\/04\/1706254067-treroserosse-hd-1-1024x1024.jpg 1024w, https:\/\/www.interflora.es\/blog\/wp-content\/uploads\/2025\/04\/1706254067-treroserosse-hd-1-150x150.jpg 150w, https:\/\/www.interflora.es\/blog\/wp-content\/uploads\/2025\/04\/1706254067-treroserosse-hd-1-768x768.jpg 768w, https:\/\/www.interflora.es\/blog\/wp-content\/uploads\/2025\/04\/1706254067-treroserosse-hd-1.jpg 1400w\" sizes=\"auto, (max-width: 300px) 100vw, 300px\" \/><img decoding=\"async\" class=\"lp-badge\" src=\"https:\/\/prodblog.interflora.es\/blog\/wp-content\/uploads\/2025\/04\/220422_INTERFLORA_Main_Logo_rgb_Main_Color.png\" alt=\"Entrega r\u00e1pida\"><\/div><span>Tercia<\/span><p>27.99 \u20ac<\/p><span class=\"obf-link lp-cta\" role=\"link\" tabindex=\"0\" data-b64=\"aHR0cHM6Ly93d3cuaW50ZXJmbG9yYS5lcy9wLzMtcm9zYXMtcm9qYXMtZGUtdGFsbG8tbGFyZ28vMT91dG1fbWVkaXVtPW9yZ2FuaWMmdXRtX3NvdXJjZT1ibG9nX3Byb2R1Y3RzJnV0bV9jYW1wYWlnbj1SMDEwMQ==\" data-target=\"_blank\"><svg xmlns=\"http:\/\/www.w3.org\/2000\/svg\" width=\"16\" height=\"16\" fill=\"currentColor\" class=\"bi bi-bag\" viewBox=\"0 0 16 16\"><path d=\"M8 1a2 2 0 0 1 2 2v1h2.5A1.5 1.5 0 0 1 14 5.5v8A1.5 1.5 0 0 1 12.5 15h-9A1.5 1.5 0 0 1 2 13.5v-8A1.5 1.5 0 0 1 3.5 3H6V2a2 2 0 0 1 2-1zm1 3V3a1 1 0 0 0-2 0v1h2z\"\/><\/svg>Comprar<\/span><p class=\"rapido\">Selecci\u00f3n Interflora<\/p><\/div><div class=\"lp-produit\"><div class=\"lp-thumbnail-wrapper\"><img loading=\"lazy\" decoding=\"async\" width=\"300\" height=\"300\" src=\"https:\/\/www.interflora.es\/blog\/wp-content\/uploads\/2025\/04\/1706255669-batticuore-hd-1-2-300x300.jpg\" class=\"attachment-medium size-medium wp-post-image\" alt=\"\" srcset=\"https:\/\/www.interflora.es\/blog\/wp-content\/uploads\/2025\/04\/1706255669-batticuore-hd-1-2-300x300.jpg 300w, https:\/\/www.interflora.es\/blog\/wp-content\/uploads\/2025\/04\/1706255669-batticuore-hd-1-2-1024x1024.jpg 1024w, https:\/\/www.interflora.es\/blog\/wp-content\/uploads\/2025\/04\/1706255669-batticuore-hd-1-2-150x150.jpg 150w, https:\/\/www.interflora.es\/blog\/wp-content\/uploads\/2025\/04\/1706255669-batticuore-hd-1-2-768x768.jpg 768w, https:\/\/www.interflora.es\/blog\/wp-content\/uploads\/2025\/04\/1706255669-batticuore-hd-1-2.jpg 1400w\" sizes=\"auto, (max-width: 300px) 100vw, 300px\" \/><img decoding=\"async\" class=\"lp-badge\" src=\"https:\/\/prodblog.interflora.es\/blog\/wp-content\/uploads\/2025\/04\/220422_INTERFLORA_Main_Logo_rgb_Main_Color.png\" alt=\"Entrega r\u00e1pida\"><\/div><span>Canci\u00f3n de Amor<\/span><p>44.99 \u20ac<\/p><span class=\"obf-link lp-cta\" role=\"link\" tabindex=\"0\" data-b64=\"aHR0cHM6Ly93d3cuaW50ZXJmbG9yYS5lcy9wL2NhbmNpb24tZGUtYW1vci8xP3V0bV9tZWRpdW09b3JnYW5pYyZ1dG1fc291cmNlPWJsb2dfcHJvZHVjdHMmdXRtX2NhbXBhaWduPUYwMjUy\" data-target=\"_blank\"><svg xmlns=\"http:\/\/www.w3.org\/2000\/svg\" width=\"16\" height=\"16\" fill=\"currentColor\" class=\"bi bi-bag\" viewBox=\"0 0 16 16\"><path d=\"M8 1a2 2 0 0 1 2 2v1h2.5A1.5 1.5 0 0 1 14 5.5v8A1.5 1.5 0 0 1 12.5 15h-9A1.5 1.5 0 0 1 2 13.5v-8A1.5 1.5 0 0 1 3.5 3H6V2a2 2 0 0 1 2-1zm1 3V3a1 1 0 0 0-2 0v1h2z\"\/><\/svg>Comprar<\/span><p class=\"rapido\">Entrega en el d\u00eda<\/p><\/div><div class=\"lp-produit\"><div class=\"lp-thumbnail-wrapper\"><img loading=\"lazy\" decoding=\"async\" width=\"300\" height=\"300\" src=\"https:\/\/www.interflora.es\/blog\/wp-content\/uploads\/2025\/04\/1736440424-rf034-s-reino-de-rosas-300x300.jpg\" class=\"attachment-medium size-medium wp-post-image\" alt=\"\" srcset=\"https:\/\/www.interflora.es\/blog\/wp-content\/uploads\/2025\/04\/1736440424-rf034-s-reino-de-rosas-300x300.jpg 300w, https:\/\/www.interflora.es\/blog\/wp-content\/uploads\/2025\/04\/1736440424-rf034-s-reino-de-rosas-1024x1024.jpg 1024w, https:\/\/www.interflora.es\/blog\/wp-content\/uploads\/2025\/04\/1736440424-rf034-s-reino-de-rosas-150x150.jpg 150w, https:\/\/www.interflora.es\/blog\/wp-content\/uploads\/2025\/04\/1736440424-rf034-s-reino-de-rosas-768x768.jpg 768w, https:\/\/www.interflora.es\/blog\/wp-content\/uploads\/2025\/04\/1736440424-rf034-s-reino-de-rosas-1536x1536.jpg 1536w, https:\/\/www.interflora.es\/blog\/wp-content\/uploads\/2025\/04\/1736440424-rf034-s-reino-de-rosas-2048x2048.jpg 2048w\" sizes=\"auto, (max-width: 300px) 100vw, 300px\" \/><img decoding=\"async\" class=\"lp-badge\" src=\"https:\/\/prodblog.interflora.es\/blog\/wp-content\/uploads\/2025\/04\/220422_INTERFLORA_Main_Logo_rgb_Main_Color.png\" alt=\"Entrega r\u00e1pida\"><\/div><span>Reino de Rosas<\/span><p>129 \u20ac<\/p><span class=\"obf-link lp-cta\" role=\"link\" tabindex=\"0\" data-b64=\"aHR0cHM6Ly93d3cuaW50ZXJmbG9yYS5lcy9wL3JlaW5vLWRlLXJvc2FzLzE\/dXRtX21lZGl1bT1vcmdhbmljJnV0bV9zb3VyY2U9YmxvZ19wcm9kdWN0cyZ1dG1fY2FtcGFpZ249UkYwMzQ=\" data-target=\"_blank\"><svg xmlns=\"http:\/\/www.w3.org\/2000\/svg\" width=\"16\" height=\"16\" fill=\"currentColor\" class=\"bi bi-bag\" viewBox=\"0 0 16 16\"><path d=\"M8 1a2 2 0 0 1 2 2v1h2.5A1.5 1.5 0 0 1 14 5.5v8A1.5 1.5 0 0 1 12.5 15h-9A1.5 1.5 0 0 1 2 13.5v-8A1.5 1.5 0 0 1 3.5 3H6V2a2 2 0 0 1 2-1zm1 3V3a1 1 0 0 0-2 0v1h2z\"\/><\/svg>Comprar<\/span><p class=\"rapido\">Selecci\u00f3n Interflora<\/p><\/div><div class=\"lp-produit\"><div class=\"lp-thumbnail-wrapper\"><img loading=\"lazy\" decoding=\"async\" width=\"300\" height=\"300\" src=\"https:\/\/www.interflora.es\/blog\/wp-content\/uploads\/2025\/04\/1729015617-rf004s-rosas-a-la-carta-300x300.jpg\" class=\"attachment-medium size-medium wp-post-image\" alt=\"\" srcset=\"https:\/\/www.interflora.es\/blog\/wp-content\/uploads\/2025\/04\/1729015617-rf004s-rosas-a-la-carta-300x300.jpg 300w, https:\/\/www.interflora.es\/blog\/wp-content\/uploads\/2025\/04\/1729015617-rf004s-rosas-a-la-carta-1024x1024.jpg 1024w, https:\/\/www.interflora.es\/blog\/wp-content\/uploads\/2025\/04\/1729015617-rf004s-rosas-a-la-carta-150x150.jpg 150w, https:\/\/www.interflora.es\/blog\/wp-content\/uploads\/2025\/04\/1729015617-rf004s-rosas-a-la-carta-768x768.jpg 768w, https:\/\/www.interflora.es\/blog\/wp-content\/uploads\/2025\/04\/1729015617-rf004s-rosas-a-la-carta.jpg 1200w\" sizes=\"auto, (max-width: 300px) 100vw, 300px\" \/><img decoding=\"async\" class=\"lp-badge\" src=\"https:\/\/prodblog.interflora.es\/blog\/wp-content\/uploads\/2025\/04\/220422_INTERFLORA_Main_Logo_rgb_Main_Color.png\" alt=\"Entrega r\u00e1pida\"><\/div><span>El N\u00famero Perfecto<\/span><p>35 \u20ac<\/p><span class=\"obf-link lp-cta\" role=\"link\" tabindex=\"0\" data-b64=\"aHR0cHM6Ly93d3cuaW50ZXJmbG9yYS5lcy9wL3Jvc2FzLXByZW1pdW0vMT91dG1fbWVkaXVtPW9yZ2FuaWMmdXRtX3NvdXJjZT1ibG9nX3Byb2R1Y3RzJnV0bV9jYW1wYWlnbj1SMDEyNw==\" data-target=\"_blank\"><svg xmlns=\"http:\/\/www.w3.org\/2000\/svg\" width=\"16\" height=\"16\" fill=\"currentColor\" class=\"bi bi-bag\" viewBox=\"0 0 16 16\"><path d=\"M8 1a2 2 0 0 1 2 2v1h2.5A1.5 1.5 0 0 1 14 5.5v8A1.5 1.5 0 0 1 12.5 15h-9A1.5 1.5 0 0 1 2 13.5v-8A1.5 1.5 0 0 1 3.5 3H6V2a2 2 0 0 1 2-1zm1 3V3a1 1 0 0 0-2 0v1h2z\"\/><\/svg>Comprar<\/span><p class=\"rapido\">Selecci\u00f3n Interflora<\/p><\/div><\/div>\n","protected":false},"excerpt":{"rendered":"<p>El Dia de Sant Jordi s&#8217;acosta i des d&#8217;Interflora ens sumem a la tradici\u00f3 de regalar llibres i roses per [&hellip;]<\/p>\n","protected":false},"author":13,"featured_media":34913,"comment_status":"open","ping_status":"closed","sticky":false,"template":"","format":"standard","meta":{"_acf_changed":false,"_uag_custom_page_level_css":"","site-sidebar-layout":"default","site-content-layout":"","ast-site-content-layout":"default","site-content-style":"default","site-sidebar-style":"default","ast-global-header-display":"","ast-banner-title-visibility":"","ast-main-header-display":"","ast-hfb-above-header-display":"","ast-hfb-below-header-display":"","ast-hfb-mobile-header-display":"","site-post-title":"","ast-breadcrumbs-content":"","ast-featured-img":"","footer-sml-layout":"","theme-transparent-header-meta":"","adv-header-id-meta":"","stick-header-meta":"","header-above-stick-meta":"","header-main-stick-meta":"","header-below-stick-meta":"","astra-migrate-meta-layouts":"set","ast-page-background-enabled":"default","ast-page-background-meta":{"desktop":{"background-color":"var(--ast-global-color-5)","background-image":"","background-repeat":"repeat","background-position":"center center","background-size":"auto","background-attachment":"scroll","background-type":"","background-media":"","overlay-type":"","overlay-color":"","overlay-opacity":"","overlay-gradient":""},"tablet":{"background-color":"","background-image":"","background-repeat":"repeat","background-position":"center center","background-size":"auto","background-attachment":"scroll","background-type":"","background-media":"","overlay-type":"","overlay-color":"","overlay-opacity":"","overlay-gradient":""},"mobile":{"background-color":"","background-image":"","background-repeat":"repeat","background-position":"center center","background-size":"auto","background-attachment":"scroll","background-type":"","background-media":"","overlay-type":"","overlay-color":"","overlay-opacity":"","overlay-gradient":""}},"ast-content-background-meta":{"desktop":{"background-color":"var(--ast-global-color-4)","background-image":"","background-repeat":"repeat","background-position":"center center","background-size":"auto","background-attachment":"scroll","background-type":"","background-media":"","overlay-type":"","overlay-color":"","overlay-opacity":"","overlay-gradient":""},"tablet":{"background-color":"var(--ast-global-color-4)","background-image":"","background-repeat":"repeat","background-position":"center center","background-size":"auto","background-attachment":"scroll","background-type":"","background-media":"","overlay-type":"","overlay-color":"","overlay-opacity":"","overlay-gradient":""},"mobile":{"background-color":"var(--ast-global-color-4)","background-image":"","background-repeat":"repeat","background-position":"center center","background-size":"auto","background-attachment":"scroll","background-type":"","background-media":"","overlay-type":"","overlay-color":"","overlay-opacity":"","overlay-gradient":""}},"footnotes":""},"categories":[23,140],"tags":[159,141],"class_list":["post-27675","post","type-post","status-publish","format-standard","has-post-thumbnail","hentry","category-ocasiones-especiales","category-sant-jordi","tag-catalan","tag-sant-jordi"],"acf":[],"yoast_head":"<!-- This site is optimized with the Yoast SEO plugin v27.5 - https:\/\/yoast.com\/product\/yoast-seo-wordpress\/ -->\n<title>20 frases boniques i originals per a felicitar Sant Jordi | Interflora<\/title>\n<meta name=\"description\" content=\"Frases de Sant Jordi originals per acompanyar el teu llibre o la teva rosa.\" \/>\n<meta name=\"robots\" content=\"index, follow, max-snippet:-1, max-image-preview:large, max-video-preview:-1\" \/>\n<link rel=\"canonical\" href=\"https:\/\/www.interflora.es\/blog\/dedicatories-de-sant-jordi-originals\/\" \/>\n<script type=\"application\/ld+json\" class=\"yoast-schema-graph\">{\"@context\":\"https:\\\/\\\/schema.org\",\"@graph\":[{\"@type\":\"Article\",\"@id\":\"https:\\\/\\\/www.interflora.es\\\/blog\\\/dedicatories-de-sant-jordi-originals\\\/#article\",\"isPartOf\":{\"@id\":\"https:\\\/\\\/www.interflora.es\\\/blog\\\/dedicatories-de-sant-jordi-originals\\\/\"},\"author\":{\"name\":\"Interflora\",\"@id\":\"https:\\\/\\\/www.interflora.es\\\/blog\\\/#\\\/schema\\\/person\\\/e3ecff50262948e365b92682cdc2a9d1\"},\"headline\":\"20 frases boniques i originals per a felicitar Sant Jordi 2026\",\"datePublished\":\"2026-03-19T10:54:50+00:00\",\"dateModified\":\"2026-04-03T13:48:01+00:00\",\"mainEntityOfPage\":{\"@id\":\"https:\\\/\\\/www.interflora.es\\\/blog\\\/dedicatories-de-sant-jordi-originals\\\/\"},\"wordCount\":1243,\"commentCount\":0,\"publisher\":{\"@id\":\"https:\\\/\\\/www.interflora.es\\\/blog\\\/#organization\"},\"image\":{\"@id\":\"https:\\\/\\\/www.interflora.es\\\/blog\\\/dedicatories-de-sant-jordi-originals\\\/#primaryimage\"},\"thumbnailUrl\":\"https:\\\/\\\/www.interflora.es\\\/blog\\\/wp-content\\\/uploads\\\/2026\\\/03\\\/sant-jordi-25.jpg\",\"keywords\":[\"CATALAN\",\"Sant Jordi\"],\"articleSection\":[\"Ocasiones especiales\",\"Sant Jordi\"],\"inLanguage\":\"es\",\"potentialAction\":[{\"@type\":\"CommentAction\",\"name\":\"Comment\",\"target\":[\"https:\\\/\\\/www.interflora.es\\\/blog\\\/dedicatories-de-sant-jordi-originals\\\/#respond\"]}]},{\"@type\":\"WebPage\",\"@id\":\"https:\\\/\\\/www.interflora.es\\\/blog\\\/dedicatories-de-sant-jordi-originals\\\/\",\"url\":\"https:\\\/\\\/www.interflora.es\\\/blog\\\/dedicatories-de-sant-jordi-originals\\\/\",\"name\":\"20 frases boniques i originals per a felicitar Sant Jordi | Interflora\",\"isPartOf\":{\"@id\":\"https:\\\/\\\/www.interflora.es\\\/blog\\\/#website\"},\"primaryImageOfPage\":{\"@id\":\"https:\\\/\\\/www.interflora.es\\\/blog\\\/dedicatories-de-sant-jordi-originals\\\/#primaryimage\"},\"image\":{\"@id\":\"https:\\\/\\\/www.interflora.es\\\/blog\\\/dedicatories-de-sant-jordi-originals\\\/#primaryimage\"},\"thumbnailUrl\":\"https:\\\/\\\/www.interflora.es\\\/blog\\\/wp-content\\\/uploads\\\/2026\\\/03\\\/sant-jordi-25.jpg\",\"datePublished\":\"2026-03-19T10:54:50+00:00\",\"dateModified\":\"2026-04-03T13:48:01+00:00\",\"description\":\"Frases de Sant Jordi originals per acompanyar el teu llibre o la teva rosa.\",\"breadcrumb\":{\"@id\":\"https:\\\/\\\/www.interflora.es\\\/blog\\\/dedicatories-de-sant-jordi-originals\\\/#breadcrumb\"},\"inLanguage\":\"es\",\"potentialAction\":[{\"@type\":\"ReadAction\",\"target\":[\"https:\\\/\\\/www.interflora.es\\\/blog\\\/dedicatories-de-sant-jordi-originals\\\/\"]}]},{\"@type\":\"ImageObject\",\"inLanguage\":\"es\",\"@id\":\"https:\\\/\\\/www.interflora.es\\\/blog\\\/dedicatories-de-sant-jordi-originals\\\/#primaryimage\",\"url\":\"https:\\\/\\\/www.interflora.es\\\/blog\\\/wp-content\\\/uploads\\\/2026\\\/03\\\/sant-jordi-25.jpg\",\"contentUrl\":\"https:\\\/\\\/www.interflora.es\\\/blog\\\/wp-content\\\/uploads\\\/2026\\\/03\\\/sant-jordi-25.jpg\",\"width\":1000,\"height\":563},{\"@type\":\"BreadcrumbList\",\"@id\":\"https:\\\/\\\/www.interflora.es\\\/blog\\\/dedicatories-de-sant-jordi-originals\\\/#breadcrumb\",\"itemListElement\":[{\"@type\":\"ListItem\",\"position\":1,\"name\":\"Home\",\"item\":\"https:\\\/\\\/www.interflora.es\\\/blog\\\/\"},{\"@type\":\"ListItem\",\"position\":2,\"name\":\"20 frases boniques i originals per a felicitar Sant Jordi 2026\"}]},{\"@type\":\"WebSite\",\"@id\":\"https:\\\/\\\/www.interflora.es\\\/blog\\\/#website\",\"url\":\"https:\\\/\\\/www.interflora.es\\\/blog\\\/\",\"name\":\"El blog de Interflora : consejos, ideas e inspiraci\u00f3n para disfrutar de las flores y las plantas\",\"description\":\"\",\"publisher\":{\"@id\":\"https:\\\/\\\/www.interflora.es\\\/blog\\\/#organization\"},\"potentialAction\":[{\"@type\":\"SearchAction\",\"target\":{\"@type\":\"EntryPoint\",\"urlTemplate\":\"https:\\\/\\\/www.interflora.es\\\/blog\\\/?s={search_term_string}\"},\"query-input\":{\"@type\":\"PropertyValueSpecification\",\"valueRequired\":true,\"valueName\":\"search_term_string\"}}],\"inLanguage\":\"es\"},{\"@type\":\"Organization\",\"@id\":\"https:\\\/\\\/www.interflora.es\\\/blog\\\/#organization\",\"name\":\"El blog de Interflora : consejos, ideas e inspiraci\u00f3n para disfrutar de las flores y las plantas\",\"url\":\"https:\\\/\\\/www.interflora.es\\\/blog\\\/\",\"logo\":{\"@type\":\"ImageObject\",\"inLanguage\":\"es\",\"@id\":\"https:\\\/\\\/www.interflora.es\\\/blog\\\/#\\\/schema\\\/logo\\\/image\\\/\",\"url\":\"https:\\\/\\\/www.interflora.es\\\/blog\\\/wp-content\\\/uploads\\\/2025\\\/10\\\/cropped-220422_INTERFLORA_Logo_rgb_Half_Top_Circle_Main_Color.png\",\"contentUrl\":\"https:\\\/\\\/www.interflora.es\\\/blog\\\/wp-content\\\/uploads\\\/2025\\\/10\\\/cropped-220422_INTERFLORA_Logo_rgb_Half_Top_Circle_Main_Color.png\",\"width\":1418,\"height\":659,\"caption\":\"El blog de Interflora : consejos, ideas e inspiraci\u00f3n para disfrutar de las flores y las plantas\"},\"image\":{\"@id\":\"https:\\\/\\\/www.interflora.es\\\/blog\\\/#\\\/schema\\\/logo\\\/image\\\/\"}},{\"@type\":\"Person\",\"@id\":\"https:\\\/\\\/www.interflora.es\\\/blog\\\/#\\\/schema\\\/person\\\/e3ecff50262948e365b92682cdc2a9d1\",\"name\":\"Interflora\",\"image\":{\"@type\":\"ImageObject\",\"inLanguage\":\"es\",\"@id\":\"https:\\\/\\\/www.interflora.es\\\/blog\\\/wp-content\\\/litespeed\\\/avatar\\\/ef0a9e22ccabc545011ca74a630eaf3e.jpg?ver=1776950439\",\"url\":\"https:\\\/\\\/www.interflora.es\\\/blog\\\/wp-content\\\/litespeed\\\/avatar\\\/ef0a9e22ccabc545011ca74a630eaf3e.jpg?ver=1776950439\",\"contentUrl\":\"https:\\\/\\\/www.interflora.es\\\/blog\\\/wp-content\\\/litespeed\\\/avatar\\\/ef0a9e22ccabc545011ca74a630eaf3e.jpg?ver=1776950439\",\"caption\":\"Interflora\"}}]}<\/script>\n<!-- \/ Yoast SEO plugin. -->","yoast_head_json":{"title":"20 frases boniques i originals per a felicitar Sant Jordi | Interflora","description":"Frases de Sant Jordi originals per acompanyar el teu llibre o la teva rosa.","robots":{"index":"index","follow":"follow","max-snippet":"max-snippet:-1","max-image-preview":"max-image-preview:large","max-video-preview":"max-video-preview:-1"},"canonical":"https:\/\/www.interflora.es\/blog\/dedicatories-de-sant-jordi-originals\/","schema":{"@context":"https:\/\/schema.org","@graph":[{"@type":"Article","@id":"https:\/\/www.interflora.es\/blog\/dedicatories-de-sant-jordi-originals\/#article","isPartOf":{"@id":"https:\/\/www.interflora.es\/blog\/dedicatories-de-sant-jordi-originals\/"},"author":{"name":"Interflora","@id":"https:\/\/www.interflora.es\/blog\/#\/schema\/person\/e3ecff50262948e365b92682cdc2a9d1"},"headline":"20 frases boniques i originals per a felicitar Sant Jordi 2026","datePublished":"2026-03-19T10:54:50+00:00","dateModified":"2026-04-03T13:48:01+00:00","mainEntityOfPage":{"@id":"https:\/\/www.interflora.es\/blog\/dedicatories-de-sant-jordi-originals\/"},"wordCount":1243,"commentCount":0,"publisher":{"@id":"https:\/\/www.interflora.es\/blog\/#organization"},"image":{"@id":"https:\/\/www.interflora.es\/blog\/dedicatories-de-sant-jordi-originals\/#primaryimage"},"thumbnailUrl":"https:\/\/www.interflora.es\/blog\/wp-content\/uploads\/2026\/03\/sant-jordi-25.jpg","keywords":["CATALAN","Sant Jordi"],"articleSection":["Ocasiones especiales","Sant Jordi"],"inLanguage":"es","potentialAction":[{"@type":"CommentAction","name":"Comment","target":["https:\/\/www.interflora.es\/blog\/dedicatories-de-sant-jordi-originals\/#respond"]}]},{"@type":"WebPage","@id":"https:\/\/www.interflora.es\/blog\/dedicatories-de-sant-jordi-originals\/","url":"https:\/\/www.interflora.es\/blog\/dedicatories-de-sant-jordi-originals\/","name":"20 frases boniques i originals per a felicitar Sant Jordi | Interflora","isPartOf":{"@id":"https:\/\/www.interflora.es\/blog\/#website"},"primaryImageOfPage":{"@id":"https:\/\/www.interflora.es\/blog\/dedicatories-de-sant-jordi-originals\/#primaryimage"},"image":{"@id":"https:\/\/www.interflora.es\/blog\/dedicatories-de-sant-jordi-originals\/#primaryimage"},"thumbnailUrl":"https:\/\/www.interflora.es\/blog\/wp-content\/uploads\/2026\/03\/sant-jordi-25.jpg","datePublished":"2026-03-19T10:54:50+00:00","dateModified":"2026-04-03T13:48:01+00:00","description":"Frases de Sant Jordi originals per acompanyar el teu llibre o la teva rosa.","breadcrumb":{"@id":"https:\/\/www.interflora.es\/blog\/dedicatories-de-sant-jordi-originals\/#breadcrumb"},"inLanguage":"es","potentialAction":[{"@type":"ReadAction","target":["https:\/\/www.interflora.es\/blog\/dedicatories-de-sant-jordi-originals\/"]}]},{"@type":"ImageObject","inLanguage":"es","@id":"https:\/\/www.interflora.es\/blog\/dedicatories-de-sant-jordi-originals\/#primaryimage","url":"https:\/\/www.interflora.es\/blog\/wp-content\/uploads\/2026\/03\/sant-jordi-25.jpg","contentUrl":"https:\/\/www.interflora.es\/blog\/wp-content\/uploads\/2026\/03\/sant-jordi-25.jpg","width":1000,"height":563},{"@type":"BreadcrumbList","@id":"https:\/\/www.interflora.es\/blog\/dedicatories-de-sant-jordi-originals\/#breadcrumb","itemListElement":[{"@type":"ListItem","position":1,"name":"Home","item":"https:\/\/www.interflora.es\/blog\/"},{"@type":"ListItem","position":2,"name":"20 frases boniques i originals per a felicitar Sant Jordi 2026"}]},{"@type":"WebSite","@id":"https:\/\/www.interflora.es\/blog\/#website","url":"https:\/\/www.interflora.es\/blog\/","name":"El blog de Interflora : consejos, ideas e inspiraci\u00f3n para disfrutar de las flores y las plantas","description":"","publisher":{"@id":"https:\/\/www.interflora.es\/blog\/#organization"},"potentialAction":[{"@type":"SearchAction","target":{"@type":"EntryPoint","urlTemplate":"https:\/\/www.interflora.es\/blog\/?s={search_term_string}"},"query-input":{"@type":"PropertyValueSpecification","valueRequired":true,"valueName":"search_term_string"}}],"inLanguage":"es"},{"@type":"Organization","@id":"https:\/\/www.interflora.es\/blog\/#organization","name":"El blog de Interflora : consejos, ideas e inspiraci\u00f3n para disfrutar de las flores y las plantas","url":"https:\/\/www.interflora.es\/blog\/","logo":{"@type":"ImageObject","inLanguage":"es","@id":"https:\/\/www.interflora.es\/blog\/#\/schema\/logo\/image\/","url":"https:\/\/www.interflora.es\/blog\/wp-content\/uploads\/2025\/10\/cropped-220422_INTERFLORA_Logo_rgb_Half_Top_Circle_Main_Color.png","contentUrl":"https:\/\/www.interflora.es\/blog\/wp-content\/uploads\/2025\/10\/cropped-220422_INTERFLORA_Logo_rgb_Half_Top_Circle_Main_Color.png","width":1418,"height":659,"caption":"El blog de Interflora : consejos, ideas e inspiraci\u00f3n para disfrutar de las flores y las plantas"},"image":{"@id":"https:\/\/www.interflora.es\/blog\/#\/schema\/logo\/image\/"}},{"@type":"Person","@id":"https:\/\/www.interflora.es\/blog\/#\/schema\/person\/e3ecff50262948e365b92682cdc2a9d1","name":"Interflora","image":{"@type":"ImageObject","inLanguage":"es","@id":"https:\/\/www.interflora.es\/blog\/wp-content\/litespeed\/avatar\/ef0a9e22ccabc545011ca74a630eaf3e.jpg?ver=1776950439","url":"https:\/\/www.interflora.es\/blog\/wp-content\/litespeed\/avatar\/ef0a9e22ccabc545011ca74a630eaf3e.jpg?ver=1776950439","contentUrl":"https:\/\/www.interflora.es\/blog\/wp-content\/litespeed\/avatar\/ef0a9e22ccabc545011ca74a630eaf3e.jpg?ver=1776950439","caption":"Interflora"}}]}},"uagb_featured_image_src":{"full":["https:\/\/www.interflora.es\/blog\/wp-content\/uploads\/2026\/03\/sant-jordi-25.jpg",1000,563,false],"thumbnail":["https:\/\/www.interflora.es\/blog\/wp-content\/uploads\/2026\/03\/sant-jordi-25-150x150.jpg",150,150,true],"medium":["https:\/\/www.interflora.es\/blog\/wp-content\/uploads\/2026\/03\/sant-jordi-25-300x169.jpg",300,169,true],"medium_large":["https:\/\/www.interflora.es\/blog\/wp-content\/uploads\/2026\/03\/sant-jordi-25-768x432.jpg",768,432,true],"large":["https:\/\/www.interflora.es\/blog\/wp-content\/uploads\/2026\/03\/sant-jordi-25.jpg",1000,563,false],"1536x1536":["https:\/\/www.interflora.es\/blog\/wp-content\/uploads\/2026\/03\/sant-jordi-25.jpg",1000,563,false],"2048x2048":["https:\/\/www.interflora.es\/blog\/wp-content\/uploads\/2026\/03\/sant-jordi-25.jpg",1000,563,false]},"uagb_author_info":{"display_name":"Interflora","author_link":"https:\/\/www.interflora.es\/blog\/author\/interflora\/"},"uagb_comment_info":0,"uagb_excerpt":"El Dia de Sant Jordi s&#8217;acosta i des d&#8217;Interflora ens sumem a la tradici\u00f3 de regalar llibres i roses per [&hellip;]","_links":{"self":[{"href":"https:\/\/www.interflora.es\/blog\/wp-json\/wp\/v2\/posts\/27675","targetHints":{"allow":["GET"]}}],"collection":[{"href":"https:\/\/www.interflora.es\/blog\/wp-json\/wp\/v2\/posts"}],"about":[{"href":"https:\/\/www.interflora.es\/blog\/wp-json\/wp\/v2\/types\/post"}],"author":[{"embeddable":true,"href":"https:\/\/www.interflora.es\/blog\/wp-json\/wp\/v2\/users\/13"}],"replies":[{"embeddable":true,"href":"https:\/\/www.interflora.es\/blog\/wp-json\/wp\/v2\/comments?post=27675"}],"version-history":[{"count":3,"href":"https:\/\/www.interflora.es\/blog\/wp-json\/wp\/v2\/posts\/27675\/revisions"}],"predecessor-version":[{"id":35495,"href":"https:\/\/www.interflora.es\/blog\/wp-json\/wp\/v2\/posts\/27675\/revisions\/35495"}],"wp:featuredmedia":[{"embeddable":true,"href":"https:\/\/www.interflora.es\/blog\/wp-json\/wp\/v2\/media\/34913"}],"wp:attachment":[{"href":"https:\/\/www.interflora.es\/blog\/wp-json\/wp\/v2\/media?parent=27675"}],"wp:term":[{"taxonomy":"category","embeddable":true,"href":"https:\/\/www.interflora.es\/blog\/wp-json\/wp\/v2\/categories?post=27675"},{"taxonomy":"post_tag","embeddable":true,"href":"https:\/\/www.interflora.es\/blog\/wp-json\/wp\/v2\/tags?post=27675"}],"curies":[{"name":"wp","href":"https:\/\/api.w.org\/{rel}","templated":true}]}}