{"id":26212,"date":"2026-03-18T11:55:08","date_gmt":"2026-03-18T10:55:08","guid":{"rendered":"https:\/\/www.interflora.es\/blog\/?p=26212"},"modified":"2026-03-18T11:55:09","modified_gmt":"2026-03-18T10:55:09","slug":"flor-jacinto-significado-y-cuidados","status":"publish","type":"post","link":"https:\/\/www.interflora.es\/blog\/flor-jacinto-significado-y-cuidados\/","title":{"rendered":"Significado y cuidados del jacinto, una flor primaveral que puede florecer en invierno"},"content":{"rendered":"\n<p>El jacinto es una preciosa planta bulbosa que anuncia la llegada de la primavera con una flor original y muy perfumada. Esta planta no es muy exigente en lo que a cuidados se refiere, lo que la hace muy popular y apreciada. Pero si esta planta florece de manera natural con los primeros rayos c\u00e1lidos de sol, el jacinto puede florecer tambi\u00e9n en invierno si est\u00e1 en interior, siendo protagonista tanto de los ramos primaverales como de los que decoran nuestros hogares en Navidad. Interflora te ayuda a descubrir el significado de la flor del jacinto, su historia y c\u00f3mo cuidar a esta planta para disfrutar de su belleza durante todo el a\u00f1o.<\/p>\n\n\n\n<div class=\"wp-block-columns alignwide is-layout-flex wp-container-core-columns-is-layout-28f84493 wp-block-columns-is-layout-flex\">\n<div class=\"wp-block-column is-layout-flow wp-block-column-is-layout-flow\">\n<h2 class=\"wp-block-heading alignwide\">Las caracter\u00edsticas del jacinto<\/h2>\n\n\n\n<p>Aunque el jacinto estaba incluido en la gran familia de las lili\u00e1ceas hace unos a\u00f1os, estas plantas bulbosas pertenecen actualmente al g\u00e9nero <em>hyacinthus<\/em> y a la familia de las hiacint\u00e1ceas. La planta del jacinto es originaria de las regiones mediterr\u00e1neas, sobre todo de Turqu\u00eda y Oriente Medio, as\u00ed como de Asia Central.&nbsp;<\/p>\n\n\n\n<p>Sus flores en forma de estrella, unidas en racimos densos y perfumados, hacen del jacinto una de las protagonistas indiscutibles de nuestros jardines, \u00a1ya que son capaces de a\u00f1adir unas notas de color muy alegres y elegantes! El jacinto no solo existe en azul, hoy en d\u00eda podemos encontrarlo en tonos rosas, rojos, blancos, amarillos y naranjas de mayor o menor intensidad.&nbsp;<br>La especie m\u00e1s com\u00fan es el jacinto oriental o <em>hyacinthus orientalis<\/em>. De forma natural solo existe en azul, pero, gracias al trabajo meticuloso de los horticultores holandeses, hoy en d\u00eda esta variedad est\u00e1 disponible en muchos colores.<\/p>\n\n\n\n<p>Otras de las especies m\u00e1s comunes, aparte de los jacintos de Holanda o jacintos de jard\u00edn, son:<\/p>\n\n\n\n<ul class=\"wp-block-list\">\n<li>Los jacintos romanos (<em>H. albulus<\/em>), que tienen flores blancas.<\/li>\n\n\n\n<li>Los jacintos de Par\u00eds (<em>H. provincialis<\/em>), que tienen flores m\u00e1s dispersas.<\/li>\n<\/ul>\n<\/div>\n\n\n\n<div class=\"wp-block-column is-layout-flow wp-block-column-is-layout-flow\">\n<figure class=\"wp-block-image size-large\"><img loading=\"lazy\" decoding=\"async\" width=\"983\" height=\"1024\" src=\"https:\/\/www.interflora.es\/blog\/wp-content\/uploads\/Jacinto-cuidados-983x1024.jpg\" alt=\"Flor del jacinto: significado \" class=\"wp-image-26230\" srcset=\"https:\/\/www.interflora.es\/blog\/wp-content\/uploads\/Jacinto-cuidados-983x1024.jpg 983w, https:\/\/www.interflora.es\/blog\/wp-content\/uploads\/Jacinto-cuidados-288x300.jpg 288w, https:\/\/www.interflora.es\/blog\/wp-content\/uploads\/Jacinto-cuidados-768x800.jpg 768w, https:\/\/www.interflora.es\/blog\/wp-content\/uploads\/Jacinto-cuidados-1474x1536.jpg 1474w, https:\/\/www.interflora.es\/blog\/wp-content\/uploads\/Jacinto-cuidados.jpg 1800w\" sizes=\"auto, (max-width: 983px) 100vw, 983px\" \/><\/figure>\n<\/div>\n<\/div>\n\n\n\n<p style=\"margin-top:var(--wp--preset--spacing--20);margin-bottom:var(--wp--preset--spacing--20);padding-top:var(--wp--preset--spacing--30);padding-bottom:var(--wp--preset--spacing--30)\">Los jacintos son unas plantas vivaces y caducas que subliman los jardines ya sea en macizos, rocallas o jardineras. Sus flores tambi\u00e9n participan en la creaci\u00f3n de hermosos ramos para muchas ocasiones. No es por nada que, junto a los tulipanes y los narcisos, \u00a1los jacintos son los protagonistas de la primavera! No dudes en colocar un precioso ramo de estas flores en cualquier rinc\u00f3n de tu casa, \u00a1una nota alegre de color para cualquier rinc\u00f3n! Sin embargo, hay que tener cuidado con la flor del jacinto, ya que su intenso perfume puede llegar a marear, por lo que es mejor no colocarlos en un dormitorio.&nbsp;<\/p>\n\n\n\n<div class=\"wp-block-columns alignwide is-layout-flex wp-container-core-columns-is-layout-28f84493 wp-block-columns-is-layout-flex\">\n<div class=\"wp-block-column is-layout-flow wp-block-column-is-layout-flow\">\n<figure class=\"wp-block-image size-large\" style=\"margin-top:var(--wp--preset--spacing--30);margin-bottom:var(--wp--preset--spacing--30)\"><img loading=\"lazy\" decoding=\"async\" width=\"1024\" height=\"683\" src=\"https:\/\/www.interflora.es\/blog\/wp-content\/uploads\/Jacinto-colores-ramo-1024x683.jpg\" alt=\"Flor del jacinto: cuidados\" class=\"wp-image-26237\" srcset=\"https:\/\/www.interflora.es\/blog\/wp-content\/uploads\/Jacinto-colores-ramo-1024x683.jpg 1024w, https:\/\/www.interflora.es\/blog\/wp-content\/uploads\/Jacinto-colores-ramo-300x200.jpg 300w, https:\/\/www.interflora.es\/blog\/wp-content\/uploads\/Jacinto-colores-ramo-768x512.jpg 768w, https:\/\/www.interflora.es\/blog\/wp-content\/uploads\/Jacinto-colores-ramo-1536x1024.jpg 1536w, https:\/\/www.interflora.es\/blog\/wp-content\/uploads\/Jacinto-colores-ramo.jpg 1900w\" sizes=\"auto, (max-width: 1024px) 100vw, 1024px\" \/><\/figure>\n<\/div>\n\n\n\n<div class=\"wp-block-column is-layout-flow wp-block-column-is-layout-flow\">\n<h2 class=\"wp-block-heading\">Historia y significado del jacinto<\/h2>\n\n\n\n<p>El significado de la flor del jacinto est\u00e1 muy unido a la mitolog\u00eda griega, seg\u00fan la cual Apolo, dios del canto, de la m\u00fasica y de la poes\u00eda, y C\u00e9firo, dios del viento, estaban enamorados del joven Jacinto.&nbsp;Un d\u00eda, mientras Apolo jugaba al disco con C\u00e9firo, este \u00faltimo, consumido por los celos, desvi\u00f3 la trayectoria del proyectil, que golpe\u00f3 mortalmente a Jacinto en la sien. Apolo, profundamente afectado por su muerte, transform\u00f3 al joven en una magn\u00edfica flor: el jacinto.<br>Gracias a esta leyenda podemos saber que tanto los griegos como los romanos ya conoc\u00edan estas plantas, que tambi\u00e9n est\u00e1n representadas en miniaturas persas y turcas. <\/p>\n<\/div>\n<\/div>\n\n\n\n<p>Sin embargo, el jacinto no fue introducido en los Pa\u00edses Bajos hasta finales del siglo XVI, donde se comenzaron a crear numerosos cultivares, m\u00e1s densos y variados que el jacinto oriental. Estas nuevas variedades convirtieron al jacinto en una de las plantas ornamentales m\u00e1s populares. Durante los siglos XVII y XVIII, al igual que ocurri\u00f3 con el tulip\u00e1n, fue objeto de intensas especulaciones, y sus bulbos llegaron a venderse a precios exorbitantes.<\/p>\n\n\n\n<p>En el lenguaje de las flores, l<strong>a flor del jacinto tiene un significado muy positivo<\/strong>, relacionado a menudo con la alegr\u00eda de amar y la fidelidad, y se regala en cualquier ocasi\u00f3n, tanto en primavera como en invierno. De hecho, los jacintos tambi\u00e9n est\u00e1n disponibles en las florister\u00edas durante las fiestas de fin de a\u00f1o. Junto con la <a href=\"https:\/\/www.interflora.es\/c\/fiestas\/regalar-flores-de-pascua-en-navidad\">poinsettia<\/a>, el cactus de Navidad y el el\u00e9boro, el jacinto adorna los hogares desde el mes de diciembre, formando parte de los <a href=\"https:\/\/www.interflora.es\/c\/fiestas\/navidad\">ramos navide\u00f1os<\/a> m\u00e1s elegantes y alegres.<\/p>\n\n\n\n<div style=\"height:5px\" aria-hidden=\"true\" class=\"wp-block-spacer\"><\/div>\n\n\n<div class=\"lp-produits-grid\"><div class=\"lp-produit\"><div class=\"lp-thumbnail-wrapper\"><img loading=\"lazy\" decoding=\"async\" width=\"300\" height=\"300\" src=\"https:\/\/www.interflora.es\/blog\/wp-content\/uploads\/2025\/04\/1740060389-ff034-sp-2-300x300.jpg\" class=\"attachment-medium size-medium wp-post-image\" alt=\"\" srcset=\"https:\/\/www.interflora.es\/blog\/wp-content\/uploads\/2025\/04\/1740060389-ff034-sp-2-300x300.jpg 300w, https:\/\/www.interflora.es\/blog\/wp-content\/uploads\/2025\/04\/1740060389-ff034-sp-2-1024x1024.jpg 1024w, https:\/\/www.interflora.es\/blog\/wp-content\/uploads\/2025\/04\/1740060389-ff034-sp-2-150x150.jpg 150w, https:\/\/www.interflora.es\/blog\/wp-content\/uploads\/2025\/04\/1740060389-ff034-sp-2-768x768.jpg 768w, https:\/\/www.interflora.es\/blog\/wp-content\/uploads\/2025\/04\/1740060389-ff034-sp-2-1536x1536.jpg 1536w, https:\/\/www.interflora.es\/blog\/wp-content\/uploads\/2025\/04\/1740060389-ff034-sp-2-2048x2048.jpg 2048w\" sizes=\"auto, (max-width: 300px) 100vw, 300px\" \/><img decoding=\"async\" class=\"lp-badge\" src=\"https:\/\/prodblog.interflora.es\/blog\/wp-content\/uploads\/2025\/04\/220422_INTERFLORA_Main_Logo_rgb_Main_Color.png\" alt=\"Entrega r\u00e1pida\"><\/div><span>Sonrisa de Color<\/span><p>49.99 \u20ac<\/p><span class=\"obf-link lp-cta\" role=\"link\" tabindex=\"0\" data-b64=\"aHR0cHM6Ly93d3cuaW50ZXJmbG9yYS5lcy9wL3JhbW8tY3JlYXRpdm8tZGVsLWZsb3Jpc3RhLWNvbi10dWxpcGFuZXMtbXVsdGljb2xvci8xP3V0bV9tZWRpdW09b3JnYW5pYyZ1dG1fc291cmNlPWJsb2dfcHJvZHVjdHMmdXRtX2NhbXBhaWduPUYwMjYw\" data-target=\"_blank\"><svg xmlns=\"http:\/\/www.w3.org\/2000\/svg\" width=\"16\" height=\"16\" fill=\"currentColor\" class=\"bi bi-bag\" viewBox=\"0 0 16 16\"><path d=\"M8 1a2 2 0 0 1 2 2v1h2.5A1.5 1.5 0 0 1 14 5.5v8A1.5 1.5 0 0 1 12.5 15h-9A1.5 1.5 0 0 1 2 13.5v-8A1.5 1.5 0 0 1 3.5 3H6V2a2 2 0 0 1 2-1zm1 3V3a1 1 0 0 0-2 0v1h2z\"\/><\/svg>Comprar<\/span><p class=\"rapido\">Atenci\u00f3n al cliente siempre disponible<\/p><\/div><div class=\"lp-produit\"><div class=\"lp-thumbnail-wrapper\"><img loading=\"lazy\" decoding=\"async\" width=\"300\" height=\"300\" src=\"https:\/\/www.interflora.es\/blog\/wp-content\/uploads\/2025\/04\/1735225266-fwd001-key-2-300x300.jpg\" class=\"attachment-medium size-medium wp-post-image\" alt=\"\" srcset=\"https:\/\/www.interflora.es\/blog\/wp-content\/uploads\/2025\/04\/1735225266-fwd001-key-2-300x300.jpg 300w, https:\/\/www.interflora.es\/blog\/wp-content\/uploads\/2025\/04\/1735225266-fwd001-key-2-1024x1024.jpg 1024w, https:\/\/www.interflora.es\/blog\/wp-content\/uploads\/2025\/04\/1735225266-fwd001-key-2-150x150.jpg 150w, https:\/\/www.interflora.es\/blog\/wp-content\/uploads\/2025\/04\/1735225266-fwd001-key-2-768x768.jpg 768w, https:\/\/www.interflora.es\/blog\/wp-content\/uploads\/2025\/04\/1735225266-fwd001-key-2-1536x1536.jpg 1536w, https:\/\/www.interflora.es\/blog\/wp-content\/uploads\/2025\/04\/1735225266-fwd001-key-2.jpg 2007w\" sizes=\"auto, (max-width: 300px) 100vw, 300px\" \/><img decoding=\"async\" class=\"lp-badge\" src=\"https:\/\/prodblog.interflora.es\/blog\/wp-content\/uploads\/2025\/04\/220422_INTERFLORA_Main_Logo_rgb_Main_Color.png\" alt=\"Entrega r\u00e1pida\"><\/div><span>Ramo de Tulipanes Rosas<\/span><p>29.99 \u20ac<\/p><span class=\"obf-link lp-cta\" role=\"link\" tabindex=\"0\" data-b64=\"aHR0cHM6Ly93d3cuaW50ZXJmbG9yYS5lcy9wL3JhbW8tZGUtdHVsaXBhbmVzLXJvc2FzLzE\/dXRtX21lZGl1bT1vcmdhbmljJnV0bV9zb3VyY2U9YmxvZ19wcm9kdWN0cyZ1dG1fY2FtcGFpZ249RldEMDAx\" data-target=\"_blank\"><svg xmlns=\"http:\/\/www.w3.org\/2000\/svg\" width=\"16\" height=\"16\" fill=\"currentColor\" class=\"bi bi-bag\" viewBox=\"0 0 16 16\"><path d=\"M8 1a2 2 0 0 1 2 2v1h2.5A1.5 1.5 0 0 1 14 5.5v8A1.5 1.5 0 0 1 12.5 15h-9A1.5 1.5 0 0 1 2 13.5v-8A1.5 1.5 0 0 1 3.5 3H6V2a2 2 0 0 1 2-1zm1 3V3a1 1 0 0 0-2 0v1h2z\"\/><\/svg>Comprar<\/span><p class=\"rapido\">Env\u00edo r\u00e1pido<\/p><\/div><div class=\"lp-produit\"><div class=\"lp-thumbnail-wrapper\"><img loading=\"lazy\" decoding=\"async\" width=\"300\" height=\"300\" src=\"https:\/\/www.interflora.es\/blog\/wp-content\/uploads\/2025\/10\/1758548105-fwd039-ranunculos-y-anemonas-s-300x300.jpg\" class=\"attachment-medium size-medium wp-post-image\" alt=\"\" srcset=\"https:\/\/www.interflora.es\/blog\/wp-content\/uploads\/2025\/10\/1758548105-fwd039-ranunculos-y-anemonas-s-300x300.jpg 300w, https:\/\/www.interflora.es\/blog\/wp-content\/uploads\/2025\/10\/1758548105-fwd039-ranunculos-y-anemonas-s-1024x1024.jpg 1024w, https:\/\/www.interflora.es\/blog\/wp-content\/uploads\/2025\/10\/1758548105-fwd039-ranunculos-y-anemonas-s-150x150.jpg 150w, https:\/\/www.interflora.es\/blog\/wp-content\/uploads\/2025\/10\/1758548105-fwd039-ranunculos-y-anemonas-s-768x768.jpg 768w, https:\/\/www.interflora.es\/blog\/wp-content\/uploads\/2025\/10\/1758548105-fwd039-ranunculos-y-anemonas-s.jpg 1500w\" sizes=\"auto, (max-width: 300px) 100vw, 300px\" \/><img decoding=\"async\" class=\"lp-badge\" src=\"https:\/\/prodblog.interflora.es\/blog\/wp-content\/uploads\/2025\/04\/220422_INTERFLORA_Main_Logo_rgb_Main_Color.png\" alt=\"Entrega r\u00e1pida\"><\/div><span>Ranunculos y Anemonas Multicolor<\/span><p>34.99 \u20ac<\/p><span class=\"obf-link lp-cta\" role=\"link\" tabindex=\"0\" data-b64=\"aHR0cHM6Ly93d3cuaW50ZXJmbG9yYS5lcy9wL3JhbnVuY3Vsb3MteS1hbmVtb25hcy1tdWx0aWNvbG9yLzE\/dXRtX21lZGl1bT1vcmdhbmljJnV0bV9zb3VyY2U9YmxvZ19wcm9kdWN0cyZ1dG1fY2FtcGFpZ249RldEMDM5\" data-target=\"_blank\"><svg xmlns=\"http:\/\/www.w3.org\/2000\/svg\" width=\"16\" height=\"16\" fill=\"currentColor\" class=\"bi bi-bag\" viewBox=\"0 0 16 16\"><path d=\"M8 1a2 2 0 0 1 2 2v1h2.5A1.5 1.5 0 0 1 14 5.5v8A1.5 1.5 0 0 1 12.5 15h-9A1.5 1.5 0 0 1 2 13.5v-8A1.5 1.5 0 0 1 3.5 3H6V2a2 2 0 0 1 2-1zm1 3V3a1 1 0 0 0-2 0v1h2z\"\/><\/svg>Comprar<\/span><p class=\"rapido\">Entrega en el d\u00eda<\/p><\/div><div class=\"lp-produit\"><div class=\"lp-thumbnail-wrapper\"><img loading=\"lazy\" decoding=\"async\" width=\"300\" height=\"300\" src=\"https:\/\/www.interflora.es\/blog\/wp-content\/uploads\/2025\/04\/1734514274-pf002-orchidea-bianca-zoom-key-2-300x300.jpg\" class=\"attachment-medium size-medium wp-post-image\" alt=\"\" srcset=\"https:\/\/www.interflora.es\/blog\/wp-content\/uploads\/2025\/04\/1734514274-pf002-orchidea-bianca-zoom-key-2-300x300.jpg 300w, https:\/\/www.interflora.es\/blog\/wp-content\/uploads\/2025\/04\/1734514274-pf002-orchidea-bianca-zoom-key-2-1024x1024.jpg 1024w, https:\/\/www.interflora.es\/blog\/wp-content\/uploads\/2025\/04\/1734514274-pf002-orchidea-bianca-zoom-key-2-150x150.jpg 150w, https:\/\/www.interflora.es\/blog\/wp-content\/uploads\/2025\/04\/1734514274-pf002-orchidea-bianca-zoom-key-2-768x768.jpg 768w, https:\/\/www.interflora.es\/blog\/wp-content\/uploads\/2025\/04\/1734514274-pf002-orchidea-bianca-zoom-key-2-1536x1536.jpg 1536w, https:\/\/www.interflora.es\/blog\/wp-content\/uploads\/2025\/04\/1734514274-pf002-orchidea-bianca-zoom-key-2.jpg 1800w\" sizes=\"auto, (max-width: 300px) 100vw, 300px\" \/><img decoding=\"async\" class=\"lp-badge\" src=\"https:\/\/prodblog.interflora.es\/blog\/wp-content\/uploads\/2025\/04\/220422_INTERFLORA_Main_Logo_rgb_Main_Color.png\" alt=\"Entrega r\u00e1pida\"><\/div><span>Orqu\u00eddea Blanca<\/span><p>49.99 \u20ac<\/p><span class=\"obf-link lp-cta\" role=\"link\" tabindex=\"0\" data-b64=\"aHR0cHM6Ly93d3cuaW50ZXJmbG9yYS5lcy9wL3BsYW50YS1kZS1waGFsYWVub3BzaXMtcHJlbWl1bS8xP3V0bV9tZWRpdW09b3JnYW5pYyZ1dG1fc291cmNlPWJsb2dfcHJvZHVjdHMmdXRtX2NhbXBhaWduPVAwMTAx\" data-target=\"_blank\"><svg xmlns=\"http:\/\/www.w3.org\/2000\/svg\" width=\"16\" height=\"16\" fill=\"currentColor\" class=\"bi bi-bag\" viewBox=\"0 0 16 16\"><path d=\"M8 1a2 2 0 0 1 2 2v1h2.5A1.5 1.5 0 0 1 14 5.5v8A1.5 1.5 0 0 1 12.5 15h-9A1.5 1.5 0 0 1 2 13.5v-8A1.5 1.5 0 0 1 3.5 3H6V2a2 2 0 0 1 2-1zm1 3V3a1 1 0 0 0-2 0v1h2z\"\/><\/svg>Comprar<\/span><p class=\"rapido\">Entrega urgente<\/p><\/div><\/div>\n\n\n\n<div style=\"height:5px\" aria-hidden=\"true\" class=\"wp-block-spacer\"><\/div>\n\n\n\n<h2 class=\"wp-block-heading alignwide\">El cuidado de la flor del jacinto<\/h2>\n\n\n\n<p>El cuidado del jacinto es muy sencillo y, ya sea en parterres, borduras, rocallas o jardineras, esta flor perfumar\u00e1 y alegrar\u00e1 tus jardines y balcones durante toda su temporada de floraci\u00f3n.&nbsp;<\/p>\n\n\n\n<h3 class=\"wp-block-heading alignwide\">\u00bfC\u00f3mo plantar los jacintos?<\/h3>\n\n\n\n<p>La plantaci\u00f3n de los bulbos de jacinto se realiza en oto\u00f1o, en semisombra, en un suelo bien drenado y rico en humus.<\/p>\n\n\n\n<div class=\"wp-block-columns alignwide is-layout-flex wp-container-core-columns-is-layout-28f84493 wp-block-columns-is-layout-flex\">\n<div class=\"wp-block-column is-layout-flow wp-block-column-is-layout-flow\">\n<ul class=\"wp-block-list\">\n<li style=\"margin-top:var(--wp--preset--spacing--30);margin-bottom:var(--wp--preset--spacing--30)\"><strong>Antes de plantarlos:<\/strong> ponte unos guantes de jardiner\u00eda, ya que el bulbo del jacinto es t\u00f3xico y puede causar irritaciones urticantes en la piel o incluso problemas gastrointestinales en los humanos.<\/li>\n\n\n\n<li style=\"margin-top:var(--wp--preset--spacing--30);margin-bottom:var(--wp--preset--spacing--30);padding-top:var(--wp--preset--spacing--30);padding-bottom:var(--wp--preset--spacing--30)\"><strong>Para plantarlos:<\/strong> entierra los bulbos a unos 10 cm de profundidad, dejando entre ellos una separaci\u00f3n de aproximadamente 15 cm. Los agujeros de plantaci\u00f3n deben tener un fondo de m\u00e1s o menos tres veces la altura del bulbo. Por lo tanto, cuanto m\u00e1s grande sea el bulbo, m\u00e1s profundo deber\u00e1s colocarlo en la tierra. Tambi\u00e9n puedes cultivar los bulbos en una maceta grande o en una jardinera, coloc\u00e1ndolos juntos, \u00a1as\u00ed podr\u00e1s disfrutar de las flores del jacinto en tu balc\u00f3n o terraza durante toda la temporada! Adem\u00e1s, en el fondo de cada agujero de cultivo, coloca una capa de arena o grava para mejorar el drenaje. Despu\u00e9s, pon los bulbos y c\u00fabrelos con tierra. Puedes usar una mezcla de tierra de jard\u00edn y sustrato.<\/li>\n\n\n\n<li style=\"margin-top:var(--wp--preset--spacing--30);margin-bottom:var(--wp--preset--spacing--30);padding-top:var(--wp--preset--spacing--30);padding-bottom:var(--wp--preset--spacing--30)\"><strong>Despu\u00e9s de plantarlos:<\/strong> procura no prensar demasiado la tierra. Para ello, es mejor utilizar las manos que los pies. Una vez hecho esto, riega los bulbos de manera abundante, pero evitando encharcar el suelo.<br>Lo ideal es que, al final del invierno, a\u00f1adas a tus plantas un fertilizante especial para plantas con flores o esti\u00e9rcol bien descompuesto.<\/li>\n\n\n\n<li style=\"margin-top:var(--wp--preset--spacing--30);margin-bottom:var(--wp--preset--spacing--30)\"><strong>Durante la floraci\u00f3n:<\/strong> aseg\u00farate de mantener el sustrato h\u00famedo. Una vez que las flores se marchiten, corta las hojas \u00fanicamente cuando est\u00e9n completamente amarillas, para permitir que el bulbo recupere sus reservas de energ\u00eda y pueda florecer de nuevo.&nbsp;<\/li>\n<\/ul>\n<\/div>\n\n\n\n<div class=\"wp-block-column is-layout-flow wp-block-column-is-layout-flow\">\n<figure class=\"wp-block-image size-large\"><img loading=\"lazy\" decoding=\"async\" width=\"1024\" height=\"683\" src=\"https:\/\/www.interflora.es\/blog\/wp-content\/uploads\/Plantar-jacintos-1-1024x683.jpg\" alt=\"Plantar flor del jacinto\" class=\"wp-image-26246\" srcset=\"https:\/\/www.interflora.es\/blog\/wp-content\/uploads\/Plantar-jacintos-1-1024x683.jpg 1024w, https:\/\/www.interflora.es\/blog\/wp-content\/uploads\/Plantar-jacintos-1-300x200.jpg 300w, https:\/\/www.interflora.es\/blog\/wp-content\/uploads\/Plantar-jacintos-1-768x512.jpg 768w, https:\/\/www.interflora.es\/blog\/wp-content\/uploads\/Plantar-jacintos-1-1536x1024.jpg 1536w, https:\/\/www.interflora.es\/blog\/wp-content\/uploads\/Plantar-jacintos-1.jpg 1900w\" sizes=\"auto, (max-width: 1024px) 100vw, 1024px\" \/><\/figure>\n\n\n\n<figure class=\"wp-block-image size-large\"><img loading=\"lazy\" decoding=\"async\" width=\"1024\" height=\"683\" src=\"https:\/\/www.interflora.es\/blog\/wp-content\/uploads\/trasplantar-jacintos-1024x683.jpg\" alt=\"Cultivar flor del jacinto\" class=\"wp-image-26274\" srcset=\"https:\/\/www.interflora.es\/blog\/wp-content\/uploads\/trasplantar-jacintos-1024x683.jpg 1024w, https:\/\/www.interflora.es\/blog\/wp-content\/uploads\/trasplantar-jacintos-300x200.jpg 300w, https:\/\/www.interflora.es\/blog\/wp-content\/uploads\/trasplantar-jacintos-768x512.jpg 768w, https:\/\/www.interflora.es\/blog\/wp-content\/uploads\/trasplantar-jacintos-1536x1024.jpg 1536w, https:\/\/www.interflora.es\/blog\/wp-content\/uploads\/trasplantar-jacintos.jpg 1900w\" sizes=\"auto, (max-width: 1024px) 100vw, 1024px\" \/><\/figure>\n<\/div>\n<\/div>\n\n\n\n<div class=\"wp-block-columns alignwide is-layout-flex wp-container-core-columns-is-layout-28f84493 wp-block-columns-is-layout-flex\">\n<div class=\"wp-block-column is-layout-flow wp-block-column-is-layout-flow\">\n<figure class=\"wp-block-image size-large\"><img loading=\"lazy\" decoding=\"async\" width=\"1024\" height=\"682\" src=\"https:\/\/www.interflora.es\/blog\/wp-content\/uploads\/regar-jacintos-2-1024x682.jpg\" alt=\"Regar jacinto\" class=\"wp-image-26267\" srcset=\"https:\/\/www.interflora.es\/blog\/wp-content\/uploads\/regar-jacintos-2-1024x682.jpg 1024w, https:\/\/www.interflora.es\/blog\/wp-content\/uploads\/regar-jacintos-2-300x200.jpg 300w, https:\/\/www.interflora.es\/blog\/wp-content\/uploads\/regar-jacintos-2-768x512.jpg 768w, https:\/\/www.interflora.es\/blog\/wp-content\/uploads\/regar-jacintos-2-1536x1023.jpg 1536w, https:\/\/www.interflora.es\/blog\/wp-content\/uploads\/regar-jacintos-2.jpg 1900w\" sizes=\"auto, (max-width: 1024px) 100vw, 1024px\" \/><\/figure>\n<\/div>\n\n\n\n<div class=\"wp-block-column is-layout-flow wp-block-column-is-layout-flow\">\n<h3 class=\"wp-block-heading alignwide\" style=\"padding-top:var(--wp--preset--spacing--60);padding-bottom:var(--wp--preset--spacing--60)\">\u00bfC\u00f3mo regar los jacintos?<\/h3>\n\n\n\n<p>Para garantizar que tu jacinto te regale una bella flor, cuidado con el riego.<br><strong>Si tienes tu planta de jacinto en una maceta<\/strong> durante su per\u00edodo de floraci\u00f3n, mant\u00e9n el sustrato h\u00famedo desde el momento en que el primer brote emerja de la tierra y mientras la planta tenga hojas.&nbsp;<br><strong>Para los jacintos plantados en el suelo<\/strong>, riega solo cuando sea necesario, verificando de vez en cuando la humedad del terreno.<br><strong>Durante todo el per\u00edodo de floraci\u00f3n<\/strong>, a\u00f1ade un fertilizante l\u00edquido para plantas con flores al agua de riego.<\/p>\n<\/div>\n<\/div>\n\n\n\n<div class=\"wp-block-columns alignwide is-layout-flex wp-container-core-columns-is-layout-28f84493 wp-block-columns-is-layout-flex\">\n<div class=\"wp-block-column is-layout-flow wp-block-column-is-layout-flow\">\n<figure class=\"wp-block-image size-large\" style=\"margin-top:var(--wp--preset--spacing--40);margin-bottom:var(--wp--preset--spacing--40)\"><img loading=\"lazy\" decoding=\"async\" width=\"1024\" height=\"683\" src=\"https:\/\/www.interflora.es\/blog\/wp-content\/uploads\/jacinto-maceta-plantar-2-1024x683.jpg\" alt=\"\" class=\"wp-image-26281\" srcset=\"https:\/\/www.interflora.es\/blog\/wp-content\/uploads\/jacinto-maceta-plantar-2-1024x683.jpg 1024w, https:\/\/www.interflora.es\/blog\/wp-content\/uploads\/jacinto-maceta-plantar-2-300x200.jpg 300w, https:\/\/www.interflora.es\/blog\/wp-content\/uploads\/jacinto-maceta-plantar-2-768x512.jpg 768w, https:\/\/www.interflora.es\/blog\/wp-content\/uploads\/jacinto-maceta-plantar-2-1536x1024.jpg 1536w, https:\/\/www.interflora.es\/blog\/wp-content\/uploads\/jacinto-maceta-plantar-2.jpg 1900w\" sizes=\"auto, (max-width: 1024px) 100vw, 1024px\" \/><\/figure>\n<\/div>\n\n\n\n<div class=\"wp-block-column is-layout-flow wp-block-column-is-layout-flow\">\n<h3 class=\"wp-block-heading\" style=\"margin-top:var(--wp--preset--spacing--40);margin-bottom:var(--wp--preset--spacing--40);padding-top:var(--wp--preset--spacing--40);padding-bottom:var(--wp--preset--spacing--40)\">\u00bfSe pueden dejar los bulbos del jacinto en la tierra tras su floraci\u00f3n?<\/h3>\n\n\n\n<p>Muy a menudo, aquellos\/as que plantan jacintos por primera vez se hacen esta pregunta: \u00bfqu\u00e9 hacer con los bulbos del jacinto despu\u00e9s de su floraci\u00f3n? La respuesta es muy simple: d\u00e9jalos donde est\u00e1n.&nbsp;<\/p>\n\n\n\n<p>Las plantas bulbosas tienen la capacidad de multiplicarse por s\u00ed solas durante varios a\u00f1os, fabricando simplemente nuevos bulbos. Cada bulbo dar\u00e1 vida a una sola flor, aunque existen plantas con tallos florales ramificados que pueden dar lugar a varias flores. Este es el caso de algunas variedades de tulipanes.<\/p>\n<\/div>\n<\/div>\n\n\n\n<div class=\"wp-block-columns alignwide is-layout-flex wp-container-core-columns-is-layout-28f84493 wp-block-columns-is-layout-flex\">\n<div class=\"wp-block-column is-layout-flow wp-block-column-is-layout-flow\">\n<h3 class=\"wp-block-heading alignwide\" style=\"margin-top:var(--wp--preset--spacing--20);margin-bottom:var(--wp--preset--spacing--20);padding-top:0;padding-bottom:0\">Flor de jacinto: cuidados para que tu planta vuelva a florecer<\/h3>\n\n\n\n<p>Si tus bulbos de jacinto est\u00e1n bajo tierra y protegidos del agua estancada, tus plantas florecer\u00e1n nuevamente cada temporada. Para que esto ocurra, es fundamental que no quites las hojas hasta que est\u00e9n completamente amarillas. \u00bfPor qu\u00e9? Pues porque mientras que su follaje est\u00e9 verde, el bulbo absorbe los nutrientes que le proporciona para crear sus propias reservas de energ\u00eda. Esto significa que es importante no cortarlo demasiado pronto, aunque un follaje amarillo pueda resultar menos atractivo.<\/p>\n\n\n\n<h3 class=\"wp-block-heading alignwide\">C\u00f3mo cortar los jacintos<\/h3>\n\n\n\n<p>Como hemos dicho antes, puedes cortar la flor del jacinto una vez que se marchita, pero debes conservar su follaje hasta que est\u00e9 completamente seco. Cuando esto ocurra, corta el tallo a 1 cm de la base.<\/p>\n<\/div>\n\n\n\n<div class=\"wp-block-column is-layout-flow wp-block-column-is-layout-flow\">\n<figure class=\"wp-block-image size-large\" style=\"margin-top:var(--wp--preset--spacing--60);margin-bottom:var(--wp--preset--spacing--60)\"><img loading=\"lazy\" decoding=\"async\" width=\"1024\" height=\"683\" src=\"https:\/\/www.interflora.es\/blog\/wp-content\/uploads\/jacinto-florido-1024x683.jpg\" alt=\"\" class=\"wp-image-26293\" srcset=\"https:\/\/www.interflora.es\/blog\/wp-content\/uploads\/jacinto-florido-1024x683.jpg 1024w, https:\/\/www.interflora.es\/blog\/wp-content\/uploads\/jacinto-florido-300x200.jpg 300w, https:\/\/www.interflora.es\/blog\/wp-content\/uploads\/jacinto-florido-768x512.jpg 768w, https:\/\/www.interflora.es\/blog\/wp-content\/uploads\/jacinto-florido-1536x1024.jpg 1536w, https:\/\/www.interflora.es\/blog\/wp-content\/uploads\/jacinto-florido.jpg 1900w\" sizes=\"auto, (max-width: 1024px) 100vw, 1024px\" \/><\/figure>\n<\/div>\n<\/div>\n\n\n\n<h2 class=\"wp-block-heading alignwide\" style=\"margin-top:var(--wp--preset--spacing--20);margin-bottom:var(--wp--preset--spacing--20);padding-top:var(--wp--preset--spacing--20);padding-bottom:var(--wp--preset--spacing--20)\">C\u00f3mo conservar los ramos de jacintos<\/h2>\n\n\n\n<div class=\"wp-block-columns alignwide is-layout-flex wp-container-core-columns-is-layout-28f84493 wp-block-columns-is-layout-flex\">\n<div class=\"wp-block-column is-layout-flow wp-block-column-is-layout-flow\">\n<p>Tanto por su belleza como por su significado, la flor del jacinto es perfecta para decorar tu hogar, a\u00f1adiendo unas notas alegres y primaverales a cualquier interior. La flor del jacinto dura mucho tiempo en un jarr\u00f3n ya que es una flor evolutiva, es decir, que sigue abri\u00e9ndose incluso cuando est\u00e1 cortada si la mantienes en agua.<br>Por lo tanto, siempre que sea posible, elige jacintos cuyas flores est\u00e9n comenzando a abrirse. Corta el tallo en \u00e1ngulo, aproximadamente 2 cm, y cauter\u00edzalo r\u00e1pidamente pas\u00e1ndolo sobre una llama. Cada dos d\u00edas, cambia el agua y vuelve a cortar el tallo.<br>El jacinto es una flor estupenda para decorar tu casa o para regalar, ya que podemos disfrutar de su belleza durante mucho tiempo. Adem\u00e1s, es una de las <a href=\"https:\/\/www.interflora.es\/c\/fiestas\/navidad\">flores de Navidad<\/a> que aporta m\u00e1s energ\u00eda y frescura a los centros de mesa. \u00a1No dudes en disfrutar al m\u00e1ximo de sus hermosos colores, tanto como planta navide\u00f1a como en un ramo primaveral!<\/p>\n<\/div>\n\n\n\n<div class=\"wp-block-column is-layout-flow wp-block-column-is-layout-flow\">\n<figure class=\"wp-block-image size-large\"><img loading=\"lazy\" decoding=\"async\" width=\"1024\" height=\"683\" src=\"https:\/\/www.interflora.es\/blog\/wp-content\/uploads\/Jacinto-colores-ramo-1-1024x683.jpg\" alt=\"\" class=\"wp-image-26287\" srcset=\"https:\/\/www.interflora.es\/blog\/wp-content\/uploads\/Jacinto-colores-ramo-1-1024x683.jpg 1024w, https:\/\/www.interflora.es\/blog\/wp-content\/uploads\/Jacinto-colores-ramo-1-300x200.jpg 300w, https:\/\/www.interflora.es\/blog\/wp-content\/uploads\/Jacinto-colores-ramo-1-768x512.jpg 768w, https:\/\/www.interflora.es\/blog\/wp-content\/uploads\/Jacinto-colores-ramo-1-1536x1024.jpg 1536w, https:\/\/www.interflora.es\/blog\/wp-content\/uploads\/Jacinto-colores-ramo-1.jpg 1900w\" sizes=\"auto, (max-width: 1024px) 100vw, 1024px\" \/><\/figure>\n<\/div>\n<\/div>\n\n\n\n<div style=\"height:5px\" aria-hidden=\"true\" class=\"wp-block-spacer\"><\/div>\n\n\n<div class=\"lp-produits-grid\"><div class=\"lp-produit\"><div class=\"lp-thumbnail-wrapper\"><img loading=\"lazy\" decoding=\"async\" width=\"300\" height=\"300\" src=\"https:\/\/www.interflora.es\/blog\/wp-content\/uploads\/2025\/04\/1734514274-pf001-orchidea-rosa-zoom-key-2-300x300.jpg\" class=\"attachment-medium size-medium wp-post-image\" alt=\"\" srcset=\"https:\/\/www.interflora.es\/blog\/wp-content\/uploads\/2025\/04\/1734514274-pf001-orchidea-rosa-zoom-key-2-300x300.jpg 300w, https:\/\/www.interflora.es\/blog\/wp-content\/uploads\/2025\/04\/1734514274-pf001-orchidea-rosa-zoom-key-2-1024x1024.jpg 1024w, https:\/\/www.interflora.es\/blog\/wp-content\/uploads\/2025\/04\/1734514274-pf001-orchidea-rosa-zoom-key-2-150x150.jpg 150w, https:\/\/www.interflora.es\/blog\/wp-content\/uploads\/2025\/04\/1734514274-pf001-orchidea-rosa-zoom-key-2-768x768.jpg 768w, https:\/\/www.interflora.es\/blog\/wp-content\/uploads\/2025\/04\/1734514274-pf001-orchidea-rosa-zoom-key-2-1536x1536.jpg 1536w, https:\/\/www.interflora.es\/blog\/wp-content\/uploads\/2025\/04\/1734514274-pf001-orchidea-rosa-zoom-key-2-2048x2048.jpg 2048w\" sizes=\"auto, (max-width: 300px) 100vw, 300px\" \/><img decoding=\"async\" class=\"lp-badge\" src=\"https:\/\/prodblog.interflora.es\/blog\/wp-content\/uploads\/2025\/04\/220422_INTERFLORA_Main_Logo_rgb_Main_Color.png\" alt=\"Entrega r\u00e1pida\"><\/div><span>Orqu\u00eddea Rosa<\/span><p>49.99 \u20ac<\/p><span class=\"obf-link lp-cta\" role=\"link\" tabindex=\"0\" data-b64=\"aHR0cHM6Ly93d3cuaW50ZXJmbG9yYS5lcy9wL3BsYW50YS1kZS1vcnF1aWRlYS8xP3V0bV9tZWRpdW09b3JnYW5pYyZ1dG1fc291cmNlPWJsb2dfcHJvZHVjdHMmdXRtX2NhbXBhaWduPVAwMTAw\" data-target=\"_blank\"><svg xmlns=\"http:\/\/www.w3.org\/2000\/svg\" width=\"16\" height=\"16\" fill=\"currentColor\" class=\"bi bi-bag\" viewBox=\"0 0 16 16\"><path d=\"M8 1a2 2 0 0 1 2 2v1h2.5A1.5 1.5 0 0 1 14 5.5v8A1.5 1.5 0 0 1 12.5 15h-9A1.5 1.5 0 0 1 2 13.5v-8A1.5 1.5 0 0 1 3.5 3H6V2a2 2 0 0 1 2-1zm1 3V3a1 1 0 0 0-2 0v1h2z\"\/><\/svg>Comprar<\/span><p class=\"rapido\">Flores y plantas frescas<\/p><\/div><div class=\"lp-produit\"><div class=\"lp-thumbnail-wrapper\"><img loading=\"lazy\" decoding=\"async\" width=\"300\" height=\"300\" src=\"https:\/\/www.interflora.es\/blog\/wp-content\/uploads\/2025\/04\/1677066403-f0214-nosotras-3-300x300.jpg\" class=\"attachment-medium size-medium wp-post-image\" alt=\"\" srcset=\"https:\/\/www.interflora.es\/blog\/wp-content\/uploads\/2025\/04\/1677066403-f0214-nosotras-3-300x300.jpg 300w, https:\/\/www.interflora.es\/blog\/wp-content\/uploads\/2025\/04\/1677066403-f0214-nosotras-3-1024x1024.jpg 1024w, https:\/\/www.interflora.es\/blog\/wp-content\/uploads\/2025\/04\/1677066403-f0214-nosotras-3-150x150.jpg 150w, https:\/\/www.interflora.es\/blog\/wp-content\/uploads\/2025\/04\/1677066403-f0214-nosotras-3-768x768.jpg 768w, https:\/\/www.interflora.es\/blog\/wp-content\/uploads\/2025\/04\/1677066403-f0214-nosotras-3-1536x1536.jpg 1536w, https:\/\/www.interflora.es\/blog\/wp-content\/uploads\/2025\/04\/1677066403-f0214-nosotras-3-2048x2048.jpg 2048w\" sizes=\"auto, (max-width: 300px) 100vw, 300px\" \/><img decoding=\"async\" class=\"lp-badge\" src=\"https:\/\/prodblog.interflora.es\/blog\/wp-content\/uploads\/2025\/04\/220422_INTERFLORA_Main_Logo_rgb_Main_Color.png\" alt=\"Entrega r\u00e1pida\"><\/div><span>Nosotras<\/span><p>34.99 \u20ac<\/p><span class=\"obf-link lp-cta\" role=\"link\" tabindex=\"0\" data-b64=\"aHR0cHM6Ly93d3cuaW50ZXJmbG9yYS5lcy9wL25vc290cmFzLzE\/dXRtX21lZGl1bT1vcmdhbmljJnV0bV9zb3VyY2U9YmxvZ19wcm9kdWN0cyZ1dG1fY2FtcGFpZ249RkYwODM=\" data-target=\"_blank\"><svg xmlns=\"http:\/\/www.w3.org\/2000\/svg\" width=\"16\" height=\"16\" fill=\"currentColor\" class=\"bi bi-bag\" viewBox=\"0 0 16 16\"><path d=\"M8 1a2 2 0 0 1 2 2v1h2.5A1.5 1.5 0 0 1 14 5.5v8A1.5 1.5 0 0 1 12.5 15h-9A1.5 1.5 0 0 1 2 13.5v-8A1.5 1.5 0 0 1 3.5 3H6V2a2 2 0 0 1 2-1zm1 3V3a1 1 0 0 0-2 0v1h2z\"\/><\/svg>Comprar<\/span><p class=\"rapido\">Flores y plantas frescas<\/p><\/div><div class=\"lp-produit\"><div class=\"lp-thumbnail-wrapper\"><img loading=\"lazy\" decoding=\"async\" width=\"300\" height=\"300\" src=\"https:\/\/www.interflora.es\/blog\/wp-content\/uploads\/2025\/12\/1764943648-bf046-abbraccio-profumato-key-300x300.jpg\" class=\"attachment-medium size-medium wp-post-image\" alt=\"\" srcset=\"https:\/\/www.interflora.es\/blog\/wp-content\/uploads\/2025\/12\/1764943648-bf046-abbraccio-profumato-key-300x300.jpg 300w, https:\/\/www.interflora.es\/blog\/wp-content\/uploads\/2025\/12\/1764943648-bf046-abbraccio-profumato-key-1024x1024.jpg 1024w, https:\/\/www.interflora.es\/blog\/wp-content\/uploads\/2025\/12\/1764943648-bf046-abbraccio-profumato-key-150x150.jpg 150w, https:\/\/www.interflora.es\/blog\/wp-content\/uploads\/2025\/12\/1764943648-bf046-abbraccio-profumato-key-768x768.jpg 768w, https:\/\/www.interflora.es\/blog\/wp-content\/uploads\/2025\/12\/1764943648-bf046-abbraccio-profumato-key-1536x1536.jpg 1536w, https:\/\/www.interflora.es\/blog\/wp-content\/uploads\/2025\/12\/1764943648-bf046-abbraccio-profumato-key.jpg 1600w\" sizes=\"auto, (max-width: 300px) 100vw, 300px\" \/><img decoding=\"async\" class=\"lp-badge\" src=\"https:\/\/prodblog.interflora.es\/blog\/wp-content\/uploads\/2025\/04\/220422_INTERFLORA_Main_Logo_rgb_Main_Color.png\" alt=\"Entrega r\u00e1pida\"><\/div><span>Abrazo de perfumes<\/span><p>59.99 \u20ac<\/p><span class=\"obf-link lp-cta\" role=\"link\" tabindex=\"0\" data-b64=\"aHR0cHM6Ly93d3cuaW50ZXJmbG9yYS5lcy9wL2FicmF6by1kZS1wZXJmdW1lcy8xP3V0bV9tZWRpdW09b3JnYW5pYyZ1dG1fc291cmNlPWJsb2dfcHJvZHVjdHMmdXRtX2NhbXBhaWduPUJGMDQ2\" data-target=\"_blank\"><svg xmlns=\"http:\/\/www.w3.org\/2000\/svg\" width=\"16\" height=\"16\" fill=\"currentColor\" class=\"bi bi-bag\" viewBox=\"0 0 16 16\"><path d=\"M8 1a2 2 0 0 1 2 2v1h2.5A1.5 1.5 0 0 1 14 5.5v8A1.5 1.5 0 0 1 12.5 15h-9A1.5 1.5 0 0 1 2 13.5v-8A1.5 1.5 0 0 1 3.5 3H6V2a2 2 0 0 1 2-1zm1 3V3a1 1 0 0 0-2 0v1h2z\"\/><\/svg>Comprar<\/span><p class=\"rapido\">Entrega urgente<\/p><\/div><div class=\"lp-produit\"><div class=\"lp-thumbnail-wrapper\"><img loading=\"lazy\" decoding=\"async\" width=\"300\" height=\"300\" src=\"https:\/\/www.interflora.es\/blog\/wp-content\/uploads\/2025\/04\/1740060389-ff034-sp-2-300x300.jpg\" class=\"attachment-medium size-medium wp-post-image\" alt=\"\" srcset=\"https:\/\/www.interflora.es\/blog\/wp-content\/uploads\/2025\/04\/1740060389-ff034-sp-2-300x300.jpg 300w, https:\/\/www.interflora.es\/blog\/wp-content\/uploads\/2025\/04\/1740060389-ff034-sp-2-1024x1024.jpg 1024w, https:\/\/www.interflora.es\/blog\/wp-content\/uploads\/2025\/04\/1740060389-ff034-sp-2-150x150.jpg 150w, https:\/\/www.interflora.es\/blog\/wp-content\/uploads\/2025\/04\/1740060389-ff034-sp-2-768x768.jpg 768w, https:\/\/www.interflora.es\/blog\/wp-content\/uploads\/2025\/04\/1740060389-ff034-sp-2-1536x1536.jpg 1536w, https:\/\/www.interflora.es\/blog\/wp-content\/uploads\/2025\/04\/1740060389-ff034-sp-2-2048x2048.jpg 2048w\" sizes=\"auto, (max-width: 300px) 100vw, 300px\" \/><img decoding=\"async\" class=\"lp-badge\" src=\"https:\/\/prodblog.interflora.es\/blog\/wp-content\/uploads\/2025\/04\/220422_INTERFLORA_Main_Logo_rgb_Main_Color.png\" alt=\"Entrega r\u00e1pida\"><\/div><span>Sonrisa de Color<\/span><p>49.99 \u20ac<\/p><span class=\"obf-link lp-cta\" role=\"link\" tabindex=\"0\" data-b64=\"aHR0cHM6Ly93d3cuaW50ZXJmbG9yYS5lcy9wL3JhbW8tY3JlYXRpdm8tZGVsLWZsb3Jpc3RhLWNvbi10dWxpcGFuZXMtbXVsdGljb2xvci8xP3V0bV9tZWRpdW09b3JnYW5pYyZ1dG1fc291cmNlPWJsb2dfcHJvZHVjdHMmdXRtX2NhbXBhaWduPUYwMjYw\" data-target=\"_blank\"><svg xmlns=\"http:\/\/www.w3.org\/2000\/svg\" width=\"16\" height=\"16\" fill=\"currentColor\" class=\"bi bi-bag\" viewBox=\"0 0 16 16\"><path d=\"M8 1a2 2 0 0 1 2 2v1h2.5A1.5 1.5 0 0 1 14 5.5v8A1.5 1.5 0 0 1 12.5 15h-9A1.5 1.5 0 0 1 2 13.5v-8A1.5 1.5 0 0 1 3.5 3H6V2a2 2 0 0 1 2-1zm1 3V3a1 1 0 0 0-2 0v1h2z\"\/><\/svg>Comprar<\/span><p class=\"rapido\">Env\u00edo r\u00e1pido<\/p><\/div><\/div>\n","protected":false},"excerpt":{"rendered":"<p>El jacinto es una preciosa planta bulbosa que anuncia la llegada de la primavera con una flor original y muy [&hellip;]<\/p>\n","protected":false},"author":13,"featured_media":26215,"comment_status":"open","ping_status":"closed","sticky":false,"template":"","format":"standard","meta":{"_acf_changed":false,"_uag_custom_page_level_css":"","site-sidebar-layout":"default","site-content-layout":"","ast-site-content-layout":"default","site-content-style":"default","site-sidebar-style":"default","ast-global-header-display":"","ast-banner-title-visibility":"","ast-main-header-display":"","ast-hfb-above-header-display":"","ast-hfb-below-header-display":"","ast-hfb-mobile-header-display":"","site-post-title":"","ast-breadcrumbs-content":"","ast-featured-img":"","footer-sml-layout":"","theme-transparent-header-meta":"","adv-header-id-meta":"","stick-header-meta":"","header-above-stick-meta":"","header-main-stick-meta":"","header-below-stick-meta":"","astra-migrate-meta-layouts":"set","ast-page-background-enabled":"default","ast-page-background-meta":{"desktop":{"background-color":"var(--ast-global-color-5)","background-image":"","background-repeat":"repeat","background-position":"center center","background-size":"auto","background-attachment":"scroll","background-type":"","background-media":"","overlay-type":"","overlay-color":"","overlay-opacity":"","overlay-gradient":""},"tablet":{"background-color":"","background-image":"","background-repeat":"repeat","background-position":"center center","background-size":"auto","background-attachment":"scroll","background-type":"","background-media":"","overlay-type":"","overlay-color":"","overlay-opacity":"","overlay-gradient":""},"mobile":{"background-color":"","background-image":"","background-repeat":"repeat","background-position":"center center","background-size":"auto","background-attachment":"scroll","background-type":"","background-media":"","overlay-type":"","overlay-color":"","overlay-opacity":"","overlay-gradient":""}},"ast-content-background-meta":{"desktop":{"background-color":"var(--ast-global-color-4)","background-image":"","background-repeat":"repeat","background-position":"center center","background-size":"auto","background-attachment":"scroll","background-type":"","background-media":"","overlay-type":"","overlay-color":"","overlay-opacity":"","overlay-gradient":""},"tablet":{"background-color":"var(--ast-global-color-4)","background-image":"","background-repeat":"repeat","background-position":"center center","background-size":"auto","background-attachment":"scroll","background-type":"","background-media":"","overlay-type":"","overlay-color":"","overlay-opacity":"","overlay-gradient":""},"mobile":{"background-color":"var(--ast-global-color-4)","background-image":"","background-repeat":"repeat","background-position":"center center","background-size":"auto","background-attachment":"scroll","background-type":"","background-media":"","overlay-type":"","overlay-color":"","overlay-opacity":"","overlay-gradient":""}},"footnotes":""},"categories":[17,28,20,203,31],"tags":[154],"class_list":["post-26212","post","type-post","status-publish","format-standard","has-post-thumbnail","hentry","category-cuidados","category-flores-y-plantas","category-plantas","category-primavera","category-significado","tag-jacinto"],"acf":[],"yoast_head":"<!-- This site is optimized with the Yoast SEO plugin v27.5 - https:\/\/yoast.com\/product\/yoast-seo-wordpress\/ -->\n<title>Flor del jacinto: significado y cuidados | Interflora<\/title>\n<meta name=\"description\" content=\"La flor del jacinto tiene un significado positivo y decora tu casa y tu jard\u00edn con su belleza \u00fanica. Interflora te ayuda a cuidar del jacinto.\" \/>\n<meta name=\"robots\" content=\"index, follow, max-snippet:-1, max-image-preview:large, max-video-preview:-1\" \/>\n<link rel=\"canonical\" href=\"https:\/\/www.interflora.es\/blog\/flor-jacinto-significado-y-cuidados\/\" \/>\n<script type=\"application\/ld+json\" class=\"yoast-schema-graph\">{\"@context\":\"https:\\\/\\\/schema.org\",\"@graph\":[{\"@type\":\"Article\",\"@id\":\"https:\\\/\\\/www.interflora.es\\\/blog\\\/flor-jacinto-significado-y-cuidados\\\/#article\",\"isPartOf\":{\"@id\":\"https:\\\/\\\/www.interflora.es\\\/blog\\\/flor-jacinto-significado-y-cuidados\\\/\"},\"author\":{\"name\":\"Interflora\",\"@id\":\"https:\\\/\\\/www.interflora.es\\\/blog\\\/#\\\/schema\\\/person\\\/e3ecff50262948e365b92682cdc2a9d1\"},\"headline\":\"Significado y cuidados del jacinto, una flor primaveral que puede florecer en invierno\",\"datePublished\":\"2026-03-18T10:55:08+00:00\",\"dateModified\":\"2026-03-18T10:55:09+00:00\",\"mainEntityOfPage\":{\"@id\":\"https:\\\/\\\/www.interflora.es\\\/blog\\\/flor-jacinto-significado-y-cuidados\\\/\"},\"wordCount\":1621,\"commentCount\":0,\"publisher\":{\"@id\":\"https:\\\/\\\/www.interflora.es\\\/blog\\\/#organization\"},\"image\":{\"@id\":\"https:\\\/\\\/www.interflora.es\\\/blog\\\/flor-jacinto-significado-y-cuidados\\\/#primaryimage\"},\"thumbnailUrl\":\"https:\\\/\\\/www.interflora.es\\\/blog\\\/wp-content\\\/uploads\\\/jacinto-bd.jpg\",\"keywords\":[\"jacinto\"],\"articleSection\":[\"Cuidados de plantas y flores\",\"Flores y plantas\",\"Plantas\",\"Primavera\",\"Significado\"],\"inLanguage\":\"es\",\"potentialAction\":[{\"@type\":\"CommentAction\",\"name\":\"Comment\",\"target\":[\"https:\\\/\\\/www.interflora.es\\\/blog\\\/flor-jacinto-significado-y-cuidados\\\/#respond\"]}]},{\"@type\":\"WebPage\",\"@id\":\"https:\\\/\\\/www.interflora.es\\\/blog\\\/flor-jacinto-significado-y-cuidados\\\/\",\"url\":\"https:\\\/\\\/www.interflora.es\\\/blog\\\/flor-jacinto-significado-y-cuidados\\\/\",\"name\":\"Flor del jacinto: significado y cuidados | Interflora\",\"isPartOf\":{\"@id\":\"https:\\\/\\\/www.interflora.es\\\/blog\\\/#website\"},\"primaryImageOfPage\":{\"@id\":\"https:\\\/\\\/www.interflora.es\\\/blog\\\/flor-jacinto-significado-y-cuidados\\\/#primaryimage\"},\"image\":{\"@id\":\"https:\\\/\\\/www.interflora.es\\\/blog\\\/flor-jacinto-significado-y-cuidados\\\/#primaryimage\"},\"thumbnailUrl\":\"https:\\\/\\\/www.interflora.es\\\/blog\\\/wp-content\\\/uploads\\\/jacinto-bd.jpg\",\"datePublished\":\"2026-03-18T10:55:08+00:00\",\"dateModified\":\"2026-03-18T10:55:09+00:00\",\"description\":\"La flor del jacinto tiene un significado positivo y decora tu casa y tu jard\u00edn con su belleza \u00fanica. Interflora te ayuda a cuidar del jacinto.\",\"breadcrumb\":{\"@id\":\"https:\\\/\\\/www.interflora.es\\\/blog\\\/flor-jacinto-significado-y-cuidados\\\/#breadcrumb\"},\"inLanguage\":\"es\",\"potentialAction\":[{\"@type\":\"ReadAction\",\"target\":[\"https:\\\/\\\/www.interflora.es\\\/blog\\\/flor-jacinto-significado-y-cuidados\\\/\"]}]},{\"@type\":\"ImageObject\",\"inLanguage\":\"es\",\"@id\":\"https:\\\/\\\/www.interflora.es\\\/blog\\\/flor-jacinto-significado-y-cuidados\\\/#primaryimage\",\"url\":\"https:\\\/\\\/www.interflora.es\\\/blog\\\/wp-content\\\/uploads\\\/jacinto-bd.jpg\",\"contentUrl\":\"https:\\\/\\\/www.interflora.es\\\/blog\\\/wp-content\\\/uploads\\\/jacinto-bd.jpg\",\"width\":2100,\"height\":955},{\"@type\":\"BreadcrumbList\",\"@id\":\"https:\\\/\\\/www.interflora.es\\\/blog\\\/flor-jacinto-significado-y-cuidados\\\/#breadcrumb\",\"itemListElement\":[{\"@type\":\"ListItem\",\"position\":1,\"name\":\"Home\",\"item\":\"https:\\\/\\\/www.interflora.es\\\/blog\\\/\"},{\"@type\":\"ListItem\",\"position\":2,\"name\":\"Significado y cuidados del jacinto, una flor primaveral que puede florecer en invierno\"}]},{\"@type\":\"WebSite\",\"@id\":\"https:\\\/\\\/www.interflora.es\\\/blog\\\/#website\",\"url\":\"https:\\\/\\\/www.interflora.es\\\/blog\\\/\",\"name\":\"El blog de Interflora : consejos, ideas e inspiraci\u00f3n para disfrutar de las flores y las plantas\",\"description\":\"\",\"publisher\":{\"@id\":\"https:\\\/\\\/www.interflora.es\\\/blog\\\/#organization\"},\"potentialAction\":[{\"@type\":\"SearchAction\",\"target\":{\"@type\":\"EntryPoint\",\"urlTemplate\":\"https:\\\/\\\/www.interflora.es\\\/blog\\\/?s={search_term_string}\"},\"query-input\":{\"@type\":\"PropertyValueSpecification\",\"valueRequired\":true,\"valueName\":\"search_term_string\"}}],\"inLanguage\":\"es\"},{\"@type\":\"Organization\",\"@id\":\"https:\\\/\\\/www.interflora.es\\\/blog\\\/#organization\",\"name\":\"El blog de Interflora : consejos, ideas e inspiraci\u00f3n para disfrutar de las flores y las plantas\",\"url\":\"https:\\\/\\\/www.interflora.es\\\/blog\\\/\",\"logo\":{\"@type\":\"ImageObject\",\"inLanguage\":\"es\",\"@id\":\"https:\\\/\\\/www.interflora.es\\\/blog\\\/#\\\/schema\\\/logo\\\/image\\\/\",\"url\":\"https:\\\/\\\/www.interflora.es\\\/blog\\\/wp-content\\\/uploads\\\/2025\\\/10\\\/cropped-220422_INTERFLORA_Logo_rgb_Half_Top_Circle_Main_Color.png\",\"contentUrl\":\"https:\\\/\\\/www.interflora.es\\\/blog\\\/wp-content\\\/uploads\\\/2025\\\/10\\\/cropped-220422_INTERFLORA_Logo_rgb_Half_Top_Circle_Main_Color.png\",\"width\":1418,\"height\":659,\"caption\":\"El blog de Interflora : consejos, ideas e inspiraci\u00f3n para disfrutar de las flores y las plantas\"},\"image\":{\"@id\":\"https:\\\/\\\/www.interflora.es\\\/blog\\\/#\\\/schema\\\/logo\\\/image\\\/\"}},{\"@type\":\"Person\",\"@id\":\"https:\\\/\\\/www.interflora.es\\\/blog\\\/#\\\/schema\\\/person\\\/e3ecff50262948e365b92682cdc2a9d1\",\"name\":\"Interflora\",\"image\":{\"@type\":\"ImageObject\",\"inLanguage\":\"es\",\"@id\":\"https:\\\/\\\/www.interflora.es\\\/blog\\\/wp-content\\\/litespeed\\\/avatar\\\/ef0a9e22ccabc545011ca74a630eaf3e.jpg?ver=1777555250\",\"url\":\"https:\\\/\\\/www.interflora.es\\\/blog\\\/wp-content\\\/litespeed\\\/avatar\\\/ef0a9e22ccabc545011ca74a630eaf3e.jpg?ver=1777555250\",\"contentUrl\":\"https:\\\/\\\/www.interflora.es\\\/blog\\\/wp-content\\\/litespeed\\\/avatar\\\/ef0a9e22ccabc545011ca74a630eaf3e.jpg?ver=1777555250\",\"caption\":\"Interflora\"}}]}<\/script>\n<!-- \/ Yoast SEO plugin. -->","yoast_head_json":{"title":"Flor del jacinto: significado y cuidados | Interflora","description":"La flor del jacinto tiene un significado positivo y decora tu casa y tu jard\u00edn con su belleza \u00fanica. Interflora te ayuda a cuidar del jacinto.","robots":{"index":"index","follow":"follow","max-snippet":"max-snippet:-1","max-image-preview":"max-image-preview:large","max-video-preview":"max-video-preview:-1"},"canonical":"https:\/\/www.interflora.es\/blog\/flor-jacinto-significado-y-cuidados\/","schema":{"@context":"https:\/\/schema.org","@graph":[{"@type":"Article","@id":"https:\/\/www.interflora.es\/blog\/flor-jacinto-significado-y-cuidados\/#article","isPartOf":{"@id":"https:\/\/www.interflora.es\/blog\/flor-jacinto-significado-y-cuidados\/"},"author":{"name":"Interflora","@id":"https:\/\/www.interflora.es\/blog\/#\/schema\/person\/e3ecff50262948e365b92682cdc2a9d1"},"headline":"Significado y cuidados del jacinto, una flor primaveral que puede florecer en invierno","datePublished":"2026-03-18T10:55:08+00:00","dateModified":"2026-03-18T10:55:09+00:00","mainEntityOfPage":{"@id":"https:\/\/www.interflora.es\/blog\/flor-jacinto-significado-y-cuidados\/"},"wordCount":1621,"commentCount":0,"publisher":{"@id":"https:\/\/www.interflora.es\/blog\/#organization"},"image":{"@id":"https:\/\/www.interflora.es\/blog\/flor-jacinto-significado-y-cuidados\/#primaryimage"},"thumbnailUrl":"https:\/\/www.interflora.es\/blog\/wp-content\/uploads\/jacinto-bd.jpg","keywords":["jacinto"],"articleSection":["Cuidados de plantas y flores","Flores y plantas","Plantas","Primavera","Significado"],"inLanguage":"es","potentialAction":[{"@type":"CommentAction","name":"Comment","target":["https:\/\/www.interflora.es\/blog\/flor-jacinto-significado-y-cuidados\/#respond"]}]},{"@type":"WebPage","@id":"https:\/\/www.interflora.es\/blog\/flor-jacinto-significado-y-cuidados\/","url":"https:\/\/www.interflora.es\/blog\/flor-jacinto-significado-y-cuidados\/","name":"Flor del jacinto: significado y cuidados | Interflora","isPartOf":{"@id":"https:\/\/www.interflora.es\/blog\/#website"},"primaryImageOfPage":{"@id":"https:\/\/www.interflora.es\/blog\/flor-jacinto-significado-y-cuidados\/#primaryimage"},"image":{"@id":"https:\/\/www.interflora.es\/blog\/flor-jacinto-significado-y-cuidados\/#primaryimage"},"thumbnailUrl":"https:\/\/www.interflora.es\/blog\/wp-content\/uploads\/jacinto-bd.jpg","datePublished":"2026-03-18T10:55:08+00:00","dateModified":"2026-03-18T10:55:09+00:00","description":"La flor del jacinto tiene un significado positivo y decora tu casa y tu jard\u00edn con su belleza \u00fanica. Interflora te ayuda a cuidar del jacinto.","breadcrumb":{"@id":"https:\/\/www.interflora.es\/blog\/flor-jacinto-significado-y-cuidados\/#breadcrumb"},"inLanguage":"es","potentialAction":[{"@type":"ReadAction","target":["https:\/\/www.interflora.es\/blog\/flor-jacinto-significado-y-cuidados\/"]}]},{"@type":"ImageObject","inLanguage":"es","@id":"https:\/\/www.interflora.es\/blog\/flor-jacinto-significado-y-cuidados\/#primaryimage","url":"https:\/\/www.interflora.es\/blog\/wp-content\/uploads\/jacinto-bd.jpg","contentUrl":"https:\/\/www.interflora.es\/blog\/wp-content\/uploads\/jacinto-bd.jpg","width":2100,"height":955},{"@type":"BreadcrumbList","@id":"https:\/\/www.interflora.es\/blog\/flor-jacinto-significado-y-cuidados\/#breadcrumb","itemListElement":[{"@type":"ListItem","position":1,"name":"Home","item":"https:\/\/www.interflora.es\/blog\/"},{"@type":"ListItem","position":2,"name":"Significado y cuidados del jacinto, una flor primaveral que puede florecer en invierno"}]},{"@type":"WebSite","@id":"https:\/\/www.interflora.es\/blog\/#website","url":"https:\/\/www.interflora.es\/blog\/","name":"El blog de Interflora : consejos, ideas e inspiraci\u00f3n para disfrutar de las flores y las plantas","description":"","publisher":{"@id":"https:\/\/www.interflora.es\/blog\/#organization"},"potentialAction":[{"@type":"SearchAction","target":{"@type":"EntryPoint","urlTemplate":"https:\/\/www.interflora.es\/blog\/?s={search_term_string}"},"query-input":{"@type":"PropertyValueSpecification","valueRequired":true,"valueName":"search_term_string"}}],"inLanguage":"es"},{"@type":"Organization","@id":"https:\/\/www.interflora.es\/blog\/#organization","name":"El blog de Interflora : consejos, ideas e inspiraci\u00f3n para disfrutar de las flores y las plantas","url":"https:\/\/www.interflora.es\/blog\/","logo":{"@type":"ImageObject","inLanguage":"es","@id":"https:\/\/www.interflora.es\/blog\/#\/schema\/logo\/image\/","url":"https:\/\/www.interflora.es\/blog\/wp-content\/uploads\/2025\/10\/cropped-220422_INTERFLORA_Logo_rgb_Half_Top_Circle_Main_Color.png","contentUrl":"https:\/\/www.interflora.es\/blog\/wp-content\/uploads\/2025\/10\/cropped-220422_INTERFLORA_Logo_rgb_Half_Top_Circle_Main_Color.png","width":1418,"height":659,"caption":"El blog de Interflora : consejos, ideas e inspiraci\u00f3n para disfrutar de las flores y las plantas"},"image":{"@id":"https:\/\/www.interflora.es\/blog\/#\/schema\/logo\/image\/"}},{"@type":"Person","@id":"https:\/\/www.interflora.es\/blog\/#\/schema\/person\/e3ecff50262948e365b92682cdc2a9d1","name":"Interflora","image":{"@type":"ImageObject","inLanguage":"es","@id":"https:\/\/www.interflora.es\/blog\/wp-content\/litespeed\/avatar\/ef0a9e22ccabc545011ca74a630eaf3e.jpg?ver=1777555250","url":"https:\/\/www.interflora.es\/blog\/wp-content\/litespeed\/avatar\/ef0a9e22ccabc545011ca74a630eaf3e.jpg?ver=1777555250","contentUrl":"https:\/\/www.interflora.es\/blog\/wp-content\/litespeed\/avatar\/ef0a9e22ccabc545011ca74a630eaf3e.jpg?ver=1777555250","caption":"Interflora"}}]}},"uagb_featured_image_src":{"full":["https:\/\/www.interflora.es\/blog\/wp-content\/uploads\/jacinto-bd.jpg",2100,955,false],"thumbnail":["https:\/\/www.interflora.es\/blog\/wp-content\/uploads\/jacinto-bd-150x150.jpg",150,150,true],"medium":["https:\/\/www.interflora.es\/blog\/wp-content\/uploads\/jacinto-bd-300x136.jpg",300,136,true],"medium_large":["https:\/\/www.interflora.es\/blog\/wp-content\/uploads\/jacinto-bd-768x349.jpg",768,349,true],"large":["https:\/\/www.interflora.es\/blog\/wp-content\/uploads\/jacinto-bd-1024x466.jpg",1024,466,true],"1536x1536":["https:\/\/www.interflora.es\/blog\/wp-content\/uploads\/jacinto-bd-1536x699.jpg",1536,699,true],"2048x2048":["https:\/\/www.interflora.es\/blog\/wp-content\/uploads\/jacinto-bd-2048x931.jpg",2048,931,true]},"uagb_author_info":{"display_name":"Interflora","author_link":"https:\/\/www.interflora.es\/blog\/author\/interflora\/"},"uagb_comment_info":12,"uagb_excerpt":"El jacinto es una preciosa planta bulbosa que anuncia la llegada de la primavera con una flor original y muy [&hellip;]","_links":{"self":[{"href":"https:\/\/www.interflora.es\/blog\/wp-json\/wp\/v2\/posts\/26212","targetHints":{"allow":["GET"]}}],"collection":[{"href":"https:\/\/www.interflora.es\/blog\/wp-json\/wp\/v2\/posts"}],"about":[{"href":"https:\/\/www.interflora.es\/blog\/wp-json\/wp\/v2\/types\/post"}],"author":[{"embeddable":true,"href":"https:\/\/www.interflora.es\/blog\/wp-json\/wp\/v2\/users\/13"}],"replies":[{"embeddable":true,"href":"https:\/\/www.interflora.es\/blog\/wp-json\/wp\/v2\/comments?post=26212"}],"version-history":[{"count":2,"href":"https:\/\/www.interflora.es\/blog\/wp-json\/wp\/v2\/posts\/26212\/revisions"}],"predecessor-version":[{"id":35033,"href":"https:\/\/www.interflora.es\/blog\/wp-json\/wp\/v2\/posts\/26212\/revisions\/35033"}],"wp:featuredmedia":[{"embeddable":true,"href":"https:\/\/www.interflora.es\/blog\/wp-json\/wp\/v2\/media\/26215"}],"wp:attachment":[{"href":"https:\/\/www.interflora.es\/blog\/wp-json\/wp\/v2\/media?parent=26212"}],"wp:term":[{"taxonomy":"category","embeddable":true,"href":"https:\/\/www.interflora.es\/blog\/wp-json\/wp\/v2\/categories?post=26212"},{"taxonomy":"post_tag","embeddable":true,"href":"https:\/\/www.interflora.es\/blog\/wp-json\/wp\/v2\/tags?post=26212"}],"curies":[{"name":"wp","href":"https:\/\/api.w.org\/{rel}","templated":true}]}}