{"id":26142,"date":"2025-11-13T09:36:06","date_gmt":"2025-11-13T08:36:06","guid":{"rendered":"https:\/\/www.interflora.es\/blog\/?p=26142"},"modified":"2025-11-18T14:00:13","modified_gmt":"2025-11-18T13:00:13","slug":"amarilis-como-cuidar-y-conocer","status":"publish","type":"post","link":"https:\/\/www.interflora.es\/blog\/amarilis-como-cuidar-y-conocer\/","title":{"rendered":"Amarilis: c\u00f3mo cuidar, conocer y disfrutar de esta bella planta"},"content":{"rendered":"\n<p>Majestuosa y elegante, esta bella planta bulbosa calienta los corazones en invierno con sus grandes flores de colores llamativos. El hippeastrum, com\u00fanmente conocido como amarilis o amaryllis, aparece poco a poco en las florister\u00edas y viveros desde principios de noviembre, y es una de las protagonistas de las fiestas de fin de a\u00f1o. Interflora te explica c\u00f3mo cuidar de la amarilis.<\/p>\n\n\n\n<div class=\"wp-block-columns alignwide is-layout-flex wp-container-core-columns-is-layout-28f84493 wp-block-columns-is-layout-flex\">\n<div class=\"wp-block-column is-layout-flow wp-block-column-is-layout-flow\">\n<h2 class=\"wp-block-heading alignwide\" style=\"padding-top:0;padding-bottom:0\">Las caracter\u00edsticas de la amarilis<\/h2>\n\n\n\n<p style=\"padding-top:var(--wp--preset--spacing--30);padding-bottom:var(--wp--preset--spacing--30)\">Originaria de Am\u00e9rica Central y de Am\u00e9rica del Sur, la amaryllis (hippeastrum)&nbsp;es una planta bulbosa de la familia de las amarilid\u00e1ceas. Est\u00e1 compuesta por unos tallos huecos y estilizados que dan lugar, generalmente, a entre dos y cinco flores de seis p\u00e9talos cada una, con un di\u00e1metro que puede llegar a medir 20 cm.&nbsp;&nbsp;<br><\/p>\n\n\n\n<p style=\"padding-top:var(--wp--preset--spacing--30);padding-bottom:var(--wp--preset--spacing--30)\">Si la variedad m\u00e1s conocida de estas plantas es la \u201cRed Lion\u201d, de color rojo intenso, la amarilis cuenta con m\u00e1s de 80 variedades diferentes, todas ellas con colores muy llamativos: naranja, fucsia, blanco\u2026que pueden ser \u00fanicos o mezclar varios.<\/p>\n<\/div>\n\n\n\n<div class=\"wp-block-column is-layout-flow wp-block-column-is-layout-flow\">\n<figure class=\"wp-block-image size-large\"><img loading=\"lazy\" decoding=\"async\" width=\"1024\" height=\"682\" src=\"https:\/\/www.interflora.es\/blog\/wp-content\/uploads\/amarilis-naranja-1-1024x682.jpg\" alt=\"Amarilis naranja\" class=\"wp-image-26170\" srcset=\"https:\/\/www.interflora.es\/blog\/wp-content\/uploads\/amarilis-naranja-1-1024x682.jpg 1024w, https:\/\/www.interflora.es\/blog\/wp-content\/uploads\/amarilis-naranja-1-300x200.jpg 300w, https:\/\/www.interflora.es\/blog\/wp-content\/uploads\/amarilis-naranja-1-768x512.jpg 768w, https:\/\/www.interflora.es\/blog\/wp-content\/uploads\/amarilis-naranja-1-1536x1023.jpg 1536w, https:\/\/www.interflora.es\/blog\/wp-content\/uploads\/amarilis-naranja-1.jpg 1900w\" sizes=\"auto, (max-width: 1024px) 100vw, 1024px\" \/><\/figure>\n<\/div>\n<\/div>\n\n\n\n<div class=\"wp-block-columns alignwide is-layout-flex wp-container-core-columns-is-layout-7abde1fe wp-block-columns-is-layout-flex\" style=\"padding-top:var(--wp--preset--spacing--40);padding-bottom:var(--wp--preset--spacing--40)\">\n<div class=\"wp-block-column has-border-color has-ast-global-color-4-border-color is-layout-flow wp-block-column-is-layout-flow\">\n<h2 class=\"wp-block-heading alignwide has-text-align-center\" style=\"padding-top:var(--wp--preset--spacing--30);padding-right:var(--wp--preset--spacing--40);padding-bottom:var(--wp--preset--spacing--30);padding-left:var(--wp--preset--spacing--40)\">Or\u00edgenes e historia de las amarilis<\/h2>\n\n\n\n<p style=\"padding-top:0;padding-right:var(--wp--preset--spacing--40);padding-bottom:0;padding-left:var(--wp--preset--spacing--40)\">Los primeros en comercializar las plantas de amaryllis fueron los holandeses, que importaron bulbos de esta planta desde M\u00e9xico y Am\u00e9rica del Sur y empezaron a desarrollar h\u00edbridos desde principios del siglo XVIII. Desde entonces, muchos pa\u00edses se han convertido en productores de esta planta. La amaryllis de flor doble, producida en Jap\u00f3n, tiene actualmente mucho \u00e9xito en todo el mundo.&nbsp;<\/p>\n\n\n\n<p style=\"padding-top:var(--wp--preset--spacing--20);padding-right:var(--wp--preset--spacing--40);padding-bottom:var(--wp--preset--spacing--20);padding-left:var(--wp--preset--spacing--40)\">El t\u00e9rmino amarilis tiene sus or\u00edgenes en las Buc\u00f3licas de Virgilio. El poeta romano llam\u00f3 Amarilis (que significa brillar) a una de las pastoras de su obra, en honor a su espl\u00e9ndida belleza. En 1733, el bot\u00e1nico sueco Carlos Linneo tom\u00f3 ese nombre para bautizar a esta preciosa planta, entonces poco conocida en Europa. Pero este nombre planteaba un problema, ya que era utilizado en aquel momento para designar a otra especie originaria de \u00c1frica del Sur. Tras largos debates, se decidi\u00f3, en 1987, que esta \u00faltima planta conservara su nombre, aunque la costumbre haya hecho que, en el lenguaje com\u00fan, sigamos llamando amaryllis al hippeastrum.<strong> <\/strong>Un t\u00e9rmino que a su vez viene del griego \u201chippo\u201d, que significa caballo, y \u201caster\u201d que significa estrella. La planta fue bautizada con este nombre por el sacerdote y bot\u00e1nico irland\u00e9s William Herbert en 1837, probablemente debido a la forma de su flor.&nbsp;<\/p>\n<\/div>\n\n\n\n<div class=\"wp-block-column has-border-color has-ast-global-color-4-border-color is-layout-flow wp-block-column-is-layout-flow\" style=\"padding-top:0;padding-bottom:0\">\n<h2 class=\"wp-block-heading alignwide has-text-align-center\" style=\"padding-top:var(--wp--preset--spacing--30);padding-right:var(--wp--preset--spacing--40);padding-bottom:var(--wp--preset--spacing--30);padding-left:var(--wp--preset--spacing--40)\">El significado de la amarilis en el idioma de las flores<\/h2>\n\n\n\n<p style=\"padding-right:var(--wp--preset--spacing--40);padding-left:var(--wp--preset--spacing--40)\">Es sobre todo gracias a la leyenda de Navidad que la amaryllis se ha convertido en una de las flores m\u00e1s presentes en las fiestas navide\u00f1as en algunos pa\u00edses. Seg\u00fan esta leyenda, para anunciar el nacimiento de Cristo, los \u00e1ngeles utilizaron unas trompetas. Se dice que a partir de estos instrumentos de m\u00fasica angelicales fueron creados las amarilis, que sirvieron para dejar un recuerdo glorioso de este d\u00eda\u2026 Desde entonces, en muchos pa\u00edses del mundo es tradici\u00f3n hacer florecer plantas de amaryllis para Navidad.&nbsp;<\/p>\n\n\n\n<p style=\"padding-right:var(--wp--preset--spacing--40);padding-left:var(--wp--preset--spacing--40)\">Gracias a sus flores imponentes, que reinan al cabo de sus largos tallos, se atribuye al hippeastrum la coqueter\u00eda de una planta orgullosa y elegante, casi arrogante. Puede que sea tambi\u00e9n por culpa de la Amarilis de Virgilio, pastora de una belleza abrumadora pero altiva e insensible. En el idioma de las flores, si regalas una amarilis est\u00e1s enviando un mensaje claro y lleno de atrevimiento a una persona que no te presta mucha atenci\u00f3n: <em>\u00a1No te resistir\u00e1s a mis encantos durante mucho m\u00e1s tiempo!<\/em><\/p>\n<\/div>\n<\/div>\n\n\n\n<div style=\"height:5px\" aria-hidden=\"true\" class=\"wp-block-spacer\"><\/div>\n\n\n<div class=\"lp-produits-grid\"><div class=\"lp-produit\"><div class=\"lp-thumbnail-wrapper\"><img loading=\"lazy\" decoding=\"async\" width=\"300\" height=\"300\" src=\"https:\/\/www.interflora.es\/blog\/wp-content\/uploads\/2025\/11\/1758701877-ff172-scaldacuore-detail-s-300x300.jpg\" class=\"attachment-medium size-medium wp-post-image\" alt=\"\" srcset=\"https:\/\/www.interflora.es\/blog\/wp-content\/uploads\/2025\/11\/1758701877-ff172-scaldacuore-detail-s-300x300.jpg 300w, https:\/\/www.interflora.es\/blog\/wp-content\/uploads\/2025\/11\/1758701877-ff172-scaldacuore-detail-s-1024x1024.jpg 1024w, https:\/\/www.interflora.es\/blog\/wp-content\/uploads\/2025\/11\/1758701877-ff172-scaldacuore-detail-s-150x150.jpg 150w, https:\/\/www.interflora.es\/blog\/wp-content\/uploads\/2025\/11\/1758701877-ff172-scaldacuore-detail-s-768x768.jpg 768w, https:\/\/www.interflora.es\/blog\/wp-content\/uploads\/2025\/11\/1758701877-ff172-scaldacuore-detail-s-1536x1536.jpg 1536w, https:\/\/www.interflora.es\/blog\/wp-content\/uploads\/2025\/11\/1758701877-ff172-scaldacuore-detail-s.jpg 1800w\" sizes=\"auto, (max-width: 300px) 100vw, 300px\" \/><img decoding=\"async\" class=\"lp-badge\" src=\"https:\/\/prodblog.interflora.es\/blog\/wp-content\/uploads\/2025\/04\/220422_INTERFLORA_Main_Logo_rgb_Main_Color.png\" alt=\"Entrega r\u00e1pida\"><\/div><span>Calienta Corazones<\/span><p>34.99 \u20ac<\/p><span class=\"obf-link lp-cta\" role=\"link\" tabindex=\"0\" data-b64=\"aHR0cHM6Ly93d3cuaW50ZXJmbG9yYS5lcy9wL2NhbGllbnRhLWNvcmF6b25lcy8xP3V0bV9tZWRpdW09b3JnYW5pYyZ1dG1fc291cmNlPWJsb2dfcHJvZHVjdHMmdXRtX2NhbXBhaWduPUZGMTcy\" data-target=\"_blank\"><svg xmlns=\"http:\/\/www.w3.org\/2000\/svg\" width=\"16\" height=\"16\" fill=\"currentColor\" class=\"bi bi-bag\" viewBox=\"0 0 16 16\"><path d=\"M8 1a2 2 0 0 1 2 2v1h2.5A1.5 1.5 0 0 1 14 5.5v8A1.5 1.5 0 0 1 12.5 15h-9A1.5 1.5 0 0 1 2 13.5v-8A1.5 1.5 0 0 1 3.5 3H6V2a2 2 0 0 1 2-1zm1 3V3a1 1 0 0 0-2 0v1h2z\"\/><\/svg>Comprar<\/span><p class=\"rapido\">Flores y plantas elegidas con mimo<\/p><\/div><div class=\"lp-produit\"><div class=\"lp-thumbnail-wrapper\"><img loading=\"lazy\" decoding=\"async\" width=\"300\" height=\"300\" src=\"https:\/\/www.interflora.es\/blog\/wp-content\/uploads\/2025\/11\/1726480940-reginadellenevi-hd-1-300x300.jpg\" class=\"attachment-medium size-medium wp-post-image\" alt=\"\" srcset=\"https:\/\/www.interflora.es\/blog\/wp-content\/uploads\/2025\/11\/1726480940-reginadellenevi-hd-1-300x300.jpg 300w, https:\/\/www.interflora.es\/blog\/wp-content\/uploads\/2025\/11\/1726480940-reginadellenevi-hd-1-1024x1024.jpg 1024w, https:\/\/www.interflora.es\/blog\/wp-content\/uploads\/2025\/11\/1726480940-reginadellenevi-hd-1-150x150.jpg 150w, https:\/\/www.interflora.es\/blog\/wp-content\/uploads\/2025\/11\/1726480940-reginadellenevi-hd-1-768x768.jpg 768w, https:\/\/www.interflora.es\/blog\/wp-content\/uploads\/2025\/11\/1726480940-reginadellenevi-hd-1-1536x1536.jpg 1536w, https:\/\/www.interflora.es\/blog\/wp-content\/uploads\/2025\/11\/1726480940-reginadellenevi-hd-1-2048x2048.jpg 2048w\" sizes=\"auto, (max-width: 300px) 100vw, 300px\" \/><img decoding=\"async\" class=\"lp-badge\" src=\"https:\/\/prodblog.interflora.es\/blog\/wp-content\/uploads\/2025\/04\/220422_INTERFLORA_Main_Logo_rgb_Main_Color.png\" alt=\"Entrega r\u00e1pida\"><\/div><span>Reina de las Nieves<\/span><p>54.99 \u20ac<\/p><span class=\"obf-link lp-cta\" role=\"link\" tabindex=\"0\" data-b64=\"aHR0cHM6Ly93d3cuaW50ZXJmbG9yYS5lcy9wL3JlaW5hLWRlLWxhcy1uaWV2ZXMvMT91dG1fbWVkaXVtPW9yZ2FuaWMmdXRtX3NvdXJjZT1ibG9nX3Byb2R1Y3RzJnV0bV9jYW1wYWlnbj1GRjExOA==\" data-target=\"_blank\"><svg xmlns=\"http:\/\/www.w3.org\/2000\/svg\" width=\"16\" height=\"16\" fill=\"currentColor\" class=\"bi bi-bag\" viewBox=\"0 0 16 16\"><path d=\"M8 1a2 2 0 0 1 2 2v1h2.5A1.5 1.5 0 0 1 14 5.5v8A1.5 1.5 0 0 1 12.5 15h-9A1.5 1.5 0 0 1 2 13.5v-8A1.5 1.5 0 0 1 3.5 3H6V2a2 2 0 0 1 2-1zm1 3V3a1 1 0 0 0-2 0v1h2z\"\/><\/svg>Comprar<\/span><p class=\"rapido\">Entrega urgente<\/p><\/div><div class=\"lp-produit\"><div class=\"lp-thumbnail-wrapper\"><img loading=\"lazy\" decoding=\"async\" width=\"300\" height=\"300\" src=\"https:\/\/www.interflora.es\/blog\/wp-content\/uploads\/2025\/10\/1758204656-pf027-stella-di-natale-key-2-300x300.jpg\" class=\"attachment-medium size-medium wp-post-image\" alt=\"\" srcset=\"https:\/\/www.interflora.es\/blog\/wp-content\/uploads\/2025\/10\/1758204656-pf027-stella-di-natale-key-2-300x300.jpg 300w, https:\/\/www.interflora.es\/blog\/wp-content\/uploads\/2025\/10\/1758204656-pf027-stella-di-natale-key-2-1024x1024.jpg 1024w, https:\/\/www.interflora.es\/blog\/wp-content\/uploads\/2025\/10\/1758204656-pf027-stella-di-natale-key-2-150x150.jpg 150w, https:\/\/www.interflora.es\/blog\/wp-content\/uploads\/2025\/10\/1758204656-pf027-stella-di-natale-key-2-768x768.jpg 768w, https:\/\/www.interflora.es\/blog\/wp-content\/uploads\/2025\/10\/1758204656-pf027-stella-di-natale-key-2-1536x1536.jpg 1536w, https:\/\/www.interflora.es\/blog\/wp-content\/uploads\/2025\/10\/1758204656-pf027-stella-di-natale-key-2-2048x2048.jpg 2048w\" sizes=\"auto, (max-width: 300px) 100vw, 300px\" \/><img decoding=\"async\" class=\"lp-badge\" src=\"https:\/\/prodblog.interflora.es\/blog\/wp-content\/uploads\/2025\/04\/220422_INTERFLORA_Main_Logo_rgb_Main_Color.png\" alt=\"Entrega r\u00e1pida\"><\/div><span>Estrella de Navidad<\/span><p>29.99 \u20ac<\/p><span class=\"obf-link lp-cta\" role=\"link\" tabindex=\"0\" data-b64=\"aHR0cHM6Ly93d3cuaW50ZXJmbG9yYS5lcy9wL2VzdHJlbGxhLWRlLW5hdmlkYWQvMT91dG1fbWVkaXVtPW9yZ2FuaWMmdXRtX3NvdXJjZT1ibG9nX3Byb2R1Y3RzJnV0bV9jYW1wYWlnbj1QRjAyNw==\" data-target=\"_blank\"><svg xmlns=\"http:\/\/www.w3.org\/2000\/svg\" width=\"16\" height=\"16\" fill=\"currentColor\" class=\"bi bi-bag\" viewBox=\"0 0 16 16\"><path d=\"M8 1a2 2 0 0 1 2 2v1h2.5A1.5 1.5 0 0 1 14 5.5v8A1.5 1.5 0 0 1 12.5 15h-9A1.5 1.5 0 0 1 2 13.5v-8A1.5 1.5 0 0 1 3.5 3H6V2a2 2 0 0 1 2-1zm1 3V3a1 1 0 0 0-2 0v1h2z\"\/><\/svg>Comprar<\/span><p class=\"rapido\">Entrega urgente<\/p><\/div><div class=\"lp-produit\"><div class=\"lp-thumbnail-wrapper\"><img loading=\"lazy\" decoding=\"async\" width=\"300\" height=\"300\" src=\"https:\/\/www.interflora.es\/blog\/wp-content\/uploads\/2025\/04\/1688371137-ramo-del-florista-rojo-f0159-1-300x300.jpg\" class=\"attachment-medium size-medium wp-post-image\" alt=\"\" srcset=\"https:\/\/www.interflora.es\/blog\/wp-content\/uploads\/2025\/04\/1688371137-ramo-del-florista-rojo-f0159-1-300x300.jpg 300w, https:\/\/www.interflora.es\/blog\/wp-content\/uploads\/2025\/04\/1688371137-ramo-del-florista-rojo-f0159-1-1024x1024.jpg 1024w, https:\/\/www.interflora.es\/blog\/wp-content\/uploads\/2025\/04\/1688371137-ramo-del-florista-rojo-f0159-1-150x150.jpg 150w, https:\/\/www.interflora.es\/blog\/wp-content\/uploads\/2025\/04\/1688371137-ramo-del-florista-rojo-f0159-1-768x768.jpg 768w, https:\/\/www.interflora.es\/blog\/wp-content\/uploads\/2025\/04\/1688371137-ramo-del-florista-rojo-f0159-1.jpg 1500w\" sizes=\"auto, (max-width: 300px) 100vw, 300px\" \/><img decoding=\"async\" class=\"lp-badge\" src=\"https:\/\/prodblog.interflora.es\/blog\/wp-content\/uploads\/2025\/04\/220422_INTERFLORA_Main_Logo_rgb_Main_Color.png\" alt=\"Entrega r\u00e1pida\"><\/div><span>Ramo del Florista rojo<\/span><p>37.99 \u20ac<\/p><span class=\"obf-link lp-cta\" role=\"link\" tabindex=\"0\" data-b64=\"aHR0cHM6Ly93d3cuaW50ZXJmbG9yYS5lcy9wL3JhbW8tZGVsLWZsb3Jpc3RhLXJvam8vMT91dG1fbWVkaXVtPW9yZ2FuaWMmdXRtX3NvdXJjZT1ibG9nX3Byb2R1Y3RzJnV0bV9jYW1wYWlnbj1GMDE1OQ==\" data-target=\"_blank\"><svg xmlns=\"http:\/\/www.w3.org\/2000\/svg\" width=\"16\" height=\"16\" fill=\"currentColor\" class=\"bi bi-bag\" viewBox=\"0 0 16 16\"><path d=\"M8 1a2 2 0 0 1 2 2v1h2.5A1.5 1.5 0 0 1 14 5.5v8A1.5 1.5 0 0 1 12.5 15h-9A1.5 1.5 0 0 1 2 13.5v-8A1.5 1.5 0 0 1 3.5 3H6V2a2 2 0 0 1 2-1zm1 3V3a1 1 0 0 0-2 0v1h2z\"\/><\/svg>Comprar<\/span><p class=\"rapido\">Entrega urgente<\/p><\/div><\/div>\n\n\n\n<div style=\"height:5px\" aria-hidden=\"true\" class=\"wp-block-spacer\"><\/div>\n\n\n\n<h2 class=\"wp-block-heading alignwide\">C\u00f3mo cuidar las amarilis<\/h2>\n\n\n\n<p>Las fiestas navide\u00f1as est\u00e1n cada vez m\u00e1s cerca y seguro que ya est\u00e1s pensando en ideas originales de decoraci\u00f3n para estas fechas. \u00bfTe gustar\u00eda celebrar la Navidad con unas preciosas flores de amarilis? \u00a1Pues sigue estos consejos sobre c\u00f3mo cuidar las amaryllis en maceta!<\/p>\n\n\n\n<div class=\"wp-block-columns alignwide is-layout-flex wp-container-core-columns-is-layout-28f84493 wp-block-columns-is-layout-flex\">\n<div class=\"wp-block-column is-layout-flow wp-block-column-is-layout-flow\">\n<h3 class=\"wp-block-heading\">Amarilis: cuidados en maceta<\/h3>\n\n\n\n<p>Para disfrutar de unas bellas flores de amarilis en maceta durante las fiestas navide\u00f1as, tienes que anticipar un poco su cultivo. Sigue estos pasos desde ya mismo y ver\u00e1s que buenos resultados:<\/p>\n\n\n\n<ul class=\"wp-block-list\">\n<li style=\"padding-top:var(--wp--preset--spacing--20);padding-bottom:var(--wp--preset--spacing--20)\">Planta los bulbos de amarilis hacia mediados de octubre o principios de noviembre. Para ello, elige de preferencia una maceta de barro de unos 20 cm. Pon unas bolas de arcilla en el fondo y tierra para plantas de interior.&nbsp;<\/li>\n\n\n\n<li style=\"padding-top:var(--wp--preset--spacing--20);padding-bottom:var(--wp--preset--spacing--20)\">Planta el bulbo a unos 2 cm de la superficie. La amarilis es muy sensible a las heladas, por lo que es mejor que pongas tu maceta en el interior, en un lugar sin demasiada luz y a una temperatura m\u00e1s bien fresca (sobre unos 15 \u00baC), por lo menos hasta que el bulbo tenga ra\u00edces.&nbsp;<\/li>\n\n\n\n<li style=\"padding-top:var(--wp--preset--spacing--20);padding-bottom:var(--wp--preset--spacing--20)\">Espera m\u00e1s o menos un mes y medio y cambia tu amaryllis en maceta a un lugar luminoso y m\u00e1s c\u00e1lido (unos 20 \u00baC). Si todo va bien, tus flores aparecer\u00e1n en el momento perfecto, \u00a1un bello regalo de Navidad!<\/li>\n<\/ul>\n<\/div>\n\n\n\n<div class=\"wp-block-column is-layout-flow wp-block-column-is-layout-flow\">\n<figure class=\"wp-block-image size-large\"><img loading=\"lazy\" decoding=\"async\" width=\"1024\" height=\"938\" src=\"https:\/\/www.interflora.es\/blog\/wp-content\/uploads\/amarilis-maceta-1024x938.jpg\" alt=\"Cuidar amarilis en maceta\" class=\"wp-image-26186\" srcset=\"https:\/\/www.interflora.es\/blog\/wp-content\/uploads\/amarilis-maceta-1024x938.jpg 1024w, https:\/\/www.interflora.es\/blog\/wp-content\/uploads\/amarilis-maceta-300x275.jpg 300w, https:\/\/www.interflora.es\/blog\/wp-content\/uploads\/amarilis-maceta-768x704.jpg 768w, https:\/\/www.interflora.es\/blog\/wp-content\/uploads\/amarilis-maceta-1536x1407.jpg 1536w, https:\/\/www.interflora.es\/blog\/wp-content\/uploads\/amarilis-maceta.jpg 1900w\" sizes=\"auto, (max-width: 1024px) 100vw, 1024px\" \/><\/figure>\n<\/div>\n<\/div>\n\n\n\n<div class=\"wp-block-columns alignwide is-layout-flex wp-container-core-columns-is-layout-51c0b34d wp-block-columns-is-layout-flex\" style=\"padding-top:var(--wp--preset--spacing--50);padding-bottom:var(--wp--preset--spacing--50)\">\n<div class=\"wp-block-column is-layout-flow wp-block-column-is-layout-flow\">\n<h3 class=\"wp-block-heading alignwide\">Amarilis: cuidados despu\u00e9s de florecer<\/h3>\n\n\n\n<p>La amarilis es una planta primaveral cuya floraci\u00f3n se ha forzado para que tenga lugar durante el periodo navide\u00f1o. Sin embargo, una vez que tus flores se marchiten y se caigan, solo tienes que esperar hasta la primavera para que tu planta vuelva a renacer. Si la profesas estos cuidados despu\u00e9s de florecer, tu amarilis volver\u00e1 a estar bella y hermosa en unos meses:<\/p>\n\n\n\n<ul class=\"wp-block-list\">\n<li style=\"padding-top:var(--wp--preset--spacing--20);padding-bottom:var(--wp--preset--spacing--20)\">Corta los tallos a una altura de m\u00e1s o menos 5 cm de la superficie de la tierra, sin tocar a las hojas, y pon tu maceta en un lugar m\u00e1s fresco. Si al cabo de 3 o 4 d\u00edas tu maceta se ha quedado peque\u00f1a, es el momento ideal para cambiarla.&nbsp;<\/li>\n\n\n\n<li style=\"padding-top:var(--wp--preset--spacing--20);padding-bottom:var(--wp--preset--spacing--20)\">Mant\u00e9n la tierra h\u00fameda regando tu planta moderadamente, hasta la llegada de los primeros rayos de sol de la primavera. Cuando las temperaturas suban un poco y que ya no haya riesgo de heladas, pon tu maceta en exterior, en un lugar donde no reciba los rayos directos del sol.&nbsp; Aumenta poco a poco los riegos y aporta a tu amaryllis un abono bien diluido.&nbsp;<\/li>\n<\/ul>\n<\/div>\n\n\n\n<div class=\"wp-block-column is-layout-flow wp-block-column-is-layout-flow\">\n<figure class=\"wp-block-image size-large\"><img loading=\"lazy\" decoding=\"async\" width=\"1022\" height=\"1024\" src=\"https:\/\/www.interflora.es\/blog\/wp-content\/uploads\/amarilis-cuidados-1022x1024.jpg\" alt=\"Cuidados amarilis ramo\" class=\"wp-image-26194\" srcset=\"https:\/\/www.interflora.es\/blog\/wp-content\/uploads\/amarilis-cuidados-1022x1024.jpg 1022w, https:\/\/www.interflora.es\/blog\/wp-content\/uploads\/amarilis-cuidados-300x300.jpg 300w, https:\/\/www.interflora.es\/blog\/wp-content\/uploads\/amarilis-cuidados-150x150.jpg 150w, https:\/\/www.interflora.es\/blog\/wp-content\/uploads\/amarilis-cuidados-768x769.jpg 768w, https:\/\/www.interflora.es\/blog\/wp-content\/uploads\/amarilis-cuidados-1534x1536.jpg 1534w, https:\/\/www.interflora.es\/blog\/wp-content\/uploads\/amarilis-cuidados.jpg 1900w\" sizes=\"auto, (max-width: 1022px) 100vw, 1022px\" \/><\/figure>\n<\/div>\n<\/div>\n\n\n\n<h2 class=\"wp-block-heading alignwide\">C\u00f3mo cuidar la amarilis para que vuelva a florecer<\/h2>\n\n\n\n<p>Las hojas de tu amarilis, que han salido verdes y hermosas en primavera, se van a volver amarillas durante el verano. No te preocupes, eso es se\u00f1al de que tu amaryllis est\u00e1 descansando. Riega de manera m\u00e1s espaciada tu planta y, a partir de septiembre, cons\u00e9rvala en el interior, en un lugar seco y fresco, protegida de los rayos directos del sol. Para de regarla por completo y al cabo de 3 meses empieza de nuevo el proceso: pon la amarilis en un lugar luminoso y un poco m\u00e1s c\u00e1lido y cambia la tierra de los bulbos para remplazarla por una nueva.&nbsp;<\/p>\n\n\n\n<p>Si todo va bien, las flores de la amaryllis aparecer\u00e1n en diciembre o a principios de enero. Si no es el caso, \u00a1no te desesperes! Generalmente el hippeastrum no florece el primer a\u00f1o. En cambio, si aplicas los cuidados de la amaryllis en maceta de los que hemos hablado, \u00a1sus flores ser\u00e1n a\u00fan m\u00e1s bellas el a\u00f1o siguiente!<\/p>\n\n\n\n<h2 class=\"wp-block-heading alignwide\">Curiosidades sobre la amarilis, \u00a1descubre esta planta m\u00e1s all\u00e1 de sus bonitas flores!<\/h2>\n\n\n\n<div class=\"wp-block-columns alignwide is-layout-flex wp-container-core-columns-is-layout-28f84493 wp-block-columns-is-layout-flex\">\n<div class=\"wp-block-column is-layout-flow wp-block-column-is-layout-flow\">\n<figure class=\"wp-block-image size-large\"><img loading=\"lazy\" decoding=\"async\" width=\"1024\" height=\"1024\" src=\"https:\/\/www.interflora.es\/blog\/wp-content\/uploads\/amarilis-rosa-1024x1024.jpg\" alt=\"Amarilis rosa\" class=\"wp-image-26201\" srcset=\"https:\/\/www.interflora.es\/blog\/wp-content\/uploads\/amarilis-rosa-1024x1024.jpg 1024w, https:\/\/www.interflora.es\/blog\/wp-content\/uploads\/amarilis-rosa-300x300.jpg 300w, https:\/\/www.interflora.es\/blog\/wp-content\/uploads\/amarilis-rosa-150x150.jpg 150w, https:\/\/www.interflora.es\/blog\/wp-content\/uploads\/amarilis-rosa-768x768.jpg 768w, https:\/\/www.interflora.es\/blog\/wp-content\/uploads\/amarilis-rosa-1536x1536.jpg 1536w, https:\/\/www.interflora.es\/blog\/wp-content\/uploads\/amarilis-rosa.jpg 1900w\" sizes=\"auto, (max-width: 1024px) 100vw, 1024px\" \/><\/figure>\n<\/div>\n\n\n\n<div class=\"wp-block-column is-layout-flow wp-block-column-is-layout-flow\">\n<p>Las plantas tienen una vida m\u00e1s all\u00e1 de sus flores, y la amaryllis no es una excepci\u00f3n. \u00bfQuieres saber algunas cosas curiosas sobre la amarilis? \u00a1Pues sigue leyendo!:<\/p>\n\n\n\n<ul class=\"wp-block-list has-border-color has-ast-global-color-5-border-color\">\n<li style=\"padding-top:var(--wp--preset--spacing--20);padding-right:0;padding-bottom:var(--wp--preset--spacing--20);padding-left:0\">Existe una flor que se llama verdaderamente amarilis, es la <strong>amaryllis belladona<\/strong>. Un g\u00e9nero de plantas distinto que pertenece a la misma familia de las amarilid\u00e1ceas. Se trata de una planta cultivada en exterior, originaria de \u00c1frica del Sur y que florece en oto\u00f1o. \u00a1Seguro que tienes un lugar para ella en tu jard\u00edn!<\/li>\n\n\n\n<li style=\"padding-top:var(--wp--preset--spacing--20);padding-right:0;padding-bottom:var(--wp--preset--spacing--20);padding-left:0\">\u00bfSab\u00edas que Amarilis tambi\u00e9n puede ser un nombre de mujer?&nbsp;<\/li>\n\n\n\n<li style=\"padding-top:var(--wp--preset--spacing--20);padding-right:0;padding-bottom:var(--wp--preset--spacing--20);padding-left:0\">Para una decoraci\u00f3n de Navidad sorprendente, cuelga varias amaryllis boca abajo con un hilo met\u00e1lico. Para mantenerlas frescas, llena su tallo con agua y, si es necesario, tap\u00f3nalo con un trocito de algod\u00f3n.&nbsp;<\/li>\n\n\n\n<li style=\"padding-top:var(--wp--preset--spacing--20);padding-right:0;padding-bottom:var(--wp--preset--spacing--20);padding-left:0\">La amarilis es ideal para decorar una oficina u otro lugar de trabajo. Su gran tama\u00f1o y sus p\u00e9talos rojos estimulan el cerebro y aumentan la energ\u00eda, favoreciendo la confianza en s\u00ed mismo y el trabajo en equipo.<\/li>\n<\/ul>\n<\/div>\n<\/div>\n\n\n\n<h2 class=\"wp-block-heading alignwide\" style=\"padding-top:var(--wp--preset--spacing--30);padding-bottom:var(--wp--preset--spacing--30)\">Amarilis: c\u00f3mo cuidar un ramo de estas bellas flores<\/h2>\n\n\n\n<div class=\"wp-block-columns alignwide is-layout-flex wp-container-core-columns-is-layout-28f84493 wp-block-columns-is-layout-flex\">\n<div class=\"wp-block-column is-layout-flow wp-block-column-is-layout-flow\">\n<p>Si tienes la suerte de que te hayan regalado <a href=\"https:\/\/www.interflora.es\/c\/flores\/ramos-de-amarilis\">un precioso ramo de amarilis<\/a>, toma nota de estos cuidados simples que har\u00e1n que tus flores est\u00e9n radiantes durante mucho m\u00e1s tiempo:<\/p>\n\n\n\n<ol class=\"wp-block-list\">\n<li style=\"padding-top:var(--wp--preset--spacing--30);padding-bottom:var(--wp--preset--spacing--30)\">Corta el tallo 1 cm m\u00e1s o menos.<\/li>\n\n\n\n<li style=\"padding-top:var(--wp--preset--spacing--30);padding-bottom:var(--wp--preset--spacing--30)\">Pon tus flores en un florero con mucha agua fresca y col\u00f3calas a temperatura ambiente.<\/li>\n\n\n\n<li style=\"padding-top:var(--wp--preset--spacing--30);padding-bottom:var(--wp--preset--spacing--30)\">A\u00f1ade un producto nutritivo especial para flores cortadas.<\/li>\n\n\n\n<li style=\"padding-top:var(--wp--preset--spacing--30);padding-bottom:var(--wp--preset--spacing--30)\">Conserva tu ramo de amarilis en un lugar fresco, ya que el calor puede provocar que tus flores maduren r\u00e1pidamente y se marchiten antes.&nbsp;<\/li>\n\n\n\n<li style=\"padding-top:var(--wp--preset--spacing--30);padding-bottom:var(--wp--preset--spacing--30)\">No pongas tu ramo de hippeastrum cerca de un frutero: el etileno que desprenden las frutas podr\u00eda marchitar tus flores.&nbsp;<\/li>\n<\/ol>\n<\/div>\n\n\n\n<div class=\"wp-block-column is-layout-flow wp-block-column-is-layout-flow\">\n<figure class=\"wp-block-image size-large\"><img loading=\"lazy\" decoding=\"async\" width=\"1024\" height=\"1024\" src=\"https:\/\/www.interflora.es\/blog\/wp-content\/uploads\/ramo-amarilis-1024x1024.jpg\" alt=\"Ramo de amarilis\" class=\"wp-image-26154\" srcset=\"https:\/\/www.interflora.es\/blog\/wp-content\/uploads\/ramo-amarilis-1024x1024.jpg 1024w, https:\/\/www.interflora.es\/blog\/wp-content\/uploads\/ramo-amarilis-300x300.jpg 300w, https:\/\/www.interflora.es\/blog\/wp-content\/uploads\/ramo-amarilis-150x150.jpg 150w, https:\/\/www.interflora.es\/blog\/wp-content\/uploads\/ramo-amarilis-768x768.jpg 768w, https:\/\/www.interflora.es\/blog\/wp-content\/uploads\/ramo-amarilis-1536x1536.jpg 1536w, https:\/\/www.interflora.es\/blog\/wp-content\/uploads\/ramo-amarilis.jpg 1900w\" sizes=\"auto, (max-width: 1024px) 100vw, 1024px\" \/><\/figure>\n<\/div>\n<\/div>\n\n\n\n<div style=\"height:5px\" aria-hidden=\"true\" class=\"wp-block-spacer\"><\/div>\n\n\n<div class=\"lp-produits-grid\"><div class=\"lp-produit\"><div class=\"lp-thumbnail-wrapper\"><img loading=\"lazy\" decoding=\"async\" width=\"300\" height=\"300\" src=\"https:\/\/www.interflora.es\/blog\/wp-content\/uploads\/2025\/11\/1726480940-reginadellenevi-hd-1-300x300.jpg\" class=\"attachment-medium size-medium wp-post-image\" alt=\"\" srcset=\"https:\/\/www.interflora.es\/blog\/wp-content\/uploads\/2025\/11\/1726480940-reginadellenevi-hd-1-300x300.jpg 300w, https:\/\/www.interflora.es\/blog\/wp-content\/uploads\/2025\/11\/1726480940-reginadellenevi-hd-1-1024x1024.jpg 1024w, https:\/\/www.interflora.es\/blog\/wp-content\/uploads\/2025\/11\/1726480940-reginadellenevi-hd-1-150x150.jpg 150w, https:\/\/www.interflora.es\/blog\/wp-content\/uploads\/2025\/11\/1726480940-reginadellenevi-hd-1-768x768.jpg 768w, https:\/\/www.interflora.es\/blog\/wp-content\/uploads\/2025\/11\/1726480940-reginadellenevi-hd-1-1536x1536.jpg 1536w, https:\/\/www.interflora.es\/blog\/wp-content\/uploads\/2025\/11\/1726480940-reginadellenevi-hd-1-2048x2048.jpg 2048w\" sizes=\"auto, (max-width: 300px) 100vw, 300px\" \/><img decoding=\"async\" class=\"lp-badge\" src=\"https:\/\/prodblog.interflora.es\/blog\/wp-content\/uploads\/2025\/04\/220422_INTERFLORA_Main_Logo_rgb_Main_Color.png\" alt=\"Entrega r\u00e1pida\"><\/div><span>Reina de las Nieves<\/span><p>54.99 \u20ac<\/p><span class=\"obf-link lp-cta\" role=\"link\" tabindex=\"0\" data-b64=\"aHR0cHM6Ly93d3cuaW50ZXJmbG9yYS5lcy9wL3JlaW5hLWRlLWxhcy1uaWV2ZXMvMT91dG1fbWVkaXVtPW9yZ2FuaWMmdXRtX3NvdXJjZT1ibG9nX3Byb2R1Y3RzJnV0bV9jYW1wYWlnbj1GRjExOA==\" data-target=\"_blank\"><svg xmlns=\"http:\/\/www.w3.org\/2000\/svg\" width=\"16\" height=\"16\" fill=\"currentColor\" class=\"bi bi-bag\" viewBox=\"0 0 16 16\"><path d=\"M8 1a2 2 0 0 1 2 2v1h2.5A1.5 1.5 0 0 1 14 5.5v8A1.5 1.5 0 0 1 12.5 15h-9A1.5 1.5 0 0 1 2 13.5v-8A1.5 1.5 0 0 1 3.5 3H6V2a2 2 0 0 1 2-1zm1 3V3a1 1 0 0 0-2 0v1h2z\"\/><\/svg>Comprar<\/span><p class=\"rapido\">Env\u00edo r\u00e1pido<\/p><\/div><div class=\"lp-produit\"><div class=\"lp-thumbnail-wrapper\"><img loading=\"lazy\" decoding=\"async\" width=\"300\" height=\"300\" src=\"https:\/\/www.interflora.es\/blog\/wp-content\/uploads\/2025\/11\/1706255897-regina-hd-1-300x300.jpg\" class=\"attachment-medium size-medium wp-post-image\" alt=\"\" srcset=\"https:\/\/www.interflora.es\/blog\/wp-content\/uploads\/2025\/11\/1706255897-regina-hd-1-300x300.jpg 300w, https:\/\/www.interflora.es\/blog\/wp-content\/uploads\/2025\/11\/1706255897-regina-hd-1-1024x1024.jpg 1024w, https:\/\/www.interflora.es\/blog\/wp-content\/uploads\/2025\/11\/1706255897-regina-hd-1-150x150.jpg 150w, https:\/\/www.interflora.es\/blog\/wp-content\/uploads\/2025\/11\/1706255897-regina-hd-1-768x768.jpg 768w, https:\/\/www.interflora.es\/blog\/wp-content\/uploads\/2025\/11\/1706255897-regina-hd-1.jpg 1400w\" sizes=\"auto, (max-width: 300px) 100vw, 300px\" \/><img decoding=\"async\" class=\"lp-badge\" src=\"https:\/\/prodblog.interflora.es\/blog\/wp-content\/uploads\/2025\/04\/220422_INTERFLORA_Main_Logo_rgb_Main_Color.png\" alt=\"Entrega r\u00e1pida\"><\/div><span>Reina de corazones<\/span><p>29.99 \u20ac<\/p><span class=\"obf-link lp-cta\" role=\"link\" tabindex=\"0\" data-b64=\"aHR0cHM6Ly93d3cuaW50ZXJmbG9yYS5lcy9wL3JlaW5hLWRlLWNvcmF6b25lcy8xP3V0bV9tZWRpdW09b3JnYW5pYyZ1dG1fc291cmNlPWJsb2dfcHJvZHVjdHMmdXRtX2NhbXBhaWduPUZXRDA0MA==\" data-target=\"_blank\"><svg xmlns=\"http:\/\/www.w3.org\/2000\/svg\" width=\"16\" height=\"16\" fill=\"currentColor\" class=\"bi bi-bag\" viewBox=\"0 0 16 16\"><path d=\"M8 1a2 2 0 0 1 2 2v1h2.5A1.5 1.5 0 0 1 14 5.5v8A1.5 1.5 0 0 1 12.5 15h-9A1.5 1.5 0 0 1 2 13.5v-8A1.5 1.5 0 0 1 3.5 3H6V2a2 2 0 0 1 2-1zm1 3V3a1 1 0 0 0-2 0v1h2z\"\/><\/svg>Comprar<\/span><p class=\"rapido\">Entrega en el d\u00eda<\/p><\/div><div class=\"lp-produit\"><div class=\"lp-thumbnail-wrapper\"><img loading=\"lazy\" decoding=\"async\" width=\"300\" height=\"300\" src=\"https:\/\/www.interflora.es\/blog\/wp-content\/uploads\/2025\/04\/1688371137-ramo-del-florista-rojo-f0159-1-300x300.jpg\" class=\"attachment-medium size-medium wp-post-image\" alt=\"\" srcset=\"https:\/\/www.interflora.es\/blog\/wp-content\/uploads\/2025\/04\/1688371137-ramo-del-florista-rojo-f0159-1-300x300.jpg 300w, https:\/\/www.interflora.es\/blog\/wp-content\/uploads\/2025\/04\/1688371137-ramo-del-florista-rojo-f0159-1-1024x1024.jpg 1024w, https:\/\/www.interflora.es\/blog\/wp-content\/uploads\/2025\/04\/1688371137-ramo-del-florista-rojo-f0159-1-150x150.jpg 150w, https:\/\/www.interflora.es\/blog\/wp-content\/uploads\/2025\/04\/1688371137-ramo-del-florista-rojo-f0159-1-768x768.jpg 768w, https:\/\/www.interflora.es\/blog\/wp-content\/uploads\/2025\/04\/1688371137-ramo-del-florista-rojo-f0159-1.jpg 1500w\" sizes=\"auto, (max-width: 300px) 100vw, 300px\" \/><img decoding=\"async\" class=\"lp-badge\" src=\"https:\/\/prodblog.interflora.es\/blog\/wp-content\/uploads\/2025\/04\/220422_INTERFLORA_Main_Logo_rgb_Main_Color.png\" alt=\"Entrega r\u00e1pida\"><\/div><span>Ramo del Florista rojo<\/span><p>37.99 \u20ac<\/p><span class=\"obf-link lp-cta\" role=\"link\" tabindex=\"0\" data-b64=\"aHR0cHM6Ly93d3cuaW50ZXJmbG9yYS5lcy9wL3JhbW8tZGVsLWZsb3Jpc3RhLXJvam8vMT91dG1fbWVkaXVtPW9yZ2FuaWMmdXRtX3NvdXJjZT1ibG9nX3Byb2R1Y3RzJnV0bV9jYW1wYWlnbj1GMDE1OQ==\" data-target=\"_blank\"><svg xmlns=\"http:\/\/www.w3.org\/2000\/svg\" width=\"16\" height=\"16\" fill=\"currentColor\" class=\"bi bi-bag\" viewBox=\"0 0 16 16\"><path d=\"M8 1a2 2 0 0 1 2 2v1h2.5A1.5 1.5 0 0 1 14 5.5v8A1.5 1.5 0 0 1 12.5 15h-9A1.5 1.5 0 0 1 2 13.5v-8A1.5 1.5 0 0 1 3.5 3H6V2a2 2 0 0 1 2-1zm1 3V3a1 1 0 0 0-2 0v1h2z\"\/><\/svg>Comprar<\/span><p class=\"rapido\">Flores y plantas frescas<\/p><\/div><div class=\"lp-produit\"><div class=\"lp-thumbnail-wrapper\"><img loading=\"lazy\" decoding=\"async\" width=\"300\" height=\"300\" src=\"https:\/\/www.interflora.es\/blog\/wp-content\/uploads\/2025\/10\/1758204656-pf027-stella-di-natale-key-2-300x300.jpg\" class=\"attachment-medium size-medium wp-post-image\" alt=\"\" srcset=\"https:\/\/www.interflora.es\/blog\/wp-content\/uploads\/2025\/10\/1758204656-pf027-stella-di-natale-key-2-300x300.jpg 300w, https:\/\/www.interflora.es\/blog\/wp-content\/uploads\/2025\/10\/1758204656-pf027-stella-di-natale-key-2-1024x1024.jpg 1024w, https:\/\/www.interflora.es\/blog\/wp-content\/uploads\/2025\/10\/1758204656-pf027-stella-di-natale-key-2-150x150.jpg 150w, https:\/\/www.interflora.es\/blog\/wp-content\/uploads\/2025\/10\/1758204656-pf027-stella-di-natale-key-2-768x768.jpg 768w, https:\/\/www.interflora.es\/blog\/wp-content\/uploads\/2025\/10\/1758204656-pf027-stella-di-natale-key-2-1536x1536.jpg 1536w, https:\/\/www.interflora.es\/blog\/wp-content\/uploads\/2025\/10\/1758204656-pf027-stella-di-natale-key-2-2048x2048.jpg 2048w\" sizes=\"auto, (max-width: 300px) 100vw, 300px\" \/><img decoding=\"async\" class=\"lp-badge\" src=\"https:\/\/prodblog.interflora.es\/blog\/wp-content\/uploads\/2025\/04\/220422_INTERFLORA_Main_Logo_rgb_Main_Color.png\" alt=\"Entrega r\u00e1pida\"><\/div><span>Estrella de Navidad<\/span><p>29.99 \u20ac<\/p><span class=\"obf-link lp-cta\" role=\"link\" tabindex=\"0\" data-b64=\"aHR0cHM6Ly93d3cuaW50ZXJmbG9yYS5lcy9wL2VzdHJlbGxhLWRlLW5hdmlkYWQvMT91dG1fbWVkaXVtPW9yZ2FuaWMmdXRtX3NvdXJjZT1ibG9nX3Byb2R1Y3RzJnV0bV9jYW1wYWlnbj1QRjAyNw==\" data-target=\"_blank\"><svg xmlns=\"http:\/\/www.w3.org\/2000\/svg\" width=\"16\" height=\"16\" fill=\"currentColor\" class=\"bi bi-bag\" viewBox=\"0 0 16 16\"><path d=\"M8 1a2 2 0 0 1 2 2v1h2.5A1.5 1.5 0 0 1 14 5.5v8A1.5 1.5 0 0 1 12.5 15h-9A1.5 1.5 0 0 1 2 13.5v-8A1.5 1.5 0 0 1 3.5 3H6V2a2 2 0 0 1 2-1zm1 3V3a1 1 0 0 0-2 0v1h2z\"\/><\/svg>Comprar<\/span><p class=\"rapido\">Atenci\u00f3n al cliente siempre disponible<\/p><\/div><\/div>\n","protected":false},"excerpt":{"rendered":"<p>Majestuosa y elegante, esta bella planta bulbosa calienta los corazones en invierno con sus grandes flores de colores llamativos. El [&hellip;]<\/p>\n","protected":false},"author":13,"featured_media":32293,"comment_status":"open","ping_status":"closed","sticky":false,"template":"","format":"standard","meta":{"_acf_changed":false,"_uag_custom_page_level_css":"","site-sidebar-layout":"default","site-content-layout":"","ast-site-content-layout":"default","site-content-style":"default","site-sidebar-style":"default","ast-global-header-display":"","ast-banner-title-visibility":"","ast-main-header-display":"","ast-hfb-above-header-display":"","ast-hfb-below-header-display":"","ast-hfb-mobile-header-display":"","site-post-title":"","ast-breadcrumbs-content":"","ast-featured-img":"","footer-sml-layout":"","theme-transparent-header-meta":"","adv-header-id-meta":"","stick-header-meta":"","header-above-stick-meta":"","header-main-stick-meta":"","header-below-stick-meta":"","astra-migrate-meta-layouts":"set","ast-page-background-enabled":"default","ast-page-background-meta":{"desktop":{"background-color":"var(--ast-global-color-5)","background-image":"","background-repeat":"repeat","background-position":"center center","background-size":"auto","background-attachment":"scroll","background-type":"","background-media":"","overlay-type":"","overlay-color":"","overlay-opacity":"","overlay-gradient":""},"tablet":{"background-color":"","background-image":"","background-repeat":"repeat","background-position":"center center","background-size":"auto","background-attachment":"scroll","background-type":"","background-media":"","overlay-type":"","overlay-color":"","overlay-opacity":"","overlay-gradient":""},"mobile":{"background-color":"","background-image":"","background-repeat":"repeat","background-position":"center center","background-size":"auto","background-attachment":"scroll","background-type":"","background-media":"","overlay-type":"","overlay-color":"","overlay-opacity":"","overlay-gradient":""}},"ast-content-background-meta":{"desktop":{"background-color":"var(--ast-global-color-4)","background-image":"","background-repeat":"repeat","background-position":"center center","background-size":"auto","background-attachment":"scroll","background-type":"","background-media":"","overlay-type":"","overlay-color":"","overlay-opacity":"","overlay-gradient":""},"tablet":{"background-color":"var(--ast-global-color-4)","background-image":"","background-repeat":"repeat","background-position":"center center","background-size":"auto","background-attachment":"scroll","background-type":"","background-media":"","overlay-type":"","overlay-color":"","overlay-opacity":"","overlay-gradient":""},"mobile":{"background-color":"var(--ast-global-color-4)","background-image":"","background-repeat":"repeat","background-position":"center center","background-size":"auto","background-attachment":"scroll","background-type":"","background-media":"","overlay-type":"","overlay-color":"","overlay-opacity":"","overlay-gradient":""}},"footnotes":""},"categories":[17,186,20],"tags":[156],"class_list":["post-26142","post","type-post","status-publish","format-standard","has-post-thumbnail","hentry","category-cuidados","category-invierno","category-plantas","tag-amarilis"],"acf":[],"yoast_head":"<!-- This site is optimized with the Yoast SEO plugin v27.5 - https:\/\/yoast.com\/product\/yoast-seo-wordpress\/ -->\n<title>Amarilis: c\u00f3mo cuidar y disfrutar de esta planta | Interflora<\/title>\n<meta name=\"description\" content=\"Las bellas flores de la amarilis son ideales para decorar durante las fiestas navide\u00f1as. Interflora te explica c\u00f3mo cuidar amarilis.\" \/>\n<meta name=\"robots\" content=\"index, follow, max-snippet:-1, max-image-preview:large, max-video-preview:-1\" \/>\n<link rel=\"canonical\" href=\"https:\/\/www.interflora.es\/blog\/amarilis-como-cuidar-y-conocer\/\" \/>\n<script type=\"application\/ld+json\" class=\"yoast-schema-graph\">{\"@context\":\"https:\\\/\\\/schema.org\",\"@graph\":[{\"@type\":\"Article\",\"@id\":\"https:\\\/\\\/www.interflora.es\\\/blog\\\/amarilis-como-cuidar-y-conocer\\\/#article\",\"isPartOf\":{\"@id\":\"https:\\\/\\\/www.interflora.es\\\/blog\\\/amarilis-como-cuidar-y-conocer\\\/\"},\"author\":{\"name\":\"Interflora\",\"@id\":\"https:\\\/\\\/www.interflora.es\\\/blog\\\/#\\\/schema\\\/person\\\/e3ecff50262948e365b92682cdc2a9d1\"},\"headline\":\"Amarilis: c\u00f3mo cuidar, conocer y disfrutar de esta bella planta\",\"datePublished\":\"2025-11-13T08:36:06+00:00\",\"dateModified\":\"2025-11-18T13:00:13+00:00\",\"mainEntityOfPage\":{\"@id\":\"https:\\\/\\\/www.interflora.es\\\/blog\\\/amarilis-como-cuidar-y-conocer\\\/\"},\"wordCount\":1555,\"commentCount\":0,\"publisher\":{\"@id\":\"https:\\\/\\\/www.interflora.es\\\/blog\\\/#organization\"},\"image\":{\"@id\":\"https:\\\/\\\/www.interflora.es\\\/blog\\\/amarilis-como-cuidar-y-conocer\\\/#primaryimage\"},\"thumbnailUrl\":\"https:\\\/\\\/www.interflora.es\\\/blog\\\/wp-content\\\/uploads\\\/2025\\\/11\\\/amaryllis-navidad.jpg\",\"keywords\":[\"amarilis\"],\"articleSection\":[\"Cuidados de plantas y flores\",\"Invierno\",\"Plantas\"],\"inLanguage\":\"es\",\"potentialAction\":[{\"@type\":\"CommentAction\",\"name\":\"Comment\",\"target\":[\"https:\\\/\\\/www.interflora.es\\\/blog\\\/amarilis-como-cuidar-y-conocer\\\/#respond\"]}]},{\"@type\":\"WebPage\",\"@id\":\"https:\\\/\\\/www.interflora.es\\\/blog\\\/amarilis-como-cuidar-y-conocer\\\/\",\"url\":\"https:\\\/\\\/www.interflora.es\\\/blog\\\/amarilis-como-cuidar-y-conocer\\\/\",\"name\":\"Amarilis: c\u00f3mo cuidar y disfrutar de esta planta | Interflora\",\"isPartOf\":{\"@id\":\"https:\\\/\\\/www.interflora.es\\\/blog\\\/#website\"},\"primaryImageOfPage\":{\"@id\":\"https:\\\/\\\/www.interflora.es\\\/blog\\\/amarilis-como-cuidar-y-conocer\\\/#primaryimage\"},\"image\":{\"@id\":\"https:\\\/\\\/www.interflora.es\\\/blog\\\/amarilis-como-cuidar-y-conocer\\\/#primaryimage\"},\"thumbnailUrl\":\"https:\\\/\\\/www.interflora.es\\\/blog\\\/wp-content\\\/uploads\\\/2025\\\/11\\\/amaryllis-navidad.jpg\",\"datePublished\":\"2025-11-13T08:36:06+00:00\",\"dateModified\":\"2025-11-18T13:00:13+00:00\",\"description\":\"Las bellas flores de la amarilis son ideales para decorar durante las fiestas navide\u00f1as. Interflora te explica c\u00f3mo cuidar amarilis.\",\"breadcrumb\":{\"@id\":\"https:\\\/\\\/www.interflora.es\\\/blog\\\/amarilis-como-cuidar-y-conocer\\\/#breadcrumb\"},\"inLanguage\":\"es\",\"potentialAction\":[{\"@type\":\"ReadAction\",\"target\":[\"https:\\\/\\\/www.interflora.es\\\/blog\\\/amarilis-como-cuidar-y-conocer\\\/\"]}]},{\"@type\":\"ImageObject\",\"inLanguage\":\"es\",\"@id\":\"https:\\\/\\\/www.interflora.es\\\/blog\\\/amarilis-como-cuidar-y-conocer\\\/#primaryimage\",\"url\":\"https:\\\/\\\/www.interflora.es\\\/blog\\\/wp-content\\\/uploads\\\/2025\\\/11\\\/amaryllis-navidad.jpg\",\"contentUrl\":\"https:\\\/\\\/www.interflora.es\\\/blog\\\/wp-content\\\/uploads\\\/2025\\\/11\\\/amaryllis-navidad.jpg\",\"width\":1500,\"height\":1500},{\"@type\":\"BreadcrumbList\",\"@id\":\"https:\\\/\\\/www.interflora.es\\\/blog\\\/amarilis-como-cuidar-y-conocer\\\/#breadcrumb\",\"itemListElement\":[{\"@type\":\"ListItem\",\"position\":1,\"name\":\"Home\",\"item\":\"https:\\\/\\\/www.interflora.es\\\/blog\\\/\"},{\"@type\":\"ListItem\",\"position\":2,\"name\":\"Amarilis: c\u00f3mo cuidar, conocer y disfrutar de esta bella planta\"}]},{\"@type\":\"WebSite\",\"@id\":\"https:\\\/\\\/www.interflora.es\\\/blog\\\/#website\",\"url\":\"https:\\\/\\\/www.interflora.es\\\/blog\\\/\",\"name\":\"El blog de Interflora : consejos, ideas e inspiraci\u00f3n para disfrutar de las flores y las plantas\",\"description\":\"\",\"publisher\":{\"@id\":\"https:\\\/\\\/www.interflora.es\\\/blog\\\/#organization\"},\"potentialAction\":[{\"@type\":\"SearchAction\",\"target\":{\"@type\":\"EntryPoint\",\"urlTemplate\":\"https:\\\/\\\/www.interflora.es\\\/blog\\\/?s={search_term_string}\"},\"query-input\":{\"@type\":\"PropertyValueSpecification\",\"valueRequired\":true,\"valueName\":\"search_term_string\"}}],\"inLanguage\":\"es\"},{\"@type\":\"Organization\",\"@id\":\"https:\\\/\\\/www.interflora.es\\\/blog\\\/#organization\",\"name\":\"El blog de Interflora : consejos, ideas e inspiraci\u00f3n para disfrutar de las flores y las plantas\",\"url\":\"https:\\\/\\\/www.interflora.es\\\/blog\\\/\",\"logo\":{\"@type\":\"ImageObject\",\"inLanguage\":\"es\",\"@id\":\"https:\\\/\\\/www.interflora.es\\\/blog\\\/#\\\/schema\\\/logo\\\/image\\\/\",\"url\":\"https:\\\/\\\/www.interflora.es\\\/blog\\\/wp-content\\\/uploads\\\/2025\\\/10\\\/cropped-220422_INTERFLORA_Logo_rgb_Half_Top_Circle_Main_Color.png\",\"contentUrl\":\"https:\\\/\\\/www.interflora.es\\\/blog\\\/wp-content\\\/uploads\\\/2025\\\/10\\\/cropped-220422_INTERFLORA_Logo_rgb_Half_Top_Circle_Main_Color.png\",\"width\":1418,\"height\":659,\"caption\":\"El blog de Interflora : consejos, ideas e inspiraci\u00f3n para disfrutar de las flores y las plantas\"},\"image\":{\"@id\":\"https:\\\/\\\/www.interflora.es\\\/blog\\\/#\\\/schema\\\/logo\\\/image\\\/\"}},{\"@type\":\"Person\",\"@id\":\"https:\\\/\\\/www.interflora.es\\\/blog\\\/#\\\/schema\\\/person\\\/e3ecff50262948e365b92682cdc2a9d1\",\"name\":\"Interflora\",\"image\":{\"@type\":\"ImageObject\",\"inLanguage\":\"es\",\"@id\":\"https:\\\/\\\/www.interflora.es\\\/blog\\\/wp-content\\\/litespeed\\\/avatar\\\/ef0a9e22ccabc545011ca74a630eaf3e.jpg?ver=1777555250\",\"url\":\"https:\\\/\\\/www.interflora.es\\\/blog\\\/wp-content\\\/litespeed\\\/avatar\\\/ef0a9e22ccabc545011ca74a630eaf3e.jpg?ver=1777555250\",\"contentUrl\":\"https:\\\/\\\/www.interflora.es\\\/blog\\\/wp-content\\\/litespeed\\\/avatar\\\/ef0a9e22ccabc545011ca74a630eaf3e.jpg?ver=1777555250\",\"caption\":\"Interflora\"}}]}<\/script>\n<!-- \/ Yoast SEO plugin. -->","yoast_head_json":{"title":"Amarilis: c\u00f3mo cuidar y disfrutar de esta planta | Interflora","description":"Las bellas flores de la amarilis son ideales para decorar durante las fiestas navide\u00f1as. Interflora te explica c\u00f3mo cuidar amarilis.","robots":{"index":"index","follow":"follow","max-snippet":"max-snippet:-1","max-image-preview":"max-image-preview:large","max-video-preview":"max-video-preview:-1"},"canonical":"https:\/\/www.interflora.es\/blog\/amarilis-como-cuidar-y-conocer\/","schema":{"@context":"https:\/\/schema.org","@graph":[{"@type":"Article","@id":"https:\/\/www.interflora.es\/blog\/amarilis-como-cuidar-y-conocer\/#article","isPartOf":{"@id":"https:\/\/www.interflora.es\/blog\/amarilis-como-cuidar-y-conocer\/"},"author":{"name":"Interflora","@id":"https:\/\/www.interflora.es\/blog\/#\/schema\/person\/e3ecff50262948e365b92682cdc2a9d1"},"headline":"Amarilis: c\u00f3mo cuidar, conocer y disfrutar de esta bella planta","datePublished":"2025-11-13T08:36:06+00:00","dateModified":"2025-11-18T13:00:13+00:00","mainEntityOfPage":{"@id":"https:\/\/www.interflora.es\/blog\/amarilis-como-cuidar-y-conocer\/"},"wordCount":1555,"commentCount":0,"publisher":{"@id":"https:\/\/www.interflora.es\/blog\/#organization"},"image":{"@id":"https:\/\/www.interflora.es\/blog\/amarilis-como-cuidar-y-conocer\/#primaryimage"},"thumbnailUrl":"https:\/\/www.interflora.es\/blog\/wp-content\/uploads\/2025\/11\/amaryllis-navidad.jpg","keywords":["amarilis"],"articleSection":["Cuidados de plantas y flores","Invierno","Plantas"],"inLanguage":"es","potentialAction":[{"@type":"CommentAction","name":"Comment","target":["https:\/\/www.interflora.es\/blog\/amarilis-como-cuidar-y-conocer\/#respond"]}]},{"@type":"WebPage","@id":"https:\/\/www.interflora.es\/blog\/amarilis-como-cuidar-y-conocer\/","url":"https:\/\/www.interflora.es\/blog\/amarilis-como-cuidar-y-conocer\/","name":"Amarilis: c\u00f3mo cuidar y disfrutar de esta planta | Interflora","isPartOf":{"@id":"https:\/\/www.interflora.es\/blog\/#website"},"primaryImageOfPage":{"@id":"https:\/\/www.interflora.es\/blog\/amarilis-como-cuidar-y-conocer\/#primaryimage"},"image":{"@id":"https:\/\/www.interflora.es\/blog\/amarilis-como-cuidar-y-conocer\/#primaryimage"},"thumbnailUrl":"https:\/\/www.interflora.es\/blog\/wp-content\/uploads\/2025\/11\/amaryllis-navidad.jpg","datePublished":"2025-11-13T08:36:06+00:00","dateModified":"2025-11-18T13:00:13+00:00","description":"Las bellas flores de la amarilis son ideales para decorar durante las fiestas navide\u00f1as. Interflora te explica c\u00f3mo cuidar amarilis.","breadcrumb":{"@id":"https:\/\/www.interflora.es\/blog\/amarilis-como-cuidar-y-conocer\/#breadcrumb"},"inLanguage":"es","potentialAction":[{"@type":"ReadAction","target":["https:\/\/www.interflora.es\/blog\/amarilis-como-cuidar-y-conocer\/"]}]},{"@type":"ImageObject","inLanguage":"es","@id":"https:\/\/www.interflora.es\/blog\/amarilis-como-cuidar-y-conocer\/#primaryimage","url":"https:\/\/www.interflora.es\/blog\/wp-content\/uploads\/2025\/11\/amaryllis-navidad.jpg","contentUrl":"https:\/\/www.interflora.es\/blog\/wp-content\/uploads\/2025\/11\/amaryllis-navidad.jpg","width":1500,"height":1500},{"@type":"BreadcrumbList","@id":"https:\/\/www.interflora.es\/blog\/amarilis-como-cuidar-y-conocer\/#breadcrumb","itemListElement":[{"@type":"ListItem","position":1,"name":"Home","item":"https:\/\/www.interflora.es\/blog\/"},{"@type":"ListItem","position":2,"name":"Amarilis: c\u00f3mo cuidar, conocer y disfrutar de esta bella planta"}]},{"@type":"WebSite","@id":"https:\/\/www.interflora.es\/blog\/#website","url":"https:\/\/www.interflora.es\/blog\/","name":"El blog de Interflora : consejos, ideas e inspiraci\u00f3n para disfrutar de las flores y las plantas","description":"","publisher":{"@id":"https:\/\/www.interflora.es\/blog\/#organization"},"potentialAction":[{"@type":"SearchAction","target":{"@type":"EntryPoint","urlTemplate":"https:\/\/www.interflora.es\/blog\/?s={search_term_string}"},"query-input":{"@type":"PropertyValueSpecification","valueRequired":true,"valueName":"search_term_string"}}],"inLanguage":"es"},{"@type":"Organization","@id":"https:\/\/www.interflora.es\/blog\/#organization","name":"El blog de Interflora : consejos, ideas e inspiraci\u00f3n para disfrutar de las flores y las plantas","url":"https:\/\/www.interflora.es\/blog\/","logo":{"@type":"ImageObject","inLanguage":"es","@id":"https:\/\/www.interflora.es\/blog\/#\/schema\/logo\/image\/","url":"https:\/\/www.interflora.es\/blog\/wp-content\/uploads\/2025\/10\/cropped-220422_INTERFLORA_Logo_rgb_Half_Top_Circle_Main_Color.png","contentUrl":"https:\/\/www.interflora.es\/blog\/wp-content\/uploads\/2025\/10\/cropped-220422_INTERFLORA_Logo_rgb_Half_Top_Circle_Main_Color.png","width":1418,"height":659,"caption":"El blog de Interflora : consejos, ideas e inspiraci\u00f3n para disfrutar de las flores y las plantas"},"image":{"@id":"https:\/\/www.interflora.es\/blog\/#\/schema\/logo\/image\/"}},{"@type":"Person","@id":"https:\/\/www.interflora.es\/blog\/#\/schema\/person\/e3ecff50262948e365b92682cdc2a9d1","name":"Interflora","image":{"@type":"ImageObject","inLanguage":"es","@id":"https:\/\/www.interflora.es\/blog\/wp-content\/litespeed\/avatar\/ef0a9e22ccabc545011ca74a630eaf3e.jpg?ver=1777555250","url":"https:\/\/www.interflora.es\/blog\/wp-content\/litespeed\/avatar\/ef0a9e22ccabc545011ca74a630eaf3e.jpg?ver=1777555250","contentUrl":"https:\/\/www.interflora.es\/blog\/wp-content\/litespeed\/avatar\/ef0a9e22ccabc545011ca74a630eaf3e.jpg?ver=1777555250","caption":"Interflora"}}]}},"uagb_featured_image_src":{"full":["https:\/\/www.interflora.es\/blog\/wp-content\/uploads\/2025\/11\/amaryllis-navidad.jpg",1500,1500,false],"thumbnail":["https:\/\/www.interflora.es\/blog\/wp-content\/uploads\/2025\/11\/amaryllis-navidad-150x150.jpg",150,150,true],"medium":["https:\/\/www.interflora.es\/blog\/wp-content\/uploads\/2025\/11\/amaryllis-navidad-300x300.jpg",300,300,true],"medium_large":["https:\/\/www.interflora.es\/blog\/wp-content\/uploads\/2025\/11\/amaryllis-navidad-768x768.jpg",768,768,true],"large":["https:\/\/www.interflora.es\/blog\/wp-content\/uploads\/2025\/11\/amaryllis-navidad-1024x1024.jpg",1024,1024,true],"1536x1536":["https:\/\/www.interflora.es\/blog\/wp-content\/uploads\/2025\/11\/amaryllis-navidad.jpg",1500,1500,false],"2048x2048":["https:\/\/www.interflora.es\/blog\/wp-content\/uploads\/2025\/11\/amaryllis-navidad.jpg",1500,1500,false]},"uagb_author_info":{"display_name":"Interflora","author_link":"https:\/\/www.interflora.es\/blog\/author\/interflora\/"},"uagb_comment_info":9,"uagb_excerpt":"Majestuosa y elegante, esta bella planta bulbosa calienta los corazones en invierno con sus grandes flores de colores llamativos. El [&hellip;]","_links":{"self":[{"href":"https:\/\/www.interflora.es\/blog\/wp-json\/wp\/v2\/posts\/26142","targetHints":{"allow":["GET"]}}],"collection":[{"href":"https:\/\/www.interflora.es\/blog\/wp-json\/wp\/v2\/posts"}],"about":[{"href":"https:\/\/www.interflora.es\/blog\/wp-json\/wp\/v2\/types\/post"}],"author":[{"embeddable":true,"href":"https:\/\/www.interflora.es\/blog\/wp-json\/wp\/v2\/users\/13"}],"replies":[{"embeddable":true,"href":"https:\/\/www.interflora.es\/blog\/wp-json\/wp\/v2\/comments?post=26142"}],"version-history":[{"count":2,"href":"https:\/\/www.interflora.es\/blog\/wp-json\/wp\/v2\/posts\/26142\/revisions"}],"predecessor-version":[{"id":32583,"href":"https:\/\/www.interflora.es\/blog\/wp-json\/wp\/v2\/posts\/26142\/revisions\/32583"}],"wp:featuredmedia":[{"embeddable":true,"href":"https:\/\/www.interflora.es\/blog\/wp-json\/wp\/v2\/media\/32293"}],"wp:attachment":[{"href":"https:\/\/www.interflora.es\/blog\/wp-json\/wp\/v2\/media?parent=26142"}],"wp:term":[{"taxonomy":"category","embeddable":true,"href":"https:\/\/www.interflora.es\/blog\/wp-json\/wp\/v2\/categories?post=26142"},{"taxonomy":"post_tag","embeddable":true,"href":"https:\/\/www.interflora.es\/blog\/wp-json\/wp\/v2\/tags?post=26142"}],"curies":[{"name":"wp","href":"https:\/\/api.w.org\/{rel}","templated":true}]}}