{"id":25393,"date":"2025-11-17T15:48:33","date_gmt":"2025-11-17T14:48:33","guid":{"rendered":"https:\/\/www.interflora.es\/blog\/?p=25393"},"modified":"2025-11-18T15:03:33","modified_gmt":"2025-11-18T14:03:33","slug":"centro-de-mesa-navidad-con-velas","status":"publish","type":"post","link":"https:\/\/www.interflora.es\/blog\/centro-de-mesa-navidad-con-velas\/","title":{"rendered":"Centro de mesa de Navidad con velas, \u00a1decora e ilumina tus fiestas de fin de a\u00f1o!"},"content":{"rendered":"\n<p>La Navidad es una de las festividades m\u00e1s deseadas del a\u00f1o. El mes de diciembre anuncia villancicos, luces, un \u00e1rbol lleno de bolas de Navidad y de regalos, y como no, cenas y comidas en familia. Si eres un\/a amante de la decoraci\u00f3n navide\u00f1a, y cada a\u00f1o te gusta sorprender a tus invitados con centros de mesa caseros bonitos y originales, seguro que este art\u00edculo de Interflora te va a interesar. Te vamos a ayudar a crear, con tus propias manos y un poco de imaginaci\u00f3n, un centro de mesa de Navidad con velas, que iluminar\u00e1 y decorar\u00e1 tus veladas. Apunta estas ideas y d\u00e9jate invadir por el esp\u00edritu de la Navidad. \u00a1Felices fiestas!<\/p>\n\n\n\n<figure class=\"wp-block-image aligncenter size-large\"><img loading=\"lazy\" decoding=\"async\" width=\"1024\" height=\"594\" src=\"https:\/\/www.interflora.es\/blog\/wp-content\/uploads\/centro-mesa-velas-1024x594.jpg\" alt=\"centros-mesa-velas\" class=\"wp-image-25395\" srcset=\"https:\/\/www.interflora.es\/blog\/wp-content\/uploads\/centro-mesa-velas-1024x594.jpg 1024w, https:\/\/www.interflora.es\/blog\/wp-content\/uploads\/centro-mesa-velas-300x174.jpg 300w, https:\/\/www.interflora.es\/blog\/wp-content\/uploads\/centro-mesa-velas-768x445.jpg 768w, https:\/\/www.interflora.es\/blog\/wp-content\/uploads\/centro-mesa-velas-1536x891.jpg 1536w, https:\/\/www.interflora.es\/blog\/wp-content\/uploads\/centro-mesa-velas.jpg 1900w\" sizes=\"auto, (max-width: 1024px) 100vw, 1024px\" \/><\/figure>\n\n\n\n<h2 class=\"wp-block-heading alignwide\" style=\"margin-top:var(--wp--preset--spacing--40);margin-bottom:var(--wp--preset--spacing--40)\">Decora tus mesas con centros de Navidad con velas<\/h2>\n\n\n\n<p>La Navidad es un momento especial por muchas razones. Una \u00e9poca del a\u00f1o que para muchos es la ocasi\u00f3n perfecta para reunirse, para compartir e incluso para dejar salir toda su creatividad con la decoraci\u00f3n navide\u00f1a m\u00e1s bonita.<br>Decorar tu mesa de Navidad o cualquier otro rinc\u00f3n de la casa con un centro de Navidad con velas, es perfecto si quieres dar un toque luminoso y elegante a tu hogar. Adem\u00e1s, si te gustan las manualidades, puedes hacer este tipo de centros t\u00fa mismo\/a. La ventaja de las velas es que hay muchos tipos, formas, colores e incluso olores y que, por lo general, no son caras. Esto te permite hacer composiciones incre\u00edbles sin arruinarte, adapt\u00e1ndolas al resto de tu decoraci\u00f3n navide\u00f1a de manera muy personalizada.&nbsp;<\/p>\n\n\n\n<div style=\"height:5px\" aria-hidden=\"true\" class=\"wp-block-spacer\"><\/div>\n\n\n<div class=\"lp-produits-grid\"><div class=\"lp-produit\"><div class=\"lp-thumbnail-wrapper\"><img loading=\"lazy\" decoding=\"async\" width=\"300\" height=\"300\" src=\"https:\/\/www.interflora.es\/blog\/wp-content\/uploads\/2025\/11\/1676894453-cestaestreladdematal-300x300.jpg\" class=\"attachment-medium size-medium wp-post-image\" alt=\"\" srcset=\"https:\/\/www.interflora.es\/blog\/wp-content\/uploads\/2025\/11\/1676894453-cestaestreladdematal-300x300.jpg 300w, https:\/\/www.interflora.es\/blog\/wp-content\/uploads\/2025\/11\/1676894453-cestaestreladdematal-1024x1024.jpg 1024w, https:\/\/www.interflora.es\/blog\/wp-content\/uploads\/2025\/11\/1676894453-cestaestreladdematal-150x150.jpg 150w, https:\/\/www.interflora.es\/blog\/wp-content\/uploads\/2025\/11\/1676894453-cestaestreladdematal-768x768.jpg 768w, https:\/\/www.interflora.es\/blog\/wp-content\/uploads\/2025\/11\/1676894453-cestaestreladdematal.jpg 1500w\" sizes=\"auto, (max-width: 300px) 100vw, 300px\" \/><img decoding=\"async\" class=\"lp-badge\" src=\"https:\/\/prodblog.interflora.es\/blog\/wp-content\/uploads\/2025\/04\/220422_INTERFLORA_Main_Logo_rgb_Main_Color.png\" alt=\"Entrega r\u00e1pida\"><\/div><span>Cesta de Estrella de Navidad Grande<\/span><p>49.99 \u20ac<\/p><span class=\"obf-link lp-cta\" role=\"link\" tabindex=\"0\" data-b64=\"aHR0cHM6Ly93d3cuaW50ZXJmbG9yYS5lcy9wL2Nlc3RhLWRlLWVzdHJlbGxhLWRlLW5hdmlkYWQtZ3JhbmRlLzE\/dXRtX21lZGl1bT1vcmdhbmljJnV0bV9zb3VyY2U9YmxvZ19wcm9kdWN0cyZ1dG1fY2FtcGFpZ249TjAwMDI=\" data-target=\"_blank\"><svg xmlns=\"http:\/\/www.w3.org\/2000\/svg\" width=\"16\" height=\"16\" fill=\"currentColor\" class=\"bi bi-bag\" viewBox=\"0 0 16 16\"><path d=\"M8 1a2 2 0 0 1 2 2v1h2.5A1.5 1.5 0 0 1 14 5.5v8A1.5 1.5 0 0 1 12.5 15h-9A1.5 1.5 0 0 1 2 13.5v-8A1.5 1.5 0 0 1 3.5 3H6V2a2 2 0 0 1 2-1zm1 3V3a1 1 0 0 0-2 0v1h2z\"\/><\/svg>Comprar<\/span><p class=\"rapido\">Atenci\u00f3n al cliente siempre disponible<\/p><\/div><div class=\"lp-produit\"><div class=\"lp-thumbnail-wrapper\"><img loading=\"lazy\" decoding=\"async\" width=\"300\" height=\"300\" src=\"https:\/\/www.interflora.es\/blog\/wp-content\/uploads\/2025\/11\/1728989431-xf036-lucesnavidenas-key-300x300.jpg\" class=\"attachment-medium size-medium wp-post-image\" alt=\"\" srcset=\"https:\/\/www.interflora.es\/blog\/wp-content\/uploads\/2025\/11\/1728989431-xf036-lucesnavidenas-key-300x300.jpg 300w, https:\/\/www.interflora.es\/blog\/wp-content\/uploads\/2025\/11\/1728989431-xf036-lucesnavidenas-key-1024x1024.jpg 1024w, https:\/\/www.interflora.es\/blog\/wp-content\/uploads\/2025\/11\/1728989431-xf036-lucesnavidenas-key-150x150.jpg 150w, https:\/\/www.interflora.es\/blog\/wp-content\/uploads\/2025\/11\/1728989431-xf036-lucesnavidenas-key-768x768.jpg 768w, https:\/\/www.interflora.es\/blog\/wp-content\/uploads\/2025\/11\/1728989431-xf036-lucesnavidenas-key-1536x1536.jpg 1536w, https:\/\/www.interflora.es\/blog\/wp-content\/uploads\/2025\/11\/1728989431-xf036-lucesnavidenas-key-2048x2048.jpg 2048w\" sizes=\"auto, (max-width: 300px) 100vw, 300px\" \/><img decoding=\"async\" class=\"lp-badge\" src=\"https:\/\/prodblog.interflora.es\/blog\/wp-content\/uploads\/2025\/04\/220422_INTERFLORA_Main_Logo_rgb_Main_Color.png\" alt=\"Entrega r\u00e1pida\"><\/div><span>Esp\u00edritu Navide\u00f1o<\/span><p>59.99 \u20ac<\/p><span class=\"obf-link lp-cta\" role=\"link\" tabindex=\"0\" data-b64=\"aHR0cHM6Ly93d3cuaW50ZXJmbG9yYS5lcy9wL2VzcGlyaXR1LW5hdmlkZW5vLzE\/dXRtX21lZGl1bT1vcmdhbmljJnV0bV9zb3VyY2U9YmxvZ19wcm9kdWN0cyZ1dG1fY2FtcGFpZ249TjAwMzQ=\" data-target=\"_blank\"><svg xmlns=\"http:\/\/www.w3.org\/2000\/svg\" width=\"16\" height=\"16\" fill=\"currentColor\" class=\"bi bi-bag\" viewBox=\"0 0 16 16\"><path d=\"M8 1a2 2 0 0 1 2 2v1h2.5A1.5 1.5 0 0 1 14 5.5v8A1.5 1.5 0 0 1 12.5 15h-9A1.5 1.5 0 0 1 2 13.5v-8A1.5 1.5 0 0 1 3.5 3H6V2a2 2 0 0 1 2-1zm1 3V3a1 1 0 0 0-2 0v1h2z\"\/><\/svg>Comprar<\/span><p class=\"rapido\">Flores y plantas frescas<\/p><\/div><div class=\"lp-produit\"><div class=\"lp-thumbnail-wrapper\"><img loading=\"lazy\" decoding=\"async\" width=\"300\" height=\"300\" src=\"https:\/\/www.interflora.es\/blog\/wp-content\/uploads\/2025\/11\/1728988218-ff093-es-300x300.jpg\" class=\"attachment-medium size-medium wp-post-image\" alt=\"\" srcset=\"https:\/\/www.interflora.es\/blog\/wp-content\/uploads\/2025\/11\/1728988218-ff093-es-300x300.jpg 300w, https:\/\/www.interflora.es\/blog\/wp-content\/uploads\/2025\/11\/1728988218-ff093-es-1024x1024.jpg 1024w, https:\/\/www.interflora.es\/blog\/wp-content\/uploads\/2025\/11\/1728988218-ff093-es-150x150.jpg 150w, https:\/\/www.interflora.es\/blog\/wp-content\/uploads\/2025\/11\/1728988218-ff093-es-768x768.jpg 768w, https:\/\/www.interflora.es\/blog\/wp-content\/uploads\/2025\/11\/1728988218-ff093-es-1536x1536.jpg 1536w, https:\/\/www.interflora.es\/blog\/wp-content\/uploads\/2025\/11\/1728988218-ff093-es-2048x2048.jpg 2048w\" sizes=\"auto, (max-width: 300px) 100vw, 300px\" \/><img decoding=\"async\" class=\"lp-badge\" src=\"https:\/\/prodblog.interflora.es\/blog\/wp-content\/uploads\/2025\/04\/220422_INTERFLORA_Main_Logo_rgb_Main_Color.png\" alt=\"Entrega r\u00e1pida\"><\/div><span>Ramo creativo de Navidad<\/span><p>39.99 \u20ac<\/p><span class=\"obf-link lp-cta\" role=\"link\" tabindex=\"0\" data-b64=\"aHR0cHM6Ly93d3cuaW50ZXJmbG9yYS5lcy9wL3JhbW8tbmF2aWRlbm8tZGVsLWZsb3Jpc3RhLzE\/dXRtX21lZGl1bT1vcmdhbmljJnV0bV9zb3VyY2U9YmxvZ19wcm9kdWN0cyZ1dG1fY2FtcGFpZ249TjAwMjU=\" data-target=\"_blank\"><svg xmlns=\"http:\/\/www.w3.org\/2000\/svg\" width=\"16\" height=\"16\" fill=\"currentColor\" class=\"bi bi-bag\" viewBox=\"0 0 16 16\"><path d=\"M8 1a2 2 0 0 1 2 2v1h2.5A1.5 1.5 0 0 1 14 5.5v8A1.5 1.5 0 0 1 12.5 15h-9A1.5 1.5 0 0 1 2 13.5v-8A1.5 1.5 0 0 1 3.5 3H6V2a2 2 0 0 1 2-1zm1 3V3a1 1 0 0 0-2 0v1h2z\"\/><\/svg>Comprar<\/span><p class=\"rapido\">Atenci\u00f3n al cliente siempre disponible<\/p><\/div><div class=\"lp-produit\"><div class=\"lp-thumbnail-wrapper\"><img loading=\"lazy\" decoding=\"async\" width=\"300\" height=\"300\" src=\"https:\/\/www.interflora.es\/blog\/wp-content\/uploads\/2025\/04\/1706254195-jetaime-hd-1-1-300x300.jpg\" class=\"attachment-medium size-medium wp-post-image\" alt=\"\" srcset=\"https:\/\/www.interflora.es\/blog\/wp-content\/uploads\/2025\/04\/1706254195-jetaime-hd-1-1-300x300.jpg 300w, https:\/\/www.interflora.es\/blog\/wp-content\/uploads\/2025\/04\/1706254195-jetaime-hd-1-1-150x150.jpg 150w, https:\/\/www.interflora.es\/blog\/wp-content\/uploads\/2025\/04\/1706254195-jetaime-hd-1-1-768x768.jpg 768w, https:\/\/www.interflora.es\/blog\/wp-content\/uploads\/2025\/04\/1706254195-jetaime-hd-1-1.jpg 882w\" sizes=\"auto, (max-width: 300px) 100vw, 300px\" \/><img decoding=\"async\" class=\"lp-badge\" src=\"https:\/\/prodblog.interflora.es\/blog\/wp-content\/uploads\/2025\/04\/220422_INTERFLORA_Main_Logo_rgb_Main_Color.png\" alt=\"Entrega r\u00e1pida\"><\/div><span>Te Amo<\/span><p>59.99 \u20ac<\/p><span class=\"obf-link lp-cta\" role=\"link\" tabindex=\"0\" data-b64=\"aHR0cHM6Ly93d3cuaW50ZXJmbG9yYS5lcy9wL2NhamEtZGUtZmxvcmVzLWNvbi1yb3Nhcy1yb2phcy8xP3V0bV9tZWRpdW09b3JnYW5pYyZ1dG1fc291cmNlPWJsb2dfcHJvZHVjdHMmdXRtX2NhbXBhaWduPUYwMTg4\" data-target=\"_blank\"><svg xmlns=\"http:\/\/www.w3.org\/2000\/svg\" width=\"16\" height=\"16\" fill=\"currentColor\" class=\"bi bi-bag\" viewBox=\"0 0 16 16\"><path d=\"M8 1a2 2 0 0 1 2 2v1h2.5A1.5 1.5 0 0 1 14 5.5v8A1.5 1.5 0 0 1 12.5 15h-9A1.5 1.5 0 0 1 2 13.5v-8A1.5 1.5 0 0 1 3.5 3H6V2a2 2 0 0 1 2-1zm1 3V3a1 1 0 0 0-2 0v1h2z\"\/><\/svg>Comprar<\/span><p class=\"rapido\">Selecci\u00f3n Interflora<\/p><\/div><\/div>\n\n\n\n<div style=\"height:5px\" aria-hidden=\"true\" class=\"wp-block-spacer\"><\/div>\n\n\n\n<h2 class=\"wp-block-heading alignwide\">Centros de Navidad con velas y otros elementos navide\u00f1os<\/h2>\n\n\n\n<p>Hay muchas ideas para hacer un centro de mesa de Navidad con velas y otros elementos navide\u00f1os que encontrar\u00e1s en la naturaleza, como pi\u00f1as, ramas de acebo o de pino, trozos de madera, flores de algod\u00f3n, frutos secos, ramas de canela\u2026 A nosotros lo que m\u00e1s nos gusta es, por supuesto, \u00a1las flores! Aqu\u00ed te damos algunas ideas:<\/p>\n\n\n\n<div class=\"wp-block-columns alignwide is-layout-flex wp-container-core-columns-is-layout-28f84493 wp-block-columns-is-layout-flex\">\n<div class=\"wp-block-column has-border-color has-ast-global-color-4-border-color is-layout-flow wp-block-column-is-layout-flow\">\n<h3 class=\"wp-block-heading has-text-align-center\" style=\"padding-top:var(--wp--preset--spacing--40);padding-bottom:var(--wp--preset--spacing--40)\">Centros de Navidad con velas y flores<\/h3>\n\n\n\n<p style=\"padding-right:var(--wp--preset--spacing--50);padding-left:var(--wp--preset--spacing--50)\">Hay muchas flores que se pueden utilizar para hacer centros de mesa de Navidad, combinadas con velas de distintos tama\u00f1os, formas o grosores. El principio en todos ellos es el mismo: <strong>un recipiente bonito<\/strong>, que puede ser una cesta, un plato o redondel de madera, un cuenco elegante\u2026lo que tu prefieras. <strong>Pon la o las velas en el centro, <\/strong>directamente en el soporte o en un portavelas,<strong> <\/strong>eligiendo su distribuci\u00f3n de manera equilibrada, <strong>y rod\u00e9alas de espuma para pinchar las flores<\/strong>, que pueden ser naturales o de tela. Despu\u00e9s puedes a\u00f1adir otros elementos como ramas de pino, hojas o ramitas de acebo. Lo importante es guardar un equilibrio, tanto entre los elementos que utilizas como en la combinaci\u00f3n de colores. Si quieres un valor seguro, combina elementos de tonos naturales con los colores navide\u00f1os por excelencia: el rojo, el verde y el blanco. Aqu\u00ed tienes algunos ejemplos sencillos.<\/p>\n<\/div>\n\n\n\n<div class=\"wp-block-column is-layout-flow wp-block-column-is-layout-flow\" style=\"flex-basis:531px\">\n<figure class=\"wp-block-image aligncenter size-large is-resized\"><img loading=\"lazy\" decoding=\"async\" width=\"1024\" height=\"1004\" src=\"https:\/\/www.interflora.es\/blog\/wp-content\/uploads\/centro-velas-flores-1-1024x1004.jpg\" alt=\"Decoraci\u00f3n navide\u00f1a para mesas\" class=\"wp-image-25405\" style=\"width:531px;height:auto\" srcset=\"https:\/\/www.interflora.es\/blog\/wp-content\/uploads\/centro-velas-flores-1-1024x1004.jpg 1024w, https:\/\/www.interflora.es\/blog\/wp-content\/uploads\/centro-velas-flores-1-300x294.jpg 300w, https:\/\/www.interflora.es\/blog\/wp-content\/uploads\/centro-velas-flores-1-768x753.jpg 768w, https:\/\/www.interflora.es\/blog\/wp-content\/uploads\/centro-velas-flores-1-1536x1505.jpg 1536w, https:\/\/www.interflora.es\/blog\/wp-content\/uploads\/centro-velas-flores-1.jpg 1900w\" sizes=\"auto, (max-width: 1024px) 100vw, 1024px\" \/><\/figure>\n<\/div>\n<\/div>\n\n\n\n<div class=\"wp-block-columns alignwide is-layout-flex wp-container-core-columns-is-layout-7abde1fe wp-block-columns-is-layout-flex\" style=\"padding-top:var(--wp--preset--spacing--40);padding-bottom:var(--wp--preset--spacing--40)\">\n<div class=\"wp-block-column has-border-color has-ast-global-color-4-border-color is-layout-flow wp-block-column-is-layout-flow\">\n<h3 class=\"wp-block-heading has-text-align-center\" style=\"padding-top:var(--wp--preset--spacing--40);padding-bottom:var(--wp--preset--spacing--40)\">Centros de mesa de Navidad con velas <br>y otros materiales naturales<\/h3>\n\n\n\n<p style=\"padding-right:var(--wp--preset--spacing--50);padding-left:var(--wp--preset--spacing--50)\">Combinar velas con materiales que puedes recoger en un parque o en el campo te permitir\u00e1 crear centros de Navidad bonitos, originales y econ\u00f3micos. Las posibilidades son infinitas y las maneras de combinarlas no tienen m\u00e1s l\u00edmite que tu propia creatividad. Adem\u00e1s, a estos elementos naturales se pueden a\u00f1adir peque\u00f1os objetos de decoraci\u00f3n de estilo navide\u00f1o como bolas, cintas, luces led, purpurina, estrellas\u2026para dar a los centros de Navidad un toque m\u00e1s festivo. Elige velas m\u00e1s cortas si la mesa es peque\u00f1a o no hay muchos comensales, y velas m\u00e1s alargadas y estilizadas si ten\u00e9is m\u00e1s espacio. Esto evitar\u00e1 que tu centro de Navidad con velas moleste a los invitados.&nbsp;<br><\/p>\n<\/div>\n\n\n\n<div class=\"wp-block-column is-layout-flow wp-block-column-is-layout-flow\" style=\"flex-basis:531px\">\n<figure class=\"wp-block-image size-large is-resized\"><img loading=\"lazy\" decoding=\"async\" width=\"1024\" height=\"912\" src=\"https:\/\/www.interflora.es\/blog\/wp-content\/uploads\/centro-mesa-natural-1024x912.jpg\" alt=\"Centro de mesa de Navidad natural\" class=\"wp-image-25410\" style=\"width:529px\" srcset=\"https:\/\/www.interflora.es\/blog\/wp-content\/uploads\/centro-mesa-natural-1024x912.jpg 1024w, https:\/\/www.interflora.es\/blog\/wp-content\/uploads\/centro-mesa-natural-300x267.jpg 300w, https:\/\/www.interflora.es\/blog\/wp-content\/uploads\/centro-mesa-natural-768x684.jpg 768w, https:\/\/www.interflora.es\/blog\/wp-content\/uploads\/centro-mesa-natural-1536x1369.jpg 1536w, https:\/\/www.interflora.es\/blog\/wp-content\/uploads\/centro-mesa-natural.jpg 1900w\" sizes=\"auto, (max-width: 1024px) 100vw, 1024px\" \/><\/figure>\n<\/div>\n<\/div>\n\n\n\n<div class=\"wp-block-columns alignwide is-layout-flex wp-container-core-columns-is-layout-7abde1fe wp-block-columns-is-layout-flex\" style=\"padding-top:var(--wp--preset--spacing--40);padding-bottom:var(--wp--preset--spacing--40)\">\n<div class=\"wp-block-column has-border-color has-ast-global-color-4-border-color is-layout-flow wp-block-column-is-layout-flow\">\n<h3 class=\"wp-block-heading has-text-align-center\" style=\"padding-top:var(--wp--preset--spacing--40);padding-bottom:var(--wp--preset--spacing--40)\">Centros de Navidad con velas flotantes<\/h3>\n\n\n\n<p style=\"padding-right:var(--wp--preset--spacing--50);padding-left:var(--wp--preset--spacing--50)\">Una idea original es crear un centro de Navidad con velas flotantes. Este tipo de decoraci\u00f3n se adapta a los espacios m\u00e1s reducidos y se puede colocar no solo en una mesa navide\u00f1a, sino en muchos otros lugares del hogar.<br>El efecto de la luz de las velas flotando en el agua es incre\u00edble y transmite serenidad y alegr\u00eda. Adem\u00e1s, puedes utilizar recipientes de muchas formas, como portavelas, peceras elegantes, copas tama\u00f1o maxi, botes de cristal de diferentes tama\u00f1os\u2026 e incluso remplazar el agua por otros elementos, como ramas de pino y acebo, por ejemplo. Eso s\u00ed, ten cuidado de que no sean inflamables.&nbsp;<\/p>\n\n\n\n<p style=\"padding-right:var(--wp--preset--spacing--50);padding-left:var(--wp--preset--spacing--50)\"><br><\/p>\n<\/div>\n\n\n\n<div class=\"wp-block-column is-layout-flow wp-block-column-is-layout-flow\" style=\"flex-basis:531px\">\n<figure class=\"wp-block-gallery has-nested-images columns-default is-cropped wp-block-gallery-1 is-layout-flex wp-block-gallery-is-layout-flex\">\n<figure class=\"wp-block-image size-large\"><img loading=\"lazy\" decoding=\"async\" width=\"1021\" height=\"1024\" data-id=\"25418\" src=\"https:\/\/www.interflora.es\/blog\/wp-content\/uploads\/centro-velas.8-1-1021x1024.jpeg\" alt=\"Centro de mesa de velas flotantes\" class=\"wp-image-25418\" srcset=\"https:\/\/www.interflora.es\/blog\/wp-content\/uploads\/centro-velas.8-1-1021x1024.jpeg 1021w, https:\/\/www.interflora.es\/blog\/wp-content\/uploads\/centro-velas.8-1-300x300.jpeg 300w, https:\/\/www.interflora.es\/blog\/wp-content\/uploads\/centro-velas.8-1-150x150.jpeg 150w, https:\/\/www.interflora.es\/blog\/wp-content\/uploads\/centro-velas.8-1-768x770.jpeg 768w, https:\/\/www.interflora.es\/blog\/wp-content\/uploads\/centro-velas.8-1-1532x1536.jpeg 1532w, https:\/\/www.interflora.es\/blog\/wp-content\/uploads\/centro-velas.8-1-2042x2048.jpeg 2042w\" sizes=\"auto, (max-width: 1021px) 100vw, 1021px\" \/><\/figure>\n<\/figure>\n<\/div>\n<\/div>\n\n\n\n<p>Ya lo ves, las velas son perfectas para hacer un centro de mesa de Navidad que ilumine y decore los mejores momentos de estas fiestas. Gracias a su variedad y versatilidad, las velas se adaptan a todo tipo de decoraci\u00f3n navide\u00f1a, y son una opci\u00f3n econ\u00f3mica que siempre gusta y sorprende. Si quieres un <a href=\"https:\/\/www.interflora.es\/c\/fiestas\/navidad\">ramo de flores navide\u00f1o<\/a> para decorar tus interiores o regalar estas Navidades, Interflora tiene lo que buscas. Elige tus composiciones florales navide\u00f1as en nuestra web, \u00a1y disfruta de las mejores fiestas del a\u00f1o!<\/p>\n\n\n\n<div style=\"height:5px\" aria-hidden=\"true\" class=\"wp-block-spacer\"><\/div>\n\n\n<div class=\"lp-produits-grid\"><div class=\"lp-produit\"><div class=\"lp-thumbnail-wrapper\"><img loading=\"lazy\" decoding=\"async\" width=\"300\" height=\"300\" src=\"https:\/\/www.interflora.es\/blog\/wp-content\/uploads\/2025\/04\/1708951605-maldives-1-1400-1-1-300x300.jpg\" class=\"attachment-medium size-medium wp-post-image\" alt=\"\" srcset=\"https:\/\/www.interflora.es\/blog\/wp-content\/uploads\/2025\/04\/1708951605-maldives-1-1400-1-1-300x300.jpg 300w, https:\/\/www.interflora.es\/blog\/wp-content\/uploads\/2025\/04\/1708951605-maldives-1-1400-1-1-1024x1024.jpg 1024w, https:\/\/www.interflora.es\/blog\/wp-content\/uploads\/2025\/04\/1708951605-maldives-1-1400-1-1-150x150.jpg 150w, https:\/\/www.interflora.es\/blog\/wp-content\/uploads\/2025\/04\/1708951605-maldives-1-1400-1-1-768x768.jpg 768w, https:\/\/www.interflora.es\/blog\/wp-content\/uploads\/2025\/04\/1708951605-maldives-1-1400-1-1.jpg 1400w\" sizes=\"auto, (max-width: 300px) 100vw, 300px\" \/><img decoding=\"async\" class=\"lp-badge\" src=\"https:\/\/prodblog.interflora.es\/blog\/wp-content\/uploads\/2025\/04\/220422_INTERFLORA_Main_Logo_rgb_Main_Color.png\" alt=\"Entrega r\u00e1pida\"><\/div><span>Maldivas<\/span><p>49.99 \u20ac<\/p><span class=\"obf-link lp-cta\" role=\"link\" tabindex=\"0\" data-b64=\"aHR0cHM6Ly93d3cuaW50ZXJmbG9yYS5lcy9wL2FycmVnbG8tZGUtcm9zYXMtY29uLWxpbGl1bXMvMT91dG1fbWVkaXVtPW9yZ2FuaWMmdXRtX3NvdXJjZT1ibG9nX3Byb2R1Y3RzJnV0bV9jYW1wYWlnbj1GMDEwOQ==\" data-target=\"_blank\"><svg xmlns=\"http:\/\/www.w3.org\/2000\/svg\" width=\"16\" height=\"16\" fill=\"currentColor\" class=\"bi bi-bag\" viewBox=\"0 0 16 16\"><path d=\"M8 1a2 2 0 0 1 2 2v1h2.5A1.5 1.5 0 0 1 14 5.5v8A1.5 1.5 0 0 1 12.5 15h-9A1.5 1.5 0 0 1 2 13.5v-8A1.5 1.5 0 0 1 3.5 3H6V2a2 2 0 0 1 2-1zm1 3V3a1 1 0 0 0-2 0v1h2z\"\/><\/svg>Comprar<\/span><p class=\"rapido\">Entrega en el d\u00eda<\/p><\/div><div class=\"lp-produit\"><div class=\"lp-thumbnail-wrapper\"><img loading=\"lazy\" decoding=\"async\" width=\"300\" height=\"300\" src=\"https:\/\/www.interflora.es\/blog\/wp-content\/uploads\/2025\/11\/1758202385-ff167-fiabe-d-inverno-key-300x300.jpg\" class=\"attachment-medium size-medium wp-post-image\" alt=\"\" srcset=\"https:\/\/www.interflora.es\/blog\/wp-content\/uploads\/2025\/11\/1758202385-ff167-fiabe-d-inverno-key-300x300.jpg 300w, https:\/\/www.interflora.es\/blog\/wp-content\/uploads\/2025\/11\/1758202385-ff167-fiabe-d-inverno-key-1024x1024.jpg 1024w, https:\/\/www.interflora.es\/blog\/wp-content\/uploads\/2025\/11\/1758202385-ff167-fiabe-d-inverno-key-150x150.jpg 150w, https:\/\/www.interflora.es\/blog\/wp-content\/uploads\/2025\/11\/1758202385-ff167-fiabe-d-inverno-key-768x768.jpg 768w, https:\/\/www.interflora.es\/blog\/wp-content\/uploads\/2025\/11\/1758202385-ff167-fiabe-d-inverno-key-1536x1536.jpg 1536w, https:\/\/www.interflora.es\/blog\/wp-content\/uploads\/2025\/11\/1758202385-ff167-fiabe-d-inverno-key-2048x2048.jpg 2048w\" sizes=\"auto, (max-width: 300px) 100vw, 300px\" \/><img decoding=\"async\" class=\"lp-badge\" src=\"https:\/\/prodblog.interflora.es\/blog\/wp-content\/uploads\/2025\/04\/220422_INTERFLORA_Main_Logo_rgb_Main_Color.png\" alt=\"Entrega r\u00e1pida\"><\/div><span>Cuentos de Invierno<\/span><p>44.99 \u20ac<\/p><span class=\"obf-link lp-cta\" role=\"link\" tabindex=\"0\" data-b64=\"aHR0cHM6Ly93d3cuaW50ZXJmbG9yYS5lcy9wL2N1ZW50b3MtZGUtaW52aWVybm8vMT91dG1fbWVkaXVtPW9yZ2FuaWMmdXRtX3NvdXJjZT1ibG9nX3Byb2R1Y3RzJnV0bV9jYW1wYWlnbj1GRjE2Nw==\" data-target=\"_blank\"><svg xmlns=\"http:\/\/www.w3.org\/2000\/svg\" width=\"16\" height=\"16\" fill=\"currentColor\" class=\"bi bi-bag\" viewBox=\"0 0 16 16\"><path d=\"M8 1a2 2 0 0 1 2 2v1h2.5A1.5 1.5 0 0 1 14 5.5v8A1.5 1.5 0 0 1 12.5 15h-9A1.5 1.5 0 0 1 2 13.5v-8A1.5 1.5 0 0 1 3.5 3H6V2a2 2 0 0 1 2-1zm1 3V3a1 1 0 0 0-2 0v1h2z\"\/><\/svg>Comprar<\/span><p class=\"rapido\">Env\u00edo r\u00e1pido<\/p><\/div><div class=\"lp-produit\"><div class=\"lp-thumbnail-wrapper\"><img loading=\"lazy\" decoding=\"async\" width=\"300\" height=\"300\" src=\"https:\/\/www.interflora.es\/blog\/wp-content\/uploads\/2025\/11\/1758203166-ff169-buone-feste-hd-1-300x300.jpg\" class=\"attachment-medium size-medium wp-post-image\" alt=\"\" srcset=\"https:\/\/www.interflora.es\/blog\/wp-content\/uploads\/2025\/11\/1758203166-ff169-buone-feste-hd-1-300x300.jpg 300w, https:\/\/www.interflora.es\/blog\/wp-content\/uploads\/2025\/11\/1758203166-ff169-buone-feste-hd-1-1024x1024.jpg 1024w, https:\/\/www.interflora.es\/blog\/wp-content\/uploads\/2025\/11\/1758203166-ff169-buone-feste-hd-1-150x150.jpg 150w, https:\/\/www.interflora.es\/blog\/wp-content\/uploads\/2025\/11\/1758203166-ff169-buone-feste-hd-1-768x768.jpg 768w, https:\/\/www.interflora.es\/blog\/wp-content\/uploads\/2025\/11\/1758203166-ff169-buone-feste-hd-1-1536x1536.jpg 1536w, https:\/\/www.interflora.es\/blog\/wp-content\/uploads\/2025\/11\/1758203166-ff169-buone-feste-hd-1-2048x2048.jpg 2048w\" sizes=\"auto, (max-width: 300px) 100vw, 300px\" \/><img decoding=\"async\" class=\"lp-badge\" src=\"https:\/\/prodblog.interflora.es\/blog\/wp-content\/uploads\/2025\/04\/220422_INTERFLORA_Main_Logo_rgb_Main_Color.png\" alt=\"Entrega r\u00e1pida\"><\/div><span>Alegr\u00eda Navide\u00f1a<\/span><p>39.99 \u20ac<\/p><span class=\"obf-link lp-cta\" role=\"link\" tabindex=\"0\" data-b64=\"aHR0cHM6Ly93d3cuaW50ZXJmbG9yYS5lcy9wL2FsZWdyaWEtbmF2aWRlbmEvMT91dG1fbWVkaXVtPW9yZ2FuaWMmdXRtX3NvdXJjZT1ibG9nX3Byb2R1Y3RzJnV0bV9jYW1wYWlnbj1GRjE2OQ==\" data-target=\"_blank\"><svg xmlns=\"http:\/\/www.w3.org\/2000\/svg\" width=\"16\" height=\"16\" fill=\"currentColor\" class=\"bi bi-bag\" viewBox=\"0 0 16 16\"><path d=\"M8 1a2 2 0 0 1 2 2v1h2.5A1.5 1.5 0 0 1 14 5.5v8A1.5 1.5 0 0 1 12.5 15h-9A1.5 1.5 0 0 1 2 13.5v-8A1.5 1.5 0 0 1 3.5 3H6V2a2 2 0 0 1 2-1zm1 3V3a1 1 0 0 0-2 0v1h2z\"\/><\/svg>Comprar<\/span><p class=\"rapido\">Entrega en el d\u00eda<\/p><\/div><div class=\"lp-produit\"><div class=\"lp-thumbnail-wrapper\"><img loading=\"lazy\" decoding=\"async\" width=\"300\" height=\"300\" src=\"https:\/\/www.interflora.es\/blog\/wp-content\/uploads\/2025\/11\/1728988218-ff093-es-300x300.jpg\" class=\"attachment-medium size-medium wp-post-image\" alt=\"\" srcset=\"https:\/\/www.interflora.es\/blog\/wp-content\/uploads\/2025\/11\/1728988218-ff093-es-300x300.jpg 300w, https:\/\/www.interflora.es\/blog\/wp-content\/uploads\/2025\/11\/1728988218-ff093-es-1024x1024.jpg 1024w, https:\/\/www.interflora.es\/blog\/wp-content\/uploads\/2025\/11\/1728988218-ff093-es-150x150.jpg 150w, https:\/\/www.interflora.es\/blog\/wp-content\/uploads\/2025\/11\/1728988218-ff093-es-768x768.jpg 768w, https:\/\/www.interflora.es\/blog\/wp-content\/uploads\/2025\/11\/1728988218-ff093-es-1536x1536.jpg 1536w, https:\/\/www.interflora.es\/blog\/wp-content\/uploads\/2025\/11\/1728988218-ff093-es-2048x2048.jpg 2048w\" sizes=\"auto, (max-width: 300px) 100vw, 300px\" \/><img decoding=\"async\" class=\"lp-badge\" src=\"https:\/\/prodblog.interflora.es\/blog\/wp-content\/uploads\/2025\/04\/220422_INTERFLORA_Main_Logo_rgb_Main_Color.png\" alt=\"Entrega r\u00e1pida\"><\/div><span>Ramo creativo de Navidad<\/span><p>39.99 \u20ac<\/p><span class=\"obf-link lp-cta\" role=\"link\" tabindex=\"0\" data-b64=\"aHR0cHM6Ly93d3cuaW50ZXJmbG9yYS5lcy9wL3JhbW8tbmF2aWRlbm8tZGVsLWZsb3Jpc3RhLzE\/dXRtX21lZGl1bT1vcmdhbmljJnV0bV9zb3VyY2U9YmxvZ19wcm9kdWN0cyZ1dG1fY2FtcGFpZ249TjAwMjU=\" data-target=\"_blank\"><svg xmlns=\"http:\/\/www.w3.org\/2000\/svg\" width=\"16\" height=\"16\" fill=\"currentColor\" class=\"bi bi-bag\" viewBox=\"0 0 16 16\"><path d=\"M8 1a2 2 0 0 1 2 2v1h2.5A1.5 1.5 0 0 1 14 5.5v8A1.5 1.5 0 0 1 12.5 15h-9A1.5 1.5 0 0 1 2 13.5v-8A1.5 1.5 0 0 1 3.5 3H6V2a2 2 0 0 1 2-1zm1 3V3a1 1 0 0 0-2 0v1h2z\"\/><\/svg>Comprar<\/span><p class=\"rapido\">Entrega urgente<\/p><\/div><\/div>\n\n\n\n<div style=\"height:5px\" aria-hidden=\"true\" class=\"wp-block-spacer\"><\/div>\n","protected":false},"excerpt":{"rendered":"<p>La Navidad es una de las festividades m\u00e1s deseadas del a\u00f1o. El mes de diciembre anuncia villancicos, luces, un \u00e1rbol [&hellip;]<\/p>\n","protected":false},"author":13,"featured_media":25424,"comment_status":"open","ping_status":"closed","sticky":false,"template":"","format":"standard","meta":{"_acf_changed":false,"_uag_custom_page_level_css":"","site-sidebar-layout":"default","site-content-layout":"","ast-site-content-layout":"default","site-content-style":"default","site-sidebar-style":"default","ast-global-header-display":"","ast-banner-title-visibility":"","ast-main-header-display":"","ast-hfb-above-header-display":"","ast-hfb-below-header-display":"","ast-hfb-mobile-header-display":"","site-post-title":"","ast-breadcrumbs-content":"","ast-featured-img":"","footer-sml-layout":"","theme-transparent-header-meta":"","adv-header-id-meta":"","stick-header-meta":"","header-above-stick-meta":"","header-main-stick-meta":"","header-below-stick-meta":"","astra-migrate-meta-layouts":"set","ast-page-background-enabled":"default","ast-page-background-meta":{"desktop":{"background-color":"var(--ast-global-color-5)","background-image":"","background-repeat":"repeat","background-position":"center center","background-size":"auto","background-attachment":"scroll","background-type":"","background-media":"","overlay-type":"","overlay-color":"","overlay-opacity":"","overlay-gradient":""},"tablet":{"background-color":"","background-image":"","background-repeat":"repeat","background-position":"center center","background-size":"auto","background-attachment":"scroll","background-type":"","background-media":"","overlay-type":"","overlay-color":"","overlay-opacity":"","overlay-gradient":""},"mobile":{"background-color":"","background-image":"","background-repeat":"repeat","background-position":"center center","background-size":"auto","background-attachment":"scroll","background-type":"","background-media":"","overlay-type":"","overlay-color":"","overlay-opacity":"","overlay-gradient":""}},"ast-content-background-meta":{"desktop":{"background-color":"var(--ast-global-color-4)","background-image":"","background-repeat":"repeat","background-position":"center center","background-size":"auto","background-attachment":"scroll","background-type":"","background-media":"","overlay-type":"","overlay-color":"","overlay-opacity":"","overlay-gradient":""},"tablet":{"background-color":"var(--ast-global-color-4)","background-image":"","background-repeat":"repeat","background-position":"center center","background-size":"auto","background-attachment":"scroll","background-type":"","background-media":"","overlay-type":"","overlay-color":"","overlay-opacity":"","overlay-gradient":""},"mobile":{"background-color":"var(--ast-global-color-4)","background-image":"","background-repeat":"repeat","background-position":"center center","background-size":"auto","background-attachment":"scroll","background-type":"","background-media":"","overlay-type":"","overlay-color":"","overlay-opacity":"","overlay-gradient":""}},"footnotes":""},"categories":[122,70,23],"tags":[104,71],"class_list":["post-25393","post","type-post","status-publish","format-standard","has-post-thumbnail","hentry","category-decoracion-navidena","category-navidad","category-ocasiones-especiales","tag-diy","tag-navidad"],"acf":[],"yoast_head":"<!-- This site is optimized with the Yoast SEO plugin v27.5 - https:\/\/yoast.com\/product\/yoast-seo-wordpress\/ -->\n<title>Centro de mesa de Navidad con velas hechos en casa| Interflora<\/title>\n<meta name=\"description\" content=\"Un centro de mesa de Navidad con velas ilumina tus momentos m\u00e1s entra\u00f1ables. Interflora te ayuda a fabricar centros navide\u00f1os con velas.\" \/>\n<meta name=\"robots\" content=\"index, follow, max-snippet:-1, max-image-preview:large, max-video-preview:-1\" \/>\n<link rel=\"canonical\" href=\"https:\/\/www.interflora.es\/blog\/centro-de-mesa-navidad-con-velas\/\" \/>\n<script type=\"application\/ld+json\" class=\"yoast-schema-graph\">{\"@context\":\"https:\\\/\\\/schema.org\",\"@graph\":[{\"@type\":\"Article\",\"@id\":\"https:\\\/\\\/www.interflora.es\\\/blog\\\/centro-de-mesa-navidad-con-velas\\\/#article\",\"isPartOf\":{\"@id\":\"https:\\\/\\\/www.interflora.es\\\/blog\\\/centro-de-mesa-navidad-con-velas\\\/\"},\"author\":{\"name\":\"Interflora\",\"@id\":\"https:\\\/\\\/www.interflora.es\\\/blog\\\/#\\\/schema\\\/person\\\/e3ecff50262948e365b92682cdc2a9d1\"},\"headline\":\"Centro de mesa de Navidad con velas, \u00a1decora e ilumina tus fiestas de fin de a\u00f1o!\",\"datePublished\":\"2025-11-17T14:48:33+00:00\",\"dateModified\":\"2025-11-18T14:03:33+00:00\",\"mainEntityOfPage\":{\"@id\":\"https:\\\/\\\/www.interflora.es\\\/blog\\\/centro-de-mesa-navidad-con-velas\\\/\"},\"wordCount\":889,\"commentCount\":0,\"publisher\":{\"@id\":\"https:\\\/\\\/www.interflora.es\\\/blog\\\/#organization\"},\"image\":{\"@id\":\"https:\\\/\\\/www.interflora.es\\\/blog\\\/centro-de-mesa-navidad-con-velas\\\/#primaryimage\"},\"thumbnailUrl\":\"https:\\\/\\\/www.interflora.es\\\/blog\\\/wp-content\\\/uploads\\\/centr-mesa-navidad-velas-bd-scaled.jpg\",\"keywords\":[\"DIY\",\"navidad\"],\"articleSection\":[\"Decoraci\u00f3n navide\u00f1a\",\"Navidad\",\"Ocasiones especiales\"],\"inLanguage\":\"es\",\"potentialAction\":[{\"@type\":\"CommentAction\",\"name\":\"Comment\",\"target\":[\"https:\\\/\\\/www.interflora.es\\\/blog\\\/centro-de-mesa-navidad-con-velas\\\/#respond\"]}]},{\"@type\":\"WebPage\",\"@id\":\"https:\\\/\\\/www.interflora.es\\\/blog\\\/centro-de-mesa-navidad-con-velas\\\/\",\"url\":\"https:\\\/\\\/www.interflora.es\\\/blog\\\/centro-de-mesa-navidad-con-velas\\\/\",\"name\":\"Centro de mesa de Navidad con velas hechos en casa| Interflora\",\"isPartOf\":{\"@id\":\"https:\\\/\\\/www.interflora.es\\\/blog\\\/#website\"},\"primaryImageOfPage\":{\"@id\":\"https:\\\/\\\/www.interflora.es\\\/blog\\\/centro-de-mesa-navidad-con-velas\\\/#primaryimage\"},\"image\":{\"@id\":\"https:\\\/\\\/www.interflora.es\\\/blog\\\/centro-de-mesa-navidad-con-velas\\\/#primaryimage\"},\"thumbnailUrl\":\"https:\\\/\\\/www.interflora.es\\\/blog\\\/wp-content\\\/uploads\\\/centr-mesa-navidad-velas-bd-scaled.jpg\",\"datePublished\":\"2025-11-17T14:48:33+00:00\",\"dateModified\":\"2025-11-18T14:03:33+00:00\",\"description\":\"Un centro de mesa de Navidad con velas ilumina tus momentos m\u00e1s entra\u00f1ables. Interflora te ayuda a fabricar centros navide\u00f1os con velas.\",\"breadcrumb\":{\"@id\":\"https:\\\/\\\/www.interflora.es\\\/blog\\\/centro-de-mesa-navidad-con-velas\\\/#breadcrumb\"},\"inLanguage\":\"es\",\"potentialAction\":[{\"@type\":\"ReadAction\",\"target\":[\"https:\\\/\\\/www.interflora.es\\\/blog\\\/centro-de-mesa-navidad-con-velas\\\/\"]}]},{\"@type\":\"ImageObject\",\"inLanguage\":\"es\",\"@id\":\"https:\\\/\\\/www.interflora.es\\\/blog\\\/centro-de-mesa-navidad-con-velas\\\/#primaryimage\",\"url\":\"https:\\\/\\\/www.interflora.es\\\/blog\\\/wp-content\\\/uploads\\\/centr-mesa-navidad-velas-bd-scaled.jpg\",\"contentUrl\":\"https:\\\/\\\/www.interflora.es\\\/blog\\\/wp-content\\\/uploads\\\/centr-mesa-navidad-velas-bd-scaled.jpg\",\"width\":2560,\"height\":1718},{\"@type\":\"BreadcrumbList\",\"@id\":\"https:\\\/\\\/www.interflora.es\\\/blog\\\/centro-de-mesa-navidad-con-velas\\\/#breadcrumb\",\"itemListElement\":[{\"@type\":\"ListItem\",\"position\":1,\"name\":\"Home\",\"item\":\"https:\\\/\\\/www.interflora.es\\\/blog\\\/\"},{\"@type\":\"ListItem\",\"position\":2,\"name\":\"Centro de mesa de Navidad con velas, \u00a1decora e ilumina tus fiestas de fin de a\u00f1o!\"}]},{\"@type\":\"WebSite\",\"@id\":\"https:\\\/\\\/www.interflora.es\\\/blog\\\/#website\",\"url\":\"https:\\\/\\\/www.interflora.es\\\/blog\\\/\",\"name\":\"El blog de Interflora : consejos, ideas e inspiraci\u00f3n para disfrutar de las flores y las plantas\",\"description\":\"\",\"publisher\":{\"@id\":\"https:\\\/\\\/www.interflora.es\\\/blog\\\/#organization\"},\"potentialAction\":[{\"@type\":\"SearchAction\",\"target\":{\"@type\":\"EntryPoint\",\"urlTemplate\":\"https:\\\/\\\/www.interflora.es\\\/blog\\\/?s={search_term_string}\"},\"query-input\":{\"@type\":\"PropertyValueSpecification\",\"valueRequired\":true,\"valueName\":\"search_term_string\"}}],\"inLanguage\":\"es\"},{\"@type\":\"Organization\",\"@id\":\"https:\\\/\\\/www.interflora.es\\\/blog\\\/#organization\",\"name\":\"El blog de Interflora : consejos, ideas e inspiraci\u00f3n para disfrutar de las flores y las plantas\",\"url\":\"https:\\\/\\\/www.interflora.es\\\/blog\\\/\",\"logo\":{\"@type\":\"ImageObject\",\"inLanguage\":\"es\",\"@id\":\"https:\\\/\\\/www.interflora.es\\\/blog\\\/#\\\/schema\\\/logo\\\/image\\\/\",\"url\":\"https:\\\/\\\/www.interflora.es\\\/blog\\\/wp-content\\\/uploads\\\/2025\\\/10\\\/cropped-220422_INTERFLORA_Logo_rgb_Half_Top_Circle_Main_Color.png\",\"contentUrl\":\"https:\\\/\\\/www.interflora.es\\\/blog\\\/wp-content\\\/uploads\\\/2025\\\/10\\\/cropped-220422_INTERFLORA_Logo_rgb_Half_Top_Circle_Main_Color.png\",\"width\":1418,\"height\":659,\"caption\":\"El blog de Interflora : consejos, ideas e inspiraci\u00f3n para disfrutar de las flores y las plantas\"},\"image\":{\"@id\":\"https:\\\/\\\/www.interflora.es\\\/blog\\\/#\\\/schema\\\/logo\\\/image\\\/\"}},{\"@type\":\"Person\",\"@id\":\"https:\\\/\\\/www.interflora.es\\\/blog\\\/#\\\/schema\\\/person\\\/e3ecff50262948e365b92682cdc2a9d1\",\"name\":\"Interflora\",\"image\":{\"@type\":\"ImageObject\",\"inLanguage\":\"es\",\"@id\":\"https:\\\/\\\/www.interflora.es\\\/blog\\\/wp-content\\\/litespeed\\\/avatar\\\/ef0a9e22ccabc545011ca74a630eaf3e.jpg?ver=1777555250\",\"url\":\"https:\\\/\\\/www.interflora.es\\\/blog\\\/wp-content\\\/litespeed\\\/avatar\\\/ef0a9e22ccabc545011ca74a630eaf3e.jpg?ver=1777555250\",\"contentUrl\":\"https:\\\/\\\/www.interflora.es\\\/blog\\\/wp-content\\\/litespeed\\\/avatar\\\/ef0a9e22ccabc545011ca74a630eaf3e.jpg?ver=1777555250\",\"caption\":\"Interflora\"}}]}<\/script>\n<!-- \/ Yoast SEO plugin. -->","yoast_head_json":{"title":"Centro de mesa de Navidad con velas hechos en casa| Interflora","description":"Un centro de mesa de Navidad con velas ilumina tus momentos m\u00e1s entra\u00f1ables. Interflora te ayuda a fabricar centros navide\u00f1os con velas.","robots":{"index":"index","follow":"follow","max-snippet":"max-snippet:-1","max-image-preview":"max-image-preview:large","max-video-preview":"max-video-preview:-1"},"canonical":"https:\/\/www.interflora.es\/blog\/centro-de-mesa-navidad-con-velas\/","schema":{"@context":"https:\/\/schema.org","@graph":[{"@type":"Article","@id":"https:\/\/www.interflora.es\/blog\/centro-de-mesa-navidad-con-velas\/#article","isPartOf":{"@id":"https:\/\/www.interflora.es\/blog\/centro-de-mesa-navidad-con-velas\/"},"author":{"name":"Interflora","@id":"https:\/\/www.interflora.es\/blog\/#\/schema\/person\/e3ecff50262948e365b92682cdc2a9d1"},"headline":"Centro de mesa de Navidad con velas, \u00a1decora e ilumina tus fiestas de fin de a\u00f1o!","datePublished":"2025-11-17T14:48:33+00:00","dateModified":"2025-11-18T14:03:33+00:00","mainEntityOfPage":{"@id":"https:\/\/www.interflora.es\/blog\/centro-de-mesa-navidad-con-velas\/"},"wordCount":889,"commentCount":0,"publisher":{"@id":"https:\/\/www.interflora.es\/blog\/#organization"},"image":{"@id":"https:\/\/www.interflora.es\/blog\/centro-de-mesa-navidad-con-velas\/#primaryimage"},"thumbnailUrl":"https:\/\/www.interflora.es\/blog\/wp-content\/uploads\/centr-mesa-navidad-velas-bd-scaled.jpg","keywords":["DIY","navidad"],"articleSection":["Decoraci\u00f3n navide\u00f1a","Navidad","Ocasiones especiales"],"inLanguage":"es","potentialAction":[{"@type":"CommentAction","name":"Comment","target":["https:\/\/www.interflora.es\/blog\/centro-de-mesa-navidad-con-velas\/#respond"]}]},{"@type":"WebPage","@id":"https:\/\/www.interflora.es\/blog\/centro-de-mesa-navidad-con-velas\/","url":"https:\/\/www.interflora.es\/blog\/centro-de-mesa-navidad-con-velas\/","name":"Centro de mesa de Navidad con velas hechos en casa| Interflora","isPartOf":{"@id":"https:\/\/www.interflora.es\/blog\/#website"},"primaryImageOfPage":{"@id":"https:\/\/www.interflora.es\/blog\/centro-de-mesa-navidad-con-velas\/#primaryimage"},"image":{"@id":"https:\/\/www.interflora.es\/blog\/centro-de-mesa-navidad-con-velas\/#primaryimage"},"thumbnailUrl":"https:\/\/www.interflora.es\/blog\/wp-content\/uploads\/centr-mesa-navidad-velas-bd-scaled.jpg","datePublished":"2025-11-17T14:48:33+00:00","dateModified":"2025-11-18T14:03:33+00:00","description":"Un centro de mesa de Navidad con velas ilumina tus momentos m\u00e1s entra\u00f1ables. Interflora te ayuda a fabricar centros navide\u00f1os con velas.","breadcrumb":{"@id":"https:\/\/www.interflora.es\/blog\/centro-de-mesa-navidad-con-velas\/#breadcrumb"},"inLanguage":"es","potentialAction":[{"@type":"ReadAction","target":["https:\/\/www.interflora.es\/blog\/centro-de-mesa-navidad-con-velas\/"]}]},{"@type":"ImageObject","inLanguage":"es","@id":"https:\/\/www.interflora.es\/blog\/centro-de-mesa-navidad-con-velas\/#primaryimage","url":"https:\/\/www.interflora.es\/blog\/wp-content\/uploads\/centr-mesa-navidad-velas-bd-scaled.jpg","contentUrl":"https:\/\/www.interflora.es\/blog\/wp-content\/uploads\/centr-mesa-navidad-velas-bd-scaled.jpg","width":2560,"height":1718},{"@type":"BreadcrumbList","@id":"https:\/\/www.interflora.es\/blog\/centro-de-mesa-navidad-con-velas\/#breadcrumb","itemListElement":[{"@type":"ListItem","position":1,"name":"Home","item":"https:\/\/www.interflora.es\/blog\/"},{"@type":"ListItem","position":2,"name":"Centro de mesa de Navidad con velas, \u00a1decora e ilumina tus fiestas de fin de a\u00f1o!"}]},{"@type":"WebSite","@id":"https:\/\/www.interflora.es\/blog\/#website","url":"https:\/\/www.interflora.es\/blog\/","name":"El blog de Interflora : consejos, ideas e inspiraci\u00f3n para disfrutar de las flores y las plantas","description":"","publisher":{"@id":"https:\/\/www.interflora.es\/blog\/#organization"},"potentialAction":[{"@type":"SearchAction","target":{"@type":"EntryPoint","urlTemplate":"https:\/\/www.interflora.es\/blog\/?s={search_term_string}"},"query-input":{"@type":"PropertyValueSpecification","valueRequired":true,"valueName":"search_term_string"}}],"inLanguage":"es"},{"@type":"Organization","@id":"https:\/\/www.interflora.es\/blog\/#organization","name":"El blog de Interflora : consejos, ideas e inspiraci\u00f3n para disfrutar de las flores y las plantas","url":"https:\/\/www.interflora.es\/blog\/","logo":{"@type":"ImageObject","inLanguage":"es","@id":"https:\/\/www.interflora.es\/blog\/#\/schema\/logo\/image\/","url":"https:\/\/www.interflora.es\/blog\/wp-content\/uploads\/2025\/10\/cropped-220422_INTERFLORA_Logo_rgb_Half_Top_Circle_Main_Color.png","contentUrl":"https:\/\/www.interflora.es\/blog\/wp-content\/uploads\/2025\/10\/cropped-220422_INTERFLORA_Logo_rgb_Half_Top_Circle_Main_Color.png","width":1418,"height":659,"caption":"El blog de Interflora : consejos, ideas e inspiraci\u00f3n para disfrutar de las flores y las plantas"},"image":{"@id":"https:\/\/www.interflora.es\/blog\/#\/schema\/logo\/image\/"}},{"@type":"Person","@id":"https:\/\/www.interflora.es\/blog\/#\/schema\/person\/e3ecff50262948e365b92682cdc2a9d1","name":"Interflora","image":{"@type":"ImageObject","inLanguage":"es","@id":"https:\/\/www.interflora.es\/blog\/wp-content\/litespeed\/avatar\/ef0a9e22ccabc545011ca74a630eaf3e.jpg?ver=1777555250","url":"https:\/\/www.interflora.es\/blog\/wp-content\/litespeed\/avatar\/ef0a9e22ccabc545011ca74a630eaf3e.jpg?ver=1777555250","contentUrl":"https:\/\/www.interflora.es\/blog\/wp-content\/litespeed\/avatar\/ef0a9e22ccabc545011ca74a630eaf3e.jpg?ver=1777555250","caption":"Interflora"}}]}},"uagb_featured_image_src":{"full":["https:\/\/www.interflora.es\/blog\/wp-content\/uploads\/centr-mesa-navidad-velas-bd-scaled.jpg",2560,1718,false],"thumbnail":["https:\/\/www.interflora.es\/blog\/wp-content\/uploads\/centr-mesa-navidad-velas-bd-150x150.jpg",150,150,true],"medium":["https:\/\/www.interflora.es\/blog\/wp-content\/uploads\/centr-mesa-navidad-velas-bd-300x201.jpg",300,201,true],"medium_large":["https:\/\/www.interflora.es\/blog\/wp-content\/uploads\/centr-mesa-navidad-velas-bd-768x515.jpg",768,515,true],"large":["https:\/\/www.interflora.es\/blog\/wp-content\/uploads\/centr-mesa-navidad-velas-bd-1024x687.jpg",1024,687,true],"1536x1536":["https:\/\/www.interflora.es\/blog\/wp-content\/uploads\/centr-mesa-navidad-velas-bd-1536x1031.jpg",1536,1031,true],"2048x2048":["https:\/\/www.interflora.es\/blog\/wp-content\/uploads\/centr-mesa-navidad-velas-bd-2048x1374.jpg",2048,1374,true]},"uagb_author_info":{"display_name":"Interflora","author_link":"https:\/\/www.interflora.es\/blog\/author\/interflora\/"},"uagb_comment_info":2,"uagb_excerpt":"La Navidad es una de las festividades m\u00e1s deseadas del a\u00f1o. El mes de diciembre anuncia villancicos, luces, un \u00e1rbol [&hellip;]","_links":{"self":[{"href":"https:\/\/www.interflora.es\/blog\/wp-json\/wp\/v2\/posts\/25393","targetHints":{"allow":["GET"]}}],"collection":[{"href":"https:\/\/www.interflora.es\/blog\/wp-json\/wp\/v2\/posts"}],"about":[{"href":"https:\/\/www.interflora.es\/blog\/wp-json\/wp\/v2\/types\/post"}],"author":[{"embeddable":true,"href":"https:\/\/www.interflora.es\/blog\/wp-json\/wp\/v2\/users\/13"}],"replies":[{"embeddable":true,"href":"https:\/\/www.interflora.es\/blog\/wp-json\/wp\/v2\/comments?post=25393"}],"version-history":[{"count":2,"href":"https:\/\/www.interflora.es\/blog\/wp-json\/wp\/v2\/posts\/25393\/revisions"}],"predecessor-version":[{"id":32625,"href":"https:\/\/www.interflora.es\/blog\/wp-json\/wp\/v2\/posts\/25393\/revisions\/32625"}],"wp:featuredmedia":[{"embeddable":true,"href":"https:\/\/www.interflora.es\/blog\/wp-json\/wp\/v2\/media\/25424"}],"wp:attachment":[{"href":"https:\/\/www.interflora.es\/blog\/wp-json\/wp\/v2\/media?parent=25393"}],"wp:term":[{"taxonomy":"category","embeddable":true,"href":"https:\/\/www.interflora.es\/blog\/wp-json\/wp\/v2\/categories?post=25393"},{"taxonomy":"post_tag","embeddable":true,"href":"https:\/\/www.interflora.es\/blog\/wp-json\/wp\/v2\/tags?post=25393"}],"curies":[{"name":"wp","href":"https:\/\/api.w.org\/{rel}","templated":true}]}}