{"id":24662,"date":"2025-10-01T09:28:04","date_gmt":"2025-10-01T07:28:04","guid":{"rendered":"https:\/\/www.interflora.es\/blog\/?p=24662"},"modified":"2025-10-01T09:29:26","modified_gmt":"2025-10-01T07:29:26","slug":"flor-nacional-espana-clavel","status":"publish","type":"post","link":"https:\/\/www.interflora.es\/blog\/flor-nacional-espana-clavel\/","title":{"rendered":"El clavel, flor nacional de Espa\u00f1a y s\u00edmbolo de amor y de tradici\u00f3n"},"content":{"rendered":"\n<p>El clavel es un verdadero s\u00edmbolo en Espa\u00f1a. Una flor muy abundante, presente en todas las festividades y grandes momentos, que se ha ganado a pulso su t\u00edtulo de flor nacional de Espa\u00f1a. El clavel, con sus p\u00e9talos rizados y sus colores variados, es una flor de amor muy ligada a la tradici\u00f3n y al folclore en nuestro pa\u00eds. Las chulapas madrile\u00f1as lo llevan bajo sus pa\u00f1uelos, Sevilla brilla de mil colores con esta flor durante la feria y las sevillanas lo lucen en sus peinados. Pero esto no es todo. Si quieres conocer el or\u00edgen del clavel, saber por qu\u00e9 es la flor nacional y como se ha convertido en una flor indispensable en Espa\u00f1a, aqu\u00ed te lo contamos todo. Regala ramos de claveles el D\u00eda de la Hispanidad o el D\u00eda de la Constituci\u00f3n con Interflora, \u00a1la mejor forma de festejar nuestras fiestas!<br><\/p>\n\n\n\n<div class=\"wp-block-columns alignwide is-layout-flex wp-container-core-columns-is-layout-28f84493 wp-block-columns-is-layout-flex\">\n<div class=\"wp-block-column is-layout-flow wp-block-column-is-layout-flow\">\n<h2 class=\"wp-block-heading\">\u00bfPor qu\u00e9 la flor nacional de Espa\u00f1a es el clavel?<\/h2>\n\n\n\n<p>Las flores son emblemas nacionales en muchos pa\u00edses del mundo, por ser abundantes en ellos o por formar parte de la her\u00e1ldica del pa\u00eds. Entre las flores nacionales, estas son las m\u00e1s conocidas:&nbsp;<\/p>\n\n\n\n<ul class=\"wp-block-list\">\n<li>La rosa Tudor en Inglaterra<\/li>\n\n\n\n<li>La flor del cardo en Escocia<\/li>\n\n\n\n<li>La flor de loto en la India<\/li>\n\n\n\n<li>El crisantemo en Jap\u00f3n<\/li>\n\n\n\n<li>El tulip\u00e1n en Holanda, Hungr\u00eda o Turqu\u00eda<\/li>\n\n\n\n<li>La flor de lis en Francia<\/li>\n<\/ul>\n<\/div>\n\n\n\n<div class=\"wp-block-column is-layout-flow wp-block-column-is-layout-flow\" style=\"flex-basis:700px\">\n<figure class=\"wp-block-gallery has-nested-images columns-default is-cropped wp-block-gallery-1 is-layout-flex wp-block-gallery-is-layout-flex\">\n<figure class=\"wp-block-image size-large\"><img loading=\"lazy\" decoding=\"async\" width=\"1024\" height=\"1024\" data-id=\"24672\" src=\"https:\/\/www.interflora.es\/blog\/wp-content\/uploads\/rosa-rosa-1024x1024.jpg\" alt=\"Rosa Tudor\" class=\"wp-image-24672\" srcset=\"https:\/\/www.interflora.es\/blog\/wp-content\/uploads\/rosa-rosa-1024x1024.jpg 1024w, https:\/\/www.interflora.es\/blog\/wp-content\/uploads\/rosa-rosa-300x300.jpg 300w, https:\/\/www.interflora.es\/blog\/wp-content\/uploads\/rosa-rosa-150x150.jpg 150w, https:\/\/www.interflora.es\/blog\/wp-content\/uploads\/rosa-rosa-768x768.jpg 768w, https:\/\/www.interflora.es\/blog\/wp-content\/uploads\/rosa-rosa-1536x1536.jpg 1536w, https:\/\/www.interflora.es\/blog\/wp-content\/uploads\/rosa-rosa.jpg 1900w\" sizes=\"auto, (max-width: 1024px) 100vw, 1024px\" \/><\/figure>\n\n\n\n<figure class=\"wp-block-image size-large\"><img loading=\"lazy\" decoding=\"async\" width=\"1024\" height=\"686\" data-id=\"24673\" src=\"https:\/\/www.interflora.es\/blog\/wp-content\/uploads\/flor-de-loto-1024x686.jpg\" alt=\"Flor de loto\" class=\"wp-image-24673\" srcset=\"https:\/\/www.interflora.es\/blog\/wp-content\/uploads\/flor-de-loto-1024x686.jpg 1024w, https:\/\/www.interflora.es\/blog\/wp-content\/uploads\/flor-de-loto-300x201.jpg 300w, https:\/\/www.interflora.es\/blog\/wp-content\/uploads\/flor-de-loto-768x514.jpg 768w, https:\/\/www.interflora.es\/blog\/wp-content\/uploads\/flor-de-loto.jpg 1280w\" sizes=\"auto, (max-width: 1024px) 100vw, 1024px\" \/><\/figure>\n\n\n\n<figure class=\"wp-block-image size-large\"><img loading=\"lazy\" decoding=\"async\" width=\"1024\" height=\"1024\" data-id=\"24674\" src=\"https:\/\/www.interflora.es\/blog\/wp-content\/uploads\/crisantemo-rosa-1-1024x1024.jpg\" alt=\"Crisantemo\" class=\"wp-image-24674\" srcset=\"https:\/\/www.interflora.es\/blog\/wp-content\/uploads\/crisantemo-rosa-1-1024x1024.jpg 1024w, https:\/\/www.interflora.es\/blog\/wp-content\/uploads\/crisantemo-rosa-1-300x300.jpg 300w, https:\/\/www.interflora.es\/blog\/wp-content\/uploads\/crisantemo-rosa-1-150x150.jpg 150w, https:\/\/www.interflora.es\/blog\/wp-content\/uploads\/crisantemo-rosa-1-768x768.jpg 768w, https:\/\/www.interflora.es\/blog\/wp-content\/uploads\/crisantemo-rosa-1-1536x1536.jpg 1536w, https:\/\/www.interflora.es\/blog\/wp-content\/uploads\/crisantemo-rosa-1.jpg 1900w\" sizes=\"auto, (max-width: 1024px) 100vw, 1024px\" \/><\/figure>\n\n\n\n<figure class=\"wp-block-image size-large\"><img loading=\"lazy\" decoding=\"async\" width=\"1024\" height=\"681\" data-id=\"24683\" src=\"https:\/\/www.interflora.es\/blog\/wp-content\/uploads\/tulipanes-blancos-1-1024x681.jpg\" alt=\"Tulip\u00e1n\" class=\"wp-image-24683\" srcset=\"https:\/\/www.interflora.es\/blog\/wp-content\/uploads\/tulipanes-blancos-1-1024x681.jpg 1024w, https:\/\/www.interflora.es\/blog\/wp-content\/uploads\/tulipanes-blancos-1-300x199.jpg 300w, https:\/\/www.interflora.es\/blog\/wp-content\/uploads\/tulipanes-blancos-1-768x511.jpg 768w, https:\/\/www.interflora.es\/blog\/wp-content\/uploads\/tulipanes-blancos-1-1536x1021.jpg 1536w, https:\/\/www.interflora.es\/blog\/wp-content\/uploads\/tulipanes-blancos-1.jpg 1900w\" sizes=\"auto, (max-width: 1024px) 100vw, 1024px\" \/><\/figure>\n\n\n\n<figure class=\"wp-block-image size-large\"><img loading=\"lazy\" decoding=\"async\" width=\"1024\" height=\"683\" data-id=\"24684\" src=\"https:\/\/www.interflora.es\/blog\/wp-content\/uploads\/flor-de-lis-1024x683.jpg\" alt=\"Flor de lis\" class=\"wp-image-24684\" srcset=\"https:\/\/www.interflora.es\/blog\/wp-content\/uploads\/flor-de-lis-1024x683.jpg 1024w, https:\/\/www.interflora.es\/blog\/wp-content\/uploads\/flor-de-lis-300x200.jpg 300w, https:\/\/www.interflora.es\/blog\/wp-content\/uploads\/flor-de-lis-768x513.jpg 768w, https:\/\/www.interflora.es\/blog\/wp-content\/uploads\/flor-de-lis-1536x1025.jpg 1536w, https:\/\/www.interflora.es\/blog\/wp-content\/uploads\/flor-de-lis.jpg 1900w\" sizes=\"auto, (max-width: 1024px) 100vw, 1024px\" \/><\/figure>\n<\/figure>\n<\/div>\n<\/div>\n\n\n\n<p style=\"padding-top:var(--wp--preset--spacing--30);padding-bottom:var(--wp--preset--spacing--30)\">En Espa\u00f1a, pa\u00eds mediterr\u00e1neo y de clima templado, las flores son abundantes y est\u00e1n muy presentes, aunque solo hay una que se ha ganado el t\u00edtulo de flor nacional de Espa\u00f1a: <strong>el clavel<\/strong>. \u00bfSabes por qu\u00e9? Pues sigue leyendo, que aqu\u00ed te lo contamos<\/p>\n\n\n\n<div class=\"wp-block-columns alignwide is-layout-flex wp-container-core-columns-is-layout-28f84493 wp-block-columns-is-layout-flex\">\n<div class=\"wp-block-column is-layout-flow wp-block-column-is-layout-flow\">\n<figure class=\"wp-block-image size-large\"><img loading=\"lazy\" decoding=\"async\" width=\"1024\" height=\"975\" src=\"https:\/\/www.interflora.es\/blog\/wp-content\/uploads\/claveles-rojos-espana-1024x975.jpg\" alt=\"Clavel, flor nacional de Espa\u00f1a\" class=\"wp-image-24708\" srcset=\"https:\/\/www.interflora.es\/blog\/wp-content\/uploads\/claveles-rojos-espana-1024x975.jpg 1024w, https:\/\/www.interflora.es\/blog\/wp-content\/uploads\/claveles-rojos-espana-300x286.jpg 300w, https:\/\/www.interflora.es\/blog\/wp-content\/uploads\/claveles-rojos-espana-768x732.jpg 768w, https:\/\/www.interflora.es\/blog\/wp-content\/uploads\/claveles-rojos-espana-1536x1463.jpg 1536w, https:\/\/www.interflora.es\/blog\/wp-content\/uploads\/claveles-rojos-espana.jpg 1900w\" sizes=\"auto, (max-width: 1024px) 100vw, 1024px\" \/><\/figure>\n<\/div>\n\n\n\n<div class=\"wp-block-column is-layout-flow wp-block-column-is-layout-flow\">\n<h3 class=\"wp-block-heading\">El clavel: la flor de los dioses, s\u00edmbolo indiscutible de alegr\u00eda y fuerza<\/h3>\n\n\n\n<p>El clavel o Dianthus caryophyllus, que significa la flor de los dioses, es una flor originaria de Turqu\u00eda y muy abundante en la cuenca mediterr\u00e1nea, donde es la reina indiscutible.<br>Esta flor, con sus p\u00e9talos coloridos y rizados, est\u00e1 muy unida a nuestra tradici\u00f3n y nos recuerda a otros elementos irremplazables de nuestra cultura (sobre todo en Andaluc\u00eda), como son los mism\u00edsimos vestidos de flamenca. Adem\u00e1s, no hay fiesta o evento en Espa\u00f1a en los que no est\u00e9n presentes los claveles. Desde el tradicional San Isidro en Madrid hasta la Feria de Sevilla o la Fiesta de los Patios de C\u00f3rdoba, desde el D\u00eda de la Hispanidad, el Pilar o la Constituci\u00f3n hasta San Ferm\u00edn, las Fallas o la Semana Santa. El clavel es un emblema nacional, pero tambi\u00e9n es s\u00edmbolo de alegr\u00eda, de amor, de pasi\u00f3n y de fiesta.&nbsp;<br>En la cultura espa\u00f1ola, el clavel es tambi\u00e9n conocido como la flor de la lucha, ya que simboliza la resistencia y la determinaci\u00f3n. Esto se debe a que las plantas del clavel son muy resistentes y capaces de sobrevivir en condiciones dif\u00edciles, dando como fruto unas flores duraderas y muy decorativas.<\/p>\n<\/div>\n<\/div>\n\n\n\n<div style=\"height:5px\" aria-hidden=\"true\" class=\"wp-block-spacer\"><\/div>\n\n\n<div class=\"lp-produits-grid\"><div class=\"lp-produit\"><div class=\"lp-thumbnail-wrapper\"><img loading=\"lazy\" decoding=\"async\" width=\"300\" height=\"300\" src=\"https:\/\/www.interflora.es\/blog\/wp-content\/uploads\/2025\/11\/Capture-decran-2026-02-04-121916-300x300.png\" class=\"attachment-medium size-medium wp-post-image\" alt=\"\" srcset=\"https:\/\/www.interflora.es\/blog\/wp-content\/uploads\/2025\/11\/Capture-decran-2026-02-04-121916-300x300.png 300w, https:\/\/www.interflora.es\/blog\/wp-content\/uploads\/2025\/11\/Capture-decran-2026-02-04-121916-150x150.png 150w, https:\/\/www.interflora.es\/blog\/wp-content\/uploads\/2025\/11\/Capture-decran-2026-02-04-121916.png 647w\" sizes=\"auto, (max-width: 300px) 100vw, 300px\" \/><img decoding=\"async\" class=\"lp-badge\" src=\"https:\/\/prodblog.interflora.es\/blog\/wp-content\/uploads\/2025\/04\/220422_INTERFLORA_Main_Logo_rgb_Main_Color.png\" alt=\"Entrega r\u00e1pida\"><\/div><span>Peque\u00f1o Sol<\/span><p>27.99 \u20ac<\/p><span class=\"obf-link lp-cta\" role=\"link\" tabindex=\"0\" data-b64=\"aHR0cHM6Ly93d3cuaW50ZXJmbG9yYS5lcy9wL3JhbW8tZGUtZmxvcmVzLWFtYXJpbGxhcy12YXJpYWRhcy8xP3V0bV9tZWRpdW09b3JnYW5pYyZ1dG1fc291cmNlPWJsb2dfcHJvZHVjdHMmdXRtX2NhbXBhaWduPUZGMTQ4\" data-target=\"_blank\"><svg xmlns=\"http:\/\/www.w3.org\/2000\/svg\" width=\"16\" height=\"16\" fill=\"currentColor\" class=\"bi bi-bag\" viewBox=\"0 0 16 16\"><path d=\"M8 1a2 2 0 0 1 2 2v1h2.5A1.5 1.5 0 0 1 14 5.5v8A1.5 1.5 0 0 1 12.5 15h-9A1.5 1.5 0 0 1 2 13.5v-8A1.5 1.5 0 0 1 3.5 3H6V2a2 2 0 0 1 2-1zm1 3V3a1 1 0 0 0-2 0v1h2z\"\/><\/svg>Comprar<\/span><p class=\"rapido\">Flores y plantas elegidas con mimo<\/p><\/div><div class=\"lp-produit\"><div class=\"lp-thumbnail-wrapper\"><img loading=\"lazy\" decoding=\"async\" width=\"300\" height=\"300\" src=\"https:\/\/www.interflora.es\/blog\/wp-content\/uploads\/2025\/04\/1674815076-monstera_pg0055_deco-2-300x300.jpg\" class=\"attachment-medium size-medium wp-post-image\" alt=\"\" srcset=\"https:\/\/www.interflora.es\/blog\/wp-content\/uploads\/2025\/04\/1674815076-monstera_pg0055_deco-2-300x300.jpg 300w, https:\/\/www.interflora.es\/blog\/wp-content\/uploads\/2025\/04\/1674815076-monstera_pg0055_deco-2-1024x1024.jpg 1024w, https:\/\/www.interflora.es\/blog\/wp-content\/uploads\/2025\/04\/1674815076-monstera_pg0055_deco-2-150x150.jpg 150w, https:\/\/www.interflora.es\/blog\/wp-content\/uploads\/2025\/04\/1674815076-monstera_pg0055_deco-2-768x768.jpg 768w, https:\/\/www.interflora.es\/blog\/wp-content\/uploads\/2025\/04\/1674815076-monstera_pg0055_deco-2.jpg 1500w\" sizes=\"auto, (max-width: 300px) 100vw, 300px\" \/><img decoding=\"async\" class=\"lp-badge\" src=\"https:\/\/prodblog.interflora.es\/blog\/wp-content\/uploads\/2025\/04\/220422_INTERFLORA_Main_Logo_rgb_Main_Color.png\" alt=\"Entrega r\u00e1pida\"><\/div><span>Monstera Deliciosa &#8211; Costilla de Ad\u00e1n<\/span><p>29.99 \u20ac<\/p><span class=\"obf-link lp-cta\" role=\"link\" tabindex=\"0\" data-b64=\"aHR0cHM6Ly93d3cuaW50ZXJmbG9yYS5lcy9wL21vbnN0ZXJhLzE\/dXRtX21lZGl1bT1vcmdhbmljJnV0bV9zb3VyY2U9YmxvZ19wcm9kdWN0cyZ1dG1fY2FtcGFpZ249UEcwMDU1\" data-target=\"_blank\"><svg xmlns=\"http:\/\/www.w3.org\/2000\/svg\" width=\"16\" height=\"16\" fill=\"currentColor\" class=\"bi bi-bag\" viewBox=\"0 0 16 16\"><path d=\"M8 1a2 2 0 0 1 2 2v1h2.5A1.5 1.5 0 0 1 14 5.5v8A1.5 1.5 0 0 1 12.5 15h-9A1.5 1.5 0 0 1 2 13.5v-8A1.5 1.5 0 0 1 3.5 3H6V2a2 2 0 0 1 2-1zm1 3V3a1 1 0 0 0-2 0v1h2z\"\/><\/svg>Comprar<\/span><p class=\"rapido\">Selecci\u00f3n Interflora<\/p><\/div><div class=\"lp-produit\"><div class=\"lp-thumbnail-wrapper\"><img loading=\"lazy\" decoding=\"async\" width=\"300\" height=\"300\" src=\"https:\/\/www.interflora.es\/blog\/wp-content\/uploads\/2025\/04\/1734353451-f0270-m-key-2-300x300.jpg\" class=\"attachment-medium size-medium wp-post-image\" alt=\"\" srcset=\"https:\/\/www.interflora.es\/blog\/wp-content\/uploads\/2025\/04\/1734353451-f0270-m-key-2-300x300.jpg 300w, https:\/\/www.interflora.es\/blog\/wp-content\/uploads\/2025\/04\/1734353451-f0270-m-key-2-1024x1024.jpg 1024w, https:\/\/www.interflora.es\/blog\/wp-content\/uploads\/2025\/04\/1734353451-f0270-m-key-2-150x150.jpg 150w, https:\/\/www.interflora.es\/blog\/wp-content\/uploads\/2025\/04\/1734353451-f0270-m-key-2-768x768.jpg 768w, https:\/\/www.interflora.es\/blog\/wp-content\/uploads\/2025\/04\/1734353451-f0270-m-key-2.jpg 1200w\" sizes=\"auto, (max-width: 300px) 100vw, 300px\" \/><img decoding=\"async\" class=\"lp-badge\" src=\"https:\/\/prodblog.interflora.es\/blog\/wp-content\/uploads\/2025\/04\/220422_INTERFLORA_Main_Logo_rgb_Main_Color.png\" alt=\"Entrega r\u00e1pida\"><\/div><span>Conexi\u00f3n floral<\/span><p>49.99 \u20ac<\/p><span class=\"obf-link lp-cta\" role=\"link\" tabindex=\"0\" data-b64=\"aHR0cHM6Ly93d3cuaW50ZXJmbG9yYS5lcy9wL3F1ZXJpZGEtbWFtYS8xP3V0bV9tZWRpdW09b3JnYW5pYyZ1dG1fc291cmNlPWJsb2dfcHJvZHVjdHMmdXRtX2NhbXBhaWduPUYwMjcw\" data-target=\"_blank\"><svg xmlns=\"http:\/\/www.w3.org\/2000\/svg\" width=\"16\" height=\"16\" fill=\"currentColor\" class=\"bi bi-bag\" viewBox=\"0 0 16 16\"><path d=\"M8 1a2 2 0 0 1 2 2v1h2.5A1.5 1.5 0 0 1 14 5.5v8A1.5 1.5 0 0 1 12.5 15h-9A1.5 1.5 0 0 1 2 13.5v-8A1.5 1.5 0 0 1 3.5 3H6V2a2 2 0 0 1 2-1zm1 3V3a1 1 0 0 0-2 0v1h2z\"\/><\/svg>Comprar<\/span><p class=\"rapido\">Entrega en el d\u00eda<\/p><\/div><div class=\"lp-produit\"><div class=\"lp-thumbnail-wrapper\"><img loading=\"lazy\" decoding=\"async\" width=\"300\" height=\"300\" src=\"https:\/\/www.interflora.es\/blog\/wp-content\/uploads\/2025\/04\/1738656685-fwd009-m-key-zoomed-2-300x300.jpg\" class=\"attachment-medium size-medium wp-post-image\" alt=\"\" srcset=\"https:\/\/www.interflora.es\/blog\/wp-content\/uploads\/2025\/04\/1738656685-fwd009-m-key-zoomed-2-300x300.jpg 300w, https:\/\/www.interflora.es\/blog\/wp-content\/uploads\/2025\/04\/1738656685-fwd009-m-key-zoomed-2-1024x1024.jpg 1024w, https:\/\/www.interflora.es\/blog\/wp-content\/uploads\/2025\/04\/1738656685-fwd009-m-key-zoomed-2-150x150.jpg 150w, https:\/\/www.interflora.es\/blog\/wp-content\/uploads\/2025\/04\/1738656685-fwd009-m-key-zoomed-2-768x768.jpg 768w, https:\/\/www.interflora.es\/blog\/wp-content\/uploads\/2025\/04\/1738656685-fwd009-m-key-zoomed-2-1536x1536.jpg 1536w, https:\/\/www.interflora.es\/blog\/wp-content\/uploads\/2025\/04\/1738656685-fwd009-m-key-zoomed-2.jpg 1991w\" sizes=\"auto, (max-width: 300px) 100vw, 300px\" \/><img decoding=\"async\" class=\"lp-badge\" src=\"https:\/\/prodblog.interflora.es\/blog\/wp-content\/uploads\/2025\/04\/220422_INTERFLORA_Main_Logo_rgb_Main_Color.png\" alt=\"Entrega r\u00e1pida\"><\/div><span>Floral Kiss<\/span><p>29.99 \u20ac<\/p><span class=\"obf-link lp-cta\" role=\"link\" tabindex=\"0\" data-b64=\"aHR0cHM6Ly93d3cuaW50ZXJmbG9yYS5lcy9wL2Zsb3JhbC1raXNzLzE\/dXRtX21lZGl1bT1vcmdhbmljJnV0bV9zb3VyY2U9YmxvZ19wcm9kdWN0cyZ1dG1fY2FtcGFpZ249RldEMDA5\" data-target=\"_blank\"><svg xmlns=\"http:\/\/www.w3.org\/2000\/svg\" width=\"16\" height=\"16\" fill=\"currentColor\" class=\"bi bi-bag\" viewBox=\"0 0 16 16\"><path d=\"M8 1a2 2 0 0 1 2 2v1h2.5A1.5 1.5 0 0 1 14 5.5v8A1.5 1.5 0 0 1 12.5 15h-9A1.5 1.5 0 0 1 2 13.5v-8A1.5 1.5 0 0 1 3.5 3H6V2a2 2 0 0 1 2-1zm1 3V3a1 1 0 0 0-2 0v1h2z\"\/><\/svg>Comprar<\/span><p class=\"rapido\">Env\u00edo r\u00e1pido<\/p><\/div><\/div>\n\n\n\n<div style=\"height:10px\" aria-hidden=\"true\" class=\"wp-block-spacer\"><\/div>\n\n\n\n<h3 class=\"wp-block-heading alignwide\" style=\"padding-top:var(--wp--preset--spacing--30);padding-bottom:var(--wp--preset--spacing--30)\">Un gesto de amor real que convirti\u00f3 al clavel en flor nacional de Espa\u00f1a<\/h3>\n\n\n\n<p>Ya en la \u00e9poca romana, el clavel era considerado como una de las plantas m\u00e1s valiosas por sus supuestas propiedades medicinales. Los romanos las utilizaban tanto para tratar afecciones respiratorias como para dar sabor a los alimentos. Sus propiedades decorativas no pasaban desapercibidas en esta \u00e9poca, siendo s\u00edmbolo de pureza e inocencia, por lo que era utilizado en bodas y otros eventos importantes. Sin embargo, es gracias al gesto de amor del rey Carlos I de Espa\u00f1a que el clavel es considerado como la flor nacional de Espa\u00f1a.&nbsp;<br>Instalado junto a su esposa, la reina Isabel de Portugal, en sus dependencias del palacio de la Alhambra, el monarca y emperador espa\u00f1ol quiso declararle su amor absoluto con un clavel rojo tra\u00eddo desde Oriente. El detalle gust\u00f3 tanto a la reina que el emperador hizo que plantaran cientos de claveles en los jardines del palacio, as\u00ed como tambi\u00e9n rode\u00f3 su tumba de estas flores cuando Isabel muri\u00f3, unos a\u00f1os m\u00e1s tarde.<\/p>\n\n\n\n<div class=\"wp-block-columns alignwide is-layout-flex wp-container-core-columns-is-layout-28f84493 wp-block-columns-is-layout-flex\">\n<div class=\"wp-block-column is-layout-flow wp-block-column-is-layout-flow\">\n<h2 class=\"wp-block-heading\">El clavel, una flor muy presente en Espa\u00f1a<\/h2>\n\n\n\n<p>Historia, folklore, religi\u00f3n, fiesta y tradici\u00f3n\u2026como ves, el clavel est\u00e1 muy presente en Espa\u00f1a, donde cuenta con m\u00e1s de 25 especies con una amplia variedad de colores. Adem\u00e1s, esta flor herb\u00e1cea de hojas perennes, capaz de alcanzar los 50 cm de altura, puede florecer todo el a\u00f1o y se puede cultivar tanto en jard\u00edn como en casa, a pesar de que sea una planta de exterior.&nbsp;<\/p>\n\n\n\n<p>El clavel rojo es una de las flores m\u00e1s utilizadas en Espa\u00f1a para celebrar, decorar y regalar, al mismo nivel que las rosas rojas, con las que compiten en San Valent\u00edn como se\u00f1al de amor pasional. Por eso ha inspirado coplas y poemas, adorna ojales y rejas, ti\u00f1e de rojo las plazas de toros, los teatros y los tablaos de flamenco y es el protagonista indiscutible de balcones, terrazas y jardines.<\/p>\n\n\n\n<p>Como flor nacional de Espa\u00f1a, el clavel es la mejor opci\u00f3n si quieres hacer ofrendas florales o regalar flores el D\u00eda de la Hispanidad o el D\u00eda de la Constituci\u00f3n. Dos fiestas nacionales en las que el clavel nunca falta, aportando su alegr\u00eda y su belleza a un pa\u00eds de fiesta. <a href=\"https:\/\/www.interflora.es\/c\/flores\/claveles\">No dudes en elegir los mejores ramos de claveles<\/a>, frescos y naturales, en nuestra web o en una de las florister\u00edas Interflora de toda Espa\u00f1a. \u00a1Nosotros haremos su entrega, cu\u00e1ndo y d\u00f3nde t\u00fa quieras, en menos de 24 horas!<\/p>\n<\/div>\n\n\n\n<div class=\"wp-block-column is-layout-flow wp-block-column-is-layout-flow\">\n<figure class=\"wp-block-image aligncenter size-large is-resized\"><img loading=\"lazy\" decoding=\"async\" width=\"736\" height=\"1024\" src=\"https:\/\/www.interflora.es\/blog\/wp-content\/uploads\/ramo-claveles-1-736x1024.jpg\" alt=\"Ramo con clavel, flor nacional de Espa\u00f1a\" class=\"wp-image-24696\" style=\"width:500px\" srcset=\"https:\/\/www.interflora.es\/blog\/wp-content\/uploads\/ramo-claveles-1-736x1024.jpg 736w, https:\/\/www.interflora.es\/blog\/wp-content\/uploads\/ramo-claveles-1-216x300.jpg 216w, https:\/\/www.interflora.es\/blog\/wp-content\/uploads\/ramo-claveles-1-768x1069.jpg 768w, https:\/\/www.interflora.es\/blog\/wp-content\/uploads\/ramo-claveles-1-1103x1536.jpg 1103w, https:\/\/www.interflora.es\/blog\/wp-content\/uploads\/ramo-claveles-1-1471x2048.jpg 1471w, https:\/\/www.interflora.es\/blog\/wp-content\/uploads\/ramo-claveles-1-scaled.jpg 1839w\" sizes=\"auto, (max-width: 736px) 100vw, 736px\" \/><\/figure>\n<\/div>\n<\/div>\n\n\n\n<h2 class=\"wp-block-heading alignwide\" style=\"padding-top:var(--wp--preset--spacing--30);padding-bottom:var(--wp--preset--spacing--30)\">Claveles hasta en el f\u00fatbol, \u00a1con la Selecci\u00f3n Espa\u00f1ola!<\/h2>\n\n\n\n<p>\u00bfQuieres que te contemos algo que a lo mejor no sabes? Pues el caso es que la marca Adidas tambi\u00e9n se ha rendido a la belleza y al simbolismo del clavel, incluy\u00e9ndolo de manera discreta y elegante en la camiseta que la Selecci\u00f3n Espa\u00f1ola de f\u00fatbol ha vestido en la Eurocopa de 2024 celebrada en Alemania.<br>La primera equipaci\u00f3n del equipo espa\u00f1ol lleva&nbsp;<strong>un clavel amarillo bordado de manera sutil en la parte posterior del cuello de la camiseta<\/strong>, y la segunda, uno rojo.&nbsp;Un homenaje a la flor nacional de Espa\u00f1a que seguro que ha tra\u00eddo suerte a nuestros jugadores \u2026 \u00a1campeones de la Eurocopa 2024!<\/p>\n\n\n\n<div style=\"height:5px\" aria-hidden=\"true\" class=\"wp-block-spacer\"><\/div>\n\n\n<div class=\"lp-produits-grid\"><div class=\"lp-produit\"><div class=\"lp-thumbnail-wrapper\"><img loading=\"lazy\" decoding=\"async\" width=\"300\" height=\"300\" src=\"https:\/\/www.interflora.es\/blog\/wp-content\/uploads\/2025\/11\/Capture-decran-2026-02-04-121916-300x300.png\" class=\"attachment-medium size-medium wp-post-image\" alt=\"\" srcset=\"https:\/\/www.interflora.es\/blog\/wp-content\/uploads\/2025\/11\/Capture-decran-2026-02-04-121916-300x300.png 300w, https:\/\/www.interflora.es\/blog\/wp-content\/uploads\/2025\/11\/Capture-decran-2026-02-04-121916-150x150.png 150w, https:\/\/www.interflora.es\/blog\/wp-content\/uploads\/2025\/11\/Capture-decran-2026-02-04-121916.png 647w\" sizes=\"auto, (max-width: 300px) 100vw, 300px\" \/><img decoding=\"async\" class=\"lp-badge\" src=\"https:\/\/prodblog.interflora.es\/blog\/wp-content\/uploads\/2025\/04\/220422_INTERFLORA_Main_Logo_rgb_Main_Color.png\" alt=\"Entrega r\u00e1pida\"><\/div><span>Peque\u00f1o Sol<\/span><p>27.99 \u20ac<\/p><span class=\"obf-link lp-cta\" role=\"link\" tabindex=\"0\" data-b64=\"aHR0cHM6Ly93d3cuaW50ZXJmbG9yYS5lcy9wL3JhbW8tZGUtZmxvcmVzLWFtYXJpbGxhcy12YXJpYWRhcy8xP3V0bV9tZWRpdW09b3JnYW5pYyZ1dG1fc291cmNlPWJsb2dfcHJvZHVjdHMmdXRtX2NhbXBhaWduPUZGMTQ4\" data-target=\"_blank\"><svg xmlns=\"http:\/\/www.w3.org\/2000\/svg\" width=\"16\" height=\"16\" fill=\"currentColor\" class=\"bi bi-bag\" viewBox=\"0 0 16 16\"><path d=\"M8 1a2 2 0 0 1 2 2v1h2.5A1.5 1.5 0 0 1 14 5.5v8A1.5 1.5 0 0 1 12.5 15h-9A1.5 1.5 0 0 1 2 13.5v-8A1.5 1.5 0 0 1 3.5 3H6V2a2 2 0 0 1 2-1zm1 3V3a1 1 0 0 0-2 0v1h2z\"\/><\/svg>Comprar<\/span><p class=\"rapido\">Env\u00edo r\u00e1pido<\/p><\/div><div class=\"lp-produit\"><div class=\"lp-thumbnail-wrapper\"><img loading=\"lazy\" decoding=\"async\" width=\"300\" height=\"300\" src=\"https:\/\/www.interflora.es\/blog\/wp-content\/uploads\/2025\/04\/1674815076-monstera_pg0055_deco-2-300x300.jpg\" class=\"attachment-medium size-medium wp-post-image\" alt=\"\" srcset=\"https:\/\/www.interflora.es\/blog\/wp-content\/uploads\/2025\/04\/1674815076-monstera_pg0055_deco-2-300x300.jpg 300w, https:\/\/www.interflora.es\/blog\/wp-content\/uploads\/2025\/04\/1674815076-monstera_pg0055_deco-2-1024x1024.jpg 1024w, https:\/\/www.interflora.es\/blog\/wp-content\/uploads\/2025\/04\/1674815076-monstera_pg0055_deco-2-150x150.jpg 150w, https:\/\/www.interflora.es\/blog\/wp-content\/uploads\/2025\/04\/1674815076-monstera_pg0055_deco-2-768x768.jpg 768w, https:\/\/www.interflora.es\/blog\/wp-content\/uploads\/2025\/04\/1674815076-monstera_pg0055_deco-2.jpg 1500w\" sizes=\"auto, (max-width: 300px) 100vw, 300px\" \/><img decoding=\"async\" class=\"lp-badge\" src=\"https:\/\/prodblog.interflora.es\/blog\/wp-content\/uploads\/2025\/04\/220422_INTERFLORA_Main_Logo_rgb_Main_Color.png\" alt=\"Entrega r\u00e1pida\"><\/div><span>Monstera Deliciosa &#8211; Costilla de Ad\u00e1n<\/span><p>29.99 \u20ac<\/p><span class=\"obf-link lp-cta\" role=\"link\" tabindex=\"0\" data-b64=\"aHR0cHM6Ly93d3cuaW50ZXJmbG9yYS5lcy9wL21vbnN0ZXJhLzE\/dXRtX21lZGl1bT1vcmdhbmljJnV0bV9zb3VyY2U9YmxvZ19wcm9kdWN0cyZ1dG1fY2FtcGFpZ249UEcwMDU1\" data-target=\"_blank\"><svg xmlns=\"http:\/\/www.w3.org\/2000\/svg\" width=\"16\" height=\"16\" fill=\"currentColor\" class=\"bi bi-bag\" viewBox=\"0 0 16 16\"><path d=\"M8 1a2 2 0 0 1 2 2v1h2.5A1.5 1.5 0 0 1 14 5.5v8A1.5 1.5 0 0 1 12.5 15h-9A1.5 1.5 0 0 1 2 13.5v-8A1.5 1.5 0 0 1 3.5 3H6V2a2 2 0 0 1 2-1zm1 3V3a1 1 0 0 0-2 0v1h2z\"\/><\/svg>Comprar<\/span><p class=\"rapido\">Flores y plantas frescas<\/p><\/div><div class=\"lp-produit\"><div class=\"lp-thumbnail-wrapper\"><img loading=\"lazy\" decoding=\"async\" width=\"300\" height=\"300\" src=\"https:\/\/www.interflora.es\/blog\/wp-content\/uploads\/2025\/04\/1734353451-f0270-m-key-2-300x300.jpg\" class=\"attachment-medium size-medium wp-post-image\" alt=\"\" srcset=\"https:\/\/www.interflora.es\/blog\/wp-content\/uploads\/2025\/04\/1734353451-f0270-m-key-2-300x300.jpg 300w, https:\/\/www.interflora.es\/blog\/wp-content\/uploads\/2025\/04\/1734353451-f0270-m-key-2-1024x1024.jpg 1024w, https:\/\/www.interflora.es\/blog\/wp-content\/uploads\/2025\/04\/1734353451-f0270-m-key-2-150x150.jpg 150w, https:\/\/www.interflora.es\/blog\/wp-content\/uploads\/2025\/04\/1734353451-f0270-m-key-2-768x768.jpg 768w, https:\/\/www.interflora.es\/blog\/wp-content\/uploads\/2025\/04\/1734353451-f0270-m-key-2.jpg 1200w\" sizes=\"auto, (max-width: 300px) 100vw, 300px\" \/><img decoding=\"async\" class=\"lp-badge\" src=\"https:\/\/prodblog.interflora.es\/blog\/wp-content\/uploads\/2025\/04\/220422_INTERFLORA_Main_Logo_rgb_Main_Color.png\" alt=\"Entrega r\u00e1pida\"><\/div><span>Conexi\u00f3n floral<\/span><p>49.99 \u20ac<\/p><span class=\"obf-link lp-cta\" role=\"link\" tabindex=\"0\" data-b64=\"aHR0cHM6Ly93d3cuaW50ZXJmbG9yYS5lcy9wL3F1ZXJpZGEtbWFtYS8xP3V0bV9tZWRpdW09b3JnYW5pYyZ1dG1fc291cmNlPWJsb2dfcHJvZHVjdHMmdXRtX2NhbXBhaWduPUYwMjcw\" data-target=\"_blank\"><svg xmlns=\"http:\/\/www.w3.org\/2000\/svg\" width=\"16\" height=\"16\" fill=\"currentColor\" class=\"bi bi-bag\" viewBox=\"0 0 16 16\"><path d=\"M8 1a2 2 0 0 1 2 2v1h2.5A1.5 1.5 0 0 1 14 5.5v8A1.5 1.5 0 0 1 12.5 15h-9A1.5 1.5 0 0 1 2 13.5v-8A1.5 1.5 0 0 1 3.5 3H6V2a2 2 0 0 1 2-1zm1 3V3a1 1 0 0 0-2 0v1h2z\"\/><\/svg>Comprar<\/span><p class=\"rapido\">Selecci\u00f3n Interflora<\/p><\/div><div class=\"lp-produit\"><div class=\"lp-thumbnail-wrapper\"><img loading=\"lazy\" decoding=\"async\" width=\"300\" height=\"300\" src=\"https:\/\/www.interflora.es\/blog\/wp-content\/uploads\/2025\/04\/1738656685-fwd009-m-key-zoomed-2-300x300.jpg\" class=\"attachment-medium size-medium wp-post-image\" alt=\"\" srcset=\"https:\/\/www.interflora.es\/blog\/wp-content\/uploads\/2025\/04\/1738656685-fwd009-m-key-zoomed-2-300x300.jpg 300w, https:\/\/www.interflora.es\/blog\/wp-content\/uploads\/2025\/04\/1738656685-fwd009-m-key-zoomed-2-1024x1024.jpg 1024w, https:\/\/www.interflora.es\/blog\/wp-content\/uploads\/2025\/04\/1738656685-fwd009-m-key-zoomed-2-150x150.jpg 150w, https:\/\/www.interflora.es\/blog\/wp-content\/uploads\/2025\/04\/1738656685-fwd009-m-key-zoomed-2-768x768.jpg 768w, https:\/\/www.interflora.es\/blog\/wp-content\/uploads\/2025\/04\/1738656685-fwd009-m-key-zoomed-2-1536x1536.jpg 1536w, https:\/\/www.interflora.es\/blog\/wp-content\/uploads\/2025\/04\/1738656685-fwd009-m-key-zoomed-2.jpg 1991w\" sizes=\"auto, (max-width: 300px) 100vw, 300px\" \/><img decoding=\"async\" class=\"lp-badge\" src=\"https:\/\/prodblog.interflora.es\/blog\/wp-content\/uploads\/2025\/04\/220422_INTERFLORA_Main_Logo_rgb_Main_Color.png\" alt=\"Entrega r\u00e1pida\"><\/div><span>Floral Kiss<\/span><p>29.99 \u20ac<\/p><span class=\"obf-link lp-cta\" role=\"link\" tabindex=\"0\" data-b64=\"aHR0cHM6Ly93d3cuaW50ZXJmbG9yYS5lcy9wL2Zsb3JhbC1raXNzLzE\/dXRtX21lZGl1bT1vcmdhbmljJnV0bV9zb3VyY2U9YmxvZ19wcm9kdWN0cyZ1dG1fY2FtcGFpZ249RldEMDA5\" data-target=\"_blank\"><svg xmlns=\"http:\/\/www.w3.org\/2000\/svg\" width=\"16\" height=\"16\" fill=\"currentColor\" class=\"bi bi-bag\" viewBox=\"0 0 16 16\"><path d=\"M8 1a2 2 0 0 1 2 2v1h2.5A1.5 1.5 0 0 1 14 5.5v8A1.5 1.5 0 0 1 12.5 15h-9A1.5 1.5 0 0 1 2 13.5v-8A1.5 1.5 0 0 1 3.5 3H6V2a2 2 0 0 1 2-1zm1 3V3a1 1 0 0 0-2 0v1h2z\"\/><\/svg>Comprar<\/span><p class=\"rapido\">Entrega urgente<\/p><\/div><\/div>\n","protected":false},"excerpt":{"rendered":"<p>El clavel es un verdadero s\u00edmbolo en Espa\u00f1a. Una flor muy abundante, presente en todas las festividades y grandes momentos, [&hellip;]<\/p>\n","protected":false},"author":8,"featured_media":24671,"comment_status":"open","ping_status":"closed","sticky":false,"template":"","format":"standard","meta":{"_acf_changed":false,"_uag_custom_page_level_css":"","site-sidebar-layout":"default","site-content-layout":"","ast-site-content-layout":"default","site-content-style":"default","site-sidebar-style":"default","ast-global-header-display":"","ast-banner-title-visibility":"","ast-main-header-display":"","ast-hfb-above-header-display":"","ast-hfb-below-header-display":"","ast-hfb-mobile-header-display":"","site-post-title":"","ast-breadcrumbs-content":"","ast-featured-img":"","footer-sml-layout":"","theme-transparent-header-meta":"","adv-header-id-meta":"","stick-header-meta":"","header-above-stick-meta":"","header-main-stick-meta":"","header-below-stick-meta":"","astra-migrate-meta-layouts":"set","ast-page-background-enabled":"default","ast-page-background-meta":{"desktop":{"background-color":"var(--ast-global-color-5)","background-image":"","background-repeat":"repeat","background-position":"center center","background-size":"auto","background-attachment":"scroll","background-type":"","background-media":"","overlay-type":"","overlay-color":"","overlay-opacity":"","overlay-gradient":""},"tablet":{"background-color":"","background-image":"","background-repeat":"repeat","background-position":"center center","background-size":"auto","background-attachment":"scroll","background-type":"","background-media":"","overlay-type":"","overlay-color":"","overlay-opacity":"","overlay-gradient":""},"mobile":{"background-color":"","background-image":"","background-repeat":"repeat","background-position":"center center","background-size":"auto","background-attachment":"scroll","background-type":"","background-media":"","overlay-type":"","overlay-color":"","overlay-opacity":"","overlay-gradient":""}},"ast-content-background-meta":{"desktop":{"background-color":"var(--ast-global-color-4)","background-image":"","background-repeat":"repeat","background-position":"center center","background-size":"auto","background-attachment":"scroll","background-type":"","background-media":"","overlay-type":"","overlay-color":"","overlay-opacity":"","overlay-gradient":""},"tablet":{"background-color":"var(--ast-global-color-4)","background-image":"","background-repeat":"repeat","background-position":"center center","background-size":"auto","background-attachment":"scroll","background-type":"","background-media":"","overlay-type":"","overlay-color":"","overlay-opacity":"","overlay-gradient":""},"mobile":{"background-color":"var(--ast-global-color-4)","background-image":"","background-repeat":"repeat","background-position":"center center","background-size":"auto","background-attachment":"scroll","background-type":"","background-media":"","overlay-type":"","overlay-color":"","overlay-opacity":"","overlay-gradient":""}},"footnotes":""},"categories":[102,23],"tags":[92],"class_list":["post-24662","post","type-post","status-publish","format-standard","has-post-thumbnail","hentry","category-dia-del-pilar","category-ocasiones-especiales","tag-claveles"],"acf":[],"yoast_head":"<!-- This site is optimized with the Yoast SEO plugin v27.5 - https:\/\/yoast.com\/product\/yoast-seo-wordpress\/ -->\n<title>Flor nacional de Espa\u00f1a: el clavel | Interflora<\/title>\n<meta name=\"description\" content=\"El clavel, flor nacional de Espa\u00f1a, es alegre y sincero. Regala ramos de claveles el D\u00eda de la Hispanidad o el D\u00eda de la Constituci\u00f3n con Interflora\" \/>\n<meta name=\"robots\" content=\"index, follow, max-snippet:-1, max-image-preview:large, max-video-preview:-1\" \/>\n<link rel=\"canonical\" href=\"https:\/\/www.interflora.es\/blog\/flor-nacional-espana-clavel\/\" \/>\n<script type=\"application\/ld+json\" class=\"yoast-schema-graph\">{\"@context\":\"https:\\\/\\\/schema.org\",\"@graph\":[{\"@type\":\"Article\",\"@id\":\"https:\\\/\\\/www.interflora.es\\\/blog\\\/flor-nacional-espana-clavel\\\/#article\",\"isPartOf\":{\"@id\":\"https:\\\/\\\/www.interflora.es\\\/blog\\\/flor-nacional-espana-clavel\\\/\"},\"author\":{\"name\":\"celia\",\"@id\":\"https:\\\/\\\/www.interflora.es\\\/blog\\\/#\\\/schema\\\/person\\\/1f30f7794421f1232dc4b6bdd75ae829\"},\"headline\":\"El clavel, flor nacional de Espa\u00f1a y s\u00edmbolo de amor y de tradici\u00f3n\",\"datePublished\":\"2025-10-01T07:28:04+00:00\",\"dateModified\":\"2025-10-01T07:29:26+00:00\",\"mainEntityOfPage\":{\"@id\":\"https:\\\/\\\/www.interflora.es\\\/blog\\\/flor-nacional-espana-clavel\\\/\"},\"wordCount\":1122,\"commentCount\":0,\"publisher\":{\"@id\":\"https:\\\/\\\/www.interflora.es\\\/blog\\\/#organization\"},\"image\":{\"@id\":\"https:\\\/\\\/www.interflora.es\\\/blog\\\/flor-nacional-espana-clavel\\\/#primaryimage\"},\"thumbnailUrl\":\"https:\\\/\\\/www.interflora.es\\\/blog\\\/wp-content\\\/uploads\\\/claveles-rojos.jpg\",\"keywords\":[\"claveles\"],\"articleSection\":[\"D\u00eda del Pilar\",\"Ocasiones especiales\"],\"inLanguage\":\"es\",\"potentialAction\":[{\"@type\":\"CommentAction\",\"name\":\"Comment\",\"target\":[\"https:\\\/\\\/www.interflora.es\\\/blog\\\/flor-nacional-espana-clavel\\\/#respond\"]}]},{\"@type\":\"WebPage\",\"@id\":\"https:\\\/\\\/www.interflora.es\\\/blog\\\/flor-nacional-espana-clavel\\\/\",\"url\":\"https:\\\/\\\/www.interflora.es\\\/blog\\\/flor-nacional-espana-clavel\\\/\",\"name\":\"Flor nacional de Espa\u00f1a: el clavel | Interflora\",\"isPartOf\":{\"@id\":\"https:\\\/\\\/www.interflora.es\\\/blog\\\/#website\"},\"primaryImageOfPage\":{\"@id\":\"https:\\\/\\\/www.interflora.es\\\/blog\\\/flor-nacional-espana-clavel\\\/#primaryimage\"},\"image\":{\"@id\":\"https:\\\/\\\/www.interflora.es\\\/blog\\\/flor-nacional-espana-clavel\\\/#primaryimage\"},\"thumbnailUrl\":\"https:\\\/\\\/www.interflora.es\\\/blog\\\/wp-content\\\/uploads\\\/claveles-rojos.jpg\",\"datePublished\":\"2025-10-01T07:28:04+00:00\",\"dateModified\":\"2025-10-01T07:29:26+00:00\",\"description\":\"El clavel, flor nacional de Espa\u00f1a, es alegre y sincero. Regala ramos de claveles el D\u00eda de la Hispanidad o el D\u00eda de la Constituci\u00f3n con Interflora\",\"breadcrumb\":{\"@id\":\"https:\\\/\\\/www.interflora.es\\\/blog\\\/flor-nacional-espana-clavel\\\/#breadcrumb\"},\"inLanguage\":\"es\",\"potentialAction\":[{\"@type\":\"ReadAction\",\"target\":[\"https:\\\/\\\/www.interflora.es\\\/blog\\\/flor-nacional-espana-clavel\\\/\"]}]},{\"@type\":\"ImageObject\",\"inLanguage\":\"es\",\"@id\":\"https:\\\/\\\/www.interflora.es\\\/blog\\\/flor-nacional-espana-clavel\\\/#primaryimage\",\"url\":\"https:\\\/\\\/www.interflora.es\\\/blog\\\/wp-content\\\/uploads\\\/claveles-rojos.jpg\",\"contentUrl\":\"https:\\\/\\\/www.interflora.es\\\/blog\\\/wp-content\\\/uploads\\\/claveles-rojos.jpg\",\"width\":1900,\"height\":1748},{\"@type\":\"BreadcrumbList\",\"@id\":\"https:\\\/\\\/www.interflora.es\\\/blog\\\/flor-nacional-espana-clavel\\\/#breadcrumb\",\"itemListElement\":[{\"@type\":\"ListItem\",\"position\":1,\"name\":\"Home\",\"item\":\"https:\\\/\\\/www.interflora.es\\\/blog\\\/\"},{\"@type\":\"ListItem\",\"position\":2,\"name\":\"El clavel, flor nacional de Espa\u00f1a y s\u00edmbolo de amor y de tradici\u00f3n\"}]},{\"@type\":\"WebSite\",\"@id\":\"https:\\\/\\\/www.interflora.es\\\/blog\\\/#website\",\"url\":\"https:\\\/\\\/www.interflora.es\\\/blog\\\/\",\"name\":\"El blog de Interflora : consejos, ideas e inspiraci\u00f3n para disfrutar de las flores y las plantas\",\"description\":\"\",\"publisher\":{\"@id\":\"https:\\\/\\\/www.interflora.es\\\/blog\\\/#organization\"},\"potentialAction\":[{\"@type\":\"SearchAction\",\"target\":{\"@type\":\"EntryPoint\",\"urlTemplate\":\"https:\\\/\\\/www.interflora.es\\\/blog\\\/?s={search_term_string}\"},\"query-input\":{\"@type\":\"PropertyValueSpecification\",\"valueRequired\":true,\"valueName\":\"search_term_string\"}}],\"inLanguage\":\"es\"},{\"@type\":\"Organization\",\"@id\":\"https:\\\/\\\/www.interflora.es\\\/blog\\\/#organization\",\"name\":\"El blog de Interflora : consejos, ideas e inspiraci\u00f3n para disfrutar de las flores y las plantas\",\"url\":\"https:\\\/\\\/www.interflora.es\\\/blog\\\/\",\"logo\":{\"@type\":\"ImageObject\",\"inLanguage\":\"es\",\"@id\":\"https:\\\/\\\/www.interflora.es\\\/blog\\\/#\\\/schema\\\/logo\\\/image\\\/\",\"url\":\"https:\\\/\\\/www.interflora.es\\\/blog\\\/wp-content\\\/uploads\\\/2025\\\/10\\\/cropped-220422_INTERFLORA_Logo_rgb_Half_Top_Circle_Main_Color.png\",\"contentUrl\":\"https:\\\/\\\/www.interflora.es\\\/blog\\\/wp-content\\\/uploads\\\/2025\\\/10\\\/cropped-220422_INTERFLORA_Logo_rgb_Half_Top_Circle_Main_Color.png\",\"width\":1418,\"height\":659,\"caption\":\"El blog de Interflora : consejos, ideas e inspiraci\u00f3n para disfrutar de las flores y las plantas\"},\"image\":{\"@id\":\"https:\\\/\\\/www.interflora.es\\\/blog\\\/#\\\/schema\\\/logo\\\/image\\\/\"}},{\"@type\":\"Person\",\"@id\":\"https:\\\/\\\/www.interflora.es\\\/blog\\\/#\\\/schema\\\/person\\\/1f30f7794421f1232dc4b6bdd75ae829\",\"name\":\"celia\",\"image\":{\"@type\":\"ImageObject\",\"inLanguage\":\"es\",\"@id\":\"https:\\\/\\\/www.interflora.es\\\/blog\\\/wp-content\\\/litespeed\\\/avatar\\\/f906d3ce098bd9b4e84d1b71d27d54af.jpg?ver=1777298586\",\"url\":\"https:\\\/\\\/www.interflora.es\\\/blog\\\/wp-content\\\/litespeed\\\/avatar\\\/f906d3ce098bd9b4e84d1b71d27d54af.jpg?ver=1777298586\",\"contentUrl\":\"https:\\\/\\\/www.interflora.es\\\/blog\\\/wp-content\\\/litespeed\\\/avatar\\\/f906d3ce098bd9b4e84d1b71d27d54af.jpg?ver=1777298586\",\"caption\":\"celia\"}}]}<\/script>\n<!-- \/ Yoast SEO plugin. -->","yoast_head_json":{"title":"Flor nacional de Espa\u00f1a: el clavel | Interflora","description":"El clavel, flor nacional de Espa\u00f1a, es alegre y sincero. Regala ramos de claveles el D\u00eda de la Hispanidad o el D\u00eda de la Constituci\u00f3n con Interflora","robots":{"index":"index","follow":"follow","max-snippet":"max-snippet:-1","max-image-preview":"max-image-preview:large","max-video-preview":"max-video-preview:-1"},"canonical":"https:\/\/www.interflora.es\/blog\/flor-nacional-espana-clavel\/","schema":{"@context":"https:\/\/schema.org","@graph":[{"@type":"Article","@id":"https:\/\/www.interflora.es\/blog\/flor-nacional-espana-clavel\/#article","isPartOf":{"@id":"https:\/\/www.interflora.es\/blog\/flor-nacional-espana-clavel\/"},"author":{"name":"celia","@id":"https:\/\/www.interflora.es\/blog\/#\/schema\/person\/1f30f7794421f1232dc4b6bdd75ae829"},"headline":"El clavel, flor nacional de Espa\u00f1a y s\u00edmbolo de amor y de tradici\u00f3n","datePublished":"2025-10-01T07:28:04+00:00","dateModified":"2025-10-01T07:29:26+00:00","mainEntityOfPage":{"@id":"https:\/\/www.interflora.es\/blog\/flor-nacional-espana-clavel\/"},"wordCount":1122,"commentCount":0,"publisher":{"@id":"https:\/\/www.interflora.es\/blog\/#organization"},"image":{"@id":"https:\/\/www.interflora.es\/blog\/flor-nacional-espana-clavel\/#primaryimage"},"thumbnailUrl":"https:\/\/www.interflora.es\/blog\/wp-content\/uploads\/claveles-rojos.jpg","keywords":["claveles"],"articleSection":["D\u00eda del Pilar","Ocasiones especiales"],"inLanguage":"es","potentialAction":[{"@type":"CommentAction","name":"Comment","target":["https:\/\/www.interflora.es\/blog\/flor-nacional-espana-clavel\/#respond"]}]},{"@type":"WebPage","@id":"https:\/\/www.interflora.es\/blog\/flor-nacional-espana-clavel\/","url":"https:\/\/www.interflora.es\/blog\/flor-nacional-espana-clavel\/","name":"Flor nacional de Espa\u00f1a: el clavel | Interflora","isPartOf":{"@id":"https:\/\/www.interflora.es\/blog\/#website"},"primaryImageOfPage":{"@id":"https:\/\/www.interflora.es\/blog\/flor-nacional-espana-clavel\/#primaryimage"},"image":{"@id":"https:\/\/www.interflora.es\/blog\/flor-nacional-espana-clavel\/#primaryimage"},"thumbnailUrl":"https:\/\/www.interflora.es\/blog\/wp-content\/uploads\/claveles-rojos.jpg","datePublished":"2025-10-01T07:28:04+00:00","dateModified":"2025-10-01T07:29:26+00:00","description":"El clavel, flor nacional de Espa\u00f1a, es alegre y sincero. Regala ramos de claveles el D\u00eda de la Hispanidad o el D\u00eda de la Constituci\u00f3n con Interflora","breadcrumb":{"@id":"https:\/\/www.interflora.es\/blog\/flor-nacional-espana-clavel\/#breadcrumb"},"inLanguage":"es","potentialAction":[{"@type":"ReadAction","target":["https:\/\/www.interflora.es\/blog\/flor-nacional-espana-clavel\/"]}]},{"@type":"ImageObject","inLanguage":"es","@id":"https:\/\/www.interflora.es\/blog\/flor-nacional-espana-clavel\/#primaryimage","url":"https:\/\/www.interflora.es\/blog\/wp-content\/uploads\/claveles-rojos.jpg","contentUrl":"https:\/\/www.interflora.es\/blog\/wp-content\/uploads\/claveles-rojos.jpg","width":1900,"height":1748},{"@type":"BreadcrumbList","@id":"https:\/\/www.interflora.es\/blog\/flor-nacional-espana-clavel\/#breadcrumb","itemListElement":[{"@type":"ListItem","position":1,"name":"Home","item":"https:\/\/www.interflora.es\/blog\/"},{"@type":"ListItem","position":2,"name":"El clavel, flor nacional de Espa\u00f1a y s\u00edmbolo de amor y de tradici\u00f3n"}]},{"@type":"WebSite","@id":"https:\/\/www.interflora.es\/blog\/#website","url":"https:\/\/www.interflora.es\/blog\/","name":"El blog de Interflora : consejos, ideas e inspiraci\u00f3n para disfrutar de las flores y las plantas","description":"","publisher":{"@id":"https:\/\/www.interflora.es\/blog\/#organization"},"potentialAction":[{"@type":"SearchAction","target":{"@type":"EntryPoint","urlTemplate":"https:\/\/www.interflora.es\/blog\/?s={search_term_string}"},"query-input":{"@type":"PropertyValueSpecification","valueRequired":true,"valueName":"search_term_string"}}],"inLanguage":"es"},{"@type":"Organization","@id":"https:\/\/www.interflora.es\/blog\/#organization","name":"El blog de Interflora : consejos, ideas e inspiraci\u00f3n para disfrutar de las flores y las plantas","url":"https:\/\/www.interflora.es\/blog\/","logo":{"@type":"ImageObject","inLanguage":"es","@id":"https:\/\/www.interflora.es\/blog\/#\/schema\/logo\/image\/","url":"https:\/\/www.interflora.es\/blog\/wp-content\/uploads\/2025\/10\/cropped-220422_INTERFLORA_Logo_rgb_Half_Top_Circle_Main_Color.png","contentUrl":"https:\/\/www.interflora.es\/blog\/wp-content\/uploads\/2025\/10\/cropped-220422_INTERFLORA_Logo_rgb_Half_Top_Circle_Main_Color.png","width":1418,"height":659,"caption":"El blog de Interflora : consejos, ideas e inspiraci\u00f3n para disfrutar de las flores y las plantas"},"image":{"@id":"https:\/\/www.interflora.es\/blog\/#\/schema\/logo\/image\/"}},{"@type":"Person","@id":"https:\/\/www.interflora.es\/blog\/#\/schema\/person\/1f30f7794421f1232dc4b6bdd75ae829","name":"celia","image":{"@type":"ImageObject","inLanguage":"es","@id":"https:\/\/www.interflora.es\/blog\/wp-content\/litespeed\/avatar\/f906d3ce098bd9b4e84d1b71d27d54af.jpg?ver=1777298586","url":"https:\/\/www.interflora.es\/blog\/wp-content\/litespeed\/avatar\/f906d3ce098bd9b4e84d1b71d27d54af.jpg?ver=1777298586","contentUrl":"https:\/\/www.interflora.es\/blog\/wp-content\/litespeed\/avatar\/f906d3ce098bd9b4e84d1b71d27d54af.jpg?ver=1777298586","caption":"celia"}}]}},"uagb_featured_image_src":{"full":["https:\/\/www.interflora.es\/blog\/wp-content\/uploads\/claveles-rojos.jpg",1900,1748,false],"thumbnail":["https:\/\/www.interflora.es\/blog\/wp-content\/uploads\/claveles-rojos-150x150.jpg",150,150,true],"medium":["https:\/\/www.interflora.es\/blog\/wp-content\/uploads\/claveles-rojos-300x276.jpg",300,276,true],"medium_large":["https:\/\/www.interflora.es\/blog\/wp-content\/uploads\/claveles-rojos-768x707.jpg",768,707,true],"large":["https:\/\/www.interflora.es\/blog\/wp-content\/uploads\/claveles-rojos-1024x942.jpg",1024,942,true],"1536x1536":["https:\/\/www.interflora.es\/blog\/wp-content\/uploads\/claveles-rojos-1536x1413.jpg",1536,1413,true],"2048x2048":["https:\/\/www.interflora.es\/blog\/wp-content\/uploads\/claveles-rojos.jpg",1900,1748,false]},"uagb_author_info":{"display_name":"celia","author_link":"https:\/\/www.interflora.es\/blog\/author\/celia\/"},"uagb_comment_info":370,"uagb_excerpt":"El clavel es un verdadero s\u00edmbolo en Espa\u00f1a. Una flor muy abundante, presente en todas las festividades y grandes momentos, [&hellip;]","_links":{"self":[{"href":"https:\/\/www.interflora.es\/blog\/wp-json\/wp\/v2\/posts\/24662","targetHints":{"allow":["GET"]}}],"collection":[{"href":"https:\/\/www.interflora.es\/blog\/wp-json\/wp\/v2\/posts"}],"about":[{"href":"https:\/\/www.interflora.es\/blog\/wp-json\/wp\/v2\/types\/post"}],"author":[{"embeddable":true,"href":"https:\/\/www.interflora.es\/blog\/wp-json\/wp\/v2\/users\/8"}],"replies":[{"embeddable":true,"href":"https:\/\/www.interflora.es\/blog\/wp-json\/wp\/v2\/comments?post=24662"}],"version-history":[{"count":1,"href":"https:\/\/www.interflora.es\/blog\/wp-json\/wp\/v2\/posts\/24662\/revisions"}],"predecessor-version":[{"id":31476,"href":"https:\/\/www.interflora.es\/blog\/wp-json\/wp\/v2\/posts\/24662\/revisions\/31476"}],"wp:featuredmedia":[{"embeddable":true,"href":"https:\/\/www.interflora.es\/blog\/wp-json\/wp\/v2\/media\/24671"}],"wp:attachment":[{"href":"https:\/\/www.interflora.es\/blog\/wp-json\/wp\/v2\/media?parent=24662"}],"wp:term":[{"taxonomy":"category","embeddable":true,"href":"https:\/\/www.interflora.es\/blog\/wp-json\/wp\/v2\/categories?post=24662"},{"taxonomy":"post_tag","embeddable":true,"href":"https:\/\/www.interflora.es\/blog\/wp-json\/wp\/v2\/tags?post=24662"}],"curies":[{"name":"wp","href":"https:\/\/api.w.org\/{rel}","templated":true}]}}