{"id":24582,"date":"2025-11-17T16:08:02","date_gmt":"2025-11-17T15:08:02","guid":{"rendered":"https:\/\/www.interflora.es\/blog\/?p=24582"},"modified":"2025-11-18T15:13:38","modified_gmt":"2025-11-18T14:13:38","slug":"como-regar-la-flor-de-pascua","status":"publish","type":"post","link":"https:\/\/www.interflora.es\/blog\/como-regar-la-flor-de-pascua\/","title":{"rendered":"\u00bfC\u00f3mo y cu\u00e1ndo se riega la flor de Pascua?: aprende a regar tu poinsettia"},"content":{"rendered":"\n<p>La<strong> flor de Pascua<\/strong>, conocida cient\u00edficamente como <em>Euphorbia pulcherrima,<\/em> es la planta m\u00e1s regalada durante la temporada navide\u00f1a. Sus vistosas br\u00e1cteas rojas, rosas o blancas son un s\u00edmbolo de estas fechas. Para mantener tu planta como reci\u00e9n comprada durante toda la Navidad, la clave es aprender a regarla adecuadamente. En este art\u00edculo encontrar\u00e1s una gu\u00eda detallada sobre el riego de la legendaria flor de Pascua.<\/p>\n\n\n\n<h2 class=\"wp-block-heading\">\u00bfCu\u00e1nta agua necesitan las flores de Pascua?<\/h2>\n\n\n\n<p>La <strong>flor de Pascua <\/strong>o <strong>poinsettia<\/strong> no es una planta particularmente exigente en cuanto al riego, pero s\u00ed tiene sus preferencias. Como regla general, lo m\u00e1s importante para que tu planta no enferme es <strong>dejar secar ligeramente la tierra <\/strong>entre riegos. El exceso de agua resulta muy perjudicial, ya que sus ra\u00edces podr\u00edan pudrirse y sus hojas empezar\u00edan a caerse.<\/p>\n\n\n\n<h2 class=\"wp-block-heading\">\u00bfCada cu\u00e1nto se riega una poinsettia?<\/h2>\n\n\n\n<p>Como ocurre con cualquier otra planta, la frecuencia de riego depender\u00e1 de las condiciones ambientales, como la <strong>temperatura <\/strong>y la <strong>humedad<\/strong>. Durante el invierno, la planta est\u00e1 en plena floraci\u00f3n y necesitar\u00e1 riego un par de veces por semana. En verano, puedes reducir a una vez por semana, a menos que vivas en un clima especialmente seco. Lo importante es que la tierra no se seque del todo.<\/p>\n\n\n\n<p>Un truco infalible para saber<strong> cu\u00e1ndo regar tu poinsettia<\/strong> es introducir un dedo o un palo en la tierra, a unos dos o tres cent\u00edmetros de profundidad. Si la tierra est\u00e1 seca, es hora de regar. Si a\u00fan est\u00e1 h\u00fameda, es se\u00f1al de que a\u00fan no necesita agua.<\/p>\n\n\n\n<figure class=\"wp-block-image aligncenter is-resized\"><img decoding=\"async\" src=\"https:\/\/www.interflora.es\/blog\/wp-content\/uploads\/2022\/10\/flor-de-pascua.jpg\" alt=\"\" class=\"wp-image-11663\" style=\"width:909px;height:auto\"\/><\/figure>\n\n\n\n<div style=\"height:5px\" aria-hidden=\"true\" class=\"wp-block-spacer\"><\/div>\n\n\n<div class=\"lp-produits-grid\"><div class=\"lp-produit\"><div class=\"lp-thumbnail-wrapper\"><img loading=\"lazy\" decoding=\"async\" width=\"300\" height=\"300\" src=\"https:\/\/www.interflora.es\/blog\/wp-content\/uploads\/2025\/11\/1718200801-n0003-300x300.jpg\" class=\"attachment-medium size-medium wp-post-image\" alt=\"\" srcset=\"https:\/\/www.interflora.es\/blog\/wp-content\/uploads\/2025\/11\/1718200801-n0003-300x300.jpg 300w, https:\/\/www.interflora.es\/blog\/wp-content\/uploads\/2025\/11\/1718200801-n0003-1024x1024.jpg 1024w, https:\/\/www.interflora.es\/blog\/wp-content\/uploads\/2025\/11\/1718200801-n0003-150x150.jpg 150w, https:\/\/www.interflora.es\/blog\/wp-content\/uploads\/2025\/11\/1718200801-n0003-768x768.jpg 768w, https:\/\/www.interflora.es\/blog\/wp-content\/uploads\/2025\/11\/1718200801-n0003.jpg 1500w\" sizes=\"auto, (max-width: 300px) 100vw, 300px\" \/><img decoding=\"async\" class=\"lp-badge\" src=\"https:\/\/prodblog.interflora.es\/blog\/wp-content\/uploads\/2025\/04\/220422_INTERFLORA_Main_Logo_rgb_Main_Color.png\" alt=\"Entrega r\u00e1pida\"><\/div><span>Cesta de Estrella de Navidad Extra<\/span><p>64.99 \u20ac<\/p><span class=\"obf-link lp-cta\" role=\"link\" tabindex=\"0\" data-b64=\"aHR0cHM6Ly93d3cuaW50ZXJmbG9yYS5lcy9wL2Nlc3RhLWRlLWVzdHJlbGxhLWRlLW5hdmlkYWQtZXh0cmEvMT91dG1fbWVkaXVtPW9yZ2FuaWMmdXRtX3NvdXJjZT1ibG9nX3Byb2R1Y3RzJnV0bV9jYW1wYWlnbj1OMDAwMw==\" data-target=\"_blank\"><svg xmlns=\"http:\/\/www.w3.org\/2000\/svg\" width=\"16\" height=\"16\" fill=\"currentColor\" class=\"bi bi-bag\" viewBox=\"0 0 16 16\"><path d=\"M8 1a2 2 0 0 1 2 2v1h2.5A1.5 1.5 0 0 1 14 5.5v8A1.5 1.5 0 0 1 12.5 15h-9A1.5 1.5 0 0 1 2 13.5v-8A1.5 1.5 0 0 1 3.5 3H6V2a2 2 0 0 1 2-1zm1 3V3a1 1 0 0 0-2 0v1h2z\"\/><\/svg>Comprar<\/span><p class=\"rapido\">Atenci\u00f3n al cliente siempre disponible<\/p><\/div><div class=\"lp-produit\"><div class=\"lp-thumbnail-wrapper\"><img loading=\"lazy\" decoding=\"async\" width=\"300\" height=\"300\" src=\"https:\/\/www.interflora.es\/blog\/wp-content\/uploads\/2025\/11\/1758547409-pwd024-mini-poinsettia-rosa-key-300x300.jpg\" class=\"attachment-medium size-medium wp-post-image\" alt=\"\" srcset=\"https:\/\/www.interflora.es\/blog\/wp-content\/uploads\/2025\/11\/1758547409-pwd024-mini-poinsettia-rosa-key-300x300.jpg 300w, https:\/\/www.interflora.es\/blog\/wp-content\/uploads\/2025\/11\/1758547409-pwd024-mini-poinsettia-rosa-key-1024x1024.jpg 1024w, https:\/\/www.interflora.es\/blog\/wp-content\/uploads\/2025\/11\/1758547409-pwd024-mini-poinsettia-rosa-key-150x150.jpg 150w, https:\/\/www.interflora.es\/blog\/wp-content\/uploads\/2025\/11\/1758547409-pwd024-mini-poinsettia-rosa-key-768x768.jpg 768w, https:\/\/www.interflora.es\/blog\/wp-content\/uploads\/2025\/11\/1758547409-pwd024-mini-poinsettia-rosa-key-1536x1536.jpg 1536w, https:\/\/www.interflora.es\/blog\/wp-content\/uploads\/2025\/11\/1758547409-pwd024-mini-poinsettia-rosa-key-2048x2048.jpg 2048w\" sizes=\"auto, (max-width: 300px) 100vw, 300px\" \/><img decoding=\"async\" class=\"lp-badge\" src=\"https:\/\/prodblog.interflora.es\/blog\/wp-content\/uploads\/2025\/04\/220422_INTERFLORA_Main_Logo_rgb_Main_Color.png\" alt=\"Entrega r\u00e1pida\"><\/div><span>Mini Poinsettia Rosa<\/span><p>12.99 \u20ac<\/p><span class=\"obf-link lp-cta\" role=\"link\" tabindex=\"0\" data-b64=\"aHR0cHM6Ly93d3cuaW50ZXJmbG9yYS5lcy9wL21pbmktcG9pbnNldHRpYS1yb3NhLzE\/dXRtX21lZGl1bT1vcmdhbmljJnV0bV9zb3VyY2U9YmxvZ19wcm9kdWN0cyZ1dG1fY2FtcGFpZ249UFdEMDI0\" data-target=\"_blank\"><svg xmlns=\"http:\/\/www.w3.org\/2000\/svg\" width=\"16\" height=\"16\" fill=\"currentColor\" class=\"bi bi-bag\" viewBox=\"0 0 16 16\"><path d=\"M8 1a2 2 0 0 1 2 2v1h2.5A1.5 1.5 0 0 1 14 5.5v8A1.5 1.5 0 0 1 12.5 15h-9A1.5 1.5 0 0 1 2 13.5v-8A1.5 1.5 0 0 1 3.5 3H6V2a2 2 0 0 1 2-1zm1 3V3a1 1 0 0 0-2 0v1h2z\"\/><\/svg>Comprar<\/span><p class=\"rapido\">Entrega urgente<\/p><\/div><div class=\"lp-produit\"><div class=\"lp-thumbnail-wrapper\"><img loading=\"lazy\" decoding=\"async\" width=\"300\" height=\"300\" src=\"https:\/\/www.interflora.es\/blog\/wp-content\/uploads\/2025\/11\/1676894453-cestaestreladdematal-300x300.jpg\" class=\"attachment-medium size-medium wp-post-image\" alt=\"\" srcset=\"https:\/\/www.interflora.es\/blog\/wp-content\/uploads\/2025\/11\/1676894453-cestaestreladdematal-300x300.jpg 300w, https:\/\/www.interflora.es\/blog\/wp-content\/uploads\/2025\/11\/1676894453-cestaestreladdematal-1024x1024.jpg 1024w, https:\/\/www.interflora.es\/blog\/wp-content\/uploads\/2025\/11\/1676894453-cestaestreladdematal-150x150.jpg 150w, https:\/\/www.interflora.es\/blog\/wp-content\/uploads\/2025\/11\/1676894453-cestaestreladdematal-768x768.jpg 768w, https:\/\/www.interflora.es\/blog\/wp-content\/uploads\/2025\/11\/1676894453-cestaestreladdematal.jpg 1500w\" sizes=\"auto, (max-width: 300px) 100vw, 300px\" \/><img decoding=\"async\" class=\"lp-badge\" src=\"https:\/\/prodblog.interflora.es\/blog\/wp-content\/uploads\/2025\/04\/220422_INTERFLORA_Main_Logo_rgb_Main_Color.png\" alt=\"Entrega r\u00e1pida\"><\/div><span>Cesta de Estrella de Navidad Grande<\/span><p>49.99 \u20ac<\/p><span class=\"obf-link lp-cta\" role=\"link\" tabindex=\"0\" data-b64=\"aHR0cHM6Ly93d3cuaW50ZXJmbG9yYS5lcy9wL2Nlc3RhLWRlLWVzdHJlbGxhLWRlLW5hdmlkYWQtZ3JhbmRlLzE\/dXRtX21lZGl1bT1vcmdhbmljJnV0bV9zb3VyY2U9YmxvZ19wcm9kdWN0cyZ1dG1fY2FtcGFpZ249TjAwMDI=\" data-target=\"_blank\"><svg xmlns=\"http:\/\/www.w3.org\/2000\/svg\" width=\"16\" height=\"16\" fill=\"currentColor\" class=\"bi bi-bag\" viewBox=\"0 0 16 16\"><path d=\"M8 1a2 2 0 0 1 2 2v1h2.5A1.5 1.5 0 0 1 14 5.5v8A1.5 1.5 0 0 1 12.5 15h-9A1.5 1.5 0 0 1 2 13.5v-8A1.5 1.5 0 0 1 3.5 3H6V2a2 2 0 0 1 2-1zm1 3V3a1 1 0 0 0-2 0v1h2z\"\/><\/svg>Comprar<\/span><p class=\"rapido\">Flores y plantas elegidas con mimo<\/p><\/div><div class=\"lp-produit\"><div class=\"lp-thumbnail-wrapper\"><img loading=\"lazy\" decoding=\"async\" width=\"300\" height=\"300\" src=\"https:\/\/www.interflora.es\/blog\/wp-content\/uploads\/2025\/11\/1761651322-bwd027-natale-stellato-plant-300x300.jpg\" class=\"attachment-medium size-medium wp-post-image\" alt=\"\" srcset=\"https:\/\/www.interflora.es\/blog\/wp-content\/uploads\/2025\/11\/1761651322-bwd027-natale-stellato-plant-300x300.jpg 300w, https:\/\/www.interflora.es\/blog\/wp-content\/uploads\/2025\/11\/1761651322-bwd027-natale-stellato-plant-1024x1024.jpg 1024w, https:\/\/www.interflora.es\/blog\/wp-content\/uploads\/2025\/11\/1761651322-bwd027-natale-stellato-plant-150x150.jpg 150w, https:\/\/www.interflora.es\/blog\/wp-content\/uploads\/2025\/11\/1761651322-bwd027-natale-stellato-plant-768x768.jpg 768w, https:\/\/www.interflora.es\/blog\/wp-content\/uploads\/2025\/11\/1761651322-bwd027-natale-stellato-plant-1536x1536.jpg 1536w, https:\/\/www.interflora.es\/blog\/wp-content\/uploads\/2025\/11\/1761651322-bwd027-natale-stellato-plant-2048x2048.jpg 2048w\" sizes=\"auto, (max-width: 300px) 100vw, 300px\" \/><img decoding=\"async\" class=\"lp-badge\" src=\"https:\/\/prodblog.interflora.es\/blog\/wp-content\/uploads\/2025\/04\/220422_INTERFLORA_Main_Logo_rgb_Main_Color.png\" alt=\"Entrega r\u00e1pida\"><\/div><span>Poinsettia blanca<\/span><p>22.99 \u20ac<\/p><span class=\"obf-link lp-cta\" role=\"link\" tabindex=\"0\" data-b64=\"aHR0cHM6Ly93d3cuaW50ZXJmbG9yYS5lcy9wL3BvaW5zZXR0aWEtYmxhbmNhLzE\/dXRtX21lZGl1bT1vcmdhbmljJnV0bV9zb3VyY2U9YmxvZ19wcm9kdWN0cyZ1dG1fY2FtcGFpZ249UFdEMDI1\" data-target=\"_blank\"><svg xmlns=\"http:\/\/www.w3.org\/2000\/svg\" width=\"16\" height=\"16\" fill=\"currentColor\" class=\"bi bi-bag\" viewBox=\"0 0 16 16\"><path d=\"M8 1a2 2 0 0 1 2 2v1h2.5A1.5 1.5 0 0 1 14 5.5v8A1.5 1.5 0 0 1 12.5 15h-9A1.5 1.5 0 0 1 2 13.5v-8A1.5 1.5 0 0 1 3.5 3H6V2a2 2 0 0 1 2-1zm1 3V3a1 1 0 0 0-2 0v1h2z\"\/><\/svg>Comprar<\/span><p class=\"rapido\">Atenci\u00f3n al cliente siempre disponible<\/p><\/div><\/div>\n\n\n\n<div style=\"height:5px\" aria-hidden=\"true\" class=\"wp-block-spacer\"><\/div>\n\n\n\n<h2 class=\"wp-block-heading\">\u00bfC\u00f3mo regar correctamente la flor de Pascua?<\/h2>\n\n\n\n<p>Si bien puedes recurrir a la manera tradicional, la mejor t\u00e9cnica para<strong> regar correctamente la flor de Pascua <\/strong>es que el riego sea por <strong>inmersi\u00f3n<\/strong>. As\u00ed, la planta absorber\u00e1 poco a poco el agua y los nutrientes que necesita. Para ello, sumerge la maceta en un recipiente con agua a temperatura ambiente y deja que las ra\u00edces hagan su trabajo. Es importante comprobar que los orificios de drenaje no est\u00e1n obstruidos y que el agua no moje la parte superior de la planta. Pasados unos diez minutos, saca la maceta y deja que escurra bien, pues el exceso de agua puede causar la pudrici\u00f3n de las ra\u00edces y otras enfermedades.<\/p>\n\n\n\n<h3 class=\"wp-block-heading\">S\u00edntomas de un riego incorrecto en la flor de Pascua<\/h3>\n\n\n\n<p>Al contrario de lo que se cree, la<strong> flor de Pascua<\/strong> es una planta resistente, pero puede mostrar r\u00e1pidamente s\u00edntomas de deterioro en las hojas si no se riega bien. Si las hojas se vuelven <strong>amarillas <\/strong>y se caen, puede ser una se\u00f1al de demasiada agua, falta de nutrientes o cambios bruscos de temperatura. Las hojas que se caen pueden indicar una falta, un exceso de riego o estr\u00e9s ambiental. Las<strong> manchas oscuras <\/strong>en las hojas o los tallos suelen deberse a enfermedades f\u00fangicas o bacterianas, o a da\u00f1os por exceso de riego. Si sospechas que tu planta se est\u00e1 pudriendo, s\u00e1cala de la maceta para <strong>revisar las ra\u00edces<\/strong>. Cuando se pudren, las ra\u00edces est\u00e1n blandas y oscuras en lugar de firmes y blancas.<\/p>\n\n\n\n<figure class=\"wp-block-image aligncenter size-full is-resized\"><img decoding=\"async\" src=\"https:\/\/www.interflora.es\/blog\/wp-content\/uploads\/2022\/11\/flor-de-pascua-perfecta-1.jpg\" alt=\"Flor de Pascua roja\" class=\"wp-image-12295\" style=\"width:909px;height:auto\"\/><\/figure>\n\n\n\n<p><\/p>\n\n\n\n<h3 class=\"wp-block-heading\">Otros trucos y consejos para cuidar tus poinsettias<\/h3>\n\n\n\n<p>Existen otros factores que, junto al riego, te permiten garantizar el desarrollo correcto de tus <strong>poinsettias<\/strong>. Estas plantas prefieren un ambiente con una humedad moderada. Si vives en un clima muy seco, te recomendamos colocar un humidificador cerca de la planta o la maceta sobre un plato con piedras y agua para aumentar la humedad.<\/p>\n\n\n\n<p>La tierra de la maceta tambi\u00e9n es muy importante y el drenaje del suelo es fundamental. Usa un sustrato para plantas de interior que garantice un buen drenaje y perfora bien el fondo de la maceta si no tiene orificios o consideras que son demasiado estrechos.<\/p>\n\n\n\n<h2 class=\"wp-block-heading\">\u00bfQu\u00e9 hacer con la flor de Pascua al final de la Navidad?<\/h2>\n\n\n\n<p>El riego es un aspecto fundamental para que tu <strong>flor de Pascua<\/strong> se mantenga bonita durante y despu\u00e9s de la <a href=\"https:\/\/www.interflora.es\/c\/fiestas\/regalar-flores-de-pascua-en-navidad\">Navidad<\/a>, aunque tambi\u00e9n es importante preparar la planta para su pr\u00f3ximo ciclo de crecimiento. Pasadas las fiestas, cuando sus br\u00e1cteas empiecen a caerse, poda la planta para estimular su crecimiento en la pr\u00f3xima temporada. Tras la poda, reduce la frecuencia de riego y coloca la planta en un lugar fresco y con buena luz indirecta.<\/p>\n\n\n\n<div style=\"height:5px\" aria-hidden=\"true\" class=\"wp-block-spacer\"><\/div>\n\n\n<div class=\"lp-produits-grid\"><div class=\"lp-produit\"><div class=\"lp-thumbnail-wrapper\"><img loading=\"lazy\" decoding=\"async\" width=\"300\" height=\"300\" src=\"https:\/\/www.interflora.es\/blog\/wp-content\/uploads\/2025\/10\/1758204656-pf027-stella-di-natale-key-2-300x300.jpg\" class=\"attachment-medium size-medium wp-post-image\" alt=\"\" srcset=\"https:\/\/www.interflora.es\/blog\/wp-content\/uploads\/2025\/10\/1758204656-pf027-stella-di-natale-key-2-300x300.jpg 300w, https:\/\/www.interflora.es\/blog\/wp-content\/uploads\/2025\/10\/1758204656-pf027-stella-di-natale-key-2-1024x1024.jpg 1024w, https:\/\/www.interflora.es\/blog\/wp-content\/uploads\/2025\/10\/1758204656-pf027-stella-di-natale-key-2-150x150.jpg 150w, https:\/\/www.interflora.es\/blog\/wp-content\/uploads\/2025\/10\/1758204656-pf027-stella-di-natale-key-2-768x768.jpg 768w, https:\/\/www.interflora.es\/blog\/wp-content\/uploads\/2025\/10\/1758204656-pf027-stella-di-natale-key-2-1536x1536.jpg 1536w, https:\/\/www.interflora.es\/blog\/wp-content\/uploads\/2025\/10\/1758204656-pf027-stella-di-natale-key-2-2048x2048.jpg 2048w\" sizes=\"auto, (max-width: 300px) 100vw, 300px\" \/><img decoding=\"async\" class=\"lp-badge\" src=\"https:\/\/prodblog.interflora.es\/blog\/wp-content\/uploads\/2025\/04\/220422_INTERFLORA_Main_Logo_rgb_Main_Color.png\" alt=\"Entrega r\u00e1pida\"><\/div><span>Estrella de Navidad<\/span><p>29.99 \u20ac<\/p><span class=\"obf-link lp-cta\" role=\"link\" tabindex=\"0\" data-b64=\"aHR0cHM6Ly93d3cuaW50ZXJmbG9yYS5lcy9wL2VzdHJlbGxhLWRlLW5hdmlkYWQvMT91dG1fbWVkaXVtPW9yZ2FuaWMmdXRtX3NvdXJjZT1ibG9nX3Byb2R1Y3RzJnV0bV9jYW1wYWlnbj1QRjAyNw==\" data-target=\"_blank\"><svg xmlns=\"http:\/\/www.w3.org\/2000\/svg\" width=\"16\" height=\"16\" fill=\"currentColor\" class=\"bi bi-bag\" viewBox=\"0 0 16 16\"><path d=\"M8 1a2 2 0 0 1 2 2v1h2.5A1.5 1.5 0 0 1 14 5.5v8A1.5 1.5 0 0 1 12.5 15h-9A1.5 1.5 0 0 1 2 13.5v-8A1.5 1.5 0 0 1 3.5 3H6V2a2 2 0 0 1 2-1zm1 3V3a1 1 0 0 0-2 0v1h2z\"\/><\/svg>Comprar<\/span><p class=\"rapido\">Atenci\u00f3n al cliente siempre disponible<\/p><\/div><div class=\"lp-produit\"><div class=\"lp-thumbnail-wrapper\"><img loading=\"lazy\" decoding=\"async\" width=\"300\" height=\"300\" src=\"https:\/\/www.interflora.es\/blog\/wp-content\/uploads\/2025\/11\/1758547409-pwd024-mini-poinsettia-rosa-key-300x300.jpg\" class=\"attachment-medium size-medium wp-post-image\" alt=\"\" srcset=\"https:\/\/www.interflora.es\/blog\/wp-content\/uploads\/2025\/11\/1758547409-pwd024-mini-poinsettia-rosa-key-300x300.jpg 300w, https:\/\/www.interflora.es\/blog\/wp-content\/uploads\/2025\/11\/1758547409-pwd024-mini-poinsettia-rosa-key-1024x1024.jpg 1024w, https:\/\/www.interflora.es\/blog\/wp-content\/uploads\/2025\/11\/1758547409-pwd024-mini-poinsettia-rosa-key-150x150.jpg 150w, https:\/\/www.interflora.es\/blog\/wp-content\/uploads\/2025\/11\/1758547409-pwd024-mini-poinsettia-rosa-key-768x768.jpg 768w, https:\/\/www.interflora.es\/blog\/wp-content\/uploads\/2025\/11\/1758547409-pwd024-mini-poinsettia-rosa-key-1536x1536.jpg 1536w, https:\/\/www.interflora.es\/blog\/wp-content\/uploads\/2025\/11\/1758547409-pwd024-mini-poinsettia-rosa-key-2048x2048.jpg 2048w\" sizes=\"auto, (max-width: 300px) 100vw, 300px\" \/><img decoding=\"async\" class=\"lp-badge\" src=\"https:\/\/prodblog.interflora.es\/blog\/wp-content\/uploads\/2025\/04\/220422_INTERFLORA_Main_Logo_rgb_Main_Color.png\" alt=\"Entrega r\u00e1pida\"><\/div><span>Mini Poinsettia Rosa<\/span><p>12.99 \u20ac<\/p><span class=\"obf-link lp-cta\" role=\"link\" tabindex=\"0\" data-b64=\"aHR0cHM6Ly93d3cuaW50ZXJmbG9yYS5lcy9wL21pbmktcG9pbnNldHRpYS1yb3NhLzE\/dXRtX21lZGl1bT1vcmdhbmljJnV0bV9zb3VyY2U9YmxvZ19wcm9kdWN0cyZ1dG1fY2FtcGFpZ249UFdEMDI0\" data-target=\"_blank\"><svg xmlns=\"http:\/\/www.w3.org\/2000\/svg\" width=\"16\" height=\"16\" fill=\"currentColor\" class=\"bi bi-bag\" viewBox=\"0 0 16 16\"><path d=\"M8 1a2 2 0 0 1 2 2v1h2.5A1.5 1.5 0 0 1 14 5.5v8A1.5 1.5 0 0 1 12.5 15h-9A1.5 1.5 0 0 1 2 13.5v-8A1.5 1.5 0 0 1 3.5 3H6V2a2 2 0 0 1 2-1zm1 3V3a1 1 0 0 0-2 0v1h2z\"\/><\/svg>Comprar<\/span><p class=\"rapido\">Flores y plantas frescas<\/p><\/div><div class=\"lp-produit\"><div class=\"lp-thumbnail-wrapper\"><img loading=\"lazy\" decoding=\"async\" width=\"300\" height=\"300\" src=\"https:\/\/www.interflora.es\/blog\/wp-content\/uploads\/2025\/11\/1761651322-bwd027-natale-stellato-plant-300x300.jpg\" class=\"attachment-medium size-medium wp-post-image\" alt=\"\" srcset=\"https:\/\/www.interflora.es\/blog\/wp-content\/uploads\/2025\/11\/1761651322-bwd027-natale-stellato-plant-300x300.jpg 300w, https:\/\/www.interflora.es\/blog\/wp-content\/uploads\/2025\/11\/1761651322-bwd027-natale-stellato-plant-1024x1024.jpg 1024w, https:\/\/www.interflora.es\/blog\/wp-content\/uploads\/2025\/11\/1761651322-bwd027-natale-stellato-plant-150x150.jpg 150w, https:\/\/www.interflora.es\/blog\/wp-content\/uploads\/2025\/11\/1761651322-bwd027-natale-stellato-plant-768x768.jpg 768w, https:\/\/www.interflora.es\/blog\/wp-content\/uploads\/2025\/11\/1761651322-bwd027-natale-stellato-plant-1536x1536.jpg 1536w, https:\/\/www.interflora.es\/blog\/wp-content\/uploads\/2025\/11\/1761651322-bwd027-natale-stellato-plant-2048x2048.jpg 2048w\" sizes=\"auto, (max-width: 300px) 100vw, 300px\" \/><img decoding=\"async\" class=\"lp-badge\" src=\"https:\/\/prodblog.interflora.es\/blog\/wp-content\/uploads\/2025\/04\/220422_INTERFLORA_Main_Logo_rgb_Main_Color.png\" alt=\"Entrega r\u00e1pida\"><\/div><span>Poinsettia blanca<\/span><p>22.99 \u20ac<\/p><span class=\"obf-link lp-cta\" role=\"link\" tabindex=\"0\" data-b64=\"aHR0cHM6Ly93d3cuaW50ZXJmbG9yYS5lcy9wL3BvaW5zZXR0aWEtYmxhbmNhLzE\/dXRtX21lZGl1bT1vcmdhbmljJnV0bV9zb3VyY2U9YmxvZ19wcm9kdWN0cyZ1dG1fY2FtcGFpZ249UFdEMDI1\" data-target=\"_blank\"><svg xmlns=\"http:\/\/www.w3.org\/2000\/svg\" width=\"16\" height=\"16\" fill=\"currentColor\" class=\"bi bi-bag\" viewBox=\"0 0 16 16\"><path d=\"M8 1a2 2 0 0 1 2 2v1h2.5A1.5 1.5 0 0 1 14 5.5v8A1.5 1.5 0 0 1 12.5 15h-9A1.5 1.5 0 0 1 2 13.5v-8A1.5 1.5 0 0 1 3.5 3H6V2a2 2 0 0 1 2-1zm1 3V3a1 1 0 0 0-2 0v1h2z\"\/><\/svg>Comprar<\/span><p class=\"rapido\">Flores y plantas frescas<\/p><\/div><div class=\"lp-produit\"><div class=\"lp-thumbnail-wrapper\"><img loading=\"lazy\" decoding=\"async\" width=\"300\" height=\"300\" src=\"https:\/\/www.interflora.es\/blog\/wp-content\/uploads\/2025\/11\/1676894453-cestaestreladdematal-300x300.jpg\" class=\"attachment-medium size-medium wp-post-image\" alt=\"\" srcset=\"https:\/\/www.interflora.es\/blog\/wp-content\/uploads\/2025\/11\/1676894453-cestaestreladdematal-300x300.jpg 300w, https:\/\/www.interflora.es\/blog\/wp-content\/uploads\/2025\/11\/1676894453-cestaestreladdematal-1024x1024.jpg 1024w, https:\/\/www.interflora.es\/blog\/wp-content\/uploads\/2025\/11\/1676894453-cestaestreladdematal-150x150.jpg 150w, https:\/\/www.interflora.es\/blog\/wp-content\/uploads\/2025\/11\/1676894453-cestaestreladdematal-768x768.jpg 768w, https:\/\/www.interflora.es\/blog\/wp-content\/uploads\/2025\/11\/1676894453-cestaestreladdematal.jpg 1500w\" sizes=\"auto, (max-width: 300px) 100vw, 300px\" \/><img decoding=\"async\" class=\"lp-badge\" src=\"https:\/\/prodblog.interflora.es\/blog\/wp-content\/uploads\/2025\/04\/220422_INTERFLORA_Main_Logo_rgb_Main_Color.png\" alt=\"Entrega r\u00e1pida\"><\/div><span>Cesta de Estrella de Navidad Grande<\/span><p>49.99 \u20ac<\/p><span class=\"obf-link lp-cta\" role=\"link\" tabindex=\"0\" data-b64=\"aHR0cHM6Ly93d3cuaW50ZXJmbG9yYS5lcy9wL2Nlc3RhLWRlLWVzdHJlbGxhLWRlLW5hdmlkYWQtZ3JhbmRlLzE\/dXRtX21lZGl1bT1vcmdhbmljJnV0bV9zb3VyY2U9YmxvZ19wcm9kdWN0cyZ1dG1fY2FtcGFpZ249TjAwMDI=\" data-target=\"_blank\"><svg xmlns=\"http:\/\/www.w3.org\/2000\/svg\" width=\"16\" height=\"16\" fill=\"currentColor\" class=\"bi bi-bag\" viewBox=\"0 0 16 16\"><path d=\"M8 1a2 2 0 0 1 2 2v1h2.5A1.5 1.5 0 0 1 14 5.5v8A1.5 1.5 0 0 1 12.5 15h-9A1.5 1.5 0 0 1 2 13.5v-8A1.5 1.5 0 0 1 3.5 3H6V2a2 2 0 0 1 2-1zm1 3V3a1 1 0 0 0-2 0v1h2z\"\/><\/svg>Comprar<\/span><p class=\"rapido\">Selecci\u00f3n Interflora<\/p><\/div><\/div>\n","protected":false},"excerpt":{"rendered":"<p>La flor de Pascua, conocida cient\u00edficamente como Euphorbia pulcherrima, es la planta m\u00e1s regalada durante la temporada navide\u00f1a. Sus vistosas [&hellip;]<\/p>\n","protected":false},"author":13,"featured_media":32508,"comment_status":"open","ping_status":"closed","sticky":false,"template":"","format":"standard","meta":{"_acf_changed":false,"_uag_custom_page_level_css":"","site-sidebar-layout":"default","site-content-layout":"","ast-site-content-layout":"default","site-content-style":"default","site-sidebar-style":"default","ast-global-header-display":"","ast-banner-title-visibility":"","ast-main-header-display":"","ast-hfb-above-header-display":"","ast-hfb-below-header-display":"","ast-hfb-mobile-header-display":"","site-post-title":"","ast-breadcrumbs-content":"","ast-featured-img":"","footer-sml-layout":"","theme-transparent-header-meta":"","adv-header-id-meta":"","stick-header-meta":"","header-above-stick-meta":"","header-main-stick-meta":"","header-below-stick-meta":"","astra-migrate-meta-layouts":"set","ast-page-background-enabled":"default","ast-page-background-meta":{"desktop":{"background-color":"var(--ast-global-color-5)","background-image":"","background-repeat":"repeat","background-position":"center center","background-size":"auto","background-attachment":"scroll","background-type":"","background-media":"","overlay-type":"","overlay-color":"","overlay-opacity":"","overlay-gradient":""},"tablet":{"background-color":"","background-image":"","background-repeat":"repeat","background-position":"center center","background-size":"auto","background-attachment":"scroll","background-type":"","background-media":"","overlay-type":"","overlay-color":"","overlay-opacity":"","overlay-gradient":""},"mobile":{"background-color":"","background-image":"","background-repeat":"repeat","background-position":"center center","background-size":"auto","background-attachment":"scroll","background-type":"","background-media":"","overlay-type":"","overlay-color":"","overlay-opacity":"","overlay-gradient":""}},"ast-content-background-meta":{"desktop":{"background-color":"var(--ast-global-color-4)","background-image":"","background-repeat":"repeat","background-position":"center center","background-size":"auto","background-attachment":"scroll","background-type":"","background-media":"","overlay-type":"","overlay-color":"","overlay-opacity":"","overlay-gradient":""},"tablet":{"background-color":"var(--ast-global-color-4)","background-image":"","background-repeat":"repeat","background-position":"center center","background-size":"auto","background-attachment":"scroll","background-type":"","background-media":"","overlay-type":"","overlay-color":"","overlay-opacity":"","overlay-gradient":""},"mobile":{"background-color":"var(--ast-global-color-4)","background-image":"","background-repeat":"repeat","background-position":"center center","background-size":"auto","background-attachment":"scroll","background-type":"","background-media":"","overlay-type":"","overlay-color":"","overlay-opacity":"","overlay-gradient":""}},"footnotes":""},"categories":[121,70,23],"tags":[71],"class_list":["post-24582","post","type-post","status-publish","format-standard","has-post-thumbnail","hentry","category-flor-de-pascua","category-navidad","category-ocasiones-especiales","tag-navidad"],"acf":[],"yoast_head":"<!-- This site is optimized with the Yoast SEO plugin v27.5 - https:\/\/yoast.com\/product\/yoast-seo-wordpress\/ -->\n<title>Nuestra gu\u00eda para regar tu flor de Pascua | Interflora<\/title>\n<meta name=\"description\" content=\"\u00bfTe han regalado una flor de Pascua? Descubre nuestros consejos para regar tu poinsettia y mantenerla espectacular durante y despu\u00e9s de la Navidad.\" \/>\n<meta name=\"robots\" content=\"index, follow, max-snippet:-1, max-image-preview:large, max-video-preview:-1\" \/>\n<link rel=\"canonical\" href=\"https:\/\/www.interflora.es\/blog\/como-regar-la-flor-de-pascua\/\" \/>\n<script type=\"application\/ld+json\" class=\"yoast-schema-graph\">{\"@context\":\"https:\\\/\\\/schema.org\",\"@graph\":[{\"@type\":\"Article\",\"@id\":\"https:\\\/\\\/www.interflora.es\\\/blog\\\/como-regar-la-flor-de-pascua\\\/#article\",\"isPartOf\":{\"@id\":\"https:\\\/\\\/www.interflora.es\\\/blog\\\/como-regar-la-flor-de-pascua\\\/\"},\"author\":{\"name\":\"Interflora\",\"@id\":\"https:\\\/\\\/www.interflora.es\\\/blog\\\/#\\\/schema\\\/person\\\/e3ecff50262948e365b92682cdc2a9d1\"},\"headline\":\"\u00bfC\u00f3mo y cu\u00e1ndo se riega la flor de Pascua?: aprende a regar tu poinsettia\",\"datePublished\":\"2025-11-17T15:08:02+00:00\",\"dateModified\":\"2025-11-18T14:13:38+00:00\",\"mainEntityOfPage\":{\"@id\":\"https:\\\/\\\/www.interflora.es\\\/blog\\\/como-regar-la-flor-de-pascua\\\/\"},\"wordCount\":777,\"commentCount\":0,\"publisher\":{\"@id\":\"https:\\\/\\\/www.interflora.es\\\/blog\\\/#organization\"},\"image\":{\"@id\":\"https:\\\/\\\/www.interflora.es\\\/blog\\\/como-regar-la-flor-de-pascua\\\/#primaryimage\"},\"thumbnailUrl\":\"https:\\\/\\\/www.interflora.es\\\/blog\\\/wp-content\\\/uploads\\\/2025\\\/11\\\/regar-poinsettia.jpeg\",\"keywords\":[\"navidad\"],\"articleSection\":[\"Flor de Pascua\",\"Navidad\",\"Ocasiones especiales\"],\"inLanguage\":\"es\",\"potentialAction\":[{\"@type\":\"CommentAction\",\"name\":\"Comment\",\"target\":[\"https:\\\/\\\/www.interflora.es\\\/blog\\\/como-regar-la-flor-de-pascua\\\/#respond\"]}]},{\"@type\":\"WebPage\",\"@id\":\"https:\\\/\\\/www.interflora.es\\\/blog\\\/como-regar-la-flor-de-pascua\\\/\",\"url\":\"https:\\\/\\\/www.interflora.es\\\/blog\\\/como-regar-la-flor-de-pascua\\\/\",\"name\":\"Nuestra gu\u00eda para regar tu flor de Pascua | Interflora\",\"isPartOf\":{\"@id\":\"https:\\\/\\\/www.interflora.es\\\/blog\\\/#website\"},\"primaryImageOfPage\":{\"@id\":\"https:\\\/\\\/www.interflora.es\\\/blog\\\/como-regar-la-flor-de-pascua\\\/#primaryimage\"},\"image\":{\"@id\":\"https:\\\/\\\/www.interflora.es\\\/blog\\\/como-regar-la-flor-de-pascua\\\/#primaryimage\"},\"thumbnailUrl\":\"https:\\\/\\\/www.interflora.es\\\/blog\\\/wp-content\\\/uploads\\\/2025\\\/11\\\/regar-poinsettia.jpeg\",\"datePublished\":\"2025-11-17T15:08:02+00:00\",\"dateModified\":\"2025-11-18T14:13:38+00:00\",\"description\":\"\u00bfTe han regalado una flor de Pascua? Descubre nuestros consejos para regar tu poinsettia y mantenerla espectacular durante y despu\u00e9s de la Navidad.\",\"breadcrumb\":{\"@id\":\"https:\\\/\\\/www.interflora.es\\\/blog\\\/como-regar-la-flor-de-pascua\\\/#breadcrumb\"},\"inLanguage\":\"es\",\"potentialAction\":[{\"@type\":\"ReadAction\",\"target\":[\"https:\\\/\\\/www.interflora.es\\\/blog\\\/como-regar-la-flor-de-pascua\\\/\"]}]},{\"@type\":\"ImageObject\",\"inLanguage\":\"es\",\"@id\":\"https:\\\/\\\/www.interflora.es\\\/blog\\\/como-regar-la-flor-de-pascua\\\/#primaryimage\",\"url\":\"https:\\\/\\\/www.interflora.es\\\/blog\\\/wp-content\\\/uploads\\\/2025\\\/11\\\/regar-poinsettia.jpeg\",\"contentUrl\":\"https:\\\/\\\/www.interflora.es\\\/blog\\\/wp-content\\\/uploads\\\/2025\\\/11\\\/regar-poinsettia.jpeg\",\"width\":1000,\"height\":666,\"caption\":\"Woman spraying water on Christmas plant poinsettia at home, closeup\"},{\"@type\":\"BreadcrumbList\",\"@id\":\"https:\\\/\\\/www.interflora.es\\\/blog\\\/como-regar-la-flor-de-pascua\\\/#breadcrumb\",\"itemListElement\":[{\"@type\":\"ListItem\",\"position\":1,\"name\":\"Home\",\"item\":\"https:\\\/\\\/www.interflora.es\\\/blog\\\/\"},{\"@type\":\"ListItem\",\"position\":2,\"name\":\"\u00bfC\u00f3mo y cu\u00e1ndo se riega la flor de Pascua?: aprende a regar tu poinsettia\"}]},{\"@type\":\"WebSite\",\"@id\":\"https:\\\/\\\/www.interflora.es\\\/blog\\\/#website\",\"url\":\"https:\\\/\\\/www.interflora.es\\\/blog\\\/\",\"name\":\"El blog de Interflora : consejos, ideas e inspiraci\u00f3n para disfrutar de las flores y las plantas\",\"description\":\"\",\"publisher\":{\"@id\":\"https:\\\/\\\/www.interflora.es\\\/blog\\\/#organization\"},\"potentialAction\":[{\"@type\":\"SearchAction\",\"target\":{\"@type\":\"EntryPoint\",\"urlTemplate\":\"https:\\\/\\\/www.interflora.es\\\/blog\\\/?s={search_term_string}\"},\"query-input\":{\"@type\":\"PropertyValueSpecification\",\"valueRequired\":true,\"valueName\":\"search_term_string\"}}],\"inLanguage\":\"es\"},{\"@type\":\"Organization\",\"@id\":\"https:\\\/\\\/www.interflora.es\\\/blog\\\/#organization\",\"name\":\"El blog de Interflora : consejos, ideas e inspiraci\u00f3n para disfrutar de las flores y las plantas\",\"url\":\"https:\\\/\\\/www.interflora.es\\\/blog\\\/\",\"logo\":{\"@type\":\"ImageObject\",\"inLanguage\":\"es\",\"@id\":\"https:\\\/\\\/www.interflora.es\\\/blog\\\/#\\\/schema\\\/logo\\\/image\\\/\",\"url\":\"https:\\\/\\\/www.interflora.es\\\/blog\\\/wp-content\\\/uploads\\\/2025\\\/10\\\/cropped-220422_INTERFLORA_Logo_rgb_Half_Top_Circle_Main_Color.png\",\"contentUrl\":\"https:\\\/\\\/www.interflora.es\\\/blog\\\/wp-content\\\/uploads\\\/2025\\\/10\\\/cropped-220422_INTERFLORA_Logo_rgb_Half_Top_Circle_Main_Color.png\",\"width\":1418,\"height\":659,\"caption\":\"El blog de Interflora : consejos, ideas e inspiraci\u00f3n para disfrutar de las flores y las plantas\"},\"image\":{\"@id\":\"https:\\\/\\\/www.interflora.es\\\/blog\\\/#\\\/schema\\\/logo\\\/image\\\/\"}},{\"@type\":\"Person\",\"@id\":\"https:\\\/\\\/www.interflora.es\\\/blog\\\/#\\\/schema\\\/person\\\/e3ecff50262948e365b92682cdc2a9d1\",\"name\":\"Interflora\",\"image\":{\"@type\":\"ImageObject\",\"inLanguage\":\"es\",\"@id\":\"https:\\\/\\\/www.interflora.es\\\/blog\\\/wp-content\\\/litespeed\\\/avatar\\\/ef0a9e22ccabc545011ca74a630eaf3e.jpg?ver=1777555250\",\"url\":\"https:\\\/\\\/www.interflora.es\\\/blog\\\/wp-content\\\/litespeed\\\/avatar\\\/ef0a9e22ccabc545011ca74a630eaf3e.jpg?ver=1777555250\",\"contentUrl\":\"https:\\\/\\\/www.interflora.es\\\/blog\\\/wp-content\\\/litespeed\\\/avatar\\\/ef0a9e22ccabc545011ca74a630eaf3e.jpg?ver=1777555250\",\"caption\":\"Interflora\"}}]}<\/script>\n<!-- \/ Yoast SEO plugin. -->","yoast_head_json":{"title":"Nuestra gu\u00eda para regar tu flor de Pascua | Interflora","description":"\u00bfTe han regalado una flor de Pascua? Descubre nuestros consejos para regar tu poinsettia y mantenerla espectacular durante y despu\u00e9s de la Navidad.","robots":{"index":"index","follow":"follow","max-snippet":"max-snippet:-1","max-image-preview":"max-image-preview:large","max-video-preview":"max-video-preview:-1"},"canonical":"https:\/\/www.interflora.es\/blog\/como-regar-la-flor-de-pascua\/","schema":{"@context":"https:\/\/schema.org","@graph":[{"@type":"Article","@id":"https:\/\/www.interflora.es\/blog\/como-regar-la-flor-de-pascua\/#article","isPartOf":{"@id":"https:\/\/www.interflora.es\/blog\/como-regar-la-flor-de-pascua\/"},"author":{"name":"Interflora","@id":"https:\/\/www.interflora.es\/blog\/#\/schema\/person\/e3ecff50262948e365b92682cdc2a9d1"},"headline":"\u00bfC\u00f3mo y cu\u00e1ndo se riega la flor de Pascua?: aprende a regar tu poinsettia","datePublished":"2025-11-17T15:08:02+00:00","dateModified":"2025-11-18T14:13:38+00:00","mainEntityOfPage":{"@id":"https:\/\/www.interflora.es\/blog\/como-regar-la-flor-de-pascua\/"},"wordCount":777,"commentCount":0,"publisher":{"@id":"https:\/\/www.interflora.es\/blog\/#organization"},"image":{"@id":"https:\/\/www.interflora.es\/blog\/como-regar-la-flor-de-pascua\/#primaryimage"},"thumbnailUrl":"https:\/\/www.interflora.es\/blog\/wp-content\/uploads\/2025\/11\/regar-poinsettia.jpeg","keywords":["navidad"],"articleSection":["Flor de Pascua","Navidad","Ocasiones especiales"],"inLanguage":"es","potentialAction":[{"@type":"CommentAction","name":"Comment","target":["https:\/\/www.interflora.es\/blog\/como-regar-la-flor-de-pascua\/#respond"]}]},{"@type":"WebPage","@id":"https:\/\/www.interflora.es\/blog\/como-regar-la-flor-de-pascua\/","url":"https:\/\/www.interflora.es\/blog\/como-regar-la-flor-de-pascua\/","name":"Nuestra gu\u00eda para regar tu flor de Pascua | Interflora","isPartOf":{"@id":"https:\/\/www.interflora.es\/blog\/#website"},"primaryImageOfPage":{"@id":"https:\/\/www.interflora.es\/blog\/como-regar-la-flor-de-pascua\/#primaryimage"},"image":{"@id":"https:\/\/www.interflora.es\/blog\/como-regar-la-flor-de-pascua\/#primaryimage"},"thumbnailUrl":"https:\/\/www.interflora.es\/blog\/wp-content\/uploads\/2025\/11\/regar-poinsettia.jpeg","datePublished":"2025-11-17T15:08:02+00:00","dateModified":"2025-11-18T14:13:38+00:00","description":"\u00bfTe han regalado una flor de Pascua? Descubre nuestros consejos para regar tu poinsettia y mantenerla espectacular durante y despu\u00e9s de la Navidad.","breadcrumb":{"@id":"https:\/\/www.interflora.es\/blog\/como-regar-la-flor-de-pascua\/#breadcrumb"},"inLanguage":"es","potentialAction":[{"@type":"ReadAction","target":["https:\/\/www.interflora.es\/blog\/como-regar-la-flor-de-pascua\/"]}]},{"@type":"ImageObject","inLanguage":"es","@id":"https:\/\/www.interflora.es\/blog\/como-regar-la-flor-de-pascua\/#primaryimage","url":"https:\/\/www.interflora.es\/blog\/wp-content\/uploads\/2025\/11\/regar-poinsettia.jpeg","contentUrl":"https:\/\/www.interflora.es\/blog\/wp-content\/uploads\/2025\/11\/regar-poinsettia.jpeg","width":1000,"height":666,"caption":"Woman spraying water on Christmas plant poinsettia at home, closeup"},{"@type":"BreadcrumbList","@id":"https:\/\/www.interflora.es\/blog\/como-regar-la-flor-de-pascua\/#breadcrumb","itemListElement":[{"@type":"ListItem","position":1,"name":"Home","item":"https:\/\/www.interflora.es\/blog\/"},{"@type":"ListItem","position":2,"name":"\u00bfC\u00f3mo y cu\u00e1ndo se riega la flor de Pascua?: aprende a regar tu poinsettia"}]},{"@type":"WebSite","@id":"https:\/\/www.interflora.es\/blog\/#website","url":"https:\/\/www.interflora.es\/blog\/","name":"El blog de Interflora : consejos, ideas e inspiraci\u00f3n para disfrutar de las flores y las plantas","description":"","publisher":{"@id":"https:\/\/www.interflora.es\/blog\/#organization"},"potentialAction":[{"@type":"SearchAction","target":{"@type":"EntryPoint","urlTemplate":"https:\/\/www.interflora.es\/blog\/?s={search_term_string}"},"query-input":{"@type":"PropertyValueSpecification","valueRequired":true,"valueName":"search_term_string"}}],"inLanguage":"es"},{"@type":"Organization","@id":"https:\/\/www.interflora.es\/blog\/#organization","name":"El blog de Interflora : consejos, ideas e inspiraci\u00f3n para disfrutar de las flores y las plantas","url":"https:\/\/www.interflora.es\/blog\/","logo":{"@type":"ImageObject","inLanguage":"es","@id":"https:\/\/www.interflora.es\/blog\/#\/schema\/logo\/image\/","url":"https:\/\/www.interflora.es\/blog\/wp-content\/uploads\/2025\/10\/cropped-220422_INTERFLORA_Logo_rgb_Half_Top_Circle_Main_Color.png","contentUrl":"https:\/\/www.interflora.es\/blog\/wp-content\/uploads\/2025\/10\/cropped-220422_INTERFLORA_Logo_rgb_Half_Top_Circle_Main_Color.png","width":1418,"height":659,"caption":"El blog de Interflora : consejos, ideas e inspiraci\u00f3n para disfrutar de las flores y las plantas"},"image":{"@id":"https:\/\/www.interflora.es\/blog\/#\/schema\/logo\/image\/"}},{"@type":"Person","@id":"https:\/\/www.interflora.es\/blog\/#\/schema\/person\/e3ecff50262948e365b92682cdc2a9d1","name":"Interflora","image":{"@type":"ImageObject","inLanguage":"es","@id":"https:\/\/www.interflora.es\/blog\/wp-content\/litespeed\/avatar\/ef0a9e22ccabc545011ca74a630eaf3e.jpg?ver=1777555250","url":"https:\/\/www.interflora.es\/blog\/wp-content\/litespeed\/avatar\/ef0a9e22ccabc545011ca74a630eaf3e.jpg?ver=1777555250","contentUrl":"https:\/\/www.interflora.es\/blog\/wp-content\/litespeed\/avatar\/ef0a9e22ccabc545011ca74a630eaf3e.jpg?ver=1777555250","caption":"Interflora"}}]}},"uagb_featured_image_src":{"full":["https:\/\/www.interflora.es\/blog\/wp-content\/uploads\/2025\/11\/regar-poinsettia.jpeg",1000,666,false],"thumbnail":["https:\/\/www.interflora.es\/blog\/wp-content\/uploads\/2025\/11\/regar-poinsettia-150x150.jpeg",150,150,true],"medium":["https:\/\/www.interflora.es\/blog\/wp-content\/uploads\/2025\/11\/regar-poinsettia-300x200.jpeg",300,200,true],"medium_large":["https:\/\/www.interflora.es\/blog\/wp-content\/uploads\/2025\/11\/regar-poinsettia-768x511.jpeg",768,511,true],"large":["https:\/\/www.interflora.es\/blog\/wp-content\/uploads\/2025\/11\/regar-poinsettia.jpeg",1000,666,false],"1536x1536":["https:\/\/www.interflora.es\/blog\/wp-content\/uploads\/2025\/11\/regar-poinsettia.jpeg",1000,666,false],"2048x2048":["https:\/\/www.interflora.es\/blog\/wp-content\/uploads\/2025\/11\/regar-poinsettia.jpeg",1000,666,false]},"uagb_author_info":{"display_name":"Interflora","author_link":"https:\/\/www.interflora.es\/blog\/author\/interflora\/"},"uagb_comment_info":1,"uagb_excerpt":"La flor de Pascua, conocida cient\u00edficamente como Euphorbia pulcherrima, es la planta m\u00e1s regalada durante la temporada navide\u00f1a. Sus vistosas [&hellip;]","_links":{"self":[{"href":"https:\/\/www.interflora.es\/blog\/wp-json\/wp\/v2\/posts\/24582","targetHints":{"allow":["GET"]}}],"collection":[{"href":"https:\/\/www.interflora.es\/blog\/wp-json\/wp\/v2\/posts"}],"about":[{"href":"https:\/\/www.interflora.es\/blog\/wp-json\/wp\/v2\/types\/post"}],"author":[{"embeddable":true,"href":"https:\/\/www.interflora.es\/blog\/wp-json\/wp\/v2\/users\/13"}],"replies":[{"embeddable":true,"href":"https:\/\/www.interflora.es\/blog\/wp-json\/wp\/v2\/comments?post=24582"}],"version-history":[{"count":2,"href":"https:\/\/www.interflora.es\/blog\/wp-json\/wp\/v2\/posts\/24582\/revisions"}],"predecessor-version":[{"id":32632,"href":"https:\/\/www.interflora.es\/blog\/wp-json\/wp\/v2\/posts\/24582\/revisions\/32632"}],"wp:featuredmedia":[{"embeddable":true,"href":"https:\/\/www.interflora.es\/blog\/wp-json\/wp\/v2\/media\/32508"}],"wp:attachment":[{"href":"https:\/\/www.interflora.es\/blog\/wp-json\/wp\/v2\/media?parent=24582"}],"wp:term":[{"taxonomy":"category","embeddable":true,"href":"https:\/\/www.interflora.es\/blog\/wp-json\/wp\/v2\/categories?post=24582"},{"taxonomy":"post_tag","embeddable":true,"href":"https:\/\/www.interflora.es\/blog\/wp-json\/wp\/v2\/tags?post=24582"}],"curies":[{"name":"wp","href":"https:\/\/api.w.org\/{rel}","templated":true}]}}