{"id":2325,"date":"2012-08-23T15:58:56","date_gmt":"2012-08-23T15:58:56","guid":{"rendered":"http:\/\/blog.interflora.es\/?p=2325"},"modified":"2012-08-23T15:58:56","modified_gmt":"2012-08-23T15:58:56","slug":"adelfa-la-flor-del-atardecer","status":"publish","type":"post","link":"https:\/\/www.interflora.es\/blog\/adelfa-la-flor-del-atardecer\/","title":{"rendered":"Adelfa: La flor del atardecer"},"content":{"rendered":"\n<figure class=\"wp-block-image aligncenter\"><a href=\"https:\/\/www.interflora.es\/blog\/wp-content\/uploads\/adelfas.jpg\"><img decoding=\"async\" src=\"https:\/\/www.interflora.es\/blog\/wp-content\/uploads\/adelfas.jpg\" alt=\"\" class=\"wp-image-2328\" title=\"adelfas\"\/><\/a><\/figure>\n\n\n\n<p>Las habr\u00e9is encontrado en los paseos al atardecer por las playas de levante. Originariamente se encontraba en una amplia zona que cubr\u00eda las riberas de la cuenca del mar Mediterr\u00e1neo hasta China.<\/p>\n\n\n\n<p>Muy utilizadas como fondo de arbusto en los grandes jardines, dan frondosidad aportando una nota de color. Tambi\u00e9n las podeis ver adornando las autopistas como valla mediana de separaci\u00f3n.<\/p>\n\n\n\n<p>La <strong>adelfa<\/strong> es una planta de sol y no necesita mucha agua. Sus flores blancas, rojas y rosas en forma de ramillete florecen en junio y tienen un periodo de floraci\u00f3n bastante largo.<\/p>\n\n\n\n<p>Pero esta flor tiene un <strong>lado oscuro<\/strong>, y es importante que lo tenga\u00eds en cuenta:<strong> Es una planta muy venenosa<\/strong> y totalmente desaconsejada para uso particular <strong>con acciones muy fuertes sobre el coraz\u00f3n en dosis peque\u00f1as,<\/strong> por esta raz\u00f3n<strong> su uso debe estar sujeto a control m\u00e9dico<\/strong>. Dada su toxicidad, y a pesar del incumplimiento de la norma dado que se vende libremente en viveros y similares, <strong>en Espa\u00f1a est\u00e1 prohibida la venta de esta planta<\/strong>.<\/p>\n\n\n\n<p>Existe una leyenda popular seg\u00fan la cual los espa\u00f1oles envenenaron a las tropas napole\u00f3nicas francesas al invitarles a tomar una carne que hab\u00eda sido preparada con estacas peladas de adelfa para ensartarla y asarla..<\/p>\n\n\n\n<p>Las hojas son muy ricas en <a href=\"http:\/\/es.wikipedia.org\/wiki\/Oleandrina\">oleandrina<\/a>, una sustancia tan activa &nbsp;que incluso las mieles procedentes de la libaci\u00f3n de las <a href=\"http:\/\/es.wikipedia.org\/wiki\/Apis_mellifera\">abejas<\/a> en sus flores son t\u00f3xicas. La<strong> intoxicaci\u00f3n por adelfa<\/strong> aparece transcurridas de 4 a 12 horas despu\u00e9s de haberla ingerido. Produce alteraciones gastrointestinales acompa\u00f1adas de n\u00e1useas y v\u00f3mitos, diarrea sanguinolenta, v\u00e9rtigo, <a href=\"http:\/\/es.wikipedia.org\/wiki\/Ataxia\">ataxia<\/a>, <a href=\"http:\/\/es.wikipedia.org\/wiki\/Midriasis\">midriasis<\/a>, excitaci\u00f3n nerviosa seguida de depresi\u00f3n, <a href=\"http:\/\/es.wikipedia.org\/wiki\/Disnea\">disnea<\/a>, convulsiones tetaniformes y <a href=\"http:\/\/es.wikipedia.org\/wiki\/Arritmia\">arritmia<\/a> en aumento, aparece <a href=\"http:\/\/es.wikipedia.org\/wiki\/Taquicardia\">taquicardia<\/a>, <a href=\"http:\/\/es.wikipedia.org\/wiki\/Fibrilaci%C3%B3n_auricular\">fibrilaci\u00f3n auricular<\/a> y bloqueo con parada card\u00edaca.<\/p>\n\n\n\n<p>En caso de que aparezcan los primeros v\u00f3mitos conviene acudir urgentemente al m\u00e9dico y tratar de controlar el ritmo card\u00edaco.<\/p>\n\n\n\n<p>Como v\u00e9is, no es una broma. As\u00ed que, disfrutad del atardecer junto a las adelfas pero en&nbsp; ning\u00fan caso dej\u00e9is esta planta al alcance de ni\u00f1os y animales o viceversa. Podr\u00edais tener alg\u00fan disgusto.<\/p>\n","protected":false},"excerpt":{"rendered":"<p>Las habr\u00e9is encontrado en los paseos al atardecer por las playas de levante. Originariamente se encontraba en una amplia zona [&hellip;]<\/p>\n","protected":false},"author":8,"featured_media":0,"comment_status":"open","ping_status":"open","sticky":false,"template":"","format":"standard","meta":{"_acf_changed":false,"_uag_custom_page_level_css":"","site-sidebar-layout":"default","site-content-layout":"","ast-site-content-layout":"default","site-content-style":"default","site-sidebar-style":"default","ast-global-header-display":"","ast-banner-title-visibility":"","ast-main-header-display":"","ast-hfb-above-header-display":"","ast-hfb-below-header-display":"","ast-hfb-mobile-header-display":"","site-post-title":"","ast-breadcrumbs-content":"","ast-featured-img":"","footer-sml-layout":"","theme-transparent-header-meta":"","adv-header-id-meta":"","stick-header-meta":"","header-above-stick-meta":"","header-main-stick-meta":"","header-below-stick-meta":"","astra-migrate-meta-layouts":"default","ast-page-background-enabled":"default","ast-page-background-meta":{"desktop":{"background-color":"var(--ast-global-color-5)","background-image":"","background-repeat":"repeat","background-position":"center center","background-size":"auto","background-attachment":"scroll","background-type":"","background-media":"","overlay-type":"","overlay-color":"","overlay-opacity":"","overlay-gradient":""},"tablet":{"background-color":"","background-image":"","background-repeat":"repeat","background-position":"center center","background-size":"auto","background-attachment":"scroll","background-type":"","background-media":"","overlay-type":"","overlay-color":"","overlay-opacity":"","overlay-gradient":""},"mobile":{"background-color":"","background-image":"","background-repeat":"repeat","background-position":"center center","background-size":"auto","background-attachment":"scroll","background-type":"","background-media":"","overlay-type":"","overlay-color":"","overlay-opacity":"","overlay-gradient":""}},"ast-content-background-meta":{"desktop":{"background-color":"var(--ast-global-color-4)","background-image":"","background-repeat":"repeat","background-position":"center center","background-size":"auto","background-attachment":"scroll","background-type":"","background-media":"","overlay-type":"","overlay-color":"","overlay-opacity":"","overlay-gradient":""},"tablet":{"background-color":"var(--ast-global-color-4)","background-image":"","background-repeat":"repeat","background-position":"center center","background-size":"auto","background-attachment":"scroll","background-type":"","background-media":"","overlay-type":"","overlay-color":"","overlay-opacity":"","overlay-gradient":""},"mobile":{"background-color":"var(--ast-global-color-4)","background-image":"","background-repeat":"repeat","background-position":"center center","background-size":"auto","background-attachment":"scroll","background-type":"","background-media":"","overlay-type":"","overlay-color":"","overlay-opacity":"","overlay-gradient":""}},"footnotes":""},"categories":[29],"tags":[59],"class_list":["post-2325","post","type-post","status-publish","format-standard","hentry","category-interflora-academy","tag-adelfas-2"],"acf":[],"yoast_head":"<!-- This site is optimized with the Yoast SEO plugin v27.5 - https:\/\/yoast.com\/product\/yoast-seo-wordpress\/ -->\n<title>Adelfa: La flor del atardecer - El blog de Interflora : consejos, ideas e inspiraci\u00f3n para disfrutar de las flores y las plantas<\/title>\n<meta name=\"robots\" content=\"index, follow, max-snippet:-1, max-image-preview:large, max-video-preview:-1\" \/>\n<link rel=\"canonical\" href=\"https:\/\/www.interflora.es\/blog\/adelfa-la-flor-del-atardecer\/\" \/>\n<script type=\"application\/ld+json\" class=\"yoast-schema-graph\">{\"@context\":\"https:\\\/\\\/schema.org\",\"@graph\":[{\"@type\":\"Article\",\"@id\":\"https:\\\/\\\/www.interflora.es\\\/blog\\\/adelfa-la-flor-del-atardecer\\\/#article\",\"isPartOf\":{\"@id\":\"https:\\\/\\\/www.interflora.es\\\/blog\\\/adelfa-la-flor-del-atardecer\\\/\"},\"author\":{\"name\":\"celia\",\"@id\":\"https:\\\/\\\/www.interflora.es\\\/blog\\\/#\\\/schema\\\/person\\\/1f30f7794421f1232dc4b6bdd75ae829\"},\"headline\":\"Adelfa: La flor del atardecer\",\"datePublished\":\"2012-08-23T15:58:56+00:00\",\"mainEntityOfPage\":{\"@id\":\"https:\\\/\\\/www.interflora.es\\\/blog\\\/adelfa-la-flor-del-atardecer\\\/\"},\"wordCount\":376,\"commentCount\":0,\"publisher\":{\"@id\":\"https:\\\/\\\/www.interflora.es\\\/blog\\\/#organization\"},\"image\":{\"@id\":\"https:\\\/\\\/www.interflora.es\\\/blog\\\/adelfa-la-flor-del-atardecer\\\/#primaryimage\"},\"thumbnailUrl\":\"https:\\\/\\\/www.interflora.es\\\/blog\\\/wp-content\\\/uploads\\\/adelfas.jpg\",\"keywords\":[\"adelfas\"],\"articleSection\":[\"Interflora Academy\"],\"inLanguage\":\"es\",\"potentialAction\":[{\"@type\":\"CommentAction\",\"name\":\"Comment\",\"target\":[\"https:\\\/\\\/www.interflora.es\\\/blog\\\/adelfa-la-flor-del-atardecer\\\/#respond\"]}]},{\"@type\":\"WebPage\",\"@id\":\"https:\\\/\\\/www.interflora.es\\\/blog\\\/adelfa-la-flor-del-atardecer\\\/\",\"url\":\"https:\\\/\\\/www.interflora.es\\\/blog\\\/adelfa-la-flor-del-atardecer\\\/\",\"name\":\"Adelfa: La flor del atardecer - El blog de Interflora : consejos, ideas e inspiraci\u00f3n para disfrutar de las flores y las plantas\",\"isPartOf\":{\"@id\":\"https:\\\/\\\/www.interflora.es\\\/blog\\\/#website\"},\"primaryImageOfPage\":{\"@id\":\"https:\\\/\\\/www.interflora.es\\\/blog\\\/adelfa-la-flor-del-atardecer\\\/#primaryimage\"},\"image\":{\"@id\":\"https:\\\/\\\/www.interflora.es\\\/blog\\\/adelfa-la-flor-del-atardecer\\\/#primaryimage\"},\"thumbnailUrl\":\"https:\\\/\\\/www.interflora.es\\\/blog\\\/wp-content\\\/uploads\\\/adelfas.jpg\",\"datePublished\":\"2012-08-23T15:58:56+00:00\",\"breadcrumb\":{\"@id\":\"https:\\\/\\\/www.interflora.es\\\/blog\\\/adelfa-la-flor-del-atardecer\\\/#breadcrumb\"},\"inLanguage\":\"es\",\"potentialAction\":[{\"@type\":\"ReadAction\",\"target\":[\"https:\\\/\\\/www.interflora.es\\\/blog\\\/adelfa-la-flor-del-atardecer\\\/\"]}]},{\"@type\":\"ImageObject\",\"inLanguage\":\"es\",\"@id\":\"https:\\\/\\\/www.interflora.es\\\/blog\\\/adelfa-la-flor-del-atardecer\\\/#primaryimage\",\"url\":\"https:\\\/\\\/www.interflora.es\\\/blog\\\/wp-content\\\/uploads\\\/adelfas.jpg\",\"contentUrl\":\"https:\\\/\\\/www.interflora.es\\\/blog\\\/wp-content\\\/uploads\\\/adelfas.jpg\"},{\"@type\":\"BreadcrumbList\",\"@id\":\"https:\\\/\\\/www.interflora.es\\\/blog\\\/adelfa-la-flor-del-atardecer\\\/#breadcrumb\",\"itemListElement\":[{\"@type\":\"ListItem\",\"position\":1,\"name\":\"Home\",\"item\":\"https:\\\/\\\/www.interflora.es\\\/blog\\\/\"},{\"@type\":\"ListItem\",\"position\":2,\"name\":\"Adelfa: La flor del atardecer\"}]},{\"@type\":\"WebSite\",\"@id\":\"https:\\\/\\\/www.interflora.es\\\/blog\\\/#website\",\"url\":\"https:\\\/\\\/www.interflora.es\\\/blog\\\/\",\"name\":\"El blog de Interflora : consejos, ideas e inspiraci\u00f3n para disfrutar de las flores y las plantas\",\"description\":\"\",\"publisher\":{\"@id\":\"https:\\\/\\\/www.interflora.es\\\/blog\\\/#organization\"},\"potentialAction\":[{\"@type\":\"SearchAction\",\"target\":{\"@type\":\"EntryPoint\",\"urlTemplate\":\"https:\\\/\\\/www.interflora.es\\\/blog\\\/?s={search_term_string}\"},\"query-input\":{\"@type\":\"PropertyValueSpecification\",\"valueRequired\":true,\"valueName\":\"search_term_string\"}}],\"inLanguage\":\"es\"},{\"@type\":\"Organization\",\"@id\":\"https:\\\/\\\/www.interflora.es\\\/blog\\\/#organization\",\"name\":\"El blog de Interflora : consejos, ideas e inspiraci\u00f3n para disfrutar de las flores y las plantas\",\"url\":\"https:\\\/\\\/www.interflora.es\\\/blog\\\/\",\"logo\":{\"@type\":\"ImageObject\",\"inLanguage\":\"es\",\"@id\":\"https:\\\/\\\/www.interflora.es\\\/blog\\\/#\\\/schema\\\/logo\\\/image\\\/\",\"url\":\"https:\\\/\\\/www.interflora.es\\\/blog\\\/wp-content\\\/uploads\\\/2025\\\/10\\\/cropped-220422_INTERFLORA_Logo_rgb_Half_Top_Circle_Main_Color.png\",\"contentUrl\":\"https:\\\/\\\/www.interflora.es\\\/blog\\\/wp-content\\\/uploads\\\/2025\\\/10\\\/cropped-220422_INTERFLORA_Logo_rgb_Half_Top_Circle_Main_Color.png\",\"width\":1418,\"height\":659,\"caption\":\"El blog de Interflora : consejos, ideas e inspiraci\u00f3n para disfrutar de las flores y las plantas\"},\"image\":{\"@id\":\"https:\\\/\\\/www.interflora.es\\\/blog\\\/#\\\/schema\\\/logo\\\/image\\\/\"}},{\"@type\":\"Person\",\"@id\":\"https:\\\/\\\/www.interflora.es\\\/blog\\\/#\\\/schema\\\/person\\\/1f30f7794421f1232dc4b6bdd75ae829\",\"name\":\"celia\",\"image\":{\"@type\":\"ImageObject\",\"inLanguage\":\"es\",\"@id\":\"https:\\\/\\\/www.interflora.es\\\/blog\\\/wp-content\\\/litespeed\\\/avatar\\\/f906d3ce098bd9b4e84d1b71d27d54af.jpg?ver=1777298586\",\"url\":\"https:\\\/\\\/www.interflora.es\\\/blog\\\/wp-content\\\/litespeed\\\/avatar\\\/f906d3ce098bd9b4e84d1b71d27d54af.jpg?ver=1777298586\",\"contentUrl\":\"https:\\\/\\\/www.interflora.es\\\/blog\\\/wp-content\\\/litespeed\\\/avatar\\\/f906d3ce098bd9b4e84d1b71d27d54af.jpg?ver=1777298586\",\"caption\":\"celia\"}}]}<\/script>\n<!-- \/ Yoast SEO plugin. -->","yoast_head_json":{"title":"Adelfa: La flor del atardecer - El blog de Interflora : consejos, ideas e inspiraci\u00f3n para disfrutar de las flores y las plantas","robots":{"index":"index","follow":"follow","max-snippet":"max-snippet:-1","max-image-preview":"max-image-preview:large","max-video-preview":"max-video-preview:-1"},"canonical":"https:\/\/www.interflora.es\/blog\/adelfa-la-flor-del-atardecer\/","schema":{"@context":"https:\/\/schema.org","@graph":[{"@type":"Article","@id":"https:\/\/www.interflora.es\/blog\/adelfa-la-flor-del-atardecer\/#article","isPartOf":{"@id":"https:\/\/www.interflora.es\/blog\/adelfa-la-flor-del-atardecer\/"},"author":{"name":"celia","@id":"https:\/\/www.interflora.es\/blog\/#\/schema\/person\/1f30f7794421f1232dc4b6bdd75ae829"},"headline":"Adelfa: La flor del atardecer","datePublished":"2012-08-23T15:58:56+00:00","mainEntityOfPage":{"@id":"https:\/\/www.interflora.es\/blog\/adelfa-la-flor-del-atardecer\/"},"wordCount":376,"commentCount":0,"publisher":{"@id":"https:\/\/www.interflora.es\/blog\/#organization"},"image":{"@id":"https:\/\/www.interflora.es\/blog\/adelfa-la-flor-del-atardecer\/#primaryimage"},"thumbnailUrl":"https:\/\/www.interflora.es\/blog\/wp-content\/uploads\/adelfas.jpg","keywords":["adelfas"],"articleSection":["Interflora Academy"],"inLanguage":"es","potentialAction":[{"@type":"CommentAction","name":"Comment","target":["https:\/\/www.interflora.es\/blog\/adelfa-la-flor-del-atardecer\/#respond"]}]},{"@type":"WebPage","@id":"https:\/\/www.interflora.es\/blog\/adelfa-la-flor-del-atardecer\/","url":"https:\/\/www.interflora.es\/blog\/adelfa-la-flor-del-atardecer\/","name":"Adelfa: La flor del atardecer - El blog de Interflora : consejos, ideas e inspiraci\u00f3n para disfrutar de las flores y las plantas","isPartOf":{"@id":"https:\/\/www.interflora.es\/blog\/#website"},"primaryImageOfPage":{"@id":"https:\/\/www.interflora.es\/blog\/adelfa-la-flor-del-atardecer\/#primaryimage"},"image":{"@id":"https:\/\/www.interflora.es\/blog\/adelfa-la-flor-del-atardecer\/#primaryimage"},"thumbnailUrl":"https:\/\/www.interflora.es\/blog\/wp-content\/uploads\/adelfas.jpg","datePublished":"2012-08-23T15:58:56+00:00","breadcrumb":{"@id":"https:\/\/www.interflora.es\/blog\/adelfa-la-flor-del-atardecer\/#breadcrumb"},"inLanguage":"es","potentialAction":[{"@type":"ReadAction","target":["https:\/\/www.interflora.es\/blog\/adelfa-la-flor-del-atardecer\/"]}]},{"@type":"ImageObject","inLanguage":"es","@id":"https:\/\/www.interflora.es\/blog\/adelfa-la-flor-del-atardecer\/#primaryimage","url":"https:\/\/www.interflora.es\/blog\/wp-content\/uploads\/adelfas.jpg","contentUrl":"https:\/\/www.interflora.es\/blog\/wp-content\/uploads\/adelfas.jpg"},{"@type":"BreadcrumbList","@id":"https:\/\/www.interflora.es\/blog\/adelfa-la-flor-del-atardecer\/#breadcrumb","itemListElement":[{"@type":"ListItem","position":1,"name":"Home","item":"https:\/\/www.interflora.es\/blog\/"},{"@type":"ListItem","position":2,"name":"Adelfa: La flor del atardecer"}]},{"@type":"WebSite","@id":"https:\/\/www.interflora.es\/blog\/#website","url":"https:\/\/www.interflora.es\/blog\/","name":"El blog de Interflora : consejos, ideas e inspiraci\u00f3n para disfrutar de las flores y las plantas","description":"","publisher":{"@id":"https:\/\/www.interflora.es\/blog\/#organization"},"potentialAction":[{"@type":"SearchAction","target":{"@type":"EntryPoint","urlTemplate":"https:\/\/www.interflora.es\/blog\/?s={search_term_string}"},"query-input":{"@type":"PropertyValueSpecification","valueRequired":true,"valueName":"search_term_string"}}],"inLanguage":"es"},{"@type":"Organization","@id":"https:\/\/www.interflora.es\/blog\/#organization","name":"El blog de Interflora : consejos, ideas e inspiraci\u00f3n para disfrutar de las flores y las plantas","url":"https:\/\/www.interflora.es\/blog\/","logo":{"@type":"ImageObject","inLanguage":"es","@id":"https:\/\/www.interflora.es\/blog\/#\/schema\/logo\/image\/","url":"https:\/\/www.interflora.es\/blog\/wp-content\/uploads\/2025\/10\/cropped-220422_INTERFLORA_Logo_rgb_Half_Top_Circle_Main_Color.png","contentUrl":"https:\/\/www.interflora.es\/blog\/wp-content\/uploads\/2025\/10\/cropped-220422_INTERFLORA_Logo_rgb_Half_Top_Circle_Main_Color.png","width":1418,"height":659,"caption":"El blog de Interflora : consejos, ideas e inspiraci\u00f3n para disfrutar de las flores y las plantas"},"image":{"@id":"https:\/\/www.interflora.es\/blog\/#\/schema\/logo\/image\/"}},{"@type":"Person","@id":"https:\/\/www.interflora.es\/blog\/#\/schema\/person\/1f30f7794421f1232dc4b6bdd75ae829","name":"celia","image":{"@type":"ImageObject","inLanguage":"es","@id":"https:\/\/www.interflora.es\/blog\/wp-content\/litespeed\/avatar\/f906d3ce098bd9b4e84d1b71d27d54af.jpg?ver=1777298586","url":"https:\/\/www.interflora.es\/blog\/wp-content\/litespeed\/avatar\/f906d3ce098bd9b4e84d1b71d27d54af.jpg?ver=1777298586","contentUrl":"https:\/\/www.interflora.es\/blog\/wp-content\/litespeed\/avatar\/f906d3ce098bd9b4e84d1b71d27d54af.jpg?ver=1777298586","caption":"celia"}}]}},"uagb_featured_image_src":{"full":false,"thumbnail":false,"medium":false,"medium_large":false,"large":false,"1536x1536":false,"2048x2048":false},"uagb_author_info":{"display_name":"celia","author_link":"https:\/\/www.interflora.es\/blog\/author\/celia\/"},"uagb_comment_info":0,"uagb_excerpt":"Las habr\u00e9is encontrado en los paseos al atardecer por las playas de levante. Originariamente se encontraba en una amplia zona [&hellip;]","_links":{"self":[{"href":"https:\/\/www.interflora.es\/blog\/wp-json\/wp\/v2\/posts\/2325","targetHints":{"allow":["GET"]}}],"collection":[{"href":"https:\/\/www.interflora.es\/blog\/wp-json\/wp\/v2\/posts"}],"about":[{"href":"https:\/\/www.interflora.es\/blog\/wp-json\/wp\/v2\/types\/post"}],"author":[{"embeddable":true,"href":"https:\/\/www.interflora.es\/blog\/wp-json\/wp\/v2\/users\/8"}],"replies":[{"embeddable":true,"href":"https:\/\/www.interflora.es\/blog\/wp-json\/wp\/v2\/comments?post=2325"}],"version-history":[{"count":0,"href":"https:\/\/www.interflora.es\/blog\/wp-json\/wp\/v2\/posts\/2325\/revisions"}],"wp:attachment":[{"href":"https:\/\/www.interflora.es\/blog\/wp-json\/wp\/v2\/media?parent=2325"}],"wp:term":[{"taxonomy":"category","embeddable":true,"href":"https:\/\/www.interflora.es\/blog\/wp-json\/wp\/v2\/categories?post=2325"},{"taxonomy":"post_tag","embeddable":true,"href":"https:\/\/www.interflora.es\/blog\/wp-json\/wp\/v2\/tags?post=2325"}],"curies":[{"name":"wp","href":"https:\/\/api.w.org\/{rel}","templated":true}]}}