{"id":22818,"date":"2024-06-26T12:11:26","date_gmt":"2024-06-26T10:11:26","guid":{"rendered":"https:\/\/www.interflora.es\/blog\/?p=22818"},"modified":"2024-06-26T12:11:26","modified_gmt":"2024-06-26T10:11:26","slug":"invitacion-de-cumpleanos-diy","status":"publish","type":"post","link":"https:\/\/www.interflora.es\/blog\/invitacion-de-cumpleanos-diy\/","title":{"rendered":"C\u00f3mo hacer invitaciones de cumplea\u00f1os bonitas y divertidas"},"content":{"rendered":"\n<p>Cumplir un a\u00f1o m\u00e1s es un evento especial que siempre hay que celebrar. Pese a lo que podamos pensar, celebrar un cumplea\u00f1os siempre es positivo, tengas la edad que tengas. Por eso, hacer una fiesta de cumplea\u00f1os con tus seres queridos es una idea estupenda para dar gracias a la vida. Si eres de los que cada a\u00f1o celebran su cumplea\u00f1os por todo lo alto, o de aquellos que han decidido que este a\u00f1o es especial, aqu\u00ed te damos ideas para que puedas hacer invitaciones de cumplea\u00f1os bonitas y divertidas para todos tus invitados. \u00a1Ponte manos a la obra!<\/p>\n\n\n\n<h2 class=\"wp-block-heading alignwide\"><strong>Invitaci\u00f3n de cumplea\u00f1os para ni\u00f1os y adolescentes<\/strong><\/h2>\n\n\n\n<p>Si hay un momento en la vida en el que cumplir a\u00f1os es algo fant\u00e1stico, es cuando somos ni\u00f1os. Para los m\u00e1s peque\u00f1os de la casa, cumplir un a\u00f1o es s\u00edmbolo de fiestas, de golosinas, de amigos, de una tarta\u2026 \u00a1y no olvidemos los regalos! Los cumplea\u00f1os de adolescentes son s\u00edmbolo de un paso m\u00e1s hacia la independencia. Las primeras fiestas entre amigos, sin padres ni madres \u201cpesados\u201d, son siempre muy especiales. Por eso, hacer invitaciones de cumplea\u00f1os para ni\u00f1os y adolescentes con ellos\/as es una idea estupenda para empezar a crear esa atm\u00f3sfera que tanto les gusta.&nbsp;<\/p>\n\n\n\n<figure class=\"wp-block-image aligncenter size-large is-resized\"><img decoding=\"async\" src=\"https:\/\/www.interflora.es\/blog\/wp-content\/uploads\/invitaciones-DIY-1024x694.jpeg\" alt=\"Invitaci\u00f3n de cumplea\u00f1os ni\u00f1os\" class=\"wp-image-22825\" style=\"width:758px;height:auto\"\/><\/figure>\n\n\n\n<h3 class=\"wp-block-heading alignwide\" style=\"margin-top:var(--wp--preset--spacing--20);margin-bottom:var(--wp--preset--spacing--20);padding-top:var(--wp--preset--spacing--20);padding-bottom:var(--wp--preset--spacing--20)\"><strong>\u00bfC\u00f3mo hacer invitaciones de cumplea\u00f1os originales?<\/strong><\/h3>\n\n\n\n<p>A los ni\u00f1os les encanta entregar a sus amigos las tarjetas de invitaci\u00f3n de su cumplea\u00f1os. Pod\u00e9is pensar en una tem\u00e1tica infantil para el cumplea\u00f1os: princesas, piratas, dinosaurios, superh\u00e9roes\u2026 \u00a1fiesta disco! Si no ten\u00e9is una idea precisa, no pasa nada. Un cumplea\u00f1os sin tema es tambi\u00e9n una fiesta perfecta, \u00a1lo importante es que se diviertan! Para hacer invitaciones de cumplea\u00f1os para fiestas de ni\u00f1os o adolescentes necesitar\u00e1s muy pocos materiales:<\/p>\n\n\n\n<ul class=\"wp-block-list\">\n<li>Cartulinas de colores<\/li>\n\n\n\n<li>Rollos de papel adhesivo decorado, estrellas brillantes u otras decoraciones<\/li>\n\n\n\n<li>Etiquetas y papeles de colores<\/li>\n\n\n\n<li>Tijeras<\/li>\n\n\n\n<li>Pegamento<\/li>\n<\/ul>\n\n\n\n<p>Elige el tipo de invitaci\u00f3n que te gustar\u00eda hacer. Si tienes una tem\u00e1tica, la invitaci\u00f3n debe reflejar el tema. Por ejemplo, si tu hijo\/a quiere hacer un cumplea\u00f1os con el tema f\u00fatbol, puedes hacer una invitaci\u00f3n de cumplea\u00f1os con forma de bal\u00f3n y a\u00f1adir frases de invitaci\u00f3n que hagan alusi\u00f3n a un partido de f\u00fatbol. Si a tus hijos\/as le encantan las flores, puedes hacer una invitaci\u00f3n con <a href=\"https:\/\/www.interflora.es\/blog\/como-hacer-claveles-de-papel-para-decorar-o-regalar\/\">flores de manualidades<\/a> y poner frases que tengan una relaci\u00f3n con las flores en la tarjeta.<\/p>\n\n\n\n<div style=\"height:5px\" aria-hidden=\"true\" class=\"wp-block-spacer\"><\/div>\n\n\n<div class=\"lp-produits-grid\"><div class=\"lp-produit\"><div class=\"lp-thumbnail-wrapper\"><img loading=\"lazy\" decoding=\"async\" width=\"300\" height=\"300\" src=\"https:\/\/www.interflora.es\/blog\/wp-content\/uploads\/2025\/11\/Capture-decran-2026-02-04-121916-300x300.png\" class=\"attachment-medium size-medium wp-post-image\" alt=\"\" srcset=\"https:\/\/www.interflora.es\/blog\/wp-content\/uploads\/2025\/11\/Capture-decran-2026-02-04-121916-300x300.png 300w, https:\/\/www.interflora.es\/blog\/wp-content\/uploads\/2025\/11\/Capture-decran-2026-02-04-121916-150x150.png 150w, https:\/\/www.interflora.es\/blog\/wp-content\/uploads\/2025\/11\/Capture-decran-2026-02-04-121916.png 647w\" sizes=\"auto, (max-width: 300px) 100vw, 300px\" \/><img decoding=\"async\" class=\"lp-badge\" src=\"https:\/\/prodblog.interflora.es\/blog\/wp-content\/uploads\/2025\/04\/220422_INTERFLORA_Main_Logo_rgb_Main_Color.png\" alt=\"Entrega r\u00e1pida\"><\/div><span>Peque\u00f1o Sol<\/span><p>27.99 \u20ac<\/p><span class=\"obf-link lp-cta\" role=\"link\" tabindex=\"0\" data-b64=\"aHR0cHM6Ly93d3cuaW50ZXJmbG9yYS5lcy9wL3JhbW8tZGUtZmxvcmVzLWFtYXJpbGxhcy12YXJpYWRhcy8xP3V0bV9tZWRpdW09b3JnYW5pYyZ1dG1fc291cmNlPWJsb2dfcHJvZHVjdHMmdXRtX2NhbXBhaWduPUZGMTQ4\" data-target=\"_blank\"><svg xmlns=\"http:\/\/www.w3.org\/2000\/svg\" width=\"16\" height=\"16\" fill=\"currentColor\" class=\"bi bi-bag\" viewBox=\"0 0 16 16\"><path d=\"M8 1a2 2 0 0 1 2 2v1h2.5A1.5 1.5 0 0 1 14 5.5v8A1.5 1.5 0 0 1 12.5 15h-9A1.5 1.5 0 0 1 2 13.5v-8A1.5 1.5 0 0 1 3.5 3H6V2a2 2 0 0 1 2-1zm1 3V3a1 1 0 0 0-2 0v1h2z\"\/><\/svg>Comprar<\/span><p class=\"rapido\">Flores y plantas frescas<\/p><\/div><div class=\"lp-produit\"><div class=\"lp-thumbnail-wrapper\"><img loading=\"lazy\" decoding=\"async\" width=\"300\" height=\"300\" src=\"https:\/\/www.interflora.es\/blog\/wp-content\/uploads\/2025\/04\/1674815076-monstera_pg0055_deco-2-300x300.jpg\" class=\"attachment-medium size-medium wp-post-image\" alt=\"\" srcset=\"https:\/\/www.interflora.es\/blog\/wp-content\/uploads\/2025\/04\/1674815076-monstera_pg0055_deco-2-300x300.jpg 300w, https:\/\/www.interflora.es\/blog\/wp-content\/uploads\/2025\/04\/1674815076-monstera_pg0055_deco-2-1024x1024.jpg 1024w, https:\/\/www.interflora.es\/blog\/wp-content\/uploads\/2025\/04\/1674815076-monstera_pg0055_deco-2-150x150.jpg 150w, https:\/\/www.interflora.es\/blog\/wp-content\/uploads\/2025\/04\/1674815076-monstera_pg0055_deco-2-768x768.jpg 768w, https:\/\/www.interflora.es\/blog\/wp-content\/uploads\/2025\/04\/1674815076-monstera_pg0055_deco-2.jpg 1500w\" sizes=\"auto, (max-width: 300px) 100vw, 300px\" \/><img decoding=\"async\" class=\"lp-badge\" src=\"https:\/\/prodblog.interflora.es\/blog\/wp-content\/uploads\/2025\/04\/220422_INTERFLORA_Main_Logo_rgb_Main_Color.png\" alt=\"Entrega r\u00e1pida\"><\/div><span>Monstera Deliciosa &#8211; Costilla de Ad\u00e1n<\/span><p>29.99 \u20ac<\/p><span class=\"obf-link lp-cta\" role=\"link\" tabindex=\"0\" data-b64=\"aHR0cHM6Ly93d3cuaW50ZXJmbG9yYS5lcy9wL21vbnN0ZXJhLzE\/dXRtX21lZGl1bT1vcmdhbmljJnV0bV9zb3VyY2U9YmxvZ19wcm9kdWN0cyZ1dG1fY2FtcGFpZ249UEcwMDU1\" data-target=\"_blank\"><svg xmlns=\"http:\/\/www.w3.org\/2000\/svg\" width=\"16\" height=\"16\" fill=\"currentColor\" class=\"bi bi-bag\" viewBox=\"0 0 16 16\"><path d=\"M8 1a2 2 0 0 1 2 2v1h2.5A1.5 1.5 0 0 1 14 5.5v8A1.5 1.5 0 0 1 12.5 15h-9A1.5 1.5 0 0 1 2 13.5v-8A1.5 1.5 0 0 1 3.5 3H6V2a2 2 0 0 1 2-1zm1 3V3a1 1 0 0 0-2 0v1h2z\"\/><\/svg>Comprar<\/span><p class=\"rapido\">Flores y plantas elegidas con mimo<\/p><\/div><div class=\"lp-produit\"><div class=\"lp-thumbnail-wrapper\"><img loading=\"lazy\" decoding=\"async\" width=\"300\" height=\"300\" src=\"https:\/\/www.interflora.es\/blog\/wp-content\/uploads\/2025\/04\/1734353451-f0270-m-key-2-300x300.jpg\" class=\"attachment-medium size-medium wp-post-image\" alt=\"\" srcset=\"https:\/\/www.interflora.es\/blog\/wp-content\/uploads\/2025\/04\/1734353451-f0270-m-key-2-300x300.jpg 300w, https:\/\/www.interflora.es\/blog\/wp-content\/uploads\/2025\/04\/1734353451-f0270-m-key-2-1024x1024.jpg 1024w, https:\/\/www.interflora.es\/blog\/wp-content\/uploads\/2025\/04\/1734353451-f0270-m-key-2-150x150.jpg 150w, https:\/\/www.interflora.es\/blog\/wp-content\/uploads\/2025\/04\/1734353451-f0270-m-key-2-768x768.jpg 768w, https:\/\/www.interflora.es\/blog\/wp-content\/uploads\/2025\/04\/1734353451-f0270-m-key-2.jpg 1200w\" sizes=\"auto, (max-width: 300px) 100vw, 300px\" \/><img decoding=\"async\" class=\"lp-badge\" src=\"https:\/\/prodblog.interflora.es\/blog\/wp-content\/uploads\/2025\/04\/220422_INTERFLORA_Main_Logo_rgb_Main_Color.png\" alt=\"Entrega r\u00e1pida\"><\/div><span>Conexi\u00f3n floral<\/span><p>49.99 \u20ac<\/p><span class=\"obf-link lp-cta\" role=\"link\" tabindex=\"0\" data-b64=\"aHR0cHM6Ly93d3cuaW50ZXJmbG9yYS5lcy9wL3F1ZXJpZGEtbWFtYS8xP3V0bV9tZWRpdW09b3JnYW5pYyZ1dG1fc291cmNlPWJsb2dfcHJvZHVjdHMmdXRtX2NhbXBhaWduPUYwMjcw\" data-target=\"_blank\"><svg xmlns=\"http:\/\/www.w3.org\/2000\/svg\" width=\"16\" height=\"16\" fill=\"currentColor\" class=\"bi bi-bag\" viewBox=\"0 0 16 16\"><path d=\"M8 1a2 2 0 0 1 2 2v1h2.5A1.5 1.5 0 0 1 14 5.5v8A1.5 1.5 0 0 1 12.5 15h-9A1.5 1.5 0 0 1 2 13.5v-8A1.5 1.5 0 0 1 3.5 3H6V2a2 2 0 0 1 2-1zm1 3V3a1 1 0 0 0-2 0v1h2z\"\/><\/svg>Comprar<\/span><p class=\"rapido\">Flores y plantas elegidas con mimo<\/p><\/div><div class=\"lp-produit\"><div class=\"lp-thumbnail-wrapper\"><img loading=\"lazy\" decoding=\"async\" width=\"300\" height=\"300\" src=\"https:\/\/www.interflora.es\/blog\/wp-content\/uploads\/2025\/04\/1738656685-fwd009-m-key-zoomed-2-300x300.jpg\" class=\"attachment-medium size-medium wp-post-image\" alt=\"\" srcset=\"https:\/\/www.interflora.es\/blog\/wp-content\/uploads\/2025\/04\/1738656685-fwd009-m-key-zoomed-2-300x300.jpg 300w, https:\/\/www.interflora.es\/blog\/wp-content\/uploads\/2025\/04\/1738656685-fwd009-m-key-zoomed-2-1024x1024.jpg 1024w, https:\/\/www.interflora.es\/blog\/wp-content\/uploads\/2025\/04\/1738656685-fwd009-m-key-zoomed-2-150x150.jpg 150w, https:\/\/www.interflora.es\/blog\/wp-content\/uploads\/2025\/04\/1738656685-fwd009-m-key-zoomed-2-768x768.jpg 768w, https:\/\/www.interflora.es\/blog\/wp-content\/uploads\/2025\/04\/1738656685-fwd009-m-key-zoomed-2-1536x1536.jpg 1536w, https:\/\/www.interflora.es\/blog\/wp-content\/uploads\/2025\/04\/1738656685-fwd009-m-key-zoomed-2.jpg 1991w\" sizes=\"auto, (max-width: 300px) 100vw, 300px\" \/><img decoding=\"async\" class=\"lp-badge\" src=\"https:\/\/prodblog.interflora.es\/blog\/wp-content\/uploads\/2025\/04\/220422_INTERFLORA_Main_Logo_rgb_Main_Color.png\" alt=\"Entrega r\u00e1pida\"><\/div><span>Floral Kiss<\/span><p>29.99 \u20ac<\/p><span class=\"obf-link lp-cta\" role=\"link\" tabindex=\"0\" data-b64=\"aHR0cHM6Ly93d3cuaW50ZXJmbG9yYS5lcy9wL2Zsb3JhbC1raXNzLzE\/dXRtX21lZGl1bT1vcmdhbmljJnV0bV9zb3VyY2U9YmxvZ19wcm9kdWN0cyZ1dG1fY2FtcGFpZ249RldEMDA5\" data-target=\"_blank\"><svg xmlns=\"http:\/\/www.w3.org\/2000\/svg\" width=\"16\" height=\"16\" fill=\"currentColor\" class=\"bi bi-bag\" viewBox=\"0 0 16 16\"><path d=\"M8 1a2 2 0 0 1 2 2v1h2.5A1.5 1.5 0 0 1 14 5.5v8A1.5 1.5 0 0 1 12.5 15h-9A1.5 1.5 0 0 1 2 13.5v-8A1.5 1.5 0 0 1 3.5 3H6V2a2 2 0 0 1 2-1zm1 3V3a1 1 0 0 0-2 0v1h2z\"\/><\/svg>Comprar<\/span><p class=\"rapido\">Selecci\u00f3n Interflora<\/p><\/div><\/div>\n\n\n\n<div style=\"height:5px\" aria-hidden=\"true\" class=\"wp-block-spacer\"><\/div>\n\n\n\n<h3 class=\"wp-block-heading alignwide\"><strong>Frases para invitaciones de cumplea\u00f1os de ni\u00f1os y adolescentes<\/strong><\/h3>\n\n\n\n<p>Las invitaciones de cumplea\u00f1os tienen que llevar todas las informaciones sobre el evento: <strong>lugar, d\u00eda, hora y tem\u00e1tica<\/strong> (si la hay). No olvides pedir confirmaci\u00f3n de la asistencia del ni\u00f1o\/a dando tu contacto en las tarjetas. A esto puedes a\u00f1adir una frase infantil divertida o simp\u00e1tica:<\/p>\n\n\n\n<ul class=\"wp-block-list\">\n<li><em>He invitado a todos los superh\u00e9roes del cole a mi cumplea\u00f1os, ya solo faltas t\u00fa: \u00a1te espero para celebrar la fiesta de los superpoderes!<\/em><\/li>\n\n\n\n<li><em>El mejor equipo de mundo te necesita para celebrar una fiesta. Te invito a mi casa para el partido de las estrellas, \u00a1mi cumplea\u00f1os!<\/em><\/li>\n\n\n\n<li><em>\u00bfQuieres venir a mi cumple? \u00a1Pues genial! Atenci\u00f3n: habr\u00e1 globos, gominolas, un pastel y muchas sorpresas. \u00a1Te espero para soplar mis 7 velas!<\/em><\/li>\n<\/ul>\n\n\n\n<h2 class=\"wp-block-heading alignwide\"><strong>Invitaci\u00f3n de cumplea\u00f1os para adultos divertidos<\/strong><\/h2>\n\n\n\n<p>Una buena fiesta comienza con la invitaci\u00f3n. Si ya has decidido qu\u00e9 tipo de fiesta quieres hacer, cu\u00e1ndo y d\u00f3nde, ponte manos a la obra para que tus invitados puedan reservar ese d\u00eda tan especial en sus agendas. Si te gustan las manualidades, puedes hacer invitaciones de cumplea\u00f1os para adultos t\u00fa mismo\/a. Como para las invitaciones para cumplea\u00f1os de los m\u00e1s peque\u00f1os, puedes usar materiales simples y echar mano a tu creatividad. Si quieres organizar una fiesta sorpresa a alguien, no dudes en pedir discreci\u00f3n a los invitados en la invitaci\u00f3n para que tu fiesta sea todo un \u00e9xito.&nbsp;<\/p>\n\n\n\n<figure class=\"wp-block-image aligncenter size-large is-resized\"><img loading=\"lazy\" decoding=\"async\" width=\"1024\" height=\"711\" src=\"https:\/\/www.interflora.es\/blog\/wp-content\/uploads\/invitacion-cumple-tarjeta-1024x711.jpg\" alt=\"Invitaci\u00f3n de cumplea\u00f1os adultos\" class=\"wp-image-22827\" style=\"width:758px\"\/><\/figure>\n\n\n\n<h3 class=\"wp-block-heading alignwide\" style=\"margin-top:var(--wp--preset--spacing--20);margin-bottom:var(--wp--preset--spacing--20);padding-top:var(--wp--preset--spacing--30);padding-bottom:var(--wp--preset--spacing--30)\"><strong>\u00bfC\u00f3mo hacer invitaciones de cumplea\u00f1os para adultos?<\/strong><\/h3>\n\n\n\n<p>Puedes recurrir a las t\u00e9cnicas manuales (hay miles de ideas y de plantillas en Internet) y enviar tus invitaciones de cumplea\u00f1os por correo, o utilizar las nuevas tecnolog\u00edas para hacer una tarjeta digital y enviarla por mail, WhatsApp u otro medio. Hay muchas plataformas gratuitas online que permiten la descarga de plantillas y en las que puedes personalizar tus propias invitaciones de cumplea\u00f1os, como Canva, Adobe o Visme, entre muchas otras. Busca la que mejor se adapte a lo que quieres y crea tu invitaci\u00f3n en tan solo unos clics.&nbsp;<\/p>\n\n\n\n<div style=\"height:5px\" aria-hidden=\"true\" class=\"wp-block-spacer\"><\/div>\n\n\n<div class=\"lp-produits-grid\"><div class=\"lp-produit\"><div class=\"lp-thumbnail-wrapper\"><img loading=\"lazy\" decoding=\"async\" width=\"300\" height=\"300\" src=\"https:\/\/www.interflora.es\/blog\/wp-content\/uploads\/2025\/11\/Capture-decran-2026-02-04-121916-300x300.png\" class=\"attachment-medium size-medium wp-post-image\" alt=\"\" srcset=\"https:\/\/www.interflora.es\/blog\/wp-content\/uploads\/2025\/11\/Capture-decran-2026-02-04-121916-300x300.png 300w, https:\/\/www.interflora.es\/blog\/wp-content\/uploads\/2025\/11\/Capture-decran-2026-02-04-121916-150x150.png 150w, https:\/\/www.interflora.es\/blog\/wp-content\/uploads\/2025\/11\/Capture-decran-2026-02-04-121916.png 647w\" sizes=\"auto, (max-width: 300px) 100vw, 300px\" \/><img decoding=\"async\" class=\"lp-badge\" src=\"https:\/\/prodblog.interflora.es\/blog\/wp-content\/uploads\/2025\/04\/220422_INTERFLORA_Main_Logo_rgb_Main_Color.png\" alt=\"Entrega r\u00e1pida\"><\/div><span>Peque\u00f1o Sol<\/span><p>27.99 \u20ac<\/p><span class=\"obf-link lp-cta\" role=\"link\" tabindex=\"0\" data-b64=\"aHR0cHM6Ly93d3cuaW50ZXJmbG9yYS5lcy9wL3JhbW8tZGUtZmxvcmVzLWFtYXJpbGxhcy12YXJpYWRhcy8xP3V0bV9tZWRpdW09b3JnYW5pYyZ1dG1fc291cmNlPWJsb2dfcHJvZHVjdHMmdXRtX2NhbXBhaWduPUZGMTQ4\" data-target=\"_blank\"><svg xmlns=\"http:\/\/www.w3.org\/2000\/svg\" width=\"16\" height=\"16\" fill=\"currentColor\" class=\"bi bi-bag\" viewBox=\"0 0 16 16\"><path d=\"M8 1a2 2 0 0 1 2 2v1h2.5A1.5 1.5 0 0 1 14 5.5v8A1.5 1.5 0 0 1 12.5 15h-9A1.5 1.5 0 0 1 2 13.5v-8A1.5 1.5 0 0 1 3.5 3H6V2a2 2 0 0 1 2-1zm1 3V3a1 1 0 0 0-2 0v1h2z\"\/><\/svg>Comprar<\/span><p class=\"rapido\">Flores y plantas frescas<\/p><\/div><div class=\"lp-produit\"><div class=\"lp-thumbnail-wrapper\"><img loading=\"lazy\" decoding=\"async\" width=\"300\" height=\"300\" src=\"https:\/\/www.interflora.es\/blog\/wp-content\/uploads\/2025\/04\/1674815076-monstera_pg0055_deco-2-300x300.jpg\" class=\"attachment-medium size-medium wp-post-image\" alt=\"\" srcset=\"https:\/\/www.interflora.es\/blog\/wp-content\/uploads\/2025\/04\/1674815076-monstera_pg0055_deco-2-300x300.jpg 300w, https:\/\/www.interflora.es\/blog\/wp-content\/uploads\/2025\/04\/1674815076-monstera_pg0055_deco-2-1024x1024.jpg 1024w, https:\/\/www.interflora.es\/blog\/wp-content\/uploads\/2025\/04\/1674815076-monstera_pg0055_deco-2-150x150.jpg 150w, https:\/\/www.interflora.es\/blog\/wp-content\/uploads\/2025\/04\/1674815076-monstera_pg0055_deco-2-768x768.jpg 768w, https:\/\/www.interflora.es\/blog\/wp-content\/uploads\/2025\/04\/1674815076-monstera_pg0055_deco-2.jpg 1500w\" sizes=\"auto, (max-width: 300px) 100vw, 300px\" \/><img decoding=\"async\" class=\"lp-badge\" src=\"https:\/\/prodblog.interflora.es\/blog\/wp-content\/uploads\/2025\/04\/220422_INTERFLORA_Main_Logo_rgb_Main_Color.png\" alt=\"Entrega r\u00e1pida\"><\/div><span>Monstera Deliciosa &#8211; Costilla de Ad\u00e1n<\/span><p>29.99 \u20ac<\/p><span class=\"obf-link lp-cta\" role=\"link\" tabindex=\"0\" data-b64=\"aHR0cHM6Ly93d3cuaW50ZXJmbG9yYS5lcy9wL21vbnN0ZXJhLzE\/dXRtX21lZGl1bT1vcmdhbmljJnV0bV9zb3VyY2U9YmxvZ19wcm9kdWN0cyZ1dG1fY2FtcGFpZ249UEcwMDU1\" data-target=\"_blank\"><svg xmlns=\"http:\/\/www.w3.org\/2000\/svg\" width=\"16\" height=\"16\" fill=\"currentColor\" class=\"bi bi-bag\" viewBox=\"0 0 16 16\"><path d=\"M8 1a2 2 0 0 1 2 2v1h2.5A1.5 1.5 0 0 1 14 5.5v8A1.5 1.5 0 0 1 12.5 15h-9A1.5 1.5 0 0 1 2 13.5v-8A1.5 1.5 0 0 1 3.5 3H6V2a2 2 0 0 1 2-1zm1 3V3a1 1 0 0 0-2 0v1h2z\"\/><\/svg>Comprar<\/span><p class=\"rapido\">Atenci\u00f3n al cliente siempre disponible<\/p><\/div><div class=\"lp-produit\"><div class=\"lp-thumbnail-wrapper\"><img loading=\"lazy\" decoding=\"async\" width=\"300\" height=\"300\" src=\"https:\/\/www.interflora.es\/blog\/wp-content\/uploads\/2025\/04\/1734353451-f0270-m-key-2-300x300.jpg\" class=\"attachment-medium size-medium wp-post-image\" alt=\"\" srcset=\"https:\/\/www.interflora.es\/blog\/wp-content\/uploads\/2025\/04\/1734353451-f0270-m-key-2-300x300.jpg 300w, https:\/\/www.interflora.es\/blog\/wp-content\/uploads\/2025\/04\/1734353451-f0270-m-key-2-1024x1024.jpg 1024w, https:\/\/www.interflora.es\/blog\/wp-content\/uploads\/2025\/04\/1734353451-f0270-m-key-2-150x150.jpg 150w, https:\/\/www.interflora.es\/blog\/wp-content\/uploads\/2025\/04\/1734353451-f0270-m-key-2-768x768.jpg 768w, https:\/\/www.interflora.es\/blog\/wp-content\/uploads\/2025\/04\/1734353451-f0270-m-key-2.jpg 1200w\" sizes=\"auto, (max-width: 300px) 100vw, 300px\" \/><img decoding=\"async\" class=\"lp-badge\" src=\"https:\/\/prodblog.interflora.es\/blog\/wp-content\/uploads\/2025\/04\/220422_INTERFLORA_Main_Logo_rgb_Main_Color.png\" alt=\"Entrega r\u00e1pida\"><\/div><span>Conexi\u00f3n floral<\/span><p>49.99 \u20ac<\/p><span class=\"obf-link lp-cta\" role=\"link\" tabindex=\"0\" data-b64=\"aHR0cHM6Ly93d3cuaW50ZXJmbG9yYS5lcy9wL3F1ZXJpZGEtbWFtYS8xP3V0bV9tZWRpdW09b3JnYW5pYyZ1dG1fc291cmNlPWJsb2dfcHJvZHVjdHMmdXRtX2NhbXBhaWduPUYwMjcw\" data-target=\"_blank\"><svg xmlns=\"http:\/\/www.w3.org\/2000\/svg\" width=\"16\" height=\"16\" fill=\"currentColor\" class=\"bi bi-bag\" viewBox=\"0 0 16 16\"><path d=\"M8 1a2 2 0 0 1 2 2v1h2.5A1.5 1.5 0 0 1 14 5.5v8A1.5 1.5 0 0 1 12.5 15h-9A1.5 1.5 0 0 1 2 13.5v-8A1.5 1.5 0 0 1 3.5 3H6V2a2 2 0 0 1 2-1zm1 3V3a1 1 0 0 0-2 0v1h2z\"\/><\/svg>Comprar<\/span><p class=\"rapido\">Env\u00edo r\u00e1pido<\/p><\/div><div class=\"lp-produit\"><div class=\"lp-thumbnail-wrapper\"><img loading=\"lazy\" decoding=\"async\" width=\"300\" height=\"300\" src=\"https:\/\/www.interflora.es\/blog\/wp-content\/uploads\/2025\/04\/1738656685-fwd009-m-key-zoomed-2-300x300.jpg\" class=\"attachment-medium size-medium wp-post-image\" alt=\"\" srcset=\"https:\/\/www.interflora.es\/blog\/wp-content\/uploads\/2025\/04\/1738656685-fwd009-m-key-zoomed-2-300x300.jpg 300w, https:\/\/www.interflora.es\/blog\/wp-content\/uploads\/2025\/04\/1738656685-fwd009-m-key-zoomed-2-1024x1024.jpg 1024w, https:\/\/www.interflora.es\/blog\/wp-content\/uploads\/2025\/04\/1738656685-fwd009-m-key-zoomed-2-150x150.jpg 150w, https:\/\/www.interflora.es\/blog\/wp-content\/uploads\/2025\/04\/1738656685-fwd009-m-key-zoomed-2-768x768.jpg 768w, https:\/\/www.interflora.es\/blog\/wp-content\/uploads\/2025\/04\/1738656685-fwd009-m-key-zoomed-2-1536x1536.jpg 1536w, https:\/\/www.interflora.es\/blog\/wp-content\/uploads\/2025\/04\/1738656685-fwd009-m-key-zoomed-2.jpg 1991w\" sizes=\"auto, (max-width: 300px) 100vw, 300px\" \/><img decoding=\"async\" class=\"lp-badge\" src=\"https:\/\/prodblog.interflora.es\/blog\/wp-content\/uploads\/2025\/04\/220422_INTERFLORA_Main_Logo_rgb_Main_Color.png\" alt=\"Entrega r\u00e1pida\"><\/div><span>Floral Kiss<\/span><p>29.99 \u20ac<\/p><span class=\"obf-link lp-cta\" role=\"link\" tabindex=\"0\" data-b64=\"aHR0cHM6Ly93d3cuaW50ZXJmbG9yYS5lcy9wL2Zsb3JhbC1raXNzLzE\/dXRtX21lZGl1bT1vcmdhbmljJnV0bV9zb3VyY2U9YmxvZ19wcm9kdWN0cyZ1dG1fY2FtcGFpZ249RldEMDA5\" data-target=\"_blank\"><svg xmlns=\"http:\/\/www.w3.org\/2000\/svg\" width=\"16\" height=\"16\" fill=\"currentColor\" class=\"bi bi-bag\" viewBox=\"0 0 16 16\"><path d=\"M8 1a2 2 0 0 1 2 2v1h2.5A1.5 1.5 0 0 1 14 5.5v8A1.5 1.5 0 0 1 12.5 15h-9A1.5 1.5 0 0 1 2 13.5v-8A1.5 1.5 0 0 1 3.5 3H6V2a2 2 0 0 1 2-1zm1 3V3a1 1 0 0 0-2 0v1h2z\"\/><\/svg>Comprar<\/span><p class=\"rapido\">Selecci\u00f3n Interflora<\/p><\/div><\/div>\n\n\n\n<div style=\"height:5px\" aria-hidden=\"true\" class=\"wp-block-spacer\"><\/div>\n\n\n\n<h3 class=\"wp-block-heading alignwide\"><strong>&nbsp;Frases para invitaciones de cumplea\u00f1os de adultos<\/strong><\/h3>\n\n\n\n<p>Incluir una frase divertida u original en tu tarjeta es una idea estupenda para empezar a crear el ambiente que reinar\u00e1 en tu fiesta. Puedes utilizar frases que hagan referencia a tu edad o al tema, o muchas otras cosas entra\u00f1ables o simp\u00e1ticas:<\/p>\n\n\n\n<ul class=\"wp-block-list\">\n<li><em>Como cada a\u00f1o por estas fechas, \u00a1cumplo de nuevo los 35! Si quieres celebrar conmigo este cl\u00e1sico anual, apunta esta direcci\u00f3n: (lugar). Habr\u00e1 comida, bebida y buena m\u00fasica, ya me conoces\u2026 \u00a1Te espero solo\/a o acompa\u00f1ado\/a!<\/em><\/li>\n\n\n\n<li><em>\u00a1Necesito voluntarios\/as que me ayuden a celebrar mi cumplea\u00f1os sin descanso y sin parar! \u00a1Si te crees apto para esta misi\u00f3n, por favor, acomp\u00e1\u00f1ame!&nbsp;<\/em><\/li>\n\n\n\n<li><em>Ya tengo la excusa perfecta para hacer una fiesta: \u00a1mi cumplea\u00f1os! Atenci\u00f3n, esta fecha especial solo acepta gente especial. Pasa por la entrada VIP (tu direcci\u00f3n).<\/em><\/li>\n<\/ul>\n\n\n\n<h2 class=\"wp-block-heading alignwide\"><strong>Invitaci\u00f3n de cumplea\u00f1os para mayores sin complejos<\/strong><\/h2>\n\n\n\n<p>\u00bfQui\u00e9n dice que los mayores no quieren celebrar su cumplea\u00f1os? Cuanto m\u00e1s mayores somos, \u00a1m\u00e1s cosas podemos celebrar! La vida, los amigos, la familia, los peque\u00f1os detalles que nos hacen sonre\u00edr\u2026Hacer una fiesta sorpresa a una persona mayor que cumple a\u00f1os, con <a href=\"https:\/\/www.interflora.es\/c\/cumpleanos?utm_source=blog&amp;utm_medium=organic&amp;utm_campaign=cumple\">un ramo de flores espectacular como regalo<\/a>, es uno de los mejores detalles para su cumplea\u00f1os. Si no te gustan las sorpresas y prefieres organizar t\u00fa mismo\/a tu fiesta de cumplea\u00f1os, puedes fabricar las invitaciones y enviarlas como quieras. Para tus invitaciones, puedes utilizar y personalizar frases como estas que seguro har\u00e1n re\u00edr a los invitados:<\/p>\n\n\n\n<div class=\"wp-block-columns alignwide is-layout-flex wp-container-core-columns-is-layout-28f84493 wp-block-columns-is-layout-flex\">\n<div class=\"wp-block-column is-layout-flow wp-block-column-is-layout-flow\">\n<ul class=\"wp-block-list\">\n<li style=\"margin-top:0;margin-bottom:0;padding-top:var(--wp--preset--spacing--40);padding-bottom:var(--wp--preset--spacing--40)\"><em>\u00bfQui\u00e9n dice que ya lo hemos hecho todo? \u00a1Todav\u00eda no hemos celebrado mi (edad) cumplea\u00f1os! Apunta, apunta, \u00a1que esta va a ser gorda!<\/em><\/li>\n\n\n\n<li style=\"margin-top:0;margin-bottom:0;padding-top:var(--wp--preset--spacing--40);padding-bottom:var(--wp--preset--spacing--40)\"><em>El d\u00eda (fecha) empieza el resto de mi vida. \u00bfLa comienzas conmigo?&nbsp;<\/em><\/li>\n\n\n\n<li><em>Como todos sab\u00e9is (nombre) cumple a\u00f1os y piensa que ya nada puede sorprenderle en la vida. \u00bfNos ayudas a hacerle cambiar de opini\u00f3n? Fiesta sorpresa en (lugar) a las (hora) con las c\u00e1maras de fotos preparadas. \u00a1Ver\u00e9is qu\u00e9 cara pone!<\/em><\/li>\n<\/ul>\n<\/div>\n\n\n\n<div class=\"wp-block-column is-layout-flow wp-block-column-is-layout-flow\">\n<figure class=\"wp-block-image aligncenter size-large is-resized\"><img loading=\"lazy\" decoding=\"async\" width=\"1024\" height=\"718\" src=\"https:\/\/www.interflora.es\/blog\/wp-content\/uploads\/invitacion-cumple-DIY-1-1024x718.jpg\" alt=\"Invitaci\u00f3n de cumplea\u00f1os mayores\" class=\"wp-image-22831\" style=\"width:566px;height:auto\"\/><\/figure>\n<\/div>\n<\/div>\n","protected":false},"excerpt":{"rendered":"<p>Cumplir un a\u00f1o m\u00e1s es un evento especial que siempre hay que celebrar. Si eres de los que cada a\u00f1o celebran su cumplea\u00f1os por todo lo alto, o de aquellos que han decidido que este a\u00f1o es especial, aqu\u00ed te damos ideas para que puedas hacer invitaciones de cumplea\u00f1os bonitas y divertidas para todos tus invitados. \u00a1Ponte manos a la obra!<\/p>\n","protected":false},"author":8,"featured_media":22824,"comment_status":"open","ping_status":"closed","sticky":false,"template":"","format":"standard","meta":{"_acf_changed":false,"_uag_custom_page_level_css":"","site-sidebar-layout":"default","site-content-layout":"","ast-site-content-layout":"default","site-content-style":"default","site-sidebar-style":"default","ast-global-header-display":"","ast-banner-title-visibility":"","ast-main-header-display":"","ast-hfb-above-header-display":"","ast-hfb-below-header-display":"","ast-hfb-mobile-header-display":"","site-post-title":"","ast-breadcrumbs-content":"","ast-featured-img":"","footer-sml-layout":"","theme-transparent-header-meta":"","adv-header-id-meta":"","stick-header-meta":"","header-above-stick-meta":"","header-main-stick-meta":"","header-below-stick-meta":"","astra-migrate-meta-layouts":"set","ast-page-background-enabled":"default","ast-page-background-meta":{"desktop":{"background-color":"var(--ast-global-color-5)","background-image":"","background-repeat":"repeat","background-position":"center center","background-size":"auto","background-attachment":"scroll","background-type":"","background-media":"","overlay-type":"","overlay-color":"","overlay-opacity":"","overlay-gradient":""},"tablet":{"background-color":"","background-image":"","background-repeat":"repeat","background-position":"center center","background-size":"auto","background-attachment":"scroll","background-type":"","background-media":"","overlay-type":"","overlay-color":"","overlay-opacity":"","overlay-gradient":""},"mobile":{"background-color":"","background-image":"","background-repeat":"repeat","background-position":"center center","background-size":"auto","background-attachment":"scroll","background-type":"","background-media":"","overlay-type":"","overlay-color":"","overlay-opacity":"","overlay-gradient":""}},"ast-content-background-meta":{"desktop":{"background-color":"var(--ast-global-color-4)","background-image":"","background-repeat":"repeat","background-position":"center center","background-size":"auto","background-attachment":"scroll","background-type":"","background-media":"","overlay-type":"","overlay-color":"","overlay-opacity":"","overlay-gradient":""},"tablet":{"background-color":"var(--ast-global-color-4)","background-image":"","background-repeat":"repeat","background-position":"center center","background-size":"auto","background-attachment":"scroll","background-type":"","background-media":"","overlay-type":"","overlay-color":"","overlay-opacity":"","overlay-gradient":""},"mobile":{"background-color":"var(--ast-global-color-4)","background-image":"","background-repeat":"repeat","background-position":"center center","background-size":"auto","background-attachment":"scroll","background-type":"","background-media":"","overlay-type":"","overlay-color":"","overlay-opacity":"","overlay-gradient":""}},"footnotes":""},"categories":[114,23],"tags":[115],"class_list":["post-22818","post","type-post","status-publish","format-standard","has-post-thumbnail","hentry","category-cumpleanos","category-ocasiones-especiales","tag-cumpleanos"],"acf":[],"yoast_head":"<!-- This site is optimized with the Yoast SEO plugin v27.5 - https:\/\/yoast.com\/product\/yoast-seo-wordpress\/ -->\n<title>Invitaci\u00f3n de cumplea\u00f1os DIY: \u00a1que empiece la fiesta!| Interflora<\/title>\n<meta name=\"description\" content=\"Hacer una invitaci\u00f3n de cumplea\u00f1os con tus manos es una forma personalizada de invitar a tu fiesta. Interflora te da ideas de invitaciones DIY\" \/>\n<meta name=\"robots\" content=\"index, follow, max-snippet:-1, max-image-preview:large, max-video-preview:-1\" \/>\n<link rel=\"canonical\" href=\"https:\/\/www.interflora.es\/blog\/invitacion-de-cumpleanos-diy\/\" \/>\n<script type=\"application\/ld+json\" class=\"yoast-schema-graph\">{\"@context\":\"https:\\\/\\\/schema.org\",\"@graph\":[{\"@type\":\"Article\",\"@id\":\"https:\\\/\\\/www.interflora.es\\\/blog\\\/invitacion-de-cumpleanos-diy\\\/#article\",\"isPartOf\":{\"@id\":\"https:\\\/\\\/www.interflora.es\\\/blog\\\/invitacion-de-cumpleanos-diy\\\/\"},\"author\":{\"name\":\"celia\",\"@id\":\"https:\\\/\\\/www.interflora.es\\\/blog\\\/#\\\/schema\\\/person\\\/1f30f7794421f1232dc4b6bdd75ae829\"},\"headline\":\"C\u00f3mo hacer invitaciones de cumplea\u00f1os bonitas y divertidas\",\"datePublished\":\"2024-06-26T10:11:26+00:00\",\"mainEntityOfPage\":{\"@id\":\"https:\\\/\\\/www.interflora.es\\\/blog\\\/invitacion-de-cumpleanos-diy\\\/\"},\"wordCount\":1184,\"commentCount\":0,\"publisher\":{\"@id\":\"https:\\\/\\\/www.interflora.es\\\/blog\\\/#organization\"},\"image\":{\"@id\":\"https:\\\/\\\/www.interflora.es\\\/blog\\\/invitacion-de-cumpleanos-diy\\\/#primaryimage\"},\"thumbnailUrl\":\"https:\\\/\\\/www.interflora.es\\\/blog\\\/wp-content\\\/uploads\\\/2024\\\/06\\\/invitacion-cumpleanos-bd-scaled-1.jpeg\",\"keywords\":[\"Cumplea\u00f1os\"],\"articleSection\":[\"Cumplea\u00f1os\",\"Ocasiones especiales\"],\"inLanguage\":\"es\",\"potentialAction\":[{\"@type\":\"CommentAction\",\"name\":\"Comment\",\"target\":[\"https:\\\/\\\/www.interflora.es\\\/blog\\\/invitacion-de-cumpleanos-diy\\\/#respond\"]}]},{\"@type\":\"WebPage\",\"@id\":\"https:\\\/\\\/www.interflora.es\\\/blog\\\/invitacion-de-cumpleanos-diy\\\/\",\"url\":\"https:\\\/\\\/www.interflora.es\\\/blog\\\/invitacion-de-cumpleanos-diy\\\/\",\"name\":\"Invitaci\u00f3n de cumplea\u00f1os DIY: \u00a1que empiece la fiesta!| Interflora\",\"isPartOf\":{\"@id\":\"https:\\\/\\\/www.interflora.es\\\/blog\\\/#website\"},\"primaryImageOfPage\":{\"@id\":\"https:\\\/\\\/www.interflora.es\\\/blog\\\/invitacion-de-cumpleanos-diy\\\/#primaryimage\"},\"image\":{\"@id\":\"https:\\\/\\\/www.interflora.es\\\/blog\\\/invitacion-de-cumpleanos-diy\\\/#primaryimage\"},\"thumbnailUrl\":\"https:\\\/\\\/www.interflora.es\\\/blog\\\/wp-content\\\/uploads\\\/2024\\\/06\\\/invitacion-cumpleanos-bd-scaled-1.jpeg\",\"datePublished\":\"2024-06-26T10:11:26+00:00\",\"description\":\"Hacer una invitaci\u00f3n de cumplea\u00f1os con tus manos es una forma personalizada de invitar a tu fiesta. Interflora te da ideas de invitaciones DIY\",\"breadcrumb\":{\"@id\":\"https:\\\/\\\/www.interflora.es\\\/blog\\\/invitacion-de-cumpleanos-diy\\\/#breadcrumb\"},\"inLanguage\":\"es\",\"potentialAction\":[{\"@type\":\"ReadAction\",\"target\":[\"https:\\\/\\\/www.interflora.es\\\/blog\\\/invitacion-de-cumpleanos-diy\\\/\"]}]},{\"@type\":\"ImageObject\",\"inLanguage\":\"es\",\"@id\":\"https:\\\/\\\/www.interflora.es\\\/blog\\\/invitacion-de-cumpleanos-diy\\\/#primaryimage\",\"url\":\"https:\\\/\\\/www.interflora.es\\\/blog\\\/wp-content\\\/uploads\\\/2024\\\/06\\\/invitacion-cumpleanos-bd-scaled-1.jpeg\",\"contentUrl\":\"https:\\\/\\\/www.interflora.es\\\/blog\\\/wp-content\\\/uploads\\\/2024\\\/06\\\/invitacion-cumpleanos-bd-scaled-1.jpeg\",\"width\":2560,\"height\":835,\"caption\":\"Mother's Day craft idea shown from top view: paper tulips, a card with hand drawn heart, plus hearts and confetti on a soft lilac backdrop, space for text\"},{\"@type\":\"BreadcrumbList\",\"@id\":\"https:\\\/\\\/www.interflora.es\\\/blog\\\/invitacion-de-cumpleanos-diy\\\/#breadcrumb\",\"itemListElement\":[{\"@type\":\"ListItem\",\"position\":1,\"name\":\"Home\",\"item\":\"https:\\\/\\\/www.interflora.es\\\/blog\\\/\"},{\"@type\":\"ListItem\",\"position\":2,\"name\":\"C\u00f3mo hacer invitaciones de cumplea\u00f1os bonitas y divertidas\"}]},{\"@type\":\"WebSite\",\"@id\":\"https:\\\/\\\/www.interflora.es\\\/blog\\\/#website\",\"url\":\"https:\\\/\\\/www.interflora.es\\\/blog\\\/\",\"name\":\"El blog de Interflora : consejos, ideas e inspiraci\u00f3n para disfrutar de las flores y las plantas\",\"description\":\"\",\"publisher\":{\"@id\":\"https:\\\/\\\/www.interflora.es\\\/blog\\\/#organization\"},\"potentialAction\":[{\"@type\":\"SearchAction\",\"target\":{\"@type\":\"EntryPoint\",\"urlTemplate\":\"https:\\\/\\\/www.interflora.es\\\/blog\\\/?s={search_term_string}\"},\"query-input\":{\"@type\":\"PropertyValueSpecification\",\"valueRequired\":true,\"valueName\":\"search_term_string\"}}],\"inLanguage\":\"es\"},{\"@type\":\"Organization\",\"@id\":\"https:\\\/\\\/www.interflora.es\\\/blog\\\/#organization\",\"name\":\"El blog de Interflora : consejos, ideas e inspiraci\u00f3n para disfrutar de las flores y las plantas\",\"url\":\"https:\\\/\\\/www.interflora.es\\\/blog\\\/\",\"logo\":{\"@type\":\"ImageObject\",\"inLanguage\":\"es\",\"@id\":\"https:\\\/\\\/www.interflora.es\\\/blog\\\/#\\\/schema\\\/logo\\\/image\\\/\",\"url\":\"https:\\\/\\\/www.interflora.es\\\/blog\\\/wp-content\\\/uploads\\\/2025\\\/10\\\/cropped-220422_INTERFLORA_Logo_rgb_Half_Top_Circle_Main_Color.png\",\"contentUrl\":\"https:\\\/\\\/www.interflora.es\\\/blog\\\/wp-content\\\/uploads\\\/2025\\\/10\\\/cropped-220422_INTERFLORA_Logo_rgb_Half_Top_Circle_Main_Color.png\",\"width\":1418,\"height\":659,\"caption\":\"El blog de Interflora : consejos, ideas e inspiraci\u00f3n para disfrutar de las flores y las plantas\"},\"image\":{\"@id\":\"https:\\\/\\\/www.interflora.es\\\/blog\\\/#\\\/schema\\\/logo\\\/image\\\/\"}},{\"@type\":\"Person\",\"@id\":\"https:\\\/\\\/www.interflora.es\\\/blog\\\/#\\\/schema\\\/person\\\/1f30f7794421f1232dc4b6bdd75ae829\",\"name\":\"celia\",\"image\":{\"@type\":\"ImageObject\",\"inLanguage\":\"es\",\"@id\":\"https:\\\/\\\/www.interflora.es\\\/blog\\\/wp-content\\\/litespeed\\\/avatar\\\/f906d3ce098bd9b4e84d1b71d27d54af.jpg?ver=1777298586\",\"url\":\"https:\\\/\\\/www.interflora.es\\\/blog\\\/wp-content\\\/litespeed\\\/avatar\\\/f906d3ce098bd9b4e84d1b71d27d54af.jpg?ver=1777298586\",\"contentUrl\":\"https:\\\/\\\/www.interflora.es\\\/blog\\\/wp-content\\\/litespeed\\\/avatar\\\/f906d3ce098bd9b4e84d1b71d27d54af.jpg?ver=1777298586\",\"caption\":\"celia\"}}]}<\/script>\n<!-- \/ Yoast SEO plugin. -->","yoast_head_json":{"title":"Invitaci\u00f3n de cumplea\u00f1os DIY: \u00a1que empiece la fiesta!| Interflora","description":"Hacer una invitaci\u00f3n de cumplea\u00f1os con tus manos es una forma personalizada de invitar a tu fiesta. Interflora te da ideas de invitaciones DIY","robots":{"index":"index","follow":"follow","max-snippet":"max-snippet:-1","max-image-preview":"max-image-preview:large","max-video-preview":"max-video-preview:-1"},"canonical":"https:\/\/www.interflora.es\/blog\/invitacion-de-cumpleanos-diy\/","schema":{"@context":"https:\/\/schema.org","@graph":[{"@type":"Article","@id":"https:\/\/www.interflora.es\/blog\/invitacion-de-cumpleanos-diy\/#article","isPartOf":{"@id":"https:\/\/www.interflora.es\/blog\/invitacion-de-cumpleanos-diy\/"},"author":{"name":"celia","@id":"https:\/\/www.interflora.es\/blog\/#\/schema\/person\/1f30f7794421f1232dc4b6bdd75ae829"},"headline":"C\u00f3mo hacer invitaciones de cumplea\u00f1os bonitas y divertidas","datePublished":"2024-06-26T10:11:26+00:00","mainEntityOfPage":{"@id":"https:\/\/www.interflora.es\/blog\/invitacion-de-cumpleanos-diy\/"},"wordCount":1184,"commentCount":0,"publisher":{"@id":"https:\/\/www.interflora.es\/blog\/#organization"},"image":{"@id":"https:\/\/www.interflora.es\/blog\/invitacion-de-cumpleanos-diy\/#primaryimage"},"thumbnailUrl":"https:\/\/www.interflora.es\/blog\/wp-content\/uploads\/2024\/06\/invitacion-cumpleanos-bd-scaled-1.jpeg","keywords":["Cumplea\u00f1os"],"articleSection":["Cumplea\u00f1os","Ocasiones especiales"],"inLanguage":"es","potentialAction":[{"@type":"CommentAction","name":"Comment","target":["https:\/\/www.interflora.es\/blog\/invitacion-de-cumpleanos-diy\/#respond"]}]},{"@type":"WebPage","@id":"https:\/\/www.interflora.es\/blog\/invitacion-de-cumpleanos-diy\/","url":"https:\/\/www.interflora.es\/blog\/invitacion-de-cumpleanos-diy\/","name":"Invitaci\u00f3n de cumplea\u00f1os DIY: \u00a1que empiece la fiesta!| Interflora","isPartOf":{"@id":"https:\/\/www.interflora.es\/blog\/#website"},"primaryImageOfPage":{"@id":"https:\/\/www.interflora.es\/blog\/invitacion-de-cumpleanos-diy\/#primaryimage"},"image":{"@id":"https:\/\/www.interflora.es\/blog\/invitacion-de-cumpleanos-diy\/#primaryimage"},"thumbnailUrl":"https:\/\/www.interflora.es\/blog\/wp-content\/uploads\/2024\/06\/invitacion-cumpleanos-bd-scaled-1.jpeg","datePublished":"2024-06-26T10:11:26+00:00","description":"Hacer una invitaci\u00f3n de cumplea\u00f1os con tus manos es una forma personalizada de invitar a tu fiesta. Interflora te da ideas de invitaciones DIY","breadcrumb":{"@id":"https:\/\/www.interflora.es\/blog\/invitacion-de-cumpleanos-diy\/#breadcrumb"},"inLanguage":"es","potentialAction":[{"@type":"ReadAction","target":["https:\/\/www.interflora.es\/blog\/invitacion-de-cumpleanos-diy\/"]}]},{"@type":"ImageObject","inLanguage":"es","@id":"https:\/\/www.interflora.es\/blog\/invitacion-de-cumpleanos-diy\/#primaryimage","url":"https:\/\/www.interflora.es\/blog\/wp-content\/uploads\/2024\/06\/invitacion-cumpleanos-bd-scaled-1.jpeg","contentUrl":"https:\/\/www.interflora.es\/blog\/wp-content\/uploads\/2024\/06\/invitacion-cumpleanos-bd-scaled-1.jpeg","width":2560,"height":835,"caption":"Mother's Day craft idea shown from top view: paper tulips, a card with hand drawn heart, plus hearts and confetti on a soft lilac backdrop, space for text"},{"@type":"BreadcrumbList","@id":"https:\/\/www.interflora.es\/blog\/invitacion-de-cumpleanos-diy\/#breadcrumb","itemListElement":[{"@type":"ListItem","position":1,"name":"Home","item":"https:\/\/www.interflora.es\/blog\/"},{"@type":"ListItem","position":2,"name":"C\u00f3mo hacer invitaciones de cumplea\u00f1os bonitas y divertidas"}]},{"@type":"WebSite","@id":"https:\/\/www.interflora.es\/blog\/#website","url":"https:\/\/www.interflora.es\/blog\/","name":"El blog de Interflora : consejos, ideas e inspiraci\u00f3n para disfrutar de las flores y las plantas","description":"","publisher":{"@id":"https:\/\/www.interflora.es\/blog\/#organization"},"potentialAction":[{"@type":"SearchAction","target":{"@type":"EntryPoint","urlTemplate":"https:\/\/www.interflora.es\/blog\/?s={search_term_string}"},"query-input":{"@type":"PropertyValueSpecification","valueRequired":true,"valueName":"search_term_string"}}],"inLanguage":"es"},{"@type":"Organization","@id":"https:\/\/www.interflora.es\/blog\/#organization","name":"El blog de Interflora : consejos, ideas e inspiraci\u00f3n para disfrutar de las flores y las plantas","url":"https:\/\/www.interflora.es\/blog\/","logo":{"@type":"ImageObject","inLanguage":"es","@id":"https:\/\/www.interflora.es\/blog\/#\/schema\/logo\/image\/","url":"https:\/\/www.interflora.es\/blog\/wp-content\/uploads\/2025\/10\/cropped-220422_INTERFLORA_Logo_rgb_Half_Top_Circle_Main_Color.png","contentUrl":"https:\/\/www.interflora.es\/blog\/wp-content\/uploads\/2025\/10\/cropped-220422_INTERFLORA_Logo_rgb_Half_Top_Circle_Main_Color.png","width":1418,"height":659,"caption":"El blog de Interflora : consejos, ideas e inspiraci\u00f3n para disfrutar de las flores y las plantas"},"image":{"@id":"https:\/\/www.interflora.es\/blog\/#\/schema\/logo\/image\/"}},{"@type":"Person","@id":"https:\/\/www.interflora.es\/blog\/#\/schema\/person\/1f30f7794421f1232dc4b6bdd75ae829","name":"celia","image":{"@type":"ImageObject","inLanguage":"es","@id":"https:\/\/www.interflora.es\/blog\/wp-content\/litespeed\/avatar\/f906d3ce098bd9b4e84d1b71d27d54af.jpg?ver=1777298586","url":"https:\/\/www.interflora.es\/blog\/wp-content\/litespeed\/avatar\/f906d3ce098bd9b4e84d1b71d27d54af.jpg?ver=1777298586","contentUrl":"https:\/\/www.interflora.es\/blog\/wp-content\/litespeed\/avatar\/f906d3ce098bd9b4e84d1b71d27d54af.jpg?ver=1777298586","caption":"celia"}}]}},"uagb_featured_image_src":{"full":["https:\/\/www.interflora.es\/blog\/wp-content\/uploads\/2024\/06\/invitacion-cumpleanos-bd-scaled-1.jpeg",2560,835,false],"thumbnail":["https:\/\/www.interflora.es\/blog\/wp-content\/uploads\/2024\/06\/invitacion-cumpleanos-bd-scaled-1-150x150.jpeg",150,150,true],"medium":["https:\/\/www.interflora.es\/blog\/wp-content\/uploads\/2024\/06\/invitacion-cumpleanos-bd-scaled-1-300x98.jpeg",300,98,true],"medium_large":["https:\/\/www.interflora.es\/blog\/wp-content\/uploads\/2024\/06\/invitacion-cumpleanos-bd-scaled-1-768x251.jpeg",768,251,true],"large":["https:\/\/www.interflora.es\/blog\/wp-content\/uploads\/2024\/06\/invitacion-cumpleanos-bd-scaled-1-1024x334.jpeg",1024,334,true],"1536x1536":["https:\/\/www.interflora.es\/blog\/wp-content\/uploads\/2024\/06\/invitacion-cumpleanos-bd-scaled-1-1536x501.jpeg",1536,501,true],"2048x2048":["https:\/\/www.interflora.es\/blog\/wp-content\/uploads\/2024\/06\/invitacion-cumpleanos-bd-scaled-1-2048x668.jpeg",2048,668,true]},"uagb_author_info":{"display_name":"celia","author_link":"https:\/\/www.interflora.es\/blog\/author\/celia\/"},"uagb_comment_info":0,"uagb_excerpt":"Cumplir un a\u00f1o m\u00e1s es un evento especial que siempre hay que celebrar. Si eres de los que cada a\u00f1o celebran su cumplea\u00f1os por todo lo alto, o de aquellos que han decidido que este a\u00f1o es especial, aqu\u00ed te damos ideas para que puedas hacer invitaciones de cumplea\u00f1os bonitas y divertidas para todos tus&hellip;","_links":{"self":[{"href":"https:\/\/www.interflora.es\/blog\/wp-json\/wp\/v2\/posts\/22818","targetHints":{"allow":["GET"]}}],"collection":[{"href":"https:\/\/www.interflora.es\/blog\/wp-json\/wp\/v2\/posts"}],"about":[{"href":"https:\/\/www.interflora.es\/blog\/wp-json\/wp\/v2\/types\/post"}],"author":[{"embeddable":true,"href":"https:\/\/www.interflora.es\/blog\/wp-json\/wp\/v2\/users\/8"}],"replies":[{"embeddable":true,"href":"https:\/\/www.interflora.es\/blog\/wp-json\/wp\/v2\/comments?post=22818"}],"version-history":[{"count":0,"href":"https:\/\/www.interflora.es\/blog\/wp-json\/wp\/v2\/posts\/22818\/revisions"}],"wp:featuredmedia":[{"embeddable":true,"href":"https:\/\/www.interflora.es\/blog\/wp-json\/wp\/v2\/media\/22824"}],"wp:attachment":[{"href":"https:\/\/www.interflora.es\/blog\/wp-json\/wp\/v2\/media?parent=22818"}],"wp:term":[{"taxonomy":"category","embeddable":true,"href":"https:\/\/www.interflora.es\/blog\/wp-json\/wp\/v2\/categories?post=22818"},{"taxonomy":"post_tag","embeddable":true,"href":"https:\/\/www.interflora.es\/blog\/wp-json\/wp\/v2\/tags?post=22818"}],"curies":[{"name":"wp","href":"https:\/\/api.w.org\/{rel}","templated":true}]}}