{"id":21288,"date":"2026-04-14T15:53:53","date_gmt":"2026-04-14T13:53:53","guid":{"rendered":"https:\/\/www.interflora.es\/blog\/?p=21288"},"modified":"2026-04-29T12:43:58","modified_gmt":"2026-04-29T10:43:58","slug":"las-mejores-razones-para-regalar-flores-a-una-madre","status":"publish","type":"post","link":"https:\/\/www.interflora.es\/blog\/las-mejores-razones-para-regalar-flores-a-una-madre\/","title":{"rendered":"Las mejores razones para regalar flores a una madre"},"content":{"rendered":"\n<p><strong>\u00bfPor qu\u00e9 regalar flores a mi madre?,<\/strong> <strong>\u00bfen qu\u00e9 momento, qu\u00e9 d\u00eda o para qu\u00e9 celebraci\u00f3n?<\/strong> Si ya te has preguntado alguna vez si las flores son el mejor regalo para tu madre, en Interflora tenemos la respuesta: \u00a1pues claro que s\u00ed!<br><strong>La mejor madre del mundo<\/strong>, que es sin duda la tuya, <strong>merece el mejor regalo del mundo.<\/strong> Sin embargo, pi\u00e9nsalo bien, \u00bfcu\u00e1ndo fue la \u00faltima vez que le dijiste a tu madre lo mucho que la quieres?<br>Si \u00faltimamente has descuidado un poco a tu supermam\u00e1, o si no le has demostrado lo suficiente lo importante que es para ti vuestro amor, aqu\u00ed tienes un peque\u00f1o recordatorio de las excelentes razones por las que regalar flores o plantas a tu mam\u00e1 es el mejor de los regalos. \u00a1Tomo nota y m\u00edmala como se merece cada d\u00eda!<\/p>\n\n\n<div class=\"lp-produits-grid\"><div class=\"lp-produit\"><div class=\"lp-thumbnail-wrapper\"><img loading=\"lazy\" decoding=\"async\" width=\"300\" height=\"300\" src=\"https:\/\/www.interflora.es\/blog\/wp-content\/uploads\/2026\/03\/1773652650-ff038-s-legame-fiorito-zoom_v3-300x300.jpg\" class=\"attachment-medium size-medium wp-post-image\" alt=\"\" srcset=\"https:\/\/www.interflora.es\/blog\/wp-content\/uploads\/2026\/03\/1773652650-ff038-s-legame-fiorito-zoom_v3-300x300.jpg 300w, https:\/\/www.interflora.es\/blog\/wp-content\/uploads\/2026\/03\/1773652650-ff038-s-legame-fiorito-zoom_v3-1024x1024.jpg 1024w, https:\/\/www.interflora.es\/blog\/wp-content\/uploads\/2026\/03\/1773652650-ff038-s-legame-fiorito-zoom_v3-150x150.jpg 150w, https:\/\/www.interflora.es\/blog\/wp-content\/uploads\/2026\/03\/1773652650-ff038-s-legame-fiorito-zoom_v3-768x768.jpg 768w, https:\/\/www.interflora.es\/blog\/wp-content\/uploads\/2026\/03\/1773652650-ff038-s-legame-fiorito-zoom_v3-1536x1536.jpg 1536w, https:\/\/www.interflora.es\/blog\/wp-content\/uploads\/2026\/03\/1773652650-ff038-s-legame-fiorito-zoom_v3.jpg 2000w\" sizes=\"auto, (max-width: 300px) 100vw, 300px\" \/><img decoding=\"async\" class=\"lp-badge\" src=\"https:\/\/prodblog.interflora.es\/blog\/wp-content\/uploads\/2025\/04\/220422_INTERFLORA_Main_Logo_rgb_Main_Color.png\" alt=\"Entrega r\u00e1pida\"><\/div><span>Querida mam\u00e1<\/span><p>49.99 \u20ac<\/p><span class=\"obf-link lp-cta\" role=\"link\" tabindex=\"0\" data-b64=\"aHR0cHM6Ly93d3cuaW50ZXJmbG9yYS5lcy9wL3F1ZXJpZGEtbWFtYS8xP3V0bV9tZWRpdW09b3JnYW5pYyZ1dG1fc291cmNlPWJsb2dfcHJvZHVjdHMmdXRtX2NhbXBhaWduPUZGMDM4\" data-target=\"_blank\"><svg xmlns=\"http:\/\/www.w3.org\/2000\/svg\" width=\"16\" height=\"16\" fill=\"currentColor\" class=\"bi bi-bag\" viewBox=\"0 0 16 16\"><path d=\"M8 1a2 2 0 0 1 2 2v1h2.5A1.5 1.5 0 0 1 14 5.5v8A1.5 1.5 0 0 1 12.5 15h-9A1.5 1.5 0 0 1 2 13.5v-8A1.5 1.5 0 0 1 3.5 3H6V2a2 2 0 0 1 2-1zm1 3V3a1 1 0 0 0-2 0v1h2z\"\/><\/svg>Comprar<\/span><p class=\"rapido\">Entrega urgente<\/p><\/div><div class=\"lp-produit\"><div class=\"lp-thumbnail-wrapper\"><img loading=\"lazy\" decoding=\"async\" width=\"300\" height=\"300\" src=\"https:\/\/www.interflora.es\/blog\/wp-content\/uploads\/2026\/04\/1773757197-ff185-s-cuore-di-mamma-bouquet-300x300.jpg\" class=\"attachment-medium size-medium wp-post-image\" alt=\"\" srcset=\"https:\/\/www.interflora.es\/blog\/wp-content\/uploads\/2026\/04\/1773757197-ff185-s-cuore-di-mamma-bouquet-300x300.jpg 300w, https:\/\/www.interflora.es\/blog\/wp-content\/uploads\/2026\/04\/1773757197-ff185-s-cuore-di-mamma-bouquet-1024x1024.jpg 1024w, https:\/\/www.interflora.es\/blog\/wp-content\/uploads\/2026\/04\/1773757197-ff185-s-cuore-di-mamma-bouquet-150x150.jpg 150w, https:\/\/www.interflora.es\/blog\/wp-content\/uploads\/2026\/04\/1773757197-ff185-s-cuore-di-mamma-bouquet-768x768.jpg 768w, https:\/\/www.interflora.es\/blog\/wp-content\/uploads\/2026\/04\/1773757197-ff185-s-cuore-di-mamma-bouquet-1536x1536.jpg 1536w, https:\/\/www.interflora.es\/blog\/wp-content\/uploads\/2026\/04\/1773757197-ff185-s-cuore-di-mamma-bouquet-2048x2048.jpg 2048w\" sizes=\"auto, (max-width: 300px) 100vw, 300px\" \/><img decoding=\"async\" class=\"lp-badge\" src=\"https:\/\/prodblog.interflora.es\/blog\/wp-content\/uploads\/2025\/04\/220422_INTERFLORA_Main_Logo_rgb_Main_Color.png\" alt=\"Entrega r\u00e1pida\"><\/div><span>Coraz\u00f3n de Mam\u00e1<\/span><p>54.99 \u20ac<\/p><span class=\"obf-link lp-cta\" role=\"link\" tabindex=\"0\" data-b64=\"aHR0cHM6Ly93d3cuaW50ZXJmbG9yYS5lcy9wL2NvcmF6b24tZGUtbWFtYS8xP3V0bV9tZWRpdW09b3JnYW5pYyZ1dG1fc291cmNlPWJsb2dfcHJvZHVjdHMmdXRtX2NhbXBhaWduPUZGMTg1\" data-target=\"_blank\"><svg xmlns=\"http:\/\/www.w3.org\/2000\/svg\" width=\"16\" height=\"16\" fill=\"currentColor\" class=\"bi bi-bag\" viewBox=\"0 0 16 16\"><path d=\"M8 1a2 2 0 0 1 2 2v1h2.5A1.5 1.5 0 0 1 14 5.5v8A1.5 1.5 0 0 1 12.5 15h-9A1.5 1.5 0 0 1 2 13.5v-8A1.5 1.5 0 0 1 3.5 3H6V2a2 2 0 0 1 2-1zm1 3V3a1 1 0 0 0-2 0v1h2z\"\/><\/svg>Comprar<\/span><p class=\"rapido\">Env\u00edo r\u00e1pido<\/p><\/div><div class=\"lp-produit\"><div class=\"lp-thumbnail-wrapper\"><img loading=\"lazy\" decoding=\"async\" width=\"300\" height=\"300\" src=\"https:\/\/www.interflora.es\/blog\/wp-content\/uploads\/2025\/04\/1740654994-ff142-mamma-mia-key-300x300.jpg\" class=\"attachment-medium size-medium wp-post-image\" alt=\"\" srcset=\"https:\/\/www.interflora.es\/blog\/wp-content\/uploads\/2025\/04\/1740654994-ff142-mamma-mia-key-300x300.jpg 300w, https:\/\/www.interflora.es\/blog\/wp-content\/uploads\/2025\/04\/1740654994-ff142-mamma-mia-key-1024x1024.jpg 1024w, https:\/\/www.interflora.es\/blog\/wp-content\/uploads\/2025\/04\/1740654994-ff142-mamma-mia-key-150x150.jpg 150w, https:\/\/www.interflora.es\/blog\/wp-content\/uploads\/2025\/04\/1740654994-ff142-mamma-mia-key-768x768.jpg 768w, https:\/\/www.interflora.es\/blog\/wp-content\/uploads\/2025\/04\/1740654994-ff142-mamma-mia-key-1536x1536.jpg 1536w, https:\/\/www.interflora.es\/blog\/wp-content\/uploads\/2025\/04\/1740654994-ff142-mamma-mia-key.jpg 2048w\" sizes=\"auto, (max-width: 300px) 100vw, 300px\" \/><img decoding=\"async\" class=\"lp-badge\" src=\"https:\/\/prodblog.interflora.es\/blog\/wp-content\/uploads\/2025\/04\/220422_INTERFLORA_Main_Logo_rgb_Main_Color.png\" alt=\"Entrega r\u00e1pida\"><\/div><span>Mamma Mia!<\/span><p>69.99 \u20ac<\/p><span class=\"obf-link lp-cta\" role=\"link\" tabindex=\"0\" data-b64=\"aHR0cHM6Ly93d3cuaW50ZXJmbG9yYS5lcy9wL21hbW1hLW1pYS8xP3V0bV9tZWRpdW09b3JnYW5pYyZ1dG1fc291cmNlPWJsb2dfcHJvZHVjdHMmdXRtX2NhbXBhaWduPUZGMTQy\" data-target=\"_blank\"><svg xmlns=\"http:\/\/www.w3.org\/2000\/svg\" width=\"16\" height=\"16\" fill=\"currentColor\" class=\"bi bi-bag\" viewBox=\"0 0 16 16\"><path d=\"M8 1a2 2 0 0 1 2 2v1h2.5A1.5 1.5 0 0 1 14 5.5v8A1.5 1.5 0 0 1 12.5 15h-9A1.5 1.5 0 0 1 2 13.5v-8A1.5 1.5 0 0 1 3.5 3H6V2a2 2 0 0 1 2-1zm1 3V3a1 1 0 0 0-2 0v1h2z\"\/><\/svg>Comprar<\/span><p class=\"rapido\">Selecci\u00f3n Interflora<\/p><\/div><div class=\"lp-produit\"><div class=\"lp-thumbnail-wrapper\"><img loading=\"lazy\" decoding=\"async\" width=\"300\" height=\"300\" src=\"https:\/\/www.interflora.es\/blog\/wp-content\/uploads\/2026\/03\/1773757970-ff037-s-melodia-bouquet-300x300.jpg\" class=\"attachment-medium size-medium wp-post-image\" alt=\"\" srcset=\"https:\/\/www.interflora.es\/blog\/wp-content\/uploads\/2026\/03\/1773757970-ff037-s-melodia-bouquet-300x300.jpg 300w, https:\/\/www.interflora.es\/blog\/wp-content\/uploads\/2026\/03\/1773757970-ff037-s-melodia-bouquet-1024x1024.jpg 1024w, https:\/\/www.interflora.es\/blog\/wp-content\/uploads\/2026\/03\/1773757970-ff037-s-melodia-bouquet-150x150.jpg 150w, https:\/\/www.interflora.es\/blog\/wp-content\/uploads\/2026\/03\/1773757970-ff037-s-melodia-bouquet-768x768.jpg 768w, https:\/\/www.interflora.es\/blog\/wp-content\/uploads\/2026\/03\/1773757970-ff037-s-melodia-bouquet-1536x1536.jpg 1536w, https:\/\/www.interflora.es\/blog\/wp-content\/uploads\/2026\/03\/1773757970-ff037-s-melodia-bouquet-2048x2048.jpg 2048w\" sizes=\"auto, (max-width: 300px) 100vw, 300px\" \/><img decoding=\"async\" class=\"lp-badge\" src=\"https:\/\/prodblog.interflora.es\/blog\/wp-content\/uploads\/2025\/04\/220422_INTERFLORA_Main_Logo_rgb_Main_Color.png\" alt=\"Entrega r\u00e1pida\"><\/div><span>Melod\u00eda<\/span><p>44.99 \u20ac<\/p><span class=\"obf-link lp-cta\" role=\"link\" tabindex=\"0\" data-b64=\"aHR0cHM6Ly93d3cuaW50ZXJmbG9yYS5lcy9wL21lbG9kaWEvMT91dG1fbWVkaXVtPW9yZ2FuaWMmdXRtX3NvdXJjZT1ibG9nX3Byb2R1Y3RzJnV0bV9jYW1wYWlnbj1GRjAzNw==\" data-target=\"_blank\"><svg xmlns=\"http:\/\/www.w3.org\/2000\/svg\" width=\"16\" height=\"16\" fill=\"currentColor\" class=\"bi bi-bag\" viewBox=\"0 0 16 16\"><path d=\"M8 1a2 2 0 0 1 2 2v1h2.5A1.5 1.5 0 0 1 14 5.5v8A1.5 1.5 0 0 1 12.5 15h-9A1.5 1.5 0 0 1 2 13.5v-8A1.5 1.5 0 0 1 3.5 3H6V2a2 2 0 0 1 2-1zm1 3V3a1 1 0 0 0-2 0v1h2z\"\/><\/svg>Comprar<\/span><p class=\"rapido\">Flores y plantas frescas<\/p><\/div><\/div>\n\n\n\n<div style=\"height:10px\" aria-hidden=\"true\" class=\"wp-block-spacer\"><\/div>\n\n\n\n<figure class=\"wp-block-image aligncenter size-full is-resized\"><img loading=\"lazy\" decoding=\"async\" width=\"1000\" height=\"667\" src=\"https:\/\/www.interflora.es\/blog\/wp-content\/uploads\/2026\/04\/dia-de-la-madre-9.jpg\" alt=\"\" class=\"wp-image-35758\" style=\"width:700px\" srcset=\"https:\/\/www.interflora.es\/blog\/wp-content\/uploads\/2026\/04\/dia-de-la-madre-9.jpg 1000w, https:\/\/www.interflora.es\/blog\/wp-content\/uploads\/2026\/04\/dia-de-la-madre-9-300x200.jpg 300w, https:\/\/www.interflora.es\/blog\/wp-content\/uploads\/2026\/04\/dia-de-la-madre-9-768x512.jpg 768w\" sizes=\"auto, (max-width: 1000px) 100vw, 1000px\" \/><\/figure>\n\n\n\n<div style=\"height:5px\" aria-hidden=\"true\" class=\"wp-block-spacer\"><\/div>\n\n\n\n<div class=\"wp-block-buttons is-content-justification-center is-layout-flex wp-container-core-buttons-is-layout-a89b3969 wp-block-buttons-is-layout-flex\">\n<div class=\"wp-block-button\"><a class=\"wp-block-button__link has-text-align-center wp-element-button\" href=\"https:\/\/www.interflora.es\/c\/fiestas\/flores-dia-de-la-madre\">Ramos de flores D\u00eda de la Madre<\/a><\/div>\n<\/div>\n\n\n\n<div style=\"height:5px\" aria-hidden=\"true\" class=\"wp-block-spacer\"><\/div>\n\n\n\n<h2 class=\"wp-block-heading alignwide\" style=\"padding-top:var(--wp--preset--spacing--40);padding-bottom:var(--wp--preset--spacing--40)\"><strong>Razones para regalar un ramo de flores o plantas a tu madre<\/strong><\/h2>\n\n\n\n<p>Hay cientos de ocasiones perfectas para regalar flores a las madres: el D\u00eda de la Madre, <a href=\"https:\/\/www.interflora.es\/c\/cumpleanos\/regalos-para-mama-en-su-cumpleanos\">su cumplea\u00f1os<\/a>, <a href=\"https:\/\/www.interflora.es\/c\/ocasion\/aniversario\">un aniversario<\/a>, <a href=\"https:\/\/www.interflora.es\/c\/ocasion\/regalos-jubilacion\">su jubilaci\u00f3n<\/a>\u2026 \u00a1regalar flores o plantas a tu mam\u00e1 es una de las mejores formas de alegrar cualquier momento! \u00bfSabes por qu\u00e9? \u00a1Porque <strong>un ramo de flores tienen superpoderes!<\/strong>: impregna con su fragancia tanto la casa como el coraz\u00f3n de la persona que lo recibe, llena de energ\u00eda positiva cualquier lugar, da un toque muy natural a todos los rincones del hogar y, sobre todo, \u00a1simboliza tantas cosas hermosas!<\/p>\n\n\n\n<p>Por eso, la pr\u00f3xima vez que quieras mimar a tu querida mam\u00e1, \u00a1no dudes en regalarle un ramo de flores! Por cierto, \u00bfya sabes qu\u00e9 planta o qu\u00e9 ramo flores vas a elegir para el pr\u00f3ximo D\u00eda de la Madre? \ud83d\ude09<\/p>\n\n\n\n<h3 class=\"wp-block-heading alignwide\"><strong>Flores para decir \u201cte quiero\u201d, \u00a1la mejor de las razones!<\/strong><\/h3>\n\n\n\n<p>\u00bfTienes ganas de decirle a tu mam\u00e1 lo mucho que la quieres, pero eres demasiado t\u00edmido\/a o reservado\/a para hacerlo? \u00a1Pues no te preocupes! \u00a1Las flores hablan por ti! Demu\u00e9strale tu amor, ternura y afecto regal\u00e1ndole <a href=\"https:\/\/www.interflora.es\/c\/rosas\">un hermoso ramo de rosas<\/a> o una composici\u00f3n floral con sus flores favoritas. Puedes estar seguro de que, sin decir una palabra, <strong>tu madre entender\u00e1 perfectamente lo que la quieres decir<\/strong>. Adem\u00e1s, tambi\u00e9n puedes sorprenderla regal\u00e1ndole un ramo de flores un d\u00eda cualquiera, sin una raz\u00f3n precisa, \u00a1una forma muy hermosa de alegrarle el d\u00eda!<\/p>\n\n\n<div class=\"lp-produits-grid\"><div class=\"lp-produit\"><div class=\"lp-thumbnail-wrapper\"><img loading=\"lazy\" decoding=\"async\" width=\"300\" height=\"300\" src=\"https:\/\/www.interflora.es\/blog\/wp-content\/uploads\/2026\/04\/1773755821-ff183-s-serena-bouquet-300x300.jpg\" class=\"attachment-medium size-medium wp-post-image\" alt=\"\" srcset=\"https:\/\/www.interflora.es\/blog\/wp-content\/uploads\/2026\/04\/1773755821-ff183-s-serena-bouquet-300x300.jpg 300w, https:\/\/www.interflora.es\/blog\/wp-content\/uploads\/2026\/04\/1773755821-ff183-s-serena-bouquet-1024x1024.jpg 1024w, https:\/\/www.interflora.es\/blog\/wp-content\/uploads\/2026\/04\/1773755821-ff183-s-serena-bouquet-150x150.jpg 150w, https:\/\/www.interflora.es\/blog\/wp-content\/uploads\/2026\/04\/1773755821-ff183-s-serena-bouquet-768x768.jpg 768w, https:\/\/www.interflora.es\/blog\/wp-content\/uploads\/2026\/04\/1773755821-ff183-s-serena-bouquet-1536x1536.jpg 1536w, https:\/\/www.interflora.es\/blog\/wp-content\/uploads\/2026\/04\/1773755821-ff183-s-serena-bouquet-2048x2048.jpg 2048w\" sizes=\"auto, (max-width: 300px) 100vw, 300px\" \/><img decoding=\"async\" class=\"lp-badge\" src=\"https:\/\/prodblog.interflora.es\/blog\/wp-content\/uploads\/2025\/04\/220422_INTERFLORA_Main_Logo_rgb_Main_Color.png\" alt=\"Entrega r\u00e1pida\"><\/div><span>Serena<\/span><p>34.99 \u20ac<\/p><span class=\"obf-link lp-cta\" role=\"link\" tabindex=\"0\" data-b64=\"aHR0cHM6Ly93d3cuaW50ZXJmbG9yYS5lcy9wL2JvdXF1ZXQtc2VyZW5hLzE\/dXRtX21lZGl1bT1vcmdhbmljJnV0bV9zb3VyY2U9YmxvZ19wcm9kdWN0cyZ1dG1fY2FtcGFpZ249RkYxODM=\" data-target=\"_blank\"><svg xmlns=\"http:\/\/www.w3.org\/2000\/svg\" width=\"16\" height=\"16\" fill=\"currentColor\" class=\"bi bi-bag\" viewBox=\"0 0 16 16\"><path d=\"M8 1a2 2 0 0 1 2 2v1h2.5A1.5 1.5 0 0 1 14 5.5v8A1.5 1.5 0 0 1 12.5 15h-9A1.5 1.5 0 0 1 2 13.5v-8A1.5 1.5 0 0 1 3.5 3H6V2a2 2 0 0 1 2-1zm1 3V3a1 1 0 0 0-2 0v1h2z\"\/><\/svg>Comprar<\/span><p class=\"rapido\">Env\u00edo r\u00e1pido<\/p><\/div><div class=\"lp-produit\"><div class=\"lp-thumbnail-wrapper\"><img loading=\"lazy\" decoding=\"async\" width=\"300\" height=\"300\" src=\"https:\/\/www.interflora.es\/blog\/wp-content\/uploads\/2026\/04\/1773757197-ff185-s-cuore-di-mamma-bouquet-300x300.jpg\" class=\"attachment-medium size-medium wp-post-image\" alt=\"\" srcset=\"https:\/\/www.interflora.es\/blog\/wp-content\/uploads\/2026\/04\/1773757197-ff185-s-cuore-di-mamma-bouquet-300x300.jpg 300w, https:\/\/www.interflora.es\/blog\/wp-content\/uploads\/2026\/04\/1773757197-ff185-s-cuore-di-mamma-bouquet-1024x1024.jpg 1024w, https:\/\/www.interflora.es\/blog\/wp-content\/uploads\/2026\/04\/1773757197-ff185-s-cuore-di-mamma-bouquet-150x150.jpg 150w, https:\/\/www.interflora.es\/blog\/wp-content\/uploads\/2026\/04\/1773757197-ff185-s-cuore-di-mamma-bouquet-768x768.jpg 768w, https:\/\/www.interflora.es\/blog\/wp-content\/uploads\/2026\/04\/1773757197-ff185-s-cuore-di-mamma-bouquet-1536x1536.jpg 1536w, https:\/\/www.interflora.es\/blog\/wp-content\/uploads\/2026\/04\/1773757197-ff185-s-cuore-di-mamma-bouquet-2048x2048.jpg 2048w\" sizes=\"auto, (max-width: 300px) 100vw, 300px\" \/><img decoding=\"async\" class=\"lp-badge\" src=\"https:\/\/prodblog.interflora.es\/blog\/wp-content\/uploads\/2025\/04\/220422_INTERFLORA_Main_Logo_rgb_Main_Color.png\" alt=\"Entrega r\u00e1pida\"><\/div><span>Coraz\u00f3n de Mam\u00e1<\/span><p>54.99 \u20ac<\/p><span class=\"obf-link lp-cta\" role=\"link\" tabindex=\"0\" data-b64=\"aHR0cHM6Ly93d3cuaW50ZXJmbG9yYS5lcy9wL2NvcmF6b24tZGUtbWFtYS8xP3V0bV9tZWRpdW09b3JnYW5pYyZ1dG1fc291cmNlPWJsb2dfcHJvZHVjdHMmdXRtX2NhbXBhaWduPUZGMTg1\" data-target=\"_blank\"><svg xmlns=\"http:\/\/www.w3.org\/2000\/svg\" width=\"16\" height=\"16\" fill=\"currentColor\" class=\"bi bi-bag\" viewBox=\"0 0 16 16\"><path d=\"M8 1a2 2 0 0 1 2 2v1h2.5A1.5 1.5 0 0 1 14 5.5v8A1.5 1.5 0 0 1 12.5 15h-9A1.5 1.5 0 0 1 2 13.5v-8A1.5 1.5 0 0 1 3.5 3H6V2a2 2 0 0 1 2-1zm1 3V3a1 1 0 0 0-2 0v1h2z\"\/><\/svg>Comprar<\/span><p class=\"rapido\">Env\u00edo r\u00e1pido<\/p><\/div><div class=\"lp-produit\"><div class=\"lp-thumbnail-wrapper\"><img loading=\"lazy\" decoding=\"async\" width=\"300\" height=\"300\" src=\"https:\/\/www.interflora.es\/blog\/wp-content\/uploads\/2026\/03\/1764243761-ff021-s-musa-300x300.jpg\" class=\"attachment-medium size-medium wp-post-image\" alt=\"\" srcset=\"https:\/\/www.interflora.es\/blog\/wp-content\/uploads\/2026\/03\/1764243761-ff021-s-musa-300x300.jpg 300w, https:\/\/www.interflora.es\/blog\/wp-content\/uploads\/2026\/03\/1764243761-ff021-s-musa-150x150.jpg 150w, https:\/\/www.interflora.es\/blog\/wp-content\/uploads\/2026\/03\/1764243761-ff021-s-musa-768x768.jpg 768w, https:\/\/www.interflora.es\/blog\/wp-content\/uploads\/2026\/03\/1764243761-ff021-s-musa.jpg 1000w\" sizes=\"auto, (max-width: 300px) 100vw, 300px\" \/><img decoding=\"async\" class=\"lp-badge\" src=\"https:\/\/prodblog.interflora.es\/blog\/wp-content\/uploads\/2025\/04\/220422_INTERFLORA_Main_Logo_rgb_Main_Color.png\" alt=\"Entrega r\u00e1pida\"><\/div><span>Musa<\/span><p>34.99 \u20ac<\/p><span class=\"obf-link lp-cta\" role=\"link\" tabindex=\"0\" data-b64=\"aHR0cHM6Ly93d3cuaW50ZXJmbG9yYS5lcy9wL3JhbW8tZGUtcm9zYXMteS1mbG9yZXMtbWl4dGFzLWNvbi12ZXJkZS1kZWNvcmF0aXZvLzE\/dXRtX21lZGl1bT1vcmdhbmljJnV0bV9zb3VyY2U9YmxvZ19wcm9kdWN0cyZ1dG1fY2FtcGFpZ249RkYwMjE=\" data-target=\"_blank\"><svg xmlns=\"http:\/\/www.w3.org\/2000\/svg\" width=\"16\" height=\"16\" fill=\"currentColor\" class=\"bi bi-bag\" viewBox=\"0 0 16 16\"><path d=\"M8 1a2 2 0 0 1 2 2v1h2.5A1.5 1.5 0 0 1 14 5.5v8A1.5 1.5 0 0 1 12.5 15h-9A1.5 1.5 0 0 1 2 13.5v-8A1.5 1.5 0 0 1 3.5 3H6V2a2 2 0 0 1 2-1zm1 3V3a1 1 0 0 0-2 0v1h2z\"\/><\/svg>Comprar<\/span><p class=\"rapido\">Atenci\u00f3n al cliente siempre disponible<\/p><\/div><div class=\"lp-produit\"><div class=\"lp-thumbnail-wrapper\"><img loading=\"lazy\" decoding=\"async\" width=\"300\" height=\"300\" src=\"https:\/\/www.interflora.es\/blog\/wp-content\/uploads\/2025\/04\/1740651447-ff138-aria-di-campagna-key-300x300.jpg\" class=\"attachment-medium size-medium wp-post-image\" alt=\"\" srcset=\"https:\/\/www.interflora.es\/blog\/wp-content\/uploads\/2025\/04\/1740651447-ff138-aria-di-campagna-key-300x300.jpg 300w, https:\/\/www.interflora.es\/blog\/wp-content\/uploads\/2025\/04\/1740651447-ff138-aria-di-campagna-key-1024x1024.jpg 1024w, https:\/\/www.interflora.es\/blog\/wp-content\/uploads\/2025\/04\/1740651447-ff138-aria-di-campagna-key-150x150.jpg 150w, https:\/\/www.interflora.es\/blog\/wp-content\/uploads\/2025\/04\/1740651447-ff138-aria-di-campagna-key-768x768.jpg 768w, https:\/\/www.interflora.es\/blog\/wp-content\/uploads\/2025\/04\/1740651447-ff138-aria-di-campagna-key-1536x1536.jpg 1536w, https:\/\/www.interflora.es\/blog\/wp-content\/uploads\/2025\/04\/1740651447-ff138-aria-di-campagna-key.jpg 2048w\" sizes=\"auto, (max-width: 300px) 100vw, 300px\" \/><img decoding=\"async\" class=\"lp-badge\" src=\"https:\/\/prodblog.interflora.es\/blog\/wp-content\/uploads\/2025\/04\/220422_INTERFLORA_Main_Logo_rgb_Main_Color.png\" alt=\"Entrega r\u00e1pida\"><\/div><span>Aire Silvestre<\/span><p>29.99 \u20ac<\/p><span class=\"obf-link lp-cta\" role=\"link\" tabindex=\"0\" data-b64=\"aHR0cHM6Ly93d3cuaW50ZXJmbG9yYS5lcy9wL2FpcmUtc2lsdmVzdHJlLzE\/dXRtX21lZGl1bT1vcmdhbmljJnV0bV9zb3VyY2U9YmxvZ19wcm9kdWN0cyZ1dG1fY2FtcGFpZ249RkYxMzg=\" data-target=\"_blank\"><svg xmlns=\"http:\/\/www.w3.org\/2000\/svg\" width=\"16\" height=\"16\" fill=\"currentColor\" class=\"bi bi-bag\" viewBox=\"0 0 16 16\"><path d=\"M8 1a2 2 0 0 1 2 2v1h2.5A1.5 1.5 0 0 1 14 5.5v8A1.5 1.5 0 0 1 12.5 15h-9A1.5 1.5 0 0 1 2 13.5v-8A1.5 1.5 0 0 1 3.5 3H6V2a2 2 0 0 1 2-1zm1 3V3a1 1 0 0 0-2 0v1h2z\"\/><\/svg>Comprar<\/span><p class=\"rapido\">Entrega urgente<\/p><\/div><\/div>\n\n\n\n<div style=\"height:5px\" aria-hidden=\"true\" class=\"wp-block-spacer\"><\/div>\n\n\n\n<h3 class=\"wp-block-heading alignwide\"><strong>\u201c\u00a1Gracias, mam\u00e1!\u201d: regala flores para demostrar tu agradecimiento<\/strong><\/h3>\n\n\n\n<p>Seguro que no te faltan razones para dar las gracias a tu madre: gracias por los 9 meses de calor dentro de tu tripita; gracias por curar mis heridas, besar mis l\u00e1grimas y abrazarme cuando ten\u00eda pesadillas; gracias por quedarte despierta hasta tarde, cuando sal\u00eda con mis amigos; gracias por tus deliciosas comidas, por tus valiosos consejos; gracias por confiar en m\u00ed cada d\u00eda; gracias por ser una superabuela para mis hijos&#8230; Ya lo ves, \u00a1la lista es interminable! Sin embargo, no hace falta una raz\u00f3n precisa: regala rosas u otras flores a tu madre, simplemente, <strong>para agradecerle que sea \u00a1la mejor mam\u00e1 del mundo!<\/strong><\/p>\n\n\n\n<figure class=\"wp-block-image aligncenter size-full is-resized\"><img loading=\"lazy\" decoding=\"async\" width=\"1000\" height=\"667\" src=\"https:\/\/www.interflora.es\/blog\/wp-content\/uploads\/2026\/04\/dia-de-la-madre-17.jpg\" alt=\"\" class=\"wp-image-35766\" style=\"width:700px\" srcset=\"https:\/\/www.interflora.es\/blog\/wp-content\/uploads\/2026\/04\/dia-de-la-madre-17.jpg 1000w, https:\/\/www.interflora.es\/blog\/wp-content\/uploads\/2026\/04\/dia-de-la-madre-17-300x200.jpg 300w, https:\/\/www.interflora.es\/blog\/wp-content\/uploads\/2026\/04\/dia-de-la-madre-17-768x512.jpg 768w\" sizes=\"auto, (max-width: 1000px) 100vw, 1000px\" \/><\/figure>\n\n\n\n<h3 class=\"wp-block-heading alignwide\" style=\"padding-top:var(--wp--preset--spacing--40);padding-bottom:var(--wp--preset--spacing--40)\"><strong>&nbsp;Flores para regalar a mi madre, \u00a1porque se lo merece!<\/strong><\/h3>\n\n\n\n<p>De eso estamos seguros, \u00a1nuestras madres merecen las flores y las plantas m\u00e1s bonitas! \u00bfTu mam\u00e1 es \u00fanica, extraordinaria, sensacional e incluso admirable? \u00a1Pues ya lo sabes! D\u00edselo con los <a href=\"https:\/\/www.interflora.es\/c\/flores\/ramos-de-flores\">ramos de flores<\/a>, los <a href=\"https:\/\/www.interflora.es\/c\/flores\/centros-cestas\">centros y cestas <\/a>\u00a0y\/o las plantas que m\u00e1s le gusten.<br>\u00bfQuieres <a href=\"https:\/\/www.interflora.es\/c\/rosas\/rosa-eterna\">una rosa eterna<\/a> para expresar tu amor infinito, <a href=\"https:\/\/www.interflora.es\/c\/flores\/orquideas\">una orqu\u00eddea<\/a> para elogiar su belleza, lirios que simbolicen tus sentimientos m\u00e1s puros o una flor especial para una mujer especial? \u00a1Pues nada m\u00e1s f\u00e1cil! Lo bueno de las flores y las plantas es que las hay para todos los gustos, de todos los colores y con m\u00faltiples y sutiles fragancias. Seguro que encontrar\u00e1s la flor que mejor transmita tus sentimientos hacia una de las mujeres m\u00e1s importantes de tu vida.<\/p>\n\n\n\n<div style=\"height:5px\" aria-hidden=\"true\" class=\"wp-block-spacer\"><\/div>\n\n\n\n<div style=\"height:5px\" aria-hidden=\"true\" class=\"wp-block-spacer\"><\/div>\n\n\n\n<h3 class=\"wp-block-heading alignwide\"><strong>Regalar flores a mi madre para pedirle perd\u00f3n<\/strong><\/h3>\n\n\n\n<p>\u00bfNecesitas pedir perd\u00f3n a tu madre? \u00bfHace d\u00edas que deseas reconciliarte con ella? Rompe el hielo envi\u00e1ndole un hermoso ramo de rosas u otras flores o una bonita planta, que seguro que provocar\u00e1n su sonrisa. Acomp\u00e1\u00f1alos con un mensaje personalizado y sincero y ver\u00e1s como la magia opera\u2026<\/p>\n\n\n\n<p>Y, sobre todo, no olvides que enviar un ramo de rosas o una planta a domicilio, ya sea para el D\u00eda de la Madre o simplemente para hacerla feliz, es una de las mejores sorpresas que una madre llena de amor puede recibir. \u00bfTodav\u00eda te est\u00e1s preguntado qu\u00e9 regalar a mi madre en su cumplea\u00f1os? \u00a1Pues ya sabes cu\u00e1l es el mejor regalo! \ud83d\udc90 \ud83d\udc90 \ud83d\udc90<\/p>\n\n\n\n<figure class=\"wp-block-image aligncenter size-full is-resized\"><img loading=\"lazy\" decoding=\"async\" width=\"1000\" height=\"667\" src=\"https:\/\/www.interflora.es\/blog\/wp-content\/uploads\/2026\/04\/dia-de-la-madre-16.jpg\" alt=\"\" class=\"wp-image-35765\" style=\"width:700px\" srcset=\"https:\/\/www.interflora.es\/blog\/wp-content\/uploads\/2026\/04\/dia-de-la-madre-16.jpg 1000w, https:\/\/www.interflora.es\/blog\/wp-content\/uploads\/2026\/04\/dia-de-la-madre-16-300x200.jpg 300w, https:\/\/www.interflora.es\/blog\/wp-content\/uploads\/2026\/04\/dia-de-la-madre-16-768x512.jpg 768w\" sizes=\"auto, (max-width: 1000px) 100vw, 1000px\" \/><\/figure>\n\n\n<div class=\"lp-produits-grid\"><div class=\"lp-produit\"><div class=\"lp-thumbnail-wrapper\"><img loading=\"lazy\" decoding=\"async\" width=\"300\" height=\"300\" src=\"https:\/\/www.interflora.es\/blog\/wp-content\/uploads\/2026\/03\/1764243761-ff021-s-musa-300x300.jpg\" class=\"attachment-medium size-medium wp-post-image\" alt=\"\" srcset=\"https:\/\/www.interflora.es\/blog\/wp-content\/uploads\/2026\/03\/1764243761-ff021-s-musa-300x300.jpg 300w, https:\/\/www.interflora.es\/blog\/wp-content\/uploads\/2026\/03\/1764243761-ff021-s-musa-150x150.jpg 150w, https:\/\/www.interflora.es\/blog\/wp-content\/uploads\/2026\/03\/1764243761-ff021-s-musa-768x768.jpg 768w, https:\/\/www.interflora.es\/blog\/wp-content\/uploads\/2026\/03\/1764243761-ff021-s-musa.jpg 1000w\" sizes=\"auto, (max-width: 300px) 100vw, 300px\" \/><img decoding=\"async\" class=\"lp-badge\" src=\"https:\/\/prodblog.interflora.es\/blog\/wp-content\/uploads\/2025\/04\/220422_INTERFLORA_Main_Logo_rgb_Main_Color.png\" alt=\"Entrega r\u00e1pida\"><\/div><span>Musa<\/span><p>34.99 \u20ac<\/p><span class=\"obf-link lp-cta\" role=\"link\" tabindex=\"0\" data-b64=\"aHR0cHM6Ly93d3cuaW50ZXJmbG9yYS5lcy9wL3JhbW8tZGUtcm9zYXMteS1mbG9yZXMtbWl4dGFzLWNvbi12ZXJkZS1kZWNvcmF0aXZvLzE\/dXRtX21lZGl1bT1vcmdhbmljJnV0bV9zb3VyY2U9YmxvZ19wcm9kdWN0cyZ1dG1fY2FtcGFpZ249RkYwMjE=\" data-target=\"_blank\"><svg xmlns=\"http:\/\/www.w3.org\/2000\/svg\" width=\"16\" height=\"16\" fill=\"currentColor\" class=\"bi bi-bag\" viewBox=\"0 0 16 16\"><path d=\"M8 1a2 2 0 0 1 2 2v1h2.5A1.5 1.5 0 0 1 14 5.5v8A1.5 1.5 0 0 1 12.5 15h-9A1.5 1.5 0 0 1 2 13.5v-8A1.5 1.5 0 0 1 3.5 3H6V2a2 2 0 0 1 2-1zm1 3V3a1 1 0 0 0-2 0v1h2z\"\/><\/svg>Comprar<\/span><p class=\"rapido\">Atenci\u00f3n al cliente siempre disponible<\/p><\/div><div class=\"lp-produit\"><div class=\"lp-thumbnail-wrapper\"><img loading=\"lazy\" decoding=\"async\" width=\"300\" height=\"300\" src=\"https:\/\/www.interflora.es\/blog\/wp-content\/uploads\/2026\/03\/1774019794-ff027-s-complicidad-300x300.jpg\" class=\"attachment-medium size-medium wp-post-image\" alt=\"\" srcset=\"https:\/\/www.interflora.es\/blog\/wp-content\/uploads\/2026\/03\/1774019794-ff027-s-complicidad-300x300.jpg 300w, https:\/\/www.interflora.es\/blog\/wp-content\/uploads\/2026\/03\/1774019794-ff027-s-complicidad-1024x1024.jpg 1024w, https:\/\/www.interflora.es\/blog\/wp-content\/uploads\/2026\/03\/1774019794-ff027-s-complicidad-150x150.jpg 150w, https:\/\/www.interflora.es\/blog\/wp-content\/uploads\/2026\/03\/1774019794-ff027-s-complicidad-768x768.jpg 768w, https:\/\/www.interflora.es\/blog\/wp-content\/uploads\/2026\/03\/1774019794-ff027-s-complicidad.jpg 1500w\" sizes=\"auto, (max-width: 300px) 100vw, 300px\" \/><img decoding=\"async\" class=\"lp-badge\" src=\"https:\/\/prodblog.interflora.es\/blog\/wp-content\/uploads\/2025\/04\/220422_INTERFLORA_Main_Logo_rgb_Main_Color.png\" alt=\"Entrega r\u00e1pida\"><\/div><span>Complicidad<\/span><p>39.99 \u20ac<\/p><span class=\"obf-link lp-cta\" role=\"link\" tabindex=\"0\" data-b64=\"aHR0cHM6Ly93d3cuaW50ZXJmbG9yYS5lcy9wL2FycmVnbG8tZGUtcm9zYXMteS1saWxpdW0vMT91dG1fbWVkaXVtPW9yZ2FuaWMmdXRtX3NvdXJjZT1ibG9nX3Byb2R1Y3RzJnV0bV9jYW1wYWlnbj1GRjAyNw==\" data-target=\"_blank\"><svg xmlns=\"http:\/\/www.w3.org\/2000\/svg\" width=\"16\" height=\"16\" fill=\"currentColor\" class=\"bi bi-bag\" viewBox=\"0 0 16 16\"><path d=\"M8 1a2 2 0 0 1 2 2v1h2.5A1.5 1.5 0 0 1 14 5.5v8A1.5 1.5 0 0 1 12.5 15h-9A1.5 1.5 0 0 1 2 13.5v-8A1.5 1.5 0 0 1 3.5 3H6V2a2 2 0 0 1 2-1zm1 3V3a1 1 0 0 0-2 0v1h2z\"\/><\/svg>Comprar<\/span><p class=\"rapido\">Entrega en el d\u00eda<\/p><\/div><div class=\"lp-produit\"><div class=\"lp-thumbnail-wrapper\"><img loading=\"lazy\" decoding=\"async\" width=\"300\" height=\"300\" src=\"https:\/\/www.interflora.es\/blog\/wp-content\/uploads\/2025\/04\/1740651447-ff138-aria-di-campagna-key-300x300.jpg\" class=\"attachment-medium size-medium wp-post-image\" alt=\"\" srcset=\"https:\/\/www.interflora.es\/blog\/wp-content\/uploads\/2025\/04\/1740651447-ff138-aria-di-campagna-key-300x300.jpg 300w, https:\/\/www.interflora.es\/blog\/wp-content\/uploads\/2025\/04\/1740651447-ff138-aria-di-campagna-key-1024x1024.jpg 1024w, https:\/\/www.interflora.es\/blog\/wp-content\/uploads\/2025\/04\/1740651447-ff138-aria-di-campagna-key-150x150.jpg 150w, https:\/\/www.interflora.es\/blog\/wp-content\/uploads\/2025\/04\/1740651447-ff138-aria-di-campagna-key-768x768.jpg 768w, https:\/\/www.interflora.es\/blog\/wp-content\/uploads\/2025\/04\/1740651447-ff138-aria-di-campagna-key-1536x1536.jpg 1536w, https:\/\/www.interflora.es\/blog\/wp-content\/uploads\/2025\/04\/1740651447-ff138-aria-di-campagna-key.jpg 2048w\" sizes=\"auto, (max-width: 300px) 100vw, 300px\" \/><img decoding=\"async\" class=\"lp-badge\" src=\"https:\/\/prodblog.interflora.es\/blog\/wp-content\/uploads\/2025\/04\/220422_INTERFLORA_Main_Logo_rgb_Main_Color.png\" alt=\"Entrega r\u00e1pida\"><\/div><span>Aire Silvestre<\/span><p>29.99 \u20ac<\/p><span class=\"obf-link lp-cta\" role=\"link\" tabindex=\"0\" data-b64=\"aHR0cHM6Ly93d3cuaW50ZXJmbG9yYS5lcy9wL2FpcmUtc2lsdmVzdHJlLzE\/dXRtX21lZGl1bT1vcmdhbmljJnV0bV9zb3VyY2U9YmxvZ19wcm9kdWN0cyZ1dG1fY2FtcGFpZ249RkYxMzg=\" data-target=\"_blank\"><svg xmlns=\"http:\/\/www.w3.org\/2000\/svg\" width=\"16\" height=\"16\" fill=\"currentColor\" class=\"bi bi-bag\" viewBox=\"0 0 16 16\"><path d=\"M8 1a2 2 0 0 1 2 2v1h2.5A1.5 1.5 0 0 1 14 5.5v8A1.5 1.5 0 0 1 12.5 15h-9A1.5 1.5 0 0 1 2 13.5v-8A1.5 1.5 0 0 1 3.5 3H6V2a2 2 0 0 1 2-1zm1 3V3a1 1 0 0 0-2 0v1h2z\"\/><\/svg>Comprar<\/span><p class=\"rapido\">Flores y plantas elegidas con mimo<\/p><\/div><div class=\"lp-produit\"><div class=\"lp-thumbnail-wrapper\"><img loading=\"lazy\" decoding=\"async\" width=\"300\" height=\"300\" src=\"https:\/\/www.interflora.es\/blog\/wp-content\/uploads\/2026\/03\/1773757970-ff037-s-melodia-bouquet-300x300.jpg\" class=\"attachment-medium size-medium wp-post-image\" alt=\"\" srcset=\"https:\/\/www.interflora.es\/blog\/wp-content\/uploads\/2026\/03\/1773757970-ff037-s-melodia-bouquet-300x300.jpg 300w, https:\/\/www.interflora.es\/blog\/wp-content\/uploads\/2026\/03\/1773757970-ff037-s-melodia-bouquet-1024x1024.jpg 1024w, https:\/\/www.interflora.es\/blog\/wp-content\/uploads\/2026\/03\/1773757970-ff037-s-melodia-bouquet-150x150.jpg 150w, https:\/\/www.interflora.es\/blog\/wp-content\/uploads\/2026\/03\/1773757970-ff037-s-melodia-bouquet-768x768.jpg 768w, https:\/\/www.interflora.es\/blog\/wp-content\/uploads\/2026\/03\/1773757970-ff037-s-melodia-bouquet-1536x1536.jpg 1536w, https:\/\/www.interflora.es\/blog\/wp-content\/uploads\/2026\/03\/1773757970-ff037-s-melodia-bouquet-2048x2048.jpg 2048w\" sizes=\"auto, (max-width: 300px) 100vw, 300px\" \/><img decoding=\"async\" class=\"lp-badge\" src=\"https:\/\/prodblog.interflora.es\/blog\/wp-content\/uploads\/2025\/04\/220422_INTERFLORA_Main_Logo_rgb_Main_Color.png\" alt=\"Entrega r\u00e1pida\"><\/div><span>Melod\u00eda<\/span><p>44.99 \u20ac<\/p><span class=\"obf-link lp-cta\" role=\"link\" tabindex=\"0\" data-b64=\"aHR0cHM6Ly93d3cuaW50ZXJmbG9yYS5lcy9wL21lbG9kaWEvMT91dG1fbWVkaXVtPW9yZ2FuaWMmdXRtX3NvdXJjZT1ibG9nX3Byb2R1Y3RzJnV0bV9jYW1wYWlnbj1GRjAzNw==\" data-target=\"_blank\"><svg xmlns=\"http:\/\/www.w3.org\/2000\/svg\" width=\"16\" height=\"16\" fill=\"currentColor\" class=\"bi bi-bag\" viewBox=\"0 0 16 16\"><path d=\"M8 1a2 2 0 0 1 2 2v1h2.5A1.5 1.5 0 0 1 14 5.5v8A1.5 1.5 0 0 1 12.5 15h-9A1.5 1.5 0 0 1 2 13.5v-8A1.5 1.5 0 0 1 3.5 3H6V2a2 2 0 0 1 2-1zm1 3V3a1 1 0 0 0-2 0v1h2z\"\/><\/svg>Comprar<\/span><p class=\"rapido\">Atenci\u00f3n al cliente siempre disponible<\/p><\/div><\/div>\n","protected":false},"excerpt":{"rendered":"<p>\u00bfPor qu\u00e9 regalar flores a mi madre?, \u00bfen qu\u00e9 momento, qu\u00e9 d\u00eda o para qu\u00e9 celebraci\u00f3n? Si ya te has preguntado alguna vez si las flores son el mejor regalo para tu madre, en Interflora tenemos la respuesta: \u00a1pues claro que s\u00ed!<br \/>\nLa mejor madre del mundo, que es sin duda la tuya, merece el mejor regalo del mundo. Sin embargo, pi\u00e9nsalo bien, \u00bfcu\u00e1ndo fue la \u00faltima vez que le dijiste a tu madre lo mucho que la quieres?<\/p>\n","protected":false},"author":13,"featured_media":35755,"comment_status":"open","ping_status":"closed","sticky":false,"template":"","format":"standard","meta":{"_acf_changed":false,"_uag_custom_page_level_css":"","site-sidebar-layout":"default","site-content-layout":"","ast-site-content-layout":"default","site-content-style":"default","site-sidebar-style":"default","ast-global-header-display":"","ast-banner-title-visibility":"","ast-main-header-display":"","ast-hfb-above-header-display":"","ast-hfb-below-header-display":"","ast-hfb-mobile-header-display":"","site-post-title":"","ast-breadcrumbs-content":"","ast-featured-img":"","footer-sml-layout":"","theme-transparent-header-meta":"","adv-header-id-meta":"","stick-header-meta":"","header-above-stick-meta":"","header-main-stick-meta":"","header-below-stick-meta":"","astra-migrate-meta-layouts":"set","ast-page-background-enabled":"default","ast-page-background-meta":{"desktop":{"background-color":"var(--ast-global-color-5)","background-image":"","background-repeat":"repeat","background-position":"center center","background-size":"auto","background-attachment":"scroll","background-type":"","background-media":"","overlay-type":"","overlay-color":"","overlay-opacity":"","overlay-gradient":""},"tablet":{"background-color":"","background-image":"","background-repeat":"repeat","background-position":"center center","background-size":"auto","background-attachment":"scroll","background-type":"","background-media":"","overlay-type":"","overlay-color":"","overlay-opacity":"","overlay-gradient":""},"mobile":{"background-color":"","background-image":"","background-repeat":"repeat","background-position":"center center","background-size":"auto","background-attachment":"scroll","background-type":"","background-media":"","overlay-type":"","overlay-color":"","overlay-opacity":"","overlay-gradient":""}},"ast-content-background-meta":{"desktop":{"background-color":"var(--ast-global-color-4)","background-image":"","background-repeat":"repeat","background-position":"center center","background-size":"auto","background-attachment":"scroll","background-type":"","background-media":"","overlay-type":"","overlay-color":"","overlay-opacity":"","overlay-gradient":""},"tablet":{"background-color":"var(--ast-global-color-4)","background-image":"","background-repeat":"repeat","background-position":"center center","background-size":"auto","background-attachment":"scroll","background-type":"","background-media":"","overlay-type":"","overlay-color":"","overlay-opacity":"","overlay-gradient":""},"mobile":{"background-color":"var(--ast-global-color-4)","background-image":"","background-repeat":"repeat","background-position":"center center","background-size":"auto","background-attachment":"scroll","background-type":"","background-media":"","overlay-type":"","overlay-color":"","overlay-opacity":"","overlay-gradient":""}},"footnotes":""},"categories":[142,23],"tags":[143],"class_list":["post-21288","post","type-post","status-publish","format-standard","has-post-thumbnail","hentry","category-dia-de-la-madre","category-ocasiones-especiales","tag-dia-de-la-madre"],"acf":[],"yoast_head":"<!-- This site is optimized with the Yoast SEO plugin v27.5 - https:\/\/yoast.com\/product\/yoast-seo-wordpress\/ -->\n<title>Flores para regalar a mi madre en muchas ocasiones |Interflora<\/title>\n<meta name=\"description\" content=\"Si buscas razones, o m\u00e1s bien buenas excusas, para regalar flores a tu madre, Interflora te da ideas de momentos especiales para decir te quiero.\" \/>\n<meta name=\"robots\" content=\"index, follow, max-snippet:-1, max-image-preview:large, max-video-preview:-1\" \/>\n<link rel=\"canonical\" href=\"https:\/\/www.interflora.es\/blog\/las-mejores-razones-para-regalar-flores-a-una-madre\/\" \/>\n<script type=\"application\/ld+json\" class=\"yoast-schema-graph\">{\"@context\":\"https:\\\/\\\/schema.org\",\"@graph\":[{\"@type\":\"Article\",\"@id\":\"https:\\\/\\\/www.interflora.es\\\/blog\\\/las-mejores-razones-para-regalar-flores-a-una-madre\\\/#article\",\"isPartOf\":{\"@id\":\"https:\\\/\\\/www.interflora.es\\\/blog\\\/las-mejores-razones-para-regalar-flores-a-una-madre\\\/\"},\"author\":{\"name\":\"Interflora\",\"@id\":\"https:\\\/\\\/www.interflora.es\\\/blog\\\/#\\\/schema\\\/person\\\/e3ecff50262948e365b92682cdc2a9d1\"},\"headline\":\"Las mejores razones para regalar flores a una madre\",\"datePublished\":\"2026-04-14T13:53:53+00:00\",\"dateModified\":\"2026-04-29T10:43:58+00:00\",\"mainEntityOfPage\":{\"@id\":\"https:\\\/\\\/www.interflora.es\\\/blog\\\/las-mejores-razones-para-regalar-flores-a-una-madre\\\/\"},\"wordCount\":839,\"commentCount\":0,\"publisher\":{\"@id\":\"https:\\\/\\\/www.interflora.es\\\/blog\\\/#organization\"},\"image\":{\"@id\":\"https:\\\/\\\/www.interflora.es\\\/blog\\\/las-mejores-razones-para-regalar-flores-a-una-madre\\\/#primaryimage\"},\"thumbnailUrl\":\"https:\\\/\\\/www.interflora.es\\\/blog\\\/wp-content\\\/uploads\\\/2026\\\/04\\\/dia-de-la-madre-6.jpg\",\"keywords\":[\"D\u00eda de la Madre\"],\"articleSection\":[\"D\u00eda de la Madre\",\"Ocasiones especiales\"],\"inLanguage\":\"es\",\"potentialAction\":[{\"@type\":\"CommentAction\",\"name\":\"Comment\",\"target\":[\"https:\\\/\\\/www.interflora.es\\\/blog\\\/las-mejores-razones-para-regalar-flores-a-una-madre\\\/#respond\"]}]},{\"@type\":\"WebPage\",\"@id\":\"https:\\\/\\\/www.interflora.es\\\/blog\\\/las-mejores-razones-para-regalar-flores-a-una-madre\\\/\",\"url\":\"https:\\\/\\\/www.interflora.es\\\/blog\\\/las-mejores-razones-para-regalar-flores-a-una-madre\\\/\",\"name\":\"Flores para regalar a mi madre en muchas ocasiones |Interflora\",\"isPartOf\":{\"@id\":\"https:\\\/\\\/www.interflora.es\\\/blog\\\/#website\"},\"primaryImageOfPage\":{\"@id\":\"https:\\\/\\\/www.interflora.es\\\/blog\\\/las-mejores-razones-para-regalar-flores-a-una-madre\\\/#primaryimage\"},\"image\":{\"@id\":\"https:\\\/\\\/www.interflora.es\\\/blog\\\/las-mejores-razones-para-regalar-flores-a-una-madre\\\/#primaryimage\"},\"thumbnailUrl\":\"https:\\\/\\\/www.interflora.es\\\/blog\\\/wp-content\\\/uploads\\\/2026\\\/04\\\/dia-de-la-madre-6.jpg\",\"datePublished\":\"2026-04-14T13:53:53+00:00\",\"dateModified\":\"2026-04-29T10:43:58+00:00\",\"description\":\"Si buscas razones, o m\u00e1s bien buenas excusas, para regalar flores a tu madre, Interflora te da ideas de momentos especiales para decir te quiero.\",\"breadcrumb\":{\"@id\":\"https:\\\/\\\/www.interflora.es\\\/blog\\\/las-mejores-razones-para-regalar-flores-a-una-madre\\\/#breadcrumb\"},\"inLanguage\":\"es\",\"potentialAction\":[{\"@type\":\"ReadAction\",\"target\":[\"https:\\\/\\\/www.interflora.es\\\/blog\\\/las-mejores-razones-para-regalar-flores-a-una-madre\\\/\"]}]},{\"@type\":\"ImageObject\",\"inLanguage\":\"es\",\"@id\":\"https:\\\/\\\/www.interflora.es\\\/blog\\\/las-mejores-razones-para-regalar-flores-a-una-madre\\\/#primaryimage\",\"url\":\"https:\\\/\\\/www.interflora.es\\\/blog\\\/wp-content\\\/uploads\\\/2026\\\/04\\\/dia-de-la-madre-6.jpg\",\"contentUrl\":\"https:\\\/\\\/www.interflora.es\\\/blog\\\/wp-content\\\/uploads\\\/2026\\\/04\\\/dia-de-la-madre-6.jpg\",\"width\":667,\"height\":1000},{\"@type\":\"BreadcrumbList\",\"@id\":\"https:\\\/\\\/www.interflora.es\\\/blog\\\/las-mejores-razones-para-regalar-flores-a-una-madre\\\/#breadcrumb\",\"itemListElement\":[{\"@type\":\"ListItem\",\"position\":1,\"name\":\"Home\",\"item\":\"https:\\\/\\\/www.interflora.es\\\/blog\\\/\"},{\"@type\":\"ListItem\",\"position\":2,\"name\":\"Las mejores razones para regalar flores a una madre\"}]},{\"@type\":\"WebSite\",\"@id\":\"https:\\\/\\\/www.interflora.es\\\/blog\\\/#website\",\"url\":\"https:\\\/\\\/www.interflora.es\\\/blog\\\/\",\"name\":\"El blog de Interflora : consejos, ideas e inspiraci\u00f3n para disfrutar de las flores y las plantas\",\"description\":\"\",\"publisher\":{\"@id\":\"https:\\\/\\\/www.interflora.es\\\/blog\\\/#organization\"},\"potentialAction\":[{\"@type\":\"SearchAction\",\"target\":{\"@type\":\"EntryPoint\",\"urlTemplate\":\"https:\\\/\\\/www.interflora.es\\\/blog\\\/?s={search_term_string}\"},\"query-input\":{\"@type\":\"PropertyValueSpecification\",\"valueRequired\":true,\"valueName\":\"search_term_string\"}}],\"inLanguage\":\"es\"},{\"@type\":\"Organization\",\"@id\":\"https:\\\/\\\/www.interflora.es\\\/blog\\\/#organization\",\"name\":\"El blog de Interflora : consejos, ideas e inspiraci\u00f3n para disfrutar de las flores y las plantas\",\"url\":\"https:\\\/\\\/www.interflora.es\\\/blog\\\/\",\"logo\":{\"@type\":\"ImageObject\",\"inLanguage\":\"es\",\"@id\":\"https:\\\/\\\/www.interflora.es\\\/blog\\\/#\\\/schema\\\/logo\\\/image\\\/\",\"url\":\"https:\\\/\\\/www.interflora.es\\\/blog\\\/wp-content\\\/uploads\\\/2025\\\/10\\\/cropped-220422_INTERFLORA_Logo_rgb_Half_Top_Circle_Main_Color.png\",\"contentUrl\":\"https:\\\/\\\/www.interflora.es\\\/blog\\\/wp-content\\\/uploads\\\/2025\\\/10\\\/cropped-220422_INTERFLORA_Logo_rgb_Half_Top_Circle_Main_Color.png\",\"width\":1418,\"height\":659,\"caption\":\"El blog de Interflora : consejos, ideas e inspiraci\u00f3n para disfrutar de las flores y las plantas\"},\"image\":{\"@id\":\"https:\\\/\\\/www.interflora.es\\\/blog\\\/#\\\/schema\\\/logo\\\/image\\\/\"}},{\"@type\":\"Person\",\"@id\":\"https:\\\/\\\/www.interflora.es\\\/blog\\\/#\\\/schema\\\/person\\\/e3ecff50262948e365b92682cdc2a9d1\",\"name\":\"Interflora\",\"image\":{\"@type\":\"ImageObject\",\"inLanguage\":\"es\",\"@id\":\"https:\\\/\\\/www.interflora.es\\\/blog\\\/wp-content\\\/litespeed\\\/avatar\\\/ef0a9e22ccabc545011ca74a630eaf3e.jpg?ver=1776950439\",\"url\":\"https:\\\/\\\/www.interflora.es\\\/blog\\\/wp-content\\\/litespeed\\\/avatar\\\/ef0a9e22ccabc545011ca74a630eaf3e.jpg?ver=1776950439\",\"contentUrl\":\"https:\\\/\\\/www.interflora.es\\\/blog\\\/wp-content\\\/litespeed\\\/avatar\\\/ef0a9e22ccabc545011ca74a630eaf3e.jpg?ver=1776950439\",\"caption\":\"Interflora\"}}]}<\/script>\n<!-- \/ Yoast SEO plugin. -->","yoast_head_json":{"title":"Flores para regalar a mi madre en muchas ocasiones |Interflora","description":"Si buscas razones, o m\u00e1s bien buenas excusas, para regalar flores a tu madre, Interflora te da ideas de momentos especiales para decir te quiero.","robots":{"index":"index","follow":"follow","max-snippet":"max-snippet:-1","max-image-preview":"max-image-preview:large","max-video-preview":"max-video-preview:-1"},"canonical":"https:\/\/www.interflora.es\/blog\/las-mejores-razones-para-regalar-flores-a-una-madre\/","schema":{"@context":"https:\/\/schema.org","@graph":[{"@type":"Article","@id":"https:\/\/www.interflora.es\/blog\/las-mejores-razones-para-regalar-flores-a-una-madre\/#article","isPartOf":{"@id":"https:\/\/www.interflora.es\/blog\/las-mejores-razones-para-regalar-flores-a-una-madre\/"},"author":{"name":"Interflora","@id":"https:\/\/www.interflora.es\/blog\/#\/schema\/person\/e3ecff50262948e365b92682cdc2a9d1"},"headline":"Las mejores razones para regalar flores a una madre","datePublished":"2026-04-14T13:53:53+00:00","dateModified":"2026-04-29T10:43:58+00:00","mainEntityOfPage":{"@id":"https:\/\/www.interflora.es\/blog\/las-mejores-razones-para-regalar-flores-a-una-madre\/"},"wordCount":839,"commentCount":0,"publisher":{"@id":"https:\/\/www.interflora.es\/blog\/#organization"},"image":{"@id":"https:\/\/www.interflora.es\/blog\/las-mejores-razones-para-regalar-flores-a-una-madre\/#primaryimage"},"thumbnailUrl":"https:\/\/www.interflora.es\/blog\/wp-content\/uploads\/2026\/04\/dia-de-la-madre-6.jpg","keywords":["D\u00eda de la Madre"],"articleSection":["D\u00eda de la Madre","Ocasiones especiales"],"inLanguage":"es","potentialAction":[{"@type":"CommentAction","name":"Comment","target":["https:\/\/www.interflora.es\/blog\/las-mejores-razones-para-regalar-flores-a-una-madre\/#respond"]}]},{"@type":"WebPage","@id":"https:\/\/www.interflora.es\/blog\/las-mejores-razones-para-regalar-flores-a-una-madre\/","url":"https:\/\/www.interflora.es\/blog\/las-mejores-razones-para-regalar-flores-a-una-madre\/","name":"Flores para regalar a mi madre en muchas ocasiones |Interflora","isPartOf":{"@id":"https:\/\/www.interflora.es\/blog\/#website"},"primaryImageOfPage":{"@id":"https:\/\/www.interflora.es\/blog\/las-mejores-razones-para-regalar-flores-a-una-madre\/#primaryimage"},"image":{"@id":"https:\/\/www.interflora.es\/blog\/las-mejores-razones-para-regalar-flores-a-una-madre\/#primaryimage"},"thumbnailUrl":"https:\/\/www.interflora.es\/blog\/wp-content\/uploads\/2026\/04\/dia-de-la-madre-6.jpg","datePublished":"2026-04-14T13:53:53+00:00","dateModified":"2026-04-29T10:43:58+00:00","description":"Si buscas razones, o m\u00e1s bien buenas excusas, para regalar flores a tu madre, Interflora te da ideas de momentos especiales para decir te quiero.","breadcrumb":{"@id":"https:\/\/www.interflora.es\/blog\/las-mejores-razones-para-regalar-flores-a-una-madre\/#breadcrumb"},"inLanguage":"es","potentialAction":[{"@type":"ReadAction","target":["https:\/\/www.interflora.es\/blog\/las-mejores-razones-para-regalar-flores-a-una-madre\/"]}]},{"@type":"ImageObject","inLanguage":"es","@id":"https:\/\/www.interflora.es\/blog\/las-mejores-razones-para-regalar-flores-a-una-madre\/#primaryimage","url":"https:\/\/www.interflora.es\/blog\/wp-content\/uploads\/2026\/04\/dia-de-la-madre-6.jpg","contentUrl":"https:\/\/www.interflora.es\/blog\/wp-content\/uploads\/2026\/04\/dia-de-la-madre-6.jpg","width":667,"height":1000},{"@type":"BreadcrumbList","@id":"https:\/\/www.interflora.es\/blog\/las-mejores-razones-para-regalar-flores-a-una-madre\/#breadcrumb","itemListElement":[{"@type":"ListItem","position":1,"name":"Home","item":"https:\/\/www.interflora.es\/blog\/"},{"@type":"ListItem","position":2,"name":"Las mejores razones para regalar flores a una madre"}]},{"@type":"WebSite","@id":"https:\/\/www.interflora.es\/blog\/#website","url":"https:\/\/www.interflora.es\/blog\/","name":"El blog de Interflora : consejos, ideas e inspiraci\u00f3n para disfrutar de las flores y las plantas","description":"","publisher":{"@id":"https:\/\/www.interflora.es\/blog\/#organization"},"potentialAction":[{"@type":"SearchAction","target":{"@type":"EntryPoint","urlTemplate":"https:\/\/www.interflora.es\/blog\/?s={search_term_string}"},"query-input":{"@type":"PropertyValueSpecification","valueRequired":true,"valueName":"search_term_string"}}],"inLanguage":"es"},{"@type":"Organization","@id":"https:\/\/www.interflora.es\/blog\/#organization","name":"El blog de Interflora : consejos, ideas e inspiraci\u00f3n para disfrutar de las flores y las plantas","url":"https:\/\/www.interflora.es\/blog\/","logo":{"@type":"ImageObject","inLanguage":"es","@id":"https:\/\/www.interflora.es\/blog\/#\/schema\/logo\/image\/","url":"https:\/\/www.interflora.es\/blog\/wp-content\/uploads\/2025\/10\/cropped-220422_INTERFLORA_Logo_rgb_Half_Top_Circle_Main_Color.png","contentUrl":"https:\/\/www.interflora.es\/blog\/wp-content\/uploads\/2025\/10\/cropped-220422_INTERFLORA_Logo_rgb_Half_Top_Circle_Main_Color.png","width":1418,"height":659,"caption":"El blog de Interflora : consejos, ideas e inspiraci\u00f3n para disfrutar de las flores y las plantas"},"image":{"@id":"https:\/\/www.interflora.es\/blog\/#\/schema\/logo\/image\/"}},{"@type":"Person","@id":"https:\/\/www.interflora.es\/blog\/#\/schema\/person\/e3ecff50262948e365b92682cdc2a9d1","name":"Interflora","image":{"@type":"ImageObject","inLanguage":"es","@id":"https:\/\/www.interflora.es\/blog\/wp-content\/litespeed\/avatar\/ef0a9e22ccabc545011ca74a630eaf3e.jpg?ver=1776950439","url":"https:\/\/www.interflora.es\/blog\/wp-content\/litespeed\/avatar\/ef0a9e22ccabc545011ca74a630eaf3e.jpg?ver=1776950439","contentUrl":"https:\/\/www.interflora.es\/blog\/wp-content\/litespeed\/avatar\/ef0a9e22ccabc545011ca74a630eaf3e.jpg?ver=1776950439","caption":"Interflora"}}]}},"uagb_featured_image_src":{"full":["https:\/\/www.interflora.es\/blog\/wp-content\/uploads\/2026\/04\/dia-de-la-madre-6.jpg",667,1000,false],"thumbnail":["https:\/\/www.interflora.es\/blog\/wp-content\/uploads\/2026\/04\/dia-de-la-madre-6-150x150.jpg",150,150,true],"medium":["https:\/\/www.interflora.es\/blog\/wp-content\/uploads\/2026\/04\/dia-de-la-madre-6-200x300.jpg",200,300,true],"medium_large":["https:\/\/www.interflora.es\/blog\/wp-content\/uploads\/2026\/04\/dia-de-la-madre-6.jpg",667,1000,false],"large":["https:\/\/www.interflora.es\/blog\/wp-content\/uploads\/2026\/04\/dia-de-la-madre-6.jpg",667,1000,false],"1536x1536":["https:\/\/www.interflora.es\/blog\/wp-content\/uploads\/2026\/04\/dia-de-la-madre-6.jpg",667,1000,false],"2048x2048":["https:\/\/www.interflora.es\/blog\/wp-content\/uploads\/2026\/04\/dia-de-la-madre-6.jpg",667,1000,false]},"uagb_author_info":{"display_name":"Interflora","author_link":"https:\/\/www.interflora.es\/blog\/author\/interflora\/"},"uagb_comment_info":1,"uagb_excerpt":"\u00bfPor qu\u00e9 regalar flores a mi madre?, \u00bfen qu\u00e9 momento, qu\u00e9 d\u00eda o para qu\u00e9 celebraci\u00f3n? Si ya te has preguntado alguna vez si las flores son el mejor regalo para tu madre, en Interflora tenemos la respuesta: \u00a1pues claro que s\u00ed! La mejor madre del mundo, que es sin duda la tuya, merece el&hellip;","_links":{"self":[{"href":"https:\/\/www.interflora.es\/blog\/wp-json\/wp\/v2\/posts\/21288","targetHints":{"allow":["GET"]}}],"collection":[{"href":"https:\/\/www.interflora.es\/blog\/wp-json\/wp\/v2\/posts"}],"about":[{"href":"https:\/\/www.interflora.es\/blog\/wp-json\/wp\/v2\/types\/post"}],"author":[{"embeddable":true,"href":"https:\/\/www.interflora.es\/blog\/wp-json\/wp\/v2\/users\/13"}],"replies":[{"embeddable":true,"href":"https:\/\/www.interflora.es\/blog\/wp-json\/wp\/v2\/comments?post=21288"}],"version-history":[{"count":3,"href":"https:\/\/www.interflora.es\/blog\/wp-json\/wp\/v2\/posts\/21288\/revisions"}],"predecessor-version":[{"id":36464,"href":"https:\/\/www.interflora.es\/blog\/wp-json\/wp\/v2\/posts\/21288\/revisions\/36464"}],"wp:featuredmedia":[{"embeddable":true,"href":"https:\/\/www.interflora.es\/blog\/wp-json\/wp\/v2\/media\/35755"}],"wp:attachment":[{"href":"https:\/\/www.interflora.es\/blog\/wp-json\/wp\/v2\/media?parent=21288"}],"wp:term":[{"taxonomy":"category","embeddable":true,"href":"https:\/\/www.interflora.es\/blog\/wp-json\/wp\/v2\/categories?post=21288"},{"taxonomy":"post_tag","embeddable":true,"href":"https:\/\/www.interflora.es\/blog\/wp-json\/wp\/v2\/tags?post=21288"}],"curies":[{"name":"wp","href":"https:\/\/api.w.org\/{rel}","templated":true}]}}