{"id":20778,"date":"2025-09-15T11:04:20","date_gmt":"2025-09-15T09:04:20","guid":{"rendered":"https:\/\/www.interflora.es\/blog\/?p=20778"},"modified":"2025-09-15T11:04:58","modified_gmt":"2025-09-15T09:04:58","slug":"flores-y-frases-companera","status":"publish","type":"post","link":"https:\/\/www.interflora.es\/blog\/flores-y-frases-companera\/","title":{"rendered":"Flores y frases especiales para una compa\u00f1era de trabajo"},"content":{"rendered":"\n<p>Nuestras compa\u00f1eras de trabajo son como una segunda familia. Pasamos tanto tiempo con ellas que sabemos todo sobre sus gustos, sobre sus fechas especiales, sobre sus penas y alegr\u00edas y, aunque a veces nos gustar\u00eda cambiar de oficina, solemos apreciarlas tal y como son\u2026<br><strong>Desear felicidades con flores y frases especiales a una compa\u00f1era o de trabajo <\/strong>es un detalle muy bonito que nunca pasa desapercibido. Adem\u00e1s, las ocasiones para expresar tu aprecio a las mujeres con las que compartes trabajo son muy numerosas, desde <strong>un cumplea\u00f1os<\/strong> hasta <strong>el d\u00eda de su jubilaci\u00f3n<\/strong> y, como no, <strong>el D\u00eda Internacional de la Mujer<\/strong>. Una ocasi\u00f3n perfecta para agradecer a las mujeres que te rodean su contribuci\u00f3n a crear un entorno laboral m\u00e1s justo, diverso e igualitario. En Interflora tenemos <strong>flores a raudales para esas compa\u00f1eras de trabajo<\/strong> que merecen lo mejor, y te damos ideas para que las puedas acompa\u00f1ar con <strong>las frases m\u00e1s bonitas y sinceras<\/strong>. \u00a1Toma nota y alegra el d\u00eda con un ramo de flores a tus compa\u00f1eras de oficina!<\/p>\n\n\n\n<figure class=\"wp-block-image aligncenter size-large is-resized\"><img loading=\"lazy\" decoding=\"async\" width=\"1024\" height=\"704\" src=\"https:\/\/www.interflora.es\/blog\/wp-content\/uploads\/flores-companera-trabajo-1024x704.jpg\" alt=\"Flores para compa\u00f1era de trabajo\" class=\"wp-image-20783\" style=\"width:900px\"\/><\/figure>\n\n\n\n<h2 class=\"wp-block-heading alignwide\" style=\"margin-top:var(--wp--preset--spacing--40);margin-bottom:var(--wp--preset--spacing--40)\"><strong>Felicita el D\u00eda de la Mujer a tus compa\u00f1eras de trabajo<\/strong><\/h2>\n\n\n\n<p>El D\u00eda Internacional de la Mujer es una ocasi\u00f3n perfecta para <a href=\"https:\/\/www.interflora.es\/c\/fiestas\/flores-para-el-dia-de-la-mujer\">felicitar con flores a tus compa\u00f1eras<\/a> y agradecerles su contribuci\u00f3n a crear un ambiente de trabajo m\u00e1s diverso, igualitario y plural. Anteriormente conocido como el <em>D\u00eda Internacional de la Mujer Trabajadora, <\/em>esta conmemoraci\u00f3n no solo rinde homenaje a las mujeres que trabajan de manera remunerada, sino a todas las mujeres que luchan cada d\u00eda por encontrar su lugar en un mundo que no siempre se lo pone f\u00e1cil.&nbsp;<br>Visto que el morado es el color elegido para simbolizar este d\u00eda, un ramo de flores en esos tonos, acompa\u00f1ado de <a href=\"https:\/\/www.interflora.es\/blog\/frases-para-el-dia-de-la-mujer\/\">frases para el D\u00eda de la Mujer<\/a>, puede ser un regalo perfecto que sin duda traer\u00e1 un ambiente positivo y agradable a tu lugar de trabajo. \u00bfBuscas frases para una compa\u00f1era de trabajo que muestren tu aprecio en este d\u00eda? Pues aqu\u00ed te damos algunas para que puedas acompa\u00f1ar tu ramo:&nbsp;<\/p>\n\n\n\n<ul class=\"wp-block-list\">\n<li><em>Feliz d\u00eda, compa\u00f1era, porque tienes la fuerza para perseguir tus metas, la sabidur\u00eda para conquistarlas y la generosidad para compartirlas.<\/em><\/li>\n\n\n\n<li><em>Gracias por estar ah\u00ed compa\u00f1era. Venir al trabajo es un placer y tu forma de afrontar la vida inspira a los que te rodean. \u00a1Feliz D\u00eda Internacional de la Mujer!<\/em><\/li>\n\n\n\n<li><em>Celebra este d\u00eda compa\u00f1era, porque es el tuyo. Un d\u00eda en el que ser mujer es un motivo de uni\u00f3n y de orgullo, para que el futuro sea m\u00e1s justo e igualitario.<\/em><\/li>\n\n\n\n<li><em>En este D\u00eda Internacional de la Mujer te doy las gracias por tu lucha cotidiana por un mundo donde las mujeres seamos socialmente iguales, humanamente diferentes y totalmente&nbsp;libres. \u00a1Feliz D\u00eda de la Mujer!<\/em><\/li>\n<\/ul>\n\n\n\n<h2 class=\"wp-block-heading alignwide\"><strong>Felicita su cumplea\u00f1os a tus compa\u00f1eras de trabajo<\/strong><\/h2>\n\n\n\n<p><strong>Desear felicidades con flores y frases especiales a una compa\u00f1era de trabajo<\/strong> en su cumplea\u00f1os es un presente original muy f\u00e1cil de personalizar. Si sabes que a Marta le encantan <a href=\"https:\/\/www.interflora.es\/c\/rosas\">las rosas<\/a>, que Elena es una incondicional de los tulipanes desde que volvi\u00f3 de sus vacaciones en Holanda o que Susana, como buena Tauro, adora <a href=\"https:\/\/www.interflora.es\/c\/flores\/orquideas\">las orqu\u00eddeas<\/a>, elegir un <a href=\"https:\/\/www.interflora.es\/c\/cumpleanos\">ramo de flores de cumplea\u00f1os<\/a> para tus compa\u00f1eras queridas ser\u00e1 un juego de ni\u00f1os.&nbsp;<\/p>\n\n\n\n<p>Si no conoces muy bien sus gustos, observa qu\u00e9 tonos eligen para vestirse o maquillarse, qu\u00e9 tipo de perfume se ponen y si sus joyas u otros accesorios son discretos o m\u00e1s bien llamativos. Todos estos detalles pueden darte pistas sobre sus gustos en cuanto a flores. Si quieres ideas de frases para una compa\u00f1era de trabajo que acompa\u00f1en tus ramos de cumplea\u00f1os, aqu\u00ed tienes algunas:&nbsp;<\/p>\n\n\n\n<ul class=\"wp-block-list\">\n<li><em>No ha sido f\u00e1cil encontrar un ramo de flores para tu cumplea\u00f1os que rivalice en hermosura con una de las m\u00e1s bellas personas que conozco, \u00a1pero lo he conseguido! \u00a1Muchas felicidades compa\u00f1era!<\/em><\/li>\n\n\n\n<li><em>Porque tu alegr\u00eda es contagiosa y sabes animar la oficina como nadie con tu buen humor, \u00a1aqu\u00ed tienes unas flores que nos alegrar\u00e1n el d\u00eda de tu cumplea\u00f1os! \u00a1Felicidades de todo coraz\u00f3n, compa\u00f1era!<\/em><\/li>\n\n\n\n<li><em>Este es un detalle incre\u00edblemente sencillo, para una persona sencillamente incre\u00edble. \u00a1Feliz cumplea\u00f1os, compa\u00f1era!<\/em><\/li>\n\n\n\n<li><em>Algunas personas se hacen m\u00e1s sabias cada a\u00f1o, otras m\u00e1s ricas, pero al final todos nos hacemos m\u00e1s viejos. \u00a1Suerte con las dos primeras y feliz cumplea\u00f1os!<\/em><\/li>\n<\/ul>\n\n\n\n<figure class=\"wp-block-image aligncenter size-large is-resized\"><img loading=\"lazy\" decoding=\"async\" width=\"1024\" height=\"949\" src=\"https:\/\/www.interflora.es\/blog\/wp-content\/uploads\/Flores-para-companera-1024x949.jpg\" alt=\"Ramos de flores regalo compa\u00f1era\" class=\"wp-image-20784\" style=\"width:900px\"\/><\/figure>\n\n\n\n<h2 class=\"wp-block-heading alignwide\" style=\"margin-top:var(--wp--preset--spacing--40);margin-bottom:var(--wp--preset--spacing--40)\"><strong>Felicita su jubilaci\u00f3n a tus compa\u00f1eras de trabajo<\/strong><\/h2>\n\n\n\n<p>Aunque a veces nos parece lejano, el ansiado o temido d\u00eda de la jubilaci\u00f3n llega m\u00e1s tarde o m\u00e1s temprano. Si tu compa\u00f1era querida ha llegado al final de su carrera profesional es el momento de celebrarlo, ya que la nueva vida que empieza para ella estar\u00e1 llena de nuevos retos y experiencias. <a href=\"https:\/\/www.interflora.es\/c\/ocasion\/regalos-jubilacion\">Regalar ramos de flores para una jubilaci\u00f3n<\/a> es una manera elegante de decir adi\u00f3s a esa compa\u00f1era que ha estado a tu lado en cientos de reuniones, en miles de presentaciones, en los momentos de risas compartidas y de metas alcanzadas. Una frase bonita para una compa\u00f1era de trabajo sabr\u00e1 transmitirle todos tus buenos deseos para el futuro que empieza ahora:&nbsp;<\/p>\n\n\n\n<ul class=\"wp-block-list\">\n<li><em>\u00a1Por fin ha llegado el momento! Se acabaron las charlas en el caf\u00e9, las horas extras compartidas, los \u201c\u00bfte echo una mano?\u201d o los \u201cmira, as\u00ed se hace mejor\u201d. Ya no escucharemos los \u201cvenga, que lo haces muy bien\u201d o los \u201c\u00bfqu\u00e9 te parece?, tu opini\u00f3n me importa\u201d \u2026buaaa, \u00a1no te vamos a echar nada de menos compa\u00f1era !<\/em><\/li>\n\n\n\n<li><em>Una nueva vida empieza y no sabe la suerte que tiene de tenerte como protagonista. Disfruta, haz lo que quieras, no pienses en el trabajo, ni en las pesadas de tus compa\u00f1eras. Viaja, baila, r\u00ede, practica deporte y come bien\u2026 \u00a1vamos, lo que haces en vacaciones, pero siempre! (\u00bfcu\u00e1nto me queda para mi jubilaci\u00f3n?).<\/em><\/li>\n\n\n\n<li><em>Una p\u00e1gina se cierra, aunque este libro no se ha acabado. Detr\u00e1s quedan l\u00edneas y l\u00edneas de buen trabajo, de entrega, de compa\u00f1erismo y de saber compartido. Recuerdos que no olvidaremos y momentos que recordaremos. Gracias por estos a\u00f1os a tu lado. \u00a1Feliz jubilaci\u00f3n compa\u00f1era!<\/em><\/li>\n<\/ul>\n","protected":false},"excerpt":{"rendered":"<p>Nuestras compa\u00f1eras de trabajo son como una segunda familia. Pasamos tanto tiempo con ellas que sabemos todo sobre sus gustos, [&hellip;]<\/p>\n","protected":false},"author":13,"featured_media":20782,"comment_status":"open","ping_status":"closed","sticky":false,"template":"","format":"standard","meta":{"_acf_changed":false,"_uag_custom_page_level_css":"","site-sidebar-layout":"default","site-content-layout":"","ast-site-content-layout":"default","site-content-style":"default","site-sidebar-style":"default","ast-global-header-display":"","ast-banner-title-visibility":"","ast-main-header-display":"","ast-hfb-above-header-display":"","ast-hfb-below-header-display":"","ast-hfb-mobile-header-display":"","site-post-title":"","ast-breadcrumbs-content":"","ast-featured-img":"","footer-sml-layout":"","theme-transparent-header-meta":"","adv-header-id-meta":"","stick-header-meta":"","header-above-stick-meta":"","header-main-stick-meta":"","header-below-stick-meta":"","astra-migrate-meta-layouts":"set","ast-page-background-enabled":"default","ast-page-background-meta":{"desktop":{"background-color":"var(--ast-global-color-5)","background-image":"","background-repeat":"repeat","background-position":"center center","background-size":"auto","background-attachment":"scroll","background-type":"","background-media":"","overlay-type":"","overlay-color":"","overlay-opacity":"","overlay-gradient":""},"tablet":{"background-color":"","background-image":"","background-repeat":"repeat","background-position":"center center","background-size":"auto","background-attachment":"scroll","background-type":"","background-media":"","overlay-type":"","overlay-color":"","overlay-opacity":"","overlay-gradient":""},"mobile":{"background-color":"","background-image":"","background-repeat":"repeat","background-position":"center center","background-size":"auto","background-attachment":"scroll","background-type":"","background-media":"","overlay-type":"","overlay-color":"","overlay-opacity":"","overlay-gradient":""}},"ast-content-background-meta":{"desktop":{"background-color":"var(--ast-global-color-4)","background-image":"","background-repeat":"repeat","background-position":"center center","background-size":"auto","background-attachment":"scroll","background-type":"","background-media":"","overlay-type":"","overlay-color":"","overlay-opacity":"","overlay-gradient":""},"tablet":{"background-color":"var(--ast-global-color-4)","background-image":"","background-repeat":"repeat","background-position":"center center","background-size":"auto","background-attachment":"scroll","background-type":"","background-media":"","overlay-type":"","overlay-color":"","overlay-opacity":"","overlay-gradient":""},"mobile":{"background-color":"var(--ast-global-color-4)","background-image":"","background-repeat":"repeat","background-position":"center center","background-size":"auto","background-attachment":"scroll","background-type":"","background-media":"","overlay-type":"","overlay-color":"","overlay-opacity":"","overlay-gradient":""}},"footnotes":""},"categories":[84,28],"tags":[],"class_list":["post-20778","post","type-post","status-publish","format-standard","has-post-thumbnail","hentry","category-dia-de-la-mujer","category-flores-y-plantas"],"acf":[],"yoast_head":"<!-- This site is optimized with the Yoast SEO plugin v27.5 - https:\/\/yoast.com\/product\/yoast-seo-wordpress\/ -->\n<title>Felicidades con flores y frases para una compa\u00f1era | Interflora<\/title>\n<meta name=\"description\" content=\"Tienes muchas ocasiones para desear felicidades con flores y frases a una compa\u00f1era. Interflora te da ideas para acompa\u00f1ar tus ramos.\" \/>\n<meta name=\"robots\" content=\"index, follow, max-snippet:-1, max-image-preview:large, max-video-preview:-1\" \/>\n<link rel=\"canonical\" href=\"https:\/\/www.interflora.es\/blog\/flores-y-frases-companera\/\" \/>\n<script type=\"application\/ld+json\" class=\"yoast-schema-graph\">{\"@context\":\"https:\\\/\\\/schema.org\",\"@graph\":[{\"@type\":\"Article\",\"@id\":\"https:\\\/\\\/www.interflora.es\\\/blog\\\/flores-y-frases-companera\\\/#article\",\"isPartOf\":{\"@id\":\"https:\\\/\\\/www.interflora.es\\\/blog\\\/flores-y-frases-companera\\\/\"},\"author\":{\"name\":\"Interflora\",\"@id\":\"https:\\\/\\\/www.interflora.es\\\/blog\\\/#\\\/schema\\\/person\\\/e3ecff50262948e365b92682cdc2a9d1\"},\"headline\":\"Flores y frases especiales para una compa\u00f1era de trabajo\",\"datePublished\":\"2025-09-15T09:04:20+00:00\",\"dateModified\":\"2025-09-15T09:04:58+00:00\",\"mainEntityOfPage\":{\"@id\":\"https:\\\/\\\/www.interflora.es\\\/blog\\\/flores-y-frases-companera\\\/\"},\"wordCount\":1101,\"commentCount\":0,\"publisher\":{\"@id\":\"https:\\\/\\\/www.interflora.es\\\/blog\\\/#organization\"},\"image\":{\"@id\":\"https:\\\/\\\/www.interflora.es\\\/blog\\\/flores-y-frases-companera\\\/#primaryimage\"},\"thumbnailUrl\":\"https:\\\/\\\/www.interflora.es\\\/blog\\\/wp-content\\\/uploads\\\/2024\\\/02\\\/ramos-flores-companera.jpg\",\"articleSection\":[\"D\u00eda de la Mujer\",\"Flores y plantas\"],\"inLanguage\":\"es\",\"potentialAction\":[{\"@type\":\"CommentAction\",\"name\":\"Comment\",\"target\":[\"https:\\\/\\\/www.interflora.es\\\/blog\\\/flores-y-frases-companera\\\/#respond\"]}]},{\"@type\":\"WebPage\",\"@id\":\"https:\\\/\\\/www.interflora.es\\\/blog\\\/flores-y-frases-companera\\\/\",\"url\":\"https:\\\/\\\/www.interflora.es\\\/blog\\\/flores-y-frases-companera\\\/\",\"name\":\"Felicidades con flores y frases para una compa\u00f1era | Interflora\",\"isPartOf\":{\"@id\":\"https:\\\/\\\/www.interflora.es\\\/blog\\\/#website\"},\"primaryImageOfPage\":{\"@id\":\"https:\\\/\\\/www.interflora.es\\\/blog\\\/flores-y-frases-companera\\\/#primaryimage\"},\"image\":{\"@id\":\"https:\\\/\\\/www.interflora.es\\\/blog\\\/flores-y-frases-companera\\\/#primaryimage\"},\"thumbnailUrl\":\"https:\\\/\\\/www.interflora.es\\\/blog\\\/wp-content\\\/uploads\\\/2024\\\/02\\\/ramos-flores-companera.jpg\",\"datePublished\":\"2025-09-15T09:04:20+00:00\",\"dateModified\":\"2025-09-15T09:04:58+00:00\",\"description\":\"Tienes muchas ocasiones para desear felicidades con flores y frases a una compa\u00f1era. Interflora te da ideas para acompa\u00f1ar tus ramos.\",\"breadcrumb\":{\"@id\":\"https:\\\/\\\/www.interflora.es\\\/blog\\\/flores-y-frases-companera\\\/#breadcrumb\"},\"inLanguage\":\"es\",\"potentialAction\":[{\"@type\":\"ReadAction\",\"target\":[\"https:\\\/\\\/www.interflora.es\\\/blog\\\/flores-y-frases-companera\\\/\"]}]},{\"@type\":\"ImageObject\",\"inLanguage\":\"es\",\"@id\":\"https:\\\/\\\/www.interflora.es\\\/blog\\\/flores-y-frases-companera\\\/#primaryimage\",\"url\":\"https:\\\/\\\/www.interflora.es\\\/blog\\\/wp-content\\\/uploads\\\/2024\\\/02\\\/ramos-flores-companera.jpg\",\"contentUrl\":\"https:\\\/\\\/www.interflora.es\\\/blog\\\/wp-content\\\/uploads\\\/2024\\\/02\\\/ramos-flores-companera.jpg\",\"width\":747,\"height\":291,\"caption\":\"Closeup photograph of a woman showing a bunch of assorted flowers.\"},{\"@type\":\"BreadcrumbList\",\"@id\":\"https:\\\/\\\/www.interflora.es\\\/blog\\\/flores-y-frases-companera\\\/#breadcrumb\",\"itemListElement\":[{\"@type\":\"ListItem\",\"position\":1,\"name\":\"Home\",\"item\":\"https:\\\/\\\/www.interflora.es\\\/blog\\\/\"},{\"@type\":\"ListItem\",\"position\":2,\"name\":\"Flores y frases especiales para una compa\u00f1era de trabajo\"}]},{\"@type\":\"WebSite\",\"@id\":\"https:\\\/\\\/www.interflora.es\\\/blog\\\/#website\",\"url\":\"https:\\\/\\\/www.interflora.es\\\/blog\\\/\",\"name\":\"El blog de Interflora : consejos, ideas e inspiraci\u00f3n para disfrutar de las flores y las plantas\",\"description\":\"\",\"publisher\":{\"@id\":\"https:\\\/\\\/www.interflora.es\\\/blog\\\/#organization\"},\"potentialAction\":[{\"@type\":\"SearchAction\",\"target\":{\"@type\":\"EntryPoint\",\"urlTemplate\":\"https:\\\/\\\/www.interflora.es\\\/blog\\\/?s={search_term_string}\"},\"query-input\":{\"@type\":\"PropertyValueSpecification\",\"valueRequired\":true,\"valueName\":\"search_term_string\"}}],\"inLanguage\":\"es\"},{\"@type\":\"Organization\",\"@id\":\"https:\\\/\\\/www.interflora.es\\\/blog\\\/#organization\",\"name\":\"El blog de Interflora : consejos, ideas e inspiraci\u00f3n para disfrutar de las flores y las plantas\",\"url\":\"https:\\\/\\\/www.interflora.es\\\/blog\\\/\",\"logo\":{\"@type\":\"ImageObject\",\"inLanguage\":\"es\",\"@id\":\"https:\\\/\\\/www.interflora.es\\\/blog\\\/#\\\/schema\\\/logo\\\/image\\\/\",\"url\":\"https:\\\/\\\/www.interflora.es\\\/blog\\\/wp-content\\\/uploads\\\/2025\\\/10\\\/cropped-220422_INTERFLORA_Logo_rgb_Half_Top_Circle_Main_Color.png\",\"contentUrl\":\"https:\\\/\\\/www.interflora.es\\\/blog\\\/wp-content\\\/uploads\\\/2025\\\/10\\\/cropped-220422_INTERFLORA_Logo_rgb_Half_Top_Circle_Main_Color.png\",\"width\":1418,\"height\":659,\"caption\":\"El blog de Interflora : consejos, ideas e inspiraci\u00f3n para disfrutar de las flores y las plantas\"},\"image\":{\"@id\":\"https:\\\/\\\/www.interflora.es\\\/blog\\\/#\\\/schema\\\/logo\\\/image\\\/\"}},{\"@type\":\"Person\",\"@id\":\"https:\\\/\\\/www.interflora.es\\\/blog\\\/#\\\/schema\\\/person\\\/e3ecff50262948e365b92682cdc2a9d1\",\"name\":\"Interflora\",\"image\":{\"@type\":\"ImageObject\",\"inLanguage\":\"es\",\"@id\":\"https:\\\/\\\/www.interflora.es\\\/blog\\\/wp-content\\\/litespeed\\\/avatar\\\/ef0a9e22ccabc545011ca74a630eaf3e.jpg?ver=1777555250\",\"url\":\"https:\\\/\\\/www.interflora.es\\\/blog\\\/wp-content\\\/litespeed\\\/avatar\\\/ef0a9e22ccabc545011ca74a630eaf3e.jpg?ver=1777555250\",\"contentUrl\":\"https:\\\/\\\/www.interflora.es\\\/blog\\\/wp-content\\\/litespeed\\\/avatar\\\/ef0a9e22ccabc545011ca74a630eaf3e.jpg?ver=1777555250\",\"caption\":\"Interflora\"}}]}<\/script>\n<!-- \/ Yoast SEO plugin. -->","yoast_head_json":{"title":"Felicidades con flores y frases para una compa\u00f1era | Interflora","description":"Tienes muchas ocasiones para desear felicidades con flores y frases a una compa\u00f1era. Interflora te da ideas para acompa\u00f1ar tus ramos.","robots":{"index":"index","follow":"follow","max-snippet":"max-snippet:-1","max-image-preview":"max-image-preview:large","max-video-preview":"max-video-preview:-1"},"canonical":"https:\/\/www.interflora.es\/blog\/flores-y-frases-companera\/","schema":{"@context":"https:\/\/schema.org","@graph":[{"@type":"Article","@id":"https:\/\/www.interflora.es\/blog\/flores-y-frases-companera\/#article","isPartOf":{"@id":"https:\/\/www.interflora.es\/blog\/flores-y-frases-companera\/"},"author":{"name":"Interflora","@id":"https:\/\/www.interflora.es\/blog\/#\/schema\/person\/e3ecff50262948e365b92682cdc2a9d1"},"headline":"Flores y frases especiales para una compa\u00f1era de trabajo","datePublished":"2025-09-15T09:04:20+00:00","dateModified":"2025-09-15T09:04:58+00:00","mainEntityOfPage":{"@id":"https:\/\/www.interflora.es\/blog\/flores-y-frases-companera\/"},"wordCount":1101,"commentCount":0,"publisher":{"@id":"https:\/\/www.interflora.es\/blog\/#organization"},"image":{"@id":"https:\/\/www.interflora.es\/blog\/flores-y-frases-companera\/#primaryimage"},"thumbnailUrl":"https:\/\/www.interflora.es\/blog\/wp-content\/uploads\/2024\/02\/ramos-flores-companera.jpg","articleSection":["D\u00eda de la Mujer","Flores y plantas"],"inLanguage":"es","potentialAction":[{"@type":"CommentAction","name":"Comment","target":["https:\/\/www.interflora.es\/blog\/flores-y-frases-companera\/#respond"]}]},{"@type":"WebPage","@id":"https:\/\/www.interflora.es\/blog\/flores-y-frases-companera\/","url":"https:\/\/www.interflora.es\/blog\/flores-y-frases-companera\/","name":"Felicidades con flores y frases para una compa\u00f1era | Interflora","isPartOf":{"@id":"https:\/\/www.interflora.es\/blog\/#website"},"primaryImageOfPage":{"@id":"https:\/\/www.interflora.es\/blog\/flores-y-frases-companera\/#primaryimage"},"image":{"@id":"https:\/\/www.interflora.es\/blog\/flores-y-frases-companera\/#primaryimage"},"thumbnailUrl":"https:\/\/www.interflora.es\/blog\/wp-content\/uploads\/2024\/02\/ramos-flores-companera.jpg","datePublished":"2025-09-15T09:04:20+00:00","dateModified":"2025-09-15T09:04:58+00:00","description":"Tienes muchas ocasiones para desear felicidades con flores y frases a una compa\u00f1era. Interflora te da ideas para acompa\u00f1ar tus ramos.","breadcrumb":{"@id":"https:\/\/www.interflora.es\/blog\/flores-y-frases-companera\/#breadcrumb"},"inLanguage":"es","potentialAction":[{"@type":"ReadAction","target":["https:\/\/www.interflora.es\/blog\/flores-y-frases-companera\/"]}]},{"@type":"ImageObject","inLanguage":"es","@id":"https:\/\/www.interflora.es\/blog\/flores-y-frases-companera\/#primaryimage","url":"https:\/\/www.interflora.es\/blog\/wp-content\/uploads\/2024\/02\/ramos-flores-companera.jpg","contentUrl":"https:\/\/www.interflora.es\/blog\/wp-content\/uploads\/2024\/02\/ramos-flores-companera.jpg","width":747,"height":291,"caption":"Closeup photograph of a woman showing a bunch of assorted flowers."},{"@type":"BreadcrumbList","@id":"https:\/\/www.interflora.es\/blog\/flores-y-frases-companera\/#breadcrumb","itemListElement":[{"@type":"ListItem","position":1,"name":"Home","item":"https:\/\/www.interflora.es\/blog\/"},{"@type":"ListItem","position":2,"name":"Flores y frases especiales para una compa\u00f1era de trabajo"}]},{"@type":"WebSite","@id":"https:\/\/www.interflora.es\/blog\/#website","url":"https:\/\/www.interflora.es\/blog\/","name":"El blog de Interflora : consejos, ideas e inspiraci\u00f3n para disfrutar de las flores y las plantas","description":"","publisher":{"@id":"https:\/\/www.interflora.es\/blog\/#organization"},"potentialAction":[{"@type":"SearchAction","target":{"@type":"EntryPoint","urlTemplate":"https:\/\/www.interflora.es\/blog\/?s={search_term_string}"},"query-input":{"@type":"PropertyValueSpecification","valueRequired":true,"valueName":"search_term_string"}}],"inLanguage":"es"},{"@type":"Organization","@id":"https:\/\/www.interflora.es\/blog\/#organization","name":"El blog de Interflora : consejos, ideas e inspiraci\u00f3n para disfrutar de las flores y las plantas","url":"https:\/\/www.interflora.es\/blog\/","logo":{"@type":"ImageObject","inLanguage":"es","@id":"https:\/\/www.interflora.es\/blog\/#\/schema\/logo\/image\/","url":"https:\/\/www.interflora.es\/blog\/wp-content\/uploads\/2025\/10\/cropped-220422_INTERFLORA_Logo_rgb_Half_Top_Circle_Main_Color.png","contentUrl":"https:\/\/www.interflora.es\/blog\/wp-content\/uploads\/2025\/10\/cropped-220422_INTERFLORA_Logo_rgb_Half_Top_Circle_Main_Color.png","width":1418,"height":659,"caption":"El blog de Interflora : consejos, ideas e inspiraci\u00f3n para disfrutar de las flores y las plantas"},"image":{"@id":"https:\/\/www.interflora.es\/blog\/#\/schema\/logo\/image\/"}},{"@type":"Person","@id":"https:\/\/www.interflora.es\/blog\/#\/schema\/person\/e3ecff50262948e365b92682cdc2a9d1","name":"Interflora","image":{"@type":"ImageObject","inLanguage":"es","@id":"https:\/\/www.interflora.es\/blog\/wp-content\/litespeed\/avatar\/ef0a9e22ccabc545011ca74a630eaf3e.jpg?ver=1777555250","url":"https:\/\/www.interflora.es\/blog\/wp-content\/litespeed\/avatar\/ef0a9e22ccabc545011ca74a630eaf3e.jpg?ver=1777555250","contentUrl":"https:\/\/www.interflora.es\/blog\/wp-content\/litespeed\/avatar\/ef0a9e22ccabc545011ca74a630eaf3e.jpg?ver=1777555250","caption":"Interflora"}}]}},"uagb_featured_image_src":{"full":["https:\/\/www.interflora.es\/blog\/wp-content\/uploads\/2024\/02\/ramos-flores-companera.jpg",747,291,false],"thumbnail":["https:\/\/www.interflora.es\/blog\/wp-content\/uploads\/2024\/02\/ramos-flores-companera-150x150.jpg",150,150,true],"medium":["https:\/\/www.interflora.es\/blog\/wp-content\/uploads\/2024\/02\/ramos-flores-companera-300x117.jpg",300,117,true],"medium_large":["https:\/\/www.interflora.es\/blog\/wp-content\/uploads\/2024\/02\/ramos-flores-companera.jpg",747,291,false],"large":["https:\/\/www.interflora.es\/blog\/wp-content\/uploads\/2024\/02\/ramos-flores-companera.jpg",747,291,false],"1536x1536":["https:\/\/www.interflora.es\/blog\/wp-content\/uploads\/2024\/02\/ramos-flores-companera.jpg",747,291,false],"2048x2048":["https:\/\/www.interflora.es\/blog\/wp-content\/uploads\/2024\/02\/ramos-flores-companera.jpg",747,291,false]},"uagb_author_info":{"display_name":"Interflora","author_link":"https:\/\/www.interflora.es\/blog\/author\/interflora\/"},"uagb_comment_info":1,"uagb_excerpt":"Nuestras compa\u00f1eras de trabajo son como una segunda familia. Pasamos tanto tiempo con ellas que sabemos todo sobre sus gustos, [&hellip;]","_links":{"self":[{"href":"https:\/\/www.interflora.es\/blog\/wp-json\/wp\/v2\/posts\/20778","targetHints":{"allow":["GET"]}}],"collection":[{"href":"https:\/\/www.interflora.es\/blog\/wp-json\/wp\/v2\/posts"}],"about":[{"href":"https:\/\/www.interflora.es\/blog\/wp-json\/wp\/v2\/types\/post"}],"author":[{"embeddable":true,"href":"https:\/\/www.interflora.es\/blog\/wp-json\/wp\/v2\/users\/13"}],"replies":[{"embeddable":true,"href":"https:\/\/www.interflora.es\/blog\/wp-json\/wp\/v2\/comments?post=20778"}],"version-history":[{"count":3,"href":"https:\/\/www.interflora.es\/blog\/wp-json\/wp\/v2\/posts\/20778\/revisions"}],"predecessor-version":[{"id":31453,"href":"https:\/\/www.interflora.es\/blog\/wp-json\/wp\/v2\/posts\/20778\/revisions\/31453"}],"wp:featuredmedia":[{"embeddable":true,"href":"https:\/\/www.interflora.es\/blog\/wp-json\/wp\/v2\/media\/20782"}],"wp:attachment":[{"href":"https:\/\/www.interflora.es\/blog\/wp-json\/wp\/v2\/media?parent=20778"}],"wp:term":[{"taxonomy":"category","embeddable":true,"href":"https:\/\/www.interflora.es\/blog\/wp-json\/wp\/v2\/categories?post=20778"},{"taxonomy":"post_tag","embeddable":true,"href":"https:\/\/www.interflora.es\/blog\/wp-json\/wp\/v2\/tags?post=20778"}],"curies":[{"name":"wp","href":"https:\/\/api.w.org\/{rel}","templated":true}]}}