{"id":20261,"date":"2026-02-11T17:15:00","date_gmt":"2026-02-11T16:15:00","guid":{"rendered":"https:\/\/www.interflora.es\/blog\/?p=20261"},"modified":"2026-02-17T09:16:06","modified_gmt":"2026-02-17T08:16:06","slug":"figuras-feministas-espana","status":"publish","type":"post","link":"https:\/\/www.interflora.es\/blog\/figuras-feministas-espana\/","title":{"rendered":"Dia Internacional de la mujer: descubre las figuras del feminismo espa\u00f1ol"},"content":{"rendered":"\n<p>El <strong>d\u00eda 8 de marzo<\/strong> se celebra el <strong>D\u00eda Internacional de la Mujer<\/strong>. Un d\u00eda importante para el feminismo<strong>,<\/strong> que ha participado en la construcci\u00f3n del mundo en el que vivimos, y cuya existencia es a\u00fan necesaria para que las generaciones futuras puedan vivir en una sociedad m\u00e1s segura, igualitaria, respetuosa y libre. <strong>La lucha por los derechos de las mujeres es un camino largo,<\/strong> recorrido por <strong>figuras feministas que han marcado la historia<\/strong> y han sentado las bases del feminismo actual. Como cada a\u00f1o, en Interflora conmemoramos el D\u00eda Internacional de la Mujer como mejor sabemos, con flores que rinden un hermoso homenaje a mujeres valientes y tenaces: a nuestras abuelas, madres, hermanas, compa\u00f1eras sentimentales, amigas\u2026 Ellas han tomado el relevo en esta lucha que iniciaron otras, <strong>las figuras del feminismo espa\u00f1ol<\/strong> de las que te vamos a hablar en este art\u00edculo.&nbsp;<\/p>\n\n\n\n<div style=\"height:5px\" aria-hidden=\"true\" class=\"wp-block-spacer\"><\/div>\n\n\n<div class=\"lp-produits-grid\"><div class=\"lp-produit\"><div class=\"lp-thumbnail-wrapper\"><img loading=\"lazy\" decoding=\"async\" width=\"300\" height=\"300\" src=\"https:\/\/www.interflora.es\/blog\/wp-content\/uploads\/2025\/07\/1750405257-ff152-deco-300x300.jpg\" class=\"attachment-medium size-medium wp-post-image\" alt=\"\" srcset=\"https:\/\/www.interflora.es\/blog\/wp-content\/uploads\/2025\/07\/1750405257-ff152-deco-300x300.jpg 300w, https:\/\/www.interflora.es\/blog\/wp-content\/uploads\/2025\/07\/1750405257-ff152-deco-1024x1024.jpg 1024w, https:\/\/www.interflora.es\/blog\/wp-content\/uploads\/2025\/07\/1750405257-ff152-deco-150x150.jpg 150w, https:\/\/www.interflora.es\/blog\/wp-content\/uploads\/2025\/07\/1750405257-ff152-deco-768x768.jpg 768w, https:\/\/www.interflora.es\/blog\/wp-content\/uploads\/2025\/07\/1750405257-ff152-deco-1536x1536.jpg 1536w, https:\/\/www.interflora.es\/blog\/wp-content\/uploads\/2025\/07\/1750405257-ff152-deco-2048x2048.jpg 2048w\" sizes=\"auto, (max-width: 300px) 100vw, 300px\" \/><img decoding=\"async\" class=\"lp-badge\" src=\"https:\/\/prodblog.interflora.es\/blog\/wp-content\/uploads\/2025\/04\/220422_INTERFLORA_Main_Logo_rgb_Main_Color.png\" alt=\"Entrega r\u00e1pida\"><\/div><span>Sentimientos<\/span><p>34.99 \u20ac<\/p><span class=\"obf-link lp-cta\" role=\"link\" tabindex=\"0\" data-b64=\"aHR0cHM6Ly93d3cuaW50ZXJmbG9yYS5lcy9wL3JhbW8tZGUtZmxvcmVzLXNlbnRpbWllbnRvcy8xP3V0bV9tZWRpdW09b3JnYW5pYyZ1dG1fc291cmNlPWJsb2dfcHJvZHVjdHMmdXRtX2NhbXBhaWduPUZGMTUy\" data-target=\"_blank\"><svg xmlns=\"http:\/\/www.w3.org\/2000\/svg\" width=\"16\" height=\"16\" fill=\"currentColor\" class=\"bi bi-bag\" viewBox=\"0 0 16 16\"><path d=\"M8 1a2 2 0 0 1 2 2v1h2.5A1.5 1.5 0 0 1 14 5.5v8A1.5 1.5 0 0 1 12.5 15h-9A1.5 1.5 0 0 1 2 13.5v-8A1.5 1.5 0 0 1 3.5 3H6V2a2 2 0 0 1 2-1zm1 3V3a1 1 0 0 0-2 0v1h2z\"\/><\/svg>Comprar<\/span><p class=\"rapido\">Selecci\u00f3n Interflora<\/p><\/div><div class=\"lp-produit\"><div class=\"lp-thumbnail-wrapper\"><img loading=\"lazy\" decoding=\"async\" width=\"300\" height=\"300\" src=\"https:\/\/www.interflora.es\/blog\/wp-content\/uploads\/2025\/07\/1750411785-ff155-model-hand-300x300.jpg\" class=\"attachment-medium size-medium wp-post-image\" alt=\"\" srcset=\"https:\/\/www.interflora.es\/blog\/wp-content\/uploads\/2025\/07\/1750411785-ff155-model-hand-300x300.jpg 300w, https:\/\/www.interflora.es\/blog\/wp-content\/uploads\/2025\/07\/1750411785-ff155-model-hand-1024x1024.jpg 1024w, https:\/\/www.interflora.es\/blog\/wp-content\/uploads\/2025\/07\/1750411785-ff155-model-hand-150x150.jpg 150w, https:\/\/www.interflora.es\/blog\/wp-content\/uploads\/2025\/07\/1750411785-ff155-model-hand-768x768.jpg 768w, https:\/\/www.interflora.es\/blog\/wp-content\/uploads\/2025\/07\/1750411785-ff155-model-hand-1536x1536.jpg 1536w, https:\/\/www.interflora.es\/blog\/wp-content\/uploads\/2025\/07\/1750411785-ff155-model-hand-2048x2048.jpg 2048w\" sizes=\"auto, (max-width: 300px) 100vw, 300px\" \/><img decoding=\"async\" class=\"lp-badge\" src=\"https:\/\/prodblog.interflora.es\/blog\/wp-content\/uploads\/2025\/04\/220422_INTERFLORA_Main_Logo_rgb_Main_Color.png\" alt=\"Entrega r\u00e1pida\"><\/div><span>Besito<\/span><p>29.99 \u20ac<\/p><span class=\"obf-link lp-cta\" role=\"link\" tabindex=\"0\" data-b64=\"aHR0cHM6Ly93d3cuaW50ZXJmbG9yYS5lcy9wL3JhbW8tZGUtZmxvcmVzLWJlc2l0by8xP3V0bV9tZWRpdW09b3JnYW5pYyZ1dG1fc291cmNlPWJsb2dfcHJvZHVjdHMmdXRtX2NhbXBhaWduPUZGMTU1\" data-target=\"_blank\"><svg xmlns=\"http:\/\/www.w3.org\/2000\/svg\" width=\"16\" height=\"16\" fill=\"currentColor\" class=\"bi bi-bag\" viewBox=\"0 0 16 16\"><path d=\"M8 1a2 2 0 0 1 2 2v1h2.5A1.5 1.5 0 0 1 14 5.5v8A1.5 1.5 0 0 1 12.5 15h-9A1.5 1.5 0 0 1 2 13.5v-8A1.5 1.5 0 0 1 3.5 3H6V2a2 2 0 0 1 2-1zm1 3V3a1 1 0 0 0-2 0v1h2z\"\/><\/svg>Comprar<\/span><p class=\"rapido\">Entrega urgente<\/p><\/div><div class=\"lp-produit\"><div class=\"lp-thumbnail-wrapper\"><img loading=\"lazy\" decoding=\"async\" width=\"300\" height=\"300\" src=\"https:\/\/www.interflora.es\/blog\/wp-content\/uploads\/2025\/11\/Capture-decran-2026-02-04-121916-300x300.png\" class=\"attachment-medium size-medium wp-post-image\" alt=\"\" srcset=\"https:\/\/www.interflora.es\/blog\/wp-content\/uploads\/2025\/11\/Capture-decran-2026-02-04-121916-300x300.png 300w, https:\/\/www.interflora.es\/blog\/wp-content\/uploads\/2025\/11\/Capture-decran-2026-02-04-121916-150x150.png 150w, https:\/\/www.interflora.es\/blog\/wp-content\/uploads\/2025\/11\/Capture-decran-2026-02-04-121916.png 647w\" sizes=\"auto, (max-width: 300px) 100vw, 300px\" \/><img decoding=\"async\" class=\"lp-badge\" src=\"https:\/\/prodblog.interflora.es\/blog\/wp-content\/uploads\/2025\/04\/220422_INTERFLORA_Main_Logo_rgb_Main_Color.png\" alt=\"Entrega r\u00e1pida\"><\/div><span>Peque\u00f1o Sol<\/span><p>27.99 \u20ac<\/p><span class=\"obf-link lp-cta\" role=\"link\" tabindex=\"0\" data-b64=\"aHR0cHM6Ly93d3cuaW50ZXJmbG9yYS5lcy9wL3JhbW8tZGUtZmxvcmVzLWFtYXJpbGxhcy12YXJpYWRhcy8xP3V0bV9tZWRpdW09b3JnYW5pYyZ1dG1fc291cmNlPWJsb2dfcHJvZHVjdHMmdXRtX2NhbXBhaWduPUZGMTQ4\" data-target=\"_blank\"><svg xmlns=\"http:\/\/www.w3.org\/2000\/svg\" width=\"16\" height=\"16\" fill=\"currentColor\" class=\"bi bi-bag\" viewBox=\"0 0 16 16\"><path d=\"M8 1a2 2 0 0 1 2 2v1h2.5A1.5 1.5 0 0 1 14 5.5v8A1.5 1.5 0 0 1 12.5 15h-9A1.5 1.5 0 0 1 2 13.5v-8A1.5 1.5 0 0 1 3.5 3H6V2a2 2 0 0 1 2-1zm1 3V3a1 1 0 0 0-2 0v1h2z\"\/><\/svg>Comprar<\/span><p class=\"rapido\">Entrega en el d\u00eda<\/p><\/div><div class=\"lp-produit\"><div class=\"lp-thumbnail-wrapper\"><img loading=\"lazy\" decoding=\"async\" width=\"300\" height=\"300\" src=\"https:\/\/www.interflora.es\/blog\/wp-content\/uploads\/2025\/04\/1688372120-f0137-es-1-300x300.jpg\" class=\"attachment-medium size-medium wp-post-image\" alt=\"\" srcset=\"https:\/\/www.interflora.es\/blog\/wp-content\/uploads\/2025\/04\/1688372120-f0137-es-1-300x300.jpg 300w, https:\/\/www.interflora.es\/blog\/wp-content\/uploads\/2025\/04\/1688372120-f0137-es-1-1024x1024.jpg 1024w, https:\/\/www.interflora.es\/blog\/wp-content\/uploads\/2025\/04\/1688372120-f0137-es-1-150x150.jpg 150w, https:\/\/www.interflora.es\/blog\/wp-content\/uploads\/2025\/04\/1688372120-f0137-es-1-768x768.jpg 768w, https:\/\/www.interflora.es\/blog\/wp-content\/uploads\/2025\/04\/1688372120-f0137-es-1-1536x1536.jpg 1536w, https:\/\/www.interflora.es\/blog\/wp-content\/uploads\/2025\/04\/1688372120-f0137-es-1-2048x2048.jpg 2048w\" sizes=\"auto, (max-width: 300px) 100vw, 300px\" \/><img decoding=\"async\" class=\"lp-badge\" src=\"https:\/\/prodblog.interflora.es\/blog\/wp-content\/uploads\/2025\/04\/220422_INTERFLORA_Main_Logo_rgb_Main_Color.png\" alt=\"Entrega r\u00e1pida\"><\/div><span>Ramo Sorpresa del Florista<\/span><p>34.99 \u20ac<\/p><span class=\"obf-link lp-cta\" role=\"link\" tabindex=\"0\" data-b64=\"aHR0cHM6Ly93d3cuaW50ZXJmbG9yYS5lcy9wL3JhbW8tZGVsLWZsb3Jpc3RhLzE\/dXRtX21lZGl1bT1vcmdhbmljJnV0bV9zb3VyY2U9YmxvZ19wcm9kdWN0cyZ1dG1fY2FtcGFpZ249RjAxMzc=\" data-target=\"_blank\"><svg xmlns=\"http:\/\/www.w3.org\/2000\/svg\" width=\"16\" height=\"16\" fill=\"currentColor\" class=\"bi bi-bag\" viewBox=\"0 0 16 16\"><path d=\"M8 1a2 2 0 0 1 2 2v1h2.5A1.5 1.5 0 0 1 14 5.5v8A1.5 1.5 0 0 1 12.5 15h-9A1.5 1.5 0 0 1 2 13.5v-8A1.5 1.5 0 0 1 3.5 3H6V2a2 2 0 0 1 2-1zm1 3V3a1 1 0 0 0-2 0v1h2z\"\/><\/svg>Comprar<\/span><p class=\"rapido\">Selecci\u00f3n Interflora<\/p><\/div><\/div>\n\n\n\n<div style=\"height:5px\" aria-hidden=\"true\" class=\"wp-block-spacer\"><\/div>\n\n\n\n<div class=\"wp-block-buttons is-content-justification-center is-layout-flex wp-container-core-buttons-is-layout-a89b3969 wp-block-buttons-is-layout-flex\">\n<div class=\"wp-block-button\"><a class=\"wp-block-button__link wp-element-button\" href=\"https:\/\/www.interflora.es\/c\/fiestas\/flores-para-el-dia-de-la-mujer\">Flores para el D\u00eda de la Mujer<\/a><\/div>\n<\/div>\n\n\n\n<div style=\"height:5px\" aria-hidden=\"true\" class=\"wp-block-spacer\"><\/div>\n\n\n\n<div class=\"wp-block-media-text is-stacked-on-mobile\"><figure class=\"wp-block-media-text__media\"><img loading=\"lazy\" decoding=\"async\" width=\"185\" height=\"273\" src=\"https:\/\/www.interflora.es\/blog\/wp-content\/uploads\/feminista5-1-1.jpg\" alt=\"\" class=\"wp-image-27216 size-full\"\/><\/figure><div class=\"wp-block-media-text__content\">\n<p>Aunque <a href=\"https:\/\/www.interflora.es\/blog\/origen-dia-internacional-de-la-mujer\/\">el D\u00eda Internacional de la Mujer<\/a> es una cita importante para el feminismo, la lucha por los derechos de las mujeres no data de hoy. Muchos son los logros alcanzados por mujeres que, en todas las \u00e9pocas de la historia, quisieron <strong>rebelarse contra las normas impuestas por una sociedad esencialmente machista<\/strong>.<\/p>\n\n\n\n<p>En nuestro pa\u00eds, muchas mujeres empezaron a alzar sus voces desde finales del siglo XIX para reivindicar derechos que en otros pa\u00edses del mundo ya empezaban a ser reconocidos. Esas <strong>figuras feministas, pioneras en una lucha silenciosa o revolucionaria,<\/strong> cambiaron con su voluntad y sus acciones el destino de las generaciones futuras, que hoy en d\u00eda disfrutan de derechos que pueden parecer b\u00e1sicos, pero que no lo fueron en su tiempo.<\/p>\n\n\n\n<h2 class=\"wp-block-heading has-text-color has-link-color wp-elements-c4f72c0b51502f99a91e801a3f70b9f8\" style=\"color:#9b51e091\"><strong>Los primeros pasos del feminismo espa\u00f1ol<\/strong><\/h2>\n\n\n\n<p>A finales del siglo XIX, en una sociedad espa\u00f1ola marcada por el <strong>conservadurismo cat\u00f3lico<\/strong> y el <strong>poder patriarcal,<\/strong> hubo muchas mujeres valientes que empezaron a luchar contra las opiniones vigentes.<\/p>\n<\/div><\/div>\n\n\n\n<h2 class=\"wp-block-heading alignwide has-text-color has-link-color wp-elements-16abd3722ad8c834866fb6c4a9a3fa91\" style=\"color:#9b51e091\"><strong>Las figuras feministas pioneras en la lucha<\/strong><\/h2>\n\n\n\n<p> Se consideraba que la mujer era <strong>biol\u00f3gicamente inferior al hombre<\/strong> y que no estaba preparada para llevar a cabo otras labores que las de <strong>esposa y\/o madre<\/strong>. En este contexto, m\u00e1s que la igualdad pol\u00edtica, las reivindicaciones del feminismo giraban en torno al <strong>derecho a la educaci\u00f3n o al trabajo, <\/strong>derechos que hoy en d\u00eda nos parecen b\u00e1sicos, pero que en aquella \u00e9poca eran impensables. As\u00ed, podemos hablar de figuras feministas como <strong>Concepci\u00f3n Arenal, Emilia Pardo Baz\u00e1n <\/strong>o <strong>Rosal\u00eda de Castro<\/strong>, poetisa y novelista que escribi\u00f3 el poema \u201cLieders\u201d, uno de los primeros manifiestos feministas en nuestro pa\u00eds.<\/p>\n\n\n\n<div class=\"wp-block-columns alignwide is-layout-flex wp-container-core-columns-is-layout-28f84493 wp-block-columns-is-layout-flex\">\n<div class=\"wp-block-column has-background is-layout-flow wp-block-column-is-layout-flow\" style=\"background-color:#9b51e091;padding-top:var(--wp--preset--spacing--30);padding-right:var(--wp--preset--spacing--30);padding-bottom:var(--wp--preset--spacing--30);padding-left:var(--wp--preset--spacing--30)\">\n<h3 class=\"wp-block-heading has-text-align-center has-ast-global-color-5-color has-text-color has-link-color wp-elements-3942488281c9e27cf3d256a6131879c5\"><strong>Concepci\u00f3n Arenal (1820-1893)<\/strong><\/h3>\n\n\n\n<p class=\"has-text-align-center has-ast-global-color-5-color has-text-color has-link-color wp-elements-4a0a7187dcab7303b0ac8c9f5bc3e5a3\">Considerada como la madre del feminismo en Espa\u00f1a, Concepci\u00f3n Arenal tuvo que cursar estudios de Derecho en la Universidad Central de Madrid vestida con ropa de hombre, ya que el acceso a la Universidad estaba vedado a las mujeres. Esta figura feminista otorgaba a  <strong>la educaci\u00f3n e instrucci\u00f3n de la mujer un papel fundamental para la emancipaci\u00f3n<\/strong>. Fue nombrada Inspectora de Casas de Correcci\u00f3n de Mujeres y visit\u00f3 cientos de c\u00e1rceles para mujeres en las que pudo constatar la enorme desigualdad de la mujer y las miserias del mundo que la rodeaba.<\/p>\n<\/div>\n\n\n\n<div class=\"wp-block-column has-background is-layout-flow wp-block-column-is-layout-flow\" style=\"background-color:#9b51e091;padding-top:var(--wp--preset--spacing--30);padding-right:var(--wp--preset--spacing--30);padding-bottom:var(--wp--preset--spacing--30);padding-left:var(--wp--preset--spacing--30)\">\n<h3 class=\"wp-block-heading has-text-align-center has-ast-global-color-5-color has-text-color has-link-color wp-elements-c7c3fd51d1743efed93bf074311e09de\"><strong>Emilia Pardo Baz\u00e1n (1851-1921)<\/strong><\/h3>\n\n\n\n<p class=\"has-text-align-center has-ast-global-color-5-color has-text-color has-link-color wp-elements-85fe57f6b4d016a9afb533a4e5772d66\">Hija de los Condes de Pardo Baz\u00e1n, Emilia era una mujer de mundo con una gran cultura. A los 25 a\u00f1os se dio a conocer como escritora con la publicaci\u00f3n de Estudio Cr\u00edtico de las obras del Padre Feijoo, aunque hab\u00eda escrito art\u00edculos de sus viajes por Europa en el diario El Imparcial. Todas sus obras desprenden feminismo, <strong>reivindicando la promoci\u00f3n social y cultural de la mujer a trav\u00e9s de la educaci\u00f3n<\/strong>. Intent\u00f3 dos veces su entrada en la Real Academia Espa\u00f1ola, pero ambas se le deneg\u00f3 porque \u201c<em>Ah\u00ed no hab\u00eda sitio para se\u00f1oras<\/em>\u201d.<\/p>\n<\/div>\n<\/div>\n\n\n\n<p><\/p>\n\n\n\n<h2 class=\"wp-block-heading alignwide has-text-color has-link-color wp-elements-b04faba010decefb896ee91d47c49cb7\" style=\"color:#9b51e091\"><strong>La Segunda Rep\u00fablica y sus figuras feministas<\/strong><\/h2>\n\n\n\n<p>Si en Nueva Zelanda las mujeres empezaron a poder votar desde 1893, y en Gran Breta\u00f1a desde 1918<strong>, el sufragio femenino no fue aprobado en Espa\u00f1a hasta 1931<\/strong>, durante la Segunda Rep\u00fablica (1931 \u2013 1936), una \u00e9poca de avances a favor de las mujeres. Este derecho a la igualdad fue reconocido oficialmente gracias al trabajo y a la voluntad f\u00e9rrea de mujeres como <strong>Clara Campoamor <\/strong>y<strong> Victoria Kent, Mar\u00eda Espinosa o Benita Asas,<\/strong> creadoras de la Asociaci\u00f3n Nacional de Mujeres Espa\u00f1olas (ANME). Otras figuras feministas como <strong>Mar\u00eda de Maeztu <\/strong>trajeron aires nuevos a la sociedad espa\u00f1ola, dirigiendo la Residencia Internacional de Se\u00f1oritas, que ayudaba a los universitarios a estudiar fuera de Espa\u00f1a, \u00a1el Erasmus de la Espa\u00f1a republicana!<\/p>\n\n\n\n<div class=\"wp-block-columns alignwide is-layout-flex wp-container-core-columns-is-layout-6880d07a wp-block-columns-is-layout-flex\" style=\"border-radius:0px;padding-top:0;padding-bottom:0\">\n<div class=\"wp-block-column is-layout-flow wp-block-column-is-layout-flow\" style=\"flex-basis:500px\">\n<figure class=\"wp-block-image aligncenter size-full is-resized is-style-default\"><img loading=\"lazy\" decoding=\"async\" width=\"272\" height=\"186\" src=\"https:\/\/www.interflora.es\/blog\/wp-content\/uploads\/feminista1.jpg\" alt=\"Figuras feministas: Clara Campoamor\" class=\"wp-image-20279\" style=\"width:500px\"\/><\/figure>\n<\/div>\n\n\n\n<div class=\"wp-block-column has-background is-layout-flow wp-container-core-column-is-layout-f4f93bd9 wp-block-column-is-layout-flow\" style=\"background-color:#9b51e091;padding-top:var(--wp--preset--spacing--40);padding-right:var(--wp--preset--spacing--30);padding-bottom:var(--wp--preset--spacing--40);padding-left:var(--wp--preset--spacing--30)\">\n<h3 class=\"wp-block-heading alignwide has-text-align-center has-ast-global-color-5-color has-text-color has-link-color wp-elements-9fcd955ea692e37cb446a1b9b2476947\"><strong>Clara Campoamor (1988 -1972)<\/strong><\/h3>\n\n\n\n<p class=\"has-text-align-center has-ast-global-color-5-color has-text-color has-link-color wp-elements-d20cad6d8c8a239e2ec3c78cbcf3f19f\" style=\"margin-top:0;margin-right:var(--wp--preset--spacing--20);margin-bottom:0;margin-left:var(--wp--preset--spacing--20)\">En 1923, Clara Campoamor comenz\u00f3 a desarrollar sus ideas sobre el <strong>derecho a la igualdad de las mujeres o el divorcio.<\/strong> Fue la <strong>primera mujer que intervino ante el Tribunal Supremo y mejor\u00f3 la situaci\u00f3n jur\u00eddica de las mujeres en nuestro pa\u00eds<\/strong>. Particip\u00f3 en la comisi\u00f3n encargada de redactar la Carta Magna republicana, siendo la primera mujer que habl\u00f3 en las Cortes Espa\u00f1olas, en septiembre de 1931. Clara Campoamor fue la principal art\u00edfice del voto femenino en Espa\u00f1a, tras imponerse en un arduo debate con Victoria Kent, ambas defensoras del voto femenino, pero con puntos de vista diferentes.&nbsp;<\/p>\n<\/div>\n<\/div>\n\n\n\n<p><\/p>\n\n\n\n<h3 class=\"wp-block-heading alignwide has-text-align-left has-text-color has-link-color wp-elements-bd24b75b6d20ccc78a0d5aa068dbaac3\" style=\"color:#9b51e091\"><strong>Fil\u00f3sofas, artistas, pol\u00edticas<\/strong><\/h3>\n\n\n\n<p>Muchas otras mujeres feministas destacaron en esta \u00e9poca en todos los campos, como <strong>Maruja Mallo<\/strong>, pintora vanguardista, o <strong>Mar\u00eda Zambrano, <\/strong>fil\u00f3sofa y ensayista. Tambi\u00e9n las escritoras <strong>Margarita Nelken, Mar\u00eda Teresa Le\u00f3n<\/strong> o <strong>Zenobia Camprub\u00ed, <\/strong>las<strong> <\/strong>periodistas <strong>Josefina Carabias <\/strong>o<strong> Carmen de Burgos<\/strong>, la qu\u00edmica <strong>Dorotea Barn\u00e9s <\/strong>o la meteor\u00f3loga <strong>Felisa Mart\u00edn <\/strong>entre muchas otras. En pol\u00edtica, podemos hablar de mujeres como <strong>Matilde Landa<\/strong>, miembro del Comit\u00e9 Provincial del Partido Comunista en Madrid, o de <strong>Federica Montseny<\/strong>, activista anarquista y feminista que fue la primera mujer ministra de un gobierno en Espa\u00f1a entre 1936 a 1937.<\/p>\n\n\n\n<div class=\"wp-block-columns alignwide is-layout-flex wp-container-core-columns-is-layout-28f84493 wp-block-columns-is-layout-flex\">\n<div class=\"wp-block-column has-background is-layout-flow wp-block-column-is-layout-flow\" style=\"background-color:#9b51e091;padding-right:var(--wp--preset--spacing--30);padding-left:var(--wp--preset--spacing--30)\">\n<h3 class=\"wp-block-heading has-text-align-center has-ast-global-color-5-color has-text-color has-link-color wp-elements-ff51c730988a335557e7eeb50397d414\" style=\"margin-top:var(--wp--preset--spacing--30);margin-bottom:var(--wp--preset--spacing--30)\"><strong>Mar\u00eda Zambrano (1904-1991)<\/strong><\/h3>\n\n\n\n<p class=\"has-text-align-center has-ast-global-color-5-color has-text-color has-link-color wp-elements-638e65a6a0760b9c79720c7956652a52\" style=\"margin-top:var(--wp--preset--spacing--40);margin-bottom:var(--wp--preset--spacing--40)\">Hija y nieta de maestros, Mar\u00eda Zambrano es, sin duda, una de las pensadoras y fil\u00f3sofas m\u00e1s importantes de la historia de Espa\u00f1a, ferviente <strong>defensora de la transformaci\u00f3n social a trav\u00e9s de la educaci\u00f3n. <\/strong>Mar\u00eda Zambrano particip\u00f3 en los debates m\u00e1s importantes de su \u00e9poca sobre temas como la decadencia de Espa\u00f1a y la necesidad de progreso. Tras la muerte de Franco, regres\u00f3 del exilio en Francia y fue decorada, en 1981, con el premio Pr\u00edncipe de Asturias de las Letras.&nbsp;<\/p>\n<\/div>\n<\/div>\n\n\n\n<p style=\"margin-top:0;margin-bottom:0\"><\/p>\n\n\n\n<p><\/p>\n\n\n\n<figure class=\"wp-block-image aligncenter size-large is-resized\"><img loading=\"lazy\" decoding=\"async\" width=\"1024\" height=\"529\" src=\"https:\/\/www.interflora.es\/blog\/wp-content\/uploads\/dia-de-la-mujer-1024x529.jpg\" alt=\"Feminismo en Espa\u00f1a\" class=\"wp-image-20413\" style=\"width:788px;height:auto\"\/><\/figure>\n\n\n\n<p><\/p>\n\n\n<div class=\"lp-produits-grid\"><div class=\"lp-produit\"><div class=\"lp-thumbnail-wrapper\"><img loading=\"lazy\" decoding=\"async\" width=\"300\" height=\"300\" src=\"https:\/\/www.interflora.es\/blog\/wp-content\/uploads\/2025\/07\/1750405257-ff152-deco-300x300.jpg\" class=\"attachment-medium size-medium wp-post-image\" alt=\"\" srcset=\"https:\/\/www.interflora.es\/blog\/wp-content\/uploads\/2025\/07\/1750405257-ff152-deco-300x300.jpg 300w, https:\/\/www.interflora.es\/blog\/wp-content\/uploads\/2025\/07\/1750405257-ff152-deco-1024x1024.jpg 1024w, https:\/\/www.interflora.es\/blog\/wp-content\/uploads\/2025\/07\/1750405257-ff152-deco-150x150.jpg 150w, https:\/\/www.interflora.es\/blog\/wp-content\/uploads\/2025\/07\/1750405257-ff152-deco-768x768.jpg 768w, https:\/\/www.interflora.es\/blog\/wp-content\/uploads\/2025\/07\/1750405257-ff152-deco-1536x1536.jpg 1536w, https:\/\/www.interflora.es\/blog\/wp-content\/uploads\/2025\/07\/1750405257-ff152-deco-2048x2048.jpg 2048w\" sizes=\"auto, (max-width: 300px) 100vw, 300px\" \/><img decoding=\"async\" class=\"lp-badge\" src=\"https:\/\/prodblog.interflora.es\/blog\/wp-content\/uploads\/2025\/04\/220422_INTERFLORA_Main_Logo_rgb_Main_Color.png\" alt=\"Entrega r\u00e1pida\"><\/div><span>Sentimientos<\/span><p>34.99 \u20ac<\/p><span class=\"obf-link lp-cta\" role=\"link\" tabindex=\"0\" data-b64=\"aHR0cHM6Ly93d3cuaW50ZXJmbG9yYS5lcy9wL3JhbW8tZGUtZmxvcmVzLXNlbnRpbWllbnRvcy8xP3V0bV9tZWRpdW09b3JnYW5pYyZ1dG1fc291cmNlPWJsb2dfcHJvZHVjdHMmdXRtX2NhbXBhaWduPUZGMTUy\" data-target=\"_blank\"><svg xmlns=\"http:\/\/www.w3.org\/2000\/svg\" width=\"16\" height=\"16\" fill=\"currentColor\" class=\"bi bi-bag\" viewBox=\"0 0 16 16\"><path d=\"M8 1a2 2 0 0 1 2 2v1h2.5A1.5 1.5 0 0 1 14 5.5v8A1.5 1.5 0 0 1 12.5 15h-9A1.5 1.5 0 0 1 2 13.5v-8A1.5 1.5 0 0 1 3.5 3H6V2a2 2 0 0 1 2-1zm1 3V3a1 1 0 0 0-2 0v1h2z\"\/><\/svg>Comprar<\/span><p class=\"rapido\">Flores y plantas frescas<\/p><\/div><div class=\"lp-produit\"><div class=\"lp-thumbnail-wrapper\"><img loading=\"lazy\" decoding=\"async\" width=\"300\" height=\"300\" src=\"https:\/\/www.interflora.es\/blog\/wp-content\/uploads\/2025\/07\/1750411785-ff155-model-hand-300x300.jpg\" class=\"attachment-medium size-medium wp-post-image\" alt=\"\" srcset=\"https:\/\/www.interflora.es\/blog\/wp-content\/uploads\/2025\/07\/1750411785-ff155-model-hand-300x300.jpg 300w, https:\/\/www.interflora.es\/blog\/wp-content\/uploads\/2025\/07\/1750411785-ff155-model-hand-1024x1024.jpg 1024w, https:\/\/www.interflora.es\/blog\/wp-content\/uploads\/2025\/07\/1750411785-ff155-model-hand-150x150.jpg 150w, https:\/\/www.interflora.es\/blog\/wp-content\/uploads\/2025\/07\/1750411785-ff155-model-hand-768x768.jpg 768w, https:\/\/www.interflora.es\/blog\/wp-content\/uploads\/2025\/07\/1750411785-ff155-model-hand-1536x1536.jpg 1536w, https:\/\/www.interflora.es\/blog\/wp-content\/uploads\/2025\/07\/1750411785-ff155-model-hand-2048x2048.jpg 2048w\" sizes=\"auto, (max-width: 300px) 100vw, 300px\" \/><img decoding=\"async\" class=\"lp-badge\" src=\"https:\/\/prodblog.interflora.es\/blog\/wp-content\/uploads\/2025\/04\/220422_INTERFLORA_Main_Logo_rgb_Main_Color.png\" alt=\"Entrega r\u00e1pida\"><\/div><span>Besito<\/span><p>29.99 \u20ac<\/p><span class=\"obf-link lp-cta\" role=\"link\" tabindex=\"0\" data-b64=\"aHR0cHM6Ly93d3cuaW50ZXJmbG9yYS5lcy9wL3JhbW8tZGUtZmxvcmVzLWJlc2l0by8xP3V0bV9tZWRpdW09b3JnYW5pYyZ1dG1fc291cmNlPWJsb2dfcHJvZHVjdHMmdXRtX2NhbXBhaWduPUZGMTU1\" data-target=\"_blank\"><svg xmlns=\"http:\/\/www.w3.org\/2000\/svg\" width=\"16\" height=\"16\" fill=\"currentColor\" class=\"bi bi-bag\" viewBox=\"0 0 16 16\"><path d=\"M8 1a2 2 0 0 1 2 2v1h2.5A1.5 1.5 0 0 1 14 5.5v8A1.5 1.5 0 0 1 12.5 15h-9A1.5 1.5 0 0 1 2 13.5v-8A1.5 1.5 0 0 1 3.5 3H6V2a2 2 0 0 1 2-1zm1 3V3a1 1 0 0 0-2 0v1h2z\"\/><\/svg>Comprar<\/span><p class=\"rapido\">Atenci\u00f3n al cliente siempre disponible<\/p><\/div><div class=\"lp-produit\"><div class=\"lp-thumbnail-wrapper\"><img loading=\"lazy\" decoding=\"async\" width=\"300\" height=\"300\" src=\"https:\/\/www.interflora.es\/blog\/wp-content\/uploads\/2025\/11\/Capture-decran-2026-02-04-121916-300x300.png\" class=\"attachment-medium size-medium wp-post-image\" alt=\"\" srcset=\"https:\/\/www.interflora.es\/blog\/wp-content\/uploads\/2025\/11\/Capture-decran-2026-02-04-121916-300x300.png 300w, https:\/\/www.interflora.es\/blog\/wp-content\/uploads\/2025\/11\/Capture-decran-2026-02-04-121916-150x150.png 150w, https:\/\/www.interflora.es\/blog\/wp-content\/uploads\/2025\/11\/Capture-decran-2026-02-04-121916.png 647w\" sizes=\"auto, (max-width: 300px) 100vw, 300px\" \/><img decoding=\"async\" class=\"lp-badge\" src=\"https:\/\/prodblog.interflora.es\/blog\/wp-content\/uploads\/2025\/04\/220422_INTERFLORA_Main_Logo_rgb_Main_Color.png\" alt=\"Entrega r\u00e1pida\"><\/div><span>Peque\u00f1o Sol<\/span><p>27.99 \u20ac<\/p><span class=\"obf-link lp-cta\" role=\"link\" tabindex=\"0\" data-b64=\"aHR0cHM6Ly93d3cuaW50ZXJmbG9yYS5lcy9wL3JhbW8tZGUtZmxvcmVzLWFtYXJpbGxhcy12YXJpYWRhcy8xP3V0bV9tZWRpdW09b3JnYW5pYyZ1dG1fc291cmNlPWJsb2dfcHJvZHVjdHMmdXRtX2NhbXBhaWduPUZGMTQ4\" data-target=\"_blank\"><svg xmlns=\"http:\/\/www.w3.org\/2000\/svg\" width=\"16\" height=\"16\" fill=\"currentColor\" class=\"bi bi-bag\" viewBox=\"0 0 16 16\"><path d=\"M8 1a2 2 0 0 1 2 2v1h2.5A1.5 1.5 0 0 1 14 5.5v8A1.5 1.5 0 0 1 12.5 15h-9A1.5 1.5 0 0 1 2 13.5v-8A1.5 1.5 0 0 1 3.5 3H6V2a2 2 0 0 1 2-1zm1 3V3a1 1 0 0 0-2 0v1h2z\"\/><\/svg>Comprar<\/span><p class=\"rapido\">Flores y plantas frescas<\/p><\/div><div class=\"lp-produit\"><div class=\"lp-thumbnail-wrapper\"><img loading=\"lazy\" decoding=\"async\" width=\"300\" height=\"300\" src=\"https:\/\/www.interflora.es\/blog\/wp-content\/uploads\/2025\/04\/1688372120-f0137-es-1-300x300.jpg\" class=\"attachment-medium size-medium wp-post-image\" alt=\"\" srcset=\"https:\/\/www.interflora.es\/blog\/wp-content\/uploads\/2025\/04\/1688372120-f0137-es-1-300x300.jpg 300w, https:\/\/www.interflora.es\/blog\/wp-content\/uploads\/2025\/04\/1688372120-f0137-es-1-1024x1024.jpg 1024w, https:\/\/www.interflora.es\/blog\/wp-content\/uploads\/2025\/04\/1688372120-f0137-es-1-150x150.jpg 150w, https:\/\/www.interflora.es\/blog\/wp-content\/uploads\/2025\/04\/1688372120-f0137-es-1-768x768.jpg 768w, https:\/\/www.interflora.es\/blog\/wp-content\/uploads\/2025\/04\/1688372120-f0137-es-1-1536x1536.jpg 1536w, https:\/\/www.interflora.es\/blog\/wp-content\/uploads\/2025\/04\/1688372120-f0137-es-1-2048x2048.jpg 2048w\" sizes=\"auto, (max-width: 300px) 100vw, 300px\" \/><img decoding=\"async\" class=\"lp-badge\" src=\"https:\/\/prodblog.interflora.es\/blog\/wp-content\/uploads\/2025\/04\/220422_INTERFLORA_Main_Logo_rgb_Main_Color.png\" alt=\"Entrega r\u00e1pida\"><\/div><span>Ramo Sorpresa del Florista<\/span><p>34.99 \u20ac<\/p><span class=\"obf-link lp-cta\" role=\"link\" tabindex=\"0\" data-b64=\"aHR0cHM6Ly93d3cuaW50ZXJmbG9yYS5lcy9wL3JhbW8tZGVsLWZsb3Jpc3RhLzE\/dXRtX21lZGl1bT1vcmdhbmljJnV0bV9zb3VyY2U9YmxvZ19wcm9kdWN0cyZ1dG1fY2FtcGFpZ249RjAxMzc=\" data-target=\"_blank\"><svg xmlns=\"http:\/\/www.w3.org\/2000\/svg\" width=\"16\" height=\"16\" fill=\"currentColor\" class=\"bi bi-bag\" viewBox=\"0 0 16 16\"><path d=\"M8 1a2 2 0 0 1 2 2v1h2.5A1.5 1.5 0 0 1 14 5.5v8A1.5 1.5 0 0 1 12.5 15h-9A1.5 1.5 0 0 1 2 13.5v-8A1.5 1.5 0 0 1 3.5 3H6V2a2 2 0 0 1 2-1zm1 3V3a1 1 0 0 0-2 0v1h2z\"\/><\/svg>Comprar<\/span><p class=\"rapido\">Env\u00edo r\u00e1pido<\/p><\/div><\/div>\n\n\n\n<div style=\"height:5px\" aria-hidden=\"true\" class=\"wp-block-spacer\"><\/div>\n\n\n\n<div class=\"wp-block-buttons is-content-justification-center is-layout-flex wp-container-core-buttons-is-layout-a89b3969 wp-block-buttons-is-layout-flex\">\n<div class=\"wp-block-button\"><a class=\"wp-block-button__link wp-element-button\" href=\"https:\/\/www.interflora.es\/c\/fiestas\/flores-para-el-dia-de-la-mujer\">Flores para el D\u00eda de la Mujer<\/a><\/div>\n<\/div>\n\n\n\n<div style=\"height:5px\" aria-hidden=\"true\" class=\"wp-block-spacer\"><\/div>\n\n\n\n<h2 class=\"wp-block-heading alignwide has-text-align-left has-text-color has-link-color wp-elements-702a17b6ff8f4a21e1553dee732e610e\" style=\"color:#9b51e091\"><strong>Feminismo en la Espa\u00f1a de posguerra<\/strong><\/h2>\n\n\n\n<p>El periodo de posguerra y la dictadura franquista supusieron un paso atr\u00e1s en los avances sociales logrados por las mujeres. <strong>El r\u00e9gimen militar<\/strong> <strong>negaba a las mujeres cualquier tipo de autonom\u00eda individual: <\/strong>por ejemplo, durante la dictadura franquista las mujeres casadas necesitaban un permiso marital para poder trabajar, para abrir una cuenta bancaria o para solicitar un pasaporte. El modelo de educaci\u00f3n era el impuesto desde la <strong>Secci\u00f3n Femenina, <\/strong>cuyo principio era la separaci\u00f3n de sexos y la atribuci\u00f3n de una educaci\u00f3n basada en la familia y el hogar. En este contexto, figuras feministas como las escritoras <strong>Carmen Laforet<\/strong>, <strong>Ana Mar\u00eda Matute <\/strong>o <strong>Rosa Chacel<\/strong> tuvieron que partir al extranjero, desde donde siguieron reivindicando sus ideas. Entre las m\u00e1s destacadas pol\u00edticas feministas, entonces en el exilio, est\u00e1 <strong>Dolores Ib\u00e1rruri<\/strong>, m\u00e1s conocida como <strong>La Pasionaria<\/strong>.<\/p>\n\n\n\n<div class=\"wp-block-columns alignwide is-layout-flex wp-container-core-columns-is-layout-28f84493 wp-block-columns-is-layout-flex\">\n<div class=\"wp-block-column has-background is-layout-flow wp-block-column-is-layout-flow\" style=\"background-color:#9b51e091\">\n<h3 class=\"wp-block-heading has-text-align-center has-ast-global-color-5-color has-text-color has-link-color wp-elements-b5320a820ffd194e7211b53b17046932\" style=\"margin-top:var(--wp--preset--spacing--30);margin-bottom:var(--wp--preset--spacing--30)\"><strong>La Pasionaria, una figura pol\u00edtica y feminista<\/strong><\/h3>\n\n\n\n<p class=\"has-text-align-center has-ast-global-color-5-color has-text-color has-link-color wp-elements-3b9331605dd6ee04b3c37f272d70ded1\" style=\"margin-top:var(--wp--preset--spacing--30);margin-right:var(--wp--preset--spacing--40);margin-bottom:var(--wp--preset--spacing--30);margin-left:var(--wp--preset--spacing--40)\"><strong>Dolores Ib\u00e1rruri<\/strong> es una de las pol\u00edticas espa\u00f1olas m\u00e1s conocidas a nivel internacional, ya que fue la primera mujer en el mundo elegida secretaria general de un partido, el PCE. Fue presidenta de la Organizaci\u00f3n<strong> de Mujeres Antifascistas<\/strong> (OMA), que reun\u00eda a mujeres comunistas, socialistas y republicanas en la lucha por la democracia, y fue encarcelada varias veces debido a sus fuertes discursos y a su activa militancia. Fue diputada del PCE por Asturias en el Congreso de los Diputados de la Rep\u00fablica, siendo elegida vicepresidenta de las Cortes republicanas en 1937 y secretaria general del PCE hasta 1960.<\/p>\n<\/div>\n<\/div>\n\n\n\n<p><\/p>\n\n\n\n<h3 class=\"wp-block-heading alignwide has-text-color has-link-color wp-elements-53e92202d862c542327eac9fd6004e8c\" style=\"color:#9b51e091\"><strong>Los a\u00f1os 60 y 70, el despertar del feminismo<\/strong><\/h3>\n\n\n\n<p>A finales de los a\u00f1os 60, los vientos de la libertad venidos de Europa empezaron a soplar nuevamente en Espa\u00f1a. Importantes colectivos de mujeres se organizaron como movimientos feministas y de oposici\u00f3n al r\u00e9gimen, como el <strong>Movimiento para la Liberaci\u00f3n de la Mujer, <\/strong>que reactiv\u00f3 el debate sobre los derechos de las mujeres. Estos grupos fueron muy visibles en la transici\u00f3n, y sus demandas se incorporaron en la agenda pol\u00edtica. El <strong>Movimiento Democr\u00e1tico de las Mujeres<\/strong> (MDM), creado en 1965 y vinculado al Partido Comunista de Espa\u00f1a, fue uno de los m\u00e1s importantes. En los a\u00f1os 70 el Movimiento Feminista era ya una realidad. <strong>Incitaba a las espa\u00f1olas a interesarse por los problemas generales del pa\u00eds<\/strong>, tratando al mismo tiempo <strong>problemas espec\u00edficos de la mujer<\/strong>. La lucha de estas mujeres era clandestina y muchas de ellas fueron detenidas en 1968 junto con una gran cantidad de dirigentes pol\u00edticos y sindicales en la oposici\u00f3n.<\/p>\n\n\n\n<div class=\"wp-block-columns alignwide has-background is-layout-flex wp-container-core-columns-is-layout-28f84493 wp-block-columns-is-layout-flex\" style=\"background-color:#9b51e091\">\n<div class=\"wp-block-column is-layout-flow wp-block-column-is-layout-flow\" style=\"padding-top:var(--wp--preset--spacing--20);padding-bottom:var(--wp--preset--spacing--20)\">\n<h3 class=\"wp-block-heading has-text-align-center has-ast-global-color-5-color has-text-color has-link-color wp-elements-40d070d33a2a84c238163ee6fdb5cd92\"><strong>El \u201c<em>La, la, la<\/em>\u201d y la negativa de Massiel<\/strong><\/h3>\n\n\n\n<figure class=\"wp-block-image aligncenter size-full is-resized\"><img loading=\"lazy\" decoding=\"async\" width=\"277\" height=\"182\" src=\"https:\/\/www.interflora.es\/blog\/wp-content\/uploads\/Massiel-3.jpg\" alt=\"Figuras feministas: Massiel\" class=\"wp-image-20375\" style=\"width:449px;height:auto\"\/><\/figure>\n<\/div>\n\n\n\n<div class=\"wp-block-column is-layout-flow wp-block-column-is-layout-flow\">\n<p class=\"has-text-align-center has-ast-global-color-5-color has-text-color has-link-color wp-elements-0c5a7a54d6287c3b7148d3b1c695183e\" style=\"margin-top:var(--wp--preset--spacing--20);margin-right:var(--wp--preset--spacing--30);margin-bottom:var(--wp--preset--spacing--20);margin-left:var(--wp--preset--spacing--30)\"><br>En 1968, la joven cantante espa\u00f1ola <strong>Massiel<\/strong> gana el festival de Eurovisi\u00f3n y revoluciona la Espa\u00f1a conservadora de la \u00e9poca, <br>luciendo un vestido de flores con minifalda, adquirido en Par\u00eds. <br>Franco, cuyo r\u00e9gimen empezaba a resquebrajarse, quiso aprovechar la ocasi\u00f3n para hacerse la foto de rigor con la artista y entregarle el Lazo de Dama de Isabel la Cat\u00f3lica.  Sin embargo, Massiel se neg\u00f3, lo que hizo que Televisi\u00f3n Espa\u00f1ola vetara a la artista durante meses. Massiel se convirti\u00f3 en el s\u00edmbolo de una Espa\u00f1a que ansiaba libertad, as\u00ed como una de las representantes del movimiento <em>yey\u00e9<\/em>, que, sin ser radical, reclamaba una forma de vida no tan sujeta al r\u00edgido cors\u00e9 de la moral cat\u00f3lica del franquismo. Representantes de la m\u00fasica yey\u00e9 en nuestro pa\u00eds fueron <strong>Marisol, Lita Torell\u00f3, Salom\u00e9, Ana Bel\u00e9n, Karina, Roc\u00edo D\u00farcal o Concha Velasco.<\/strong><\/p>\n<\/div>\n<\/div>\n\n\n\n<p><\/p>\n\n\n\n<h2 class=\"wp-block-heading alignwide has-text-color has-link-color wp-elements-5c83b9d44f101779117a3937f6dffaf0\" style=\"color:#9b51e091\"><strong>El feminismo en la transici\u00f3n democr\u00e1tica<\/strong><\/h2>\n\n\n\n<p>En 1975, Franco muere. Empieza entonces una transici\u00f3n hacia la democracia en la que el trabajo de las figuras feministas ser\u00e1 esencial para la recuperaci\u00f3n de los derechos de las mujeres. La labor de los diferentes colectivos feministas, como el Movimiento Democr\u00e1tico de la Mujer (PCE), o el Colectivo Feminista de Madrid <strong>de Cristina Alberdi<\/strong> entre muchos otros, luchan para que las mujeres puedan participar de lleno en la construcci\u00f3n de la nueva sociedad espa\u00f1ola. Otras feministas de la \u00e9poca, como <strong>Lidia Falc\u00f3n<\/strong>, fundaron sus propios partidos pol\u00edticos. En los a\u00f1os siguientes, el movimiento feminista creci\u00f3, con reivindicaciones claras como <strong>la no discriminaci\u00f3n legal por sexo, la despenalizaci\u00f3n de los anticonceptivos o la eliminaci\u00f3n del delito de adulterio femenino<\/strong>, que tendr\u00e1n su reflejo posterior en la Ley del Divorcio de 1981 y en la Ley de la Despenalizaci\u00f3n del Aborto de 1985.&nbsp;<\/p>\n\n\n\n<h2 class=\"wp-block-heading alignwide has-text-color has-link-color wp-elements-815610980b4d76ca8e51fcba79e64c30\" style=\"color:#9b51e091\"><strong>El feminismo desde 1978 a la actualidad<\/strong><\/h2>\n\n\n\n<p>Aunque la Constituci\u00f3n de 1978 no recog\u00eda todas las demandas de los grupos feministas, el debate sigui\u00f3 abierto, y en 1978 el gobierno de UCD cre\u00f3 una Subdirecci\u00f3n de la Condici\u00f3n Femenina, dependiente del Ministerio de Cultura, para la promoci\u00f3n de la mujer. Los 5 a\u00f1os que dur\u00f3 la transici\u00f3n supusieron muchos cambios para el feminismo espa\u00f1ol, que se materializaron en instituciones como el Instituto de la Mujer, creado en 1983.<\/p>\n\n\n\n<figure class=\"wp-block-image aligncenter size-full is-resized\"><img loading=\"lazy\" decoding=\"async\" width=\"800\" height=\"533\" src=\"https:\/\/www.interflora.es\/blog\/wp-content\/uploads\/2026\/02\/annesophiebenoit-interflora-sw-79.jpg\" alt=\"\" class=\"wp-image-34469\" style=\"width:775px;height:auto\" srcset=\"https:\/\/www.interflora.es\/blog\/wp-content\/uploads\/2026\/02\/annesophiebenoit-interflora-sw-79.jpg 800w, https:\/\/www.interflora.es\/blog\/wp-content\/uploads\/2026\/02\/annesophiebenoit-interflora-sw-79-300x200.jpg 300w, https:\/\/www.interflora.es\/blog\/wp-content\/uploads\/2026\/02\/annesophiebenoit-interflora-sw-79-768x512.jpg 768w\" sizes=\"auto, (max-width: 800px) 100vw, 800px\" \/><\/figure>\n\n\n\n<div style=\"height:5px\" aria-hidden=\"true\" class=\"wp-block-spacer\"><\/div>\n\n\n\n<h3 class=\"wp-block-heading alignwide has-text-color has-link-color wp-elements-232be17c1781c4639e36e9874222fbed\" style=\"color:#9b51e091\"><strong>El feminismo actual: figuras feministas que est\u00e1n cambiando las cosas<\/strong><\/h3>\n\n\n\n<p>\u201c<em>No es no<\/em>\u201d, \u201c<em>Ni una menos<\/em>\u201d, \u201c<em>El violador eres t\u00fa<\/em>\u201d, \u201c<em>Igualdad salarial, un derecho a conquistar<\/em>\u00ab\u2026 Estas frases reflejan la necesidad de un cambio social para que las mujeres puedan vivir libres, seguras y plenas. El movimiento feminista actual en Espa\u00f1a es diverso y variado, con reivindicaciones centradas en temas tan importantes como la <strong>violencia de g\u00e9nero, el acceso al empleo y la diferencia salarial, los cuidados, la prostituci\u00f3n, el aborto, los derechos sexuales y reproductivos, el lenguaje no sexista, el empoderamiento <\/strong>\u2026 Tantas luchas llevadas a cabo por mujeres que, de manera individual o colectiva, hacen avanzar las cosas.<\/p>\n\n\n\n<p> <strong>Las figuras feministas actuales est\u00e1n presentes a todos los niveles de la sociedad<\/strong>: son cient\u00edficas, artistas, escritoras, pol\u00edticas, trabajadoras sociales, asistentes del hogar, madres, amigas, hijas, hermanas, abuelas, compa\u00f1eras sentimentales\u2026 todas merecen nuestro respeto, nuestro agradecimiento por esa lucha silenciosa o colectiva que sigue siendo esencial. Desde Interflora conmemoramos este d\u00eda con <a href=\"https:\/\/www.interflora.es\/c\/fiestas\/flores-para-el-dia-de-la-mujer?utm_source=blog&amp;utm_medium=organic&amp;utm_campaign=diadelamujer\">flores para el D\u00eda de la Mujer<\/a> que reflejan un agradecimiento sincero a las mujeres que nos rodean y que, sin duda, lograr\u00e1n cambiar el mundo. \u00a1Feliz D\u00eda Internacional de la Mujer!<\/p>\n\n\n\n<div style=\"height:5px\" aria-hidden=\"true\" class=\"wp-block-spacer\"><\/div>\n\n\n<div class=\"lp-produits-grid\"><div class=\"lp-produit\"><div class=\"lp-thumbnail-wrapper\"><img loading=\"lazy\" decoding=\"async\" width=\"300\" height=\"300\" src=\"https:\/\/www.interflora.es\/blog\/wp-content\/uploads\/2025\/07\/1750405257-ff152-deco-300x300.jpg\" class=\"attachment-medium size-medium wp-post-image\" alt=\"\" srcset=\"https:\/\/www.interflora.es\/blog\/wp-content\/uploads\/2025\/07\/1750405257-ff152-deco-300x300.jpg 300w, https:\/\/www.interflora.es\/blog\/wp-content\/uploads\/2025\/07\/1750405257-ff152-deco-1024x1024.jpg 1024w, https:\/\/www.interflora.es\/blog\/wp-content\/uploads\/2025\/07\/1750405257-ff152-deco-150x150.jpg 150w, https:\/\/www.interflora.es\/blog\/wp-content\/uploads\/2025\/07\/1750405257-ff152-deco-768x768.jpg 768w, https:\/\/www.interflora.es\/blog\/wp-content\/uploads\/2025\/07\/1750405257-ff152-deco-1536x1536.jpg 1536w, https:\/\/www.interflora.es\/blog\/wp-content\/uploads\/2025\/07\/1750405257-ff152-deco-2048x2048.jpg 2048w\" sizes=\"auto, (max-width: 300px) 100vw, 300px\" \/><img decoding=\"async\" class=\"lp-badge\" src=\"https:\/\/prodblog.interflora.es\/blog\/wp-content\/uploads\/2025\/04\/220422_INTERFLORA_Main_Logo_rgb_Main_Color.png\" alt=\"Entrega r\u00e1pida\"><\/div><span>Sentimientos<\/span><p>34.99 \u20ac<\/p><span class=\"obf-link lp-cta\" role=\"link\" tabindex=\"0\" data-b64=\"aHR0cHM6Ly93d3cuaW50ZXJmbG9yYS5lcy9wL3JhbW8tZGUtZmxvcmVzLXNlbnRpbWllbnRvcy8xP3V0bV9tZWRpdW09b3JnYW5pYyZ1dG1fc291cmNlPWJsb2dfcHJvZHVjdHMmdXRtX2NhbXBhaWduPUZGMTUy\" data-target=\"_blank\"><svg xmlns=\"http:\/\/www.w3.org\/2000\/svg\" width=\"16\" height=\"16\" fill=\"currentColor\" class=\"bi bi-bag\" viewBox=\"0 0 16 16\"><path d=\"M8 1a2 2 0 0 1 2 2v1h2.5A1.5 1.5 0 0 1 14 5.5v8A1.5 1.5 0 0 1 12.5 15h-9A1.5 1.5 0 0 1 2 13.5v-8A1.5 1.5 0 0 1 3.5 3H6V2a2 2 0 0 1 2-1zm1 3V3a1 1 0 0 0-2 0v1h2z\"\/><\/svg>Comprar<\/span><p class=\"rapido\">Flores y plantas frescas<\/p><\/div><div class=\"lp-produit\"><div class=\"lp-thumbnail-wrapper\"><img loading=\"lazy\" decoding=\"async\" width=\"300\" height=\"300\" src=\"https:\/\/www.interflora.es\/blog\/wp-content\/uploads\/2025\/07\/1750411785-ff155-model-hand-300x300.jpg\" class=\"attachment-medium size-medium wp-post-image\" alt=\"\" srcset=\"https:\/\/www.interflora.es\/blog\/wp-content\/uploads\/2025\/07\/1750411785-ff155-model-hand-300x300.jpg 300w, https:\/\/www.interflora.es\/blog\/wp-content\/uploads\/2025\/07\/1750411785-ff155-model-hand-1024x1024.jpg 1024w, https:\/\/www.interflora.es\/blog\/wp-content\/uploads\/2025\/07\/1750411785-ff155-model-hand-150x150.jpg 150w, https:\/\/www.interflora.es\/blog\/wp-content\/uploads\/2025\/07\/1750411785-ff155-model-hand-768x768.jpg 768w, https:\/\/www.interflora.es\/blog\/wp-content\/uploads\/2025\/07\/1750411785-ff155-model-hand-1536x1536.jpg 1536w, https:\/\/www.interflora.es\/blog\/wp-content\/uploads\/2025\/07\/1750411785-ff155-model-hand-2048x2048.jpg 2048w\" sizes=\"auto, (max-width: 300px) 100vw, 300px\" \/><img decoding=\"async\" class=\"lp-badge\" src=\"https:\/\/prodblog.interflora.es\/blog\/wp-content\/uploads\/2025\/04\/220422_INTERFLORA_Main_Logo_rgb_Main_Color.png\" alt=\"Entrega r\u00e1pida\"><\/div><span>Besito<\/span><p>29.99 \u20ac<\/p><span class=\"obf-link lp-cta\" role=\"link\" tabindex=\"0\" data-b64=\"aHR0cHM6Ly93d3cuaW50ZXJmbG9yYS5lcy9wL3JhbW8tZGUtZmxvcmVzLWJlc2l0by8xP3V0bV9tZWRpdW09b3JnYW5pYyZ1dG1fc291cmNlPWJsb2dfcHJvZHVjdHMmdXRtX2NhbXBhaWduPUZGMTU1\" data-target=\"_blank\"><svg xmlns=\"http:\/\/www.w3.org\/2000\/svg\" width=\"16\" height=\"16\" fill=\"currentColor\" class=\"bi bi-bag\" viewBox=\"0 0 16 16\"><path d=\"M8 1a2 2 0 0 1 2 2v1h2.5A1.5 1.5 0 0 1 14 5.5v8A1.5 1.5 0 0 1 12.5 15h-9A1.5 1.5 0 0 1 2 13.5v-8A1.5 1.5 0 0 1 3.5 3H6V2a2 2 0 0 1 2-1zm1 3V3a1 1 0 0 0-2 0v1h2z\"\/><\/svg>Comprar<\/span><p class=\"rapido\">Entrega urgente<\/p><\/div><div class=\"lp-produit\"><div class=\"lp-thumbnail-wrapper\"><img loading=\"lazy\" decoding=\"async\" width=\"300\" height=\"300\" src=\"https:\/\/www.interflora.es\/blog\/wp-content\/uploads\/2025\/11\/Capture-decran-2026-02-04-121916-300x300.png\" class=\"attachment-medium size-medium wp-post-image\" alt=\"\" srcset=\"https:\/\/www.interflora.es\/blog\/wp-content\/uploads\/2025\/11\/Capture-decran-2026-02-04-121916-300x300.png 300w, https:\/\/www.interflora.es\/blog\/wp-content\/uploads\/2025\/11\/Capture-decran-2026-02-04-121916-150x150.png 150w, https:\/\/www.interflora.es\/blog\/wp-content\/uploads\/2025\/11\/Capture-decran-2026-02-04-121916.png 647w\" sizes=\"auto, (max-width: 300px) 100vw, 300px\" \/><img decoding=\"async\" class=\"lp-badge\" src=\"https:\/\/prodblog.interflora.es\/blog\/wp-content\/uploads\/2025\/04\/220422_INTERFLORA_Main_Logo_rgb_Main_Color.png\" alt=\"Entrega r\u00e1pida\"><\/div><span>Peque\u00f1o Sol<\/span><p>27.99 \u20ac<\/p><span class=\"obf-link lp-cta\" role=\"link\" tabindex=\"0\" data-b64=\"aHR0cHM6Ly93d3cuaW50ZXJmbG9yYS5lcy9wL3JhbW8tZGUtZmxvcmVzLWFtYXJpbGxhcy12YXJpYWRhcy8xP3V0bV9tZWRpdW09b3JnYW5pYyZ1dG1fc291cmNlPWJsb2dfcHJvZHVjdHMmdXRtX2NhbXBhaWduPUZGMTQ4\" data-target=\"_blank\"><svg xmlns=\"http:\/\/www.w3.org\/2000\/svg\" width=\"16\" height=\"16\" fill=\"currentColor\" class=\"bi bi-bag\" viewBox=\"0 0 16 16\"><path d=\"M8 1a2 2 0 0 1 2 2v1h2.5A1.5 1.5 0 0 1 14 5.5v8A1.5 1.5 0 0 1 12.5 15h-9A1.5 1.5 0 0 1 2 13.5v-8A1.5 1.5 0 0 1 3.5 3H6V2a2 2 0 0 1 2-1zm1 3V3a1 1 0 0 0-2 0v1h2z\"\/><\/svg>Comprar<\/span><p class=\"rapido\">Atenci\u00f3n al cliente siempre disponible<\/p><\/div><div class=\"lp-produit\"><div class=\"lp-thumbnail-wrapper\"><img loading=\"lazy\" decoding=\"async\" width=\"300\" height=\"300\" src=\"https:\/\/www.interflora.es\/blog\/wp-content\/uploads\/2025\/04\/1688372120-f0137-es-1-300x300.jpg\" class=\"attachment-medium size-medium wp-post-image\" alt=\"\" srcset=\"https:\/\/www.interflora.es\/blog\/wp-content\/uploads\/2025\/04\/1688372120-f0137-es-1-300x300.jpg 300w, https:\/\/www.interflora.es\/blog\/wp-content\/uploads\/2025\/04\/1688372120-f0137-es-1-1024x1024.jpg 1024w, https:\/\/www.interflora.es\/blog\/wp-content\/uploads\/2025\/04\/1688372120-f0137-es-1-150x150.jpg 150w, https:\/\/www.interflora.es\/blog\/wp-content\/uploads\/2025\/04\/1688372120-f0137-es-1-768x768.jpg 768w, https:\/\/www.interflora.es\/blog\/wp-content\/uploads\/2025\/04\/1688372120-f0137-es-1-1536x1536.jpg 1536w, https:\/\/www.interflora.es\/blog\/wp-content\/uploads\/2025\/04\/1688372120-f0137-es-1-2048x2048.jpg 2048w\" sizes=\"auto, (max-width: 300px) 100vw, 300px\" \/><img decoding=\"async\" class=\"lp-badge\" src=\"https:\/\/prodblog.interflora.es\/blog\/wp-content\/uploads\/2025\/04\/220422_INTERFLORA_Main_Logo_rgb_Main_Color.png\" alt=\"Entrega r\u00e1pida\"><\/div><span>Ramo Sorpresa del Florista<\/span><p>34.99 \u20ac<\/p><span class=\"obf-link lp-cta\" role=\"link\" tabindex=\"0\" data-b64=\"aHR0cHM6Ly93d3cuaW50ZXJmbG9yYS5lcy9wL3JhbW8tZGVsLWZsb3Jpc3RhLzE\/dXRtX21lZGl1bT1vcmdhbmljJnV0bV9zb3VyY2U9YmxvZ19wcm9kdWN0cyZ1dG1fY2FtcGFpZ249RjAxMzc=\" data-target=\"_blank\"><svg xmlns=\"http:\/\/www.w3.org\/2000\/svg\" width=\"16\" height=\"16\" fill=\"currentColor\" class=\"bi bi-bag\" viewBox=\"0 0 16 16\"><path d=\"M8 1a2 2 0 0 1 2 2v1h2.5A1.5 1.5 0 0 1 14 5.5v8A1.5 1.5 0 0 1 12.5 15h-9A1.5 1.5 0 0 1 2 13.5v-8A1.5 1.5 0 0 1 3.5 3H6V2a2 2 0 0 1 2-1zm1 3V3a1 1 0 0 0-2 0v1h2z\"\/><\/svg>Comprar<\/span><p class=\"rapido\">Entrega urgente<\/p><\/div><\/div>\n\n\n\n<div style=\"height:5px\" aria-hidden=\"true\" class=\"wp-block-spacer\"><\/div>\n\n\n\n<div class=\"wp-block-buttons is-content-justification-center is-layout-flex wp-container-core-buttons-is-layout-a89b3969 wp-block-buttons-is-layout-flex\">\n<div class=\"wp-block-button\"><a class=\"wp-block-button__link wp-element-button\" href=\"https:\/\/www.interflora.es\/c\/fiestas\/flores-para-el-dia-de-la-mujer\">Flores para el D\u00eda de la Mujer<\/a><\/div>\n<\/div>\n","protected":false},"excerpt":{"rendered":"<p>El d\u00eda 8 de marzo se celebra el D\u00eda Internacional de la Mujer. Un d\u00eda importante para el feminismo, que [&hellip;]<\/p>\n","protected":false},"author":13,"featured_media":20394,"comment_status":"open","ping_status":"closed","sticky":false,"template":"","format":"standard","meta":{"_acf_changed":false,"_uag_custom_page_level_css":"","site-sidebar-layout":"default","site-content-layout":"","ast-site-content-layout":"default","site-content-style":"default","site-sidebar-style":"default","ast-global-header-display":"","ast-banner-title-visibility":"","ast-main-header-display":"","ast-hfb-above-header-display":"","ast-hfb-below-header-display":"","ast-hfb-mobile-header-display":"","site-post-title":"","ast-breadcrumbs-content":"","ast-featured-img":"","footer-sml-layout":"","theme-transparent-header-meta":"","adv-header-id-meta":"","stick-header-meta":"","header-above-stick-meta":"","header-main-stick-meta":"","header-below-stick-meta":"","astra-migrate-meta-layouts":"set","ast-page-background-enabled":"default","ast-page-background-meta":{"desktop":{"background-color":"var(--ast-global-color-5)","background-image":"","background-repeat":"repeat","background-position":"center center","background-size":"auto","background-attachment":"scroll","background-type":"","background-media":"","overlay-type":"","overlay-color":"","overlay-opacity":"","overlay-gradient":""},"tablet":{"background-color":"","background-image":"","background-repeat":"repeat","background-position":"center center","background-size":"auto","background-attachment":"scroll","background-type":"","background-media":"","overlay-type":"","overlay-color":"","overlay-opacity":"","overlay-gradient":""},"mobile":{"background-color":"","background-image":"","background-repeat":"repeat","background-position":"center center","background-size":"auto","background-attachment":"scroll","background-type":"","background-media":"","overlay-type":"","overlay-color":"","overlay-opacity":"","overlay-gradient":""}},"ast-content-background-meta":{"desktop":{"background-color":"var(--ast-global-color-4)","background-image":"","background-repeat":"repeat","background-position":"center center","background-size":"auto","background-attachment":"scroll","background-type":"","background-media":"","overlay-type":"","overlay-color":"","overlay-opacity":"","overlay-gradient":""},"tablet":{"background-color":"var(--ast-global-color-4)","background-image":"","background-repeat":"repeat","background-position":"center center","background-size":"auto","background-attachment":"scroll","background-type":"","background-media":"","overlay-type":"","overlay-color":"","overlay-opacity":"","overlay-gradient":""},"mobile":{"background-color":"var(--ast-global-color-4)","background-image":"","background-repeat":"repeat","background-position":"center center","background-size":"auto","background-attachment":"scroll","background-type":"","background-media":"","overlay-type":"","overlay-color":"","overlay-opacity":"","overlay-gradient":""}},"footnotes":""},"categories":[84,23],"tags":[85],"class_list":["post-20261","post","type-post","status-publish","format-standard","has-post-thumbnail","hentry","category-dia-de-la-mujer","category-ocasiones-especiales","tag-dia-de-la-mujer"],"acf":[],"yoast_head":"<!-- This site is optimized with the Yoast SEO plugin v27.5 - https:\/\/yoast.com\/product\/yoast-seo-wordpress\/ -->\n<title>Figuras feministas : la lucha por los derechos en Espa\u00f1a| Interflora<\/title>\n<meta name=\"description\" content=\"Las figuras del feminismo han contribuido a afianzar los derechos de las mujeres. Interflora te habla de ellas en el D\u00eda de la Mujer.\" \/>\n<meta name=\"robots\" content=\"index, follow, max-snippet:-1, max-image-preview:large, max-video-preview:-1\" \/>\n<link rel=\"canonical\" href=\"https:\/\/www.interflora.es\/blog\/figuras-feministas-espana\/\" \/>\n<script type=\"application\/ld+json\" class=\"yoast-schema-graph\">{\"@context\":\"https:\\\/\\\/schema.org\",\"@graph\":[{\"@type\":\"Article\",\"@id\":\"https:\\\/\\\/www.interflora.es\\\/blog\\\/figuras-feministas-espana\\\/#article\",\"isPartOf\":{\"@id\":\"https:\\\/\\\/www.interflora.es\\\/blog\\\/figuras-feministas-espana\\\/\"},\"author\":{\"name\":\"Interflora\",\"@id\":\"https:\\\/\\\/www.interflora.es\\\/blog\\\/#\\\/schema\\\/person\\\/e3ecff50262948e365b92682cdc2a9d1\"},\"headline\":\"Dia Internacional de la mujer: descubre las figuras del feminismo espa\u00f1ol\",\"datePublished\":\"2026-02-11T16:15:00+00:00\",\"dateModified\":\"2026-02-17T08:16:06+00:00\",\"mainEntityOfPage\":{\"@id\":\"https:\\\/\\\/www.interflora.es\\\/blog\\\/figuras-feministas-espana\\\/\"},\"wordCount\":2196,\"commentCount\":0,\"publisher\":{\"@id\":\"https:\\\/\\\/www.interflora.es\\\/blog\\\/#organization\"},\"image\":{\"@id\":\"https:\\\/\\\/www.interflora.es\\\/blog\\\/figuras-feministas-espana\\\/#primaryimage\"},\"thumbnailUrl\":\"https:\\\/\\\/www.interflora.es\\\/blog\\\/wp-content\\\/uploads\\\/2024\\\/02\\\/dia-de-la-mujer-bandeau.jpg\",\"keywords\":[\"D\u00eda de la Mujer\"],\"articleSection\":[\"D\u00eda de la Mujer\",\"Ocasiones especiales\"],\"inLanguage\":\"es\",\"potentialAction\":[{\"@type\":\"CommentAction\",\"name\":\"Comment\",\"target\":[\"https:\\\/\\\/www.interflora.es\\\/blog\\\/figuras-feministas-espana\\\/#respond\"]}]},{\"@type\":\"WebPage\",\"@id\":\"https:\\\/\\\/www.interflora.es\\\/blog\\\/figuras-feministas-espana\\\/\",\"url\":\"https:\\\/\\\/www.interflora.es\\\/blog\\\/figuras-feministas-espana\\\/\",\"name\":\"Figuras feministas : la lucha por los derechos en Espa\u00f1a| Interflora\",\"isPartOf\":{\"@id\":\"https:\\\/\\\/www.interflora.es\\\/blog\\\/#website\"},\"primaryImageOfPage\":{\"@id\":\"https:\\\/\\\/www.interflora.es\\\/blog\\\/figuras-feministas-espana\\\/#primaryimage\"},\"image\":{\"@id\":\"https:\\\/\\\/www.interflora.es\\\/blog\\\/figuras-feministas-espana\\\/#primaryimage\"},\"thumbnailUrl\":\"https:\\\/\\\/www.interflora.es\\\/blog\\\/wp-content\\\/uploads\\\/2024\\\/02\\\/dia-de-la-mujer-bandeau.jpg\",\"datePublished\":\"2026-02-11T16:15:00+00:00\",\"dateModified\":\"2026-02-17T08:16:06+00:00\",\"description\":\"Las figuras del feminismo han contribuido a afianzar los derechos de las mujeres. Interflora te habla de ellas en el D\u00eda de la Mujer.\",\"breadcrumb\":{\"@id\":\"https:\\\/\\\/www.interflora.es\\\/blog\\\/figuras-feministas-espana\\\/#breadcrumb\"},\"inLanguage\":\"es\",\"potentialAction\":[{\"@type\":\"ReadAction\",\"target\":[\"https:\\\/\\\/www.interflora.es\\\/blog\\\/figuras-feministas-espana\\\/\"]}]},{\"@type\":\"ImageObject\",\"inLanguage\":\"es\",\"@id\":\"https:\\\/\\\/www.interflora.es\\\/blog\\\/figuras-feministas-espana\\\/#primaryimage\",\"url\":\"https:\\\/\\\/www.interflora.es\\\/blog\\\/wp-content\\\/uploads\\\/2024\\\/02\\\/dia-de-la-mujer-bandeau.jpg\",\"contentUrl\":\"https:\\\/\\\/www.interflora.es\\\/blog\\\/wp-content\\\/uploads\\\/2024\\\/02\\\/dia-de-la-mujer-bandeau.jpg\",\"width\":1606,\"height\":670},{\"@type\":\"BreadcrumbList\",\"@id\":\"https:\\\/\\\/www.interflora.es\\\/blog\\\/figuras-feministas-espana\\\/#breadcrumb\",\"itemListElement\":[{\"@type\":\"ListItem\",\"position\":1,\"name\":\"Home\",\"item\":\"https:\\\/\\\/www.interflora.es\\\/blog\\\/\"},{\"@type\":\"ListItem\",\"position\":2,\"name\":\"Dia Internacional de la mujer: descubre las figuras del feminismo espa\u00f1ol\"}]},{\"@type\":\"WebSite\",\"@id\":\"https:\\\/\\\/www.interflora.es\\\/blog\\\/#website\",\"url\":\"https:\\\/\\\/www.interflora.es\\\/blog\\\/\",\"name\":\"El blog de Interflora : consejos, ideas e inspiraci\u00f3n para disfrutar de las flores y las plantas\",\"description\":\"\",\"publisher\":{\"@id\":\"https:\\\/\\\/www.interflora.es\\\/blog\\\/#organization\"},\"potentialAction\":[{\"@type\":\"SearchAction\",\"target\":{\"@type\":\"EntryPoint\",\"urlTemplate\":\"https:\\\/\\\/www.interflora.es\\\/blog\\\/?s={search_term_string}\"},\"query-input\":{\"@type\":\"PropertyValueSpecification\",\"valueRequired\":true,\"valueName\":\"search_term_string\"}}],\"inLanguage\":\"es\"},{\"@type\":\"Organization\",\"@id\":\"https:\\\/\\\/www.interflora.es\\\/blog\\\/#organization\",\"name\":\"El blog de Interflora : consejos, ideas e inspiraci\u00f3n para disfrutar de las flores y las plantas\",\"url\":\"https:\\\/\\\/www.interflora.es\\\/blog\\\/\",\"logo\":{\"@type\":\"ImageObject\",\"inLanguage\":\"es\",\"@id\":\"https:\\\/\\\/www.interflora.es\\\/blog\\\/#\\\/schema\\\/logo\\\/image\\\/\",\"url\":\"https:\\\/\\\/www.interflora.es\\\/blog\\\/wp-content\\\/uploads\\\/2025\\\/10\\\/cropped-220422_INTERFLORA_Logo_rgb_Half_Top_Circle_Main_Color.png\",\"contentUrl\":\"https:\\\/\\\/www.interflora.es\\\/blog\\\/wp-content\\\/uploads\\\/2025\\\/10\\\/cropped-220422_INTERFLORA_Logo_rgb_Half_Top_Circle_Main_Color.png\",\"width\":1418,\"height\":659,\"caption\":\"El blog de Interflora : consejos, ideas e inspiraci\u00f3n para disfrutar de las flores y las plantas\"},\"image\":{\"@id\":\"https:\\\/\\\/www.interflora.es\\\/blog\\\/#\\\/schema\\\/logo\\\/image\\\/\"}},{\"@type\":\"Person\",\"@id\":\"https:\\\/\\\/www.interflora.es\\\/blog\\\/#\\\/schema\\\/person\\\/e3ecff50262948e365b92682cdc2a9d1\",\"name\":\"Interflora\",\"image\":{\"@type\":\"ImageObject\",\"inLanguage\":\"es\",\"@id\":\"https:\\\/\\\/www.interflora.es\\\/blog\\\/wp-content\\\/litespeed\\\/avatar\\\/ef0a9e22ccabc545011ca74a630eaf3e.jpg?ver=1776950439\",\"url\":\"https:\\\/\\\/www.interflora.es\\\/blog\\\/wp-content\\\/litespeed\\\/avatar\\\/ef0a9e22ccabc545011ca74a630eaf3e.jpg?ver=1776950439\",\"contentUrl\":\"https:\\\/\\\/www.interflora.es\\\/blog\\\/wp-content\\\/litespeed\\\/avatar\\\/ef0a9e22ccabc545011ca74a630eaf3e.jpg?ver=1776950439\",\"caption\":\"Interflora\"}}]}<\/script>\n<!-- \/ Yoast SEO plugin. -->","yoast_head_json":{"title":"Figuras feministas : la lucha por los derechos en Espa\u00f1a| Interflora","description":"Las figuras del feminismo han contribuido a afianzar los derechos de las mujeres. Interflora te habla de ellas en el D\u00eda de la Mujer.","robots":{"index":"index","follow":"follow","max-snippet":"max-snippet:-1","max-image-preview":"max-image-preview:large","max-video-preview":"max-video-preview:-1"},"canonical":"https:\/\/www.interflora.es\/blog\/figuras-feministas-espana\/","schema":{"@context":"https:\/\/schema.org","@graph":[{"@type":"Article","@id":"https:\/\/www.interflora.es\/blog\/figuras-feministas-espana\/#article","isPartOf":{"@id":"https:\/\/www.interflora.es\/blog\/figuras-feministas-espana\/"},"author":{"name":"Interflora","@id":"https:\/\/www.interflora.es\/blog\/#\/schema\/person\/e3ecff50262948e365b92682cdc2a9d1"},"headline":"Dia Internacional de la mujer: descubre las figuras del feminismo espa\u00f1ol","datePublished":"2026-02-11T16:15:00+00:00","dateModified":"2026-02-17T08:16:06+00:00","mainEntityOfPage":{"@id":"https:\/\/www.interflora.es\/blog\/figuras-feministas-espana\/"},"wordCount":2196,"commentCount":0,"publisher":{"@id":"https:\/\/www.interflora.es\/blog\/#organization"},"image":{"@id":"https:\/\/www.interflora.es\/blog\/figuras-feministas-espana\/#primaryimage"},"thumbnailUrl":"https:\/\/www.interflora.es\/blog\/wp-content\/uploads\/2024\/02\/dia-de-la-mujer-bandeau.jpg","keywords":["D\u00eda de la Mujer"],"articleSection":["D\u00eda de la Mujer","Ocasiones especiales"],"inLanguage":"es","potentialAction":[{"@type":"CommentAction","name":"Comment","target":["https:\/\/www.interflora.es\/blog\/figuras-feministas-espana\/#respond"]}]},{"@type":"WebPage","@id":"https:\/\/www.interflora.es\/blog\/figuras-feministas-espana\/","url":"https:\/\/www.interflora.es\/blog\/figuras-feministas-espana\/","name":"Figuras feministas : la lucha por los derechos en Espa\u00f1a| Interflora","isPartOf":{"@id":"https:\/\/www.interflora.es\/blog\/#website"},"primaryImageOfPage":{"@id":"https:\/\/www.interflora.es\/blog\/figuras-feministas-espana\/#primaryimage"},"image":{"@id":"https:\/\/www.interflora.es\/blog\/figuras-feministas-espana\/#primaryimage"},"thumbnailUrl":"https:\/\/www.interflora.es\/blog\/wp-content\/uploads\/2024\/02\/dia-de-la-mujer-bandeau.jpg","datePublished":"2026-02-11T16:15:00+00:00","dateModified":"2026-02-17T08:16:06+00:00","description":"Las figuras del feminismo han contribuido a afianzar los derechos de las mujeres. Interflora te habla de ellas en el D\u00eda de la Mujer.","breadcrumb":{"@id":"https:\/\/www.interflora.es\/blog\/figuras-feministas-espana\/#breadcrumb"},"inLanguage":"es","potentialAction":[{"@type":"ReadAction","target":["https:\/\/www.interflora.es\/blog\/figuras-feministas-espana\/"]}]},{"@type":"ImageObject","inLanguage":"es","@id":"https:\/\/www.interflora.es\/blog\/figuras-feministas-espana\/#primaryimage","url":"https:\/\/www.interflora.es\/blog\/wp-content\/uploads\/2024\/02\/dia-de-la-mujer-bandeau.jpg","contentUrl":"https:\/\/www.interflora.es\/blog\/wp-content\/uploads\/2024\/02\/dia-de-la-mujer-bandeau.jpg","width":1606,"height":670},{"@type":"BreadcrumbList","@id":"https:\/\/www.interflora.es\/blog\/figuras-feministas-espana\/#breadcrumb","itemListElement":[{"@type":"ListItem","position":1,"name":"Home","item":"https:\/\/www.interflora.es\/blog\/"},{"@type":"ListItem","position":2,"name":"Dia Internacional de la mujer: descubre las figuras del feminismo espa\u00f1ol"}]},{"@type":"WebSite","@id":"https:\/\/www.interflora.es\/blog\/#website","url":"https:\/\/www.interflora.es\/blog\/","name":"El blog de Interflora : consejos, ideas e inspiraci\u00f3n para disfrutar de las flores y las plantas","description":"","publisher":{"@id":"https:\/\/www.interflora.es\/blog\/#organization"},"potentialAction":[{"@type":"SearchAction","target":{"@type":"EntryPoint","urlTemplate":"https:\/\/www.interflora.es\/blog\/?s={search_term_string}"},"query-input":{"@type":"PropertyValueSpecification","valueRequired":true,"valueName":"search_term_string"}}],"inLanguage":"es"},{"@type":"Organization","@id":"https:\/\/www.interflora.es\/blog\/#organization","name":"El blog de Interflora : consejos, ideas e inspiraci\u00f3n para disfrutar de las flores y las plantas","url":"https:\/\/www.interflora.es\/blog\/","logo":{"@type":"ImageObject","inLanguage":"es","@id":"https:\/\/www.interflora.es\/blog\/#\/schema\/logo\/image\/","url":"https:\/\/www.interflora.es\/blog\/wp-content\/uploads\/2025\/10\/cropped-220422_INTERFLORA_Logo_rgb_Half_Top_Circle_Main_Color.png","contentUrl":"https:\/\/www.interflora.es\/blog\/wp-content\/uploads\/2025\/10\/cropped-220422_INTERFLORA_Logo_rgb_Half_Top_Circle_Main_Color.png","width":1418,"height":659,"caption":"El blog de Interflora : consejos, ideas e inspiraci\u00f3n para disfrutar de las flores y las plantas"},"image":{"@id":"https:\/\/www.interflora.es\/blog\/#\/schema\/logo\/image\/"}},{"@type":"Person","@id":"https:\/\/www.interflora.es\/blog\/#\/schema\/person\/e3ecff50262948e365b92682cdc2a9d1","name":"Interflora","image":{"@type":"ImageObject","inLanguage":"es","@id":"https:\/\/www.interflora.es\/blog\/wp-content\/litespeed\/avatar\/ef0a9e22ccabc545011ca74a630eaf3e.jpg?ver=1776950439","url":"https:\/\/www.interflora.es\/blog\/wp-content\/litespeed\/avatar\/ef0a9e22ccabc545011ca74a630eaf3e.jpg?ver=1776950439","contentUrl":"https:\/\/www.interflora.es\/blog\/wp-content\/litespeed\/avatar\/ef0a9e22ccabc545011ca74a630eaf3e.jpg?ver=1776950439","caption":"Interflora"}}]}},"uagb_featured_image_src":{"full":["https:\/\/www.interflora.es\/blog\/wp-content\/uploads\/2024\/02\/dia-de-la-mujer-bandeau.jpg",1606,670,false],"thumbnail":["https:\/\/www.interflora.es\/blog\/wp-content\/uploads\/2024\/02\/dia-de-la-mujer-bandeau-150x150.jpg",150,150,true],"medium":["https:\/\/www.interflora.es\/blog\/wp-content\/uploads\/2024\/02\/dia-de-la-mujer-bandeau-300x125.jpg",300,125,true],"medium_large":["https:\/\/www.interflora.es\/blog\/wp-content\/uploads\/2024\/02\/dia-de-la-mujer-bandeau-768x320.jpg",768,320,true],"large":["https:\/\/www.interflora.es\/blog\/wp-content\/uploads\/2024\/02\/dia-de-la-mujer-bandeau-1024x427.jpg",1024,427,true],"1536x1536":["https:\/\/www.interflora.es\/blog\/wp-content\/uploads\/2024\/02\/dia-de-la-mujer-bandeau-1536x641.jpg",1536,641,true],"2048x2048":["https:\/\/www.interflora.es\/blog\/wp-content\/uploads\/2024\/02\/dia-de-la-mujer-bandeau.jpg",1606,670,false]},"uagb_author_info":{"display_name":"Interflora","author_link":"https:\/\/www.interflora.es\/blog\/author\/interflora\/"},"uagb_comment_info":1,"uagb_excerpt":"El d\u00eda 8 de marzo se celebra el D\u00eda Internacional de la Mujer. Un d\u00eda importante para el feminismo, que [&hellip;]","_links":{"self":[{"href":"https:\/\/www.interflora.es\/blog\/wp-json\/wp\/v2\/posts\/20261","targetHints":{"allow":["GET"]}}],"collection":[{"href":"https:\/\/www.interflora.es\/blog\/wp-json\/wp\/v2\/posts"}],"about":[{"href":"https:\/\/www.interflora.es\/blog\/wp-json\/wp\/v2\/types\/post"}],"author":[{"embeddable":true,"href":"https:\/\/www.interflora.es\/blog\/wp-json\/wp\/v2\/users\/13"}],"replies":[{"embeddable":true,"href":"https:\/\/www.interflora.es\/blog\/wp-json\/wp\/v2\/comments?post=20261"}],"version-history":[{"count":1,"href":"https:\/\/www.interflora.es\/blog\/wp-json\/wp\/v2\/posts\/20261\/revisions"}],"predecessor-version":[{"id":34516,"href":"https:\/\/www.interflora.es\/blog\/wp-json\/wp\/v2\/posts\/20261\/revisions\/34516"}],"wp:featuredmedia":[{"embeddable":true,"href":"https:\/\/www.interflora.es\/blog\/wp-json\/wp\/v2\/media\/20394"}],"wp:attachment":[{"href":"https:\/\/www.interflora.es\/blog\/wp-json\/wp\/v2\/media?parent=20261"}],"wp:term":[{"taxonomy":"category","embeddable":true,"href":"https:\/\/www.interflora.es\/blog\/wp-json\/wp\/v2\/categories?post=20261"},{"taxonomy":"post_tag","embeddable":true,"href":"https:\/\/www.interflora.es\/blog\/wp-json\/wp\/v2\/tags?post=20261"}],"curies":[{"name":"wp","href":"https:\/\/api.w.org\/{rel}","templated":true}]}}