{"id":20146,"date":"2024-04-26T13:56:06","date_gmt":"2024-04-26T11:56:06","guid":{"rendered":"https:\/\/www.interflora.es\/blog\/?p=20146"},"modified":"2024-04-26T13:56:06","modified_gmt":"2024-04-26T11:56:06","slug":"flor-de-virgo","status":"publish","type":"post","link":"https:\/\/www.interflora.es\/blog\/flor-de-virgo\/","title":{"rendered":"Signos zodiacales: \u00bfcu\u00e1l es la flor de Virgo?"},"content":{"rendered":"\n<p>Nacidos <strong>entre el 23 de agosto y el 22 de septiembre<\/strong>, los Virgo pertenecen a un <strong>signo zodiacal de Tierra<\/strong>, como los Tauro y los Capricornio. <br>Este signo del Zodiaco ocupa un lugar especial, situado entre 150 y 180\u00b0 en la ecl\u00edptica solar, y al igual que G\u00e9minis, est\u00e1 <strong>regido por Mercurio.<\/strong><br>Los nativos de este signo son <strong>meticulosos y exigentes<\/strong>, siempre <strong>pendientes de los peque\u00f1os detalles<\/strong> y con un <strong>gran sentido de la responsabilidad<\/strong>. La cabeza de los Virgo es como el tambor de una lavadora, siempre dando vueltas y vueltas. Son <strong>observadores por naturaleza<\/strong> y <strong>analizan cada detalle<\/strong>, siendo <strong>muy cr\u00edticos<\/strong> e incluso, a veces, <strong>un poco criticones<\/strong>. \u00bfSu objetivo en la vida? <strong>Alcanzar la perfecci\u00f3n en todo lo que hacen.<\/strong> Es por eso que sus flores favoritas van a ser aquellas que reflejen <strong>una belleza perfecta.<\/strong> \u00bfQuieres saber cu\u00e1l es la flor de Virgo? Pues en Interflora te contamos todo, para que puedas conquistar con flores de Virgo al <strong>m\u00e1s racional de todos los signos del Zodiaco.&nbsp;<\/strong><\/p>\n\n\n\n<div style=\"height:5px\" aria-hidden=\"true\" class=\"wp-block-spacer\"><\/div>\n\n\n<div class=\"lp-produits-grid\"><div class=\"lp-produit\"><div class=\"lp-thumbnail-wrapper\"><img loading=\"lazy\" decoding=\"async\" width=\"300\" height=\"300\" src=\"https:\/\/www.interflora.es\/blog\/wp-content\/uploads\/2025\/11\/Capture-decran-2026-02-04-121916-300x300.png\" class=\"attachment-medium size-medium wp-post-image\" alt=\"\" srcset=\"https:\/\/www.interflora.es\/blog\/wp-content\/uploads\/2025\/11\/Capture-decran-2026-02-04-121916-300x300.png 300w, https:\/\/www.interflora.es\/blog\/wp-content\/uploads\/2025\/11\/Capture-decran-2026-02-04-121916-150x150.png 150w, https:\/\/www.interflora.es\/blog\/wp-content\/uploads\/2025\/11\/Capture-decran-2026-02-04-121916.png 647w\" sizes=\"auto, (max-width: 300px) 100vw, 300px\" \/><img decoding=\"async\" class=\"lp-badge\" src=\"https:\/\/prodblog.interflora.es\/blog\/wp-content\/uploads\/2025\/04\/220422_INTERFLORA_Main_Logo_rgb_Main_Color.png\" alt=\"Entrega r\u00e1pida\"><\/div><span>Peque\u00f1o Sol<\/span><p>27.99 \u20ac<\/p><span class=\"obf-link lp-cta\" role=\"link\" tabindex=\"0\" data-b64=\"aHR0cHM6Ly93d3cuaW50ZXJmbG9yYS5lcy9wL3JhbW8tZGUtZmxvcmVzLWFtYXJpbGxhcy12YXJpYWRhcy8xP3V0bV9tZWRpdW09b3JnYW5pYyZ1dG1fc291cmNlPWJsb2dfcHJvZHVjdHMmdXRtX2NhbXBhaWduPUZGMTQ4\" data-target=\"_blank\"><svg xmlns=\"http:\/\/www.w3.org\/2000\/svg\" width=\"16\" height=\"16\" fill=\"currentColor\" class=\"bi bi-bag\" viewBox=\"0 0 16 16\"><path d=\"M8 1a2 2 0 0 1 2 2v1h2.5A1.5 1.5 0 0 1 14 5.5v8A1.5 1.5 0 0 1 12.5 15h-9A1.5 1.5 0 0 1 2 13.5v-8A1.5 1.5 0 0 1 3.5 3H6V2a2 2 0 0 1 2-1zm1 3V3a1 1 0 0 0-2 0v1h2z\"\/><\/svg>Comprar<\/span><p class=\"rapido\">Flores y plantas elegidas con mimo<\/p><\/div><div class=\"lp-produit\"><div class=\"lp-thumbnail-wrapper\"><img loading=\"lazy\" decoding=\"async\" width=\"300\" height=\"300\" src=\"https:\/\/www.interflora.es\/blog\/wp-content\/uploads\/2025\/04\/1674815076-monstera_pg0055_deco-2-300x300.jpg\" class=\"attachment-medium size-medium wp-post-image\" alt=\"\" srcset=\"https:\/\/www.interflora.es\/blog\/wp-content\/uploads\/2025\/04\/1674815076-monstera_pg0055_deco-2-300x300.jpg 300w, https:\/\/www.interflora.es\/blog\/wp-content\/uploads\/2025\/04\/1674815076-monstera_pg0055_deco-2-1024x1024.jpg 1024w, https:\/\/www.interflora.es\/blog\/wp-content\/uploads\/2025\/04\/1674815076-monstera_pg0055_deco-2-150x150.jpg 150w, https:\/\/www.interflora.es\/blog\/wp-content\/uploads\/2025\/04\/1674815076-monstera_pg0055_deco-2-768x768.jpg 768w, https:\/\/www.interflora.es\/blog\/wp-content\/uploads\/2025\/04\/1674815076-monstera_pg0055_deco-2.jpg 1500w\" sizes=\"auto, (max-width: 300px) 100vw, 300px\" \/><img decoding=\"async\" class=\"lp-badge\" src=\"https:\/\/prodblog.interflora.es\/blog\/wp-content\/uploads\/2025\/04\/220422_INTERFLORA_Main_Logo_rgb_Main_Color.png\" alt=\"Entrega r\u00e1pida\"><\/div><span>Monstera Deliciosa &#8211; Costilla de Ad\u00e1n<\/span><p>29.99 \u20ac<\/p><span class=\"obf-link lp-cta\" role=\"link\" tabindex=\"0\" data-b64=\"aHR0cHM6Ly93d3cuaW50ZXJmbG9yYS5lcy9wL21vbnN0ZXJhLzE\/dXRtX21lZGl1bT1vcmdhbmljJnV0bV9zb3VyY2U9YmxvZ19wcm9kdWN0cyZ1dG1fY2FtcGFpZ249UEcwMDU1\" data-target=\"_blank\"><svg xmlns=\"http:\/\/www.w3.org\/2000\/svg\" width=\"16\" height=\"16\" fill=\"currentColor\" class=\"bi bi-bag\" viewBox=\"0 0 16 16\"><path d=\"M8 1a2 2 0 0 1 2 2v1h2.5A1.5 1.5 0 0 1 14 5.5v8A1.5 1.5 0 0 1 12.5 15h-9A1.5 1.5 0 0 1 2 13.5v-8A1.5 1.5 0 0 1 3.5 3H6V2a2 2 0 0 1 2-1zm1 3V3a1 1 0 0 0-2 0v1h2z\"\/><\/svg>Comprar<\/span><p class=\"rapido\">Flores y plantas elegidas con mimo<\/p><\/div><div class=\"lp-produit\"><div class=\"lp-thumbnail-wrapper\"><img loading=\"lazy\" decoding=\"async\" width=\"300\" height=\"300\" src=\"https:\/\/www.interflora.es\/blog\/wp-content\/uploads\/2025\/04\/1734353451-f0270-m-key-2-300x300.jpg\" class=\"attachment-medium size-medium wp-post-image\" alt=\"\" srcset=\"https:\/\/www.interflora.es\/blog\/wp-content\/uploads\/2025\/04\/1734353451-f0270-m-key-2-300x300.jpg 300w, https:\/\/www.interflora.es\/blog\/wp-content\/uploads\/2025\/04\/1734353451-f0270-m-key-2-1024x1024.jpg 1024w, https:\/\/www.interflora.es\/blog\/wp-content\/uploads\/2025\/04\/1734353451-f0270-m-key-2-150x150.jpg 150w, https:\/\/www.interflora.es\/blog\/wp-content\/uploads\/2025\/04\/1734353451-f0270-m-key-2-768x768.jpg 768w, https:\/\/www.interflora.es\/blog\/wp-content\/uploads\/2025\/04\/1734353451-f0270-m-key-2.jpg 1200w\" sizes=\"auto, (max-width: 300px) 100vw, 300px\" \/><img decoding=\"async\" class=\"lp-badge\" src=\"https:\/\/prodblog.interflora.es\/blog\/wp-content\/uploads\/2025\/04\/220422_INTERFLORA_Main_Logo_rgb_Main_Color.png\" alt=\"Entrega r\u00e1pida\"><\/div><span>Conexi\u00f3n floral<\/span><p>49.99 \u20ac<\/p><span class=\"obf-link lp-cta\" role=\"link\" tabindex=\"0\" data-b64=\"aHR0cHM6Ly93d3cuaW50ZXJmbG9yYS5lcy9wL3F1ZXJpZGEtbWFtYS8xP3V0bV9tZWRpdW09b3JnYW5pYyZ1dG1fc291cmNlPWJsb2dfcHJvZHVjdHMmdXRtX2NhbXBhaWduPUYwMjcw\" data-target=\"_blank\"><svg xmlns=\"http:\/\/www.w3.org\/2000\/svg\" width=\"16\" height=\"16\" fill=\"currentColor\" class=\"bi bi-bag\" viewBox=\"0 0 16 16\"><path d=\"M8 1a2 2 0 0 1 2 2v1h2.5A1.5 1.5 0 0 1 14 5.5v8A1.5 1.5 0 0 1 12.5 15h-9A1.5 1.5 0 0 1 2 13.5v-8A1.5 1.5 0 0 1 3.5 3H6V2a2 2 0 0 1 2-1zm1 3V3a1 1 0 0 0-2 0v1h2z\"\/><\/svg>Comprar<\/span><p class=\"rapido\">Entrega urgente<\/p><\/div><div class=\"lp-produit\"><div class=\"lp-thumbnail-wrapper\"><img loading=\"lazy\" decoding=\"async\" width=\"300\" height=\"300\" src=\"https:\/\/www.interflora.es\/blog\/wp-content\/uploads\/2025\/04\/1738656685-fwd009-m-key-zoomed-2-300x300.jpg\" class=\"attachment-medium size-medium wp-post-image\" alt=\"\" srcset=\"https:\/\/www.interflora.es\/blog\/wp-content\/uploads\/2025\/04\/1738656685-fwd009-m-key-zoomed-2-300x300.jpg 300w, https:\/\/www.interflora.es\/blog\/wp-content\/uploads\/2025\/04\/1738656685-fwd009-m-key-zoomed-2-1024x1024.jpg 1024w, https:\/\/www.interflora.es\/blog\/wp-content\/uploads\/2025\/04\/1738656685-fwd009-m-key-zoomed-2-150x150.jpg 150w, https:\/\/www.interflora.es\/blog\/wp-content\/uploads\/2025\/04\/1738656685-fwd009-m-key-zoomed-2-768x768.jpg 768w, https:\/\/www.interflora.es\/blog\/wp-content\/uploads\/2025\/04\/1738656685-fwd009-m-key-zoomed-2-1536x1536.jpg 1536w, https:\/\/www.interflora.es\/blog\/wp-content\/uploads\/2025\/04\/1738656685-fwd009-m-key-zoomed-2.jpg 1991w\" sizes=\"auto, (max-width: 300px) 100vw, 300px\" \/><img decoding=\"async\" class=\"lp-badge\" src=\"https:\/\/prodblog.interflora.es\/blog\/wp-content\/uploads\/2025\/04\/220422_INTERFLORA_Main_Logo_rgb_Main_Color.png\" alt=\"Entrega r\u00e1pida\"><\/div><span>Floral Kiss<\/span><p>29.99 \u20ac<\/p><span class=\"obf-link lp-cta\" role=\"link\" tabindex=\"0\" data-b64=\"aHR0cHM6Ly93d3cuaW50ZXJmbG9yYS5lcy9wL2Zsb3JhbC1raXNzLzE\/dXRtX21lZGl1bT1vcmdhbmljJnV0bV9zb3VyY2U9YmxvZ19wcm9kdWN0cyZ1dG1fY2FtcGFpZ249RldEMDA5\" data-target=\"_blank\"><svg xmlns=\"http:\/\/www.w3.org\/2000\/svg\" width=\"16\" height=\"16\" fill=\"currentColor\" class=\"bi bi-bag\" viewBox=\"0 0 16 16\"><path d=\"M8 1a2 2 0 0 1 2 2v1h2.5A1.5 1.5 0 0 1 14 5.5v8A1.5 1.5 0 0 1 12.5 15h-9A1.5 1.5 0 0 1 2 13.5v-8A1.5 1.5 0 0 1 3.5 3H6V2a2 2 0 0 1 2-1zm1 3V3a1 1 0 0 0-2 0v1h2z\"\/><\/svg>Comprar<\/span><p class=\"rapido\">Flores y plantas elegidas con mimo<\/p><\/div><\/div>\n\n\n\n<div style=\"height:5px\" aria-hidden=\"true\" class=\"wp-block-spacer\"><\/div>\n\n\n\n<div class=\"wp-block-columns alignwide is-layout-flex wp-container-core-columns-is-layout-1a2ddb66 wp-block-columns-is-layout-flex\" style=\"padding-right:var(--wp--preset--spacing--30);padding-left:var(--wp--preset--spacing--30)\">\n<div class=\"wp-block-column has-background is-layout-flow wp-block-column-is-layout-flow\" style=\"background-color:#fa968a;padding-top:var(--wp--preset--spacing--30);padding-right:var(--wp--preset--spacing--30);padding-bottom:var(--wp--preset--spacing--30);padding-left:var(--wp--preset--spacing--30);flex-basis:400px\">\n<div class=\"wp-block-cover aligncenter is-light\" style=\"margin-top:var(--wp--preset--spacing--50);margin-bottom:var(--wp--preset--spacing--50)\"><span aria-hidden=\"true\" class=\"wp-block-cover__background has-background-dim-0 has-background-dim\"><\/span><img loading=\"lazy\" decoding=\"async\" width=\"1024\" height=\"1024\" class=\"wp-block-cover__image-background wp-image-22559\" alt=\"Virgo\" src=\"https:\/\/www.interflora.es\/blog\/wp-content\/uploads\/virgo-3.png\" data-object-fit=\"cover\"\/><div class=\"wp-block-cover__inner-container is-layout-flow wp-block-cover-is-layout-flow\">\n<p class=\"has-text-align-center has-large-font-size\"><\/p>\n<\/div><\/div>\n\n\n\n<p class=\"has-text-align-center has-ast-global-color-5-color has-text-color has-link-color wp-elements-549e4d124691bc13bb6902afd2ace7a1\" style=\"padding-top:var(--wp--preset--spacing--30);padding-bottom:var(--wp--preset--spacing--30)\"><strong>Su flor favorita:<\/strong> &nbsp;la orqu\u00eddea, la violeta y la alstroemeria<br><strong>Su piedra preferida:<\/strong> la coralina, el zafiro<br><strong>Su Dios del Olimpo:<\/strong> Mercurio<br><strong>Su elemento:<\/strong> la tierra<br><strong>Su color:<\/strong> el amarillo<br><strong>Su n\u00famero:<\/strong> el 5 y el 10<br><strong>Leo famosos:<\/strong> Keanu Reeves, Carmen Machi, Jes\u00fas V\u00e1zquez, \u00c0ngels Barcel\u00f3, Karlos Argui\u00f1ano, Carmen Maura, Freddie Mercury, Michael Jackson, Rossy de Palma, Cameron Diaz, Claudia Schiffer, Sean Connery, Stephen King, Hugh Grant, Amy Winehouse, Richard Gere<\/p>\n<\/div>\n\n\n\n<div class=\"wp-block-column is-layout-flow wp-block-column-is-layout-flow\" style=\"padding-top:var(--wp--preset--spacing--60);padding-bottom:var(--wp--preset--spacing--60)\">\n<h2 class=\"wp-block-heading has-text-align-center\"><strong>&nbsp;<strong>Virgo, el mito de la justicia reflejado en una virgen<\/strong><\/strong><\/h2>\n\n\n\n<p>La constelaci\u00f3n de Virgo tiene su origen en el mito griego de <strong>Astrea<\/strong>, hija de Zeus y Temis, la diosa de la justicia para los humanos. <strong>Astrea, <\/strong>una de las Tit\u00e1nides,<strong> fue enviada a la Tierra para imponer la justicia y el orden<\/strong> aprendido de su madre. Cuando estall\u00f3 la guerra de los Titanes, Astrea permaneci\u00f3 junto a su padre Zeus y luch\u00f3 cargando los rayos que el dios usaba como arma. Debido a este acto heroico, Zeus otorg\u00f3 a esta diosa la virginidad eterna. Sin embargo, Astrea, decepcionada por el comportamiento vil y siniestro de los humanos, que empezaron a fabricar armas para ser m\u00e1s eficaces en la guerra, decidi\u00f3 abandonarlos y subir al cielo. Zeus transform\u00f3 a su hija en la constelaci\u00f3n de Virgo, signo representado como una bella virgen que lleva entre sus manos una espiga de trigo, como los rayos que le pasaba a su padre Zeus en sus batallas.<\/p>\n\n\n\n<h2 class=\"wp-block-heading has-text-align-center\"><strong>Virgo: un signo racional con los pies en la Tierra<\/strong><\/h2>\n\n\n\n<p>Signo zodiacal de Tierra, los Virgo est\u00e1n muy <strong>centrados en la organizaci\u00f3n<\/strong>, en <strong>lo concreto<\/strong>, en <strong>el realismo<\/strong>, en <strong>la precisi\u00f3n<\/strong> y en el <strong>respeto de las reglas<\/strong>. De hecho, como ya sabes, este signo del hor\u00f3scopo se representa con una virgen que lleva en sus manos una espiga de trigo y una balanza. Virgo es un signo astrol\u00f3gico marcado por <strong>el equilibrio<\/strong> y por <strong>el rechazo de las exageraciones<\/strong> y <strong>los excesos<\/strong>. Sin embargo, aunque no es un signo que se abra con facilidad a los dem\u00e1s, los Virgo tienen una intensa vida interior, un jard\u00edn secreto frondoso y muy personal.<\/p>\n\n\n\n<p>Por su naturaleza racional y un poco t\u00edmida, los nacidos bajo el signo de Virgo pueden llegar a <strong>parecer fr\u00edos. \u00a1<\/strong>Nada m\u00e1s lejos de la realidad!, en el fondo solo <strong>quieren amar y estar en familia<\/strong>, rodeados de las personas que m\u00e1s les importan. Eso s\u00ed, <strong>no intentes mentirles<\/strong>, porque con su ojo anal\u00edtico pillar\u00e1n al vuelo tus intenciones.<\/p>\n\n\n\n<p><strong>El hor\u00f3scopo de los signos de fuego<\/strong> con ascendente Virgo (Aries, Leo y Sagitario) estar\u00e1 marcado por un equilibrio sutil entre exuberancia y esp\u00edritu met\u00f3dico. <strong>Los signos de tierra con este ascendente<\/strong> (Tauro, Virgo y Capricornio) tienen una fuerte tendencia a tener los pies en la tierra y afrontan la vida con un realismo extremo. El comportamiento de <strong>los signos de agua<\/strong> (Escorpio, Piscis y C\u00e1ncer) con ascendente Virgo es una combinaci\u00f3n impresionante de sensibilidad y de moderaci\u00f3n, una personalidad perfecta para llevar a cabo carreras art\u00edsticas, por ejemplo. En cuanto a <strong>los signos de aire <\/strong>(G\u00e9minis, Libra y Acuario), un ascendente Virgo les ayudar\u00e1 a regular sus necesidades de evasi\u00f3n y les ayudar\u00e1 a no tomar decisiones a la ligera.<\/p>\n<\/div>\n<\/div>\n\n\n\n<div class=\"wp-block-columns alignwide is-layout-flex wp-container-core-columns-is-layout-4c1f159a wp-block-columns-is-layout-flex\" style=\"margin-top:var(--wp--preset--spacing--20);margin-bottom:var(--wp--preset--spacing--20);padding-top:var(--wp--preset--spacing--30);padding-right:var(--wp--preset--spacing--40);padding-bottom:var(--wp--preset--spacing--30);padding-left:var(--wp--preset--spacing--40)\">\n<div class=\"wp-block-column has-background is-layout-flow wp-container-core-column-is-layout-753cf88c wp-block-column-is-layout-flow\" style=\"background-color:#86bbcf;padding-top:var(--wp--preset--spacing--30);padding-right:var(--wp--preset--spacing--40);padding-bottom:var(--wp--preset--spacing--30);padding-left:var(--wp--preset--spacing--40)\">\n<h2 class=\"wp-block-heading has-text-align-center has-ast-global-color-5-color has-text-color has-link-color wp-elements-15d46c30ec002d1aeb2dbbb3c69a56cf\"><strong>Las virtudes de los Virgo<\/strong><\/h2>\n\n\n\n<p class=\"has-text-align-center has-ast-global-color-5-color has-text-color has-link-color wp-elements-fd286365e0725ccbeb3ba9c4feb478d3\">Los Virgo son personas <strong>prudentes y sabias<\/strong>, capaces de <strong>dominar sus pasiones<\/strong> y de <strong>gestionar los problemas de manera racional<\/strong>, encontrando soluciones concretas y operacionales. <strong>Elaborar un plan y seguirlo de manera met\u00f3dica<\/strong> no les asusta, al contrario, estimula su necesidad de tener un marco de acci\u00f3n y una regularidad. Si bien los Virgo no se dan a conocer enseguida, son <strong>amigos fieles<\/strong>, a la escucha, con una <strong>gran capacidad para desdramatizar<\/strong> una situaci\u00f3n, lo que permite avanzar serenamente. Los Virgo son <strong>verdaderas rocas<\/strong> en las que apoyarse, <strong>cerebrales y con unas grandes capacidades de an\u00e1lisis<\/strong>, y les encanta encontrar una soluci\u00f3n a un problema que resulta imposible de resolver.<\/p>\n<\/div>\n\n\n\n<div class=\"wp-block-column has-background is-layout-flow wp-container-core-column-is-layout-138e2c47 wp-block-column-is-layout-flow\" style=\"background-color:#d9d79a;padding-top:var(--wp--preset--spacing--30);padding-right:var(--wp--preset--spacing--40);padding-bottom:var(--wp--preset--spacing--30);padding-left:var(--wp--preset--spacing--40)\">\n<h2 class=\"wp-block-heading has-text-align-center has-ast-global-color-5-color has-text-color has-link-color wp-elements-1beff911bd7e1d1954f516b1eb4026e5\"><strong>Los defectos de los Virgo<\/strong><\/h2>\n\n\n\n<p class=\"has-text-align-center has-ast-global-color-5-color has-text-color has-link-color wp-elements-1de6833dc1eaa0dffc38eced2576e285\">Entre los signos del Zodiaco, el signo de Virgo es, junto a C\u00e1ncer, <strong>uno de los m\u00e1s reservados<\/strong>. Su <strong>car\u00e1cter<\/strong> puede parecer <strong>secreto<\/strong>, incluso <strong>impenetrable<\/strong>, lo que hace que las relaciones con un nativo de este signo puedan ser un poco dif\u00edciles. Virgo puede parecer <strong>obsesivo<\/strong> en su gesti\u00f3n cotidiana de las cosas o de las situaciones, incluso puede dar la impresi\u00f3n de <strong>tener dificultades para salir de su zona de confort.<\/strong> A fuerza de estar siempre en el terreno de lo concreto, el car\u00e1cter de este signo puede parecer <strong>repetitivo e incluso aburrido<\/strong>, sobre todo para los signos de fuego, que necesitan fogosidad, ritmo y un toque de imprevisibilidad.&nbsp;&nbsp;<\/p>\n<\/div>\n<\/div>\n\n\n\n<p><\/p>\n\n\n\n<h2 class=\"wp-block-heading alignwide has-text-align-center\"><strong><strong>\u00bfQu\u00e9 flor regalar a un Virgo?<\/strong><\/strong><\/h2>\n\n\n\n<div class=\"wp-block-columns alignwide is-layout-flex wp-container-core-columns-is-layout-cbbdb216 wp-block-columns-is-layout-flex\" style=\"padding-top:var(--wp--preset--spacing--20);padding-right:0;padding-bottom:var(--wp--preset--spacing--20);padding-left:0\">\n<div class=\"wp-block-column is-layout-flow wp-block-column-is-layout-flow\" style=\"padding-top:var(--wp--preset--spacing--40);padding-bottom:var(--wp--preset--spacing--40);flex-basis:750px\">\n<p>Las plantas que necesitan una cierta metodolog\u00eda y un rigor en sus cuidados son perfectas para el ordenado Virgo. Aunque no es el caso de todas las variedades de esta planta, <strong>ciertas clases de <\/strong><a href=\"https:\/\/www.interflora.es\/c\/flores\/orquideas?utm_source=blog&amp;utm_medium=organic&amp;utm_campaign=astro\"><strong>orqu\u00eddeas<\/strong><\/a><strong>, <\/strong>como las Cymbidium, pueden requerir un cierto rigor en sus cuidados, lo que es perfecto para Virgo que, adem\u00e1s, ama con pasi\u00f3n estas plantas y sus flores. <br><strong>La elegancia de la orqu\u00eddea<\/strong> es ideal para los nativos de este signo, siempre pendientes de los detalles. <strong>Un bonsai<\/strong> ser\u00e1 un regalo perfecto para un Virgo, que podr\u00e1 ocuparse de su \u00e1rbol enano con esmero y metodolog\u00eda.<\/p>\n\n\n\n<p><strong>La violeta,<\/strong> con su aspecto delicado y secreto, es una flor de Virgo perfecta para regalar a un\/a nativo\/a de este signo. Un ramo de violetas conectar\u00e1 inmediatamente con la parte m\u00e1s reservada de los Virgo, que seguro sabr\u00e1n mostrar su emoci\u00f3n ante esta flor.&nbsp;<\/p>\n\n\n\n<p><strong>La alstroemeria<\/strong> forma parte de las flores de Virgo por simbolizar la amistad y la devoci\u00f3n, <br>rasgos distintivos del car\u00e1cter m\u00e1s profundo de Virgo. Regalar un ramo de estas flores a un <br>Virgo es mostrarle que confiamos en \u00e9l, una responsabilidad que sabr\u00e1 aceptar con placer.<\/p>\n\n\n\n<p><strong>Las amarilis<\/strong> son tambi\u00e9n flores ideales para Virgo, ya que son s\u00edmbolo de elegancia y orgullo, <br>as\u00ed como de claridad y perfecci\u00f3n. Algo que produce un eco interior en Virgo.<\/p>\n<\/div>\n\n\n\n<div class=\"wp-block-column is-layout-flow wp-container-core-column-is-layout-ee37694d wp-block-column-is-layout-flow\" style=\"padding-top:var(--wp--preset--spacing--40);padding-bottom:var(--wp--preset--spacing--40)\">\n<figure class=\"wp-block-image aligncenter size-large is-resized is-style-default\"><img loading=\"lazy\" decoding=\"async\" width=\"993\" height=\"1024\" src=\"https:\/\/www.interflora.es\/blog\/wp-content\/uploads\/flor-virgo-993x1024.jpg\" alt=\"Flor Virgo: bonsai\" class=\"wp-image-20174\" style=\"width:501px;height:auto\"\/><\/figure>\n<\/div>\n<\/div>\n\n\n\n<p><\/p>\n\n\n\n<h2 class=\"wp-block-heading alignwide has-text-align-center\"><strong>Los nombres asociados a los nativos de este signo<\/strong><\/h2>\n\n\n\n<div class=\"wp-block-columns alignwide is-layout-flex wp-container-core-columns-is-layout-51c0b34d wp-block-columns-is-layout-flex\" style=\"padding-top:var(--wp--preset--spacing--50);padding-bottom:var(--wp--preset--spacing--50)\">\n<div class=\"wp-block-column is-layout-flow wp-block-column-is-layout-flow\">\n<figure class=\"wp-block-image aligncenter size-large is-resized is-style-default\"><img decoding=\"async\" src=\"https:\/\/www.interflora.es\/blog\/wp-content\/uploads\/virgo-pt-704x1024.jpeg\" alt=\"Signo del Zodiaco Virgo\" class=\"wp-image-20156\" style=\"width:329px;height:auto\"\/><\/figure>\n<\/div>\n\n\n\n<div class=\"wp-block-column is-layout-flow wp-block-column-is-layout-flow\" style=\"padding-top:var(--wp--preset--spacing--50);padding-bottom:var(--wp--preset--spacing--50);flex-basis:900px\">\n<p>Los nombres que m\u00e1s convienen a los cuadrados Virgo son aquellos que tienen una mezcla de belleza y eficacia. Cortos y\/o contundentes, as\u00ed son los nombres ideales para ni\u00f1os y ni\u00f1as inteligentes, modestos, sensatos y sensibles; algo t\u00edmidos y quiz\u00e1s tambi\u00e9n reservados, alegres por naturaleza, perfeccionistas, trabajadores y pr\u00e1cticos.<\/p>\n\n\n\n<div class=\"wp-block-columns is-layout-flex wp-container-core-columns-is-layout-28f84493 wp-block-columns-is-layout-flex\">\n<div class=\"wp-block-column has-background is-layout-flow wp-block-column-is-layout-flow\" style=\"background-color:#86bbcf;padding-top:var(--wp--preset--spacing--40);padding-bottom:var(--wp--preset--spacing--40)\">\n<p class=\"has-text-align-center has-ast-global-color-5-color has-text-color has-link-color wp-elements-57d3724fd5b92b9437aae7979e76eaf2\" style=\"margin-right:var(--wp--preset--spacing--20);margin-left:var(--wp--preset--spacing--20)\"><strong>Para hombre:&nbsp;<\/strong><br><strong>Rafael<\/strong> (l\u00f3gico), <strong>\u00c1lvaro<\/strong> (sabio), <strong>Beltr\u00e1n<\/strong> (inteligente),<strong> Roberto<\/strong> (el famoso), <strong>V\u00edctor <\/strong>(vencedor), <strong>Sim\u00f3n <\/strong>(el que escucha), <strong>Valent\u00edn <\/strong>(valiente), <strong>Alberto<\/strong> (noble).<\/p>\n<\/div>\n\n\n\n<div class=\"wp-block-column has-background is-layout-flow wp-block-column-is-layout-flow\" style=\"background-color:#d9d79a;padding-top:var(--wp--preset--spacing--40);padding-bottom:var(--wp--preset--spacing--40)\">\n<p class=\"has-text-align-center has-ast-global-color-5-color has-text-color has-link-color wp-elements-3f504c99ab3976dd02b50534ebd88464\"><strong>Para mujer:<\/strong><br><strong>Carla <\/strong>(inteligente), <strong>Carolina <\/strong>(perspicaz), <br><strong>Cecilia <\/strong>(septiembre), <strong>Gisela<\/strong> (sabia), <br><strong>Maite <\/strong>(mujer amada), <strong>Gaia<\/strong> (Tierra), <strong>Ana (<\/strong>con mucha gracia) o <strong>Vega<\/strong> (tierra f\u00e9rtil).<\/p>\n<\/div>\n<\/div>\n<\/div>\n<\/div>\n\n\n\n<h2 class=\"wp-block-heading alignwide has-text-align-center\"><strong><strong>La compatibilidad amorosa de un signo estable y sincero<\/strong><\/strong><\/h2>\n\n\n\n<h3 class=\"wp-block-heading alignwide has-text-align-center\"><strong>\u00a1Los signos que robar\u00e1n su coraz\u00f3n!<\/strong><\/h3>\n\n\n\n<p class=\"has-text-align-center has-medium-font-size\"><strong>Amor a primera vista con:<\/strong><\/p>\n\n\n\n<div class=\"wp-block-columns is-layout-flex wp-container-core-columns-is-layout-d74743eb wp-block-columns-is-layout-flex\" style=\"padding-right:0;padding-left:0\">\n<div class=\"wp-block-column is-layout-flow wp-block-column-is-layout-flow\">\n<figure class=\"wp-block-image aligncenter size-full is-resized is-style-rounded\"><img loading=\"lazy\" decoding=\"async\" width=\"1024\" height=\"1024\" src=\"https:\/\/www.interflora.es\/blog\/wp-content\/uploads\/capricorn-1.png\" alt=\"Capricornio\" class=\"wp-image-22578\" style=\"width:235px\"\/><\/figure>\n\n\n\n<p class=\"has-text-align-center\" style=\"margin-top:var(--wp--preset--spacing--30);margin-bottom:var(--wp--preset--spacing--30)\"><strong>CAPRICORNIO<\/strong><\/p>\n\n\n\n<p class=\"has-text-align-center\">Dos signos que saben (a veces demasiado) lo que quieren y que tardan un tiempo en bajar sus defensas, pero que se distinguen tambi\u00e9n por una fiabilidad a prueba de bombas.<\/p>\n<\/div>\n\n\n\n<div class=\"wp-block-column is-layout-flow wp-block-column-is-layout-flow\">\n<figure class=\"wp-block-image aligncenter size-full is-resized is-style-rounded\"><img loading=\"lazy\" decoding=\"async\" width=\"1024\" height=\"1024\" src=\"https:\/\/www.interflora.es\/blog\/wp-content\/uploads\/virgo-3.png\" alt=\"Virgo\" class=\"wp-image-22559\" style=\"width:235px\"\/><\/figure>\n\n\n\n<p class=\"has-text-align-center\" style=\"margin-top:var(--wp--preset--spacing--30);margin-bottom:var(--wp--preset--spacing--30)\"><strong><strong><strong>VIRGO<\/strong><\/strong><\/strong><\/p>\n\n\n\n<p class=\"has-text-align-center\">Eficaz, operacional y s\u00f3lido. Dos personas del mismo signo astrol\u00f3gico con las mismas caracter\u00edsticas, que comparten, adem\u00e1s, expectativas y manera de funcionar.<\/p>\n<\/div>\n\n\n\n<div class=\"wp-block-column is-layout-flow wp-block-column-is-layout-flow\">\n<figure class=\"wp-block-image aligncenter size-full is-resized is-style-rounded\"><img loading=\"lazy\" decoding=\"async\" width=\"1024\" height=\"1024\" src=\"https:\/\/www.interflora.es\/blog\/wp-content\/uploads\/pisces.png\" alt=\"Piscis\" class=\"wp-image-22573\" style=\"width:235px\"\/><\/figure>\n\n\n\n<p class=\"has-text-align-center\" style=\"margin-top:var(--wp--preset--spacing--30);margin-bottom:var(--wp--preset--spacing--30)\"><strong>PISCIS<\/strong><\/p>\n\n\n\n<p class=\"has-text-align-center\">Estos dos signos comparten una sensibilidad, una emoci\u00f3n y una intimidad que les sit\u00faa aparte, en un mundo ideal solo para ellos.<\/p>\n<\/div>\n<\/div>\n\n\n\n<p><\/p>\n\n\n\n<p class=\"has-text-align-center has-medium-font-size\"><strong>Amor imposible con:<\/strong><\/p>\n\n\n\n<div class=\"wp-block-columns is-layout-flex wp-container-core-columns-is-layout-3e37f937 wp-block-columns-is-layout-flex\" style=\"padding-top:var(--wp--preset--spacing--50);padding-bottom:var(--wp--preset--spacing--50)\">\n<div class=\"wp-block-column is-layout-flow wp-block-column-is-layout-flow\">\n<figure class=\"wp-block-image aligncenter size-full is-resized is-style-rounded\"><img loading=\"lazy\" decoding=\"async\" width=\"1024\" height=\"1024\" src=\"https:\/\/www.interflora.es\/blog\/wp-content\/uploads\/aries-10.png\" alt=\"Aries\" class=\"wp-image-22537\" style=\"width:235px\"\/><\/figure>\n\n\n\n<p class=\"has-text-align-center\" style=\"margin-top:var(--wp--preset--spacing--30);margin-bottom:var(--wp--preset--spacing--30)\"><strong><strong>ARIES<\/strong><\/strong><\/p>\n\n\n\n<p>Dos signos de fuerte car\u00e1cter que se disputar\u00e1n, m\u00e1s tarde o m\u00e1s temprano, el trono de la casa. Amor imposible entre el carnero y el le\u00f3n.<\/p>\n<\/div>\n\n\n\n<div class=\"wp-block-column is-layout-flow wp-block-column-is-layout-flow\" style=\"padding-top:0;padding-bottom:0\">\n<figure class=\"wp-block-image aligncenter size-full is-resized is-style-rounded\"><img loading=\"lazy\" decoding=\"async\" width=\"1024\" height=\"1024\" src=\"https:\/\/www.interflora.es\/blog\/wp-content\/uploads\/gemini.png\" alt=\"G\u00e9minis\" class=\"wp-image-22579\" style=\"width:235px\"\/><\/figure>\n\n\n\n<p class=\"has-text-align-center\" style=\"margin-top:var(--wp--preset--spacing--30);margin-bottom:var(--wp--preset--spacing--30)\"><strong><strong>G\u00c9MINIS<\/strong><\/strong><\/p>\n\n\n\n<p class=\"has-text-align-center\">Los Virgo aprecian las cosas claras y concretas, pero G\u00e9minis adora la ambig\u00fcedad\u2026una personalidad demasiado complicada para Virgo.<\/p>\n<\/div>\n\n\n\n<div class=\"wp-block-column is-layout-flow wp-block-column-is-layout-flow\">\n<figure class=\"wp-block-image aligncenter size-full is-resized is-style-rounded\"><img loading=\"lazy\" decoding=\"async\" width=\"1024\" height=\"1024\" src=\"https:\/\/www.interflora.es\/blog\/wp-content\/uploads\/sagittarius.png\" alt=\"Sagitario\" class=\"wp-image-22572\" style=\"width:235px\"\/><\/figure>\n\n\n\n<p class=\"has-text-align-center\" style=\"margin-top:var(--wp--preset--spacing--30);margin-bottom:var(--wp--preset--spacing--30)\"><strong><strong>SAGITARIO<\/strong><\/strong><\/p>\n\n\n\n<p class=\"has-text-align-center\">Es el fuego y el hielo. Incluso cuando comparten gustos intelectuales y se sienten atra\u00eddos el uno por el otro, estos dos signos son incompatibles. Demasiado imprevisible para Virgo, Sagitario piensa de \u00e9l que es tranquilo y aburrido en exceso.<\/p>\n<\/div>\n<\/div>\n\n\n\n<h2 class=\"wp-block-heading alignwide has-text-align-center\" style=\"margin-top:var(--wp--preset--spacing--30);margin-bottom:var(--wp--preset--spacing--30)\"><strong><strong>\u00bfC\u00f3mo seducir a un\/a Virgo?<\/strong><\/strong><\/h2>\n\n\n\n<p>Antes de intentar seducir a una mujer o a un hombre Virgo, tienes que comprender perfectamente c\u00f3mo funcionan. Los Virgo <strong>quieren llevar una vida estable<\/strong>, con una relaci\u00f3n amorosa constante, sin altibajos brutales. Esto no significa que est\u00e9n dispuestos a renunciar a ciertos placeres, a las sorpresas o a los peque\u00f1os detalles especiales. Es m\u00e1s bien que, con un Virgo, <strong>es mejor elaborar un plan que conquista detallado<\/strong> y cumplirlo al pie de la letra. <strong>Deja claras tus intenciones desde el principio<\/strong>, la transparencia es un valor muy importante para estos grandes cerebrales.<\/p>\n\n\n\n<p>Tanto una mujer como un hombre Virgo apreciar\u00e1n, por ejemplo, que se <strong>pongan en valor sus capacidades intelectuales<\/strong>, estimul\u00e1ndolas, por ejemplo, con salidas o actividades culturales. <strong>No olvidar ciertas fechas, no pasar por alto su cumplea\u00f1os o muchos otros detalles importantes<\/strong> para ellos es algo esencial si quieres conquistar el coraz\u00f3n de un\/a Virgo. Como dice el refr\u00e1n italiano: <em>Chi va piano va sano,<\/em> <em>chi va sano, va lontano. <\/em>Esta es la mejor divisa para seducir a los Virgo: paso a paso, se llega lejos.<\/p>\n\n\n\n<div style=\"height:5px\" aria-hidden=\"true\" class=\"wp-block-spacer\"><\/div>\n\n\n<div class=\"lp-produits-grid\"><div class=\"lp-produit\"><div class=\"lp-thumbnail-wrapper\"><img loading=\"lazy\" decoding=\"async\" width=\"300\" height=\"300\" src=\"https:\/\/www.interflora.es\/blog\/wp-content\/uploads\/2025\/11\/Capture-decran-2026-02-04-121916-300x300.png\" class=\"attachment-medium size-medium wp-post-image\" alt=\"\" srcset=\"https:\/\/www.interflora.es\/blog\/wp-content\/uploads\/2025\/11\/Capture-decran-2026-02-04-121916-300x300.png 300w, https:\/\/www.interflora.es\/blog\/wp-content\/uploads\/2025\/11\/Capture-decran-2026-02-04-121916-150x150.png 150w, https:\/\/www.interflora.es\/blog\/wp-content\/uploads\/2025\/11\/Capture-decran-2026-02-04-121916.png 647w\" sizes=\"auto, (max-width: 300px) 100vw, 300px\" \/><img decoding=\"async\" class=\"lp-badge\" src=\"https:\/\/prodblog.interflora.es\/blog\/wp-content\/uploads\/2025\/04\/220422_INTERFLORA_Main_Logo_rgb_Main_Color.png\" alt=\"Entrega r\u00e1pida\"><\/div><span>Peque\u00f1o Sol<\/span><p>27.99 \u20ac<\/p><span class=\"obf-link lp-cta\" role=\"link\" tabindex=\"0\" data-b64=\"aHR0cHM6Ly93d3cuaW50ZXJmbG9yYS5lcy9wL3JhbW8tZGUtZmxvcmVzLWFtYXJpbGxhcy12YXJpYWRhcy8xP3V0bV9tZWRpdW09b3JnYW5pYyZ1dG1fc291cmNlPWJsb2dfcHJvZHVjdHMmdXRtX2NhbXBhaWduPUZGMTQ4\" data-target=\"_blank\"><svg xmlns=\"http:\/\/www.w3.org\/2000\/svg\" width=\"16\" height=\"16\" fill=\"currentColor\" class=\"bi bi-bag\" viewBox=\"0 0 16 16\"><path d=\"M8 1a2 2 0 0 1 2 2v1h2.5A1.5 1.5 0 0 1 14 5.5v8A1.5 1.5 0 0 1 12.5 15h-9A1.5 1.5 0 0 1 2 13.5v-8A1.5 1.5 0 0 1 3.5 3H6V2a2 2 0 0 1 2-1zm1 3V3a1 1 0 0 0-2 0v1h2z\"\/><\/svg>Comprar<\/span><p class=\"rapido\">Entrega urgente<\/p><\/div><div class=\"lp-produit\"><div class=\"lp-thumbnail-wrapper\"><img loading=\"lazy\" decoding=\"async\" width=\"300\" height=\"300\" src=\"https:\/\/www.interflora.es\/blog\/wp-content\/uploads\/2025\/04\/1674815076-monstera_pg0055_deco-2-300x300.jpg\" class=\"attachment-medium size-medium wp-post-image\" alt=\"\" srcset=\"https:\/\/www.interflora.es\/blog\/wp-content\/uploads\/2025\/04\/1674815076-monstera_pg0055_deco-2-300x300.jpg 300w, https:\/\/www.interflora.es\/blog\/wp-content\/uploads\/2025\/04\/1674815076-monstera_pg0055_deco-2-1024x1024.jpg 1024w, https:\/\/www.interflora.es\/blog\/wp-content\/uploads\/2025\/04\/1674815076-monstera_pg0055_deco-2-150x150.jpg 150w, https:\/\/www.interflora.es\/blog\/wp-content\/uploads\/2025\/04\/1674815076-monstera_pg0055_deco-2-768x768.jpg 768w, https:\/\/www.interflora.es\/blog\/wp-content\/uploads\/2025\/04\/1674815076-monstera_pg0055_deco-2.jpg 1500w\" sizes=\"auto, (max-width: 300px) 100vw, 300px\" \/><img decoding=\"async\" class=\"lp-badge\" src=\"https:\/\/prodblog.interflora.es\/blog\/wp-content\/uploads\/2025\/04\/220422_INTERFLORA_Main_Logo_rgb_Main_Color.png\" alt=\"Entrega r\u00e1pida\"><\/div><span>Monstera Deliciosa &#8211; Costilla de Ad\u00e1n<\/span><p>29.99 \u20ac<\/p><span class=\"obf-link lp-cta\" role=\"link\" tabindex=\"0\" data-b64=\"aHR0cHM6Ly93d3cuaW50ZXJmbG9yYS5lcy9wL21vbnN0ZXJhLzE\/dXRtX21lZGl1bT1vcmdhbmljJnV0bV9zb3VyY2U9YmxvZ19wcm9kdWN0cyZ1dG1fY2FtcGFpZ249UEcwMDU1\" data-target=\"_blank\"><svg xmlns=\"http:\/\/www.w3.org\/2000\/svg\" width=\"16\" height=\"16\" fill=\"currentColor\" class=\"bi bi-bag\" viewBox=\"0 0 16 16\"><path d=\"M8 1a2 2 0 0 1 2 2v1h2.5A1.5 1.5 0 0 1 14 5.5v8A1.5 1.5 0 0 1 12.5 15h-9A1.5 1.5 0 0 1 2 13.5v-8A1.5 1.5 0 0 1 3.5 3H6V2a2 2 0 0 1 2-1zm1 3V3a1 1 0 0 0-2 0v1h2z\"\/><\/svg>Comprar<\/span><p class=\"rapido\">Entrega en el d\u00eda<\/p><\/div><div class=\"lp-produit\"><div class=\"lp-thumbnail-wrapper\"><img loading=\"lazy\" decoding=\"async\" width=\"300\" height=\"300\" src=\"https:\/\/www.interflora.es\/blog\/wp-content\/uploads\/2025\/04\/1734353451-f0270-m-key-2-300x300.jpg\" class=\"attachment-medium size-medium wp-post-image\" alt=\"\" srcset=\"https:\/\/www.interflora.es\/blog\/wp-content\/uploads\/2025\/04\/1734353451-f0270-m-key-2-300x300.jpg 300w, https:\/\/www.interflora.es\/blog\/wp-content\/uploads\/2025\/04\/1734353451-f0270-m-key-2-1024x1024.jpg 1024w, https:\/\/www.interflora.es\/blog\/wp-content\/uploads\/2025\/04\/1734353451-f0270-m-key-2-150x150.jpg 150w, https:\/\/www.interflora.es\/blog\/wp-content\/uploads\/2025\/04\/1734353451-f0270-m-key-2-768x768.jpg 768w, https:\/\/www.interflora.es\/blog\/wp-content\/uploads\/2025\/04\/1734353451-f0270-m-key-2.jpg 1200w\" sizes=\"auto, (max-width: 300px) 100vw, 300px\" \/><img decoding=\"async\" class=\"lp-badge\" src=\"https:\/\/prodblog.interflora.es\/blog\/wp-content\/uploads\/2025\/04\/220422_INTERFLORA_Main_Logo_rgb_Main_Color.png\" alt=\"Entrega r\u00e1pida\"><\/div><span>Conexi\u00f3n floral<\/span><p>49.99 \u20ac<\/p><span class=\"obf-link lp-cta\" role=\"link\" tabindex=\"0\" data-b64=\"aHR0cHM6Ly93d3cuaW50ZXJmbG9yYS5lcy9wL3F1ZXJpZGEtbWFtYS8xP3V0bV9tZWRpdW09b3JnYW5pYyZ1dG1fc291cmNlPWJsb2dfcHJvZHVjdHMmdXRtX2NhbXBhaWduPUYwMjcw\" data-target=\"_blank\"><svg xmlns=\"http:\/\/www.w3.org\/2000\/svg\" width=\"16\" height=\"16\" fill=\"currentColor\" class=\"bi bi-bag\" viewBox=\"0 0 16 16\"><path d=\"M8 1a2 2 0 0 1 2 2v1h2.5A1.5 1.5 0 0 1 14 5.5v8A1.5 1.5 0 0 1 12.5 15h-9A1.5 1.5 0 0 1 2 13.5v-8A1.5 1.5 0 0 1 3.5 3H6V2a2 2 0 0 1 2-1zm1 3V3a1 1 0 0 0-2 0v1h2z\"\/><\/svg>Comprar<\/span><p class=\"rapido\">Env\u00edo r\u00e1pido<\/p><\/div><div class=\"lp-produit\"><div class=\"lp-thumbnail-wrapper\"><img loading=\"lazy\" decoding=\"async\" width=\"300\" height=\"300\" src=\"https:\/\/www.interflora.es\/blog\/wp-content\/uploads\/2025\/04\/1738656685-fwd009-m-key-zoomed-2-300x300.jpg\" class=\"attachment-medium size-medium wp-post-image\" alt=\"\" srcset=\"https:\/\/www.interflora.es\/blog\/wp-content\/uploads\/2025\/04\/1738656685-fwd009-m-key-zoomed-2-300x300.jpg 300w, https:\/\/www.interflora.es\/blog\/wp-content\/uploads\/2025\/04\/1738656685-fwd009-m-key-zoomed-2-1024x1024.jpg 1024w, https:\/\/www.interflora.es\/blog\/wp-content\/uploads\/2025\/04\/1738656685-fwd009-m-key-zoomed-2-150x150.jpg 150w, https:\/\/www.interflora.es\/blog\/wp-content\/uploads\/2025\/04\/1738656685-fwd009-m-key-zoomed-2-768x768.jpg 768w, https:\/\/www.interflora.es\/blog\/wp-content\/uploads\/2025\/04\/1738656685-fwd009-m-key-zoomed-2-1536x1536.jpg 1536w, https:\/\/www.interflora.es\/blog\/wp-content\/uploads\/2025\/04\/1738656685-fwd009-m-key-zoomed-2.jpg 1991w\" sizes=\"auto, (max-width: 300px) 100vw, 300px\" \/><img decoding=\"async\" class=\"lp-badge\" src=\"https:\/\/prodblog.interflora.es\/blog\/wp-content\/uploads\/2025\/04\/220422_INTERFLORA_Main_Logo_rgb_Main_Color.png\" alt=\"Entrega r\u00e1pida\"><\/div><span>Floral Kiss<\/span><p>29.99 \u20ac<\/p><span class=\"obf-link lp-cta\" role=\"link\" tabindex=\"0\" data-b64=\"aHR0cHM6Ly93d3cuaW50ZXJmbG9yYS5lcy9wL2Zsb3JhbC1raXNzLzE\/dXRtX21lZGl1bT1vcmdhbmljJnV0bV9zb3VyY2U9YmxvZ19wcm9kdWN0cyZ1dG1fY2FtcGFpZ249RldEMDA5\" data-target=\"_blank\"><svg xmlns=\"http:\/\/www.w3.org\/2000\/svg\" width=\"16\" height=\"16\" fill=\"currentColor\" class=\"bi bi-bag\" viewBox=\"0 0 16 16\"><path d=\"M8 1a2 2 0 0 1 2 2v1h2.5A1.5 1.5 0 0 1 14 5.5v8A1.5 1.5 0 0 1 12.5 15h-9A1.5 1.5 0 0 1 2 13.5v-8A1.5 1.5 0 0 1 3.5 3H6V2a2 2 0 0 1 2-1zm1 3V3a1 1 0 0 0-2 0v1h2z\"\/><\/svg>Comprar<\/span><p class=\"rapido\">Atenci\u00f3n al cliente siempre disponible<\/p><\/div><\/div>\n\n\n\n<div style=\"height:5px\" aria-hidden=\"true\" class=\"wp-block-spacer\"><\/div>\n\n\n\n<h2 class=\"wp-block-heading alignwide has-text-align-center\"><strong><strong>Flores violetas para un signo met\u00f3dico y equilibrado<\/strong><\/strong><\/h2>\n\n\n\n<div class=\"wp-block-columns alignwide is-layout-flex wp-container-core-columns-is-layout-8d88fe0f wp-block-columns-is-layout-flex\" style=\"padding-top:var(--wp--preset--spacing--20);padding-bottom:var(--wp--preset--spacing--20)\">\n<div class=\"wp-block-column is-layout-flow wp-block-column-is-layout-flow\" style=\"padding-top:var(--wp--preset--spacing--50);padding-bottom:var(--wp--preset--spacing--50);flex-basis:800px\">\n<p>Regalar un <a href=\"https:\/\/www.interflora.es\/c\/flores\/color-violetas?utm_source=blog&amp;utm_medium=organic&amp;utm_campaign=astro\">ramo de flores de Virgo en tonos violetas<\/a> es un regalo perfecto para este signo met\u00f3dico que busca la serenidad y el equilibrio. Las flores en tonos morados, lilas e incluso rosas trasmiten calma y serenidad, siendo elegantes y suaves. En cambio<strong>, cuida todos los detalles de tu ramo<\/strong>, como su presentaci\u00f3n, la calidad de cada flor y la manera en la que se las entregas, ya que los Virgo prestan mucha atenci\u00f3n a los peque\u00f1os detalles, tan importantes a sus ojos como el regalo en s\u00ed.<br><\/p>\n\n\n\n<p><strong>Las flores peque\u00f1as<\/strong> son muy del gusto de los Virgo<strong>. Un ramo de violetas o de lilas <\/strong>seguro que les encantar\u00e1. Cuida su presentaci\u00f3n y sus arreglos y seguro que arrancar\u00e1s una sonrisa a este signo zodiacal.<br><br>Los nativos de este signo del Zodiaco aprecian la belleza de la naturaleza y las cosas simples. <strong>Regalarles plantas es una idea estupenda<\/strong>, as\u00ed como un kit de jardiner\u00eda para que cuiden sus propias plantas y puedan recoger las flores de su jard\u00edn. Seguro que lo hacen de manera met\u00f3dica y cuidadosa. Para interior, elige plantas con hojas f\u00e1ciles de limpiar y que no se caigan, de formas equilibradas y minimalistas que no sean asim\u00e9tricas, como la orqu\u00eddea, la sansevieria, la calathea o la guzmania.&nbsp;<\/p>\n<\/div>\n\n\n\n<div class=\"wp-block-column is-layout-flow wp-block-column-is-layout-flow\" style=\"padding-top:var(--wp--preset--spacing--50);padding-bottom:var(--wp--preset--spacing--50)\">\n<figure class=\"wp-block-image size-large is-resized\"><img loading=\"lazy\" decoding=\"async\" width=\"1007\" height=\"1024\" src=\"https:\/\/www.interflora.es\/blog\/wp-content\/uploads\/ramo-flores-virgo-1007x1024.jpg\" alt=\"Ramo de flores de Virgo\" class=\"wp-image-20184\" style=\"width:460px;height:auto\"\/><\/figure>\n<\/div>\n<\/div>\n","protected":false},"excerpt":{"rendered":"<p>Nacidos entre el 23 de agosto y el 22 de septiembre, los Virgo pertenecen a un signo zodiacal de Tierra, como los Tauro y los Capricornio. \u00bfQuieres saber cu\u00e1l es la flor de Virgo? Pues en Interflora te contamos todo, para que puedas conquistar con flores de Virgo al m\u00e1s racional de todos los signos del Zodiaco.\u00a0<\/p>\n","protected":false},"author":8,"featured_media":20177,"comment_status":"open","ping_status":"closed","sticky":false,"template":"","format":"standard","meta":{"_acf_changed":false,"_uag_custom_page_level_css":"","site-sidebar-layout":"default","site-content-layout":"","ast-site-content-layout":"default","site-content-style":"default","site-sidebar-style":"default","ast-global-header-display":"","ast-banner-title-visibility":"","ast-main-header-display":"","ast-hfb-above-header-display":"","ast-hfb-below-header-display":"","ast-hfb-mobile-header-display":"","site-post-title":"","ast-breadcrumbs-content":"","ast-featured-img":"","footer-sml-layout":"","theme-transparent-header-meta":"","adv-header-id-meta":"","stick-header-meta":"","header-above-stick-meta":"","header-main-stick-meta":"","header-below-stick-meta":"","astra-migrate-meta-layouts":"set","ast-page-background-enabled":"default","ast-page-background-meta":{"desktop":{"background-color":"var(--ast-global-color-5)","background-image":"","background-repeat":"repeat","background-position":"center center","background-size":"auto","background-attachment":"scroll","background-type":"","background-media":"","overlay-type":"","overlay-color":"","overlay-opacity":"","overlay-gradient":""},"tablet":{"background-color":"","background-image":"","background-repeat":"repeat","background-position":"center center","background-size":"auto","background-attachment":"scroll","background-type":"","background-media":"","overlay-type":"","overlay-color":"","overlay-opacity":"","overlay-gradient":""},"mobile":{"background-color":"","background-image":"","background-repeat":"repeat","background-position":"center center","background-size":"auto","background-attachment":"scroll","background-type":"","background-media":"","overlay-type":"","overlay-color":"","overlay-opacity":"","overlay-gradient":""}},"ast-content-background-meta":{"desktop":{"background-color":"var(--ast-global-color-4)","background-image":"","background-repeat":"repeat","background-position":"center center","background-size":"auto","background-attachment":"scroll","background-type":"","background-media":"","overlay-type":"","overlay-color":"","overlay-opacity":"","overlay-gradient":""},"tablet":{"background-color":"var(--ast-global-color-4)","background-image":"","background-repeat":"repeat","background-position":"center center","background-size":"auto","background-attachment":"scroll","background-type":"","background-media":"","overlay-type":"","overlay-color":"","overlay-opacity":"","overlay-gradient":""},"mobile":{"background-color":"var(--ast-global-color-4)","background-image":"","background-repeat":"repeat","background-position":"center center","background-size":"auto","background-attachment":"scroll","background-type":"","background-media":"","overlay-type":"","overlay-color":"","overlay-opacity":"","overlay-gradient":""}},"footnotes":""},"categories":[146],"tags":[147],"class_list":["post-20146","post","type-post","status-publish","format-standard","has-post-thumbnail","hentry","category-astrologia","tag-astrologia-2"],"acf":[],"yoast_head":"<!-- This site is optimized with the Yoast SEO plugin v27.5 - https:\/\/yoast.com\/product\/yoast-seo-wordpress\/ -->\n<title>Flor de Virgo: la orqu\u00eddea, la violeta y la alstroemeria | Interflora<\/title>\n<meta name=\"description\" content=\"Virgo es un signo meticuloso y exigente que adora los detalles. \u00bfSabes cu\u00e1l es la flor de Virgo? Interflora te da algunas ideas.\" \/>\n<meta name=\"robots\" content=\"index, follow, max-snippet:-1, max-image-preview:large, max-video-preview:-1\" \/>\n<link rel=\"canonical\" href=\"https:\/\/www.interflora.es\/blog\/flor-de-virgo\/\" \/>\n<script type=\"application\/ld+json\" class=\"yoast-schema-graph\">{\"@context\":\"https:\\\/\\\/schema.org\",\"@graph\":[{\"@type\":\"Article\",\"@id\":\"https:\\\/\\\/www.interflora.es\\\/blog\\\/flor-de-virgo\\\/#article\",\"isPartOf\":{\"@id\":\"https:\\\/\\\/www.interflora.es\\\/blog\\\/flor-de-virgo\\\/\"},\"author\":{\"name\":\"celia\",\"@id\":\"https:\\\/\\\/www.interflora.es\\\/blog\\\/#\\\/schema\\\/person\\\/1f30f7794421f1232dc4b6bdd75ae829\"},\"headline\":\"Signos zodiacales: \u00bfcu\u00e1l es la flor de Virgo?\",\"datePublished\":\"2024-04-26T11:56:06+00:00\",\"mainEntityOfPage\":{\"@id\":\"https:\\\/\\\/www.interflora.es\\\/blog\\\/flor-de-virgo\\\/\"},\"wordCount\":1995,\"commentCount\":0,\"publisher\":{\"@id\":\"https:\\\/\\\/www.interflora.es\\\/blog\\\/#organization\"},\"image\":{\"@id\":\"https:\\\/\\\/www.interflora.es\\\/blog\\\/flor-de-virgo\\\/#primaryimage\"},\"thumbnailUrl\":\"https:\\\/\\\/www.interflora.es\\\/blog\\\/wp-content\\\/uploads\\\/2024\\\/01\\\/virgo-pt-1-scaled-1.jpeg\",\"keywords\":[\"Astrolog\u00eda\"],\"articleSection\":[\"Astrolog\u00eda\"],\"inLanguage\":\"es\",\"potentialAction\":[{\"@type\":\"CommentAction\",\"name\":\"Comment\",\"target\":[\"https:\\\/\\\/www.interflora.es\\\/blog\\\/flor-de-virgo\\\/#respond\"]}]},{\"@type\":\"WebPage\",\"@id\":\"https:\\\/\\\/www.interflora.es\\\/blog\\\/flor-de-virgo\\\/\",\"url\":\"https:\\\/\\\/www.interflora.es\\\/blog\\\/flor-de-virgo\\\/\",\"name\":\"Flor de Virgo: la orqu\u00eddea, la violeta y la alstroemeria | Interflora\",\"isPartOf\":{\"@id\":\"https:\\\/\\\/www.interflora.es\\\/blog\\\/#website\"},\"primaryImageOfPage\":{\"@id\":\"https:\\\/\\\/www.interflora.es\\\/blog\\\/flor-de-virgo\\\/#primaryimage\"},\"image\":{\"@id\":\"https:\\\/\\\/www.interflora.es\\\/blog\\\/flor-de-virgo\\\/#primaryimage\"},\"thumbnailUrl\":\"https:\\\/\\\/www.interflora.es\\\/blog\\\/wp-content\\\/uploads\\\/2024\\\/01\\\/virgo-pt-1-scaled-1.jpeg\",\"datePublished\":\"2024-04-26T11:56:06+00:00\",\"description\":\"Virgo es un signo meticuloso y exigente que adora los detalles. \u00bfSabes cu\u00e1l es la flor de Virgo? Interflora te da algunas ideas.\",\"breadcrumb\":{\"@id\":\"https:\\\/\\\/www.interflora.es\\\/blog\\\/flor-de-virgo\\\/#breadcrumb\"},\"inLanguage\":\"es\",\"potentialAction\":[{\"@type\":\"ReadAction\",\"target\":[\"https:\\\/\\\/www.interflora.es\\\/blog\\\/flor-de-virgo\\\/\"]}]},{\"@type\":\"ImageObject\",\"inLanguage\":\"es\",\"@id\":\"https:\\\/\\\/www.interflora.es\\\/blog\\\/flor-de-virgo\\\/#primaryimage\",\"url\":\"https:\\\/\\\/www.interflora.es\\\/blog\\\/wp-content\\\/uploads\\\/2024\\\/01\\\/virgo-pt-1-scaled-1.jpeg\",\"contentUrl\":\"https:\\\/\\\/www.interflora.es\\\/blog\\\/wp-content\\\/uploads\\\/2024\\\/01\\\/virgo-pt-1-scaled-1.jpeg\",\"width\":1761,\"height\":2560,\"caption\":\"virgo\"},{\"@type\":\"BreadcrumbList\",\"@id\":\"https:\\\/\\\/www.interflora.es\\\/blog\\\/flor-de-virgo\\\/#breadcrumb\",\"itemListElement\":[{\"@type\":\"ListItem\",\"position\":1,\"name\":\"Home\",\"item\":\"https:\\\/\\\/www.interflora.es\\\/blog\\\/\"},{\"@type\":\"ListItem\",\"position\":2,\"name\":\"Signos zodiacales: \u00bfcu\u00e1l es la flor de Virgo?\"}]},{\"@type\":\"WebSite\",\"@id\":\"https:\\\/\\\/www.interflora.es\\\/blog\\\/#website\",\"url\":\"https:\\\/\\\/www.interflora.es\\\/blog\\\/\",\"name\":\"El blog de Interflora : consejos, ideas e inspiraci\u00f3n para disfrutar de las flores y las plantas\",\"description\":\"\",\"publisher\":{\"@id\":\"https:\\\/\\\/www.interflora.es\\\/blog\\\/#organization\"},\"potentialAction\":[{\"@type\":\"SearchAction\",\"target\":{\"@type\":\"EntryPoint\",\"urlTemplate\":\"https:\\\/\\\/www.interflora.es\\\/blog\\\/?s={search_term_string}\"},\"query-input\":{\"@type\":\"PropertyValueSpecification\",\"valueRequired\":true,\"valueName\":\"search_term_string\"}}],\"inLanguage\":\"es\"},{\"@type\":\"Organization\",\"@id\":\"https:\\\/\\\/www.interflora.es\\\/blog\\\/#organization\",\"name\":\"El blog de Interflora : consejos, ideas e inspiraci\u00f3n para disfrutar de las flores y las plantas\",\"url\":\"https:\\\/\\\/www.interflora.es\\\/blog\\\/\",\"logo\":{\"@type\":\"ImageObject\",\"inLanguage\":\"es\",\"@id\":\"https:\\\/\\\/www.interflora.es\\\/blog\\\/#\\\/schema\\\/logo\\\/image\\\/\",\"url\":\"https:\\\/\\\/www.interflora.es\\\/blog\\\/wp-content\\\/uploads\\\/2025\\\/10\\\/cropped-220422_INTERFLORA_Logo_rgb_Half_Top_Circle_Main_Color.png\",\"contentUrl\":\"https:\\\/\\\/www.interflora.es\\\/blog\\\/wp-content\\\/uploads\\\/2025\\\/10\\\/cropped-220422_INTERFLORA_Logo_rgb_Half_Top_Circle_Main_Color.png\",\"width\":1418,\"height\":659,\"caption\":\"El blog de Interflora : consejos, ideas e inspiraci\u00f3n para disfrutar de las flores y las plantas\"},\"image\":{\"@id\":\"https:\\\/\\\/www.interflora.es\\\/blog\\\/#\\\/schema\\\/logo\\\/image\\\/\"}},{\"@type\":\"Person\",\"@id\":\"https:\\\/\\\/www.interflora.es\\\/blog\\\/#\\\/schema\\\/person\\\/1f30f7794421f1232dc4b6bdd75ae829\",\"name\":\"celia\",\"image\":{\"@type\":\"ImageObject\",\"inLanguage\":\"es\",\"@id\":\"https:\\\/\\\/www.interflora.es\\\/blog\\\/wp-content\\\/litespeed\\\/avatar\\\/f906d3ce098bd9b4e84d1b71d27d54af.jpg?ver=1777298586\",\"url\":\"https:\\\/\\\/www.interflora.es\\\/blog\\\/wp-content\\\/litespeed\\\/avatar\\\/f906d3ce098bd9b4e84d1b71d27d54af.jpg?ver=1777298586\",\"contentUrl\":\"https:\\\/\\\/www.interflora.es\\\/blog\\\/wp-content\\\/litespeed\\\/avatar\\\/f906d3ce098bd9b4e84d1b71d27d54af.jpg?ver=1777298586\",\"caption\":\"celia\"}}]}<\/script>\n<!-- \/ Yoast SEO plugin. -->","yoast_head_json":{"title":"Flor de Virgo: la orqu\u00eddea, la violeta y la alstroemeria | Interflora","description":"Virgo es un signo meticuloso y exigente que adora los detalles. \u00bfSabes cu\u00e1l es la flor de Virgo? Interflora te da algunas ideas.","robots":{"index":"index","follow":"follow","max-snippet":"max-snippet:-1","max-image-preview":"max-image-preview:large","max-video-preview":"max-video-preview:-1"},"canonical":"https:\/\/www.interflora.es\/blog\/flor-de-virgo\/","schema":{"@context":"https:\/\/schema.org","@graph":[{"@type":"Article","@id":"https:\/\/www.interflora.es\/blog\/flor-de-virgo\/#article","isPartOf":{"@id":"https:\/\/www.interflora.es\/blog\/flor-de-virgo\/"},"author":{"name":"celia","@id":"https:\/\/www.interflora.es\/blog\/#\/schema\/person\/1f30f7794421f1232dc4b6bdd75ae829"},"headline":"Signos zodiacales: \u00bfcu\u00e1l es la flor de Virgo?","datePublished":"2024-04-26T11:56:06+00:00","mainEntityOfPage":{"@id":"https:\/\/www.interflora.es\/blog\/flor-de-virgo\/"},"wordCount":1995,"commentCount":0,"publisher":{"@id":"https:\/\/www.interflora.es\/blog\/#organization"},"image":{"@id":"https:\/\/www.interflora.es\/blog\/flor-de-virgo\/#primaryimage"},"thumbnailUrl":"https:\/\/www.interflora.es\/blog\/wp-content\/uploads\/2024\/01\/virgo-pt-1-scaled-1.jpeg","keywords":["Astrolog\u00eda"],"articleSection":["Astrolog\u00eda"],"inLanguage":"es","potentialAction":[{"@type":"CommentAction","name":"Comment","target":["https:\/\/www.interflora.es\/blog\/flor-de-virgo\/#respond"]}]},{"@type":"WebPage","@id":"https:\/\/www.interflora.es\/blog\/flor-de-virgo\/","url":"https:\/\/www.interflora.es\/blog\/flor-de-virgo\/","name":"Flor de Virgo: la orqu\u00eddea, la violeta y la alstroemeria | Interflora","isPartOf":{"@id":"https:\/\/www.interflora.es\/blog\/#website"},"primaryImageOfPage":{"@id":"https:\/\/www.interflora.es\/blog\/flor-de-virgo\/#primaryimage"},"image":{"@id":"https:\/\/www.interflora.es\/blog\/flor-de-virgo\/#primaryimage"},"thumbnailUrl":"https:\/\/www.interflora.es\/blog\/wp-content\/uploads\/2024\/01\/virgo-pt-1-scaled-1.jpeg","datePublished":"2024-04-26T11:56:06+00:00","description":"Virgo es un signo meticuloso y exigente que adora los detalles. \u00bfSabes cu\u00e1l es la flor de Virgo? Interflora te da algunas ideas.","breadcrumb":{"@id":"https:\/\/www.interflora.es\/blog\/flor-de-virgo\/#breadcrumb"},"inLanguage":"es","potentialAction":[{"@type":"ReadAction","target":["https:\/\/www.interflora.es\/blog\/flor-de-virgo\/"]}]},{"@type":"ImageObject","inLanguage":"es","@id":"https:\/\/www.interflora.es\/blog\/flor-de-virgo\/#primaryimage","url":"https:\/\/www.interflora.es\/blog\/wp-content\/uploads\/2024\/01\/virgo-pt-1-scaled-1.jpeg","contentUrl":"https:\/\/www.interflora.es\/blog\/wp-content\/uploads\/2024\/01\/virgo-pt-1-scaled-1.jpeg","width":1761,"height":2560,"caption":"virgo"},{"@type":"BreadcrumbList","@id":"https:\/\/www.interflora.es\/blog\/flor-de-virgo\/#breadcrumb","itemListElement":[{"@type":"ListItem","position":1,"name":"Home","item":"https:\/\/www.interflora.es\/blog\/"},{"@type":"ListItem","position":2,"name":"Signos zodiacales: \u00bfcu\u00e1l es la flor de Virgo?"}]},{"@type":"WebSite","@id":"https:\/\/www.interflora.es\/blog\/#website","url":"https:\/\/www.interflora.es\/blog\/","name":"El blog de Interflora : consejos, ideas e inspiraci\u00f3n para disfrutar de las flores y las plantas","description":"","publisher":{"@id":"https:\/\/www.interflora.es\/blog\/#organization"},"potentialAction":[{"@type":"SearchAction","target":{"@type":"EntryPoint","urlTemplate":"https:\/\/www.interflora.es\/blog\/?s={search_term_string}"},"query-input":{"@type":"PropertyValueSpecification","valueRequired":true,"valueName":"search_term_string"}}],"inLanguage":"es"},{"@type":"Organization","@id":"https:\/\/www.interflora.es\/blog\/#organization","name":"El blog de Interflora : consejos, ideas e inspiraci\u00f3n para disfrutar de las flores y las plantas","url":"https:\/\/www.interflora.es\/blog\/","logo":{"@type":"ImageObject","inLanguage":"es","@id":"https:\/\/www.interflora.es\/blog\/#\/schema\/logo\/image\/","url":"https:\/\/www.interflora.es\/blog\/wp-content\/uploads\/2025\/10\/cropped-220422_INTERFLORA_Logo_rgb_Half_Top_Circle_Main_Color.png","contentUrl":"https:\/\/www.interflora.es\/blog\/wp-content\/uploads\/2025\/10\/cropped-220422_INTERFLORA_Logo_rgb_Half_Top_Circle_Main_Color.png","width":1418,"height":659,"caption":"El blog de Interflora : consejos, ideas e inspiraci\u00f3n para disfrutar de las flores y las plantas"},"image":{"@id":"https:\/\/www.interflora.es\/blog\/#\/schema\/logo\/image\/"}},{"@type":"Person","@id":"https:\/\/www.interflora.es\/blog\/#\/schema\/person\/1f30f7794421f1232dc4b6bdd75ae829","name":"celia","image":{"@type":"ImageObject","inLanguage":"es","@id":"https:\/\/www.interflora.es\/blog\/wp-content\/litespeed\/avatar\/f906d3ce098bd9b4e84d1b71d27d54af.jpg?ver=1777298586","url":"https:\/\/www.interflora.es\/blog\/wp-content\/litespeed\/avatar\/f906d3ce098bd9b4e84d1b71d27d54af.jpg?ver=1777298586","contentUrl":"https:\/\/www.interflora.es\/blog\/wp-content\/litespeed\/avatar\/f906d3ce098bd9b4e84d1b71d27d54af.jpg?ver=1777298586","caption":"celia"}}]}},"uagb_featured_image_src":{"full":["https:\/\/www.interflora.es\/blog\/wp-content\/uploads\/2024\/01\/virgo-pt-1-scaled-1.jpeg",1761,2560,false],"thumbnail":["https:\/\/www.interflora.es\/blog\/wp-content\/uploads\/2024\/01\/virgo-pt-1-scaled-1-150x150.jpeg",150,150,true],"medium":["https:\/\/www.interflora.es\/blog\/wp-content\/uploads\/2024\/01\/virgo-pt-1-scaled-1-206x300.jpeg",206,300,true],"medium_large":["https:\/\/www.interflora.es\/blog\/wp-content\/uploads\/2024\/01\/virgo-pt-1-scaled-1-768x1116.jpeg",768,1116,true],"large":["https:\/\/www.interflora.es\/blog\/wp-content\/uploads\/2024\/01\/virgo-pt-1-scaled-1-704x1024.jpeg",704,1024,true],"1536x1536":["https:\/\/www.interflora.es\/blog\/wp-content\/uploads\/2024\/01\/virgo-pt-1-scaled-1-1057x1536.jpeg",1057,1536,true],"2048x2048":["https:\/\/www.interflora.es\/blog\/wp-content\/uploads\/2024\/01\/virgo-pt-1-scaled-1-1409x2048.jpeg",1409,2048,true]},"uagb_author_info":{"display_name":"celia","author_link":"https:\/\/www.interflora.es\/blog\/author\/celia\/"},"uagb_comment_info":1,"uagb_excerpt":"Nacidos entre el 23 de agosto y el 22 de septiembre, los Virgo pertenecen a un signo zodiacal de Tierra, como los Tauro y los Capricornio. \u00bfQuieres saber cu\u00e1l es la flor de Virgo? Pues en Interflora te contamos todo, para que puedas conquistar con flores de Virgo al m\u00e1s racional de todos los signos&hellip;","_links":{"self":[{"href":"https:\/\/www.interflora.es\/blog\/wp-json\/wp\/v2\/posts\/20146","targetHints":{"allow":["GET"]}}],"collection":[{"href":"https:\/\/www.interflora.es\/blog\/wp-json\/wp\/v2\/posts"}],"about":[{"href":"https:\/\/www.interflora.es\/blog\/wp-json\/wp\/v2\/types\/post"}],"author":[{"embeddable":true,"href":"https:\/\/www.interflora.es\/blog\/wp-json\/wp\/v2\/users\/8"}],"replies":[{"embeddable":true,"href":"https:\/\/www.interflora.es\/blog\/wp-json\/wp\/v2\/comments?post=20146"}],"version-history":[{"count":0,"href":"https:\/\/www.interflora.es\/blog\/wp-json\/wp\/v2\/posts\/20146\/revisions"}],"wp:featuredmedia":[{"embeddable":true,"href":"https:\/\/www.interflora.es\/blog\/wp-json\/wp\/v2\/media\/20177"}],"wp:attachment":[{"href":"https:\/\/www.interflora.es\/blog\/wp-json\/wp\/v2\/media?parent=20146"}],"wp:term":[{"taxonomy":"category","embeddable":true,"href":"https:\/\/www.interflora.es\/blog\/wp-json\/wp\/v2\/categories?post=20146"},{"taxonomy":"post_tag","embeddable":true,"href":"https:\/\/www.interflora.es\/blog\/wp-json\/wp\/v2\/tags?post=20146"}],"curies":[{"name":"wp","href":"https:\/\/api.w.org\/{rel}","templated":true}]}}