{"id":19295,"date":"2024-05-05T10:02:59","date_gmt":"2024-05-05T08:02:59","guid":{"rendered":"https:\/\/www.interflora.es\/blog\/?p=19295"},"modified":"2024-05-05T10:02:59","modified_gmt":"2024-05-05T08:02:59","slug":"flor-de-aries","status":"publish","type":"post","link":"https:\/\/www.interflora.es\/blog\/flor-de-aries\/","title":{"rendered":"Signos zodiacales: \u00bfcu\u00e1l es la flor de Aries?"},"content":{"rendered":"\n<p>Los <strong>nacidos entre el 21 de marzo y el 19 de abril<\/strong> comparten un signo del Zodiaco que se sit\u00faa en un \u00e1ngulo de 30\u00ba en el plano de la ecl\u00edptica solar. Muy a menudo, este signo est\u00e1 considerado como <strong>el l\u00edder de los otros signos del Zodiaco<\/strong>, un signo a la cabeza de la fila cuya reputaci\u00f3n, para muchos merecida, es la de <strong>ser bastante testarudos<\/strong>. \u00bfSabes de qu\u00e9 signo estamos hablando? \u00a1Pues del <strong>signo de Aries<\/strong>, por supuesto! Este <strong>signo de fuego, <\/strong>que se representa con una cabeza de carnero<strong>,<\/strong> es <strong>impulsivo y tenaz<\/strong>, <strong>carism\u00e1tico y emprendedor<\/strong>, pero su coraz\u00f3n no es de piedra y aprecia la belleza de una flor como cualquier otro signo zodiacal. Si quieres saber <strong>cu\u00e1l es la flor de Aries<\/strong> y <strong>qu\u00e9 planta o flor har\u00e1 que este signo caiga rendido a tus pies<\/strong>, \u00a1Interflora te lo cuenta todo!<\/p>\n\n\n\n<div style=\"height:5px\" aria-hidden=\"true\" class=\"wp-block-spacer\"><\/div>\n\n\n<div class=\"lp-produits-grid\"><div class=\"lp-produit\"><div class=\"lp-thumbnail-wrapper\"><img loading=\"lazy\" decoding=\"async\" width=\"300\" height=\"300\" src=\"https:\/\/www.interflora.es\/blog\/wp-content\/uploads\/2025\/11\/Capture-decran-2026-02-04-121916-300x300.png\" class=\"attachment-medium size-medium wp-post-image\" alt=\"\" srcset=\"https:\/\/www.interflora.es\/blog\/wp-content\/uploads\/2025\/11\/Capture-decran-2026-02-04-121916-300x300.png 300w, https:\/\/www.interflora.es\/blog\/wp-content\/uploads\/2025\/11\/Capture-decran-2026-02-04-121916-150x150.png 150w, https:\/\/www.interflora.es\/blog\/wp-content\/uploads\/2025\/11\/Capture-decran-2026-02-04-121916.png 647w\" sizes=\"auto, (max-width: 300px) 100vw, 300px\" \/><img decoding=\"async\" class=\"lp-badge\" src=\"https:\/\/prodblog.interflora.es\/blog\/wp-content\/uploads\/2025\/04\/220422_INTERFLORA_Main_Logo_rgb_Main_Color.png\" alt=\"Entrega r\u00e1pida\"><\/div><span>Peque\u00f1o Sol<\/span><p>27.99 \u20ac<\/p><span class=\"obf-link lp-cta\" role=\"link\" tabindex=\"0\" data-b64=\"aHR0cHM6Ly93d3cuaW50ZXJmbG9yYS5lcy9wL3JhbW8tZGUtZmxvcmVzLWFtYXJpbGxhcy12YXJpYWRhcy8xP3V0bV9tZWRpdW09b3JnYW5pYyZ1dG1fc291cmNlPWJsb2dfcHJvZHVjdHMmdXRtX2NhbXBhaWduPUZGMTQ4\" data-target=\"_blank\"><svg xmlns=\"http:\/\/www.w3.org\/2000\/svg\" width=\"16\" height=\"16\" fill=\"currentColor\" class=\"bi bi-bag\" viewBox=\"0 0 16 16\"><path d=\"M8 1a2 2 0 0 1 2 2v1h2.5A1.5 1.5 0 0 1 14 5.5v8A1.5 1.5 0 0 1 12.5 15h-9A1.5 1.5 0 0 1 2 13.5v-8A1.5 1.5 0 0 1 3.5 3H6V2a2 2 0 0 1 2-1zm1 3V3a1 1 0 0 0-2 0v1h2z\"\/><\/svg>Comprar<\/span><p class=\"rapido\">Flores y plantas elegidas con mimo<\/p><\/div><div class=\"lp-produit\"><div class=\"lp-thumbnail-wrapper\"><img loading=\"lazy\" decoding=\"async\" width=\"300\" height=\"300\" src=\"https:\/\/www.interflora.es\/blog\/wp-content\/uploads\/2025\/04\/1674815076-monstera_pg0055_deco-2-300x300.jpg\" class=\"attachment-medium size-medium wp-post-image\" alt=\"\" srcset=\"https:\/\/www.interflora.es\/blog\/wp-content\/uploads\/2025\/04\/1674815076-monstera_pg0055_deco-2-300x300.jpg 300w, https:\/\/www.interflora.es\/blog\/wp-content\/uploads\/2025\/04\/1674815076-monstera_pg0055_deco-2-1024x1024.jpg 1024w, https:\/\/www.interflora.es\/blog\/wp-content\/uploads\/2025\/04\/1674815076-monstera_pg0055_deco-2-150x150.jpg 150w, https:\/\/www.interflora.es\/blog\/wp-content\/uploads\/2025\/04\/1674815076-monstera_pg0055_deco-2-768x768.jpg 768w, https:\/\/www.interflora.es\/blog\/wp-content\/uploads\/2025\/04\/1674815076-monstera_pg0055_deco-2.jpg 1500w\" sizes=\"auto, (max-width: 300px) 100vw, 300px\" \/><img decoding=\"async\" class=\"lp-badge\" src=\"https:\/\/prodblog.interflora.es\/blog\/wp-content\/uploads\/2025\/04\/220422_INTERFLORA_Main_Logo_rgb_Main_Color.png\" alt=\"Entrega r\u00e1pida\"><\/div><span>Monstera Deliciosa &#8211; Costilla de Ad\u00e1n<\/span><p>29.99 \u20ac<\/p><span class=\"obf-link lp-cta\" role=\"link\" tabindex=\"0\" data-b64=\"aHR0cHM6Ly93d3cuaW50ZXJmbG9yYS5lcy9wL21vbnN0ZXJhLzE\/dXRtX21lZGl1bT1vcmdhbmljJnV0bV9zb3VyY2U9YmxvZ19wcm9kdWN0cyZ1dG1fY2FtcGFpZ249UEcwMDU1\" data-target=\"_blank\"><svg xmlns=\"http:\/\/www.w3.org\/2000\/svg\" width=\"16\" height=\"16\" fill=\"currentColor\" class=\"bi bi-bag\" viewBox=\"0 0 16 16\"><path d=\"M8 1a2 2 0 0 1 2 2v1h2.5A1.5 1.5 0 0 1 14 5.5v8A1.5 1.5 0 0 1 12.5 15h-9A1.5 1.5 0 0 1 2 13.5v-8A1.5 1.5 0 0 1 3.5 3H6V2a2 2 0 0 1 2-1zm1 3V3a1 1 0 0 0-2 0v1h2z\"\/><\/svg>Comprar<\/span><p class=\"rapido\">Atenci\u00f3n al cliente siempre disponible<\/p><\/div><div class=\"lp-produit\"><div class=\"lp-thumbnail-wrapper\"><img loading=\"lazy\" decoding=\"async\" width=\"300\" height=\"300\" src=\"https:\/\/www.interflora.es\/blog\/wp-content\/uploads\/2025\/04\/1734353451-f0270-m-key-2-300x300.jpg\" class=\"attachment-medium size-medium wp-post-image\" alt=\"\" srcset=\"https:\/\/www.interflora.es\/blog\/wp-content\/uploads\/2025\/04\/1734353451-f0270-m-key-2-300x300.jpg 300w, https:\/\/www.interflora.es\/blog\/wp-content\/uploads\/2025\/04\/1734353451-f0270-m-key-2-1024x1024.jpg 1024w, https:\/\/www.interflora.es\/blog\/wp-content\/uploads\/2025\/04\/1734353451-f0270-m-key-2-150x150.jpg 150w, https:\/\/www.interflora.es\/blog\/wp-content\/uploads\/2025\/04\/1734353451-f0270-m-key-2-768x768.jpg 768w, https:\/\/www.interflora.es\/blog\/wp-content\/uploads\/2025\/04\/1734353451-f0270-m-key-2.jpg 1200w\" sizes=\"auto, (max-width: 300px) 100vw, 300px\" \/><img decoding=\"async\" class=\"lp-badge\" src=\"https:\/\/prodblog.interflora.es\/blog\/wp-content\/uploads\/2025\/04\/220422_INTERFLORA_Main_Logo_rgb_Main_Color.png\" alt=\"Entrega r\u00e1pida\"><\/div><span>Conexi\u00f3n floral<\/span><p>49.99 \u20ac<\/p><span class=\"obf-link lp-cta\" role=\"link\" tabindex=\"0\" data-b64=\"aHR0cHM6Ly93d3cuaW50ZXJmbG9yYS5lcy9wL3F1ZXJpZGEtbWFtYS8xP3V0bV9tZWRpdW09b3JnYW5pYyZ1dG1fc291cmNlPWJsb2dfcHJvZHVjdHMmdXRtX2NhbXBhaWduPUYwMjcw\" data-target=\"_blank\"><svg xmlns=\"http:\/\/www.w3.org\/2000\/svg\" width=\"16\" height=\"16\" fill=\"currentColor\" class=\"bi bi-bag\" viewBox=\"0 0 16 16\"><path d=\"M8 1a2 2 0 0 1 2 2v1h2.5A1.5 1.5 0 0 1 14 5.5v8A1.5 1.5 0 0 1 12.5 15h-9A1.5 1.5 0 0 1 2 13.5v-8A1.5 1.5 0 0 1 3.5 3H6V2a2 2 0 0 1 2-1zm1 3V3a1 1 0 0 0-2 0v1h2z\"\/><\/svg>Comprar<\/span><p class=\"rapido\">Env\u00edo r\u00e1pido<\/p><\/div><div class=\"lp-produit\"><div class=\"lp-thumbnail-wrapper\"><img loading=\"lazy\" decoding=\"async\" width=\"300\" height=\"300\" src=\"https:\/\/www.interflora.es\/blog\/wp-content\/uploads\/2025\/04\/1738656685-fwd009-m-key-zoomed-2-300x300.jpg\" class=\"attachment-medium size-medium wp-post-image\" alt=\"\" srcset=\"https:\/\/www.interflora.es\/blog\/wp-content\/uploads\/2025\/04\/1738656685-fwd009-m-key-zoomed-2-300x300.jpg 300w, https:\/\/www.interflora.es\/blog\/wp-content\/uploads\/2025\/04\/1738656685-fwd009-m-key-zoomed-2-1024x1024.jpg 1024w, https:\/\/www.interflora.es\/blog\/wp-content\/uploads\/2025\/04\/1738656685-fwd009-m-key-zoomed-2-150x150.jpg 150w, https:\/\/www.interflora.es\/blog\/wp-content\/uploads\/2025\/04\/1738656685-fwd009-m-key-zoomed-2-768x768.jpg 768w, https:\/\/www.interflora.es\/blog\/wp-content\/uploads\/2025\/04\/1738656685-fwd009-m-key-zoomed-2-1536x1536.jpg 1536w, https:\/\/www.interflora.es\/blog\/wp-content\/uploads\/2025\/04\/1738656685-fwd009-m-key-zoomed-2.jpg 1991w\" sizes=\"auto, (max-width: 300px) 100vw, 300px\" \/><img decoding=\"async\" class=\"lp-badge\" src=\"https:\/\/prodblog.interflora.es\/blog\/wp-content\/uploads\/2025\/04\/220422_INTERFLORA_Main_Logo_rgb_Main_Color.png\" alt=\"Entrega r\u00e1pida\"><\/div><span>Floral Kiss<\/span><p>29.99 \u20ac<\/p><span class=\"obf-link lp-cta\" role=\"link\" tabindex=\"0\" data-b64=\"aHR0cHM6Ly93d3cuaW50ZXJmbG9yYS5lcy9wL2Zsb3JhbC1raXNzLzE\/dXRtX21lZGl1bT1vcmdhbmljJnV0bV9zb3VyY2U9YmxvZ19wcm9kdWN0cyZ1dG1fY2FtcGFpZ249RldEMDA5\" data-target=\"_blank\"><svg xmlns=\"http:\/\/www.w3.org\/2000\/svg\" width=\"16\" height=\"16\" fill=\"currentColor\" class=\"bi bi-bag\" viewBox=\"0 0 16 16\"><path d=\"M8 1a2 2 0 0 1 2 2v1h2.5A1.5 1.5 0 0 1 14 5.5v8A1.5 1.5 0 0 1 12.5 15h-9A1.5 1.5 0 0 1 2 13.5v-8A1.5 1.5 0 0 1 3.5 3H6V2a2 2 0 0 1 2-1zm1 3V3a1 1 0 0 0-2 0v1h2z\"\/><\/svg>Comprar<\/span><p class=\"rapido\">Env\u00edo r\u00e1pido<\/p><\/div><\/div>\n\n\n\n<div style=\"height:5px\" aria-hidden=\"true\" class=\"wp-block-spacer\"><\/div>\n\n\n\n<div class=\"wp-block-columns alignwide is-layout-flex wp-container-core-columns-is-layout-1a2ddb66 wp-block-columns-is-layout-flex\" style=\"padding-right:var(--wp--preset--spacing--30);padding-left:var(--wp--preset--spacing--30)\">\n<div class=\"wp-block-column has-background is-layout-flow wp-block-column-is-layout-flow\" style=\"background-color:#fa968a;padding-top:var(--wp--preset--spacing--30);padding-right:var(--wp--preset--spacing--30);padding-bottom:var(--wp--preset--spacing--30);padding-left:var(--wp--preset--spacing--30);flex-basis:400px\">\n<div class=\"wp-block-cover aligncenter\" style=\"margin-top:var(--wp--preset--spacing--50);margin-bottom:var(--wp--preset--spacing--50)\"><span aria-hidden=\"true\" class=\"wp-block-cover__background has-background-dim-0 has-background-dim\"><\/span><img loading=\"lazy\" decoding=\"async\" width=\"1024\" height=\"1024\" class=\"wp-block-cover__image-background wp-image-22537\" alt=\"Aries\" src=\"https:\/\/www.interflora.es\/blog\/wp-content\/uploads\/aries-10.png\" data-object-fit=\"cover\"\/><div class=\"wp-block-cover__inner-container is-layout-flow wp-block-cover-is-layout-flow\">\n<p class=\"has-text-align-center has-large-font-size\"><\/p>\n<\/div><\/div>\n\n\n\n<p class=\"has-text-align-center has-ast-global-color-5-color has-text-color has-link-color wp-elements-98de5c7fcc315a128136ca98bdf836af\" style=\"padding-top:var(--wp--preset--spacing--30);padding-bottom:var(--wp--preset--spacing--30)\"><strong>Su flor favorita:<\/strong> tulip\u00e1n, rosa, amapola, margarita, gerbera, peon\u00eda<br><strong>Su piedra preferida:<\/strong> el diamante y el rub\u00ed<br><strong>Su Dios del Olimpo:<\/strong> Marte, el Dios de la Guerra<br><strong>Su elemento:<\/strong> el fuego<br><strong>Su color:<\/strong> el rojo<br><strong>Su n\u00famero:<\/strong> el 1 (siempre los primeros) o el 9 (muy parecido a sus cuernos)<br><strong>Aries famosos:<\/strong> Alejandro Amen\u00e1bar, C\u00e9line Dion, Kristen Stewart, Carlos Sainz, Charlie Chaplin, Johnny Depp, Keira Knightley, Victoria Beckham, Norah Jones, David Bustamante, Miguel Bos\u00e9, Emma Watson<\/p>\n<\/div>\n\n\n\n<div class=\"wp-block-column is-layout-flow wp-block-column-is-layout-flow\" style=\"padding-top:var(--wp--preset--spacing--60);padding-bottom:var(--wp--preset--spacing--60)\">\n<h2 class=\"wp-block-heading has-text-align-center\"><strong>&nbsp;Aries y el mito del Vellocino de Oro<\/strong><\/h2>\n\n\n\n<p>Este signo del Zodiaco est\u00e1 entre los m\u00e1s destacables en cuanto a personalidad se refiere, fascinando con su temperamento desde la noche de los tiempos. La prueba: su constelaci\u00f3n est\u00e1 entre las 48 m\u00e1s importantes, identificadas por el astr\u00f3logo y astr\u00f3nomo Claudio Ptolomeo. Tanto los babilonios, como los griegos, los fenicios, los egipcios e incluso los romanos, utilizaban ya este nombre para designar esta constelaci\u00f3n tan antigua, que se asocia con el mito de Cris\u00f3malo, un carnero con lana de oro que era capaz de volar y de hablar. Dicho carnero dio origen a la leyenda de Jas\u00f3n y el Vellocino de Oro, \u00a1uno de los personajes m\u00e1s heroicos y aventureros de la mitolog\u00eda!<\/p>\n\n\n\n<h2 class=\"wp-block-heading has-text-align-center\"><strong>Una voluntad de hierro para un l\u00edder indiscutible<\/strong><\/h2>\n\n\n\n<p>Seg\u00fan el hor\u00f3scopo, <strong>los nativos de este Zodiaco son los l\u00edderes indiscutibles<\/strong> y tienen un car\u00e1cter con un <strong>marcado gusto por la novedad e incluso por el riesgo<\/strong>. Una <strong>personalidad fuerte<\/strong> y una <strong>voluntad a prueba de bombas<\/strong> que se refleja a menudo en <strong>individuos luminosos, magn\u00e9ticos, capaces de emprender o de ser l\u00edderes en una empresa.&nbsp;<\/strong><\/p>\n\n\n\n<p><strong>Adem\u00e1s, como ascendente,<\/strong> este signo del Zodiaco ejerce una influencia muy fuerte sobre los otros signos. As\u00ed, un signo zodiacal de agua (C\u00e1ncer, Escorpio, Piscis) ver\u00e1 su emotividad ampliarse de forma exponencial con este ascendente, mientras que los signos de aire (G\u00e9minis, Libra y Acuario) multiplicar\u00e1n su curiosidad natural y su capacidad de an\u00e1lisis con un ascendente carnero. En cuanto a los signos de tierra (Tauro, Virgo y Capricornio), este ascendente revelar\u00e1 a\u00fan m\u00e1s su valent\u00eda y su capacidad de afrontar las situaciones m\u00e1s duras, mientras que los signos de fuego (Aries, Leo y Sagitario) parecer\u00e1n volcanes en erupci\u00f3n bajo el ascendente del carnero.<\/p>\n<\/div>\n<\/div>\n\n\n\n<div class=\"wp-block-columns alignwide is-layout-flex wp-container-core-columns-is-layout-4c1f159a wp-block-columns-is-layout-flex\" style=\"margin-top:var(--wp--preset--spacing--20);margin-bottom:var(--wp--preset--spacing--20);padding-top:var(--wp--preset--spacing--30);padding-right:var(--wp--preset--spacing--40);padding-bottom:var(--wp--preset--spacing--30);padding-left:var(--wp--preset--spacing--40)\">\n<div class=\"wp-block-column has-ast-global-color-5-color has-text-color has-background has-link-color wp-elements-e031d689527549dadeb48fc6c6d8f5d7 is-layout-flow wp-container-core-column-is-layout-753cf88c wp-block-column-is-layout-flow\" style=\"background-color:#86bbcf;padding-top:var(--wp--preset--spacing--30);padding-right:var(--wp--preset--spacing--40);padding-bottom:var(--wp--preset--spacing--30);padding-left:var(--wp--preset--spacing--40)\">\n<h2 class=\"wp-block-heading has-text-align-center has-ast-global-color-5-color has-text-color has-link-color wp-elements-b9fad320c1d6b79ae5b726698cf98196\"><strong>Las virtudes de los Aries<\/strong><\/h2>\n\n\n\n<p class=\"has-text-align-center has-ast-global-color-5-color has-text-color has-link-color wp-elements-9be6b8985cf95f94796f86ccce2fd4fc\">No hay duda alguna, un hombre o una mujer de este signo sabe ser <strong>sincero\/a, entusiasta y en\u00e9rgico\/a. <\/strong>Son personas que encuentran y ocupan r\u00e1pidamente su lugar entre los dem\u00e1s,<br> y no precisamente en medio del reba\u00f1o, sino m\u00e1s bien a la cabeza. Estas cualidades les permiten llevar a cabo proyectos que a primera vista pueden parecer complicados, incluso imposibles. Adem\u00e1s, los nativos de este signo zodiacal son <strong>personas muy amigables con las que siempre se puede contar.<\/strong><\/p>\n<\/div>\n\n\n\n<div class=\"wp-block-column has-background is-layout-flow wp-container-core-column-is-layout-138e2c47 wp-block-column-is-layout-flow\" style=\"background-color:#d9d79a;padding-top:var(--wp--preset--spacing--30);padding-right:var(--wp--preset--spacing--40);padding-bottom:var(--wp--preset--spacing--30);padding-left:var(--wp--preset--spacing--40)\">\n<h2 class=\"wp-block-heading has-text-align-center has-ast-global-color-5-color has-text-color has-link-color wp-elements-f84e91f9aebf4d8373715e125d1e7b22\"><strong>Los defectos de los Aries<\/strong><\/h2>\n\n\n\n<p class=\"has-text-align-center has-ast-global-color-5-color has-text-color has-link-color wp-elements-f3139525bda10cb2939f8af65ebbebc8\">Como no pod\u00eda ser de otra manera, todas estas cualidades tambi\u00e9n conllevan defectos. El principal es su <strong>impulsividad, <\/strong>que le puede jugar malas pasadas en muchas ocasiones: una palabra dicha sin pensar, una iniciativa no reflexionada, una impaciencia que se convierte en agresividad de manera cotidiana\u2026el <strong>carnero no es, sin duda, el signo m\u00e1s diplom\u00e1tico y sereno del Zodiaco.<\/strong><\/p>\n<\/div>\n<\/div>\n\n\n\n<p><\/p>\n\n\n\n<h2 class=\"wp-block-heading alignwide has-text-align-center\"><strong>\u00bfQu\u00e9 flor regalar a un Aries?<\/strong><\/h2>\n\n\n\n<div class=\"wp-block-columns alignwide is-layout-flex wp-container-core-columns-is-layout-cbbdb216 wp-block-columns-is-layout-flex\" style=\"padding-top:var(--wp--preset--spacing--20);padding-right:0;padding-bottom:var(--wp--preset--spacing--20);padding-left:0\">\n<div class=\"wp-block-column is-layout-flow wp-block-column-is-layout-flow\" style=\"padding-top:var(--wp--preset--spacing--40);padding-bottom:var(--wp--preset--spacing--40);flex-basis:650px\">\n<p>Ya habr\u00e1s observado que en su d\u00eda a d\u00eda los nativos de este signo se caracterizan por su <strong>vehemencia<\/strong> (que a veces raya la testarudez), por su <strong>gusto por los desaf\u00edos <\/strong><br><strong>y la competici\u00f3n<\/strong> y por sus <strong>capacidades para sobrepasar sus propios l\u00edmites. <\/strong><br>Los nativos del carnero son personas <strong>valientes y apasionadas,<\/strong> por lo que imaginamos que ya habr\u00e1s adivinado cu\u00e1l es su flor favorita, la que les hace so\u00f1ar y vibrar:<strong> \u00a1la rosa roja! <\/strong>Como buen signo de fuego,<a href=\"https:\/\/www.interflora.es\/c\/rosas?utm_source=blog&amp;utm_medium=organic&amp;utm_campaign=astro\"> las rosas<\/a>, en su versi\u00f3n m\u00e1s pasional, har\u00e1n resurgir ese lado volc\u00e1nico y efusivo que tan bien conoces y que tanto te gusta<strong>.<\/strong><\/p>\n\n\n\n<p>Una flor como la peon\u00eda tambi\u00e9n despertar\u00e1 su lado magn\u00e9tico y atractivo. <br>El signo del carnero se ver\u00e1 reflejado en el volumen de los p\u00e9talos de la peon\u00eda y en el aroma de esta flor tan hermosa que deja huella. \u00bfSabr\u00e1s encontrarla en rojo?<br><\/p>\n<\/div>\n\n\n\n<div class=\"wp-block-column is-layout-flow wp-container-core-column-is-layout-8a368f38 wp-block-column-is-layout-flow\">\n<figure class=\"wp-block-image aligncenter size-large is-resized is-style-default\"><img loading=\"lazy\" decoding=\"async\" width=\"1024\" height=\"1024\" src=\"https:\/\/www.interflora.es\/blog\/wp-content\/uploads\/ramo-flores-rojas-1024x1024.jpg\" alt=\"Flor de Aries: rosas\" class=\"wp-image-19336\" style=\"width:408px;height:auto\"\/><\/figure>\n<\/div>\n<\/div>\n\n\n\n<p>Su lado <strong>combativo y audaz<\/strong> se ver\u00e1 perfectamente reflejado en otra flor que los nativos de este signo aprecian especialmente:<a href=\"https:\/\/www.interflora.es\/c\/flores\/tulipanes\"> <strong>los tulipanes<\/strong><\/a>. S\u00edmbolo de conquista y de fuerza, esta flor est\u00e1 estrechamente vinculada con este signo zodiacal de primavera, por lo que es considerada como una flor de signo Aries. Adem\u00e1s, como para el resto de las flores,<a href=\"https:\/\/www.interflora.es\/blog\/tulipan-significados\/\"> el significado de los tulipanes<\/a> puede variar seg\u00fan sus colores, por lo que regalar ramos de tulipanes a los nativos de este hor\u00f3scopo es una forma perfecta de declarar tus sentimientos.<\/p>\n\n\n\n<p>Sin embargo, este signo del Zodiaco (y los que le rodean) tambi\u00e9n necesita encontrar un poco de <strong>calma y serenidad<\/strong> de vez en cuando. Para ello,<a href=\"https:\/\/www.interflora.es\/c\/flores\/margaritas\"> <strong>un ramo de margaritas<\/strong><\/a> sabr\u00e1n <strong>contrarrestar su impulsividad<\/strong> y aportar\u00e1n un poco de frescura al incendio que puede llegar a ser este signo. Tambi\u00e9n, una alternativa perfecta a esta flor pueden ser <strong>las gerberas<\/strong>, flores llenas de colores y con un aroma fuerte, que, sin embargo, transmiten serenidad y paciencia, \u00a1perfectas para el impetuoso carnero!<\/p>\n\n\n\n<h2 class=\"wp-block-heading alignwide has-text-align-center\"><strong>Los nombres asociados a los nativos de este signo<\/strong><\/h2>\n\n\n\n<div class=\"wp-block-columns alignwide is-layout-flex wp-container-core-columns-is-layout-51c0b34d wp-block-columns-is-layout-flex\" style=\"padding-top:var(--wp--preset--spacing--50);padding-bottom:var(--wp--preset--spacing--50)\">\n<div class=\"wp-block-column is-layout-flow wp-block-column-is-layout-flow\">\n<figure class=\"wp-block-image aligncenter size-large is-resized\"><img decoding=\"async\" src=\"https:\/\/www.interflora.es\/blog\/wp-content\/uploads\/picto-Aries-1-724x1024.jpg\" alt=\"Aries\" class=\"wp-image-19607\" style=\"width:329px;height:auto\"\/><\/figure>\n<\/div>\n\n\n\n<div class=\"wp-block-column is-layout-flow wp-block-column-is-layout-flow\" style=\"flex-basis:800px\">\n<p style=\"margin-top:var(--wp--preset--spacing--60);margin-bottom:var(--wp--preset--spacing--60)\">Nada est\u00e1 definido ni hay ninguna obligaci\u00f3n en lo que a signos del Zodiaco se refiere, pero ciertos signos son tan expresivos que es m\u00e1s bien f\u00e1cil encontrar un nombre que refleje las cualidades y los valores que transmiten. Nuestros carneros zodiacales forman parte de los signos que poseen <strong>una fuerte personalidad<\/strong>:<strong> determinados, constantes, comprometidos, solares y carism\u00e1ticos<\/strong>\u2026, las caracter\u00edsticas de este signo zodiacal son conocidas y reconocidas, y el nombre elegido para un nativo de este signo debe reflejar su vivacidad inagotable. Los nombres perfectos para estas personas son <strong>aquellos que reflejan fuerza y voluntad, lejos de florituras y complicaciones, eficaces y directos:<\/strong><\/p>\n\n\n\n<div class=\"wp-block-columns is-layout-flex wp-container-core-columns-is-layout-28f84493 wp-block-columns-is-layout-flex\">\n<div class=\"wp-block-column has-background is-layout-flow wp-block-column-is-layout-flow\" style=\"background-color:#86bbcf\">\n<p class=\"has-text-align-center has-ast-global-color-5-color has-text-color has-link-color wp-elements-d3a9ce52a61b045b97ceedadba61d8bf\" style=\"margin-top:var(--wp--preset--spacing--20);margin-bottom:var(--wp--preset--spacing--20)\"><strong>Para hombre:&nbsp;<\/strong><br><strong>Andr\u00e9s<\/strong> (fuerte), <strong>Carlos<\/strong> (valeroso), <br><strong>Gerardo<\/strong> (guerrero), <strong>Julio<\/strong> (ra\u00edz fuerte), <strong>Mart\u00edn<\/strong> (Marte) o <strong>Alfonso<\/strong> (guerrero, luchador).<\/p>\n<\/div>\n\n\n\n<div class=\"wp-block-column has-background is-layout-flow wp-block-column-is-layout-flow\" style=\"background-color:#d9d79a\">\n<p class=\"has-text-align-center has-ast-global-color-5-color has-text-color has-link-color wp-elements-8cf94c832b8f9171a5c2331974c4aead\" style=\"margin-top:var(--wp--preset--spacing--20);margin-bottom:var(--wp--preset--spacing--20)\"><strong>Para mujer:<\/strong><br><strong>Andrea<\/strong> (fuerte), <strong>Nahila <\/strong>(triunfadora), <br><strong>Valentina<\/strong> (valiente), <strong>Ir\u00eda<\/strong> (piedra), <strong>Laura <\/strong>(victoriosa), <strong>Martina<\/strong> (Marte), <strong>Alda<\/strong> (valerosa).<\/p>\n<\/div>\n<\/div>\n<\/div>\n<\/div>\n\n\n\n<h2 class=\"wp-block-heading alignwide has-text-align-center\"><strong>La compatibilidad amorosa del l\u00edder del Zodiaco<\/strong><\/h2>\n\n\n\n<h3 class=\"wp-block-heading alignwide has-text-align-center\"><strong>\u00a1Los signos que robar\u00e1n su coraz\u00f3n!<\/strong><\/h3>\n\n\n\n<p class=\"has-text-align-center has-medium-font-size\"><strong>Amor a primera vista con:<\/strong><\/p>\n\n\n\n<div class=\"wp-block-columns is-layout-flex wp-container-core-columns-is-layout-d74743eb wp-block-columns-is-layout-flex\" style=\"padding-right:0;padding-left:0\">\n<div class=\"wp-block-column is-layout-flow wp-block-column-is-layout-flow\">\n<figure class=\"wp-block-image aligncenter size-full is-resized is-style-rounded\"><img loading=\"lazy\" decoding=\"async\" width=\"1024\" height=\"1024\" src=\"https:\/\/www.interflora.es\/blog\/wp-content\/uploads\/libra-2.png\" alt=\"Libra\" class=\"wp-image-22568\" style=\"width:235px\"\/><\/figure>\n\n\n\n<p class=\"has-text-align-center\" style=\"margin-top:var(--wp--preset--spacing--30);margin-bottom:var(--wp--preset--spacing--30)\"><strong>LIBRA<\/strong><\/p>\n\n\n\n<p class=\"has-text-align-center\">El gusto por el compromiso, por la serenidad y el equilibrio, as\u00ed como el car\u00e1cter encantador por naturaleza de Libra, aten\u00faan perfectamente ese lado impulsivo del ariete. Ambos signos del Zodiaco son el d\u00eda y la noche, el yin y el yang, una uni\u00f3n que se equilibra, pero cuidado, porque los carneros no soportan la monoton\u00eda.<\/p>\n<\/div>\n\n\n\n<div class=\"wp-block-column is-layout-flow wp-block-column-is-layout-flow\">\n<figure class=\"wp-block-image aligncenter size-full is-resized is-style-rounded\"><img loading=\"lazy\" decoding=\"async\" width=\"1024\" height=\"1024\" src=\"https:\/\/www.interflora.es\/blog\/wp-content\/uploads\/leo-8.png\" alt=\"Leo\" class=\"wp-image-22539\" style=\"width:235px\"\/><\/figure>\n\n\n\n<p class=\"has-text-align-center\" style=\"margin-top:var(--wp--preset--spacing--30);margin-bottom:var(--wp--preset--spacing--30)\"><strong>LEO<\/strong><\/p>\n\n\n\n<p class=\"has-text-align-center\">Cuando el le\u00f3n y el carnero se enamoran, su historia de amor es explosiva, ya que ambos tienen un car\u00e1cter fuerte. Una relaci\u00f3n que puede ser fascinante, pero nuestro ariete debe tener cuidado, ya que el le\u00f3n es una fiera salvaje que no se deja domesticar f\u00e1cilmente, ni en la Sabana ni en el amor.<\/p>\n<\/div>\n\n\n\n<div class=\"wp-block-column is-layout-flow wp-block-column-is-layout-flow\">\n<figure class=\"wp-block-image aligncenter size-full is-resized is-style-rounded\"><img loading=\"lazy\" decoding=\"async\" width=\"1024\" height=\"1024\" src=\"https:\/\/www.interflora.es\/blog\/wp-content\/uploads\/sagittarius-1.png\" alt=\"Sagitario\" class=\"wp-image-22584\" style=\"width:235px\"\/><\/figure>\n\n\n\n<p class=\"has-text-align-center\" style=\"margin-top:var(--wp--preset--spacing--30);margin-bottom:var(--wp--preset--spacing--30)\"><strong>SAGITARIO<\/strong><\/p>\n\n\n\n<p class=\"has-text-align-center\">Es el flechazo, el amor a primera vista. Una relaci\u00f3n f\u00e1cil que reposa, en gran parte, sobre la capacidad de compresi\u00f3n y de paciencia de los nativos de Sagitario. Un amor que hay que cultivar y ver crecer a lo largo del tiempo, como el rosal de las flores m\u00e1s queridas de nuestros volc\u00e1nicos preferidos.<\/p>\n<\/div>\n<\/div>\n\n\n\n<p><\/p>\n\n\n\n<p class=\"has-text-align-center has-medium-font-size\"><strong>Amor imposible con:<\/strong><\/p>\n\n\n\n<div class=\"wp-block-columns is-layout-flex wp-container-core-columns-is-layout-3e37f937 wp-block-columns-is-layout-flex\" style=\"padding-top:var(--wp--preset--spacing--50);padding-bottom:var(--wp--preset--spacing--50)\">\n<div class=\"wp-block-column is-layout-flow wp-block-column-is-layout-flow\">\n<figure class=\"wp-block-image aligncenter size-full is-resized is-style-rounded\"><img loading=\"lazy\" decoding=\"async\" width=\"1024\" height=\"1024\" src=\"https:\/\/www.interflora.es\/blog\/wp-content\/uploads\/cancer-9.png\" alt=\"C\u00e1ncer\" class=\"wp-image-22538\" style=\"width:235px\"\/><\/figure>\n\n\n\n<p class=\"has-text-align-center\" style=\"margin-top:var(--wp--preset--spacing--30);margin-bottom:var(--wp--preset--spacing--30)\"><strong>C\u00c1NCER<\/strong><\/p>\n\n\n\n<p class=\"has-text-align-center\">En teor\u00eda, la relaci\u00f3n entre estos dos signos podr\u00eda funcionar, a pesar de que ambos tienen temperamentos muy diferentes, pero a largo plazo la relaci\u00f3n empieza a tambalearse. \u00bfUna personalidad tan sensible como la de C\u00e1ncer puede equilibrarse con la fogosidad de este signo de fuego? Nos parece complicado, aunque no imposible.<\/p>\n<\/div>\n\n\n\n<div class=\"wp-block-column is-layout-flow wp-block-column-is-layout-flow\" style=\"padding-top:0;padding-bottom:0\">\n<figure class=\"wp-block-image aligncenter size-full is-resized is-style-rounded\"><img loading=\"lazy\" decoding=\"async\" width=\"1024\" height=\"1024\" src=\"https:\/\/www.interflora.es\/blog\/wp-content\/uploads\/capricorn.png\" alt=\"Capricornio\" class=\"wp-image-22553\" style=\"width:235px\"\/><\/figure>\n\n\n\n<p class=\"has-text-align-center\" style=\"margin-top:var(--wp--preset--spacing--30);margin-bottom:var(--wp--preset--spacing--30)\"><strong>CAPRICORNIO<\/strong><\/p>\n\n\n\n<p class=\"has-text-align-center\">El juego de seducci\u00f3n y de amor con un Capricornio es muy divertido al principio de la relaci\u00f3n. Sin embargo, a largo plazo, el conflicto entre estos dos signos dotados de cuernos poderosos se vuelve agotador. Un choque de personalidades potentes que puede suceder tambi\u00e9n con Tauro, el toro del Zodiaco.<\/p>\n<\/div>\n\n\n\n<div class=\"wp-block-column is-layout-flow wp-block-column-is-layout-flow\">\n<figure class=\"wp-block-image aligncenter size-full is-resized is-style-rounded\"><img loading=\"lazy\" decoding=\"async\" width=\"1024\" height=\"1024\" src=\"https:\/\/www.interflora.es\/blog\/wp-content\/uploads\/aquarius-1.png\" alt=\"Acuario\" class=\"wp-image-22570\" style=\"width:235px\"\/><\/figure>\n\n\n\n<p class=\"has-text-align-center\" style=\"margin-top:var(--wp--preset--spacing--30);margin-bottom:var(--wp--preset--spacing--30)\"><strong>ACUARIO<\/strong><\/p>\n\n\n\n<p class=\"has-text-align-center\">No hay nada como un signo de agua para equilibrar la vida, a menudo fogosa, del carnero del Zodiaco. Acuario es un signo que puede colmarnos de amor, sabidur\u00eda e inteligencia, pero la pasi\u00f3n f\u00edsica y el fuego de la acci\u00f3n no est\u00e1n a la orden del d\u00eda, cosa que este signo necesita tanto como la serenidad de Acuario.<\/p>\n<\/div>\n<\/div>\n\n\n\n<h2 class=\"wp-block-heading alignwide has-text-align-center\" style=\"margin-top:var(--wp--preset--spacing--30);margin-bottom:var(--wp--preset--spacing--30)\"><strong>\u00bfC\u00f3mo seducir a un\/a Aries?<\/strong><\/h2>\n\n\n\n<p>Saber si un o una nativo\/a de este signo est\u00e1 enamorado\/a de ti es siempre una cuesti\u00f3n delicada. Con su car\u00e1cter impulsivo y fuerte, parecen disfrutar con una pasi\u00f3n pasajera o con relaciones fogosas cuyo fuego se apaga en poco tiempo. Pero, \u00bfes as\u00ed en realidad?&#8230;<\/p>\n\n\n\n<p><strong>Un hombre de este signo<\/strong> encontrar\u00e1 claramente su alter ego en una <strong>pareja Leo<\/strong>, con la que disfrutar\u00e1 al mismo tiempo de una <strong>relaci\u00f3n sensual<\/strong> y de un <strong>gusto compartido por los desaf\u00edos y la superaci\u00f3n personal<\/strong>. Permitir que el l\u00edder del Zodiaco se sienta realizado a nivel profesional, personal o deportivo es una manera segura de obtener su cari\u00f1o, su amor y una relaci\u00f3n viable a largo plazo.<\/p>\n\n\n\n<p><strong>Para una mujer,<\/strong> la cuesti\u00f3n es a\u00fan m\u00e1s delicada. Las nativas de este signo zodiacal adoran los \u201coutsiders\u201d, es decir, los signos astrol\u00f3gicos que est\u00e1n cercanos y lejanos en el Zodiaco: <strong>los Piscis.<\/strong> Las <strong>cualidades intelectuales y la intuici\u00f3n natural<\/strong> de Piscis son su mejor arma de seducci\u00f3n. Una personalidad que aten\u00faa y complementa la fogosidad de estas mujeres.<\/p>\n\n\n\n<p>Sin embargo, no olvides que seg\u00fan el dicho \u201clos polos opuestos se atraen\u201d. Una frase que en amor o en amistad se aplica tanto a hombres como a mujeres.<\/p>\n\n\n\n<div style=\"height:5px\" aria-hidden=\"true\" class=\"wp-block-spacer\"><\/div>\n\n\n<div class=\"lp-produits-grid\"><div class=\"lp-produit\"><div class=\"lp-thumbnail-wrapper\"><img loading=\"lazy\" decoding=\"async\" width=\"300\" height=\"300\" src=\"https:\/\/www.interflora.es\/blog\/wp-content\/uploads\/2025\/11\/Capture-decran-2026-02-04-121916-300x300.png\" class=\"attachment-medium size-medium wp-post-image\" alt=\"\" srcset=\"https:\/\/www.interflora.es\/blog\/wp-content\/uploads\/2025\/11\/Capture-decran-2026-02-04-121916-300x300.png 300w, https:\/\/www.interflora.es\/blog\/wp-content\/uploads\/2025\/11\/Capture-decran-2026-02-04-121916-150x150.png 150w, https:\/\/www.interflora.es\/blog\/wp-content\/uploads\/2025\/11\/Capture-decran-2026-02-04-121916.png 647w\" sizes=\"auto, (max-width: 300px) 100vw, 300px\" \/><img decoding=\"async\" class=\"lp-badge\" src=\"https:\/\/prodblog.interflora.es\/blog\/wp-content\/uploads\/2025\/04\/220422_INTERFLORA_Main_Logo_rgb_Main_Color.png\" alt=\"Entrega r\u00e1pida\"><\/div><span>Peque\u00f1o Sol<\/span><p>27.99 \u20ac<\/p><span class=\"obf-link lp-cta\" role=\"link\" tabindex=\"0\" data-b64=\"aHR0cHM6Ly93d3cuaW50ZXJmbG9yYS5lcy9wL3JhbW8tZGUtZmxvcmVzLWFtYXJpbGxhcy12YXJpYWRhcy8xP3V0bV9tZWRpdW09b3JnYW5pYyZ1dG1fc291cmNlPWJsb2dfcHJvZHVjdHMmdXRtX2NhbXBhaWduPUZGMTQ4\" data-target=\"_blank\"><svg xmlns=\"http:\/\/www.w3.org\/2000\/svg\" width=\"16\" height=\"16\" fill=\"currentColor\" class=\"bi bi-bag\" viewBox=\"0 0 16 16\"><path d=\"M8 1a2 2 0 0 1 2 2v1h2.5A1.5 1.5 0 0 1 14 5.5v8A1.5 1.5 0 0 1 12.5 15h-9A1.5 1.5 0 0 1 2 13.5v-8A1.5 1.5 0 0 1 3.5 3H6V2a2 2 0 0 1 2-1zm1 3V3a1 1 0 0 0-2 0v1h2z\"\/><\/svg>Comprar<\/span><p class=\"rapido\">Selecci\u00f3n Interflora<\/p><\/div><div class=\"lp-produit\"><div class=\"lp-thumbnail-wrapper\"><img loading=\"lazy\" decoding=\"async\" width=\"300\" height=\"300\" src=\"https:\/\/www.interflora.es\/blog\/wp-content\/uploads\/2025\/04\/1674815076-monstera_pg0055_deco-2-300x300.jpg\" class=\"attachment-medium size-medium wp-post-image\" alt=\"\" srcset=\"https:\/\/www.interflora.es\/blog\/wp-content\/uploads\/2025\/04\/1674815076-monstera_pg0055_deco-2-300x300.jpg 300w, https:\/\/www.interflora.es\/blog\/wp-content\/uploads\/2025\/04\/1674815076-monstera_pg0055_deco-2-1024x1024.jpg 1024w, https:\/\/www.interflora.es\/blog\/wp-content\/uploads\/2025\/04\/1674815076-monstera_pg0055_deco-2-150x150.jpg 150w, https:\/\/www.interflora.es\/blog\/wp-content\/uploads\/2025\/04\/1674815076-monstera_pg0055_deco-2-768x768.jpg 768w, https:\/\/www.interflora.es\/blog\/wp-content\/uploads\/2025\/04\/1674815076-monstera_pg0055_deco-2.jpg 1500w\" sizes=\"auto, (max-width: 300px) 100vw, 300px\" \/><img decoding=\"async\" class=\"lp-badge\" src=\"https:\/\/prodblog.interflora.es\/blog\/wp-content\/uploads\/2025\/04\/220422_INTERFLORA_Main_Logo_rgb_Main_Color.png\" alt=\"Entrega r\u00e1pida\"><\/div><span>Monstera Deliciosa &#8211; Costilla de Ad\u00e1n<\/span><p>29.99 \u20ac<\/p><span class=\"obf-link lp-cta\" role=\"link\" tabindex=\"0\" data-b64=\"aHR0cHM6Ly93d3cuaW50ZXJmbG9yYS5lcy9wL21vbnN0ZXJhLzE\/dXRtX21lZGl1bT1vcmdhbmljJnV0bV9zb3VyY2U9YmxvZ19wcm9kdWN0cyZ1dG1fY2FtcGFpZ249UEcwMDU1\" data-target=\"_blank\"><svg xmlns=\"http:\/\/www.w3.org\/2000\/svg\" width=\"16\" height=\"16\" fill=\"currentColor\" class=\"bi bi-bag\" viewBox=\"0 0 16 16\"><path d=\"M8 1a2 2 0 0 1 2 2v1h2.5A1.5 1.5 0 0 1 14 5.5v8A1.5 1.5 0 0 1 12.5 15h-9A1.5 1.5 0 0 1 2 13.5v-8A1.5 1.5 0 0 1 3.5 3H6V2a2 2 0 0 1 2-1zm1 3V3a1 1 0 0 0-2 0v1h2z\"\/><\/svg>Comprar<\/span><p class=\"rapido\">Flores y plantas frescas<\/p><\/div><div class=\"lp-produit\"><div class=\"lp-thumbnail-wrapper\"><img loading=\"lazy\" decoding=\"async\" width=\"300\" height=\"300\" src=\"https:\/\/www.interflora.es\/blog\/wp-content\/uploads\/2025\/04\/1734353451-f0270-m-key-2-300x300.jpg\" class=\"attachment-medium size-medium wp-post-image\" alt=\"\" srcset=\"https:\/\/www.interflora.es\/blog\/wp-content\/uploads\/2025\/04\/1734353451-f0270-m-key-2-300x300.jpg 300w, https:\/\/www.interflora.es\/blog\/wp-content\/uploads\/2025\/04\/1734353451-f0270-m-key-2-1024x1024.jpg 1024w, https:\/\/www.interflora.es\/blog\/wp-content\/uploads\/2025\/04\/1734353451-f0270-m-key-2-150x150.jpg 150w, https:\/\/www.interflora.es\/blog\/wp-content\/uploads\/2025\/04\/1734353451-f0270-m-key-2-768x768.jpg 768w, https:\/\/www.interflora.es\/blog\/wp-content\/uploads\/2025\/04\/1734353451-f0270-m-key-2.jpg 1200w\" sizes=\"auto, (max-width: 300px) 100vw, 300px\" \/><img decoding=\"async\" class=\"lp-badge\" src=\"https:\/\/prodblog.interflora.es\/blog\/wp-content\/uploads\/2025\/04\/220422_INTERFLORA_Main_Logo_rgb_Main_Color.png\" alt=\"Entrega r\u00e1pida\"><\/div><span>Conexi\u00f3n floral<\/span><p>49.99 \u20ac<\/p><span class=\"obf-link lp-cta\" role=\"link\" tabindex=\"0\" data-b64=\"aHR0cHM6Ly93d3cuaW50ZXJmbG9yYS5lcy9wL3F1ZXJpZGEtbWFtYS8xP3V0bV9tZWRpdW09b3JnYW5pYyZ1dG1fc291cmNlPWJsb2dfcHJvZHVjdHMmdXRtX2NhbXBhaWduPUYwMjcw\" data-target=\"_blank\"><svg xmlns=\"http:\/\/www.w3.org\/2000\/svg\" width=\"16\" height=\"16\" fill=\"currentColor\" class=\"bi bi-bag\" viewBox=\"0 0 16 16\"><path d=\"M8 1a2 2 0 0 1 2 2v1h2.5A1.5 1.5 0 0 1 14 5.5v8A1.5 1.5 0 0 1 12.5 15h-9A1.5 1.5 0 0 1 2 13.5v-8A1.5 1.5 0 0 1 3.5 3H6V2a2 2 0 0 1 2-1zm1 3V3a1 1 0 0 0-2 0v1h2z\"\/><\/svg>Comprar<\/span><p class=\"rapido\">Entrega en el d\u00eda<\/p><\/div><div class=\"lp-produit\"><div class=\"lp-thumbnail-wrapper\"><img loading=\"lazy\" decoding=\"async\" width=\"300\" height=\"300\" src=\"https:\/\/www.interflora.es\/blog\/wp-content\/uploads\/2025\/04\/1738656685-fwd009-m-key-zoomed-2-300x300.jpg\" class=\"attachment-medium size-medium wp-post-image\" alt=\"\" srcset=\"https:\/\/www.interflora.es\/blog\/wp-content\/uploads\/2025\/04\/1738656685-fwd009-m-key-zoomed-2-300x300.jpg 300w, https:\/\/www.interflora.es\/blog\/wp-content\/uploads\/2025\/04\/1738656685-fwd009-m-key-zoomed-2-1024x1024.jpg 1024w, https:\/\/www.interflora.es\/blog\/wp-content\/uploads\/2025\/04\/1738656685-fwd009-m-key-zoomed-2-150x150.jpg 150w, https:\/\/www.interflora.es\/blog\/wp-content\/uploads\/2025\/04\/1738656685-fwd009-m-key-zoomed-2-768x768.jpg 768w, https:\/\/www.interflora.es\/blog\/wp-content\/uploads\/2025\/04\/1738656685-fwd009-m-key-zoomed-2-1536x1536.jpg 1536w, https:\/\/www.interflora.es\/blog\/wp-content\/uploads\/2025\/04\/1738656685-fwd009-m-key-zoomed-2.jpg 1991w\" sizes=\"auto, (max-width: 300px) 100vw, 300px\" \/><img decoding=\"async\" class=\"lp-badge\" src=\"https:\/\/prodblog.interflora.es\/blog\/wp-content\/uploads\/2025\/04\/220422_INTERFLORA_Main_Logo_rgb_Main_Color.png\" alt=\"Entrega r\u00e1pida\"><\/div><span>Floral Kiss<\/span><p>29.99 \u20ac<\/p><span class=\"obf-link lp-cta\" role=\"link\" tabindex=\"0\" data-b64=\"aHR0cHM6Ly93d3cuaW50ZXJmbG9yYS5lcy9wL2Zsb3JhbC1raXNzLzE\/dXRtX21lZGl1bT1vcmdhbmljJnV0bV9zb3VyY2U9YmxvZ19wcm9kdWN0cyZ1dG1fY2FtcGFpZ249RldEMDA5\" data-target=\"_blank\"><svg xmlns=\"http:\/\/www.w3.org\/2000\/svg\" width=\"16\" height=\"16\" fill=\"currentColor\" class=\"bi bi-bag\" viewBox=\"0 0 16 16\"><path d=\"M8 1a2 2 0 0 1 2 2v1h2.5A1.5 1.5 0 0 1 14 5.5v8A1.5 1.5 0 0 1 12.5 15h-9A1.5 1.5 0 0 1 2 13.5v-8A1.5 1.5 0 0 1 3.5 3H6V2a2 2 0 0 1 2-1zm1 3V3a1 1 0 0 0-2 0v1h2z\"\/><\/svg>Comprar<\/span><p class=\"rapido\">Entrega en el d\u00eda<\/p><\/div><\/div>\n\n\n\n<div style=\"height:5px\" aria-hidden=\"true\" class=\"wp-block-spacer\"><\/div>\n\n\n\n<h2 class=\"wp-block-heading alignwide has-text-align-center\"><strong>Flores para enamorar a un signo de primavera<\/strong><\/h2>\n\n\n\n<div class=\"wp-block-columns alignwide is-layout-flex wp-container-core-columns-is-layout-8d88fe0f wp-block-columns-is-layout-flex\" style=\"padding-top:var(--wp--preset--spacing--20);padding-bottom:var(--wp--preset--spacing--20)\">\n<div class=\"wp-block-column is-layout-flow wp-block-column-is-layout-flow\" style=\"padding-top:var(--wp--preset--spacing--50);padding-bottom:var(--wp--preset--spacing--50);flex-basis:900px\">\n<p><strong>Enamorar a este signo es un desaf\u00edo<\/strong>, una carrera de obst\u00e1culos en la que el vencedor ser\u00e1 aquel o aquella que sepa llegar al coraz\u00f3n de este signo lleno de fuerza y energ\u00eda.  Sin embargo, en Interflora sabemos que <strong>las flores son un arma secreta<\/strong> que nunca falla, incluso con los carneros m\u00e1s fogosos del Zodiaco.&nbsp;<\/p>\n\n\n\n<p>Los l\u00edderes del hor\u00f3scopo se emocionan con la belleza y la elegancia de una flor, pero hay que elegirla bien para seducirle\/la, ya que lo superfluo y las florituras, as\u00ed como lo demasiado recargado, no es de su gusto. Ya sabes cu\u00e1l es su flor: <strong>la <a href=\"https:\/\/www.interflora.es\/c\/rosas\/rosas-rojas?utm_source=blog&amp;utm_medium=organic&amp;utm_campaign=astro\">rosa roja.<\/a><\/strong> <br><br>Pero si quieres regalar una flor a un\/a Aries, o un bello ramo con flores escogidas para una ocasi\u00f3n, no te limites a las rosas.&nbsp; <strong>Para seducir a este signo de fuego debes elegir flores que reflejen sentimientos fuertes:<\/strong> pasi\u00f3n, amistad incondicional, apoyo sin l\u00edmites. Los tonos naranjas, rojos, fucsia o morados son ideales. Una posibilidad que tendr\u00e1 un \u00e9xito seguro es un <strong>ramo de tulipanes rojos<\/strong> que, adem\u00e1s, transmiten energ\u00eda. <br><br>Para lograr seducir al carnero, otra flor de este signo es <strong>la amapola<\/strong>, una flor delicada que es perfecta para atraer la atenci\u00f3n de este signo. En cuanto a las plantas, los geranios en tonos rojos, rosas o naranjas har\u00e1n que caiga rendido\/a a tus pies, sobre todo si est\u00e1n en flor.<\/p>\n<\/div>\n\n\n\n<div class=\"wp-block-column is-layout-flow wp-block-column-is-layout-flow\">\n<figure class=\"wp-block-image aligncenter size-large is-resized\"><img decoding=\"async\" src=\"https:\/\/www.interflora.es\/blog\/wp-content\/uploads\/Aries-2-678x1024.jpg\" alt=\"Flores para  Aries\" class=\"wp-image-19480\" style=\"width:355px;height:auto\"\/><\/figure>\n<\/div>\n<\/div>\n","protected":false},"excerpt":{"rendered":"<p>Los nacidos entre el 21 de marzo y el 19 de abril comparten un signo del Zodiaco que se sit\u00faa en un \u00e1ngulo de 30\u00ba en el plano de la ecl\u00edptica solar. Muy a menudo, este signo est\u00e1 considerado como el l\u00edder de los otros signos del Zodiaco. \u00bfSabes de qu\u00e9 signo estamos hablando? \u00a1Pues del signo de Aries, por supuesto! Si quieres saber cu\u00e1l es la flor de Aries y qu\u00e9 planta o flor har\u00e1 que este signo caiga rendido a tus pies, \u00a1Interflora te lo cuenta todo!<\/p>\n","protected":false},"author":8,"featured_media":19607,"comment_status":"open","ping_status":"closed","sticky":false,"template":"","format":"standard","meta":{"_acf_changed":false,"_uag_custom_page_level_css":"","site-sidebar-layout":"default","site-content-layout":"","ast-site-content-layout":"default","site-content-style":"default","site-sidebar-style":"default","ast-global-header-display":"","ast-banner-title-visibility":"","ast-main-header-display":"","ast-hfb-above-header-display":"","ast-hfb-below-header-display":"","ast-hfb-mobile-header-display":"","site-post-title":"","ast-breadcrumbs-content":"","ast-featured-img":"","footer-sml-layout":"","theme-transparent-header-meta":"","adv-header-id-meta":"","stick-header-meta":"","header-above-stick-meta":"","header-main-stick-meta":"","header-below-stick-meta":"","astra-migrate-meta-layouts":"set","ast-page-background-enabled":"default","ast-page-background-meta":{"desktop":{"background-color":"var(--ast-global-color-5)","background-image":"","background-repeat":"repeat","background-position":"center center","background-size":"auto","background-attachment":"scroll","background-type":"","background-media":"","overlay-type":"","overlay-color":"","overlay-opacity":"","overlay-gradient":""},"tablet":{"background-color":"","background-image":"","background-repeat":"repeat","background-position":"center center","background-size":"auto","background-attachment":"scroll","background-type":"","background-media":"","overlay-type":"","overlay-color":"","overlay-opacity":"","overlay-gradient":""},"mobile":{"background-color":"","background-image":"","background-repeat":"repeat","background-position":"center center","background-size":"auto","background-attachment":"scroll","background-type":"","background-media":"","overlay-type":"","overlay-color":"","overlay-opacity":"","overlay-gradient":""}},"ast-content-background-meta":{"desktop":{"background-color":"var(--ast-global-color-4)","background-image":"","background-repeat":"repeat","background-position":"center center","background-size":"auto","background-attachment":"scroll","background-type":"","background-media":"","overlay-type":"","overlay-color":"","overlay-opacity":"","overlay-gradient":""},"tablet":{"background-color":"var(--ast-global-color-4)","background-image":"","background-repeat":"repeat","background-position":"center center","background-size":"auto","background-attachment":"scroll","background-type":"","background-media":"","overlay-type":"","overlay-color":"","overlay-opacity":"","overlay-gradient":""},"mobile":{"background-color":"var(--ast-global-color-4)","background-image":"","background-repeat":"repeat","background-position":"center center","background-size":"auto","background-attachment":"scroll","background-type":"","background-media":"","overlay-type":"","overlay-color":"","overlay-opacity":"","overlay-gradient":""}},"footnotes":""},"categories":[146],"tags":[147],"class_list":["post-19295","post","type-post","status-publish","format-standard","has-post-thumbnail","hentry","category-astrologia","tag-astrologia-2"],"acf":[],"yoast_head":"<!-- This site is optimized with the Yoast SEO plugin v27.5 - https:\/\/yoast.com\/product\/yoast-seo-wordpress\/ -->\n<title>Flor de Aries : la rosa, el tulip\u00e1n o la margarita | Interflora<\/title>\n<meta name=\"description\" content=\"Los signos del Zodiaco tienen sus flores favoritas, aquellas que les hacen vibrar. \u00bfCu\u00e1l es la flor de Aries? Interflora te lo cuenta.\" \/>\n<meta name=\"robots\" content=\"index, follow, max-snippet:-1, max-image-preview:large, max-video-preview:-1\" \/>\n<link rel=\"canonical\" href=\"https:\/\/www.interflora.es\/blog\/flor-de-aries\/\" \/>\n<script type=\"application\/ld+json\" class=\"yoast-schema-graph\">{\"@context\":\"https:\\\/\\\/schema.org\",\"@graph\":[{\"@type\":\"Article\",\"@id\":\"https:\\\/\\\/www.interflora.es\\\/blog\\\/flor-de-aries\\\/#article\",\"isPartOf\":{\"@id\":\"https:\\\/\\\/www.interflora.es\\\/blog\\\/flor-de-aries\\\/\"},\"author\":{\"name\":\"celia\",\"@id\":\"https:\\\/\\\/www.interflora.es\\\/blog\\\/#\\\/schema\\\/person\\\/1f30f7794421f1232dc4b6bdd75ae829\"},\"headline\":\"Signos zodiacales: \u00bfcu\u00e1l es la flor de Aries?\",\"datePublished\":\"2024-05-05T08:02:59+00:00\",\"mainEntityOfPage\":{\"@id\":\"https:\\\/\\\/www.interflora.es\\\/blog\\\/flor-de-aries\\\/\"},\"wordCount\":2108,\"commentCount\":0,\"publisher\":{\"@id\":\"https:\\\/\\\/www.interflora.es\\\/blog\\\/#organization\"},\"image\":{\"@id\":\"https:\\\/\\\/www.interflora.es\\\/blog\\\/flor-de-aries\\\/#primaryimage\"},\"thumbnailUrl\":\"https:\\\/\\\/www.interflora.es\\\/blog\\\/wp-content\\\/uploads\\\/2024\\\/01\\\/picto-Aries-1-scaled-1.jpg\",\"keywords\":[\"Astrolog\u00eda\"],\"articleSection\":[\"Astrolog\u00eda\"],\"inLanguage\":\"es\",\"potentialAction\":[{\"@type\":\"CommentAction\",\"name\":\"Comment\",\"target\":[\"https:\\\/\\\/www.interflora.es\\\/blog\\\/flor-de-aries\\\/#respond\"]}]},{\"@type\":\"WebPage\",\"@id\":\"https:\\\/\\\/www.interflora.es\\\/blog\\\/flor-de-aries\\\/\",\"url\":\"https:\\\/\\\/www.interflora.es\\\/blog\\\/flor-de-aries\\\/\",\"name\":\"Flor de Aries : la rosa, el tulip\u00e1n o la margarita | Interflora\",\"isPartOf\":{\"@id\":\"https:\\\/\\\/www.interflora.es\\\/blog\\\/#website\"},\"primaryImageOfPage\":{\"@id\":\"https:\\\/\\\/www.interflora.es\\\/blog\\\/flor-de-aries\\\/#primaryimage\"},\"image\":{\"@id\":\"https:\\\/\\\/www.interflora.es\\\/blog\\\/flor-de-aries\\\/#primaryimage\"},\"thumbnailUrl\":\"https:\\\/\\\/www.interflora.es\\\/blog\\\/wp-content\\\/uploads\\\/2024\\\/01\\\/picto-Aries-1-scaled-1.jpg\",\"datePublished\":\"2024-05-05T08:02:59+00:00\",\"description\":\"Los signos del Zodiaco tienen sus flores favoritas, aquellas que les hacen vibrar. \u00bfCu\u00e1l es la flor de Aries? Interflora te lo cuenta.\",\"breadcrumb\":{\"@id\":\"https:\\\/\\\/www.interflora.es\\\/blog\\\/flor-de-aries\\\/#breadcrumb\"},\"inLanguage\":\"es\",\"potentialAction\":[{\"@type\":\"ReadAction\",\"target\":[\"https:\\\/\\\/www.interflora.es\\\/blog\\\/flor-de-aries\\\/\"]}]},{\"@type\":\"ImageObject\",\"inLanguage\":\"es\",\"@id\":\"https:\\\/\\\/www.interflora.es\\\/blog\\\/flor-de-aries\\\/#primaryimage\",\"url\":\"https:\\\/\\\/www.interflora.es\\\/blog\\\/wp-content\\\/uploads\\\/2024\\\/01\\\/picto-Aries-1-scaled-1.jpg\",\"contentUrl\":\"https:\\\/\\\/www.interflora.es\\\/blog\\\/wp-content\\\/uploads\\\/2024\\\/01\\\/picto-Aries-1-scaled-1.jpg\",\"width\":1810,\"height\":2560},{\"@type\":\"BreadcrumbList\",\"@id\":\"https:\\\/\\\/www.interflora.es\\\/blog\\\/flor-de-aries\\\/#breadcrumb\",\"itemListElement\":[{\"@type\":\"ListItem\",\"position\":1,\"name\":\"Home\",\"item\":\"https:\\\/\\\/www.interflora.es\\\/blog\\\/\"},{\"@type\":\"ListItem\",\"position\":2,\"name\":\"Signos zodiacales: \u00bfcu\u00e1l es la flor de Aries?\"}]},{\"@type\":\"WebSite\",\"@id\":\"https:\\\/\\\/www.interflora.es\\\/blog\\\/#website\",\"url\":\"https:\\\/\\\/www.interflora.es\\\/blog\\\/\",\"name\":\"El blog de Interflora : consejos, ideas e inspiraci\u00f3n para disfrutar de las flores y las plantas\",\"description\":\"\",\"publisher\":{\"@id\":\"https:\\\/\\\/www.interflora.es\\\/blog\\\/#organization\"},\"potentialAction\":[{\"@type\":\"SearchAction\",\"target\":{\"@type\":\"EntryPoint\",\"urlTemplate\":\"https:\\\/\\\/www.interflora.es\\\/blog\\\/?s={search_term_string}\"},\"query-input\":{\"@type\":\"PropertyValueSpecification\",\"valueRequired\":true,\"valueName\":\"search_term_string\"}}],\"inLanguage\":\"es\"},{\"@type\":\"Organization\",\"@id\":\"https:\\\/\\\/www.interflora.es\\\/blog\\\/#organization\",\"name\":\"El blog de Interflora : consejos, ideas e inspiraci\u00f3n para disfrutar de las flores y las plantas\",\"url\":\"https:\\\/\\\/www.interflora.es\\\/blog\\\/\",\"logo\":{\"@type\":\"ImageObject\",\"inLanguage\":\"es\",\"@id\":\"https:\\\/\\\/www.interflora.es\\\/blog\\\/#\\\/schema\\\/logo\\\/image\\\/\",\"url\":\"https:\\\/\\\/www.interflora.es\\\/blog\\\/wp-content\\\/uploads\\\/2025\\\/10\\\/cropped-220422_INTERFLORA_Logo_rgb_Half_Top_Circle_Main_Color.png\",\"contentUrl\":\"https:\\\/\\\/www.interflora.es\\\/blog\\\/wp-content\\\/uploads\\\/2025\\\/10\\\/cropped-220422_INTERFLORA_Logo_rgb_Half_Top_Circle_Main_Color.png\",\"width\":1418,\"height\":659,\"caption\":\"El blog de Interflora : consejos, ideas e inspiraci\u00f3n para disfrutar de las flores y las plantas\"},\"image\":{\"@id\":\"https:\\\/\\\/www.interflora.es\\\/blog\\\/#\\\/schema\\\/logo\\\/image\\\/\"}},{\"@type\":\"Person\",\"@id\":\"https:\\\/\\\/www.interflora.es\\\/blog\\\/#\\\/schema\\\/person\\\/1f30f7794421f1232dc4b6bdd75ae829\",\"name\":\"celia\",\"image\":{\"@type\":\"ImageObject\",\"inLanguage\":\"es\",\"@id\":\"https:\\\/\\\/www.interflora.es\\\/blog\\\/wp-content\\\/litespeed\\\/avatar\\\/f906d3ce098bd9b4e84d1b71d27d54af.jpg?ver=1777298586\",\"url\":\"https:\\\/\\\/www.interflora.es\\\/blog\\\/wp-content\\\/litespeed\\\/avatar\\\/f906d3ce098bd9b4e84d1b71d27d54af.jpg?ver=1777298586\",\"contentUrl\":\"https:\\\/\\\/www.interflora.es\\\/blog\\\/wp-content\\\/litespeed\\\/avatar\\\/f906d3ce098bd9b4e84d1b71d27d54af.jpg?ver=1777298586\",\"caption\":\"celia\"}}]}<\/script>\n<!-- \/ Yoast SEO plugin. -->","yoast_head_json":{"title":"Flor de Aries : la rosa, el tulip\u00e1n o la margarita | Interflora","description":"Los signos del Zodiaco tienen sus flores favoritas, aquellas que les hacen vibrar. \u00bfCu\u00e1l es la flor de Aries? Interflora te lo cuenta.","robots":{"index":"index","follow":"follow","max-snippet":"max-snippet:-1","max-image-preview":"max-image-preview:large","max-video-preview":"max-video-preview:-1"},"canonical":"https:\/\/www.interflora.es\/blog\/flor-de-aries\/","schema":{"@context":"https:\/\/schema.org","@graph":[{"@type":"Article","@id":"https:\/\/www.interflora.es\/blog\/flor-de-aries\/#article","isPartOf":{"@id":"https:\/\/www.interflora.es\/blog\/flor-de-aries\/"},"author":{"name":"celia","@id":"https:\/\/www.interflora.es\/blog\/#\/schema\/person\/1f30f7794421f1232dc4b6bdd75ae829"},"headline":"Signos zodiacales: \u00bfcu\u00e1l es la flor de Aries?","datePublished":"2024-05-05T08:02:59+00:00","mainEntityOfPage":{"@id":"https:\/\/www.interflora.es\/blog\/flor-de-aries\/"},"wordCount":2108,"commentCount":0,"publisher":{"@id":"https:\/\/www.interflora.es\/blog\/#organization"},"image":{"@id":"https:\/\/www.interflora.es\/blog\/flor-de-aries\/#primaryimage"},"thumbnailUrl":"https:\/\/www.interflora.es\/blog\/wp-content\/uploads\/2024\/01\/picto-Aries-1-scaled-1.jpg","keywords":["Astrolog\u00eda"],"articleSection":["Astrolog\u00eda"],"inLanguage":"es","potentialAction":[{"@type":"CommentAction","name":"Comment","target":["https:\/\/www.interflora.es\/blog\/flor-de-aries\/#respond"]}]},{"@type":"WebPage","@id":"https:\/\/www.interflora.es\/blog\/flor-de-aries\/","url":"https:\/\/www.interflora.es\/blog\/flor-de-aries\/","name":"Flor de Aries : la rosa, el tulip\u00e1n o la margarita | Interflora","isPartOf":{"@id":"https:\/\/www.interflora.es\/blog\/#website"},"primaryImageOfPage":{"@id":"https:\/\/www.interflora.es\/blog\/flor-de-aries\/#primaryimage"},"image":{"@id":"https:\/\/www.interflora.es\/blog\/flor-de-aries\/#primaryimage"},"thumbnailUrl":"https:\/\/www.interflora.es\/blog\/wp-content\/uploads\/2024\/01\/picto-Aries-1-scaled-1.jpg","datePublished":"2024-05-05T08:02:59+00:00","description":"Los signos del Zodiaco tienen sus flores favoritas, aquellas que les hacen vibrar. \u00bfCu\u00e1l es la flor de Aries? Interflora te lo cuenta.","breadcrumb":{"@id":"https:\/\/www.interflora.es\/blog\/flor-de-aries\/#breadcrumb"},"inLanguage":"es","potentialAction":[{"@type":"ReadAction","target":["https:\/\/www.interflora.es\/blog\/flor-de-aries\/"]}]},{"@type":"ImageObject","inLanguage":"es","@id":"https:\/\/www.interflora.es\/blog\/flor-de-aries\/#primaryimage","url":"https:\/\/www.interflora.es\/blog\/wp-content\/uploads\/2024\/01\/picto-Aries-1-scaled-1.jpg","contentUrl":"https:\/\/www.interflora.es\/blog\/wp-content\/uploads\/2024\/01\/picto-Aries-1-scaled-1.jpg","width":1810,"height":2560},{"@type":"BreadcrumbList","@id":"https:\/\/www.interflora.es\/blog\/flor-de-aries\/#breadcrumb","itemListElement":[{"@type":"ListItem","position":1,"name":"Home","item":"https:\/\/www.interflora.es\/blog\/"},{"@type":"ListItem","position":2,"name":"Signos zodiacales: \u00bfcu\u00e1l es la flor de Aries?"}]},{"@type":"WebSite","@id":"https:\/\/www.interflora.es\/blog\/#website","url":"https:\/\/www.interflora.es\/blog\/","name":"El blog de Interflora : consejos, ideas e inspiraci\u00f3n para disfrutar de las flores y las plantas","description":"","publisher":{"@id":"https:\/\/www.interflora.es\/blog\/#organization"},"potentialAction":[{"@type":"SearchAction","target":{"@type":"EntryPoint","urlTemplate":"https:\/\/www.interflora.es\/blog\/?s={search_term_string}"},"query-input":{"@type":"PropertyValueSpecification","valueRequired":true,"valueName":"search_term_string"}}],"inLanguage":"es"},{"@type":"Organization","@id":"https:\/\/www.interflora.es\/blog\/#organization","name":"El blog de Interflora : consejos, ideas e inspiraci\u00f3n para disfrutar de las flores y las plantas","url":"https:\/\/www.interflora.es\/blog\/","logo":{"@type":"ImageObject","inLanguage":"es","@id":"https:\/\/www.interflora.es\/blog\/#\/schema\/logo\/image\/","url":"https:\/\/www.interflora.es\/blog\/wp-content\/uploads\/2025\/10\/cropped-220422_INTERFLORA_Logo_rgb_Half_Top_Circle_Main_Color.png","contentUrl":"https:\/\/www.interflora.es\/blog\/wp-content\/uploads\/2025\/10\/cropped-220422_INTERFLORA_Logo_rgb_Half_Top_Circle_Main_Color.png","width":1418,"height":659,"caption":"El blog de Interflora : consejos, ideas e inspiraci\u00f3n para disfrutar de las flores y las plantas"},"image":{"@id":"https:\/\/www.interflora.es\/blog\/#\/schema\/logo\/image\/"}},{"@type":"Person","@id":"https:\/\/www.interflora.es\/blog\/#\/schema\/person\/1f30f7794421f1232dc4b6bdd75ae829","name":"celia","image":{"@type":"ImageObject","inLanguage":"es","@id":"https:\/\/www.interflora.es\/blog\/wp-content\/litespeed\/avatar\/f906d3ce098bd9b4e84d1b71d27d54af.jpg?ver=1777298586","url":"https:\/\/www.interflora.es\/blog\/wp-content\/litespeed\/avatar\/f906d3ce098bd9b4e84d1b71d27d54af.jpg?ver=1777298586","contentUrl":"https:\/\/www.interflora.es\/blog\/wp-content\/litespeed\/avatar\/f906d3ce098bd9b4e84d1b71d27d54af.jpg?ver=1777298586","caption":"celia"}}]}},"uagb_featured_image_src":{"full":["https:\/\/www.interflora.es\/blog\/wp-content\/uploads\/2024\/01\/picto-Aries-1-scaled-1.jpg",1810,2560,false],"thumbnail":["https:\/\/www.interflora.es\/blog\/wp-content\/uploads\/2024\/01\/picto-Aries-1-scaled-1-150x150.jpg",150,150,true],"medium":["https:\/\/www.interflora.es\/blog\/wp-content\/uploads\/2024\/01\/picto-Aries-1-scaled-1-212x300.jpg",212,300,true],"medium_large":["https:\/\/www.interflora.es\/blog\/wp-content\/uploads\/2024\/01\/picto-Aries-1-scaled-1-768x1086.jpg",768,1086,true],"large":["https:\/\/www.interflora.es\/blog\/wp-content\/uploads\/2024\/01\/picto-Aries-1-scaled-1-724x1024.jpg",724,1024,true],"1536x1536":["https:\/\/www.interflora.es\/blog\/wp-content\/uploads\/2024\/01\/picto-Aries-1-scaled-1-1086x1536.jpg",1086,1536,true],"2048x2048":["https:\/\/www.interflora.es\/blog\/wp-content\/uploads\/2024\/01\/picto-Aries-1-scaled-1-1448x2048.jpg",1448,2048,true]},"uagb_author_info":{"display_name":"celia","author_link":"https:\/\/www.interflora.es\/blog\/author\/celia\/"},"uagb_comment_info":2,"uagb_excerpt":"Los nacidos entre el 21 de marzo y el 19 de abril comparten un signo del Zodiaco que se sit\u00faa en un \u00e1ngulo de 30\u00ba en el plano de la ecl\u00edptica solar. Muy a menudo, este signo est\u00e1 considerado como el l\u00edder de los otros signos del Zodiaco. \u00bfSabes de qu\u00e9 signo estamos hablando? \u00a1Pues&hellip;","_links":{"self":[{"href":"https:\/\/www.interflora.es\/blog\/wp-json\/wp\/v2\/posts\/19295","targetHints":{"allow":["GET"]}}],"collection":[{"href":"https:\/\/www.interflora.es\/blog\/wp-json\/wp\/v2\/posts"}],"about":[{"href":"https:\/\/www.interflora.es\/blog\/wp-json\/wp\/v2\/types\/post"}],"author":[{"embeddable":true,"href":"https:\/\/www.interflora.es\/blog\/wp-json\/wp\/v2\/users\/8"}],"replies":[{"embeddable":true,"href":"https:\/\/www.interflora.es\/blog\/wp-json\/wp\/v2\/comments?post=19295"}],"version-history":[{"count":0,"href":"https:\/\/www.interflora.es\/blog\/wp-json\/wp\/v2\/posts\/19295\/revisions"}],"wp:featuredmedia":[{"embeddable":true,"href":"https:\/\/www.interflora.es\/blog\/wp-json\/wp\/v2\/media\/19607"}],"wp:attachment":[{"href":"https:\/\/www.interflora.es\/blog\/wp-json\/wp\/v2\/media?parent=19295"}],"wp:term":[{"taxonomy":"category","embeddable":true,"href":"https:\/\/www.interflora.es\/blog\/wp-json\/wp\/v2\/categories?post=19295"},{"taxonomy":"post_tag","embeddable":true,"href":"https:\/\/www.interflora.es\/blog\/wp-json\/wp\/v2\/tags?post=19295"}],"curies":[{"name":"wp","href":"https:\/\/api.w.org\/{rel}","templated":true}]}}