{"id":18916,"date":"2026-03-18T11:42:24","date_gmt":"2026-03-18T10:42:24","guid":{"rendered":"https:\/\/www.interflora.es\/blog\/?p=18916"},"modified":"2026-03-18T11:42:25","modified_gmt":"2026-03-18T10:42:25","slug":"cuidado-tulipanes-jarron","status":"publish","type":"post","link":"https:\/\/www.interflora.es\/blog\/cuidado-tulipanes-jarron\/","title":{"rendered":"\u00bfC\u00f3mo cuidar un ramo de tulipanes en un jarr\u00f3n?"},"content":{"rendered":"\n<p>Los <strong>tulipanes <\/strong>son una de las flores m\u00e1s bonitas y elegantes. No obstante, como ocurre con cualquier flor cortada, su duraci\u00f3n depender\u00e1 de nuestra atenci\u00f3n y cuidados. Si te han regalado un ramo o quieres cortar tulipanes frescos de tu jard\u00edn y te gustar\u00eda que vivieran m\u00e1s tiempo, en este art\u00edculo te contamos nuestros <strong>consejos para cuidar un ramo de tulipanes en un jarr\u00f3n<\/strong> con agua.&nbsp;<\/p>\n\n\n\n<div style=\"height:5px\" aria-hidden=\"true\" class=\"wp-block-spacer\"><\/div>\n\n\n<div class=\"lp-produits-grid\"><div class=\"lp-produit\"><div class=\"lp-thumbnail-wrapper\"><img loading=\"lazy\" decoding=\"async\" width=\"300\" height=\"300\" src=\"https:\/\/www.interflora.es\/blog\/wp-content\/uploads\/2025\/04\/1736407687-bf013-hd-1-2-300x300.jpg\" class=\"attachment-medium size-medium wp-post-image\" alt=\"\" srcset=\"https:\/\/www.interflora.es\/blog\/wp-content\/uploads\/2025\/04\/1736407687-bf013-hd-1-2-300x300.jpg 300w, https:\/\/www.interflora.es\/blog\/wp-content\/uploads\/2025\/04\/1736407687-bf013-hd-1-2-1024x1024.jpg 1024w, https:\/\/www.interflora.es\/blog\/wp-content\/uploads\/2025\/04\/1736407687-bf013-hd-1-2-150x150.jpg 150w, https:\/\/www.interflora.es\/blog\/wp-content\/uploads\/2025\/04\/1736407687-bf013-hd-1-2-768x768.jpg 768w, https:\/\/www.interflora.es\/blog\/wp-content\/uploads\/2025\/04\/1736407687-bf013-hd-1-2-1536x1536.jpg 1536w, https:\/\/www.interflora.es\/blog\/wp-content\/uploads\/2025\/04\/1736407687-bf013-hd-1-2-2048x2048.jpg 2048w\" sizes=\"auto, (max-width: 300px) 100vw, 300px\" \/><img decoding=\"async\" class=\"lp-badge\" src=\"https:\/\/prodblog.interflora.es\/blog\/wp-content\/uploads\/2025\/04\/220422_INTERFLORA_Main_Logo_rgb_Main_Color.png\" alt=\"Entrega r\u00e1pida\"><\/div><span>Pack: Tulipanes + Chocolate<\/span><p>47.99 \u20ac<\/p><span class=\"obf-link lp-cta\" role=\"link\" tabindex=\"0\" data-b64=\"aHR0cHM6Ly93d3cuaW50ZXJmbG9yYS5lcy9wL3JhbW8tbXVsdGljb2xvci1kZS10dWxpcGFuZXMtY2hvY29sYXRlLzE\/dXRtX21lZGl1bT1vcmdhbmljJnV0bV9zb3VyY2U9YmxvZ19wcm9kdWN0cyZ1dG1fY2FtcGFpZ249RjAyMTI=\" data-target=\"_blank\"><svg xmlns=\"http:\/\/www.w3.org\/2000\/svg\" width=\"16\" height=\"16\" fill=\"currentColor\" class=\"bi bi-bag\" viewBox=\"0 0 16 16\"><path d=\"M8 1a2 2 0 0 1 2 2v1h2.5A1.5 1.5 0 0 1 14 5.5v8A1.5 1.5 0 0 1 12.5 15h-9A1.5 1.5 0 0 1 2 13.5v-8A1.5 1.5 0 0 1 3.5 3H6V2a2 2 0 0 1 2-1zm1 3V3a1 1 0 0 0-2 0v1h2z\"\/><\/svg>Comprar<\/span><p class=\"rapido\">Env\u00edo r\u00e1pido<\/p><\/div><div class=\"lp-produit\"><div class=\"lp-thumbnail-wrapper\"><img loading=\"lazy\" decoding=\"async\" width=\"300\" height=\"300\" src=\"https:\/\/www.interflora.es\/blog\/wp-content\/uploads\/2025\/04\/1735225266-fwd001-key-2-300x300.jpg\" class=\"attachment-medium size-medium wp-post-image\" alt=\"\" srcset=\"https:\/\/www.interflora.es\/blog\/wp-content\/uploads\/2025\/04\/1735225266-fwd001-key-2-300x300.jpg 300w, https:\/\/www.interflora.es\/blog\/wp-content\/uploads\/2025\/04\/1735225266-fwd001-key-2-1024x1024.jpg 1024w, https:\/\/www.interflora.es\/blog\/wp-content\/uploads\/2025\/04\/1735225266-fwd001-key-2-150x150.jpg 150w, https:\/\/www.interflora.es\/blog\/wp-content\/uploads\/2025\/04\/1735225266-fwd001-key-2-768x768.jpg 768w, https:\/\/www.interflora.es\/blog\/wp-content\/uploads\/2025\/04\/1735225266-fwd001-key-2-1536x1536.jpg 1536w, https:\/\/www.interflora.es\/blog\/wp-content\/uploads\/2025\/04\/1735225266-fwd001-key-2.jpg 2007w\" sizes=\"auto, (max-width: 300px) 100vw, 300px\" \/><img decoding=\"async\" class=\"lp-badge\" src=\"https:\/\/prodblog.interflora.es\/blog\/wp-content\/uploads\/2025\/04\/220422_INTERFLORA_Main_Logo_rgb_Main_Color.png\" alt=\"Entrega r\u00e1pida\"><\/div><span>Ramo de Tulipanes Rosas<\/span><p>29.99 \u20ac<\/p><span class=\"obf-link lp-cta\" role=\"link\" tabindex=\"0\" data-b64=\"aHR0cHM6Ly93d3cuaW50ZXJmbG9yYS5lcy9wL3JhbW8tZGUtdHVsaXBhbmVzLXJvc2FzLzE\/dXRtX21lZGl1bT1vcmdhbmljJnV0bV9zb3VyY2U9YmxvZ19wcm9kdWN0cyZ1dG1fY2FtcGFpZ249RldEMDAx\" data-target=\"_blank\"><svg xmlns=\"http:\/\/www.w3.org\/2000\/svg\" width=\"16\" height=\"16\" fill=\"currentColor\" class=\"bi bi-bag\" viewBox=\"0 0 16 16\"><path d=\"M8 1a2 2 0 0 1 2 2v1h2.5A1.5 1.5 0 0 1 14 5.5v8A1.5 1.5 0 0 1 12.5 15h-9A1.5 1.5 0 0 1 2 13.5v-8A1.5 1.5 0 0 1 3.5 3H6V2a2 2 0 0 1 2-1zm1 3V3a1 1 0 0 0-2 0v1h2z\"\/><\/svg>Comprar<\/span><p class=\"rapido\">Entrega urgente<\/p><\/div><div class=\"lp-produit\"><div class=\"lp-thumbnail-wrapper\"><img loading=\"lazy\" decoding=\"async\" width=\"300\" height=\"300\" src=\"https:\/\/www.interflora.es\/blog\/wp-content\/uploads\/2025\/11\/1706255897-regina-hd-1-300x300.jpg\" class=\"attachment-medium size-medium wp-post-image\" alt=\"\" srcset=\"https:\/\/www.interflora.es\/blog\/wp-content\/uploads\/2025\/11\/1706255897-regina-hd-1-300x300.jpg 300w, https:\/\/www.interflora.es\/blog\/wp-content\/uploads\/2025\/11\/1706255897-regina-hd-1-1024x1024.jpg 1024w, https:\/\/www.interflora.es\/blog\/wp-content\/uploads\/2025\/11\/1706255897-regina-hd-1-150x150.jpg 150w, https:\/\/www.interflora.es\/blog\/wp-content\/uploads\/2025\/11\/1706255897-regina-hd-1-768x768.jpg 768w, https:\/\/www.interflora.es\/blog\/wp-content\/uploads\/2025\/11\/1706255897-regina-hd-1.jpg 1400w\" sizes=\"auto, (max-width: 300px) 100vw, 300px\" \/><img decoding=\"async\" class=\"lp-badge\" src=\"https:\/\/prodblog.interflora.es\/blog\/wp-content\/uploads\/2025\/04\/220422_INTERFLORA_Main_Logo_rgb_Main_Color.png\" alt=\"Entrega r\u00e1pida\"><\/div><span>Reina de corazones<\/span><p>29.99 \u20ac<\/p><span class=\"obf-link lp-cta\" role=\"link\" tabindex=\"0\" data-b64=\"aHR0cHM6Ly93d3cuaW50ZXJmbG9yYS5lcy9wL3JlaW5hLWRlLWNvcmF6b25lcy8xP3V0bV9tZWRpdW09b3JnYW5pYyZ1dG1fc291cmNlPWJsb2dfcHJvZHVjdHMmdXRtX2NhbXBhaWduPUZXRDA0MA==\" data-target=\"_blank\"><svg xmlns=\"http:\/\/www.w3.org\/2000\/svg\" width=\"16\" height=\"16\" fill=\"currentColor\" class=\"bi bi-bag\" viewBox=\"0 0 16 16\"><path d=\"M8 1a2 2 0 0 1 2 2v1h2.5A1.5 1.5 0 0 1 14 5.5v8A1.5 1.5 0 0 1 12.5 15h-9A1.5 1.5 0 0 1 2 13.5v-8A1.5 1.5 0 0 1 3.5 3H6V2a2 2 0 0 1 2-1zm1 3V3a1 1 0 0 0-2 0v1h2z\"\/><\/svg>Comprar<\/span><p class=\"rapido\">Entrega en el d\u00eda<\/p><\/div><div class=\"lp-produit\"><div class=\"lp-thumbnail-wrapper\"><img loading=\"lazy\" decoding=\"async\" width=\"300\" height=\"300\" src=\"https:\/\/www.interflora.es\/blog\/wp-content\/uploads\/2025\/04\/1745420903-ff020-m-tulipani-zoom-key-300x300.jpg\" class=\"attachment-medium size-medium wp-post-image\" alt=\"\" srcset=\"https:\/\/www.interflora.es\/blog\/wp-content\/uploads\/2025\/04\/1745420903-ff020-m-tulipani-zoom-key-300x300.jpg 300w, https:\/\/www.interflora.es\/blog\/wp-content\/uploads\/2025\/04\/1745420903-ff020-m-tulipani-zoom-key-1024x1024.jpg 1024w, https:\/\/www.interflora.es\/blog\/wp-content\/uploads\/2025\/04\/1745420903-ff020-m-tulipani-zoom-key-150x150.jpg 150w, https:\/\/www.interflora.es\/blog\/wp-content\/uploads\/2025\/04\/1745420903-ff020-m-tulipani-zoom-key-768x768.jpg 768w, https:\/\/www.interflora.es\/blog\/wp-content\/uploads\/2025\/04\/1745420903-ff020-m-tulipani-zoom-key-1536x1536.jpg 1536w, https:\/\/www.interflora.es\/blog\/wp-content\/uploads\/2025\/04\/1745420903-ff020-m-tulipani-zoom-key-2048x2048.jpg 2048w\" sizes=\"auto, (max-width: 300px) 100vw, 300px\" \/><img decoding=\"async\" class=\"lp-badge\" src=\"https:\/\/prodblog.interflora.es\/blog\/wp-content\/uploads\/2025\/04\/220422_INTERFLORA_Main_Logo_rgb_Main_Color.png\" alt=\"Entrega r\u00e1pida\"><\/div><span>Tulipanes multicolor<\/span><p>29.99 \u20ac<\/p><span class=\"obf-link lp-cta\" role=\"link\" tabindex=\"0\" data-b64=\"aHR0cHM6Ly93d3cuaW50ZXJmbG9yYS5lcy9wL3JhbW8tbXVsdGljb2xvci1kZS10dWxpcGFuZXMvMT91dG1fbWVkaXVtPW9yZ2FuaWMmdXRtX3NvdXJjZT1ibG9nX3Byb2R1Y3RzJnV0bV9jYW1wYWlnbj1GRjAyMA==\" data-target=\"_blank\"><svg xmlns=\"http:\/\/www.w3.org\/2000\/svg\" width=\"16\" height=\"16\" fill=\"currentColor\" class=\"bi bi-bag\" viewBox=\"0 0 16 16\"><path d=\"M8 1a2 2 0 0 1 2 2v1h2.5A1.5 1.5 0 0 1 14 5.5v8A1.5 1.5 0 0 1 12.5 15h-9A1.5 1.5 0 0 1 2 13.5v-8A1.5 1.5 0 0 1 3.5 3H6V2a2 2 0 0 1 2-1zm1 3V3a1 1 0 0 0-2 0v1h2z\"\/><\/svg>Comprar<\/span><p class=\"rapido\">Flores y plantas frescas<\/p><\/div><\/div>\n\n\n\n<div style=\"height:5px\" aria-hidden=\"true\" class=\"wp-block-spacer\"><\/div>\n\n\n\n<h2 class=\"wp-block-heading alignwide\">Breve historia sobre el origen y la historia de los tulipanes<\/h2>\n\n\n\n<p>Los <strong>tulipanes <\/strong>son una de las flores m\u00e1s vendidas del mundo. Si bien los m\u00e1s famosos son los <strong>tulipanes de Holanda<\/strong>, esta planta en realidad es originaria de Mongolia. Desde all\u00ed lleg\u00f3 a Turqu\u00eda y, m\u00e1s adelante, a Europa. Estos bulbos cosecharon un \u00e9xito inmediato, ya que la belleza y las propiedades decorativas de sus flores son evidentes. De hecho, durante el siglo XII los turcos utilizaban <strong>el tulip\u00e1n<\/strong> como decoraci\u00f3n en grabados, tapices, t\u00fanicas y alfombras.&nbsp;<\/p>\n\n\n\n<p>En Europa, el bot\u00e1nico Charles l\u2019\u00c9cluse o Carolus Clusius descubri\u00f3 que los terrenos de la regi\u00f3n de <strong>Holanda <\/strong>eran id\u00f3neos para el cultivo de bulbos de tulipanes. Por eso, este pa\u00eds se ha convertido en el principal productor y exportador de esta flor y la ha adoptado como s\u00edmbolo. Durante la floraci\u00f3n, en los meses de invierno y primavera, los tulipanes cubren los campos, parques y jardines de los<strong> Pa\u00edses Bajos <\/strong>con una infinidad de colores.<\/p>\n\n\n\n<h1 class=\"wp-block-heading alignwide\">\u00bfQu\u00e9 cuidados necesitan los tulipanes?<\/h1>\n\n\n\n<div class=\"wp-block-media-text alignwide has-media-on-the-right is-stacked-on-mobile is-image-fill-element\"><div class=\"wp-block-media-text__content\">\n<p>El <strong>tulip\u00e1n <\/strong>es una planta de bulbo. Esto quiere decir que su proceso de crecimiento es diferente al de otras plantas. Los tallos y los p\u00e9talos del tulip\u00e1n est\u00e1n encerrados dentro de <strong>bulbos <\/strong>que se siembran en oto\u00f1o y permanecen latentes. Cuando llega el momento propicio para la floraci\u00f3n (entre invierno y primavera) comienzan a brotar sus tallos y hojas verdes hasta llegar a convertirse en la hermosa flor que todos conocemos. Sus p\u00e9talos pueden adquirir m\u00faltiples colores: rojos, blancos, amarillos, rosas, naranjas, morados, bicolor\u2026<\/p>\n\n\n\n<p>En la tierra o en maceta, los <strong>tulipanes <\/strong>no requieren grandes cuidados, solo fr\u00edo y una humedad constante. No obstante, una vez cortados, son perecederos como cualquier otra flor fresca. Por eso, es necesario seguir ciertos consejos para que nuestro ramo dure como reci\u00e9n cortado a\u00fan m\u00e1s tiempo. Tanto si has recibido un ramo, como si vas a regalarlo o deseas crear tus propios arreglos florales con tulipanes de tu jard\u00edn, sigue nuestros <strong>consejos de cuidado<\/strong> y disfruta de su belleza unos d\u00edas m\u00e1s.<\/p>\n\n\n\n<h3 class=\"wp-block-heading alignwide\"><strong>\u00bfC\u00f3mo elegir un buen ramo de tulipanes?<\/strong><\/h3>\n\n\n\n<p>Lo primero, es cortar o escoger <strong>los tulipanes<\/strong> en el momento m\u00e1s adecuado. Para ello, elige flores que a\u00fan est\u00e9n cerradas y con los tallos y hojas bien verdes. Poco a poco, sus p\u00e9talos se ir\u00e1n abriendo y, de esta manera, durar\u00e1n m\u00e1s tiempo frescos. Como sabes, la floraci\u00f3n de los tulipanes se produce en invierno y principios de primavera. Durante estas semanas te resultar\u00e1n m\u00e1s f\u00e1ciles de encontrar y ser\u00e1n m\u00e1s econ\u00f3micos al ser flores de temporada. Para transportarlos, recuerda mantener los tallos hidratados con papel absorbente o un pa\u00f1o de cocina humedecidos en agua fr\u00eda.<\/p>\n<\/div><figure class=\"wp-block-media-text__media\"><img decoding=\"async\" src=\"https:\/\/www.interflora.es\/blog\/wp-content\/uploads\/ramo-tulipanes-amarillos-683x1024.jpg\" alt=\"tulipanes amarillos\" class=\"wp-image-18919 size-full\" style=\"object-position:26% 47%\"\/><\/figure><\/div>\n\n\n\n<p><\/p>\n\n\n\n<h2 class=\"wp-block-heading alignwide\">\u00bfC\u00f3mo cuidar los tulipanes en un jarr\u00f3n con agua?<\/h2>\n\n\n\n<p>Por fin lleg\u00f3 la \u00e9poca y has recibido un bonito <a href=\"https:\/\/www.interflora.es\/c\/flores\/tulipanes\">ramo de tulipanes<\/a>. \u00a1Qu\u00e9 alegr\u00eda! No obstante, seguro que te invaden ciertas dudas sobre c\u00f3mo conservarlo de la mejor manera posible y decorar tu hogar durante m\u00e1s tiempo. Si hab\u00edas pensado en <a href=\"https:\/\/www.interflora.es\/blog\/como-secar-los-tulipanes\/\">secar el ramo<\/a>, dales primero una oportunidad de lucir toda su frescura y su esplendor en un jarr\u00f3n con agua.<\/p>\n\n\n\n<div class=\"wp-block-media-text alignwide has-media-on-the-right is-stacked-on-mobile is-image-fill-element\"><div class=\"wp-block-media-text__content\">\n<h3 class=\"wp-block-heading alignwide\"><strong>Conservar tulipanes naturales en agua<\/strong><\/h3>\n\n\n\n<p>Lo primero que deber\u00e1s hacer es buscar tu <strong>florero <\/strong>favorito y pensar en el lugar m\u00e1s adecuado. Los tulipanes son flores que prefieren el fr\u00edo. Por tanto, si imitas estas condiciones, aumentar\u00e1s su esperanza de vida. Por ejemplo, puedes colocar el jarr\u00f3n junto a una ventana sin luz directa del sol o en un lugar fresco y ventilado lejos de la calefacci\u00f3n.<\/p>\n\n\n\n<p>Antes de colocar los tulipanes en el jarr\u00f3n, te recomendamos<strong> cortar los tallos <\/strong>unos seis mil\u00edmetros en diagonal. De esta manera, las flores absorber\u00e1n mejor el agua. Los holandeses, como buenos profesionales, suelen clavar una aguja en el tallo, justo debajo de la flor, para mantener frescos los tulipanes. Puedes probar este truco en varias o todas las flores a ver qu\u00e9 tal funciona.<\/p>\n\n\n\n<p>Por cierto, procura que el florero sea alto y alargado, ya que <strong>los tulipanes siguen creciendo<\/strong> una vez cortados. Es importante que los tallos puedan apoyarse sin doblarse. Si eliges un jarr\u00f3n muy bajo, se abrir\u00e1n y el efecto no ser\u00e1 nada decorativo. No olvides lavar bien el florero antes de colocar tu <strong>ramo de tulipanes frescos<\/strong>.<\/p>\n<\/div><figure class=\"wp-block-media-text__media\"><img loading=\"lazy\" decoding=\"async\" width=\"1024\" height=\"1024\" src=\"https:\/\/www.interflora.es\/blog\/wp-content\/uploads\/tulipan-ramo-1024x1024.jpg\" alt=\"jarr\u00f3n de tulipanes\" class=\"wp-image-18921 size-full\" style=\"object-position:50% 50%\"\/><\/figure><\/div>\n\n\n\n<p><\/p>\n\n\n<div class=\"lp-produits-grid\"><div class=\"lp-produit\"><div class=\"lp-thumbnail-wrapper\"><img loading=\"lazy\" decoding=\"async\" width=\"300\" height=\"300\" src=\"https:\/\/www.interflora.es\/blog\/wp-content\/uploads\/2026\/01\/1765896221-fwd055-s-el-hilo-rojo-300x300.jpg\" class=\"attachment-medium size-medium wp-post-image\" alt=\"\" srcset=\"https:\/\/www.interflora.es\/blog\/wp-content\/uploads\/2026\/01\/1765896221-fwd055-s-el-hilo-rojo-300x300.jpg 300w, https:\/\/www.interflora.es\/blog\/wp-content\/uploads\/2026\/01\/1765896221-fwd055-s-el-hilo-rojo-1024x1024.jpg 1024w, https:\/\/www.interflora.es\/blog\/wp-content\/uploads\/2026\/01\/1765896221-fwd055-s-el-hilo-rojo-150x150.jpg 150w, https:\/\/www.interflora.es\/blog\/wp-content\/uploads\/2026\/01\/1765896221-fwd055-s-el-hilo-rojo-768x768.jpg 768w, https:\/\/www.interflora.es\/blog\/wp-content\/uploads\/2026\/01\/1765896221-fwd055-s-el-hilo-rojo.jpg 1200w\" sizes=\"auto, (max-width: 300px) 100vw, 300px\" \/><img decoding=\"async\" class=\"lp-badge\" src=\"https:\/\/prodblog.interflora.es\/blog\/wp-content\/uploads\/2025\/04\/220422_INTERFLORA_Main_Logo_rgb_Main_Color.png\" alt=\"Entrega r\u00e1pida\"><\/div><span>El Hilo Rojo<\/span><p>24.99 \u20ac<\/p><span class=\"obf-link lp-cta\" role=\"link\" tabindex=\"0\" data-b64=\"aHR0cHM6Ly93d3cuaW50ZXJmbG9yYS5lcy9wL2VsLWhpbG8tcm9qby8xP3V0bV9tZWRpdW09b3JnYW5pYyZ1dG1fc291cmNlPWJsb2dfcHJvZHVjdHMmdXRtX2NhbXBhaWduPUZXRDA1NQ==\" data-target=\"_blank\"><svg xmlns=\"http:\/\/www.w3.org\/2000\/svg\" width=\"16\" height=\"16\" fill=\"currentColor\" class=\"bi bi-bag\" viewBox=\"0 0 16 16\"><path d=\"M8 1a2 2 0 0 1 2 2v1h2.5A1.5 1.5 0 0 1 14 5.5v8A1.5 1.5 0 0 1 12.5 15h-9A1.5 1.5 0 0 1 2 13.5v-8A1.5 1.5 0 0 1 3.5 3H6V2a2 2 0 0 1 2-1zm1 3V3a1 1 0 0 0-2 0v1h2z\"\/><\/svg>Comprar<\/span><p class=\"rapido\">Entrega urgente<\/p><\/div><div class=\"lp-produit\"><div class=\"lp-thumbnail-wrapper\"><img loading=\"lazy\" decoding=\"async\" width=\"300\" height=\"300\" src=\"https:\/\/www.interflora.es\/blog\/wp-content\/uploads\/2025\/04\/1736321050-fw002-m-key-2-300x300.jpg\" class=\"attachment-medium size-medium wp-post-image\" alt=\"\" srcset=\"https:\/\/www.interflora.es\/blog\/wp-content\/uploads\/2025\/04\/1736321050-fw002-m-key-2-300x300.jpg 300w, https:\/\/www.interflora.es\/blog\/wp-content\/uploads\/2025\/04\/1736321050-fw002-m-key-2-1024x1024.jpg 1024w, https:\/\/www.interflora.es\/blog\/wp-content\/uploads\/2025\/04\/1736321050-fw002-m-key-2-150x150.jpg 150w, https:\/\/www.interflora.es\/blog\/wp-content\/uploads\/2025\/04\/1736321050-fw002-m-key-2-768x768.jpg 768w, https:\/\/www.interflora.es\/blog\/wp-content\/uploads\/2025\/04\/1736321050-fw002-m-key-2.jpg 1200w\" sizes=\"auto, (max-width: 300px) 100vw, 300px\" \/><img decoding=\"async\" class=\"lp-badge\" src=\"https:\/\/prodblog.interflora.es\/blog\/wp-content\/uploads\/2025\/04\/220422_INTERFLORA_Main_Logo_rgb_Main_Color.png\" alt=\"Entrega r\u00e1pida\"><\/div><span>Ramo de Tulipanes Blancos<\/span><p>29.99 \u20ac<\/p><span class=\"obf-link lp-cta\" role=\"link\" tabindex=\"0\" data-b64=\"aHR0cHM6Ly93d3cuaW50ZXJmbG9yYS5lcy9wL3JhbW8tZGUtdHVsaXBhbmVzLWJsYW5jb3MvMT91dG1fbWVkaXVtPW9yZ2FuaWMmdXRtX3NvdXJjZT1ibG9nX3Byb2R1Y3RzJnV0bV9jYW1wYWlnbj1GVzAyMg==\" data-target=\"_blank\"><svg xmlns=\"http:\/\/www.w3.org\/2000\/svg\" width=\"16\" height=\"16\" fill=\"currentColor\" class=\"bi bi-bag\" viewBox=\"0 0 16 16\"><path d=\"M8 1a2 2 0 0 1 2 2v1h2.5A1.5 1.5 0 0 1 14 5.5v8A1.5 1.5 0 0 1 12.5 15h-9A1.5 1.5 0 0 1 2 13.5v-8A1.5 1.5 0 0 1 3.5 3H6V2a2 2 0 0 1 2-1zm1 3V3a1 1 0 0 0-2 0v1h2z\"\/><\/svg>Comprar<\/span><p class=\"rapido\">Entrega urgente<\/p><\/div><div class=\"lp-produit\"><div class=\"lp-thumbnail-wrapper\"><img loading=\"lazy\" decoding=\"async\" width=\"300\" height=\"300\" src=\"https:\/\/www.interflora.es\/blog\/wp-content\/uploads\/2025\/12\/1766488524-ff122-s-tulipanes-de-amor-zoom-key-300x300.jpg\" class=\"attachment-medium size-medium wp-post-image\" alt=\"\" srcset=\"https:\/\/www.interflora.es\/blog\/wp-content\/uploads\/2025\/12\/1766488524-ff122-s-tulipanes-de-amor-zoom-key-300x300.jpg 300w, https:\/\/www.interflora.es\/blog\/wp-content\/uploads\/2025\/12\/1766488524-ff122-s-tulipanes-de-amor-zoom-key-1024x1024.jpg 1024w, https:\/\/www.interflora.es\/blog\/wp-content\/uploads\/2025\/12\/1766488524-ff122-s-tulipanes-de-amor-zoom-key-150x150.jpg 150w, https:\/\/www.interflora.es\/blog\/wp-content\/uploads\/2025\/12\/1766488524-ff122-s-tulipanes-de-amor-zoom-key-768x768.jpg 768w, https:\/\/www.interflora.es\/blog\/wp-content\/uploads\/2025\/12\/1766488524-ff122-s-tulipanes-de-amor-zoom-key-1536x1536.jpg 1536w, https:\/\/www.interflora.es\/blog\/wp-content\/uploads\/2025\/12\/1766488524-ff122-s-tulipanes-de-amor-zoom-key-2048x2048.jpg 2048w\" sizes=\"auto, (max-width: 300px) 100vw, 300px\" \/><img decoding=\"async\" class=\"lp-badge\" src=\"https:\/\/prodblog.interflora.es\/blog\/wp-content\/uploads\/2025\/04\/220422_INTERFLORA_Main_Logo_rgb_Main_Color.png\" alt=\"Entrega r\u00e1pida\"><\/div><span>Tulipanes de Amor<\/span><p>39.99 \u20ac<\/p><span class=\"obf-link lp-cta\" role=\"link\" tabindex=\"0\" data-b64=\"aHR0cHM6Ly93d3cuaW50ZXJmbG9yYS5lcy9wL3R1bGlwYW5lcy1yb2pvcy1yb3Nhcy8xP3V0bV9tZWRpdW09b3JnYW5pYyZ1dG1fc291cmNlPWJsb2dfcHJvZHVjdHMmdXRtX2NhbXBhaWduPUZGMTIy\" data-target=\"_blank\"><svg xmlns=\"http:\/\/www.w3.org\/2000\/svg\" width=\"16\" height=\"16\" fill=\"currentColor\" class=\"bi bi-bag\" viewBox=\"0 0 16 16\"><path d=\"M8 1a2 2 0 0 1 2 2v1h2.5A1.5 1.5 0 0 1 14 5.5v8A1.5 1.5 0 0 1 12.5 15h-9A1.5 1.5 0 0 1 2 13.5v-8A1.5 1.5 0 0 1 3.5 3H6V2a2 2 0 0 1 2-1zm1 3V3a1 1 0 0 0-2 0v1h2z\"\/><\/svg>Comprar<\/span><p class=\"rapido\">Flores y plantas elegidas con mimo<\/p><\/div><div class=\"lp-produit\"><div class=\"lp-thumbnail-wrapper\"><img loading=\"lazy\" decoding=\"async\" width=\"300\" height=\"300\" src=\"https:\/\/www.interflora.es\/blog\/wp-content\/uploads\/2025\/04\/1745420903-ff020-m-tulipani-zoom-key-300x300.jpg\" class=\"attachment-medium size-medium wp-post-image\" alt=\"\" srcset=\"https:\/\/www.interflora.es\/blog\/wp-content\/uploads\/2025\/04\/1745420903-ff020-m-tulipani-zoom-key-300x300.jpg 300w, https:\/\/www.interflora.es\/blog\/wp-content\/uploads\/2025\/04\/1745420903-ff020-m-tulipani-zoom-key-1024x1024.jpg 1024w, https:\/\/www.interflora.es\/blog\/wp-content\/uploads\/2025\/04\/1745420903-ff020-m-tulipani-zoom-key-150x150.jpg 150w, https:\/\/www.interflora.es\/blog\/wp-content\/uploads\/2025\/04\/1745420903-ff020-m-tulipani-zoom-key-768x768.jpg 768w, https:\/\/www.interflora.es\/blog\/wp-content\/uploads\/2025\/04\/1745420903-ff020-m-tulipani-zoom-key-1536x1536.jpg 1536w, https:\/\/www.interflora.es\/blog\/wp-content\/uploads\/2025\/04\/1745420903-ff020-m-tulipani-zoom-key-2048x2048.jpg 2048w\" sizes=\"auto, (max-width: 300px) 100vw, 300px\" \/><img decoding=\"async\" class=\"lp-badge\" src=\"https:\/\/prodblog.interflora.es\/blog\/wp-content\/uploads\/2025\/04\/220422_INTERFLORA_Main_Logo_rgb_Main_Color.png\" alt=\"Entrega r\u00e1pida\"><\/div><span>Tulipanes multicolor<\/span><p>29.99 \u20ac<\/p><span class=\"obf-link lp-cta\" role=\"link\" tabindex=\"0\" data-b64=\"aHR0cHM6Ly93d3cuaW50ZXJmbG9yYS5lcy9wL3JhbW8tbXVsdGljb2xvci1kZS10dWxpcGFuZXMvMT91dG1fbWVkaXVtPW9yZ2FuaWMmdXRtX3NvdXJjZT1ibG9nX3Byb2R1Y3RzJnV0bV9jYW1wYWlnbj1GRjAyMA==\" data-target=\"_blank\"><svg xmlns=\"http:\/\/www.w3.org\/2000\/svg\" width=\"16\" height=\"16\" fill=\"currentColor\" class=\"bi bi-bag\" viewBox=\"0 0 16 16\"><path d=\"M8 1a2 2 0 0 1 2 2v1h2.5A1.5 1.5 0 0 1 14 5.5v8A1.5 1.5 0 0 1 12.5 15h-9A1.5 1.5 0 0 1 2 13.5v-8A1.5 1.5 0 0 1 3.5 3H6V2a2 2 0 0 1 2-1zm1 3V3a1 1 0 0 0-2 0v1h2z\"\/><\/svg>Comprar<\/span><p class=\"rapido\">Entrega en el d\u00eda<\/p><\/div><\/div>\n\n\n\n<div style=\"height:5px\" aria-hidden=\"true\" class=\"wp-block-spacer\"><\/div>\n\n\n\n<h2 class=\"wp-block-heading alignwide\">Algunos trucos para alargar la duraci\u00f3n de tus tulipanes frescos<\/h2>\n\n\n\n<p>Ya tienes tu jarr\u00f3n con agua y tus tulipanes, \u00bfy ahora qu\u00e9? Para que tus flores duren frescas una semana o m\u00e1s, te recomendamos <strong>cambiar el agua a diario <\/strong>y que siempre est\u00e9 fr\u00eda (puedes a\u00f1adir un cubito de hielo si lo deseas). Adem\u00e1s, el cambio de agua deber\u00e1 ser r\u00e1pido para evitar que se sequen los tallos.&nbsp;<\/p>\n\n\n\n<p>Otro truco para conservar tus tulipanes es a\u00f1adir una bolsita de nutrientes al jarr\u00f3n. Si no viene incluida con tu ramo, siempre puedes preguntar en tu florister\u00eda m\u00e1s cercana por las vitaminas m\u00e1s adecuadas.<\/p>\n\n\n\n<p>Por \u00faltimo, te recomendamos que no combines tus tulipanes con <strong>narcisos<\/strong>, ya que esta familia de flores libera una sustancia da\u00f1ina. Tampoco los dejes cerca de frutas y verduras, ya que esto acelerar\u00eda su deterioro y se marchitar\u00edan antes de tiempo.<\/p>\n\n\n\n<p class=\"has-text-align-center\"><\/p>\n","protected":false},"excerpt":{"rendered":"<p>Los tulipanes son una de las flores m\u00e1s bonitas y elegantes. No obstante, como ocurre con cualquier flor cortada, su [&hellip;]<\/p>\n","protected":false},"author":13,"featured_media":26687,"comment_status":"open","ping_status":"closed","sticky":false,"template":"","format":"standard","meta":{"_acf_changed":false,"_uag_custom_page_level_css":"","site-sidebar-layout":"default","site-content-layout":"","ast-site-content-layout":"default","site-content-style":"default","site-sidebar-style":"default","ast-global-header-display":"","ast-banner-title-visibility":"","ast-main-header-display":"","ast-hfb-above-header-display":"","ast-hfb-below-header-display":"","ast-hfb-mobile-header-display":"","site-post-title":"","ast-breadcrumbs-content":"","ast-featured-img":"","footer-sml-layout":"","theme-transparent-header-meta":"","adv-header-id-meta":"","stick-header-meta":"","header-above-stick-meta":"","header-main-stick-meta":"","header-below-stick-meta":"","astra-migrate-meta-layouts":"set","ast-page-background-enabled":"default","ast-page-background-meta":{"desktop":{"background-color":"var(--ast-global-color-5)","background-image":"","background-repeat":"repeat","background-position":"center center","background-size":"auto","background-attachment":"scroll","background-type":"","background-media":"","overlay-type":"","overlay-color":"","overlay-opacity":"","overlay-gradient":""},"tablet":{"background-color":"","background-image":"","background-repeat":"repeat","background-position":"center center","background-size":"auto","background-attachment":"scroll","background-type":"","background-media":"","overlay-type":"","overlay-color":"","overlay-opacity":"","overlay-gradient":""},"mobile":{"background-color":"","background-image":"","background-repeat":"repeat","background-position":"center center","background-size":"auto","background-attachment":"scroll","background-type":"","background-media":"","overlay-type":"","overlay-color":"","overlay-opacity":"","overlay-gradient":""}},"ast-content-background-meta":{"desktop":{"background-color":"var(--ast-global-color-4)","background-image":"","background-repeat":"repeat","background-position":"center center","background-size":"auto","background-attachment":"scroll","background-type":"","background-media":"","overlay-type":"","overlay-color":"","overlay-opacity":"","overlay-gradient":""},"tablet":{"background-color":"var(--ast-global-color-4)","background-image":"","background-repeat":"repeat","background-position":"center center","background-size":"auto","background-attachment":"scroll","background-type":"","background-media":"","overlay-type":"","overlay-color":"","overlay-opacity":"","overlay-gradient":""},"mobile":{"background-color":"var(--ast-global-color-4)","background-image":"","background-repeat":"repeat","background-position":"center center","background-size":"auto","background-attachment":"scroll","background-type":"","background-media":"","overlay-type":"","overlay-color":"","overlay-opacity":"","overlay-gradient":""}},"footnotes":""},"categories":[17,27,186,203,134],"tags":[133],"class_list":["post-18916","post","type-post","status-publish","format-standard","has-post-thumbnail","hentry","category-cuidados","category-flores","category-invierno","category-primavera","category-tulipanes","tag-tulipanes"],"acf":[],"yoast_head":"<!-- This site is optimized with the Yoast SEO plugin v27.5 - https:\/\/yoast.com\/product\/yoast-seo-wordpress\/ -->\n<title>\u00bfC\u00f3mo cuidar un ramo de tulipanes en un jarr\u00f3n?| Interflora<\/title>\n<meta name=\"description\" content=\"Los tulipanes son flores maravillosas y su variedad de colores es impresionante. Aprende a cuidar tus ramos de tulipanes con nuestros consejos.\" \/>\n<meta name=\"robots\" content=\"index, follow, max-snippet:-1, max-image-preview:large, max-video-preview:-1\" \/>\n<link rel=\"canonical\" href=\"https:\/\/www.interflora.es\/blog\/cuidado-tulipanes-jarron\/\" \/>\n<script type=\"application\/ld+json\" class=\"yoast-schema-graph\">{\"@context\":\"https:\\\/\\\/schema.org\",\"@graph\":[{\"@type\":\"Article\",\"@id\":\"https:\\\/\\\/www.interflora.es\\\/blog\\\/cuidado-tulipanes-jarron\\\/#article\",\"isPartOf\":{\"@id\":\"https:\\\/\\\/www.interflora.es\\\/blog\\\/cuidado-tulipanes-jarron\\\/\"},\"author\":{\"name\":\"Interflora\",\"@id\":\"https:\\\/\\\/www.interflora.es\\\/blog\\\/#\\\/schema\\\/person\\\/e3ecff50262948e365b92682cdc2a9d1\"},\"headline\":\"\u00bfC\u00f3mo cuidar un ramo de tulipanes en un jarr\u00f3n?\",\"datePublished\":\"2026-03-18T10:42:24+00:00\",\"dateModified\":\"2026-03-18T10:42:25+00:00\",\"mainEntityOfPage\":{\"@id\":\"https:\\\/\\\/www.interflora.es\\\/blog\\\/cuidado-tulipanes-jarron\\\/\"},\"wordCount\":1026,\"commentCount\":0,\"publisher\":{\"@id\":\"https:\\\/\\\/www.interflora.es\\\/blog\\\/#organization\"},\"image\":{\"@id\":\"https:\\\/\\\/www.interflora.es\\\/blog\\\/cuidado-tulipanes-jarron\\\/#primaryimage\"},\"thumbnailUrl\":\"https:\\\/\\\/www.interflora.es\\\/blog\\\/wp-content\\\/uploads\\\/tulipanes-3.jpg\",\"keywords\":[\"tulipanes\"],\"articleSection\":[\"Cuidados de plantas y flores\",\"Flores\",\"Invierno\",\"Primavera\",\"Tulipanes\"],\"inLanguage\":\"es\",\"potentialAction\":[{\"@type\":\"CommentAction\",\"name\":\"Comment\",\"target\":[\"https:\\\/\\\/www.interflora.es\\\/blog\\\/cuidado-tulipanes-jarron\\\/#respond\"]}]},{\"@type\":\"WebPage\",\"@id\":\"https:\\\/\\\/www.interflora.es\\\/blog\\\/cuidado-tulipanes-jarron\\\/\",\"url\":\"https:\\\/\\\/www.interflora.es\\\/blog\\\/cuidado-tulipanes-jarron\\\/\",\"name\":\"\u00bfC\u00f3mo cuidar un ramo de tulipanes en un jarr\u00f3n?| Interflora\",\"isPartOf\":{\"@id\":\"https:\\\/\\\/www.interflora.es\\\/blog\\\/#website\"},\"primaryImageOfPage\":{\"@id\":\"https:\\\/\\\/www.interflora.es\\\/blog\\\/cuidado-tulipanes-jarron\\\/#primaryimage\"},\"image\":{\"@id\":\"https:\\\/\\\/www.interflora.es\\\/blog\\\/cuidado-tulipanes-jarron\\\/#primaryimage\"},\"thumbnailUrl\":\"https:\\\/\\\/www.interflora.es\\\/blog\\\/wp-content\\\/uploads\\\/tulipanes-3.jpg\",\"datePublished\":\"2026-03-18T10:42:24+00:00\",\"dateModified\":\"2026-03-18T10:42:25+00:00\",\"description\":\"Los tulipanes son flores maravillosas y su variedad de colores es impresionante. Aprende a cuidar tus ramos de tulipanes con nuestros consejos.\",\"breadcrumb\":{\"@id\":\"https:\\\/\\\/www.interflora.es\\\/blog\\\/cuidado-tulipanes-jarron\\\/#breadcrumb\"},\"inLanguage\":\"es\",\"potentialAction\":[{\"@type\":\"ReadAction\",\"target\":[\"https:\\\/\\\/www.interflora.es\\\/blog\\\/cuidado-tulipanes-jarron\\\/\"]}]},{\"@type\":\"ImageObject\",\"inLanguage\":\"es\",\"@id\":\"https:\\\/\\\/www.interflora.es\\\/blog\\\/cuidado-tulipanes-jarron\\\/#primaryimage\",\"url\":\"https:\\\/\\\/www.interflora.es\\\/blog\\\/wp-content\\\/uploads\\\/tulipanes-3.jpg\",\"contentUrl\":\"https:\\\/\\\/www.interflora.es\\\/blog\\\/wp-content\\\/uploads\\\/tulipanes-3.jpg\",\"width\":1900,\"height\":1926},{\"@type\":\"BreadcrumbList\",\"@id\":\"https:\\\/\\\/www.interflora.es\\\/blog\\\/cuidado-tulipanes-jarron\\\/#breadcrumb\",\"itemListElement\":[{\"@type\":\"ListItem\",\"position\":1,\"name\":\"Home\",\"item\":\"https:\\\/\\\/www.interflora.es\\\/blog\\\/\"},{\"@type\":\"ListItem\",\"position\":2,\"name\":\"\u00bfC\u00f3mo cuidar un ramo de tulipanes en un jarr\u00f3n?\"}]},{\"@type\":\"WebSite\",\"@id\":\"https:\\\/\\\/www.interflora.es\\\/blog\\\/#website\",\"url\":\"https:\\\/\\\/www.interflora.es\\\/blog\\\/\",\"name\":\"El blog de Interflora : consejos, ideas e inspiraci\u00f3n para disfrutar de las flores y las plantas\",\"description\":\"\",\"publisher\":{\"@id\":\"https:\\\/\\\/www.interflora.es\\\/blog\\\/#organization\"},\"potentialAction\":[{\"@type\":\"SearchAction\",\"target\":{\"@type\":\"EntryPoint\",\"urlTemplate\":\"https:\\\/\\\/www.interflora.es\\\/blog\\\/?s={search_term_string}\"},\"query-input\":{\"@type\":\"PropertyValueSpecification\",\"valueRequired\":true,\"valueName\":\"search_term_string\"}}],\"inLanguage\":\"es\"},{\"@type\":\"Organization\",\"@id\":\"https:\\\/\\\/www.interflora.es\\\/blog\\\/#organization\",\"name\":\"El blog de Interflora : consejos, ideas e inspiraci\u00f3n para disfrutar de las flores y las plantas\",\"url\":\"https:\\\/\\\/www.interflora.es\\\/blog\\\/\",\"logo\":{\"@type\":\"ImageObject\",\"inLanguage\":\"es\",\"@id\":\"https:\\\/\\\/www.interflora.es\\\/blog\\\/#\\\/schema\\\/logo\\\/image\\\/\",\"url\":\"https:\\\/\\\/www.interflora.es\\\/blog\\\/wp-content\\\/uploads\\\/2025\\\/10\\\/cropped-220422_INTERFLORA_Logo_rgb_Half_Top_Circle_Main_Color.png\",\"contentUrl\":\"https:\\\/\\\/www.interflora.es\\\/blog\\\/wp-content\\\/uploads\\\/2025\\\/10\\\/cropped-220422_INTERFLORA_Logo_rgb_Half_Top_Circle_Main_Color.png\",\"width\":1418,\"height\":659,\"caption\":\"El blog de Interflora : consejos, ideas e inspiraci\u00f3n para disfrutar de las flores y las plantas\"},\"image\":{\"@id\":\"https:\\\/\\\/www.interflora.es\\\/blog\\\/#\\\/schema\\\/logo\\\/image\\\/\"}},{\"@type\":\"Person\",\"@id\":\"https:\\\/\\\/www.interflora.es\\\/blog\\\/#\\\/schema\\\/person\\\/e3ecff50262948e365b92682cdc2a9d1\",\"name\":\"Interflora\",\"image\":{\"@type\":\"ImageObject\",\"inLanguage\":\"es\",\"@id\":\"https:\\\/\\\/www.interflora.es\\\/blog\\\/wp-content\\\/litespeed\\\/avatar\\\/ef0a9e22ccabc545011ca74a630eaf3e.jpg?ver=1776950439\",\"url\":\"https:\\\/\\\/www.interflora.es\\\/blog\\\/wp-content\\\/litespeed\\\/avatar\\\/ef0a9e22ccabc545011ca74a630eaf3e.jpg?ver=1776950439\",\"contentUrl\":\"https:\\\/\\\/www.interflora.es\\\/blog\\\/wp-content\\\/litespeed\\\/avatar\\\/ef0a9e22ccabc545011ca74a630eaf3e.jpg?ver=1776950439\",\"caption\":\"Interflora\"}}]}<\/script>\n<!-- \/ Yoast SEO plugin. -->","yoast_head_json":{"title":"\u00bfC\u00f3mo cuidar un ramo de tulipanes en un jarr\u00f3n?| Interflora","description":"Los tulipanes son flores maravillosas y su variedad de colores es impresionante. Aprende a cuidar tus ramos de tulipanes con nuestros consejos.","robots":{"index":"index","follow":"follow","max-snippet":"max-snippet:-1","max-image-preview":"max-image-preview:large","max-video-preview":"max-video-preview:-1"},"canonical":"https:\/\/www.interflora.es\/blog\/cuidado-tulipanes-jarron\/","schema":{"@context":"https:\/\/schema.org","@graph":[{"@type":"Article","@id":"https:\/\/www.interflora.es\/blog\/cuidado-tulipanes-jarron\/#article","isPartOf":{"@id":"https:\/\/www.interflora.es\/blog\/cuidado-tulipanes-jarron\/"},"author":{"name":"Interflora","@id":"https:\/\/www.interflora.es\/blog\/#\/schema\/person\/e3ecff50262948e365b92682cdc2a9d1"},"headline":"\u00bfC\u00f3mo cuidar un ramo de tulipanes en un jarr\u00f3n?","datePublished":"2026-03-18T10:42:24+00:00","dateModified":"2026-03-18T10:42:25+00:00","mainEntityOfPage":{"@id":"https:\/\/www.interflora.es\/blog\/cuidado-tulipanes-jarron\/"},"wordCount":1026,"commentCount":0,"publisher":{"@id":"https:\/\/www.interflora.es\/blog\/#organization"},"image":{"@id":"https:\/\/www.interflora.es\/blog\/cuidado-tulipanes-jarron\/#primaryimage"},"thumbnailUrl":"https:\/\/www.interflora.es\/blog\/wp-content\/uploads\/tulipanes-3.jpg","keywords":["tulipanes"],"articleSection":["Cuidados de plantas y flores","Flores","Invierno","Primavera","Tulipanes"],"inLanguage":"es","potentialAction":[{"@type":"CommentAction","name":"Comment","target":["https:\/\/www.interflora.es\/blog\/cuidado-tulipanes-jarron\/#respond"]}]},{"@type":"WebPage","@id":"https:\/\/www.interflora.es\/blog\/cuidado-tulipanes-jarron\/","url":"https:\/\/www.interflora.es\/blog\/cuidado-tulipanes-jarron\/","name":"\u00bfC\u00f3mo cuidar un ramo de tulipanes en un jarr\u00f3n?| Interflora","isPartOf":{"@id":"https:\/\/www.interflora.es\/blog\/#website"},"primaryImageOfPage":{"@id":"https:\/\/www.interflora.es\/blog\/cuidado-tulipanes-jarron\/#primaryimage"},"image":{"@id":"https:\/\/www.interflora.es\/blog\/cuidado-tulipanes-jarron\/#primaryimage"},"thumbnailUrl":"https:\/\/www.interflora.es\/blog\/wp-content\/uploads\/tulipanes-3.jpg","datePublished":"2026-03-18T10:42:24+00:00","dateModified":"2026-03-18T10:42:25+00:00","description":"Los tulipanes son flores maravillosas y su variedad de colores es impresionante. Aprende a cuidar tus ramos de tulipanes con nuestros consejos.","breadcrumb":{"@id":"https:\/\/www.interflora.es\/blog\/cuidado-tulipanes-jarron\/#breadcrumb"},"inLanguage":"es","potentialAction":[{"@type":"ReadAction","target":["https:\/\/www.interflora.es\/blog\/cuidado-tulipanes-jarron\/"]}]},{"@type":"ImageObject","inLanguage":"es","@id":"https:\/\/www.interflora.es\/blog\/cuidado-tulipanes-jarron\/#primaryimage","url":"https:\/\/www.interflora.es\/blog\/wp-content\/uploads\/tulipanes-3.jpg","contentUrl":"https:\/\/www.interflora.es\/blog\/wp-content\/uploads\/tulipanes-3.jpg","width":1900,"height":1926},{"@type":"BreadcrumbList","@id":"https:\/\/www.interflora.es\/blog\/cuidado-tulipanes-jarron\/#breadcrumb","itemListElement":[{"@type":"ListItem","position":1,"name":"Home","item":"https:\/\/www.interflora.es\/blog\/"},{"@type":"ListItem","position":2,"name":"\u00bfC\u00f3mo cuidar un ramo de tulipanes en un jarr\u00f3n?"}]},{"@type":"WebSite","@id":"https:\/\/www.interflora.es\/blog\/#website","url":"https:\/\/www.interflora.es\/blog\/","name":"El blog de Interflora : consejos, ideas e inspiraci\u00f3n para disfrutar de las flores y las plantas","description":"","publisher":{"@id":"https:\/\/www.interflora.es\/blog\/#organization"},"potentialAction":[{"@type":"SearchAction","target":{"@type":"EntryPoint","urlTemplate":"https:\/\/www.interflora.es\/blog\/?s={search_term_string}"},"query-input":{"@type":"PropertyValueSpecification","valueRequired":true,"valueName":"search_term_string"}}],"inLanguage":"es"},{"@type":"Organization","@id":"https:\/\/www.interflora.es\/blog\/#organization","name":"El blog de Interflora : consejos, ideas e inspiraci\u00f3n para disfrutar de las flores y las plantas","url":"https:\/\/www.interflora.es\/blog\/","logo":{"@type":"ImageObject","inLanguage":"es","@id":"https:\/\/www.interflora.es\/blog\/#\/schema\/logo\/image\/","url":"https:\/\/www.interflora.es\/blog\/wp-content\/uploads\/2025\/10\/cropped-220422_INTERFLORA_Logo_rgb_Half_Top_Circle_Main_Color.png","contentUrl":"https:\/\/www.interflora.es\/blog\/wp-content\/uploads\/2025\/10\/cropped-220422_INTERFLORA_Logo_rgb_Half_Top_Circle_Main_Color.png","width":1418,"height":659,"caption":"El blog de Interflora : consejos, ideas e inspiraci\u00f3n para disfrutar de las flores y las plantas"},"image":{"@id":"https:\/\/www.interflora.es\/blog\/#\/schema\/logo\/image\/"}},{"@type":"Person","@id":"https:\/\/www.interflora.es\/blog\/#\/schema\/person\/e3ecff50262948e365b92682cdc2a9d1","name":"Interflora","image":{"@type":"ImageObject","inLanguage":"es","@id":"https:\/\/www.interflora.es\/blog\/wp-content\/litespeed\/avatar\/ef0a9e22ccabc545011ca74a630eaf3e.jpg?ver=1776950439","url":"https:\/\/www.interflora.es\/blog\/wp-content\/litespeed\/avatar\/ef0a9e22ccabc545011ca74a630eaf3e.jpg?ver=1776950439","contentUrl":"https:\/\/www.interflora.es\/blog\/wp-content\/litespeed\/avatar\/ef0a9e22ccabc545011ca74a630eaf3e.jpg?ver=1776950439","caption":"Interflora"}}]}},"uagb_featured_image_src":{"full":["https:\/\/www.interflora.es\/blog\/wp-content\/uploads\/tulipanes-3.jpg",1900,1926,false],"thumbnail":["https:\/\/www.interflora.es\/blog\/wp-content\/uploads\/tulipanes-3-150x150.jpg",150,150,true],"medium":["https:\/\/www.interflora.es\/blog\/wp-content\/uploads\/tulipanes-3-296x300.jpg",296,300,true],"medium_large":["https:\/\/www.interflora.es\/blog\/wp-content\/uploads\/tulipanes-3-768x779.jpg",768,779,true],"large":["https:\/\/www.interflora.es\/blog\/wp-content\/uploads\/tulipanes-3-1010x1024.jpg",1010,1024,true],"1536x1536":["https:\/\/www.interflora.es\/blog\/wp-content\/uploads\/tulipanes-3-1515x1536.jpg",1515,1536,true],"2048x2048":["https:\/\/www.interflora.es\/blog\/wp-content\/uploads\/tulipanes-3.jpg",1900,1926,false]},"uagb_author_info":{"display_name":"Interflora","author_link":"https:\/\/www.interflora.es\/blog\/author\/interflora\/"},"uagb_comment_info":1,"uagb_excerpt":"Los tulipanes son una de las flores m\u00e1s bonitas y elegantes. No obstante, como ocurre con cualquier flor cortada, su [&hellip;]","_links":{"self":[{"href":"https:\/\/www.interflora.es\/blog\/wp-json\/wp\/v2\/posts\/18916","targetHints":{"allow":["GET"]}}],"collection":[{"href":"https:\/\/www.interflora.es\/blog\/wp-json\/wp\/v2\/posts"}],"about":[{"href":"https:\/\/www.interflora.es\/blog\/wp-json\/wp\/v2\/types\/post"}],"author":[{"embeddable":true,"href":"https:\/\/www.interflora.es\/blog\/wp-json\/wp\/v2\/users\/13"}],"replies":[{"embeddable":true,"href":"https:\/\/www.interflora.es\/blog\/wp-json\/wp\/v2\/comments?post=18916"}],"version-history":[{"count":3,"href":"https:\/\/www.interflora.es\/blog\/wp-json\/wp\/v2\/posts\/18916\/revisions"}],"predecessor-version":[{"id":33625,"href":"https:\/\/www.interflora.es\/blog\/wp-json\/wp\/v2\/posts\/18916\/revisions\/33625"}],"wp:featuredmedia":[{"embeddable":true,"href":"https:\/\/www.interflora.es\/blog\/wp-json\/wp\/v2\/media\/26687"}],"wp:attachment":[{"href":"https:\/\/www.interflora.es\/blog\/wp-json\/wp\/v2\/media?parent=18916"}],"wp:term":[{"taxonomy":"category","embeddable":true,"href":"https:\/\/www.interflora.es\/blog\/wp-json\/wp\/v2\/categories?post=18916"},{"taxonomy":"post_tag","embeddable":true,"href":"https:\/\/www.interflora.es\/blog\/wp-json\/wp\/v2\/tags?post=18916"}],"curies":[{"name":"wp","href":"https:\/\/api.w.org\/{rel}","templated":true}]}}