{"id":16857,"date":"2023-08-17T16:13:16","date_gmt":"2023-08-17T14:13:16","guid":{"rendered":"https:\/\/www.interflora.es\/blog\/?p=16857"},"modified":"2023-08-17T16:13:16","modified_gmt":"2023-08-17T14:13:16","slug":"flores-en-el-pelo-para-el-peinado-de-la-novia","status":"publish","type":"post","link":"https:\/\/www.interflora.es\/blog\/flores-en-el-pelo-para-el-peinado-de-la-novia\/","title":{"rendered":"Flores en el pelo para el peinado de la novia\u00a0"},"content":{"rendered":"\n<p>Las <strong>flores <\/strong>son el complemento perfecto para <strong>decorar el pelo de la novia <\/strong>en el d\u00eda de su boda y hacer que luzca m\u00e1s guapa y radiante. Si te casas y est\u00e1s buscando ideas para el peinado, no te pierdas nuestras propuestas de <strong>tocados para el cabello con flores<\/strong>. \u00a1Sorprende a tus invitados y a tu futuro marido con un peinado de novia espectacular!<\/p>\n\n\n\n<div class=\"wp-block-media-text alignwide has-media-on-the-right is-stacked-on-mobile is-image-fill\"><div class=\"wp-block-media-text__content\">\n<h2 class=\"wp-block-heading\">\u00bfQu\u00e9 flores elegir para un peinado de boda?<\/h2>\n\n\n\n<p>Cada vez m\u00e1s novias deciden que el <a href=\"https:\/\/www.interflora.es\/blog\/ramos-de-novia\/\">ramo<\/a> no sea el \u00fanico <strong>adorno floral<\/strong> de su look nupcial. Por eso, deciden <strong>a\u00f1adir flores a su vestido<\/strong> o a su peinado de boda. Las flores de los tocados pueden ser naturales o preservadas, de florister\u00eda o silvestres, frescas o secas\u2026 Lo m\u00e1s importante es que los colores vayan a juego con el ramo y con el estilo del vestido. Eso s\u00ed, recomendamos que <strong>el tama\u00f1o del tocado <\/strong>se adapte al tipo de recogido y que sea relativamente ligero para que no resulte inc\u00f3modo para la novia.&nbsp;<\/p>\n<\/div><figure class=\"wp-block-media-text__media\" style=\"background-image:url(https:\/\/www.interflora.es\/blog\/wp-content\/uploads\/foto-novios-2.jpg);background-position:68% 34%\"><img loading=\"lazy\" decoding=\"async\" width=\"700\" height=\"671\" src=\"https:\/\/www.interflora.es\/blog\/wp-content\/uploads\/foto-novios-2.jpg\" alt=\"corona flores novia\" class=\"wp-image-16909 size-full\" srcset=\"https:\/\/www.interflora.es\/blog\/wp-content\/uploads\/foto-novios-2.jpg 700w, https:\/\/www.interflora.es\/blog\/wp-content\/uploads\/foto-novios-2-300x288.jpg 300w\" sizes=\"auto, (max-width: 700px) 100vw, 700px\" \/><\/figure><\/div>\n\n\n\n<p> <\/p>\n\n\n<div class=\"lp-produits-grid\"><div class=\"lp-produit\"><div class=\"lp-thumbnail-wrapper\"><img loading=\"lazy\" decoding=\"async\" width=\"300\" height=\"300\" src=\"https:\/\/www.interflora.es\/blog\/wp-content\/uploads\/2025\/11\/Capture-decran-2026-02-04-121916-300x300.png\" class=\"attachment-medium size-medium wp-post-image\" alt=\"\" srcset=\"https:\/\/www.interflora.es\/blog\/wp-content\/uploads\/2025\/11\/Capture-decran-2026-02-04-121916-300x300.png 300w, https:\/\/www.interflora.es\/blog\/wp-content\/uploads\/2025\/11\/Capture-decran-2026-02-04-121916-150x150.png 150w, https:\/\/www.interflora.es\/blog\/wp-content\/uploads\/2025\/11\/Capture-decran-2026-02-04-121916.png 647w\" sizes=\"auto, (max-width: 300px) 100vw, 300px\" \/><img decoding=\"async\" class=\"lp-badge\" src=\"https:\/\/prodblog.interflora.es\/blog\/wp-content\/uploads\/2025\/04\/220422_INTERFLORA_Main_Logo_rgb_Main_Color.png\" alt=\"Entrega r\u00e1pida\"><\/div><span>Peque\u00f1o Sol<\/span><p>27.99 \u20ac<\/p><span class=\"obf-link lp-cta\" role=\"link\" tabindex=\"0\" data-b64=\"aHR0cHM6Ly93d3cuaW50ZXJmbG9yYS5lcy9wL3JhbW8tZGUtZmxvcmVzLWFtYXJpbGxhcy12YXJpYWRhcy8xP3V0bV9tZWRpdW09b3JnYW5pYyZ1dG1fc291cmNlPWJsb2dfcHJvZHVjdHMmdXRtX2NhbXBhaWduPUZGMTQ4\" data-target=\"_blank\"><svg xmlns=\"http:\/\/www.w3.org\/2000\/svg\" width=\"16\" height=\"16\" fill=\"currentColor\" class=\"bi bi-bag\" viewBox=\"0 0 16 16\"><path d=\"M8 1a2 2 0 0 1 2 2v1h2.5A1.5 1.5 0 0 1 14 5.5v8A1.5 1.5 0 0 1 12.5 15h-9A1.5 1.5 0 0 1 2 13.5v-8A1.5 1.5 0 0 1 3.5 3H6V2a2 2 0 0 1 2-1zm1 3V3a1 1 0 0 0-2 0v1h2z\"\/><\/svg>Comprar<\/span><p class=\"rapido\">Entrega en el d\u00eda<\/p><\/div><div class=\"lp-produit\"><div class=\"lp-thumbnail-wrapper\"><img loading=\"lazy\" decoding=\"async\" width=\"300\" height=\"300\" src=\"https:\/\/www.interflora.es\/blog\/wp-content\/uploads\/2025\/04\/1674815076-monstera_pg0055_deco-2-300x300.jpg\" class=\"attachment-medium size-medium wp-post-image\" alt=\"\" srcset=\"https:\/\/www.interflora.es\/blog\/wp-content\/uploads\/2025\/04\/1674815076-monstera_pg0055_deco-2-300x300.jpg 300w, https:\/\/www.interflora.es\/blog\/wp-content\/uploads\/2025\/04\/1674815076-monstera_pg0055_deco-2-1024x1024.jpg 1024w, https:\/\/www.interflora.es\/blog\/wp-content\/uploads\/2025\/04\/1674815076-monstera_pg0055_deco-2-150x150.jpg 150w, https:\/\/www.interflora.es\/blog\/wp-content\/uploads\/2025\/04\/1674815076-monstera_pg0055_deco-2-768x768.jpg 768w, https:\/\/www.interflora.es\/blog\/wp-content\/uploads\/2025\/04\/1674815076-monstera_pg0055_deco-2.jpg 1500w\" sizes=\"auto, (max-width: 300px) 100vw, 300px\" \/><img decoding=\"async\" class=\"lp-badge\" src=\"https:\/\/prodblog.interflora.es\/blog\/wp-content\/uploads\/2025\/04\/220422_INTERFLORA_Main_Logo_rgb_Main_Color.png\" alt=\"Entrega r\u00e1pida\"><\/div><span>Monstera Deliciosa &#8211; Costilla de Ad\u00e1n<\/span><p>29.99 \u20ac<\/p><span class=\"obf-link lp-cta\" role=\"link\" tabindex=\"0\" data-b64=\"aHR0cHM6Ly93d3cuaW50ZXJmbG9yYS5lcy9wL21vbnN0ZXJhLzE\/dXRtX21lZGl1bT1vcmdhbmljJnV0bV9zb3VyY2U9YmxvZ19wcm9kdWN0cyZ1dG1fY2FtcGFpZ249UEcwMDU1\" data-target=\"_blank\"><svg xmlns=\"http:\/\/www.w3.org\/2000\/svg\" width=\"16\" height=\"16\" fill=\"currentColor\" class=\"bi bi-bag\" viewBox=\"0 0 16 16\"><path d=\"M8 1a2 2 0 0 1 2 2v1h2.5A1.5 1.5 0 0 1 14 5.5v8A1.5 1.5 0 0 1 12.5 15h-9A1.5 1.5 0 0 1 2 13.5v-8A1.5 1.5 0 0 1 3.5 3H6V2a2 2 0 0 1 2-1zm1 3V3a1 1 0 0 0-2 0v1h2z\"\/><\/svg>Comprar<\/span><p class=\"rapido\">Flores y plantas frescas<\/p><\/div><div class=\"lp-produit\"><div class=\"lp-thumbnail-wrapper\"><img loading=\"lazy\" decoding=\"async\" width=\"300\" height=\"300\" src=\"https:\/\/www.interflora.es\/blog\/wp-content\/uploads\/2025\/04\/1734353451-f0270-m-key-2-300x300.jpg\" class=\"attachment-medium size-medium wp-post-image\" alt=\"\" srcset=\"https:\/\/www.interflora.es\/blog\/wp-content\/uploads\/2025\/04\/1734353451-f0270-m-key-2-300x300.jpg 300w, https:\/\/www.interflora.es\/blog\/wp-content\/uploads\/2025\/04\/1734353451-f0270-m-key-2-1024x1024.jpg 1024w, https:\/\/www.interflora.es\/blog\/wp-content\/uploads\/2025\/04\/1734353451-f0270-m-key-2-150x150.jpg 150w, https:\/\/www.interflora.es\/blog\/wp-content\/uploads\/2025\/04\/1734353451-f0270-m-key-2-768x768.jpg 768w, https:\/\/www.interflora.es\/blog\/wp-content\/uploads\/2025\/04\/1734353451-f0270-m-key-2.jpg 1200w\" sizes=\"auto, (max-width: 300px) 100vw, 300px\" \/><img decoding=\"async\" class=\"lp-badge\" src=\"https:\/\/prodblog.interflora.es\/blog\/wp-content\/uploads\/2025\/04\/220422_INTERFLORA_Main_Logo_rgb_Main_Color.png\" alt=\"Entrega r\u00e1pida\"><\/div><span>Conexi\u00f3n floral<\/span><p>49.99 \u20ac<\/p><span class=\"obf-link lp-cta\" role=\"link\" tabindex=\"0\" data-b64=\"aHR0cHM6Ly93d3cuaW50ZXJmbG9yYS5lcy9wL3F1ZXJpZGEtbWFtYS8xP3V0bV9tZWRpdW09b3JnYW5pYyZ1dG1fc291cmNlPWJsb2dfcHJvZHVjdHMmdXRtX2NhbXBhaWduPUYwMjcw\" data-target=\"_blank\"><svg xmlns=\"http:\/\/www.w3.org\/2000\/svg\" width=\"16\" height=\"16\" fill=\"currentColor\" class=\"bi bi-bag\" viewBox=\"0 0 16 16\"><path d=\"M8 1a2 2 0 0 1 2 2v1h2.5A1.5 1.5 0 0 1 14 5.5v8A1.5 1.5 0 0 1 12.5 15h-9A1.5 1.5 0 0 1 2 13.5v-8A1.5 1.5 0 0 1 3.5 3H6V2a2 2 0 0 1 2-1zm1 3V3a1 1 0 0 0-2 0v1h2z\"\/><\/svg>Comprar<\/span><p class=\"rapido\">Env\u00edo r\u00e1pido<\/p><\/div><div class=\"lp-produit\"><div class=\"lp-thumbnail-wrapper\"><img loading=\"lazy\" decoding=\"async\" width=\"300\" height=\"300\" src=\"https:\/\/www.interflora.es\/blog\/wp-content\/uploads\/2025\/04\/1738656685-fwd009-m-key-zoomed-2-300x300.jpg\" class=\"attachment-medium size-medium wp-post-image\" alt=\"\" srcset=\"https:\/\/www.interflora.es\/blog\/wp-content\/uploads\/2025\/04\/1738656685-fwd009-m-key-zoomed-2-300x300.jpg 300w, https:\/\/www.interflora.es\/blog\/wp-content\/uploads\/2025\/04\/1738656685-fwd009-m-key-zoomed-2-1024x1024.jpg 1024w, https:\/\/www.interflora.es\/blog\/wp-content\/uploads\/2025\/04\/1738656685-fwd009-m-key-zoomed-2-150x150.jpg 150w, https:\/\/www.interflora.es\/blog\/wp-content\/uploads\/2025\/04\/1738656685-fwd009-m-key-zoomed-2-768x768.jpg 768w, https:\/\/www.interflora.es\/blog\/wp-content\/uploads\/2025\/04\/1738656685-fwd009-m-key-zoomed-2-1536x1536.jpg 1536w, https:\/\/www.interflora.es\/blog\/wp-content\/uploads\/2025\/04\/1738656685-fwd009-m-key-zoomed-2.jpg 1991w\" sizes=\"auto, (max-width: 300px) 100vw, 300px\" \/><img decoding=\"async\" class=\"lp-badge\" src=\"https:\/\/prodblog.interflora.es\/blog\/wp-content\/uploads\/2025\/04\/220422_INTERFLORA_Main_Logo_rgb_Main_Color.png\" alt=\"Entrega r\u00e1pida\"><\/div><span>Floral Kiss<\/span><p>29.99 \u20ac<\/p><span class=\"obf-link lp-cta\" role=\"link\" tabindex=\"0\" data-b64=\"aHR0cHM6Ly93d3cuaW50ZXJmbG9yYS5lcy9wL2Zsb3JhbC1raXNzLzE\/dXRtX21lZGl1bT1vcmdhbmljJnV0bV9zb3VyY2U9YmxvZ19wcm9kdWN0cyZ1dG1fY2FtcGFpZ249RldEMDA5\" data-target=\"_blank\"><svg xmlns=\"http:\/\/www.w3.org\/2000\/svg\" width=\"16\" height=\"16\" fill=\"currentColor\" class=\"bi bi-bag\" viewBox=\"0 0 16 16\"><path d=\"M8 1a2 2 0 0 1 2 2v1h2.5A1.5 1.5 0 0 1 14 5.5v8A1.5 1.5 0 0 1 12.5 15h-9A1.5 1.5 0 0 1 2 13.5v-8A1.5 1.5 0 0 1 3.5 3H6V2a2 2 0 0 1 2-1zm1 3V3a1 1 0 0 0-2 0v1h2z\"\/><\/svg>Comprar<\/span><p class=\"rapido\">Env\u00edo r\u00e1pido<\/p><\/div><\/div>\n\n\n\n<p> <\/p>\n\n\n\n<h2 class=\"wp-block-heading alignwide\">Tocados con flores para un recogido rom\u00e1ntico y diferente<\/h2>\n\n\n\n<p>Los <strong>tocados con flores <\/strong>y hojas son una opci\u00f3n muy elegida por las novias en las bodas, ya que les permiten aportar un toque rom\u00e1ntico y diferente a su cabello. La ventaja de los tocados es que se pueden adaptar a todo tipo de recogido: mo\u00f1os altos, mo\u00f1os bajos, coletas, trenzas\u2026 Y combinar con otros adornos como lazos, cintas, joyas\u2026 Adem\u00e1s, tambi\u00e9n pueden servir para <strong>sujetar el velo<\/strong>.&nbsp;<\/p>\n\n\n\n<figure class=\"wp-block-gallery aligncenter has-nested-images columns-default is-cropped wp-block-gallery-1 is-layout-flex wp-block-gallery-is-layout-flex\">\n<figure class=\"wp-block-image size-large is-resized\"><img decoding=\"async\" data-id=\"16862\" src=\"https:\/\/www.interflora.es\/blog\/wp-content\/uploads\/mono-con-flores-1024x682.jpg\" alt=\"mo\u00f1o con flores\" class=\"wp-image-16862\" style=\"aspect-ratio:1;object-fit:cover;width:500px\" width=\"500\" srcset=\"https:\/\/www.interflora.es\/blog\/wp-content\/uploads\/mono-con-flores-1024x682.jpg 1024w, https:\/\/www.interflora.es\/blog\/wp-content\/uploads\/mono-con-flores-300x200.jpg 300w, https:\/\/www.interflora.es\/blog\/wp-content\/uploads\/mono-con-flores-768x512.jpg 768w, https:\/\/www.interflora.es\/blog\/wp-content\/uploads\/mono-con-flores.jpg 1250w\" sizes=\"(max-width: 1024px) 100vw, 1024px\" \/><\/figure>\n\n\n\n<figure class=\"wp-block-image size-large is-resized\"><img decoding=\"async\" data-id=\"16863\" src=\"https:\/\/www.interflora.es\/blog\/wp-content\/uploads\/recogido-con-flores-1-1024x710.jpg\" alt=\"tocado flores naturales\" class=\"wp-image-16863\" style=\"aspect-ratio:1;object-fit:cover;width:500px\" width=\"500\" srcset=\"https:\/\/www.interflora.es\/blog\/wp-content\/uploads\/recogido-con-flores-1-1024x710.jpg 1024w, https:\/\/www.interflora.es\/blog\/wp-content\/uploads\/recogido-con-flores-1-300x208.jpg 300w, https:\/\/www.interflora.es\/blog\/wp-content\/uploads\/recogido-con-flores-1-768x533.jpg 768w, https:\/\/www.interflora.es\/blog\/wp-content\/uploads\/recogido-con-flores-1.jpg 1250w\" sizes=\"(max-width: 1024px) 100vw, 1024px\" \/><\/figure>\n<\/figure>\n\n\n\n<p> <\/p>\n\n\n\n<h2 class=\"wp-block-heading alignwide\">Diademas y tiaras de flores para un semirecogido elegante<\/h2>\n\n\n\n<p>Si tienes el pelo corto o no te sientes c\u00f3moda con un recogido, puedes peinarlo discretamente en un semirecogido: una coleta deshecha, una trenza con algunos mechones al aire, un mo\u00f1o casual&#8230;. Estos peinados pueden ser m\u00e1s desenfadados, pero no por ello menos elegantes. En este caso, te recomendamos que a\u00f1adas un toque floral a tu pelo con una<strong> diadema <\/strong>o<strong> una tiara de flores<\/strong>.&nbsp;<\/p>\n\n\n\n<figure class=\"wp-block-gallery aligncenter has-nested-images columns-default is-cropped wp-block-gallery-2 is-layout-flex wp-block-gallery-is-layout-flex\">\n<figure class=\"wp-block-image aligncenter size-full is-resized\"><img decoding=\"async\" data-id=\"16911\" src=\"https:\/\/www.interflora.es\/blog\/wp-content\/uploads\/tiara-flores-3.jpg\" alt=\"diadema flores joya\" class=\"wp-image-16911\" style=\"aspect-ratio:1;object-fit:cover;width:500px\" width=\"500\" srcset=\"https:\/\/www.interflora.es\/blog\/wp-content\/uploads\/tiara-flores-3.jpg 731w, https:\/\/www.interflora.es\/blog\/wp-content\/uploads\/tiara-flores-3-263x300.jpg 263w\" sizes=\"(max-width: 731px) 100vw, 731px\" \/><\/figure>\n\n\n\n<figure class=\"wp-block-image size-large is-resized\"><img decoding=\"async\" data-id=\"16867\" src=\"https:\/\/www.interflora.es\/blog\/wp-content\/uploads\/tocado-flores-1024x682.jpg\" alt=\"tiara flores\" class=\"wp-image-16867\" style=\"aspect-ratio:1;object-fit:cover;width:500px\" width=\"500\" srcset=\"https:\/\/www.interflora.es\/blog\/wp-content\/uploads\/tocado-flores-1024x682.jpg 1024w, https:\/\/www.interflora.es\/blog\/wp-content\/uploads\/tocado-flores-300x200.jpg 300w, https:\/\/www.interflora.es\/blog\/wp-content\/uploads\/tocado-flores-768x512.jpg 768w, https:\/\/www.interflora.es\/blog\/wp-content\/uploads\/tocado-flores.jpg 1250w\" sizes=\"(max-width: 1024px) 100vw, 1024px\" \/><\/figure>\n<\/figure>\n\n\n\n<p>  <\/p>\n\n\n\n<h2 class=\"wp-block-heading alignwide\">Coronas de flores buc\u00f3licas y naturales para el pelo<\/h2>\n\n\n\n<p>Si en tu boda te gustar\u00eda llevar el pelo suelto liso o con ondas pero no quieres que sea aburrido, \u00bfpor qu\u00e9 no a\u00f1ades un toque floral a tu peinado con una <strong>corona de flores<\/strong>? Las coronas resultan muy pr\u00e1cticas porque son de quita y pon: podr\u00e1s lucir espectacular en las fotos de la boda y, despu\u00e9s, quit\u00e1rtela para soltarte la melena durante la fiesta. Por supuesto, si has decidido recogerte el pelo, tambi\u00e9n puedes<strong> complementar el recogido con una corona<\/strong>. \u00a1Quedan igual de bonitas!<\/p>\n\n\n\n<figure class=\"wp-block-gallery aligncenter has-nested-images columns-default is-cropped wp-block-gallery-3 is-layout-flex wp-block-gallery-is-layout-flex\">\n<figure class=\"wp-block-image size-full is-resized\"><img decoding=\"async\" data-id=\"16912\" src=\"https:\/\/www.interflora.es\/blog\/wp-content\/uploads\/corona-flores-3.jpg\" alt=\"corona grande novia\" class=\"wp-image-16912\" style=\"aspect-ratio:1;object-fit:cover;width:500px\" width=\"500\" srcset=\"https:\/\/www.interflora.es\/blog\/wp-content\/uploads\/corona-flores-3.jpg 693w, https:\/\/www.interflora.es\/blog\/wp-content\/uploads\/corona-flores-3-250x300.jpg 250w\" sizes=\"(max-width: 693px) 100vw, 693px\" \/><\/figure>\n\n\n\n<figure class=\"wp-block-image size-full is-resized\"><img decoding=\"async\" data-id=\"16913\" src=\"https:\/\/www.interflora.es\/blog\/wp-content\/uploads\/corona-de-flores-1.jpg\" alt=\"corona silvestre\" class=\"wp-image-16913\" style=\"aspect-ratio:1;object-fit:cover;width:500px\" width=\"500\" srcset=\"https:\/\/www.interflora.es\/blog\/wp-content\/uploads\/corona-de-flores-1.jpg 1011w, https:\/\/www.interflora.es\/blog\/wp-content\/uploads\/corona-de-flores-1-300x247.jpg 300w, https:\/\/www.interflora.es\/blog\/wp-content\/uploads\/corona-de-flores-1-768x633.jpg 768w\" sizes=\"(max-width: 1011px) 100vw, 1011px\" \/><\/figure>\n<\/figure>\n\n\n\n<p> <\/p>\n\n\n\n<h2 class=\"wp-block-heading alignwide\">Un tocado de una \u00fanica flor para un peinado sencillo<\/h2>\n\n\n\n<p>Como hemos comentado, lo m\u00e1s importante es que el tocado te resulte c\u00f3modo, \u00a1el d\u00eda de la boda es largo! Si no te apetece llevar una diadema ni una corona y prefieres un <strong>peinado sencillo<\/strong>, puedes sujetar <strong>una \u00fanica flor <\/strong>o un ramillete de peque\u00f1o tama\u00f1o a tu pelo con unas horquillas. De hecho, hasta puedes arrancar un par de flores de un ramo e improvisar un tocado personalizado. Hablando de ramos\u2026 \u00bfya sabes c\u00f3mo cuidar tu ramo de novia despu\u00e9s de la boda?<\/p>\n\n\n\n<figure class=\"wp-block-gallery aligncenter has-nested-images columns-default is-cropped wp-block-gallery-4 is-layout-flex wp-block-gallery-is-layout-flex\">\n<figure class=\"wp-block-image size-large is-resized\"><img decoding=\"async\" data-id=\"16872\" src=\"https:\/\/www.interflora.es\/blog\/wp-content\/uploads\/coleta-con-flores-1024x682.jpg\" alt=\"tocado sencillo blanco\" class=\"wp-image-16872\" style=\"aspect-ratio:1;object-fit:cover;width:500px\" width=\"500\" srcset=\"https:\/\/www.interflora.es\/blog\/wp-content\/uploads\/coleta-con-flores-1024x682.jpg 1024w, https:\/\/www.interflora.es\/blog\/wp-content\/uploads\/coleta-con-flores-300x200.jpg 300w, https:\/\/www.interflora.es\/blog\/wp-content\/uploads\/coleta-con-flores-768x512.jpg 768w, https:\/\/www.interflora.es\/blog\/wp-content\/uploads\/coleta-con-flores.jpg 1250w\" sizes=\"(max-width: 1024px) 100vw, 1024px\" \/><\/figure>\n\n\n\n<figure class=\"wp-block-image size-large is-resized\"><img decoding=\"async\" data-id=\"16914\" src=\"https:\/\/www.interflora.es\/blog\/wp-content\/uploads\/recogido-sencillo-con-flores-1-683x1024.jpg\" alt=\"tocado sencillo novia\" class=\"wp-image-16914\" style=\"aspect-ratio:1;object-fit:contain;width:500px\" width=\"500\" srcset=\"https:\/\/www.interflora.es\/blog\/wp-content\/uploads\/recogido-sencillo-con-flores-1-683x1024.jpg 683w, https:\/\/www.interflora.es\/blog\/wp-content\/uploads\/recogido-sencillo-con-flores-1-200x300.jpg 200w, https:\/\/www.interflora.es\/blog\/wp-content\/uploads\/recogido-sencillo-con-flores-1-768x1152.jpg 768w, https:\/\/www.interflora.es\/blog\/wp-content\/uploads\/recogido-sencillo-con-flores-1-1024x1536.jpg 1024w, https:\/\/www.interflora.es\/blog\/wp-content\/uploads\/recogido-sencillo-con-flores-1.jpg 1250w\" sizes=\"(max-width: 683px) 100vw, 683px\" \/><\/figure>\n<\/figure>\n\n\n\n<p> <\/p>\n","protected":false},"excerpt":{"rendered":"<p>Las flores son el complemento perfecto para decorar el pelo de la novia en el d\u00eda de su boda y [&hellip;]<\/p>\n","protected":false},"author":8,"featured_media":16858,"comment_status":"open","ping_status":"closed","sticky":false,"template":"","format":"standard","meta":{"_acf_changed":false,"_uag_custom_page_level_css":"","site-sidebar-layout":"default","site-content-layout":"","ast-site-content-layout":"default","site-content-style":"default","site-sidebar-style":"default","ast-global-header-display":"","ast-banner-title-visibility":"","ast-main-header-display":"","ast-hfb-above-header-display":"","ast-hfb-below-header-display":"","ast-hfb-mobile-header-display":"","site-post-title":"","ast-breadcrumbs-content":"","ast-featured-img":"","footer-sml-layout":"","theme-transparent-header-meta":"","adv-header-id-meta":"","stick-header-meta":"","header-above-stick-meta":"","header-main-stick-meta":"","header-below-stick-meta":"","astra-migrate-meta-layouts":"set","ast-page-background-enabled":"default","ast-page-background-meta":{"desktop":{"background-color":"var(--ast-global-color-5)","background-image":"","background-repeat":"repeat","background-position":"center center","background-size":"auto","background-attachment":"scroll","background-type":"","background-media":"","overlay-type":"","overlay-color":"","overlay-opacity":"","overlay-gradient":""},"tablet":{"background-color":"","background-image":"","background-repeat":"repeat","background-position":"center center","background-size":"auto","background-attachment":"scroll","background-type":"","background-media":"","overlay-type":"","overlay-color":"","overlay-opacity":"","overlay-gradient":""},"mobile":{"background-color":"","background-image":"","background-repeat":"repeat","background-position":"center center","background-size":"auto","background-attachment":"scroll","background-type":"","background-media":"","overlay-type":"","overlay-color":"","overlay-opacity":"","overlay-gradient":""}},"ast-content-background-meta":{"desktop":{"background-color":"var(--ast-global-color-4)","background-image":"","background-repeat":"repeat","background-position":"center center","background-size":"auto","background-attachment":"scroll","background-type":"","background-media":"","overlay-type":"","overlay-color":"","overlay-opacity":"","overlay-gradient":""},"tablet":{"background-color":"var(--ast-global-color-4)","background-image":"","background-repeat":"repeat","background-position":"center center","background-size":"auto","background-attachment":"scroll","background-type":"","background-media":"","overlay-type":"","overlay-color":"","overlay-opacity":"","overlay-gradient":""},"mobile":{"background-color":"var(--ast-global-color-4)","background-image":"","background-repeat":"repeat","background-position":"center center","background-size":"auto","background-attachment":"scroll","background-type":"","background-media":"","overlay-type":"","overlay-color":"","overlay-opacity":"","overlay-gradient":""}},"footnotes":""},"categories":[21,23,105],"tags":[22,132],"class_list":["post-16857","post","type-post","status-publish","format-standard","has-post-thumbnail","hentry","category-bodas","category-ocasiones-especiales","category-tendencias","tag-bodas","tag-novia"],"acf":[],"yoast_head":"<!-- This site is optimized with the Yoast SEO plugin v27.5 - https:\/\/yoast.com\/product\/yoast-seo-wordpress\/ -->\n<title>Tocados de flores para la novia | Interflora<\/title>\n<meta name=\"description\" content=\"Las flores son el adorno ideal para a\u00f1adir un toque rom\u00e1ntico a tu peinado de novia. Consigue un look espectacular con un tocado floral en el pelo.\" \/>\n<meta name=\"robots\" content=\"index, follow, max-snippet:-1, max-image-preview:large, max-video-preview:-1\" \/>\n<link rel=\"canonical\" href=\"https:\/\/www.interflora.es\/blog\/flores-en-el-pelo-para-el-peinado-de-la-novia\/\" \/>\n<script type=\"application\/ld+json\" class=\"yoast-schema-graph\">{\"@context\":\"https:\\\/\\\/schema.org\",\"@graph\":[{\"@type\":\"Article\",\"@id\":\"https:\\\/\\\/www.interflora.es\\\/blog\\\/flores-en-el-pelo-para-el-peinado-de-la-novia\\\/#article\",\"isPartOf\":{\"@id\":\"https:\\\/\\\/www.interflora.es\\\/blog\\\/flores-en-el-pelo-para-el-peinado-de-la-novia\\\/\"},\"author\":{\"name\":\"celia\",\"@id\":\"https:\\\/\\\/www.interflora.es\\\/blog\\\/#\\\/schema\\\/person\\\/1f30f7794421f1232dc4b6bdd75ae829\"},\"headline\":\"Flores en el pelo para el peinado de la novia\u00a0\",\"datePublished\":\"2023-08-17T14:13:16+00:00\",\"mainEntityOfPage\":{\"@id\":\"https:\\\/\\\/www.interflora.es\\\/blog\\\/flores-en-el-pelo-para-el-peinado-de-la-novia\\\/\"},\"wordCount\":559,\"commentCount\":0,\"publisher\":{\"@id\":\"https:\\\/\\\/www.interflora.es\\\/blog\\\/#organization\"},\"image\":{\"@id\":\"https:\\\/\\\/www.interflora.es\\\/blog\\\/flores-en-el-pelo-para-el-peinado-de-la-novia\\\/#primaryimage\"},\"thumbnailUrl\":\"https:\\\/\\\/www.interflora.es\\\/blog\\\/wp-content\\\/uploads\\\/trenza-con-flores.jpg\",\"keywords\":[\"Bodas\",\"novia\"],\"articleSection\":[\"Bodas\",\"Ocasiones especiales\",\"Tendencias\"],\"inLanguage\":\"es\",\"potentialAction\":[{\"@type\":\"CommentAction\",\"name\":\"Comment\",\"target\":[\"https:\\\/\\\/www.interflora.es\\\/blog\\\/flores-en-el-pelo-para-el-peinado-de-la-novia\\\/#respond\"]}]},{\"@type\":\"WebPage\",\"@id\":\"https:\\\/\\\/www.interflora.es\\\/blog\\\/flores-en-el-pelo-para-el-peinado-de-la-novia\\\/\",\"url\":\"https:\\\/\\\/www.interflora.es\\\/blog\\\/flores-en-el-pelo-para-el-peinado-de-la-novia\\\/\",\"name\":\"Tocados de flores para la novia | Interflora\",\"isPartOf\":{\"@id\":\"https:\\\/\\\/www.interflora.es\\\/blog\\\/#website\"},\"primaryImageOfPage\":{\"@id\":\"https:\\\/\\\/www.interflora.es\\\/blog\\\/flores-en-el-pelo-para-el-peinado-de-la-novia\\\/#primaryimage\"},\"image\":{\"@id\":\"https:\\\/\\\/www.interflora.es\\\/blog\\\/flores-en-el-pelo-para-el-peinado-de-la-novia\\\/#primaryimage\"},\"thumbnailUrl\":\"https:\\\/\\\/www.interflora.es\\\/blog\\\/wp-content\\\/uploads\\\/trenza-con-flores.jpg\",\"datePublished\":\"2023-08-17T14:13:16+00:00\",\"description\":\"Las flores son el adorno ideal para a\u00f1adir un toque rom\u00e1ntico a tu peinado de novia. Consigue un look espectacular con un tocado floral en el pelo.\",\"breadcrumb\":{\"@id\":\"https:\\\/\\\/www.interflora.es\\\/blog\\\/flores-en-el-pelo-para-el-peinado-de-la-novia\\\/#breadcrumb\"},\"inLanguage\":\"es\",\"potentialAction\":[{\"@type\":\"ReadAction\",\"target\":[\"https:\\\/\\\/www.interflora.es\\\/blog\\\/flores-en-el-pelo-para-el-peinado-de-la-novia\\\/\"]}]},{\"@type\":\"ImageObject\",\"inLanguage\":\"es\",\"@id\":\"https:\\\/\\\/www.interflora.es\\\/blog\\\/flores-en-el-pelo-para-el-peinado-de-la-novia\\\/#primaryimage\",\"url\":\"https:\\\/\\\/www.interflora.es\\\/blog\\\/wp-content\\\/uploads\\\/trenza-con-flores.jpg\",\"contentUrl\":\"https:\\\/\\\/www.interflora.es\\\/blog\\\/wp-content\\\/uploads\\\/trenza-con-flores.jpg\",\"width\":1250,\"height\":833},{\"@type\":\"BreadcrumbList\",\"@id\":\"https:\\\/\\\/www.interflora.es\\\/blog\\\/flores-en-el-pelo-para-el-peinado-de-la-novia\\\/#breadcrumb\",\"itemListElement\":[{\"@type\":\"ListItem\",\"position\":1,\"name\":\"Home\",\"item\":\"https:\\\/\\\/www.interflora.es\\\/blog\\\/\"},{\"@type\":\"ListItem\",\"position\":2,\"name\":\"Flores en el pelo para el peinado de la novia\u00a0\"}]},{\"@type\":\"WebSite\",\"@id\":\"https:\\\/\\\/www.interflora.es\\\/blog\\\/#website\",\"url\":\"https:\\\/\\\/www.interflora.es\\\/blog\\\/\",\"name\":\"El blog de Interflora : consejos, ideas e inspiraci\u00f3n para disfrutar de las flores y las plantas\",\"description\":\"\",\"publisher\":{\"@id\":\"https:\\\/\\\/www.interflora.es\\\/blog\\\/#organization\"},\"potentialAction\":[{\"@type\":\"SearchAction\",\"target\":{\"@type\":\"EntryPoint\",\"urlTemplate\":\"https:\\\/\\\/www.interflora.es\\\/blog\\\/?s={search_term_string}\"},\"query-input\":{\"@type\":\"PropertyValueSpecification\",\"valueRequired\":true,\"valueName\":\"search_term_string\"}}],\"inLanguage\":\"es\"},{\"@type\":\"Organization\",\"@id\":\"https:\\\/\\\/www.interflora.es\\\/blog\\\/#organization\",\"name\":\"El blog de Interflora : consejos, ideas e inspiraci\u00f3n para disfrutar de las flores y las plantas\",\"url\":\"https:\\\/\\\/www.interflora.es\\\/blog\\\/\",\"logo\":{\"@type\":\"ImageObject\",\"inLanguage\":\"es\",\"@id\":\"https:\\\/\\\/www.interflora.es\\\/blog\\\/#\\\/schema\\\/logo\\\/image\\\/\",\"url\":\"https:\\\/\\\/www.interflora.es\\\/blog\\\/wp-content\\\/uploads\\\/2025\\\/10\\\/cropped-220422_INTERFLORA_Logo_rgb_Half_Top_Circle_Main_Color.png\",\"contentUrl\":\"https:\\\/\\\/www.interflora.es\\\/blog\\\/wp-content\\\/uploads\\\/2025\\\/10\\\/cropped-220422_INTERFLORA_Logo_rgb_Half_Top_Circle_Main_Color.png\",\"width\":1418,\"height\":659,\"caption\":\"El blog de Interflora : consejos, ideas e inspiraci\u00f3n para disfrutar de las flores y las plantas\"},\"image\":{\"@id\":\"https:\\\/\\\/www.interflora.es\\\/blog\\\/#\\\/schema\\\/logo\\\/image\\\/\"}},{\"@type\":\"Person\",\"@id\":\"https:\\\/\\\/www.interflora.es\\\/blog\\\/#\\\/schema\\\/person\\\/1f30f7794421f1232dc4b6bdd75ae829\",\"name\":\"celia\",\"image\":{\"@type\":\"ImageObject\",\"inLanguage\":\"es\",\"@id\":\"https:\\\/\\\/www.interflora.es\\\/blog\\\/wp-content\\\/litespeed\\\/avatar\\\/f906d3ce098bd9b4e84d1b71d27d54af.jpg?ver=1777298586\",\"url\":\"https:\\\/\\\/www.interflora.es\\\/blog\\\/wp-content\\\/litespeed\\\/avatar\\\/f906d3ce098bd9b4e84d1b71d27d54af.jpg?ver=1777298586\",\"contentUrl\":\"https:\\\/\\\/www.interflora.es\\\/blog\\\/wp-content\\\/litespeed\\\/avatar\\\/f906d3ce098bd9b4e84d1b71d27d54af.jpg?ver=1777298586\",\"caption\":\"celia\"}}]}<\/script>\n<!-- \/ Yoast SEO plugin. -->","yoast_head_json":{"title":"Tocados de flores para la novia | Interflora","description":"Las flores son el adorno ideal para a\u00f1adir un toque rom\u00e1ntico a tu peinado de novia. Consigue un look espectacular con un tocado floral en el pelo.","robots":{"index":"index","follow":"follow","max-snippet":"max-snippet:-1","max-image-preview":"max-image-preview:large","max-video-preview":"max-video-preview:-1"},"canonical":"https:\/\/www.interflora.es\/blog\/flores-en-el-pelo-para-el-peinado-de-la-novia\/","schema":{"@context":"https:\/\/schema.org","@graph":[{"@type":"Article","@id":"https:\/\/www.interflora.es\/blog\/flores-en-el-pelo-para-el-peinado-de-la-novia\/#article","isPartOf":{"@id":"https:\/\/www.interflora.es\/blog\/flores-en-el-pelo-para-el-peinado-de-la-novia\/"},"author":{"name":"celia","@id":"https:\/\/www.interflora.es\/blog\/#\/schema\/person\/1f30f7794421f1232dc4b6bdd75ae829"},"headline":"Flores en el pelo para el peinado de la novia\u00a0","datePublished":"2023-08-17T14:13:16+00:00","mainEntityOfPage":{"@id":"https:\/\/www.interflora.es\/blog\/flores-en-el-pelo-para-el-peinado-de-la-novia\/"},"wordCount":559,"commentCount":0,"publisher":{"@id":"https:\/\/www.interflora.es\/blog\/#organization"},"image":{"@id":"https:\/\/www.interflora.es\/blog\/flores-en-el-pelo-para-el-peinado-de-la-novia\/#primaryimage"},"thumbnailUrl":"https:\/\/www.interflora.es\/blog\/wp-content\/uploads\/trenza-con-flores.jpg","keywords":["Bodas","novia"],"articleSection":["Bodas","Ocasiones especiales","Tendencias"],"inLanguage":"es","potentialAction":[{"@type":"CommentAction","name":"Comment","target":["https:\/\/www.interflora.es\/blog\/flores-en-el-pelo-para-el-peinado-de-la-novia\/#respond"]}]},{"@type":"WebPage","@id":"https:\/\/www.interflora.es\/blog\/flores-en-el-pelo-para-el-peinado-de-la-novia\/","url":"https:\/\/www.interflora.es\/blog\/flores-en-el-pelo-para-el-peinado-de-la-novia\/","name":"Tocados de flores para la novia | Interflora","isPartOf":{"@id":"https:\/\/www.interflora.es\/blog\/#website"},"primaryImageOfPage":{"@id":"https:\/\/www.interflora.es\/blog\/flores-en-el-pelo-para-el-peinado-de-la-novia\/#primaryimage"},"image":{"@id":"https:\/\/www.interflora.es\/blog\/flores-en-el-pelo-para-el-peinado-de-la-novia\/#primaryimage"},"thumbnailUrl":"https:\/\/www.interflora.es\/blog\/wp-content\/uploads\/trenza-con-flores.jpg","datePublished":"2023-08-17T14:13:16+00:00","description":"Las flores son el adorno ideal para a\u00f1adir un toque rom\u00e1ntico a tu peinado de novia. Consigue un look espectacular con un tocado floral en el pelo.","breadcrumb":{"@id":"https:\/\/www.interflora.es\/blog\/flores-en-el-pelo-para-el-peinado-de-la-novia\/#breadcrumb"},"inLanguage":"es","potentialAction":[{"@type":"ReadAction","target":["https:\/\/www.interflora.es\/blog\/flores-en-el-pelo-para-el-peinado-de-la-novia\/"]}]},{"@type":"ImageObject","inLanguage":"es","@id":"https:\/\/www.interflora.es\/blog\/flores-en-el-pelo-para-el-peinado-de-la-novia\/#primaryimage","url":"https:\/\/www.interflora.es\/blog\/wp-content\/uploads\/trenza-con-flores.jpg","contentUrl":"https:\/\/www.interflora.es\/blog\/wp-content\/uploads\/trenza-con-flores.jpg","width":1250,"height":833},{"@type":"BreadcrumbList","@id":"https:\/\/www.interflora.es\/blog\/flores-en-el-pelo-para-el-peinado-de-la-novia\/#breadcrumb","itemListElement":[{"@type":"ListItem","position":1,"name":"Home","item":"https:\/\/www.interflora.es\/blog\/"},{"@type":"ListItem","position":2,"name":"Flores en el pelo para el peinado de la novia\u00a0"}]},{"@type":"WebSite","@id":"https:\/\/www.interflora.es\/blog\/#website","url":"https:\/\/www.interflora.es\/blog\/","name":"El blog de Interflora : consejos, ideas e inspiraci\u00f3n para disfrutar de las flores y las plantas","description":"","publisher":{"@id":"https:\/\/www.interflora.es\/blog\/#organization"},"potentialAction":[{"@type":"SearchAction","target":{"@type":"EntryPoint","urlTemplate":"https:\/\/www.interflora.es\/blog\/?s={search_term_string}"},"query-input":{"@type":"PropertyValueSpecification","valueRequired":true,"valueName":"search_term_string"}}],"inLanguage":"es"},{"@type":"Organization","@id":"https:\/\/www.interflora.es\/blog\/#organization","name":"El blog de Interflora : consejos, ideas e inspiraci\u00f3n para disfrutar de las flores y las plantas","url":"https:\/\/www.interflora.es\/blog\/","logo":{"@type":"ImageObject","inLanguage":"es","@id":"https:\/\/www.interflora.es\/blog\/#\/schema\/logo\/image\/","url":"https:\/\/www.interflora.es\/blog\/wp-content\/uploads\/2025\/10\/cropped-220422_INTERFLORA_Logo_rgb_Half_Top_Circle_Main_Color.png","contentUrl":"https:\/\/www.interflora.es\/blog\/wp-content\/uploads\/2025\/10\/cropped-220422_INTERFLORA_Logo_rgb_Half_Top_Circle_Main_Color.png","width":1418,"height":659,"caption":"El blog de Interflora : consejos, ideas e inspiraci\u00f3n para disfrutar de las flores y las plantas"},"image":{"@id":"https:\/\/www.interflora.es\/blog\/#\/schema\/logo\/image\/"}},{"@type":"Person","@id":"https:\/\/www.interflora.es\/blog\/#\/schema\/person\/1f30f7794421f1232dc4b6bdd75ae829","name":"celia","image":{"@type":"ImageObject","inLanguage":"es","@id":"https:\/\/www.interflora.es\/blog\/wp-content\/litespeed\/avatar\/f906d3ce098bd9b4e84d1b71d27d54af.jpg?ver=1777298586","url":"https:\/\/www.interflora.es\/blog\/wp-content\/litespeed\/avatar\/f906d3ce098bd9b4e84d1b71d27d54af.jpg?ver=1777298586","contentUrl":"https:\/\/www.interflora.es\/blog\/wp-content\/litespeed\/avatar\/f906d3ce098bd9b4e84d1b71d27d54af.jpg?ver=1777298586","caption":"celia"}}]}},"uagb_featured_image_src":{"full":["https:\/\/www.interflora.es\/blog\/wp-content\/uploads\/trenza-con-flores.jpg",1250,833,false],"thumbnail":["https:\/\/www.interflora.es\/blog\/wp-content\/uploads\/trenza-con-flores-150x150.jpg",150,150,true],"medium":["https:\/\/www.interflora.es\/blog\/wp-content\/uploads\/trenza-con-flores-300x200.jpg",300,200,true],"medium_large":["https:\/\/www.interflora.es\/blog\/wp-content\/uploads\/trenza-con-flores-768x512.jpg",768,512,true],"large":["https:\/\/www.interflora.es\/blog\/wp-content\/uploads\/trenza-con-flores-1024x682.jpg",1024,682,true],"1536x1536":["https:\/\/www.interflora.es\/blog\/wp-content\/uploads\/trenza-con-flores.jpg",1250,833,false],"2048x2048":["https:\/\/www.interflora.es\/blog\/wp-content\/uploads\/trenza-con-flores.jpg",1250,833,false]},"uagb_author_info":{"display_name":"celia","author_link":"https:\/\/www.interflora.es\/blog\/author\/celia\/"},"uagb_comment_info":3,"uagb_excerpt":"Las flores son el complemento perfecto para decorar el pelo de la novia en el d\u00eda de su boda y [&hellip;]","_links":{"self":[{"href":"https:\/\/www.interflora.es\/blog\/wp-json\/wp\/v2\/posts\/16857","targetHints":{"allow":["GET"]}}],"collection":[{"href":"https:\/\/www.interflora.es\/blog\/wp-json\/wp\/v2\/posts"}],"about":[{"href":"https:\/\/www.interflora.es\/blog\/wp-json\/wp\/v2\/types\/post"}],"author":[{"embeddable":true,"href":"https:\/\/www.interflora.es\/blog\/wp-json\/wp\/v2\/users\/8"}],"replies":[{"embeddable":true,"href":"https:\/\/www.interflora.es\/blog\/wp-json\/wp\/v2\/comments?post=16857"}],"version-history":[{"count":0,"href":"https:\/\/www.interflora.es\/blog\/wp-json\/wp\/v2\/posts\/16857\/revisions"}],"wp:featuredmedia":[{"embeddable":true,"href":"https:\/\/www.interflora.es\/blog\/wp-json\/wp\/v2\/media\/16858"}],"wp:attachment":[{"href":"https:\/\/www.interflora.es\/blog\/wp-json\/wp\/v2\/media?parent=16857"}],"wp:term":[{"taxonomy":"category","embeddable":true,"href":"https:\/\/www.interflora.es\/blog\/wp-json\/wp\/v2\/categories?post=16857"},{"taxonomy":"post_tag","embeddable":true,"href":"https:\/\/www.interflora.es\/blog\/wp-json\/wp\/v2\/tags?post=16857"}],"curies":[{"name":"wp","href":"https:\/\/api.w.org\/{rel}","templated":true}]}}