{"id":15637,"date":"2026-03-18T11:47:09","date_gmt":"2026-03-18T10:47:09","guid":{"rendered":"https:\/\/www.interflora.es\/blog\/?p=15637"},"modified":"2026-03-23T14:10:29","modified_gmt":"2026-03-23T13:10:29","slug":"bulbos-de-tulipanes","status":"publish","type":"post","link":"https:\/\/www.interflora.es\/blog\/bulbos-de-tulipanes\/","title":{"rendered":"Bulbos de tulipanes: alegra tu jard\u00edn con plantas de primavera"},"content":{"rendered":"\n<p>El <strong>tulip\u00e1n <\/strong>es la tercera <strong>flor <\/strong>m\u00e1s vendida del mundo, \u00a1y con raz\u00f3n! \u00bfA qui\u00e9n no le fascinan su elegancia, su forma sim\u00e9trica y su variedad de <strong>colores<\/strong>? Si te apasiona la <strong>jardiner\u00eda <\/strong>y te gustar\u00eda llenar tu <strong>jard\u00edn <\/strong>o tu <strong>terraza <\/strong>de bonitos <strong>tulipanes<\/strong>, en este art\u00edculo te explicamos todo lo que necesitas saber sobre los <strong>bulbos de tulip\u00e1n<\/strong>, cu\u00e1ndo plantarlos y sus cuidados.<\/p>\n\n\n\n<div style=\"height:5px\" aria-hidden=\"true\" class=\"wp-block-spacer\"><\/div>\n\n\n<div class=\"lp-produits-grid\"><div class=\"lp-produit\"><div class=\"lp-thumbnail-wrapper\"><img loading=\"lazy\" decoding=\"async\" width=\"300\" height=\"300\" src=\"https:\/\/www.interflora.es\/blog\/wp-content\/uploads\/2025\/04\/1730709394-fw015-tulip-blush-medium-zoomed-key-2-300x300.jpg\" class=\"attachment-medium size-medium wp-post-image\" alt=\"\" srcset=\"https:\/\/www.interflora.es\/blog\/wp-content\/uploads\/2025\/04\/1730709394-fw015-tulip-blush-medium-zoomed-key-2-300x300.jpg 300w, https:\/\/www.interflora.es\/blog\/wp-content\/uploads\/2025\/04\/1730709394-fw015-tulip-blush-medium-zoomed-key-2-1024x1024.jpg 1024w, https:\/\/www.interflora.es\/blog\/wp-content\/uploads\/2025\/04\/1730709394-fw015-tulip-blush-medium-zoomed-key-2-150x150.jpg 150w, https:\/\/www.interflora.es\/blog\/wp-content\/uploads\/2025\/04\/1730709394-fw015-tulip-blush-medium-zoomed-key-2-768x768.jpg 768w, https:\/\/www.interflora.es\/blog\/wp-content\/uploads\/2025\/04\/1730709394-fw015-tulip-blush-medium-zoomed-key-2.jpg 1200w\" sizes=\"auto, (max-width: 300px) 100vw, 300px\" \/><img decoding=\"async\" class=\"lp-badge\" src=\"https:\/\/prodblog.interflora.es\/blog\/wp-content\/uploads\/2025\/04\/220422_INTERFLORA_Main_Logo_rgb_Main_Color.png\" alt=\"Entrega r\u00e1pida\"><\/div><span>Ramo de Tulipanes Rojos<\/span><p>29.99 \u20ac<\/p><span class=\"obf-link lp-cta\" role=\"link\" tabindex=\"0\" data-b64=\"aHR0cHM6Ly93d3cuaW50ZXJmbG9yYS5lcy9wL3R1bGlwLWJsdXNoLzE\/dXRtX21lZGl1bT1vcmdhbmljJnV0bV9zb3VyY2U9YmxvZ19wcm9kdWN0cyZ1dG1fY2FtcGFpZ249RlcwMTU=\" data-target=\"_blank\"><svg xmlns=\"http:\/\/www.w3.org\/2000\/svg\" width=\"16\" height=\"16\" fill=\"currentColor\" class=\"bi bi-bag\" viewBox=\"0 0 16 16\"><path d=\"M8 1a2 2 0 0 1 2 2v1h2.5A1.5 1.5 0 0 1 14 5.5v8A1.5 1.5 0 0 1 12.5 15h-9A1.5 1.5 0 0 1 2 13.5v-8A1.5 1.5 0 0 1 3.5 3H6V2a2 2 0 0 1 2-1zm1 3V3a1 1 0 0 0-2 0v1h2z\"\/><\/svg>Comprar<\/span><p class=\"rapido\">Entrega en el d\u00eda<\/p><\/div><div class=\"lp-produit\"><div class=\"lp-thumbnail-wrapper\"><img loading=\"lazy\" decoding=\"async\" width=\"300\" height=\"300\" src=\"https:\/\/www.interflora.es\/blog\/wp-content\/uploads\/2025\/04\/1745420903-ff020-m-tulipani-zoom-key-300x300.jpg\" class=\"attachment-medium size-medium wp-post-image\" alt=\"\" srcset=\"https:\/\/www.interflora.es\/blog\/wp-content\/uploads\/2025\/04\/1745420903-ff020-m-tulipani-zoom-key-300x300.jpg 300w, https:\/\/www.interflora.es\/blog\/wp-content\/uploads\/2025\/04\/1745420903-ff020-m-tulipani-zoom-key-1024x1024.jpg 1024w, https:\/\/www.interflora.es\/blog\/wp-content\/uploads\/2025\/04\/1745420903-ff020-m-tulipani-zoom-key-150x150.jpg 150w, https:\/\/www.interflora.es\/blog\/wp-content\/uploads\/2025\/04\/1745420903-ff020-m-tulipani-zoom-key-768x768.jpg 768w, https:\/\/www.interflora.es\/blog\/wp-content\/uploads\/2025\/04\/1745420903-ff020-m-tulipani-zoom-key-1536x1536.jpg 1536w, https:\/\/www.interflora.es\/blog\/wp-content\/uploads\/2025\/04\/1745420903-ff020-m-tulipani-zoom-key-2048x2048.jpg 2048w\" sizes=\"auto, (max-width: 300px) 100vw, 300px\" \/><img decoding=\"async\" class=\"lp-badge\" src=\"https:\/\/prodblog.interflora.es\/blog\/wp-content\/uploads\/2025\/04\/220422_INTERFLORA_Main_Logo_rgb_Main_Color.png\" alt=\"Entrega r\u00e1pida\"><\/div><span>Tulipanes multicolor<\/span><p>29.99 \u20ac<\/p><span class=\"obf-link lp-cta\" role=\"link\" tabindex=\"0\" data-b64=\"aHR0cHM6Ly93d3cuaW50ZXJmbG9yYS5lcy9wL3JhbW8tbXVsdGljb2xvci1kZS10dWxpcGFuZXMvMT91dG1fbWVkaXVtPW9yZ2FuaWMmdXRtX3NvdXJjZT1ibG9nX3Byb2R1Y3RzJnV0bV9jYW1wYWlnbj1GRjAyMA==\" data-target=\"_blank\"><svg xmlns=\"http:\/\/www.w3.org\/2000\/svg\" width=\"16\" height=\"16\" fill=\"currentColor\" class=\"bi bi-bag\" viewBox=\"0 0 16 16\"><path d=\"M8 1a2 2 0 0 1 2 2v1h2.5A1.5 1.5 0 0 1 14 5.5v8A1.5 1.5 0 0 1 12.5 15h-9A1.5 1.5 0 0 1 2 13.5v-8A1.5 1.5 0 0 1 3.5 3H6V2a2 2 0 0 1 2-1zm1 3V3a1 1 0 0 0-2 0v1h2z\"\/><\/svg>Comprar<\/span><p class=\"rapido\">Entrega en el d\u00eda<\/p><\/div><div class=\"lp-produit\"><div class=\"lp-thumbnail-wrapper\"><img loading=\"lazy\" decoding=\"async\" width=\"300\" height=\"300\" src=\"https:\/\/www.interflora.es\/blog\/wp-content\/uploads\/2025\/12\/1766488524-ff122-s-tulipanes-de-amor-zoom-key-300x300.jpg\" class=\"attachment-medium size-medium wp-post-image\" alt=\"\" srcset=\"https:\/\/www.interflora.es\/blog\/wp-content\/uploads\/2025\/12\/1766488524-ff122-s-tulipanes-de-amor-zoom-key-300x300.jpg 300w, https:\/\/www.interflora.es\/blog\/wp-content\/uploads\/2025\/12\/1766488524-ff122-s-tulipanes-de-amor-zoom-key-1024x1024.jpg 1024w, https:\/\/www.interflora.es\/blog\/wp-content\/uploads\/2025\/12\/1766488524-ff122-s-tulipanes-de-amor-zoom-key-150x150.jpg 150w, https:\/\/www.interflora.es\/blog\/wp-content\/uploads\/2025\/12\/1766488524-ff122-s-tulipanes-de-amor-zoom-key-768x768.jpg 768w, https:\/\/www.interflora.es\/blog\/wp-content\/uploads\/2025\/12\/1766488524-ff122-s-tulipanes-de-amor-zoom-key-1536x1536.jpg 1536w, https:\/\/www.interflora.es\/blog\/wp-content\/uploads\/2025\/12\/1766488524-ff122-s-tulipanes-de-amor-zoom-key-2048x2048.jpg 2048w\" sizes=\"auto, (max-width: 300px) 100vw, 300px\" \/><img decoding=\"async\" class=\"lp-badge\" src=\"https:\/\/prodblog.interflora.es\/blog\/wp-content\/uploads\/2025\/04\/220422_INTERFLORA_Main_Logo_rgb_Main_Color.png\" alt=\"Entrega r\u00e1pida\"><\/div><span>Tulipanes de Amor<\/span><p>39.99 \u20ac<\/p><span class=\"obf-link lp-cta\" role=\"link\" tabindex=\"0\" data-b64=\"aHR0cHM6Ly93d3cuaW50ZXJmbG9yYS5lcy9wL3R1bGlwYW5lcy1yb2pvcy1yb3Nhcy8xP3V0bV9tZWRpdW09b3JnYW5pYyZ1dG1fc291cmNlPWJsb2dfcHJvZHVjdHMmdXRtX2NhbXBhaWduPUZGMTIy\" data-target=\"_blank\"><svg xmlns=\"http:\/\/www.w3.org\/2000\/svg\" width=\"16\" height=\"16\" fill=\"currentColor\" class=\"bi bi-bag\" viewBox=\"0 0 16 16\"><path d=\"M8 1a2 2 0 0 1 2 2v1h2.5A1.5 1.5 0 0 1 14 5.5v8A1.5 1.5 0 0 1 12.5 15h-9A1.5 1.5 0 0 1 2 13.5v-8A1.5 1.5 0 0 1 3.5 3H6V2a2 2 0 0 1 2-1zm1 3V3a1 1 0 0 0-2 0v1h2z\"\/><\/svg>Comprar<\/span><p class=\"rapido\">Entrega en el d\u00eda<\/p><\/div><div class=\"lp-produit\"><div class=\"lp-thumbnail-wrapper\"><img loading=\"lazy\" decoding=\"async\" width=\"300\" height=\"300\" src=\"https:\/\/www.interflora.es\/blog\/wp-content\/uploads\/2025\/04\/1740060389-ff034-sp-2-300x300.jpg\" class=\"attachment-medium size-medium wp-post-image\" alt=\"\" srcset=\"https:\/\/www.interflora.es\/blog\/wp-content\/uploads\/2025\/04\/1740060389-ff034-sp-2-300x300.jpg 300w, https:\/\/www.interflora.es\/blog\/wp-content\/uploads\/2025\/04\/1740060389-ff034-sp-2-1024x1024.jpg 1024w, https:\/\/www.interflora.es\/blog\/wp-content\/uploads\/2025\/04\/1740060389-ff034-sp-2-150x150.jpg 150w, https:\/\/www.interflora.es\/blog\/wp-content\/uploads\/2025\/04\/1740060389-ff034-sp-2-768x768.jpg 768w, https:\/\/www.interflora.es\/blog\/wp-content\/uploads\/2025\/04\/1740060389-ff034-sp-2-1536x1536.jpg 1536w, https:\/\/www.interflora.es\/blog\/wp-content\/uploads\/2025\/04\/1740060389-ff034-sp-2-2048x2048.jpg 2048w\" sizes=\"auto, (max-width: 300px) 100vw, 300px\" \/><img decoding=\"async\" class=\"lp-badge\" src=\"https:\/\/prodblog.interflora.es\/blog\/wp-content\/uploads\/2025\/04\/220422_INTERFLORA_Main_Logo_rgb_Main_Color.png\" alt=\"Entrega r\u00e1pida\"><\/div><span>Sonrisa de Color<\/span><p>49.99 \u20ac<\/p><span class=\"obf-link lp-cta\" role=\"link\" tabindex=\"0\" data-b64=\"aHR0cHM6Ly93d3cuaW50ZXJmbG9yYS5lcy9wL3JhbW8tY3JlYXRpdm8tZGVsLWZsb3Jpc3RhLWNvbi10dWxpcGFuZXMtbXVsdGljb2xvci8xP3V0bV9tZWRpdW09b3JnYW5pYyZ1dG1fc291cmNlPWJsb2dfcHJvZHVjdHMmdXRtX2NhbXBhaWduPUYwMjYw\" data-target=\"_blank\"><svg xmlns=\"http:\/\/www.w3.org\/2000\/svg\" width=\"16\" height=\"16\" fill=\"currentColor\" class=\"bi bi-bag\" viewBox=\"0 0 16 16\"><path d=\"M8 1a2 2 0 0 1 2 2v1h2.5A1.5 1.5 0 0 1 14 5.5v8A1.5 1.5 0 0 1 12.5 15h-9A1.5 1.5 0 0 1 2 13.5v-8A1.5 1.5 0 0 1 3.5 3H6V2a2 2 0 0 1 2-1zm1 3V3a1 1 0 0 0-2 0v1h2z\"\/><\/svg>Comprar<\/span><p class=\"rapido\">Env\u00edo r\u00e1pido<\/p><\/div><\/div>\n\n\n\n<div style=\"height:5px\" aria-hidden=\"true\" class=\"wp-block-spacer\"><\/div>\n\n\n\n<div class=\"wp-block-media-text alignwide is-stacked-on-mobile is-image-fill-element\" style=\"grid-template-columns:36% auto\"><figure class=\"wp-block-media-text__media\"><img loading=\"lazy\" decoding=\"async\" width=\"500\" height=\"500\" src=\"https:\/\/www.interflora.es\/blog\/wp-content\/uploads\/bulbos-tulipanes.jpg\" alt=\"Bulbos tulipanes\" class=\"wp-image-16922 size-full\" style=\"object-position:50% 50%\" srcset=\"https:\/\/www.interflora.es\/blog\/wp-content\/uploads\/bulbos-tulipanes.jpg 500w, https:\/\/www.interflora.es\/blog\/wp-content\/uploads\/bulbos-tulipanes-300x300.jpg 300w, https:\/\/www.interflora.es\/blog\/wp-content\/uploads\/bulbos-tulipanes-150x150.jpg 150w\" sizes=\"auto, (max-width: 500px) 100vw, 500px\" \/><\/figure><div class=\"wp-block-media-text__content\">\n<h2 class=\"wp-block-heading\">\u00bfCu\u00e1ndo se plantan los bulbos de tulip\u00e1n?<\/h2>\n\n\n\n<p>Los <strong>tulipanes <\/strong>son una de las <strong>flores <\/strong>m\u00e1s populares y reconocibles del mundo. Aunque los m\u00e1s famosos son los <a href=\"https:\/\/www.interflora.es\/blog\/tulipanes-de-holanda\/\">tulipanes de Holanda<\/a>, pa\u00eds que acapara el 80 % de la producci\u00f3n mundial, estas <strong>plantas <\/strong>en realidad proceden de Oriente. Su popularidad en <strong>Holanda <\/strong>es tal, que hasta tienen su propia fiesta nacional y sus <strong>campos de tulipanes<\/strong> se han convertido en una atracci\u00f3n tur\u00edstica m\u00e1s.&nbsp;<\/p>\n\n\n\n<p>La <strong>floraci\u00f3n del tulip\u00e1n <\/strong>se produce en primavera, entre los meses de marzo y de mayo. Para respetar la <strong>temporada de los tulipanes<\/strong> y disfrutar de su <strong>flor <\/strong>en el momento preciso, deber\u00e1s <strong>plantar los bulbos <\/strong>durante la \u00e9poca de <strong>oto\u00f1o<\/strong>. Te recomendamos que esperes a que bajen las temperaturas y lleguen las primeras heladas.&nbsp;<\/p>\n<\/div><\/div>\n\n\n\n<p><\/p>\n\n\n\n<h2 class=\"wp-block-heading\">\u00bfC\u00f3mo plantar bulbos de tulipanes?<\/h2>\n\n\n\n<p>La ventaja de los <strong>tulipanes <\/strong>es que son <a href=\"https:\/\/www.interflora.es\/blog\/plantas-y-flores-con-bulbo\/\">plantas de bulbo<\/a>, por lo que resultan facil\u00edsimas de <strong>plantar <\/strong>y <strong>cuidar<\/strong>. Despu\u00e9s de comprar <strong>bulbos de tulip\u00e1n de colores<\/strong>, toca sacar las herramientas de <strong>jardiner\u00eda <\/strong>y ensuciarse un poquito las manos. La t\u00e9cnica no tiene mucho misterio pero, por si acaso, toma nota de nuestros <strong>consejos<\/strong> <strong>para plantar tulipanes<\/strong>.<\/p>\n\n\n\n<div class=\"wp-block-media-text alignwide has-media-on-the-right is-stacked-on-mobile is-image-fill-element\" style=\"grid-template-columns:auto 35%\"><div class=\"wp-block-media-text__content\">\n<h3 class=\"wp-block-heading\">Plantar bulbos de tulip\u00e1n en maceta o en el jard\u00edn<\/h3>\n\n\n\n<p>Los <strong>tulipanes <\/strong>se pueden <strong>plantar<\/strong> tanto en <strong>macetas <\/strong>en tu terraza como directamente en la tierra del <strong>jard\u00edn<\/strong>. Lo m\u00e1s importante es que el <strong>drenaje <\/strong>de la tierra sea bueno y la planta vaya a recibir<strong> luz del sol directa<\/strong>. Puedes sembrar varios en una maceta o combinarlos con otras especies.<\/p>\n\n\n\n<p>Primero, remueve bien la <strong>tierra <\/strong>o el <strong>sustrato <\/strong>y haz peque\u00f1os orificios a unos 15 o 20 cm de distancia para colocar tus <strong>bulbos<\/strong>. Despu\u00e9s, entierra cada <strong>bulbo <\/strong>a una profundidad de 8 cm aproximadamente. Es importante colocar el punto por el que brotar\u00e1 la <strong>planta <\/strong>hacia arriba.&nbsp;<\/p>\n<\/div><figure class=\"wp-block-media-text__media\"><img decoding=\"async\" src=\"https:\/\/www.interflora.es\/blog\/wp-content\/uploads\/2020\/03\/herramientas-jardinerA_a-1-1024x517.jpg\" alt=\"jardineria\" class=\"wp-image-7863 size-full\" style=\"object-position:50% 50%\"\/><\/figure><\/div>\n\n\n\n<p><\/p>\n\n\n\n<h2 class=\"wp-block-heading\">Consejos de cuidado para los tulipanes&nbsp;<\/h2>\n\n\n\n<p>Los <a href=\"https:\/\/www.interflora.es\/c\/flores\/tulipanes\">tulipanes en ramo<\/a> son plantas bastante resistentes y no necesitan grandes <strong>cuidados<\/strong>. Esta <strong>planta <\/strong>perenne aguanta bien el fr\u00edo del <strong>oto\u00f1o <\/strong>y el <strong>invierno<\/strong>. Simplemente debes procurar un <strong>riego <\/strong>abundante y frecuente, intentando mantener la tierra siempre h\u00fameda pero <strong>sin encharcamientos<\/strong>.\u00a0<\/p>\n\n\n\n<h2 class=\"wp-block-heading\">\u00bfC\u00f3mo conservar los bulbos de tulip\u00e1n?<\/h2>\n\n\n\n<p>Los <strong>bulbos <\/strong>se pueden conservar en la tierra <strong>todo <\/strong>el a\u00f1o, todo depender\u00e1 de la \u00e9poca en la que los hayamos comprado y de la zona en la que vivamos. Si compras tus <strong>bulbos <\/strong>fuera de temporada, puedes guardarlos y plantarlos en <strong>oto\u00f1o <\/strong>cuando llegue el momento id\u00f3neo.<\/p>\n\n\n\n<p>Si las <strong>temperaturas <\/strong>suelen situarse por debajo de los 10\u00baC, es recomendable desenterrar los <strong>bulbos <\/strong>y guardarlos hasta que pasen las semanas m\u00e1s fr\u00edas del invierno. Con nuestros consejos, tus <strong>bulbos <\/strong>aguantar\u00e1n perfectamente entre seis y doce semanas.<\/p>\n\n\n\n<div style=\"height:5px\" aria-hidden=\"true\" class=\"wp-block-spacer\"><\/div>\n\n\n<div class=\"lp-produits-grid\"><div class=\"lp-produit\"><div class=\"lp-thumbnail-wrapper\"><img loading=\"lazy\" decoding=\"async\" width=\"300\" height=\"300\" src=\"https:\/\/www.interflora.es\/blog\/wp-content\/uploads\/2025\/11\/1706255897-regina-hd-1-300x300.jpg\" class=\"attachment-medium size-medium wp-post-image\" alt=\"\" srcset=\"https:\/\/www.interflora.es\/blog\/wp-content\/uploads\/2025\/11\/1706255897-regina-hd-1-300x300.jpg 300w, https:\/\/www.interflora.es\/blog\/wp-content\/uploads\/2025\/11\/1706255897-regina-hd-1-1024x1024.jpg 1024w, https:\/\/www.interflora.es\/blog\/wp-content\/uploads\/2025\/11\/1706255897-regina-hd-1-150x150.jpg 150w, https:\/\/www.interflora.es\/blog\/wp-content\/uploads\/2025\/11\/1706255897-regina-hd-1-768x768.jpg 768w, https:\/\/www.interflora.es\/blog\/wp-content\/uploads\/2025\/11\/1706255897-regina-hd-1.jpg 1400w\" sizes=\"auto, (max-width: 300px) 100vw, 300px\" \/><img decoding=\"async\" class=\"lp-badge\" src=\"https:\/\/prodblog.interflora.es\/blog\/wp-content\/uploads\/2025\/04\/220422_INTERFLORA_Main_Logo_rgb_Main_Color.png\" alt=\"Entrega r\u00e1pida\"><\/div><span>Reina de corazones<\/span><p>29.99 \u20ac<\/p><span class=\"obf-link lp-cta\" role=\"link\" tabindex=\"0\" data-b64=\"aHR0cHM6Ly93d3cuaW50ZXJmbG9yYS5lcy9wL3JlaW5hLWRlLWNvcmF6b25lcy8xP3V0bV9tZWRpdW09b3JnYW5pYyZ1dG1fc291cmNlPWJsb2dfcHJvZHVjdHMmdXRtX2NhbXBhaWduPUZXRDA0MA==\" data-target=\"_blank\"><svg xmlns=\"http:\/\/www.w3.org\/2000\/svg\" width=\"16\" height=\"16\" fill=\"currentColor\" class=\"bi bi-bag\" viewBox=\"0 0 16 16\"><path d=\"M8 1a2 2 0 0 1 2 2v1h2.5A1.5 1.5 0 0 1 14 5.5v8A1.5 1.5 0 0 1 12.5 15h-9A1.5 1.5 0 0 1 2 13.5v-8A1.5 1.5 0 0 1 3.5 3H6V2a2 2 0 0 1 2-1zm1 3V3a1 1 0 0 0-2 0v1h2z\"\/><\/svg>Comprar<\/span><p class=\"rapido\">Selecci\u00f3n Interflora<\/p><\/div><div class=\"lp-produit\"><div class=\"lp-thumbnail-wrapper\"><img loading=\"lazy\" decoding=\"async\" width=\"300\" height=\"300\" src=\"https:\/\/www.interflora.es\/blog\/wp-content\/uploads\/2025\/12\/1766488441-ff174-s-tulipanes-arcoiris-300x300.jpg\" class=\"attachment-medium size-medium wp-post-image\" alt=\"\" srcset=\"https:\/\/www.interflora.es\/blog\/wp-content\/uploads\/2025\/12\/1766488441-ff174-s-tulipanes-arcoiris-300x300.jpg 300w, https:\/\/www.interflora.es\/blog\/wp-content\/uploads\/2025\/12\/1766488441-ff174-s-tulipanes-arcoiris-1024x1024.jpg 1024w, https:\/\/www.interflora.es\/blog\/wp-content\/uploads\/2025\/12\/1766488441-ff174-s-tulipanes-arcoiris-150x150.jpg 150w, https:\/\/www.interflora.es\/blog\/wp-content\/uploads\/2025\/12\/1766488441-ff174-s-tulipanes-arcoiris-768x768.jpg 768w, https:\/\/www.interflora.es\/blog\/wp-content\/uploads\/2025\/12\/1766488441-ff174-s-tulipanes-arcoiris-1536x1536.jpg 1536w, https:\/\/www.interflora.es\/blog\/wp-content\/uploads\/2025\/12\/1766488441-ff174-s-tulipanes-arcoiris-2048x2048.jpg 2048w\" sizes=\"auto, (max-width: 300px) 100vw, 300px\" \/><img decoding=\"async\" class=\"lp-badge\" src=\"https:\/\/prodblog.interflora.es\/blog\/wp-content\/uploads\/2025\/04\/220422_INTERFLORA_Main_Logo_rgb_Main_Color.png\" alt=\"Entrega r\u00e1pida\"><\/div><span>Tulipanes Arcoiris<\/span><p>37.99 \u20ac<\/p><span class=\"obf-link lp-cta\" role=\"link\" tabindex=\"0\" data-b64=\"aHR0cHM6Ly93d3cuaW50ZXJmbG9yYS5lcy9wL3R1bGlwYW5lcy1tdWx0aWNvbG9yLzE\/dXRtX21lZGl1bT1vcmdhbmljJnV0bV9zb3VyY2U9YmxvZ19wcm9kdWN0cyZ1dG1fY2FtcGFpZ249RkYxNzQ=\" data-target=\"_blank\"><svg xmlns=\"http:\/\/www.w3.org\/2000\/svg\" width=\"16\" height=\"16\" fill=\"currentColor\" class=\"bi bi-bag\" viewBox=\"0 0 16 16\"><path d=\"M8 1a2 2 0 0 1 2 2v1h2.5A1.5 1.5 0 0 1 14 5.5v8A1.5 1.5 0 0 1 12.5 15h-9A1.5 1.5 0 0 1 2 13.5v-8A1.5 1.5 0 0 1 3.5 3H6V2a2 2 0 0 1 2-1zm1 3V3a1 1 0 0 0-2 0v1h2z\"\/><\/svg>Comprar<\/span><p class=\"rapido\">Atenci\u00f3n al cliente siempre disponible<\/p><\/div><div class=\"lp-produit\"><div class=\"lp-thumbnail-wrapper\"><img loading=\"lazy\" decoding=\"async\" width=\"300\" height=\"300\" src=\"https:\/\/www.interflora.es\/blog\/wp-content\/uploads\/2025\/04\/1745420903-ff020-m-tulipani-zoom-key-300x300.jpg\" class=\"attachment-medium size-medium wp-post-image\" alt=\"\" srcset=\"https:\/\/www.interflora.es\/blog\/wp-content\/uploads\/2025\/04\/1745420903-ff020-m-tulipani-zoom-key-300x300.jpg 300w, https:\/\/www.interflora.es\/blog\/wp-content\/uploads\/2025\/04\/1745420903-ff020-m-tulipani-zoom-key-1024x1024.jpg 1024w, https:\/\/www.interflora.es\/blog\/wp-content\/uploads\/2025\/04\/1745420903-ff020-m-tulipani-zoom-key-150x150.jpg 150w, https:\/\/www.interflora.es\/blog\/wp-content\/uploads\/2025\/04\/1745420903-ff020-m-tulipani-zoom-key-768x768.jpg 768w, https:\/\/www.interflora.es\/blog\/wp-content\/uploads\/2025\/04\/1745420903-ff020-m-tulipani-zoom-key-1536x1536.jpg 1536w, https:\/\/www.interflora.es\/blog\/wp-content\/uploads\/2025\/04\/1745420903-ff020-m-tulipani-zoom-key-2048x2048.jpg 2048w\" sizes=\"auto, (max-width: 300px) 100vw, 300px\" \/><img decoding=\"async\" class=\"lp-badge\" src=\"https:\/\/prodblog.interflora.es\/blog\/wp-content\/uploads\/2025\/04\/220422_INTERFLORA_Main_Logo_rgb_Main_Color.png\" alt=\"Entrega r\u00e1pida\"><\/div><span>Tulipanes multicolor<\/span><p>29.99 \u20ac<\/p><span class=\"obf-link lp-cta\" role=\"link\" tabindex=\"0\" data-b64=\"aHR0cHM6Ly93d3cuaW50ZXJmbG9yYS5lcy9wL3JhbW8tbXVsdGljb2xvci1kZS10dWxpcGFuZXMvMT91dG1fbWVkaXVtPW9yZ2FuaWMmdXRtX3NvdXJjZT1ibG9nX3Byb2R1Y3RzJnV0bV9jYW1wYWlnbj1GRjAyMA==\" data-target=\"_blank\"><svg xmlns=\"http:\/\/www.w3.org\/2000\/svg\" width=\"16\" height=\"16\" fill=\"currentColor\" class=\"bi bi-bag\" viewBox=\"0 0 16 16\"><path d=\"M8 1a2 2 0 0 1 2 2v1h2.5A1.5 1.5 0 0 1 14 5.5v8A1.5 1.5 0 0 1 12.5 15h-9A1.5 1.5 0 0 1 2 13.5v-8A1.5 1.5 0 0 1 3.5 3H6V2a2 2 0 0 1 2-1zm1 3V3a1 1 0 0 0-2 0v1h2z\"\/><\/svg>Comprar<\/span><p class=\"rapido\">Selecci\u00f3n Interflora<\/p><\/div><div class=\"lp-produit\"><div class=\"lp-thumbnail-wrapper\"><img loading=\"lazy\" decoding=\"async\" width=\"300\" height=\"300\" src=\"https:\/\/www.interflora.es\/blog\/wp-content\/uploads\/2025\/04\/1740060389-ff034-sp-2-300x300.jpg\" class=\"attachment-medium size-medium wp-post-image\" alt=\"\" srcset=\"https:\/\/www.interflora.es\/blog\/wp-content\/uploads\/2025\/04\/1740060389-ff034-sp-2-300x300.jpg 300w, https:\/\/www.interflora.es\/blog\/wp-content\/uploads\/2025\/04\/1740060389-ff034-sp-2-1024x1024.jpg 1024w, https:\/\/www.interflora.es\/blog\/wp-content\/uploads\/2025\/04\/1740060389-ff034-sp-2-150x150.jpg 150w, https:\/\/www.interflora.es\/blog\/wp-content\/uploads\/2025\/04\/1740060389-ff034-sp-2-768x768.jpg 768w, https:\/\/www.interflora.es\/blog\/wp-content\/uploads\/2025\/04\/1740060389-ff034-sp-2-1536x1536.jpg 1536w, https:\/\/www.interflora.es\/blog\/wp-content\/uploads\/2025\/04\/1740060389-ff034-sp-2-2048x2048.jpg 2048w\" sizes=\"auto, (max-width: 300px) 100vw, 300px\" \/><img decoding=\"async\" class=\"lp-badge\" src=\"https:\/\/prodblog.interflora.es\/blog\/wp-content\/uploads\/2025\/04\/220422_INTERFLORA_Main_Logo_rgb_Main_Color.png\" alt=\"Entrega r\u00e1pida\"><\/div><span>Sonrisa de Color<\/span><p>49.99 \u20ac<\/p><span class=\"obf-link lp-cta\" role=\"link\" tabindex=\"0\" data-b64=\"aHR0cHM6Ly93d3cuaW50ZXJmbG9yYS5lcy9wL3JhbW8tY3JlYXRpdm8tZGVsLWZsb3Jpc3RhLWNvbi10dWxpcGFuZXMtbXVsdGljb2xvci8xP3V0bV9tZWRpdW09b3JnYW5pYyZ1dG1fc291cmNlPWJsb2dfcHJvZHVjdHMmdXRtX2NhbXBhaWduPUYwMjYw\" data-target=\"_blank\"><svg xmlns=\"http:\/\/www.w3.org\/2000\/svg\" width=\"16\" height=\"16\" fill=\"currentColor\" class=\"bi bi-bag\" viewBox=\"0 0 16 16\"><path d=\"M8 1a2 2 0 0 1 2 2v1h2.5A1.5 1.5 0 0 1 14 5.5v8A1.5 1.5 0 0 1 12.5 15h-9A1.5 1.5 0 0 1 2 13.5v-8A1.5 1.5 0 0 1 3.5 3H6V2a2 2 0 0 1 2-1zm1 3V3a1 1 0 0 0-2 0v1h2z\"\/><\/svg>Comprar<\/span><p class=\"rapido\">Atenci\u00f3n al cliente siempre disponible<\/p><\/div><\/div>\n\n\n\n<div style=\"height:5px\" aria-hidden=\"true\" class=\"wp-block-spacer\"><\/div>\n\n\n\n<div class=\"wp-block-media-text alignwide has-media-on-the-right is-stacked-on-mobile is-image-fill-element\" style=\"grid-template-columns:auto 35%\"><div class=\"wp-block-media-text__content\">\n<h3 class=\"wp-block-heading\">Consejos para conservar los bulbos fuera de la tierra<\/h3>\n\n\n\n<ul class=\"wp-block-list\">\n<li>Cuando las <strong>flores <\/strong>se marchiten, primero deber\u00e1s <strong>cortar los tallos<\/strong> lo m\u00e1s cerca posible del <strong>bulbo<\/strong>.<\/li>\n\n\n\n<li>Despu\u00e9s de unas semanas, cuando las <strong>hojas <\/strong>est\u00e9n <strong>amarillas <\/strong>y <strong>secas<\/strong>, utiliza una pala para extraer cada <strong>bulbo <\/strong>con cuidado.<\/li>\n\n\n\n<li>Retira las <strong>ra\u00edces <\/strong>y las <strong>hojas <\/strong>y limpia con cuidado el <strong>bulbo <\/strong>con papel de cocina. Aprovecha para comprobar que los <strong>bulbos <\/strong>est\u00e9n en buen estado. Las zonas oscuras o blandas son se\u00f1al de que se est\u00e1 pudriendo.<\/li>\n\n\n\n<li>Guarda los <strong>bulbos <\/strong>en un lugar <strong>fresco y seco<\/strong> durante un par de d\u00edas.<\/li>\n<\/ul>\n<\/div><figure class=\"wp-block-media-text__media\"><img decoding=\"async\" src=\"https:\/\/www.interflora.es\/blog\/wp-content\/uploads\/2022\/10\/shutterstock_1913084221-scaled-1-1024x683.jpg\" alt=\"bulbos tulipanes\" class=\"wp-image-11883 size-full\" style=\"object-position:50% 50%\"\/><\/figure><\/div>\n\n\n\n<p><\/p>\n\n\n\n<p>Para terminar, envuelve cada <strong>bulbo <\/strong>en papel de peri\u00f3dico y gu\u00e1rdalos en una estancia <strong>fr\u00eda <\/strong>o en la nevera si en tu zona hace mucho calor. No olvides revisarlos y pulverizarlos de vez en cuando.<\/p>\n","protected":false},"excerpt":{"rendered":"<p>El tulip\u00e1n es la tercera flor m\u00e1s vendida del mundo, \u00a1y con raz\u00f3n! \u00bfA qui\u00e9n no le fascinan su elegancia, [&hellip;]<\/p>\n","protected":false},"author":13,"featured_media":19056,"comment_status":"open","ping_status":"closed","sticky":false,"template":"","format":"standard","meta":{"_acf_changed":false,"_uag_custom_page_level_css":"","site-sidebar-layout":"default","site-content-layout":"","ast-site-content-layout":"default","site-content-style":"default","site-sidebar-style":"default","ast-global-header-display":"","ast-banner-title-visibility":"","ast-main-header-display":"","ast-hfb-above-header-display":"","ast-hfb-below-header-display":"","ast-hfb-mobile-header-display":"","site-post-title":"","ast-breadcrumbs-content":"","ast-featured-img":"","footer-sml-layout":"","theme-transparent-header-meta":"","adv-header-id-meta":"","stick-header-meta":"","header-above-stick-meta":"","header-main-stick-meta":"","header-below-stick-meta":"","astra-migrate-meta-layouts":"set","ast-page-background-enabled":"default","ast-page-background-meta":{"desktop":{"background-color":"var(--ast-global-color-5)","background-image":"","background-repeat":"repeat","background-position":"center center","background-size":"auto","background-attachment":"scroll","background-type":"","background-media":"","overlay-type":"","overlay-color":"","overlay-opacity":"","overlay-gradient":""},"tablet":{"background-color":"","background-image":"","background-repeat":"repeat","background-position":"center center","background-size":"auto","background-attachment":"scroll","background-type":"","background-media":"","overlay-type":"","overlay-color":"","overlay-opacity":"","overlay-gradient":""},"mobile":{"background-color":"","background-image":"","background-repeat":"repeat","background-position":"center center","background-size":"auto","background-attachment":"scroll","background-type":"","background-media":"","overlay-type":"","overlay-color":"","overlay-opacity":"","overlay-gradient":""}},"ast-content-background-meta":{"desktop":{"background-color":"var(--ast-global-color-4)","background-image":"","background-repeat":"repeat","background-position":"center center","background-size":"auto","background-attachment":"scroll","background-type":"","background-media":"","overlay-type":"","overlay-color":"","overlay-opacity":"","overlay-gradient":""},"tablet":{"background-color":"var(--ast-global-color-4)","background-image":"","background-repeat":"repeat","background-position":"center center","background-size":"auto","background-attachment":"scroll","background-type":"","background-media":"","overlay-type":"","overlay-color":"","overlay-opacity":"","overlay-gradient":""},"mobile":{"background-color":"var(--ast-global-color-4)","background-image":"","background-repeat":"repeat","background-position":"center center","background-size":"auto","background-attachment":"scroll","background-type":"","background-media":"","overlay-type":"","overlay-color":"","overlay-opacity":"","overlay-gradient":""}},"footnotes":""},"categories":[17,27,28,186,203,134],"tags":[133],"class_list":["post-15637","post","type-post","status-publish","format-standard","has-post-thumbnail","hentry","category-cuidados","category-flores","category-flores-y-plantas","category-invierno","category-primavera","category-tulipanes","tag-tulipanes"],"acf":[],"yoast_head":"<!-- This site is optimized with the Yoast SEO plugin v27.5 - https:\/\/yoast.com\/product\/yoast-seo-wordpress\/ -->\n<title>Bulbos de tulipanes que florecen en primavera | Interflora<\/title>\n<meta name=\"description\" content=\"Descubre nuestros mejores consejos para plantar y cultivar bulbos de tulipanes\ud83c\udf37 Llena tu jard\u00edn o tu terraza de alegr\u00eda la variedad de colores del tulip\u00e1n.\" \/>\n<meta name=\"robots\" content=\"index, follow, max-snippet:-1, max-image-preview:large, max-video-preview:-1\" \/>\n<link rel=\"canonical\" href=\"https:\/\/www.interflora.es\/blog\/bulbos-de-tulipanes\/\" \/>\n<script type=\"application\/ld+json\" class=\"yoast-schema-graph\">{\"@context\":\"https:\\\/\\\/schema.org\",\"@graph\":[{\"@type\":\"Article\",\"@id\":\"https:\\\/\\\/www.interflora.es\\\/blog\\\/bulbos-de-tulipanes\\\/#article\",\"isPartOf\":{\"@id\":\"https:\\\/\\\/www.interflora.es\\\/blog\\\/bulbos-de-tulipanes\\\/\"},\"author\":{\"name\":\"Interflora\",\"@id\":\"https:\\\/\\\/www.interflora.es\\\/blog\\\/#\\\/schema\\\/person\\\/e3ecff50262948e365b92682cdc2a9d1\"},\"headline\":\"Bulbos de tulipanes: alegra tu jard\u00edn con plantas de primavera\",\"datePublished\":\"2026-03-18T10:47:09+00:00\",\"dateModified\":\"2026-03-23T13:10:29+00:00\",\"mainEntityOfPage\":{\"@id\":\"https:\\\/\\\/www.interflora.es\\\/blog\\\/bulbos-de-tulipanes\\\/\"},\"wordCount\":718,\"commentCount\":0,\"publisher\":{\"@id\":\"https:\\\/\\\/www.interflora.es\\\/blog\\\/#organization\"},\"image\":{\"@id\":\"https:\\\/\\\/www.interflora.es\\\/blog\\\/bulbos-de-tulipanes\\\/#primaryimage\"},\"thumbnailUrl\":\"https:\\\/\\\/www.interflora.es\\\/blog\\\/wp-content\\\/uploads\\\/2023\\\/12\\\/Plantar-bulbos-de-tulipan.jpg\",\"keywords\":[\"tulipanes\"],\"articleSection\":[\"Cuidados de plantas y flores\",\"Flores\",\"Flores y plantas\",\"Invierno\",\"Primavera\",\"Tulipanes\"],\"inLanguage\":\"es\",\"potentialAction\":[{\"@type\":\"CommentAction\",\"name\":\"Comment\",\"target\":[\"https:\\\/\\\/www.interflora.es\\\/blog\\\/bulbos-de-tulipanes\\\/#respond\"]}]},{\"@type\":\"WebPage\",\"@id\":\"https:\\\/\\\/www.interflora.es\\\/blog\\\/bulbos-de-tulipanes\\\/\",\"url\":\"https:\\\/\\\/www.interflora.es\\\/blog\\\/bulbos-de-tulipanes\\\/\",\"name\":\"Bulbos de tulipanes que florecen en primavera | Interflora\",\"isPartOf\":{\"@id\":\"https:\\\/\\\/www.interflora.es\\\/blog\\\/#website\"},\"primaryImageOfPage\":{\"@id\":\"https:\\\/\\\/www.interflora.es\\\/blog\\\/bulbos-de-tulipanes\\\/#primaryimage\"},\"image\":{\"@id\":\"https:\\\/\\\/www.interflora.es\\\/blog\\\/bulbos-de-tulipanes\\\/#primaryimage\"},\"thumbnailUrl\":\"https:\\\/\\\/www.interflora.es\\\/blog\\\/wp-content\\\/uploads\\\/2023\\\/12\\\/Plantar-bulbos-de-tulipan.jpg\",\"datePublished\":\"2026-03-18T10:47:09+00:00\",\"dateModified\":\"2026-03-23T13:10:29+00:00\",\"description\":\"Descubre nuestros mejores consejos para plantar y cultivar bulbos de tulipanes\ud83c\udf37 Llena tu jard\u00edn o tu terraza de alegr\u00eda la variedad de colores del tulip\u00e1n.\",\"breadcrumb\":{\"@id\":\"https:\\\/\\\/www.interflora.es\\\/blog\\\/bulbos-de-tulipanes\\\/#breadcrumb\"},\"inLanguage\":\"es\",\"potentialAction\":[{\"@type\":\"ReadAction\",\"target\":[\"https:\\\/\\\/www.interflora.es\\\/blog\\\/bulbos-de-tulipanes\\\/\"]}]},{\"@type\":\"ImageObject\",\"inLanguage\":\"es\",\"@id\":\"https:\\\/\\\/www.interflora.es\\\/blog\\\/bulbos-de-tulipanes\\\/#primaryimage\",\"url\":\"https:\\\/\\\/www.interflora.es\\\/blog\\\/wp-content\\\/uploads\\\/2023\\\/12\\\/Plantar-bulbos-de-tulipan.jpg\",\"contentUrl\":\"https:\\\/\\\/www.interflora.es\\\/blog\\\/wp-content\\\/uploads\\\/2023\\\/12\\\/Plantar-bulbos-de-tulipan.jpg\",\"width\":2500,\"height\":1668},{\"@type\":\"BreadcrumbList\",\"@id\":\"https:\\\/\\\/www.interflora.es\\\/blog\\\/bulbos-de-tulipanes\\\/#breadcrumb\",\"itemListElement\":[{\"@type\":\"ListItem\",\"position\":1,\"name\":\"Home\",\"item\":\"https:\\\/\\\/www.interflora.es\\\/blog\\\/\"},{\"@type\":\"ListItem\",\"position\":2,\"name\":\"Bulbos de tulipanes: alegra tu jard\u00edn con plantas de primavera\"}]},{\"@type\":\"WebSite\",\"@id\":\"https:\\\/\\\/www.interflora.es\\\/blog\\\/#website\",\"url\":\"https:\\\/\\\/www.interflora.es\\\/blog\\\/\",\"name\":\"El blog de Interflora : consejos, ideas e inspiraci\u00f3n para disfrutar de las flores y las plantas\",\"description\":\"\",\"publisher\":{\"@id\":\"https:\\\/\\\/www.interflora.es\\\/blog\\\/#organization\"},\"potentialAction\":[{\"@type\":\"SearchAction\",\"target\":{\"@type\":\"EntryPoint\",\"urlTemplate\":\"https:\\\/\\\/www.interflora.es\\\/blog\\\/?s={search_term_string}\"},\"query-input\":{\"@type\":\"PropertyValueSpecification\",\"valueRequired\":true,\"valueName\":\"search_term_string\"}}],\"inLanguage\":\"es\"},{\"@type\":\"Organization\",\"@id\":\"https:\\\/\\\/www.interflora.es\\\/blog\\\/#organization\",\"name\":\"El blog de Interflora : consejos, ideas e inspiraci\u00f3n para disfrutar de las flores y las plantas\",\"url\":\"https:\\\/\\\/www.interflora.es\\\/blog\\\/\",\"logo\":{\"@type\":\"ImageObject\",\"inLanguage\":\"es\",\"@id\":\"https:\\\/\\\/www.interflora.es\\\/blog\\\/#\\\/schema\\\/logo\\\/image\\\/\",\"url\":\"https:\\\/\\\/www.interflora.es\\\/blog\\\/wp-content\\\/uploads\\\/2025\\\/10\\\/cropped-220422_INTERFLORA_Logo_rgb_Half_Top_Circle_Main_Color.png\",\"contentUrl\":\"https:\\\/\\\/www.interflora.es\\\/blog\\\/wp-content\\\/uploads\\\/2025\\\/10\\\/cropped-220422_INTERFLORA_Logo_rgb_Half_Top_Circle_Main_Color.png\",\"width\":1418,\"height\":659,\"caption\":\"El blog de Interflora : consejos, ideas e inspiraci\u00f3n para disfrutar de las flores y las plantas\"},\"image\":{\"@id\":\"https:\\\/\\\/www.interflora.es\\\/blog\\\/#\\\/schema\\\/logo\\\/image\\\/\"}},{\"@type\":\"Person\",\"@id\":\"https:\\\/\\\/www.interflora.es\\\/blog\\\/#\\\/schema\\\/person\\\/e3ecff50262948e365b92682cdc2a9d1\",\"name\":\"Interflora\",\"image\":{\"@type\":\"ImageObject\",\"inLanguage\":\"es\",\"@id\":\"https:\\\/\\\/www.interflora.es\\\/blog\\\/wp-content\\\/litespeed\\\/avatar\\\/ef0a9e22ccabc545011ca74a630eaf3e.jpg?ver=1777555250\",\"url\":\"https:\\\/\\\/www.interflora.es\\\/blog\\\/wp-content\\\/litespeed\\\/avatar\\\/ef0a9e22ccabc545011ca74a630eaf3e.jpg?ver=1777555250\",\"contentUrl\":\"https:\\\/\\\/www.interflora.es\\\/blog\\\/wp-content\\\/litespeed\\\/avatar\\\/ef0a9e22ccabc545011ca74a630eaf3e.jpg?ver=1777555250\",\"caption\":\"Interflora\"}}]}<\/script>\n<!-- \/ Yoast SEO plugin. -->","yoast_head_json":{"title":"Bulbos de tulipanes que florecen en primavera | Interflora","description":"Descubre nuestros mejores consejos para plantar y cultivar bulbos de tulipanes\ud83c\udf37 Llena tu jard\u00edn o tu terraza de alegr\u00eda la variedad de colores del tulip\u00e1n.","robots":{"index":"index","follow":"follow","max-snippet":"max-snippet:-1","max-image-preview":"max-image-preview:large","max-video-preview":"max-video-preview:-1"},"canonical":"https:\/\/www.interflora.es\/blog\/bulbos-de-tulipanes\/","schema":{"@context":"https:\/\/schema.org","@graph":[{"@type":"Article","@id":"https:\/\/www.interflora.es\/blog\/bulbos-de-tulipanes\/#article","isPartOf":{"@id":"https:\/\/www.interflora.es\/blog\/bulbos-de-tulipanes\/"},"author":{"name":"Interflora","@id":"https:\/\/www.interflora.es\/blog\/#\/schema\/person\/e3ecff50262948e365b92682cdc2a9d1"},"headline":"Bulbos de tulipanes: alegra tu jard\u00edn con plantas de primavera","datePublished":"2026-03-18T10:47:09+00:00","dateModified":"2026-03-23T13:10:29+00:00","mainEntityOfPage":{"@id":"https:\/\/www.interflora.es\/blog\/bulbos-de-tulipanes\/"},"wordCount":718,"commentCount":0,"publisher":{"@id":"https:\/\/www.interflora.es\/blog\/#organization"},"image":{"@id":"https:\/\/www.interflora.es\/blog\/bulbos-de-tulipanes\/#primaryimage"},"thumbnailUrl":"https:\/\/www.interflora.es\/blog\/wp-content\/uploads\/2023\/12\/Plantar-bulbos-de-tulipan.jpg","keywords":["tulipanes"],"articleSection":["Cuidados de plantas y flores","Flores","Flores y plantas","Invierno","Primavera","Tulipanes"],"inLanguage":"es","potentialAction":[{"@type":"CommentAction","name":"Comment","target":["https:\/\/www.interflora.es\/blog\/bulbos-de-tulipanes\/#respond"]}]},{"@type":"WebPage","@id":"https:\/\/www.interflora.es\/blog\/bulbos-de-tulipanes\/","url":"https:\/\/www.interflora.es\/blog\/bulbos-de-tulipanes\/","name":"Bulbos de tulipanes que florecen en primavera | Interflora","isPartOf":{"@id":"https:\/\/www.interflora.es\/blog\/#website"},"primaryImageOfPage":{"@id":"https:\/\/www.interflora.es\/blog\/bulbos-de-tulipanes\/#primaryimage"},"image":{"@id":"https:\/\/www.interflora.es\/blog\/bulbos-de-tulipanes\/#primaryimage"},"thumbnailUrl":"https:\/\/www.interflora.es\/blog\/wp-content\/uploads\/2023\/12\/Plantar-bulbos-de-tulipan.jpg","datePublished":"2026-03-18T10:47:09+00:00","dateModified":"2026-03-23T13:10:29+00:00","description":"Descubre nuestros mejores consejos para plantar y cultivar bulbos de tulipanes\ud83c\udf37 Llena tu jard\u00edn o tu terraza de alegr\u00eda la variedad de colores del tulip\u00e1n.","breadcrumb":{"@id":"https:\/\/www.interflora.es\/blog\/bulbos-de-tulipanes\/#breadcrumb"},"inLanguage":"es","potentialAction":[{"@type":"ReadAction","target":["https:\/\/www.interflora.es\/blog\/bulbos-de-tulipanes\/"]}]},{"@type":"ImageObject","inLanguage":"es","@id":"https:\/\/www.interflora.es\/blog\/bulbos-de-tulipanes\/#primaryimage","url":"https:\/\/www.interflora.es\/blog\/wp-content\/uploads\/2023\/12\/Plantar-bulbos-de-tulipan.jpg","contentUrl":"https:\/\/www.interflora.es\/blog\/wp-content\/uploads\/2023\/12\/Plantar-bulbos-de-tulipan.jpg","width":2500,"height":1668},{"@type":"BreadcrumbList","@id":"https:\/\/www.interflora.es\/blog\/bulbos-de-tulipanes\/#breadcrumb","itemListElement":[{"@type":"ListItem","position":1,"name":"Home","item":"https:\/\/www.interflora.es\/blog\/"},{"@type":"ListItem","position":2,"name":"Bulbos de tulipanes: alegra tu jard\u00edn con plantas de primavera"}]},{"@type":"WebSite","@id":"https:\/\/www.interflora.es\/blog\/#website","url":"https:\/\/www.interflora.es\/blog\/","name":"El blog de Interflora : consejos, ideas e inspiraci\u00f3n para disfrutar de las flores y las plantas","description":"","publisher":{"@id":"https:\/\/www.interflora.es\/blog\/#organization"},"potentialAction":[{"@type":"SearchAction","target":{"@type":"EntryPoint","urlTemplate":"https:\/\/www.interflora.es\/blog\/?s={search_term_string}"},"query-input":{"@type":"PropertyValueSpecification","valueRequired":true,"valueName":"search_term_string"}}],"inLanguage":"es"},{"@type":"Organization","@id":"https:\/\/www.interflora.es\/blog\/#organization","name":"El blog de Interflora : consejos, ideas e inspiraci\u00f3n para disfrutar de las flores y las plantas","url":"https:\/\/www.interflora.es\/blog\/","logo":{"@type":"ImageObject","inLanguage":"es","@id":"https:\/\/www.interflora.es\/blog\/#\/schema\/logo\/image\/","url":"https:\/\/www.interflora.es\/blog\/wp-content\/uploads\/2025\/10\/cropped-220422_INTERFLORA_Logo_rgb_Half_Top_Circle_Main_Color.png","contentUrl":"https:\/\/www.interflora.es\/blog\/wp-content\/uploads\/2025\/10\/cropped-220422_INTERFLORA_Logo_rgb_Half_Top_Circle_Main_Color.png","width":1418,"height":659,"caption":"El blog de Interflora : consejos, ideas e inspiraci\u00f3n para disfrutar de las flores y las plantas"},"image":{"@id":"https:\/\/www.interflora.es\/blog\/#\/schema\/logo\/image\/"}},{"@type":"Person","@id":"https:\/\/www.interflora.es\/blog\/#\/schema\/person\/e3ecff50262948e365b92682cdc2a9d1","name":"Interflora","image":{"@type":"ImageObject","inLanguage":"es","@id":"https:\/\/www.interflora.es\/blog\/wp-content\/litespeed\/avatar\/ef0a9e22ccabc545011ca74a630eaf3e.jpg?ver=1777555250","url":"https:\/\/www.interflora.es\/blog\/wp-content\/litespeed\/avatar\/ef0a9e22ccabc545011ca74a630eaf3e.jpg?ver=1777555250","contentUrl":"https:\/\/www.interflora.es\/blog\/wp-content\/litespeed\/avatar\/ef0a9e22ccabc545011ca74a630eaf3e.jpg?ver=1777555250","caption":"Interflora"}}]}},"uagb_featured_image_src":{"full":["https:\/\/www.interflora.es\/blog\/wp-content\/uploads\/2023\/12\/Plantar-bulbos-de-tulipan.jpg",2500,1668,false],"thumbnail":["https:\/\/www.interflora.es\/blog\/wp-content\/uploads\/2023\/12\/Plantar-bulbos-de-tulipan-150x150.jpg",150,150,true],"medium":["https:\/\/www.interflora.es\/blog\/wp-content\/uploads\/2023\/12\/Plantar-bulbos-de-tulipan-300x200.jpg",300,200,true],"medium_large":["https:\/\/www.interflora.es\/blog\/wp-content\/uploads\/2023\/12\/Plantar-bulbos-de-tulipan-768x512.jpg",768,512,true],"large":["https:\/\/www.interflora.es\/blog\/wp-content\/uploads\/2023\/12\/Plantar-bulbos-de-tulipan-1024x683.jpg",1024,683,true],"1536x1536":["https:\/\/www.interflora.es\/blog\/wp-content\/uploads\/2023\/12\/Plantar-bulbos-de-tulipan-1536x1025.jpg",1536,1025,true],"2048x2048":["https:\/\/www.interflora.es\/blog\/wp-content\/uploads\/2023\/12\/Plantar-bulbos-de-tulipan-2048x1366.jpg",2048,1366,true]},"uagb_author_info":{"display_name":"Interflora","author_link":"https:\/\/www.interflora.es\/blog\/author\/interflora\/"},"uagb_comment_info":2,"uagb_excerpt":"El tulip\u00e1n es la tercera flor m\u00e1s vendida del mundo, \u00a1y con raz\u00f3n! \u00bfA qui\u00e9n no le fascinan su elegancia, [&hellip;]","_links":{"self":[{"href":"https:\/\/www.interflora.es\/blog\/wp-json\/wp\/v2\/posts\/15637","targetHints":{"allow":["GET"]}}],"collection":[{"href":"https:\/\/www.interflora.es\/blog\/wp-json\/wp\/v2\/posts"}],"about":[{"href":"https:\/\/www.interflora.es\/blog\/wp-json\/wp\/v2\/types\/post"}],"author":[{"embeddable":true,"href":"https:\/\/www.interflora.es\/blog\/wp-json\/wp\/v2\/users\/13"}],"replies":[{"embeddable":true,"href":"https:\/\/www.interflora.es\/blog\/wp-json\/wp\/v2\/comments?post=15637"}],"version-history":[{"count":3,"href":"https:\/\/www.interflora.es\/blog\/wp-json\/wp\/v2\/posts\/15637\/revisions"}],"predecessor-version":[{"id":35216,"href":"https:\/\/www.interflora.es\/blog\/wp-json\/wp\/v2\/posts\/15637\/revisions\/35216"}],"wp:featuredmedia":[{"embeddable":true,"href":"https:\/\/www.interflora.es\/blog\/wp-json\/wp\/v2\/media\/19056"}],"wp:attachment":[{"href":"https:\/\/www.interflora.es\/blog\/wp-json\/wp\/v2\/media?parent=15637"}],"wp:term":[{"taxonomy":"category","embeddable":true,"href":"https:\/\/www.interflora.es\/blog\/wp-json\/wp\/v2\/categories?post=15637"},{"taxonomy":"post_tag","embeddable":true,"href":"https:\/\/www.interflora.es\/blog\/wp-json\/wp\/v2\/tags?post=15637"}],"curies":[{"name":"wp","href":"https:\/\/api.w.org\/{rel}","templated":true}]}}