{"id":15497,"date":"2023-07-01T00:10:11","date_gmt":"2023-06-30T22:10:11","guid":{"rendered":"https:\/\/www.interflora.es\/blog\/?p=15497"},"modified":"2023-07-01T00:10:11","modified_gmt":"2023-06-30T22:10:11","slug":"dipladenia-espaldera-jazmin-de-brasil","status":"publish","type":"post","link":"https:\/\/www.interflora.es\/blog\/dipladenia-espaldera-jazmin-de-brasil\/","title":{"rendered":"Dipladenia espaldera, \u00a1el jazm\u00edn de Brasil!"},"content":{"rendered":"\n<p>Basta con evocarla para que nuestra mente viaje a ese pa\u00eds ex\u00f3tico y soleado que tanto nos hace so\u00f1ar. <strong>La dipladenia espaldera<\/strong>, m\u00e1s conocida como <strong>Mandevilla<\/strong> o <strong>jazm\u00edn de Brasil<\/strong>, es una planta trepadora exuberante que hace honor a sus or\u00edgenes. En cambio, en cuanto el sol empiece a calentar, tu planta de dipladenia espaldera se llenar\u00e1 de bellas flores en forma de trompeta que llenar\u00e1n tus exteriores de notas de color tropical.&nbsp;<\/p>\n\n\n\n<p>Si quieres saber m\u00e1s sobre <strong>los cuidados de la dipladenia espaldera,<\/strong> en Interflora te contamos todo sobre esta planta solar. \u00a1Toma nota, porque empezamos!<\/p>\n\n\n\n<figure class=\"wp-block-image aligncenter size-full\"><img loading=\"lazy\" decoding=\"async\" width=\"835\" height=\"571\" src=\"https:\/\/www.interflora.es\/blog\/wp-content\/uploads\/Dipladenia-blanca.jpg\" alt=\"Dipladenia espaldera blanca\" class=\"wp-image-15510\" srcset=\"https:\/\/www.interflora.es\/blog\/wp-content\/uploads\/Dipladenia-blanca.jpg 835w, https:\/\/www.interflora.es\/blog\/wp-content\/uploads\/Dipladenia-blanca-300x205.jpg 300w, https:\/\/www.interflora.es\/blog\/wp-content\/uploads\/Dipladenia-blanca-768x525.jpg 768w\" sizes=\"auto, (max-width: 835px) 100vw, 835px\" \/><\/figure>\n\n\n\n<p><\/p>\n\n\n\n<h2 class=\"wp-block-heading alignwide\"><strong>Caracter\u00edsticas del jazm\u00edn de Brasil<\/strong><\/h2>\n\n\n\n<p>La dipladenia espaldera es una planta perenne muy presente en nuestros jardines. Esta popularidad se explica por su <strong>belleza en periodo de floraci\u00f3n<\/strong>, ya que la planta de Mandevilla se llena de preciosas flores, que son blancas, amarillas o naranjas en la variedad <strong>boliviensis<\/strong>, rosas en la sanderi, rojas en la splendens.&nbsp;<\/p>\n\n\n\n<p>Esta planta<strong> es trepadora<\/strong>, y tiene <strong>tendencia a crecer mucho y muy r\u00e1pido<\/strong> (hasta 10 metros de altura). Durante su periodo de floraci\u00f3n, el jazm\u00edn de Brasil es una cortina de flores que convierte tu exterior en un jard\u00edn tropical. \u00bfTe imaginas? Poder viajar a Brasil sin moverte de casa\u2026Y como si no fuera suficiente, <strong>la floraci\u00f3n de la dipladenia espaldera es larga<\/strong>. Sus flores pueden durar desde principios de la primavera hasta m\u00e1s all\u00e1 del verano, por lo que podr\u00e1s presumir de jard\u00edn durante mucho tiempo.&nbsp;Seguro que despu\u00e9s de esto, no te importar\u00eda <a href=\"https:\/\/www.interflora.es\/c\/plantas\/dipladenia\">comprar una dipladenia en maceta<\/a>, \u00bfno? Pues tienes raz\u00f3n, porque, adem\u00e1s, <strong>los cuidados de la dipladenia no son demasiado complicados.<\/strong><\/p>\n\n\n<div class=\"lp-produits-grid\"><div class=\"lp-produit\"><div class=\"lp-thumbnail-wrapper\"><img loading=\"lazy\" decoding=\"async\" width=\"300\" height=\"300\" src=\"https:\/\/www.interflora.es\/blog\/wp-content\/uploads\/2025\/11\/Capture-decran-2026-02-04-121916-300x300.png\" class=\"attachment-medium size-medium wp-post-image\" alt=\"\" srcset=\"https:\/\/www.interflora.es\/blog\/wp-content\/uploads\/2025\/11\/Capture-decran-2026-02-04-121916-300x300.png 300w, https:\/\/www.interflora.es\/blog\/wp-content\/uploads\/2025\/11\/Capture-decran-2026-02-04-121916-150x150.png 150w, https:\/\/www.interflora.es\/blog\/wp-content\/uploads\/2025\/11\/Capture-decran-2026-02-04-121916.png 647w\" sizes=\"auto, (max-width: 300px) 100vw, 300px\" \/><img decoding=\"async\" class=\"lp-badge\" src=\"https:\/\/prodblog.interflora.es\/blog\/wp-content\/uploads\/2025\/04\/220422_INTERFLORA_Main_Logo_rgb_Main_Color.png\" alt=\"Entrega r\u00e1pida\"><\/div><span>Peque\u00f1o Sol<\/span><p>27.99 \u20ac<\/p><span class=\"obf-link lp-cta\" role=\"link\" tabindex=\"0\" data-b64=\"aHR0cHM6Ly93d3cuaW50ZXJmbG9yYS5lcy9wL3JhbW8tZGUtZmxvcmVzLWFtYXJpbGxhcy12YXJpYWRhcy8xP3V0bV9tZWRpdW09b3JnYW5pYyZ1dG1fc291cmNlPWJsb2dfcHJvZHVjdHMmdXRtX2NhbXBhaWduPUZGMTQ4\" data-target=\"_blank\"><svg xmlns=\"http:\/\/www.w3.org\/2000\/svg\" width=\"16\" height=\"16\" fill=\"currentColor\" class=\"bi bi-bag\" viewBox=\"0 0 16 16\"><path d=\"M8 1a2 2 0 0 1 2 2v1h2.5A1.5 1.5 0 0 1 14 5.5v8A1.5 1.5 0 0 1 12.5 15h-9A1.5 1.5 0 0 1 2 13.5v-8A1.5 1.5 0 0 1 3.5 3H6V2a2 2 0 0 1 2-1zm1 3V3a1 1 0 0 0-2 0v1h2z\"\/><\/svg>Comprar<\/span><p class=\"rapido\">Entrega en el d\u00eda<\/p><\/div><div class=\"lp-produit\"><div class=\"lp-thumbnail-wrapper\"><img loading=\"lazy\" decoding=\"async\" width=\"300\" height=\"300\" src=\"https:\/\/www.interflora.es\/blog\/wp-content\/uploads\/2025\/04\/1674815076-monstera_pg0055_deco-2-300x300.jpg\" class=\"attachment-medium size-medium wp-post-image\" alt=\"\" srcset=\"https:\/\/www.interflora.es\/blog\/wp-content\/uploads\/2025\/04\/1674815076-monstera_pg0055_deco-2-300x300.jpg 300w, https:\/\/www.interflora.es\/blog\/wp-content\/uploads\/2025\/04\/1674815076-monstera_pg0055_deco-2-1024x1024.jpg 1024w, https:\/\/www.interflora.es\/blog\/wp-content\/uploads\/2025\/04\/1674815076-monstera_pg0055_deco-2-150x150.jpg 150w, https:\/\/www.interflora.es\/blog\/wp-content\/uploads\/2025\/04\/1674815076-monstera_pg0055_deco-2-768x768.jpg 768w, https:\/\/www.interflora.es\/blog\/wp-content\/uploads\/2025\/04\/1674815076-monstera_pg0055_deco-2.jpg 1500w\" sizes=\"auto, (max-width: 300px) 100vw, 300px\" \/><img decoding=\"async\" class=\"lp-badge\" src=\"https:\/\/prodblog.interflora.es\/blog\/wp-content\/uploads\/2025\/04\/220422_INTERFLORA_Main_Logo_rgb_Main_Color.png\" alt=\"Entrega r\u00e1pida\"><\/div><span>Monstera Deliciosa &#8211; Costilla de Ad\u00e1n<\/span><p>29.99 \u20ac<\/p><span class=\"obf-link lp-cta\" role=\"link\" tabindex=\"0\" data-b64=\"aHR0cHM6Ly93d3cuaW50ZXJmbG9yYS5lcy9wL21vbnN0ZXJhLzE\/dXRtX21lZGl1bT1vcmdhbmljJnV0bV9zb3VyY2U9YmxvZ19wcm9kdWN0cyZ1dG1fY2FtcGFpZ249UEcwMDU1\" data-target=\"_blank\"><svg xmlns=\"http:\/\/www.w3.org\/2000\/svg\" width=\"16\" height=\"16\" fill=\"currentColor\" class=\"bi bi-bag\" viewBox=\"0 0 16 16\"><path d=\"M8 1a2 2 0 0 1 2 2v1h2.5A1.5 1.5 0 0 1 14 5.5v8A1.5 1.5 0 0 1 12.5 15h-9A1.5 1.5 0 0 1 2 13.5v-8A1.5 1.5 0 0 1 3.5 3H6V2a2 2 0 0 1 2-1zm1 3V3a1 1 0 0 0-2 0v1h2z\"\/><\/svg>Comprar<\/span><p class=\"rapido\">Selecci\u00f3n Interflora<\/p><\/div><div class=\"lp-produit\"><div class=\"lp-thumbnail-wrapper\"><img loading=\"lazy\" decoding=\"async\" width=\"300\" height=\"300\" src=\"https:\/\/www.interflora.es\/blog\/wp-content\/uploads\/2025\/04\/1734353451-f0270-m-key-2-300x300.jpg\" class=\"attachment-medium size-medium wp-post-image\" alt=\"\" srcset=\"https:\/\/www.interflora.es\/blog\/wp-content\/uploads\/2025\/04\/1734353451-f0270-m-key-2-300x300.jpg 300w, https:\/\/www.interflora.es\/blog\/wp-content\/uploads\/2025\/04\/1734353451-f0270-m-key-2-1024x1024.jpg 1024w, https:\/\/www.interflora.es\/blog\/wp-content\/uploads\/2025\/04\/1734353451-f0270-m-key-2-150x150.jpg 150w, https:\/\/www.interflora.es\/blog\/wp-content\/uploads\/2025\/04\/1734353451-f0270-m-key-2-768x768.jpg 768w, https:\/\/www.interflora.es\/blog\/wp-content\/uploads\/2025\/04\/1734353451-f0270-m-key-2.jpg 1200w\" sizes=\"auto, (max-width: 300px) 100vw, 300px\" \/><img decoding=\"async\" class=\"lp-badge\" src=\"https:\/\/prodblog.interflora.es\/blog\/wp-content\/uploads\/2025\/04\/220422_INTERFLORA_Main_Logo_rgb_Main_Color.png\" alt=\"Entrega r\u00e1pida\"><\/div><span>Conexi\u00f3n floral<\/span><p>49.99 \u20ac<\/p><span class=\"obf-link lp-cta\" role=\"link\" tabindex=\"0\" data-b64=\"aHR0cHM6Ly93d3cuaW50ZXJmbG9yYS5lcy9wL3F1ZXJpZGEtbWFtYS8xP3V0bV9tZWRpdW09b3JnYW5pYyZ1dG1fc291cmNlPWJsb2dfcHJvZHVjdHMmdXRtX2NhbXBhaWduPUYwMjcw\" data-target=\"_blank\"><svg xmlns=\"http:\/\/www.w3.org\/2000\/svg\" width=\"16\" height=\"16\" fill=\"currentColor\" class=\"bi bi-bag\" viewBox=\"0 0 16 16\"><path d=\"M8 1a2 2 0 0 1 2 2v1h2.5A1.5 1.5 0 0 1 14 5.5v8A1.5 1.5 0 0 1 12.5 15h-9A1.5 1.5 0 0 1 2 13.5v-8A1.5 1.5 0 0 1 3.5 3H6V2a2 2 0 0 1 2-1zm1 3V3a1 1 0 0 0-2 0v1h2z\"\/><\/svg>Comprar<\/span><p class=\"rapido\">Entrega en el d\u00eda<\/p><\/div><div class=\"lp-produit\"><div class=\"lp-thumbnail-wrapper\"><img loading=\"lazy\" decoding=\"async\" width=\"300\" height=\"300\" src=\"https:\/\/www.interflora.es\/blog\/wp-content\/uploads\/2025\/04\/1738656685-fwd009-m-key-zoomed-2-300x300.jpg\" class=\"attachment-medium size-medium wp-post-image\" alt=\"\" srcset=\"https:\/\/www.interflora.es\/blog\/wp-content\/uploads\/2025\/04\/1738656685-fwd009-m-key-zoomed-2-300x300.jpg 300w, https:\/\/www.interflora.es\/blog\/wp-content\/uploads\/2025\/04\/1738656685-fwd009-m-key-zoomed-2-1024x1024.jpg 1024w, https:\/\/www.interflora.es\/blog\/wp-content\/uploads\/2025\/04\/1738656685-fwd009-m-key-zoomed-2-150x150.jpg 150w, https:\/\/www.interflora.es\/blog\/wp-content\/uploads\/2025\/04\/1738656685-fwd009-m-key-zoomed-2-768x768.jpg 768w, https:\/\/www.interflora.es\/blog\/wp-content\/uploads\/2025\/04\/1738656685-fwd009-m-key-zoomed-2-1536x1536.jpg 1536w, https:\/\/www.interflora.es\/blog\/wp-content\/uploads\/2025\/04\/1738656685-fwd009-m-key-zoomed-2.jpg 1991w\" sizes=\"auto, (max-width: 300px) 100vw, 300px\" \/><img decoding=\"async\" class=\"lp-badge\" src=\"https:\/\/prodblog.interflora.es\/blog\/wp-content\/uploads\/2025\/04\/220422_INTERFLORA_Main_Logo_rgb_Main_Color.png\" alt=\"Entrega r\u00e1pida\"><\/div><span>Floral Kiss<\/span><p>29.99 \u20ac<\/p><span class=\"obf-link lp-cta\" role=\"link\" tabindex=\"0\" data-b64=\"aHR0cHM6Ly93d3cuaW50ZXJmbG9yYS5lcy9wL2Zsb3JhbC1raXNzLzE\/dXRtX21lZGl1bT1vcmdhbmljJnV0bV9zb3VyY2U9YmxvZ19wcm9kdWN0cyZ1dG1fY2FtcGFpZ249RldEMDA5\" data-target=\"_blank\"><svg xmlns=\"http:\/\/www.w3.org\/2000\/svg\" width=\"16\" height=\"16\" fill=\"currentColor\" class=\"bi bi-bag\" viewBox=\"0 0 16 16\"><path d=\"M8 1a2 2 0 0 1 2 2v1h2.5A1.5 1.5 0 0 1 14 5.5v8A1.5 1.5 0 0 1 12.5 15h-9A1.5 1.5 0 0 1 2 13.5v-8A1.5 1.5 0 0 1 3.5 3H6V2a2 2 0 0 1 2-1zm1 3V3a1 1 0 0 0-2 0v1h2z\"\/><\/svg>Comprar<\/span><p class=\"rapido\">Atenci\u00f3n al cliente siempre disponible<\/p><\/div><\/div>\n\n\n\n<div style=\"height:30px\" aria-hidden=\"true\" class=\"wp-block-spacer\"><\/div>\n\n\n\n<h2 class=\"wp-block-heading alignwide\"><strong>Dipladenia espaldera: particularidades de una amante del calor<\/strong><\/h2>\n\n\n\n<p>En principio, el jazm\u00edn de Brasil lo tiene todo para triunfar. Es una <a href=\"https:\/\/www.interflora.es\/blog\/dipladenia-colores\/\">planta colorida<\/a> preciosa, con flores abundantes y f\u00e1cil de cuidar. En cambio, hay que tener en cuenta varias cosas:&nbsp;<\/p>\n\n\n\n<div class=\"wp-block-media-text alignwide is-stacked-on-mobile\"><figure class=\"wp-block-media-text__media\"><img loading=\"lazy\" decoding=\"async\" width=\"905\" height=\"1024\" src=\"https:\/\/www.interflora.es\/blog\/wp-content\/uploads\/Dipladenia-diamantina-pt-905x1024.jpg\" alt=\"\" class=\"wp-image-15513 size-full\" srcset=\"https:\/\/www.interflora.es\/blog\/wp-content\/uploads\/Dipladenia-diamantina-pt-905x1024.jpg 905w, https:\/\/www.interflora.es\/blog\/wp-content\/uploads\/Dipladenia-diamantina-pt-265x300.jpg 265w, https:\/\/www.interflora.es\/blog\/wp-content\/uploads\/Dipladenia-diamantina-pt-768x869.jpg 768w, https:\/\/www.interflora.es\/blog\/wp-content\/uploads\/Dipladenia-diamantina-pt-1357x1536.jpg 1357w, https:\/\/www.interflora.es\/blog\/wp-content\/uploads\/Dipladenia-diamantina-pt-1810x2048.jpg 1810w\" sizes=\"auto, (max-width: 905px) 100vw, 905px\" \/><\/figure><div class=\"wp-block-media-text__content\">\n<ul class=\"wp-block-list\">\n<li><strong>La dipladenia espaldera no soporta las bajas temperaturas<\/strong>, por lo que tendr\u00e1s que <strong>protegerla de las heladas<\/strong>. Si en tu zona la temperatura baja de los 10 \u00baC, es mejor tenerla en maceta para poder meterla en casa. Si la quieres plantar en tu jard\u00edn, es mejor prever una forma de protegerla en invierno.<\/li>\n<\/ul>\n\n\n\n<ul class=\"wp-block-list\">\n<li>En cambio, la Mandevilla es <strong>muy resistente a las sequ\u00edas y a las altas temperaturas<\/strong>, gracias a sus ra\u00edces, con prominencias tuberosas, que almacenan bastante agua y nutrientes para resistir durante los periodos de sequ\u00eda.<\/li>\n<\/ul>\n\n\n\n<ul class=\"wp-block-list\">\n<li><strong>Ojo con su ubicaci\u00f3n:<\/strong> la Mandevilla es ideal para un jard\u00edn o para la fachada de una casa, pero elige bien el lugar donde la ubicas, ya que <strong>puede crecer mucho, <\/strong>con tallos que van adquiriendo un car\u00e1cter le\u00f1oso a medida que crecen. Sin embargo, no tengas miedo de esta particularidad, porque la dipladenia espaldera <strong>es una planta f\u00e1cil de podar<\/strong> que adem\u00e1s sigue floreciendo a pesar de la poda. As\u00ed, se puede tener tanto en jardines peque\u00f1os como en maceta.&nbsp;<\/li>\n<\/ul>\n\n\n\n<ul class=\"wp-block-list\">\n<li><strong>Es una planta t\u00f3xica:<\/strong> ten cuidado si tienes mascotas o peque\u00f1os aventureros en casa, porque la planta de la dipladenia espaldera es t\u00f3xica, igual que las adelfas. Utiliza guantes cuando la podes, ya que su tallo contiene un l\u00e1tex irritante para la piel.<\/li>\n<\/ul>\n<\/div><\/div>\n\n\n\n<div style=\"height:30px\" aria-hidden=\"true\" class=\"wp-block-spacer\"><\/div>\n\n\n\n<h2 class=\"wp-block-heading alignwide\"><strong>Cuidados de la dipladenia espaldera<\/strong><\/h2>\n\n\n\n<p>Como ya hemos dicho, la dipladenia no es una planta exigente en sus cuidados, aunque hay algo esencial: <strong>no soporta temperaturas prolongadas debajo de los 5-10 \u00baC.<\/strong> Adem\u00e1s, nuestro jazm\u00edn brasile\u00f1o<strong> prefiere los calores h\u00famedos<\/strong> a los demasiado secos. Un exceso de este tipo de calor (si no est\u00e1s en una zona h\u00fameda) puede complicar su cultivo.&nbsp;<\/p>\n\n\n\n<p>En cuanto al sustrato, riego y otros cuidados, son los mismos que los del resto de las <a href=\"https:\/\/www.interflora.es\/blog\/planta-de-dipladenia\/\">dipladenias<\/a>, con la particularidad de que tendr\u00e1s que <strong>gestionar el crecimiento <\/strong>de tu dipladenia espaldera. Para ello tienes que a\u00f1adir unas espalderas en tu planta si la tienes en maceta, y ocuparte de su poda tanto en exterior como en interior. Ese control del crecimiento har\u00e1 que tu planta se convierta en una bella enredadera florida, adornando exquisitamente el lugar donde se sit\u00fae.&nbsp;&nbsp;<\/p>\n\n\n\n<h2 class=\"wp-block-heading alignwide\"><strong>Cuida tu dipladenia espaldera para que sobreviva en invierno<\/strong><\/h2>\n\n\n\n<p>Seguro que ya te ha quedado claro que el invierno es un periodo crucial en el cuidado de tu dipladenia espaldera. En cambio, no te preocupes ni te angusties, porque como amantes de las plantas que somos no te vamos a dejar solo\/a ante el peligro del fr\u00edo. Aqu\u00ed te damos algunos trucos para que tu dipladenia espaldera pueda sobrevivir a las bajas temperaturas:<\/p>\n\n\n\n<ul class=\"wp-block-list\">\n<li>Pon tu planta <strong>lejos de corrientes de aire<\/strong>, de zonas de paso o de ventanas.<\/li>\n<\/ul>\n\n\n\n<ul class=\"wp-block-list\">\n<li>Si tienes la posibilidad de tenerla en interior durante el invierno, puedes <strong>poner a su alrededor unos recipientes con agua<\/strong> para mantener la humedad ambiental. Es mejor evitar la pulverizaci\u00f3n directa de agua sobre las hojas.<\/li>\n<\/ul>\n\n\n\n<ul class=\"wp-block-list\">\n<li>Si tienes tu Mandevilla en exterior, lo ideal es <strong>envolverla en una manta t\u00e9rmica de jardiner\u00eda<\/strong>, un agrotextil especialmente desarrollado para proteger las plantas de las heladas y escarchas, manteniendo su temperatura.<\/li>\n<\/ul>\n\n\n\n<ul class=\"wp-block-list\">\n<li>Tambi\u00e9n puedes proteger sus ra\u00edces con <strong>una capa de mantillo<\/strong>, hecha de restos org\u00e1nicos de hojas, plantas, paja, c\u00e9sped, corteza de pino etc., que puedes encontrar en tiendas de jardiner\u00eda.<\/li>\n<\/ul>\n\n\n\n<ul class=\"wp-block-list\">\n<li>Si vas a cubrir tus plantas antes de una helada fuerte, <strong>hazlo antes del anochecer<\/strong> para evitar que la mayor parte del calor almacenado en el jard\u00edn se disipe.<\/li>\n<\/ul>\n\n\n\n<div style=\"height:30px\" aria-hidden=\"true\" class=\"wp-block-spacer\"><\/div>\n\n\n\n<figure class=\"wp-block-image aligncenter size-full\"><img loading=\"lazy\" decoding=\"async\" width=\"867\" height=\"571\" src=\"https:\/\/www.interflora.es\/blog\/wp-content\/uploads\/Dipladenia-planta-1.jpg\" alt=\"\" class=\"wp-image-15516\" srcset=\"https:\/\/www.interflora.es\/blog\/wp-content\/uploads\/Dipladenia-planta-1.jpg 867w, https:\/\/www.interflora.es\/blog\/wp-content\/uploads\/Dipladenia-planta-1-300x198.jpg 300w, https:\/\/www.interflora.es\/blog\/wp-content\/uploads\/Dipladenia-planta-1-768x506.jpg 768w\" sizes=\"auto, (max-width: 867px) 100vw, 867px\" \/><\/figure>\n","protected":false},"excerpt":{"rendered":"<p>Basta con evocarla para que nuestra mente viaje a ese pa\u00eds ex\u00f3tico y soleado que tanto nos hace so\u00f1ar. La [&hellip;]<\/p>\n","protected":false},"author":8,"featured_media":15997,"comment_status":"open","ping_status":"closed","sticky":false,"template":"","format":"standard","meta":{"_acf_changed":false,"_uag_custom_page_level_css":"","site-sidebar-layout":"default","site-content-layout":"","ast-site-content-layout":"default","site-content-style":"default","site-sidebar-style":"default","ast-global-header-display":"","ast-banner-title-visibility":"","ast-main-header-display":"","ast-hfb-above-header-display":"","ast-hfb-below-header-display":"","ast-hfb-mobile-header-display":"","site-post-title":"","ast-breadcrumbs-content":"","ast-featured-img":"","footer-sml-layout":"","theme-transparent-header-meta":"","adv-header-id-meta":"","stick-header-meta":"","header-above-stick-meta":"","header-main-stick-meta":"","header-below-stick-meta":"","astra-migrate-meta-layouts":"set","ast-page-background-enabled":"default","ast-page-background-meta":{"desktop":{"background-color":"var(--ast-global-color-5)","background-image":"","background-repeat":"repeat","background-position":"center center","background-size":"auto","background-attachment":"scroll","background-type":"","background-media":"","overlay-type":"","overlay-color":"","overlay-opacity":"","overlay-gradient":""},"tablet":{"background-color":"","background-image":"","background-repeat":"repeat","background-position":"center center","background-size":"auto","background-attachment":"scroll","background-type":"","background-media":"","overlay-type":"","overlay-color":"","overlay-opacity":"","overlay-gradient":""},"mobile":{"background-color":"","background-image":"","background-repeat":"repeat","background-position":"center center","background-size":"auto","background-attachment":"scroll","background-type":"","background-media":"","overlay-type":"","overlay-color":"","overlay-opacity":"","overlay-gradient":""}},"ast-content-background-meta":{"desktop":{"background-color":"var(--ast-global-color-4)","background-image":"","background-repeat":"repeat","background-position":"center center","background-size":"auto","background-attachment":"scroll","background-type":"","background-media":"","overlay-type":"","overlay-color":"","overlay-opacity":"","overlay-gradient":""},"tablet":{"background-color":"var(--ast-global-color-4)","background-image":"","background-repeat":"repeat","background-position":"center center","background-size":"auto","background-attachment":"scroll","background-type":"","background-media":"","overlay-type":"","overlay-color":"","overlay-opacity":"","overlay-gradient":""},"mobile":{"background-color":"var(--ast-global-color-4)","background-image":"","background-repeat":"repeat","background-position":"center center","background-size":"auto","background-attachment":"scroll","background-type":"","background-media":"","overlay-type":"","overlay-color":"","overlay-opacity":"","overlay-gradient":""}},"footnotes":""},"categories":[17,27,28,29],"tags":[26],"class_list":["post-15497","post","type-post","status-publish","format-standard","has-post-thumbnail","hentry","category-cuidados","category-flores","category-flores-y-plantas","category-interflora-academy","tag-dipladenia"],"acf":[],"yoast_head":"<!-- This site is optimized with the Yoast SEO plugin v27.5 - https:\/\/yoast.com\/product\/yoast-seo-wordpress\/ -->\n<title>Dipladenia espaldera: cuidados del Jazm\u00edn de Brasil | Interflora<\/title>\n<meta name=\"description\" content=\"La dipladenia espaldera es una florida planta trepadora ideal para exteriores. Interflora te cuenta todo sobre sus cuidados.\" \/>\n<meta name=\"robots\" content=\"index, follow, max-snippet:-1, max-image-preview:large, max-video-preview:-1\" \/>\n<link rel=\"canonical\" href=\"https:\/\/www.interflora.es\/blog\/dipladenia-espaldera-jazmin-de-brasil\/\" \/>\n<script type=\"application\/ld+json\" class=\"yoast-schema-graph\">{\"@context\":\"https:\\\/\\\/schema.org\",\"@graph\":[{\"@type\":\"Article\",\"@id\":\"https:\\\/\\\/www.interflora.es\\\/blog\\\/dipladenia-espaldera-jazmin-de-brasil\\\/#article\",\"isPartOf\":{\"@id\":\"https:\\\/\\\/www.interflora.es\\\/blog\\\/dipladenia-espaldera-jazmin-de-brasil\\\/\"},\"author\":{\"name\":\"celia\",\"@id\":\"https:\\\/\\\/www.interflora.es\\\/blog\\\/#\\\/schema\\\/person\\\/1f30f7794421f1232dc4b6bdd75ae829\"},\"headline\":\"Dipladenia espaldera, \u00a1el jazm\u00edn de Brasil!\",\"datePublished\":\"2023-06-30T22:10:11+00:00\",\"mainEntityOfPage\":{\"@id\":\"https:\\\/\\\/www.interflora.es\\\/blog\\\/dipladenia-espaldera-jazmin-de-brasil\\\/\"},\"wordCount\":959,\"commentCount\":0,\"publisher\":{\"@id\":\"https:\\\/\\\/www.interflora.es\\\/blog\\\/#organization\"},\"image\":{\"@id\":\"https:\\\/\\\/www.interflora.es\\\/blog\\\/dipladenia-espaldera-jazmin-de-brasil\\\/#primaryimage\"},\"thumbnailUrl\":\"https:\\\/\\\/www.interflora.es\\\/blog\\\/wp-content\\\/uploads\\\/2023\\\/08\\\/Dipladenia-banner-scaled-1.jpg\",\"keywords\":[\"dipladenia\"],\"articleSection\":[\"Cuidados de plantas y flores\",\"Flores\",\"Flores y plantas\",\"Interflora Academy\"],\"inLanguage\":\"es\",\"potentialAction\":[{\"@type\":\"CommentAction\",\"name\":\"Comment\",\"target\":[\"https:\\\/\\\/www.interflora.es\\\/blog\\\/dipladenia-espaldera-jazmin-de-brasil\\\/#respond\"]}]},{\"@type\":\"WebPage\",\"@id\":\"https:\\\/\\\/www.interflora.es\\\/blog\\\/dipladenia-espaldera-jazmin-de-brasil\\\/\",\"url\":\"https:\\\/\\\/www.interflora.es\\\/blog\\\/dipladenia-espaldera-jazmin-de-brasil\\\/\",\"name\":\"Dipladenia espaldera: cuidados del Jazm\u00edn de Brasil | Interflora\",\"isPartOf\":{\"@id\":\"https:\\\/\\\/www.interflora.es\\\/blog\\\/#website\"},\"primaryImageOfPage\":{\"@id\":\"https:\\\/\\\/www.interflora.es\\\/blog\\\/dipladenia-espaldera-jazmin-de-brasil\\\/#primaryimage\"},\"image\":{\"@id\":\"https:\\\/\\\/www.interflora.es\\\/blog\\\/dipladenia-espaldera-jazmin-de-brasil\\\/#primaryimage\"},\"thumbnailUrl\":\"https:\\\/\\\/www.interflora.es\\\/blog\\\/wp-content\\\/uploads\\\/2023\\\/08\\\/Dipladenia-banner-scaled-1.jpg\",\"datePublished\":\"2023-06-30T22:10:11+00:00\",\"description\":\"La dipladenia espaldera es una florida planta trepadora ideal para exteriores. Interflora te cuenta todo sobre sus cuidados.\",\"breadcrumb\":{\"@id\":\"https:\\\/\\\/www.interflora.es\\\/blog\\\/dipladenia-espaldera-jazmin-de-brasil\\\/#breadcrumb\"},\"inLanguage\":\"es\",\"potentialAction\":[{\"@type\":\"ReadAction\",\"target\":[\"https:\\\/\\\/www.interflora.es\\\/blog\\\/dipladenia-espaldera-jazmin-de-brasil\\\/\"]}]},{\"@type\":\"ImageObject\",\"inLanguage\":\"es\",\"@id\":\"https:\\\/\\\/www.interflora.es\\\/blog\\\/dipladenia-espaldera-jazmin-de-brasil\\\/#primaryimage\",\"url\":\"https:\\\/\\\/www.interflora.es\\\/blog\\\/wp-content\\\/uploads\\\/2023\\\/08\\\/Dipladenia-banner-scaled-1.jpg\",\"contentUrl\":\"https:\\\/\\\/www.interflora.es\\\/blog\\\/wp-content\\\/uploads\\\/2023\\\/08\\\/Dipladenia-banner-scaled-1.jpg\",\"width\":2560,\"height\":1434},{\"@type\":\"BreadcrumbList\",\"@id\":\"https:\\\/\\\/www.interflora.es\\\/blog\\\/dipladenia-espaldera-jazmin-de-brasil\\\/#breadcrumb\",\"itemListElement\":[{\"@type\":\"ListItem\",\"position\":1,\"name\":\"Home\",\"item\":\"https:\\\/\\\/www.interflora.es\\\/blog\\\/\"},{\"@type\":\"ListItem\",\"position\":2,\"name\":\"Dipladenia espaldera, \u00a1el jazm\u00edn de Brasil!\"}]},{\"@type\":\"WebSite\",\"@id\":\"https:\\\/\\\/www.interflora.es\\\/blog\\\/#website\",\"url\":\"https:\\\/\\\/www.interflora.es\\\/blog\\\/\",\"name\":\"El blog de Interflora : consejos, ideas e inspiraci\u00f3n para disfrutar de las flores y las plantas\",\"description\":\"\",\"publisher\":{\"@id\":\"https:\\\/\\\/www.interflora.es\\\/blog\\\/#organization\"},\"potentialAction\":[{\"@type\":\"SearchAction\",\"target\":{\"@type\":\"EntryPoint\",\"urlTemplate\":\"https:\\\/\\\/www.interflora.es\\\/blog\\\/?s={search_term_string}\"},\"query-input\":{\"@type\":\"PropertyValueSpecification\",\"valueRequired\":true,\"valueName\":\"search_term_string\"}}],\"inLanguage\":\"es\"},{\"@type\":\"Organization\",\"@id\":\"https:\\\/\\\/www.interflora.es\\\/blog\\\/#organization\",\"name\":\"El blog de Interflora : consejos, ideas e inspiraci\u00f3n para disfrutar de las flores y las plantas\",\"url\":\"https:\\\/\\\/www.interflora.es\\\/blog\\\/\",\"logo\":{\"@type\":\"ImageObject\",\"inLanguage\":\"es\",\"@id\":\"https:\\\/\\\/www.interflora.es\\\/blog\\\/#\\\/schema\\\/logo\\\/image\\\/\",\"url\":\"https:\\\/\\\/www.interflora.es\\\/blog\\\/wp-content\\\/uploads\\\/2025\\\/10\\\/cropped-220422_INTERFLORA_Logo_rgb_Half_Top_Circle_Main_Color.png\",\"contentUrl\":\"https:\\\/\\\/www.interflora.es\\\/blog\\\/wp-content\\\/uploads\\\/2025\\\/10\\\/cropped-220422_INTERFLORA_Logo_rgb_Half_Top_Circle_Main_Color.png\",\"width\":1418,\"height\":659,\"caption\":\"El blog de Interflora : consejos, ideas e inspiraci\u00f3n para disfrutar de las flores y las plantas\"},\"image\":{\"@id\":\"https:\\\/\\\/www.interflora.es\\\/blog\\\/#\\\/schema\\\/logo\\\/image\\\/\"}},{\"@type\":\"Person\",\"@id\":\"https:\\\/\\\/www.interflora.es\\\/blog\\\/#\\\/schema\\\/person\\\/1f30f7794421f1232dc4b6bdd75ae829\",\"name\":\"celia\",\"image\":{\"@type\":\"ImageObject\",\"inLanguage\":\"es\",\"@id\":\"https:\\\/\\\/www.interflora.es\\\/blog\\\/wp-content\\\/litespeed\\\/avatar\\\/f906d3ce098bd9b4e84d1b71d27d54af.jpg?ver=1777298586\",\"url\":\"https:\\\/\\\/www.interflora.es\\\/blog\\\/wp-content\\\/litespeed\\\/avatar\\\/f906d3ce098bd9b4e84d1b71d27d54af.jpg?ver=1777298586\",\"contentUrl\":\"https:\\\/\\\/www.interflora.es\\\/blog\\\/wp-content\\\/litespeed\\\/avatar\\\/f906d3ce098bd9b4e84d1b71d27d54af.jpg?ver=1777298586\",\"caption\":\"celia\"}}]}<\/script>\n<!-- \/ Yoast SEO plugin. -->","yoast_head_json":{"title":"Dipladenia espaldera: cuidados del Jazm\u00edn de Brasil | Interflora","description":"La dipladenia espaldera es una florida planta trepadora ideal para exteriores. Interflora te cuenta todo sobre sus cuidados.","robots":{"index":"index","follow":"follow","max-snippet":"max-snippet:-1","max-image-preview":"max-image-preview:large","max-video-preview":"max-video-preview:-1"},"canonical":"https:\/\/www.interflora.es\/blog\/dipladenia-espaldera-jazmin-de-brasil\/","schema":{"@context":"https:\/\/schema.org","@graph":[{"@type":"Article","@id":"https:\/\/www.interflora.es\/blog\/dipladenia-espaldera-jazmin-de-brasil\/#article","isPartOf":{"@id":"https:\/\/www.interflora.es\/blog\/dipladenia-espaldera-jazmin-de-brasil\/"},"author":{"name":"celia","@id":"https:\/\/www.interflora.es\/blog\/#\/schema\/person\/1f30f7794421f1232dc4b6bdd75ae829"},"headline":"Dipladenia espaldera, \u00a1el jazm\u00edn de Brasil!","datePublished":"2023-06-30T22:10:11+00:00","mainEntityOfPage":{"@id":"https:\/\/www.interflora.es\/blog\/dipladenia-espaldera-jazmin-de-brasil\/"},"wordCount":959,"commentCount":0,"publisher":{"@id":"https:\/\/www.interflora.es\/blog\/#organization"},"image":{"@id":"https:\/\/www.interflora.es\/blog\/dipladenia-espaldera-jazmin-de-brasil\/#primaryimage"},"thumbnailUrl":"https:\/\/www.interflora.es\/blog\/wp-content\/uploads\/2023\/08\/Dipladenia-banner-scaled-1.jpg","keywords":["dipladenia"],"articleSection":["Cuidados de plantas y flores","Flores","Flores y plantas","Interflora Academy"],"inLanguage":"es","potentialAction":[{"@type":"CommentAction","name":"Comment","target":["https:\/\/www.interflora.es\/blog\/dipladenia-espaldera-jazmin-de-brasil\/#respond"]}]},{"@type":"WebPage","@id":"https:\/\/www.interflora.es\/blog\/dipladenia-espaldera-jazmin-de-brasil\/","url":"https:\/\/www.interflora.es\/blog\/dipladenia-espaldera-jazmin-de-brasil\/","name":"Dipladenia espaldera: cuidados del Jazm\u00edn de Brasil | Interflora","isPartOf":{"@id":"https:\/\/www.interflora.es\/blog\/#website"},"primaryImageOfPage":{"@id":"https:\/\/www.interflora.es\/blog\/dipladenia-espaldera-jazmin-de-brasil\/#primaryimage"},"image":{"@id":"https:\/\/www.interflora.es\/blog\/dipladenia-espaldera-jazmin-de-brasil\/#primaryimage"},"thumbnailUrl":"https:\/\/www.interflora.es\/blog\/wp-content\/uploads\/2023\/08\/Dipladenia-banner-scaled-1.jpg","datePublished":"2023-06-30T22:10:11+00:00","description":"La dipladenia espaldera es una florida planta trepadora ideal para exteriores. Interflora te cuenta todo sobre sus cuidados.","breadcrumb":{"@id":"https:\/\/www.interflora.es\/blog\/dipladenia-espaldera-jazmin-de-brasil\/#breadcrumb"},"inLanguage":"es","potentialAction":[{"@type":"ReadAction","target":["https:\/\/www.interflora.es\/blog\/dipladenia-espaldera-jazmin-de-brasil\/"]}]},{"@type":"ImageObject","inLanguage":"es","@id":"https:\/\/www.interflora.es\/blog\/dipladenia-espaldera-jazmin-de-brasil\/#primaryimage","url":"https:\/\/www.interflora.es\/blog\/wp-content\/uploads\/2023\/08\/Dipladenia-banner-scaled-1.jpg","contentUrl":"https:\/\/www.interflora.es\/blog\/wp-content\/uploads\/2023\/08\/Dipladenia-banner-scaled-1.jpg","width":2560,"height":1434},{"@type":"BreadcrumbList","@id":"https:\/\/www.interflora.es\/blog\/dipladenia-espaldera-jazmin-de-brasil\/#breadcrumb","itemListElement":[{"@type":"ListItem","position":1,"name":"Home","item":"https:\/\/www.interflora.es\/blog\/"},{"@type":"ListItem","position":2,"name":"Dipladenia espaldera, \u00a1el jazm\u00edn de Brasil!"}]},{"@type":"WebSite","@id":"https:\/\/www.interflora.es\/blog\/#website","url":"https:\/\/www.interflora.es\/blog\/","name":"El blog de Interflora : consejos, ideas e inspiraci\u00f3n para disfrutar de las flores y las plantas","description":"","publisher":{"@id":"https:\/\/www.interflora.es\/blog\/#organization"},"potentialAction":[{"@type":"SearchAction","target":{"@type":"EntryPoint","urlTemplate":"https:\/\/www.interflora.es\/blog\/?s={search_term_string}"},"query-input":{"@type":"PropertyValueSpecification","valueRequired":true,"valueName":"search_term_string"}}],"inLanguage":"es"},{"@type":"Organization","@id":"https:\/\/www.interflora.es\/blog\/#organization","name":"El blog de Interflora : consejos, ideas e inspiraci\u00f3n para disfrutar de las flores y las plantas","url":"https:\/\/www.interflora.es\/blog\/","logo":{"@type":"ImageObject","inLanguage":"es","@id":"https:\/\/www.interflora.es\/blog\/#\/schema\/logo\/image\/","url":"https:\/\/www.interflora.es\/blog\/wp-content\/uploads\/2025\/10\/cropped-220422_INTERFLORA_Logo_rgb_Half_Top_Circle_Main_Color.png","contentUrl":"https:\/\/www.interflora.es\/blog\/wp-content\/uploads\/2025\/10\/cropped-220422_INTERFLORA_Logo_rgb_Half_Top_Circle_Main_Color.png","width":1418,"height":659,"caption":"El blog de Interflora : consejos, ideas e inspiraci\u00f3n para disfrutar de las flores y las plantas"},"image":{"@id":"https:\/\/www.interflora.es\/blog\/#\/schema\/logo\/image\/"}},{"@type":"Person","@id":"https:\/\/www.interflora.es\/blog\/#\/schema\/person\/1f30f7794421f1232dc4b6bdd75ae829","name":"celia","image":{"@type":"ImageObject","inLanguage":"es","@id":"https:\/\/www.interflora.es\/blog\/wp-content\/litespeed\/avatar\/f906d3ce098bd9b4e84d1b71d27d54af.jpg?ver=1777298586","url":"https:\/\/www.interflora.es\/blog\/wp-content\/litespeed\/avatar\/f906d3ce098bd9b4e84d1b71d27d54af.jpg?ver=1777298586","contentUrl":"https:\/\/www.interflora.es\/blog\/wp-content\/litespeed\/avatar\/f906d3ce098bd9b4e84d1b71d27d54af.jpg?ver=1777298586","caption":"celia"}}]}},"uagb_featured_image_src":{"full":["https:\/\/www.interflora.es\/blog\/wp-content\/uploads\/2023\/08\/Dipladenia-banner-scaled-1.jpg",2560,1434,false],"thumbnail":["https:\/\/www.interflora.es\/blog\/wp-content\/uploads\/2023\/08\/Dipladenia-banner-scaled-1-150x150.jpg",150,150,true],"medium":["https:\/\/www.interflora.es\/blog\/wp-content\/uploads\/2023\/08\/Dipladenia-banner-scaled-1-300x168.jpg",300,168,true],"medium_large":["https:\/\/www.interflora.es\/blog\/wp-content\/uploads\/2023\/08\/Dipladenia-banner-scaled-1-768x430.jpg",768,430,true],"large":["https:\/\/www.interflora.es\/blog\/wp-content\/uploads\/2023\/08\/Dipladenia-banner-scaled-1-1024x574.jpg",1024,574,true],"1536x1536":["https:\/\/www.interflora.es\/blog\/wp-content\/uploads\/2023\/08\/Dipladenia-banner-scaled-1-1536x860.jpg",1536,860,true],"2048x2048":["https:\/\/www.interflora.es\/blog\/wp-content\/uploads\/2023\/08\/Dipladenia-banner-scaled-1-2048x1147.jpg",2048,1147,true]},"uagb_author_info":{"display_name":"celia","author_link":"https:\/\/www.interflora.es\/blog\/author\/celia\/"},"uagb_comment_info":1,"uagb_excerpt":"Basta con evocarla para que nuestra mente viaje a ese pa\u00eds ex\u00f3tico y soleado que tanto nos hace so\u00f1ar. La [&hellip;]","_links":{"self":[{"href":"https:\/\/www.interflora.es\/blog\/wp-json\/wp\/v2\/posts\/15497","targetHints":{"allow":["GET"]}}],"collection":[{"href":"https:\/\/www.interflora.es\/blog\/wp-json\/wp\/v2\/posts"}],"about":[{"href":"https:\/\/www.interflora.es\/blog\/wp-json\/wp\/v2\/types\/post"}],"author":[{"embeddable":true,"href":"https:\/\/www.interflora.es\/blog\/wp-json\/wp\/v2\/users\/8"}],"replies":[{"embeddable":true,"href":"https:\/\/www.interflora.es\/blog\/wp-json\/wp\/v2\/comments?post=15497"}],"version-history":[{"count":0,"href":"https:\/\/www.interflora.es\/blog\/wp-json\/wp\/v2\/posts\/15497\/revisions"}],"wp:featuredmedia":[{"embeddable":true,"href":"https:\/\/www.interflora.es\/blog\/wp-json\/wp\/v2\/media\/15997"}],"wp:attachment":[{"href":"https:\/\/www.interflora.es\/blog\/wp-json\/wp\/v2\/media?parent=15497"}],"wp:term":[{"taxonomy":"category","embeddable":true,"href":"https:\/\/www.interflora.es\/blog\/wp-json\/wp\/v2\/categories?post=15497"},{"taxonomy":"post_tag","embeddable":true,"href":"https:\/\/www.interflora.es\/blog\/wp-json\/wp\/v2\/tags?post=15497"}],"curies":[{"name":"wp","href":"https:\/\/api.w.org\/{rel}","templated":true}]}}