{"id":14820,"date":"2023-05-01T19:28:55","date_gmt":"2023-05-01T17:28:55","guid":{"rendered":"https:\/\/www.interflora.es\/blog\/?p=14820"},"modified":"2023-05-01T19:28:55","modified_gmt":"2023-05-01T17:28:55","slug":"flores-de-mayo","status":"publish","type":"post","link":"https:\/\/www.interflora.es\/blog\/flores-de-mayo\/","title":{"rendered":"Flores de mayo: \u00a1celebra con rosas y claveles el mes de las flores!"},"content":{"rendered":"\n<p>Mayo es el mes de las flores por excelencia en Espa\u00f1a. Las flores de abril ya han empezado a anunciar el apogeo de la primavera, que tiene en mayo su m\u00e1ximo exponente. <strong>Las flores de mayo<\/strong> llenan de colores <strong>los rosales<\/strong> y <strong>los claveles, las amapolas, los ran\u00fanculos y muchas otras flores de mayo<\/strong> forman parte de todos los ramos y de las numerosas celebraciones florales que tienen lugar en este mes. En Interflora queremos que celebres este mes por todo lo alto, regalando <strong>flores de temporada mayo<\/strong> para el D\u00eda de la Madre o para muchos m\u00e1s eventos. Por eso te vamos a hablar de las <strong>flores que florecen en mayo<\/strong> y de las ocasiones en las que podr\u00e1s disfrutarlas \u00a1toma nota porque hay muchas!<\/p>\n\n\n\n<figure class=\"wp-block-image aligncenter size-large is-resized\"><img loading=\"lazy\" decoding=\"async\" width=\"1024\" height=\"683\" src=\"https:\/\/www.interflora.es\/blog\/wp-content\/uploads\/rosal-1024x683.jpg\" alt=\"Rosas, flores de mayo\" class=\"wp-image-14828\" style=\"width:768px;height:512px\" srcset=\"https:\/\/www.interflora.es\/blog\/wp-content\/uploads\/rosal-1024x683.jpg 1024w, https:\/\/www.interflora.es\/blog\/wp-content\/uploads\/rosal-300x200.jpg 300w, https:\/\/www.interflora.es\/blog\/wp-content\/uploads\/rosal-768x512.jpg 768w, https:\/\/www.interflora.es\/blog\/wp-content\/uploads\/rosal-1536x1024.jpg 1536w, https:\/\/www.interflora.es\/blog\/wp-content\/uploads\/rosal-2048x1365.jpg 2048w\" sizes=\"auto, (max-width: 1024px) 100vw, 1024px\" \/><\/figure>\n\n\n\n<div style=\"height:30px\" aria-hidden=\"true\" class=\"wp-block-spacer\"><\/div>\n\n\n<div class=\"lp-produits-grid\"><div class=\"lp-produit\"><div class=\"lp-thumbnail-wrapper\"><img loading=\"lazy\" decoding=\"async\" width=\"300\" height=\"300\" src=\"https:\/\/www.interflora.es\/blog\/wp-content\/uploads\/2025\/11\/Capture-decran-2026-02-04-121916-300x300.png\" class=\"attachment-medium size-medium wp-post-image\" alt=\"\" srcset=\"https:\/\/www.interflora.es\/blog\/wp-content\/uploads\/2025\/11\/Capture-decran-2026-02-04-121916-300x300.png 300w, https:\/\/www.interflora.es\/blog\/wp-content\/uploads\/2025\/11\/Capture-decran-2026-02-04-121916-150x150.png 150w, https:\/\/www.interflora.es\/blog\/wp-content\/uploads\/2025\/11\/Capture-decran-2026-02-04-121916.png 647w\" sizes=\"auto, (max-width: 300px) 100vw, 300px\" \/><img decoding=\"async\" class=\"lp-badge\" src=\"https:\/\/prodblog.interflora.es\/blog\/wp-content\/uploads\/2025\/04\/220422_INTERFLORA_Main_Logo_rgb_Main_Color.png\" alt=\"Entrega r\u00e1pida\"><\/div><span>Peque\u00f1o Sol<\/span><p>27.99 \u20ac<\/p><span class=\"obf-link lp-cta\" role=\"link\" tabindex=\"0\" data-b64=\"aHR0cHM6Ly93d3cuaW50ZXJmbG9yYS5lcy9wL3JhbW8tZGUtZmxvcmVzLWFtYXJpbGxhcy12YXJpYWRhcy8xP3V0bV9tZWRpdW09b3JnYW5pYyZ1dG1fc291cmNlPWJsb2dfcHJvZHVjdHMmdXRtX2NhbXBhaWduPUZGMTQ4\" data-target=\"_blank\"><svg xmlns=\"http:\/\/www.w3.org\/2000\/svg\" width=\"16\" height=\"16\" fill=\"currentColor\" class=\"bi bi-bag\" viewBox=\"0 0 16 16\"><path d=\"M8 1a2 2 0 0 1 2 2v1h2.5A1.5 1.5 0 0 1 14 5.5v8A1.5 1.5 0 0 1 12.5 15h-9A1.5 1.5 0 0 1 2 13.5v-8A1.5 1.5 0 0 1 3.5 3H6V2a2 2 0 0 1 2-1zm1 3V3a1 1 0 0 0-2 0v1h2z\"\/><\/svg>Comprar<\/span><p class=\"rapido\">Flores y plantas frescas<\/p><\/div><div class=\"lp-produit\"><div class=\"lp-thumbnail-wrapper\"><img loading=\"lazy\" decoding=\"async\" width=\"300\" height=\"300\" src=\"https:\/\/www.interflora.es\/blog\/wp-content\/uploads\/2025\/04\/1674815076-monstera_pg0055_deco-2-300x300.jpg\" class=\"attachment-medium size-medium wp-post-image\" alt=\"\" srcset=\"https:\/\/www.interflora.es\/blog\/wp-content\/uploads\/2025\/04\/1674815076-monstera_pg0055_deco-2-300x300.jpg 300w, https:\/\/www.interflora.es\/blog\/wp-content\/uploads\/2025\/04\/1674815076-monstera_pg0055_deco-2-1024x1024.jpg 1024w, https:\/\/www.interflora.es\/blog\/wp-content\/uploads\/2025\/04\/1674815076-monstera_pg0055_deco-2-150x150.jpg 150w, https:\/\/www.interflora.es\/blog\/wp-content\/uploads\/2025\/04\/1674815076-monstera_pg0055_deco-2-768x768.jpg 768w, https:\/\/www.interflora.es\/blog\/wp-content\/uploads\/2025\/04\/1674815076-monstera_pg0055_deco-2.jpg 1500w\" sizes=\"auto, (max-width: 300px) 100vw, 300px\" \/><img decoding=\"async\" class=\"lp-badge\" src=\"https:\/\/prodblog.interflora.es\/blog\/wp-content\/uploads\/2025\/04\/220422_INTERFLORA_Main_Logo_rgb_Main_Color.png\" alt=\"Entrega r\u00e1pida\"><\/div><span>Monstera Deliciosa &#8211; Costilla de Ad\u00e1n<\/span><p>29.99 \u20ac<\/p><span class=\"obf-link lp-cta\" role=\"link\" tabindex=\"0\" data-b64=\"aHR0cHM6Ly93d3cuaW50ZXJmbG9yYS5lcy9wL21vbnN0ZXJhLzE\/dXRtX21lZGl1bT1vcmdhbmljJnV0bV9zb3VyY2U9YmxvZ19wcm9kdWN0cyZ1dG1fY2FtcGFpZ249UEcwMDU1\" data-target=\"_blank\"><svg xmlns=\"http:\/\/www.w3.org\/2000\/svg\" width=\"16\" height=\"16\" fill=\"currentColor\" class=\"bi bi-bag\" viewBox=\"0 0 16 16\"><path d=\"M8 1a2 2 0 0 1 2 2v1h2.5A1.5 1.5 0 0 1 14 5.5v8A1.5 1.5 0 0 1 12.5 15h-9A1.5 1.5 0 0 1 2 13.5v-8A1.5 1.5 0 0 1 3.5 3H6V2a2 2 0 0 1 2-1zm1 3V3a1 1 0 0 0-2 0v1h2z\"\/><\/svg>Comprar<\/span><p class=\"rapido\">Flores y plantas frescas<\/p><\/div><div class=\"lp-produit\"><div class=\"lp-thumbnail-wrapper\"><img loading=\"lazy\" decoding=\"async\" width=\"300\" height=\"300\" src=\"https:\/\/www.interflora.es\/blog\/wp-content\/uploads\/2025\/04\/1734353451-f0270-m-key-2-300x300.jpg\" class=\"attachment-medium size-medium wp-post-image\" alt=\"\" srcset=\"https:\/\/www.interflora.es\/blog\/wp-content\/uploads\/2025\/04\/1734353451-f0270-m-key-2-300x300.jpg 300w, https:\/\/www.interflora.es\/blog\/wp-content\/uploads\/2025\/04\/1734353451-f0270-m-key-2-1024x1024.jpg 1024w, https:\/\/www.interflora.es\/blog\/wp-content\/uploads\/2025\/04\/1734353451-f0270-m-key-2-150x150.jpg 150w, https:\/\/www.interflora.es\/blog\/wp-content\/uploads\/2025\/04\/1734353451-f0270-m-key-2-768x768.jpg 768w, https:\/\/www.interflora.es\/blog\/wp-content\/uploads\/2025\/04\/1734353451-f0270-m-key-2.jpg 1200w\" sizes=\"auto, (max-width: 300px) 100vw, 300px\" \/><img decoding=\"async\" class=\"lp-badge\" src=\"https:\/\/prodblog.interflora.es\/blog\/wp-content\/uploads\/2025\/04\/220422_INTERFLORA_Main_Logo_rgb_Main_Color.png\" alt=\"Entrega r\u00e1pida\"><\/div><span>Conexi\u00f3n floral<\/span><p>49.99 \u20ac<\/p><span class=\"obf-link lp-cta\" role=\"link\" tabindex=\"0\" data-b64=\"aHR0cHM6Ly93d3cuaW50ZXJmbG9yYS5lcy9wL3F1ZXJpZGEtbWFtYS8xP3V0bV9tZWRpdW09b3JnYW5pYyZ1dG1fc291cmNlPWJsb2dfcHJvZHVjdHMmdXRtX2NhbXBhaWduPUYwMjcw\" data-target=\"_blank\"><svg xmlns=\"http:\/\/www.w3.org\/2000\/svg\" width=\"16\" height=\"16\" fill=\"currentColor\" class=\"bi bi-bag\" viewBox=\"0 0 16 16\"><path d=\"M8 1a2 2 0 0 1 2 2v1h2.5A1.5 1.5 0 0 1 14 5.5v8A1.5 1.5 0 0 1 12.5 15h-9A1.5 1.5 0 0 1 2 13.5v-8A1.5 1.5 0 0 1 3.5 3H6V2a2 2 0 0 1 2-1zm1 3V3a1 1 0 0 0-2 0v1h2z\"\/><\/svg>Comprar<\/span><p class=\"rapido\">Flores y plantas frescas<\/p><\/div><div class=\"lp-produit\"><div class=\"lp-thumbnail-wrapper\"><img loading=\"lazy\" decoding=\"async\" width=\"300\" height=\"300\" src=\"https:\/\/www.interflora.es\/blog\/wp-content\/uploads\/2025\/04\/1738656685-fwd009-m-key-zoomed-2-300x300.jpg\" class=\"attachment-medium size-medium wp-post-image\" alt=\"\" srcset=\"https:\/\/www.interflora.es\/blog\/wp-content\/uploads\/2025\/04\/1738656685-fwd009-m-key-zoomed-2-300x300.jpg 300w, https:\/\/www.interflora.es\/blog\/wp-content\/uploads\/2025\/04\/1738656685-fwd009-m-key-zoomed-2-1024x1024.jpg 1024w, https:\/\/www.interflora.es\/blog\/wp-content\/uploads\/2025\/04\/1738656685-fwd009-m-key-zoomed-2-150x150.jpg 150w, https:\/\/www.interflora.es\/blog\/wp-content\/uploads\/2025\/04\/1738656685-fwd009-m-key-zoomed-2-768x768.jpg 768w, https:\/\/www.interflora.es\/blog\/wp-content\/uploads\/2025\/04\/1738656685-fwd009-m-key-zoomed-2-1536x1536.jpg 1536w, https:\/\/www.interflora.es\/blog\/wp-content\/uploads\/2025\/04\/1738656685-fwd009-m-key-zoomed-2.jpg 1991w\" sizes=\"auto, (max-width: 300px) 100vw, 300px\" \/><img decoding=\"async\" class=\"lp-badge\" src=\"https:\/\/prodblog.interflora.es\/blog\/wp-content\/uploads\/2025\/04\/220422_INTERFLORA_Main_Logo_rgb_Main_Color.png\" alt=\"Entrega r\u00e1pida\"><\/div><span>Floral Kiss<\/span><p>29.99 \u20ac<\/p><span class=\"obf-link lp-cta\" role=\"link\" tabindex=\"0\" data-b64=\"aHR0cHM6Ly93d3cuaW50ZXJmbG9yYS5lcy9wL2Zsb3JhbC1raXNzLzE\/dXRtX21lZGl1bT1vcmdhbmljJnV0bV9zb3VyY2U9YmxvZ19wcm9kdWN0cyZ1dG1fY2FtcGFpZ249RldEMDA5\" data-target=\"_blank\"><svg xmlns=\"http:\/\/www.w3.org\/2000\/svg\" width=\"16\" height=\"16\" fill=\"currentColor\" class=\"bi bi-bag\" viewBox=\"0 0 16 16\"><path d=\"M8 1a2 2 0 0 1 2 2v1h2.5A1.5 1.5 0 0 1 14 5.5v8A1.5 1.5 0 0 1 12.5 15h-9A1.5 1.5 0 0 1 2 13.5v-8A1.5 1.5 0 0 1 3.5 3H6V2a2 2 0 0 1 2-1zm1 3V3a1 1 0 0 0-2 0v1h2z\"\/><\/svg>Comprar<\/span><p class=\"rapido\">Flores y plantas elegidas con mimo<\/p><\/div><\/div>\n\n\n\n<div style=\"height:5px\" aria-hidden=\"true\" class=\"wp-block-spacer\"><\/div>\n\n\n\n<h2 class=\"wp-block-heading alignwide\"><strong>Flores de temporada mayo: \u00a1disfruta de tu jard\u00edn y de tu interior!<\/strong><\/h2>\n\n\n\n<p>Ya sea en tu jard\u00edn o en tu casa, la primavera ya se hace notar. <strong>Las flores de mayo<\/strong> llenan los espacios desde finales de abril hasta principios de junio y hasta los campos, que a\u00fan no han sufrido los calores estivales, las acogen con alegr\u00eda. Estas son algunas de las <strong>flores del mes de mayo en Espa\u00f1a:&nbsp;<\/strong><\/p>\n\n\n\n<div class=\"wp-block-media-text alignwide is-stacked-on-mobile\" style=\"grid-template-columns:25% auto\"><figure class=\"wp-block-media-text__media\"><img loading=\"lazy\" decoding=\"async\" width=\"500\" height=\"500\" src=\"https:\/\/www.interflora.es\/blog\/wp-content\/uploads\/rosal-de-color-rosa.jpg\" alt=\"Un rosal de color rosa\" class=\"wp-image-16234 size-full\" srcset=\"https:\/\/www.interflora.es\/blog\/wp-content\/uploads\/rosal-de-color-rosa.jpg 500w, https:\/\/www.interflora.es\/blog\/wp-content\/uploads\/rosal-de-color-rosa-300x300.jpg 300w, https:\/\/www.interflora.es\/blog\/wp-content\/uploads\/rosal-de-color-rosa-150x150.jpg 150w\" sizes=\"auto, (max-width: 500px) 100vw, 500px\" \/><\/figure><div class=\"wp-block-media-text__content\">\n<h3 class=\"wp-block-heading\"><strong>Las rosas<\/strong><\/h3>\n\n\n\n<p>La reina de las flores es la protagonista indiscutible de este mes, pero tiene mucha competencia. Los rosales empiezan a florecer hacia finales de abril en las zonas m\u00e1s templadas y en mayo est\u00e1n radiantes, con sus colores, olores y formas\u2026 \u00a1los <a href=\"https:\/\/www.interflora.es\/c\/rosas\">ramos de rosas<\/a> est\u00e1n por todas partes!<\/p>\n<\/div><\/div>\n\n\n\n<div style=\"height:30px\" aria-hidden=\"true\" class=\"wp-block-spacer\"><\/div>\n\n\n\n<div class=\"wp-block-media-text alignwide is-stacked-on-mobile\" style=\"grid-template-columns:25% auto\"><figure class=\"wp-block-media-text__media\"><img loading=\"lazy\" decoding=\"async\" width=\"1024\" height=\"1024\" src=\"https:\/\/www.interflora.es\/blog\/wp-content\/uploads\/clavel-chino-1024x1024.jpg\" alt=\"\" class=\"wp-image-14265 size-full\" srcset=\"https:\/\/www.interflora.es\/blog\/wp-content\/uploads\/clavel-chino-1024x1024.jpg 1024w, https:\/\/www.interflora.es\/blog\/wp-content\/uploads\/clavel-chino-300x300.jpg 300w, https:\/\/www.interflora.es\/blog\/wp-content\/uploads\/clavel-chino-150x150.jpg 150w, https:\/\/www.interflora.es\/blog\/wp-content\/uploads\/clavel-chino-768x768.jpg 768w, https:\/\/www.interflora.es\/blog\/wp-content\/uploads\/clavel-chino-1536x1536.jpg 1536w, https:\/\/www.interflora.es\/blog\/wp-content\/uploads\/clavel-chino-2048x2048.jpg 2048w\" sizes=\"auto, (max-width: 1024px) 100vw, 1024px\" \/><\/figure><div class=\"wp-block-media-text__content\">\n<h3 class=\"wp-block-heading\"><strong>Los claveles<\/strong><\/h3>\n\n\n\n<p>S\u00edmbolo de nuestro pa\u00eds, <a href=\"https:\/\/www.interflora.es\/c\/flores\/claveles\">los claveles<\/a> son flores primaverales muy presentes en las festividades de toda Espa\u00f1a. Sus colores son muy variados y su resistencia como planta o como flor cortada les hace perfectos para regalar en este mes.<\/p>\n<\/div><\/div>\n\n\n\n<div style=\"height:30px\" aria-hidden=\"true\" class=\"wp-block-spacer\"><\/div>\n\n\n\n<div class=\"wp-block-media-text alignwide is-stacked-on-mobile\" style=\"grid-template-columns:25% auto\"><figure class=\"wp-block-media-text__media\"><img loading=\"lazy\" decoding=\"async\" width=\"500\" height=\"500\" src=\"https:\/\/www.interflora.es\/blog\/wp-content\/uploads\/flores-de-mayo.jpg\" alt=\"flores de mayo\" class=\"wp-image-16413 size-full\" srcset=\"https:\/\/www.interflora.es\/blog\/wp-content\/uploads\/flores-de-mayo.jpg 500w, https:\/\/www.interflora.es\/blog\/wp-content\/uploads\/flores-de-mayo-300x300.jpg 300w, https:\/\/www.interflora.es\/blog\/wp-content\/uploads\/flores-de-mayo-150x150.jpg 150w\" sizes=\"auto, (max-width: 500px) 100vw, 500px\" \/><\/figure><div class=\"wp-block-media-text__content\">\n<h3 class=\"wp-block-heading\"><strong>Las flores de mayo<\/strong><\/h3>\n\n\n\n<p>En Canarias, se llama flor de mayo al Tusilago morado. Esta flor, end\u00e9mica de las islas, es muy vistosa. Sus flores se asemejan a peque\u00f1as margaritas moradas. En M\u00e9xico, se conoce como flor de mayo a la Plumeria, un peque\u00f1o arbusto que ofrece peque\u00f1as flores muy arom\u00e1ticas de diferentes colores.<\/p>\n<\/div><\/div>\n\n\n\n<div style=\"height:30px\" aria-hidden=\"true\" class=\"wp-block-spacer\"><\/div>\n\n\n\n<div class=\"wp-block-media-text alignwide is-stacked-on-mobile\" style=\"grid-template-columns:25% auto\"><figure class=\"wp-block-media-text__media\"><img loading=\"lazy\" decoding=\"async\" width=\"500\" height=\"500\" src=\"https:\/\/www.interflora.es\/blog\/wp-content\/uploads\/amapolas-rojas.jpg\" alt=\"Amapolas rojas\" class=\"wp-image-16414 size-full\" srcset=\"https:\/\/www.interflora.es\/blog\/wp-content\/uploads\/amapolas-rojas.jpg 500w, https:\/\/www.interflora.es\/blog\/wp-content\/uploads\/amapolas-rojas-300x300.jpg 300w, https:\/\/www.interflora.es\/blog\/wp-content\/uploads\/amapolas-rojas-150x150.jpg 150w\" sizes=\"auto, (max-width: 500px) 100vw, 500px\" \/><\/figure><div class=\"wp-block-media-text__content\">\n<h3 class=\"wp-block-heading\"><strong>Las amapolas<\/strong><\/h3>\n\n\n\n<p>Nuestros campos y jardines se llenan de puntitos rojos a finales de abril y principios de mayo. Las amapolas salvajes son muy comunes en Espa\u00f1a, pero algunas de sus m\u00e1s de 100 especies tambi\u00e9n se pueden cultivar en interior de manera f\u00e1cil.<\/p>\n<\/div><\/div>\n\n\n\n<div style=\"height:30px\" aria-hidden=\"true\" class=\"wp-block-spacer\"><\/div>\n\n\n\n<div class=\"wp-block-media-text alignwide is-stacked-on-mobile\" style=\"grid-template-columns:25% auto\"><figure class=\"wp-block-media-text__media\"><img loading=\"lazy\" decoding=\"async\" width=\"500\" height=\"500\" src=\"https:\/\/www.interflora.es\/blog\/wp-content\/uploads\/ramo-de-ranunculos.jpg\" alt=\"Ramo de ran\u00fanculos\" class=\"wp-image-16415 size-full\" srcset=\"https:\/\/www.interflora.es\/blog\/wp-content\/uploads\/ramo-de-ranunculos.jpg 500w, https:\/\/www.interflora.es\/blog\/wp-content\/uploads\/ramo-de-ranunculos-300x300.jpg 300w, https:\/\/www.interflora.es\/blog\/wp-content\/uploads\/ramo-de-ranunculos-150x150.jpg 150w\" sizes=\"auto, (max-width: 500px) 100vw, 500px\" \/><\/figure><div class=\"wp-block-media-text__content\">\n<h3 class=\"wp-block-heading\"><strong>Los ran\u00fanculos<\/strong><\/h3>\n\n\n\n<p>Por sus abundantes p\u00e9talos y su forma, el ran\u00fanculo se confunde a veces con la peon\u00eda, pero no es la misma flor. Esta flor de mayo es muy resistente y puede durar hasta finales del verano en tu jard\u00edn o terraza. Eso s\u00ed, mant\u00e9n su tierra h\u00fameda porque les encanta el agua.<\/p>\n<\/div><\/div>\n\n\n\n<div style=\"height:30px\" aria-hidden=\"true\" class=\"wp-block-spacer\"><\/div>\n\n\n\n<h3 class=\"wp-block-heading\"><strong>Otras plantas que florecen en el mes de mayo<\/strong><\/h3>\n\n\n\n<p>La lista de plantas de exterior y de interior que ofrecen sus flores en mayo es muy larga, por eso te vamos a citar las m\u00e1s comunes en interiores y jardines:&nbsp;<\/p>\n\n\n\n<div class=\"wp-block-columns is-layout-flex wp-container-core-columns-is-layout-28f84493 wp-block-columns-is-layout-flex\">\n<div class=\"wp-block-column is-layout-flow wp-block-column-is-layout-flow\">\n<ul class=\"wp-block-list\">\n<li>Las azaleas y rododendros<\/li>\n\n\n\n<li>Los geranios<\/li>\n\n\n\n<li>Las alegr\u00edas<\/li>\n\n\n\n<li>Las begonias<\/li>\n<\/ul>\n<\/div>\n\n\n\n<div class=\"wp-block-column is-layout-flow wp-block-column-is-layout-flow\">\n<ul class=\"wp-block-list\">\n<li>Las dipladenias<\/li>\n\n\n\n<li>Las hortensias<\/li>\n\n\n\n<li>Las fucsias\u2026<\/li>\n<\/ul>\n<\/div>\n<\/div>\n\n\n\n<p><\/p>\n\n\n\n<div style=\"height:5px\" aria-hidden=\"true\" class=\"wp-block-spacer\"><\/div>\n\n\n<div class=\"lp-produits-grid\"><div class=\"lp-produit\"><div class=\"lp-thumbnail-wrapper\"><img loading=\"lazy\" decoding=\"async\" width=\"300\" height=\"300\" src=\"https:\/\/www.interflora.es\/blog\/wp-content\/uploads\/2025\/11\/Capture-decran-2026-02-04-121916-300x300.png\" class=\"attachment-medium size-medium wp-post-image\" alt=\"\" srcset=\"https:\/\/www.interflora.es\/blog\/wp-content\/uploads\/2025\/11\/Capture-decran-2026-02-04-121916-300x300.png 300w, https:\/\/www.interflora.es\/blog\/wp-content\/uploads\/2025\/11\/Capture-decran-2026-02-04-121916-150x150.png 150w, https:\/\/www.interflora.es\/blog\/wp-content\/uploads\/2025\/11\/Capture-decran-2026-02-04-121916.png 647w\" sizes=\"auto, (max-width: 300px) 100vw, 300px\" \/><img decoding=\"async\" class=\"lp-badge\" src=\"https:\/\/prodblog.interflora.es\/blog\/wp-content\/uploads\/2025\/04\/220422_INTERFLORA_Main_Logo_rgb_Main_Color.png\" alt=\"Entrega r\u00e1pida\"><\/div><span>Peque\u00f1o Sol<\/span><p>27.99 \u20ac<\/p><span class=\"obf-link lp-cta\" role=\"link\" tabindex=\"0\" data-b64=\"aHR0cHM6Ly93d3cuaW50ZXJmbG9yYS5lcy9wL3JhbW8tZGUtZmxvcmVzLWFtYXJpbGxhcy12YXJpYWRhcy8xP3V0bV9tZWRpdW09b3JnYW5pYyZ1dG1fc291cmNlPWJsb2dfcHJvZHVjdHMmdXRtX2NhbXBhaWduPUZGMTQ4\" data-target=\"_blank\"><svg xmlns=\"http:\/\/www.w3.org\/2000\/svg\" width=\"16\" height=\"16\" fill=\"currentColor\" class=\"bi bi-bag\" viewBox=\"0 0 16 16\"><path d=\"M8 1a2 2 0 0 1 2 2v1h2.5A1.5 1.5 0 0 1 14 5.5v8A1.5 1.5 0 0 1 12.5 15h-9A1.5 1.5 0 0 1 2 13.5v-8A1.5 1.5 0 0 1 3.5 3H6V2a2 2 0 0 1 2-1zm1 3V3a1 1 0 0 0-2 0v1h2z\"\/><\/svg>Comprar<\/span><p class=\"rapido\">Entrega urgente<\/p><\/div><div class=\"lp-produit\"><div class=\"lp-thumbnail-wrapper\"><img loading=\"lazy\" decoding=\"async\" width=\"300\" height=\"300\" src=\"https:\/\/www.interflora.es\/blog\/wp-content\/uploads\/2025\/04\/1674815076-monstera_pg0055_deco-2-300x300.jpg\" class=\"attachment-medium size-medium wp-post-image\" alt=\"\" srcset=\"https:\/\/www.interflora.es\/blog\/wp-content\/uploads\/2025\/04\/1674815076-monstera_pg0055_deco-2-300x300.jpg 300w, https:\/\/www.interflora.es\/blog\/wp-content\/uploads\/2025\/04\/1674815076-monstera_pg0055_deco-2-1024x1024.jpg 1024w, https:\/\/www.interflora.es\/blog\/wp-content\/uploads\/2025\/04\/1674815076-monstera_pg0055_deco-2-150x150.jpg 150w, https:\/\/www.interflora.es\/blog\/wp-content\/uploads\/2025\/04\/1674815076-monstera_pg0055_deco-2-768x768.jpg 768w, https:\/\/www.interflora.es\/blog\/wp-content\/uploads\/2025\/04\/1674815076-monstera_pg0055_deco-2.jpg 1500w\" sizes=\"auto, (max-width: 300px) 100vw, 300px\" \/><img decoding=\"async\" class=\"lp-badge\" src=\"https:\/\/prodblog.interflora.es\/blog\/wp-content\/uploads\/2025\/04\/220422_INTERFLORA_Main_Logo_rgb_Main_Color.png\" alt=\"Entrega r\u00e1pida\"><\/div><span>Monstera Deliciosa &#8211; Costilla de Ad\u00e1n<\/span><p>29.99 \u20ac<\/p><span class=\"obf-link lp-cta\" role=\"link\" tabindex=\"0\" data-b64=\"aHR0cHM6Ly93d3cuaW50ZXJmbG9yYS5lcy9wL21vbnN0ZXJhLzE\/dXRtX21lZGl1bT1vcmdhbmljJnV0bV9zb3VyY2U9YmxvZ19wcm9kdWN0cyZ1dG1fY2FtcGFpZ249UEcwMDU1\" data-target=\"_blank\"><svg xmlns=\"http:\/\/www.w3.org\/2000\/svg\" width=\"16\" height=\"16\" fill=\"currentColor\" class=\"bi bi-bag\" viewBox=\"0 0 16 16\"><path d=\"M8 1a2 2 0 0 1 2 2v1h2.5A1.5 1.5 0 0 1 14 5.5v8A1.5 1.5 0 0 1 12.5 15h-9A1.5 1.5 0 0 1 2 13.5v-8A1.5 1.5 0 0 1 3.5 3H6V2a2 2 0 0 1 2-1zm1 3V3a1 1 0 0 0-2 0v1h2z\"\/><\/svg>Comprar<\/span><p class=\"rapido\">Entrega en el d\u00eda<\/p><\/div><div class=\"lp-produit\"><div class=\"lp-thumbnail-wrapper\"><img loading=\"lazy\" decoding=\"async\" width=\"300\" height=\"300\" src=\"https:\/\/www.interflora.es\/blog\/wp-content\/uploads\/2025\/04\/1734353451-f0270-m-key-2-300x300.jpg\" class=\"attachment-medium size-medium wp-post-image\" alt=\"\" srcset=\"https:\/\/www.interflora.es\/blog\/wp-content\/uploads\/2025\/04\/1734353451-f0270-m-key-2-300x300.jpg 300w, https:\/\/www.interflora.es\/blog\/wp-content\/uploads\/2025\/04\/1734353451-f0270-m-key-2-1024x1024.jpg 1024w, https:\/\/www.interflora.es\/blog\/wp-content\/uploads\/2025\/04\/1734353451-f0270-m-key-2-150x150.jpg 150w, https:\/\/www.interflora.es\/blog\/wp-content\/uploads\/2025\/04\/1734353451-f0270-m-key-2-768x768.jpg 768w, https:\/\/www.interflora.es\/blog\/wp-content\/uploads\/2025\/04\/1734353451-f0270-m-key-2.jpg 1200w\" sizes=\"auto, (max-width: 300px) 100vw, 300px\" \/><img decoding=\"async\" class=\"lp-badge\" src=\"https:\/\/prodblog.interflora.es\/blog\/wp-content\/uploads\/2025\/04\/220422_INTERFLORA_Main_Logo_rgb_Main_Color.png\" alt=\"Entrega r\u00e1pida\"><\/div><span>Conexi\u00f3n floral<\/span><p>49.99 \u20ac<\/p><span class=\"obf-link lp-cta\" role=\"link\" tabindex=\"0\" data-b64=\"aHR0cHM6Ly93d3cuaW50ZXJmbG9yYS5lcy9wL3F1ZXJpZGEtbWFtYS8xP3V0bV9tZWRpdW09b3JnYW5pYyZ1dG1fc291cmNlPWJsb2dfcHJvZHVjdHMmdXRtX2NhbXBhaWduPUYwMjcw\" data-target=\"_blank\"><svg xmlns=\"http:\/\/www.w3.org\/2000\/svg\" width=\"16\" height=\"16\" fill=\"currentColor\" class=\"bi bi-bag\" viewBox=\"0 0 16 16\"><path d=\"M8 1a2 2 0 0 1 2 2v1h2.5A1.5 1.5 0 0 1 14 5.5v8A1.5 1.5 0 0 1 12.5 15h-9A1.5 1.5 0 0 1 2 13.5v-8A1.5 1.5 0 0 1 3.5 3H6V2a2 2 0 0 1 2-1zm1 3V3a1 1 0 0 0-2 0v1h2z\"\/><\/svg>Comprar<\/span><p class=\"rapido\">Entrega en el d\u00eda<\/p><\/div><div class=\"lp-produit\"><div class=\"lp-thumbnail-wrapper\"><img loading=\"lazy\" decoding=\"async\" width=\"300\" height=\"300\" src=\"https:\/\/www.interflora.es\/blog\/wp-content\/uploads\/2025\/04\/1738656685-fwd009-m-key-zoomed-2-300x300.jpg\" class=\"attachment-medium size-medium wp-post-image\" alt=\"\" srcset=\"https:\/\/www.interflora.es\/blog\/wp-content\/uploads\/2025\/04\/1738656685-fwd009-m-key-zoomed-2-300x300.jpg 300w, https:\/\/www.interflora.es\/blog\/wp-content\/uploads\/2025\/04\/1738656685-fwd009-m-key-zoomed-2-1024x1024.jpg 1024w, https:\/\/www.interflora.es\/blog\/wp-content\/uploads\/2025\/04\/1738656685-fwd009-m-key-zoomed-2-150x150.jpg 150w, https:\/\/www.interflora.es\/blog\/wp-content\/uploads\/2025\/04\/1738656685-fwd009-m-key-zoomed-2-768x768.jpg 768w, https:\/\/www.interflora.es\/blog\/wp-content\/uploads\/2025\/04\/1738656685-fwd009-m-key-zoomed-2-1536x1536.jpg 1536w, https:\/\/www.interflora.es\/blog\/wp-content\/uploads\/2025\/04\/1738656685-fwd009-m-key-zoomed-2.jpg 1991w\" sizes=\"auto, (max-width: 300px) 100vw, 300px\" \/><img decoding=\"async\" class=\"lp-badge\" src=\"https:\/\/prodblog.interflora.es\/blog\/wp-content\/uploads\/2025\/04\/220422_INTERFLORA_Main_Logo_rgb_Main_Color.png\" alt=\"Entrega r\u00e1pida\"><\/div><span>Floral Kiss<\/span><p>29.99 \u20ac<\/p><span class=\"obf-link lp-cta\" role=\"link\" tabindex=\"0\" data-b64=\"aHR0cHM6Ly93d3cuaW50ZXJmbG9yYS5lcy9wL2Zsb3JhbC1raXNzLzE\/dXRtX21lZGl1bT1vcmdhbmljJnV0bV9zb3VyY2U9YmxvZ19wcm9kdWN0cyZ1dG1fY2FtcGFpZ249RldEMDA5\" data-target=\"_blank\"><svg xmlns=\"http:\/\/www.w3.org\/2000\/svg\" width=\"16\" height=\"16\" fill=\"currentColor\" class=\"bi bi-bag\" viewBox=\"0 0 16 16\"><path d=\"M8 1a2 2 0 0 1 2 2v1h2.5A1.5 1.5 0 0 1 14 5.5v8A1.5 1.5 0 0 1 12.5 15h-9A1.5 1.5 0 0 1 2 13.5v-8A1.5 1.5 0 0 1 3.5 3H6V2a2 2 0 0 1 2-1zm1 3V3a1 1 0 0 0-2 0v1h2z\"\/><\/svg>Comprar<\/span><p class=\"rapido\">Entrega en el d\u00eda<\/p><\/div><\/div>\n\n\n\n<div style=\"height:5px\" aria-hidden=\"true\" class=\"wp-block-spacer\"><\/div>\n\n\n\n<h2 class=\"wp-block-heading alignwide\"><strong>&nbsp;\u00bfPor qu\u00e9 mayo es el mes de las flores y de las fiestas florales?<\/strong><\/h2>\n\n\n\n<figure class=\"wp-block-image aligncenter size-large is-resized\"><img loading=\"lazy\" decoding=\"async\" width=\"1024\" height=\"683\" src=\"https:\/\/www.interflora.es\/blog\/wp-content\/uploads\/Patio-flores-Cordoba-1024x683.jpg\" alt=\"Fiestas florales\" class=\"wp-image-14846\" style=\"width:768px;height:512px\" srcset=\"https:\/\/www.interflora.es\/blog\/wp-content\/uploads\/Patio-flores-Cordoba-1024x683.jpg 1024w, https:\/\/www.interflora.es\/blog\/wp-content\/uploads\/Patio-flores-Cordoba-300x200.jpg 300w, https:\/\/www.interflora.es\/blog\/wp-content\/uploads\/Patio-flores-Cordoba-768x512.jpg 768w, https:\/\/www.interflora.es\/blog\/wp-content\/uploads\/Patio-flores-Cordoba-1536x1024.jpg 1536w, https:\/\/www.interflora.es\/blog\/wp-content\/uploads\/Patio-flores-Cordoba-2048x1365.jpg 2048w\" sizes=\"auto, (max-width: 1024px) 100vw, 1024px\" \/><\/figure>\n\n\n\n<p><\/p>\n\n\n\n<p>Seg\u00fan la cultura popular, este mes es considerado como el mes de las flores en Espa\u00f1a. Esto se debe a que en este mes la primavera se encuentra en su punto \u00e1lgido y que, gracias a las temperaturas c\u00e1lidas de muchos lugares de Espa\u00f1a, <a href=\"https:\/\/www.interflora.es\/c\/flores\/primavera\">las flores de primavera<\/a> conviven con las primeras flores de verano, lo que hace que ciertas regiones de nuestro pa\u00eds est\u00e9n ahora m\u00e1s floridas que nunca. Los romanos, como buen pueblo mediterr\u00e1neo, ya celebraban una <strong>fiesta en honor a la diosa Maia<\/strong>, que representaba la salud y la fertilidad. Esta tradici\u00f3n de fiestas florales en mayo est\u00e1 presente tambi\u00e9n en Espa\u00f1a con festivales como:<\/p>\n\n\n\n<ul class=\"wp-block-list\">\n<li><strong>Las Cruces de Mayo: <\/strong>en esta fiesta se decoran con flores varias cruces de grandes dimensiones para adornar las plazas y calles en Granada, Sevilla, M\u00e1laga o C\u00e1diz.&nbsp;<\/li>\n\n\n\n<li>La <strong>Fiesta de los Patios de C\u00f3rdoba<\/strong>: en la que los caracter\u00edsticos patios cordobeses cubren sus paredes de plantas que florecen en mayo. Una fiesta de una belleza sin igual que ha sido reconocida por la UNESCO como Patrimonio Cultural Inmaterial.<\/li>\n\n\n\n<li><strong>Temps de Flors de Girona&nbsp;: <\/strong>la ciudad catalana celebra el mes de mayo con monumentos, esculturas y jardines cubiertos de flores y plantas del mes de mayo, que se utilizan tambi\u00e9n para crear sorprendentes instalaciones art\u00edsticas en la calle.<\/li>\n\n\n\n<li><strong>Festa dos Maios en Pontevedra:<\/strong> una celebraci\u00f3n celta relacionada con las flores de primavera en la que se sacan a pasear los maios, figuras realizadas con ramas y flores.&nbsp;<\/li>\n<\/ul>\n\n\n\n<div style=\"height:20px\" aria-hidden=\"true\" class=\"wp-block-spacer\"><\/div>\n\n\n\n<figure class=\"wp-block-image aligncenter size-large is-resized\"><img loading=\"lazy\" decoding=\"async\" width=\"1024\" height=\"685\" src=\"https:\/\/www.interflora.es\/blog\/wp-content\/uploads\/temps-des-flors-1024x685.jpg\" alt=\"Mayo: Temps des Flors Gerona\" class=\"wp-image-14849\" style=\"width:768px;height:514px\" srcset=\"https:\/\/www.interflora.es\/blog\/wp-content\/uploads\/temps-des-flors-1024x685.jpg 1024w, https:\/\/www.interflora.es\/blog\/wp-content\/uploads\/temps-des-flors-300x201.jpg 300w, https:\/\/www.interflora.es\/blog\/wp-content\/uploads\/temps-des-flors-768x514.jpg 768w, https:\/\/www.interflora.es\/blog\/wp-content\/uploads\/temps-des-flors-1536x1028.jpg 1536w, https:\/\/www.interflora.es\/blog\/wp-content\/uploads\/temps-des-flors-2048x1371.jpg 2048w\" sizes=\"auto, (max-width: 1024px) 100vw, 1024px\" \/><\/figure>\n\n\n\n<div style=\"height:30px\" aria-hidden=\"true\" class=\"wp-block-spacer\"><\/div>\n\n\n\n<p>Estos son solo algunos ejemplos de la gran cantidad de festivales y celebraciones en las que las flores y plantas de mayo son protagonistas. Este mes tambi\u00e9n cuenta con festividades como San Isidro en Madrid, las Fiestas de la Ascensi\u00f3n por toda Espa\u00f1a o La Feria de C\u00f3rdoba, en las que las flores de temporada mayo est\u00e1n muy presentes. Es el comienzo, adem\u00e1s, de una temporada llena de bodas y otros eventos en los que la decoraci\u00f3n floral est\u00e1 muy presente y en los que seguro que puedes regalar preciosos ramos de flores. En fin, la historia de amor entre el mes de mayo y las flores tiene un fondo natural y de tradiciones que seguro que podr\u00e1s disfrutar como cada a\u00f1o en tu jard\u00edn, gracias a las <a href=\"https:\/\/www.interflora.es\/c\/plantas\/temporada-primavera\">plantas de primavera<\/a> y a las hermosas flores que florecen en mayo.<\/p>\n","protected":false},"excerpt":{"rendered":"<p>Mayo es el mes de las flores por excelencia en Espa\u00f1a. Las flores de abril ya han empezado a anunciar [&hellip;]<\/p>\n","protected":false},"author":8,"featured_media":16416,"comment_status":"open","ping_status":"closed","sticky":false,"template":"","format":"standard","meta":{"_acf_changed":false,"_uag_custom_page_level_css":"","site-sidebar-layout":"default","site-content-layout":"","ast-site-content-layout":"default","site-content-style":"default","site-sidebar-style":"default","ast-global-header-display":"","ast-banner-title-visibility":"","ast-main-header-display":"","ast-hfb-above-header-display":"","ast-hfb-below-header-display":"","ast-hfb-mobile-header-display":"","site-post-title":"","ast-breadcrumbs-content":"","ast-featured-img":"","footer-sml-layout":"","theme-transparent-header-meta":"","adv-header-id-meta":"","stick-header-meta":"","header-above-stick-meta":"","header-main-stick-meta":"","header-below-stick-meta":"","astra-migrate-meta-layouts":"set","ast-page-background-enabled":"default","ast-page-background-meta":{"desktop":{"background-color":"var(--ast-global-color-5)","background-image":"","background-repeat":"repeat","background-position":"center center","background-size":"auto","background-attachment":"scroll","background-type":"","background-media":"","overlay-type":"","overlay-color":"","overlay-opacity":"","overlay-gradient":""},"tablet":{"background-color":"","background-image":"","background-repeat":"repeat","background-position":"center center","background-size":"auto","background-attachment":"scroll","background-type":"","background-media":"","overlay-type":"","overlay-color":"","overlay-opacity":"","overlay-gradient":""},"mobile":{"background-color":"","background-image":"","background-repeat":"repeat","background-position":"center center","background-size":"auto","background-attachment":"scroll","background-type":"","background-media":"","overlay-type":"","overlay-color":"","overlay-opacity":"","overlay-gradient":""}},"ast-content-background-meta":{"desktop":{"background-color":"var(--ast-global-color-4)","background-image":"","background-repeat":"repeat","background-position":"center center","background-size":"auto","background-attachment":"scroll","background-type":"","background-media":"","overlay-type":"","overlay-color":"","overlay-opacity":"","overlay-gradient":""},"tablet":{"background-color":"var(--ast-global-color-4)","background-image":"","background-repeat":"repeat","background-position":"center center","background-size":"auto","background-attachment":"scroll","background-type":"","background-media":"","overlay-type":"","overlay-color":"","overlay-opacity":"","overlay-gradient":""},"mobile":{"background-color":"var(--ast-global-color-4)","background-image":"","background-repeat":"repeat","background-position":"center center","background-size":"auto","background-attachment":"scroll","background-type":"","background-media":"","overlay-type":"","overlay-color":"","overlay-opacity":"","overlay-gradient":""}},"footnotes":""},"categories":[28],"tags":[123],"class_list":["post-14820","post","type-post","status-publish","format-standard","has-post-thumbnail","hentry","category-flores-y-plantas","tag-temporadas"],"acf":[],"yoast_head":"<!-- This site is optimized with the Yoast SEO plugin v27.5 - https:\/\/yoast.com\/product\/yoast-seo-wordpress\/ -->\n<title>Flores de mayo ? celebra con rosas el mes de las flores | Interflora<\/title>\n<meta name=\"description\" content=\"Mayo es el mes de las flores y de las fiestas que celebran el despertar de la naturaleza. Interflora te cuenta todo sobre flores del mayo.\" \/>\n<meta name=\"robots\" content=\"index, follow, max-snippet:-1, max-image-preview:large, max-video-preview:-1\" \/>\n<link rel=\"canonical\" href=\"https:\/\/www.interflora.es\/blog\/flores-de-mayo\/\" \/>\n<script type=\"application\/ld+json\" class=\"yoast-schema-graph\">{\"@context\":\"https:\\\/\\\/schema.org\",\"@graph\":[{\"@type\":\"Article\",\"@id\":\"https:\\\/\\\/www.interflora.es\\\/blog\\\/flores-de-mayo\\\/#article\",\"isPartOf\":{\"@id\":\"https:\\\/\\\/www.interflora.es\\\/blog\\\/flores-de-mayo\\\/\"},\"author\":{\"name\":\"celia\",\"@id\":\"https:\\\/\\\/www.interflora.es\\\/blog\\\/#\\\/schema\\\/person\\\/1f30f7794421f1232dc4b6bdd75ae829\"},\"headline\":\"Flores de mayo: \u00a1celebra con rosas y claveles el mes de las flores!\",\"datePublished\":\"2023-05-01T17:28:55+00:00\",\"mainEntityOfPage\":{\"@id\":\"https:\\\/\\\/www.interflora.es\\\/blog\\\/flores-de-mayo\\\/\"},\"wordCount\":987,\"commentCount\":0,\"publisher\":{\"@id\":\"https:\\\/\\\/www.interflora.es\\\/blog\\\/#organization\"},\"image\":{\"@id\":\"https:\\\/\\\/www.interflora.es\\\/blog\\\/flores-de-mayo\\\/#primaryimage\"},\"thumbnailUrl\":\"https:\\\/\\\/www.interflora.es\\\/blog\\\/wp-content\\\/uploads\\\/ramo-de-flores-de-mayo.jpg\",\"keywords\":[\"temporadas\"],\"articleSection\":[\"Flores y plantas\"],\"inLanguage\":\"es\",\"potentialAction\":[{\"@type\":\"CommentAction\",\"name\":\"Comment\",\"target\":[\"https:\\\/\\\/www.interflora.es\\\/blog\\\/flores-de-mayo\\\/#respond\"]}]},{\"@type\":\"WebPage\",\"@id\":\"https:\\\/\\\/www.interflora.es\\\/blog\\\/flores-de-mayo\\\/\",\"url\":\"https:\\\/\\\/www.interflora.es\\\/blog\\\/flores-de-mayo\\\/\",\"name\":\"Flores de mayo ? celebra con rosas el mes de las flores | Interflora\",\"isPartOf\":{\"@id\":\"https:\\\/\\\/www.interflora.es\\\/blog\\\/#website\"},\"primaryImageOfPage\":{\"@id\":\"https:\\\/\\\/www.interflora.es\\\/blog\\\/flores-de-mayo\\\/#primaryimage\"},\"image\":{\"@id\":\"https:\\\/\\\/www.interflora.es\\\/blog\\\/flores-de-mayo\\\/#primaryimage\"},\"thumbnailUrl\":\"https:\\\/\\\/www.interflora.es\\\/blog\\\/wp-content\\\/uploads\\\/ramo-de-flores-de-mayo.jpg\",\"datePublished\":\"2023-05-01T17:28:55+00:00\",\"description\":\"Mayo es el mes de las flores y de las fiestas que celebran el despertar de la naturaleza. Interflora te cuenta todo sobre flores del mayo.\",\"breadcrumb\":{\"@id\":\"https:\\\/\\\/www.interflora.es\\\/blog\\\/flores-de-mayo\\\/#breadcrumb\"},\"inLanguage\":\"es\",\"potentialAction\":[{\"@type\":\"ReadAction\",\"target\":[\"https:\\\/\\\/www.interflora.es\\\/blog\\\/flores-de-mayo\\\/\"]}]},{\"@type\":\"ImageObject\",\"inLanguage\":\"es\",\"@id\":\"https:\\\/\\\/www.interflora.es\\\/blog\\\/flores-de-mayo\\\/#primaryimage\",\"url\":\"https:\\\/\\\/www.interflora.es\\\/blog\\\/wp-content\\\/uploads\\\/ramo-de-flores-de-mayo.jpg\",\"contentUrl\":\"https:\\\/\\\/www.interflora.es\\\/blog\\\/wp-content\\\/uploads\\\/ramo-de-flores-de-mayo.jpg\",\"width\":880,\"height\":440},{\"@type\":\"BreadcrumbList\",\"@id\":\"https:\\\/\\\/www.interflora.es\\\/blog\\\/flores-de-mayo\\\/#breadcrumb\",\"itemListElement\":[{\"@type\":\"ListItem\",\"position\":1,\"name\":\"Home\",\"item\":\"https:\\\/\\\/www.interflora.es\\\/blog\\\/\"},{\"@type\":\"ListItem\",\"position\":2,\"name\":\"Flores de mayo: \u00a1celebra con rosas y claveles el mes de las flores!\"}]},{\"@type\":\"WebSite\",\"@id\":\"https:\\\/\\\/www.interflora.es\\\/blog\\\/#website\",\"url\":\"https:\\\/\\\/www.interflora.es\\\/blog\\\/\",\"name\":\"El blog de Interflora : consejos, ideas e inspiraci\u00f3n para disfrutar de las flores y las plantas\",\"description\":\"\",\"publisher\":{\"@id\":\"https:\\\/\\\/www.interflora.es\\\/blog\\\/#organization\"},\"potentialAction\":[{\"@type\":\"SearchAction\",\"target\":{\"@type\":\"EntryPoint\",\"urlTemplate\":\"https:\\\/\\\/www.interflora.es\\\/blog\\\/?s={search_term_string}\"},\"query-input\":{\"@type\":\"PropertyValueSpecification\",\"valueRequired\":true,\"valueName\":\"search_term_string\"}}],\"inLanguage\":\"es\"},{\"@type\":\"Organization\",\"@id\":\"https:\\\/\\\/www.interflora.es\\\/blog\\\/#organization\",\"name\":\"El blog de Interflora : consejos, ideas e inspiraci\u00f3n para disfrutar de las flores y las plantas\",\"url\":\"https:\\\/\\\/www.interflora.es\\\/blog\\\/\",\"logo\":{\"@type\":\"ImageObject\",\"inLanguage\":\"es\",\"@id\":\"https:\\\/\\\/www.interflora.es\\\/blog\\\/#\\\/schema\\\/logo\\\/image\\\/\",\"url\":\"https:\\\/\\\/www.interflora.es\\\/blog\\\/wp-content\\\/uploads\\\/2025\\\/10\\\/cropped-220422_INTERFLORA_Logo_rgb_Half_Top_Circle_Main_Color.png\",\"contentUrl\":\"https:\\\/\\\/www.interflora.es\\\/blog\\\/wp-content\\\/uploads\\\/2025\\\/10\\\/cropped-220422_INTERFLORA_Logo_rgb_Half_Top_Circle_Main_Color.png\",\"width\":1418,\"height\":659,\"caption\":\"El blog de Interflora : consejos, ideas e inspiraci\u00f3n para disfrutar de las flores y las plantas\"},\"image\":{\"@id\":\"https:\\\/\\\/www.interflora.es\\\/blog\\\/#\\\/schema\\\/logo\\\/image\\\/\"}},{\"@type\":\"Person\",\"@id\":\"https:\\\/\\\/www.interflora.es\\\/blog\\\/#\\\/schema\\\/person\\\/1f30f7794421f1232dc4b6bdd75ae829\",\"name\":\"celia\",\"image\":{\"@type\":\"ImageObject\",\"inLanguage\":\"es\",\"@id\":\"https:\\\/\\\/www.interflora.es\\\/blog\\\/wp-content\\\/litespeed\\\/avatar\\\/f906d3ce098bd9b4e84d1b71d27d54af.jpg?ver=1777298586\",\"url\":\"https:\\\/\\\/www.interflora.es\\\/blog\\\/wp-content\\\/litespeed\\\/avatar\\\/f906d3ce098bd9b4e84d1b71d27d54af.jpg?ver=1777298586\",\"contentUrl\":\"https:\\\/\\\/www.interflora.es\\\/blog\\\/wp-content\\\/litespeed\\\/avatar\\\/f906d3ce098bd9b4e84d1b71d27d54af.jpg?ver=1777298586\",\"caption\":\"celia\"}}]}<\/script>\n<!-- \/ Yoast SEO plugin. -->","yoast_head_json":{"title":"Flores de mayo ? celebra con rosas el mes de las flores | Interflora","description":"Mayo es el mes de las flores y de las fiestas que celebran el despertar de la naturaleza. Interflora te cuenta todo sobre flores del mayo.","robots":{"index":"index","follow":"follow","max-snippet":"max-snippet:-1","max-image-preview":"max-image-preview:large","max-video-preview":"max-video-preview:-1"},"canonical":"https:\/\/www.interflora.es\/blog\/flores-de-mayo\/","schema":{"@context":"https:\/\/schema.org","@graph":[{"@type":"Article","@id":"https:\/\/www.interflora.es\/blog\/flores-de-mayo\/#article","isPartOf":{"@id":"https:\/\/www.interflora.es\/blog\/flores-de-mayo\/"},"author":{"name":"celia","@id":"https:\/\/www.interflora.es\/blog\/#\/schema\/person\/1f30f7794421f1232dc4b6bdd75ae829"},"headline":"Flores de mayo: \u00a1celebra con rosas y claveles el mes de las flores!","datePublished":"2023-05-01T17:28:55+00:00","mainEntityOfPage":{"@id":"https:\/\/www.interflora.es\/blog\/flores-de-mayo\/"},"wordCount":987,"commentCount":0,"publisher":{"@id":"https:\/\/www.interflora.es\/blog\/#organization"},"image":{"@id":"https:\/\/www.interflora.es\/blog\/flores-de-mayo\/#primaryimage"},"thumbnailUrl":"https:\/\/www.interflora.es\/blog\/wp-content\/uploads\/ramo-de-flores-de-mayo.jpg","keywords":["temporadas"],"articleSection":["Flores y plantas"],"inLanguage":"es","potentialAction":[{"@type":"CommentAction","name":"Comment","target":["https:\/\/www.interflora.es\/blog\/flores-de-mayo\/#respond"]}]},{"@type":"WebPage","@id":"https:\/\/www.interflora.es\/blog\/flores-de-mayo\/","url":"https:\/\/www.interflora.es\/blog\/flores-de-mayo\/","name":"Flores de mayo ? celebra con rosas el mes de las flores | Interflora","isPartOf":{"@id":"https:\/\/www.interflora.es\/blog\/#website"},"primaryImageOfPage":{"@id":"https:\/\/www.interflora.es\/blog\/flores-de-mayo\/#primaryimage"},"image":{"@id":"https:\/\/www.interflora.es\/blog\/flores-de-mayo\/#primaryimage"},"thumbnailUrl":"https:\/\/www.interflora.es\/blog\/wp-content\/uploads\/ramo-de-flores-de-mayo.jpg","datePublished":"2023-05-01T17:28:55+00:00","description":"Mayo es el mes de las flores y de las fiestas que celebran el despertar de la naturaleza. Interflora te cuenta todo sobre flores del mayo.","breadcrumb":{"@id":"https:\/\/www.interflora.es\/blog\/flores-de-mayo\/#breadcrumb"},"inLanguage":"es","potentialAction":[{"@type":"ReadAction","target":["https:\/\/www.interflora.es\/blog\/flores-de-mayo\/"]}]},{"@type":"ImageObject","inLanguage":"es","@id":"https:\/\/www.interflora.es\/blog\/flores-de-mayo\/#primaryimage","url":"https:\/\/www.interflora.es\/blog\/wp-content\/uploads\/ramo-de-flores-de-mayo.jpg","contentUrl":"https:\/\/www.interflora.es\/blog\/wp-content\/uploads\/ramo-de-flores-de-mayo.jpg","width":880,"height":440},{"@type":"BreadcrumbList","@id":"https:\/\/www.interflora.es\/blog\/flores-de-mayo\/#breadcrumb","itemListElement":[{"@type":"ListItem","position":1,"name":"Home","item":"https:\/\/www.interflora.es\/blog\/"},{"@type":"ListItem","position":2,"name":"Flores de mayo: \u00a1celebra con rosas y claveles el mes de las flores!"}]},{"@type":"WebSite","@id":"https:\/\/www.interflora.es\/blog\/#website","url":"https:\/\/www.interflora.es\/blog\/","name":"El blog de Interflora : consejos, ideas e inspiraci\u00f3n para disfrutar de las flores y las plantas","description":"","publisher":{"@id":"https:\/\/www.interflora.es\/blog\/#organization"},"potentialAction":[{"@type":"SearchAction","target":{"@type":"EntryPoint","urlTemplate":"https:\/\/www.interflora.es\/blog\/?s={search_term_string}"},"query-input":{"@type":"PropertyValueSpecification","valueRequired":true,"valueName":"search_term_string"}}],"inLanguage":"es"},{"@type":"Organization","@id":"https:\/\/www.interflora.es\/blog\/#organization","name":"El blog de Interflora : consejos, ideas e inspiraci\u00f3n para disfrutar de las flores y las plantas","url":"https:\/\/www.interflora.es\/blog\/","logo":{"@type":"ImageObject","inLanguage":"es","@id":"https:\/\/www.interflora.es\/blog\/#\/schema\/logo\/image\/","url":"https:\/\/www.interflora.es\/blog\/wp-content\/uploads\/2025\/10\/cropped-220422_INTERFLORA_Logo_rgb_Half_Top_Circle_Main_Color.png","contentUrl":"https:\/\/www.interflora.es\/blog\/wp-content\/uploads\/2025\/10\/cropped-220422_INTERFLORA_Logo_rgb_Half_Top_Circle_Main_Color.png","width":1418,"height":659,"caption":"El blog de Interflora : consejos, ideas e inspiraci\u00f3n para disfrutar de las flores y las plantas"},"image":{"@id":"https:\/\/www.interflora.es\/blog\/#\/schema\/logo\/image\/"}},{"@type":"Person","@id":"https:\/\/www.interflora.es\/blog\/#\/schema\/person\/1f30f7794421f1232dc4b6bdd75ae829","name":"celia","image":{"@type":"ImageObject","inLanguage":"es","@id":"https:\/\/www.interflora.es\/blog\/wp-content\/litespeed\/avatar\/f906d3ce098bd9b4e84d1b71d27d54af.jpg?ver=1777298586","url":"https:\/\/www.interflora.es\/blog\/wp-content\/litespeed\/avatar\/f906d3ce098bd9b4e84d1b71d27d54af.jpg?ver=1777298586","contentUrl":"https:\/\/www.interflora.es\/blog\/wp-content\/litespeed\/avatar\/f906d3ce098bd9b4e84d1b71d27d54af.jpg?ver=1777298586","caption":"celia"}}]}},"uagb_featured_image_src":{"full":["https:\/\/www.interflora.es\/blog\/wp-content\/uploads\/ramo-de-flores-de-mayo.jpg",880,440,false],"thumbnail":["https:\/\/www.interflora.es\/blog\/wp-content\/uploads\/ramo-de-flores-de-mayo-150x150.jpg",150,150,true],"medium":["https:\/\/www.interflora.es\/blog\/wp-content\/uploads\/ramo-de-flores-de-mayo-300x150.jpg",300,150,true],"medium_large":["https:\/\/www.interflora.es\/blog\/wp-content\/uploads\/ramo-de-flores-de-mayo-768x384.jpg",768,384,true],"large":["https:\/\/www.interflora.es\/blog\/wp-content\/uploads\/ramo-de-flores-de-mayo.jpg",880,440,false],"1536x1536":["https:\/\/www.interflora.es\/blog\/wp-content\/uploads\/ramo-de-flores-de-mayo.jpg",880,440,false],"2048x2048":["https:\/\/www.interflora.es\/blog\/wp-content\/uploads\/ramo-de-flores-de-mayo.jpg",880,440,false]},"uagb_author_info":{"display_name":"celia","author_link":"https:\/\/www.interflora.es\/blog\/author\/celia\/"},"uagb_comment_info":7,"uagb_excerpt":"Mayo es el mes de las flores por excelencia en Espa\u00f1a. Las flores de abril ya han empezado a anunciar [&hellip;]","_links":{"self":[{"href":"https:\/\/www.interflora.es\/blog\/wp-json\/wp\/v2\/posts\/14820","targetHints":{"allow":["GET"]}}],"collection":[{"href":"https:\/\/www.interflora.es\/blog\/wp-json\/wp\/v2\/posts"}],"about":[{"href":"https:\/\/www.interflora.es\/blog\/wp-json\/wp\/v2\/types\/post"}],"author":[{"embeddable":true,"href":"https:\/\/www.interflora.es\/blog\/wp-json\/wp\/v2\/users\/8"}],"replies":[{"embeddable":true,"href":"https:\/\/www.interflora.es\/blog\/wp-json\/wp\/v2\/comments?post=14820"}],"version-history":[{"count":0,"href":"https:\/\/www.interflora.es\/blog\/wp-json\/wp\/v2\/posts\/14820\/revisions"}],"wp:featuredmedia":[{"embeddable":true,"href":"https:\/\/www.interflora.es\/blog\/wp-json\/wp\/v2\/media\/16416"}],"wp:attachment":[{"href":"https:\/\/www.interflora.es\/blog\/wp-json\/wp\/v2\/media?parent=14820"}],"wp:term":[{"taxonomy":"category","embeddable":true,"href":"https:\/\/www.interflora.es\/blog\/wp-json\/wp\/v2\/categories?post=14820"},{"taxonomy":"post_tag","embeddable":true,"href":"https:\/\/www.interflora.es\/blog\/wp-json\/wp\/v2\/tags?post=14820"}],"curies":[{"name":"wp","href":"https:\/\/api.w.org\/{rel}","templated":true}]}}