{"id":14146,"date":"2025-11-13T15:43:52","date_gmt":"2025-11-13T14:43:52","guid":{"rendered":"https:\/\/www-test.interflora.es\/blog\/?p=14146"},"modified":"2025-11-18T14:58:10","modified_gmt":"2025-11-18T13:58:10","slug":"coronas-navidenas-hechas-a-mano","status":"publish","type":"post","link":"https:\/\/www.interflora.es\/blog\/coronas-navidenas-hechas-a-mano\/","title":{"rendered":"Coronas navide\u00f1as hechas a mano"},"content":{"rendered":"\n<p>La <strong>Navidad <\/strong>es una \u00e9poca m\u00e1gica que todos esperamos con impaciencia, sobre todo los amantes de las decoraciones y los<strong> adornos navide\u00f1os<\/strong>. Aunque la <strong>decoraci\u00f3n navide\u00f1a <\/strong>pueda parecer cl\u00e1sica, en realidad tenemos muchas opciones para diferenciarnos. El secreto para lograr unos <strong>adornos navide\u00f1os diferentes y originales <\/strong>es, simplemente, \u00a1hacerlos nosotros mismos!<\/p>\n\n\n\n<p>Esta Navidad te proponemos que saques tu alma de artista y fabriques tus propias <strong>coronas caseras<\/strong>. Puedes aprovechar para reutilizar todo tipo de materiales y compartir estos momentos con tus seres queridos. Si te gustan las <a href=\"https:\/\/www.interflora.es\/blog\/manualidades-navidenas-con-flores-para-tu-casa\/\">manualidades<\/a><strong> <\/strong>y quieres sorprender estas navidades con una<strong> decoraci\u00f3n original<\/strong>, \u00a1llena tu hogar de luz y alegr\u00eda con tus propias <strong>coronas navide\u00f1as<\/strong>!<\/p>\n\n\n<div class=\"lp-produits-grid\"><div class=\"lp-produit\"><div class=\"lp-thumbnail-wrapper\"><img loading=\"lazy\" decoding=\"async\" width=\"300\" height=\"300\" src=\"https:\/\/www.interflora.es\/blog\/wp-content\/uploads\/2025\/04\/1708951605-maldives-1-1400-1-1-300x300.jpg\" class=\"attachment-medium size-medium wp-post-image\" alt=\"\" srcset=\"https:\/\/www.interflora.es\/blog\/wp-content\/uploads\/2025\/04\/1708951605-maldives-1-1400-1-1-300x300.jpg 300w, https:\/\/www.interflora.es\/blog\/wp-content\/uploads\/2025\/04\/1708951605-maldives-1-1400-1-1-1024x1024.jpg 1024w, https:\/\/www.interflora.es\/blog\/wp-content\/uploads\/2025\/04\/1708951605-maldives-1-1400-1-1-150x150.jpg 150w, https:\/\/www.interflora.es\/blog\/wp-content\/uploads\/2025\/04\/1708951605-maldives-1-1400-1-1-768x768.jpg 768w, https:\/\/www.interflora.es\/blog\/wp-content\/uploads\/2025\/04\/1708951605-maldives-1-1400-1-1.jpg 1400w\" sizes=\"auto, (max-width: 300px) 100vw, 300px\" \/><img decoding=\"async\" class=\"lp-badge\" src=\"https:\/\/prodblog.interflora.es\/blog\/wp-content\/uploads\/2025\/04\/220422_INTERFLORA_Main_Logo_rgb_Main_Color.png\" alt=\"Entrega r\u00e1pida\"><\/div><span>Maldivas<\/span><p>49.99 \u20ac<\/p><span class=\"obf-link lp-cta\" role=\"link\" tabindex=\"0\" data-b64=\"aHR0cHM6Ly93d3cuaW50ZXJmbG9yYS5lcy9wL2FycmVnbG8tZGUtcm9zYXMtY29uLWxpbGl1bXMvMT91dG1fbWVkaXVtPW9yZ2FuaWMmdXRtX3NvdXJjZT1ibG9nX3Byb2R1Y3RzJnV0bV9jYW1wYWlnbj1GMDEwOQ==\" data-target=\"_blank\"><svg xmlns=\"http:\/\/www.w3.org\/2000\/svg\" width=\"16\" height=\"16\" fill=\"currentColor\" class=\"bi bi-bag\" viewBox=\"0 0 16 16\"><path d=\"M8 1a2 2 0 0 1 2 2v1h2.5A1.5 1.5 0 0 1 14 5.5v8A1.5 1.5 0 0 1 12.5 15h-9A1.5 1.5 0 0 1 2 13.5v-8A1.5 1.5 0 0 1 3.5 3H6V2a2 2 0 0 1 2-1zm1 3V3a1 1 0 0 0-2 0v1h2z\"\/><\/svg>Comprar<\/span><p class=\"rapido\">Flores y plantas frescas<\/p><\/div><div class=\"lp-produit\"><div class=\"lp-thumbnail-wrapper\"><img loading=\"lazy\" decoding=\"async\" width=\"300\" height=\"300\" src=\"https:\/\/www.interflora.es\/blog\/wp-content\/uploads\/2025\/11\/1758202385-ff167-fiabe-d-inverno-key-300x300.jpg\" class=\"attachment-medium size-medium wp-post-image\" alt=\"\" srcset=\"https:\/\/www.interflora.es\/blog\/wp-content\/uploads\/2025\/11\/1758202385-ff167-fiabe-d-inverno-key-300x300.jpg 300w, https:\/\/www.interflora.es\/blog\/wp-content\/uploads\/2025\/11\/1758202385-ff167-fiabe-d-inverno-key-1024x1024.jpg 1024w, https:\/\/www.interflora.es\/blog\/wp-content\/uploads\/2025\/11\/1758202385-ff167-fiabe-d-inverno-key-150x150.jpg 150w, https:\/\/www.interflora.es\/blog\/wp-content\/uploads\/2025\/11\/1758202385-ff167-fiabe-d-inverno-key-768x768.jpg 768w, https:\/\/www.interflora.es\/blog\/wp-content\/uploads\/2025\/11\/1758202385-ff167-fiabe-d-inverno-key-1536x1536.jpg 1536w, https:\/\/www.interflora.es\/blog\/wp-content\/uploads\/2025\/11\/1758202385-ff167-fiabe-d-inverno-key-2048x2048.jpg 2048w\" sizes=\"auto, (max-width: 300px) 100vw, 300px\" \/><img decoding=\"async\" class=\"lp-badge\" src=\"https:\/\/prodblog.interflora.es\/blog\/wp-content\/uploads\/2025\/04\/220422_INTERFLORA_Main_Logo_rgb_Main_Color.png\" alt=\"Entrega r\u00e1pida\"><\/div><span>Cuentos de Invierno<\/span><p>44.99 \u20ac<\/p><span class=\"obf-link lp-cta\" role=\"link\" tabindex=\"0\" data-b64=\"aHR0cHM6Ly93d3cuaW50ZXJmbG9yYS5lcy9wL2N1ZW50b3MtZGUtaW52aWVybm8vMT91dG1fbWVkaXVtPW9yZ2FuaWMmdXRtX3NvdXJjZT1ibG9nX3Byb2R1Y3RzJnV0bV9jYW1wYWlnbj1GRjE2Nw==\" data-target=\"_blank\"><svg xmlns=\"http:\/\/www.w3.org\/2000\/svg\" width=\"16\" height=\"16\" fill=\"currentColor\" class=\"bi bi-bag\" viewBox=\"0 0 16 16\"><path d=\"M8 1a2 2 0 0 1 2 2v1h2.5A1.5 1.5 0 0 1 14 5.5v8A1.5 1.5 0 0 1 12.5 15h-9A1.5 1.5 0 0 1 2 13.5v-8A1.5 1.5 0 0 1 3.5 3H6V2a2 2 0 0 1 2-1zm1 3V3a1 1 0 0 0-2 0v1h2z\"\/><\/svg>Comprar<\/span><p class=\"rapido\">Entrega urgente<\/p><\/div><div class=\"lp-produit\"><div class=\"lp-thumbnail-wrapper\"><img loading=\"lazy\" decoding=\"async\" width=\"300\" height=\"300\" src=\"https:\/\/www.interflora.es\/blog\/wp-content\/uploads\/2025\/11\/1758203516-ff171-desiderio-di-festa-key-300x300.jpg\" class=\"attachment-medium size-medium wp-post-image\" alt=\"\" srcset=\"https:\/\/www.interflora.es\/blog\/wp-content\/uploads\/2025\/11\/1758203516-ff171-desiderio-di-festa-key-300x300.jpg 300w, https:\/\/www.interflora.es\/blog\/wp-content\/uploads\/2025\/11\/1758203516-ff171-desiderio-di-festa-key-1024x1024.jpg 1024w, https:\/\/www.interflora.es\/blog\/wp-content\/uploads\/2025\/11\/1758203516-ff171-desiderio-di-festa-key-150x150.jpg 150w, https:\/\/www.interflora.es\/blog\/wp-content\/uploads\/2025\/11\/1758203516-ff171-desiderio-di-festa-key-768x768.jpg 768w, https:\/\/www.interflora.es\/blog\/wp-content\/uploads\/2025\/11\/1758203516-ff171-desiderio-di-festa-key-1536x1536.jpg 1536w, https:\/\/www.interflora.es\/blog\/wp-content\/uploads\/2025\/11\/1758203516-ff171-desiderio-di-festa-key-2048x2048.jpg 2048w\" sizes=\"auto, (max-width: 300px) 100vw, 300px\" \/><img decoding=\"async\" class=\"lp-badge\" src=\"https:\/\/prodblog.interflora.es\/blog\/wp-content\/uploads\/2025\/04\/220422_INTERFLORA_Main_Logo_rgb_Main_Color.png\" alt=\"Entrega r\u00e1pida\"><\/div><span>Deseo de Fiesta<\/span><p>49.99 \u20ac<\/p><span class=\"obf-link lp-cta\" role=\"link\" tabindex=\"0\" data-b64=\"aHR0cHM6Ly93d3cuaW50ZXJmbG9yYS5lcy9wL2Rlc2VvLWRlLWZpZXN0YS8xP3V0bV9tZWRpdW09b3JnYW5pYyZ1dG1fc291cmNlPWJsb2dfcHJvZHVjdHMmdXRtX2NhbXBhaWduPUZGMTcx\" data-target=\"_blank\"><svg xmlns=\"http:\/\/www.w3.org\/2000\/svg\" width=\"16\" height=\"16\" fill=\"currentColor\" class=\"bi bi-bag\" viewBox=\"0 0 16 16\"><path d=\"M8 1a2 2 0 0 1 2 2v1h2.5A1.5 1.5 0 0 1 14 5.5v8A1.5 1.5 0 0 1 12.5 15h-9A1.5 1.5 0 0 1 2 13.5v-8A1.5 1.5 0 0 1 3.5 3H6V2a2 2 0 0 1 2-1zm1 3V3a1 1 0 0 0-2 0v1h2z\"\/><\/svg>Comprar<\/span><p class=\"rapido\">Env\u00edo r\u00e1pido<\/p><\/div><div class=\"lp-produit\"><div class=\"lp-thumbnail-wrapper\"><img loading=\"lazy\" decoding=\"async\" width=\"300\" height=\"300\" src=\"https:\/\/www.interflora.es\/blog\/wp-content\/uploads\/2025\/11\/1726480771-pettirosso-hd-1-300x300.jpg\" class=\"attachment-medium size-medium wp-post-image\" alt=\"\" srcset=\"https:\/\/www.interflora.es\/blog\/wp-content\/uploads\/2025\/11\/1726480771-pettirosso-hd-1-300x300.jpg 300w, https:\/\/www.interflora.es\/blog\/wp-content\/uploads\/2025\/11\/1726480771-pettirosso-hd-1-1024x1024.jpg 1024w, https:\/\/www.interflora.es\/blog\/wp-content\/uploads\/2025\/11\/1726480771-pettirosso-hd-1-150x150.jpg 150w, https:\/\/www.interflora.es\/blog\/wp-content\/uploads\/2025\/11\/1726480771-pettirosso-hd-1-768x768.jpg 768w, https:\/\/www.interflora.es\/blog\/wp-content\/uploads\/2025\/11\/1726480771-pettirosso-hd-1-1536x1536.jpg 1536w, https:\/\/www.interflora.es\/blog\/wp-content\/uploads\/2025\/11\/1726480771-pettirosso-hd-1-2048x2048.jpg 2048w\" sizes=\"auto, (max-width: 300px) 100vw, 300px\" \/><img decoding=\"async\" class=\"lp-badge\" src=\"https:\/\/prodblog.interflora.es\/blog\/wp-content\/uploads\/2025\/04\/220422_INTERFLORA_Main_Logo_rgb_Main_Color.png\" alt=\"Entrega r\u00e1pida\"><\/div><span>Emoci\u00f3n<\/span><p>49.99 \u20ac<\/p><span class=\"obf-link lp-cta\" role=\"link\" tabindex=\"0\" data-b64=\"aHR0cHM6Ly93d3cuaW50ZXJmbG9yYS5lcy9wL2Vtb2Npb24vMT91dG1fbWVkaXVtPW9yZ2FuaWMmdXRtX3NvdXJjZT1ibG9nX3Byb2R1Y3RzJnV0bV9jYW1wYWlnbj1GRjExOQ==\" data-target=\"_blank\"><svg xmlns=\"http:\/\/www.w3.org\/2000\/svg\" width=\"16\" height=\"16\" fill=\"currentColor\" class=\"bi bi-bag\" viewBox=\"0 0 16 16\"><path d=\"M8 1a2 2 0 0 1 2 2v1h2.5A1.5 1.5 0 0 1 14 5.5v8A1.5 1.5 0 0 1 12.5 15h-9A1.5 1.5 0 0 1 2 13.5v-8A1.5 1.5 0 0 1 3.5 3H6V2a2 2 0 0 1 2-1zm1 3V3a1 1 0 0 0-2 0v1h2z\"\/><\/svg>Comprar<\/span><p class=\"rapido\">Entrega en el d\u00eda<\/p><\/div><\/div>\n\n\n\n<div style=\"height:30px\" aria-hidden=\"true\" class=\"wp-block-spacer\"><\/div>\n\n\n\n<h2 class=\"wp-block-heading alignwide\">La corona: el adorno navide\u00f1o m\u00e1s elegante<\/h2>\n\n\n\n<p>Las <strong>coronas navide\u00f1as <\/strong>son una de las decoraciones m\u00e1s t\u00edpicas de la Navidad. En el pasado, sol\u00edan regalarse como s\u00edmbolo de <strong>buena suerte, salud y prosperidad<\/strong>. La decoraci\u00f3n navide\u00f1a de tu hogar nunca estar\u00e1 completa sin una bonita<strong> corona colgante <\/strong>en tu puerta que reciba a tus invitados. Aunque este adorno es apto para cualquier otro rinc\u00f3n de tu hogar: una estanter\u00eda, una pared, una ventana, sobre un cuadro\u2026&nbsp;<\/p>\n\n\n\n<h3 class=\"wp-block-heading alignwide\">Ventajas de fabricar tus propias coronas de Navidad<\/h3>\n\n\n\n<p>Este a\u00f1o te proponemos un peque\u00f1o reto que te encantar\u00e1, ya que <strong>fabricar tus propias coronas navide\u00f1as<\/strong> tiene m\u00faltiples ventajas. \u00a1Desc\u00fabrelas!<\/p>\n\n\n\n<div class=\"wp-block-media-text alignwide is-stacked-on-mobile is-image-fill-element\"><figure class=\"wp-block-media-text__media\"><img decoding=\"async\" src=\"https:\/\/www.interflora.es\/blog\/wp-content\/uploads\/2022\/11\/shutterstock_1904839120-1-scaled-1-683x1024.jpg\" alt=\"\" class=\"wp-image-12813 size-full\" style=\"object-position:50% 50%\"\/><\/figure><div class=\"wp-block-media-text__content\">\n<ul class=\"wp-block-list\">\n<li><strong>Una actividad entretenida para conectar con los tuyos<\/strong>: el final de a\u00f1o puede resultar algo estresante. Por eso, qu\u00e9 mejor que sentarse junto a tu familia y desconectar creando tus propias <a href=\"https:\/\/www.interflora.es\/c\/fiestas\/decoracion-navidad\">decoraciones navide\u00f1as<\/a>. \u00bfPor qu\u00e9 no fabric\u00e1is una corona personalizada para cada dormitorio? \u00a1O incluso pod\u00e9is celebrar una competici\u00f3n!<br> <\/li>\n\n\n\n<li><strong>Una opci\u00f3n buena para la mente<\/strong>: crear tus coronas resulta mucho m\u00e1s <strong>enriquecedor y divertido<\/strong>. \u00a1Te divertir\u00e1s tanto buscando ideas y materializ\u00e1ndolas que querr\u00e1s repetir cada a\u00f1o! Adem\u00e1s, la sensaci\u00f3n de recibir halagos por algo que has fabricado con tus propias manos es sumamente <strong>gratificante<\/strong>.&nbsp;<br> <\/li>\n\n\n\n<li><strong>Un excelente regalo casero<\/strong>: si este a\u00f1o te has quedado sin ideas para regalar o simplemente te apetece innovar, una corona hecha por ti ser\u00e1 <strong>el mejor regalo para Navidad<\/strong>.<br> <\/li>\n\n\n\n<li><strong>Una alternativa barata y ecol\u00f3gica<\/strong>: en lugar de ir a la tienda, intenta reutilizar materiales para crear <strong>coronas bonitas que cuiden de tu bolsillo y del medio ambiente<\/strong>. La Navidad no tiene por qu\u00e9 ser sin\u00f3nimo de derrochar. \u00a1Inspira a tus amigos y familiares con una corona DIY sostenible o un bonito <a href=\"https:\/\/www.interflora.es\/c\/fiestas\/centros-navidenos\">centro de mesa navide\u00f1o<\/a>!<\/li>\n<\/ul>\n<\/div><\/div>\n\n\n\n<div style=\"height:50px\" aria-hidden=\"true\" class=\"wp-block-spacer\"><\/div>\n\n\n<div class=\"lp-produits-grid\"><div class=\"lp-produit\"><div class=\"lp-thumbnail-wrapper\"><img loading=\"lazy\" decoding=\"async\" width=\"300\" height=\"300\" src=\"https:\/\/www.interflora.es\/blog\/wp-content\/uploads\/2025\/11\/1728988218-ff093-es-300x300.jpg\" class=\"attachment-medium size-medium wp-post-image\" alt=\"\" srcset=\"https:\/\/www.interflora.es\/blog\/wp-content\/uploads\/2025\/11\/1728988218-ff093-es-300x300.jpg 300w, https:\/\/www.interflora.es\/blog\/wp-content\/uploads\/2025\/11\/1728988218-ff093-es-1024x1024.jpg 1024w, https:\/\/www.interflora.es\/blog\/wp-content\/uploads\/2025\/11\/1728988218-ff093-es-150x150.jpg 150w, https:\/\/www.interflora.es\/blog\/wp-content\/uploads\/2025\/11\/1728988218-ff093-es-768x768.jpg 768w, https:\/\/www.interflora.es\/blog\/wp-content\/uploads\/2025\/11\/1728988218-ff093-es-1536x1536.jpg 1536w, https:\/\/www.interflora.es\/blog\/wp-content\/uploads\/2025\/11\/1728988218-ff093-es-2048x2048.jpg 2048w\" sizes=\"auto, (max-width: 300px) 100vw, 300px\" \/><img decoding=\"async\" class=\"lp-badge\" src=\"https:\/\/prodblog.interflora.es\/blog\/wp-content\/uploads\/2025\/04\/220422_INTERFLORA_Main_Logo_rgb_Main_Color.png\" alt=\"Entrega r\u00e1pida\"><\/div><span>Ramo creativo de Navidad<\/span><p>39.99 \u20ac<\/p><span class=\"obf-link lp-cta\" role=\"link\" tabindex=\"0\" data-b64=\"aHR0cHM6Ly93d3cuaW50ZXJmbG9yYS5lcy9wL3JhbW8tbmF2aWRlbm8tZGVsLWZsb3Jpc3RhLzE\/dXRtX21lZGl1bT1vcmdhbmljJnV0bV9zb3VyY2U9YmxvZ19wcm9kdWN0cyZ1dG1fY2FtcGFpZ249TjAwMjU=\" data-target=\"_blank\"><svg xmlns=\"http:\/\/www.w3.org\/2000\/svg\" width=\"16\" height=\"16\" fill=\"currentColor\" class=\"bi bi-bag\" viewBox=\"0 0 16 16\"><path d=\"M8 1a2 2 0 0 1 2 2v1h2.5A1.5 1.5 0 0 1 14 5.5v8A1.5 1.5 0 0 1 12.5 15h-9A1.5 1.5 0 0 1 2 13.5v-8A1.5 1.5 0 0 1 3.5 3H6V2a2 2 0 0 1 2-1zm1 3V3a1 1 0 0 0-2 0v1h2z\"\/><\/svg>Comprar<\/span><p class=\"rapido\">Selecci\u00f3n Interflora<\/p><\/div><div class=\"lp-produit\"><div class=\"lp-thumbnail-wrapper\"><img loading=\"lazy\" decoding=\"async\" width=\"300\" height=\"300\" src=\"https:\/\/www.interflora.es\/blog\/wp-content\/uploads\/2025\/11\/1676894453-cestaestreladdematal-300x300.jpg\" class=\"attachment-medium size-medium wp-post-image\" alt=\"\" srcset=\"https:\/\/www.interflora.es\/blog\/wp-content\/uploads\/2025\/11\/1676894453-cestaestreladdematal-300x300.jpg 300w, https:\/\/www.interflora.es\/blog\/wp-content\/uploads\/2025\/11\/1676894453-cestaestreladdematal-1024x1024.jpg 1024w, https:\/\/www.interflora.es\/blog\/wp-content\/uploads\/2025\/11\/1676894453-cestaestreladdematal-150x150.jpg 150w, https:\/\/www.interflora.es\/blog\/wp-content\/uploads\/2025\/11\/1676894453-cestaestreladdematal-768x768.jpg 768w, https:\/\/www.interflora.es\/blog\/wp-content\/uploads\/2025\/11\/1676894453-cestaestreladdematal.jpg 1500w\" sizes=\"auto, (max-width: 300px) 100vw, 300px\" \/><img decoding=\"async\" class=\"lp-badge\" src=\"https:\/\/prodblog.interflora.es\/blog\/wp-content\/uploads\/2025\/04\/220422_INTERFLORA_Main_Logo_rgb_Main_Color.png\" alt=\"Entrega r\u00e1pida\"><\/div><span>Cesta de Estrella de Navidad Grande<\/span><p>49.99 \u20ac<\/p><span class=\"obf-link lp-cta\" role=\"link\" tabindex=\"0\" data-b64=\"aHR0cHM6Ly93d3cuaW50ZXJmbG9yYS5lcy9wL2Nlc3RhLWRlLWVzdHJlbGxhLWRlLW5hdmlkYWQtZ3JhbmRlLzE\/dXRtX21lZGl1bT1vcmdhbmljJnV0bV9zb3VyY2U9YmxvZ19wcm9kdWN0cyZ1dG1fY2FtcGFpZ249TjAwMDI=\" data-target=\"_blank\"><svg xmlns=\"http:\/\/www.w3.org\/2000\/svg\" width=\"16\" height=\"16\" fill=\"currentColor\" class=\"bi bi-bag\" viewBox=\"0 0 16 16\"><path d=\"M8 1a2 2 0 0 1 2 2v1h2.5A1.5 1.5 0 0 1 14 5.5v8A1.5 1.5 0 0 1 12.5 15h-9A1.5 1.5 0 0 1 2 13.5v-8A1.5 1.5 0 0 1 3.5 3H6V2a2 2 0 0 1 2-1zm1 3V3a1 1 0 0 0-2 0v1h2z\"\/><\/svg>Comprar<\/span><p class=\"rapido\">Atenci\u00f3n al cliente siempre disponible<\/p><\/div><div class=\"lp-produit\"><div class=\"lp-thumbnail-wrapper\"><img loading=\"lazy\" decoding=\"async\" width=\"300\" height=\"300\" src=\"https:\/\/www.interflora.es\/blog\/wp-content\/uploads\/2025\/11\/1726480771-pettirosso-hd-1-300x300.jpg\" class=\"attachment-medium size-medium wp-post-image\" alt=\"\" srcset=\"https:\/\/www.interflora.es\/blog\/wp-content\/uploads\/2025\/11\/1726480771-pettirosso-hd-1-300x300.jpg 300w, https:\/\/www.interflora.es\/blog\/wp-content\/uploads\/2025\/11\/1726480771-pettirosso-hd-1-1024x1024.jpg 1024w, https:\/\/www.interflora.es\/blog\/wp-content\/uploads\/2025\/11\/1726480771-pettirosso-hd-1-150x150.jpg 150w, https:\/\/www.interflora.es\/blog\/wp-content\/uploads\/2025\/11\/1726480771-pettirosso-hd-1-768x768.jpg 768w, https:\/\/www.interflora.es\/blog\/wp-content\/uploads\/2025\/11\/1726480771-pettirosso-hd-1-1536x1536.jpg 1536w, https:\/\/www.interflora.es\/blog\/wp-content\/uploads\/2025\/11\/1726480771-pettirosso-hd-1-2048x2048.jpg 2048w\" sizes=\"auto, (max-width: 300px) 100vw, 300px\" \/><img decoding=\"async\" class=\"lp-badge\" src=\"https:\/\/prodblog.interflora.es\/blog\/wp-content\/uploads\/2025\/04\/220422_INTERFLORA_Main_Logo_rgb_Main_Color.png\" alt=\"Entrega r\u00e1pida\"><\/div><span>Emoci\u00f3n<\/span><p>49.99 \u20ac<\/p><span class=\"obf-link lp-cta\" role=\"link\" tabindex=\"0\" data-b64=\"aHR0cHM6Ly93d3cuaW50ZXJmbG9yYS5lcy9wL2Vtb2Npb24vMT91dG1fbWVkaXVtPW9yZ2FuaWMmdXRtX3NvdXJjZT1ibG9nX3Byb2R1Y3RzJnV0bV9jYW1wYWlnbj1GRjExOQ==\" data-target=\"_blank\"><svg xmlns=\"http:\/\/www.w3.org\/2000\/svg\" width=\"16\" height=\"16\" fill=\"currentColor\" class=\"bi bi-bag\" viewBox=\"0 0 16 16\"><path d=\"M8 1a2 2 0 0 1 2 2v1h2.5A1.5 1.5 0 0 1 14 5.5v8A1.5 1.5 0 0 1 12.5 15h-9A1.5 1.5 0 0 1 2 13.5v-8A1.5 1.5 0 0 1 3.5 3H6V2a2 2 0 0 1 2-1zm1 3V3a1 1 0 0 0-2 0v1h2z\"\/><\/svg>Comprar<\/span><p class=\"rapido\">Entrega en el d\u00eda<\/p><\/div><div class=\"lp-produit\"><div class=\"lp-thumbnail-wrapper\"><img loading=\"lazy\" decoding=\"async\" width=\"300\" height=\"300\" src=\"https:\/\/www.interflora.es\/blog\/wp-content\/uploads\/2025\/04\/1706254195-jetaime-hd-1-1-300x300.jpg\" class=\"attachment-medium size-medium wp-post-image\" alt=\"\" srcset=\"https:\/\/www.interflora.es\/blog\/wp-content\/uploads\/2025\/04\/1706254195-jetaime-hd-1-1-300x300.jpg 300w, https:\/\/www.interflora.es\/blog\/wp-content\/uploads\/2025\/04\/1706254195-jetaime-hd-1-1-150x150.jpg 150w, https:\/\/www.interflora.es\/blog\/wp-content\/uploads\/2025\/04\/1706254195-jetaime-hd-1-1-768x768.jpg 768w, https:\/\/www.interflora.es\/blog\/wp-content\/uploads\/2025\/04\/1706254195-jetaime-hd-1-1.jpg 882w\" sizes=\"auto, (max-width: 300px) 100vw, 300px\" \/><img decoding=\"async\" class=\"lp-badge\" src=\"https:\/\/prodblog.interflora.es\/blog\/wp-content\/uploads\/2025\/04\/220422_INTERFLORA_Main_Logo_rgb_Main_Color.png\" alt=\"Entrega r\u00e1pida\"><\/div><span>Te Amo<\/span><p>59.99 \u20ac<\/p><span class=\"obf-link lp-cta\" role=\"link\" tabindex=\"0\" data-b64=\"aHR0cHM6Ly93d3cuaW50ZXJmbG9yYS5lcy9wL2NhamEtZGUtZmxvcmVzLWNvbi1yb3Nhcy1yb2phcy8xP3V0bV9tZWRpdW09b3JnYW5pYyZ1dG1fc291cmNlPWJsb2dfcHJvZHVjdHMmdXRtX2NhbXBhaWduPUYwMTg4\" data-target=\"_blank\"><svg xmlns=\"http:\/\/www.w3.org\/2000\/svg\" width=\"16\" height=\"16\" fill=\"currentColor\" class=\"bi bi-bag\" viewBox=\"0 0 16 16\"><path d=\"M8 1a2 2 0 0 1 2 2v1h2.5A1.5 1.5 0 0 1 14 5.5v8A1.5 1.5 0 0 1 12.5 15h-9A1.5 1.5 0 0 1 2 13.5v-8A1.5 1.5 0 0 1 3.5 3H6V2a2 2 0 0 1 2-1zm1 3V3a1 1 0 0 0-2 0v1h2z\"\/><\/svg>Comprar<\/span><p class=\"rapido\">Selecci\u00f3n Interflora<\/p><\/div><\/div>\n\n\n\n<div style=\"height:30px\" aria-hidden=\"true\" class=\"wp-block-spacer\"><\/div>\n\n\n\n<h2 class=\"wp-block-heading alignwide\">Materiales para tu corona navide\u00f1a hecha a mano<\/h2>\n\n\n\n<div class=\"wp-block-media-text alignwide has-media-on-the-right is-stacked-on-mobile is-image-fill-element\"><div class=\"wp-block-media-text__content\">\n<p>Si te hemos convencido y vas a animarte a fabricar tus coronas para estas navidades, toma nota de los <strong>materiales <\/strong>que necesitas. Aunque todo va<strong> <\/strong>a depender del resultado que quieras lograr y de tu estilo de decoraci\u00f3n, en general, solo necesitar\u00e1s tres cosas:<\/p>\n\n\n\n<ul class=\"wp-block-list\">\n<li><strong>Una base redonda<\/strong>: puede ser un alambre, un rollo de papel de peri\u00f3dico, un c\u00edrculo de cart\u00f3n con una guirnalda enrollada, varias listas de madera unidas, un aro de poliesp\u00e1n, una camiseta vieja\u2026<br> <\/li>\n\n\n\n<li><strong>Herramientas: <\/strong>tijeras, pegamento, cordeles, lazos, arpillera, alfileres\u2026 lo importante es que los adornos de tu corona queden bien sujetos.<br> <\/li>\n\n\n\n<li><strong>Elementos decorativos<\/strong>: \u00a1deja volar tu imaginaci\u00f3n! Puedes aprovechar tus guirnaldas, espumillones o bolas navide\u00f1as, recoger ramas secas y hojas del bosque, pintar pi\u00f1as, reciclar telas\u2026<\/li>\n<\/ul>\n\n\n\n<p>Una vez que tengas todos los materiales necesarios, <strong>fabricar una corona de Navidad<\/strong> es tan f\u00e1cil como disponer todos los elementos de manera armoniosa sobre la base y sujetarlos bien. Por \u00faltimo, coloca una cuerda para poder <strong>colgar la corona<\/strong> en tu lugar favorito.<\/p>\n<\/div><figure class=\"wp-block-media-text__media\"><img decoding=\"async\" src=\"https:\/\/www.interflora.es\/blog\/wp-content\/uploads\/2022\/11\/ACABADO_NAVIDENO_S-1024x1024.jpg\" alt=\"materiales-corona\" class=\"wp-image-12805 size-full\" style=\"object-position:48% 62%\"\/><\/figure><\/div>\n\n\n\n<div style=\"height:50px\" aria-hidden=\"true\" class=\"wp-block-spacer\"><\/div>\n\n\n<div class=\"lp-produits-grid\"><div class=\"lp-produit\"><div class=\"lp-thumbnail-wrapper\"><img loading=\"lazy\" decoding=\"async\" width=\"300\" height=\"300\" src=\"https:\/\/www.interflora.es\/blog\/wp-content\/uploads\/2025\/11\/1728988218-ff093-es-300x300.jpg\" class=\"attachment-medium size-medium wp-post-image\" alt=\"\" srcset=\"https:\/\/www.interflora.es\/blog\/wp-content\/uploads\/2025\/11\/1728988218-ff093-es-300x300.jpg 300w, https:\/\/www.interflora.es\/blog\/wp-content\/uploads\/2025\/11\/1728988218-ff093-es-1024x1024.jpg 1024w, https:\/\/www.interflora.es\/blog\/wp-content\/uploads\/2025\/11\/1728988218-ff093-es-150x150.jpg 150w, https:\/\/www.interflora.es\/blog\/wp-content\/uploads\/2025\/11\/1728988218-ff093-es-768x768.jpg 768w, https:\/\/www.interflora.es\/blog\/wp-content\/uploads\/2025\/11\/1728988218-ff093-es-1536x1536.jpg 1536w, https:\/\/www.interflora.es\/blog\/wp-content\/uploads\/2025\/11\/1728988218-ff093-es-2048x2048.jpg 2048w\" sizes=\"auto, (max-width: 300px) 100vw, 300px\" \/><img decoding=\"async\" class=\"lp-badge\" src=\"https:\/\/prodblog.interflora.es\/blog\/wp-content\/uploads\/2025\/04\/220422_INTERFLORA_Main_Logo_rgb_Main_Color.png\" alt=\"Entrega r\u00e1pida\"><\/div><span>Ramo creativo de Navidad<\/span><p>39.99 \u20ac<\/p><span class=\"obf-link lp-cta\" role=\"link\" tabindex=\"0\" data-b64=\"aHR0cHM6Ly93d3cuaW50ZXJmbG9yYS5lcy9wL3JhbW8tbmF2aWRlbm8tZGVsLWZsb3Jpc3RhLzE\/dXRtX21lZGl1bT1vcmdhbmljJnV0bV9zb3VyY2U9YmxvZ19wcm9kdWN0cyZ1dG1fY2FtcGFpZ249TjAwMjU=\" data-target=\"_blank\"><svg xmlns=\"http:\/\/www.w3.org\/2000\/svg\" width=\"16\" height=\"16\" fill=\"currentColor\" class=\"bi bi-bag\" viewBox=\"0 0 16 16\"><path d=\"M8 1a2 2 0 0 1 2 2v1h2.5A1.5 1.5 0 0 1 14 5.5v8A1.5 1.5 0 0 1 12.5 15h-9A1.5 1.5 0 0 1 2 13.5v-8A1.5 1.5 0 0 1 3.5 3H6V2a2 2 0 0 1 2-1zm1 3V3a1 1 0 0 0-2 0v1h2z\"\/><\/svg>Comprar<\/span><p class=\"rapido\">Flores y plantas frescas<\/p><\/div><div class=\"lp-produit\"><div class=\"lp-thumbnail-wrapper\"><img loading=\"lazy\" decoding=\"async\" width=\"300\" height=\"300\" src=\"https:\/\/www.interflora.es\/blog\/wp-content\/uploads\/2025\/11\/1726480771-pettirosso-hd-1-300x300.jpg\" class=\"attachment-medium size-medium wp-post-image\" alt=\"\" srcset=\"https:\/\/www.interflora.es\/blog\/wp-content\/uploads\/2025\/11\/1726480771-pettirosso-hd-1-300x300.jpg 300w, https:\/\/www.interflora.es\/blog\/wp-content\/uploads\/2025\/11\/1726480771-pettirosso-hd-1-1024x1024.jpg 1024w, https:\/\/www.interflora.es\/blog\/wp-content\/uploads\/2025\/11\/1726480771-pettirosso-hd-1-150x150.jpg 150w, https:\/\/www.interflora.es\/blog\/wp-content\/uploads\/2025\/11\/1726480771-pettirosso-hd-1-768x768.jpg 768w, https:\/\/www.interflora.es\/blog\/wp-content\/uploads\/2025\/11\/1726480771-pettirosso-hd-1-1536x1536.jpg 1536w, https:\/\/www.interflora.es\/blog\/wp-content\/uploads\/2025\/11\/1726480771-pettirosso-hd-1-2048x2048.jpg 2048w\" sizes=\"auto, (max-width: 300px) 100vw, 300px\" \/><img decoding=\"async\" class=\"lp-badge\" src=\"https:\/\/prodblog.interflora.es\/blog\/wp-content\/uploads\/2025\/04\/220422_INTERFLORA_Main_Logo_rgb_Main_Color.png\" alt=\"Entrega r\u00e1pida\"><\/div><span>Emoci\u00f3n<\/span><p>49.99 \u20ac<\/p><span class=\"obf-link lp-cta\" role=\"link\" tabindex=\"0\" data-b64=\"aHR0cHM6Ly93d3cuaW50ZXJmbG9yYS5lcy9wL2Vtb2Npb24vMT91dG1fbWVkaXVtPW9yZ2FuaWMmdXRtX3NvdXJjZT1ibG9nX3Byb2R1Y3RzJnV0bV9jYW1wYWlnbj1GRjExOQ==\" data-target=\"_blank\"><svg xmlns=\"http:\/\/www.w3.org\/2000\/svg\" width=\"16\" height=\"16\" fill=\"currentColor\" class=\"bi bi-bag\" viewBox=\"0 0 16 16\"><path d=\"M8 1a2 2 0 0 1 2 2v1h2.5A1.5 1.5 0 0 1 14 5.5v8A1.5 1.5 0 0 1 12.5 15h-9A1.5 1.5 0 0 1 2 13.5v-8A1.5 1.5 0 0 1 3.5 3H6V2a2 2 0 0 1 2-1zm1 3V3a1 1 0 0 0-2 0v1h2z\"\/><\/svg>Comprar<\/span><p class=\"rapido\">Flores y plantas elegidas con mimo<\/p><\/div><div class=\"lp-produit\"><div class=\"lp-thumbnail-wrapper\"><img loading=\"lazy\" decoding=\"async\" width=\"300\" height=\"300\" src=\"https:\/\/www.interflora.es\/blog\/wp-content\/uploads\/2025\/11\/1758203166-ff169-buone-feste-hd-1-300x300.jpg\" class=\"attachment-medium size-medium wp-post-image\" alt=\"\" srcset=\"https:\/\/www.interflora.es\/blog\/wp-content\/uploads\/2025\/11\/1758203166-ff169-buone-feste-hd-1-300x300.jpg 300w, https:\/\/www.interflora.es\/blog\/wp-content\/uploads\/2025\/11\/1758203166-ff169-buone-feste-hd-1-1024x1024.jpg 1024w, https:\/\/www.interflora.es\/blog\/wp-content\/uploads\/2025\/11\/1758203166-ff169-buone-feste-hd-1-150x150.jpg 150w, https:\/\/www.interflora.es\/blog\/wp-content\/uploads\/2025\/11\/1758203166-ff169-buone-feste-hd-1-768x768.jpg 768w, https:\/\/www.interflora.es\/blog\/wp-content\/uploads\/2025\/11\/1758203166-ff169-buone-feste-hd-1-1536x1536.jpg 1536w, https:\/\/www.interflora.es\/blog\/wp-content\/uploads\/2025\/11\/1758203166-ff169-buone-feste-hd-1-2048x2048.jpg 2048w\" sizes=\"auto, (max-width: 300px) 100vw, 300px\" \/><img decoding=\"async\" class=\"lp-badge\" src=\"https:\/\/prodblog.interflora.es\/blog\/wp-content\/uploads\/2025\/04\/220422_INTERFLORA_Main_Logo_rgb_Main_Color.png\" alt=\"Entrega r\u00e1pida\"><\/div><span>Alegr\u00eda Navide\u00f1a<\/span><p>39.99 \u20ac<\/p><span class=\"obf-link lp-cta\" role=\"link\" tabindex=\"0\" data-b64=\"aHR0cHM6Ly93d3cuaW50ZXJmbG9yYS5lcy9wL2FsZWdyaWEtbmF2aWRlbmEvMT91dG1fbWVkaXVtPW9yZ2FuaWMmdXRtX3NvdXJjZT1ibG9nX3Byb2R1Y3RzJnV0bV9jYW1wYWlnbj1GRjE2OQ==\" data-target=\"_blank\"><svg xmlns=\"http:\/\/www.w3.org\/2000\/svg\" width=\"16\" height=\"16\" fill=\"currentColor\" class=\"bi bi-bag\" viewBox=\"0 0 16 16\"><path d=\"M8 1a2 2 0 0 1 2 2v1h2.5A1.5 1.5 0 0 1 14 5.5v8A1.5 1.5 0 0 1 12.5 15h-9A1.5 1.5 0 0 1 2 13.5v-8A1.5 1.5 0 0 1 3.5 3H6V2a2 2 0 0 1 2-1zm1 3V3a1 1 0 0 0-2 0v1h2z\"\/><\/svg>Comprar<\/span><p class=\"rapido\">Flores y plantas elegidas con mimo<\/p><\/div><div class=\"lp-produit\"><div class=\"lp-thumbnail-wrapper\"><img loading=\"lazy\" decoding=\"async\" width=\"300\" height=\"300\" src=\"https:\/\/www.interflora.es\/blog\/wp-content\/uploads\/2025\/11\/1758203516-ff171-desiderio-di-festa-key-300x300.jpg\" class=\"attachment-medium size-medium wp-post-image\" alt=\"\" srcset=\"https:\/\/www.interflora.es\/blog\/wp-content\/uploads\/2025\/11\/1758203516-ff171-desiderio-di-festa-key-300x300.jpg 300w, https:\/\/www.interflora.es\/blog\/wp-content\/uploads\/2025\/11\/1758203516-ff171-desiderio-di-festa-key-1024x1024.jpg 1024w, https:\/\/www.interflora.es\/blog\/wp-content\/uploads\/2025\/11\/1758203516-ff171-desiderio-di-festa-key-150x150.jpg 150w, https:\/\/www.interflora.es\/blog\/wp-content\/uploads\/2025\/11\/1758203516-ff171-desiderio-di-festa-key-768x768.jpg 768w, https:\/\/www.interflora.es\/blog\/wp-content\/uploads\/2025\/11\/1758203516-ff171-desiderio-di-festa-key-1536x1536.jpg 1536w, https:\/\/www.interflora.es\/blog\/wp-content\/uploads\/2025\/11\/1758203516-ff171-desiderio-di-festa-key-2048x2048.jpg 2048w\" sizes=\"auto, (max-width: 300px) 100vw, 300px\" \/><img decoding=\"async\" class=\"lp-badge\" src=\"https:\/\/prodblog.interflora.es\/blog\/wp-content\/uploads\/2025\/04\/220422_INTERFLORA_Main_Logo_rgb_Main_Color.png\" alt=\"Entrega r\u00e1pida\"><\/div><span>Deseo de Fiesta<\/span><p>49.99 \u20ac<\/p><span class=\"obf-link lp-cta\" role=\"link\" tabindex=\"0\" data-b64=\"aHR0cHM6Ly93d3cuaW50ZXJmbG9yYS5lcy9wL2Rlc2VvLWRlLWZpZXN0YS8xP3V0bV9tZWRpdW09b3JnYW5pYyZ1dG1fc291cmNlPWJsb2dfcHJvZHVjdHMmdXRtX2NhbXBhaWduPUZGMTcx\" data-target=\"_blank\"><svg xmlns=\"http:\/\/www.w3.org\/2000\/svg\" width=\"16\" height=\"16\" fill=\"currentColor\" class=\"bi bi-bag\" viewBox=\"0 0 16 16\"><path d=\"M8 1a2 2 0 0 1 2 2v1h2.5A1.5 1.5 0 0 1 14 5.5v8A1.5 1.5 0 0 1 12.5 15h-9A1.5 1.5 0 0 1 2 13.5v-8A1.5 1.5 0 0 1 3.5 3H6V2a2 2 0 0 1 2-1zm1 3V3a1 1 0 0 0-2 0v1h2z\"\/><\/svg>Comprar<\/span><p class=\"rapido\">Flores y plantas elegidas con mimo<\/p><\/div><\/div>\n\n\n\n<div style=\"height:30px\" aria-hidden=\"true\" class=\"wp-block-spacer\"><\/div>\n\n\n\n<h2 class=\"wp-block-heading alignwide\">Cinco coronas caseras originales para triunfar en Navidad<\/h2>\n\n\n\n<p>Si te apetece <strong>reciclar materiales<\/strong> que tengas por casa para crear coronas o incluso <a href=\"https:\/\/www.interflora.es\/blog\/como-hacer-centros-de-navidad-modernos\/\">centros de Navidad modernos<\/a>, te proponemos varias ideas ecol\u00f3gicas que, adem\u00e1s de salirte pr\u00e1cticamente gratis, te garantizar\u00e1n un <strong>resultado 100 % navide\u00f1o y bueno para el medio ambiente.<\/strong><\/p>\n\n\n\n<h3 class=\"wp-block-heading\">Corona de Navidad natural con ramas y flores secas<\/h3>\n\n\n\n<p>Aprovecha un <strong>paseo por el campo<\/strong> o el bosque para recoger materiales con los que crear coronas hechas a mano con elementos naturales: <strong>pi\u00f1as, agujas de pino, ramas secas de \u00e1rbol, flores silvestres secas<\/strong>\u2026 Puedes crear la base directamente con las ramas o disponerlas sobre una guirnalda.<\/p>\n\n\n\n<figure class=\"wp-block-image size-large\"><img loading=\"lazy\" decoding=\"async\" width=\"1024\" height=\"683\" src=\"https:\/\/www.interflora.es\/blog\/wp-content\/uploads\/Corona-Navidad-natural-1024x683.jpg\" alt=\"corona natural\" class=\"wp-image-24650\" srcset=\"https:\/\/www.interflora.es\/blog\/wp-content\/uploads\/Corona-Navidad-natural-1024x683.jpg 1024w, https:\/\/www.interflora.es\/blog\/wp-content\/uploads\/Corona-Navidad-natural-300x200.jpg 300w, https:\/\/www.interflora.es\/blog\/wp-content\/uploads\/Corona-Navidad-natural-768x512.jpg 768w, https:\/\/www.interflora.es\/blog\/wp-content\/uploads\/Corona-Navidad-natural-1536x1024.jpg 1536w, https:\/\/www.interflora.es\/blog\/wp-content\/uploads\/Corona-Navidad-natural-2048x1366.jpg 2048w\" sizes=\"auto, (max-width: 1024px) 100vw, 1024px\" \/><\/figure>\n\n\n\n<p><\/p>\n\n\n\n<h3 class=\"wp-block-heading\">Coronas navide\u00f1as con flores frescas de temporada<\/h3>\n\n\n\n<p>En la creaci\u00f3n de una <strong>corona navidad casera con flores<\/strong>, se entrelaza la magia de la tradici\u00f3n con la frescura del invierno. Cada <strong>corona navide\u00f1a hecha a mano con <\/strong><a href=\"https:\/\/www.interflora.es\/c\/fiestas\/navidad\">flores frescas navide\u00f1as<\/a> es un testimonio de creatividad y amor por los detalles. La inclusi\u00f3n de la <strong>corona navide\u00f1a casera con flor de Pascua<\/strong> aporta un cl\u00e1sico toque festivo, mientras que el uso de <strong>corona navide\u00f1a con flor de temporada<\/strong> refleja la belleza y singularidad de estas fechas, creando as\u00ed un s\u00edmbolo \u00fanico de celebraci\u00f3n y calidez hogare\u00f1a.<\/p>\n\n\n\n<figure class=\"wp-block-image size-large\"><img loading=\"lazy\" decoding=\"async\" width=\"1024\" height=\"858\" src=\"https:\/\/www.interflora.es\/blog\/wp-content\/uploads\/corona-poinsettia-1024x858.jpg\" alt=\"corona con flor de Pascua\" class=\"wp-image-24656\" srcset=\"https:\/\/www.interflora.es\/blog\/wp-content\/uploads\/corona-poinsettia-1024x858.jpg 1024w, https:\/\/www.interflora.es\/blog\/wp-content\/uploads\/corona-poinsettia-300x251.jpg 300w, https:\/\/www.interflora.es\/blog\/wp-content\/uploads\/corona-poinsettia-768x643.jpg 768w, https:\/\/www.interflora.es\/blog\/wp-content\/uploads\/corona-poinsettia-1536x1287.jpg 1536w, https:\/\/www.interflora.es\/blog\/wp-content\/uploads\/corona-poinsettia-2048x1715.jpg 2048w\" sizes=\"auto, (max-width: 1024px) 100vw, 1024px\" \/><\/figure>\n\n\n\n<p><\/p>\n\n\n\n<h3 class=\"wp-block-heading\">Coronas divertidas hechas con pasta<\/h3>\n\n\n\n<p>Una idea genial para <strong>implicar a los ni\u00f1os<\/strong> es crear tus propias coronas con pasta seca. Puedes utilizar pastas de cualquier forma, pintarlas de colores, como el rojo, el verde o el dorado, y disponerlas creando un bonito dise\u00f1o, como peque\u00f1as estrellas, por ejemplo. \u00a1Esta corona no dejar\u00e1 indiferente a tus invitados!<\/p>\n\n\n\n<figure class=\"wp-block-image size-large\"><img loading=\"lazy\" decoding=\"async\" width=\"1024\" height=\"683\" src=\"https:\/\/www.interflora.es\/blog\/wp-content\/uploads\/Corona-de-pasta-1024x683.jpg\" alt=\"corona de Pasta\" class=\"wp-image-24658\" srcset=\"https:\/\/www.interflora.es\/blog\/wp-content\/uploads\/Corona-de-pasta-1024x683.jpg 1024w, https:\/\/www.interflora.es\/blog\/wp-content\/uploads\/Corona-de-pasta-300x200.jpg 300w, https:\/\/www.interflora.es\/blog\/wp-content\/uploads\/Corona-de-pasta-768x512.jpg 768w, https:\/\/www.interflora.es\/blog\/wp-content\/uploads\/Corona-de-pasta-1536x1024.jpg 1536w, https:\/\/www.interflora.es\/blog\/wp-content\/uploads\/Corona-de-pasta-2048x1366.jpg 2048w\" sizes=\"auto, (max-width: 1024px) 100vw, 1024px\" \/><\/figure>\n\n\n\n<div style=\"height:31px\" aria-hidden=\"true\" class=\"wp-block-spacer\"><\/div>\n\n\n\n<h3 class=\"wp-block-heading\">Corona con corchos de botella<\/h3>\n\n\n\n<p>Si la previsi\u00f3n es lo tuyo, puedes <strong>guardar los tapones de corcho <\/strong>de las botellas de vino durante todo el a\u00f1o y reutilizarlos para crear una corona espectacular. Puedes dejarlos al natural o pedir ayuda a los ni\u00f1os de la casa para pintarlos de rojo, verde o dorado. Solo tendr\u00e1s que unir los tapones con un alambre o pegarlos a una base de poliesp\u00e1n, y a\u00f1adir otros adornos como bolitas de acebo, trozos de espumill\u00f3n o cintas, tela\u2026&nbsp;<\/p>\n\n\n\n<figure class=\"wp-block-image size-large\"><img loading=\"lazy\" decoding=\"async\" width=\"1024\" height=\"683\" src=\"https:\/\/www.interflora.es\/blog\/wp-content\/uploads\/corona-de-corchos-1024x683.jpg\" alt=\"corona de corcho\" class=\"wp-image-24657\" srcset=\"https:\/\/www.interflora.es\/blog\/wp-content\/uploads\/corona-de-corchos-1024x683.jpg 1024w, https:\/\/www.interflora.es\/blog\/wp-content\/uploads\/corona-de-corchos-300x200.jpg 300w, https:\/\/www.interflora.es\/blog\/wp-content\/uploads\/corona-de-corchos-768x512.jpg 768w, https:\/\/www.interflora.es\/blog\/wp-content\/uploads\/corona-de-corchos-1536x1024.jpg 1536w, https:\/\/www.interflora.es\/blog\/wp-content\/uploads\/corona-de-corchos-2048x1366.jpg 2048w\" sizes=\"auto, (max-width: 1024px) 100vw, 1024px\" \/><\/figure>\n\n\n\n<p><\/p>\n\n\n\n<h3 class=\"wp-block-heading\">Coronas vegetales con frutas deshidratadas<\/h3>\n\n\n\n<p>Una idea muy creativa es crear una <strong>corona arom\u00e1tica con frutas deshidratadas<\/strong>. Solo tienes que secar las rodajas de fruta en el horno y pegarlas sobre tu base de ramas, pi\u00f1as o espumill\u00f3n junto a ramas de canela, an\u00eds estrellado, semillas, casta\u00f1as, c\u00e1scaras de frutos secos, hojas de laurel y cualquier otra especia o hierba que tengas por la despensa. \u00a1El resultado ser\u00e1 incre\u00edble!<\/p>\n\n\n\n<figure class=\"wp-block-image size-large\"><img loading=\"lazy\" decoding=\"async\" width=\"1024\" height=\"683\" src=\"https:\/\/www.interflora.es\/blog\/wp-content\/uploads\/Corona-Navidad-portada-1024x683.jpg\" alt=\"Corona de Navidad con frutas\" class=\"wp-image-24643\" srcset=\"https:\/\/www.interflora.es\/blog\/wp-content\/uploads\/Corona-Navidad-portada-1024x683.jpg 1024w, https:\/\/www.interflora.es\/blog\/wp-content\/uploads\/Corona-Navidad-portada-300x200.jpg 300w, https:\/\/www.interflora.es\/blog\/wp-content\/uploads\/Corona-Navidad-portada-768x512.jpg 768w, https:\/\/www.interflora.es\/blog\/wp-content\/uploads\/Corona-Navidad-portada-1536x1024.jpg 1536w, https:\/\/www.interflora.es\/blog\/wp-content\/uploads\/Corona-Navidad-portada-2048x1366.jpg 2048w\" sizes=\"auto, (max-width: 1024px) 100vw, 1024px\" \/><\/figure>\n\n\n\n<p><\/p>\n\n\n\n<p>Si tambi\u00e9n quieres animarte a crear tu propio centro de mesa de Navidad, no dudes en consultar nuestro art\u00edculo: <a href=\"https:\/\/www.interflora.es\/blog\/centros-de-mesa-navidad-hechos-a-mano\/\">Ideas para crear tus centros de mesa de Navidad hechos a mano<\/a>.<\/p>\n","protected":false},"excerpt":{"rendered":"<p>La Navidad es una \u00e9poca m\u00e1gica que todos esperamos con impaciencia, sobre todo los amantes de las decoraciones y los [&hellip;]<\/p>\n","protected":false},"author":13,"featured_media":14147,"comment_status":"open","ping_status":"open","sticky":false,"template":"","format":"standard","meta":{"_acf_changed":false,"_uag_custom_page_level_css":"","site-sidebar-layout":"default","site-content-layout":"","ast-site-content-layout":"default","site-content-style":"default","site-sidebar-style":"default","ast-global-header-display":"","ast-banner-title-visibility":"","ast-main-header-display":"","ast-hfb-above-header-display":"","ast-hfb-below-header-display":"","ast-hfb-mobile-header-display":"","site-post-title":"","ast-breadcrumbs-content":"","ast-featured-img":"","footer-sml-layout":"","theme-transparent-header-meta":"","adv-header-id-meta":"","stick-header-meta":"","header-above-stick-meta":"","header-main-stick-meta":"","header-below-stick-meta":"","astra-migrate-meta-layouts":"set","ast-page-background-enabled":"default","ast-page-background-meta":{"desktop":{"background-color":"var(--ast-global-color-5)","background-image":"","background-repeat":"repeat","background-position":"center center","background-size":"auto","background-attachment":"scroll","background-type":"","background-media":"","overlay-type":"","overlay-color":"","overlay-opacity":"","overlay-gradient":""},"tablet":{"background-color":"","background-image":"","background-repeat":"repeat","background-position":"center center","background-size":"auto","background-attachment":"scroll","background-type":"","background-media":"","overlay-type":"","overlay-color":"","overlay-opacity":"","overlay-gradient":""},"mobile":{"background-color":"","background-image":"","background-repeat":"repeat","background-position":"center center","background-size":"auto","background-attachment":"scroll","background-type":"","background-media":"","overlay-type":"","overlay-color":"","overlay-opacity":"","overlay-gradient":""}},"ast-content-background-meta":{"desktop":{"background-color":"var(--ast-global-color-4)","background-image":"","background-repeat":"repeat","background-position":"center center","background-size":"auto","background-attachment":"scroll","background-type":"","background-media":"","overlay-type":"","overlay-color":"","overlay-opacity":"","overlay-gradient":""},"tablet":{"background-color":"var(--ast-global-color-4)","background-image":"","background-repeat":"repeat","background-position":"center center","background-size":"auto","background-attachment":"scroll","background-type":"","background-media":"","overlay-type":"","overlay-color":"","overlay-opacity":"","overlay-gradient":""},"mobile":{"background-color":"var(--ast-global-color-4)","background-image":"","background-repeat":"repeat","background-position":"center center","background-size":"auto","background-attachment":"scroll","background-type":"","background-media":"","overlay-type":"","overlay-color":"","overlay-opacity":"","overlay-gradient":""}},"footnotes":""},"categories":[24,122,28,70,23],"tags":[104,71],"class_list":["post-14146","post","type-post","status-publish","format-standard","has-post-thumbnail","hentry","category-deco-y-arte-floral","category-decoracion-navidena","category-flores-y-plantas","category-navidad","category-ocasiones-especiales","tag-diy","tag-navidad"],"acf":[],"yoast_head":"<!-- This site is optimized with the Yoast SEO plugin v27.5 - https:\/\/yoast.com\/product\/yoast-seo-wordpress\/ -->\n<title>Coronas de Navidad hechas a mano | Interflora<\/title>\n<meta name=\"description\" content=\"Descubre c\u00f3mo crear una corona navide\u00f1a desde cero y triunfa esta Navidad con tus propias decoraciones caseras hechas a mano.\" \/>\n<meta name=\"robots\" content=\"index, follow, max-snippet:-1, max-image-preview:large, max-video-preview:-1\" \/>\n<link rel=\"canonical\" href=\"https:\/\/www.interflora.es\/blog\/coronas-navidenas-hechas-a-mano\/\" \/>\n<script type=\"application\/ld+json\" class=\"yoast-schema-graph\">{\"@context\":\"https:\\\/\\\/schema.org\",\"@graph\":[{\"@type\":\"Article\",\"@id\":\"https:\\\/\\\/www.interflora.es\\\/blog\\\/coronas-navidenas-hechas-a-mano\\\/#article\",\"isPartOf\":{\"@id\":\"https:\\\/\\\/www.interflora.es\\\/blog\\\/coronas-navidenas-hechas-a-mano\\\/\"},\"author\":{\"name\":\"Interflora\",\"@id\":\"https:\\\/\\\/www.interflora.es\\\/blog\\\/#\\\/schema\\\/person\\\/e3ecff50262948e365b92682cdc2a9d1\"},\"headline\":\"Coronas navide\u00f1as hechas a mano\",\"datePublished\":\"2025-11-13T14:43:52+00:00\",\"dateModified\":\"2025-11-18T13:58:10+00:00\",\"mainEntityOfPage\":{\"@id\":\"https:\\\/\\\/www.interflora.es\\\/blog\\\/coronas-navidenas-hechas-a-mano\\\/\"},\"wordCount\":1125,\"commentCount\":0,\"publisher\":{\"@id\":\"https:\\\/\\\/www.interflora.es\\\/blog\\\/#organization\"},\"image\":{\"@id\":\"https:\\\/\\\/www.interflora.es\\\/blog\\\/coronas-navidenas-hechas-a-mano\\\/#primaryimage\"},\"thumbnailUrl\":\"https:\\\/\\\/www.interflora.es\\\/blog\\\/wp-content\\\/uploads\\\/coronas-navidenas-hechas-a-mano-scaled.jpg\",\"keywords\":[\"DIY\",\"navidad\"],\"articleSection\":[\"Deco &amp; Arte floral\",\"Decoraci\u00f3n navide\u00f1a\",\"Flores y plantas\",\"Navidad\",\"Ocasiones especiales\"],\"inLanguage\":\"es\",\"potentialAction\":[{\"@type\":\"CommentAction\",\"name\":\"Comment\",\"target\":[\"https:\\\/\\\/www.interflora.es\\\/blog\\\/coronas-navidenas-hechas-a-mano\\\/#respond\"]}]},{\"@type\":\"WebPage\",\"@id\":\"https:\\\/\\\/www.interflora.es\\\/blog\\\/coronas-navidenas-hechas-a-mano\\\/\",\"url\":\"https:\\\/\\\/www.interflora.es\\\/blog\\\/coronas-navidenas-hechas-a-mano\\\/\",\"name\":\"Coronas de Navidad hechas a mano | Interflora\",\"isPartOf\":{\"@id\":\"https:\\\/\\\/www.interflora.es\\\/blog\\\/#website\"},\"primaryImageOfPage\":{\"@id\":\"https:\\\/\\\/www.interflora.es\\\/blog\\\/coronas-navidenas-hechas-a-mano\\\/#primaryimage\"},\"image\":{\"@id\":\"https:\\\/\\\/www.interflora.es\\\/blog\\\/coronas-navidenas-hechas-a-mano\\\/#primaryimage\"},\"thumbnailUrl\":\"https:\\\/\\\/www.interflora.es\\\/blog\\\/wp-content\\\/uploads\\\/coronas-navidenas-hechas-a-mano-scaled.jpg\",\"datePublished\":\"2025-11-13T14:43:52+00:00\",\"dateModified\":\"2025-11-18T13:58:10+00:00\",\"description\":\"Descubre c\u00f3mo crear una corona navide\u00f1a desde cero y triunfa esta Navidad con tus propias decoraciones caseras hechas a mano.\",\"breadcrumb\":{\"@id\":\"https:\\\/\\\/www.interflora.es\\\/blog\\\/coronas-navidenas-hechas-a-mano\\\/#breadcrumb\"},\"inLanguage\":\"es\",\"potentialAction\":[{\"@type\":\"ReadAction\",\"target\":[\"https:\\\/\\\/www.interflora.es\\\/blog\\\/coronas-navidenas-hechas-a-mano\\\/\"]}]},{\"@type\":\"ImageObject\",\"inLanguage\":\"es\",\"@id\":\"https:\\\/\\\/www.interflora.es\\\/blog\\\/coronas-navidenas-hechas-a-mano\\\/#primaryimage\",\"url\":\"https:\\\/\\\/www.interflora.es\\\/blog\\\/wp-content\\\/uploads\\\/coronas-navidenas-hechas-a-mano-scaled.jpg\",\"contentUrl\":\"https:\\\/\\\/www.interflora.es\\\/blog\\\/wp-content\\\/uploads\\\/coronas-navidenas-hechas-a-mano-scaled.jpg\",\"width\":2560,\"height\":1707},{\"@type\":\"BreadcrumbList\",\"@id\":\"https:\\\/\\\/www.interflora.es\\\/blog\\\/coronas-navidenas-hechas-a-mano\\\/#breadcrumb\",\"itemListElement\":[{\"@type\":\"ListItem\",\"position\":1,\"name\":\"Home\",\"item\":\"https:\\\/\\\/www.interflora.es\\\/blog\\\/\"},{\"@type\":\"ListItem\",\"position\":2,\"name\":\"Coronas navide\u00f1as hechas a mano\"}]},{\"@type\":\"WebSite\",\"@id\":\"https:\\\/\\\/www.interflora.es\\\/blog\\\/#website\",\"url\":\"https:\\\/\\\/www.interflora.es\\\/blog\\\/\",\"name\":\"El blog de Interflora : consejos, ideas e inspiraci\u00f3n para disfrutar de las flores y las plantas\",\"description\":\"\",\"publisher\":{\"@id\":\"https:\\\/\\\/www.interflora.es\\\/blog\\\/#organization\"},\"potentialAction\":[{\"@type\":\"SearchAction\",\"target\":{\"@type\":\"EntryPoint\",\"urlTemplate\":\"https:\\\/\\\/www.interflora.es\\\/blog\\\/?s={search_term_string}\"},\"query-input\":{\"@type\":\"PropertyValueSpecification\",\"valueRequired\":true,\"valueName\":\"search_term_string\"}}],\"inLanguage\":\"es\"},{\"@type\":\"Organization\",\"@id\":\"https:\\\/\\\/www.interflora.es\\\/blog\\\/#organization\",\"name\":\"El blog de Interflora : consejos, ideas e inspiraci\u00f3n para disfrutar de las flores y las plantas\",\"url\":\"https:\\\/\\\/www.interflora.es\\\/blog\\\/\",\"logo\":{\"@type\":\"ImageObject\",\"inLanguage\":\"es\",\"@id\":\"https:\\\/\\\/www.interflora.es\\\/blog\\\/#\\\/schema\\\/logo\\\/image\\\/\",\"url\":\"https:\\\/\\\/www.interflora.es\\\/blog\\\/wp-content\\\/uploads\\\/2025\\\/10\\\/cropped-220422_INTERFLORA_Logo_rgb_Half_Top_Circle_Main_Color.png\",\"contentUrl\":\"https:\\\/\\\/www.interflora.es\\\/blog\\\/wp-content\\\/uploads\\\/2025\\\/10\\\/cropped-220422_INTERFLORA_Logo_rgb_Half_Top_Circle_Main_Color.png\",\"width\":1418,\"height\":659,\"caption\":\"El blog de Interflora : consejos, ideas e inspiraci\u00f3n para disfrutar de las flores y las plantas\"},\"image\":{\"@id\":\"https:\\\/\\\/www.interflora.es\\\/blog\\\/#\\\/schema\\\/logo\\\/image\\\/\"}},{\"@type\":\"Person\",\"@id\":\"https:\\\/\\\/www.interflora.es\\\/blog\\\/#\\\/schema\\\/person\\\/e3ecff50262948e365b92682cdc2a9d1\",\"name\":\"Interflora\",\"image\":{\"@type\":\"ImageObject\",\"inLanguage\":\"es\",\"@id\":\"https:\\\/\\\/www.interflora.es\\\/blog\\\/wp-content\\\/litespeed\\\/avatar\\\/ef0a9e22ccabc545011ca74a630eaf3e.jpg?ver=1777555250\",\"url\":\"https:\\\/\\\/www.interflora.es\\\/blog\\\/wp-content\\\/litespeed\\\/avatar\\\/ef0a9e22ccabc545011ca74a630eaf3e.jpg?ver=1777555250\",\"contentUrl\":\"https:\\\/\\\/www.interflora.es\\\/blog\\\/wp-content\\\/litespeed\\\/avatar\\\/ef0a9e22ccabc545011ca74a630eaf3e.jpg?ver=1777555250\",\"caption\":\"Interflora\"}}]}<\/script>\n<!-- \/ Yoast SEO plugin. -->","yoast_head_json":{"title":"Coronas de Navidad hechas a mano | Interflora","description":"Descubre c\u00f3mo crear una corona navide\u00f1a desde cero y triunfa esta Navidad con tus propias decoraciones caseras hechas a mano.","robots":{"index":"index","follow":"follow","max-snippet":"max-snippet:-1","max-image-preview":"max-image-preview:large","max-video-preview":"max-video-preview:-1"},"canonical":"https:\/\/www.interflora.es\/blog\/coronas-navidenas-hechas-a-mano\/","schema":{"@context":"https:\/\/schema.org","@graph":[{"@type":"Article","@id":"https:\/\/www.interflora.es\/blog\/coronas-navidenas-hechas-a-mano\/#article","isPartOf":{"@id":"https:\/\/www.interflora.es\/blog\/coronas-navidenas-hechas-a-mano\/"},"author":{"name":"Interflora","@id":"https:\/\/www.interflora.es\/blog\/#\/schema\/person\/e3ecff50262948e365b92682cdc2a9d1"},"headline":"Coronas navide\u00f1as hechas a mano","datePublished":"2025-11-13T14:43:52+00:00","dateModified":"2025-11-18T13:58:10+00:00","mainEntityOfPage":{"@id":"https:\/\/www.interflora.es\/blog\/coronas-navidenas-hechas-a-mano\/"},"wordCount":1125,"commentCount":0,"publisher":{"@id":"https:\/\/www.interflora.es\/blog\/#organization"},"image":{"@id":"https:\/\/www.interflora.es\/blog\/coronas-navidenas-hechas-a-mano\/#primaryimage"},"thumbnailUrl":"https:\/\/www.interflora.es\/blog\/wp-content\/uploads\/coronas-navidenas-hechas-a-mano-scaled.jpg","keywords":["DIY","navidad"],"articleSection":["Deco &amp; Arte floral","Decoraci\u00f3n navide\u00f1a","Flores y plantas","Navidad","Ocasiones especiales"],"inLanguage":"es","potentialAction":[{"@type":"CommentAction","name":"Comment","target":["https:\/\/www.interflora.es\/blog\/coronas-navidenas-hechas-a-mano\/#respond"]}]},{"@type":"WebPage","@id":"https:\/\/www.interflora.es\/blog\/coronas-navidenas-hechas-a-mano\/","url":"https:\/\/www.interflora.es\/blog\/coronas-navidenas-hechas-a-mano\/","name":"Coronas de Navidad hechas a mano | Interflora","isPartOf":{"@id":"https:\/\/www.interflora.es\/blog\/#website"},"primaryImageOfPage":{"@id":"https:\/\/www.interflora.es\/blog\/coronas-navidenas-hechas-a-mano\/#primaryimage"},"image":{"@id":"https:\/\/www.interflora.es\/blog\/coronas-navidenas-hechas-a-mano\/#primaryimage"},"thumbnailUrl":"https:\/\/www.interflora.es\/blog\/wp-content\/uploads\/coronas-navidenas-hechas-a-mano-scaled.jpg","datePublished":"2025-11-13T14:43:52+00:00","dateModified":"2025-11-18T13:58:10+00:00","description":"Descubre c\u00f3mo crear una corona navide\u00f1a desde cero y triunfa esta Navidad con tus propias decoraciones caseras hechas a mano.","breadcrumb":{"@id":"https:\/\/www.interflora.es\/blog\/coronas-navidenas-hechas-a-mano\/#breadcrumb"},"inLanguage":"es","potentialAction":[{"@type":"ReadAction","target":["https:\/\/www.interflora.es\/blog\/coronas-navidenas-hechas-a-mano\/"]}]},{"@type":"ImageObject","inLanguage":"es","@id":"https:\/\/www.interflora.es\/blog\/coronas-navidenas-hechas-a-mano\/#primaryimage","url":"https:\/\/www.interflora.es\/blog\/wp-content\/uploads\/coronas-navidenas-hechas-a-mano-scaled.jpg","contentUrl":"https:\/\/www.interflora.es\/blog\/wp-content\/uploads\/coronas-navidenas-hechas-a-mano-scaled.jpg","width":2560,"height":1707},{"@type":"BreadcrumbList","@id":"https:\/\/www.interflora.es\/blog\/coronas-navidenas-hechas-a-mano\/#breadcrumb","itemListElement":[{"@type":"ListItem","position":1,"name":"Home","item":"https:\/\/www.interflora.es\/blog\/"},{"@type":"ListItem","position":2,"name":"Coronas navide\u00f1as hechas a mano"}]},{"@type":"WebSite","@id":"https:\/\/www.interflora.es\/blog\/#website","url":"https:\/\/www.interflora.es\/blog\/","name":"El blog de Interflora : consejos, ideas e inspiraci\u00f3n para disfrutar de las flores y las plantas","description":"","publisher":{"@id":"https:\/\/www.interflora.es\/blog\/#organization"},"potentialAction":[{"@type":"SearchAction","target":{"@type":"EntryPoint","urlTemplate":"https:\/\/www.interflora.es\/blog\/?s={search_term_string}"},"query-input":{"@type":"PropertyValueSpecification","valueRequired":true,"valueName":"search_term_string"}}],"inLanguage":"es"},{"@type":"Organization","@id":"https:\/\/www.interflora.es\/blog\/#organization","name":"El blog de Interflora : consejos, ideas e inspiraci\u00f3n para disfrutar de las flores y las plantas","url":"https:\/\/www.interflora.es\/blog\/","logo":{"@type":"ImageObject","inLanguage":"es","@id":"https:\/\/www.interflora.es\/blog\/#\/schema\/logo\/image\/","url":"https:\/\/www.interflora.es\/blog\/wp-content\/uploads\/2025\/10\/cropped-220422_INTERFLORA_Logo_rgb_Half_Top_Circle_Main_Color.png","contentUrl":"https:\/\/www.interflora.es\/blog\/wp-content\/uploads\/2025\/10\/cropped-220422_INTERFLORA_Logo_rgb_Half_Top_Circle_Main_Color.png","width":1418,"height":659,"caption":"El blog de Interflora : consejos, ideas e inspiraci\u00f3n para disfrutar de las flores y las plantas"},"image":{"@id":"https:\/\/www.interflora.es\/blog\/#\/schema\/logo\/image\/"}},{"@type":"Person","@id":"https:\/\/www.interflora.es\/blog\/#\/schema\/person\/e3ecff50262948e365b92682cdc2a9d1","name":"Interflora","image":{"@type":"ImageObject","inLanguage":"es","@id":"https:\/\/www.interflora.es\/blog\/wp-content\/litespeed\/avatar\/ef0a9e22ccabc545011ca74a630eaf3e.jpg?ver=1777555250","url":"https:\/\/www.interflora.es\/blog\/wp-content\/litespeed\/avatar\/ef0a9e22ccabc545011ca74a630eaf3e.jpg?ver=1777555250","contentUrl":"https:\/\/www.interflora.es\/blog\/wp-content\/litespeed\/avatar\/ef0a9e22ccabc545011ca74a630eaf3e.jpg?ver=1777555250","caption":"Interflora"}}]}},"uagb_featured_image_src":{"full":["https:\/\/www.interflora.es\/blog\/wp-content\/uploads\/coronas-navidenas-hechas-a-mano-scaled.jpg",2560,1707,false],"thumbnail":["https:\/\/www.interflora.es\/blog\/wp-content\/uploads\/coronas-navidenas-hechas-a-mano-150x150.jpg",150,150,true],"medium":["https:\/\/www.interflora.es\/blog\/wp-content\/uploads\/coronas-navidenas-hechas-a-mano-300x200.jpg",300,200,true],"medium_large":["https:\/\/www.interflora.es\/blog\/wp-content\/uploads\/coronas-navidenas-hechas-a-mano-768x512.jpg",768,512,true],"large":["https:\/\/www.interflora.es\/blog\/wp-content\/uploads\/coronas-navidenas-hechas-a-mano-1024x683.jpg",1024,683,true],"1536x1536":["https:\/\/www.interflora.es\/blog\/wp-content\/uploads\/coronas-navidenas-hechas-a-mano-1536x1024.jpg",1536,1024,true],"2048x2048":["https:\/\/www.interflora.es\/blog\/wp-content\/uploads\/coronas-navidenas-hechas-a-mano-2048x1365.jpg",2048,1365,true]},"uagb_author_info":{"display_name":"Interflora","author_link":"https:\/\/www.interflora.es\/blog\/author\/interflora\/"},"uagb_comment_info":2,"uagb_excerpt":"La Navidad es una \u00e9poca m\u00e1gica que todos esperamos con impaciencia, sobre todo los amantes de las decoraciones y los [&hellip;]","_links":{"self":[{"href":"https:\/\/www.interflora.es\/blog\/wp-json\/wp\/v2\/posts\/14146","targetHints":{"allow":["GET"]}}],"collection":[{"href":"https:\/\/www.interflora.es\/blog\/wp-json\/wp\/v2\/posts"}],"about":[{"href":"https:\/\/www.interflora.es\/blog\/wp-json\/wp\/v2\/types\/post"}],"author":[{"embeddable":true,"href":"https:\/\/www.interflora.es\/blog\/wp-json\/wp\/v2\/users\/13"}],"replies":[{"embeddable":true,"href":"https:\/\/www.interflora.es\/blog\/wp-json\/wp\/v2\/comments?post=14146"}],"version-history":[{"count":2,"href":"https:\/\/www.interflora.es\/blog\/wp-json\/wp\/v2\/posts\/14146\/revisions"}],"predecessor-version":[{"id":32618,"href":"https:\/\/www.interflora.es\/blog\/wp-json\/wp\/v2\/posts\/14146\/revisions\/32618"}],"wp:featuredmedia":[{"embeddable":true,"href":"https:\/\/www.interflora.es\/blog\/wp-json\/wp\/v2\/media\/14147"}],"wp:attachment":[{"href":"https:\/\/www.interflora.es\/blog\/wp-json\/wp\/v2\/media?parent=14146"}],"wp:term":[{"taxonomy":"category","embeddable":true,"href":"https:\/\/www.interflora.es\/blog\/wp-json\/wp\/v2\/categories?post=14146"},{"taxonomy":"post_tag","embeddable":true,"href":"https:\/\/www.interflora.es\/blog\/wp-json\/wp\/v2\/tags?post=14146"}],"curies":[{"name":"wp","href":"https:\/\/api.w.org\/{rel}","templated":true}]}}