{"id":13844,"date":"2025-12-28T12:30:00","date_gmt":"2025-12-28T11:30:00","guid":{"rendered":"https:\/\/www-test.interflora.es\/blog\/?p=13844"},"modified":"2026-01-13T11:34:09","modified_gmt":"2026-01-13T10:34:09","slug":"la-rosa-reina-de-las-flores","status":"publish","type":"post","link":"https:\/\/www.interflora.es\/blog\/la-rosa-reina-de-las-flores\/","title":{"rendered":"La rosa, \u00a1reina de las flores!"},"content":{"rendered":"\n<p>La <strong>rosa <\/strong>es una flor que fascina desde el principio de los tiempos. A lo largo de la historia, los artistas han visto en ella una <strong>fuente de inspiraci\u00f3n inagotable <\/strong>y <strong>un emblema del amor verdadero<\/strong>, hasta el punto de considerarla la <strong>reina absoluta de las flores<\/strong>.<\/p>\n\n\n\n<p><br>Los cultivadores de rosas han sabido comprender su naturaleza y dotarlas de numerosas formas, colores y perfumes para nuestro deleite. La rosa domina con su encanto nuestro jard\u00edn, haciendo gala de una incre\u00edble diversidad. Regalar rosas se ha convertido en uno de los regalos m\u00e1s bonitos, ya sea en ramo o sola, nos permite declarar nuestros sentimientos m\u00e1s sinceros.<\/p>\n\n\n\n<div style=\"height:5px\" aria-hidden=\"true\" class=\"wp-block-spacer\"><\/div>\n\n\n<div class=\"lp-produits-grid\"><div class=\"lp-produit\"><div class=\"lp-thumbnail-wrapper\"><img loading=\"lazy\" decoding=\"async\" width=\"300\" height=\"300\" src=\"https:\/\/www.interflora.es\/blog\/wp-content\/uploads\/2025\/10\/1753179643-rf044-hand-4-300x300.jpg\" class=\"attachment-medium size-medium wp-post-image\" alt=\"\" srcset=\"https:\/\/www.interflora.es\/blog\/wp-content\/uploads\/2025\/10\/1753179643-rf044-hand-4-300x300.jpg 300w, https:\/\/www.interflora.es\/blog\/wp-content\/uploads\/2025\/10\/1753179643-rf044-hand-4-1024x1024.jpg 1024w, https:\/\/www.interflora.es\/blog\/wp-content\/uploads\/2025\/10\/1753179643-rf044-hand-4-150x150.jpg 150w, https:\/\/www.interflora.es\/blog\/wp-content\/uploads\/2025\/10\/1753179643-rf044-hand-4-768x768.jpg 768w, https:\/\/www.interflora.es\/blog\/wp-content\/uploads\/2025\/10\/1753179643-rf044-hand-4-1536x1536.jpg 1536w, https:\/\/www.interflora.es\/blog\/wp-content\/uploads\/2025\/10\/1753179643-rf044-hand-4-2048x2048.jpg 2048w\" sizes=\"auto, (max-width: 300px) 100vw, 300px\" \/><img decoding=\"async\" class=\"lp-badge\" src=\"https:\/\/prodblog.interflora.es\/blog\/wp-content\/uploads\/2025\/04\/220422_INTERFLORA_Main_Logo_rgb_Main_Color.png\" alt=\"Entrega r\u00e1pida\"><\/div><span>Siempre Tu<\/span><p>29.99 \u20ac<\/p><span class=\"obf-link lp-cta\" role=\"link\" tabindex=\"0\" data-b64=\"aHR0cHM6Ly93d3cuaW50ZXJmbG9yYS5lcy9wL3NpZW1wcmUtdHUvMT91dG1fbWVkaXVtPW9yZ2FuaWMmdXRtX3NvdXJjZT1ibG9nX3Byb2R1Y3RzJnV0bV9jYW1wYWlnbj1SRjA0NA==\" data-target=\"_blank\"><svg xmlns=\"http:\/\/www.w3.org\/2000\/svg\" width=\"16\" height=\"16\" fill=\"currentColor\" class=\"bi bi-bag\" viewBox=\"0 0 16 16\"><path d=\"M8 1a2 2 0 0 1 2 2v1h2.5A1.5 1.5 0 0 1 14 5.5v8A1.5 1.5 0 0 1 12.5 15h-9A1.5 1.5 0 0 1 2 13.5v-8A1.5 1.5 0 0 1 3.5 3H6V2a2 2 0 0 1 2-1zm1 3V3a1 1 0 0 0-2 0v1h2z\"\/><\/svg>Comprar<\/span><p class=\"rapido\">Entrega urgente<\/p><\/div><div class=\"lp-produit\"><div class=\"lp-thumbnail-wrapper\"><img loading=\"lazy\" decoding=\"async\" width=\"300\" height=\"300\" src=\"https:\/\/www.interflora.es\/blog\/wp-content\/uploads\/2025\/04\/1706254067-treroserosse-hd-1-300x300.jpg\" class=\"attachment-medium size-medium wp-post-image\" alt=\"\" srcset=\"https:\/\/www.interflora.es\/blog\/wp-content\/uploads\/2025\/04\/1706254067-treroserosse-hd-1-300x300.jpg 300w, https:\/\/www.interflora.es\/blog\/wp-content\/uploads\/2025\/04\/1706254067-treroserosse-hd-1-1024x1024.jpg 1024w, https:\/\/www.interflora.es\/blog\/wp-content\/uploads\/2025\/04\/1706254067-treroserosse-hd-1-150x150.jpg 150w, https:\/\/www.interflora.es\/blog\/wp-content\/uploads\/2025\/04\/1706254067-treroserosse-hd-1-768x768.jpg 768w, https:\/\/www.interflora.es\/blog\/wp-content\/uploads\/2025\/04\/1706254067-treroserosse-hd-1.jpg 1400w\" sizes=\"auto, (max-width: 300px) 100vw, 300px\" \/><img decoding=\"async\" class=\"lp-badge\" src=\"https:\/\/prodblog.interflora.es\/blog\/wp-content\/uploads\/2025\/04\/220422_INTERFLORA_Main_Logo_rgb_Main_Color.png\" alt=\"Entrega r\u00e1pida\"><\/div><span>Tercia<\/span><p>27.99 \u20ac<\/p><span class=\"obf-link lp-cta\" role=\"link\" tabindex=\"0\" data-b64=\"aHR0cHM6Ly93d3cuaW50ZXJmbG9yYS5lcy9wLzMtcm9zYXMtcm9qYXMtZGUtdGFsbG8tbGFyZ28vMT91dG1fbWVkaXVtPW9yZ2FuaWMmdXRtX3NvdXJjZT1ibG9nX3Byb2R1Y3RzJnV0bV9jYW1wYWlnbj1SMDEwMQ==\" data-target=\"_blank\"><svg xmlns=\"http:\/\/www.w3.org\/2000\/svg\" width=\"16\" height=\"16\" fill=\"currentColor\" class=\"bi bi-bag\" viewBox=\"0 0 16 16\"><path d=\"M8 1a2 2 0 0 1 2 2v1h2.5A1.5 1.5 0 0 1 14 5.5v8A1.5 1.5 0 0 1 12.5 15h-9A1.5 1.5 0 0 1 2 13.5v-8A1.5 1.5 0 0 1 3.5 3H6V2a2 2 0 0 1 2-1zm1 3V3a1 1 0 0 0-2 0v1h2z\"\/><\/svg>Comprar<\/span><p class=\"rapido\">Entrega en el d\u00eda<\/p><\/div><div class=\"lp-produit\"><div class=\"lp-thumbnail-wrapper\"><img loading=\"lazy\" decoding=\"async\" width=\"300\" height=\"300\" src=\"https:\/\/www.interflora.es\/blog\/wp-content\/uploads\/2025\/04\/1709032355-12redroses-hd-1-300x300.jpg\" class=\"attachment-medium size-medium wp-post-image\" alt=\"\" srcset=\"https:\/\/www.interflora.es\/blog\/wp-content\/uploads\/2025\/04\/1709032355-12redroses-hd-1-300x300.jpg 300w, https:\/\/www.interflora.es\/blog\/wp-content\/uploads\/2025\/04\/1709032355-12redroses-hd-1-1024x1024.jpg 1024w, https:\/\/www.interflora.es\/blog\/wp-content\/uploads\/2025\/04\/1709032355-12redroses-hd-1-150x150.jpg 150w, https:\/\/www.interflora.es\/blog\/wp-content\/uploads\/2025\/04\/1709032355-12redroses-hd-1-768x768.jpg 768w, https:\/\/www.interflora.es\/blog\/wp-content\/uploads\/2025\/04\/1709032355-12redroses-hd-1-1536x1536.jpg 1536w, https:\/\/www.interflora.es\/blog\/wp-content\/uploads\/2025\/04\/1709032355-12redroses-hd-1.jpg 1999w\" sizes=\"auto, (max-width: 300px) 100vw, 300px\" \/><img decoding=\"async\" class=\"lp-badge\" src=\"https:\/\/prodblog.interflora.es\/blog\/wp-content\/uploads\/2025\/04\/220422_INTERFLORA_Main_Logo_rgb_Main_Color.png\" alt=\"Entrega r\u00e1pida\"><\/div><span>Amor<\/span><p>64.99 \u20ac<\/p><span class=\"obf-link lp-cta\" role=\"link\" tabindex=\"0\" data-b64=\"aHR0cHM6Ly93d3cuaW50ZXJmbG9yYS5lcy9wLzEyLXJvc2FzLXJvamFzLWRlLXRhbGxvLWxhcmdvLzE\/dXRtX21lZGl1bT1vcmdhbmljJnV0bV9zb3VyY2U9YmxvZ19wcm9kdWN0cyZ1dG1fY2FtcGFpZ249UjAxMDM=\" data-target=\"_blank\"><svg xmlns=\"http:\/\/www.w3.org\/2000\/svg\" width=\"16\" height=\"16\" fill=\"currentColor\" class=\"bi bi-bag\" viewBox=\"0 0 16 16\"><path d=\"M8 1a2 2 0 0 1 2 2v1h2.5A1.5 1.5 0 0 1 14 5.5v8A1.5 1.5 0 0 1 12.5 15h-9A1.5 1.5 0 0 1 2 13.5v-8A1.5 1.5 0 0 1 3.5 3H6V2a2 2 0 0 1 2-1zm1 3V3a1 1 0 0 0-2 0v1h2z\"\/><\/svg>Comprar<\/span><p class=\"rapido\">Flores y plantas elegidas con mimo<\/p><\/div><div class=\"lp-produit\"><div class=\"lp-thumbnail-wrapper\"><img loading=\"lazy\" decoding=\"async\" width=\"300\" height=\"300\" src=\"https:\/\/www.interflora.es\/blog\/wp-content\/uploads\/2025\/04\/1729015617-rf004s-rosas-a-la-carta-300x300.jpg\" class=\"attachment-medium size-medium wp-post-image\" alt=\"\" srcset=\"https:\/\/www.interflora.es\/blog\/wp-content\/uploads\/2025\/04\/1729015617-rf004s-rosas-a-la-carta-300x300.jpg 300w, https:\/\/www.interflora.es\/blog\/wp-content\/uploads\/2025\/04\/1729015617-rf004s-rosas-a-la-carta-1024x1024.jpg 1024w, https:\/\/www.interflora.es\/blog\/wp-content\/uploads\/2025\/04\/1729015617-rf004s-rosas-a-la-carta-150x150.jpg 150w, https:\/\/www.interflora.es\/blog\/wp-content\/uploads\/2025\/04\/1729015617-rf004s-rosas-a-la-carta-768x768.jpg 768w, https:\/\/www.interflora.es\/blog\/wp-content\/uploads\/2025\/04\/1729015617-rf004s-rosas-a-la-carta.jpg 1200w\" sizes=\"auto, (max-width: 300px) 100vw, 300px\" \/><img decoding=\"async\" class=\"lp-badge\" src=\"https:\/\/prodblog.interflora.es\/blog\/wp-content\/uploads\/2025\/04\/220422_INTERFLORA_Main_Logo_rgb_Main_Color.png\" alt=\"Entrega r\u00e1pida\"><\/div><span>El N\u00famero Perfecto<\/span><p>35 \u20ac<\/p><span class=\"obf-link lp-cta\" role=\"link\" tabindex=\"0\" data-b64=\"aHR0cHM6Ly93d3cuaW50ZXJmbG9yYS5lcy9wL3Jvc2FzLXByZW1pdW0vMT91dG1fbWVkaXVtPW9yZ2FuaWMmdXRtX3NvdXJjZT1ibG9nX3Byb2R1Y3RzJnV0bV9jYW1wYWlnbj1SMDEyNw==\" data-target=\"_blank\"><svg xmlns=\"http:\/\/www.w3.org\/2000\/svg\" width=\"16\" height=\"16\" fill=\"currentColor\" class=\"bi bi-bag\" viewBox=\"0 0 16 16\"><path d=\"M8 1a2 2 0 0 1 2 2v1h2.5A1.5 1.5 0 0 1 14 5.5v8A1.5 1.5 0 0 1 12.5 15h-9A1.5 1.5 0 0 1 2 13.5v-8A1.5 1.5 0 0 1 3.5 3H6V2a2 2 0 0 1 2-1zm1 3V3a1 1 0 0 0-2 0v1h2z\"\/><\/svg>Comprar<\/span><p class=\"rapido\">Atenci\u00f3n al cliente siempre disponible<\/p><\/div><\/div>\n\n\n\n<div style=\"height:5px\" aria-hidden=\"true\" class=\"wp-block-spacer\"><\/div>\n\n\n\n<h2 class=\"wp-block-heading alignwide\"><strong>Las caracter\u00edsticas de la rosa<\/strong><\/h2>\n\n\n\n<p>La <strong>rosa <\/strong>es el nombre de la flor del rosal, una planta de la familia de las Ros\u00e1ceas que pertenece al g\u00e9nero Rosa.<\/p>\n\n\n\n<p>La palabra rosa viene del lat\u00edn rosa, rosae, con la que se designa al mismo tiempo a la flor y al rosal. Este t\u00e9rmino procede a su vez del griego antiguo <em>rhodon.<\/em> <strong>La rosa es una de las flores m\u00e1s cultivadas en todo el mundo<\/strong>, \u00a1y ocupa el primer puesto en el podio de las flores m\u00e1s vendidas!<\/p>\n\n\n\n<h3 class=\"wp-block-heading alignwide\"><strong>Una flor con cientos de especies y variedades<\/strong><\/h3>\n\n\n\n<div class=\"wp-block-media-text alignwide is-stacked-on-mobile is-style-default\" style=\"grid-template-columns:35% auto\"><figure class=\"wp-block-media-text__media\"><img loading=\"lazy\" decoding=\"async\" width=\"1000\" height=\"870\" src=\"https:\/\/www.interflora.es\/blog\/wp-content\/uploads\/2024\/01\/rosier.jpg\" alt=\"\" class=\"wp-image-33560 size-full\" srcset=\"https:\/\/www.interflora.es\/blog\/wp-content\/uploads\/2024\/01\/rosier.jpg 1000w, https:\/\/www.interflora.es\/blog\/wp-content\/uploads\/2024\/01\/rosier-300x261.jpg 300w, https:\/\/www.interflora.es\/blog\/wp-content\/uploads\/2024\/01\/rosier-768x668.jpg 768w\" sizes=\"auto, (max-width: 1000px) 100vw, 1000px\" \/><\/figure><div class=\"wp-block-media-text__content\">\n<p><strong>La rosa roja<\/strong> es la m\u00e1s utilizada. Entre enamorados, es muy habitual regalar <a href=\"https:\/\/www.interflora.es\/c\/rosas?utm_source=blog&amp;utm_medium=organic&amp;utm_campaign=rosas\" target=\"_blank\" rel=\"noreferrer noopener\">rosas a domicilio<\/a> durante el periodo de <a href=\"https:\/\/www.interflora.es\/c\/fiestas\/flores-san-valentin?utm_source=blog&amp;utm_medium=organic&amp;utm_campaign=rosas\" target=\"_blank\" rel=\"noreferrer noopener\">San Valent\u00edn<\/a> o para la fiesta de Sant Jordi. Sin embargo, la rosa roja no es la \u00fanica que transmite amor y belleza, \u00a1en nuestros jardines podemos apreciar una amplia gama de estas plantas y sus preciosas flores de colores!<\/p>\n\n\n\n<p>Todos los rosales provienen de los <strong>rosales bot\u00e1nicos o silvestres<\/strong>, entre los que se encuentran, por ejemplo, la rosa mosqueta. Los bot\u00e1nicos han identificado <strong>entre 130 y 150 especies<\/strong> de rosas. Las plantas cultivadas hoy en d\u00eda son el resultado de miles de a\u00f1os de transformaci\u00f3n. Las variedades son innumerables, y se estima que hay cerca de 3000 cultivares de estas plantas disponibles actualmente en el mundo. Sin embargo, solo se usaron una docena de especies para crear la mayor\u00eda de las rosas cultivadas que se encuentran en la actualidad.<\/p>\n<\/div><\/div>\n\n\n\n<div style=\"height:30px\" aria-hidden=\"true\" class=\"wp-block-spacer\"><\/div>\n\n\n\n<h3 class=\"wp-block-heading alignwide\"><strong><strong>Una variedad de formas y colores<\/strong><\/strong><\/h3>\n\n\n\n<p>En su forma original, la rosa presenta cinco p\u00e9talos y sus estambres est\u00e1n a la vista. Esta forma es muy similar a la de la rosa mosqueta (rosa canina), que en realidad es una rosa silvestre. Este aspecto tan sencillo conquist\u00f3 a numerosos bot\u00e1nicos, que recogieron rosas de todo el mundo para entreg\u00e1rselas despu\u00e9s a los cultivadores de rosas. Estos \u00faltimos han sido capaces de crear m\u00faltiples variedades de esta planta a lo largo de los siglos. Gracias a esta asombrosa diversidad, hoy en d\u00eda <strong>encontramos rosas de colores muy diferentes<\/strong>, con una <strong>gran variedad de matices<\/strong>, tama\u00f1os, inflorescencias y formas: simples, semidobles o dobles, trepadoras, arbustivas y con periodos de floraci\u00f3n muy diferentes.<\/p>\n\n\n\n<h3 class=\"wp-block-heading alignwide\"><strong>Rosas antiguas y rosas modernas<\/strong><\/h3>\n\n\n\n<p>Se habla de dos tipos de rosas, las rosas antiguas y las rosas modernas. Las rosas antiguas son los cultivares anteriores a 1867, nacidos de rosas bot\u00e1nicas. Tienen un olor incre\u00edble y una floraci\u00f3n muy abundante, aunque es corta y \u00fanica. Algunas especies de estas plantas ya han desaparecido, pero otras se cultivan a\u00fan en nuestros d\u00edas, como por ejemplo:&nbsp;<\/p>\n\n\n\n<div class=\"wp-block-media-text alignwide has-media-on-the-right is-stacked-on-mobile\" style=\"grid-template-columns:auto 35%\"><div class=\"wp-block-media-text__content\">\n<ul class=\"wp-block-list\">\n<li><strong>Las rosas g\u00e1licas <\/strong>o<strong> <\/strong><em>Rosa gallica<\/em>, tambi\u00e9n conocidas como rosal de Castilla, de Francia o de Provins. Esta especie de planta es, de alguna manera, el antepasado de todas las rosas europeas.<\/li>\n<\/ul>\n\n\n\n<ul class=\"wp-block-list\">\n<li><strong>Las rosas centifolias <\/strong>o <em>Rosa centifolia<\/em>, llamadas as\u00ed por su gran cantidad de p\u00e9talos.<\/li>\n<\/ul>\n\n\n\n<ul class=\"wp-block-list\">\n<li><strong>Las rosas de Damasco <\/strong>o<strong> <\/strong><em>Rosa damascena<\/em>, la Venus de Oriente Medio. Muy perfumada, esta variedad de rosas se cultiva en Bulgaria y en Marruecos para la producci\u00f3n de esencia y agua de rosa.&nbsp;<\/li>\n<\/ul>\n\n\n\n<ul class=\"wp-block-list\">\n<li><strong>Las rosas alba,<\/strong> (que significa blanco), o <em>Rosa x alba<\/em>, que ya exist\u00edan en la \u00e9poca de los griegos y de los romanos y que provienen de Asia Menor o Central.&nbsp;<\/li>\n<\/ul>\n<\/div><figure class=\"wp-block-media-text__media\"><img loading=\"lazy\" decoding=\"async\" width=\"1000\" height=\"1000\" src=\"https:\/\/www.interflora.es\/blog\/wp-content\/uploads\/2024\/01\/ramo-de-rosas-rojas-1.jpg\" alt=\"\" class=\"wp-image-33561 size-full\" srcset=\"https:\/\/www.interflora.es\/blog\/wp-content\/uploads\/2024\/01\/ramo-de-rosas-rojas-1.jpg 1000w, https:\/\/www.interflora.es\/blog\/wp-content\/uploads\/2024\/01\/ramo-de-rosas-rojas-1-300x300.jpg 300w, https:\/\/www.interflora.es\/blog\/wp-content\/uploads\/2024\/01\/ramo-de-rosas-rojas-1-150x150.jpg 150w, https:\/\/www.interflora.es\/blog\/wp-content\/uploads\/2024\/01\/ramo-de-rosas-rojas-1-768x768.jpg 768w\" sizes=\"auto, (max-width: 1000px) 100vw, 1000px\" \/><\/figure><\/div>\n\n\n\n<div style=\"height:20px\" aria-hidden=\"true\" class=\"wp-block-spacer\"><\/div>\n\n\n\n<p>En 1867 se cre\u00f3 el <strong>primer h\u00edbrido, la rosa \u201cFrancia\u201d,<\/strong> que dio nacimiento a las <strong>\u201crosas modernas\u201d.<\/strong> Esta categor\u00eda designa a todas las variedades obtenidas despu\u00e9s de esta fecha, como los rosales \u201cde flores grandes\u201d, las \u201cfloribunda\u201d, por su floraci\u00f3n abundante, y los \u201crosales ingleses\u201d.<\/p>\n\n\n\n<h2 class=\"wp-block-heading alignwide\"><strong>Historia de la rosa<\/strong>, una flor fascinante<\/h2>\n\n\n\n<p>La rosa ha acompa\u00f1ado al ser humano a lo largo de la historia y ha fascinado a las diferentes civilizaciones tanto por su est\u00e9tica y aroma como por sus cualidades curativas y cosm\u00e9ticas.<\/p>\n\n\n\n<h3 class=\"wp-block-heading alignwide\"><strong>La rosa en la Edad Antigua<\/strong><\/h3>\n\n\n\n<p>Se sabe que <strong>los griegos y los hebreos<\/strong> cultivaban rosas y las empleaban en sus ceremonias nupciales. Tambi\u00e9n se han encontrado rosas en las <strong>tumbas egipcias<\/strong>, cuya finalidad era acompa\u00f1ar a los muertos hacia la eternidad.&nbsp; <strong>Los romanos, <\/strong>por su parte, desarrollaron todo un arte en torno a estas flores: sus p\u00e9talos se utilizaban para crear alfombras en el suelo y para celebrar los d\u00edas de fiesta, a modo de confeti.<\/p>\n\n\n\n<p><br>Las plantas de las rosas se cultivaban principalmente en <strong>Egipto y en Persia<\/strong>. Los romanos comenzaron import\u00e1ndolas por barco, antes de cultivarlas ellos mismos. Para ello desarrollaron un sistema ingenioso que forzaba su floraci\u00f3n, calentando los suelos de cultivo con canalizaciones de agua caliente. Aunque haya pocos testimonios escritos, se supone que la rosa de esta \u00e9poca era la <strong>Rosa de Damasco<\/strong>, que se fue expandiendo por los territorios del Imperio Romano a medida que estos iban aumentando.&nbsp;<\/p>\n\n\n\n<h2 class=\"wp-block-heading alignwide\"><strong>\u00bfC\u00f3mo llegaron las rosas a Espa\u00f1a?<\/strong><\/h2>\n\n\n\n<div class=\"wp-block-media-text alignwide is-stacked-on-mobile is-style-default\" style=\"grid-template-columns:35% auto\"><figure class=\"wp-block-media-text__media\"><img loading=\"lazy\" decoding=\"async\" width=\"1000\" height=\"1000\" src=\"https:\/\/www.interflora.es\/blog\/wp-content\/uploads\/2024\/01\/rosas-rojas.jpg\" alt=\"\" class=\"wp-image-33562 size-full\" srcset=\"https:\/\/www.interflora.es\/blog\/wp-content\/uploads\/2024\/01\/rosas-rojas.jpg 1000w, https:\/\/www.interflora.es\/blog\/wp-content\/uploads\/2024\/01\/rosas-rojas-300x300.jpg 300w, https:\/\/www.interflora.es\/blog\/wp-content\/uploads\/2024\/01\/rosas-rojas-150x150.jpg 150w, https:\/\/www.interflora.es\/blog\/wp-content\/uploads\/2024\/01\/rosas-rojas-768x768.jpg 768w\" sizes=\"auto, (max-width: 1000px) 100vw, 1000px\" \/><\/figure><div class=\"wp-block-media-text__content\">\n<p>Aunque sin duda <strong>los romanos<\/strong> ya trajeron algunas variedades de rosas a la Pen\u00ednsula Ib\u00e9rica, se atribuye el cultivo y la introducci\u00f3n masiva de estas flores a <strong>los \u00e1rabes de Al-Andalus<\/strong>.<\/p>\n\n\n\n<p>Los rosales viajaron sin duda desde Persia hasta el Norte de \u00c1frica, llegando a los <strong>jardines arabo-andalus\u00edes<\/strong>, donde se desarrollaron una gran variedad de rosas. Usadas por sus propiedades medicinales y decorativas, llegaron a convertirse en una planta muy com\u00fan en Espa\u00f1a. <strong>Los jardines de Al-Andalus<\/strong> fueron un lugar de inspiraci\u00f3n para artistas y poetas, que admiraron la belleza y el perfume de sus rosas. Adem\u00e1s, los reyes musulmanes sol\u00edan regalar rosas a sus cortesanos, lo que ayud\u00f3 a aumentar su popularidad en el pa\u00eds. Un claro ejemplo de este tipo de jardines son los del palacio de la Alhambra, en Granada, que inspiraron cuentos tan hermosos como el de \u201cLa Rosa de la Alhambra\u201d, de Washington Irving.<\/p>\n<\/div><\/div>\n\n\n\n<div style=\"height:30px\" aria-hidden=\"true\" class=\"wp-block-spacer\"><\/div>\n\n\n\n<h3 class=\"wp-block-heading alignwide\"><strong>Flores populares en la Edad Media&#8230; <\/strong><\/h3>\n\n\n\n<p>Al igual que en el resto de Europa, durante la Edad Media las rosas se cultivaban principalmente en los jardines de los monasterios y palacios nobles, y se utilizaban para fines decorativos. Tambi\u00e9n se empleaban en medicina para tratar diferentes afecciones.<\/p>\n\n\n\n<h3 class=\"wp-block-heading alignwide\">&#8230;<strong>y el Renacimiento<\/strong><\/h3>\n\n\n\n<p>Tambi\u00e9n como en el resto de Europa, los jardines de rosas se volvieron cada vez m\u00e1s populares en Espa\u00f1a a partir del s.XVI, con la llegada del Renacimiento. Estos jardines, de clara inspiraci\u00f3n italiana, estaban decorados con distintas especies de rosas, que dieron lugar a nuevas variedades. Los jardines de los Reales Alc\u00e1zares de Sevilla o el Jard\u00edn de la Isla en Aranjuez son ejemplos de jardines renacentistas, con un claro protagonismo de las rosas de diversas variedades.<\/p>\n\n\n\n<p>En el siglo XVIII, el rey Felipe V mand\u00f3 construir el <strong>Palacio de la Granja de San Ildefonso<\/strong>. Sus jardines, de inspiraci\u00f3n francesa, han convertido a las rosas en su mayor atracci\u00f3n. Los jardineros del palacio cultivan desde rosas inglesas hasta un gran n\u00famero de rosas antiguas, muy raras y valiosas. En \u00e9poca de floraci\u00f3n, la Granja de San Ildefonso ofrece un espect\u00e1culo \u00fanico que merece la pena conocer.<\/p>\n\n\n\n<h2 class=\"wp-block-heading alignwide\"><strong>Rosas y personajes c\u00e9lebres<\/strong><\/h2>\n\n\n\n<p>Escritores, cantantes, actores, pol\u00edticos\u2026 \u00a1los cultivadores de rosas han rendido homenaje a numerosas personalidades a nivel internacional!&nbsp;Aqu\u00ed algunos ejemplos:<\/p>\n\n\n\n<ul class=\"wp-block-list\">\n<li>La rosa \u201cGina Lollobrigida\u201d (rosa amarilla)<\/li>\n\n\n\n<li>La Rosa \u201cMarilyn Monroe\u201d (color albaricoque-crema)<\/li>\n\n\n\n<li>La Rosa \u2018Maria Callas\u2019 (rosa indio intenso)<\/li>\n\n\n\n<li>La Rosa \u2018Catherine Deneuve\u2019 (rosa y naranja)<\/li>\n\n\n\n<li>La Rosa \u2018Queen Elizabeth\u2019 (color rosa profundo)<\/li>\n\n\n\n<li>La Rosa \u2018Louis de Fun\u00e8s\u2019 (naranja brillante)<\/li>\n\n\n\n<li>La Rosa \u2018Honor\u00e9 de Balzac\u2019 (color crema con bordes rosados)<\/li>\n\n\n\n<li>La Rosa \u2018Henri Matisse\u2019 (color rosa variado y carm\u00edn)<\/li>\n<\/ul>\n\n\n\n<div style=\"height:30px\" aria-hidden=\"true\" class=\"wp-block-spacer\"><\/div>\n\n\n\n<h2 class=\"wp-block-heading alignwide\"><strong>El nacimiento de las rosas modernas<\/strong><\/h2>\n\n\n\n<div class=\"wp-block-media-text alignwide has-media-on-the-right is-stacked-on-mobile is-style-default\" style=\"grid-template-columns:auto 35%\"><div class=\"wp-block-media-text__content\">\n<p>Lyon, ciudad francesa muy pr\u00f3spera, se convirti\u00f3 en la capital internacional de la rosa y cuna de numerosas variedades entre 1870 y 1914. La c\u00e9lebre variedad de rosa \u201cFrancia\u201d, obtenida en 1867 por Jean-Baptiste Guillot hijo, marc\u00f3 un hito en la historia de las rosas. Uniendo la fuerza de los h\u00edbridos multifloraci\u00f3n y la hermosura de los rosales t\u00e9, la \u201cFrancia\u201d fue el nacimiento de una nueva familia, la de los h\u00edbridos de t\u00e9, antepasados de la mayor\u00eda de las rosas de grandes flores modernas.<\/p>\n\n\n\n<p>Esta variedad supuso un gran cambio: se decidi\u00f3 oficialmente que todas las variedades de rosas que exist\u00edan antes de 1867 ser\u00edan llamadas \u201crosas antiguas\u201d, y las siguientes a esa fecha, entre las que se encuentran los h\u00edbridos de t\u00e9, ser\u00edan llamadas \u201crosas modernas\u201d. Sin embargo, ciertas rosas que entrar\u00edan en el grupo de las \u201cmodernas\u201d, conservan tantas caracter\u00edsticas de las antiguas que son consideradas como tales.&nbsp;<\/p>\n<\/div><figure class=\"wp-block-media-text__media\"><img loading=\"lazy\" decoding=\"async\" width=\"1000\" height=\"1000\" src=\"https:\/\/www.interflora.es\/blog\/wp-content\/uploads\/2024\/01\/ramo-de-rosas-rosas.jpg\" alt=\"\" class=\"wp-image-33563 size-full\" srcset=\"https:\/\/www.interflora.es\/blog\/wp-content\/uploads\/2024\/01\/ramo-de-rosas-rosas.jpg 1000w, https:\/\/www.interflora.es\/blog\/wp-content\/uploads\/2024\/01\/ramo-de-rosas-rosas-300x300.jpg 300w, https:\/\/www.interflora.es\/blog\/wp-content\/uploads\/2024\/01\/ramo-de-rosas-rosas-150x150.jpg 150w, https:\/\/www.interflora.es\/blog\/wp-content\/uploads\/2024\/01\/ramo-de-rosas-rosas-768x768.jpg 768w\" sizes=\"auto, (max-width: 1000px) 100vw, 1000px\" \/><\/figure><\/div>\n\n\n\n<div style=\"height:30px\" aria-hidden=\"true\" class=\"wp-block-spacer\"><\/div>\n\n\n\n<h2 class=\"wp-block-heading alignwide\"><strong>La rosa, una flor de leyenda<\/strong><\/h2>\n\n\n\n<p>Durante toda la historia, la reina de las flores ha maravillado al ser humano, lo que ha dado lugar a numerosos <a href=\"https:\/\/www.interflora.es\/blog\/mitos-y-leyendas-sobre-las-rosas\/\">mitos y leyendas sobre las rosas<\/a>:&nbsp;<\/p>\n\n\n\n<ul class=\"wp-block-list\">\n<li><strong>En la mitolog\u00eda griega<\/strong>, se atribuye el nacimiento de la rosa a Chloris (Flora para los romanos), diosa de las flores. Chloris se estaba paseando cuando encontr\u00f3 el cuerpo sin vida de una ninfa a la que quer\u00eda mucho. Para convertirla en la flor m\u00e1s bella, la transform\u00f3 en una rosa, y pidi\u00f3 a los otros dioses que le otorgaran parte de sus poderes. As\u00ed, Afrodita regal\u00f3 a la rosa la hermosura eterna; Dioniso la ungi\u00f3 de un n\u00e9ctar que le confiri\u00f3 el m\u00e1s suave de los perfumes y Las Tres Gracias a\u00f1adieron la alegr\u00eda, el encanto y el poder de deslumbrar\u2026<\/li>\n\n\n\n<li><strong>Para los romanos,<\/strong> la rosa naci\u00f3 de un espino que ayud\u00f3 al dios Baco a capturar a una ninfa que intentaba escapar de \u00e9l, enred\u00e1ndose en su velo. Para agradecer al arbusto su ayuda, este dios lo dot\u00f3 de unas espl\u00e9ndidas y arom\u00e1ticas flores.<br>La rosa roja est\u00e1 unida a Venus (Afrodita para los griegos), diosa romana del amor y de la belleza. Hay varias versiones de esta relaci\u00f3n. Seg\u00fan una de ellas, la diosa se habr\u00eda herido con la espina de una rosa blanca, y su sangre habr\u00eda transformado el color de la flor. Seg\u00fan otra versi\u00f3n, la rosa roja proceder\u00eda de un vaso de vino que Cupido, hijo de Venus, derram\u00f3 sobre la flor.<\/li>\n\n\n\n<li><strong>En la religi\u00f3n cristiana<\/strong>, la rosa est\u00e1 llena de s\u00edmbolos: en su versi\u00f3n roja es la expresi\u00f3n del martirio y de la sangre de Jesucristo y, en color blanco, representa a la Virgen Mar\u00eda.<\/li>\n<\/ul>\n\n\n\n<div style=\"height:5px\" aria-hidden=\"true\" class=\"wp-block-spacer\"><\/div>\n\n\n<div class=\"lp-produits-grid\"><div class=\"lp-produit\"><div class=\"lp-thumbnail-wrapper\"><img loading=\"lazy\" decoding=\"async\" width=\"300\" height=\"300\" src=\"https:\/\/www.interflora.es\/blog\/wp-content\/uploads\/2025\/10\/1753179643-rf044-hand-4-300x300.jpg\" class=\"attachment-medium size-medium wp-post-image\" alt=\"\" srcset=\"https:\/\/www.interflora.es\/blog\/wp-content\/uploads\/2025\/10\/1753179643-rf044-hand-4-300x300.jpg 300w, https:\/\/www.interflora.es\/blog\/wp-content\/uploads\/2025\/10\/1753179643-rf044-hand-4-1024x1024.jpg 1024w, https:\/\/www.interflora.es\/blog\/wp-content\/uploads\/2025\/10\/1753179643-rf044-hand-4-150x150.jpg 150w, https:\/\/www.interflora.es\/blog\/wp-content\/uploads\/2025\/10\/1753179643-rf044-hand-4-768x768.jpg 768w, https:\/\/www.interflora.es\/blog\/wp-content\/uploads\/2025\/10\/1753179643-rf044-hand-4-1536x1536.jpg 1536w, https:\/\/www.interflora.es\/blog\/wp-content\/uploads\/2025\/10\/1753179643-rf044-hand-4-2048x2048.jpg 2048w\" sizes=\"auto, (max-width: 300px) 100vw, 300px\" \/><img decoding=\"async\" class=\"lp-badge\" src=\"https:\/\/prodblog.interflora.es\/blog\/wp-content\/uploads\/2025\/04\/220422_INTERFLORA_Main_Logo_rgb_Main_Color.png\" alt=\"Entrega r\u00e1pida\"><\/div><span>Siempre Tu<\/span><p>29.99 \u20ac<\/p><span class=\"obf-link lp-cta\" role=\"link\" tabindex=\"0\" data-b64=\"aHR0cHM6Ly93d3cuaW50ZXJmbG9yYS5lcy9wL3NpZW1wcmUtdHUvMT91dG1fbWVkaXVtPW9yZ2FuaWMmdXRtX3NvdXJjZT1ibG9nX3Byb2R1Y3RzJnV0bV9jYW1wYWlnbj1SRjA0NA==\" data-target=\"_blank\"><svg xmlns=\"http:\/\/www.w3.org\/2000\/svg\" width=\"16\" height=\"16\" fill=\"currentColor\" class=\"bi bi-bag\" viewBox=\"0 0 16 16\"><path d=\"M8 1a2 2 0 0 1 2 2v1h2.5A1.5 1.5 0 0 1 14 5.5v8A1.5 1.5 0 0 1 12.5 15h-9A1.5 1.5 0 0 1 2 13.5v-8A1.5 1.5 0 0 1 3.5 3H6V2a2 2 0 0 1 2-1zm1 3V3a1 1 0 0 0-2 0v1h2z\"\/><\/svg>Comprar<\/span><p class=\"rapido\">Flores y plantas elegidas con mimo<\/p><\/div><div class=\"lp-produit\"><div class=\"lp-thumbnail-wrapper\"><img loading=\"lazy\" decoding=\"async\" width=\"300\" height=\"300\" src=\"https:\/\/www.interflora.es\/blog\/wp-content\/uploads\/2025\/04\/1706254067-treroserosse-hd-1-300x300.jpg\" class=\"attachment-medium size-medium wp-post-image\" alt=\"\" srcset=\"https:\/\/www.interflora.es\/blog\/wp-content\/uploads\/2025\/04\/1706254067-treroserosse-hd-1-300x300.jpg 300w, https:\/\/www.interflora.es\/blog\/wp-content\/uploads\/2025\/04\/1706254067-treroserosse-hd-1-1024x1024.jpg 1024w, https:\/\/www.interflora.es\/blog\/wp-content\/uploads\/2025\/04\/1706254067-treroserosse-hd-1-150x150.jpg 150w, https:\/\/www.interflora.es\/blog\/wp-content\/uploads\/2025\/04\/1706254067-treroserosse-hd-1-768x768.jpg 768w, https:\/\/www.interflora.es\/blog\/wp-content\/uploads\/2025\/04\/1706254067-treroserosse-hd-1.jpg 1400w\" sizes=\"auto, (max-width: 300px) 100vw, 300px\" \/><img decoding=\"async\" class=\"lp-badge\" src=\"https:\/\/prodblog.interflora.es\/blog\/wp-content\/uploads\/2025\/04\/220422_INTERFLORA_Main_Logo_rgb_Main_Color.png\" alt=\"Entrega r\u00e1pida\"><\/div><span>Tercia<\/span><p>27.99 \u20ac<\/p><span class=\"obf-link lp-cta\" role=\"link\" tabindex=\"0\" data-b64=\"aHR0cHM6Ly93d3cuaW50ZXJmbG9yYS5lcy9wLzMtcm9zYXMtcm9qYXMtZGUtdGFsbG8tbGFyZ28vMT91dG1fbWVkaXVtPW9yZ2FuaWMmdXRtX3NvdXJjZT1ibG9nX3Byb2R1Y3RzJnV0bV9jYW1wYWlnbj1SMDEwMQ==\" data-target=\"_blank\"><svg xmlns=\"http:\/\/www.w3.org\/2000\/svg\" width=\"16\" height=\"16\" fill=\"currentColor\" class=\"bi bi-bag\" viewBox=\"0 0 16 16\"><path d=\"M8 1a2 2 0 0 1 2 2v1h2.5A1.5 1.5 0 0 1 14 5.5v8A1.5 1.5 0 0 1 12.5 15h-9A1.5 1.5 0 0 1 2 13.5v-8A1.5 1.5 0 0 1 3.5 3H6V2a2 2 0 0 1 2-1zm1 3V3a1 1 0 0 0-2 0v1h2z\"\/><\/svg>Comprar<\/span><p class=\"rapido\">Entrega urgente<\/p><\/div><div class=\"lp-produit\"><div class=\"lp-thumbnail-wrapper\"><img loading=\"lazy\" decoding=\"async\" width=\"300\" height=\"300\" src=\"https:\/\/www.interflora.es\/blog\/wp-content\/uploads\/2025\/04\/1709032355-12redroses-hd-1-300x300.jpg\" class=\"attachment-medium size-medium wp-post-image\" alt=\"\" srcset=\"https:\/\/www.interflora.es\/blog\/wp-content\/uploads\/2025\/04\/1709032355-12redroses-hd-1-300x300.jpg 300w, https:\/\/www.interflora.es\/blog\/wp-content\/uploads\/2025\/04\/1709032355-12redroses-hd-1-1024x1024.jpg 1024w, https:\/\/www.interflora.es\/blog\/wp-content\/uploads\/2025\/04\/1709032355-12redroses-hd-1-150x150.jpg 150w, https:\/\/www.interflora.es\/blog\/wp-content\/uploads\/2025\/04\/1709032355-12redroses-hd-1-768x768.jpg 768w, https:\/\/www.interflora.es\/blog\/wp-content\/uploads\/2025\/04\/1709032355-12redroses-hd-1-1536x1536.jpg 1536w, https:\/\/www.interflora.es\/blog\/wp-content\/uploads\/2025\/04\/1709032355-12redroses-hd-1.jpg 1999w\" sizes=\"auto, (max-width: 300px) 100vw, 300px\" \/><img decoding=\"async\" class=\"lp-badge\" src=\"https:\/\/prodblog.interflora.es\/blog\/wp-content\/uploads\/2025\/04\/220422_INTERFLORA_Main_Logo_rgb_Main_Color.png\" alt=\"Entrega r\u00e1pida\"><\/div><span>Amor<\/span><p>64.99 \u20ac<\/p><span class=\"obf-link lp-cta\" role=\"link\" tabindex=\"0\" data-b64=\"aHR0cHM6Ly93d3cuaW50ZXJmbG9yYS5lcy9wLzEyLXJvc2FzLXJvamFzLWRlLXRhbGxvLWxhcmdvLzE\/dXRtX21lZGl1bT1vcmdhbmljJnV0bV9zb3VyY2U9YmxvZ19wcm9kdWN0cyZ1dG1fY2FtcGFpZ249UjAxMDM=\" data-target=\"_blank\"><svg xmlns=\"http:\/\/www.w3.org\/2000\/svg\" width=\"16\" height=\"16\" fill=\"currentColor\" class=\"bi bi-bag\" viewBox=\"0 0 16 16\"><path d=\"M8 1a2 2 0 0 1 2 2v1h2.5A1.5 1.5 0 0 1 14 5.5v8A1.5 1.5 0 0 1 12.5 15h-9A1.5 1.5 0 0 1 2 13.5v-8A1.5 1.5 0 0 1 3.5 3H6V2a2 2 0 0 1 2-1zm1 3V3a1 1 0 0 0-2 0v1h2z\"\/><\/svg>Comprar<\/span><p class=\"rapido\">Flores y plantas elegidas con mimo<\/p><\/div><div class=\"lp-produit\"><div class=\"lp-thumbnail-wrapper\"><img loading=\"lazy\" decoding=\"async\" width=\"300\" height=\"300\" src=\"https:\/\/www.interflora.es\/blog\/wp-content\/uploads\/2025\/04\/1729015617-rf004s-rosas-a-la-carta-300x300.jpg\" class=\"attachment-medium size-medium wp-post-image\" alt=\"\" srcset=\"https:\/\/www.interflora.es\/blog\/wp-content\/uploads\/2025\/04\/1729015617-rf004s-rosas-a-la-carta-300x300.jpg 300w, https:\/\/www.interflora.es\/blog\/wp-content\/uploads\/2025\/04\/1729015617-rf004s-rosas-a-la-carta-1024x1024.jpg 1024w, https:\/\/www.interflora.es\/blog\/wp-content\/uploads\/2025\/04\/1729015617-rf004s-rosas-a-la-carta-150x150.jpg 150w, https:\/\/www.interflora.es\/blog\/wp-content\/uploads\/2025\/04\/1729015617-rf004s-rosas-a-la-carta-768x768.jpg 768w, https:\/\/www.interflora.es\/blog\/wp-content\/uploads\/2025\/04\/1729015617-rf004s-rosas-a-la-carta.jpg 1200w\" sizes=\"auto, (max-width: 300px) 100vw, 300px\" \/><img decoding=\"async\" class=\"lp-badge\" src=\"https:\/\/prodblog.interflora.es\/blog\/wp-content\/uploads\/2025\/04\/220422_INTERFLORA_Main_Logo_rgb_Main_Color.png\" alt=\"Entrega r\u00e1pida\"><\/div><span>El N\u00famero Perfecto<\/span><p>35 \u20ac<\/p><span class=\"obf-link lp-cta\" role=\"link\" tabindex=\"0\" data-b64=\"aHR0cHM6Ly93d3cuaW50ZXJmbG9yYS5lcy9wL3Jvc2FzLXByZW1pdW0vMT91dG1fbWVkaXVtPW9yZ2FuaWMmdXRtX3NvdXJjZT1ibG9nX3Byb2R1Y3RzJnV0bV9jYW1wYWlnbj1SMDEyNw==\" data-target=\"_blank\"><svg xmlns=\"http:\/\/www.w3.org\/2000\/svg\" width=\"16\" height=\"16\" fill=\"currentColor\" class=\"bi bi-bag\" viewBox=\"0 0 16 16\"><path d=\"M8 1a2 2 0 0 1 2 2v1h2.5A1.5 1.5 0 0 1 14 5.5v8A1.5 1.5 0 0 1 12.5 15h-9A1.5 1.5 0 0 1 2 13.5v-8A1.5 1.5 0 0 1 3.5 3H6V2a2 2 0 0 1 2-1zm1 3V3a1 1 0 0 0-2 0v1h2z\"\/><\/svg>Comprar<\/span><p class=\"rapido\">Entrega urgente<\/p><\/div><\/div>\n\n\n\n<div style=\"height:5px\" aria-hidden=\"true\" class=\"wp-block-spacer\"><\/div>\n\n\n\n<div class=\"wp-block-buttons is-content-justification-center is-layout-flex wp-container-core-buttons-is-layout-a89b3969 wp-block-buttons-is-layout-flex\">\n<div class=\"wp-block-button\"><a class=\"wp-block-button__link has-text-align-center wp-element-button\" href=\"https:\/\/www.interflora.es\/c\/rosas?utm_source=blog&amp;utm_medium=organic&amp;utm_campaign=post-cta\">Enviar rosas a domicilio<\/a><\/div>\n<\/div>\n\n\n\n<div style=\"height:5px\" aria-hidden=\"true\" class=\"wp-block-spacer\"><\/div>\n\n\n\n<div style=\"height:30px\" aria-hidden=\"true\" class=\"wp-block-spacer\"><\/div>\n\n\n\n<h2 class=\"wp-block-heading alignwide\"><strong>La rosa en la literatura y en el arte<\/strong><\/h2>\n\n\n\n<p>La rosa ha inspirado durante siglos a los mayores artistas y escritores, que han visto en esta flor un emblema del amor verdadero y una alegor\u00eda de la fragilidad del ser humano ante el paso del tiempo.<\/p>\n\n\n\n<h3 class=\"wp-block-heading alignwide\"><strong>La rosa en la literatura<\/strong><\/h3>\n\n\n\n<p>El poeta persa Saadi, la poetisa griega Safo, Shakespeare, Apollinaire, Verlaine, Anna de Noailles, Rilke, Garcia Lorca\u2026 los poetas m\u00e1s c\u00e9lebres han homenajeado, a trav\u00e9s de los siglos, la gracia delicada de la rosa, met\u00e1fora del ser amado, pero tambi\u00e9n del tiempo que pasa:<\/p>\n\n\n\n<ul class=\"wp-block-list\">\n<li>En la Il\u00edada y la Odisea de <strong>Homero<\/strong> ya se evoca a esta flor, presente tambi\u00e9n en Las Metamorfosis de <strong>Ovidio,<\/strong> que la asocia a la diosa Aurora, as\u00ed como en la obra de Safo y de Aquiles Tacio, que dice de ella: \u201c<em>Si Zeus hubiera querido dar un rey a las flores, es la rosa la que reinar\u00eda sobre ellas. Es el adorno de la Tierra, la gloria de las plantas; es el ojo de las flores, el rojo de los campos. Es la hermosura en todo su esplendor; respira amor, es la mensajera de Afrodita\u201d <\/em>(El Libro de Leucipo y Clitof\u00f3n, s.II \u2013 III a.C). Atributo de la diosa Afrodita, la rosa es, desde entonces, el s\u00edmbolo del amor y de la hermosura.<\/li>\n\n\n\n<li><strong><em>Le Roman de la Rose (El libro de la Rosa)<\/em><\/strong>, escrito por Guillaume de Loris hacia 1230 y continuado por Jean de Meung, constituye la obra m\u00e1s c\u00e9lebre de la Edad Media. En este poema aleg\u00f3rico, la rosa es el objetivo de toda b\u00fasqueda, el s\u00edmbolo del ser amado.<\/li>\n\n\n\n<li>La rosa tambi\u00e9n tiene un gran protagonismo en la obra m\u00e1s universal de la literatura espa\u00f1ola, <strong>Don Quijote de la Mancha.<\/strong> Cervantes utiliza esta flor como s\u00edmbolo del amor sincero, de la pureza y de la caballerosidad, aunque tambi\u00e9n puede simbolizar las dificultades y los obst\u00e1culos que se encuentran en el camino hacia la consecuci\u00f3n de un objetivo. As\u00ed, Don Quijote compara a su idealizada Dulcinea con una rosa, diciendo: \u201c<em>la naturaleza, para darle m\u00e1s encanto, le puso espinas<\/em>\u201d.<\/li>\n<\/ul>\n\n\n\n<div style=\"height:30px\" aria-hidden=\"true\" class=\"wp-block-spacer\"><\/div>\n\n\n\n<h3 class=\"wp-block-heading alignwide\"><strong><strong><strong>La rosa en el origen del arte<\/strong><\/strong><\/strong><\/h3>\n\n\n\n<div class=\"wp-block-media-text alignwide has-media-on-the-right is-stacked-on-mobile is-style-default\" style=\"grid-template-columns:auto 40%\"><div class=\"wp-block-media-text__content\">\n<p>La primera representaci\u00f3n de rosas pintadas se descubri\u00f3 en 1900 en los restos del palacio de Cnosos en Creta, en el <strong>\u201cFresco del p\u00e1jaro azul\u201d,<\/strong> que data del a\u00f1o 2000 a.C. La rosa est\u00e1 presente en monedas del 500 a.C., encontradas en la isla griega de Rodas. Se sabe que tanto griegos como romanos ornamentaban sus edificios con <strong>representaciones de rosas y otras flores.<\/strong> Igual que en la literatura, la reina de las flores <strong>representa el amor en la pintura<\/strong>, aunque tambi\u00e9n la <strong>fragilidad de la vida y los sentimientos<\/strong>. En la religi\u00f3n cristiana, la rosa evoca el amor universal y puro, por lo que se la relaciona con la Virgen Mar\u00eda. Sin embargo, al principio de la era cristiana, los Padres de la Iglesia (Clemente de Alejandr\u00eda y Tertuliano) prohibieron la representaci\u00f3n de flores en la iconograf\u00eda religiosa. San Paulino de Nola retir\u00f3 esta prohibici\u00f3n m\u00e1s tarde para la rosa.<\/p>\n<\/div><figure class=\"wp-block-media-text__media\"><img loading=\"lazy\" decoding=\"async\" width=\"600\" height=\"400\" src=\"https:\/\/www.interflora.es\/blog\/wp-content\/uploads\/pintura-con-rosas.jpg\" alt=\"Pintura con rosas\" class=\"wp-image-16213 size-full\" srcset=\"https:\/\/www.interflora.es\/blog\/wp-content\/uploads\/pintura-con-rosas.jpg 600w, https:\/\/www.interflora.es\/blog\/wp-content\/uploads\/pintura-con-rosas-300x200.jpg 300w\" sizes=\"auto, (max-width: 600px) 100vw, 600px\" \/><\/figure><\/div>\n\n\n\n<div style=\"height:30px\" aria-hidden=\"true\" class=\"wp-block-spacer\"><\/div>\n\n\n\n<h3 class=\"wp-block-heading alignwide\"><strong>La rosa en la pintura cl\u00e1sica e impresionista<\/strong><\/h3>\n\n\n\n<p>Pierre-Joseph Redout\u00e9 (1759-1840), cre\u00f3 su famosa obra <strong><em>Les Roses<\/em><\/strong> (Las Rosas) ilustrando los textos del experto en rosas Claude-Antoine Thory con aguafuertes punteados de colores. Para sus acuarelas, de una minuciosidad casi bot\u00e1nica, se inspir\u00f3 en la colecci\u00f3n de la Malmaison perteneciente a la Emperatriz Josefina, de la que era pintor de c\u00e1mara.<\/p>\n\n\n\n<p><strong>Numerosos pintores, de muchas \u00e9pocas diferentes, se han inspirado en las rosas<\/strong>. Es el caso de Sandro Botticelli y su <em>Nacimiento de Venus<\/em> (1485), Vincent Van Gogh y sus <em>Rosales en flor <\/em>(1889), o los impresionistas franceses Edouard Manet y su cuadro \u201c<em>Rosas en una copa de champ\u00e1n\u201d <\/em>de 1881, Pierre-Auguste Renoir con \u201c<em>Rosas y jazm\u00edn en un jarr\u00f3n de Delft\u201d<\/em> (1881) o Claude Monet y \u201c<em>El Rosal\u201d<\/em>. La rosa tambi\u00e9n est\u00e1 muy presente en los bodegones de los pintores flamencos y holandeses del s. XVII.<\/p>\n\n\n\n<h2 class=\"wp-block-heading alignwide\"><strong>El aceite esencial de rosa<\/strong><\/h2>\n\n\n\n<p>La rosa es una de las primeras fragancias utilizadas en la perfumer\u00eda. Ya los romanos extra\u00edan el aceite esencial de esta flor y consum\u00edan muchas rosas, sobre todo por su perfume. Estos amantes de lo refinado sab\u00edan muy bien qu\u00e9 hacer con p\u00e9talos de rosa, y los utilizaban para rellenar cojines, perfumar sus ba\u00f1os\u2026 Su esencia se utilizaba a menudo en los rituales amorosos. Se dice que Cleopatra y Marco Antonio pasaron su primera noche de amor en un lecho de p\u00e9talos de rosas de 45 cm de grosor.<\/p>\n\n\n\n<p>La principal variedad que se usa en perfumer\u00eda es la <strong>Rosa de Damasco<\/strong> y, en menor cantidad, la centifolia. Las cualidades olfativas de la <strong>centifolia de Grasse<\/strong> son tales, que las grandes marcas de lujo como Chanel o Dior la utilizan en sus perfumes. Sin embargo, actualmente se emplean sustitutos sint\u00e9ticos, que permiten prescindir de los aceites esenciales en el perfume.<\/p>\n\n\n\n<h3 class=\"wp-block-heading alignwide\"><strong><strong>Obtenci\u00f3n y propiedades de la esencia de rosa<\/strong><\/strong><\/h3>\n\n\n\n<p><strong>El aceite esencial de rosa, o esencia de rosa<\/strong>, se obtiene mediante un proceso de <strong>destilaci\u00f3n al vapor<\/strong>, lo que permite reciclar la sustancia extra\u00edda en forma de agua de rosas, pero tambi\u00e9n <strong>por enfloraci\u00f3n <\/strong>(extracci\u00f3n en fr\u00edo), un m\u00e9todo que capta la esencia gracias a la materia grasa, de la que se extraer\u00e1 primero el \u201cconcreto\u201d y m\u00e1s tarde el \u201cabsoluto\u201d. El aceite esencial de rosa es muy caro, ya que hace falta m\u00e1s de una tonelada de rosas para obtener 100 g del elixir.<\/p>\n\n\n\n<p><br>Las propiedades de la rosa son suavizantes, astringentes, tonificantes y regenerantes, y forma parte de productos de belleza como lociones calmantes y antiedad. Tambi\u00e9n se usa<strong> en farmacolog\u00eda<\/strong> por sus virtudes cicatrizantes y hemost\u00e1ticas. Ayuda a curar la gingivitis, las \u00falceras bucales, las anginas, las peque\u00f1as quemaduras e irritaciones cut\u00e1neas o los trastornos intestinales. Se puede utilizar en masaje, en el ba\u00f1o, en inhalaciones o g\u00e1rgaras. Sin embargo, recomendamos primero pedir consejo a un profesional.<\/p>\n\n\n\n<h2 class=\"wp-block-heading alignwide\"><strong>La rosa en el lenguaje de las flores<\/strong><\/h2>\n\n\n\n<div class=\"wp-block-media-text is-stacked-on-mobile is-style-default\" style=\"grid-template-columns:40% auto\"><figure class=\"wp-block-media-text__media\"><img loading=\"lazy\" decoding=\"async\" width=\"1000\" height=\"678\" src=\"https:\/\/www.interflora.es\/blog\/wp-content\/uploads\/2024\/01\/couple-1.jpg\" alt=\"\" class=\"wp-image-33564 size-full\" srcset=\"https:\/\/www.interflora.es\/blog\/wp-content\/uploads\/2024\/01\/couple-1.jpg 1000w, https:\/\/www.interflora.es\/blog\/wp-content\/uploads\/2024\/01\/couple-1-300x203.jpg 300w, https:\/\/www.interflora.es\/blog\/wp-content\/uploads\/2024\/01\/couple-1-768x521.jpg 768w\" sizes=\"auto, (max-width: 1000px) 100vw, 1000px\" \/><\/figure><div class=\"wp-block-media-text__content\">\n<p>Alabada por los poetas, la rosa se ha convertido en la <strong>alegor\u00eda del amor<\/strong>, poderoso y fr\u00e1gil al mismo tiempo, de la fragilidad misma de la vida, de la perfecci\u00f3n imposible de alcanzar, pero tambi\u00e9n en la personificaci\u00f3n misma de la persona amada. Como regalo, la rosa permite expresar todos los matices del sentimiento amoroso. Tiene su propio lenguaje basado en su color y n\u00famero. \u00a1Descubre las reglas que debes saber a la hora de regalar rosas seg\u00fan su <a href=\"https:\/\/www.interflora.es\/blog\/el-significado-del-color-de-las-rosas\/\">significado<\/a>!<\/p>\n<\/div><\/div>\n\n\n\n<div style=\"height:5px\" aria-hidden=\"true\" class=\"wp-block-spacer\"><\/div>\n\n\n\n<h2 class=\"wp-block-heading alignwide\"><strong>El cuidado de los rosales<\/strong><\/h2>\n\n\n\n<p>Algunos de los tipos de rosales m\u00e1s comunes son:<\/p>\n\n\n\n<ul class=\"wp-block-list\">\n<li><strong>Los rosales matorral:<\/strong> engloban a los h\u00edbridos de t\u00e9, que tienen grandes flores dobles y a los rosales matorral, con flores agrupadas (Polyanthas, Floribundas, Grandiflora) en cada tallo. De una altura m\u00e1xima de 1,50 m, se utilizan mucho para los macizos de los jardines.<\/li>\n\n\n\n<li><strong>Los rosales arbustivos (o paisaj\u00edsticos):<\/strong> tienen flores simples y pueden llegar a medir 1,80 m de alto. Son perfectos para plantarlos aislados o para crear setos floridos.<\/li>\n\n\n\n<li><strong>Los rosales tapizantes:<\/strong> son rastreros y no superan los 60 cm de alto. Se extienden a lo largo de 2 m y como su nombre indica, cubren los suelos a la perfecci\u00f3n en rocallas o arriates.<\/li>\n\n\n\n<li><strong>Los rosales trepadores:<\/strong> pueden llegar hasta los 6 m de altura. No son plantas trepadoras ni se adhieren a ninguna parte, pero s\u00ed&nbsp;<strong>admiten ser guiados y atados<\/strong>&nbsp;a un determinado soporte. Son perfectos para embellecer una celos\u00eda, un enrejado o una p\u00e9rgola.<\/li>\n<\/ul>\n\n\n\n<div style=\"height:20px\" aria-hidden=\"true\" class=\"wp-block-spacer\"><\/div>\n\n\n\n<p>Estas plantas necesitan luz, por lo que es mejor buscarles un lugar soleado. Aqu\u00ed te dejamos algunas reglas b\u00e1sicas que te ayudar\u00e1n a cuidarlos. Recuerda que, seg\u00fan el tipo de rosal, quiz\u00e1s debas aplicar algunos cuidados espec\u00edficos:<\/p>\n\n\n\n<h3 class=\"wp-block-heading alignwide\"><strong>Riego<\/strong><\/h3>\n\n\n\n<p>Los rosales tienen una ventaja importante: poseen un sistema de ra\u00edces muy profundas. Los rosales que ya est\u00e1n bien desarrollados son aut\u00f3nomos y no necesitan mucho riego, ya que buscar\u00e1n el agua en el suelo. En cambio, hay que ayudar con un poquito de riego a aquellos que acabas de plantar, hasta que sus ra\u00edces se desarrollen. Ri\u00e9galos peri\u00f3dicamente, evitando mojar sus hojas. Tambi\u00e9n puedes poner paja en el suelo, alrededor de la planta, para mantener un buen nivel de humedad hasta el pr\u00f3ximo riego.<\/p>\n\n\n\n<div class=\"wp-block-columns alignwide is-layout-flex wp-container-core-columns-is-layout-28f84493 wp-block-columns-is-layout-flex\">\n<div class=\"wp-block-column is-layout-flow wp-block-column-is-layout-flow\">\n<h3 class=\"wp-block-heading\"><strong> Las malas hierbas<\/strong><\/h3>\n\n\n\n<p>Es muy aconsejable retirar con frecuencia las malas hierbas que puedan crecer a los pies de tu rosal. Evita los herbicidas, ya que los rosales no los soportan muy bien.<\/p>\n<\/div>\n\n\n\n<div class=\"wp-block-column is-layout-flow wp-block-column-is-layout-flow\">\n<h3 class=\"wp-block-heading\"><strong>Remueve la tierra <\/strong><\/h3>\n\n\n\n<p>Puedes cavar y remover la tierra alrededor del pie de tu rosal entre marzo y septiembre, para permitir que el agua penetre mejor.&nbsp;<\/p>\n<\/div>\n<\/div>\n\n\n\n<div class=\"wp-block-columns alignwide is-layout-flex wp-container-core-columns-is-layout-28f84493 wp-block-columns-is-layout-flex\">\n<div class=\"wp-block-column is-layout-flow wp-block-column-is-layout-flow\">\n<h3 class=\"wp-block-heading\"><strong>Abono<\/strong><\/h3>\n\n\n\n<p>Es importante abonar tus rosales. Para ello, elige un abono especial para rosales que puedes utilizar en primavera, cuando est\u00e9n en flor, y de nuevo en julio para los rosales multifloraci\u00f3n. Reparte el abono por la tierra removida y h\u00fameda. Tambi\u00e9n puedes rodear el pie del rosal con 2 cm de compost.<\/p>\n<\/div>\n\n\n\n<div class=\"wp-block-column is-layout-flow wp-block-column-is-layout-flow\">\n<h3 class=\"wp-block-heading\"><strong>Poda<\/strong><\/h3>\n\n\n\n<p>Es una etapa primordial para favorecer la nueva floraci\u00f3n. Elimina las hojas muertas, las ramas que podr\u00edan perjudicar a la planta y las que no producen flores, y conserva las ramas m\u00e1s fuertes. Sin embargo, ten en cuenta que la poda debe adaptarse a cada tipo de rosal.<\/p>\n<\/div>\n<\/div>\n\n\n\n<figure class=\"wp-block-image aligncenter size-full is-resized is-style-default\"><img loading=\"lazy\" decoding=\"async\" width=\"666\" height=\"436\" src=\"https:\/\/www.interflora.es\/blog\/wp-content\/uploads\/2024\/01\/couple-valentines-day-1.jpg\" alt=\"\" class=\"wp-image-33568\" style=\"width:600px\" srcset=\"https:\/\/www.interflora.es\/blog\/wp-content\/uploads\/2024\/01\/couple-valentines-day-1.jpg 666w, https:\/\/www.interflora.es\/blog\/wp-content\/uploads\/2024\/01\/couple-valentines-day-1-300x196.jpg 300w\" sizes=\"auto, (max-width: 666px) 100vw, 666px\" \/><\/figure>\n\n\n\n<div style=\"height:30px\" aria-hidden=\"true\" class=\"wp-block-spacer\"><\/div>\n\n\n\n<h2 class=\"wp-block-heading has-text-align-center\"><strong>Adem\u00e1s, \u00bfsab\u00edas qu\u00e9\u2026?<\/strong><\/h2>\n\n\n\n<pre class=\"wp-block-verse\"><strong>La rosa es la flor nacional de muchos pa\u00edses<\/strong>: Inglaterra (rosa Tudor), Bulgaria, Estados Unidos, Finlandia (rosa blanca), Irak, las Islas Maldivas, Ruman\u00eda\u2026\nLa rosa est\u00e1 en muchas expresiones de la lengua espa\u00f1ola: \u201cun camino de rosas\u201d (algo f\u00e1cil); \u201cestar como una rosa\u201d (estar muy bien); \u201cirse de rositas\u201d (salir indemne de algo); \u201cno hay rosa sin espinas\u201d (aunque algo parezca positivo, esconde algo negativo).<\/pre>\n\n\n\n<div style=\"height:30px\" aria-hidden=\"true\" class=\"wp-block-spacer\"><\/div>\n\n\n\n<div style=\"height:5px\" aria-hidden=\"true\" class=\"wp-block-spacer\"><\/div>\n\n\n<div class=\"lp-produits-grid\"><div class=\"lp-produit\"><div class=\"lp-thumbnail-wrapper\"><img loading=\"lazy\" decoding=\"async\" width=\"300\" height=\"300\" src=\"https:\/\/www.interflora.es\/blog\/wp-content\/uploads\/2025\/10\/1753179643-rf044-hand-4-300x300.jpg\" class=\"attachment-medium size-medium wp-post-image\" alt=\"\" srcset=\"https:\/\/www.interflora.es\/blog\/wp-content\/uploads\/2025\/10\/1753179643-rf044-hand-4-300x300.jpg 300w, https:\/\/www.interflora.es\/blog\/wp-content\/uploads\/2025\/10\/1753179643-rf044-hand-4-1024x1024.jpg 1024w, https:\/\/www.interflora.es\/blog\/wp-content\/uploads\/2025\/10\/1753179643-rf044-hand-4-150x150.jpg 150w, https:\/\/www.interflora.es\/blog\/wp-content\/uploads\/2025\/10\/1753179643-rf044-hand-4-768x768.jpg 768w, https:\/\/www.interflora.es\/blog\/wp-content\/uploads\/2025\/10\/1753179643-rf044-hand-4-1536x1536.jpg 1536w, https:\/\/www.interflora.es\/blog\/wp-content\/uploads\/2025\/10\/1753179643-rf044-hand-4-2048x2048.jpg 2048w\" sizes=\"auto, (max-width: 300px) 100vw, 300px\" \/><img decoding=\"async\" class=\"lp-badge\" src=\"https:\/\/prodblog.interflora.es\/blog\/wp-content\/uploads\/2025\/04\/220422_INTERFLORA_Main_Logo_rgb_Main_Color.png\" alt=\"Entrega r\u00e1pida\"><\/div><span>Siempre Tu<\/span><p>29.99 \u20ac<\/p><span class=\"obf-link lp-cta\" role=\"link\" tabindex=\"0\" data-b64=\"aHR0cHM6Ly93d3cuaW50ZXJmbG9yYS5lcy9wL3NpZW1wcmUtdHUvMT91dG1fbWVkaXVtPW9yZ2FuaWMmdXRtX3NvdXJjZT1ibG9nX3Byb2R1Y3RzJnV0bV9jYW1wYWlnbj1SRjA0NA==\" data-target=\"_blank\"><svg xmlns=\"http:\/\/www.w3.org\/2000\/svg\" width=\"16\" height=\"16\" fill=\"currentColor\" class=\"bi bi-bag\" viewBox=\"0 0 16 16\"><path d=\"M8 1a2 2 0 0 1 2 2v1h2.5A1.5 1.5 0 0 1 14 5.5v8A1.5 1.5 0 0 1 12.5 15h-9A1.5 1.5 0 0 1 2 13.5v-8A1.5 1.5 0 0 1 3.5 3H6V2a2 2 0 0 1 2-1zm1 3V3a1 1 0 0 0-2 0v1h2z\"\/><\/svg>Comprar<\/span><p class=\"rapido\">Entrega urgente<\/p><\/div><div class=\"lp-produit\"><div class=\"lp-thumbnail-wrapper\"><img loading=\"lazy\" decoding=\"async\" width=\"300\" height=\"300\" src=\"https:\/\/www.interflora.es\/blog\/wp-content\/uploads\/2025\/04\/1706254067-treroserosse-hd-1-300x300.jpg\" class=\"attachment-medium size-medium wp-post-image\" alt=\"\" srcset=\"https:\/\/www.interflora.es\/blog\/wp-content\/uploads\/2025\/04\/1706254067-treroserosse-hd-1-300x300.jpg 300w, https:\/\/www.interflora.es\/blog\/wp-content\/uploads\/2025\/04\/1706254067-treroserosse-hd-1-1024x1024.jpg 1024w, https:\/\/www.interflora.es\/blog\/wp-content\/uploads\/2025\/04\/1706254067-treroserosse-hd-1-150x150.jpg 150w, https:\/\/www.interflora.es\/blog\/wp-content\/uploads\/2025\/04\/1706254067-treroserosse-hd-1-768x768.jpg 768w, https:\/\/www.interflora.es\/blog\/wp-content\/uploads\/2025\/04\/1706254067-treroserosse-hd-1.jpg 1400w\" sizes=\"auto, (max-width: 300px) 100vw, 300px\" \/><img decoding=\"async\" class=\"lp-badge\" src=\"https:\/\/prodblog.interflora.es\/blog\/wp-content\/uploads\/2025\/04\/220422_INTERFLORA_Main_Logo_rgb_Main_Color.png\" alt=\"Entrega r\u00e1pida\"><\/div><span>Tercia<\/span><p>27.99 \u20ac<\/p><span class=\"obf-link lp-cta\" role=\"link\" tabindex=\"0\" data-b64=\"aHR0cHM6Ly93d3cuaW50ZXJmbG9yYS5lcy9wLzMtcm9zYXMtcm9qYXMtZGUtdGFsbG8tbGFyZ28vMT91dG1fbWVkaXVtPW9yZ2FuaWMmdXRtX3NvdXJjZT1ibG9nX3Byb2R1Y3RzJnV0bV9jYW1wYWlnbj1SMDEwMQ==\" data-target=\"_blank\"><svg xmlns=\"http:\/\/www.w3.org\/2000\/svg\" width=\"16\" height=\"16\" fill=\"currentColor\" class=\"bi bi-bag\" viewBox=\"0 0 16 16\"><path d=\"M8 1a2 2 0 0 1 2 2v1h2.5A1.5 1.5 0 0 1 14 5.5v8A1.5 1.5 0 0 1 12.5 15h-9A1.5 1.5 0 0 1 2 13.5v-8A1.5 1.5 0 0 1 3.5 3H6V2a2 2 0 0 1 2-1zm1 3V3a1 1 0 0 0-2 0v1h2z\"\/><\/svg>Comprar<\/span><p class=\"rapido\">Flores y plantas elegidas con mimo<\/p><\/div><div class=\"lp-produit\"><div class=\"lp-thumbnail-wrapper\"><img loading=\"lazy\" decoding=\"async\" width=\"300\" height=\"300\" src=\"https:\/\/www.interflora.es\/blog\/wp-content\/uploads\/2025\/04\/1709032355-12redroses-hd-1-300x300.jpg\" class=\"attachment-medium size-medium wp-post-image\" alt=\"\" srcset=\"https:\/\/www.interflora.es\/blog\/wp-content\/uploads\/2025\/04\/1709032355-12redroses-hd-1-300x300.jpg 300w, https:\/\/www.interflora.es\/blog\/wp-content\/uploads\/2025\/04\/1709032355-12redroses-hd-1-1024x1024.jpg 1024w, https:\/\/www.interflora.es\/blog\/wp-content\/uploads\/2025\/04\/1709032355-12redroses-hd-1-150x150.jpg 150w, https:\/\/www.interflora.es\/blog\/wp-content\/uploads\/2025\/04\/1709032355-12redroses-hd-1-768x768.jpg 768w, https:\/\/www.interflora.es\/blog\/wp-content\/uploads\/2025\/04\/1709032355-12redroses-hd-1-1536x1536.jpg 1536w, https:\/\/www.interflora.es\/blog\/wp-content\/uploads\/2025\/04\/1709032355-12redroses-hd-1.jpg 1999w\" sizes=\"auto, (max-width: 300px) 100vw, 300px\" \/><img decoding=\"async\" class=\"lp-badge\" src=\"https:\/\/prodblog.interflora.es\/blog\/wp-content\/uploads\/2025\/04\/220422_INTERFLORA_Main_Logo_rgb_Main_Color.png\" alt=\"Entrega r\u00e1pida\"><\/div><span>Amor<\/span><p>64.99 \u20ac<\/p><span class=\"obf-link lp-cta\" role=\"link\" tabindex=\"0\" data-b64=\"aHR0cHM6Ly93d3cuaW50ZXJmbG9yYS5lcy9wLzEyLXJvc2FzLXJvamFzLWRlLXRhbGxvLWxhcmdvLzE\/dXRtX21lZGl1bT1vcmdhbmljJnV0bV9zb3VyY2U9YmxvZ19wcm9kdWN0cyZ1dG1fY2FtcGFpZ249UjAxMDM=\" data-target=\"_blank\"><svg xmlns=\"http:\/\/www.w3.org\/2000\/svg\" width=\"16\" height=\"16\" fill=\"currentColor\" class=\"bi bi-bag\" viewBox=\"0 0 16 16\"><path d=\"M8 1a2 2 0 0 1 2 2v1h2.5A1.5 1.5 0 0 1 14 5.5v8A1.5 1.5 0 0 1 12.5 15h-9A1.5 1.5 0 0 1 2 13.5v-8A1.5 1.5 0 0 1 3.5 3H6V2a2 2 0 0 1 2-1zm1 3V3a1 1 0 0 0-2 0v1h2z\"\/><\/svg>Comprar<\/span><p class=\"rapido\">Selecci\u00f3n Interflora<\/p><\/div><div class=\"lp-produit\"><div class=\"lp-thumbnail-wrapper\"><img loading=\"lazy\" decoding=\"async\" width=\"300\" height=\"300\" src=\"https:\/\/www.interflora.es\/blog\/wp-content\/uploads\/2025\/04\/1729015617-rf004s-rosas-a-la-carta-300x300.jpg\" class=\"attachment-medium size-medium wp-post-image\" alt=\"\" srcset=\"https:\/\/www.interflora.es\/blog\/wp-content\/uploads\/2025\/04\/1729015617-rf004s-rosas-a-la-carta-300x300.jpg 300w, https:\/\/www.interflora.es\/blog\/wp-content\/uploads\/2025\/04\/1729015617-rf004s-rosas-a-la-carta-1024x1024.jpg 1024w, https:\/\/www.interflora.es\/blog\/wp-content\/uploads\/2025\/04\/1729015617-rf004s-rosas-a-la-carta-150x150.jpg 150w, https:\/\/www.interflora.es\/blog\/wp-content\/uploads\/2025\/04\/1729015617-rf004s-rosas-a-la-carta-768x768.jpg 768w, https:\/\/www.interflora.es\/blog\/wp-content\/uploads\/2025\/04\/1729015617-rf004s-rosas-a-la-carta.jpg 1200w\" sizes=\"auto, (max-width: 300px) 100vw, 300px\" \/><img decoding=\"async\" class=\"lp-badge\" src=\"https:\/\/prodblog.interflora.es\/blog\/wp-content\/uploads\/2025\/04\/220422_INTERFLORA_Main_Logo_rgb_Main_Color.png\" alt=\"Entrega r\u00e1pida\"><\/div><span>El N\u00famero Perfecto<\/span><p>35 \u20ac<\/p><span class=\"obf-link lp-cta\" role=\"link\" tabindex=\"0\" data-b64=\"aHR0cHM6Ly93d3cuaW50ZXJmbG9yYS5lcy9wL3Jvc2FzLXByZW1pdW0vMT91dG1fbWVkaXVtPW9yZ2FuaWMmdXRtX3NvdXJjZT1ibG9nX3Byb2R1Y3RzJnV0bV9jYW1wYWlnbj1SMDEyNw==\" data-target=\"_blank\"><svg xmlns=\"http:\/\/www.w3.org\/2000\/svg\" width=\"16\" height=\"16\" fill=\"currentColor\" class=\"bi bi-bag\" viewBox=\"0 0 16 16\"><path d=\"M8 1a2 2 0 0 1 2 2v1h2.5A1.5 1.5 0 0 1 14 5.5v8A1.5 1.5 0 0 1 12.5 15h-9A1.5 1.5 0 0 1 2 13.5v-8A1.5 1.5 0 0 1 3.5 3H6V2a2 2 0 0 1 2-1zm1 3V3a1 1 0 0 0-2 0v1h2z\"\/><\/svg>Comprar<\/span><p class=\"rapido\">Selecci\u00f3n Interflora<\/p><\/div><\/div>\n\n\n\n<div style=\"height:5px\" aria-hidden=\"true\" class=\"wp-block-spacer\"><\/div>\n\n\n\n<div class=\"wp-block-buttons is-content-justification-center is-layout-flex wp-container-core-buttons-is-layout-a89b3969 wp-block-buttons-is-layout-flex\">\n<div class=\"wp-block-button\"><a class=\"wp-block-button__link has-text-align-center wp-element-button\" href=\"https:\/\/www.interflora.es\/c\/rosas\/ramos-de-rosas-para-san-valentin-636?utm_source=blog&amp;utm_medium=organic&amp;utm_campaign=post-cta\">Ramos de rosas para San Valent\u00edn<\/a><\/div>\n<\/div>\n\n\n\n<p><\/p>\n","protected":false},"excerpt":{"rendered":"<p>La rosa es una flor que fascina desde el principio de los tiempos. A lo largo de la historia, los [&hellip;]<\/p>\n","protected":false},"author":13,"featured_media":13867,"comment_status":"open","ping_status":"open","sticky":false,"template":"","format":"standard","meta":{"_acf_changed":false,"_uag_custom_page_level_css":"","site-sidebar-layout":"default","site-content-layout":"","ast-site-content-layout":"default","site-content-style":"default","site-sidebar-style":"default","ast-global-header-display":"","ast-banner-title-visibility":"","ast-main-header-display":"","ast-hfb-above-header-display":"","ast-hfb-below-header-display":"","ast-hfb-mobile-header-display":"","site-post-title":"","ast-breadcrumbs-content":"","ast-featured-img":"","footer-sml-layout":"","theme-transparent-header-meta":"","adv-header-id-meta":"","stick-header-meta":"","header-above-stick-meta":"","header-main-stick-meta":"","header-below-stick-meta":"","astra-migrate-meta-layouts":"set","ast-page-background-enabled":"default","ast-page-background-meta":{"desktop":{"background-color":"var(--ast-global-color-5)","background-image":"","background-repeat":"repeat","background-position":"center center","background-size":"auto","background-attachment":"scroll","background-type":"","background-media":"","overlay-type":"","overlay-color":"","overlay-opacity":"","overlay-gradient":""},"tablet":{"background-color":"","background-image":"","background-repeat":"repeat","background-position":"center center","background-size":"auto","background-attachment":"scroll","background-type":"","background-media":"","overlay-type":"","overlay-color":"","overlay-opacity":"","overlay-gradient":""},"mobile":{"background-color":"","background-image":"","background-repeat":"repeat","background-position":"center center","background-size":"auto","background-attachment":"scroll","background-type":"","background-media":"","overlay-type":"","overlay-color":"","overlay-opacity":"","overlay-gradient":""}},"ast-content-background-meta":{"desktop":{"background-color":"var(--ast-global-color-4)","background-image":"","background-repeat":"repeat","background-position":"center center","background-size":"auto","background-attachment":"scroll","background-type":"","background-media":"","overlay-type":"","overlay-color":"","overlay-opacity":"","overlay-gradient":""},"tablet":{"background-color":"var(--ast-global-color-4)","background-image":"","background-repeat":"repeat","background-position":"center center","background-size":"auto","background-attachment":"scroll","background-type":"","background-media":"","overlay-type":"","overlay-color":"","overlay-opacity":"","overlay-gradient":""},"mobile":{"background-color":"var(--ast-global-color-4)","background-image":"","background-repeat":"repeat","background-position":"center center","background-size":"auto","background-attachment":"scroll","background-type":"","background-media":"","overlay-type":"","overlay-color":"","overlay-opacity":"","overlay-gradient":""}},"footnotes":""},"categories":[33,28,29,38],"tags":[37],"class_list":["post-13844","post","type-post","status-publish","format-standard","has-post-thumbnail","hentry","category-curiosidades","category-flores-y-plantas","category-interflora-academy","category-rosas","tag-rosas"],"acf":[],"yoast_head":"<!-- This site is optimized with the Yoast SEO plugin v27.5 - https:\/\/yoast.com\/product\/yoast-seo-wordpress\/ -->\n<title>Todo sobre la rosa\ud83c\udf39la reina de las flores | Interflora<\/title>\n<meta name=\"description\" content=\"A lo largo de la historia, la rosa ha fascinado al ser humano, que la considera la reina de las flores. Te explicamos todo lo que hay que saber sobre esta flor.\" \/>\n<meta name=\"robots\" content=\"index, follow, max-snippet:-1, max-image-preview:large, max-video-preview:-1\" \/>\n<link rel=\"canonical\" href=\"https:\/\/www.interflora.es\/blog\/la-rosa-reina-de-las-flores\/\" \/>\n<script type=\"application\/ld+json\" class=\"yoast-schema-graph\">{\"@context\":\"https:\\\/\\\/schema.org\",\"@graph\":[{\"@type\":\"Article\",\"@id\":\"https:\\\/\\\/www.interflora.es\\\/blog\\\/la-rosa-reina-de-las-flores\\\/#article\",\"isPartOf\":{\"@id\":\"https:\\\/\\\/www.interflora.es\\\/blog\\\/la-rosa-reina-de-las-flores\\\/\"},\"author\":{\"name\":\"Interflora\",\"@id\":\"https:\\\/\\\/www.interflora.es\\\/blog\\\/#\\\/schema\\\/person\\\/e3ecff50262948e365b92682cdc2a9d1\"},\"headline\":\"La rosa, \u00a1reina de las flores!\",\"datePublished\":\"2025-12-28T11:30:00+00:00\",\"dateModified\":\"2026-01-13T10:34:09+00:00\",\"mainEntityOfPage\":{\"@id\":\"https:\\\/\\\/www.interflora.es\\\/blog\\\/la-rosa-reina-de-las-flores\\\/\"},\"wordCount\":3521,\"commentCount\":0,\"publisher\":{\"@id\":\"https:\\\/\\\/www.interflora.es\\\/blog\\\/#organization\"},\"image\":{\"@id\":\"https:\\\/\\\/www.interflora.es\\\/blog\\\/la-rosa-reina-de-las-flores\\\/#primaryimage\"},\"thumbnailUrl\":\"https:\\\/\\\/www.interflora.es\\\/blog\\\/wp-content\\\/uploads\\\/rosa-reina-flores.jpg\",\"keywords\":[\"rosas\"],\"articleSection\":[\"Curiosidades\",\"Flores y plantas\",\"Interflora Academy\",\"Rosas\"],\"inLanguage\":\"es\",\"potentialAction\":[{\"@type\":\"CommentAction\",\"name\":\"Comment\",\"target\":[\"https:\\\/\\\/www.interflora.es\\\/blog\\\/la-rosa-reina-de-las-flores\\\/#respond\"]}]},{\"@type\":\"WebPage\",\"@id\":\"https:\\\/\\\/www.interflora.es\\\/blog\\\/la-rosa-reina-de-las-flores\\\/\",\"url\":\"https:\\\/\\\/www.interflora.es\\\/blog\\\/la-rosa-reina-de-las-flores\\\/\",\"name\":\"Todo sobre la rosa\ud83c\udf39la reina de las flores | Interflora\",\"isPartOf\":{\"@id\":\"https:\\\/\\\/www.interflora.es\\\/blog\\\/#website\"},\"primaryImageOfPage\":{\"@id\":\"https:\\\/\\\/www.interflora.es\\\/blog\\\/la-rosa-reina-de-las-flores\\\/#primaryimage\"},\"image\":{\"@id\":\"https:\\\/\\\/www.interflora.es\\\/blog\\\/la-rosa-reina-de-las-flores\\\/#primaryimage\"},\"thumbnailUrl\":\"https:\\\/\\\/www.interflora.es\\\/blog\\\/wp-content\\\/uploads\\\/rosa-reina-flores.jpg\",\"datePublished\":\"2025-12-28T11:30:00+00:00\",\"dateModified\":\"2026-01-13T10:34:09+00:00\",\"description\":\"A lo largo de la historia, la rosa ha fascinado al ser humano, que la considera la reina de las flores. Te explicamos todo lo que hay que saber sobre esta flor.\",\"breadcrumb\":{\"@id\":\"https:\\\/\\\/www.interflora.es\\\/blog\\\/la-rosa-reina-de-las-flores\\\/#breadcrumb\"},\"inLanguage\":\"es\",\"potentialAction\":[{\"@type\":\"ReadAction\",\"target\":[\"https:\\\/\\\/www.interflora.es\\\/blog\\\/la-rosa-reina-de-las-flores\\\/\"]}]},{\"@type\":\"ImageObject\",\"inLanguage\":\"es\",\"@id\":\"https:\\\/\\\/www.interflora.es\\\/blog\\\/la-rosa-reina-de-las-flores\\\/#primaryimage\",\"url\":\"https:\\\/\\\/www.interflora.es\\\/blog\\\/wp-content\\\/uploads\\\/rosa-reina-flores.jpg\",\"contentUrl\":\"https:\\\/\\\/www.interflora.es\\\/blog\\\/wp-content\\\/uploads\\\/rosa-reina-flores.jpg\",\"width\":2560,\"height\":1594},{\"@type\":\"BreadcrumbList\",\"@id\":\"https:\\\/\\\/www.interflora.es\\\/blog\\\/la-rosa-reina-de-las-flores\\\/#breadcrumb\",\"itemListElement\":[{\"@type\":\"ListItem\",\"position\":1,\"name\":\"Home\",\"item\":\"https:\\\/\\\/www.interflora.es\\\/blog\\\/\"},{\"@type\":\"ListItem\",\"position\":2,\"name\":\"La rosa, \u00a1reina de las flores!\"}]},{\"@type\":\"WebSite\",\"@id\":\"https:\\\/\\\/www.interflora.es\\\/blog\\\/#website\",\"url\":\"https:\\\/\\\/www.interflora.es\\\/blog\\\/\",\"name\":\"El blog de Interflora : consejos, ideas e inspiraci\u00f3n para disfrutar de las flores y las plantas\",\"description\":\"\",\"publisher\":{\"@id\":\"https:\\\/\\\/www.interflora.es\\\/blog\\\/#organization\"},\"potentialAction\":[{\"@type\":\"SearchAction\",\"target\":{\"@type\":\"EntryPoint\",\"urlTemplate\":\"https:\\\/\\\/www.interflora.es\\\/blog\\\/?s={search_term_string}\"},\"query-input\":{\"@type\":\"PropertyValueSpecification\",\"valueRequired\":true,\"valueName\":\"search_term_string\"}}],\"inLanguage\":\"es\"},{\"@type\":\"Organization\",\"@id\":\"https:\\\/\\\/www.interflora.es\\\/blog\\\/#organization\",\"name\":\"El blog de Interflora : consejos, ideas e inspiraci\u00f3n para disfrutar de las flores y las plantas\",\"url\":\"https:\\\/\\\/www.interflora.es\\\/blog\\\/\",\"logo\":{\"@type\":\"ImageObject\",\"inLanguage\":\"es\",\"@id\":\"https:\\\/\\\/www.interflora.es\\\/blog\\\/#\\\/schema\\\/logo\\\/image\\\/\",\"url\":\"https:\\\/\\\/www.interflora.es\\\/blog\\\/wp-content\\\/uploads\\\/2025\\\/10\\\/cropped-220422_INTERFLORA_Logo_rgb_Half_Top_Circle_Main_Color.png\",\"contentUrl\":\"https:\\\/\\\/www.interflora.es\\\/blog\\\/wp-content\\\/uploads\\\/2025\\\/10\\\/cropped-220422_INTERFLORA_Logo_rgb_Half_Top_Circle_Main_Color.png\",\"width\":1418,\"height\":659,\"caption\":\"El blog de Interflora : consejos, ideas e inspiraci\u00f3n para disfrutar de las flores y las plantas\"},\"image\":{\"@id\":\"https:\\\/\\\/www.interflora.es\\\/blog\\\/#\\\/schema\\\/logo\\\/image\\\/\"}},{\"@type\":\"Person\",\"@id\":\"https:\\\/\\\/www.interflora.es\\\/blog\\\/#\\\/schema\\\/person\\\/e3ecff50262948e365b92682cdc2a9d1\",\"name\":\"Interflora\",\"image\":{\"@type\":\"ImageObject\",\"inLanguage\":\"es\",\"@id\":\"https:\\\/\\\/www.interflora.es\\\/blog\\\/wp-content\\\/litespeed\\\/avatar\\\/ef0a9e22ccabc545011ca74a630eaf3e.jpg?ver=1777555250\",\"url\":\"https:\\\/\\\/www.interflora.es\\\/blog\\\/wp-content\\\/litespeed\\\/avatar\\\/ef0a9e22ccabc545011ca74a630eaf3e.jpg?ver=1777555250\",\"contentUrl\":\"https:\\\/\\\/www.interflora.es\\\/blog\\\/wp-content\\\/litespeed\\\/avatar\\\/ef0a9e22ccabc545011ca74a630eaf3e.jpg?ver=1777555250\",\"caption\":\"Interflora\"}}]}<\/script>\n<!-- \/ Yoast SEO plugin. -->","yoast_head_json":{"title":"Todo sobre la rosa\ud83c\udf39la reina de las flores | Interflora","description":"A lo largo de la historia, la rosa ha fascinado al ser humano, que la considera la reina de las flores. Te explicamos todo lo que hay que saber sobre esta flor.","robots":{"index":"index","follow":"follow","max-snippet":"max-snippet:-1","max-image-preview":"max-image-preview:large","max-video-preview":"max-video-preview:-1"},"canonical":"https:\/\/www.interflora.es\/blog\/la-rosa-reina-de-las-flores\/","schema":{"@context":"https:\/\/schema.org","@graph":[{"@type":"Article","@id":"https:\/\/www.interflora.es\/blog\/la-rosa-reina-de-las-flores\/#article","isPartOf":{"@id":"https:\/\/www.interflora.es\/blog\/la-rosa-reina-de-las-flores\/"},"author":{"name":"Interflora","@id":"https:\/\/www.interflora.es\/blog\/#\/schema\/person\/e3ecff50262948e365b92682cdc2a9d1"},"headline":"La rosa, \u00a1reina de las flores!","datePublished":"2025-12-28T11:30:00+00:00","dateModified":"2026-01-13T10:34:09+00:00","mainEntityOfPage":{"@id":"https:\/\/www.interflora.es\/blog\/la-rosa-reina-de-las-flores\/"},"wordCount":3521,"commentCount":0,"publisher":{"@id":"https:\/\/www.interflora.es\/blog\/#organization"},"image":{"@id":"https:\/\/www.interflora.es\/blog\/la-rosa-reina-de-las-flores\/#primaryimage"},"thumbnailUrl":"https:\/\/www.interflora.es\/blog\/wp-content\/uploads\/rosa-reina-flores.jpg","keywords":["rosas"],"articleSection":["Curiosidades","Flores y plantas","Interflora Academy","Rosas"],"inLanguage":"es","potentialAction":[{"@type":"CommentAction","name":"Comment","target":["https:\/\/www.interflora.es\/blog\/la-rosa-reina-de-las-flores\/#respond"]}]},{"@type":"WebPage","@id":"https:\/\/www.interflora.es\/blog\/la-rosa-reina-de-las-flores\/","url":"https:\/\/www.interflora.es\/blog\/la-rosa-reina-de-las-flores\/","name":"Todo sobre la rosa\ud83c\udf39la reina de las flores | Interflora","isPartOf":{"@id":"https:\/\/www.interflora.es\/blog\/#website"},"primaryImageOfPage":{"@id":"https:\/\/www.interflora.es\/blog\/la-rosa-reina-de-las-flores\/#primaryimage"},"image":{"@id":"https:\/\/www.interflora.es\/blog\/la-rosa-reina-de-las-flores\/#primaryimage"},"thumbnailUrl":"https:\/\/www.interflora.es\/blog\/wp-content\/uploads\/rosa-reina-flores.jpg","datePublished":"2025-12-28T11:30:00+00:00","dateModified":"2026-01-13T10:34:09+00:00","description":"A lo largo de la historia, la rosa ha fascinado al ser humano, que la considera la reina de las flores. Te explicamos todo lo que hay que saber sobre esta flor.","breadcrumb":{"@id":"https:\/\/www.interflora.es\/blog\/la-rosa-reina-de-las-flores\/#breadcrumb"},"inLanguage":"es","potentialAction":[{"@type":"ReadAction","target":["https:\/\/www.interflora.es\/blog\/la-rosa-reina-de-las-flores\/"]}]},{"@type":"ImageObject","inLanguage":"es","@id":"https:\/\/www.interflora.es\/blog\/la-rosa-reina-de-las-flores\/#primaryimage","url":"https:\/\/www.interflora.es\/blog\/wp-content\/uploads\/rosa-reina-flores.jpg","contentUrl":"https:\/\/www.interflora.es\/blog\/wp-content\/uploads\/rosa-reina-flores.jpg","width":2560,"height":1594},{"@type":"BreadcrumbList","@id":"https:\/\/www.interflora.es\/blog\/la-rosa-reina-de-las-flores\/#breadcrumb","itemListElement":[{"@type":"ListItem","position":1,"name":"Home","item":"https:\/\/www.interflora.es\/blog\/"},{"@type":"ListItem","position":2,"name":"La rosa, \u00a1reina de las flores!"}]},{"@type":"WebSite","@id":"https:\/\/www.interflora.es\/blog\/#website","url":"https:\/\/www.interflora.es\/blog\/","name":"El blog de Interflora : consejos, ideas e inspiraci\u00f3n para disfrutar de las flores y las plantas","description":"","publisher":{"@id":"https:\/\/www.interflora.es\/blog\/#organization"},"potentialAction":[{"@type":"SearchAction","target":{"@type":"EntryPoint","urlTemplate":"https:\/\/www.interflora.es\/blog\/?s={search_term_string}"},"query-input":{"@type":"PropertyValueSpecification","valueRequired":true,"valueName":"search_term_string"}}],"inLanguage":"es"},{"@type":"Organization","@id":"https:\/\/www.interflora.es\/blog\/#organization","name":"El blog de Interflora : consejos, ideas e inspiraci\u00f3n para disfrutar de las flores y las plantas","url":"https:\/\/www.interflora.es\/blog\/","logo":{"@type":"ImageObject","inLanguage":"es","@id":"https:\/\/www.interflora.es\/blog\/#\/schema\/logo\/image\/","url":"https:\/\/www.interflora.es\/blog\/wp-content\/uploads\/2025\/10\/cropped-220422_INTERFLORA_Logo_rgb_Half_Top_Circle_Main_Color.png","contentUrl":"https:\/\/www.interflora.es\/blog\/wp-content\/uploads\/2025\/10\/cropped-220422_INTERFLORA_Logo_rgb_Half_Top_Circle_Main_Color.png","width":1418,"height":659,"caption":"El blog de Interflora : consejos, ideas e inspiraci\u00f3n para disfrutar de las flores y las plantas"},"image":{"@id":"https:\/\/www.interflora.es\/blog\/#\/schema\/logo\/image\/"}},{"@type":"Person","@id":"https:\/\/www.interflora.es\/blog\/#\/schema\/person\/e3ecff50262948e365b92682cdc2a9d1","name":"Interflora","image":{"@type":"ImageObject","inLanguage":"es","@id":"https:\/\/www.interflora.es\/blog\/wp-content\/litespeed\/avatar\/ef0a9e22ccabc545011ca74a630eaf3e.jpg?ver=1777555250","url":"https:\/\/www.interflora.es\/blog\/wp-content\/litespeed\/avatar\/ef0a9e22ccabc545011ca74a630eaf3e.jpg?ver=1777555250","contentUrl":"https:\/\/www.interflora.es\/blog\/wp-content\/litespeed\/avatar\/ef0a9e22ccabc545011ca74a630eaf3e.jpg?ver=1777555250","caption":"Interflora"}}]}},"uagb_featured_image_src":{"full":["https:\/\/www.interflora.es\/blog\/wp-content\/uploads\/rosa-reina-flores.jpg",2560,1594,false],"thumbnail":["https:\/\/www.interflora.es\/blog\/wp-content\/uploads\/rosa-reina-flores-150x150.jpg",150,150,true],"medium":["https:\/\/www.interflora.es\/blog\/wp-content\/uploads\/rosa-reina-flores-300x187.jpg",300,187,true],"medium_large":["https:\/\/www.interflora.es\/blog\/wp-content\/uploads\/rosa-reina-flores-768x478.jpg",768,478,true],"large":["https:\/\/www.interflora.es\/blog\/wp-content\/uploads\/rosa-reina-flores-1024x638.jpg",1024,638,true],"1536x1536":["https:\/\/www.interflora.es\/blog\/wp-content\/uploads\/rosa-reina-flores-1536x956.jpg",1536,956,true],"2048x2048":["https:\/\/www.interflora.es\/blog\/wp-content\/uploads\/rosa-reina-flores-2048x1275.jpg",2048,1275,true]},"uagb_author_info":{"display_name":"Interflora","author_link":"https:\/\/www.interflora.es\/blog\/author\/interflora\/"},"uagb_comment_info":26,"uagb_excerpt":"La rosa es una flor que fascina desde el principio de los tiempos. A lo largo de la historia, los [&hellip;]","_links":{"self":[{"href":"https:\/\/www.interflora.es\/blog\/wp-json\/wp\/v2\/posts\/13844","targetHints":{"allow":["GET"]}}],"collection":[{"href":"https:\/\/www.interflora.es\/blog\/wp-json\/wp\/v2\/posts"}],"about":[{"href":"https:\/\/www.interflora.es\/blog\/wp-json\/wp\/v2\/types\/post"}],"author":[{"embeddable":true,"href":"https:\/\/www.interflora.es\/blog\/wp-json\/wp\/v2\/users\/13"}],"replies":[{"embeddable":true,"href":"https:\/\/www.interflora.es\/blog\/wp-json\/wp\/v2\/comments?post=13844"}],"version-history":[{"count":3,"href":"https:\/\/www.interflora.es\/blog\/wp-json\/wp\/v2\/posts\/13844\/revisions"}],"predecessor-version":[{"id":33571,"href":"https:\/\/www.interflora.es\/blog\/wp-json\/wp\/v2\/posts\/13844\/revisions\/33571"}],"wp:featuredmedia":[{"embeddable":true,"href":"https:\/\/www.interflora.es\/blog\/wp-json\/wp\/v2\/media\/13867"}],"wp:attachment":[{"href":"https:\/\/www.interflora.es\/blog\/wp-json\/wp\/v2\/media?parent=13844"}],"wp:term":[{"taxonomy":"category","embeddable":true,"href":"https:\/\/www.interflora.es\/blog\/wp-json\/wp\/v2\/categories?post=13844"},{"taxonomy":"post_tag","embeddable":true,"href":"https:\/\/www.interflora.es\/blog\/wp-json\/wp\/v2\/tags?post=13844"}],"curies":[{"name":"wp","href":"https:\/\/api.w.org\/{rel}","templated":true}]}}